{"id":183055,"date":"2017-03-07T22:24:23","date_gmt":"2017-03-07T22:24:23","guid":{"rendered":"https:\/\/www.meydan.tv\/article\/serhedsiz-reportyorlar-mehman-huseynovun-hebsi-ile-bagli-eli-hesenova-cavab-verdi\/"},"modified":"2017-03-07T22:24:23","modified_gmt":"2017-03-07T22:24:23","slug":"serhedsiz-reportyorlar-mehman-huseynovun-hebsi-ile-bagli-eli-hesenova-cavab-verdi","status":"publish","type":"post","link":"https:\/\/www.meydan.tv\/az\/article\/serhedsiz-reportyorlar-mehman-huseynovun-hebsi-ile-bagli-eli-hesenova-cavab-verdi\/","title":{"rendered":"S\u0259rh\u0259dsiz Reportyorlar Mehman H\u00fcseynovun h\u0259bsi il\u0259 ba\u011fl\u0131 \u018fli H\u0259s\u0259nova cavab verdi"},"content":{"rendered":"<figure class=\"wp-block-image size-large\">\n  <img decoding=\"async\" src=\"https:\/\/www.meydan.tv\/az\/serhedsiz-reportyorlar-teskilatinin-london-burosunun-direktoru-rebekka-vinsent\/\" alt=\"S\u0259rh\u0259dsiz Reportyorlar T\u0259\u015fkilat\u0131n\u0131n London b\u00fcrosunun direktoru Rebekka Vinsent\" class=\"wp-image-66591\"\/><figcaption>\n    S\u0259rh\u0259dsiz Reportyorlar T\u0259\u015fkilat\u0131n\u0131n London b\u00fcrosunun direktoru Rebekka Vinsent<br \/>\n  <\/figcaption><\/figure>\n<p>\n  <i><br \/>\n    S\u0259rh\u0259dsiz Reportyorlar T\u0259\u015fkilat\u0131n\u0131n London b\u00fcrosunun direktoru Rebekka Vincent Meydan TV-y\u0259 m\u00fcsahib\u0259sind\u0259 tan\u0131nm\u0131\u015f bloqer Mehman H\u00fcseynovun h\u0259bsinin \u00f6lk\u0259d\u0259 t\u0259nqidi s\u0259sl\u0259rin susdurulmas\u0131na y\u00f6n\u0259l\u0259n daha geni\u015f kampaniyan\u0131n bir hiss\u0259si oldu\u011funu bildirib.<br \/>\n  <\/i>\n<\/p>\n<p>\n  &#8211; S\u0259rh\u0259dsiz Reportyorlar T\u0259\u015fkilat\u0131nda biz Mehman H\u00fcseynovun ba\u015f\u0131na g\u0259l\u0259nl\u0259ri \u00f6yr\u0259nm\u0259kd\u0259n \u00e7ox narahat olduq. O, bizim \u00e7oxdank\u0131 h\u0259mkarlar\u0131m\u0131zdan biridir. Biz ona qar\u015f\u0131 \u0259vv\u0259l t\u0259tbiq olunan m\u0259hdudiyy\u0259tl\u0259r\u0259 d\u0259 reaksiya vermi\u015fik. Ona h\u0259r\u0259k\u0259t m\u0259hdudiyy\u0259tind\u0259n ba\u015flam\u0131\u015f i\u015fg\u0259nc\u0259y\u0259 dair \u0259vv\u0259lki x\u0259b\u0259rl\u0259r d\u0259 daxil olmaqla, m\u00fcxt\u0259lif t\u0259zyiq vasit\u0259l\u0259ri t\u0259tbiq olunmaqdad\u0131r. Onun h\u0259bsi indiy\u0259d\u0259k bu t\u0259zyiql\u0259rin \u0259n a\u011f\u0131r\u0131d\u0131r. Bu g\u00fcn ondan ba\u015fqa Az\u0259rbaycanda az\u0131ndan daha 13 jurnalist, m\u0259tbuat i\u015f\u00e7isi v\u0259 bloqqer d\u0259 d\u0259mir barmaql\u0131qlar arxas\u0131ndad\u0131r. Biz onun v\u0259 dig\u0259r h\u0259bsd\u0259 olan jurnalistl\u0259rin d\u0259rhal v\u0259 \u015f\u0259rtsiz azad olunmas\u0131na \u00e7a\u011f\u0131rm\u0131\u015f\u0131q.\n<\/p>\n<p>\n  <b><br \/>\n    &#8211; Az\u0259rbaycanda prezident aparat\u0131n\u0131n ictimai-siyasi \u015f\u00f6b\u0259sinin r\u0259hb\u0259ri \u018fli H\u0259s\u0259nov Mehman H\u00fcseynovun i\u015fini siyasil\u0259\u015fdirm\u0259m\u0259y\u0259 \u00e7a\u011f\u0131r\u0131b. Sizin buna reaksiyan\u0131z?<br \/>\n  <\/b>\n<\/p>\n<p>\n  &#8211; He\u00e7 k\u0259s Mehman H\u00fcseynovun i\u015fini siyasil\u0259\u015fdirmir, lakin b\u0259lli olan odur ki, Az\u0259rbaycan r\u0259hb\u0259rliyi m\u00fct\u0259madi olaraq, m\u0259tbuata qar\u015f\u0131 t\u0259zyiq i\u015fl\u0259tm\u0259kd\u0259dir. Bu h\u0259bs \u00f6lk\u0259d\u0259 t\u0259nqidi s\u0259sl\u0259rin susdurulmas\u0131na y\u00f6n\u0259l\u0259n daha geni\u015f kampaniyan\u0131n bir hiss\u0259sidir. 100-d\u0259n \u00e7ox siyasi m\u0259hbusun olmas\u0131 bar\u0259d\u0259 x\u0259b\u0259rl\u0259r verilir. Y\u0259ni bu, yaln\u0131z jurnalistl\u0259rin m\u0259s\u0259l\u0259si deyil. \u00d6lk\u0259d\u0259 a\u00e7\u0131q-ayd\u0131n t\u0259nqid ed\u0259nl\u0259ri susdurmaq c\u0259hdl\u0259ri g\u00f6r\u00fcnm\u0259kd\u0259dir. Odur ki, m\u0259s\u0259l\u0259nin siyasil\u0259\u015fdirilm\u0259sin\u0259 dair h\u0259r hans\u0131 ittihamlar\u0131 el\u0259 hakimiyy\u0259tin \u00f6z\u00fcn\u0259 y\u00f6n\u0259ltm\u0259k olar.\n<\/p>\n<p>\n  <b><br \/>\n    &#8211; Mehman H\u00fcseynov 3 ildir ki, \u015f\u0259xsiyy\u0259tini t\u0259sdiq ed\u0259n s\u0259n\u0259di olmad\u0131\u011f\u0131ndan m\u00fcalic\u0259 ala bilmirdi. Sizc\u0259 bu m\u0259s\u0259l\u0259 il\u0259 ba\u011fl\u0131 n\u0259 etm\u0259k olar?<br \/>\n  <\/b>\n<\/p>\n<p>\n  &#8211; \u0130ndi bu \u0259vv\u0259lkind\u0259n d\u0259 daha vacib m\u0259s\u0259l\u0259 olacaq, \u00e7\u00fcnki indi o, h\u0259bsxanadad\u0131r. \u018fvv\u0259ld\u0259n m\u00f6vcud olan tibbi probleml\u0259r t\u0259cridxanada daha da a\u011f\u0131rla\u015fa bilir. Bu m\u0259s\u0259l\u0259 beyn\u0259lxalq ictimaiyy\u0259t \u00fc\u00e7\u00fcn prioritet olmal\u0131d\u0131r v\u0259 h\u0259bsxana r\u0259hb\u0259rliyi onun keyfiyy\u0259tli tibbi m\u00fcalic\u0259y\u0259 \u00e7\u0131x\u0131\u015f\u0131n\u0131 t\u0259min etm\u0259lidir.\n<\/p>\n<p>\n  <b><br \/>\n    &#8211; Sizc\u0259 beyn\u0259lxalq ictimaiyy\u0259t Mehman H\u00fcseynovun azad edilm\u0259si \u00fc\u00e7\u00fcn n\u0259 ed\u0259 bil\u0259r?<br \/>\n  <\/b>\n<\/p>\n<p>\n  &#8211; \u018fvv\u0259la, bu bar\u0259d\u0259 dan\u0131\u015fmaq. Biz h\u0259l\u0259 ki, Q\u0259rb siyas\u0259t\u00e7il\u0259ri t\u0259r\u0259find\u0259n xeyli b\u0259yanat g\u00f6rm\u0259mi\u015fik. Bu h\u0259bsi pisl\u0259y\u0259n v\u0259 Mehman\u0131n azad olunmas\u0131n\u0131 t\u0259l\u0259b ed\u0259n g\u00fccl\u00fc b\u0259yanatlar verilm\u0259lidir. B\u0259z\u0259n g\u00f6r\u00fcrs\u00fcz ki, Avropa Birliyinin v\u0259 ya Az\u0259rbaycanla ikit\u0259r\u0259fli m\u00fcnasib\u0259tl\u0259r\u0259 malik olan \u00f6lk\u0259l\u0259r \u00f6z narahatl\u0131qlar\u0131n\u0131 ifad\u0259 edirl\u0259r, lakin azad olunmas\u0131n\u0131 t\u0259l\u0259b etmirl\u0259r. Biz Mehman\u0131n d\u0259rhal azad olunmas\u0131na \u00e7a\u011f\u0131rmal\u0131y\u0131q. Biz eyni zamanda Az\u0259rbaycan\u0131n \u00f6z beyn\u0259lxalq \u0259m\u0259ll\u0259rin\u0259 g\u00f6r\u0259 cavab verm\u0259sini g\u00f6rm\u0259k ist\u0259rdik. Az\u0259rbaycan r\u0259hb\u0259rliyi hara gedirs\u0259, onlar\u0131n qar\u015f\u0131s\u0131nda insan haqlar\u0131 m\u0259s\u0259l\u0259si qald\u0131r\u0131lmal\u0131d\u0131r. M\u0259s\u0259l\u0259n Avropa Birliyi il\u0259 dan\u0131\u015f\u0131qlarda insan haqlar\u0131, o c\u00fcml\u0259d\u0259n jurnalist v\u0259 dig\u0259r siyasi m\u0259hbuslar\u0131n azad edilm\u0259si x\u00fcsusi yer tutmal\u0131d\u0131r.<\/p>\n","protected":false},"excerpt":{"rendered":"<p>Mehman H\u00fcseynovun h\u0259bsi \u00f6lk\u0259d\u0259 t\u0259nqidi s\u0259sl\u0259rin susdurulmas\u0131na y\u00f6n\u0259l\u0259n daha geni\u015f kampaniyan\u0131n bir hiss\u0259sidir.<\/p>\n","protected":false},"author":11,"featured_media":66591,"comment_status":"closed","ping_status":"open","sticky":false,"template":"","format":"standard","meta":{"_acf_changed":false,"_sitemap_exclude":false,"_sitemap_priority":"","_sitemap_frequency":"","footnotes":""},"categories":[51],"tags":[],"class_list":["post-183055","post","type-post","status-publish","format-standard","has-post-thumbnail","hentry","category-analitika","infinite-scroll-item","generate-columns","tablet-grid-50","mobile-grid-100","grid-parent","grid-33","no-featured-image-padding"],"acf":[],"yoast_head":"<!-- This site is optimized with the Yoast SEO plugin v27.4 - https:\/\/yoast.com\/product\/yoast-seo-wordpress\/ -->\n<title>S\u0259rh\u0259dsiz Reportyorlar Mehman H\u00fcseynovun h\u0259bsi il\u0259 ba\u011fl\u0131 \u018fli H\u0259s\u0259nova cavab verdi - MEYDAN.TV<\/title>\n<meta name=\"robots\" content=\"index, follow, max-snippet:-1, max-image-preview:large, max-video-preview:-1\" \/>\n<link rel=\"canonical\" href=\"https:\/\/www.meydan.tv\/az\/article\/serhedsiz-reportyorlar-mehman-huseynovun-hebsi-ile-bagli-eli-hesenova-cavab-verdi\/\" \/>\n<meta property=\"og:locale\" content=\"az_AZ\" \/>\n<meta property=\"og:type\" content=\"article\" \/>\n<meta property=\"og:title\" content=\"S\u0259rh\u0259dsiz Reportyorlar Mehman H\u00fcseynovun h\u0259bsi il\u0259 ba\u011fl\u0131 \u018fli H\u0259s\u0259nova cavab verdi - MEYDAN.TV\" \/>\n<meta property=\"og:description\" content=\"Mehman H\u00fcseynovun h\u0259bsi \u00f6lk\u0259d\u0259 t\u0259nqidi s\u0259sl\u0259rin susdurulmas\u0131na y\u00f6n\u0259l\u0259n daha geni\u015f kampaniyan\u0131n bir hiss\u0259sidir.\" \/>\n<meta property=\"og:url\" content=\"https:\/\/www.meydan.tv\/az\/article\/serhedsiz-reportyorlar-mehman-huseynovun-hebsi-ile-bagli-eli-hesenova-cavab-verdi\/\" \/>\n<meta property=\"og:site_name\" content=\"MEYDAN.TV\" \/>\n<meta property=\"article:published_time\" content=\"2017-03-07T22:24:23+00:00\" \/>\n<meta property=\"og:image\" content=\"https:\/\/www.meydan.tv\/wp-content\/uploads\/25422.jpg\" \/>\n\t<meta property=\"og:image:width\" content=\"1000\" \/>\n\t<meta property=\"og:image:height\" content=\"667\" \/>\n\t<meta property=\"og:image:type\" content=\"image\/jpeg\" \/>\n<meta name=\"author\" content=\"user-manager\" \/>\n<meta name=\"twitter:card\" content=\"summary_large_image\" \/>\n<script type=\"application\/ld+json\" class=\"yoast-schema-graph\">{\"@context\":\"https:\\\/\\\/schema.org\",\"@graph\":[{\"@type\":\"Article\",\"@id\":\"https:\\\/\\\/www.meydan.tv\\\/az\\\/article\\\/serhedsiz-reportyorlar-mehman-huseynovun-hebsi-ile-bagli-eli-hesenova-cavab-verdi\\\/#article\",\"isPartOf\":{\"@id\":\"https:\\\/\\\/www.meydan.tv\\\/az\\\/article\\\/serhedsiz-reportyorlar-mehman-huseynovun-hebsi-ile-bagli-eli-hesenova-cavab-verdi\\\/\"},\"author\":{\"name\":\"user-manager\",\"@id\":\"https:\\\/\\\/www.meydan.tv\\\/az\\\/#\\\/schema\\\/person\\\/10d11eccf6da3662cf5fdab9806ea91a\"},\"headline\":\"S\u0259rh\u0259dsiz Reportyorlar Mehman H\u00fcseynovun h\u0259bsi il\u0259 ba\u011fl\u0131 \u018fli H\u0259s\u0259nova cavab verdi\",\"datePublished\":\"2017-03-07T22:24:23+00:00\",\"mainEntityOfPage\":{\"@id\":\"https:\\\/\\\/www.meydan.tv\\\/az\\\/article\\\/serhedsiz-reportyorlar-mehman-huseynovun-hebsi-ile-bagli-eli-hesenova-cavab-verdi\\\/\"},\"wordCount\":692,\"publisher\":{\"@id\":\"https:\\\/\\\/www.meydan.tv\\\/az\\\/#organization\"},\"image\":{\"@id\":\"https:\\\/\\\/www.meydan.tv\\\/az\\\/article\\\/serhedsiz-reportyorlar-mehman-huseynovun-hebsi-ile-bagli-eli-hesenova-cavab-verdi\\\/#primaryimage\"},\"thumbnailUrl\":\"https:\\\/\\\/www.meydan.tv\\\/wp-content\\\/uploads\\\/25422.jpg\",\"articleSection\":[\"Analitika\"],\"inLanguage\":\"az\"},{\"@type\":\"WebPage\",\"@id\":\"https:\\\/\\\/www.meydan.tv\\\/az\\\/article\\\/serhedsiz-reportyorlar-mehman-huseynovun-hebsi-ile-bagli-eli-hesenova-cavab-verdi\\\/\",\"url\":\"https:\\\/\\\/www.meydan.tv\\\/az\\\/article\\\/serhedsiz-reportyorlar-mehman-huseynovun-hebsi-ile-bagli-eli-hesenova-cavab-verdi\\\/\",\"name\":\"S\u0259rh\u0259dsiz Reportyorlar Mehman H\u00fcseynovun h\u0259bsi il\u0259 ba\u011fl\u0131 \u018fli H\u0259s\u0259nova cavab verdi - MEYDAN.TV\",\"isPartOf\":{\"@id\":\"https:\\\/\\\/www.meydan.tv\\\/az\\\/#website\"},\"primaryImageOfPage\":{\"@id\":\"https:\\\/\\\/www.meydan.tv\\\/az\\\/article\\\/serhedsiz-reportyorlar-mehman-huseynovun-hebsi-ile-bagli-eli-hesenova-cavab-verdi\\\/#primaryimage\"},\"image\":{\"@id\":\"https:\\\/\\\/www.meydan.tv\\\/az\\\/article\\\/serhedsiz-reportyorlar-mehman-huseynovun-hebsi-ile-bagli-eli-hesenova-cavab-verdi\\\/#primaryimage\"},\"thumbnailUrl\":\"https:\\\/\\\/www.meydan.tv\\\/wp-content\\\/uploads\\\/25422.jpg\",\"datePublished\":\"2017-03-07T22:24:23+00:00\",\"breadcrumb\":{\"@id\":\"https:\\\/\\\/www.meydan.tv\\\/az\\\/article\\\/serhedsiz-reportyorlar-mehman-huseynovun-hebsi-ile-bagli-eli-hesenova-cavab-verdi\\\/#breadcrumb\"},\"inLanguage\":\"az\",\"potentialAction\":[{\"@type\":\"ReadAction\",\"target\":[\"https:\\\/\\\/www.meydan.tv\\\/az\\\/article\\\/serhedsiz-reportyorlar-mehman-huseynovun-hebsi-ile-bagli-eli-hesenova-cavab-verdi\\\/\"]}]},{\"@type\":\"ImageObject\",\"inLanguage\":\"az\",\"@id\":\"https:\\\/\\\/www.meydan.tv\\\/az\\\/article\\\/serhedsiz-reportyorlar-mehman-huseynovun-hebsi-ile-bagli-eli-hesenova-cavab-verdi\\\/#primaryimage\",\"url\":\"https:\\\/\\\/www.meydan.tv\\\/wp-content\\\/uploads\\\/25422.jpg\",\"contentUrl\":\"https:\\\/\\\/www.meydan.tv\\\/wp-content\\\/uploads\\\/25422.jpg\",\"width\":1000,\"height\":667,\"caption\":\"Source:\"},{\"@type\":\"BreadcrumbList\",\"@id\":\"https:\\\/\\\/www.meydan.tv\\\/az\\\/article\\\/serhedsiz-reportyorlar-mehman-huseynovun-hebsi-ile-bagli-eli-hesenova-cavab-verdi\\\/#breadcrumb\",\"itemListElement\":[{\"@type\":\"ListItem\",\"position\":1,\"name\":\"Ana s\u0259hif\u0259\",\"item\":\"https:\\\/\\\/www.meydan.tv\\\/az\\\/\"},{\"@type\":\"ListItem\",\"position\":2,\"name\":\"Analitika\",\"item\":\"https:\\\/\\\/www.meydan.tv\\\/az\\\/section\\\/analitika\\\/\"},{\"@type\":\"ListItem\",\"position\":3,\"name\":\"S\u0259rh\u0259dsiz Reportyorlar Mehman H\u00fcseynovun h\u0259bsi il\u0259 ba\u011fl\u0131 \u018fli H\u0259s\u0259nova cavab verdi\"}]},{\"@type\":\"WebSite\",\"@id\":\"https:\\\/\\\/www.meydan.tv\\\/az\\\/#website\",\"url\":\"https:\\\/\\\/www.meydan.tv\\\/az\\\/\",\"name\":\"MEYDAN.TV\",\"description\":\"Meydan TV Az\u0259rbaycan\u0131n media m\u0259kan\u0131ndak\u0131 alternativ s\u0259sidir\",\"publisher\":{\"@id\":\"https:\\\/\\\/www.meydan.tv\\\/az\\\/#organization\"},\"potentialAction\":[{\"@type\":\"SearchAction\",\"target\":{\"@type\":\"EntryPoint\",\"urlTemplate\":\"https:\\\/\\\/www.meydan.tv\\\/az\\\/?s={search_term_string}\"},\"query-input\":{\"@type\":\"PropertyValueSpecification\",\"valueRequired\":true,\"valueName\":\"search_term_string\"}}],\"inLanguage\":\"az\"},{\"@type\":\"Organization\",\"@id\":\"https:\\\/\\\/www.meydan.tv\\\/az\\\/#organization\",\"name\":\"Meydan TV\",\"url\":\"https:\\\/\\\/www.meydan.tv\\\/az\\\/\",\"logo\":{\"@type\":\"ImageObject\",\"inLanguage\":\"az\",\"@id\":\"https:\\\/\\\/www.meydan.tv\\\/az\\\/#\\\/schema\\\/logo\\\/image\\\/\",\"url\":\"https:\\\/\\\/www.meydan.tv\\\/wp-content\\\/uploads\\\/2021\\\/07\\\/meydan-logo.svg\",\"contentUrl\":\"https:\\\/\\\/www.meydan.tv\\\/wp-content\\\/uploads\\\/2021\\\/07\\\/meydan-logo.svg\",\"width\":195,\"height\":46,\"caption\":\"Meydan TV\"},\"image\":{\"@id\":\"https:\\\/\\\/www.meydan.tv\\\/az\\\/#\\\/schema\\\/logo\\\/image\\\/\"}},{\"@type\":\"Person\",\"@id\":\"https:\\\/\\\/www.meydan.tv\\\/az\\\/#\\\/schema\\\/person\\\/10d11eccf6da3662cf5fdab9806ea91a\",\"name\":\"user-manager\"}]}<\/script>\n<!-- \/ Yoast SEO plugin. -->","yoast_head_json":{"title":"S\u0259rh\u0259dsiz Reportyorlar Mehman H\u00fcseynovun h\u0259bsi il\u0259 ba\u011fl\u0131 \u018fli H\u0259s\u0259nova cavab verdi - MEYDAN.TV","robots":{"index":"index","follow":"follow","max-snippet":"max-snippet:-1","max-image-preview":"max-image-preview:large","max-video-preview":"max-video-preview:-1"},"canonical":"https:\/\/www.meydan.tv\/az\/article\/serhedsiz-reportyorlar-mehman-huseynovun-hebsi-ile-bagli-eli-hesenova-cavab-verdi\/","og_locale":"az_AZ","og_type":"article","og_title":"S\u0259rh\u0259dsiz Reportyorlar Mehman H\u00fcseynovun h\u0259bsi il\u0259 ba\u011fl\u0131 \u018fli H\u0259s\u0259nova cavab verdi - MEYDAN.TV","og_description":"Mehman H\u00fcseynovun h\u0259bsi \u00f6lk\u0259d\u0259 t\u0259nqidi s\u0259sl\u0259rin susdurulmas\u0131na y\u00f6n\u0259l\u0259n daha geni\u015f kampaniyan\u0131n bir hiss\u0259sidir.","og_url":"https:\/\/www.meydan.tv\/az\/article\/serhedsiz-reportyorlar-mehman-huseynovun-hebsi-ile-bagli-eli-hesenova-cavab-verdi\/","og_site_name":"MEYDAN.TV","article_published_time":"2017-03-07T22:24:23+00:00","og_image":[{"width":1000,"height":667,"url":"https:\/\/www.meydan.tv\/wp-content\/uploads\/25422.jpg","type":"image\/jpeg"}],"author":"user-manager","twitter_card":"summary_large_image","schema":{"@context":"https:\/\/schema.org","@graph":[{"@type":"Article","@id":"https:\/\/www.meydan.tv\/az\/article\/serhedsiz-reportyorlar-mehman-huseynovun-hebsi-ile-bagli-eli-hesenova-cavab-verdi\/#article","isPartOf":{"@id":"https:\/\/www.meydan.tv\/az\/article\/serhedsiz-reportyorlar-mehman-huseynovun-hebsi-ile-bagli-eli-hesenova-cavab-verdi\/"},"author":{"name":"user-manager","@id":"https:\/\/www.meydan.tv\/az\/#\/schema\/person\/10d11eccf6da3662cf5fdab9806ea91a"},"headline":"S\u0259rh\u0259dsiz Reportyorlar Mehman H\u00fcseynovun h\u0259bsi il\u0259 ba\u011fl\u0131 \u018fli H\u0259s\u0259nova cavab verdi","datePublished":"2017-03-07T22:24:23+00:00","mainEntityOfPage":{"@id":"https:\/\/www.meydan.tv\/az\/article\/serhedsiz-reportyorlar-mehman-huseynovun-hebsi-ile-bagli-eli-hesenova-cavab-verdi\/"},"wordCount":692,"publisher":{"@id":"https:\/\/www.meydan.tv\/az\/#organization"},"image":{"@id":"https:\/\/www.meydan.tv\/az\/article\/serhedsiz-reportyorlar-mehman-huseynovun-hebsi-ile-bagli-eli-hesenova-cavab-verdi\/#primaryimage"},"thumbnailUrl":"https:\/\/www.meydan.tv\/wp-content\/uploads\/25422.jpg","articleSection":["Analitika"],"inLanguage":"az"},{"@type":"WebPage","@id":"https:\/\/www.meydan.tv\/az\/article\/serhedsiz-reportyorlar-mehman-huseynovun-hebsi-ile-bagli-eli-hesenova-cavab-verdi\/","url":"https:\/\/www.meydan.tv\/az\/article\/serhedsiz-reportyorlar-mehman-huseynovun-hebsi-ile-bagli-eli-hesenova-cavab-verdi\/","name":"S\u0259rh\u0259dsiz Reportyorlar Mehman H\u00fcseynovun h\u0259bsi il\u0259 ba\u011fl\u0131 \u018fli H\u0259s\u0259nova cavab verdi - MEYDAN.TV","isPartOf":{"@id":"https:\/\/www.meydan.tv\/az\/#website"},"primaryImageOfPage":{"@id":"https:\/\/www.meydan.tv\/az\/article\/serhedsiz-reportyorlar-mehman-huseynovun-hebsi-ile-bagli-eli-hesenova-cavab-verdi\/#primaryimage"},"image":{"@id":"https:\/\/www.meydan.tv\/az\/article\/serhedsiz-reportyorlar-mehman-huseynovun-hebsi-ile-bagli-eli-hesenova-cavab-verdi\/#primaryimage"},"thumbnailUrl":"https:\/\/www.meydan.tv\/wp-content\/uploads\/25422.jpg","datePublished":"2017-03-07T22:24:23+00:00","breadcrumb":{"@id":"https:\/\/www.meydan.tv\/az\/article\/serhedsiz-reportyorlar-mehman-huseynovun-hebsi-ile-bagli-eli-hesenova-cavab-verdi\/#breadcrumb"},"inLanguage":"az","potentialAction":[{"@type":"ReadAction","target":["https:\/\/www.meydan.tv\/az\/article\/serhedsiz-reportyorlar-mehman-huseynovun-hebsi-ile-bagli-eli-hesenova-cavab-verdi\/"]}]},{"@type":"ImageObject","inLanguage":"az","@id":"https:\/\/www.meydan.tv\/az\/article\/serhedsiz-reportyorlar-mehman-huseynovun-hebsi-ile-bagli-eli-hesenova-cavab-verdi\/#primaryimage","url":"https:\/\/www.meydan.tv\/wp-content\/uploads\/25422.jpg","contentUrl":"https:\/\/www.meydan.tv\/wp-content\/uploads\/25422.jpg","width":1000,"height":667,"caption":"Source:"},{"@type":"BreadcrumbList","@id":"https:\/\/www.meydan.tv\/az\/article\/serhedsiz-reportyorlar-mehman-huseynovun-hebsi-ile-bagli-eli-hesenova-cavab-verdi\/#breadcrumb","itemListElement":[{"@type":"ListItem","position":1,"name":"Ana s\u0259hif\u0259","item":"https:\/\/www.meydan.tv\/az\/"},{"@type":"ListItem","position":2,"name":"Analitika","item":"https:\/\/www.meydan.tv\/az\/section\/analitika\/"},{"@type":"ListItem","position":3,"name":"S\u0259rh\u0259dsiz Reportyorlar Mehman H\u00fcseynovun h\u0259bsi il\u0259 ba\u011fl\u0131 \u018fli H\u0259s\u0259nova cavab verdi"}]},{"@type":"WebSite","@id":"https:\/\/www.meydan.tv\/az\/#website","url":"https:\/\/www.meydan.tv\/az\/","name":"MEYDAN.TV","description":"Meydan TV Az\u0259rbaycan\u0131n media m\u0259kan\u0131ndak\u0131 alternativ s\u0259sidir","publisher":{"@id":"https:\/\/www.meydan.tv\/az\/#organization"},"potentialAction":[{"@type":"SearchAction","target":{"@type":"EntryPoint","urlTemplate":"https:\/\/www.meydan.tv\/az\/?s={search_term_string}"},"query-input":{"@type":"PropertyValueSpecification","valueRequired":true,"valueName":"search_term_string"}}],"inLanguage":"az"},{"@type":"Organization","@id":"https:\/\/www.meydan.tv\/az\/#organization","name":"Meydan TV","url":"https:\/\/www.meydan.tv\/az\/","logo":{"@type":"ImageObject","inLanguage":"az","@id":"https:\/\/www.meydan.tv\/az\/#\/schema\/logo\/image\/","url":"https:\/\/www.meydan.tv\/wp-content\/uploads\/2021\/07\/meydan-logo.svg","contentUrl":"https:\/\/www.meydan.tv\/wp-content\/uploads\/2021\/07\/meydan-logo.svg","width":195,"height":46,"caption":"Meydan TV"},"image":{"@id":"https:\/\/www.meydan.tv\/az\/#\/schema\/logo\/image\/"}},{"@type":"Person","@id":"https:\/\/www.meydan.tv\/az\/#\/schema\/person\/10d11eccf6da3662cf5fdab9806ea91a","name":"user-manager"}]}},"_links":{"self":[{"href":"https:\/\/www.meydan.tv\/az\/wp-json\/wp\/v2\/posts\/183055","targetHints":{"allow":["GET"]}}],"collection":[{"href":"https:\/\/www.meydan.tv\/az\/wp-json\/wp\/v2\/posts"}],"about":[{"href":"https:\/\/www.meydan.tv\/az\/wp-json\/wp\/v2\/types\/post"}],"author":[{"embeddable":true,"href":"https:\/\/www.meydan.tv\/az\/wp-json\/wp\/v2\/users\/11"}],"replies":[{"embeddable":true,"href":"https:\/\/www.meydan.tv\/az\/wp-json\/wp\/v2\/comments?post=183055"}],"version-history":[{"count":0,"href":"https:\/\/www.meydan.tv\/az\/wp-json\/wp\/v2\/posts\/183055\/revisions"}],"wp:featuredmedia":[{"embeddable":true,"href":"https:\/\/www.meydan.tv\/az\/wp-json\/wp\/v2\/media\/66591"}],"wp:attachment":[{"href":"https:\/\/www.meydan.tv\/az\/wp-json\/wp\/v2\/media?parent=183055"}],"wp:term":[{"taxonomy":"category","embeddable":true,"href":"https:\/\/www.meydan.tv\/az\/wp-json\/wp\/v2\/categories?post=183055"},{"taxonomy":"post_tag","embeddable":true,"href":"https:\/\/www.meydan.tv\/az\/wp-json\/wp\/v2\/tags?post=183055"}],"curies":[{"name":"wp","href":"https:\/\/api.w.org\/{rel}","templated":true}]}}