{"id":182998,"date":"2017-03-05T23:25:03","date_gmt":"2017-03-05T23:25:03","guid":{"rendered":"https:\/\/www.meydan.tv\/article\/ben-turk-muyum\/"},"modified":"2017-03-05T23:25:03","modified_gmt":"2017-03-05T23:25:03","slug":"ben-turk-muyum","status":"publish","type":"post","link":"https:\/\/www.meydan.tv\/az\/article\/ben-turk-muyum\/","title":{"rendered":"&#8221;Ben t\u00fcrk m\u00fcy\u00fcm?&#8221;"},"content":{"rendered":"<p>\n  2016-ya dam\u011fa vuran filml\u0259rd\u0259n biri d\u0259 \u201cLion\u201d oldu. 6 nominasiyada Oskar v\u0259 5 nominasiyada Britaniya Akademik Film M\u00fckafat\u0131n\u0131 ald\u0131.\n<\/p>\n<p>\n  Real hadis\u0259l\u0259r \u0259sas\u0131nda \u00e7\u0259kilmi\u015f film Hindistanda itmi\u015f u\u015fa\u011f\u0131n avstraliyal\u0131 ail\u0259 t\u0259r\u0259find\u0259n \u00f6vladl\u0131\u011fa g\u00f6t\u00fcr\u00fclm\u0259si, 25 il sonra is\u0259 hindistanl\u0131 ail\u0259sini yenid\u0259n tapmas\u0131ndan b\u0259hs edir.\n<\/p>\n<p>\n  M\u0259nim \u00fc\u00e7\u00fcn bu film son d\u00f6vrl\u0259rin qa\u00e7q\u0131n ax\u0131n\u0131 fonunda \u00e7ox \u0259h\u0259miyy\u0259tli g\u00f6r\u00fcnd\u00fc. H\u0259r il milyonlarla insan Q\u0259rb \u00f6lk\u0259l\u0259rin\u0259 ax\u0131n edir. D\u00fcnyada c\u0259mi 30-a yax\u0131n \u00f6lk\u0259 var ki, h\u0259m demokratik, h\u0259m d\u0259 iqtisadi c\u0259h\u0259td\u0259n inki\u015faf ed\u0259 bilib. \u00dcmumiyy\u0259tl\u0259 is\u0259 d\u00fcnyada 193-d\u0259n \u00e7ox d\u00f6vl\u0259t var. Dig\u0259r 163 \u00f6lk\u0259nin \u0259ks\u0259riyy\u0259tind\u0259 v\u0259ziyy\u0259t biab\u0131r\u00e7\u0131d\u0131r, insanlar normal, he\u00e7 olmasa minimum insani standartlara cavab ver\u0259n h\u0259yat tapmaq \u00fcmidi il\u0259 \u00f6lk\u0259l\u0259rid\u0259n qa\u00e7\u0131rlar.\n<\/p>\n<p>\n  N\u0259tic\u0259 budur ki, art\u0131q onmilyonlarla miqrant azsayl\u0131 Q\u0259rb \u00f6lk\u0259l\u0259rin\u0259 yerl\u0259\u015f\u0259 bilib. X\u00fcsus\u0259n, Suriya hadis\u0259l\u0259ri fonunda Almaniyan\u0131n v\u0259 dig\u0259r sosial d\u00f6vl\u0259tl\u0259tin qa\u00e7q\u0131nlara qucaq a\u00e7mas\u0131 bu say\u0131 xeyli art\u0131rd\u0131. B\u0259s bu qa\u00e7q\u0131nlar kimdirl\u0259r? Onlar \u00f6zl\u0259rini haral\u0131 say\u0131rlar? Kimlik m\u0259s\u0259l\u0259sini nec\u0259 h\u0259ll edirl\u0259r?\n<\/p>\n<p>\n  Universitetd\u0259 bir tan\u0131\u015f\u0131m var, Almaniya v\u0259t\u0259nda\u015f\u0131d\u0131r, T\u00fcrkiy\u0259d\u0259n k\u00f6\u00e7m\u00fc\u015f ail\u0259nin \u00f6vlad\u0131d\u0131r. Ona \u201ct\u00fcrk\u201d dey\u0259 bilmir\u0259m, \u00e7\u00fcnki \u00f6z\u00fc d\u0259 bilmir, \u00f6z\u00fcn\u0259 n\u0259 desin. T\u00fcrkc\u0259 dan\u0131\u015f\u0131r\u0131q, Hataydand\u0131rlar, amma \u00f6z\u00fc Almaniyada do\u011fulub, Hatayda is\u0259 \u0259r\u0259b \u0259silli azl\u0131qlara m\u0259nsubdurlar. Bir d\u0259f\u0259 d\u0259rsd\u0259 m\u00fc\u0259llim \u201cAlmaniyadan kims\u0259 varm\u0131?\u201d dey\u0259 soru\u015fdu, he\u00e7 kim cavab verm\u0259di. Soru\u015fdum, \u201cniy\u0259 s\u0259sin \u00e7\u0131xmad\u0131?\u201d Dedi ki, \u201cAbi, ben t\u00fcrk m\u00fcy\u00fcm? Alman m\u0131y\u0131m? Arap dersem, kafas\u0131 kar\u0131\u015f\u0131r onun. Kendim de bilmiyorum ki&#8230;\u201d\n<\/p>\n<p>\n  \u201cLion\u201d bu bar\u0259d\u0259 \u00e7\u0259kilmi\u015f film v\u0259 ya bu m\u00f6vzuda ba\u015f vermi\u015f bir hadis\u0259dir \u0259slind\u0259. 25 il sonra bioloji ail\u0259sini axtaran o\u011flan \u0259slind\u0259 bioloji v\u0259t\u0259nini axtar\u0131r. 2 ilini Hindistan x\u0259rit\u0259si qar\u015f\u0131s\u0131nda ke\u00e7irir. Haz\u0131rda Q\u0259rb \u00f6lk\u0259l\u0259rind\u0259 on milyonlarla bel\u0259 u\u015faq b\u00f6y\u00fcy\u00fcr. Onlar 25 il sonra Suriyan\u0131n, Somalinin, Liviyan\u0131n, \u00d6zb\u0259kistan\u0131n, Az\u0259rbaycan\u0131n, Hindistan\u0131n&#8230; x\u0259rit\u0259l\u0259ri qar\u015f\u0131s\u0131nda \u00e7a\u015f-ba\u015f qalacaqlar. Axtars\u0131nlarm\u0131? Tapsalar, getsinl\u0259rmi? Gets\u0259l\u0259r, qals\u0131nlarm\u0131?\n<\/p>\n<p>\n  Bu suallar \u015f\u0259xsi suallar olduqlar\u0131 q\u0259d\u0259r d\u0259 ictimai, b\u0259lk\u0259 d\u0259 b\u0259\u015f\u0259ri suallard\u0131r. Biz bizi Az\u0259rbaycan anlay\u0131\u015f\u0131na ba\u011flayan n\u0259sn\u0259l\u0259ri h\u0259l\u0259 m\u00fc\u0259yy\u0259n ed\u0259 bilm\u0259mi\u015fik. Dinin, mentalitetin, xalq\u0131n, ad\u0259t-\u0259n\u0259n\u0259l\u0259rin \u0259leyhin\u0259 \u00e7\u0131xan xeyli adam var ki, Az\u0259rbaycan\u0131 sevir, onun u\u011frunda \u00f6mr\u00fcn\u00fc x\u0259rcl\u0259yir. Niy\u0259? N\u0259dir ax\u0131 bu Az\u0259rbaycan? H\u0259min adamlar \u00f6zl\u0259ri d\u0259 bu suala cavab ver\u0259 bilmirl\u0259r.\n<\/p>\n<p>\n  Haz\u0131rda bizim \u00f6lk\u0259 d\u0259 s\u00fcr\u0259tl\u0259 daha \u00e7ox Yax\u0131n \u015e\u0259rq \u00f6lk\u0259si olma\u011fa do\u011fru gedir. H\u0259r il \u00f6lk\u0259ni bird\u0259f\u0259lik t\u0259rk ed\u0259nl\u0259rin say\u0131 art\u0131r. \u00c7oxu Q\u0259rb c\u0259miyy\u0259tl\u0259rin\u0259 inteqrasiya ed\u0259 bilmir. Bilm\u0259y\u0259c\u0259kl\u0259r d\u0259. B\u0259lk\u0259 onlar\u0131n \u00f6vladlar\u0131 ed\u0259 bildi. Amma onlar da daim axtaracaqlar. Bizi bu \u00f6lk\u0259y\u0259 ba\u011flayan ba\u011flar min ill\u0259rdir, formala\u015f\u0131r. Bunu 5-10 il\u0259 d\u0259yi\u015fm\u0259k olmur. M\u0259n haz\u0131rda \u201cd\u00fcnyan\u0131n \u0259n mehriban \u015f\u0259h\u0259ri\u201d adland\u0131r\u0131lan Qlazqoda t\u0259hsil al\u0131ram. \u0130nsanlar\u0131n g\u0259lm\u0259l\u0259r\u0259 m\u00fcnasib\u0259ti s\u00f6zl\u0259 deyil\u0259si deyil. Qonaqp\u0259rv\u0259rlik anlay\u0131\u015f\u0131 bunun yan\u0131nda g\u00fclm\u0259li g\u00f6r\u00fcn\u00fcr. \u015e\u0259h\u0259r sanki m\u00fcs\u0259lmanlar\u0131n, hindistanl\u0131lar\u0131n v\u0259 \u00e7inlil\u0259rindir v\u0259 bu, \u015fotlandlar\u0131 narahat etmir. Amma bu \u015f\u0259h\u0259r m\u0259n\u0259 o q\u0259d\u0259r yadd\u0131r ki, Az\u0259rbaycan\u0131 arzulamad\u0131\u011f\u0131m g\u00fcn olmur \u2013 mentalitetind\u0259n, idar\u0259etm\u0259sind\u0259n, siyas\u0259tind\u0259n, insanlar\u0131n\u0131n m\u0259n\u0259 qar\u015f\u0131 qeyri-tolerant m\u00fcnasib\u0259tind\u0259n z\u0259hl\u0259m ged\u0259n bir \u00f6lk\u0259 \u00fc\u00e7\u00fcn h\u0259mi\u015f\u0259 burnumun ucu g\u00f6yn\u0259yir.\n<\/p>\n<p>\n  \u201cLion\u201d filmind\u0259 avstraliyal\u0131 ail\u0259 2 u\u015fa\u011f\u0131 \u00f6vladl\u0131\u011fa g\u00f6t\u00fcr\u00fcr, biri \u0259s\u0259bi olur, \u00f6z\u00fcn\u00fc d\u00f6y\u00fcr, tez-tez, ail\u0259sin\u0259 \u0259ziyy\u0259t verir, normal h\u0259yat t\u0259rzi ke\u00e7irmir. Haz\u0131rda Q\u0259rb\u0259 ax\u0131\u015fan qa\u00e7q\u0131nlar da, m\u0259nc\u0259, bu c\u00fcrd\u00fcr. \u00c7ox az hiss\u0259si terror\u00e7u olma\u011fa haz\u0131r materiald\u0131r, b\u0259zil\u0259ri olurlar da. Onlar\u0131n niy\u0259 canl\u0131 bomba olduqlar\u0131n\u0131n s\u0259b\u0259bl\u0259ri ara\u015fd\u0131r\u0131lm\u0131r ad\u0259t\u0259n. M\u0259s\u0259l\u0259n, \u201cLion\u201d filmind\u0259 bir s\u0259hn\u0259 var \u2013 ba\u015f q\u0259hr\u0259man K\u0259lk\u00fctt\u0259d\u0259 it\u0259nd\u0259 onu bir qad\u0131n g\u00f6t\u00fcr\u00fcr, yedirir, i\u00e7dirir v\u0259 pedofil bir ki\u015fiy\u0259 satmaq ist\u0259yir. U\u015faq qa\u00e7\u0131b xilas olur. Avstraliyadak\u0131 ail\u0259nin h\u0259min \u0259s\u0259bi u\u015fa\u011f\u0131na baxanda yad\u0131ma d\u0259rhal o m\u0259nz\u0259r\u0259 d\u00fc\u015fd\u00fc. N\u0259 q\u0259d\u0259r u\u015faq d\u0259rhal qa\u00e7a bilm\u0259yib, zorlan\u0131b, sa\u011falmaz psixoloji z\u0259d\u0259l\u0259r al\u0131b, sonra xilas olub (ya da, \u00fcmumiyy\u0259tl\u0259, xilas ola bilm\u0259y\u0259nl\u0259r var).\n<\/p>\n<p>\n  2011 B\u0259hreyn inqilab\u0131ndan d\u0259h\u015f\u0259tli videolar var \u2013 insanlar\u0131n sif\u0259tl\u0259rini bombalar, silahlar nec\u0259 da\u011f\u0131d\u0131b. Bu m\u0259nz\u0259r\u0259ni g\u00f6r\u0259n, m\u00fchasir\u0259d\u0259 olan H\u0259l\u0259bd\u0259 \u201cbiz ac\u0131ndan \u00f6l\u00fcr\u00fck\u201d deyib q\u0131\u015fq\u0131ran videodak\u0131 u\u015faqlar hans\u0131 psixoloji z\u0259d\u0259l\u0259r al\u0131rlar, hans\u0131 tip insan olurlar &#8211; \u0259vv\u0259ld\u0259n bilm\u0259k olmur.\n<\/p>\n<p>\n  Amma bu q\u0259d\u0259r qeyri-m\u00fc\u0259yy\u0259nliyin i\u00e7ind\u0259 bilin\u0259n bir \u015fey var. Filmd\u0259 yetiml\u0259ri \u00f6vladl\u0131\u011fa g\u00f6t\u00fcr\u0259n ail\u0259nin xan\u0131m\u0131 deyir ki, \u201cM\u0259n do\u011fa bilirdim. Amma biz fikirl\u0259\u015fdik ki, onsuz da d\u00fcnyada kifay\u0259t q\u0259d\u0259r u\u015faq var, onlar\u0131 xilas etm\u0259k laz\u0131md\u0131r\u201d.\n<\/p>\n<p>\n  Dediyim kimi, film real hadis\u0259l\u0259r \u0259sas\u0131nda \u00e7\u0259kilib. Sonda h\u0259min bu avstraliyal\u0131 xan\u0131m\u0131n (aktrisa yox, real h\u0259yatda bunlar\u0131 ya\u015fam\u0131\u015f qad\u0131n) Hindistana gedib \u00f6vladl\u0131\u011fa g\u00f6t\u00fcrd\u00fcy\u00fc u\u015fa\u011f\u0131n anas\u0131 il\u0259 g\u00f6r\u00fc\u015fd\u00fcy\u00fc s\u0259hn\u0259 var. Ayd\u0131n olan bu qad\u0131n\u0131n m\u0259ntiqi, m\u00f6vqeyidir. Q\u0259rb insan\u0131n\u0131n bax\u0131\u015f\u0131d\u0131r. D\u00fcnyada \u0259n \u00e7ox silah satan \u00f6lk\u0259l\u0259r Q\u0259rb \u00f6lk\u0259l\u0259ridir. Amma \u0259n \u00e7ox yard\u0131m ed\u0259n, insan xilas ed\u0259nl\u0259r d\u0259 onlard\u0131r (h\u0259m d\u00f6vl\u0259tl\u0259r, h\u0259m d\u0259 onlar\u0131n v\u0259t\u0259nda\u015flar\u0131). Dem\u0259k ki, proqressiv v\u0259 reqressiv insanlar\u0131n m\u00fcbariz\u0259si var orda da. \u201cAmerika \u015feytand\u0131r\u201d dem\u0259k \u201c\u018fr\u0259bl\u0259r v\u0259h\u015fidir\u201d dem\u0259k q\u0259d\u0259r yanl\u0131\u015fd\u0131r. Milli, irqi v\u0259 sair ziyanl\u0131 f\u0259rql\u0259r olmadan d\u00fc\u015f\u00fcn\u0259nd\u0259 xilas etm\u0259k olur. Haz\u0131rda v\u0259t\u0259nini axtaran, kimliyini m\u00fc\u0259yy\u0259n ed\u0259 bilm\u0259y\u0259n n\u0259h\u0259ng qa\u00e7q\u0131n v\u0259 potensial qa\u00e7q\u0131n ordusunun da g\u0259l\u0259c\u0259yi bu yana\u015fmadan as\u0131l\u0131d\u0131r.<\/p>\n","protected":false},"excerpt":{"rendered":"<p>2016-ya dam\u011fa vuran filml\u0259rd\u0259n biri d\u0259 \u201cLeon\u201d oldu. 6 nominasiyada Oskar v\u0259 5 nominasiyada Britaniya Akademik Film M\u00fckafat\u0131n\u0131 ald\u0131.<\/p>\n","protected":false},"author":11,"featured_media":79618,"comment_status":"closed","ping_status":"open","sticky":false,"template":"","format":"standard","meta":{"_acf_changed":false,"_sitemap_exclude":false,"_sitemap_priority":"","_sitemap_frequency":"","footnotes":""},"categories":[57],"tags":[],"class_list":["post-182998","post","type-post","status-publish","format-standard","has-post-thumbnail","hentry","category-menim-fikrimce","infinite-scroll-item","generate-columns","tablet-grid-50","mobile-grid-100","grid-parent","grid-33","no-featured-image-padding"],"acf":[],"yoast_head":"<!-- This site is optimized with the Yoast SEO plugin v27.5 - https:\/\/yoast.com\/product\/yoast-seo-wordpress\/ -->\n<title>&#039;&#039;Ben t\u00fcrk m\u00fcy\u00fcm?&#039;&#039; - MEYDAN.TV<\/title>\n<meta name=\"robots\" content=\"index, follow, max-snippet:-1, max-image-preview:large, max-video-preview:-1\" \/>\n<link rel=\"canonical\" href=\"https:\/\/www.meydan.tv\/az\/article\/ben-turk-muyum\/\" \/>\n<meta property=\"og:locale\" content=\"az_AZ\" \/>\n<meta property=\"og:type\" content=\"article\" \/>\n<meta property=\"og:title\" content=\"&#039;&#039;Ben t\u00fcrk m\u00fcy\u00fcm?&#039;&#039; - MEYDAN.TV\" \/>\n<meta property=\"og:description\" content=\"2016-ya dam\u011fa vuran filml\u0259rd\u0259n biri d\u0259 \u201cLeon\u201d oldu. 6 nominasiyada Oskar v\u0259 5 nominasiyada Britaniya Akademik Film M\u00fckafat\u0131n\u0131 ald\u0131.\" \/>\n<meta property=\"og:url\" content=\"https:\/\/www.meydan.tv\/az\/article\/ben-turk-muyum\/\" \/>\n<meta property=\"og:site_name\" content=\"MEYDAN.TV\" \/>\n<meta property=\"article:published_time\" content=\"2017-03-05T23:25:03+00:00\" \/>\n<meta property=\"og:image\" content=\"https:\/\/www.meydan.tv\/wp-content\/uploads\/31024-1095x821.png\" \/>\n\t<meta property=\"og:image:width\" content=\"1095\" \/>\n\t<meta property=\"og:image:height\" content=\"821\" \/>\n\t<meta property=\"og:image:type\" content=\"image\/png\" \/>\n<meta name=\"author\" content=\"user-manager\" \/>\n<meta name=\"twitter:card\" content=\"summary_large_image\" \/>\n<script type=\"application\/ld+json\" class=\"yoast-schema-graph\">{\"@context\":\"https:\\\/\\\/schema.org\",\"@graph\":[{\"@type\":\"Article\",\"@id\":\"https:\\\/\\\/www.meydan.tv\\\/az\\\/article\\\/ben-turk-muyum\\\/#article\",\"isPartOf\":{\"@id\":\"https:\\\/\\\/www.meydan.tv\\\/az\\\/article\\\/ben-turk-muyum\\\/\"},\"author\":{\"name\":\"user-manager\",\"@id\":\"https:\\\/\\\/www.meydan.tv\\\/az\\\/#\\\/schema\\\/person\\\/10d11eccf6da3662cf5fdab9806ea91a\"},\"headline\":\"&#8221;Ben t\u00fcrk m\u00fcy\u00fcm?&#8221;\",\"datePublished\":\"2017-03-05T23:25:03+00:00\",\"mainEntityOfPage\":{\"@id\":\"https:\\\/\\\/www.meydan.tv\\\/az\\\/article\\\/ben-turk-muyum\\\/\"},\"wordCount\":1244,\"publisher\":{\"@id\":\"https:\\\/\\\/www.meydan.tv\\\/az\\\/#organization\"},\"image\":{\"@id\":\"https:\\\/\\\/www.meydan.tv\\\/az\\\/article\\\/ben-turk-muyum\\\/#primaryimage\"},\"thumbnailUrl\":\"https:\\\/\\\/www.meydan.tv\\\/wp-content\\\/uploads\\\/31024.png\",\"articleSection\":[\"M\u0259nim Fikrimc\u0259\"],\"inLanguage\":\"az\"},{\"@type\":\"WebPage\",\"@id\":\"https:\\\/\\\/www.meydan.tv\\\/az\\\/article\\\/ben-turk-muyum\\\/\",\"url\":\"https:\\\/\\\/www.meydan.tv\\\/az\\\/article\\\/ben-turk-muyum\\\/\",\"name\":\"''Ben t\u00fcrk m\u00fcy\u00fcm?'' - MEYDAN.TV\",\"isPartOf\":{\"@id\":\"https:\\\/\\\/www.meydan.tv\\\/az\\\/#website\"},\"primaryImageOfPage\":{\"@id\":\"https:\\\/\\\/www.meydan.tv\\\/az\\\/article\\\/ben-turk-muyum\\\/#primaryimage\"},\"image\":{\"@id\":\"https:\\\/\\\/www.meydan.tv\\\/az\\\/article\\\/ben-turk-muyum\\\/#primaryimage\"},\"thumbnailUrl\":\"https:\\\/\\\/www.meydan.tv\\\/wp-content\\\/uploads\\\/31024.png\",\"datePublished\":\"2017-03-05T23:25:03+00:00\",\"breadcrumb\":{\"@id\":\"https:\\\/\\\/www.meydan.tv\\\/az\\\/article\\\/ben-turk-muyum\\\/#breadcrumb\"},\"inLanguage\":\"az\",\"potentialAction\":[{\"@type\":\"ReadAction\",\"target\":[\"https:\\\/\\\/www.meydan.tv\\\/az\\\/article\\\/ben-turk-muyum\\\/\"]}]},{\"@type\":\"ImageObject\",\"inLanguage\":\"az\",\"@id\":\"https:\\\/\\\/www.meydan.tv\\\/az\\\/article\\\/ben-turk-muyum\\\/#primaryimage\",\"url\":\"https:\\\/\\\/www.meydan.tv\\\/wp-content\\\/uploads\\\/31024.png\",\"contentUrl\":\"https:\\\/\\\/www.meydan.tv\\\/wp-content\\\/uploads\\\/31024.png\",\"width\":2732,\"height\":2048,\"caption\":\"Source:\"},{\"@type\":\"BreadcrumbList\",\"@id\":\"https:\\\/\\\/www.meydan.tv\\\/az\\\/article\\\/ben-turk-muyum\\\/#breadcrumb\",\"itemListElement\":[{\"@type\":\"ListItem\",\"position\":1,\"name\":\"Ana s\u0259hif\u0259\",\"item\":\"https:\\\/\\\/www.meydan.tv\\\/az\\\/\"},{\"@type\":\"ListItem\",\"position\":2,\"name\":\"M\u0259nim Fikrimc\u0259\",\"item\":\"https:\\\/\\\/www.meydan.tv\\\/az\\\/section\\\/menim-fikrimce\\\/\"},{\"@type\":\"ListItem\",\"position\":3,\"name\":\"&#8221;Ben t\u00fcrk m\u00fcy\u00fcm?&#8221;\"}]},{\"@type\":\"WebSite\",\"@id\":\"https:\\\/\\\/www.meydan.tv\\\/az\\\/#website\",\"url\":\"https:\\\/\\\/www.meydan.tv\\\/az\\\/\",\"name\":\"MEYDAN.TV\",\"description\":\"Meydan TV Az\u0259rbaycan\u0131n media m\u0259kan\u0131ndak\u0131 alternativ s\u0259sidir\",\"publisher\":{\"@id\":\"https:\\\/\\\/www.meydan.tv\\\/az\\\/#organization\"},\"potentialAction\":[{\"@type\":\"SearchAction\",\"target\":{\"@type\":\"EntryPoint\",\"urlTemplate\":\"https:\\\/\\\/www.meydan.tv\\\/az\\\/?s={search_term_string}\"},\"query-input\":{\"@type\":\"PropertyValueSpecification\",\"valueRequired\":true,\"valueName\":\"search_term_string\"}}],\"inLanguage\":\"az\"},{\"@type\":\"Organization\",\"@id\":\"https:\\\/\\\/www.meydan.tv\\\/az\\\/#organization\",\"name\":\"Meydan TV\",\"url\":\"https:\\\/\\\/www.meydan.tv\\\/az\\\/\",\"logo\":{\"@type\":\"ImageObject\",\"inLanguage\":\"az\",\"@id\":\"https:\\\/\\\/www.meydan.tv\\\/az\\\/#\\\/schema\\\/logo\\\/image\\\/\",\"url\":\"https:\\\/\\\/www.meydan.tv\\\/wp-content\\\/uploads\\\/2021\\\/07\\\/meydan-logo.svg\",\"contentUrl\":\"https:\\\/\\\/www.meydan.tv\\\/wp-content\\\/uploads\\\/2021\\\/07\\\/meydan-logo.svg\",\"width\":195,\"height\":46,\"caption\":\"Meydan TV\"},\"image\":{\"@id\":\"https:\\\/\\\/www.meydan.tv\\\/az\\\/#\\\/schema\\\/logo\\\/image\\\/\"}},{\"@type\":\"Person\",\"@id\":\"https:\\\/\\\/www.meydan.tv\\\/az\\\/#\\\/schema\\\/person\\\/10d11eccf6da3662cf5fdab9806ea91a\",\"name\":\"user-manager\"}]}<\/script>\n<!-- \/ Yoast SEO plugin. -->","yoast_head_json":{"title":"''Ben t\u00fcrk m\u00fcy\u00fcm?'' - MEYDAN.TV","robots":{"index":"index","follow":"follow","max-snippet":"max-snippet:-1","max-image-preview":"max-image-preview:large","max-video-preview":"max-video-preview:-1"},"canonical":"https:\/\/www.meydan.tv\/az\/article\/ben-turk-muyum\/","og_locale":"az_AZ","og_type":"article","og_title":"''Ben t\u00fcrk m\u00fcy\u00fcm?'' - MEYDAN.TV","og_description":"2016-ya dam\u011fa vuran filml\u0259rd\u0259n biri d\u0259 \u201cLeon\u201d oldu. 6 nominasiyada Oskar v\u0259 5 nominasiyada Britaniya Akademik Film M\u00fckafat\u0131n\u0131 ald\u0131.","og_url":"https:\/\/www.meydan.tv\/az\/article\/ben-turk-muyum\/","og_site_name":"MEYDAN.TV","article_published_time":"2017-03-05T23:25:03+00:00","og_image":[{"width":1095,"height":821,"url":"https:\/\/www.meydan.tv\/wp-content\/uploads\/31024-1095x821.png","type":"image\/png"}],"author":"user-manager","twitter_card":"summary_large_image","schema":{"@context":"https:\/\/schema.org","@graph":[{"@type":"Article","@id":"https:\/\/www.meydan.tv\/az\/article\/ben-turk-muyum\/#article","isPartOf":{"@id":"https:\/\/www.meydan.tv\/az\/article\/ben-turk-muyum\/"},"author":{"name":"user-manager","@id":"https:\/\/www.meydan.tv\/az\/#\/schema\/person\/10d11eccf6da3662cf5fdab9806ea91a"},"headline":"&#8221;Ben t\u00fcrk m\u00fcy\u00fcm?&#8221;","datePublished":"2017-03-05T23:25:03+00:00","mainEntityOfPage":{"@id":"https:\/\/www.meydan.tv\/az\/article\/ben-turk-muyum\/"},"wordCount":1244,"publisher":{"@id":"https:\/\/www.meydan.tv\/az\/#organization"},"image":{"@id":"https:\/\/www.meydan.tv\/az\/article\/ben-turk-muyum\/#primaryimage"},"thumbnailUrl":"https:\/\/www.meydan.tv\/wp-content\/uploads\/31024.png","articleSection":["M\u0259nim Fikrimc\u0259"],"inLanguage":"az"},{"@type":"WebPage","@id":"https:\/\/www.meydan.tv\/az\/article\/ben-turk-muyum\/","url":"https:\/\/www.meydan.tv\/az\/article\/ben-turk-muyum\/","name":"''Ben t\u00fcrk m\u00fcy\u00fcm?'' - MEYDAN.TV","isPartOf":{"@id":"https:\/\/www.meydan.tv\/az\/#website"},"primaryImageOfPage":{"@id":"https:\/\/www.meydan.tv\/az\/article\/ben-turk-muyum\/#primaryimage"},"image":{"@id":"https:\/\/www.meydan.tv\/az\/article\/ben-turk-muyum\/#primaryimage"},"thumbnailUrl":"https:\/\/www.meydan.tv\/wp-content\/uploads\/31024.png","datePublished":"2017-03-05T23:25:03+00:00","breadcrumb":{"@id":"https:\/\/www.meydan.tv\/az\/article\/ben-turk-muyum\/#breadcrumb"},"inLanguage":"az","potentialAction":[{"@type":"ReadAction","target":["https:\/\/www.meydan.tv\/az\/article\/ben-turk-muyum\/"]}]},{"@type":"ImageObject","inLanguage":"az","@id":"https:\/\/www.meydan.tv\/az\/article\/ben-turk-muyum\/#primaryimage","url":"https:\/\/www.meydan.tv\/wp-content\/uploads\/31024.png","contentUrl":"https:\/\/www.meydan.tv\/wp-content\/uploads\/31024.png","width":2732,"height":2048,"caption":"Source:"},{"@type":"BreadcrumbList","@id":"https:\/\/www.meydan.tv\/az\/article\/ben-turk-muyum\/#breadcrumb","itemListElement":[{"@type":"ListItem","position":1,"name":"Ana s\u0259hif\u0259","item":"https:\/\/www.meydan.tv\/az\/"},{"@type":"ListItem","position":2,"name":"M\u0259nim Fikrimc\u0259","item":"https:\/\/www.meydan.tv\/az\/section\/menim-fikrimce\/"},{"@type":"ListItem","position":3,"name":"&#8221;Ben t\u00fcrk m\u00fcy\u00fcm?&#8221;"}]},{"@type":"WebSite","@id":"https:\/\/www.meydan.tv\/az\/#website","url":"https:\/\/www.meydan.tv\/az\/","name":"MEYDAN.TV","description":"Meydan TV Az\u0259rbaycan\u0131n media m\u0259kan\u0131ndak\u0131 alternativ s\u0259sidir","publisher":{"@id":"https:\/\/www.meydan.tv\/az\/#organization"},"potentialAction":[{"@type":"SearchAction","target":{"@type":"EntryPoint","urlTemplate":"https:\/\/www.meydan.tv\/az\/?s={search_term_string}"},"query-input":{"@type":"PropertyValueSpecification","valueRequired":true,"valueName":"search_term_string"}}],"inLanguage":"az"},{"@type":"Organization","@id":"https:\/\/www.meydan.tv\/az\/#organization","name":"Meydan TV","url":"https:\/\/www.meydan.tv\/az\/","logo":{"@type":"ImageObject","inLanguage":"az","@id":"https:\/\/www.meydan.tv\/az\/#\/schema\/logo\/image\/","url":"https:\/\/www.meydan.tv\/wp-content\/uploads\/2021\/07\/meydan-logo.svg","contentUrl":"https:\/\/www.meydan.tv\/wp-content\/uploads\/2021\/07\/meydan-logo.svg","width":195,"height":46,"caption":"Meydan TV"},"image":{"@id":"https:\/\/www.meydan.tv\/az\/#\/schema\/logo\/image\/"}},{"@type":"Person","@id":"https:\/\/www.meydan.tv\/az\/#\/schema\/person\/10d11eccf6da3662cf5fdab9806ea91a","name":"user-manager"}]}},"_links":{"self":[{"href":"https:\/\/www.meydan.tv\/az\/wp-json\/wp\/v2\/posts\/182998","targetHints":{"allow":["GET"]}}],"collection":[{"href":"https:\/\/www.meydan.tv\/az\/wp-json\/wp\/v2\/posts"}],"about":[{"href":"https:\/\/www.meydan.tv\/az\/wp-json\/wp\/v2\/types\/post"}],"author":[{"embeddable":true,"href":"https:\/\/www.meydan.tv\/az\/wp-json\/wp\/v2\/users\/11"}],"replies":[{"embeddable":true,"href":"https:\/\/www.meydan.tv\/az\/wp-json\/wp\/v2\/comments?post=182998"}],"version-history":[{"count":0,"href":"https:\/\/www.meydan.tv\/az\/wp-json\/wp\/v2\/posts\/182998\/revisions"}],"wp:featuredmedia":[{"embeddable":true,"href":"https:\/\/www.meydan.tv\/az\/wp-json\/wp\/v2\/media\/79618"}],"wp:attachment":[{"href":"https:\/\/www.meydan.tv\/az\/wp-json\/wp\/v2\/media?parent=182998"}],"wp:term":[{"taxonomy":"category","embeddable":true,"href":"https:\/\/www.meydan.tv\/az\/wp-json\/wp\/v2\/categories?post=182998"},{"taxonomy":"post_tag","embeddable":true,"href":"https:\/\/www.meydan.tv\/az\/wp-json\/wp\/v2\/tags?post=182998"}],"curies":[{"name":"wp","href":"https:\/\/api.w.org\/{rel}","templated":true}]}}