{"id":182993,"date":"2017-03-04T21:07:45","date_gmt":"2017-03-04T21:07:45","guid":{"rendered":"https:\/\/www.meydan.tv\/article\/korpelerimize-evlenmek-terroru\/"},"modified":"2017-03-04T21:07:45","modified_gmt":"2017-03-04T21:07:45","slug":"korpelerimize-evlenmek-terroru","status":"publish","type":"post","link":"https:\/\/www.meydan.tv\/az\/article\/korpelerimize-evlenmek-terroru\/","title":{"rendered":"K\u00f6rp\u0259l\u0259rimiz\u0259 &#8221;evl\u0259nm\u0259k&#8221; terroru"},"content":{"rendered":"<figure class=\"wp-block-image size-large\">\n  <img decoding=\"async\" src=\"https:\/\/www.meydan.tv\/az\/gunel-movlud-illustrasiya\/\" alt=\"G\u00fcnel M\u00f6vlud (ill\u00fcstrasiya)\" class=\"wp-image-79558\"\/><figcaption>\n    G\u00fcnel M\u00f6vlud (ill\u00fcstrasiya)<br \/>\n  <\/figcaption><\/figure>\n<p>\n  Bizim t\u0259r\u0259fl\u0259rd\u0259 bir G\u00fcl\u0259ndam qar\u0131 vard\u0131. He\u00e7 vaxt \u0259r\u0259 getm\u0259mi\u015fdi. Atas\u0131ndan ev, pul qalm\u0131\u015fd\u0131, \u00f6z\u00fc d\u0259 zir\u0259k qad\u0131n oldu\u011fundan sovet vaxt\u0131 i\u015fl\u0259yib yax\u015f\u0131 qazanm\u0131\u015fd\u0131. \u00d6m\u00fcrboyu kurortlar, sanatoriyalar g\u0259zmi\u015fdi. Sa\u011flam, g\u00f6z\u0259l qad\u0131n olmu\u015fdu cavanl\u0131\u011f\u0131nda. Bu sa\u011flaml\u0131\u011f\u0131, \u015fuxlu\u011fu \u00f6z\u00fcn\u00fcn qoca, qar\u0131 vaxt\u0131na da g\u0259tirib \u00e7\u0131xara bilmi\u015fdi.\n<\/p>\n<p>\n  D\u0259v\u0259t olundu\u011fu b\u00fct\u00fcn m\u0259clisl\u0259r\u0259 g\u00f6z\u0259l, bahal\u0131 h\u0259diyy\u0259 il\u0259 g\u0259lirdi, \u0259ynind\u0259 \u0259n g\u00f6z\u0259l paltar, ba\u015f\u0131nda t\u0259z\u0259liyind\u0259n parlayan \u015fal, aya\u011f\u0131nda q\u0259\u015f\u0259ng m\u0259stl\u0259r olurdu, toylarda n\u0259m\u0259r vem\u0259k \u00fc\u00e7\u00fcn pulqab\u0131s\u0131n\u0131 \u00e7\u0131xaranda dolu c\u00fczdandan pul p\u0131rtlay\u0131b \u00e7\u0131x\u0131rd\u0131. Evind\u0259 \u00e7ox az i\u015f g\u00f6r\u0259rdi, verdiyi paltarlar\u0131n, x\u0131rda-xuru\u015f h\u0259diyy\u0259nin m\u00fcqabilind\u0259 qon\u015fu q\u0131zlar evini s\u00fcp\u00fcr\u0259r, yem\u0259yini bi\u015fir\u0259r, qon\u015fu cavanlar mal-qaras\u0131na baxar, h\u0259y\u0259tinin ala\u011f\u0131n\u0131 ed\u0259r, otunu bi\u00e7\u0259r, agaclar\u0131n\u0131 budayard\u0131lar. Ham\u0131n\u0131 yerd\u0259n-g\u00f6y\u0259 raz\u0131 salard\u0131, he\u00e7 kim onunla pis m\u00fcnasib\u0259td\u0259 olmaq ist\u0259m\u0259zdi, \u0259linin b\u0259r\u0259k\u0259tli oldu\u011funu ham\u0131 t\u0259sdiql\u0259y\u0259rdi. Bizim t\u0259r\u0259f\u0259l\u0259rd\u0259 bir s\u00f6z var, o qad\u0131n bar\u0259d\u0259 h\u0259mi\u015f\u0259 i\u015fl\u0259d\u0259rdil\u0259r: G\u00fcl\u0259ndamdan \u00e7\u00f6r\u0259k iyi g\u0259lir&#8230;\n<\/p>\n<p>\n  K\u00f6\u00e7k\u00fcnl\u00fck vaxt\u0131nda da a\u011f\u0131ll\u0131 t\u0259rp\u0259nmi\u015fdi, vaxt\u0131nda evinin \u0259n bahal\u0131 \u0259\u015fyalar\u0131n\u0131 t\u0259hl\u00fck\u0259siz rayonlardan birin\u0259 da\u015f\u0131td\u0131rm\u0131\u015f, mal-qaras\u0131n\u0131 \u0130rana adlad\u0131b satd\u0131rm\u0131\u015f, q\u0131z\u0131l alm\u0131\u015fd\u0131. O ill\u0259rd\u0259 biziml\u0259 bir yerd\u0259 \u00e7ad\u0131r \u015f\u0259h\u0259rciyind\u0259 ya\u015fay\u0131rd\u0131sa da, n\u00fcmay\u0259nd\u0259l\u0259r\u0259 r\u00fc\u015fv\u0259t verib, \u0259n iri \u00e7ad\u0131r\u0131 alm\u0131\u015f, b\u00f6y\u00fcr-ba\u015f\u0131nda k\u00f6lg\u0259n\u0259c\u0259k, taxta oturacaqlar, bir balaca \u00e7ad\u0131rdan hamam d\u00fcz\u0259ltdirmi\u015fdi. Ham\u0131 bilirdi ki, G\u00fcl\u0259ndam el-oba il\u0259 bir yerd\u0259 olmaq ist\u0259diyin\u0259 g\u00f6r\u0259 he\u00e7 yana getmir, \u0259slind\u0259 q\u0131z\u0131llar\u0131, \u0259lind\u0259ki varidat ona b\u0259s edirdi ki rayonlardan birind\u0259n ev als\u0131n, ya\u015fas\u0131n orda.\n<\/p>\n<p>\n  \u00c7ad\u0131r yerind\u0259 d\u0259 bizimkil\u0259rin normal h\u0259yat\u0131 davam edirdi. \u015e\u0259nlikl\u0259r, m\u0259clisl\u0259r \u00f6z miqyas\u0131n\u0131, t\u0259nt\u0259n\u0259sini azaltsa da, saylar\u0131 azalmam\u0131\u015fd\u0131, toy ed\u0259n, q\u0131z k\u00f6\u00e7\u00fcr\u0259n, s\u00fcnn\u0259t toyu ed\u0259nl\u0259r burda da \u00f6z i\u015fl\u0259rind\u0259 idil\u0259r. V\u0259 G\u00fcl\u0259ndam arvad burda da yen\u0259 m\u0259clisl\u0259rin a\u011fbir\u00e7\u0259yi, ba\u015fda oturan, \u0259n g\u00f6z\u0259l h\u0259diyy\u0259ni g\u0259tir\u0259n h\u00f6rm\u0259tli qonaq idi.\n<\/p>\n<p>\n  M\u0259clisl\u0259rin birind\u0259 qad\u0131nlar oturan \u00e7ad\u0131rda m\u00fcbahis\u0259 d\u00fc\u015fm\u00fc\u015fd\u00fc. Ham\u0131 bilirdi ki, birazdan G\u00fcl\u0259ndam g\u0259l\u0259c\u0259k. Toyu olan q\u0131z\u0131n anas\u0131 ham\u0131ya yalvar\u0131rd\u0131 ki, q\u0131za al\u0131nan paltarlar g\u00f6st\u0259ril\u0259nd\u0259 birinci G\u00fcl\u0259ndam \u0259l vurmas\u0131n, he\u00e7 n\u0259yin d\u0259 sift\u0259sin\u0259 o toxunmas\u0131n: &#8220;\u018frsiz, z\u00fcry\u0259tsiz arvadd\u0131r, u\u011fursuzluq g\u0259tir\u0259r, q\u0131z\u0131m da onun kimi olmas\u0131n&#8230;&#8221;.<br \/>\n  <br \/>\n  Onun q\u0131z\u0131n\u0131n taleyini indi d\u0259 izl\u0259yir\u0259m, 3 u\u015faq do\u011fub, \u0259ri g\u00fcnd\u0259 d\u00f6y\u00fcr, rayonda kas\u0131b\u00e7\u0131\u0131q i\u00e7ind\u0259 ya\u015fay\u0131r, \u0259yni-ba\u015f\u0131 h\u0259mi\u015f\u0259 nimda\u015f olur, \u00f6z\u00fc d\u0259 a\u011f\u0131r h\u0259yatdan bu ya\u015fda az qala beli b\u00fck\u00fcl\u00fcb. D\u00fc\u015f\u00fcn\u00fcr\u0259m ki, guya o q\u0131z\u0131n taleyi G\u00fcl\u0259ndam kimi olsayd\u0131, pis olan n\u0259 olacaqd\u0131 ki? Rifah i\u00e7ind\u0259 ya\u015fama\u011f\u0131? \u00d6z\u00fcn\u0259, sa\u011flaml\u0131\u011f\u0131na vaxt ay\u0131rma\u011f\u0131? \u00d6mr\u00fcboyu cavan, \u015fux qalma\u011f\u0131?\n<\/p>\n<p>\n  Amma yox. O q\u0131za G\u00fcl\u0259ndam taleyini arzulayan olsa, anas\u0131 da, \u00f6z\u00fc d\u0259 o adam\u0131 par\u00e7alayard\u0131lar. \u00c7\u00fcnki G\u00fcl\u0259ndam\u0131n \u0259n vacib \u015feyi yox idi. \u018fri, ail\u0259si. Daha f\u0259rqi yoxdur bu evlilik nec\u0259 olacaqd\u0131. O \u0259r nec\u0259 adam olacaqd\u0131. B\u0259lk\u0259 narkoman, b\u0259lk\u0259 murdar adam olacaqd\u0131, b\u0259lk\u0259 onun ucbat\u0131ndan G\u00fcl\u0259ndam g\u0259nc ik\u0259n qocalacaq, x\u0259st\u0259 d\u00fc\u015f\u0259c\u0259k idi, f\u0259rqi yoxdur. \u018fsas o idi ki, kim olur olsun, t\u0259ki o \u0259r olsun, t\u0259ki o \u0259rli qad\u0131n statusu onda olsun.<br \/>\n  <br \/>\n  O\u011flumun c\u0259mi 3 ya\u015f\u0131 var. Onu ya\u015f\u0131d\u0131 q\u0131zlarla tan\u0131\u015f ed\u0259nd\u0259, ya hans\u0131sa s\u00f6hb\u0259tl\u0259r zaman\u0131 &#8220;bu q\u0131z\u0131 alarsan&#8221; ya &#8220;evl\u0259n\u0259rs\u0259n&#8221; kimi s\u00f6hb\u0259tl\u0259r etmirik. Bel\u0259 \u015feyl\u0259r ad\u0259t\u0259n dostlarla g\u00f6r\u00fc\u015f\u0259nd\u0259 ba\u015f verir. Kims\u0259 3 ya\u015fl\u0131 u\u015fa\u011f\u0131n yan\u0131nda evl\u0259nm\u0259k, kimis\u0259 almaq s\u00f6hb\u0259tl\u0259rini ed\u0259nd\u0259 tez etiraz edir\u0259m. Xahi\u015f edir\u0259m ki, bel\u0259 s\u00f6hb\u0259tl\u0259r etm\u0259sinl\u0259r.\n<\/p>\n<p>\n  \u00c7\u00fcnki yetkinlik ya\u015f\u0131na \u00e7atandan sonra ya\u015fad\u0131\u011f\u0131m kompleksl\u0259ri, iztirablar\u0131 o\u011flumun ya\u015famas\u0131n\u0131 ist\u0259mir\u0259m. \u00c7\u00fcnki ail\u0259 qurana q\u0259d\u0259r n\u0259 edirs\u0259m edim, tutdu\u011fum sosial pill\u0259d\u0259n, savad\u0131mdan, u\u011furlar\u0131mdan as\u0131l\u0131 olmayaraq, \u00f6z\u00fcm\u00fc natamam, k\u0259m, b\u0259db\u0259xt hiss edirdim. D\u00fc\u015f\u00fcn\u00fcrd\u00fcm ki, Nobel m\u00fckafat\u0131 ala bil\u0259r\u0259m, d\u00fcnyan\u0131 g\u0259z\u0259, ist\u0259diyim v\u0259zif\u0259y\u0259, d\u00f6vl\u0259t\u0259, \u015f\u00f6hr\u0259t\u0259 sahib ola bil\u0259r\u0259m, amma ail\u0259m yoxdursa, b\u00fct\u00fcn bunlar\u0131n he\u00e7 bir m\u0259nas\u0131 olmayacaq.\n<\/p>\n<p>\n  M\u0259n ail\u0259 qurma\u011f\u0131n vacib oldu\u011funu bunu ist\u0259diyim \u00fc\u00e7\u00fcn deyil, sosial sifari\u015fin bel\u0259 oldu\u011funu bildiyim \u00fc\u00e7\u00fcn d\u00fc\u015f\u00fcn\u00fcrd\u00fcm. U\u015faql\u0131qdan ail\u0259min, qohumlar\u0131m\u0131n, tan\u0131yan, \u00fcnsiyy\u0259ti olan h\u0259r k\u0259sin m\u0259ni haz\u0131rla\u015fd\u0131rd\u0131qlar\u0131 bir prosedur, bir status vard\u0131. Evlilik proseduru, evlilik statusu. Bu prosedurdan ke\u00e7m\u0259y\u0259n, bu stasusa sahib olmayan birinin insanlar t\u0259r\u0259find\u0259n nec\u0259 qar\u015f\u0131land\u0131\u011f\u0131n\u0131 g\u00f6rm\u00fc\u015fd\u00fcm u\u015faql\u0131qdan. G\u00f6z\u00fcm\u00fcn qar\u015f\u0131s\u0131nda onlarla G\u00fcl\u0259ndam taleyi vard\u0131. \u015e\u0259h\u0259rli, k\u0259ndli, v\u0259zif\u0259li, v\u0259zif\u0259siz, g\u00f6z\u0259l, \u00e7irkin G\u00fcl\u0259ndamlar. Onlar bar\u0259d\u0259 birc\u0259 fikir m\u00f6vcud idi \u2013 ugursuzdur, \u0259rsizdir, u\u015faqs\u0131zd\u0131r.\n<\/p>\n<p>\n  M\u0259n q\u0131zlar g\u00f6rm\u00fc\u015fd\u00fcm ki, 3 ali t\u0259hsili var, q\u0131zlar g\u00f6rm\u00fc\u015fd\u00fcm ki, 5 dil bilir, q\u0131zar g\u00f6rm\u00fc\u015fd\u00fcm ki, \u0259la v\u0259kildir, q\u0131zlar g\u00f6rm\u00fc\u015fd\u00fcm ki, biznesini qurub, b\u00fct\u00fcn qohumlar\u0131na k\u00f6m\u0259k edir. Amma ham\u0131s\u0131na insanlar\u0131n bax\u0131\u015f\u0131nda bir m\u0259rh\u0259m\u0259t hissi, ya qara, iyr\u0259nc bir sevincqar\u0131\u015f\u0131q h\u0259s\u0259d hissi: ail\u0259sizdir, u\u015faqs\u0131zd\u0131r, u\u011fursuzdur.\n<\/p>\n<p>\n  M\u0259n G\u00fcl\u0259ndam\u0131 ona g\u00f6r\u0259 daha a\u011fr\u0131l\u0131 q\u0259bul etmi\u015fdim ki, o, m\u0259nim cinsimd\u0259n idi, onun yerin\u0259 \u00f6z\u00fcm\u00fc qoya bilirdim. Amma ya\u015fland\u0131qca ki\u015fil\u0259rimizin d\u0259 eyni taley\u0259 sahib oldu\u011funu, h\u0259r \u015fey\u0259 sahib olsa da, ail\u0259si yoxdursa, eyni m\u00fcnasib\u0259ti g\u00f6rd\u00fcy\u00fcn\u00fcn \u015fahidi oldum. Birc\u0259 f\u0259rql\u0259 ki, ki\u015finin rahat g\u0259zm\u0259k, \u0259yl\u0259nm\u0259k, cinsi h\u0259yat ya\u015famaq imkan\u0131 var, qad\u0131ndasa yoxdu. Amma ail\u0259 qurmayan insanlara g\u00f6st\u0259ril\u0259n m\u0259rh\u0259m\u0259t, t\u0259\u0259ss\u00fcf hissl\u0259ri eynidir. Onlar bar\u0259d\u0259 fikir eynidir: ail\u0259sizdir, u\u015faqs\u0131zd\u0131r, u\u011fursuzdur&#8230;\n<\/p>\n<p>\n  Bizim \u00f6z\u00fcm\u00fcz\u00fc d\u0259 el\u0259 hiss etm\u0259y\u0259 m\u0259cbur edirl\u0259r. U\u015faql\u0131qdan bizi m\u00fc\u015fayi\u0259t ed\u0259n evliliyin z\u0259ruriliyi ger\u00e7\u0259yi, ail\u0259sizliyin u\u011fursuzluq, b\u0259db\u0259xtlik oldu\u011fu d\u00fc\u015f\u00fcnc\u0259si \u00f6m\u00fcrl\u00fck beynimiz\u0259, \u00fcr\u0259yimiz\u0259 h\u0259kk olunur. M\u0259s\u0259l\u0259 ba\u015fqalar\u0131n\u0131n d\u00fc\u015f\u00fcnm\u0259yi, hesab etm\u0259yi il\u0259 bitmir art\u0131q, biz \u00f6z\u00fcm\u00fcz el\u0259 hiss edirik: ail\u0259sizik, u\u015faqs\u0131z\u0131q, b\u0259db\u0259xtik!\n<\/p>\n<p>\n  M\u0259n o\u011flumun bunlar\u0131 ya\u015famas\u0131n\u0131 ist\u0259mir\u0259m. \u00d6vlad\u0131m\u0131 evlilik s\u00f6hb\u0259tind\u0259n uzaq tuturam. Qoy bunun z\u0259ruriliyini hiss etm\u0259sin. Qoy g\u00f6rs\u00fcn ki, evlilik ya\u015fam t\u0259rzl\u0259rind\u0259n ancaq biridir. \u0130nsan t\u0259k d\u0259 ya\u015faya bil\u0259r \u00f6m\u00fcr boyu, dostlar\u0131 il\u0259 bir evd\u0259 d\u0259 ya\u015faya bil\u0259r, sevgilisi il\u0259 d\u0259 ya\u015faya bil\u0259r, ist\u0259s\u0259 evl\u0259nib, ail\u0259 d\u0259 qura bil\u0259r. Amma variantlar \u00e7oxdur, se\u00e7iml\u0259r \u00e7oxdur v\u0259 he\u00e7 biri n\u0259 daha u\u011furlu, n\u0259 d\u0259 daha u\u011fursuz deyil. Bu, m\u0259nim \u00f6vlad\u0131m\u0131 c\u0259miyy\u0259tin tabular\u0131ndan, sifari\u015fl\u0259rind\u0259n, m\u0259cburetm\u0259l\u0259rind\u0259n qoruma c\u0259hdimdir.<\/p>\n","protected":false},"excerpt":{"rendered":"<p>Bizim t\u0259r\u0259fl\u0259rd\u0259 bir G\u00fcl\u0259ndam qar\u0131 vard\u0131.<\/p>\n","protected":false},"author":11,"featured_media":79558,"comment_status":"closed","ping_status":"open","sticky":false,"template":"","format":"standard","meta":{"_acf_changed":false,"_sitemap_exclude":false,"_sitemap_priority":"","_sitemap_frequency":"","footnotes":""},"categories":[57],"tags":[],"class_list":["post-182993","post","type-post","status-publish","format-standard","has-post-thumbnail","hentry","category-menim-fikrimce","infinite-scroll-item","generate-columns","tablet-grid-50","mobile-grid-100","grid-parent","grid-33","no-featured-image-padding"],"acf":[],"yoast_head":"<!-- This site is optimized with the Yoast SEO plugin v27.5 - https:\/\/yoast.com\/product\/yoast-seo-wordpress\/ -->\n<title>K\u00f6rp\u0259l\u0259rimiz\u0259 &#039;&#039;evl\u0259nm\u0259k&#039;&#039; terroru - MEYDAN.TV<\/title>\n<meta name=\"robots\" content=\"index, follow, max-snippet:-1, max-image-preview:large, max-video-preview:-1\" \/>\n<link rel=\"canonical\" href=\"https:\/\/www.meydan.tv\/az\/article\/korpelerimize-evlenmek-terroru\/\" \/>\n<meta property=\"og:locale\" content=\"az_AZ\" \/>\n<meta property=\"og:type\" content=\"article\" \/>\n<meta property=\"og:title\" content=\"K\u00f6rp\u0259l\u0259rimiz\u0259 &#039;&#039;evl\u0259nm\u0259k&#039;&#039; terroru - MEYDAN.TV\" \/>\n<meta property=\"og:description\" content=\"Bizim t\u0259r\u0259fl\u0259rd\u0259 bir G\u00fcl\u0259ndam qar\u0131 vard\u0131.\" \/>\n<meta property=\"og:url\" content=\"https:\/\/www.meydan.tv\/az\/article\/korpelerimize-evlenmek-terroru\/\" \/>\n<meta property=\"og:site_name\" content=\"MEYDAN.TV\" \/>\n<meta property=\"article:published_time\" content=\"2017-03-04T21:07:45+00:00\" \/>\n<meta property=\"og:image\" content=\"https:\/\/www.meydan.tv\/wp-content\/uploads\/31012.png\" \/>\n\t<meta property=\"og:image:width\" content=\"1000\" \/>\n\t<meta property=\"og:image:height\" content=\"560\" \/>\n\t<meta property=\"og:image:type\" content=\"image\/png\" \/>\n<meta name=\"author\" content=\"user-manager\" \/>\n<meta name=\"twitter:card\" content=\"summary_large_image\" \/>\n<script type=\"application\/ld+json\" class=\"yoast-schema-graph\">{\"@context\":\"https:\\\/\\\/schema.org\",\"@graph\":[{\"@type\":\"Article\",\"@id\":\"https:\\\/\\\/www.meydan.tv\\\/az\\\/article\\\/korpelerimize-evlenmek-terroru\\\/#article\",\"isPartOf\":{\"@id\":\"https:\\\/\\\/www.meydan.tv\\\/az\\\/article\\\/korpelerimize-evlenmek-terroru\\\/\"},\"author\":{\"name\":\"user-manager\",\"@id\":\"https:\\\/\\\/www.meydan.tv\\\/az\\\/#\\\/schema\\\/person\\\/10d11eccf6da3662cf5fdab9806ea91a\"},\"headline\":\"K\u00f6rp\u0259l\u0259rimiz\u0259 &#8221;evl\u0259nm\u0259k&#8221; terroru\",\"datePublished\":\"2017-03-04T21:07:45+00:00\",\"mainEntityOfPage\":{\"@id\":\"https:\\\/\\\/www.meydan.tv\\\/az\\\/article\\\/korpelerimize-evlenmek-terroru\\\/\"},\"wordCount\":1453,\"publisher\":{\"@id\":\"https:\\\/\\\/www.meydan.tv\\\/az\\\/#organization\"},\"image\":{\"@id\":\"https:\\\/\\\/www.meydan.tv\\\/az\\\/article\\\/korpelerimize-evlenmek-terroru\\\/#primaryimage\"},\"thumbnailUrl\":\"https:\\\/\\\/www.meydan.tv\\\/wp-content\\\/uploads\\\/31012.png\",\"articleSection\":[\"M\u0259nim Fikrimc\u0259\"],\"inLanguage\":\"az\"},{\"@type\":\"WebPage\",\"@id\":\"https:\\\/\\\/www.meydan.tv\\\/az\\\/article\\\/korpelerimize-evlenmek-terroru\\\/\",\"url\":\"https:\\\/\\\/www.meydan.tv\\\/az\\\/article\\\/korpelerimize-evlenmek-terroru\\\/\",\"name\":\"K\u00f6rp\u0259l\u0259rimiz\u0259 ''evl\u0259nm\u0259k'' terroru - MEYDAN.TV\",\"isPartOf\":{\"@id\":\"https:\\\/\\\/www.meydan.tv\\\/az\\\/#website\"},\"primaryImageOfPage\":{\"@id\":\"https:\\\/\\\/www.meydan.tv\\\/az\\\/article\\\/korpelerimize-evlenmek-terroru\\\/#primaryimage\"},\"image\":{\"@id\":\"https:\\\/\\\/www.meydan.tv\\\/az\\\/article\\\/korpelerimize-evlenmek-terroru\\\/#primaryimage\"},\"thumbnailUrl\":\"https:\\\/\\\/www.meydan.tv\\\/wp-content\\\/uploads\\\/31012.png\",\"datePublished\":\"2017-03-04T21:07:45+00:00\",\"breadcrumb\":{\"@id\":\"https:\\\/\\\/www.meydan.tv\\\/az\\\/article\\\/korpelerimize-evlenmek-terroru\\\/#breadcrumb\"},\"inLanguage\":\"az\",\"potentialAction\":[{\"@type\":\"ReadAction\",\"target\":[\"https:\\\/\\\/www.meydan.tv\\\/az\\\/article\\\/korpelerimize-evlenmek-terroru\\\/\"]}]},{\"@type\":\"ImageObject\",\"inLanguage\":\"az\",\"@id\":\"https:\\\/\\\/www.meydan.tv\\\/az\\\/article\\\/korpelerimize-evlenmek-terroru\\\/#primaryimage\",\"url\":\"https:\\\/\\\/www.meydan.tv\\\/wp-content\\\/uploads\\\/31012.png\",\"contentUrl\":\"https:\\\/\\\/www.meydan.tv\\\/wp-content\\\/uploads\\\/31012.png\",\"width\":1000,\"height\":560,\"caption\":\"Source:\"},{\"@type\":\"BreadcrumbList\",\"@id\":\"https:\\\/\\\/www.meydan.tv\\\/az\\\/article\\\/korpelerimize-evlenmek-terroru\\\/#breadcrumb\",\"itemListElement\":[{\"@type\":\"ListItem\",\"position\":1,\"name\":\"Ana s\u0259hif\u0259\",\"item\":\"https:\\\/\\\/www.meydan.tv\\\/az\\\/\"},{\"@type\":\"ListItem\",\"position\":2,\"name\":\"M\u0259nim Fikrimc\u0259\",\"item\":\"https:\\\/\\\/www.meydan.tv\\\/az\\\/section\\\/menim-fikrimce\\\/\"},{\"@type\":\"ListItem\",\"position\":3,\"name\":\"K\u00f6rp\u0259l\u0259rimiz\u0259 &#8221;evl\u0259nm\u0259k&#8221; terroru\"}]},{\"@type\":\"WebSite\",\"@id\":\"https:\\\/\\\/www.meydan.tv\\\/az\\\/#website\",\"url\":\"https:\\\/\\\/www.meydan.tv\\\/az\\\/\",\"name\":\"MEYDAN.TV\",\"description\":\"Meydan TV Az\u0259rbaycan\u0131n media m\u0259kan\u0131ndak\u0131 alternativ s\u0259sidir\",\"publisher\":{\"@id\":\"https:\\\/\\\/www.meydan.tv\\\/az\\\/#organization\"},\"potentialAction\":[{\"@type\":\"SearchAction\",\"target\":{\"@type\":\"EntryPoint\",\"urlTemplate\":\"https:\\\/\\\/www.meydan.tv\\\/az\\\/?s={search_term_string}\"},\"query-input\":{\"@type\":\"PropertyValueSpecification\",\"valueRequired\":true,\"valueName\":\"search_term_string\"}}],\"inLanguage\":\"az\"},{\"@type\":\"Organization\",\"@id\":\"https:\\\/\\\/www.meydan.tv\\\/az\\\/#organization\",\"name\":\"Meydan TV\",\"url\":\"https:\\\/\\\/www.meydan.tv\\\/az\\\/\",\"logo\":{\"@type\":\"ImageObject\",\"inLanguage\":\"az\",\"@id\":\"https:\\\/\\\/www.meydan.tv\\\/az\\\/#\\\/schema\\\/logo\\\/image\\\/\",\"url\":\"https:\\\/\\\/www.meydan.tv\\\/wp-content\\\/uploads\\\/2021\\\/07\\\/meydan-logo.svg\",\"contentUrl\":\"https:\\\/\\\/www.meydan.tv\\\/wp-content\\\/uploads\\\/2021\\\/07\\\/meydan-logo.svg\",\"width\":195,\"height\":46,\"caption\":\"Meydan TV\"},\"image\":{\"@id\":\"https:\\\/\\\/www.meydan.tv\\\/az\\\/#\\\/schema\\\/logo\\\/image\\\/\"}},{\"@type\":\"Person\",\"@id\":\"https:\\\/\\\/www.meydan.tv\\\/az\\\/#\\\/schema\\\/person\\\/10d11eccf6da3662cf5fdab9806ea91a\",\"name\":\"user-manager\"}]}<\/script>\n<!-- \/ Yoast SEO plugin. -->","yoast_head_json":{"title":"K\u00f6rp\u0259l\u0259rimiz\u0259 ''evl\u0259nm\u0259k'' terroru - MEYDAN.TV","robots":{"index":"index","follow":"follow","max-snippet":"max-snippet:-1","max-image-preview":"max-image-preview:large","max-video-preview":"max-video-preview:-1"},"canonical":"https:\/\/www.meydan.tv\/az\/article\/korpelerimize-evlenmek-terroru\/","og_locale":"az_AZ","og_type":"article","og_title":"K\u00f6rp\u0259l\u0259rimiz\u0259 ''evl\u0259nm\u0259k'' terroru - MEYDAN.TV","og_description":"Bizim t\u0259r\u0259fl\u0259rd\u0259 bir G\u00fcl\u0259ndam qar\u0131 vard\u0131.","og_url":"https:\/\/www.meydan.tv\/az\/article\/korpelerimize-evlenmek-terroru\/","og_site_name":"MEYDAN.TV","article_published_time":"2017-03-04T21:07:45+00:00","og_image":[{"width":1000,"height":560,"url":"https:\/\/www.meydan.tv\/wp-content\/uploads\/31012.png","type":"image\/png"}],"author":"user-manager","twitter_card":"summary_large_image","schema":{"@context":"https:\/\/schema.org","@graph":[{"@type":"Article","@id":"https:\/\/www.meydan.tv\/az\/article\/korpelerimize-evlenmek-terroru\/#article","isPartOf":{"@id":"https:\/\/www.meydan.tv\/az\/article\/korpelerimize-evlenmek-terroru\/"},"author":{"name":"user-manager","@id":"https:\/\/www.meydan.tv\/az\/#\/schema\/person\/10d11eccf6da3662cf5fdab9806ea91a"},"headline":"K\u00f6rp\u0259l\u0259rimiz\u0259 &#8221;evl\u0259nm\u0259k&#8221; terroru","datePublished":"2017-03-04T21:07:45+00:00","mainEntityOfPage":{"@id":"https:\/\/www.meydan.tv\/az\/article\/korpelerimize-evlenmek-terroru\/"},"wordCount":1453,"publisher":{"@id":"https:\/\/www.meydan.tv\/az\/#organization"},"image":{"@id":"https:\/\/www.meydan.tv\/az\/article\/korpelerimize-evlenmek-terroru\/#primaryimage"},"thumbnailUrl":"https:\/\/www.meydan.tv\/wp-content\/uploads\/31012.png","articleSection":["M\u0259nim Fikrimc\u0259"],"inLanguage":"az"},{"@type":"WebPage","@id":"https:\/\/www.meydan.tv\/az\/article\/korpelerimize-evlenmek-terroru\/","url":"https:\/\/www.meydan.tv\/az\/article\/korpelerimize-evlenmek-terroru\/","name":"K\u00f6rp\u0259l\u0259rimiz\u0259 ''evl\u0259nm\u0259k'' terroru - MEYDAN.TV","isPartOf":{"@id":"https:\/\/www.meydan.tv\/az\/#website"},"primaryImageOfPage":{"@id":"https:\/\/www.meydan.tv\/az\/article\/korpelerimize-evlenmek-terroru\/#primaryimage"},"image":{"@id":"https:\/\/www.meydan.tv\/az\/article\/korpelerimize-evlenmek-terroru\/#primaryimage"},"thumbnailUrl":"https:\/\/www.meydan.tv\/wp-content\/uploads\/31012.png","datePublished":"2017-03-04T21:07:45+00:00","breadcrumb":{"@id":"https:\/\/www.meydan.tv\/az\/article\/korpelerimize-evlenmek-terroru\/#breadcrumb"},"inLanguage":"az","potentialAction":[{"@type":"ReadAction","target":["https:\/\/www.meydan.tv\/az\/article\/korpelerimize-evlenmek-terroru\/"]}]},{"@type":"ImageObject","inLanguage":"az","@id":"https:\/\/www.meydan.tv\/az\/article\/korpelerimize-evlenmek-terroru\/#primaryimage","url":"https:\/\/www.meydan.tv\/wp-content\/uploads\/31012.png","contentUrl":"https:\/\/www.meydan.tv\/wp-content\/uploads\/31012.png","width":1000,"height":560,"caption":"Source:"},{"@type":"BreadcrumbList","@id":"https:\/\/www.meydan.tv\/az\/article\/korpelerimize-evlenmek-terroru\/#breadcrumb","itemListElement":[{"@type":"ListItem","position":1,"name":"Ana s\u0259hif\u0259","item":"https:\/\/www.meydan.tv\/az\/"},{"@type":"ListItem","position":2,"name":"M\u0259nim Fikrimc\u0259","item":"https:\/\/www.meydan.tv\/az\/section\/menim-fikrimce\/"},{"@type":"ListItem","position":3,"name":"K\u00f6rp\u0259l\u0259rimiz\u0259 &#8221;evl\u0259nm\u0259k&#8221; terroru"}]},{"@type":"WebSite","@id":"https:\/\/www.meydan.tv\/az\/#website","url":"https:\/\/www.meydan.tv\/az\/","name":"MEYDAN.TV","description":"Meydan TV Az\u0259rbaycan\u0131n media m\u0259kan\u0131ndak\u0131 alternativ s\u0259sidir","publisher":{"@id":"https:\/\/www.meydan.tv\/az\/#organization"},"potentialAction":[{"@type":"SearchAction","target":{"@type":"EntryPoint","urlTemplate":"https:\/\/www.meydan.tv\/az\/?s={search_term_string}"},"query-input":{"@type":"PropertyValueSpecification","valueRequired":true,"valueName":"search_term_string"}}],"inLanguage":"az"},{"@type":"Organization","@id":"https:\/\/www.meydan.tv\/az\/#organization","name":"Meydan TV","url":"https:\/\/www.meydan.tv\/az\/","logo":{"@type":"ImageObject","inLanguage":"az","@id":"https:\/\/www.meydan.tv\/az\/#\/schema\/logo\/image\/","url":"https:\/\/www.meydan.tv\/wp-content\/uploads\/2021\/07\/meydan-logo.svg","contentUrl":"https:\/\/www.meydan.tv\/wp-content\/uploads\/2021\/07\/meydan-logo.svg","width":195,"height":46,"caption":"Meydan TV"},"image":{"@id":"https:\/\/www.meydan.tv\/az\/#\/schema\/logo\/image\/"}},{"@type":"Person","@id":"https:\/\/www.meydan.tv\/az\/#\/schema\/person\/10d11eccf6da3662cf5fdab9806ea91a","name":"user-manager"}]}},"_links":{"self":[{"href":"https:\/\/www.meydan.tv\/az\/wp-json\/wp\/v2\/posts\/182993","targetHints":{"allow":["GET"]}}],"collection":[{"href":"https:\/\/www.meydan.tv\/az\/wp-json\/wp\/v2\/posts"}],"about":[{"href":"https:\/\/www.meydan.tv\/az\/wp-json\/wp\/v2\/types\/post"}],"author":[{"embeddable":true,"href":"https:\/\/www.meydan.tv\/az\/wp-json\/wp\/v2\/users\/11"}],"replies":[{"embeddable":true,"href":"https:\/\/www.meydan.tv\/az\/wp-json\/wp\/v2\/comments?post=182993"}],"version-history":[{"count":0,"href":"https:\/\/www.meydan.tv\/az\/wp-json\/wp\/v2\/posts\/182993\/revisions"}],"wp:featuredmedia":[{"embeddable":true,"href":"https:\/\/www.meydan.tv\/az\/wp-json\/wp\/v2\/media\/79558"}],"wp:attachment":[{"href":"https:\/\/www.meydan.tv\/az\/wp-json\/wp\/v2\/media?parent=182993"}],"wp:term":[{"taxonomy":"category","embeddable":true,"href":"https:\/\/www.meydan.tv\/az\/wp-json\/wp\/v2\/categories?post=182993"},{"taxonomy":"post_tag","embeddable":true,"href":"https:\/\/www.meydan.tv\/az\/wp-json\/wp\/v2\/tags?post=182993"}],"curies":[{"name":"wp","href":"https:\/\/api.w.org\/{rel}","templated":true}]}}