{"id":182991,"date":"2017-03-04T17:42:29","date_gmt":"2017-03-04T17:42:29","guid":{"rendered":"https:\/\/www.meydan.tv\/article\/qazanci-demirden-cixan-adam\/"},"modified":"2021-10-29T16:13:16","modified_gmt":"2021-10-29T12:13:16","slug":"qazanci-demirden-cixan-adam","status":"publish","type":"post","link":"https:\/\/www.meydan.tv\/az\/article\/qazanci-demirden-cixan-adam\/","title":{"rendered":"Qazanc\u0131 d\u0259mird\u0259n \u00e7\u0131xan adam"},"content":{"rendered":"<figure class=\"wp-block-image size-large\">\n  <img decoding=\"async\" src=\"https:\/\/www.meydan.tv\/az\/at-nali-duzeltmek-ucun-demiri-yaxsi-qizdirib-daha-sonra-nal-formasina-salir\/\" alt=\"At nal\u0131 d\u00fcz\u0259ltm\u0259k \u00fc\u00e7\u00fcn d\u0259miri yax\u015f\u0131 q\u0131zd\u0131r\u0131b, daha sonra nal formas\u0131na sal\u0131r\" class=\"wp-image-80416\"\/><figcaption>\n    At nal\u0131 d\u00fcz\u0259ltm\u0259k \u00fc\u00e7\u00fcn d\u0259miri yax\u015f\u0131 q\u0131zd\u0131r\u0131b, daha sonra nal formas\u0131na sal\u0131r<br \/>\n  <\/figcaption><\/figure>\n<p>\n  Cavan\u015fir Qurbanov d\u0259mir\u00e7idir. O, Zaqatalan\u0131n Lah\u0131c k\u0259ndind\u0259 ya\u015fay\u0131r. 55 ya\u015fl\u0131 Cavan\u015fir usta d\u0259mir\u00e7iliy\u0259 27 il \u0259vv\u0259l yerli kolxozda, usta k\u00f6m\u0259k\u00e7isi kimi ba\u015flay\u0131b. Ustan\u0131n ki\u00e7ik emalatxanas\u0131nda h\u0259m d\u0259mir par\u00e7alar\u0131, h\u0259m d\u0259 haz\u0131r \u0259\u015fyalar v\u0259 t\u0259s\u0259rr\u00fcfat al\u0259tl\u0259ri var.\n<\/p>\n<p>\n  \u201cBu ora\u011f\u0131 m\u0259n d\u00fcz\u0259ltm\u0259mi\u015f\u0259m, n\u00fcmun\u0259 kimi qoymu\u015fam. M\u0259n daha yax\u015f\u0131 d\u00fcz\u0259ldir\u0259m\u201d &#8211; \u0259\u015fyalar\u0131 g\u00f6st\u0259r\u0259rk\u0259n deyir.\n<\/p>\n<p>\n  Cavan\u015fir usta \u0259vv\u0259lc\u0259 d\u0259mir par\u00e7alar\u0131n\u0131 soban\u0131n \u00fcst\u00fcnd\u0259 da\u015f k\u00f6m\u00fcrl\u0259 q\u0131zd\u0131r\u0131r, sonra k\u0259narda, zindan\u0131n \u00fcst\u00fcnd\u0259 q\u0131zm\u0131\u015f d\u0259mir\u0259 laz\u0131m olan forman\u0131 verir.\n<\/p>\n<p>\n  Deyir ki, t\u0259s\u0259rr\u00fcfat al\u0259tl\u0259rin\u0259 t\u0259l\u0259bat azal\u0131b. Amma bacar\u0131ql\u0131 oldu\u011fu \u00fc\u00e7\u00fcn qon\u015fu k\u0259ndl\u0259rd\u0259n d\u0259 sifari\u015f verm\u0259y\u0259, \u0259\u015fya alma\u011fa g\u0259l\u0259nl\u0259r \u00e7oxdur. Cavan\u015fir usta deyir ki, k\u0259ndlil\u0259r \u0259n \u00e7ox balta, d\u0259hr\u0259, nal kimi al\u0259tl\u0259r \u00fc\u00e7\u00fcn yan\u0131na g\u0259lir:\n<\/p>\n<p>\n  \u201c\u0130\u015f olsa, g\u00fcn\u00fcm\u00fcn 5-6 saat\u0131n\u0131 burada ke\u00e7irir\u0259m. Bir c\u00fct nal\u0131 yar\u0131m saata d\u00fcz\u0259ldir\u0259m. Qiym\u0259tl\u0259r 10-20 manat aras\u0131 d\u0259yi\u015fir. Ancaq b\u0259z\u0259n ax\u015fama q\u0259d\u0259r qalmal\u0131 oluram. \u0130\u015fd\u0259n as\u0131l\u0131d\u0131r\u201d.\n<\/p>\n<figure class=\"wp-block-image size-large\">\n  <img decoding=\"async\" src=\"https:\/\/www.meydan.tv\/az\/zaqatalanin-merkezinden-lahic-kendine-26-km\/\" alt=\"Zaqatalan\u0131n m\u0259rk\u0259zind\u0259n Lah\u0131c k\u0259ndin\u0259 26 km\" class=\"wp-image-80419\"\/><figcaption>\n    Zaqatalan\u0131n m\u0259rk\u0259zind\u0259n Lah\u0131c k\u0259ndin\u0259 26 km<br \/>\n  <\/figcaption><\/figure>\n<figure class=\"wp-block-image size-large\">\n  <img decoding=\"async\" src=\"https:\/\/www.meydan.tv\/az\/cavansir-usta-gunun-bir-nece-saatini-ozu-ucun-hazirladigi-is-otaginda-kecirir\/\" alt=\"Cavan\u015fir usta g\u00fcn\u00fcn bir ne\u00e7\u0259 saat\u0131n\u0131 \u00f6z\u00fc \u00fc\u00e7\u00fcn haz\u0131rlad\u0131\u011f\u0131 i\u015f ota\u011f\u0131nda ke\u00e7irir\" class=\"wp-image-80422\"\/><figcaption>\n    Cavan\u015fir usta g\u00fcn\u00fcn bir ne\u00e7\u0259 saat\u0131n\u0131 \u00f6z\u00fc \u00fc\u00e7\u00fcn haz\u0131rlad\u0131\u011f\u0131 i\u015f ota\u011f\u0131nda ke\u00e7irir<br \/>\n  <\/figcaption><\/figure>\n<figure class=\"wp-block-image size-large\">\n  <img decoding=\"async\" src=\"https:\/\/www.meydan.tv\/az\/at-nali-duzeltmek-ucun-demiri-yaxsi-qizdirib-daha-sonra-nal-formasina-salir\/\" alt=\"At nal\u0131 d\u00fcz\u0259ltm\u0259k \u00fc\u00e7\u00fcn d\u0259miri yax\u015f\u0131 q\u0131zd\u0131r\u0131b, daha sonra nal formas\u0131na sal\u0131r\" class=\"wp-image-80416\"\/><figcaption>\n    At nal\u0131 d\u00fcz\u0259ltm\u0259k \u00fc\u00e7\u00fcn d\u0259miri yax\u015f\u0131 q\u0131zd\u0131r\u0131b, daha sonra nal formas\u0131na sal\u0131r<br \/>\n  <\/figcaption><\/figure>\n<figure class=\"wp-block-image size-large\">\n  <img decoding=\"async\" src=\"https:\/\/www.meydan.tv\/az\/usta-sovetden-qalan-aletlerle-de-islerini-davam-etdirir\/\" alt=\"Usta sovetd\u0259n qalan al\u0259tl\u0259rl\u0259 d\u0259 i\u015fl\u0259rini davam etdirir\" class=\"wp-image-80425\"\/><figcaption>\n    Usta sovetd\u0259n qalan al\u0259tl\u0259rl\u0259 d\u0259 i\u015fl\u0259rini davam etdirir<br \/>\n  <\/figcaption><\/figure>\n<figure class=\"wp-block-image size-large\">\n  <img decoding=\"async\" src=\"https:\/\/www.meydan.tv\/az\/ilin-butun-fesillerinde-muxtelif-novlu-isler-olur\/\" alt=\"\u0130lin b\u00fct\u00fcn f\u0259sill\u0259rind\u0259 m\u00fcxt\u0259lif n\u00f6vl\u00fc i\u015fl\u0259r olur\" class=\"wp-image-80428\"\/><figcaption>\n    \u0130lin b\u00fct\u00fcn f\u0259sill\u0259rind\u0259 m\u00fcxt\u0259lif n\u00f6vl\u00fc i\u015fl\u0259r olur<br \/>\n  <\/figcaption><\/figure>\n<figure class=\"wp-block-image size-large\">\n  <img decoding=\"async\" src=\"https:\/\/www.meydan.tv\/az\/cavansir-usta-deyir-ki-qonsu-kendlerden-gelib-ona-at-nali-sifaris-verirler\/\" alt=\"Cavan\u015fir usta deyir ki, qon\u015fu k\u0259ndl\u0259rd\u0259n g\u0259lib ona at nal\u0131 sifari\u015f verirl\u0259r\" class=\"wp-image-80431\"\/><figcaption>\n    Cavan\u015fir usta deyir ki, qon\u015fu k\u0259ndl\u0259rd\u0259n g\u0259lib ona at nal\u0131 sifari\u015f verirl\u0259r<br \/>\n  <\/figcaption><\/figure>\n","protected":false},"excerpt":{"rendered":"<p>Cavan\u015fir Qurbanov d\u0259mir\u00e7idir.<\/p>\n","protected":false},"author":11,"featured_media":80416,"comment_status":"closed","ping_status":"open","sticky":false,"template":"","format":"standard","meta":{"_acf_changed":false,"_sitemap_exclude":false,"_sitemap_priority":"","_sitemap_frequency":"","footnotes":""},"categories":[58],"tags":[],"class_list":["post-182991","post","type-post","status-publish","format-standard","has-post-thumbnail","hentry","category-fotoreportaj","infinite-scroll-item","generate-columns","tablet-grid-50","mobile-grid-100","grid-parent","grid-33","no-featured-image-padding"],"acf":[],"yoast_head":"<!-- This site is optimized with the Yoast SEO plugin v27.4 - https:\/\/yoast.com\/product\/yoast-seo-wordpress\/ -->\n<title>Qazanc\u0131 d\u0259mird\u0259n \u00e7\u0131xan adam - MEYDAN.TV<\/title>\n<meta name=\"robots\" content=\"index, follow, max-snippet:-1, max-image-preview:large, max-video-preview:-1\" \/>\n<link rel=\"canonical\" href=\"https:\/\/www.meydan.tv\/az\/article\/qazanci-demirden-cixan-adam\/\" \/>\n<meta property=\"og:locale\" content=\"az_AZ\" \/>\n<meta property=\"og:type\" content=\"article\" \/>\n<meta property=\"og:title\" content=\"Qazanc\u0131 d\u0259mird\u0259n \u00e7\u0131xan adam - MEYDAN.TV\" \/>\n<meta property=\"og:description\" content=\"Cavan\u015fir Qurbanov d\u0259mir\u00e7idir.\" \/>\n<meta property=\"og:url\" content=\"https:\/\/www.meydan.tv\/az\/article\/qazanci-demirden-cixan-adam\/\" \/>\n<meta property=\"og:site_name\" content=\"MEYDAN.TV\" \/>\n<meta property=\"article:published_time\" content=\"2017-03-04T17:42:29+00:00\" \/>\n<meta property=\"article:modified_time\" content=\"2021-10-29T12:13:16+00:00\" \/>\n<meta property=\"og:image\" content=\"https:\/\/www.meydan.tv\/wp-content\/uploads\/31381.jpg\" \/>\n\t<meta property=\"og:image:width\" content=\"2500\" \/>\n\t<meta property=\"og:image:height\" content=\"1667\" \/>\n\t<meta property=\"og:image:type\" content=\"image\/jpeg\" \/>\n<meta name=\"author\" content=\"user-manager\" \/>\n<meta name=\"twitter:card\" content=\"summary_large_image\" \/>\n<script type=\"application\/ld+json\" class=\"yoast-schema-graph\">{\"@context\":\"https:\\\/\\\/schema.org\",\"@graph\":[{\"@type\":\"Article\",\"@id\":\"https:\\\/\\\/www.meydan.tv\\\/az\\\/article\\\/qazanci-demirden-cixan-adam\\\/#article\",\"isPartOf\":{\"@id\":\"https:\\\/\\\/www.meydan.tv\\\/az\\\/article\\\/qazanci-demirden-cixan-adam\\\/\"},\"author\":{\"name\":\"user-manager\",\"@id\":\"https:\\\/\\\/www.meydan.tv\\\/az\\\/#\\\/schema\\\/person\\\/10d11eccf6da3662cf5fdab9806ea91a\"},\"headline\":\"Qazanc\u0131 d\u0259mird\u0259n \u00e7\u0131xan adam\",\"datePublished\":\"2017-03-04T17:42:29+00:00\",\"dateModified\":\"2021-10-29T12:13:16+00:00\",\"mainEntityOfPage\":{\"@id\":\"https:\\\/\\\/www.meydan.tv\\\/az\\\/article\\\/qazanci-demirden-cixan-adam\\\/\"},\"wordCount\":369,\"publisher\":{\"@id\":\"https:\\\/\\\/www.meydan.tv\\\/az\\\/#organization\"},\"image\":{\"@id\":\"https:\\\/\\\/www.meydan.tv\\\/az\\\/article\\\/qazanci-demirden-cixan-adam\\\/#primaryimage\"},\"thumbnailUrl\":\"https:\\\/\\\/www.meydan.tv\\\/wp-content\\\/uploads\\\/31381.jpg\",\"articleSection\":[\"Fotoreportaj\"],\"inLanguage\":\"az\"},{\"@type\":\"WebPage\",\"@id\":\"https:\\\/\\\/www.meydan.tv\\\/az\\\/article\\\/qazanci-demirden-cixan-adam\\\/\",\"url\":\"https:\\\/\\\/www.meydan.tv\\\/az\\\/article\\\/qazanci-demirden-cixan-adam\\\/\",\"name\":\"Qazanc\u0131 d\u0259mird\u0259n \u00e7\u0131xan adam - MEYDAN.TV\",\"isPartOf\":{\"@id\":\"https:\\\/\\\/www.meydan.tv\\\/az\\\/#website\"},\"primaryImageOfPage\":{\"@id\":\"https:\\\/\\\/www.meydan.tv\\\/az\\\/article\\\/qazanci-demirden-cixan-adam\\\/#primaryimage\"},\"image\":{\"@id\":\"https:\\\/\\\/www.meydan.tv\\\/az\\\/article\\\/qazanci-demirden-cixan-adam\\\/#primaryimage\"},\"thumbnailUrl\":\"https:\\\/\\\/www.meydan.tv\\\/wp-content\\\/uploads\\\/31381.jpg\",\"datePublished\":\"2017-03-04T17:42:29+00:00\",\"dateModified\":\"2021-10-29T12:13:16+00:00\",\"breadcrumb\":{\"@id\":\"https:\\\/\\\/www.meydan.tv\\\/az\\\/article\\\/qazanci-demirden-cixan-adam\\\/#breadcrumb\"},\"inLanguage\":\"az\",\"potentialAction\":[{\"@type\":\"ReadAction\",\"target\":[\"https:\\\/\\\/www.meydan.tv\\\/az\\\/article\\\/qazanci-demirden-cixan-adam\\\/\"]}]},{\"@type\":\"ImageObject\",\"inLanguage\":\"az\",\"@id\":\"https:\\\/\\\/www.meydan.tv\\\/az\\\/article\\\/qazanci-demirden-cixan-adam\\\/#primaryimage\",\"url\":\"https:\\\/\\\/www.meydan.tv\\\/wp-content\\\/uploads\\\/31381.jpg\",\"contentUrl\":\"https:\\\/\\\/www.meydan.tv\\\/wp-content\\\/uploads\\\/31381.jpg\",\"width\":2500,\"height\":1667,\"caption\":\"Source:\"},{\"@type\":\"BreadcrumbList\",\"@id\":\"https:\\\/\\\/www.meydan.tv\\\/az\\\/article\\\/qazanci-demirden-cixan-adam\\\/#breadcrumb\",\"itemListElement\":[{\"@type\":\"ListItem\",\"position\":1,\"name\":\"Ana s\u0259hif\u0259\",\"item\":\"https:\\\/\\\/www.meydan.tv\\\/az\\\/\"},{\"@type\":\"ListItem\",\"position\":2,\"name\":\"Fotoreportaj\",\"item\":\"https:\\\/\\\/www.meydan.tv\\\/az\\\/section\\\/fotoreportaj\\\/\"},{\"@type\":\"ListItem\",\"position\":3,\"name\":\"Qazanc\u0131 d\u0259mird\u0259n \u00e7\u0131xan adam\"}]},{\"@type\":\"WebSite\",\"@id\":\"https:\\\/\\\/www.meydan.tv\\\/az\\\/#website\",\"url\":\"https:\\\/\\\/www.meydan.tv\\\/az\\\/\",\"name\":\"MEYDAN.TV\",\"description\":\"Meydan TV Az\u0259rbaycan\u0131n media m\u0259kan\u0131ndak\u0131 alternativ s\u0259sidir\",\"publisher\":{\"@id\":\"https:\\\/\\\/www.meydan.tv\\\/az\\\/#organization\"},\"potentialAction\":[{\"@type\":\"SearchAction\",\"target\":{\"@type\":\"EntryPoint\",\"urlTemplate\":\"https:\\\/\\\/www.meydan.tv\\\/az\\\/?s={search_term_string}\"},\"query-input\":{\"@type\":\"PropertyValueSpecification\",\"valueRequired\":true,\"valueName\":\"search_term_string\"}}],\"inLanguage\":\"az\"},{\"@type\":\"Organization\",\"@id\":\"https:\\\/\\\/www.meydan.tv\\\/az\\\/#organization\",\"name\":\"Meydan TV\",\"url\":\"https:\\\/\\\/www.meydan.tv\\\/az\\\/\",\"logo\":{\"@type\":\"ImageObject\",\"inLanguage\":\"az\",\"@id\":\"https:\\\/\\\/www.meydan.tv\\\/az\\\/#\\\/schema\\\/logo\\\/image\\\/\",\"url\":\"https:\\\/\\\/www.meydan.tv\\\/wp-content\\\/uploads\\\/2021\\\/07\\\/meydan-logo.svg\",\"contentUrl\":\"https:\\\/\\\/www.meydan.tv\\\/wp-content\\\/uploads\\\/2021\\\/07\\\/meydan-logo.svg\",\"width\":195,\"height\":46,\"caption\":\"Meydan TV\"},\"image\":{\"@id\":\"https:\\\/\\\/www.meydan.tv\\\/az\\\/#\\\/schema\\\/logo\\\/image\\\/\"}},{\"@type\":\"Person\",\"@id\":\"https:\\\/\\\/www.meydan.tv\\\/az\\\/#\\\/schema\\\/person\\\/10d11eccf6da3662cf5fdab9806ea91a\",\"name\":\"user-manager\"}]}<\/script>\n<!-- \/ Yoast SEO plugin. -->","yoast_head_json":{"title":"Qazanc\u0131 d\u0259mird\u0259n \u00e7\u0131xan adam - MEYDAN.TV","robots":{"index":"index","follow":"follow","max-snippet":"max-snippet:-1","max-image-preview":"max-image-preview:large","max-video-preview":"max-video-preview:-1"},"canonical":"https:\/\/www.meydan.tv\/az\/article\/qazanci-demirden-cixan-adam\/","og_locale":"az_AZ","og_type":"article","og_title":"Qazanc\u0131 d\u0259mird\u0259n \u00e7\u0131xan adam - MEYDAN.TV","og_description":"Cavan\u015fir Qurbanov d\u0259mir\u00e7idir.","og_url":"https:\/\/www.meydan.tv\/az\/article\/qazanci-demirden-cixan-adam\/","og_site_name":"MEYDAN.TV","article_published_time":"2017-03-04T17:42:29+00:00","article_modified_time":"2021-10-29T12:13:16+00:00","og_image":[{"width":2500,"height":1667,"url":"https:\/\/www.meydan.tv\/wp-content\/uploads\/31381.jpg","type":"image\/jpeg"}],"author":"user-manager","twitter_card":"summary_large_image","schema":{"@context":"https:\/\/schema.org","@graph":[{"@type":"Article","@id":"https:\/\/www.meydan.tv\/az\/article\/qazanci-demirden-cixan-adam\/#article","isPartOf":{"@id":"https:\/\/www.meydan.tv\/az\/article\/qazanci-demirden-cixan-adam\/"},"author":{"name":"user-manager","@id":"https:\/\/www.meydan.tv\/az\/#\/schema\/person\/10d11eccf6da3662cf5fdab9806ea91a"},"headline":"Qazanc\u0131 d\u0259mird\u0259n \u00e7\u0131xan adam","datePublished":"2017-03-04T17:42:29+00:00","dateModified":"2021-10-29T12:13:16+00:00","mainEntityOfPage":{"@id":"https:\/\/www.meydan.tv\/az\/article\/qazanci-demirden-cixan-adam\/"},"wordCount":369,"publisher":{"@id":"https:\/\/www.meydan.tv\/az\/#organization"},"image":{"@id":"https:\/\/www.meydan.tv\/az\/article\/qazanci-demirden-cixan-adam\/#primaryimage"},"thumbnailUrl":"https:\/\/www.meydan.tv\/wp-content\/uploads\/31381.jpg","articleSection":["Fotoreportaj"],"inLanguage":"az"},{"@type":"WebPage","@id":"https:\/\/www.meydan.tv\/az\/article\/qazanci-demirden-cixan-adam\/","url":"https:\/\/www.meydan.tv\/az\/article\/qazanci-demirden-cixan-adam\/","name":"Qazanc\u0131 d\u0259mird\u0259n \u00e7\u0131xan adam - MEYDAN.TV","isPartOf":{"@id":"https:\/\/www.meydan.tv\/az\/#website"},"primaryImageOfPage":{"@id":"https:\/\/www.meydan.tv\/az\/article\/qazanci-demirden-cixan-adam\/#primaryimage"},"image":{"@id":"https:\/\/www.meydan.tv\/az\/article\/qazanci-demirden-cixan-adam\/#primaryimage"},"thumbnailUrl":"https:\/\/www.meydan.tv\/wp-content\/uploads\/31381.jpg","datePublished":"2017-03-04T17:42:29+00:00","dateModified":"2021-10-29T12:13:16+00:00","breadcrumb":{"@id":"https:\/\/www.meydan.tv\/az\/article\/qazanci-demirden-cixan-adam\/#breadcrumb"},"inLanguage":"az","potentialAction":[{"@type":"ReadAction","target":["https:\/\/www.meydan.tv\/az\/article\/qazanci-demirden-cixan-adam\/"]}]},{"@type":"ImageObject","inLanguage":"az","@id":"https:\/\/www.meydan.tv\/az\/article\/qazanci-demirden-cixan-adam\/#primaryimage","url":"https:\/\/www.meydan.tv\/wp-content\/uploads\/31381.jpg","contentUrl":"https:\/\/www.meydan.tv\/wp-content\/uploads\/31381.jpg","width":2500,"height":1667,"caption":"Source:"},{"@type":"BreadcrumbList","@id":"https:\/\/www.meydan.tv\/az\/article\/qazanci-demirden-cixan-adam\/#breadcrumb","itemListElement":[{"@type":"ListItem","position":1,"name":"Ana s\u0259hif\u0259","item":"https:\/\/www.meydan.tv\/az\/"},{"@type":"ListItem","position":2,"name":"Fotoreportaj","item":"https:\/\/www.meydan.tv\/az\/section\/fotoreportaj\/"},{"@type":"ListItem","position":3,"name":"Qazanc\u0131 d\u0259mird\u0259n \u00e7\u0131xan adam"}]},{"@type":"WebSite","@id":"https:\/\/www.meydan.tv\/az\/#website","url":"https:\/\/www.meydan.tv\/az\/","name":"MEYDAN.TV","description":"Meydan TV Az\u0259rbaycan\u0131n media m\u0259kan\u0131ndak\u0131 alternativ s\u0259sidir","publisher":{"@id":"https:\/\/www.meydan.tv\/az\/#organization"},"potentialAction":[{"@type":"SearchAction","target":{"@type":"EntryPoint","urlTemplate":"https:\/\/www.meydan.tv\/az\/?s={search_term_string}"},"query-input":{"@type":"PropertyValueSpecification","valueRequired":true,"valueName":"search_term_string"}}],"inLanguage":"az"},{"@type":"Organization","@id":"https:\/\/www.meydan.tv\/az\/#organization","name":"Meydan TV","url":"https:\/\/www.meydan.tv\/az\/","logo":{"@type":"ImageObject","inLanguage":"az","@id":"https:\/\/www.meydan.tv\/az\/#\/schema\/logo\/image\/","url":"https:\/\/www.meydan.tv\/wp-content\/uploads\/2021\/07\/meydan-logo.svg","contentUrl":"https:\/\/www.meydan.tv\/wp-content\/uploads\/2021\/07\/meydan-logo.svg","width":195,"height":46,"caption":"Meydan TV"},"image":{"@id":"https:\/\/www.meydan.tv\/az\/#\/schema\/logo\/image\/"}},{"@type":"Person","@id":"https:\/\/www.meydan.tv\/az\/#\/schema\/person\/10d11eccf6da3662cf5fdab9806ea91a","name":"user-manager"}]}},"_links":{"self":[{"href":"https:\/\/www.meydan.tv\/az\/wp-json\/wp\/v2\/posts\/182991","targetHints":{"allow":["GET"]}}],"collection":[{"href":"https:\/\/www.meydan.tv\/az\/wp-json\/wp\/v2\/posts"}],"about":[{"href":"https:\/\/www.meydan.tv\/az\/wp-json\/wp\/v2\/types\/post"}],"author":[{"embeddable":true,"href":"https:\/\/www.meydan.tv\/az\/wp-json\/wp\/v2\/users\/11"}],"replies":[{"embeddable":true,"href":"https:\/\/www.meydan.tv\/az\/wp-json\/wp\/v2\/comments?post=182991"}],"version-history":[{"count":1,"href":"https:\/\/www.meydan.tv\/az\/wp-json\/wp\/v2\/posts\/182991\/revisions"}],"predecessor-version":[{"id":216643,"href":"https:\/\/www.meydan.tv\/az\/wp-json\/wp\/v2\/posts\/182991\/revisions\/216643"}],"wp:featuredmedia":[{"embeddable":true,"href":"https:\/\/www.meydan.tv\/az\/wp-json\/wp\/v2\/media\/80416"}],"wp:attachment":[{"href":"https:\/\/www.meydan.tv\/az\/wp-json\/wp\/v2\/media?parent=182991"}],"wp:term":[{"taxonomy":"category","embeddable":true,"href":"https:\/\/www.meydan.tv\/az\/wp-json\/wp\/v2\/categories?post=182991"},{"taxonomy":"post_tag","embeddable":true,"href":"https:\/\/www.meydan.tv\/az\/wp-json\/wp\/v2\/tags?post=182991"}],"curies":[{"name":"wp","href":"https:\/\/api.w.org\/{rel}","templated":true}]}}