{"id":182980,"date":"2017-03-04T02:57:05","date_gmt":"2017-03-04T02:57:05","guid":{"rendered":"https:\/\/www.meydan.tv\/article\/mehmanin-hebsi-hakimiyyet-ucun-ciddi-basagrisina-cevrilecek\/"},"modified":"2017-03-04T02:57:05","modified_gmt":"2017-03-04T02:57:05","slug":"mehmanin-hebsi-hakimiyyet-ucun-ciddi-basagrisina-cevrilecek","status":"publish","type":"post","link":"https:\/\/www.meydan.tv\/az\/article\/mehmanin-hebsi-hakimiyyet-ucun-ciddi-basagrisina-cevrilecek\/","title":{"rendered":"Mehman\u0131n h\u0259bsi hakimiyy\u0259t \u00fc\u00e7\u00fcn ciddi ba\u015fa\u011fr\u0131s\u0131na \u00e7evril\u0259c\u0259k"},"content":{"rendered":"<p>\n  Mehman\u0131n h\u0259bsi repressiyalar\u0131n durdurulaca\u011f\u0131, islahatlara start veril\u0259c\u0259yi bar\u0259d\u0259 na\u011f\u0131llar\u0131 n\u00f6vb\u0259ti d\u0259f\u0259 yalanlad\u0131. T\u0259bii ki, bu h\u0259bsin arxas\u0131nda duran \u0259sas motiv el\u0259 h\u0259minkidir: qorxudan qorxutmaq.\n<\/p>\n<p>\n  Mehman bloqqer kimi hakimiyy\u0259t \u00fc\u00e7\u00fcn ciddi ba\u015fa\u011fr\u0131s\u0131 idi. Onun \u201cSancaq\u201dda yerl\u0259\u015fdirdiyi korrupsiya, qanunsuzluq, m\u0259mur \u00f6zba\u015f\u0131nal\u0131\u011f\u0131 m\u00f6vzusunda s\u00fcjetl\u0259rin\u0259 y\u00fczminl\u0259rl\u0259 insan bax\u0131rd\u0131. Nazirl\u0259rin, mill\u0259t v\u0259kill\u0259rinin, m\u0259murlar\u0131n \u00e7oxmilyonlu villalar\u0131 il\u0259 ba\u011fl\u0131 reportajlar\u0131n insanlardak\u0131 yaratd\u0131\u011f\u0131 ovqat\u0131 h\u0259min reportajlar\u0131n alt\u0131nda \u201co\u011frular\u201d, \u201cquldurlar\u201d, \u201cr\u0259dd olsun monarxiya\u201d kimi nisb\u0259t\u0259n yum\u015faq ifad\u0259l\u0259rd\u0259n tutmu\u015f hakimiyy\u0259tin \u00fcnvan\u0131na \u0259n s\u0259rt s\u00f6y\u00fc\u015fl\u0259r\u0259 q\u0259d\u0259r \u015f\u0259rhl\u0259rd\u0259 g\u00f6rm\u0259k olurdu. Mehman bu reportajlar\u0131 il\u0259 insanlar\u0131 maarifl\u0259ndirirdi, d\u00fc\u015f\u00fcnd\u00fcr\u00fcrd\u00fc, onlar\u0131 \u015foka sal\u0131rd\u0131. Onun h\u0259bsi h\u0259min reportajlara baxanlar\u0131n, oradak\u0131 s\u00f6y\u00fc\u015fl\u0259rin dair\u0259si xeyli geni\u015fl\u0259ndir\u0259c\u0259k. O c\u00fcml\u0259d\u0259n, birinci ledinin h\u0259m d\u0259 Birinci vitse-prezident t\u0259yin edilm\u0259si kimi utancverici hadis\u0259 il\u0259 ba\u011fl\u0131 videobloqunda a\u00e7d\u0131\u011f\u0131 ictimai m\u00fczakir\u0259l\u0259r\u0259 maraq onun h\u0259bsi il\u0259 daha da artacaq. \u00d6z\u00fc d\u0259 t\u0259kc\u0259 \u00f6lk\u0259 h\u00fcdudlar\u0131 \u00e7\u0259r\u00e7iv\u0259sind\u0259 yox.\n<\/p>\n<p>\n  Mehman adi adamlar aras\u0131nda da \u00e7ox populyar idi. Onun \u00e7ox zaman t\u0259nqid h\u0259d\u0259fi olan malalanmam\u0131\u015f, amma \u015firin dan\u0131\u015f\u0131\u011f\u0131 adi adamlara do\u011fma g\u0259lirdi, onlar Mehman\u0131 \u00f6zl\u0259rin\u0259 yax\u0131n bilirdil\u0259r, k\u00fc\u00e7\u0259d\u0259, bay\u0131rda onu barmaqla g\u00f6st\u0259rirdil\u0259r.\n<\/p>\n<p>\n  Mehman ictimai sektorda, g\u0259ncl\u0259r aras\u0131nda \u00e7ox populyar idi, onu \u00f6z\u00fcn\u0259 \u00f6rn\u0259k sayanlar\u0131n b\u00f6y\u00fck bir dair\u0259si, \u00e7oxlu ard\u0131c\u0131llar\u0131 var idi. Civ\u0259 kimi qaynayan bu g\u0259nci h\u0259r yerd\u0259 g\u00f6rm\u0259k olurdu. Polis d\u0259y\u0259n\u0259kl\u0259rinin i\u015f\u0259 d\u00fc\u015fd\u00fcy\u00fc mitinql\u0259rin \u0259n gur yerl\u0259rind\u0259, son ill\u0259r hesab\u0131n\u0131 itirdiyimiz sifari\u015fli m\u0259hk\u0259m\u0259 prosesl\u0259rind\u0259, \u00f6z\u00fcn\u00fc m\u00fcsahibi kimi avam yerin\u0259 qoyub Hac\u0131bala Abutalovla m\u0259z\u0259l\u0259n\u0259nd\u0259, se\u00e7ki m\u0259nt\u0259q\u0259l\u0259rind\u0259ki karusell\u0259rd\u0259, polis idar\u0259l\u0259rinin, h\u0259bsxanalar\u0131n qaba\u011f\u0131nda&#8230; Mehman h\u0259r yerd\u0259 idi, \u0259n \u00e7\u0259tin anlar\u0131m\u0131zda da, \u0259n xo\u015f d\u0259qiq\u0259l\u0259rimizd\u0259 d\u0259 yan\u0131m\u0131zda idi. Mehman ona g\u00f6r\u0259 \u00e7ox sevilirdi.\n<\/p>\n<p>\n  Mehman\u0131 q\u0259hr\u0259man sayanlar\u0131n ordusu var bu \u00f6lk\u0259d\u0259. Ordusu olan q\u0259hr\u0259man\u0131 is\u0259 hakimiyy\u0259t h\u0259r zaman \u00f6z\u00fc \u00fc\u00e7\u00fcn t\u0259hl\u00fck\u0259 say\u0131b.\n<\/p>\n<p>\n  Mehman h\u0259m d\u0259 girov idi. Emin H\u00fcseynovu xaric\u0259 buraxsalar da, qarda\u015f\u0131n\u0131n \u00f6lk\u0259d\u0259 girov kimi saxlanmas\u0131 ona dinc oturmaq bar\u0259d\u0259 x\u0259b\u0259rdarl\u0131q idi. Mehman h\u0259m \u00f6z\u00fcn\u00fcn, h\u0259m d\u0259 dinc durmayan qarda\u015f\u0131n\u0131n yatmad\u0131\u011f\u0131 h\u0259bsi \u00e7\u0259k\u0259c\u0259k.\n<\/p>\n<p>\n  Mehman\u0131n h\u0259bsi hakimiyy\u0259t \u00fc\u00e7\u00fcn ciddi ba\u015fa\u011fr\u0131s\u0131na \u00e7evril\u0259c\u0259k. G\u0259nc f\u0259al, u\u011furlu bloqqer, QHT lideri, diffamasiya ittiham\u0131 (\u00f6z\u00fc d\u0259 kimin-kimin, i\u015fg\u0259nc\u0259l\u0259r\u0259 g\u00f6r\u0259 ad \u00e7\u0131xarm\u0131\u015f polisimizin \u015fikay\u0259ti \u0259sas\u0131nda!), ke\u00e7mi\u015f siyasi m\u0259hbusun qarda\u015f\u0131 olmas\u0131 bir t\u0259r\u0259f\u0259, \u00fcz\u00fcnd\u0259n he\u00e7 zaman \u0259skik olmayan t\u0259b\u0259ss\u00fcm, orijinal sa\u00e7 d\u00fcz\u00fcm\u00fc, yara\u015f\u0131ql\u0131 g\u00f6r\u00fcn\u00fc\u015f\u00fc \u2013 onu kampaniyalar \u00fc\u00e7\u00fcn \u00e7ox simpatik siyasi dusta\u011fa \u00e7evirir.<br \/>\n  <br \/>\n  M\u00f6hk\u0259m ol, \u0259ziz dost, s\u0259ni sevirik!<\/p>\n","protected":false},"excerpt":{"rendered":"<p>Mehman\u0131n h\u0259bsi repressiyalar\u0131n durdurulaca\u011f\u0131, islahatlara start veril\u0259c\u0259yi bar\u0259d\u0259 na\u011f\u0131llar\u0131 n\u00f6vb\u0259ti d\u0259f\u0259 yalanlad\u0131.<\/p>\n","protected":false},"author":11,"featured_media":80377,"comment_status":"closed","ping_status":"open","sticky":false,"template":"","format":"standard","meta":{"_acf_changed":false,"_sitemap_exclude":false,"_sitemap_priority":"","_sitemap_frequency":"","footnotes":""},"categories":[57],"tags":[],"class_list":["post-182980","post","type-post","status-publish","format-standard","has-post-thumbnail","hentry","category-menim-fikrimce","infinite-scroll-item","generate-columns","tablet-grid-50","mobile-grid-100","grid-parent","grid-33","no-featured-image-padding"],"acf":[],"yoast_head":"<!-- This site is optimized with the Yoast SEO plugin v27.5 - https:\/\/yoast.com\/product\/yoast-seo-wordpress\/ -->\n<title>Mehman\u0131n h\u0259bsi hakimiyy\u0259t \u00fc\u00e7\u00fcn ciddi ba\u015fa\u011fr\u0131s\u0131na \u00e7evril\u0259c\u0259k - MEYDAN.TV<\/title>\n<meta name=\"robots\" content=\"index, follow, max-snippet:-1, max-image-preview:large, max-video-preview:-1\" \/>\n<link rel=\"canonical\" href=\"https:\/\/www.meydan.tv\/az\/article\/mehmanin-hebsi-hakimiyyet-ucun-ciddi-basagrisina-cevrilecek\/\" \/>\n<meta property=\"og:locale\" content=\"az_AZ\" \/>\n<meta property=\"og:type\" content=\"article\" \/>\n<meta property=\"og:title\" content=\"Mehman\u0131n h\u0259bsi hakimiyy\u0259t \u00fc\u00e7\u00fcn ciddi ba\u015fa\u011fr\u0131s\u0131na \u00e7evril\u0259c\u0259k - MEYDAN.TV\" \/>\n<meta property=\"og:description\" content=\"Mehman\u0131n h\u0259bsi repressiyalar\u0131n durdurulaca\u011f\u0131, islahatlara start veril\u0259c\u0259yi bar\u0259d\u0259 na\u011f\u0131llar\u0131 n\u00f6vb\u0259ti d\u0259f\u0259 yalanlad\u0131.\" \/>\n<meta property=\"og:url\" content=\"https:\/\/www.meydan.tv\/az\/article\/mehmanin-hebsi-hakimiyyet-ucun-ciddi-basagrisina-cevrilecek\/\" \/>\n<meta property=\"og:site_name\" content=\"MEYDAN.TV\" \/>\n<meta property=\"article:published_time\" content=\"2017-03-04T02:57:05+00:00\" \/>\n<meta property=\"og:image\" content=\"https:\/\/www.meydan.tv\/wp-content\/uploads\/31370-scaled.jpg\" \/>\n\t<meta property=\"og:image:width\" content=\"2560\" \/>\n\t<meta property=\"og:image:height\" content=\"1707\" \/>\n\t<meta property=\"og:image:type\" content=\"image\/jpeg\" \/>\n<meta name=\"author\" content=\"user-manager\" \/>\n<meta name=\"twitter:card\" content=\"summary_large_image\" \/>\n<script type=\"application\/ld+json\" class=\"yoast-schema-graph\">{\"@context\":\"https:\\\/\\\/schema.org\",\"@graph\":[{\"@type\":\"Article\",\"@id\":\"https:\\\/\\\/www.meydan.tv\\\/az\\\/article\\\/mehmanin-hebsi-hakimiyyet-ucun-ciddi-basagrisina-cevrilecek\\\/#article\",\"isPartOf\":{\"@id\":\"https:\\\/\\\/www.meydan.tv\\\/az\\\/article\\\/mehmanin-hebsi-hakimiyyet-ucun-ciddi-basagrisina-cevrilecek\\\/\"},\"author\":{\"name\":\"user-manager\",\"@id\":\"https:\\\/\\\/www.meydan.tv\\\/az\\\/#\\\/schema\\\/person\\\/10d11eccf6da3662cf5fdab9806ea91a\"},\"headline\":\"Mehman\u0131n h\u0259bsi hakimiyy\u0259t \u00fc\u00e7\u00fcn ciddi ba\u015fa\u011fr\u0131s\u0131na \u00e7evril\u0259c\u0259k\",\"datePublished\":\"2017-03-04T02:57:05+00:00\",\"mainEntityOfPage\":{\"@id\":\"https:\\\/\\\/www.meydan.tv\\\/az\\\/article\\\/mehmanin-hebsi-hakimiyyet-ucun-ciddi-basagrisina-cevrilecek\\\/\"},\"wordCount\":591,\"publisher\":{\"@id\":\"https:\\\/\\\/www.meydan.tv\\\/az\\\/#organization\"},\"image\":{\"@id\":\"https:\\\/\\\/www.meydan.tv\\\/az\\\/article\\\/mehmanin-hebsi-hakimiyyet-ucun-ciddi-basagrisina-cevrilecek\\\/#primaryimage\"},\"thumbnailUrl\":\"https:\\\/\\\/www.meydan.tv\\\/wp-content\\\/uploads\\\/31370-scaled.jpg\",\"articleSection\":[\"M\u0259nim Fikrimc\u0259\"],\"inLanguage\":\"az\"},{\"@type\":\"WebPage\",\"@id\":\"https:\\\/\\\/www.meydan.tv\\\/az\\\/article\\\/mehmanin-hebsi-hakimiyyet-ucun-ciddi-basagrisina-cevrilecek\\\/\",\"url\":\"https:\\\/\\\/www.meydan.tv\\\/az\\\/article\\\/mehmanin-hebsi-hakimiyyet-ucun-ciddi-basagrisina-cevrilecek\\\/\",\"name\":\"Mehman\u0131n h\u0259bsi hakimiyy\u0259t \u00fc\u00e7\u00fcn ciddi ba\u015fa\u011fr\u0131s\u0131na \u00e7evril\u0259c\u0259k - MEYDAN.TV\",\"isPartOf\":{\"@id\":\"https:\\\/\\\/www.meydan.tv\\\/az\\\/#website\"},\"primaryImageOfPage\":{\"@id\":\"https:\\\/\\\/www.meydan.tv\\\/az\\\/article\\\/mehmanin-hebsi-hakimiyyet-ucun-ciddi-basagrisina-cevrilecek\\\/#primaryimage\"},\"image\":{\"@id\":\"https:\\\/\\\/www.meydan.tv\\\/az\\\/article\\\/mehmanin-hebsi-hakimiyyet-ucun-ciddi-basagrisina-cevrilecek\\\/#primaryimage\"},\"thumbnailUrl\":\"https:\\\/\\\/www.meydan.tv\\\/wp-content\\\/uploads\\\/31370-scaled.jpg\",\"datePublished\":\"2017-03-04T02:57:05+00:00\",\"breadcrumb\":{\"@id\":\"https:\\\/\\\/www.meydan.tv\\\/az\\\/article\\\/mehmanin-hebsi-hakimiyyet-ucun-ciddi-basagrisina-cevrilecek\\\/#breadcrumb\"},\"inLanguage\":\"az\",\"potentialAction\":[{\"@type\":\"ReadAction\",\"target\":[\"https:\\\/\\\/www.meydan.tv\\\/az\\\/article\\\/mehmanin-hebsi-hakimiyyet-ucun-ciddi-basagrisina-cevrilecek\\\/\"]}]},{\"@type\":\"ImageObject\",\"inLanguage\":\"az\",\"@id\":\"https:\\\/\\\/www.meydan.tv\\\/az\\\/article\\\/mehmanin-hebsi-hakimiyyet-ucun-ciddi-basagrisina-cevrilecek\\\/#primaryimage\",\"url\":\"https:\\\/\\\/www.meydan.tv\\\/wp-content\\\/uploads\\\/31370-scaled.jpg\",\"contentUrl\":\"https:\\\/\\\/www.meydan.tv\\\/wp-content\\\/uploads\\\/31370-scaled.jpg\",\"width\":2560,\"height\":1707,\"caption\":\"Source:\"},{\"@type\":\"BreadcrumbList\",\"@id\":\"https:\\\/\\\/www.meydan.tv\\\/az\\\/article\\\/mehmanin-hebsi-hakimiyyet-ucun-ciddi-basagrisina-cevrilecek\\\/#breadcrumb\",\"itemListElement\":[{\"@type\":\"ListItem\",\"position\":1,\"name\":\"Ana s\u0259hif\u0259\",\"item\":\"https:\\\/\\\/www.meydan.tv\\\/az\\\/\"},{\"@type\":\"ListItem\",\"position\":2,\"name\":\"M\u0259nim Fikrimc\u0259\",\"item\":\"https:\\\/\\\/www.meydan.tv\\\/az\\\/section\\\/menim-fikrimce\\\/\"},{\"@type\":\"ListItem\",\"position\":3,\"name\":\"Mehman\u0131n h\u0259bsi hakimiyy\u0259t \u00fc\u00e7\u00fcn ciddi ba\u015fa\u011fr\u0131s\u0131na \u00e7evril\u0259c\u0259k\"}]},{\"@type\":\"WebSite\",\"@id\":\"https:\\\/\\\/www.meydan.tv\\\/az\\\/#website\",\"url\":\"https:\\\/\\\/www.meydan.tv\\\/az\\\/\",\"name\":\"MEYDAN.TV\",\"description\":\"Meydan TV Az\u0259rbaycan\u0131n media m\u0259kan\u0131ndak\u0131 alternativ s\u0259sidir\",\"publisher\":{\"@id\":\"https:\\\/\\\/www.meydan.tv\\\/az\\\/#organization\"},\"potentialAction\":[{\"@type\":\"SearchAction\",\"target\":{\"@type\":\"EntryPoint\",\"urlTemplate\":\"https:\\\/\\\/www.meydan.tv\\\/az\\\/?s={search_term_string}\"},\"query-input\":{\"@type\":\"PropertyValueSpecification\",\"valueRequired\":true,\"valueName\":\"search_term_string\"}}],\"inLanguage\":\"az\"},{\"@type\":\"Organization\",\"@id\":\"https:\\\/\\\/www.meydan.tv\\\/az\\\/#organization\",\"name\":\"Meydan TV\",\"url\":\"https:\\\/\\\/www.meydan.tv\\\/az\\\/\",\"logo\":{\"@type\":\"ImageObject\",\"inLanguage\":\"az\",\"@id\":\"https:\\\/\\\/www.meydan.tv\\\/az\\\/#\\\/schema\\\/logo\\\/image\\\/\",\"url\":\"https:\\\/\\\/www.meydan.tv\\\/wp-content\\\/uploads\\\/2021\\\/07\\\/meydan-logo.svg\",\"contentUrl\":\"https:\\\/\\\/www.meydan.tv\\\/wp-content\\\/uploads\\\/2021\\\/07\\\/meydan-logo.svg\",\"width\":195,\"height\":46,\"caption\":\"Meydan TV\"},\"image\":{\"@id\":\"https:\\\/\\\/www.meydan.tv\\\/az\\\/#\\\/schema\\\/logo\\\/image\\\/\"}},{\"@type\":\"Person\",\"@id\":\"https:\\\/\\\/www.meydan.tv\\\/az\\\/#\\\/schema\\\/person\\\/10d11eccf6da3662cf5fdab9806ea91a\",\"name\":\"user-manager\"}]}<\/script>\n<!-- \/ Yoast SEO plugin. -->","yoast_head_json":{"title":"Mehman\u0131n h\u0259bsi hakimiyy\u0259t \u00fc\u00e7\u00fcn ciddi ba\u015fa\u011fr\u0131s\u0131na \u00e7evril\u0259c\u0259k - MEYDAN.TV","robots":{"index":"index","follow":"follow","max-snippet":"max-snippet:-1","max-image-preview":"max-image-preview:large","max-video-preview":"max-video-preview:-1"},"canonical":"https:\/\/www.meydan.tv\/az\/article\/mehmanin-hebsi-hakimiyyet-ucun-ciddi-basagrisina-cevrilecek\/","og_locale":"az_AZ","og_type":"article","og_title":"Mehman\u0131n h\u0259bsi hakimiyy\u0259t \u00fc\u00e7\u00fcn ciddi ba\u015fa\u011fr\u0131s\u0131na \u00e7evril\u0259c\u0259k - MEYDAN.TV","og_description":"Mehman\u0131n h\u0259bsi repressiyalar\u0131n durdurulaca\u011f\u0131, islahatlara start veril\u0259c\u0259yi bar\u0259d\u0259 na\u011f\u0131llar\u0131 n\u00f6vb\u0259ti d\u0259f\u0259 yalanlad\u0131.","og_url":"https:\/\/www.meydan.tv\/az\/article\/mehmanin-hebsi-hakimiyyet-ucun-ciddi-basagrisina-cevrilecek\/","og_site_name":"MEYDAN.TV","article_published_time":"2017-03-04T02:57:05+00:00","og_image":[{"width":2560,"height":1707,"url":"https:\/\/www.meydan.tv\/wp-content\/uploads\/31370-scaled.jpg","type":"image\/jpeg"}],"author":"user-manager","twitter_card":"summary_large_image","schema":{"@context":"https:\/\/schema.org","@graph":[{"@type":"Article","@id":"https:\/\/www.meydan.tv\/az\/article\/mehmanin-hebsi-hakimiyyet-ucun-ciddi-basagrisina-cevrilecek\/#article","isPartOf":{"@id":"https:\/\/www.meydan.tv\/az\/article\/mehmanin-hebsi-hakimiyyet-ucun-ciddi-basagrisina-cevrilecek\/"},"author":{"name":"user-manager","@id":"https:\/\/www.meydan.tv\/az\/#\/schema\/person\/10d11eccf6da3662cf5fdab9806ea91a"},"headline":"Mehman\u0131n h\u0259bsi hakimiyy\u0259t \u00fc\u00e7\u00fcn ciddi ba\u015fa\u011fr\u0131s\u0131na \u00e7evril\u0259c\u0259k","datePublished":"2017-03-04T02:57:05+00:00","mainEntityOfPage":{"@id":"https:\/\/www.meydan.tv\/az\/article\/mehmanin-hebsi-hakimiyyet-ucun-ciddi-basagrisina-cevrilecek\/"},"wordCount":591,"publisher":{"@id":"https:\/\/www.meydan.tv\/az\/#organization"},"image":{"@id":"https:\/\/www.meydan.tv\/az\/article\/mehmanin-hebsi-hakimiyyet-ucun-ciddi-basagrisina-cevrilecek\/#primaryimage"},"thumbnailUrl":"https:\/\/www.meydan.tv\/wp-content\/uploads\/31370-scaled.jpg","articleSection":["M\u0259nim Fikrimc\u0259"],"inLanguage":"az"},{"@type":"WebPage","@id":"https:\/\/www.meydan.tv\/az\/article\/mehmanin-hebsi-hakimiyyet-ucun-ciddi-basagrisina-cevrilecek\/","url":"https:\/\/www.meydan.tv\/az\/article\/mehmanin-hebsi-hakimiyyet-ucun-ciddi-basagrisina-cevrilecek\/","name":"Mehman\u0131n h\u0259bsi hakimiyy\u0259t \u00fc\u00e7\u00fcn ciddi ba\u015fa\u011fr\u0131s\u0131na \u00e7evril\u0259c\u0259k - MEYDAN.TV","isPartOf":{"@id":"https:\/\/www.meydan.tv\/az\/#website"},"primaryImageOfPage":{"@id":"https:\/\/www.meydan.tv\/az\/article\/mehmanin-hebsi-hakimiyyet-ucun-ciddi-basagrisina-cevrilecek\/#primaryimage"},"image":{"@id":"https:\/\/www.meydan.tv\/az\/article\/mehmanin-hebsi-hakimiyyet-ucun-ciddi-basagrisina-cevrilecek\/#primaryimage"},"thumbnailUrl":"https:\/\/www.meydan.tv\/wp-content\/uploads\/31370-scaled.jpg","datePublished":"2017-03-04T02:57:05+00:00","breadcrumb":{"@id":"https:\/\/www.meydan.tv\/az\/article\/mehmanin-hebsi-hakimiyyet-ucun-ciddi-basagrisina-cevrilecek\/#breadcrumb"},"inLanguage":"az","potentialAction":[{"@type":"ReadAction","target":["https:\/\/www.meydan.tv\/az\/article\/mehmanin-hebsi-hakimiyyet-ucun-ciddi-basagrisina-cevrilecek\/"]}]},{"@type":"ImageObject","inLanguage":"az","@id":"https:\/\/www.meydan.tv\/az\/article\/mehmanin-hebsi-hakimiyyet-ucun-ciddi-basagrisina-cevrilecek\/#primaryimage","url":"https:\/\/www.meydan.tv\/wp-content\/uploads\/31370-scaled.jpg","contentUrl":"https:\/\/www.meydan.tv\/wp-content\/uploads\/31370-scaled.jpg","width":2560,"height":1707,"caption":"Source:"},{"@type":"BreadcrumbList","@id":"https:\/\/www.meydan.tv\/az\/article\/mehmanin-hebsi-hakimiyyet-ucun-ciddi-basagrisina-cevrilecek\/#breadcrumb","itemListElement":[{"@type":"ListItem","position":1,"name":"Ana s\u0259hif\u0259","item":"https:\/\/www.meydan.tv\/az\/"},{"@type":"ListItem","position":2,"name":"M\u0259nim Fikrimc\u0259","item":"https:\/\/www.meydan.tv\/az\/section\/menim-fikrimce\/"},{"@type":"ListItem","position":3,"name":"Mehman\u0131n h\u0259bsi hakimiyy\u0259t \u00fc\u00e7\u00fcn ciddi ba\u015fa\u011fr\u0131s\u0131na \u00e7evril\u0259c\u0259k"}]},{"@type":"WebSite","@id":"https:\/\/www.meydan.tv\/az\/#website","url":"https:\/\/www.meydan.tv\/az\/","name":"MEYDAN.TV","description":"Meydan TV Az\u0259rbaycan\u0131n media m\u0259kan\u0131ndak\u0131 alternativ s\u0259sidir","publisher":{"@id":"https:\/\/www.meydan.tv\/az\/#organization"},"potentialAction":[{"@type":"SearchAction","target":{"@type":"EntryPoint","urlTemplate":"https:\/\/www.meydan.tv\/az\/?s={search_term_string}"},"query-input":{"@type":"PropertyValueSpecification","valueRequired":true,"valueName":"search_term_string"}}],"inLanguage":"az"},{"@type":"Organization","@id":"https:\/\/www.meydan.tv\/az\/#organization","name":"Meydan TV","url":"https:\/\/www.meydan.tv\/az\/","logo":{"@type":"ImageObject","inLanguage":"az","@id":"https:\/\/www.meydan.tv\/az\/#\/schema\/logo\/image\/","url":"https:\/\/www.meydan.tv\/wp-content\/uploads\/2021\/07\/meydan-logo.svg","contentUrl":"https:\/\/www.meydan.tv\/wp-content\/uploads\/2021\/07\/meydan-logo.svg","width":195,"height":46,"caption":"Meydan TV"},"image":{"@id":"https:\/\/www.meydan.tv\/az\/#\/schema\/logo\/image\/"}},{"@type":"Person","@id":"https:\/\/www.meydan.tv\/az\/#\/schema\/person\/10d11eccf6da3662cf5fdab9806ea91a","name":"user-manager"}]}},"_links":{"self":[{"href":"https:\/\/www.meydan.tv\/az\/wp-json\/wp\/v2\/posts\/182980","targetHints":{"allow":["GET"]}}],"collection":[{"href":"https:\/\/www.meydan.tv\/az\/wp-json\/wp\/v2\/posts"}],"about":[{"href":"https:\/\/www.meydan.tv\/az\/wp-json\/wp\/v2\/types\/post"}],"author":[{"embeddable":true,"href":"https:\/\/www.meydan.tv\/az\/wp-json\/wp\/v2\/users\/11"}],"replies":[{"embeddable":true,"href":"https:\/\/www.meydan.tv\/az\/wp-json\/wp\/v2\/comments?post=182980"}],"version-history":[{"count":0,"href":"https:\/\/www.meydan.tv\/az\/wp-json\/wp\/v2\/posts\/182980\/revisions"}],"wp:featuredmedia":[{"embeddable":true,"href":"https:\/\/www.meydan.tv\/az\/wp-json\/wp\/v2\/media\/80377"}],"wp:attachment":[{"href":"https:\/\/www.meydan.tv\/az\/wp-json\/wp\/v2\/media?parent=182980"}],"wp:term":[{"taxonomy":"category","embeddable":true,"href":"https:\/\/www.meydan.tv\/az\/wp-json\/wp\/v2\/categories?post=182980"},{"taxonomy":"post_tag","embeddable":true,"href":"https:\/\/www.meydan.tv\/az\/wp-json\/wp\/v2\/tags?post=182980"}],"curies":[{"name":"wp","href":"https:\/\/api.w.org\/{rel}","templated":true}]}}