{"id":182973,"date":"2017-03-03T18:41:34","date_gmt":"2017-03-03T18:41:34","guid":{"rendered":"https:\/\/www.meydan.tv\/article\/ilham-eliyevin-qetere-seferinin-meqsedi-ne-olub\/"},"modified":"2017-03-03T18:41:34","modified_gmt":"2017-03-03T18:41:34","slug":"ilham-eliyevin-qetere-seferinin-meqsedi-ne-olub","status":"publish","type":"post","link":"https:\/\/www.meydan.tv\/az\/article\/ilham-eliyevin-qetere-seferinin-meqsedi-ne-olub\/","title":{"rendered":"\u0130lham \u018fliyevin Q\u0259t\u0259r\u0259 s\u0259f\u0259rinin m\u0259qs\u0259di n\u0259 olub?"},"content":{"rendered":"<figure class=\"wp-block-image size-large\">\n  <img decoding=\"async\" src=\"https:\/\/www.meydan.tv\/az\/80371\/\" alt=\"\" class=\"wp-image-80371\"\/><figcaption><\/figcaption><\/figure>\n<p>\n  <i><br \/>\n    &#8221;H\u0259r iki t\u0259r\u0259fin investisiyalar m\u0259s\u0259l\u0259sind\u0259 m\u00fcxt\u0259lif maraqlar\u0131 var&#8221;<br \/>\n  <\/i>\n<\/p>\n<p>\n  \u00a0\u201cAz\u0259rbaycan prezidenti \u0130lham \u018fliyevin Q\u0259t\u0259r\u0259 r\u0259smi s\u0259f\u0259ri zahir\u0259n ikit\u0259r\u0259fli m\u00fcnasib\u0259tl\u0259r\u0259 bir yenilik g\u0259tirm\u0259yib v\u0259 \u0259m\u0259kda\u015fl\u0131q haqq\u0131nda be\u015f memorandumun imzalanmas\u0131 il\u0259 m\u0259hdudla\u015f\u0131b.\n<\/p>\n<p>\n  Daxili mikromaliyy\u0259 v\u0259ziyy\u0259tinin sabitl\u0259\u015fdirilm\u0259si \u00fc\u00e7\u00fcn Q\u0259t\u0259rd\u0259n maliyy\u0259 d\u0259st\u0259yi almaq \u00fczr\u0259 n\u00f6vb\u0259ti c\u0259hd yaln\u0131z niyy\u0259t olaraq qal\u0131b, bel\u0259 ki, Q\u0259t\u0259rin Az\u0259rbaycana real investisiya ist\u0259yi haqq\u0131nda real sazi\u015f qeyd\u0259 al\u0131nmay\u0131b\u201d.\n<\/p>\n<p>\n  \u201cTuran\u201d-\u0131n Analitik Qrupunun analizind\u0259 bel\u0259 deyilir. Ekspertl\u0259r hesab edir ki, imzalanm\u0131\u015f niyy\u0259t s\u0259n\u0259dl\u0259rind\u0259n yegan\u0259 tikilm\u0259kd\u0259 olan Bak\u0131 Beyn\u0259lxalq Liman\u0131na \u00a0investisiya Avropa v\u0259 Asiyan\u0131 birl\u0259\u015fdir\u0259n \u201c\u0130p\u0259k Yolu\u201d layih\u0259sinin inki\u015faf\u0131 n\u00f6qteyi-n\u0259z\u0259rd\u0259n Q\u0259t\u0259r \u00fc\u00e7\u00fcn c\u0259zbedici ola bil\u0259r:\n<\/p>\n<p>\n  \u201cQ\u0259t\u0259r K\u0130V-l\u0259ri s\u0259f\u0259ri bu prosessual t\u0259r\u0259fd\u0259n i\u015f\u0131qland\u0131r\u0131b. \u018fliyevin Q\u0259t\u0259r \u0259miri \u015feyx Tamim bin H\u0259mad \u0259l Tani il\u0259 g\u00f6r\u00fc\u015fl\u0259rind\u0259 \u0259ld\u0259 olunmu\u015f b\u00f6y\u00fck nailiyy\u0259tl\u0259r haqq\u0131nda he\u00e7 n\u0259 dem\u0259yibl\u0259r ki, bu da s\u0259f\u0259rin v\u0259 t\u0259r\u0259fl\u0259rin m\u00fcnasib\u0259tl\u0259rinin qeyri-m\u00fc\u0259yy\u0259n xarakterli oldu\u011funu g\u00f6st\u0259rir.\n<\/p>\n<p>\n  H\u0259r iki t\u0259r\u0259fin investisiyalar m\u0259s\u0259l\u0259sind\u0259 m\u00fcxt\u0259lif maraqlar\u0131 var v\u0259 ikit\u0259r\u0259fli \u0259laq\u0259l\u0259rd\u0259n g\u00f6r\u00fcnd\u00fcy\u00fc kimi, onlar h\u0259l\u0259 bir-biri il\u0259 uzla\u015fmay\u0131b. Az\u0259rbaycan iqtisadi b\u00f6hran \u015f\u0259raitind\u0259 maliyy\u0259 v\u0259saitl\u0259rind\u0259 maraql\u0131d\u0131r, amma Tacikistanda oldu\u011fu kimi t\u0259sirin ixrac\u0131nda yox. Orada prezident R\u0259hman investisiya m\u00fcqabilind\u0259 Q\u0259t\u0259rin t\u0259m\u0259nnas\u0131z \u0259saslarla 70 mln. d\u0259y\u0259rind\u0259 m\u0259scid tikm\u0259sin\u0259 raz\u0131l\u0131q verm\u0259y\u0259 haz\u0131rd\u0131r. \u00d6z n\u00f6vb\u0259sind\u0259, Q\u0259t\u0259r Az\u0259rbaycan kimi inki\u015faf etm\u0259kd\u0259 olan \u00f6lk\u0259l\u0259r\u0259 siyasi v\u0259 ideoloji t\u0259sir kimi imtiyazlar \u0259ld\u0259 etm\u0259d\u0259n pul yat\u0131rmaq ist\u0259mir\u201d.\n<\/p>\n<p>\n  \u201cT\u0259r\u0259fl\u0259rin r\u0259smi s\u0259viyy\u0259d\u0259 strateji \u0259m\u0259kda\u015fl\u0131q istiqam\u0259tind\u0259 ir\u0259lil\u0259yi\u015f \u0259ld\u0259 etm\u0259diyini bir fakt g\u00f6st\u0259rir ki, \u00f6t\u0259n ilin mart\u0131nda \u0259mir Taninin Bak\u0131ya s\u0259f\u0259rind\u0259n sonra onsuz da \u00e7ox ki\u00e7ik olan 600 min dollarl\u0131q ticar\u0259t d\u00f6vriyy\u0259si 2,7 d\u0259f\u0259 azalaraq, strateji t\u0259r\u0259fda\u015fl\u0131qda maraql\u0131 olma haqq\u0131nda ritorikan\u0131 if\u015fa etdi. Az\u0259rbaycan ixrac komissiyas\u0131n\u0131n s\u0259f\u0259rinin fevral\u0131n ortalar\u0131ndan \u018fliyevin s\u0259f\u0259ri zaman\u0131na &#8211; fevral\u0131n sonlar\u0131na t\u0259xir\u0259 sal\u0131nmas\u0131 fakt\u0131 da bunu g\u00f6st\u0259rir. Y\u0259ni Q\u0259t\u0259r Az\u0259rbaycan m\u0259hsullar\u0131 \u00fczr\u0259 dan\u0131\u015f\u0131qlarda maraql\u0131 olmad\u0131 v\u0259 onlar\u0131n t\u0259qdimat\u0131 \u018fliyevin s\u0259f\u0259rinin formal hiss\u0259si oldu.\n<\/p>\n<p>\n  Beyn\u0259lxalq ekspertl\u0259r Q\u0259t\u0259rin 2015-ci ild\u0259 neft qiym\u0259tl\u0259rinin d\u00fc\u015fm\u0259sind\u0259n sonra dondurulmu\u015f investisiya istiqam\u0259tind\u0259 f\u0259alla\u015fd\u0131\u011f\u0131n\u0131 qeyd edir. Amma investisiyalar \u0259sas\u0259n Almaniya, AB\u015e v\u0259 C\u0259nub-\u015e\u0259rqi Asiyaya y\u00f6n\u0259lib. Ke\u00e7mi\u015f SSR\u0130 \u00f6lk\u0259l\u0259rind\u0259n Q\u0259t\u0259ri Rusiya, Ukrayna, M\u0259rk\u0259zi Asiya \u00f6lk\u0259l\u0259ri &#8211; Qazax\u0131stan, Q\u0131r\u011f\u0131z\u0131stan, Tacikistan c\u0259lb edir. Ruslar bu mara\u011fa AB\u015e-\u0131n bu regionda maraqlar\u0131na \u0259lav\u0259 maliyy\u0259 d\u0259st\u0259yi kimi bax\u0131r. Q\u0259t\u0259ri AB\u015e-\u0131n maliyy\u0259 orta\u011f\u0131 adland\u0131r\u0131rlar.\n<\/p>\n<p>\n  Amma Az\u0259rbaycan iqtisadiyyat\u0131na investisiyalar\u0131n \u015f\u0259xsi s\u0259viyy\u0259d\u0259 v\u0259 h\u00f6kum\u0259tin n\u0259zar\u0259ti alt\u0131nda h\u0259yata ke\u00e7iril\u0259 bil\u0259c\u0259yi istisna olunmamal\u0131d\u0131r. Qapal\u0131 iqtisadiyyatlar \u00fc\u00e7\u00fcn bel\u0259 sxeml\u0259r yeni deyil. Q\u0259t\u0259rlil\u0259r xaricd\u0259 ad\u0259t\u0259n etdikl\u0259ri kimi, \u0259n \u00e7ox da\u015f\u0131nmaz \u0259mlaka investisiya etm\u0259kd\u0259 maraql\u0131 ola bil\u0259rl\u0259r. G\u0259l\u0259c\u0259kd\u0259 b\u00f6y\u00fck tikinti planlar\u0131 olan inki\u015faf etm\u0259kd\u0259 olan Bak\u0131 c\u0259zbedici layih\u0259 ola bil\u0259rdi, \u00f6z\u00fc d\u0259 \u015f\u0259h\u0259rin r\u0259smi inki\u015faf layih\u0259si yoxdur v\u0259 onun xaotik yenid\u0259nqurmas\u0131 qeyri-\u015f\u0259ffaf \u015f\u0259xsl\u0259rin qeyri-\u015f\u0259ffaf v\u0259saitl\u0259ri hesab\u0131na ba\u015f verir\u201d \u2013 analitikl\u0259r vur\u011fulay\u0131r.<\/p>\n","protected":false},"excerpt":{"rendered":"<p>&#8221;H\u0259r iki t\u0259r\u0259fin investisiyalar m\u0259s\u0259l\u0259sind\u0259 m\u00fcxt\u0259lif maraqlar\u0131 var&#8221;<\/p>\n","protected":false},"author":11,"featured_media":80371,"comment_status":"closed","ping_status":"open","sticky":false,"template":"","format":"standard","meta":{"_acf_changed":false,"_sitemap_exclude":false,"_sitemap_priority":"","_sitemap_frequency":"","footnotes":""},"categories":[51],"tags":[],"class_list":["post-182973","post","type-post","status-publish","format-standard","has-post-thumbnail","hentry","category-analitika","infinite-scroll-item","generate-columns","tablet-grid-50","mobile-grid-100","grid-parent","grid-33","no-featured-image-padding"],"acf":[],"yoast_head":"<!-- This site is optimized with the Yoast SEO plugin v27.4 - https:\/\/yoast.com\/product\/yoast-seo-wordpress\/ -->\n<title>\u0130lham \u018fliyevin Q\u0259t\u0259r\u0259 s\u0259f\u0259rinin m\u0259qs\u0259di n\u0259 olub? - MEYDAN.TV<\/title>\n<meta name=\"robots\" content=\"index, follow, max-snippet:-1, max-image-preview:large, max-video-preview:-1\" \/>\n<link rel=\"canonical\" href=\"https:\/\/www.meydan.tv\/az\/article\/ilham-eliyevin-qetere-seferinin-meqsedi-ne-olub\/\" \/>\n<meta property=\"og:locale\" content=\"az_AZ\" \/>\n<meta property=\"og:type\" content=\"article\" \/>\n<meta property=\"og:title\" content=\"\u0130lham \u018fliyevin Q\u0259t\u0259r\u0259 s\u0259f\u0259rinin m\u0259qs\u0259di n\u0259 olub? - MEYDAN.TV\" \/>\n<meta property=\"og:description\" content=\"&#039;&#039;H\u0259r iki t\u0259r\u0259fin investisiyalar m\u0259s\u0259l\u0259sind\u0259 m\u00fcxt\u0259lif maraqlar\u0131 var&#039;&#039;\" \/>\n<meta property=\"og:url\" content=\"https:\/\/www.meydan.tv\/az\/article\/ilham-eliyevin-qetere-seferinin-meqsedi-ne-olub\/\" \/>\n<meta property=\"og:site_name\" content=\"MEYDAN.TV\" \/>\n<meta property=\"article:published_time\" content=\"2017-03-03T18:41:34+00:00\" \/>\n<meta property=\"og:image\" content=\"https:\/\/www.meydan.tv\/wp-content\/uploads\/31356.jpg\" \/>\n\t<meta property=\"og:image:width\" content=\"912\" \/>\n\t<meta property=\"og:image:height\" content=\"669\" \/>\n\t<meta property=\"og:image:type\" content=\"image\/jpeg\" \/>\n<meta name=\"author\" content=\"user-manager\" \/>\n<meta name=\"twitter:card\" content=\"summary_large_image\" \/>\n<script type=\"application\/ld+json\" class=\"yoast-schema-graph\">{\"@context\":\"https:\\\/\\\/schema.org\",\"@graph\":[{\"@type\":\"Article\",\"@id\":\"https:\\\/\\\/www.meydan.tv\\\/az\\\/article\\\/ilham-eliyevin-qetere-seferinin-meqsedi-ne-olub\\\/#article\",\"isPartOf\":{\"@id\":\"https:\\\/\\\/www.meydan.tv\\\/az\\\/article\\\/ilham-eliyevin-qetere-seferinin-meqsedi-ne-olub\\\/\"},\"author\":{\"name\":\"user-manager\",\"@id\":\"https:\\\/\\\/www.meydan.tv\\\/az\\\/#\\\/schema\\\/person\\\/10d11eccf6da3662cf5fdab9806ea91a\"},\"headline\":\"\u0130lham \u018fliyevin Q\u0259t\u0259r\u0259 s\u0259f\u0259rinin m\u0259qs\u0259di n\u0259 olub?\",\"datePublished\":\"2017-03-03T18:41:34+00:00\",\"mainEntityOfPage\":{\"@id\":\"https:\\\/\\\/www.meydan.tv\\\/az\\\/article\\\/ilham-eliyevin-qetere-seferinin-meqsedi-ne-olub\\\/\"},\"wordCount\":733,\"publisher\":{\"@id\":\"https:\\\/\\\/www.meydan.tv\\\/az\\\/#organization\"},\"image\":{\"@id\":\"https:\\\/\\\/www.meydan.tv\\\/az\\\/article\\\/ilham-eliyevin-qetere-seferinin-meqsedi-ne-olub\\\/#primaryimage\"},\"thumbnailUrl\":\"https:\\\/\\\/www.meydan.tv\\\/wp-content\\\/uploads\\\/31356.jpg\",\"articleSection\":[\"Analitika\"],\"inLanguage\":\"az\"},{\"@type\":\"WebPage\",\"@id\":\"https:\\\/\\\/www.meydan.tv\\\/az\\\/article\\\/ilham-eliyevin-qetere-seferinin-meqsedi-ne-olub\\\/\",\"url\":\"https:\\\/\\\/www.meydan.tv\\\/az\\\/article\\\/ilham-eliyevin-qetere-seferinin-meqsedi-ne-olub\\\/\",\"name\":\"\u0130lham \u018fliyevin Q\u0259t\u0259r\u0259 s\u0259f\u0259rinin m\u0259qs\u0259di n\u0259 olub? - MEYDAN.TV\",\"isPartOf\":{\"@id\":\"https:\\\/\\\/www.meydan.tv\\\/az\\\/#website\"},\"primaryImageOfPage\":{\"@id\":\"https:\\\/\\\/www.meydan.tv\\\/az\\\/article\\\/ilham-eliyevin-qetere-seferinin-meqsedi-ne-olub\\\/#primaryimage\"},\"image\":{\"@id\":\"https:\\\/\\\/www.meydan.tv\\\/az\\\/article\\\/ilham-eliyevin-qetere-seferinin-meqsedi-ne-olub\\\/#primaryimage\"},\"thumbnailUrl\":\"https:\\\/\\\/www.meydan.tv\\\/wp-content\\\/uploads\\\/31356.jpg\",\"datePublished\":\"2017-03-03T18:41:34+00:00\",\"breadcrumb\":{\"@id\":\"https:\\\/\\\/www.meydan.tv\\\/az\\\/article\\\/ilham-eliyevin-qetere-seferinin-meqsedi-ne-olub\\\/#breadcrumb\"},\"inLanguage\":\"az\",\"potentialAction\":[{\"@type\":\"ReadAction\",\"target\":[\"https:\\\/\\\/www.meydan.tv\\\/az\\\/article\\\/ilham-eliyevin-qetere-seferinin-meqsedi-ne-olub\\\/\"]}]},{\"@type\":\"ImageObject\",\"inLanguage\":\"az\",\"@id\":\"https:\\\/\\\/www.meydan.tv\\\/az\\\/article\\\/ilham-eliyevin-qetere-seferinin-meqsedi-ne-olub\\\/#primaryimage\",\"url\":\"https:\\\/\\\/www.meydan.tv\\\/wp-content\\\/uploads\\\/31356.jpg\",\"contentUrl\":\"https:\\\/\\\/www.meydan.tv\\\/wp-content\\\/uploads\\\/31356.jpg\",\"width\":912,\"height\":669,\"caption\":\"Source:\"},{\"@type\":\"BreadcrumbList\",\"@id\":\"https:\\\/\\\/www.meydan.tv\\\/az\\\/article\\\/ilham-eliyevin-qetere-seferinin-meqsedi-ne-olub\\\/#breadcrumb\",\"itemListElement\":[{\"@type\":\"ListItem\",\"position\":1,\"name\":\"Ana s\u0259hif\u0259\",\"item\":\"https:\\\/\\\/www.meydan.tv\\\/az\\\/\"},{\"@type\":\"ListItem\",\"position\":2,\"name\":\"Analitika\",\"item\":\"https:\\\/\\\/www.meydan.tv\\\/az\\\/section\\\/analitika\\\/\"},{\"@type\":\"ListItem\",\"position\":3,\"name\":\"\u0130lham \u018fliyevin Q\u0259t\u0259r\u0259 s\u0259f\u0259rinin m\u0259qs\u0259di n\u0259 olub?\"}]},{\"@type\":\"WebSite\",\"@id\":\"https:\\\/\\\/www.meydan.tv\\\/az\\\/#website\",\"url\":\"https:\\\/\\\/www.meydan.tv\\\/az\\\/\",\"name\":\"MEYDAN.TV\",\"description\":\"Meydan TV Az\u0259rbaycan\u0131n media m\u0259kan\u0131ndak\u0131 alternativ s\u0259sidir\",\"publisher\":{\"@id\":\"https:\\\/\\\/www.meydan.tv\\\/az\\\/#organization\"},\"potentialAction\":[{\"@type\":\"SearchAction\",\"target\":{\"@type\":\"EntryPoint\",\"urlTemplate\":\"https:\\\/\\\/www.meydan.tv\\\/az\\\/?s={search_term_string}\"},\"query-input\":{\"@type\":\"PropertyValueSpecification\",\"valueRequired\":true,\"valueName\":\"search_term_string\"}}],\"inLanguage\":\"az\"},{\"@type\":\"Organization\",\"@id\":\"https:\\\/\\\/www.meydan.tv\\\/az\\\/#organization\",\"name\":\"Meydan TV\",\"url\":\"https:\\\/\\\/www.meydan.tv\\\/az\\\/\",\"logo\":{\"@type\":\"ImageObject\",\"inLanguage\":\"az\",\"@id\":\"https:\\\/\\\/www.meydan.tv\\\/az\\\/#\\\/schema\\\/logo\\\/image\\\/\",\"url\":\"https:\\\/\\\/www.meydan.tv\\\/wp-content\\\/uploads\\\/2021\\\/07\\\/meydan-logo.svg\",\"contentUrl\":\"https:\\\/\\\/www.meydan.tv\\\/wp-content\\\/uploads\\\/2021\\\/07\\\/meydan-logo.svg\",\"width\":195,\"height\":46,\"caption\":\"Meydan TV\"},\"image\":{\"@id\":\"https:\\\/\\\/www.meydan.tv\\\/az\\\/#\\\/schema\\\/logo\\\/image\\\/\"}},{\"@type\":\"Person\",\"@id\":\"https:\\\/\\\/www.meydan.tv\\\/az\\\/#\\\/schema\\\/person\\\/10d11eccf6da3662cf5fdab9806ea91a\",\"name\":\"user-manager\"}]}<\/script>\n<!-- \/ Yoast SEO plugin. -->","yoast_head_json":{"title":"\u0130lham \u018fliyevin Q\u0259t\u0259r\u0259 s\u0259f\u0259rinin m\u0259qs\u0259di n\u0259 olub? - MEYDAN.TV","robots":{"index":"index","follow":"follow","max-snippet":"max-snippet:-1","max-image-preview":"max-image-preview:large","max-video-preview":"max-video-preview:-1"},"canonical":"https:\/\/www.meydan.tv\/az\/article\/ilham-eliyevin-qetere-seferinin-meqsedi-ne-olub\/","og_locale":"az_AZ","og_type":"article","og_title":"\u0130lham \u018fliyevin Q\u0259t\u0259r\u0259 s\u0259f\u0259rinin m\u0259qs\u0259di n\u0259 olub? - MEYDAN.TV","og_description":"''H\u0259r iki t\u0259r\u0259fin investisiyalar m\u0259s\u0259l\u0259sind\u0259 m\u00fcxt\u0259lif maraqlar\u0131 var''","og_url":"https:\/\/www.meydan.tv\/az\/article\/ilham-eliyevin-qetere-seferinin-meqsedi-ne-olub\/","og_site_name":"MEYDAN.TV","article_published_time":"2017-03-03T18:41:34+00:00","og_image":[{"width":912,"height":669,"url":"https:\/\/www.meydan.tv\/wp-content\/uploads\/31356.jpg","type":"image\/jpeg"}],"author":"user-manager","twitter_card":"summary_large_image","schema":{"@context":"https:\/\/schema.org","@graph":[{"@type":"Article","@id":"https:\/\/www.meydan.tv\/az\/article\/ilham-eliyevin-qetere-seferinin-meqsedi-ne-olub\/#article","isPartOf":{"@id":"https:\/\/www.meydan.tv\/az\/article\/ilham-eliyevin-qetere-seferinin-meqsedi-ne-olub\/"},"author":{"name":"user-manager","@id":"https:\/\/www.meydan.tv\/az\/#\/schema\/person\/10d11eccf6da3662cf5fdab9806ea91a"},"headline":"\u0130lham \u018fliyevin Q\u0259t\u0259r\u0259 s\u0259f\u0259rinin m\u0259qs\u0259di n\u0259 olub?","datePublished":"2017-03-03T18:41:34+00:00","mainEntityOfPage":{"@id":"https:\/\/www.meydan.tv\/az\/article\/ilham-eliyevin-qetere-seferinin-meqsedi-ne-olub\/"},"wordCount":733,"publisher":{"@id":"https:\/\/www.meydan.tv\/az\/#organization"},"image":{"@id":"https:\/\/www.meydan.tv\/az\/article\/ilham-eliyevin-qetere-seferinin-meqsedi-ne-olub\/#primaryimage"},"thumbnailUrl":"https:\/\/www.meydan.tv\/wp-content\/uploads\/31356.jpg","articleSection":["Analitika"],"inLanguage":"az"},{"@type":"WebPage","@id":"https:\/\/www.meydan.tv\/az\/article\/ilham-eliyevin-qetere-seferinin-meqsedi-ne-olub\/","url":"https:\/\/www.meydan.tv\/az\/article\/ilham-eliyevin-qetere-seferinin-meqsedi-ne-olub\/","name":"\u0130lham \u018fliyevin Q\u0259t\u0259r\u0259 s\u0259f\u0259rinin m\u0259qs\u0259di n\u0259 olub? - MEYDAN.TV","isPartOf":{"@id":"https:\/\/www.meydan.tv\/az\/#website"},"primaryImageOfPage":{"@id":"https:\/\/www.meydan.tv\/az\/article\/ilham-eliyevin-qetere-seferinin-meqsedi-ne-olub\/#primaryimage"},"image":{"@id":"https:\/\/www.meydan.tv\/az\/article\/ilham-eliyevin-qetere-seferinin-meqsedi-ne-olub\/#primaryimage"},"thumbnailUrl":"https:\/\/www.meydan.tv\/wp-content\/uploads\/31356.jpg","datePublished":"2017-03-03T18:41:34+00:00","breadcrumb":{"@id":"https:\/\/www.meydan.tv\/az\/article\/ilham-eliyevin-qetere-seferinin-meqsedi-ne-olub\/#breadcrumb"},"inLanguage":"az","potentialAction":[{"@type":"ReadAction","target":["https:\/\/www.meydan.tv\/az\/article\/ilham-eliyevin-qetere-seferinin-meqsedi-ne-olub\/"]}]},{"@type":"ImageObject","inLanguage":"az","@id":"https:\/\/www.meydan.tv\/az\/article\/ilham-eliyevin-qetere-seferinin-meqsedi-ne-olub\/#primaryimage","url":"https:\/\/www.meydan.tv\/wp-content\/uploads\/31356.jpg","contentUrl":"https:\/\/www.meydan.tv\/wp-content\/uploads\/31356.jpg","width":912,"height":669,"caption":"Source:"},{"@type":"BreadcrumbList","@id":"https:\/\/www.meydan.tv\/az\/article\/ilham-eliyevin-qetere-seferinin-meqsedi-ne-olub\/#breadcrumb","itemListElement":[{"@type":"ListItem","position":1,"name":"Ana s\u0259hif\u0259","item":"https:\/\/www.meydan.tv\/az\/"},{"@type":"ListItem","position":2,"name":"Analitika","item":"https:\/\/www.meydan.tv\/az\/section\/analitika\/"},{"@type":"ListItem","position":3,"name":"\u0130lham \u018fliyevin Q\u0259t\u0259r\u0259 s\u0259f\u0259rinin m\u0259qs\u0259di n\u0259 olub?"}]},{"@type":"WebSite","@id":"https:\/\/www.meydan.tv\/az\/#website","url":"https:\/\/www.meydan.tv\/az\/","name":"MEYDAN.TV","description":"Meydan TV Az\u0259rbaycan\u0131n media m\u0259kan\u0131ndak\u0131 alternativ s\u0259sidir","publisher":{"@id":"https:\/\/www.meydan.tv\/az\/#organization"},"potentialAction":[{"@type":"SearchAction","target":{"@type":"EntryPoint","urlTemplate":"https:\/\/www.meydan.tv\/az\/?s={search_term_string}"},"query-input":{"@type":"PropertyValueSpecification","valueRequired":true,"valueName":"search_term_string"}}],"inLanguage":"az"},{"@type":"Organization","@id":"https:\/\/www.meydan.tv\/az\/#organization","name":"Meydan TV","url":"https:\/\/www.meydan.tv\/az\/","logo":{"@type":"ImageObject","inLanguage":"az","@id":"https:\/\/www.meydan.tv\/az\/#\/schema\/logo\/image\/","url":"https:\/\/www.meydan.tv\/wp-content\/uploads\/2021\/07\/meydan-logo.svg","contentUrl":"https:\/\/www.meydan.tv\/wp-content\/uploads\/2021\/07\/meydan-logo.svg","width":195,"height":46,"caption":"Meydan TV"},"image":{"@id":"https:\/\/www.meydan.tv\/az\/#\/schema\/logo\/image\/"}},{"@type":"Person","@id":"https:\/\/www.meydan.tv\/az\/#\/schema\/person\/10d11eccf6da3662cf5fdab9806ea91a","name":"user-manager"}]}},"_links":{"self":[{"href":"https:\/\/www.meydan.tv\/az\/wp-json\/wp\/v2\/posts\/182973","targetHints":{"allow":["GET"]}}],"collection":[{"href":"https:\/\/www.meydan.tv\/az\/wp-json\/wp\/v2\/posts"}],"about":[{"href":"https:\/\/www.meydan.tv\/az\/wp-json\/wp\/v2\/types\/post"}],"author":[{"embeddable":true,"href":"https:\/\/www.meydan.tv\/az\/wp-json\/wp\/v2\/users\/11"}],"replies":[{"embeddable":true,"href":"https:\/\/www.meydan.tv\/az\/wp-json\/wp\/v2\/comments?post=182973"}],"version-history":[{"count":0,"href":"https:\/\/www.meydan.tv\/az\/wp-json\/wp\/v2\/posts\/182973\/revisions"}],"wp:featuredmedia":[{"embeddable":true,"href":"https:\/\/www.meydan.tv\/az\/wp-json\/wp\/v2\/media\/80371"}],"wp:attachment":[{"href":"https:\/\/www.meydan.tv\/az\/wp-json\/wp\/v2\/media?parent=182973"}],"wp:term":[{"taxonomy":"category","embeddable":true,"href":"https:\/\/www.meydan.tv\/az\/wp-json\/wp\/v2\/categories?post=182973"},{"taxonomy":"post_tag","embeddable":true,"href":"https:\/\/www.meydan.tv\/az\/wp-json\/wp\/v2\/tags?post=182973"}],"curies":[{"name":"wp","href":"https:\/\/api.w.org\/{rel}","templated":true}]}}