{"id":182966,"date":"2017-03-03T17:37:16","date_gmt":"2017-03-03T17:37:16","guid":{"rendered":"https:\/\/www.meydan.tv\/article\/informasiya-qanunlarina-deyisiklik-teklif-olunur\/"},"modified":"2017-03-03T17:37:16","modified_gmt":"2017-03-03T17:37:16","slug":"informasiya-qanunlarina-deyisiklik-teklif-olunur","status":"publish","type":"post","link":"https:\/\/www.meydan.tv\/az\/article\/informasiya-qanunlarina-deyisiklik-teklif-olunur\/","title":{"rendered":"\u0130nformasiya qanunlar\u0131na d\u0259yi\u015fiklik t\u0259klif olunur"},"content":{"rendered":"<figure class=\"wp-block-image size-large\">\n  <img decoding=\"async\" src=\"https:\/\/www.meydan.tv\/az\/60568\/\" alt=\"\" class=\"wp-image-60568\"\/><figcaption><\/figcaption><\/figure>\n<p>\n  <i><br \/>\n    &#8221;Bu, yay\u0131lmas\u0131 qada\u011fan informasiyalar\u0131n a\u00e7\u0131qlanmas\u0131n\u0131n qar\u015f\u0131s\u0131n\u0131 almaq \u00fc\u00e7\u00fcnd\u00fcr&#8221;<br \/>\n  <\/i>\n<\/p>\n<p>\n  Az\u0259rbaycanda \u201c\u0130nformasiya, informasiyala\u015fd\u0131rma v\u0259 informasiyan\u0131n m\u00fchafiz\u0259si\u201d il\u0259 \u201cTelekommunikasiya haqq\u0131nda\u201d qanunlara d\u0259yi\u015fiklik t\u0259klif olunur. M\u0259lumat\u0131 Az\u0259rbaycan \u0130nternet Forumunun prezidenti Osman G\u00fcnd\u00fcz yay\u0131b.\n<\/p>\n<p>\n  O, d\u0259yi\u015fiklikl\u0259ri a\u015fa\u011f\u0131dak\u0131 \u015f\u0259kild\u0259 t\u0259snifatland\u0131r\u0131b:\n<\/p>\n<p>\n  1. Saytda yay\u0131lmas\u0131 qada\u011fan olunan informasiya a\u015fkar olarsa m\u00fcvafiq icra qurumu ona v\u0259 host provayder\u0259 d\u0259rhal x\u0259b\u0259rdarl\u0131q ed\u0259c\u0259k;\n<\/p>\n<p>\n  2. X\u0259b\u0259rdarl\u0131qdan sonra informasiya saytdan y\u0131\u011f\u0131\u015fd\u0131rmal\u0131d\u0131r;\n<\/p>\n<p>\n  3. Yay\u0131lmas\u0131 qada\u011fan edil\u0259n informasiya x\u0259b\u0259rdarl\u0131qdan sonrak\u0131 8 saata g\u00f6t\u00fcr\u00fclm\u0259s\u0259, m\u00fcvafiq orqan sayt\u0131n m\u0259hdudla\u015fd\u0131r\u0131lmas\u0131 \u00fc\u00e7\u00fcn m\u0259hk\u0259m\u0259y\u0259 m\u00fcraci\u0259t ed\u0259c\u0259k;\n<\/p>\n<p>\n  4. \u0130nformasiya d\u00f6vl\u0259t v\u0259 c\u0259miyy\u0259t \u00fc\u00e7\u00fcn t\u0259hl\u00fck\u0259lidirs\u0259 m\u0259hk\u0259m\u0259nin q\u0259rar\u0131 olmadan m\u00fcvafiq qurum sayt\u0131 ba\u011fladacaq v\u0259 bundan sonra m\u0259hk\u0259m\u0259y\u0259 m\u00fcraci\u0259t ed\u0259c\u0259k;\n<\/p>\n<p>\n  5. M\u00fcvafiq qurumun m\u0259hdudla\u015fd\u0131rd\u0131\u011f\u0131 sayta giri\u015f m\u0259hk\u0259m\u0259 bax\u0131\u015f\u0131 ba\u015fa \u00e7atanad\u0259k qapal\u0131 olacaq. M\u0259hk\u0259m\u0259 bu m\u00fcraci\u0259t\u0259 5 g\u00fcn\u0259d\u0259k m\u00fcdd\u0259td\u0259 baxacaq;\n<\/p>\n<p>\n  6. Qapad\u0131lan resurslar\u0131n reyestri formala\u015fd\u0131r\u0131lacaq. Bu m\u0259qs\u0259dl\u0259 m\u00fcvafiq qurum \u201cYay\u0131lmas\u0131 qada\u011fan edil\u0259n informasiyan\u0131n yerl\u0259\u015fdiyi saytlar\u0131n siyah\u0131s\u0131\u201dn\u0131 haz\u0131rlayacaq. Provayderl\u0259r bu siyah\u0131ya daxil edil\u0259n resurslara giri\u015fi qapatmal\u0131d\u0131r;\n<\/p>\n<p>\n  7. B\u00fct\u00fcn s\u0259viyy\u0259l\u0259rd\u0259n olan provayderl\u0259rin u\u00e7otu apar\u0131lacaq. Provayderl\u0259r h\u00fcquq m\u00fchafiz\u0259 orqanlar\u0131ndan, m\u0259hk\u0259m\u0259 v\u0259 icra orqanlar\u0131ndan daxil olan sor\u011fular \u0259sas\u0131nda 3 g\u00fcn m\u00fcdd\u0259tind\u0259 istifad\u0259\u00e7il\u0259rl\u0259 ba\u011fl\u0131 m\u0259lumat\u0131 t\u0259qdim etm\u0259lidirl\u0259r;\n<\/p>\n<p>\n  8. Milli domenl\u0259rin qeydiyyat\u0131 il\u0259 ba\u011fl\u0131 yeni qaydalar m\u00fc\u0259yy\u0259nl\u0259\u015f\u0259c\u0259k;\n<\/p>\n<p>\n  9. B\u00fct\u00fcn h\u00fcquqi \u015f\u0259xsl\u0259r internet resurslar\u0131nda m\u00fctl\u0259q \u00f6zl\u0259ri haqda m\u0259lumat yerl\u0259\u015fdirm\u0259lidirl\u0259r.\n<\/p>\n<p>\n  Osman G\u00fcnd\u00fcz d\u0259yi\u015fiklikl\u0259rin kifay\u0259t q\u0259d\u0259r ciddi oldu\u011funu s\u00f6yl\u0259yir. Deyir, kibert\u0259hl\u00fck\u0259sizlik v\u0259 yay\u0131lmas\u0131 qada\u011fan edil\u0259n informasiyalar\u0131n a\u00e7\u0131qlanmas\u0131n\u0131n qar\u015f\u0131s\u0131n\u0131 almaq m\u0259qs\u0259di g\u00fcd\u00fcr.\n<\/p>\n<p>\n  Ekspert ox\u015far qanunvericilik aktlar\u0131n\u0131n bir m\u00fcdd\u0259t \u00f6nc\u0259 Rusiya, Belorus v\u0259 dig\u0259r \u00f6lk\u0259l\u0259rd\u0259 d\u0259 q\u0259bul edildiyini deyir.\n<\/p>\n<figure class=\"wp-block-image size-large\">\n  <img decoding=\"async\" src=\"https:\/\/www.meydan.tv\/az\/73562\/\" alt=\"\" class=\"wp-image-73562\"\/><figcaption>\n    Osman G\u00fcnd\u00fcz foto sosial \u015f\u0259b\u0259k\u0259<br \/>\n  <\/figcaption><\/figure>\n<p>\n  Meydan TV-nin t\u0259klifl\u0259r hans\u0131 f\u0259sadlar do\u011fura bil\u0259r sual\u0131na Osman G\u00fcnd\u00fcz \u201cMilli M\u0259clis s\u0259n\u0259di t\u0259sdiql\u0259y\u0259rs\u0259, \u00f6lk\u0259nin b\u00fct\u00fcn informasiya m\u00fcst\u0259visind\u0259, internet media sektorunda, b\u00fct\u00f6vl\u00fckd\u0259 internetin Az\u0259rbaycan seqmentind\u0259 k\u0259skin d\u0259yi\u015fiklikl\u0259r yaradacaq\u201d, &#8211; cavab\u0131n\u0131 verib.\n<\/p>\n<p>\n  O, ir\u0259li s\u00fcr\u00fcl\u0259n d\u0259yi\u015fiklikl\u0259rd\u0259 bir s\u0131ra m\u0259qamlar\u0131n anla\u015f\u0131lmaz oldu\u011funu deyib:\n<\/p>\n<p>\n  &#8220;M\u0259s\u0259l\u0259n, problemin h\u0259lli istiqam\u0259tind\u0259 t\u0259klif olunan mexanizml\u0259r &#8211; Kaloforniya \u015ftat\u0131nda kims\u0259 Az\u0259rbaycan haqda m\u0259qal\u0259 yaz\u0131b, onu yerli m\u0259hk\u0259m\u0259y\u0259 nec\u0259 v\u0259 kim ver\u0259c\u0259k? \u0130ndiki m\u0259qamda t\u0259klifl\u0259rin ictimai m\u00fczakir\u0259sini t\u0259klif etm\u0259k daha d\u00fczg\u00fcn olar. H\u0259min anla\u015f\u0131lmazl\u0131qlar\u0131n g\u0259l\u0259c\u0259kd\u0259 nec\u0259 realla\u015fd\u0131r\u0131lmas\u0131 suallar\u0131na ayd\u0131nl\u0131q g\u0259lm\u0259lidir. Yaxud probleml\u0259r yarananda hans\u0131 f\u0259sadlar do\u011furacaq? B\u00fct\u00fcn bunlar a\u00e7\u0131q qal\u0131b. \u0130kinci t\u0259r\u0259fd\u0259n, t\u0259klifl\u0259rd\u0259 el\u0259 spesifik m\u0259s\u0259l\u0259l\u0259r var ki, Az\u0259rbaycan m\u0259hk\u0259m\u0259l\u0259rinin ona baxmas\u0131 sual\u0131 ortaya \u00e7\u0131x\u0131r. Y\u0259ni x\u00fcsusil\u0259\u015fmi\u015f m\u0259hk\u0259m\u0259l\u0259ri olacaqm\u0131?\u201d.\n<\/p>\n<p>\n  Osman G\u00fcnd\u00fcz bildirir ki, \u0259g\u0259r t\u0259klifl\u0259r Milli M\u0259clisin m\u00fcvafiq komisiyyas\u0131ndan ke\u00e7\u0259r\u0259k s\u0259sverm\u0259y\u0259 g\u00f6nd\u0259rilibs\u0259, ictimai m\u00fczakir\u0259 m\u0259s\u0259l\u0259sind\u0259 gecikibl\u0259r. O, bel\u0259 t\u0259l\u0259sk\u0259nliy\u0259 yol verilm\u0259sini d\u00fczg\u00fcn saym\u0131r:\n<\/p>\n<p>\n  \u201cBu, kifay\u0259t q\u0259d\u0259r aktual m\u0259s\u0259l\u0259 oldu\u011fundan b\u00f6y\u00fck sayda istifad\u0259\u00e7il\u0259rin maraqlar\u0131na toxunur. Ona g\u00f6r\u0259 t\u0259klifl\u0259rin m\u00fczakir\u0259si vacib idi&#8221;.<\/p>\n","protected":false},"excerpt":{"rendered":"<p>&#8221;Bu, yay\u0131lmas\u0131 qada\u011fan informasiyalar\u0131n a\u00e7\u0131qlanmas\u0131n\u0131n qar\u015f\u0131s\u0131n\u0131 almaq \u00fc\u00e7\u00fcnd\u00fcr&#8221;<\/p>\n","protected":false},"author":11,"featured_media":60568,"comment_status":"closed","ping_status":"open","sticky":false,"template":"","format":"standard","meta":{"_acf_changed":false,"_sitemap_exclude":false,"_sitemap_priority":"","_sitemap_frequency":"","footnotes":""},"categories":[51],"tags":[],"class_list":["post-182966","post","type-post","status-publish","format-standard","has-post-thumbnail","hentry","category-analitika","infinite-scroll-item","generate-columns","tablet-grid-50","mobile-grid-100","grid-parent","grid-33","no-featured-image-padding"],"acf":[],"yoast_head":"<!-- This site is optimized with the Yoast SEO plugin v27.4 - https:\/\/yoast.com\/product\/yoast-seo-wordpress\/ -->\n<title>\u0130nformasiya qanunlar\u0131na d\u0259yi\u015fiklik t\u0259klif olunur - MEYDAN.TV<\/title>\n<meta name=\"robots\" content=\"index, follow, max-snippet:-1, max-image-preview:large, max-video-preview:-1\" \/>\n<link rel=\"canonical\" href=\"https:\/\/www.meydan.tv\/az\/article\/informasiya-qanunlarina-deyisiklik-teklif-olunur\/\" \/>\n<meta property=\"og:locale\" content=\"az_AZ\" \/>\n<meta property=\"og:type\" content=\"article\" \/>\n<meta property=\"og:title\" content=\"\u0130nformasiya qanunlar\u0131na d\u0259yi\u015fiklik t\u0259klif olunur - MEYDAN.TV\" \/>\n<meta property=\"og:description\" content=\"&#039;&#039;Bu, yay\u0131lmas\u0131 qada\u011fan informasiyalar\u0131n a\u00e7\u0131qlanmas\u0131n\u0131n qar\u015f\u0131s\u0131n\u0131 almaq \u00fc\u00e7\u00fcnd\u00fcr&#039;&#039;\" \/>\n<meta property=\"og:url\" content=\"https:\/\/www.meydan.tv\/az\/article\/informasiya-qanunlarina-deyisiklik-teklif-olunur\/\" \/>\n<meta property=\"og:site_name\" content=\"MEYDAN.TV\" \/>\n<meta property=\"article:published_time\" content=\"2017-03-03T17:37:16+00:00\" \/>\n<meta property=\"og:image\" content=\"https:\/\/www.meydan.tv\/wp-content\/uploads\/23023.jpg\" \/>\n\t<meta property=\"og:image:width\" content=\"970\" \/>\n\t<meta property=\"og:image:height\" content=\"420\" \/>\n\t<meta property=\"og:image:type\" content=\"image\/jpeg\" \/>\n<meta name=\"author\" content=\"user-manager\" \/>\n<meta name=\"twitter:card\" content=\"summary_large_image\" \/>\n<script type=\"application\/ld+json\" class=\"yoast-schema-graph\">{\"@context\":\"https:\\\/\\\/schema.org\",\"@graph\":[{\"@type\":\"Article\",\"@id\":\"https:\\\/\\\/www.meydan.tv\\\/az\\\/article\\\/informasiya-qanunlarina-deyisiklik-teklif-olunur\\\/#article\",\"isPartOf\":{\"@id\":\"https:\\\/\\\/www.meydan.tv\\\/az\\\/article\\\/informasiya-qanunlarina-deyisiklik-teklif-olunur\\\/\"},\"author\":{\"name\":\"user-manager\",\"@id\":\"https:\\\/\\\/www.meydan.tv\\\/az\\\/#\\\/schema\\\/person\\\/10d11eccf6da3662cf5fdab9806ea91a\"},\"headline\":\"\u0130nformasiya qanunlar\u0131na d\u0259yi\u015fiklik t\u0259klif olunur\",\"datePublished\":\"2017-03-03T17:37:16+00:00\",\"mainEntityOfPage\":{\"@id\":\"https:\\\/\\\/www.meydan.tv\\\/az\\\/article\\\/informasiya-qanunlarina-deyisiklik-teklif-olunur\\\/\"},\"wordCount\":744,\"publisher\":{\"@id\":\"https:\\\/\\\/www.meydan.tv\\\/az\\\/#organization\"},\"image\":{\"@id\":\"https:\\\/\\\/www.meydan.tv\\\/az\\\/article\\\/informasiya-qanunlarina-deyisiklik-teklif-olunur\\\/#primaryimage\"},\"thumbnailUrl\":\"https:\\\/\\\/www.meydan.tv\\\/wp-content\\\/uploads\\\/23023.jpg\",\"articleSection\":[\"Analitika\"],\"inLanguage\":\"az\"},{\"@type\":\"WebPage\",\"@id\":\"https:\\\/\\\/www.meydan.tv\\\/az\\\/article\\\/informasiya-qanunlarina-deyisiklik-teklif-olunur\\\/\",\"url\":\"https:\\\/\\\/www.meydan.tv\\\/az\\\/article\\\/informasiya-qanunlarina-deyisiklik-teklif-olunur\\\/\",\"name\":\"\u0130nformasiya qanunlar\u0131na d\u0259yi\u015fiklik t\u0259klif olunur - MEYDAN.TV\",\"isPartOf\":{\"@id\":\"https:\\\/\\\/www.meydan.tv\\\/az\\\/#website\"},\"primaryImageOfPage\":{\"@id\":\"https:\\\/\\\/www.meydan.tv\\\/az\\\/article\\\/informasiya-qanunlarina-deyisiklik-teklif-olunur\\\/#primaryimage\"},\"image\":{\"@id\":\"https:\\\/\\\/www.meydan.tv\\\/az\\\/article\\\/informasiya-qanunlarina-deyisiklik-teklif-olunur\\\/#primaryimage\"},\"thumbnailUrl\":\"https:\\\/\\\/www.meydan.tv\\\/wp-content\\\/uploads\\\/23023.jpg\",\"datePublished\":\"2017-03-03T17:37:16+00:00\",\"breadcrumb\":{\"@id\":\"https:\\\/\\\/www.meydan.tv\\\/az\\\/article\\\/informasiya-qanunlarina-deyisiklik-teklif-olunur\\\/#breadcrumb\"},\"inLanguage\":\"az\",\"potentialAction\":[{\"@type\":\"ReadAction\",\"target\":[\"https:\\\/\\\/www.meydan.tv\\\/az\\\/article\\\/informasiya-qanunlarina-deyisiklik-teklif-olunur\\\/\"]}]},{\"@type\":\"ImageObject\",\"inLanguage\":\"az\",\"@id\":\"https:\\\/\\\/www.meydan.tv\\\/az\\\/article\\\/informasiya-qanunlarina-deyisiklik-teklif-olunur\\\/#primaryimage\",\"url\":\"https:\\\/\\\/www.meydan.tv\\\/wp-content\\\/uploads\\\/23023.jpg\",\"contentUrl\":\"https:\\\/\\\/www.meydan.tv\\\/wp-content\\\/uploads\\\/23023.jpg\",\"width\":970,\"height\":420,\"caption\":\"Source:\"},{\"@type\":\"BreadcrumbList\",\"@id\":\"https:\\\/\\\/www.meydan.tv\\\/az\\\/article\\\/informasiya-qanunlarina-deyisiklik-teklif-olunur\\\/#breadcrumb\",\"itemListElement\":[{\"@type\":\"ListItem\",\"position\":1,\"name\":\"Ana s\u0259hif\u0259\",\"item\":\"https:\\\/\\\/www.meydan.tv\\\/az\\\/\"},{\"@type\":\"ListItem\",\"position\":2,\"name\":\"Analitika\",\"item\":\"https:\\\/\\\/www.meydan.tv\\\/az\\\/section\\\/analitika\\\/\"},{\"@type\":\"ListItem\",\"position\":3,\"name\":\"\u0130nformasiya qanunlar\u0131na d\u0259yi\u015fiklik t\u0259klif olunur\"}]},{\"@type\":\"WebSite\",\"@id\":\"https:\\\/\\\/www.meydan.tv\\\/az\\\/#website\",\"url\":\"https:\\\/\\\/www.meydan.tv\\\/az\\\/\",\"name\":\"MEYDAN.TV\",\"description\":\"Meydan TV Az\u0259rbaycan\u0131n media m\u0259kan\u0131ndak\u0131 alternativ s\u0259sidir\",\"publisher\":{\"@id\":\"https:\\\/\\\/www.meydan.tv\\\/az\\\/#organization\"},\"potentialAction\":[{\"@type\":\"SearchAction\",\"target\":{\"@type\":\"EntryPoint\",\"urlTemplate\":\"https:\\\/\\\/www.meydan.tv\\\/az\\\/?s={search_term_string}\"},\"query-input\":{\"@type\":\"PropertyValueSpecification\",\"valueRequired\":true,\"valueName\":\"search_term_string\"}}],\"inLanguage\":\"az\"},{\"@type\":\"Organization\",\"@id\":\"https:\\\/\\\/www.meydan.tv\\\/az\\\/#organization\",\"name\":\"Meydan TV\",\"url\":\"https:\\\/\\\/www.meydan.tv\\\/az\\\/\",\"logo\":{\"@type\":\"ImageObject\",\"inLanguage\":\"az\",\"@id\":\"https:\\\/\\\/www.meydan.tv\\\/az\\\/#\\\/schema\\\/logo\\\/image\\\/\",\"url\":\"https:\\\/\\\/www.meydan.tv\\\/wp-content\\\/uploads\\\/2021\\\/07\\\/meydan-logo.svg\",\"contentUrl\":\"https:\\\/\\\/www.meydan.tv\\\/wp-content\\\/uploads\\\/2021\\\/07\\\/meydan-logo.svg\",\"width\":195,\"height\":46,\"caption\":\"Meydan TV\"},\"image\":{\"@id\":\"https:\\\/\\\/www.meydan.tv\\\/az\\\/#\\\/schema\\\/logo\\\/image\\\/\"}},{\"@type\":\"Person\",\"@id\":\"https:\\\/\\\/www.meydan.tv\\\/az\\\/#\\\/schema\\\/person\\\/10d11eccf6da3662cf5fdab9806ea91a\",\"name\":\"user-manager\"}]}<\/script>\n<!-- \/ Yoast SEO plugin. -->","yoast_head_json":{"title":"\u0130nformasiya qanunlar\u0131na d\u0259yi\u015fiklik t\u0259klif olunur - MEYDAN.TV","robots":{"index":"index","follow":"follow","max-snippet":"max-snippet:-1","max-image-preview":"max-image-preview:large","max-video-preview":"max-video-preview:-1"},"canonical":"https:\/\/www.meydan.tv\/az\/article\/informasiya-qanunlarina-deyisiklik-teklif-olunur\/","og_locale":"az_AZ","og_type":"article","og_title":"\u0130nformasiya qanunlar\u0131na d\u0259yi\u015fiklik t\u0259klif olunur - MEYDAN.TV","og_description":"''Bu, yay\u0131lmas\u0131 qada\u011fan informasiyalar\u0131n a\u00e7\u0131qlanmas\u0131n\u0131n qar\u015f\u0131s\u0131n\u0131 almaq \u00fc\u00e7\u00fcnd\u00fcr''","og_url":"https:\/\/www.meydan.tv\/az\/article\/informasiya-qanunlarina-deyisiklik-teklif-olunur\/","og_site_name":"MEYDAN.TV","article_published_time":"2017-03-03T17:37:16+00:00","og_image":[{"width":970,"height":420,"url":"https:\/\/www.meydan.tv\/wp-content\/uploads\/23023.jpg","type":"image\/jpeg"}],"author":"user-manager","twitter_card":"summary_large_image","schema":{"@context":"https:\/\/schema.org","@graph":[{"@type":"Article","@id":"https:\/\/www.meydan.tv\/az\/article\/informasiya-qanunlarina-deyisiklik-teklif-olunur\/#article","isPartOf":{"@id":"https:\/\/www.meydan.tv\/az\/article\/informasiya-qanunlarina-deyisiklik-teklif-olunur\/"},"author":{"name":"user-manager","@id":"https:\/\/www.meydan.tv\/az\/#\/schema\/person\/10d11eccf6da3662cf5fdab9806ea91a"},"headline":"\u0130nformasiya qanunlar\u0131na d\u0259yi\u015fiklik t\u0259klif olunur","datePublished":"2017-03-03T17:37:16+00:00","mainEntityOfPage":{"@id":"https:\/\/www.meydan.tv\/az\/article\/informasiya-qanunlarina-deyisiklik-teklif-olunur\/"},"wordCount":744,"publisher":{"@id":"https:\/\/www.meydan.tv\/az\/#organization"},"image":{"@id":"https:\/\/www.meydan.tv\/az\/article\/informasiya-qanunlarina-deyisiklik-teklif-olunur\/#primaryimage"},"thumbnailUrl":"https:\/\/www.meydan.tv\/wp-content\/uploads\/23023.jpg","articleSection":["Analitika"],"inLanguage":"az"},{"@type":"WebPage","@id":"https:\/\/www.meydan.tv\/az\/article\/informasiya-qanunlarina-deyisiklik-teklif-olunur\/","url":"https:\/\/www.meydan.tv\/az\/article\/informasiya-qanunlarina-deyisiklik-teklif-olunur\/","name":"\u0130nformasiya qanunlar\u0131na d\u0259yi\u015fiklik t\u0259klif olunur - MEYDAN.TV","isPartOf":{"@id":"https:\/\/www.meydan.tv\/az\/#website"},"primaryImageOfPage":{"@id":"https:\/\/www.meydan.tv\/az\/article\/informasiya-qanunlarina-deyisiklik-teklif-olunur\/#primaryimage"},"image":{"@id":"https:\/\/www.meydan.tv\/az\/article\/informasiya-qanunlarina-deyisiklik-teklif-olunur\/#primaryimage"},"thumbnailUrl":"https:\/\/www.meydan.tv\/wp-content\/uploads\/23023.jpg","datePublished":"2017-03-03T17:37:16+00:00","breadcrumb":{"@id":"https:\/\/www.meydan.tv\/az\/article\/informasiya-qanunlarina-deyisiklik-teklif-olunur\/#breadcrumb"},"inLanguage":"az","potentialAction":[{"@type":"ReadAction","target":["https:\/\/www.meydan.tv\/az\/article\/informasiya-qanunlarina-deyisiklik-teklif-olunur\/"]}]},{"@type":"ImageObject","inLanguage":"az","@id":"https:\/\/www.meydan.tv\/az\/article\/informasiya-qanunlarina-deyisiklik-teklif-olunur\/#primaryimage","url":"https:\/\/www.meydan.tv\/wp-content\/uploads\/23023.jpg","contentUrl":"https:\/\/www.meydan.tv\/wp-content\/uploads\/23023.jpg","width":970,"height":420,"caption":"Source:"},{"@type":"BreadcrumbList","@id":"https:\/\/www.meydan.tv\/az\/article\/informasiya-qanunlarina-deyisiklik-teklif-olunur\/#breadcrumb","itemListElement":[{"@type":"ListItem","position":1,"name":"Ana s\u0259hif\u0259","item":"https:\/\/www.meydan.tv\/az\/"},{"@type":"ListItem","position":2,"name":"Analitika","item":"https:\/\/www.meydan.tv\/az\/section\/analitika\/"},{"@type":"ListItem","position":3,"name":"\u0130nformasiya qanunlar\u0131na d\u0259yi\u015fiklik t\u0259klif olunur"}]},{"@type":"WebSite","@id":"https:\/\/www.meydan.tv\/az\/#website","url":"https:\/\/www.meydan.tv\/az\/","name":"MEYDAN.TV","description":"Meydan TV Az\u0259rbaycan\u0131n media m\u0259kan\u0131ndak\u0131 alternativ s\u0259sidir","publisher":{"@id":"https:\/\/www.meydan.tv\/az\/#organization"},"potentialAction":[{"@type":"SearchAction","target":{"@type":"EntryPoint","urlTemplate":"https:\/\/www.meydan.tv\/az\/?s={search_term_string}"},"query-input":{"@type":"PropertyValueSpecification","valueRequired":true,"valueName":"search_term_string"}}],"inLanguage":"az"},{"@type":"Organization","@id":"https:\/\/www.meydan.tv\/az\/#organization","name":"Meydan TV","url":"https:\/\/www.meydan.tv\/az\/","logo":{"@type":"ImageObject","inLanguage":"az","@id":"https:\/\/www.meydan.tv\/az\/#\/schema\/logo\/image\/","url":"https:\/\/www.meydan.tv\/wp-content\/uploads\/2021\/07\/meydan-logo.svg","contentUrl":"https:\/\/www.meydan.tv\/wp-content\/uploads\/2021\/07\/meydan-logo.svg","width":195,"height":46,"caption":"Meydan TV"},"image":{"@id":"https:\/\/www.meydan.tv\/az\/#\/schema\/logo\/image\/"}},{"@type":"Person","@id":"https:\/\/www.meydan.tv\/az\/#\/schema\/person\/10d11eccf6da3662cf5fdab9806ea91a","name":"user-manager"}]}},"_links":{"self":[{"href":"https:\/\/www.meydan.tv\/az\/wp-json\/wp\/v2\/posts\/182966","targetHints":{"allow":["GET"]}}],"collection":[{"href":"https:\/\/www.meydan.tv\/az\/wp-json\/wp\/v2\/posts"}],"about":[{"href":"https:\/\/www.meydan.tv\/az\/wp-json\/wp\/v2\/types\/post"}],"author":[{"embeddable":true,"href":"https:\/\/www.meydan.tv\/az\/wp-json\/wp\/v2\/users\/11"}],"replies":[{"embeddable":true,"href":"https:\/\/www.meydan.tv\/az\/wp-json\/wp\/v2\/comments?post=182966"}],"version-history":[{"count":0,"href":"https:\/\/www.meydan.tv\/az\/wp-json\/wp\/v2\/posts\/182966\/revisions"}],"wp:featuredmedia":[{"embeddable":true,"href":"https:\/\/www.meydan.tv\/az\/wp-json\/wp\/v2\/media\/60568"}],"wp:attachment":[{"href":"https:\/\/www.meydan.tv\/az\/wp-json\/wp\/v2\/media?parent=182966"}],"wp:term":[{"taxonomy":"category","embeddable":true,"href":"https:\/\/www.meydan.tv\/az\/wp-json\/wp\/v2\/categories?post=182966"},{"taxonomy":"post_tag","embeddable":true,"href":"https:\/\/www.meydan.tv\/az\/wp-json\/wp\/v2\/tags?post=182966"}],"curies":[{"name":"wp","href":"https:\/\/api.w.org\/{rel}","templated":true}]}}