{"id":182939,"date":"2017-03-02T17:06:51","date_gmt":"2017-03-02T17:06:51","guid":{"rendered":"https:\/\/www.meydan.tv\/article\/mehriban-eliyevanin-birinci-vitse-prezident-teyin-olunmasi-hec-neyi-deyismeyecek\/"},"modified":"2017-03-02T17:06:51","modified_gmt":"2017-03-02T17:06:51","slug":"mehriban-eliyevanin-birinci-vitse-prezident-teyin-olunmasi-hec-neyi-deyismeyecek","status":"publish","type":"post","link":"https:\/\/www.meydan.tv\/az\/article\/mehriban-eliyevanin-birinci-vitse-prezident-teyin-olunmasi-hec-neyi-deyismeyecek\/","title":{"rendered":"&#8221;Mehriban \u018fliyevan\u0131n Birinci vitse-prezident t\u0259yin olunmas\u0131 he\u00e7 n\u0259yi d\u0259yi\u015fm\u0259y\u0259c\u0259k&#8221;"},"content":{"rendered":"<figure class=\"wp-block-image size-large\">\n  <img decoding=\"async\" src=\"https:\/\/www.meydan.tv\/az\/80296\/\" alt=\"\" class=\"wp-image-80296\"\/><figcaption><\/figcaption><\/figure>\n<p>\n  <i><br \/>\n    Z\u0259rd\u00fc\u015ft \u018flizad\u0259: &#8221;Hakimiyy\u0259t ill\u0259rdir xalq\u0131 \u00fcz\u0259rind\u0259 eksperimentl\u0259r apararaq ictimai \u00e7a\u015fq\u0131nl\u0131q yarad\u0131r&#8221;<br \/>\n  <\/i>\n<\/p>\n<p>\n  Mehriban \u018fliyevan\u0131n Birinci vitse-prezident<br \/>\n  <a href=\"\/az\/article\/mehriban-eliyeva-azerbaycanin-birinci-vitse-prezidenti-teyin-edilib\/\"><br \/>\n    t\u0259yin<br \/>\n  <\/a><br \/>\n  edilm\u0259sind\u0259n sonra ictimai-siyasi g\u00fcnd\u0259m m\u00fcxt\u0259lif m\u0259s\u0259l\u0259l\u0259rl\u0259 m\u00fczakir\u0259 predmetin\u0259 \u00e7evrildi. \u00d6nc\u0259 diqq\u0259t paytaxtda v\u0259 b\u00f6lg\u0259l\u0259rd\u0259 g\u0259nc f\u0259allar\u0131n, partiya \u00fczvl\u0259rinin h\u0259bsl\u0259rin\u0259 y\u00f6n\u0259ldi. Fevral\u0131n 24-d\u0259 v\u0259 25-d\u0259 c\u0259bh\u0259 b\u00f6lg\u0259sind\u0259<br \/>\n  <a href=\"\/az\/article\/ateskes-gun-erzinde-132-defe-pozulub\/\"><br \/>\n    at\u0259\u015fk\u0259s<br \/>\n  <\/a><br \/>\n  pozuldu, h\u0259r iki t\u0259r\u0259f itkil\u0259r\u0259 m\u0259ruz qald\u0131. Fevral\u0131n 27-d\u0259 is\u0259 \u015fair Mikay\u0131l M\u00fc\u015ffiqin \u0130n\u015faat\u00e7\u0131lar prospektind\u0259ki abid\u0259si<br \/>\n  <a href=\"\/az\/article\/musfiqe-qarsi-repressiyalar-davam-edir\/\"><br \/>\n    g\u00f6t\u00fcr\u00fcld\u00fc<br \/>\n  <\/a><br \/>\n  v\u0259 bu olaya prezident \u0130lham \u018fliyev s\u0259rt<br \/>\n  <a href=\"\/az\/article\/prezident-mikayil-musfiqin-heykelinin-goturulmesinden-narahatdir\/\"><br \/>\n    reaksiya<br \/>\n  <\/a><br \/>\n  n\u00fcmayi\u015f etdirdi.\n<\/p>\n<p>\n  Mart\u0131n 1-d\u0259 Milli M\u0259clisin \u018fm\u0259k v\u0259 sosial siyas\u0259t komit\u0259sinin s\u0259dri Had\u0131 R\u0259c\u0259bli \u00a0pensiya ya\u015f\u0131n\u0131n qald\u0131r\u0131lmas\u0131n\u0131<br \/>\n  <a href=\"\/az\/article\/hakimiyyet-yasli-neslin-sosial-yukunden-imtina-edir\/\"><br \/>\n    m\u00fcsb\u0259t<br \/>\n  <\/a><br \/>\n  qiym\u0259tl\u0259ndir\u0259r\u0259k t\u0259klifi d\u0259st\u0259kl\u0259diyini deyib. Mart\u0131n 2-d\u0259 Milli M\u0259clisinin regional m\u0259s\u0259l\u0259l\u0259r komit\u0259sinin s\u0259dri, deputat Arif R\u0259himzad\u0259 Rusiyan\u0131n \u201cKM.ru\u201d sayt\u0131na &#8220;az\u0259rbaycanl\u0131lara \u201ct\u00fcrk\u201d deyilm\u0259si d\u00fczg\u00fcn deyil, \u00e7\u00fcnki az\u0259rbaycanl\u0131lar t\u00fcrk say\u0131lm\u0131r&#8221; &#8211; dey\u0259 a\u00e7\u0131qlama verib.\n<\/p>\n<p>\n  B\u00fct\u00fcn bunlar sosial \u015f\u0259b\u0259k\u0259l\u0259rd\u0259 bel\u0259 fikir yarad\u0131b ki, hakim elita 21 fevral s\u0259r\u0259ncam\u0131n\u0131 \u00fcmumi m\u00fczakir\u0259d\u0259n \u00e7\u0131xarmaq \u00fc\u00e7\u00fcn g\u00fcnd\u0259mi d\u0259yi\u015fir.\n<\/p>\n<p>\n  Siyasi icmal\u00e7\u0131 Z\u0259rd\u00fc\u015ft \u018flizad\u0259 Meydan TV-nin \u0259m\u0259kda\u015f\u0131yla s\u00f6hb\u0259tind\u0259 vaxtil\u0259 s\u0259sl\u0259ndirdiyi \u00a0&#8220;hakimiyy\u0259t ill\u0259rdir Az\u0259rbaycan xalq\u0131 \u00fcz\u0259rind\u0259 eksperimentl\u0259r apararaq ictimai \u00e7a\u015fq\u0131nl\u0131q yarad\u0131r v\u0259 bununla ictimai r\u0259yin bir m\u0259s\u0259l\u0259y\u0259 fokuslanmas\u0131n\u0131n qar\u015f\u0131s\u0131n\u0131 ala bilir&#8221; &#8211; fikrinin \u00fcz\u0259rind\u0259 qald\u0131\u011f\u0131n\u0131 bildirib.\n<\/p>\n<p>\n  Onun s\u00f6zl\u0259rin\u0259 g\u00f6r\u0259, b\u00fct\u00fcn olaylar\u0131n ictimai-siyasi v\u0259 iqtisadi \u0259h\u0259miyy\u0259ti var. Amma son 5 ild\u0259 sosial \u015f\u0259b\u0259k\u0259l\u0259rin g\u00fcc\u00fc insanlarda \u00f6z fikirl\u0259rini ifad\u0259 etm\u0259k imkanlar\u0131n\u0131 art\u0131r\u0131b:\n<\/p>\n<p>\n  \u201cArt\u0131q 90-c\u0131 ill\u0259r deyil ki, insanlar\u0131 \u00e7a\u015fd\u0131rs\u0131nlar. M\u0259s\u0259l\u0259 ondad\u0131r ki, yuxar\u0131dak\u0131lar\u0131n yerd\u0259yi\u015fm\u0259si a\u015fa\u011f\u0131dak\u0131lar \u00fc\u00e7\u00fcn he\u00e7 bir \u0259h\u0259miyy\u0259t k\u0259sb etmir. T\u0259s\u0259vv\u00fcr edin ki, prezident \u0130lham \u018fliyev xan\u0131m\u0131 Mehriban \u018fliyevan\u0131 yox, Kamal\u0259ddin Heyd\u0259rovu, yaxud Ziya M\u0259mm\u0259dovu t\u0259yin ets\u0259ydil\u0259r, xalq sevin\u0259c\u0259kdimi? Xeyr, he\u00e7 bir t\u0259sir etm\u0259y\u0259c\u0259kdi. 21 fevral t\u0259yinat\u0131 klanlararas\u0131 naraz\u0131l\u0131q da yaratmayacaq. Nax\u00e7\u0131vanl\u0131lar Heyd\u0259r \u018fliyev\u0259 t\u0259\u015f\u0259kk\u00fcr etm\u0259lidir ki, onlar\u0131 Bak\u0131ya g\u0259tirib deputat, nazir, nazir m\u00fcavini, \u015firk\u0259t r\u0259hb\u0259ri qoydu. Heyd\u0259r \u018fliyev olmasayd\u0131, onlar L\u0259nk\u0259ran, Quba \u0259hli kimi qalacaqd\u0131lar. Ona g\u00f6r\u0259 \u00fcmummilli liderl\u0259rin\u0259 \u015f\u00fck\u00fcr etsinl\u0259r. Bu m\u0259nada klanlararas\u0131 qar\u015f\u0131durmadan s\u00f6hb\u0259t ged\u0259 bilm\u0259z. N\u0259hay\u0259t, Az\u0259rbaycan xalq\u0131 Mehriban \u018fliyevan\u0131n Birinci vitse-prezident t\u0259yin olunmas\u0131n\u0131n \u00f6lk\u0259d\u0259 he\u00e7 bir iqtisadi-sosial v\u0259 siyasi d\u0259yi\u015fikliy\u0259 s\u0259b\u0259b olmayaca\u011f\u0131n\u0131 bilm\u0259lidir. \u00d6lk\u0259 \u0259vv\u0259l nec\u0259 idar\u0259 olunurdusa, bundan sonra da o c\u00fcr davam ed\u0259c\u0259k\u201d.\n<\/p>\n<figure class=\"wp-block-image size-large\">\n  <img decoding=\"async\" src=\"https:\/\/www.meydan.tv\/az\/65187\/\" alt=\"\" class=\"wp-image-65187\"\/><figcaption>\n    Z\u0259rd\u00fc\u015ft \u018flizad\u0259<br \/>\n  <\/figcaption><\/figure>\n<p>\n  Z.\u018flizad\u0259 c\u0259bh\u0259 x\u0259ttind\u0259 24-25 fevral at\u0259\u015fk\u0259sin pozulmas\u0131n\u0131 Erm\u0259nistanda apreld\u0259 ke\u00e7iril\u0259c\u0259k se\u00e7kil\u0259rl\u0259 \u0259laq\u0259l\u0259ndirir:\n<\/p>\n<p>\n  \u201cSarkisyan bununla erm\u0259ni c\u0259miyy\u0259tini g\u0259rginlikd\u0259 saxlamaq ist\u0259yir. Erm\u0259nistan hakimiyy\u0259ti Rusiyan\u0131n marionetkas\u0131d\u0131r v\u0259 erm\u0259ni xalq\u0131n\u0131 b\u0259db\u0259xt edibl\u0259r. Erm\u0259ni xalq\u0131na laz\u0131m deyildi Qaraba\u011f, bunlar siyasi-maliyy\u0259 maraqlar\u0131na g\u00f6r\u0259 bu oyuna gedib xalq\u0131 da f\u0259lak\u0259t\u0259 s\u00fcr\u00fckl\u0259dil\u0259r&#8221;.\n<\/p>\n<p>\n  O, Mikay\u0131l M\u00fc\u015ffiqin abid\u0259sinin g\u00f6t\u00fcr\u00fclm\u0259sini m\u0259mur savads\u0131zl\u0131\u011f\u0131 v\u0259 t\u0259rbiy\u0259sizliyi adland\u0131r\u0131b:\n<\/p>\n<p>\n  &#8220;Bu h\u0259r\u0259k\u0259ti ed\u0259nl\u0259r manat, avro, m\u0259z\u0259nn\u0259 v\u0259 dollardan ba\u015fqa he\u00e7 n\u0259yi tan\u0131m\u0131rlar. \u00dcmumiyy\u0259tl\u0259, hakim z\u00fcmr\u0259nin hans\u0131 kitablar oxudu\u011funu , hans\u0131 \u0259dibl\u0259ri tan\u0131d\u0131\u011f\u0131n\u0131 ara\u015fd\u0131rsan\u0131z d\u0259h\u015f\u0259t\u0259 g\u0259l\u0259rsiniz&#8221;.<\/p>\n","protected":false},"excerpt":{"rendered":"<p>Z\u0259rd\u00fc\u015ft \u018flizad\u0259: &#8221;Hakimiyy\u0259t ill\u0259rdir xalq\u0131 \u00fcz\u0259rind\u0259 eksperimentl\u0259r apararaq ictimai \u00e7a\u015fq\u0131nl\u0131q yarad\u0131r&#8221;<\/p>\n","protected":false},"author":11,"featured_media":80296,"comment_status":"closed","ping_status":"open","sticky":false,"template":"","format":"standard","meta":{"_acf_changed":false,"_sitemap_exclude":false,"_sitemap_priority":"","_sitemap_frequency":"","footnotes":""},"categories":[51],"tags":[],"class_list":["post-182939","post","type-post","status-publish","format-standard","has-post-thumbnail","hentry","category-analitika","infinite-scroll-item","generate-columns","tablet-grid-50","mobile-grid-100","grid-parent","grid-33","no-featured-image-padding"],"acf":[],"yoast_head":"<!-- This site is optimized with the Yoast SEO plugin v27.4 - https:\/\/yoast.com\/product\/yoast-seo-wordpress\/ -->\n<title>&#039;&#039;Mehriban \u018fliyevan\u0131n Birinci vitse-prezident t\u0259yin olunmas\u0131 he\u00e7 n\u0259yi d\u0259yi\u015fm\u0259y\u0259c\u0259k&#039;&#039; - MEYDAN.TV<\/title>\n<meta name=\"robots\" content=\"index, follow, max-snippet:-1, max-image-preview:large, max-video-preview:-1\" \/>\n<link rel=\"canonical\" href=\"https:\/\/www.meydan.tv\/az\/article\/mehriban-eliyevanin-birinci-vitse-prezident-teyin-olunmasi-hec-neyi-deyismeyecek\/\" \/>\n<meta property=\"og:locale\" content=\"az_AZ\" \/>\n<meta property=\"og:type\" content=\"article\" \/>\n<meta property=\"og:title\" content=\"&#039;&#039;Mehriban \u018fliyevan\u0131n Birinci vitse-prezident t\u0259yin olunmas\u0131 he\u00e7 n\u0259yi d\u0259yi\u015fm\u0259y\u0259c\u0259k&#039;&#039; - MEYDAN.TV\" \/>\n<meta property=\"og:description\" content=\"Z\u0259rd\u00fc\u015ft \u018flizad\u0259: &#039;&#039;Hakimiyy\u0259t ill\u0259rdir xalq\u0131 \u00fcz\u0259rind\u0259 eksperimentl\u0259r apararaq ictimai \u00e7a\u015fq\u0131nl\u0131q yarad\u0131r&#039;&#039;\" \/>\n<meta property=\"og:url\" content=\"https:\/\/www.meydan.tv\/az\/article\/mehriban-eliyevanin-birinci-vitse-prezident-teyin-olunmasi-hec-neyi-deyismeyecek\/\" \/>\n<meta property=\"og:site_name\" content=\"MEYDAN.TV\" \/>\n<meta property=\"article:published_time\" content=\"2017-03-02T17:06:51+00:00\" \/>\n<meta property=\"og:image\" content=\"https:\/\/www.meydan.tv\/wp-content\/uploads\/31327.jpg\" \/>\n\t<meta property=\"og:image:width\" content=\"768\" \/>\n\t<meta property=\"og:image:height\" content=\"439\" \/>\n\t<meta property=\"og:image:type\" content=\"image\/jpeg\" \/>\n<meta name=\"author\" content=\"user-manager\" \/>\n<meta name=\"twitter:card\" content=\"summary_large_image\" \/>\n<script type=\"application\/ld+json\" class=\"yoast-schema-graph\">{\"@context\":\"https:\\\/\\\/schema.org\",\"@graph\":[{\"@type\":\"Article\",\"@id\":\"https:\\\/\\\/www.meydan.tv\\\/az\\\/article\\\/mehriban-eliyevanin-birinci-vitse-prezident-teyin-olunmasi-hec-neyi-deyismeyecek\\\/#article\",\"isPartOf\":{\"@id\":\"https:\\\/\\\/www.meydan.tv\\\/az\\\/article\\\/mehriban-eliyevanin-birinci-vitse-prezident-teyin-olunmasi-hec-neyi-deyismeyecek\\\/\"},\"author\":{\"name\":\"user-manager\",\"@id\":\"https:\\\/\\\/www.meydan.tv\\\/az\\\/#\\\/schema\\\/person\\\/10d11eccf6da3662cf5fdab9806ea91a\"},\"headline\":\"&#8221;Mehriban \u018fliyevan\u0131n Birinci vitse-prezident t\u0259yin olunmas\u0131 he\u00e7 n\u0259yi d\u0259yi\u015fm\u0259y\u0259c\u0259k&#8221;\",\"datePublished\":\"2017-03-02T17:06:51+00:00\",\"mainEntityOfPage\":{\"@id\":\"https:\\\/\\\/www.meydan.tv\\\/az\\\/article\\\/mehriban-eliyevanin-birinci-vitse-prezident-teyin-olunmasi-hec-neyi-deyismeyecek\\\/\"},\"wordCount\":736,\"publisher\":{\"@id\":\"https:\\\/\\\/www.meydan.tv\\\/az\\\/#organization\"},\"image\":{\"@id\":\"https:\\\/\\\/www.meydan.tv\\\/az\\\/article\\\/mehriban-eliyevanin-birinci-vitse-prezident-teyin-olunmasi-hec-neyi-deyismeyecek\\\/#primaryimage\"},\"thumbnailUrl\":\"https:\\\/\\\/www.meydan.tv\\\/wp-content\\\/uploads\\\/31327.jpg\",\"articleSection\":[\"Analitika\"],\"inLanguage\":\"az\"},{\"@type\":\"WebPage\",\"@id\":\"https:\\\/\\\/www.meydan.tv\\\/az\\\/article\\\/mehriban-eliyevanin-birinci-vitse-prezident-teyin-olunmasi-hec-neyi-deyismeyecek\\\/\",\"url\":\"https:\\\/\\\/www.meydan.tv\\\/az\\\/article\\\/mehriban-eliyevanin-birinci-vitse-prezident-teyin-olunmasi-hec-neyi-deyismeyecek\\\/\",\"name\":\"''Mehriban \u018fliyevan\u0131n Birinci vitse-prezident t\u0259yin olunmas\u0131 he\u00e7 n\u0259yi d\u0259yi\u015fm\u0259y\u0259c\u0259k'' - MEYDAN.TV\",\"isPartOf\":{\"@id\":\"https:\\\/\\\/www.meydan.tv\\\/az\\\/#website\"},\"primaryImageOfPage\":{\"@id\":\"https:\\\/\\\/www.meydan.tv\\\/az\\\/article\\\/mehriban-eliyevanin-birinci-vitse-prezident-teyin-olunmasi-hec-neyi-deyismeyecek\\\/#primaryimage\"},\"image\":{\"@id\":\"https:\\\/\\\/www.meydan.tv\\\/az\\\/article\\\/mehriban-eliyevanin-birinci-vitse-prezident-teyin-olunmasi-hec-neyi-deyismeyecek\\\/#primaryimage\"},\"thumbnailUrl\":\"https:\\\/\\\/www.meydan.tv\\\/wp-content\\\/uploads\\\/31327.jpg\",\"datePublished\":\"2017-03-02T17:06:51+00:00\",\"breadcrumb\":{\"@id\":\"https:\\\/\\\/www.meydan.tv\\\/az\\\/article\\\/mehriban-eliyevanin-birinci-vitse-prezident-teyin-olunmasi-hec-neyi-deyismeyecek\\\/#breadcrumb\"},\"inLanguage\":\"az\",\"potentialAction\":[{\"@type\":\"ReadAction\",\"target\":[\"https:\\\/\\\/www.meydan.tv\\\/az\\\/article\\\/mehriban-eliyevanin-birinci-vitse-prezident-teyin-olunmasi-hec-neyi-deyismeyecek\\\/\"]}]},{\"@type\":\"ImageObject\",\"inLanguage\":\"az\",\"@id\":\"https:\\\/\\\/www.meydan.tv\\\/az\\\/article\\\/mehriban-eliyevanin-birinci-vitse-prezident-teyin-olunmasi-hec-neyi-deyismeyecek\\\/#primaryimage\",\"url\":\"https:\\\/\\\/www.meydan.tv\\\/wp-content\\\/uploads\\\/31327.jpg\",\"contentUrl\":\"https:\\\/\\\/www.meydan.tv\\\/wp-content\\\/uploads\\\/31327.jpg\",\"width\":768,\"height\":439,\"caption\":\"Source:\"},{\"@type\":\"BreadcrumbList\",\"@id\":\"https:\\\/\\\/www.meydan.tv\\\/az\\\/article\\\/mehriban-eliyevanin-birinci-vitse-prezident-teyin-olunmasi-hec-neyi-deyismeyecek\\\/#breadcrumb\",\"itemListElement\":[{\"@type\":\"ListItem\",\"position\":1,\"name\":\"Ana s\u0259hif\u0259\",\"item\":\"https:\\\/\\\/www.meydan.tv\\\/az\\\/\"},{\"@type\":\"ListItem\",\"position\":2,\"name\":\"Analitika\",\"item\":\"https:\\\/\\\/www.meydan.tv\\\/az\\\/section\\\/analitika\\\/\"},{\"@type\":\"ListItem\",\"position\":3,\"name\":\"&#8221;Mehriban \u018fliyevan\u0131n Birinci vitse-prezident t\u0259yin olunmas\u0131 he\u00e7 n\u0259yi d\u0259yi\u015fm\u0259y\u0259c\u0259k&#8221;\"}]},{\"@type\":\"WebSite\",\"@id\":\"https:\\\/\\\/www.meydan.tv\\\/az\\\/#website\",\"url\":\"https:\\\/\\\/www.meydan.tv\\\/az\\\/\",\"name\":\"MEYDAN.TV\",\"description\":\"Meydan TV Az\u0259rbaycan\u0131n media m\u0259kan\u0131ndak\u0131 alternativ s\u0259sidir\",\"publisher\":{\"@id\":\"https:\\\/\\\/www.meydan.tv\\\/az\\\/#organization\"},\"potentialAction\":[{\"@type\":\"SearchAction\",\"target\":{\"@type\":\"EntryPoint\",\"urlTemplate\":\"https:\\\/\\\/www.meydan.tv\\\/az\\\/?s={search_term_string}\"},\"query-input\":{\"@type\":\"PropertyValueSpecification\",\"valueRequired\":true,\"valueName\":\"search_term_string\"}}],\"inLanguage\":\"az\"},{\"@type\":\"Organization\",\"@id\":\"https:\\\/\\\/www.meydan.tv\\\/az\\\/#organization\",\"name\":\"Meydan TV\",\"url\":\"https:\\\/\\\/www.meydan.tv\\\/az\\\/\",\"logo\":{\"@type\":\"ImageObject\",\"inLanguage\":\"az\",\"@id\":\"https:\\\/\\\/www.meydan.tv\\\/az\\\/#\\\/schema\\\/logo\\\/image\\\/\",\"url\":\"https:\\\/\\\/www.meydan.tv\\\/wp-content\\\/uploads\\\/2021\\\/07\\\/meydan-logo.svg\",\"contentUrl\":\"https:\\\/\\\/www.meydan.tv\\\/wp-content\\\/uploads\\\/2021\\\/07\\\/meydan-logo.svg\",\"width\":195,\"height\":46,\"caption\":\"Meydan TV\"},\"image\":{\"@id\":\"https:\\\/\\\/www.meydan.tv\\\/az\\\/#\\\/schema\\\/logo\\\/image\\\/\"}},{\"@type\":\"Person\",\"@id\":\"https:\\\/\\\/www.meydan.tv\\\/az\\\/#\\\/schema\\\/person\\\/10d11eccf6da3662cf5fdab9806ea91a\",\"name\":\"user-manager\"}]}<\/script>\n<!-- \/ Yoast SEO plugin. -->","yoast_head_json":{"title":"''Mehriban \u018fliyevan\u0131n Birinci vitse-prezident t\u0259yin olunmas\u0131 he\u00e7 n\u0259yi d\u0259yi\u015fm\u0259y\u0259c\u0259k'' - MEYDAN.TV","robots":{"index":"index","follow":"follow","max-snippet":"max-snippet:-1","max-image-preview":"max-image-preview:large","max-video-preview":"max-video-preview:-1"},"canonical":"https:\/\/www.meydan.tv\/az\/article\/mehriban-eliyevanin-birinci-vitse-prezident-teyin-olunmasi-hec-neyi-deyismeyecek\/","og_locale":"az_AZ","og_type":"article","og_title":"''Mehriban \u018fliyevan\u0131n Birinci vitse-prezident t\u0259yin olunmas\u0131 he\u00e7 n\u0259yi d\u0259yi\u015fm\u0259y\u0259c\u0259k'' - MEYDAN.TV","og_description":"Z\u0259rd\u00fc\u015ft \u018flizad\u0259: ''Hakimiyy\u0259t ill\u0259rdir xalq\u0131 \u00fcz\u0259rind\u0259 eksperimentl\u0259r apararaq ictimai \u00e7a\u015fq\u0131nl\u0131q yarad\u0131r''","og_url":"https:\/\/www.meydan.tv\/az\/article\/mehriban-eliyevanin-birinci-vitse-prezident-teyin-olunmasi-hec-neyi-deyismeyecek\/","og_site_name":"MEYDAN.TV","article_published_time":"2017-03-02T17:06:51+00:00","og_image":[{"width":768,"height":439,"url":"https:\/\/www.meydan.tv\/wp-content\/uploads\/31327.jpg","type":"image\/jpeg"}],"author":"user-manager","twitter_card":"summary_large_image","schema":{"@context":"https:\/\/schema.org","@graph":[{"@type":"Article","@id":"https:\/\/www.meydan.tv\/az\/article\/mehriban-eliyevanin-birinci-vitse-prezident-teyin-olunmasi-hec-neyi-deyismeyecek\/#article","isPartOf":{"@id":"https:\/\/www.meydan.tv\/az\/article\/mehriban-eliyevanin-birinci-vitse-prezident-teyin-olunmasi-hec-neyi-deyismeyecek\/"},"author":{"name":"user-manager","@id":"https:\/\/www.meydan.tv\/az\/#\/schema\/person\/10d11eccf6da3662cf5fdab9806ea91a"},"headline":"&#8221;Mehriban \u018fliyevan\u0131n Birinci vitse-prezident t\u0259yin olunmas\u0131 he\u00e7 n\u0259yi d\u0259yi\u015fm\u0259y\u0259c\u0259k&#8221;","datePublished":"2017-03-02T17:06:51+00:00","mainEntityOfPage":{"@id":"https:\/\/www.meydan.tv\/az\/article\/mehriban-eliyevanin-birinci-vitse-prezident-teyin-olunmasi-hec-neyi-deyismeyecek\/"},"wordCount":736,"publisher":{"@id":"https:\/\/www.meydan.tv\/az\/#organization"},"image":{"@id":"https:\/\/www.meydan.tv\/az\/article\/mehriban-eliyevanin-birinci-vitse-prezident-teyin-olunmasi-hec-neyi-deyismeyecek\/#primaryimage"},"thumbnailUrl":"https:\/\/www.meydan.tv\/wp-content\/uploads\/31327.jpg","articleSection":["Analitika"],"inLanguage":"az"},{"@type":"WebPage","@id":"https:\/\/www.meydan.tv\/az\/article\/mehriban-eliyevanin-birinci-vitse-prezident-teyin-olunmasi-hec-neyi-deyismeyecek\/","url":"https:\/\/www.meydan.tv\/az\/article\/mehriban-eliyevanin-birinci-vitse-prezident-teyin-olunmasi-hec-neyi-deyismeyecek\/","name":"''Mehriban \u018fliyevan\u0131n Birinci vitse-prezident t\u0259yin olunmas\u0131 he\u00e7 n\u0259yi d\u0259yi\u015fm\u0259y\u0259c\u0259k'' - MEYDAN.TV","isPartOf":{"@id":"https:\/\/www.meydan.tv\/az\/#website"},"primaryImageOfPage":{"@id":"https:\/\/www.meydan.tv\/az\/article\/mehriban-eliyevanin-birinci-vitse-prezident-teyin-olunmasi-hec-neyi-deyismeyecek\/#primaryimage"},"image":{"@id":"https:\/\/www.meydan.tv\/az\/article\/mehriban-eliyevanin-birinci-vitse-prezident-teyin-olunmasi-hec-neyi-deyismeyecek\/#primaryimage"},"thumbnailUrl":"https:\/\/www.meydan.tv\/wp-content\/uploads\/31327.jpg","datePublished":"2017-03-02T17:06:51+00:00","breadcrumb":{"@id":"https:\/\/www.meydan.tv\/az\/article\/mehriban-eliyevanin-birinci-vitse-prezident-teyin-olunmasi-hec-neyi-deyismeyecek\/#breadcrumb"},"inLanguage":"az","potentialAction":[{"@type":"ReadAction","target":["https:\/\/www.meydan.tv\/az\/article\/mehriban-eliyevanin-birinci-vitse-prezident-teyin-olunmasi-hec-neyi-deyismeyecek\/"]}]},{"@type":"ImageObject","inLanguage":"az","@id":"https:\/\/www.meydan.tv\/az\/article\/mehriban-eliyevanin-birinci-vitse-prezident-teyin-olunmasi-hec-neyi-deyismeyecek\/#primaryimage","url":"https:\/\/www.meydan.tv\/wp-content\/uploads\/31327.jpg","contentUrl":"https:\/\/www.meydan.tv\/wp-content\/uploads\/31327.jpg","width":768,"height":439,"caption":"Source:"},{"@type":"BreadcrumbList","@id":"https:\/\/www.meydan.tv\/az\/article\/mehriban-eliyevanin-birinci-vitse-prezident-teyin-olunmasi-hec-neyi-deyismeyecek\/#breadcrumb","itemListElement":[{"@type":"ListItem","position":1,"name":"Ana s\u0259hif\u0259","item":"https:\/\/www.meydan.tv\/az\/"},{"@type":"ListItem","position":2,"name":"Analitika","item":"https:\/\/www.meydan.tv\/az\/section\/analitika\/"},{"@type":"ListItem","position":3,"name":"&#8221;Mehriban \u018fliyevan\u0131n Birinci vitse-prezident t\u0259yin olunmas\u0131 he\u00e7 n\u0259yi d\u0259yi\u015fm\u0259y\u0259c\u0259k&#8221;"}]},{"@type":"WebSite","@id":"https:\/\/www.meydan.tv\/az\/#website","url":"https:\/\/www.meydan.tv\/az\/","name":"MEYDAN.TV","description":"Meydan TV Az\u0259rbaycan\u0131n media m\u0259kan\u0131ndak\u0131 alternativ s\u0259sidir","publisher":{"@id":"https:\/\/www.meydan.tv\/az\/#organization"},"potentialAction":[{"@type":"SearchAction","target":{"@type":"EntryPoint","urlTemplate":"https:\/\/www.meydan.tv\/az\/?s={search_term_string}"},"query-input":{"@type":"PropertyValueSpecification","valueRequired":true,"valueName":"search_term_string"}}],"inLanguage":"az"},{"@type":"Organization","@id":"https:\/\/www.meydan.tv\/az\/#organization","name":"Meydan TV","url":"https:\/\/www.meydan.tv\/az\/","logo":{"@type":"ImageObject","inLanguage":"az","@id":"https:\/\/www.meydan.tv\/az\/#\/schema\/logo\/image\/","url":"https:\/\/www.meydan.tv\/wp-content\/uploads\/2021\/07\/meydan-logo.svg","contentUrl":"https:\/\/www.meydan.tv\/wp-content\/uploads\/2021\/07\/meydan-logo.svg","width":195,"height":46,"caption":"Meydan TV"},"image":{"@id":"https:\/\/www.meydan.tv\/az\/#\/schema\/logo\/image\/"}},{"@type":"Person","@id":"https:\/\/www.meydan.tv\/az\/#\/schema\/person\/10d11eccf6da3662cf5fdab9806ea91a","name":"user-manager"}]}},"_links":{"self":[{"href":"https:\/\/www.meydan.tv\/az\/wp-json\/wp\/v2\/posts\/182939","targetHints":{"allow":["GET"]}}],"collection":[{"href":"https:\/\/www.meydan.tv\/az\/wp-json\/wp\/v2\/posts"}],"about":[{"href":"https:\/\/www.meydan.tv\/az\/wp-json\/wp\/v2\/types\/post"}],"author":[{"embeddable":true,"href":"https:\/\/www.meydan.tv\/az\/wp-json\/wp\/v2\/users\/11"}],"replies":[{"embeddable":true,"href":"https:\/\/www.meydan.tv\/az\/wp-json\/wp\/v2\/comments?post=182939"}],"version-history":[{"count":0,"href":"https:\/\/www.meydan.tv\/az\/wp-json\/wp\/v2\/posts\/182939\/revisions"}],"wp:featuredmedia":[{"embeddable":true,"href":"https:\/\/www.meydan.tv\/az\/wp-json\/wp\/v2\/media\/80296"}],"wp:attachment":[{"href":"https:\/\/www.meydan.tv\/az\/wp-json\/wp\/v2\/media?parent=182939"}],"wp:term":[{"taxonomy":"category","embeddable":true,"href":"https:\/\/www.meydan.tv\/az\/wp-json\/wp\/v2\/categories?post=182939"},{"taxonomy":"post_tag","embeddable":true,"href":"https:\/\/www.meydan.tv\/az\/wp-json\/wp\/v2\/tags?post=182939"}],"curies":[{"name":"wp","href":"https:\/\/api.w.org\/{rel}","templated":true}]}}