{"id":182900,"date":"2017-03-01T13:39:31","date_gmt":"2017-03-01T13:39:31","guid":{"rendered":"https:\/\/www.meydan.tv\/article\/ateskes-gun-erzinde-132-defe-pozulub\/"},"modified":"2017-03-01T13:39:31","modified_gmt":"2017-03-01T13:39:31","slug":"ateskes-gun-erzinde-132-defe-pozulub","status":"publish","type":"post","link":"https:\/\/www.meydan.tv\/az\/article\/ateskes-gun-erzinde-132-defe-pozulub\/","title":{"rendered":"At\u0259\u015fk\u0259s g\u00fcn \u0259rzind\u0259 132 d\u0259f\u0259 pozulub"},"content":{"rendered":"<figure class=\"wp-block-image size-large\">\n  <img decoding=\"async\" src=\"https:\/\/www.meydan.tv\/az\/53141\/\" alt=\"\" class=\"wp-image-53141\"\/><figcaption><\/figcaption><\/figure>\n<p>\n  <i><br \/>\n    M\u00fcdafi\u0259 Nazirliyi: &#8221;Qar\u015f\u0131 t\u0259r\u0259fin texnikas\u0131 m\u0259hv olunub&#8221;<br \/>\n  <\/i>\n<\/p>\n<p>\n  \u201cQo\u015funlar\u0131m\u0131z ist\u0259nil\u0259n m\u00fcasir silahlardan istifad\u0259 etm\u0259k h\u00fcququna malikdir. D\u00fc\u015fm\u0259nin f\u0259aliyy\u0259tinin qar\u015f\u0131s\u0131n\u0131 almaq imkan\u0131nday\u0131q\u201d.\n<\/p>\n<p>\n  M\u00fcdafi\u0259 Nazirliyi Xocav\u0259ndd\u0259 Az\u0259rbaycan qo\u015funlar\u0131n\u0131n Erm\u0259nistan silahl\u0131 q\u00fcvv\u0259l\u0259rin\u0259 qar\u015f\u0131 SPIKE tank \u0259leyhin\u0259 idar\u0259 olunan raketin t\u0259tbiqi bar\u0259d\u0259 erm\u0259ni t\u0259r\u0259fin yayd\u0131\u011f\u0131 m\u0259lumat haqda \u201cReport\u201dun suallar\u0131na cavab kimi bildirib.\n<\/p>\n<p>\n  \u201cFevral\u0131n 28-d\u0259 Erm\u0259nistan silahl\u0131 q\u00fcvv\u0259l\u0259ri m\u00f6vqel\u0259rini g\u00fccl\u0259ndirm\u0259k \u00fc\u00e7\u00fcn zirehli texnikan\u0131 \u00f6n x\u0259tt\u0259 \u00e7\u0131xarmaq ist\u0259yib. Bu add\u0131m vaxt\u0131nda a\u015fkar edilib, texnika m\u0259hv olunub. D\u00fc\u015fm\u0259nin itkil\u0259ri aras\u0131nda xaricd\u0259n g\u0259tiril\u0259n erm\u0259ni \u0259silli muzdlular \u00e7oxdur. Qar\u015f\u0131 t\u0259r\u0259f r\u0259q\u0259ml\u0259ri gizl\u0259dir\u201d.\n<\/p>\n<p>\n  M\u00fcdafi\u0259 Nazirliyi bildirir ki, Erm\u0259nistan silahl\u0131 q\u00fcvv\u0259l\u0259ri c\u0259bh\u0259nin m\u00fcxt\u0259lif istiqam\u0259tl\u0259rind\u0259 iri\u00e7apl\u0131 pulemyotlardan, 82 v\u0259 120 millimetrlik minaatanlardan istifad\u0259 etm\u0259kl\u0259 g\u00fcn boyu at\u0259\u015fk\u0259si 132 d\u0259f\u0259 pozub.\n<\/p>\n<p>\n  Qaraba\u011f m\u00fcnaqi\u015f\u0259si 1988-ci ild\u0259 ba\u015flay\u0131b. 1994-c\u00fc ild\u0259 ger\u00e7\u0259kl\u0259\u015f\u0259n at\u0259\u015fk\u0259s raz\u0131la\u015fmas\u0131na q\u0259d\u0259r Az\u0259rbaycan\u0131n Da\u011fl\u0131q Qaraba\u011f b\u00f6lg\u0259si, ona biti\u015fik 7 rayon v\u0259 b\u0259zi \u0259lav\u0259 k\u0259ndl\u0259r i\u015f\u011fal edilib.\n<\/p>\n<p>\n  2016-da \u0259vv\u0259lki ill\u0259rl\u0259 m\u00fcqayis\u0259d\u0259, c\u0259bh\u0259d\u0259 at\u0259\u015fk\u0259s hallar\u0131 daha \u00e7ox pozulub. H\u0259min il aprelin 2-d\u0259n 5-n\u0259 kimi h\u0259tta c\u0259bh\u0259d\u0259 iri silahlar\u0131n i\u015f\u0259 d\u00fc\u015fm\u0259si n\u0259tic\u0259sind\u0259 h\u0259r iki t\u0259r\u0259f itkil\u0259r verib. Aprelin 5-d\u0259 Moskvada q\u0259rargah r\u0259isl\u0259rinin g\u00f6r\u00fc\u015f\u00fcnd\u0259 h\u0259rbi \u0259m\u0259liyyatlar\u0131n dayand\u0131r\u0131lmas\u0131 il\u0259 ba\u011fl\u0131 raz\u0131l\u0131q \u0259ld\u0259 edilib. Buna baxmayaraq t\u0259r\u0259fl\u0259r bir-birini at\u0259\u015fk\u0259sin pozulmas\u0131nda ittiham edir.\n<\/p>\n<p>\n  Son g\u00fcnl\u0259r is\u0259 c\u0259bh\u0259d\u0259 iri silahlar\u0131n i\u015f\u0259 d\u00fc\u015fd\u00fcy\u00fc, yenid\u0259n itkil\u0259rin oldu\u011fu x\u0259b\u0259rl\u0259ri yay\u0131l\u0131r.<\/p>\n","protected":false},"excerpt":{"rendered":"<p>M\u00fcdafi\u0259 Nazirliyi: &#8221;Qar\u015f\u0131 t\u0259r\u0259fin texnikas\u0131 m\u0259hv olunub&#8221;<\/p>\n","protected":false},"author":11,"featured_media":53141,"comment_status":"closed","ping_status":"open","sticky":false,"template":"","format":"standard","meta":{"_acf_changed":false,"_sitemap_exclude":false,"_sitemap_priority":"","_sitemap_frequency":"","footnotes":""},"categories":[56],"tags":[],"class_list":["post-182900","post","type-post","status-publish","format-standard","has-post-thumbnail","hentry","category-xeberler","infinite-scroll-item","generate-columns","tablet-grid-50","mobile-grid-100","grid-parent","grid-33","no-featured-image-padding"],"acf":[],"yoast_head":"<!-- This site is optimized with the Yoast SEO plugin v27.4 - https:\/\/yoast.com\/product\/yoast-seo-wordpress\/ -->\n<title>At\u0259\u015fk\u0259s g\u00fcn \u0259rzind\u0259 132 d\u0259f\u0259 pozulub - MEYDAN.TV<\/title>\n<meta name=\"robots\" content=\"index, follow, max-snippet:-1, max-image-preview:large, max-video-preview:-1\" \/>\n<link rel=\"canonical\" href=\"https:\/\/www.meydan.tv\/az\/article\/ateskes-gun-erzinde-132-defe-pozulub\/\" \/>\n<meta property=\"og:locale\" content=\"az_AZ\" \/>\n<meta property=\"og:type\" content=\"article\" \/>\n<meta property=\"og:title\" content=\"At\u0259\u015fk\u0259s g\u00fcn \u0259rzind\u0259 132 d\u0259f\u0259 pozulub - MEYDAN.TV\" \/>\n<meta property=\"og:description\" content=\"M\u00fcdafi\u0259 Nazirliyi: &#039;&#039;Qar\u015f\u0131 t\u0259r\u0259fin texnikas\u0131 m\u0259hv olunub&#039;&#039;\" \/>\n<meta property=\"og:url\" content=\"https:\/\/www.meydan.tv\/az\/article\/ateskes-gun-erzinde-132-defe-pozulub\/\" \/>\n<meta property=\"og:site_name\" content=\"MEYDAN.TV\" \/>\n<meta property=\"article:published_time\" content=\"2017-03-01T13:39:31+00:00\" \/>\n<meta property=\"og:image\" content=\"https:\/\/www.meydan.tv\/wp-content\/uploads\/20074.jpg\" \/>\n\t<meta property=\"og:image:width\" content=\"750\" \/>\n\t<meta property=\"og:image:height\" content=\"561\" \/>\n\t<meta property=\"og:image:type\" content=\"image\/jpeg\" \/>\n<meta name=\"author\" content=\"user-manager\" \/>\n<meta name=\"twitter:card\" content=\"summary_large_image\" \/>\n<script type=\"application\/ld+json\" class=\"yoast-schema-graph\">{\"@context\":\"https:\\\/\\\/schema.org\",\"@graph\":[{\"@type\":\"Article\",\"@id\":\"https:\\\/\\\/www.meydan.tv\\\/az\\\/article\\\/ateskes-gun-erzinde-132-defe-pozulub\\\/#article\",\"isPartOf\":{\"@id\":\"https:\\\/\\\/www.meydan.tv\\\/az\\\/article\\\/ateskes-gun-erzinde-132-defe-pozulub\\\/\"},\"author\":{\"name\":\"user-manager\",\"@id\":\"https:\\\/\\\/www.meydan.tv\\\/az\\\/#\\\/schema\\\/person\\\/10d11eccf6da3662cf5fdab9806ea91a\"},\"headline\":\"At\u0259\u015fk\u0259s g\u00fcn \u0259rzind\u0259 132 d\u0259f\u0259 pozulub\",\"datePublished\":\"2017-03-01T13:39:31+00:00\",\"mainEntityOfPage\":{\"@id\":\"https:\\\/\\\/www.meydan.tv\\\/az\\\/article\\\/ateskes-gun-erzinde-132-defe-pozulub\\\/\"},\"wordCount\":365,\"publisher\":{\"@id\":\"https:\\\/\\\/www.meydan.tv\\\/az\\\/#organization\"},\"image\":{\"@id\":\"https:\\\/\\\/www.meydan.tv\\\/az\\\/article\\\/ateskes-gun-erzinde-132-defe-pozulub\\\/#primaryimage\"},\"thumbnailUrl\":\"https:\\\/\\\/www.meydan.tv\\\/wp-content\\\/uploads\\\/20074.jpg\",\"articleSection\":[\"X\u0259b\u0259rl\u0259r\"],\"inLanguage\":\"az\"},{\"@type\":\"WebPage\",\"@id\":\"https:\\\/\\\/www.meydan.tv\\\/az\\\/article\\\/ateskes-gun-erzinde-132-defe-pozulub\\\/\",\"url\":\"https:\\\/\\\/www.meydan.tv\\\/az\\\/article\\\/ateskes-gun-erzinde-132-defe-pozulub\\\/\",\"name\":\"At\u0259\u015fk\u0259s g\u00fcn \u0259rzind\u0259 132 d\u0259f\u0259 pozulub - MEYDAN.TV\",\"isPartOf\":{\"@id\":\"https:\\\/\\\/www.meydan.tv\\\/az\\\/#website\"},\"primaryImageOfPage\":{\"@id\":\"https:\\\/\\\/www.meydan.tv\\\/az\\\/article\\\/ateskes-gun-erzinde-132-defe-pozulub\\\/#primaryimage\"},\"image\":{\"@id\":\"https:\\\/\\\/www.meydan.tv\\\/az\\\/article\\\/ateskes-gun-erzinde-132-defe-pozulub\\\/#primaryimage\"},\"thumbnailUrl\":\"https:\\\/\\\/www.meydan.tv\\\/wp-content\\\/uploads\\\/20074.jpg\",\"datePublished\":\"2017-03-01T13:39:31+00:00\",\"breadcrumb\":{\"@id\":\"https:\\\/\\\/www.meydan.tv\\\/az\\\/article\\\/ateskes-gun-erzinde-132-defe-pozulub\\\/#breadcrumb\"},\"inLanguage\":\"az\",\"potentialAction\":[{\"@type\":\"ReadAction\",\"target\":[\"https:\\\/\\\/www.meydan.tv\\\/az\\\/article\\\/ateskes-gun-erzinde-132-defe-pozulub\\\/\"]}]},{\"@type\":\"ImageObject\",\"inLanguage\":\"az\",\"@id\":\"https:\\\/\\\/www.meydan.tv\\\/az\\\/article\\\/ateskes-gun-erzinde-132-defe-pozulub\\\/#primaryimage\",\"url\":\"https:\\\/\\\/www.meydan.tv\\\/wp-content\\\/uploads\\\/20074.jpg\",\"contentUrl\":\"https:\\\/\\\/www.meydan.tv\\\/wp-content\\\/uploads\\\/20074.jpg\",\"width\":750,\"height\":561,\"caption\":\"Source:\"},{\"@type\":\"BreadcrumbList\",\"@id\":\"https:\\\/\\\/www.meydan.tv\\\/az\\\/article\\\/ateskes-gun-erzinde-132-defe-pozulub\\\/#breadcrumb\",\"itemListElement\":[{\"@type\":\"ListItem\",\"position\":1,\"name\":\"Ana s\u0259hif\u0259\",\"item\":\"https:\\\/\\\/www.meydan.tv\\\/az\\\/\"},{\"@type\":\"ListItem\",\"position\":2,\"name\":\"X\u0259b\u0259rl\u0259r\",\"item\":\"https:\\\/\\\/www.meydan.tv\\\/az\\\/section\\\/xeberler\\\/\"},{\"@type\":\"ListItem\",\"position\":3,\"name\":\"At\u0259\u015fk\u0259s g\u00fcn \u0259rzind\u0259 132 d\u0259f\u0259 pozulub\"}]},{\"@type\":\"WebSite\",\"@id\":\"https:\\\/\\\/www.meydan.tv\\\/az\\\/#website\",\"url\":\"https:\\\/\\\/www.meydan.tv\\\/az\\\/\",\"name\":\"MEYDAN.TV\",\"description\":\"Meydan TV Az\u0259rbaycan\u0131n media m\u0259kan\u0131ndak\u0131 alternativ s\u0259sidir\",\"publisher\":{\"@id\":\"https:\\\/\\\/www.meydan.tv\\\/az\\\/#organization\"},\"potentialAction\":[{\"@type\":\"SearchAction\",\"target\":{\"@type\":\"EntryPoint\",\"urlTemplate\":\"https:\\\/\\\/www.meydan.tv\\\/az\\\/?s={search_term_string}\"},\"query-input\":{\"@type\":\"PropertyValueSpecification\",\"valueRequired\":true,\"valueName\":\"search_term_string\"}}],\"inLanguage\":\"az\"},{\"@type\":\"Organization\",\"@id\":\"https:\\\/\\\/www.meydan.tv\\\/az\\\/#organization\",\"name\":\"Meydan TV\",\"url\":\"https:\\\/\\\/www.meydan.tv\\\/az\\\/\",\"logo\":{\"@type\":\"ImageObject\",\"inLanguage\":\"az\",\"@id\":\"https:\\\/\\\/www.meydan.tv\\\/az\\\/#\\\/schema\\\/logo\\\/image\\\/\",\"url\":\"https:\\\/\\\/www.meydan.tv\\\/wp-content\\\/uploads\\\/2021\\\/07\\\/meydan-logo.svg\",\"contentUrl\":\"https:\\\/\\\/www.meydan.tv\\\/wp-content\\\/uploads\\\/2021\\\/07\\\/meydan-logo.svg\",\"width\":195,\"height\":46,\"caption\":\"Meydan TV\"},\"image\":{\"@id\":\"https:\\\/\\\/www.meydan.tv\\\/az\\\/#\\\/schema\\\/logo\\\/image\\\/\"}},{\"@type\":\"Person\",\"@id\":\"https:\\\/\\\/www.meydan.tv\\\/az\\\/#\\\/schema\\\/person\\\/10d11eccf6da3662cf5fdab9806ea91a\",\"name\":\"user-manager\"}]}<\/script>\n<!-- \/ Yoast SEO plugin. -->","yoast_head_json":{"title":"At\u0259\u015fk\u0259s g\u00fcn \u0259rzind\u0259 132 d\u0259f\u0259 pozulub - MEYDAN.TV","robots":{"index":"index","follow":"follow","max-snippet":"max-snippet:-1","max-image-preview":"max-image-preview:large","max-video-preview":"max-video-preview:-1"},"canonical":"https:\/\/www.meydan.tv\/az\/article\/ateskes-gun-erzinde-132-defe-pozulub\/","og_locale":"az_AZ","og_type":"article","og_title":"At\u0259\u015fk\u0259s g\u00fcn \u0259rzind\u0259 132 d\u0259f\u0259 pozulub - MEYDAN.TV","og_description":"M\u00fcdafi\u0259 Nazirliyi: ''Qar\u015f\u0131 t\u0259r\u0259fin texnikas\u0131 m\u0259hv olunub''","og_url":"https:\/\/www.meydan.tv\/az\/article\/ateskes-gun-erzinde-132-defe-pozulub\/","og_site_name":"MEYDAN.TV","article_published_time":"2017-03-01T13:39:31+00:00","og_image":[{"width":750,"height":561,"url":"https:\/\/www.meydan.tv\/wp-content\/uploads\/20074.jpg","type":"image\/jpeg"}],"author":"user-manager","twitter_card":"summary_large_image","schema":{"@context":"https:\/\/schema.org","@graph":[{"@type":"Article","@id":"https:\/\/www.meydan.tv\/az\/article\/ateskes-gun-erzinde-132-defe-pozulub\/#article","isPartOf":{"@id":"https:\/\/www.meydan.tv\/az\/article\/ateskes-gun-erzinde-132-defe-pozulub\/"},"author":{"name":"user-manager","@id":"https:\/\/www.meydan.tv\/az\/#\/schema\/person\/10d11eccf6da3662cf5fdab9806ea91a"},"headline":"At\u0259\u015fk\u0259s g\u00fcn \u0259rzind\u0259 132 d\u0259f\u0259 pozulub","datePublished":"2017-03-01T13:39:31+00:00","mainEntityOfPage":{"@id":"https:\/\/www.meydan.tv\/az\/article\/ateskes-gun-erzinde-132-defe-pozulub\/"},"wordCount":365,"publisher":{"@id":"https:\/\/www.meydan.tv\/az\/#organization"},"image":{"@id":"https:\/\/www.meydan.tv\/az\/article\/ateskes-gun-erzinde-132-defe-pozulub\/#primaryimage"},"thumbnailUrl":"https:\/\/www.meydan.tv\/wp-content\/uploads\/20074.jpg","articleSection":["X\u0259b\u0259rl\u0259r"],"inLanguage":"az"},{"@type":"WebPage","@id":"https:\/\/www.meydan.tv\/az\/article\/ateskes-gun-erzinde-132-defe-pozulub\/","url":"https:\/\/www.meydan.tv\/az\/article\/ateskes-gun-erzinde-132-defe-pozulub\/","name":"At\u0259\u015fk\u0259s g\u00fcn \u0259rzind\u0259 132 d\u0259f\u0259 pozulub - MEYDAN.TV","isPartOf":{"@id":"https:\/\/www.meydan.tv\/az\/#website"},"primaryImageOfPage":{"@id":"https:\/\/www.meydan.tv\/az\/article\/ateskes-gun-erzinde-132-defe-pozulub\/#primaryimage"},"image":{"@id":"https:\/\/www.meydan.tv\/az\/article\/ateskes-gun-erzinde-132-defe-pozulub\/#primaryimage"},"thumbnailUrl":"https:\/\/www.meydan.tv\/wp-content\/uploads\/20074.jpg","datePublished":"2017-03-01T13:39:31+00:00","breadcrumb":{"@id":"https:\/\/www.meydan.tv\/az\/article\/ateskes-gun-erzinde-132-defe-pozulub\/#breadcrumb"},"inLanguage":"az","potentialAction":[{"@type":"ReadAction","target":["https:\/\/www.meydan.tv\/az\/article\/ateskes-gun-erzinde-132-defe-pozulub\/"]}]},{"@type":"ImageObject","inLanguage":"az","@id":"https:\/\/www.meydan.tv\/az\/article\/ateskes-gun-erzinde-132-defe-pozulub\/#primaryimage","url":"https:\/\/www.meydan.tv\/wp-content\/uploads\/20074.jpg","contentUrl":"https:\/\/www.meydan.tv\/wp-content\/uploads\/20074.jpg","width":750,"height":561,"caption":"Source:"},{"@type":"BreadcrumbList","@id":"https:\/\/www.meydan.tv\/az\/article\/ateskes-gun-erzinde-132-defe-pozulub\/#breadcrumb","itemListElement":[{"@type":"ListItem","position":1,"name":"Ana s\u0259hif\u0259","item":"https:\/\/www.meydan.tv\/az\/"},{"@type":"ListItem","position":2,"name":"X\u0259b\u0259rl\u0259r","item":"https:\/\/www.meydan.tv\/az\/section\/xeberler\/"},{"@type":"ListItem","position":3,"name":"At\u0259\u015fk\u0259s g\u00fcn \u0259rzind\u0259 132 d\u0259f\u0259 pozulub"}]},{"@type":"WebSite","@id":"https:\/\/www.meydan.tv\/az\/#website","url":"https:\/\/www.meydan.tv\/az\/","name":"MEYDAN.TV","description":"Meydan TV Az\u0259rbaycan\u0131n media m\u0259kan\u0131ndak\u0131 alternativ s\u0259sidir","publisher":{"@id":"https:\/\/www.meydan.tv\/az\/#organization"},"potentialAction":[{"@type":"SearchAction","target":{"@type":"EntryPoint","urlTemplate":"https:\/\/www.meydan.tv\/az\/?s={search_term_string}"},"query-input":{"@type":"PropertyValueSpecification","valueRequired":true,"valueName":"search_term_string"}}],"inLanguage":"az"},{"@type":"Organization","@id":"https:\/\/www.meydan.tv\/az\/#organization","name":"Meydan TV","url":"https:\/\/www.meydan.tv\/az\/","logo":{"@type":"ImageObject","inLanguage":"az","@id":"https:\/\/www.meydan.tv\/az\/#\/schema\/logo\/image\/","url":"https:\/\/www.meydan.tv\/wp-content\/uploads\/2021\/07\/meydan-logo.svg","contentUrl":"https:\/\/www.meydan.tv\/wp-content\/uploads\/2021\/07\/meydan-logo.svg","width":195,"height":46,"caption":"Meydan TV"},"image":{"@id":"https:\/\/www.meydan.tv\/az\/#\/schema\/logo\/image\/"}},{"@type":"Person","@id":"https:\/\/www.meydan.tv\/az\/#\/schema\/person\/10d11eccf6da3662cf5fdab9806ea91a","name":"user-manager"}]}},"_links":{"self":[{"href":"https:\/\/www.meydan.tv\/az\/wp-json\/wp\/v2\/posts\/182900","targetHints":{"allow":["GET"]}}],"collection":[{"href":"https:\/\/www.meydan.tv\/az\/wp-json\/wp\/v2\/posts"}],"about":[{"href":"https:\/\/www.meydan.tv\/az\/wp-json\/wp\/v2\/types\/post"}],"author":[{"embeddable":true,"href":"https:\/\/www.meydan.tv\/az\/wp-json\/wp\/v2\/users\/11"}],"replies":[{"embeddable":true,"href":"https:\/\/www.meydan.tv\/az\/wp-json\/wp\/v2\/comments?post=182900"}],"version-history":[{"count":0,"href":"https:\/\/www.meydan.tv\/az\/wp-json\/wp\/v2\/posts\/182900\/revisions"}],"wp:featuredmedia":[{"embeddable":true,"href":"https:\/\/www.meydan.tv\/az\/wp-json\/wp\/v2\/media\/53141"}],"wp:attachment":[{"href":"https:\/\/www.meydan.tv\/az\/wp-json\/wp\/v2\/media?parent=182900"}],"wp:term":[{"taxonomy":"category","embeddable":true,"href":"https:\/\/www.meydan.tv\/az\/wp-json\/wp\/v2\/categories?post=182900"},{"taxonomy":"post_tag","embeddable":true,"href":"https:\/\/www.meydan.tv\/az\/wp-json\/wp\/v2\/tags?post=182900"}],"curies":[{"name":"wp","href":"https:\/\/api.w.org\/{rel}","templated":true}]}}