{"id":182881,"date":"2017-02-28T18:27:38","date_gmt":"2017-02-28T18:27:38","guid":{"rendered":"https:\/\/www.meydan.tv\/article\/nazir-olkemiz-bohranin-uzunmuddetli-tesirlerine-qarsi-dayaniqlidir\/"},"modified":"2017-02-28T18:27:38","modified_gmt":"2017-02-28T18:27:38","slug":"nazir-olkemiz-bohranin-uzunmuddetli-tesirlerine-qarsi-dayaniqlidir","status":"publish","type":"post","link":"https:\/\/www.meydan.tv\/az\/article\/nazir-olkemiz-bohranin-uzunmuddetli-tesirlerine-qarsi-dayaniqlidir\/","title":{"rendered":"Nazir: \u00d6lk\u0259miz b\u00f6hran\u0131n uzunm\u00fcdd\u0259tli t\u0259sirl\u0259rin\u0259 qar\u015f\u0131 dayan\u0131ql\u0131d\u0131r"},"content":{"rendered":"<figure class=\"wp-block-image size-large\">\n  <img decoding=\"async\" src=\"https:\/\/www.meydan.tv\/az\/80179\/\" alt=\"\" class=\"wp-image-80179\"\/><figcaption><\/figcaption><\/figure>\n<p>\n  <i><br \/>\n    Natiq C\u0259f\u0259rli: &#8221;Az\u0259rbaycan b\u00f6hran\u0131n tam ortas\u0131ndad\u0131r&#8221;<br \/>\n  <\/i>\n<\/p>\n<p>\n  \u201cAz\u0259rbaycan iqtisadi ger\u00e7\u0259klikl\u0259r\u0259 \u00e7evik m\u00fcnasib\u0259ti il\u0259 f\u0259rql\u0259nir. H\u0259yata ke\u00e7iril\u0259n qabaqlay\u0131c\u0131 iqtisadi-sosial siyas\u0259t qlobal b\u00f6hranlar\u0131n f\u0259sad\u0131n\u0131 azald\u0131b\u201d, &#8211; vergil\u0259r naziri Fazil M\u0259mm\u0259dovun Avropadaxili Vergi Administrasiyalar\u0131 T\u0259\u015fkilat\u0131n\u0131n (IOTA) sayt\u0131nda \u00e7\u0131xan m\u0259qal\u0259sind\u0259 bel\u0259 deyilir.\n<\/p>\n<p>\n  Nazir neft g\u0259lirl\u0259rinin \u00f6lk\u0259nin qeyri-neft sektoruna y\u00f6n\u0259ldildiyini qeyd edir. Bu sah\u0259y\u0259 xarici investisiyalar\u0131n c\u0259lbi, i\u015fg\u00fczar m\u00fchitin v\u0259 biznesin f\u0259aliyy\u0259ti \u00fc\u00e7\u00fcn yarad\u0131lan \u015f\u0259raitin Az\u0259rbaycan\u0131 m\u00fcxt\u0259lif b\u00f6hranlar\u0131n uzunm\u00fcdd\u0259tli t\u0259sirl\u0259rin\u0259 qar\u015f\u0131 dayan\u0131ql\u0131 etdiyini yaz\u0131r:\n<\/p>\n<p>\n  \u201c\u0130qtisadi baza formala\u015f\u0131b. D\u00fcnya iqtisadiyyat\u0131n\u0131n yeni tsikl\u0259 daxil olmas\u0131, enerji bazarlar\u0131nda neftin k\u0259skin ucuzla\u015fmas\u0131 neft ixracat\u00e7\u0131s\u0131 \u00f6lk\u0259l\u0259r\u0259, o c\u00fcml\u0259d\u0259n Az\u0259rbaycana t\u0259sir edib. Bel\u0259 \u015f\u0259raitd\u0259 prezident \u0130lham \u018fliyev iqtisadiyyat\u0131m\u0131z\u0131n liberalla\u015fd\u0131r\u0131lmas\u0131, r\u0259qab\u0259t qabiliyy\u0259tinin art\u0131r\u0131lmas\u0131n\u0131, idxaldan as\u0131l\u0131l\u0131\u011f\u0131n azald\u0131lmas\u0131n\u0131, ixracy\u00f6n\u00fcml\u00fc qeyri-neft sektorunun \u0259sasl\u0131 inki\u015faf\u0131n\u0131n t\u0259min edilm\u0259si m\u0259qs\u0259dil\u0259 iqtisadi inki\u015faf\u0131n keyfiyy\u0259tc\u0259 yeni modelinin formala\u015fd\u0131r\u0131lmas\u0131n\u0131, bu istiqam\u0259td\u0259 davaml\u0131 v\u0259 ard\u0131c\u0131l islahatlar\u0131n apar\u0131lmas\u0131n\u0131 h\u00f6kum\u0259tin qar\u015f\u0131s\u0131nda 2016-c\u0131 il \u00fc\u00e7\u00fcn m\u00fch\u00fcm v\u0259zif\u0259 olaraq m\u00fc\u0259yy\u0259nl\u0259\u015fdirib. Yeni iqtisadi strategiyan\u0131n haz\u0131rlanmas\u0131 v\u0259 m\u00fcvafiq institusional v\u0259 konseptual islahatlar\u0131n h\u0259yata ke\u00e7irilm\u0259si ciddi z\u0259rur\u0259tdir\u201d.\n<\/p>\n<p>\n  \u0130qtisad\u00e7\u0131 Natiq C\u0259f\u0259rli nazirin fikirl\u0259rinin reall\u0131\u011f\u0131 \u0259ks etdirm\u0259diyini d\u00fc\u015f\u00fcn\u00fcr. Deyir, son iki ilin makroiqtisadi g\u00f6st\u0259ricil\u0259rin\u0259 baxd\u0131qda g\u00f6r\u00fcn\u00fcr ki, ke\u00e7\u0259n il \u00dcmumi Daxili M\u0259hsul (\u00dcDM) 4 faiz azal\u0131b:\n<\/p>\n<p>\n  \u201cBu, d\u00fcnyada iqtisadiyyat\u0131 \u0259n \u00e7ox daralan \u00f6lk\u0259l\u0259rd\u0259n biri olmaq dem\u0259kdir. Az\u0259rbaycan MDB-d\u0259 birinci yerd\u0259dir. Milli valyuta 2 ild\u0259 3 d\u0259f\u0259d\u0259n \u00e7ox d\u0259y\u0259r itirib v\u0259 d\u00fcnyada \u0259n \u00e7ox d\u0259y\u0259rd\u0259n d\u00fc\u015f\u0259n milli valyutalar\u0131n s\u0131ras\u0131ndad\u0131r\u201d.\n<\/p>\n<p>\n  \u0130qtisad\u00e7\u0131 deyir ki, b\u00fcdc\u0259nin formala\u015fd\u0131r\u0131lmas\u0131 Fazil M\u0259mm\u0259dovun s\u0259lahiyy\u0259tind\u0259dir. Baxd\u0131qda g\u00f6r\u00fcn\u00fcr ki, son 10 ilin \u0259n ki\u00e7ik b\u00fcdc\u0259si 2017-ci il\u0259 aiddir. \u0130ki il \u0259vv\u0259l dollar ekvivalentind\u0259 27 milyarda yax\u0131n v\u0259sait var idi. B\u00fct\u00fcn istiqam\u0259tl\u0259r \u00fczr\u0259 b\u00f6hran\u0131n oldu\u011fu v\u0259 daha da d\u0259rinl\u0259\u015fdiyi g\u00f6z \u00f6n\u00fcnd\u0259dir. Amma h\u00f6rm\u0259tli nazirin bel\u0259 d\u0259y\u0259rl\u0259ndirm\u0259si izaha ehtiyac\u0131n oldu\u011funu g\u00f6st\u0259rir\u201d.\n<\/p>\n<figure class=\"wp-block-image size-large\">\n  <img decoding=\"async\" src=\"https:\/\/www.meydan.tv\/az\/70306\/\" alt=\"\" class=\"wp-image-70306\"\/><figcaption>\n    Natiq C\u0259f\u0259rli foto Meydan TV<br \/>\n  <\/figcaption><\/figure>\n<p>\n  Natiq C\u0259f\u0259rli bildirir ki, Az\u0259rbaycan m\u0259murlar\u0131 qar\u015f\u0131 t\u0259r\u0259f olmad\u0131\u011f\u0131ndan monoloq rejimind\u0259 f\u0259aliyy\u0259t g\u00f6st\u0259ribl\u0259r. Dialoq rejimi olsayd\u0131, bu m\u0259s\u0259l\u0259l\u0259r\u0259 ayd\u0131nl\u0131q g\u0259tirm\u0259k \u00fc\u00e7\u00fcn suallar veril\u0259rdi:\n<\/p>\n<p>\n  \u201cBu bax\u0131mdan Rusiya \u00f6rn\u0259yi var. Rusiyada il \u0259rzind\u0259 4-5 b\u00f6y\u00fck forum ke\u00e7irilir. Burada nazirl\u0259r d\u0259 i\u015ftirak edir. T\u0259dbird\u0259 i\u015ftirak\u00e7\u0131lar\u0131n birba\u015fa sual verib, izah t\u0259l\u0259b etm\u0259k imkan\u0131 yarad\u0131l\u0131r. Az\u0259rbaycanda bel\u0259 forumlar olmad\u0131\u011f\u0131ndan monoloq \u00fcsulundan istifad\u0259 edilir. Onlar\u0131n \u0259ll\u0259rind\u0259ki c\u00fcml\u0259l\u0259ri faktlarla t\u0259sdiql\u0259m\u0259l\u0259rin\u0259 ehtiyac duyulmur. Ancaq b\u00fct\u00fcn makroiqtisadi g\u00f6st\u0259ricil\u0259rin\u0259 g\u00f6r\u0259, Az\u0259rbaycan b\u00f6hran\u0131n tam ortas\u0131ndad\u0131r. Bunun s\u0259b\u0259l\u0259rini izah etm\u0259k is\u0259 nazirin borcudur\u201d.<\/p>\n","protected":false},"excerpt":{"rendered":"<p>Natiq C\u0259f\u0259rli: &#8221;Az\u0259rbaycan b\u00f6hran\u0131n tam ortas\u0131ndad\u0131r&#8221;<\/p>\n","protected":false},"author":11,"featured_media":80179,"comment_status":"closed","ping_status":"open","sticky":false,"template":"","format":"standard","meta":{"_acf_changed":false,"_sitemap_exclude":false,"_sitemap_priority":"","_sitemap_frequency":"","footnotes":""},"categories":[51],"tags":[],"class_list":["post-182881","post","type-post","status-publish","format-standard","has-post-thumbnail","hentry","category-analitika","infinite-scroll-item","generate-columns","tablet-grid-50","mobile-grid-100","grid-parent","grid-33","no-featured-image-padding"],"acf":[],"yoast_head":"<!-- This site is optimized with the Yoast SEO plugin v27.4 - https:\/\/yoast.com\/product\/yoast-seo-wordpress\/ -->\n<title>Nazir: \u00d6lk\u0259miz b\u00f6hran\u0131n uzunm\u00fcdd\u0259tli t\u0259sirl\u0259rin\u0259 qar\u015f\u0131 dayan\u0131ql\u0131d\u0131r - MEYDAN.TV<\/title>\n<meta name=\"robots\" content=\"index, follow, max-snippet:-1, max-image-preview:large, max-video-preview:-1\" \/>\n<link rel=\"canonical\" href=\"https:\/\/www.meydan.tv\/az\/article\/nazir-olkemiz-bohranin-uzunmuddetli-tesirlerine-qarsi-dayaniqlidir\/\" \/>\n<meta property=\"og:locale\" content=\"az_AZ\" \/>\n<meta property=\"og:type\" content=\"article\" \/>\n<meta property=\"og:title\" content=\"Nazir: \u00d6lk\u0259miz b\u00f6hran\u0131n uzunm\u00fcdd\u0259tli t\u0259sirl\u0259rin\u0259 qar\u015f\u0131 dayan\u0131ql\u0131d\u0131r - MEYDAN.TV\" \/>\n<meta property=\"og:description\" content=\"Natiq C\u0259f\u0259rli: &#039;&#039;Az\u0259rbaycan b\u00f6hran\u0131n tam ortas\u0131ndad\u0131r&#039;&#039;\" \/>\n<meta property=\"og:url\" content=\"https:\/\/www.meydan.tv\/az\/article\/nazir-olkemiz-bohranin-uzunmuddetli-tesirlerine-qarsi-dayaniqlidir\/\" \/>\n<meta property=\"og:site_name\" content=\"MEYDAN.TV\" \/>\n<meta property=\"article:published_time\" content=\"2017-02-28T18:27:38+00:00\" \/>\n<meta property=\"og:image\" content=\"https:\/\/www.meydan.tv\/wp-content\/uploads\/29154.jpg\" \/>\n\t<meta property=\"og:image:width\" content=\"660\" \/>\n\t<meta property=\"og:image:height\" content=\"390\" \/>\n\t<meta property=\"og:image:type\" content=\"image\/jpeg\" \/>\n<meta name=\"author\" content=\"user-manager\" \/>\n<meta name=\"twitter:card\" content=\"summary_large_image\" \/>\n<script type=\"application\/ld+json\" class=\"yoast-schema-graph\">{\"@context\":\"https:\\\/\\\/schema.org\",\"@graph\":[{\"@type\":\"Article\",\"@id\":\"https:\\\/\\\/www.meydan.tv\\\/az\\\/article\\\/nazir-olkemiz-bohranin-uzunmuddetli-tesirlerine-qarsi-dayaniqlidir\\\/#article\",\"isPartOf\":{\"@id\":\"https:\\\/\\\/www.meydan.tv\\\/az\\\/article\\\/nazir-olkemiz-bohranin-uzunmuddetli-tesirlerine-qarsi-dayaniqlidir\\\/\"},\"author\":{\"name\":\"user-manager\",\"@id\":\"https:\\\/\\\/www.meydan.tv\\\/az\\\/#\\\/schema\\\/person\\\/10d11eccf6da3662cf5fdab9806ea91a\"},\"headline\":\"Nazir: \u00d6lk\u0259miz b\u00f6hran\u0131n uzunm\u00fcdd\u0259tli t\u0259sirl\u0259rin\u0259 qar\u015f\u0131 dayan\u0131ql\u0131d\u0131r\",\"datePublished\":\"2017-02-28T18:27:38+00:00\",\"mainEntityOfPage\":{\"@id\":\"https:\\\/\\\/www.meydan.tv\\\/az\\\/article\\\/nazir-olkemiz-bohranin-uzunmuddetli-tesirlerine-qarsi-dayaniqlidir\\\/\"},\"wordCount\":632,\"publisher\":{\"@id\":\"https:\\\/\\\/www.meydan.tv\\\/az\\\/#organization\"},\"image\":{\"@id\":\"https:\\\/\\\/www.meydan.tv\\\/az\\\/article\\\/nazir-olkemiz-bohranin-uzunmuddetli-tesirlerine-qarsi-dayaniqlidir\\\/#primaryimage\"},\"thumbnailUrl\":\"https:\\\/\\\/www.meydan.tv\\\/wp-content\\\/uploads\\\/29154.jpg\",\"articleSection\":[\"Analitika\"],\"inLanguage\":\"az\"},{\"@type\":\"WebPage\",\"@id\":\"https:\\\/\\\/www.meydan.tv\\\/az\\\/article\\\/nazir-olkemiz-bohranin-uzunmuddetli-tesirlerine-qarsi-dayaniqlidir\\\/\",\"url\":\"https:\\\/\\\/www.meydan.tv\\\/az\\\/article\\\/nazir-olkemiz-bohranin-uzunmuddetli-tesirlerine-qarsi-dayaniqlidir\\\/\",\"name\":\"Nazir: \u00d6lk\u0259miz b\u00f6hran\u0131n uzunm\u00fcdd\u0259tli t\u0259sirl\u0259rin\u0259 qar\u015f\u0131 dayan\u0131ql\u0131d\u0131r - MEYDAN.TV\",\"isPartOf\":{\"@id\":\"https:\\\/\\\/www.meydan.tv\\\/az\\\/#website\"},\"primaryImageOfPage\":{\"@id\":\"https:\\\/\\\/www.meydan.tv\\\/az\\\/article\\\/nazir-olkemiz-bohranin-uzunmuddetli-tesirlerine-qarsi-dayaniqlidir\\\/#primaryimage\"},\"image\":{\"@id\":\"https:\\\/\\\/www.meydan.tv\\\/az\\\/article\\\/nazir-olkemiz-bohranin-uzunmuddetli-tesirlerine-qarsi-dayaniqlidir\\\/#primaryimage\"},\"thumbnailUrl\":\"https:\\\/\\\/www.meydan.tv\\\/wp-content\\\/uploads\\\/29154.jpg\",\"datePublished\":\"2017-02-28T18:27:38+00:00\",\"breadcrumb\":{\"@id\":\"https:\\\/\\\/www.meydan.tv\\\/az\\\/article\\\/nazir-olkemiz-bohranin-uzunmuddetli-tesirlerine-qarsi-dayaniqlidir\\\/#breadcrumb\"},\"inLanguage\":\"az\",\"potentialAction\":[{\"@type\":\"ReadAction\",\"target\":[\"https:\\\/\\\/www.meydan.tv\\\/az\\\/article\\\/nazir-olkemiz-bohranin-uzunmuddetli-tesirlerine-qarsi-dayaniqlidir\\\/\"]}]},{\"@type\":\"ImageObject\",\"inLanguage\":\"az\",\"@id\":\"https:\\\/\\\/www.meydan.tv\\\/az\\\/article\\\/nazir-olkemiz-bohranin-uzunmuddetli-tesirlerine-qarsi-dayaniqlidir\\\/#primaryimage\",\"url\":\"https:\\\/\\\/www.meydan.tv\\\/wp-content\\\/uploads\\\/29154.jpg\",\"contentUrl\":\"https:\\\/\\\/www.meydan.tv\\\/wp-content\\\/uploads\\\/29154.jpg\",\"width\":660,\"height\":390,\"caption\":\"Source:\"},{\"@type\":\"BreadcrumbList\",\"@id\":\"https:\\\/\\\/www.meydan.tv\\\/az\\\/article\\\/nazir-olkemiz-bohranin-uzunmuddetli-tesirlerine-qarsi-dayaniqlidir\\\/#breadcrumb\",\"itemListElement\":[{\"@type\":\"ListItem\",\"position\":1,\"name\":\"Ana s\u0259hif\u0259\",\"item\":\"https:\\\/\\\/www.meydan.tv\\\/az\\\/\"},{\"@type\":\"ListItem\",\"position\":2,\"name\":\"Analitika\",\"item\":\"https:\\\/\\\/www.meydan.tv\\\/az\\\/section\\\/analitika\\\/\"},{\"@type\":\"ListItem\",\"position\":3,\"name\":\"Nazir: \u00d6lk\u0259miz b\u00f6hran\u0131n uzunm\u00fcdd\u0259tli t\u0259sirl\u0259rin\u0259 qar\u015f\u0131 dayan\u0131ql\u0131d\u0131r\"}]},{\"@type\":\"WebSite\",\"@id\":\"https:\\\/\\\/www.meydan.tv\\\/az\\\/#website\",\"url\":\"https:\\\/\\\/www.meydan.tv\\\/az\\\/\",\"name\":\"MEYDAN.TV\",\"description\":\"Meydan TV Az\u0259rbaycan\u0131n media m\u0259kan\u0131ndak\u0131 alternativ s\u0259sidir\",\"publisher\":{\"@id\":\"https:\\\/\\\/www.meydan.tv\\\/az\\\/#organization\"},\"potentialAction\":[{\"@type\":\"SearchAction\",\"target\":{\"@type\":\"EntryPoint\",\"urlTemplate\":\"https:\\\/\\\/www.meydan.tv\\\/az\\\/?s={search_term_string}\"},\"query-input\":{\"@type\":\"PropertyValueSpecification\",\"valueRequired\":true,\"valueName\":\"search_term_string\"}}],\"inLanguage\":\"az\"},{\"@type\":\"Organization\",\"@id\":\"https:\\\/\\\/www.meydan.tv\\\/az\\\/#organization\",\"name\":\"Meydan TV\",\"url\":\"https:\\\/\\\/www.meydan.tv\\\/az\\\/\",\"logo\":{\"@type\":\"ImageObject\",\"inLanguage\":\"az\",\"@id\":\"https:\\\/\\\/www.meydan.tv\\\/az\\\/#\\\/schema\\\/logo\\\/image\\\/\",\"url\":\"https:\\\/\\\/www.meydan.tv\\\/wp-content\\\/uploads\\\/2021\\\/07\\\/meydan-logo.svg\",\"contentUrl\":\"https:\\\/\\\/www.meydan.tv\\\/wp-content\\\/uploads\\\/2021\\\/07\\\/meydan-logo.svg\",\"width\":195,\"height\":46,\"caption\":\"Meydan TV\"},\"image\":{\"@id\":\"https:\\\/\\\/www.meydan.tv\\\/az\\\/#\\\/schema\\\/logo\\\/image\\\/\"}},{\"@type\":\"Person\",\"@id\":\"https:\\\/\\\/www.meydan.tv\\\/az\\\/#\\\/schema\\\/person\\\/10d11eccf6da3662cf5fdab9806ea91a\",\"name\":\"user-manager\"}]}<\/script>\n<!-- \/ Yoast SEO plugin. -->","yoast_head_json":{"title":"Nazir: \u00d6lk\u0259miz b\u00f6hran\u0131n uzunm\u00fcdd\u0259tli t\u0259sirl\u0259rin\u0259 qar\u015f\u0131 dayan\u0131ql\u0131d\u0131r - MEYDAN.TV","robots":{"index":"index","follow":"follow","max-snippet":"max-snippet:-1","max-image-preview":"max-image-preview:large","max-video-preview":"max-video-preview:-1"},"canonical":"https:\/\/www.meydan.tv\/az\/article\/nazir-olkemiz-bohranin-uzunmuddetli-tesirlerine-qarsi-dayaniqlidir\/","og_locale":"az_AZ","og_type":"article","og_title":"Nazir: \u00d6lk\u0259miz b\u00f6hran\u0131n uzunm\u00fcdd\u0259tli t\u0259sirl\u0259rin\u0259 qar\u015f\u0131 dayan\u0131ql\u0131d\u0131r - MEYDAN.TV","og_description":"Natiq C\u0259f\u0259rli: ''Az\u0259rbaycan b\u00f6hran\u0131n tam ortas\u0131ndad\u0131r''","og_url":"https:\/\/www.meydan.tv\/az\/article\/nazir-olkemiz-bohranin-uzunmuddetli-tesirlerine-qarsi-dayaniqlidir\/","og_site_name":"MEYDAN.TV","article_published_time":"2017-02-28T18:27:38+00:00","og_image":[{"width":660,"height":390,"url":"https:\/\/www.meydan.tv\/wp-content\/uploads\/29154.jpg","type":"image\/jpeg"}],"author":"user-manager","twitter_card":"summary_large_image","schema":{"@context":"https:\/\/schema.org","@graph":[{"@type":"Article","@id":"https:\/\/www.meydan.tv\/az\/article\/nazir-olkemiz-bohranin-uzunmuddetli-tesirlerine-qarsi-dayaniqlidir\/#article","isPartOf":{"@id":"https:\/\/www.meydan.tv\/az\/article\/nazir-olkemiz-bohranin-uzunmuddetli-tesirlerine-qarsi-dayaniqlidir\/"},"author":{"name":"user-manager","@id":"https:\/\/www.meydan.tv\/az\/#\/schema\/person\/10d11eccf6da3662cf5fdab9806ea91a"},"headline":"Nazir: \u00d6lk\u0259miz b\u00f6hran\u0131n uzunm\u00fcdd\u0259tli t\u0259sirl\u0259rin\u0259 qar\u015f\u0131 dayan\u0131ql\u0131d\u0131r","datePublished":"2017-02-28T18:27:38+00:00","mainEntityOfPage":{"@id":"https:\/\/www.meydan.tv\/az\/article\/nazir-olkemiz-bohranin-uzunmuddetli-tesirlerine-qarsi-dayaniqlidir\/"},"wordCount":632,"publisher":{"@id":"https:\/\/www.meydan.tv\/az\/#organization"},"image":{"@id":"https:\/\/www.meydan.tv\/az\/article\/nazir-olkemiz-bohranin-uzunmuddetli-tesirlerine-qarsi-dayaniqlidir\/#primaryimage"},"thumbnailUrl":"https:\/\/www.meydan.tv\/wp-content\/uploads\/29154.jpg","articleSection":["Analitika"],"inLanguage":"az"},{"@type":"WebPage","@id":"https:\/\/www.meydan.tv\/az\/article\/nazir-olkemiz-bohranin-uzunmuddetli-tesirlerine-qarsi-dayaniqlidir\/","url":"https:\/\/www.meydan.tv\/az\/article\/nazir-olkemiz-bohranin-uzunmuddetli-tesirlerine-qarsi-dayaniqlidir\/","name":"Nazir: \u00d6lk\u0259miz b\u00f6hran\u0131n uzunm\u00fcdd\u0259tli t\u0259sirl\u0259rin\u0259 qar\u015f\u0131 dayan\u0131ql\u0131d\u0131r - MEYDAN.TV","isPartOf":{"@id":"https:\/\/www.meydan.tv\/az\/#website"},"primaryImageOfPage":{"@id":"https:\/\/www.meydan.tv\/az\/article\/nazir-olkemiz-bohranin-uzunmuddetli-tesirlerine-qarsi-dayaniqlidir\/#primaryimage"},"image":{"@id":"https:\/\/www.meydan.tv\/az\/article\/nazir-olkemiz-bohranin-uzunmuddetli-tesirlerine-qarsi-dayaniqlidir\/#primaryimage"},"thumbnailUrl":"https:\/\/www.meydan.tv\/wp-content\/uploads\/29154.jpg","datePublished":"2017-02-28T18:27:38+00:00","breadcrumb":{"@id":"https:\/\/www.meydan.tv\/az\/article\/nazir-olkemiz-bohranin-uzunmuddetli-tesirlerine-qarsi-dayaniqlidir\/#breadcrumb"},"inLanguage":"az","potentialAction":[{"@type":"ReadAction","target":["https:\/\/www.meydan.tv\/az\/article\/nazir-olkemiz-bohranin-uzunmuddetli-tesirlerine-qarsi-dayaniqlidir\/"]}]},{"@type":"ImageObject","inLanguage":"az","@id":"https:\/\/www.meydan.tv\/az\/article\/nazir-olkemiz-bohranin-uzunmuddetli-tesirlerine-qarsi-dayaniqlidir\/#primaryimage","url":"https:\/\/www.meydan.tv\/wp-content\/uploads\/29154.jpg","contentUrl":"https:\/\/www.meydan.tv\/wp-content\/uploads\/29154.jpg","width":660,"height":390,"caption":"Source:"},{"@type":"BreadcrumbList","@id":"https:\/\/www.meydan.tv\/az\/article\/nazir-olkemiz-bohranin-uzunmuddetli-tesirlerine-qarsi-dayaniqlidir\/#breadcrumb","itemListElement":[{"@type":"ListItem","position":1,"name":"Ana s\u0259hif\u0259","item":"https:\/\/www.meydan.tv\/az\/"},{"@type":"ListItem","position":2,"name":"Analitika","item":"https:\/\/www.meydan.tv\/az\/section\/analitika\/"},{"@type":"ListItem","position":3,"name":"Nazir: \u00d6lk\u0259miz b\u00f6hran\u0131n uzunm\u00fcdd\u0259tli t\u0259sirl\u0259rin\u0259 qar\u015f\u0131 dayan\u0131ql\u0131d\u0131r"}]},{"@type":"WebSite","@id":"https:\/\/www.meydan.tv\/az\/#website","url":"https:\/\/www.meydan.tv\/az\/","name":"MEYDAN.TV","description":"Meydan TV Az\u0259rbaycan\u0131n media m\u0259kan\u0131ndak\u0131 alternativ s\u0259sidir","publisher":{"@id":"https:\/\/www.meydan.tv\/az\/#organization"},"potentialAction":[{"@type":"SearchAction","target":{"@type":"EntryPoint","urlTemplate":"https:\/\/www.meydan.tv\/az\/?s={search_term_string}"},"query-input":{"@type":"PropertyValueSpecification","valueRequired":true,"valueName":"search_term_string"}}],"inLanguage":"az"},{"@type":"Organization","@id":"https:\/\/www.meydan.tv\/az\/#organization","name":"Meydan TV","url":"https:\/\/www.meydan.tv\/az\/","logo":{"@type":"ImageObject","inLanguage":"az","@id":"https:\/\/www.meydan.tv\/az\/#\/schema\/logo\/image\/","url":"https:\/\/www.meydan.tv\/wp-content\/uploads\/2021\/07\/meydan-logo.svg","contentUrl":"https:\/\/www.meydan.tv\/wp-content\/uploads\/2021\/07\/meydan-logo.svg","width":195,"height":46,"caption":"Meydan TV"},"image":{"@id":"https:\/\/www.meydan.tv\/az\/#\/schema\/logo\/image\/"}},{"@type":"Person","@id":"https:\/\/www.meydan.tv\/az\/#\/schema\/person\/10d11eccf6da3662cf5fdab9806ea91a","name":"user-manager"}]}},"_links":{"self":[{"href":"https:\/\/www.meydan.tv\/az\/wp-json\/wp\/v2\/posts\/182881","targetHints":{"allow":["GET"]}}],"collection":[{"href":"https:\/\/www.meydan.tv\/az\/wp-json\/wp\/v2\/posts"}],"about":[{"href":"https:\/\/www.meydan.tv\/az\/wp-json\/wp\/v2\/types\/post"}],"author":[{"embeddable":true,"href":"https:\/\/www.meydan.tv\/az\/wp-json\/wp\/v2\/users\/11"}],"replies":[{"embeddable":true,"href":"https:\/\/www.meydan.tv\/az\/wp-json\/wp\/v2\/comments?post=182881"}],"version-history":[{"count":0,"href":"https:\/\/www.meydan.tv\/az\/wp-json\/wp\/v2\/posts\/182881\/revisions"}],"wp:featuredmedia":[{"embeddable":true,"href":"https:\/\/www.meydan.tv\/az\/wp-json\/wp\/v2\/media\/80179"}],"wp:attachment":[{"href":"https:\/\/www.meydan.tv\/az\/wp-json\/wp\/v2\/media?parent=182881"}],"wp:term":[{"taxonomy":"category","embeddable":true,"href":"https:\/\/www.meydan.tv\/az\/wp-json\/wp\/v2\/categories?post=182881"},{"taxonomy":"post_tag","embeddable":true,"href":"https:\/\/www.meydan.tv\/az\/wp-json\/wp\/v2\/tags?post=182881"}],"curies":[{"name":"wp","href":"https:\/\/api.w.org\/{rel}","templated":true}]}}