{"id":182880,"date":"2017-02-28T17:39:06","date_gmt":"2017-02-28T17:39:06","guid":{"rendered":"https:\/\/www.meydan.tv\/article\/prezident-mikayil-musfiqin-heykelinin-goturulmesinden-narahatdir\/"},"modified":"2017-02-28T17:39:06","modified_gmt":"2017-02-28T17:39:06","slug":"prezident-mikayil-musfiqin-heykelinin-goturulmesinden-narahatdir","status":"publish","type":"post","link":"https:\/\/www.meydan.tv\/az\/article\/prezident-mikayil-musfiqin-heykelinin-goturulmesinden-narahatdir\/","title":{"rendered":"Prezident Mikay\u0131l M\u00fc\u015ffiqin heyk\u0259linin g\u00f6t\u00fcr\u00fclm\u0259sind\u0259n narahatd\u0131r"},"content":{"rendered":"<figure class=\"wp-block-image size-large\">\n  <img decoding=\"async\" src=\"https:\/\/www.meydan.tv\/az\/69940\/\" alt=\"\" class=\"wp-image-69940\"\/><figcaption><\/figcaption><\/figure>\n<p>\n  <i><br \/>\n    &#8221;Bel\u0259 \u0259m\u0259ll\u0259ri t\u00f6r\u0259d\u0259nl\u0259r ciddi \u015f\u0259kild\u0259 c\u0259zalanacaqlar&#8221;<br \/>\n  <\/i>\n<\/p>\n<p>\n  \u201cAz\u0259rbaycan \u0259d\u0259biyyat\u0131n\u0131n parlaq n\u00fcmay\u0259nd\u0259l\u0259rind\u0259n olan Mikay\u0131l M\u00fc\u015ffiqin abid\u0259sinin s\u00f6k\u00fclm\u0259si prezidenti narahat edib. \u0130lham \u018fliyev m\u0259s\u0259l\u0259nin h\u0259rt\u0259r\u0259fli ara\u015fd\u0131r\u0131lmas\u0131 v\u0259 g\u00fcnahkarlar\u0131n c\u0259zaland\u0131r\u0131lmas\u0131 il\u0259 ba\u011fl\u0131 tap\u015f\u0131r\u0131q verib\u201d, &#8211; \u201cAz\u0259rtac\u201d-a prezidentin ictimai-siyasi m\u0259s\u0259l\u0259l\u0259r \u00fczr\u0259 k\u00f6m\u0259k\u00e7isi \u018fli H\u0259s\u0259nov deyib.\n<\/p>\n<p>\n  O bildirib ki, \u0130lham \u018fliyevin prezidentliyi d\u00f6vr\u00fcnd\u0259 onlarla tarixi v\u0259 m\u0259d\u0259niyy\u0259t abid\u0259si \u0259sasl\u0131 b\u0259rpa olunub. Qara Qarayev, Fikr\u0259t \u018fmirov, Niyazi, B\u00fclb\u00fcl, R\u0259\u015fid Behbudov v\u0259 dig\u0259r tan\u0131nm\u0131\u015f \u015f\u0259xsiyy\u0259tl\u0259r\u0259 abid\u0259l\u0259r qoyulub:\n<\/p>\n<p>\n  \u201cPrezident tarixi \u0259h\u0259miyy\u0259t k\u0259sb ed\u0259n tikilil\u0259rin, m\u0259d\u0259niyy\u0259t abid\u0259l\u0259rinin qanunvericiliy\u0259 uy\u011fun \u015f\u0259kild\u0259 aidiyy\u0259ti d\u00f6vl\u0259t orqanlar\u0131 il\u0259 raz\u0131la\u015fd\u0131rmadan, icaz\u0259siz s\u00f6k\u00fclm\u0259sini yolverilm\u0259z hesab edir. Bel\u0259 \u0259m\u0259ll\u0259ri t\u00f6r\u0259d\u0259nl\u0259r ciddi \u015f\u0259kild\u0259 c\u0259zalanacaqlar\u201d.\n<\/p>\n<p>\n  <a href=\"\/az\/article\/musfiqe-qarsi-repressiyalar-davam-edir\/\"><br \/>\n    Fevral\u0131n 27-d\u0259<br \/>\n  <\/a><br \/>\n  \u015fair Mikay\u0131l M\u00fc\u015ffiqin b\u00fcst\u00fcn\u00fcn \u0130n\u015faat\u00e7\u0131lar prospekti, \u201cStatistika dair\u0259si\u201d adlanan \u0259razid\u0259ki parkdan g\u00f6t\u00fcr\u00fcld\u00fcy\u00fc m\u0259lum oldu. \u201cAz\u0259ravtoyol\u201d A\u00e7\u0131q S\u0259hmdar C\u0259miyy\u0259tinin Layih\u0259 \u0130dar\u0259tm\u0259 Qrupunun r\u0259hb\u0259ri Valeh \u0130brahimov buna s\u0259b\u0259b kimi \u0259razid\u0259 yolun geni\u015fdirilm\u0259sini g\u00f6st\u0259rdi. \u0130\u015f bit\u0259nd\u0259n sonra heyk\u0259lin yerin\u0259 qoyulaca\u011f\u0131n\u0131 bildirdi.\n<\/p>\n<p>\n  M\u0259d\u0259niyy\u0259t Nazirliyi is\u0259 a\u00e7\u0131qlama yayaraq bildirdi ki, \u015firk\u0259t \u015fairin abid\u0259sinin g\u00f6t\u00fcr\u00fclm\u0259si il\u0259 ba\u011fl\u0131 onlar\u0131n raz\u0131l\u0131\u011f\u0131n\u0131 almay\u0131b.\n<\/p>\n<p>\n  Heyk\u0259lin m\u00fc\u0259llifi Az\u0259rbaycan Respublikas\u0131n\u0131n \u0259m\u0259kdar r\u0259ssam\u0131, heyk\u0259lt\u0259ra\u015f M\u00fcn\u0259vv\u0259r Rzayevad\u0131r. Heyk\u0259l 1970-ci ild\u0259 q\u0131rm\u0131z\u0131 qranitd\u0259n haz\u0131rlan\u0131b.<\/p>\n","protected":false},"excerpt":{"rendered":"<p>&#8221;Bel\u0259 \u0259m\u0259ll\u0259ri t\u00f6r\u0259d\u0259nl\u0259r ciddi \u015f\u0259kild\u0259 c\u0259zalanacaqlar&#8221;<\/p>\n","protected":false},"author":11,"featured_media":69940,"comment_status":"closed","ping_status":"open","sticky":false,"template":"","format":"standard","meta":{"_acf_changed":false,"_sitemap_exclude":false,"_sitemap_priority":"","_sitemap_frequency":"","footnotes":""},"categories":[56],"tags":[],"class_list":["post-182880","post","type-post","status-publish","format-standard","has-post-thumbnail","hentry","category-xeberler","infinite-scroll-item","generate-columns","tablet-grid-50","mobile-grid-100","grid-parent","grid-33","no-featured-image-padding"],"acf":[],"yoast_head":"<!-- This site is optimized with the Yoast SEO plugin v27.4 - https:\/\/yoast.com\/product\/yoast-seo-wordpress\/ -->\n<title>Prezident Mikay\u0131l M\u00fc\u015ffiqin heyk\u0259linin g\u00f6t\u00fcr\u00fclm\u0259sind\u0259n narahatd\u0131r - MEYDAN.TV<\/title>\n<meta name=\"robots\" content=\"index, follow, max-snippet:-1, max-image-preview:large, max-video-preview:-1\" \/>\n<link rel=\"canonical\" href=\"https:\/\/www.meydan.tv\/az\/article\/prezident-mikayil-musfiqin-heykelinin-goturulmesinden-narahatdir\/\" \/>\n<meta property=\"og:locale\" content=\"az_AZ\" \/>\n<meta property=\"og:type\" content=\"article\" \/>\n<meta property=\"og:title\" content=\"Prezident Mikay\u0131l M\u00fc\u015ffiqin heyk\u0259linin g\u00f6t\u00fcr\u00fclm\u0259sind\u0259n narahatd\u0131r - MEYDAN.TV\" \/>\n<meta property=\"og:description\" content=\"&#039;&#039;Bel\u0259 \u0259m\u0259ll\u0259ri t\u00f6r\u0259d\u0259nl\u0259r ciddi \u015f\u0259kild\u0259 c\u0259zalanacaqlar&#039;&#039;\" \/>\n<meta property=\"og:url\" content=\"https:\/\/www.meydan.tv\/az\/article\/prezident-mikayil-musfiqin-heykelinin-goturulmesinden-narahatdir\/\" \/>\n<meta property=\"og:site_name\" content=\"MEYDAN.TV\" \/>\n<meta property=\"article:published_time\" content=\"2017-02-28T17:39:06+00:00\" \/>\n<meta property=\"og:image\" content=\"https:\/\/www.meydan.tv\/wp-content\/uploads\/26762.jpg\" \/>\n\t<meta property=\"og:image:width\" content=\"1141\" \/>\n\t<meta property=\"og:image:height\" content=\"500\" \/>\n\t<meta property=\"og:image:type\" content=\"image\/jpeg\" \/>\n<meta name=\"author\" content=\"user-manager\" \/>\n<meta name=\"twitter:card\" content=\"summary_large_image\" \/>\n<script type=\"application\/ld+json\" class=\"yoast-schema-graph\">{\"@context\":\"https:\\\/\\\/schema.org\",\"@graph\":[{\"@type\":\"Article\",\"@id\":\"https:\\\/\\\/www.meydan.tv\\\/az\\\/article\\\/prezident-mikayil-musfiqin-heykelinin-goturulmesinden-narahatdir\\\/#article\",\"isPartOf\":{\"@id\":\"https:\\\/\\\/www.meydan.tv\\\/az\\\/article\\\/prezident-mikayil-musfiqin-heykelinin-goturulmesinden-narahatdir\\\/\"},\"author\":{\"name\":\"user-manager\",\"@id\":\"https:\\\/\\\/www.meydan.tv\\\/az\\\/#\\\/schema\\\/person\\\/10d11eccf6da3662cf5fdab9806ea91a\"},\"headline\":\"Prezident Mikay\u0131l M\u00fc\u015ffiqin heyk\u0259linin g\u00f6t\u00fcr\u00fclm\u0259sind\u0259n narahatd\u0131r\",\"datePublished\":\"2017-02-28T17:39:06+00:00\",\"mainEntityOfPage\":{\"@id\":\"https:\\\/\\\/www.meydan.tv\\\/az\\\/article\\\/prezident-mikayil-musfiqin-heykelinin-goturulmesinden-narahatdir\\\/\"},\"wordCount\":344,\"publisher\":{\"@id\":\"https:\\\/\\\/www.meydan.tv\\\/az\\\/#organization\"},\"image\":{\"@id\":\"https:\\\/\\\/www.meydan.tv\\\/az\\\/article\\\/prezident-mikayil-musfiqin-heykelinin-goturulmesinden-narahatdir\\\/#primaryimage\"},\"thumbnailUrl\":\"https:\\\/\\\/www.meydan.tv\\\/wp-content\\\/uploads\\\/26762.jpg\",\"articleSection\":[\"X\u0259b\u0259rl\u0259r\"],\"inLanguage\":\"az\"},{\"@type\":\"WebPage\",\"@id\":\"https:\\\/\\\/www.meydan.tv\\\/az\\\/article\\\/prezident-mikayil-musfiqin-heykelinin-goturulmesinden-narahatdir\\\/\",\"url\":\"https:\\\/\\\/www.meydan.tv\\\/az\\\/article\\\/prezident-mikayil-musfiqin-heykelinin-goturulmesinden-narahatdir\\\/\",\"name\":\"Prezident Mikay\u0131l M\u00fc\u015ffiqin heyk\u0259linin g\u00f6t\u00fcr\u00fclm\u0259sind\u0259n narahatd\u0131r - MEYDAN.TV\",\"isPartOf\":{\"@id\":\"https:\\\/\\\/www.meydan.tv\\\/az\\\/#website\"},\"primaryImageOfPage\":{\"@id\":\"https:\\\/\\\/www.meydan.tv\\\/az\\\/article\\\/prezident-mikayil-musfiqin-heykelinin-goturulmesinden-narahatdir\\\/#primaryimage\"},\"image\":{\"@id\":\"https:\\\/\\\/www.meydan.tv\\\/az\\\/article\\\/prezident-mikayil-musfiqin-heykelinin-goturulmesinden-narahatdir\\\/#primaryimage\"},\"thumbnailUrl\":\"https:\\\/\\\/www.meydan.tv\\\/wp-content\\\/uploads\\\/26762.jpg\",\"datePublished\":\"2017-02-28T17:39:06+00:00\",\"breadcrumb\":{\"@id\":\"https:\\\/\\\/www.meydan.tv\\\/az\\\/article\\\/prezident-mikayil-musfiqin-heykelinin-goturulmesinden-narahatdir\\\/#breadcrumb\"},\"inLanguage\":\"az\",\"potentialAction\":[{\"@type\":\"ReadAction\",\"target\":[\"https:\\\/\\\/www.meydan.tv\\\/az\\\/article\\\/prezident-mikayil-musfiqin-heykelinin-goturulmesinden-narahatdir\\\/\"]}]},{\"@type\":\"ImageObject\",\"inLanguage\":\"az\",\"@id\":\"https:\\\/\\\/www.meydan.tv\\\/az\\\/article\\\/prezident-mikayil-musfiqin-heykelinin-goturulmesinden-narahatdir\\\/#primaryimage\",\"url\":\"https:\\\/\\\/www.meydan.tv\\\/wp-content\\\/uploads\\\/26762.jpg\",\"contentUrl\":\"https:\\\/\\\/www.meydan.tv\\\/wp-content\\\/uploads\\\/26762.jpg\",\"width\":1141,\"height\":500,\"caption\":\"Source:\"},{\"@type\":\"BreadcrumbList\",\"@id\":\"https:\\\/\\\/www.meydan.tv\\\/az\\\/article\\\/prezident-mikayil-musfiqin-heykelinin-goturulmesinden-narahatdir\\\/#breadcrumb\",\"itemListElement\":[{\"@type\":\"ListItem\",\"position\":1,\"name\":\"Ana s\u0259hif\u0259\",\"item\":\"https:\\\/\\\/www.meydan.tv\\\/az\\\/\"},{\"@type\":\"ListItem\",\"position\":2,\"name\":\"X\u0259b\u0259rl\u0259r\",\"item\":\"https:\\\/\\\/www.meydan.tv\\\/az\\\/section\\\/xeberler\\\/\"},{\"@type\":\"ListItem\",\"position\":3,\"name\":\"Prezident Mikay\u0131l M\u00fc\u015ffiqin heyk\u0259linin g\u00f6t\u00fcr\u00fclm\u0259sind\u0259n narahatd\u0131r\"}]},{\"@type\":\"WebSite\",\"@id\":\"https:\\\/\\\/www.meydan.tv\\\/az\\\/#website\",\"url\":\"https:\\\/\\\/www.meydan.tv\\\/az\\\/\",\"name\":\"MEYDAN.TV\",\"description\":\"Meydan TV Az\u0259rbaycan\u0131n media m\u0259kan\u0131ndak\u0131 alternativ s\u0259sidir\",\"publisher\":{\"@id\":\"https:\\\/\\\/www.meydan.tv\\\/az\\\/#organization\"},\"potentialAction\":[{\"@type\":\"SearchAction\",\"target\":{\"@type\":\"EntryPoint\",\"urlTemplate\":\"https:\\\/\\\/www.meydan.tv\\\/az\\\/?s={search_term_string}\"},\"query-input\":{\"@type\":\"PropertyValueSpecification\",\"valueRequired\":true,\"valueName\":\"search_term_string\"}}],\"inLanguage\":\"az\"},{\"@type\":\"Organization\",\"@id\":\"https:\\\/\\\/www.meydan.tv\\\/az\\\/#organization\",\"name\":\"Meydan TV\",\"url\":\"https:\\\/\\\/www.meydan.tv\\\/az\\\/\",\"logo\":{\"@type\":\"ImageObject\",\"inLanguage\":\"az\",\"@id\":\"https:\\\/\\\/www.meydan.tv\\\/az\\\/#\\\/schema\\\/logo\\\/image\\\/\",\"url\":\"https:\\\/\\\/www.meydan.tv\\\/wp-content\\\/uploads\\\/2021\\\/07\\\/meydan-logo.svg\",\"contentUrl\":\"https:\\\/\\\/www.meydan.tv\\\/wp-content\\\/uploads\\\/2021\\\/07\\\/meydan-logo.svg\",\"width\":195,\"height\":46,\"caption\":\"Meydan TV\"},\"image\":{\"@id\":\"https:\\\/\\\/www.meydan.tv\\\/az\\\/#\\\/schema\\\/logo\\\/image\\\/\"}},{\"@type\":\"Person\",\"@id\":\"https:\\\/\\\/www.meydan.tv\\\/az\\\/#\\\/schema\\\/person\\\/10d11eccf6da3662cf5fdab9806ea91a\",\"name\":\"user-manager\"}]}<\/script>\n<!-- \/ Yoast SEO plugin. -->","yoast_head_json":{"title":"Prezident Mikay\u0131l M\u00fc\u015ffiqin heyk\u0259linin g\u00f6t\u00fcr\u00fclm\u0259sind\u0259n narahatd\u0131r - MEYDAN.TV","robots":{"index":"index","follow":"follow","max-snippet":"max-snippet:-1","max-image-preview":"max-image-preview:large","max-video-preview":"max-video-preview:-1"},"canonical":"https:\/\/www.meydan.tv\/az\/article\/prezident-mikayil-musfiqin-heykelinin-goturulmesinden-narahatdir\/","og_locale":"az_AZ","og_type":"article","og_title":"Prezident Mikay\u0131l M\u00fc\u015ffiqin heyk\u0259linin g\u00f6t\u00fcr\u00fclm\u0259sind\u0259n narahatd\u0131r - MEYDAN.TV","og_description":"''Bel\u0259 \u0259m\u0259ll\u0259ri t\u00f6r\u0259d\u0259nl\u0259r ciddi \u015f\u0259kild\u0259 c\u0259zalanacaqlar''","og_url":"https:\/\/www.meydan.tv\/az\/article\/prezident-mikayil-musfiqin-heykelinin-goturulmesinden-narahatdir\/","og_site_name":"MEYDAN.TV","article_published_time":"2017-02-28T17:39:06+00:00","og_image":[{"width":1141,"height":500,"url":"https:\/\/www.meydan.tv\/wp-content\/uploads\/26762.jpg","type":"image\/jpeg"}],"author":"user-manager","twitter_card":"summary_large_image","schema":{"@context":"https:\/\/schema.org","@graph":[{"@type":"Article","@id":"https:\/\/www.meydan.tv\/az\/article\/prezident-mikayil-musfiqin-heykelinin-goturulmesinden-narahatdir\/#article","isPartOf":{"@id":"https:\/\/www.meydan.tv\/az\/article\/prezident-mikayil-musfiqin-heykelinin-goturulmesinden-narahatdir\/"},"author":{"name":"user-manager","@id":"https:\/\/www.meydan.tv\/az\/#\/schema\/person\/10d11eccf6da3662cf5fdab9806ea91a"},"headline":"Prezident Mikay\u0131l M\u00fc\u015ffiqin heyk\u0259linin g\u00f6t\u00fcr\u00fclm\u0259sind\u0259n narahatd\u0131r","datePublished":"2017-02-28T17:39:06+00:00","mainEntityOfPage":{"@id":"https:\/\/www.meydan.tv\/az\/article\/prezident-mikayil-musfiqin-heykelinin-goturulmesinden-narahatdir\/"},"wordCount":344,"publisher":{"@id":"https:\/\/www.meydan.tv\/az\/#organization"},"image":{"@id":"https:\/\/www.meydan.tv\/az\/article\/prezident-mikayil-musfiqin-heykelinin-goturulmesinden-narahatdir\/#primaryimage"},"thumbnailUrl":"https:\/\/www.meydan.tv\/wp-content\/uploads\/26762.jpg","articleSection":["X\u0259b\u0259rl\u0259r"],"inLanguage":"az"},{"@type":"WebPage","@id":"https:\/\/www.meydan.tv\/az\/article\/prezident-mikayil-musfiqin-heykelinin-goturulmesinden-narahatdir\/","url":"https:\/\/www.meydan.tv\/az\/article\/prezident-mikayil-musfiqin-heykelinin-goturulmesinden-narahatdir\/","name":"Prezident Mikay\u0131l M\u00fc\u015ffiqin heyk\u0259linin g\u00f6t\u00fcr\u00fclm\u0259sind\u0259n narahatd\u0131r - MEYDAN.TV","isPartOf":{"@id":"https:\/\/www.meydan.tv\/az\/#website"},"primaryImageOfPage":{"@id":"https:\/\/www.meydan.tv\/az\/article\/prezident-mikayil-musfiqin-heykelinin-goturulmesinden-narahatdir\/#primaryimage"},"image":{"@id":"https:\/\/www.meydan.tv\/az\/article\/prezident-mikayil-musfiqin-heykelinin-goturulmesinden-narahatdir\/#primaryimage"},"thumbnailUrl":"https:\/\/www.meydan.tv\/wp-content\/uploads\/26762.jpg","datePublished":"2017-02-28T17:39:06+00:00","breadcrumb":{"@id":"https:\/\/www.meydan.tv\/az\/article\/prezident-mikayil-musfiqin-heykelinin-goturulmesinden-narahatdir\/#breadcrumb"},"inLanguage":"az","potentialAction":[{"@type":"ReadAction","target":["https:\/\/www.meydan.tv\/az\/article\/prezident-mikayil-musfiqin-heykelinin-goturulmesinden-narahatdir\/"]}]},{"@type":"ImageObject","inLanguage":"az","@id":"https:\/\/www.meydan.tv\/az\/article\/prezident-mikayil-musfiqin-heykelinin-goturulmesinden-narahatdir\/#primaryimage","url":"https:\/\/www.meydan.tv\/wp-content\/uploads\/26762.jpg","contentUrl":"https:\/\/www.meydan.tv\/wp-content\/uploads\/26762.jpg","width":1141,"height":500,"caption":"Source:"},{"@type":"BreadcrumbList","@id":"https:\/\/www.meydan.tv\/az\/article\/prezident-mikayil-musfiqin-heykelinin-goturulmesinden-narahatdir\/#breadcrumb","itemListElement":[{"@type":"ListItem","position":1,"name":"Ana s\u0259hif\u0259","item":"https:\/\/www.meydan.tv\/az\/"},{"@type":"ListItem","position":2,"name":"X\u0259b\u0259rl\u0259r","item":"https:\/\/www.meydan.tv\/az\/section\/xeberler\/"},{"@type":"ListItem","position":3,"name":"Prezident Mikay\u0131l M\u00fc\u015ffiqin heyk\u0259linin g\u00f6t\u00fcr\u00fclm\u0259sind\u0259n narahatd\u0131r"}]},{"@type":"WebSite","@id":"https:\/\/www.meydan.tv\/az\/#website","url":"https:\/\/www.meydan.tv\/az\/","name":"MEYDAN.TV","description":"Meydan TV Az\u0259rbaycan\u0131n media m\u0259kan\u0131ndak\u0131 alternativ s\u0259sidir","publisher":{"@id":"https:\/\/www.meydan.tv\/az\/#organization"},"potentialAction":[{"@type":"SearchAction","target":{"@type":"EntryPoint","urlTemplate":"https:\/\/www.meydan.tv\/az\/?s={search_term_string}"},"query-input":{"@type":"PropertyValueSpecification","valueRequired":true,"valueName":"search_term_string"}}],"inLanguage":"az"},{"@type":"Organization","@id":"https:\/\/www.meydan.tv\/az\/#organization","name":"Meydan TV","url":"https:\/\/www.meydan.tv\/az\/","logo":{"@type":"ImageObject","inLanguage":"az","@id":"https:\/\/www.meydan.tv\/az\/#\/schema\/logo\/image\/","url":"https:\/\/www.meydan.tv\/wp-content\/uploads\/2021\/07\/meydan-logo.svg","contentUrl":"https:\/\/www.meydan.tv\/wp-content\/uploads\/2021\/07\/meydan-logo.svg","width":195,"height":46,"caption":"Meydan TV"},"image":{"@id":"https:\/\/www.meydan.tv\/az\/#\/schema\/logo\/image\/"}},{"@type":"Person","@id":"https:\/\/www.meydan.tv\/az\/#\/schema\/person\/10d11eccf6da3662cf5fdab9806ea91a","name":"user-manager"}]}},"_links":{"self":[{"href":"https:\/\/www.meydan.tv\/az\/wp-json\/wp\/v2\/posts\/182880","targetHints":{"allow":["GET"]}}],"collection":[{"href":"https:\/\/www.meydan.tv\/az\/wp-json\/wp\/v2\/posts"}],"about":[{"href":"https:\/\/www.meydan.tv\/az\/wp-json\/wp\/v2\/types\/post"}],"author":[{"embeddable":true,"href":"https:\/\/www.meydan.tv\/az\/wp-json\/wp\/v2\/users\/11"}],"replies":[{"embeddable":true,"href":"https:\/\/www.meydan.tv\/az\/wp-json\/wp\/v2\/comments?post=182880"}],"version-history":[{"count":0,"href":"https:\/\/www.meydan.tv\/az\/wp-json\/wp\/v2\/posts\/182880\/revisions"}],"wp:featuredmedia":[{"embeddable":true,"href":"https:\/\/www.meydan.tv\/az\/wp-json\/wp\/v2\/media\/69940"}],"wp:attachment":[{"href":"https:\/\/www.meydan.tv\/az\/wp-json\/wp\/v2\/media?parent=182880"}],"wp:term":[{"taxonomy":"category","embeddable":true,"href":"https:\/\/www.meydan.tv\/az\/wp-json\/wp\/v2\/categories?post=182880"},{"taxonomy":"post_tag","embeddable":true,"href":"https:\/\/www.meydan.tv\/az\/wp-json\/wp\/v2\/tags?post=182880"}],"curies":[{"name":"wp","href":"https:\/\/api.w.org\/{rel}","templated":true}]}}