{"id":182861,"date":"2017-02-27T23:29:56","date_gmt":"2017-02-27T23:29:56","guid":{"rendered":"https:\/\/www.meydan.tv\/article\/ankaranin-baki-dilemmasi\/"},"modified":"2017-02-27T23:29:56","modified_gmt":"2017-02-27T23:29:56","slug":"ankaranin-baki-dilemmasi","status":"publish","type":"post","link":"https:\/\/www.meydan.tv\/az\/article\/ankaranin-baki-dilemmasi\/","title":{"rendered":"Ankaran\u0131n Bak\u0131 dilemmas\u0131"},"content":{"rendered":"<figure class=\"wp-block-image size-large\">\n  <img decoding=\"async\" src=\"https:\/\/www.meydan.tv\/az\/yadigar-sadiqov-6\/\" alt=\"Yadigar Sad\u0131qov\" class=\"wp-image-79633\"\/><figcaption>\n    Yadigar Sad\u0131qov<br \/>\n  <\/figcaption><\/figure>\n<p>\n  Az\u0259rbaycan hakimiyy\u0259ti v\u0259t\u0259nda\u015flar\u0131na ikili hissl\u0259r ya\u015fatma\u011f\u0131, dilemma qar\u015f\u0131s\u0131nda saxlama\u011f\u0131 \u00e7ox sevir. Buna aid \u00e7oxlu misallar g\u0259tirm\u0259k olar.\n<\/p>\n<p>\n  M\u0259s\u0259l\u0259n, idman yar\u0131\u015flar\u0131nda bir idman\u00e7\u0131m\u0131z v\u0259 ya komandam\u0131z h\u0259r hans\u0131 bir u\u011fur qazananda \u00f6nc\u0259 sevinirs\u0259n. Lakin idman \u015f\u0259rh\u00e7il\u0259ri v\u0259 dig\u0259rl\u0259ri bundan istifad\u0259 ed\u0259r\u0259k d\u00f6vl\u0259t ba\u015f\u00e7\u0131s\u0131n\u0131n idmana diqq\u0259t v\u0259 qay\u011f\u0131s\u0131 haqq\u0131nda m\u0259dhiyy\u0259l\u0259r oxuyanda o qazan\u0131lan u\u011fur da g\u00f6zd\u0259n d\u00fc\u015f\u00fcr.\n<\/p>\n<p>\n  B\u0259z\u0259n bel\u0259 hallarla ba\u011fl\u0131 kazus situasiyalar da ya\u015fan\u0131rd\u0131. Bu da \u015f\u0259rh\u00e7il\u0259rin arx\u0131 tullanmadan &#8220;hop&#8221; dem\u0259y\u0259 t\u0259l\u0259sml\u0259ri il\u0259 \u0259laq\u0259dar olurdu.\n<\/p>\n<p>\n  Xat\u0131rlay\u0131ram ki, bir ne\u00e7\u0259 il \u00f6nc\u0259 qad\u0131n voleybolu \u00fczr\u0259 &#8220;Azerreyl&#8221; komandam\u0131z \u0130taliyan\u0131n &#8220;Volley Bergamo&#8221; (bizd\u0259 daha \u00e7ox &#8220;Foppapedretti&#8221; ad\u0131 il\u0259 tan\u0131n\u0131rd\u0131) Bak\u0131da qar\u015f\u0131la\u015f\u0131rd\u0131. \u0130lk iki seti voleybol\u00e7ular\u0131m\u0131z uddu. \u015e\u0259rh\u00e7i d\u0259 &#8220;prezidentin idmana diqq\u0259t v\u0259 qay\u011f\u0131s\u0131&#8221; haqq\u0131nda b\u0259la\u011f\u0259tl\u0259 dan\u0131\u015f\u0131rd\u0131. Az qala h\u0259r qazan\u0131lan xaldan sonra operator \u015e\u0259r\u0259f tribunas\u0131n\u0131 g\u00f6st\u0259rirdi.\n<\/p>\n<p>\n  Lakin \u00fc\u00e7\u00fcnc\u00fc setin \u0259vv\u0259ll\u0259rind\u0259n v\u0259ziyy\u0259t d\u0259yi\u015fdi. \u0130taliya voleybol\u00e7ular\u0131 \u00f6zl\u0259rin\u0259 g\u0259l\u0259r\u0259k m\u00f6ht\u0259\u015f\u0259m oyun g\u00f6st\u0259rm\u0259y\u0259 ba\u015flad\u0131lar. &#8220;Az\u0259rreyl&#8221; he\u00e7 bir \u015fey ed\u0259 bilmirdi. Daha n\u0259 operator \u015e\u0259r\u0259f tribunas\u0131n\u0131 g\u00f6st\u0259rirdi, n\u0259 \u015f\u0259rh\u00e7i diqq\u0259t v\u0259 qay\u011f\u0131dan dan\u0131\u015f\u0131rd\u0131. Sonda &#8220;Volley Bergamo&#8221; 3:2 hesab\u0131 il\u0259 qalib g\u0259ldi. G\u00f6r\u00fcn\u00fcr, \u0130taliyan\u0131n o zamank\u0131 prezidenti Giorgio Napolitano daha diqq\u0259tcil v\u0259 qay\u011f\u0131ke\u015f imi\u015f.\n<\/p>\n<p>\n  Vitse-prezident t\u0259yinat\u0131 is\u0259 art\u0131q dilemma problemini Az\u0259rbaycan s\u0259rh\u0259dl\u0259rind\u0259n k\u0259nara \u00e7\u0131xar\u0131b. T\u00fcrkiy\u0259 C\u00fcmhuriyy\u0259tind\u0259, x\u00fcsus\u0259n d\u0259 hakim Adalet v\u0259 Kalk\u0131nma Partiyas\u0131nda m\u00fcr\u0259kk\u0259b bir v\u0259ziyy\u0259t yaran\u0131b. Bel\u0259 ki, c\u0259nab \u018frdo\u011fan \u00e7oxdan arzusunda oldu\u011fu prezident \u00fcsul-idar\u0259sin\u0259 ke\u00e7m\u0259k \u00fc\u00e7\u00fcn referenduma gedir. Bel\u0259 bir v\u0259ziyy\u0259td\u0259 is\u0259 Bak\u0131dan g\u0259l\u0259n x\u0259b\u0259r he\u00e7 d\u0259 sevindirici olmad\u0131.\n<\/p>\n<p>\n  \u00d6lk\u0259l\u0259r aras\u0131ndak\u0131 \u0259laq\u0259l\u0259ri v\u0259 \u0130lham \u018fliyevl\u0259 \u015f\u0259xsi m\u00fcnasib\u0259tl\u0259ri n\u0259z\u0259r\u0259 alan \u018frdo\u011fan Mehriban \u018fliyevan\u0131 vitse-prezident t\u0259yin olunmas\u0131 m\u00fcnasib\u0259til\u0259 t\u0259brik etm\u0259y\u0259 t\u0259l\u0259sdi. Ba\u015f nazir Binali Y\u0131ld\u0131r\u0131m\u0131n t\u0259brikini d\u0259 \u00e7ox g\u00f6zl\u0259m\u0259k laz\u0131m g\u0259lm\u0259di. Lakin az sonra g\u00f6zl\u0259nil\u0259n hadis\u0259l\u0259r c\u0259r\u0259yan etm\u0259y\u0259 ba\u015flad\u0131.\n<\/p>\n<p>\n  Prezident \u00fcsul-idar\u0259sin\u0259 qar\u015f\u0131 \u00e7\u0131xan C\u00fcmhuriyy\u0259t Xalq Partiyas\u0131, el\u0259c\u0259 d\u0259 bir \u00e7ox jurnalist Az\u0259rbaycanda ba\u015f ver\u0259n t\u0259yinatdan \u00f6z t\u0259bli\u011fatlar\u0131nda istifad\u0259 etm\u0259y\u0259 ba\u015flad\u0131. Jurnalistl\u0259rd\u0259n biri bu t\u0259yinat\u0131 h\u0259tta &#8220;saatlarca anlatma\u011fa \u00e7al\u0131\u015faca\u011f\u0131n, lakin anlada bilm\u0259y\u0259c\u0259yin v\u0259ziyy\u0259ti \u00e7ox a\u00e7\u0131q ortaya qoyan&#8221; add\u0131m kimi qiym\u0259tl\u0259ndirdi. H\u0259tta &#8220;t\u00fcrk tipi ba\u015fkanl\u0131k&#8221; termini d\u0259 ortaya \u00e7\u0131xd\u0131.\n<\/p>\n<p>\n  Bel\u0259 olan halda AKP funksionerl\u0259rinin d\u0259 x\u00fcsusi \u00e7\u0131x\u0131\u015f yolu qalmad\u0131. \u018fdal\u0259t bakan\u0131 Bekir Bozda\u011f r\u0259smi Bak\u0131 il\u0259 b\u00fct\u00fcn \u0259laq\u0259l\u0259ri g\u00f6z\u0259 alaraq s\u00f6z\u00fcged\u0259n t\u0259yinat\u0131 &#8220;k\u00f6t\u00fc \u00f6rnek&#8221; adland\u0131rmaq m\u0259cburiyy\u0259tind\u0259 qald\u0131. Ba\u015fqa AKP-lil\u0259r d\u0259 a\u015fa\u011f\u0131-yuxar\u0131 eyni m\u00fcnasib\u0259t s\u0259rgil\u0259m\u0259li oldular.\n<\/p>\n<p>\n  Lakin T\u00fcrkiy\u0259d\u0259ki siyasi v\u0259ziyy\u0259t\u0259 az-\u00e7ox b\u0259l\u0259d olan h\u0259r k\u0259s bilir ki, hakim partiya \u00f6z n\u00fcfuzunun \u0259zici \u0259ks\u0259riyy\u0259tini R\u0259c\u0259b Tayip \u018frdo\u011fan\u0131n \u015f\u0259xsi xarizmas\u0131na v\u0259 natiqlik qabiliyy\u0259tin\u0259 borcludur. V\u0259t\u0259nda\u015flar \u00f6z t\u0259s\u0259vv\u00fcrl\u0259rini v\u0259 m\u00fcnasib\u0259tl\u0259rini m\u0259hz \u018frdo\u011fan\u0131n ritorikas\u0131 \u0259sas\u0131nda formala\u015fd\u0131r\u0131rlar. C\u00fcmhurba\u015fqan\u0131 is\u0259 \u00e7ox \u00e7\u0259tin v\u0259ziyy\u0259td\u0259dir.\n<\/p>\n<p>\n  Bir yandan Az\u0259rbaycanla m\u00fcnasib\u0259tl\u0259r v\u0259 t\u0259l\u0259sik g\u00f6nd\u0259ril\u0259n t\u0259brik m\u0259ktubu, dig\u0259r t\u0259r\u0259fd\u0259 is\u0259 m\u00fcxalif\u0259tin \u0259lin\u0259 g\u00f6yd\u0259n, daha do\u011frusu, Bak\u0131dan d\u00fc\u015fm\u00fc\u015f \u00e7ox g\u00fccl\u00fc bir kart. Referenduma taleyin\u0259 \u0259sasl\u0131 sur\u0259td\u0259 t\u0259sir ed\u0259 bil\u0259c\u0259k bir v\u0259ziyy\u0259t yaran\u0131b.\n<\/p>\n<p>\n  Bu x\u00fcsusda e\u015fitdiyim bir \u0259hvalat\u0131 xat\u0131rlad\u0131m. 1969-cu ild\u0259 Heyd\u0259r \u018fliyevin Az\u0259rbaycan Kommunist Partiyas\u0131n\u0131n birinci katibi t\u0259yin olunmas\u0131nda az sonra L\u0259nk\u0259randa bir s\u0131ra \u015f\u0259xsl\u0259r d\u00f6vl\u0259t\u0259 k\u00fclli miqdarda ziyan vurmaq v\u0259 d\u00f6vl\u0259t \u0259mlak\u0131n\u0131 m\u0259nims\u0259m\u0259k ittiham\u0131 il\u0259 h\u0259bs olunurlar. Yeyintinin \u0259sas\u0259n pomidor t\u0259dar\u00fck\u00fc v\u0259 emal\u0131 il\u0259 ba\u011fl\u0131 oldu\u011fu s\u00f6yl\u0259nilir. M\u0259hk\u0259m\u0259nin 1972-ci ild\u0259 \u00e7\u0131xard\u0131\u011f\u0131 h\u00f6kml\u0259 5 n\u0259f\u0259r \u0259n a\u011f\u0131r c\u0259zaya, g\u00fcll\u0259l\u0259nm\u0259y\u0259 m\u0259hkum edilirl\u0259r.\n<\/p>\n<p>\n  H\u0259min d\u00f6vrd\u0259 is\u0259 \u0130spaniyada t\u0259xmin\u0259n 40 illik diktaturadan sonra general Franko \u00f6l\u00fcr v\u0259 \u0130spaniya Kommunist Partiyas\u0131 leqal f\u0259aliyy\u0259t\u0259 ke\u00e7m\u0259k imkan\u0131 qazan\u0131r. O zaman \u0130KP Q\u0259rbi Avropada italyan v\u0259 frans\u0131z kommunistl\u0259ri il\u0259 birlikd\u0259 3 \u0259n g\u00fccl\u00fc kommunist partiyalar\u0131ndan biri say\u0131l\u0131rd\u0131. \u0130KP 1977-ci ild\u0259 ke\u00e7iril\u0259n parlament se\u00e7kil\u0259rind\u0259 ciddi s\u0259s toplama\u011fa, qalib d\u0259 olmasa, ana m\u00fcxalif\u0259t partiyas\u0131 olma\u011fa iddial\u0131 idi.\n<\/p>\n<p>\n  Bu zaman is\u0259 \u0130spaniya m\u0259tbuat\u0131na 5 il \u00f6nc\u0259 L\u0259nk\u0259randa \u00e7\u0131xar\u0131lm\u0131\u015f h\u00f6km haqq\u0131nda m\u0259lumat s\u0131z\u0131r. \u0130spanlar \u00f6zl\u0259ri 40 il h\u0259rbi xunta hakimiyy\u0259ti alt\u0131nda ya\u015fasalar da, 5 insan\u0131n pomidordan \u00f6tr\u00fc \u00f6l\u00fcm\u0259 m\u0259hkum edilm\u0259sini q\u0259bul ed\u0259 bilmirl\u0259r. N\u0259tic\u0259d\u0259 \u0130KP se\u00e7kil\u0259rd\u0259 \u00fcmid etdiyind\u0259n qat-qat az, 9,33% s\u0259s toplayaraq 3-c\u00fc yeri tutur v\u0259 c\u0259mi 20 mandat qazan\u0131r. Bel\u0259c\u0259, Avropan\u0131n \u015f\u0259rq ucqar\u0131nda kommunist hakimiyy\u0259tinin k\u0259sdiyi c\u0259zan\u0131n b\u0259d\u0259lini q\u0259rb ucqar\u0131ndak\u0131 kommunistl\u0259r \u00f6d\u0259m\u0259li olurlar.\n<\/p>\n<p>\n  \u018fhvalat\u0131n n\u0259 q\u0259d\u0259r do\u011fru oldu\u011funa t\u0259minat ver\u0259 bilm\u0259r\u0259m. Bunu yaz\u0131l\u0131 m\u0259nb\u0259d\u0259n oxumam\u0131\u015fam, ill\u0259r \u00f6nc\u0259 bir n\u0259f\u0259r dan\u0131\u015f\u0131b. Lakin kifay\u0259t q\u0259d\u0259r inand\u0131r\u0131c\u0131 t\u0259sir ba\u011f\u0131\u015flay\u0131b. \u00dcst\u0259lik ispan kommunistl\u0259rinin SSR\u0130-d\u0259n m\u0259saf\u0259li davrand\u0131qlar\u0131ndan informasiyan\u0131 h\u0259tta Moskvan\u0131n \u00f6t\u00fcr\u0259 bil\u0259c\u0259yi ehtimal\u0131n\u0131 da n\u0259z\u0259r\u0259 alm\u0131\u015fam. Lakin bu, art\u0131q ba\u015fqa m\u00f6vzudur.\n<\/p>\n<p>\n  \u0130ndi d\u0259 Az\u0259rbaycanda ba\u015f ver\u0259n hadis\u0259 bir ba\u015fqa \u00f6lk\u0259d\u0259ki xalq s\u0259sverm\u0259sinin n\u0259tic\u0259l\u0259rin\u0259 t\u0259sir etm\u0259k g\u00fcc\u00fcnd\u0259dir. G\u00fcman etm\u0259k \u00e7\u0259tin deyil ki, hakim partiya v\u0259 \u015f\u0259xs\u0259n \u018frdo\u011fan bu s\u00fcrprizd\u0259n he\u00e7 d\u0259 m\u0259mnun deyill\u0259r. Lakin qar\u015f\u0131s\u0131nda durduqlar\u0131 dilemma da asanl\u0131qla \u00e7\u00f6z\u00fcl\u0259c\u0259k kimi g\u00f6r\u00fcnm\u00fcr.\n<\/p>\n<p>\n  Bununla bel\u0259, m\u00fc\u0259yy\u0259n proqnozlar verm\u0259k olar. \u018frdo\u011fan\u0131n siyasi karyeras\u0131 g\u00f6zl\u0259nilm\u0259z kulbitl\u0259rl\u0259 z\u0259ngindir. T\u00fcrkiy\u0259 prezidenti d\u00fcn\u0259n &#8220;qarda\u015f&#8221; dediyini bu g\u00fcn &#8220;qatil&#8221; adland\u0131rmaqda (v\u0259 ya \u0259ksin\u0259) he\u00e7 zaman diskomfort hiss etm\u0259yib. Bunu B\u0259\u015f\u0259r \u018fs\u0259d\u0259 v\u0259 Vladimir Putin\u0259 m\u00fcnasib\u0259td\u0259 g\u00f6rm\u00fc\u015f\u00fck. Onun sadiq qald\u0131\u011f\u0131 yegan\u0259 h\u0259d\u0259f \u015f\u0259xsi hakimiyy\u0259tinin m\u00f6hk\u0259ml\u0259ndirilm\u0259sidir.\n<\/p>\n<p>\n  Buna g\u00f6r\u0259 d\u0259 \u0259g\u0259r Bak\u0131 \u00f6rn\u0259yinin ictimai fikr\u0259 ciddi t\u0259sir g\u00f6st\u0259rdiyi, referendumdan m\u00fcsb\u0259t cavab al\u0131nmas\u0131n\u0131 t\u0259hdid alt\u0131na ald\u0131\u011f\u0131 m\u0259lum olarsa, \u018frdo\u011fan\u0131n bu t\u0259yinat\u0131 \u0259n az\u0131 q\u0131nayaca\u011f\u0131n\u0131, ondan m\u0259saf\u0259l\u0259ndiyini g\u00f6st\u0259r\u0259c\u0259yi \u015f\u00fcbh\u0259sizdir. Korlana bil\u0259c\u0259k \u0259laq\u0259l\u0259ri yenid\u0259n b\u0259rpa etm\u0259kd\u0259 is\u0259 T\u00fcrkiy\u0259 prezidentin\u0131n b\u0259rab\u0259ri yoxdur.<\/p>\n","protected":false},"excerpt":{"rendered":"<p>Az\u0259rbaycan hakimiyy\u0259ti v\u0259t\u0259nda\u015flar\u0131na ikili hissl\u0259r ya\u015fatma\u011f\u0131, dilemma qar\u015f\u0131s\u0131nda saxlama\u011f\u0131 \u00e7ox sevir.<\/p>\n","protected":false},"author":11,"featured_media":79633,"comment_status":"closed","ping_status":"open","sticky":false,"template":"","format":"standard","meta":{"_acf_changed":false,"_sitemap_exclude":false,"_sitemap_priority":"","_sitemap_frequency":"","footnotes":""},"categories":[57],"tags":[],"class_list":["post-182861","post","type-post","status-publish","format-standard","has-post-thumbnail","hentry","category-menim-fikrimce","infinite-scroll-item","generate-columns","tablet-grid-50","mobile-grid-100","grid-parent","grid-33","no-featured-image-padding"],"acf":[],"yoast_head":"<!-- This site is optimized with the Yoast SEO plugin v27.5 - https:\/\/yoast.com\/product\/yoast-seo-wordpress\/ -->\n<title>Ankaran\u0131n Bak\u0131 dilemmas\u0131 - MEYDAN.TV<\/title>\n<meta name=\"robots\" content=\"index, follow, max-snippet:-1, max-image-preview:large, max-video-preview:-1\" \/>\n<link rel=\"canonical\" href=\"https:\/\/www.meydan.tv\/az\/article\/ankaranin-baki-dilemmasi\/\" \/>\n<meta property=\"og:locale\" content=\"az_AZ\" \/>\n<meta property=\"og:type\" content=\"article\" \/>\n<meta property=\"og:title\" content=\"Ankaran\u0131n Bak\u0131 dilemmas\u0131 - MEYDAN.TV\" \/>\n<meta property=\"og:description\" content=\"Az\u0259rbaycan hakimiyy\u0259ti v\u0259t\u0259nda\u015flar\u0131na ikili hissl\u0259r ya\u015fatma\u011f\u0131, dilemma qar\u015f\u0131s\u0131nda saxlama\u011f\u0131 \u00e7ox sevir.\" \/>\n<meta property=\"og:url\" content=\"https:\/\/www.meydan.tv\/az\/article\/ankaranin-baki-dilemmasi\/\" \/>\n<meta property=\"og:site_name\" content=\"MEYDAN.TV\" \/>\n<meta property=\"article:published_time\" content=\"2017-02-27T23:29:56+00:00\" \/>\n<meta property=\"og:image\" content=\"https:\/\/www.meydan.tv\/wp-content\/uploads\/31027-1095x821.png\" \/>\n\t<meta property=\"og:image:width\" content=\"1095\" \/>\n\t<meta property=\"og:image:height\" content=\"821\" \/>\n\t<meta property=\"og:image:type\" content=\"image\/png\" \/>\n<meta name=\"author\" content=\"user-manager\" \/>\n<meta name=\"twitter:card\" content=\"summary_large_image\" \/>\n<script type=\"application\/ld+json\" class=\"yoast-schema-graph\">{\"@context\":\"https:\\\/\\\/schema.org\",\"@graph\":[{\"@type\":\"Article\",\"@id\":\"https:\\\/\\\/www.meydan.tv\\\/az\\\/article\\\/ankaranin-baki-dilemmasi\\\/#article\",\"isPartOf\":{\"@id\":\"https:\\\/\\\/www.meydan.tv\\\/az\\\/article\\\/ankaranin-baki-dilemmasi\\\/\"},\"author\":{\"name\":\"user-manager\",\"@id\":\"https:\\\/\\\/www.meydan.tv\\\/az\\\/#\\\/schema\\\/person\\\/10d11eccf6da3662cf5fdab9806ea91a\"},\"headline\":\"Ankaran\u0131n Bak\u0131 dilemmas\u0131\",\"datePublished\":\"2017-02-27T23:29:56+00:00\",\"mainEntityOfPage\":{\"@id\":\"https:\\\/\\\/www.meydan.tv\\\/az\\\/article\\\/ankaranin-baki-dilemmasi\\\/\"},\"wordCount\":1342,\"publisher\":{\"@id\":\"https:\\\/\\\/www.meydan.tv\\\/az\\\/#organization\"},\"image\":{\"@id\":\"https:\\\/\\\/www.meydan.tv\\\/az\\\/article\\\/ankaranin-baki-dilemmasi\\\/#primaryimage\"},\"thumbnailUrl\":\"https:\\\/\\\/www.meydan.tv\\\/wp-content\\\/uploads\\\/31027.png\",\"articleSection\":[\"M\u0259nim Fikrimc\u0259\"],\"inLanguage\":\"az\"},{\"@type\":\"WebPage\",\"@id\":\"https:\\\/\\\/www.meydan.tv\\\/az\\\/article\\\/ankaranin-baki-dilemmasi\\\/\",\"url\":\"https:\\\/\\\/www.meydan.tv\\\/az\\\/article\\\/ankaranin-baki-dilemmasi\\\/\",\"name\":\"Ankaran\u0131n Bak\u0131 dilemmas\u0131 - MEYDAN.TV\",\"isPartOf\":{\"@id\":\"https:\\\/\\\/www.meydan.tv\\\/az\\\/#website\"},\"primaryImageOfPage\":{\"@id\":\"https:\\\/\\\/www.meydan.tv\\\/az\\\/article\\\/ankaranin-baki-dilemmasi\\\/#primaryimage\"},\"image\":{\"@id\":\"https:\\\/\\\/www.meydan.tv\\\/az\\\/article\\\/ankaranin-baki-dilemmasi\\\/#primaryimage\"},\"thumbnailUrl\":\"https:\\\/\\\/www.meydan.tv\\\/wp-content\\\/uploads\\\/31027.png\",\"datePublished\":\"2017-02-27T23:29:56+00:00\",\"breadcrumb\":{\"@id\":\"https:\\\/\\\/www.meydan.tv\\\/az\\\/article\\\/ankaranin-baki-dilemmasi\\\/#breadcrumb\"},\"inLanguage\":\"az\",\"potentialAction\":[{\"@type\":\"ReadAction\",\"target\":[\"https:\\\/\\\/www.meydan.tv\\\/az\\\/article\\\/ankaranin-baki-dilemmasi\\\/\"]}]},{\"@type\":\"ImageObject\",\"inLanguage\":\"az\",\"@id\":\"https:\\\/\\\/www.meydan.tv\\\/az\\\/article\\\/ankaranin-baki-dilemmasi\\\/#primaryimage\",\"url\":\"https:\\\/\\\/www.meydan.tv\\\/wp-content\\\/uploads\\\/31027.png\",\"contentUrl\":\"https:\\\/\\\/www.meydan.tv\\\/wp-content\\\/uploads\\\/31027.png\",\"width\":2732,\"height\":2048,\"caption\":\"Source:\"},{\"@type\":\"BreadcrumbList\",\"@id\":\"https:\\\/\\\/www.meydan.tv\\\/az\\\/article\\\/ankaranin-baki-dilemmasi\\\/#breadcrumb\",\"itemListElement\":[{\"@type\":\"ListItem\",\"position\":1,\"name\":\"Ana s\u0259hif\u0259\",\"item\":\"https:\\\/\\\/www.meydan.tv\\\/az\\\/\"},{\"@type\":\"ListItem\",\"position\":2,\"name\":\"M\u0259nim Fikrimc\u0259\",\"item\":\"https:\\\/\\\/www.meydan.tv\\\/az\\\/section\\\/menim-fikrimce\\\/\"},{\"@type\":\"ListItem\",\"position\":3,\"name\":\"Ankaran\u0131n Bak\u0131 dilemmas\u0131\"}]},{\"@type\":\"WebSite\",\"@id\":\"https:\\\/\\\/www.meydan.tv\\\/az\\\/#website\",\"url\":\"https:\\\/\\\/www.meydan.tv\\\/az\\\/\",\"name\":\"MEYDAN.TV\",\"description\":\"Meydan TV Az\u0259rbaycan\u0131n media m\u0259kan\u0131ndak\u0131 alternativ s\u0259sidir\",\"publisher\":{\"@id\":\"https:\\\/\\\/www.meydan.tv\\\/az\\\/#organization\"},\"potentialAction\":[{\"@type\":\"SearchAction\",\"target\":{\"@type\":\"EntryPoint\",\"urlTemplate\":\"https:\\\/\\\/www.meydan.tv\\\/az\\\/?s={search_term_string}\"},\"query-input\":{\"@type\":\"PropertyValueSpecification\",\"valueRequired\":true,\"valueName\":\"search_term_string\"}}],\"inLanguage\":\"az\"},{\"@type\":\"Organization\",\"@id\":\"https:\\\/\\\/www.meydan.tv\\\/az\\\/#organization\",\"name\":\"Meydan TV\",\"url\":\"https:\\\/\\\/www.meydan.tv\\\/az\\\/\",\"logo\":{\"@type\":\"ImageObject\",\"inLanguage\":\"az\",\"@id\":\"https:\\\/\\\/www.meydan.tv\\\/az\\\/#\\\/schema\\\/logo\\\/image\\\/\",\"url\":\"https:\\\/\\\/www.meydan.tv\\\/wp-content\\\/uploads\\\/2021\\\/07\\\/meydan-logo.svg\",\"contentUrl\":\"https:\\\/\\\/www.meydan.tv\\\/wp-content\\\/uploads\\\/2021\\\/07\\\/meydan-logo.svg\",\"width\":195,\"height\":46,\"caption\":\"Meydan TV\"},\"image\":{\"@id\":\"https:\\\/\\\/www.meydan.tv\\\/az\\\/#\\\/schema\\\/logo\\\/image\\\/\"}},{\"@type\":\"Person\",\"@id\":\"https:\\\/\\\/www.meydan.tv\\\/az\\\/#\\\/schema\\\/person\\\/10d11eccf6da3662cf5fdab9806ea91a\",\"name\":\"user-manager\"}]}<\/script>\n<!-- \/ Yoast SEO plugin. -->","yoast_head_json":{"title":"Ankaran\u0131n Bak\u0131 dilemmas\u0131 - MEYDAN.TV","robots":{"index":"index","follow":"follow","max-snippet":"max-snippet:-1","max-image-preview":"max-image-preview:large","max-video-preview":"max-video-preview:-1"},"canonical":"https:\/\/www.meydan.tv\/az\/article\/ankaranin-baki-dilemmasi\/","og_locale":"az_AZ","og_type":"article","og_title":"Ankaran\u0131n Bak\u0131 dilemmas\u0131 - MEYDAN.TV","og_description":"Az\u0259rbaycan hakimiyy\u0259ti v\u0259t\u0259nda\u015flar\u0131na ikili hissl\u0259r ya\u015fatma\u011f\u0131, dilemma qar\u015f\u0131s\u0131nda saxlama\u011f\u0131 \u00e7ox sevir.","og_url":"https:\/\/www.meydan.tv\/az\/article\/ankaranin-baki-dilemmasi\/","og_site_name":"MEYDAN.TV","article_published_time":"2017-02-27T23:29:56+00:00","og_image":[{"width":1095,"height":821,"url":"https:\/\/www.meydan.tv\/wp-content\/uploads\/31027-1095x821.png","type":"image\/png"}],"author":"user-manager","twitter_card":"summary_large_image","schema":{"@context":"https:\/\/schema.org","@graph":[{"@type":"Article","@id":"https:\/\/www.meydan.tv\/az\/article\/ankaranin-baki-dilemmasi\/#article","isPartOf":{"@id":"https:\/\/www.meydan.tv\/az\/article\/ankaranin-baki-dilemmasi\/"},"author":{"name":"user-manager","@id":"https:\/\/www.meydan.tv\/az\/#\/schema\/person\/10d11eccf6da3662cf5fdab9806ea91a"},"headline":"Ankaran\u0131n Bak\u0131 dilemmas\u0131","datePublished":"2017-02-27T23:29:56+00:00","mainEntityOfPage":{"@id":"https:\/\/www.meydan.tv\/az\/article\/ankaranin-baki-dilemmasi\/"},"wordCount":1342,"publisher":{"@id":"https:\/\/www.meydan.tv\/az\/#organization"},"image":{"@id":"https:\/\/www.meydan.tv\/az\/article\/ankaranin-baki-dilemmasi\/#primaryimage"},"thumbnailUrl":"https:\/\/www.meydan.tv\/wp-content\/uploads\/31027.png","articleSection":["M\u0259nim Fikrimc\u0259"],"inLanguage":"az"},{"@type":"WebPage","@id":"https:\/\/www.meydan.tv\/az\/article\/ankaranin-baki-dilemmasi\/","url":"https:\/\/www.meydan.tv\/az\/article\/ankaranin-baki-dilemmasi\/","name":"Ankaran\u0131n Bak\u0131 dilemmas\u0131 - MEYDAN.TV","isPartOf":{"@id":"https:\/\/www.meydan.tv\/az\/#website"},"primaryImageOfPage":{"@id":"https:\/\/www.meydan.tv\/az\/article\/ankaranin-baki-dilemmasi\/#primaryimage"},"image":{"@id":"https:\/\/www.meydan.tv\/az\/article\/ankaranin-baki-dilemmasi\/#primaryimage"},"thumbnailUrl":"https:\/\/www.meydan.tv\/wp-content\/uploads\/31027.png","datePublished":"2017-02-27T23:29:56+00:00","breadcrumb":{"@id":"https:\/\/www.meydan.tv\/az\/article\/ankaranin-baki-dilemmasi\/#breadcrumb"},"inLanguage":"az","potentialAction":[{"@type":"ReadAction","target":["https:\/\/www.meydan.tv\/az\/article\/ankaranin-baki-dilemmasi\/"]}]},{"@type":"ImageObject","inLanguage":"az","@id":"https:\/\/www.meydan.tv\/az\/article\/ankaranin-baki-dilemmasi\/#primaryimage","url":"https:\/\/www.meydan.tv\/wp-content\/uploads\/31027.png","contentUrl":"https:\/\/www.meydan.tv\/wp-content\/uploads\/31027.png","width":2732,"height":2048,"caption":"Source:"},{"@type":"BreadcrumbList","@id":"https:\/\/www.meydan.tv\/az\/article\/ankaranin-baki-dilemmasi\/#breadcrumb","itemListElement":[{"@type":"ListItem","position":1,"name":"Ana s\u0259hif\u0259","item":"https:\/\/www.meydan.tv\/az\/"},{"@type":"ListItem","position":2,"name":"M\u0259nim Fikrimc\u0259","item":"https:\/\/www.meydan.tv\/az\/section\/menim-fikrimce\/"},{"@type":"ListItem","position":3,"name":"Ankaran\u0131n Bak\u0131 dilemmas\u0131"}]},{"@type":"WebSite","@id":"https:\/\/www.meydan.tv\/az\/#website","url":"https:\/\/www.meydan.tv\/az\/","name":"MEYDAN.TV","description":"Meydan TV Az\u0259rbaycan\u0131n media m\u0259kan\u0131ndak\u0131 alternativ s\u0259sidir","publisher":{"@id":"https:\/\/www.meydan.tv\/az\/#organization"},"potentialAction":[{"@type":"SearchAction","target":{"@type":"EntryPoint","urlTemplate":"https:\/\/www.meydan.tv\/az\/?s={search_term_string}"},"query-input":{"@type":"PropertyValueSpecification","valueRequired":true,"valueName":"search_term_string"}}],"inLanguage":"az"},{"@type":"Organization","@id":"https:\/\/www.meydan.tv\/az\/#organization","name":"Meydan TV","url":"https:\/\/www.meydan.tv\/az\/","logo":{"@type":"ImageObject","inLanguage":"az","@id":"https:\/\/www.meydan.tv\/az\/#\/schema\/logo\/image\/","url":"https:\/\/www.meydan.tv\/wp-content\/uploads\/2021\/07\/meydan-logo.svg","contentUrl":"https:\/\/www.meydan.tv\/wp-content\/uploads\/2021\/07\/meydan-logo.svg","width":195,"height":46,"caption":"Meydan TV"},"image":{"@id":"https:\/\/www.meydan.tv\/az\/#\/schema\/logo\/image\/"}},{"@type":"Person","@id":"https:\/\/www.meydan.tv\/az\/#\/schema\/person\/10d11eccf6da3662cf5fdab9806ea91a","name":"user-manager"}]}},"_links":{"self":[{"href":"https:\/\/www.meydan.tv\/az\/wp-json\/wp\/v2\/posts\/182861","targetHints":{"allow":["GET"]}}],"collection":[{"href":"https:\/\/www.meydan.tv\/az\/wp-json\/wp\/v2\/posts"}],"about":[{"href":"https:\/\/www.meydan.tv\/az\/wp-json\/wp\/v2\/types\/post"}],"author":[{"embeddable":true,"href":"https:\/\/www.meydan.tv\/az\/wp-json\/wp\/v2\/users\/11"}],"replies":[{"embeddable":true,"href":"https:\/\/www.meydan.tv\/az\/wp-json\/wp\/v2\/comments?post=182861"}],"version-history":[{"count":0,"href":"https:\/\/www.meydan.tv\/az\/wp-json\/wp\/v2\/posts\/182861\/revisions"}],"wp:featuredmedia":[{"embeddable":true,"href":"https:\/\/www.meydan.tv\/az\/wp-json\/wp\/v2\/media\/79633"}],"wp:attachment":[{"href":"https:\/\/www.meydan.tv\/az\/wp-json\/wp\/v2\/media?parent=182861"}],"wp:term":[{"taxonomy":"category","embeddable":true,"href":"https:\/\/www.meydan.tv\/az\/wp-json\/wp\/v2\/categories?post=182861"},{"taxonomy":"post_tag","embeddable":true,"href":"https:\/\/www.meydan.tv\/az\/wp-json\/wp\/v2\/tags?post=182861"}],"curies":[{"name":"wp","href":"https:\/\/api.w.org\/{rel}","templated":true}]}}