{"id":182858,"date":"2017-02-27T21:38:20","date_gmt":"2017-02-27T21:38:20","guid":{"rendered":"https:\/\/www.meydan.tv\/article\/musfiqe-qarsi-repressiyalar-davam-edir\/"},"modified":"2017-02-27T21:38:20","modified_gmt":"2017-02-27T21:38:20","slug":"musfiqe-qarsi-repressiyalar-davam-edir","status":"publish","type":"post","link":"https:\/\/www.meydan.tv\/az\/article\/musfiqe-qarsi-repressiyalar-davam-edir\/","title":{"rendered":"&#8221;M\u00fc\u015ffiq\u0259 qar\u015f\u0131 repressiyalar davam edir&#8221;"},"content":{"rendered":"<figure class=\"wp-block-embed is-type-video is-provider-youtube wp-block-embed-youtube wp-embed-aspect-16-9 wp-has-aspect-ratio\">\n<div class=\"wp-block-embed__wrapper\">\n    <iframe\ttitle=\"\" width=\"1200\" height=\"675\" data-src=\"https:\/\/www.youtube.com\/embed\/7zFeUIBMCz4\"\tframeborder=\"0\"\tallow=\"accelerometer; autoplay; clipboard-write; encrypted-media; gyroscope; picture-in-picture\" allowfullscreen src=\"data:image\/svg+xml;base64,PHN2ZyB3aWR0aD0iMSIgaGVpZ2h0PSIxIiB4bWxucz0iaHR0cDovL3d3dy53My5vcmcvMjAwMC9zdmciPjwvc3ZnPg==\" class=\"lazyload\" data-load-mode=\"1\"><\/iframe>\n  <\/div><figcaption><\/figcaption><\/figure>\n<p>\n  <b><br \/>\n    <i><br \/>\n      Nazirlik: Mikay\u0131l M\u00fc\u015ffiqin heyk\u0259li raz\u0131l\u0131\u011f\u0131m\u0131z olmadan g\u00f6t\u00fcr\u00fcl\u00fcb<br \/>\n    <\/i><br \/>\n  <\/b>\n<\/p>\n<p>\n  Burada bir ne\u00e7\u0259 g\u00fcn \u00f6nc\u0259y\u0259 q\u0259d\u0259r Mikay\u0131l M\u00fc\u015ffiqin heyk\u0259li var idi. \u201cAz\u0259ravtoyol\u201d A\u00e7\u0131q S\u0259hmdar C\u0259miyy\u0259tinin\u00a0 Layih\u0259 \u0130dar\u0259tm\u0259 Qrupunun r\u0259hb\u0259ri Valeh \u0130brahimov \u0259razid\u0259 yolun geni\u015fdirilm\u0259si \u00fc\u00e7\u00fcn b\u00fcst\u00fcn g\u00f6t\u00fcr\u00fcld\u00fcy\u00fcn\u00fc deyir.\n<\/p>\n<p>\n  M\u0259d\u0259niyy\u0259t Nazirliyinin a\u00e7\u0131qlamas\u0131na g\u00f6r\u0259, \u015firk\u0259t\u00a0 \u015fairin abid\u0259sinin g\u00f6t\u00fcr\u00fclm\u0259si il\u0259 ba\u011fl\u0131 onlar\u0131n raz\u0131l\u0131\u011f\u0131n\u0131 almay\u0131b. Bununla ba\u011fl\u0131 nazirlik m\u0259hk\u0259m\u0259y\u0259 m\u00fcraci\u0259t ed\u0259c\u0259k.\n<\/p>\n<p>\n  Lomonosov ad\u0131na Moskva D\u00f6vl\u0259t Universitetinin Bak\u0131 filial\u0131n\u0131n rektoru N\u0259rgiz Pa\u015fayeva repressiya \u015fairinin abid\u0259sinin s\u00f6k\u00fclm\u0259yin\u0259 etiraz edib. O, bu h\u0259r\u0259k\u0259ti vandalizm, barbarl\u0131q v\u0259 \u015fairin xatir\u0259sin\u0259 t\u0259hqir hesab edir. N\u0259rgiz Pa\u015fayeva d\u00f6vl\u0259t orqanlar\u0131n\u0131n m\u0259s\u0259l\u0259y\u0259 t\u0259cili m\u00fcdaxil\u0259sini v\u0259 g\u00fcnahkarlar\u0131n c\u0259zaland\u0131r\u0131lmas\u0131n\u0131 t\u0259l\u0259b edib.\n<\/p>\n<p>\n  Repressiya \u015fairi Mikay\u0131l M\u00fc\u015ffiqin g\u00f6t\u00fcr\u00fcl\u0259n abid\u0259sinin yan\u0131ndan ke\u00e7\u0259n sakinl\u0259r bu hadis\u0259ni pisl\u0259yirl\u0259r.<\/p>\n","protected":false},"excerpt":{"rendered":"<p>Nazirlik: Mikay\u0131l M\u00fc\u015ffiqin heyk\u0259li raz\u0131l\u0131\u011f\u0131m\u0131z olmadan g\u00f6t\u00fcr\u00fcl\u00fcb<\/p>\n","protected":false},"author":11,"featured_media":80107,"comment_status":"closed","ping_status":"open","sticky":false,"template":"","format":"standard","meta":{"_acf_changed":false,"_sitemap_exclude":false,"_sitemap_priority":"","_sitemap_frequency":"","footnotes":""},"categories":[63],"tags":[],"class_list":["post-182858","post","type-post","status-publish","format-standard","has-post-thumbnail","hentry","category-video-2","infinite-scroll-item","generate-columns","tablet-grid-50","mobile-grid-100","grid-parent","grid-33","no-featured-image-padding"],"acf":[],"yoast_head":"<!-- This site is optimized with the Yoast SEO plugin v27.4 - https:\/\/yoast.com\/product\/yoast-seo-wordpress\/ -->\n<title>&#039;&#039;M\u00fc\u015ffiq\u0259 qar\u015f\u0131 repressiyalar davam edir&#039;&#039; - MEYDAN.TV<\/title>\n<meta name=\"robots\" content=\"index, follow, max-snippet:-1, max-image-preview:large, max-video-preview:-1\" \/>\n<link rel=\"canonical\" href=\"https:\/\/www.meydan.tv\/az\/article\/musfiqe-qarsi-repressiyalar-davam-edir\/\" \/>\n<meta property=\"og:locale\" content=\"az_AZ\" \/>\n<meta property=\"og:type\" content=\"article\" \/>\n<meta property=\"og:title\" content=\"&#039;&#039;M\u00fc\u015ffiq\u0259 qar\u015f\u0131 repressiyalar davam edir&#039;&#039; - MEYDAN.TV\" \/>\n<meta property=\"og:description\" content=\"Nazirlik: Mikay\u0131l M\u00fc\u015ffiqin heyk\u0259li raz\u0131l\u0131\u011f\u0131m\u0131z olmadan g\u00f6t\u00fcr\u00fcl\u00fcb\" \/>\n<meta property=\"og:url\" content=\"https:\/\/www.meydan.tv\/az\/article\/musfiqe-qarsi-repressiyalar-davam-edir\/\" \/>\n<meta property=\"og:site_name\" content=\"MEYDAN.TV\" \/>\n<meta property=\"article:published_time\" content=\"2017-02-27T21:38:20+00:00\" \/>\n<meta property=\"og:image\" content=\"https:\/\/www.meydan.tv\/wp-content\/uploads\/31243.png\" \/>\n\t<meta property=\"og:image:width\" content=\"800\" \/>\n\t<meta property=\"og:image:height\" content=\"450\" \/>\n\t<meta property=\"og:image:type\" content=\"image\/png\" \/>\n<meta name=\"author\" content=\"user-manager\" \/>\n<meta name=\"twitter:card\" content=\"summary_large_image\" \/>\n<script type=\"application\/ld+json\" class=\"yoast-schema-graph\">{\"@context\":\"https:\\\/\\\/schema.org\",\"@graph\":[{\"@type\":\"Article\",\"@id\":\"https:\\\/\\\/www.meydan.tv\\\/az\\\/article\\\/musfiqe-qarsi-repressiyalar-davam-edir\\\/#article\",\"isPartOf\":{\"@id\":\"https:\\\/\\\/www.meydan.tv\\\/az\\\/article\\\/musfiqe-qarsi-repressiyalar-davam-edir\\\/\"},\"author\":{\"name\":\"user-manager\",\"@id\":\"https:\\\/\\\/www.meydan.tv\\\/az\\\/#\\\/schema\\\/person\\\/10d11eccf6da3662cf5fdab9806ea91a\"},\"headline\":\"&#8221;M\u00fc\u015ffiq\u0259 qar\u015f\u0131 repressiyalar davam edir&#8221;\",\"datePublished\":\"2017-02-27T21:38:20+00:00\",\"mainEntityOfPage\":{\"@id\":\"https:\\\/\\\/www.meydan.tv\\\/az\\\/article\\\/musfiqe-qarsi-repressiyalar-davam-edir\\\/\"},\"wordCount\":220,\"publisher\":{\"@id\":\"https:\\\/\\\/www.meydan.tv\\\/az\\\/#organization\"},\"image\":{\"@id\":\"https:\\\/\\\/www.meydan.tv\\\/az\\\/article\\\/musfiqe-qarsi-repressiyalar-davam-edir\\\/#primaryimage\"},\"thumbnailUrl\":\"https:\\\/\\\/www.meydan.tv\\\/wp-content\\\/uploads\\\/31243.png\",\"articleSection\":[\"Video\"],\"inLanguage\":\"az\"},{\"@type\":\"WebPage\",\"@id\":\"https:\\\/\\\/www.meydan.tv\\\/az\\\/article\\\/musfiqe-qarsi-repressiyalar-davam-edir\\\/\",\"url\":\"https:\\\/\\\/www.meydan.tv\\\/az\\\/article\\\/musfiqe-qarsi-repressiyalar-davam-edir\\\/\",\"name\":\"''M\u00fc\u015ffiq\u0259 qar\u015f\u0131 repressiyalar davam edir'' - MEYDAN.TV\",\"isPartOf\":{\"@id\":\"https:\\\/\\\/www.meydan.tv\\\/az\\\/#website\"},\"primaryImageOfPage\":{\"@id\":\"https:\\\/\\\/www.meydan.tv\\\/az\\\/article\\\/musfiqe-qarsi-repressiyalar-davam-edir\\\/#primaryimage\"},\"image\":{\"@id\":\"https:\\\/\\\/www.meydan.tv\\\/az\\\/article\\\/musfiqe-qarsi-repressiyalar-davam-edir\\\/#primaryimage\"},\"thumbnailUrl\":\"https:\\\/\\\/www.meydan.tv\\\/wp-content\\\/uploads\\\/31243.png\",\"datePublished\":\"2017-02-27T21:38:20+00:00\",\"breadcrumb\":{\"@id\":\"https:\\\/\\\/www.meydan.tv\\\/az\\\/article\\\/musfiqe-qarsi-repressiyalar-davam-edir\\\/#breadcrumb\"},\"inLanguage\":\"az\",\"potentialAction\":[{\"@type\":\"ReadAction\",\"target\":[\"https:\\\/\\\/www.meydan.tv\\\/az\\\/article\\\/musfiqe-qarsi-repressiyalar-davam-edir\\\/\"]}]},{\"@type\":\"ImageObject\",\"inLanguage\":\"az\",\"@id\":\"https:\\\/\\\/www.meydan.tv\\\/az\\\/article\\\/musfiqe-qarsi-repressiyalar-davam-edir\\\/#primaryimage\",\"url\":\"https:\\\/\\\/www.meydan.tv\\\/wp-content\\\/uploads\\\/31243.png\",\"contentUrl\":\"https:\\\/\\\/www.meydan.tv\\\/wp-content\\\/uploads\\\/31243.png\",\"width\":800,\"height\":450,\"caption\":\"Source:\"},{\"@type\":\"BreadcrumbList\",\"@id\":\"https:\\\/\\\/www.meydan.tv\\\/az\\\/article\\\/musfiqe-qarsi-repressiyalar-davam-edir\\\/#breadcrumb\",\"itemListElement\":[{\"@type\":\"ListItem\",\"position\":1,\"name\":\"Ana s\u0259hif\u0259\",\"item\":\"https:\\\/\\\/www.meydan.tv\\\/az\\\/\"},{\"@type\":\"ListItem\",\"position\":2,\"name\":\"Video\",\"item\":\"https:\\\/\\\/www.meydan.tv\\\/az\\\/section\\\/video-2\\\/\"},{\"@type\":\"ListItem\",\"position\":3,\"name\":\"&#8221;M\u00fc\u015ffiq\u0259 qar\u015f\u0131 repressiyalar davam edir&#8221;\"}]},{\"@type\":\"WebSite\",\"@id\":\"https:\\\/\\\/www.meydan.tv\\\/az\\\/#website\",\"url\":\"https:\\\/\\\/www.meydan.tv\\\/az\\\/\",\"name\":\"MEYDAN.TV\",\"description\":\"Meydan TV Az\u0259rbaycan\u0131n media m\u0259kan\u0131ndak\u0131 alternativ s\u0259sidir\",\"publisher\":{\"@id\":\"https:\\\/\\\/www.meydan.tv\\\/az\\\/#organization\"},\"potentialAction\":[{\"@type\":\"SearchAction\",\"target\":{\"@type\":\"EntryPoint\",\"urlTemplate\":\"https:\\\/\\\/www.meydan.tv\\\/az\\\/?s={search_term_string}\"},\"query-input\":{\"@type\":\"PropertyValueSpecification\",\"valueRequired\":true,\"valueName\":\"search_term_string\"}}],\"inLanguage\":\"az\"},{\"@type\":\"Organization\",\"@id\":\"https:\\\/\\\/www.meydan.tv\\\/az\\\/#organization\",\"name\":\"Meydan TV\",\"url\":\"https:\\\/\\\/www.meydan.tv\\\/az\\\/\",\"logo\":{\"@type\":\"ImageObject\",\"inLanguage\":\"az\",\"@id\":\"https:\\\/\\\/www.meydan.tv\\\/az\\\/#\\\/schema\\\/logo\\\/image\\\/\",\"url\":\"https:\\\/\\\/www.meydan.tv\\\/wp-content\\\/uploads\\\/2021\\\/07\\\/meydan-logo.svg\",\"contentUrl\":\"https:\\\/\\\/www.meydan.tv\\\/wp-content\\\/uploads\\\/2021\\\/07\\\/meydan-logo.svg\",\"width\":195,\"height\":46,\"caption\":\"Meydan TV\"},\"image\":{\"@id\":\"https:\\\/\\\/www.meydan.tv\\\/az\\\/#\\\/schema\\\/logo\\\/image\\\/\"}},{\"@type\":\"Person\",\"@id\":\"https:\\\/\\\/www.meydan.tv\\\/az\\\/#\\\/schema\\\/person\\\/10d11eccf6da3662cf5fdab9806ea91a\",\"name\":\"user-manager\"}]}<\/script>\n<!-- \/ Yoast SEO plugin. -->","yoast_head_json":{"title":"''M\u00fc\u015ffiq\u0259 qar\u015f\u0131 repressiyalar davam edir'' - MEYDAN.TV","robots":{"index":"index","follow":"follow","max-snippet":"max-snippet:-1","max-image-preview":"max-image-preview:large","max-video-preview":"max-video-preview:-1"},"canonical":"https:\/\/www.meydan.tv\/az\/article\/musfiqe-qarsi-repressiyalar-davam-edir\/","og_locale":"az_AZ","og_type":"article","og_title":"''M\u00fc\u015ffiq\u0259 qar\u015f\u0131 repressiyalar davam edir'' - MEYDAN.TV","og_description":"Nazirlik: Mikay\u0131l M\u00fc\u015ffiqin heyk\u0259li raz\u0131l\u0131\u011f\u0131m\u0131z olmadan g\u00f6t\u00fcr\u00fcl\u00fcb","og_url":"https:\/\/www.meydan.tv\/az\/article\/musfiqe-qarsi-repressiyalar-davam-edir\/","og_site_name":"MEYDAN.TV","article_published_time":"2017-02-27T21:38:20+00:00","og_image":[{"width":800,"height":450,"url":"https:\/\/www.meydan.tv\/wp-content\/uploads\/31243.png","type":"image\/png"}],"author":"user-manager","twitter_card":"summary_large_image","schema":{"@context":"https:\/\/schema.org","@graph":[{"@type":"Article","@id":"https:\/\/www.meydan.tv\/az\/article\/musfiqe-qarsi-repressiyalar-davam-edir\/#article","isPartOf":{"@id":"https:\/\/www.meydan.tv\/az\/article\/musfiqe-qarsi-repressiyalar-davam-edir\/"},"author":{"name":"user-manager","@id":"https:\/\/www.meydan.tv\/az\/#\/schema\/person\/10d11eccf6da3662cf5fdab9806ea91a"},"headline":"&#8221;M\u00fc\u015ffiq\u0259 qar\u015f\u0131 repressiyalar davam edir&#8221;","datePublished":"2017-02-27T21:38:20+00:00","mainEntityOfPage":{"@id":"https:\/\/www.meydan.tv\/az\/article\/musfiqe-qarsi-repressiyalar-davam-edir\/"},"wordCount":220,"publisher":{"@id":"https:\/\/www.meydan.tv\/az\/#organization"},"image":{"@id":"https:\/\/www.meydan.tv\/az\/article\/musfiqe-qarsi-repressiyalar-davam-edir\/#primaryimage"},"thumbnailUrl":"https:\/\/www.meydan.tv\/wp-content\/uploads\/31243.png","articleSection":["Video"],"inLanguage":"az"},{"@type":"WebPage","@id":"https:\/\/www.meydan.tv\/az\/article\/musfiqe-qarsi-repressiyalar-davam-edir\/","url":"https:\/\/www.meydan.tv\/az\/article\/musfiqe-qarsi-repressiyalar-davam-edir\/","name":"''M\u00fc\u015ffiq\u0259 qar\u015f\u0131 repressiyalar davam edir'' - MEYDAN.TV","isPartOf":{"@id":"https:\/\/www.meydan.tv\/az\/#website"},"primaryImageOfPage":{"@id":"https:\/\/www.meydan.tv\/az\/article\/musfiqe-qarsi-repressiyalar-davam-edir\/#primaryimage"},"image":{"@id":"https:\/\/www.meydan.tv\/az\/article\/musfiqe-qarsi-repressiyalar-davam-edir\/#primaryimage"},"thumbnailUrl":"https:\/\/www.meydan.tv\/wp-content\/uploads\/31243.png","datePublished":"2017-02-27T21:38:20+00:00","breadcrumb":{"@id":"https:\/\/www.meydan.tv\/az\/article\/musfiqe-qarsi-repressiyalar-davam-edir\/#breadcrumb"},"inLanguage":"az","potentialAction":[{"@type":"ReadAction","target":["https:\/\/www.meydan.tv\/az\/article\/musfiqe-qarsi-repressiyalar-davam-edir\/"]}]},{"@type":"ImageObject","inLanguage":"az","@id":"https:\/\/www.meydan.tv\/az\/article\/musfiqe-qarsi-repressiyalar-davam-edir\/#primaryimage","url":"https:\/\/www.meydan.tv\/wp-content\/uploads\/31243.png","contentUrl":"https:\/\/www.meydan.tv\/wp-content\/uploads\/31243.png","width":800,"height":450,"caption":"Source:"},{"@type":"BreadcrumbList","@id":"https:\/\/www.meydan.tv\/az\/article\/musfiqe-qarsi-repressiyalar-davam-edir\/#breadcrumb","itemListElement":[{"@type":"ListItem","position":1,"name":"Ana s\u0259hif\u0259","item":"https:\/\/www.meydan.tv\/az\/"},{"@type":"ListItem","position":2,"name":"Video","item":"https:\/\/www.meydan.tv\/az\/section\/video-2\/"},{"@type":"ListItem","position":3,"name":"&#8221;M\u00fc\u015ffiq\u0259 qar\u015f\u0131 repressiyalar davam edir&#8221;"}]},{"@type":"WebSite","@id":"https:\/\/www.meydan.tv\/az\/#website","url":"https:\/\/www.meydan.tv\/az\/","name":"MEYDAN.TV","description":"Meydan TV Az\u0259rbaycan\u0131n media m\u0259kan\u0131ndak\u0131 alternativ s\u0259sidir","publisher":{"@id":"https:\/\/www.meydan.tv\/az\/#organization"},"potentialAction":[{"@type":"SearchAction","target":{"@type":"EntryPoint","urlTemplate":"https:\/\/www.meydan.tv\/az\/?s={search_term_string}"},"query-input":{"@type":"PropertyValueSpecification","valueRequired":true,"valueName":"search_term_string"}}],"inLanguage":"az"},{"@type":"Organization","@id":"https:\/\/www.meydan.tv\/az\/#organization","name":"Meydan TV","url":"https:\/\/www.meydan.tv\/az\/","logo":{"@type":"ImageObject","inLanguage":"az","@id":"https:\/\/www.meydan.tv\/az\/#\/schema\/logo\/image\/","url":"https:\/\/www.meydan.tv\/wp-content\/uploads\/2021\/07\/meydan-logo.svg","contentUrl":"https:\/\/www.meydan.tv\/wp-content\/uploads\/2021\/07\/meydan-logo.svg","width":195,"height":46,"caption":"Meydan TV"},"image":{"@id":"https:\/\/www.meydan.tv\/az\/#\/schema\/logo\/image\/"}},{"@type":"Person","@id":"https:\/\/www.meydan.tv\/az\/#\/schema\/person\/10d11eccf6da3662cf5fdab9806ea91a","name":"user-manager"}]}},"_links":{"self":[{"href":"https:\/\/www.meydan.tv\/az\/wp-json\/wp\/v2\/posts\/182858","targetHints":{"allow":["GET"]}}],"collection":[{"href":"https:\/\/www.meydan.tv\/az\/wp-json\/wp\/v2\/posts"}],"about":[{"href":"https:\/\/www.meydan.tv\/az\/wp-json\/wp\/v2\/types\/post"}],"author":[{"embeddable":true,"href":"https:\/\/www.meydan.tv\/az\/wp-json\/wp\/v2\/users\/11"}],"replies":[{"embeddable":true,"href":"https:\/\/www.meydan.tv\/az\/wp-json\/wp\/v2\/comments?post=182858"}],"version-history":[{"count":0,"href":"https:\/\/www.meydan.tv\/az\/wp-json\/wp\/v2\/posts\/182858\/revisions"}],"wp:featuredmedia":[{"embeddable":true,"href":"https:\/\/www.meydan.tv\/az\/wp-json\/wp\/v2\/media\/80107"}],"wp:attachment":[{"href":"https:\/\/www.meydan.tv\/az\/wp-json\/wp\/v2\/media?parent=182858"}],"wp:term":[{"taxonomy":"category","embeddable":true,"href":"https:\/\/www.meydan.tv\/az\/wp-json\/wp\/v2\/categories?post=182858"},{"taxonomy":"post_tag","embeddable":true,"href":"https:\/\/www.meydan.tv\/az\/wp-json\/wp\/v2\/tags?post=182858"}],"curies":[{"name":"wp","href":"https:\/\/api.w.org\/{rel}","templated":true}]}}