{"id":182812,"date":"2017-02-26T13:52:41","date_gmt":"2017-02-26T13:52:41","guid":{"rendered":"https:\/\/www.meydan.tv\/article\/bomba-qeder-tehlukeli-muellimler\/"},"modified":"2017-02-26T13:52:41","modified_gmt":"2017-02-26T13:52:41","slug":"bomba-qeder-tehlukeli-muellimler","status":"publish","type":"post","link":"https:\/\/www.meydan.tv\/az\/article\/bomba-qeder-tehlukeli-muellimler\/","title":{"rendered":"Bomba q\u0259d\u0259r t\u0259hl\u00fck\u0259li m\u00fc\u0259lliml\u0259r"},"content":{"rendered":"<p>\n  T\u00fcrkiy\u0259 Cumhuriyy\u0259tinin banisi Atat\u00fcrk deyirdi: \u201cM\u00fc\u0259llim bir \u015fama b\u0259nz\u0259r,\u00f6z\u00fcn\u00fc \u0259rid\u0259r\u0259k ba\u015fqalar\u0131na i\u015f\u0131q ver\u0259r\u201d.\n<\/p>\n<p>\n  \u00a0H\u0259qiq\u0259t\u0259n m\u00fc\u0259llimlik m\u00fcq\u0259dd\u0259s pe\u015f\u0259dir. Bir n\u0259f\u0259r bilgil\u0259rini, d\u00fc\u015f\u00fcnc\u0259l\u0259rini v\u0259 enerjisini onlarla v\u0259 y\u00fczl\u0259rl\u0259 insanlarla b\u00f6l\u00fc\u015f\u0259r\u0259k, h\u0259min \u015f\u0259xsl\u0259rin formala\u015fmas\u0131na, yeti\u015fm\u0259sin\u0259 nail olur. N\u0259tic\u0259d\u0259 o \u015f\u0259xsl\u0259r, bir m\u00fc\u0259llimin v\u0259 ya m\u00fc\u0259lliml\u0259rin yaratd\u0131\u011f\u0131 t\u0259sir g\u00fcc\u00fc il\u0259 sabah c\u0259miyy\u0259td\u0259, ail\u0259 i\u00e7ind\u0259 v\u0259 h\u0259tta ictimaiyy\u0259t daxilind\u0259 bel\u0259 m\u00fch\u00fcm, sanball\u0131, \u00f6z m\u00fcsb\u0259t keyfiyy\u0259tl\u0259ri v\u0259 bilgil\u0259ri il\u0259 xeyirli insan olub, m\u00fcsb\u0259t imic yarada bil\u0259rl\u0259r.\n<\/p>\n<p>\n  B\u0259li, \u0259g\u0259r c\u0259miyy\u0259ti t\u0259\u015fkil ed\u0259n insanlar\u0131n \u00e7oxu a\u011f\u0131ll\u0131 v\u0259 savadl\u0131d\u0131rsa, o, \u00f6lk\u0259 inki\u015faf etmi\u015f \u00f6lk\u0259 say\u0131l\u0131r. \u0130nki\u015faf etmi\u015f \u00f6lk\u0259l\u0259rd\u0259ki insanlar daha m\u0259d\u0259ni, daha \u00e7ox imkan v\u0259 resursa malik olmaqla yana\u015f\u0131, h\u0259m d\u0259 uzun\u00f6m\u00fcrl\u00fc, sa\u011flam olurlar. S\u00f6hb\u0259t t\u0259bii ki, b\u00f6y\u00fck \u00e7oxluqdan gedir.\n<\/p>\n<p>\n  \u0130ndi bir d\u0259 bunun \u0259ksini d\u00fc\u015f\u00fcn\u00fcn! Bir \u00f6lk\u0259d\u0259ki m\u00fc\u0259lliml\u0259rin \u0259ks\u0259riyy\u0259tinin \u00f6z\u00fc az bilgili v\u0259 savad sar\u0131dan kas\u0131bd\u0131larsa, o zaman, h\u0259min m\u00fc\u0259lliml\u0259rin \u201cyeti\u015fdirdiyi\u201d \u015fagirdl\u0259rd\u0259n ibar\u0259t y\u00fczminl\u0259r, sabah n\u0259 q\u0259d\u0259r gerid\u0259qalm\u0131\u015f, m\u0259d\u0259niyy\u0259tsiz v\u0259 \u0259n \u0259sas savads\u0131z insanlar\u0131n \u00e7oxluq t\u0259\u015fkil etdiyi c\u0259miyy\u0259tin bir hiss\u0259si olacaqlar. H\u0259min eyb\u0259c\u0259r m\u0259nz\u0259r\u0259ni t\u0259s\u0259vv\u00fcr etm\u0259k he\u00e7 d\u0259 \u00e7\u0259tin deyil.\n<\/p>\n<p>\n  C\u0259miyy\u0259tin simas\u0131 m\u0259nfi obrazla g\u00f6z \u00f6n\u00fcn\u0259 g\u0259tirilirs\u0259 v\u0259 m\u0259d\u0259niyy\u0259tsiz, \u015f\u0259xsiyy\u0259tsiz insanlar c\u0259miyy\u0259td\u0259 \u00e7oxdursa, dem\u0259k ki, o \u00f6lk\u0259nin ad\u0131n\u0131n yan\u0131na, \u00fcmumiyy\u0259tl\u0259, \u201cinki\u015faf\u201d s\u00f6z\u00fcn\u00fc yazmaq olduqca g\u00fclm\u0259li v\u0259 bir o q\u0259d\u0259r d\u0259 absurddur. Bu yerd\u0259 m\u00fcq\u0259dd\u0259slik yerini cahilliy\u0259 \u00f6t\u00fcr\u00fcr. Bel\u0259 hal is\u0259 insanl\u0131q \u00fc\u00e7\u00fcn t\u0259hl\u00fck\u0259 m\u0259nb\u0259yi hesab olunur. Burda da t\u0259bii ki, s\u00f6hb\u0259t b\u00f6y\u00fck \u00e7oxluqdan gedir.\n<\/p>\n<p>\n  Bu yax\u0131nda yax\u0131n bir tan\u0131\u015f\u0131m m\u0259n\u0259 universitetd\u0259ki qrup yolda\u015f\u0131n\u0131n qar\u015f\u0131la\u015fd\u0131\u011f\u0131 d\u0259h\u015f\u0259tli bir hadis\u0259d\u0259n dan\u0131\u015fd\u0131. Dem\u0259li, t\u0259l\u0259b\u0259 olmaqla yana\u015f\u0131 h\u0259m d\u0259 repetitor m\u00fc\u0259llim\u0259 kimi f\u0259aliyy\u0259t g\u00f6st\u0259r\u0259n h\u0259min q\u0131z, evin\u0259 g\u0259l\u0259n ibtidai sinif \u015fagirdinin aln\u0131n\u0131n ortas\u0131nda g\u00f6z\u0259\u00e7arpan \u015f\u0259kild\u0259 q\u0131rm\u0131z\u0131 q\u0259l\u0259ml\u0259 yaz\u0131lm\u0131\u015f \u201c2\u201d r\u0259q\u0259mini g\u00f6r\u00fcr. D\u0259h\u015f\u0259t\u0259 g\u0259l\u0259n q\u0131z u\u015faqdan bunu kimin etdiyini \u00f6yr\u0259nir. S\u0259n dem\u0259, bu iyr\u0259nc h\u0259r\u0259k\u0259ti h\u0259min azya\u015fl\u0131 u\u015fa\u011f\u0131n ibtidai sinif m\u00fc\u0259llim\u0259si d\u0259rsi bilm\u0259diyin\u0259 g\u00f6r\u0259 edibmi\u015f.\n<\/p>\n<p>\n  Hadis\u0259ni e\u015fid\u0259nd\u0259 \u015foka d\u00fc\u015fd\u00fcm. H\u0259min s\u0259hn\u0259 g\u00f6z \u00f6n\u00fcmd\u0259 canland\u0131 v\u0259 sanki ba\u015f\u0131mdan qaynar su t\u00f6kd\u00fcl\u0259r. Bu s\u0259tirl\u0259ri yazark\u0259n bel\u0259 hadis\u0259nin a\u011f\u0131rl\u0131\u011f\u0131 v\u0259 m\u0259nfi t\u0259siri m\u0259ni \u00e7ox m\u0259yus edir. \u0130krah hissi yaradan bu t\u00fck\u00fcrp\u0259rdici olay\u0131n s\u0259b\u0259bkar\u0131na \u015fidd\u0259tli c\u0259za veril\u0259rk\u0259n o an\u0131 q\u00fcrur v\u0259 m\u0259mnun bax\u0131\u015flarla izl\u0259m\u0259k ke\u00e7ir \u00fcr\u0259yimd\u0259n.\n<\/p>\n<p>\n  Hadis\u0259nin ard\u0131n\u0131 yaz\u0131m. Repetitor m\u00fc\u0259llim\u0259, ilk olaraq bu bar\u0259d\u0259 \u015fagirdinin anas\u0131 il\u0259 s\u00f6hb\u0259t edir. Valideyn is\u0259 bilgisiz v\u0259 d\u00fc\u015f\u00fcnc\u0259siz fa\u011f\u0131r\u0131n biri \u00e7\u0131x\u0131r. \u00d6z \u00f6vlad\u0131n\u0131 m\u00fcdafi\u0259 bel\u0259 ed\u0259 bilm\u0259y\u0259n &#8211; cahil!\n<\/p>\n<p>\n  G\u0259nc m\u00fc\u0259llim\u0259 vaxt itirm\u0259d\u0259n \u015fagirdinin ba\u015f\u0131na oyun g\u0259tirilmi\u015f m\u0259kt\u0259b\u0259 gedir v\u0259 birba\u015fa direktorla g\u00f6r\u00fc\u015f\u00fcr. Hadis\u0259ni n\u0259ql etdikd\u0259n sonra el\u0259 h\u0259min \u015fagirdin i\u015ftirak\u0131 il\u0259 m\u00fc\u0259llim\u0259 ora \u00e7a\u011f\u0131r\u0131l\u0131r v\u0259 t\u00f6hm\u0259t al\u0131r. H\u0259min m\u00fc\u0259llim\u0259nin c\u0259zas\u0131 sad\u0259c\u0259 ictimai \u015f\u0259kild\u0259 \u201c\u00fczr ist\u0259m\u0259kl\u0259\u201d yekunla\u015f\u0131r. Bu da bunlar\u0131n \u201c\u0259dal\u0259ti\u201d.. T\u0259bii ki, ba\u015fqa \u00f6lk\u0259 olsayd\u0131 h\u0259min m\u00fc\u0259llim\u0259ni pe\u015f\u0259sind\u0259n bird\u0259f\u0259lik uzaqla\u015fd\u0131rmaqla b\u0259rab\u0259r, \u0259n az\u0131 m\u00fc\u0259yy\u0259n pul v\u0259 ya h\u0259bs c\u0259zas\u0131 il\u0259 d\u0259 \u201cqiym\u0259tl\u0259ndir\u0259rdil\u0259r\u201d.\n<\/p>\n<p>\n  Ba\u015fqa bir tan\u0131\u015f\u0131m m\u0259kt\u0259bl\u0259rd\u0259n birind\u0259ki i\u015f t\u0259cr\u00fcb\u0259sind\u0259 dan\u0131\u015f\u0131r. Ordak\u0131 hadis\u0259l\u0259rd\u0259n d\u0259 q\u0131saca yaz\u0131m. Dem\u0259li, t\u0259cr\u00fcb\u0259sini z\u0259nginl\u0259\u015fdirm\u0259y\u0259 g\u0259l\u0259n g\u0259l\u0259c\u0259yin m\u00fc\u0259llim\u0259si d\u0259rs dey\u0259n m\u00fc\u0259llim\u0259nin birinci sinif \u015fagirdl\u0259ril\u0259 kobud v\u0259 qeyri-etik davrand\u0131\u011f\u0131n\u0131 g\u00f6r\u00fcr. M\u00fc\u0259llim\u0259, azya\u015fl\u0131 u\u015faqlara heyvan adlar\u0131 il\u0259 xitab etm\u0259kl\u0259 yana\u015f\u0131, h\u0259l\u0259 u\u015faqlar\u0131 vururmu\u015f da. Bu hal dig\u0259r a\u015fa\u011f\u0131 ya\u015f qrupuna daxil olan sinifl\u0259rd\u0259 d\u0259 ya\u015fan\u0131r. Y\u0259ni dig\u0259r sinifl\u0259rd\u0259ki m\u00fc\u0259lliml\u0259r d\u0259 o g\u00fcnd\u0259dil\u0259r..\n<\/p>\n<p>\n  O c\u00fcr idbar hadis\u0259l\u0259r\u0259 v\u0259 haqs\u0131zl\u0131qlar qar\u015f\u0131s\u0131nda niy\u0259 susdu\u011funu v\u0259 t\u0259pki verm\u0259diyini soru\u015fanda, h\u0259min q\u0131z m\u0259n\u0259 bel\u0259 cavab verdi: \u201cS\u0259simi \u00e7\u0131xarsayd\u0131m, m\u00fc\u0259llim\u0259 il\u0259 aram pozulacaq v\u0259 yekunda m\u0259nim i\u015f t\u0259cr\u00fcb\u0259mi qiym\u0259tl\u0259ndir\u0259nd\u0259 bal\u0131m\u0131 k\u0259s\u0259c\u0259kdi\u201d.\n<\/p>\n<p>\n  Cavabdak\u0131 laqeydliy\u0259, k\u00f6l\u0259liy\u0259 d\u00f6z\u0259 bilm\u0259yib, o adama s\u0259rt \u015f\u0259kild\u0259\u00a0 \u201cs\u0259n vicdans\u0131zsan v\u0259 bil ki, n\u0259 vaxtsa s\u0259nin d\u0259 u\u015fa\u011f\u0131n olacaq v\u0259 m\u0259kt\u0259b\u0259 ged\u0259nd\u0259 m\u00fc\u0259llim\u0259si onunla o \u015f\u0259kild\u0259 davranacaq\u201d &#8211; dedim.\n<\/p>\n<p>\n  \u018fslind\u0259 bel\u0259 laqeydsizliyin k\u00f6k\u00fc ail\u0259y\u0259 gedib \u00e7\u0131x\u0131r. Despotik v\u0259 qapal\u0131 ail\u0259d\u0259 b\u00f6y\u00fcy\u0259n o q\u0131z\u0131n he\u00e7 vaxt evin i\u00e7ind\u0259 s\u00f6z haqq\u0131 olmay\u0131b. Bir \u00e7ox d\u0259y\u0259r qorxu v\u0259 qeyri-m\u00fc\u0259yy\u0259n \u015f\u0259kild\u0259 a\u015f\u0131lan\u0131b v\u0259 g\u0259lib bu formaya \u00e7\u0131x\u0131b. \u018flb\u0259tt\u0259, el\u0259 \u015f\u0259xsl\u0259rin c\u0259sar\u0259ti olmayacaq. El\u0259l\u0259ri n\u0259inki ba\u015fqalar\u0131 \u0259zil\u0259nd\u0259 v\u0259 haqq\u0131 tapdananda reaksiya verm\u0259y\u0259 \u00e7\u0259kin\u0259c\u0259k, h\u0259m\u00e7inin do\u011fru \u015f\u0259kild\u0259 \u00f6z\u00fcn\u00fc m\u00fcdafi\u0259 etm\u0259yi bel\u0259 bacarmayacaqlar.\n<\/p>\n<p>\n  M\u00fc\u0259lliml\u0259rimiz u\u015faqlar\u0131, y\u0259ni bizim g\u0259l\u0259c\u0259yimizi bel\u0259 \u015f\u0259kild\u0259 yeti\u015fdirirs\u0259, sabahlar\u0131m\u0131z nec\u0259 olacaq? O u\u015faqlar\u0131n \u00e7oxu sabah psixopat olacaq. B\u0259dbin proqnoz verm\u0259yi v\u0259 ya pessimist d\u00fc\u015f\u00fcnc\u0259d\u0259 olma\u011f\u0131 xo\u015flamasam da, bel\u0259 t\u0259\u015f\u0259kk\u00fcl tapan c\u0259miyy\u0259t bomba q\u0259d\u0259r t\u0259hl\u00fck\u0259li g\u00f6r\u00fcn\u00fcr m\u0259n\u0259. Allah ax\u0131r\u0131m\u0131z\u0131 xeyir el\u0259sin!<\/p>\n","protected":false},"excerpt":{"rendered":"<p>O u\u015faqlar\u0131n \u00e7oxu sabah psixopat olacaq.<\/p>\n","protected":false},"author":11,"featured_media":79999,"comment_status":"closed","ping_status":"open","sticky":false,"template":"","format":"standard","meta":{"_acf_changed":false,"_sitemap_exclude":false,"_sitemap_priority":"","_sitemap_frequency":"","footnotes":""},"categories":[57],"tags":[],"class_list":["post-182812","post","type-post","status-publish","format-standard","has-post-thumbnail","hentry","category-menim-fikrimce","infinite-scroll-item","generate-columns","tablet-grid-50","mobile-grid-100","grid-parent","grid-33","no-featured-image-padding"],"acf":[],"yoast_head":"<!-- This site is optimized with the Yoast SEO plugin v27.5 - https:\/\/yoast.com\/product\/yoast-seo-wordpress\/ -->\n<title>Bomba q\u0259d\u0259r t\u0259hl\u00fck\u0259li m\u00fc\u0259lliml\u0259r - MEYDAN.TV<\/title>\n<meta name=\"robots\" content=\"index, follow, max-snippet:-1, max-image-preview:large, max-video-preview:-1\" \/>\n<link rel=\"canonical\" href=\"https:\/\/www.meydan.tv\/az\/article\/bomba-qeder-tehlukeli-muellimler\/\" \/>\n<meta property=\"og:locale\" content=\"az_AZ\" \/>\n<meta property=\"og:type\" content=\"article\" \/>\n<meta property=\"og:title\" content=\"Bomba q\u0259d\u0259r t\u0259hl\u00fck\u0259li m\u00fc\u0259lliml\u0259r - MEYDAN.TV\" \/>\n<meta property=\"og:description\" content=\"O u\u015faqlar\u0131n \u00e7oxu sabah psixopat olacaq.\" \/>\n<meta property=\"og:url\" content=\"https:\/\/www.meydan.tv\/az\/article\/bomba-qeder-tehlukeli-muellimler\/\" \/>\n<meta property=\"og:site_name\" content=\"MEYDAN.TV\" \/>\n<meta property=\"article:published_time\" content=\"2017-02-26T13:52:41+00:00\" \/>\n<meta property=\"og:image\" content=\"https:\/\/www.meydan.tv\/wp-content\/uploads\/31209.jpg\" \/>\n\t<meta property=\"og:image:width\" content=\"1334\" \/>\n\t<meta property=\"og:image:height\" content=\"1000\" \/>\n\t<meta property=\"og:image:type\" content=\"image\/jpeg\" \/>\n<meta name=\"author\" content=\"user-manager\" \/>\n<meta name=\"twitter:card\" content=\"summary_large_image\" \/>\n<script type=\"application\/ld+json\" class=\"yoast-schema-graph\">{\"@context\":\"https:\\\/\\\/schema.org\",\"@graph\":[{\"@type\":\"Article\",\"@id\":\"https:\\\/\\\/www.meydan.tv\\\/az\\\/article\\\/bomba-qeder-tehlukeli-muellimler\\\/#article\",\"isPartOf\":{\"@id\":\"https:\\\/\\\/www.meydan.tv\\\/az\\\/article\\\/bomba-qeder-tehlukeli-muellimler\\\/\"},\"author\":{\"name\":\"user-manager\",\"@id\":\"https:\\\/\\\/www.meydan.tv\\\/az\\\/#\\\/schema\\\/person\\\/10d11eccf6da3662cf5fdab9806ea91a\"},\"headline\":\"Bomba q\u0259d\u0259r t\u0259hl\u00fck\u0259li m\u00fc\u0259lliml\u0259r\",\"datePublished\":\"2017-02-26T13:52:41+00:00\",\"mainEntityOfPage\":{\"@id\":\"https:\\\/\\\/www.meydan.tv\\\/az\\\/article\\\/bomba-qeder-tehlukeli-muellimler\\\/\"},\"wordCount\":1173,\"publisher\":{\"@id\":\"https:\\\/\\\/www.meydan.tv\\\/az\\\/#organization\"},\"image\":{\"@id\":\"https:\\\/\\\/www.meydan.tv\\\/az\\\/article\\\/bomba-qeder-tehlukeli-muellimler\\\/#primaryimage\"},\"thumbnailUrl\":\"https:\\\/\\\/www.meydan.tv\\\/wp-content\\\/uploads\\\/31209.jpg\",\"articleSection\":[\"M\u0259nim Fikrimc\u0259\"],\"inLanguage\":\"az\"},{\"@type\":\"WebPage\",\"@id\":\"https:\\\/\\\/www.meydan.tv\\\/az\\\/article\\\/bomba-qeder-tehlukeli-muellimler\\\/\",\"url\":\"https:\\\/\\\/www.meydan.tv\\\/az\\\/article\\\/bomba-qeder-tehlukeli-muellimler\\\/\",\"name\":\"Bomba q\u0259d\u0259r t\u0259hl\u00fck\u0259li m\u00fc\u0259lliml\u0259r - MEYDAN.TV\",\"isPartOf\":{\"@id\":\"https:\\\/\\\/www.meydan.tv\\\/az\\\/#website\"},\"primaryImageOfPage\":{\"@id\":\"https:\\\/\\\/www.meydan.tv\\\/az\\\/article\\\/bomba-qeder-tehlukeli-muellimler\\\/#primaryimage\"},\"image\":{\"@id\":\"https:\\\/\\\/www.meydan.tv\\\/az\\\/article\\\/bomba-qeder-tehlukeli-muellimler\\\/#primaryimage\"},\"thumbnailUrl\":\"https:\\\/\\\/www.meydan.tv\\\/wp-content\\\/uploads\\\/31209.jpg\",\"datePublished\":\"2017-02-26T13:52:41+00:00\",\"breadcrumb\":{\"@id\":\"https:\\\/\\\/www.meydan.tv\\\/az\\\/article\\\/bomba-qeder-tehlukeli-muellimler\\\/#breadcrumb\"},\"inLanguage\":\"az\",\"potentialAction\":[{\"@type\":\"ReadAction\",\"target\":[\"https:\\\/\\\/www.meydan.tv\\\/az\\\/article\\\/bomba-qeder-tehlukeli-muellimler\\\/\"]}]},{\"@type\":\"ImageObject\",\"inLanguage\":\"az\",\"@id\":\"https:\\\/\\\/www.meydan.tv\\\/az\\\/article\\\/bomba-qeder-tehlukeli-muellimler\\\/#primaryimage\",\"url\":\"https:\\\/\\\/www.meydan.tv\\\/wp-content\\\/uploads\\\/31209.jpg\",\"contentUrl\":\"https:\\\/\\\/www.meydan.tv\\\/wp-content\\\/uploads\\\/31209.jpg\",\"width\":1334,\"height\":1000,\"caption\":\"Source:\"},{\"@type\":\"BreadcrumbList\",\"@id\":\"https:\\\/\\\/www.meydan.tv\\\/az\\\/article\\\/bomba-qeder-tehlukeli-muellimler\\\/#breadcrumb\",\"itemListElement\":[{\"@type\":\"ListItem\",\"position\":1,\"name\":\"Ana s\u0259hif\u0259\",\"item\":\"https:\\\/\\\/www.meydan.tv\\\/az\\\/\"},{\"@type\":\"ListItem\",\"position\":2,\"name\":\"M\u0259nim Fikrimc\u0259\",\"item\":\"https:\\\/\\\/www.meydan.tv\\\/az\\\/section\\\/menim-fikrimce\\\/\"},{\"@type\":\"ListItem\",\"position\":3,\"name\":\"Bomba q\u0259d\u0259r t\u0259hl\u00fck\u0259li m\u00fc\u0259lliml\u0259r\"}]},{\"@type\":\"WebSite\",\"@id\":\"https:\\\/\\\/www.meydan.tv\\\/az\\\/#website\",\"url\":\"https:\\\/\\\/www.meydan.tv\\\/az\\\/\",\"name\":\"MEYDAN.TV\",\"description\":\"Meydan TV Az\u0259rbaycan\u0131n media m\u0259kan\u0131ndak\u0131 alternativ s\u0259sidir\",\"publisher\":{\"@id\":\"https:\\\/\\\/www.meydan.tv\\\/az\\\/#organization\"},\"potentialAction\":[{\"@type\":\"SearchAction\",\"target\":{\"@type\":\"EntryPoint\",\"urlTemplate\":\"https:\\\/\\\/www.meydan.tv\\\/az\\\/?s={search_term_string}\"},\"query-input\":{\"@type\":\"PropertyValueSpecification\",\"valueRequired\":true,\"valueName\":\"search_term_string\"}}],\"inLanguage\":\"az\"},{\"@type\":\"Organization\",\"@id\":\"https:\\\/\\\/www.meydan.tv\\\/az\\\/#organization\",\"name\":\"Meydan TV\",\"url\":\"https:\\\/\\\/www.meydan.tv\\\/az\\\/\",\"logo\":{\"@type\":\"ImageObject\",\"inLanguage\":\"az\",\"@id\":\"https:\\\/\\\/www.meydan.tv\\\/az\\\/#\\\/schema\\\/logo\\\/image\\\/\",\"url\":\"https:\\\/\\\/www.meydan.tv\\\/wp-content\\\/uploads\\\/2021\\\/07\\\/meydan-logo.svg\",\"contentUrl\":\"https:\\\/\\\/www.meydan.tv\\\/wp-content\\\/uploads\\\/2021\\\/07\\\/meydan-logo.svg\",\"width\":195,\"height\":46,\"caption\":\"Meydan TV\"},\"image\":{\"@id\":\"https:\\\/\\\/www.meydan.tv\\\/az\\\/#\\\/schema\\\/logo\\\/image\\\/\"}},{\"@type\":\"Person\",\"@id\":\"https:\\\/\\\/www.meydan.tv\\\/az\\\/#\\\/schema\\\/person\\\/10d11eccf6da3662cf5fdab9806ea91a\",\"name\":\"user-manager\"}]}<\/script>\n<!-- \/ Yoast SEO plugin. -->","yoast_head_json":{"title":"Bomba q\u0259d\u0259r t\u0259hl\u00fck\u0259li m\u00fc\u0259lliml\u0259r - MEYDAN.TV","robots":{"index":"index","follow":"follow","max-snippet":"max-snippet:-1","max-image-preview":"max-image-preview:large","max-video-preview":"max-video-preview:-1"},"canonical":"https:\/\/www.meydan.tv\/az\/article\/bomba-qeder-tehlukeli-muellimler\/","og_locale":"az_AZ","og_type":"article","og_title":"Bomba q\u0259d\u0259r t\u0259hl\u00fck\u0259li m\u00fc\u0259lliml\u0259r - MEYDAN.TV","og_description":"O u\u015faqlar\u0131n \u00e7oxu sabah psixopat olacaq.","og_url":"https:\/\/www.meydan.tv\/az\/article\/bomba-qeder-tehlukeli-muellimler\/","og_site_name":"MEYDAN.TV","article_published_time":"2017-02-26T13:52:41+00:00","og_image":[{"width":1334,"height":1000,"url":"https:\/\/www.meydan.tv\/wp-content\/uploads\/31209.jpg","type":"image\/jpeg"}],"author":"user-manager","twitter_card":"summary_large_image","schema":{"@context":"https:\/\/schema.org","@graph":[{"@type":"Article","@id":"https:\/\/www.meydan.tv\/az\/article\/bomba-qeder-tehlukeli-muellimler\/#article","isPartOf":{"@id":"https:\/\/www.meydan.tv\/az\/article\/bomba-qeder-tehlukeli-muellimler\/"},"author":{"name":"user-manager","@id":"https:\/\/www.meydan.tv\/az\/#\/schema\/person\/10d11eccf6da3662cf5fdab9806ea91a"},"headline":"Bomba q\u0259d\u0259r t\u0259hl\u00fck\u0259li m\u00fc\u0259lliml\u0259r","datePublished":"2017-02-26T13:52:41+00:00","mainEntityOfPage":{"@id":"https:\/\/www.meydan.tv\/az\/article\/bomba-qeder-tehlukeli-muellimler\/"},"wordCount":1173,"publisher":{"@id":"https:\/\/www.meydan.tv\/az\/#organization"},"image":{"@id":"https:\/\/www.meydan.tv\/az\/article\/bomba-qeder-tehlukeli-muellimler\/#primaryimage"},"thumbnailUrl":"https:\/\/www.meydan.tv\/wp-content\/uploads\/31209.jpg","articleSection":["M\u0259nim Fikrimc\u0259"],"inLanguage":"az"},{"@type":"WebPage","@id":"https:\/\/www.meydan.tv\/az\/article\/bomba-qeder-tehlukeli-muellimler\/","url":"https:\/\/www.meydan.tv\/az\/article\/bomba-qeder-tehlukeli-muellimler\/","name":"Bomba q\u0259d\u0259r t\u0259hl\u00fck\u0259li m\u00fc\u0259lliml\u0259r - MEYDAN.TV","isPartOf":{"@id":"https:\/\/www.meydan.tv\/az\/#website"},"primaryImageOfPage":{"@id":"https:\/\/www.meydan.tv\/az\/article\/bomba-qeder-tehlukeli-muellimler\/#primaryimage"},"image":{"@id":"https:\/\/www.meydan.tv\/az\/article\/bomba-qeder-tehlukeli-muellimler\/#primaryimage"},"thumbnailUrl":"https:\/\/www.meydan.tv\/wp-content\/uploads\/31209.jpg","datePublished":"2017-02-26T13:52:41+00:00","breadcrumb":{"@id":"https:\/\/www.meydan.tv\/az\/article\/bomba-qeder-tehlukeli-muellimler\/#breadcrumb"},"inLanguage":"az","potentialAction":[{"@type":"ReadAction","target":["https:\/\/www.meydan.tv\/az\/article\/bomba-qeder-tehlukeli-muellimler\/"]}]},{"@type":"ImageObject","inLanguage":"az","@id":"https:\/\/www.meydan.tv\/az\/article\/bomba-qeder-tehlukeli-muellimler\/#primaryimage","url":"https:\/\/www.meydan.tv\/wp-content\/uploads\/31209.jpg","contentUrl":"https:\/\/www.meydan.tv\/wp-content\/uploads\/31209.jpg","width":1334,"height":1000,"caption":"Source:"},{"@type":"BreadcrumbList","@id":"https:\/\/www.meydan.tv\/az\/article\/bomba-qeder-tehlukeli-muellimler\/#breadcrumb","itemListElement":[{"@type":"ListItem","position":1,"name":"Ana s\u0259hif\u0259","item":"https:\/\/www.meydan.tv\/az\/"},{"@type":"ListItem","position":2,"name":"M\u0259nim Fikrimc\u0259","item":"https:\/\/www.meydan.tv\/az\/section\/menim-fikrimce\/"},{"@type":"ListItem","position":3,"name":"Bomba q\u0259d\u0259r t\u0259hl\u00fck\u0259li m\u00fc\u0259lliml\u0259r"}]},{"@type":"WebSite","@id":"https:\/\/www.meydan.tv\/az\/#website","url":"https:\/\/www.meydan.tv\/az\/","name":"MEYDAN.TV","description":"Meydan TV Az\u0259rbaycan\u0131n media m\u0259kan\u0131ndak\u0131 alternativ s\u0259sidir","publisher":{"@id":"https:\/\/www.meydan.tv\/az\/#organization"},"potentialAction":[{"@type":"SearchAction","target":{"@type":"EntryPoint","urlTemplate":"https:\/\/www.meydan.tv\/az\/?s={search_term_string}"},"query-input":{"@type":"PropertyValueSpecification","valueRequired":true,"valueName":"search_term_string"}}],"inLanguage":"az"},{"@type":"Organization","@id":"https:\/\/www.meydan.tv\/az\/#organization","name":"Meydan TV","url":"https:\/\/www.meydan.tv\/az\/","logo":{"@type":"ImageObject","inLanguage":"az","@id":"https:\/\/www.meydan.tv\/az\/#\/schema\/logo\/image\/","url":"https:\/\/www.meydan.tv\/wp-content\/uploads\/2021\/07\/meydan-logo.svg","contentUrl":"https:\/\/www.meydan.tv\/wp-content\/uploads\/2021\/07\/meydan-logo.svg","width":195,"height":46,"caption":"Meydan TV"},"image":{"@id":"https:\/\/www.meydan.tv\/az\/#\/schema\/logo\/image\/"}},{"@type":"Person","@id":"https:\/\/www.meydan.tv\/az\/#\/schema\/person\/10d11eccf6da3662cf5fdab9806ea91a","name":"user-manager"}]}},"_links":{"self":[{"href":"https:\/\/www.meydan.tv\/az\/wp-json\/wp\/v2\/posts\/182812","targetHints":{"allow":["GET"]}}],"collection":[{"href":"https:\/\/www.meydan.tv\/az\/wp-json\/wp\/v2\/posts"}],"about":[{"href":"https:\/\/www.meydan.tv\/az\/wp-json\/wp\/v2\/types\/post"}],"author":[{"embeddable":true,"href":"https:\/\/www.meydan.tv\/az\/wp-json\/wp\/v2\/users\/11"}],"replies":[{"embeddable":true,"href":"https:\/\/www.meydan.tv\/az\/wp-json\/wp\/v2\/comments?post=182812"}],"version-history":[{"count":0,"href":"https:\/\/www.meydan.tv\/az\/wp-json\/wp\/v2\/posts\/182812\/revisions"}],"wp:featuredmedia":[{"embeddable":true,"href":"https:\/\/www.meydan.tv\/az\/wp-json\/wp\/v2\/media\/79999"}],"wp:attachment":[{"href":"https:\/\/www.meydan.tv\/az\/wp-json\/wp\/v2\/media?parent=182812"}],"wp:term":[{"taxonomy":"category","embeddable":true,"href":"https:\/\/www.meydan.tv\/az\/wp-json\/wp\/v2\/categories?post=182812"},{"taxonomy":"post_tag","embeddable":true,"href":"https:\/\/www.meydan.tv\/az\/wp-json\/wp\/v2\/tags?post=182812"}],"curies":[{"name":"wp","href":"https:\/\/api.w.org\/{rel}","templated":true}]}}