{"id":182770,"date":"2017-02-24T17:21:47","date_gmt":"2017-02-24T17:21:47","guid":{"rendered":"https:\/\/www.meydan.tv\/article\/olkeden-koc-edenler\/"},"modified":"2017-02-24T17:21:47","modified_gmt":"2017-02-24T17:21:47","slug":"olkeden-koc-edenler","status":"publish","type":"post","link":"https:\/\/www.meydan.tv\/az\/article\/olkeden-koc-edenler\/","title":{"rendered":"\u00d6lk\u0259d\u0259n k\u00f6\u00e7 ed\u0259nl\u0259r"},"content":{"rendered":"<figure class=\"wp-block-image size-large\">\n  <img decoding=\"async\" src=\"https:\/\/www.meydan.tv\/az\/bilal-hesenov\/\" alt=\"Bilal H\u0259s\u0259nov\" class=\"wp-image-56235\"\/><figcaption>\n    Bilal H\u0259s\u0259nov<br \/>\n  <\/figcaption><\/figure>\n<p>\n  Ayr\u0131larm\u0131 k\u00f6n\u00fcl candan,<br \/>\n  <br \/>\n  Qoparm\u0131 he\u00e7, m\u0259mur kreslodan&#8230;\n<\/p>\n<p>\n  (xalq yarad\u0131c\u0131l\u0131\u011f\u0131, internetd\u0259n se\u00e7m\u0259l\u0259r)\n<\/p>\n<p>\n  Bu arada, indiki hakimiyy\u0259tin samball\u0131 fiquru say\u0131lan n\u0259qliyyat naziri kreslosundan ayr\u0131ld\u0131. M\u0259lum \u015f\u0259xs k\u00f6hn\u0259 qvardiya aras\u0131nda babat \u00e7\u0259kiy\u0259 malik idi. H\u0259r\u00e7\u0259nd ki, opportunist m\u0259mur v\u0259 keyfiyy\u0259tli kreslo ayr\u0131l\u0131\u011f\u0131 camaatm\u0131z\u0131n d\u0259rdi-s\u0259rin azaltm\u0131r, buna r\u0259\u011fm\u0259n mill\u0259t bir h\u0259ft\u0259 sevinm\u0259y\u0259 macal tapd\u0131. Lakin d\u00fc\u015f\u00fcn\u00fcr\u0259m ki, bu m\u0259s\u0259l\u0259d\u0259 xalq\u0131n sevinci yersiz idi.\n<\/p>\n<p>\n  \u00c7\u00fcnki Mahmudovun, \u018fbiyevin, M\u0259rdanovun, \u018fl\u0259kb\u0259rovun getm\u0259si il\u0259 n\u0259 d\u0259yi\u015fdi? Tam do\u011fru. He\u00e7 n\u0259! Onsuz da, dala davaml\u0131 nazir kreslosu t\u0259nha qalan deyil, \u00e7\u00fcnki bu \u00f6lk\u0259d\u0259 kims\u0259sizlik ancaq v\u0259t\u0259nda\u015fa m\u0259xsusdur. Bir ton sosial problemli, i\u015fsiz, pulsuz, h\u00fcquqsuz, i\u015fiqs\u0131z, qazs\u0131z v\u0259 n\u0259hay\u0259t, yiy\u0259siz az\u0259rbaycanl\u0131ya.\n<\/p>\n<p>\n  Amma \u00f6lk\u0259d\u0259 kreslodan ged\u0259n t\u0259kc\u0259 m\u0259mur deyil. M\u0259s\u0259l\u0259n, d\u00f6vl\u0259t b\u00fcdc\u0259sind\u0259n pul da babat gedir. H\u0259m d\u0259 ged\u0259n pul, m\u0259mur kimi, l\u00fczumsuz, faydas\u0131z yerd\u0259yi\u015fm\u0259 edir. G\u0259r\u0259ksiz idman oyunlar\u0131, konsertl\u0259r, parklar, m\u0259rm\u0259r bardyurlar. \u00dcmumiyy\u0259tl\u0259, bu \u00f6lk\u0259d\u0259 r\u00fc\u015fv\u0259t, m\u0259mur, kreslo sinonim s\u00f6zl\u0259rdir. H\u0259r \u00fc\u00e7\u00fc bir-biri il\u0259 s\u0131x ba\u011fl\u0131d\u0131r. Nec\u0259 dey\u0259rl\u0259r m\u00fcq\u0259dd\u0259s \u00fc\u00e7l\u00fck. V\u0259t\u0259nda\u015f is\u0259 h\u0259qiq\u0259t\u0259n d\u00f6z\u00fclm\u0259z d\u0259r\u0259c\u0259d\u0259 t\u0259nhad\u0131r. \u00d6z\u00fc d\u0259 bu \u00e7ox pis t\u0259nhal\u0131qd\u0131r.\n<\/p>\n<p>\n  \u0130nsanlar\u0131 intihara, d\u0259lixanalara, zirz\u0259mil\u0259r\u0259 qovur. Bu t\u0259nhal\u0131q bu g\u00fcn, d\u00fcn\u0259n do\u011fulmay\u0131b, bu 25 ilin t\u0259nhal\u0131\u011f\u0131d\u0131r. Bizim qarda\u015f t\u0259nhad\u0131r, biz h\u0259r birimiz mill\u0259t olaraq t\u0259nhay\u0131q, eyni \u00f6lk\u0259d\u0259, \u015f\u0259h\u0259rd\u0259 ya\u015fasaq bel\u0259, ayr\u0131-ayr\u0131l\u0131qda t\u0259nha v\u0259 acizik. Adam\u0131n do\u011fuldu\u011fu, b\u00f6y\u00fcd\u00fcy\u00fc, ya\u015fad\u0131\u011f\u0131 \u00f6lk\u0259d\u0259 \u00f6z\u00fcn\u00fc acizan\u0259 hiss etm\u0259yi faci\u0259dir. Permament davam ed\u0259n bu hal gec-tez insan\u0131 ya intihara, ya \u00f6lk\u0259d\u0259n qa\u00e7ma\u011fa vadar edir.\n<\/p>\n<p>\n  &#8220;M\u0259n bu b\u0259db\u0259xt \u00f6lk\u0259ni sevir\u0259m, \u00e7\u00fcnki ayr\u0131s\u0131n\u0131 g\u00f6rm\u0259mi\u015f\u0259m&#8221;. ( N. Mandel\u015ftam)\n<\/p>\n<p>\n  B\u0259yl\u0259r, raz\u0131la\u015f\u0131n, indi \u00f6lk\u0259mizd\u0259 b\u00f6y\u00fck k\u00f6\u00e7 ba\u015flay\u0131b. M\u00fcst\u0259qillik d\u00f6n\u0259mind\u0259n bu g\u00fcn\u0259 q\u0259d\u0259r az\u0259rbaycanl\u0131lar bel\u0259 h\u0259cmd\u0259 \u00f6lk\u0259d\u0259n k\u00f6\u00e7m\u00fcrd\u00fcl\u0259r. Cahan yarand\u0131\u011f\u0131 g\u00fcnd\u0259n insanlar qa\u00e7\u0131rlar, miqrasiya edirl\u0259r, m\u00fchacir olurlar. M\u0259s\u0259l\u0259n, quqenotlar Fransadan Lyudovikin \u0259lind\u0259n, protestantlar Zal\u00e7burqdan, y\u0259hudil\u0259r is\u0259 Pol\u015fadan qa\u00e7\u0131rd\u0131lar.<br \/>\n  <br \/>\n  V\u0259t\u0259nda\u015f\u0131n ya\u015fad\u0131\u011f\u0131 diyar\u0131n\u0131 t\u0259rk etm\u0259si bir \u00e7ox halda ba\u015f ver\u0259 bil\u0259r. M\u00fcharib\u0259, dini ekstremizm, irq\u00e7ilik, seksual t\u0259cav\u00fcz. Az\u0259rbaycanda b\u00fct\u00fcn hallarda bu \u00fcns\u00fcr yekdir, sars\u0131lmazd\u0131r v\u0259 \u0259b\u0259didir. Bu, indiki siyasi sistemdir. \u0130ndi soracaqs\u0131n\u0131z ki, yen\u0259 hakimiyy\u0259t? Yen\u0259 sistem? N\u0259 verib ala bilmirsiz bunlardan? D\u0259rd odur da, he\u00e7 n\u0259 ala bilmirik. N\u0259 ist\u0259yirik?\n<\/p>\n<p>\n  &#8220;\u015e\u0259rikli \u00e7\u00f6r\u0259k&#8221; filminin ba\u015f q\u0259hr\u0259man\u0131 Vaqif demi\u015fk\u0259n, \u00f6z \u00e7\u00f6r\u0259yimizi ist\u0259yirik, \u00f6z \u00e7\u00f6r\u0259yimizi. R\u0259is v\u0259 m\u00fc\u0259llim y\u0131\u011f\u0131n\u0131 korrupsiya il\u0259 silahlan\u0131b, insanlar\u0131n ya\u015fay\u0131\u015f hal\u0131n d\u00f6z\u00fclm\u0259z edibl\u0259r. H\u0259r ikinci adam bu \u00f6lk\u0259d\u0259n qa\u00e7maq ist\u0259yir. H\u0259m d\u0259 t\u0259k yox, n\u0259sillikc\u0259, ail\u0259likc\u0259, birlikd\u0259, \u00f6m\u00fcrl\u00fck. Camaat \u0259mlak\u0131n\u0131, olan-qalan\u0131n\u0131 sat\u0131b, min yolla aradan \u00e7\u0131x\u0131r.\n<\/p>\n<p>\n  H\u0259l\u0259 m\u0259n m\u00fchacir statusu il\u0259 spekulyasiya ed\u0259n f\u0131r\u0131ldaq\u00e7\u0131lar\u0131 demir\u0259m. Avropada, Kanadada, Amerikada, Avstraliyada oturum almaq, i\u015f tapmaq ad\u0131 il\u0259 mill\u0259ti aldad\u0131b ev-e\u015fiyin satd\u0131r\u0131rlar. \u0130qtidara m\u00fcxalif partiyalarda b\u0259zi adamlar \u00fczv\u00fcl\u00fck kart\u0131 alveri edir, m\u00fcxalif\u0259t qazetl\u0259rind\u0259 xaltura yaz\u0131lar d\u0259rc etm\u0259kl\u0259 adi adamlardan pul qopard\u0131rlar. Guya bu yolla insanlar Avropada oturum alacaq, firavan, \u015fad v\u0259 x\u00fcrr\u0259m ya\u015fayacaqlar.\n<\/p>\n<p>\n  M\u00fchacir olanlar aras\u0131nda ziyal\u0131lar, yarad\u0131c\u0131 insanlarda var. \u00c7\u00fcnki d\u00fc\u015f\u00fcn\u0259n v\u0259t\u0259nda\u015fa, yarad\u0131c\u0131 potensial\u0131 olana bu \u00f6lk\u0259d\u0259 ya\u015famaq ikiqat a\u011f\u0131rd\u0131r. Hakimiyy\u0259t yarad\u0131c\u0131 insana \u0259n az\u0131ndan estetik diskomfort yarad\u0131r. \u015eair Brodski demi\u015fk\u0259n, m\u0259nim sovet hakimiyy\u0259ti il\u0259 yaln\u0131z estetik f\u0259rqim var. Bu is\u0259 mill\u0259tin genofonduna tutarl\u0131 z\u0259rb\u0259dir. Az\u0259rbaycanl\u0131lar bunu art\u0131q bir d\u0259f\u0259 37-d\u0259 ya\u015fay\u0131blar. \u0130ndi is\u0259 dey\u0259s\u0259n yenid\u0259n, k\u00f6hn\u0259, amma azca humanist variantda biz\u0259 yeridill\u0259r.\n<\/p>\n<p>\n  &#8220;&#8230;\u0259g\u0259r cismim xalq\u0131ma g\u0259r\u0259k deyils\u0259, onda dem\u0259k ruhum laz\u0131m olacaq&#8221;.\n<\/p>\n<p>\n  (&#8230;m\u00fchacir\u0259t \u00f6nc\u0259si \u0130. Brodskinin L.Brejnev\u0259 m\u0259ktubundan)\n<\/p>\n<p>\n  Brodski demi\u015fk\u0259n, yax\u015f\u0131 yad\u0131ma d\u00fc\u015fd\u00fc, bizim m\u0259d\u0259niyy\u0259t, akademik \u00e7evr\u0259 adamlar\u0131n\u0131n \u00f6lk\u0259d\u0259n m\u00fchacir\u0259t etm\u0259si b\u0259nd\u0259niz\u0259 Sovetl\u0259rin 60-c\u0131 ill\u0259rin sonun xat\u0131rlad\u0131r.\n<\/p>\n<p>\n  B\u0259li, qeyri-r\u0259smi &#8220;\u043e\u0442\u0442\u0435\u043f\u0435\u043b\u044c&#8221; adlanan, distalinizm, \u015f\u0259xsiyy\u0259t\u0259 p\u0259r\u0259sti\u015fin if\u015fa edilm\u0259si, soyuq m\u00fcharib\u0259 v\u0259 Xru\u015fovun BMT-nin assambleyas\u0131nda \u00e7\u0259km\u0259sin \u00e7\u0131xard\u0131b k\u00fcrs\u00fcy\u0259 vurdu\u011fu d\u00f6vr\u00fcn sonlar\u0131n.\n<\/p>\n<p>\n  Bir s\u00f6zl\u0259, sosializmin insan simas\u0131 ald\u0131\u011f\u0131 zaman\u0131n bitm\u0259si. Brejnevin hakimiyy\u0259t\u0259 g\u0259lm\u0259si il\u0259 SSR\u0130-d\u0259n minl\u0259rl\u0259 ziyal\u0131, yaz\u0131\u00e7\u0131, musiqi\u00e7i, r\u0259ssam, \u015fair, publisist, heyk\u0259lt\u0259ra\u015f m\u00fchacir\u0259t etmi\u015fdir. Tan\u0131nm\u0131\u015flardan Dovlatov, Brodski, Aksenov, \u015eemyaqin, Bar\u0131\u015fnikov, Soljenits\u0131n, Neznanskiy, Nekrasov, Efimov, Maramzin, Aryev, Voynovi\u00e7, Limonov, Sokolov, Ale\u015fkovskiy v\u0259 sair\u0259, sayd\u0131qca qurtarmaz.\n<\/p>\n<p>\n  Bu insanlar Sovetin siyasi sistemin\u0259, d\u00f6vl\u0259t qurulu\u015funa, m\u0259rk\u0259zi partiyaya, marksist-leninist ideologoyas\u0131na qar\u015f\u0131 idil\u0259r. H\u0259tta Dovlatov yaz\u0131rd\u0131 ki, m\u00fchacir, dissident olmaq art\u0131q publisist, yaz\u0131\u00e7\u0131 olmaqdan \u00fcst\u00fcnd\u00fcr. M\u00fchacirlik bir n\u00f6v d\u0259b hal\u0131n\u0131 alm\u0131\u015fd\u0131r.\n<\/p>\n<p>\n  M\u00fchacir-frans\u0131z s\u00f6z\u00fcd\u00fcr, &#8221; \u00f6lk\u0259sind\u0259n qovulan&#8221;-dem\u0259kdir.\n<\/p>\n<p>\n  Dissident-lat\u0131n s\u00f6z\u00fcd\u00fcr, &#8220;naraz\u0131 olmaq&#8221;-dem\u0259kdir. (Vikipediyadan q\u0131sa m\u0259lumat)\n<\/p>\n<p>\n  Amma Sovetd\u0259n qa\u00e7an insanlar, s\u0131\u011f\u0131nacaq ald\u0131\u011f\u0131 \u00f6lk\u0259d\u0259 h\u0259m d\u0259 dissidentlik edirdil\u0259r. Sonralar dissidentlik rus \u0259d\u0259biyyat\u0131na, m\u0259d\u0259niyy\u0259tin\u0259 b\u00f6y\u00fck t\u00f6hf\u0259 vermi\u015fdir.\n<\/p>\n<p>\n  Sovet is\u0259 \u00f6z\u00fcn\u00fcn senzura v\u0259 repressiya \u00fcsullar\u0131n\u0131 bizim indiki siyasi sistem\u0259 miras saxlad\u0131. He\u00e7 uza\u011fa getm\u0259y\u0259k. Misal \u00fc\u00e7\u00fcn g\u00f6t\u00fcr\u0259k Dovlatovu. Azadl\u0131q Radiosunda hekay\u0259si oxunduqdan c\u0259mi birc\u0259 h\u0259ft\u0259 sonra, el\u0259 k\u00fc\u00e7\u0259d\u0259c\u0259, Leninqrad\u0131n m\u0259rk\u0259zind\u0259, g\u00fcn\u00fcn-g\u00fcnorta \u00e7a\u011f\u0131 milisl\u0259r onu o\u011furlay\u0131b aparm\u0131\u015fd\u0131lar b\u00f6lm\u0259y\u0259. Orada d\u00f6y\u00fcb, t\u0259hqir edib, \u015f\u0259xsiyy\u0259tini al\u00e7ald\u0131b on be\u015f sutka vermi\u015fdil\u0259r. Dostlar\u0131 onun dal\u0131nca b\u00f6lm\u0259y\u0259 g\u0259ldikd\u0259, hadis\u0259nin nec\u0259 ba\u015f verdiyini \u00f6yr\u0259nib inanmam\u0131\u015fd\u0131lar. Protokolda Dovlatovun milis i\u015f\u00e7isini pill\u0259kanlardan a\u015fa\u011f\u0131 tullad\u0131\u011f\u0131 yaz\u0131lm\u0131\u015fd\u0131r. Dostlar\u0131 bu hadis\u0259nin h\u0259qiq\u0259t olmad\u0131\u011f\u0131n\u0131 dedikd\u0259, polis r\u0259isi &#8220;o, bunu ets\u0259 idi 6 il, bel\u0259 is\u0259 15 sutka vermi\u015fik&#8221; &#8211; demi\u015fdir.\n<\/p>\n<p>\n  Brodskini Sovet hakiml\u0259ri t\u0259mb\u0259llik, i\u015fsiz oldu\u011fu \u00fc\u00e7\u00fcn m\u00fchakim\u0259 edirdil\u0259r. Onu h\u0259bs etm\u0259mi\u015fd\u0259n qabaq psixoloji dispanser\u0259 salm\u0131\u015fd\u0131lar. Gec\u0259l\u0259r l\u00fct soyundurub, soyuq su il\u0259 dolu vannaya sal\u0131r, sonra a\u011f k\u0259f\u0259n\u0259 b\u00fcr\u00fcy\u0259r\u0259k s\u0259h\u0259r\u0259c\u0259n q\u0131zd\u0131r\u0131c\u0131 rodiatorun yan\u0131nda oturdurdular. K\u0259f\u0259n istid\u0259n quruyaraq, \u015fairin b\u0259d\u0259nin\u0259 yap\u0131\u015f\u0131r, ona k\u0259skin a\u011fr\u0131lar verirdi. O, orada ilk sars\u0131nt\u0131s\u0131n\u0131 alm\u0131\u015fd\u0131. \u00d6mr\u00fcn\u00fcn sonuna q\u0259d\u0259r stenokordiyadan \u0259ziyy\u0259t \u00e7\u0259kirdi.\n<\/p>\n<p>\n  Vasiliy Aksenovu sevdiyi xan\u0131m\u0131ndan istifad\u0259 ed\u0259r\u0259k davaya provokasiya etmi\u015fdil\u0259r. \u00dcz\u0259rin\u0259 yalan\u00e7\u0131, qurulmu\u015f \u00f6l\u00fcm i\u015fi as\u0131rd\u0131lar. Yaz\u0131\u00e7\u0131 \u0259s\u0259rini Fransada n\u0259\u015fr etdikd\u0259n sonra, onu Sovet v\u0259t\u0259nda\u015fl\u0131\u011f\u0131ndan \u00e7\u0131xard\u0131b, Amerikya qa\u00e7ma\u011fa icaz\u0259 verdil\u0259r.\n<\/p>\n<p>\n  B\u00fct\u00fcn bu olanlar, yaz\u0131lanlar bir daha avtoritar, totalitarizm\u0259 meyilli siyasi sisteml\u0259rin yanl\u0131\u015f yolda oldu\u011funun g\u00f6st\u0259ricisidir. Siyasi sisteml\u0259r insanlar\u0131 yurdlar\u0131ndan, obalar\u0131ndan, diyarlar\u0131ndan qova bil\u0259r, onlar\u0131 susma\u011fa, h\u0259qiq\u0259ti dem\u0259m\u0259y\u0259 vadar ed\u0259 bil\u0259r, dostlar\u0131n\u0131 satma\u011fa, agent i\u015fl\u0259m\u0259y\u0259 m\u0259cbur ed\u0259 bil\u0259r, qism\u0259n azadl\u0131qlar\u0131n \u0259lind\u0259n alar, amma onlar insanlar\u0131 yox ed\u0259 bilm\u0259zl\u0259r. \u0130nsan\u0131 m\u0259hv etm\u0259k olar, amma yox etm\u0259k m\u00fcmk\u00fcns\u00fczd\u00fcr.<br \/>\n  <br \/>\n  \u0130nsan olduqca naraz\u0131\u00e7\u0131l\u0131q olacaq, insan olduqca do\u011frunu s\u00f6yl\u0259m\u0259k ehtiyac\u0131 olacaq. Yuxar\u0131da adlar\u0131n yazd\u0131\u011f\u0131m dissident yaz\u0131\u00e7\u0131lar\u0131n \u0259ks\u0259riyy\u0259ti Sovet da\u011f\u0131landan sonra \u00f6z \u00f6lk\u0259l\u0259rin\u0259 qay\u0131d\u0131b g\u0259l\u0259c\u0259k siyasi hadis\u0259l\u0259rd\u0259 d\u0259 \u00f6z ziyal\u0131 m\u00f6vqel\u0259rini bildirmi\u015fdil\u0259r.\n<\/p>\n<p>\n  Paradoks, onlar\u0131 \u00f6lk\u0259d\u0259n qovan siyasi sistem da\u011f\u0131ld\u0131, o sistemin ba\u015f\u0131nda oturanlar\u0131 dig\u0259r siyasil\u0259r yedi, m\u0259hv etdi. Amma repressiya olunmu\u015f yazarlar, r\u0259ssamlar, musiqi\u00e7il\u0259r sa\u011f qald\u0131lar v\u0259 mill\u0259t\u0259 \u00f6z m\u0259d\u0259ni t\u00f6hf\u0259sini verdil\u0259r. Ya\u015fad\u0131lar, ya\u015fatd\u0131lar, bir d\u00f6vr\u00fcn tarixin yazd\u0131lar, yeni n\u0259sill\u0259r b\u00f6y\u00fctd\u00fcl\u0259r. Onlardan h\u0259m\u0259n n\u0259sil\u0259 y\u00fczl\u0259rl\u0259 film, \u0259s\u0259rl\u0259r miras qald\u0131.\n<\/p>\n<p>\n  Bu g\u00fcn bizim \u00f6lk\u0259d\u0259 b\u00f6y\u00fck k\u00f6\u00e7d\u00fcr. Bunun s\u0259b\u0259bi m\u0259lumdur. Dem\u0259zdim ki, bizim o d\u00f6vr rus yaz\u0131\u00e7\u0131lar\u0131 kimi dissidentl\u0259rimiz var. Amma insanlar\u0131m\u0131z yad \u00f6lk\u0259l\u0259rd\u0259 m\u0259sk\u0259n salaraq \u00f6vlad b\u00f6y\u00fcd\u0259c\u0259kl\u0259r. \u0130nsan t\u0259rbiy\u0259l\u0259ndir\u0259c\u0259kl\u0259r. Daha azad \u00f6lk\u0259d\u0259, v\u0259t\u0259nda\u015f maarifl\u0259ndir\u0259c\u0259kl\u0259r. Onlar m\u00fc\u0259yy\u0259n zamandan sonra \u00f6z v\u0259t\u0259nin\u0259, \u00f6lk\u0259sin\u0259 qay\u0131d\u0131b t\u00f6hf\u0259l\u0259rin ver\u0259c\u0259kl\u0259r. M\u0259n buna \u0259min\u0259m. Birc\u0259 \u0259mmadan savay\u0131. Bu gedi\u015fl\u0259 o vaxta bu \u00f6lk\u0259 qalsa.<\/p>\n","protected":false},"excerpt":{"rendered":"<p>Ayr\u0131larm\u0131 k\u00f6n\u00fcl candan<\/p>\n","protected":false},"author":11,"featured_media":56235,"comment_status":"closed","ping_status":"open","sticky":false,"template":"","format":"standard","meta":{"_acf_changed":false,"_sitemap_exclude":false,"_sitemap_priority":"","_sitemap_frequency":"","footnotes":""},"categories":[57],"tags":[],"class_list":["post-182770","post","type-post","status-publish","format-standard","has-post-thumbnail","hentry","category-menim-fikrimce","infinite-scroll-item","generate-columns","tablet-grid-50","mobile-grid-100","grid-parent","grid-33","no-featured-image-padding"],"acf":[],"yoast_head":"<!-- This site is optimized with the Yoast SEO plugin v27.5 - https:\/\/yoast.com\/product\/yoast-seo-wordpress\/ -->\n<title>\u00d6lk\u0259d\u0259n k\u00f6\u00e7 ed\u0259nl\u0259r - MEYDAN.TV<\/title>\n<meta name=\"robots\" content=\"index, follow, max-snippet:-1, max-image-preview:large, max-video-preview:-1\" \/>\n<link rel=\"canonical\" href=\"https:\/\/www.meydan.tv\/az\/article\/olkeden-koc-edenler\/\" \/>\n<meta property=\"og:locale\" content=\"az_AZ\" \/>\n<meta property=\"og:type\" content=\"article\" \/>\n<meta property=\"og:title\" content=\"\u00d6lk\u0259d\u0259n k\u00f6\u00e7 ed\u0259nl\u0259r - MEYDAN.TV\" \/>\n<meta property=\"og:description\" content=\"Ayr\u0131larm\u0131 k\u00f6n\u00fcl candan\" \/>\n<meta property=\"og:url\" content=\"https:\/\/www.meydan.tv\/az\/article\/olkeden-koc-edenler\/\" \/>\n<meta property=\"og:site_name\" content=\"MEYDAN.TV\" \/>\n<meta property=\"article:published_time\" content=\"2017-02-24T17:21:47+00:00\" \/>\n<meta property=\"og:image\" content=\"https:\/\/www.meydan.tv\/wp-content\/uploads\/21263.jpg\" \/>\n\t<meta property=\"og:image:width\" content=\"700\" \/>\n\t<meta property=\"og:image:height\" content=\"700\" \/>\n\t<meta property=\"og:image:type\" content=\"image\/jpeg\" \/>\n<meta name=\"author\" content=\"user-manager\" \/>\n<meta name=\"twitter:card\" content=\"summary_large_image\" \/>\n<script type=\"application\/ld+json\" class=\"yoast-schema-graph\">{\"@context\":\"https:\\\/\\\/schema.org\",\"@graph\":[{\"@type\":\"Article\",\"@id\":\"https:\\\/\\\/www.meydan.tv\\\/az\\\/article\\\/olkeden-koc-edenler\\\/#article\",\"isPartOf\":{\"@id\":\"https:\\\/\\\/www.meydan.tv\\\/az\\\/article\\\/olkeden-koc-edenler\\\/\"},\"author\":{\"name\":\"user-manager\",\"@id\":\"https:\\\/\\\/www.meydan.tv\\\/az\\\/#\\\/schema\\\/person\\\/10d11eccf6da3662cf5fdab9806ea91a\"},\"headline\":\"\u00d6lk\u0259d\u0259n k\u00f6\u00e7 ed\u0259nl\u0259r\",\"datePublished\":\"2017-02-24T17:21:47+00:00\",\"mainEntityOfPage\":{\"@id\":\"https:\\\/\\\/www.meydan.tv\\\/az\\\/article\\\/olkeden-koc-edenler\\\/\"},\"wordCount\":2026,\"publisher\":{\"@id\":\"https:\\\/\\\/www.meydan.tv\\\/az\\\/#organization\"},\"image\":{\"@id\":\"https:\\\/\\\/www.meydan.tv\\\/az\\\/article\\\/olkeden-koc-edenler\\\/#primaryimage\"},\"thumbnailUrl\":\"https:\\\/\\\/www.meydan.tv\\\/wp-content\\\/uploads\\\/21263.jpg\",\"articleSection\":[\"M\u0259nim Fikrimc\u0259\"],\"inLanguage\":\"az\"},{\"@type\":\"WebPage\",\"@id\":\"https:\\\/\\\/www.meydan.tv\\\/az\\\/article\\\/olkeden-koc-edenler\\\/\",\"url\":\"https:\\\/\\\/www.meydan.tv\\\/az\\\/article\\\/olkeden-koc-edenler\\\/\",\"name\":\"\u00d6lk\u0259d\u0259n k\u00f6\u00e7 ed\u0259nl\u0259r - MEYDAN.TV\",\"isPartOf\":{\"@id\":\"https:\\\/\\\/www.meydan.tv\\\/az\\\/#website\"},\"primaryImageOfPage\":{\"@id\":\"https:\\\/\\\/www.meydan.tv\\\/az\\\/article\\\/olkeden-koc-edenler\\\/#primaryimage\"},\"image\":{\"@id\":\"https:\\\/\\\/www.meydan.tv\\\/az\\\/article\\\/olkeden-koc-edenler\\\/#primaryimage\"},\"thumbnailUrl\":\"https:\\\/\\\/www.meydan.tv\\\/wp-content\\\/uploads\\\/21263.jpg\",\"datePublished\":\"2017-02-24T17:21:47+00:00\",\"breadcrumb\":{\"@id\":\"https:\\\/\\\/www.meydan.tv\\\/az\\\/article\\\/olkeden-koc-edenler\\\/#breadcrumb\"},\"inLanguage\":\"az\",\"potentialAction\":[{\"@type\":\"ReadAction\",\"target\":[\"https:\\\/\\\/www.meydan.tv\\\/az\\\/article\\\/olkeden-koc-edenler\\\/\"]}]},{\"@type\":\"ImageObject\",\"inLanguage\":\"az\",\"@id\":\"https:\\\/\\\/www.meydan.tv\\\/az\\\/article\\\/olkeden-koc-edenler\\\/#primaryimage\",\"url\":\"https:\\\/\\\/www.meydan.tv\\\/wp-content\\\/uploads\\\/21263.jpg\",\"contentUrl\":\"https:\\\/\\\/www.meydan.tv\\\/wp-content\\\/uploads\\\/21263.jpg\",\"width\":700,\"height\":700,\"caption\":\"Source:\"},{\"@type\":\"BreadcrumbList\",\"@id\":\"https:\\\/\\\/www.meydan.tv\\\/az\\\/article\\\/olkeden-koc-edenler\\\/#breadcrumb\",\"itemListElement\":[{\"@type\":\"ListItem\",\"position\":1,\"name\":\"Ana s\u0259hif\u0259\",\"item\":\"https:\\\/\\\/www.meydan.tv\\\/az\\\/\"},{\"@type\":\"ListItem\",\"position\":2,\"name\":\"M\u0259nim Fikrimc\u0259\",\"item\":\"https:\\\/\\\/www.meydan.tv\\\/az\\\/section\\\/menim-fikrimce\\\/\"},{\"@type\":\"ListItem\",\"position\":3,\"name\":\"\u00d6lk\u0259d\u0259n k\u00f6\u00e7 ed\u0259nl\u0259r\"}]},{\"@type\":\"WebSite\",\"@id\":\"https:\\\/\\\/www.meydan.tv\\\/az\\\/#website\",\"url\":\"https:\\\/\\\/www.meydan.tv\\\/az\\\/\",\"name\":\"MEYDAN.TV\",\"description\":\"Meydan TV Az\u0259rbaycan\u0131n media m\u0259kan\u0131ndak\u0131 alternativ s\u0259sidir\",\"publisher\":{\"@id\":\"https:\\\/\\\/www.meydan.tv\\\/az\\\/#organization\"},\"potentialAction\":[{\"@type\":\"SearchAction\",\"target\":{\"@type\":\"EntryPoint\",\"urlTemplate\":\"https:\\\/\\\/www.meydan.tv\\\/az\\\/?s={search_term_string}\"},\"query-input\":{\"@type\":\"PropertyValueSpecification\",\"valueRequired\":true,\"valueName\":\"search_term_string\"}}],\"inLanguage\":\"az\"},{\"@type\":\"Organization\",\"@id\":\"https:\\\/\\\/www.meydan.tv\\\/az\\\/#organization\",\"name\":\"Meydan TV\",\"url\":\"https:\\\/\\\/www.meydan.tv\\\/az\\\/\",\"logo\":{\"@type\":\"ImageObject\",\"inLanguage\":\"az\",\"@id\":\"https:\\\/\\\/www.meydan.tv\\\/az\\\/#\\\/schema\\\/logo\\\/image\\\/\",\"url\":\"https:\\\/\\\/www.meydan.tv\\\/wp-content\\\/uploads\\\/2021\\\/07\\\/meydan-logo.svg\",\"contentUrl\":\"https:\\\/\\\/www.meydan.tv\\\/wp-content\\\/uploads\\\/2021\\\/07\\\/meydan-logo.svg\",\"width\":195,\"height\":46,\"caption\":\"Meydan TV\"},\"image\":{\"@id\":\"https:\\\/\\\/www.meydan.tv\\\/az\\\/#\\\/schema\\\/logo\\\/image\\\/\"}},{\"@type\":\"Person\",\"@id\":\"https:\\\/\\\/www.meydan.tv\\\/az\\\/#\\\/schema\\\/person\\\/10d11eccf6da3662cf5fdab9806ea91a\",\"name\":\"user-manager\"}]}<\/script>\n<!-- \/ Yoast SEO plugin. -->","yoast_head_json":{"title":"\u00d6lk\u0259d\u0259n k\u00f6\u00e7 ed\u0259nl\u0259r - MEYDAN.TV","robots":{"index":"index","follow":"follow","max-snippet":"max-snippet:-1","max-image-preview":"max-image-preview:large","max-video-preview":"max-video-preview:-1"},"canonical":"https:\/\/www.meydan.tv\/az\/article\/olkeden-koc-edenler\/","og_locale":"az_AZ","og_type":"article","og_title":"\u00d6lk\u0259d\u0259n k\u00f6\u00e7 ed\u0259nl\u0259r - MEYDAN.TV","og_description":"Ayr\u0131larm\u0131 k\u00f6n\u00fcl candan","og_url":"https:\/\/www.meydan.tv\/az\/article\/olkeden-koc-edenler\/","og_site_name":"MEYDAN.TV","article_published_time":"2017-02-24T17:21:47+00:00","og_image":[{"width":700,"height":700,"url":"https:\/\/www.meydan.tv\/wp-content\/uploads\/21263.jpg","type":"image\/jpeg"}],"author":"user-manager","twitter_card":"summary_large_image","schema":{"@context":"https:\/\/schema.org","@graph":[{"@type":"Article","@id":"https:\/\/www.meydan.tv\/az\/article\/olkeden-koc-edenler\/#article","isPartOf":{"@id":"https:\/\/www.meydan.tv\/az\/article\/olkeden-koc-edenler\/"},"author":{"name":"user-manager","@id":"https:\/\/www.meydan.tv\/az\/#\/schema\/person\/10d11eccf6da3662cf5fdab9806ea91a"},"headline":"\u00d6lk\u0259d\u0259n k\u00f6\u00e7 ed\u0259nl\u0259r","datePublished":"2017-02-24T17:21:47+00:00","mainEntityOfPage":{"@id":"https:\/\/www.meydan.tv\/az\/article\/olkeden-koc-edenler\/"},"wordCount":2026,"publisher":{"@id":"https:\/\/www.meydan.tv\/az\/#organization"},"image":{"@id":"https:\/\/www.meydan.tv\/az\/article\/olkeden-koc-edenler\/#primaryimage"},"thumbnailUrl":"https:\/\/www.meydan.tv\/wp-content\/uploads\/21263.jpg","articleSection":["M\u0259nim Fikrimc\u0259"],"inLanguage":"az"},{"@type":"WebPage","@id":"https:\/\/www.meydan.tv\/az\/article\/olkeden-koc-edenler\/","url":"https:\/\/www.meydan.tv\/az\/article\/olkeden-koc-edenler\/","name":"\u00d6lk\u0259d\u0259n k\u00f6\u00e7 ed\u0259nl\u0259r - MEYDAN.TV","isPartOf":{"@id":"https:\/\/www.meydan.tv\/az\/#website"},"primaryImageOfPage":{"@id":"https:\/\/www.meydan.tv\/az\/article\/olkeden-koc-edenler\/#primaryimage"},"image":{"@id":"https:\/\/www.meydan.tv\/az\/article\/olkeden-koc-edenler\/#primaryimage"},"thumbnailUrl":"https:\/\/www.meydan.tv\/wp-content\/uploads\/21263.jpg","datePublished":"2017-02-24T17:21:47+00:00","breadcrumb":{"@id":"https:\/\/www.meydan.tv\/az\/article\/olkeden-koc-edenler\/#breadcrumb"},"inLanguage":"az","potentialAction":[{"@type":"ReadAction","target":["https:\/\/www.meydan.tv\/az\/article\/olkeden-koc-edenler\/"]}]},{"@type":"ImageObject","inLanguage":"az","@id":"https:\/\/www.meydan.tv\/az\/article\/olkeden-koc-edenler\/#primaryimage","url":"https:\/\/www.meydan.tv\/wp-content\/uploads\/21263.jpg","contentUrl":"https:\/\/www.meydan.tv\/wp-content\/uploads\/21263.jpg","width":700,"height":700,"caption":"Source:"},{"@type":"BreadcrumbList","@id":"https:\/\/www.meydan.tv\/az\/article\/olkeden-koc-edenler\/#breadcrumb","itemListElement":[{"@type":"ListItem","position":1,"name":"Ana s\u0259hif\u0259","item":"https:\/\/www.meydan.tv\/az\/"},{"@type":"ListItem","position":2,"name":"M\u0259nim Fikrimc\u0259","item":"https:\/\/www.meydan.tv\/az\/section\/menim-fikrimce\/"},{"@type":"ListItem","position":3,"name":"\u00d6lk\u0259d\u0259n k\u00f6\u00e7 ed\u0259nl\u0259r"}]},{"@type":"WebSite","@id":"https:\/\/www.meydan.tv\/az\/#website","url":"https:\/\/www.meydan.tv\/az\/","name":"MEYDAN.TV","description":"Meydan TV Az\u0259rbaycan\u0131n media m\u0259kan\u0131ndak\u0131 alternativ s\u0259sidir","publisher":{"@id":"https:\/\/www.meydan.tv\/az\/#organization"},"potentialAction":[{"@type":"SearchAction","target":{"@type":"EntryPoint","urlTemplate":"https:\/\/www.meydan.tv\/az\/?s={search_term_string}"},"query-input":{"@type":"PropertyValueSpecification","valueRequired":true,"valueName":"search_term_string"}}],"inLanguage":"az"},{"@type":"Organization","@id":"https:\/\/www.meydan.tv\/az\/#organization","name":"Meydan TV","url":"https:\/\/www.meydan.tv\/az\/","logo":{"@type":"ImageObject","inLanguage":"az","@id":"https:\/\/www.meydan.tv\/az\/#\/schema\/logo\/image\/","url":"https:\/\/www.meydan.tv\/wp-content\/uploads\/2021\/07\/meydan-logo.svg","contentUrl":"https:\/\/www.meydan.tv\/wp-content\/uploads\/2021\/07\/meydan-logo.svg","width":195,"height":46,"caption":"Meydan TV"},"image":{"@id":"https:\/\/www.meydan.tv\/az\/#\/schema\/logo\/image\/"}},{"@type":"Person","@id":"https:\/\/www.meydan.tv\/az\/#\/schema\/person\/10d11eccf6da3662cf5fdab9806ea91a","name":"user-manager"}]}},"_links":{"self":[{"href":"https:\/\/www.meydan.tv\/az\/wp-json\/wp\/v2\/posts\/182770","targetHints":{"allow":["GET"]}}],"collection":[{"href":"https:\/\/www.meydan.tv\/az\/wp-json\/wp\/v2\/posts"}],"about":[{"href":"https:\/\/www.meydan.tv\/az\/wp-json\/wp\/v2\/types\/post"}],"author":[{"embeddable":true,"href":"https:\/\/www.meydan.tv\/az\/wp-json\/wp\/v2\/users\/11"}],"replies":[{"embeddable":true,"href":"https:\/\/www.meydan.tv\/az\/wp-json\/wp\/v2\/comments?post=182770"}],"version-history":[{"count":0,"href":"https:\/\/www.meydan.tv\/az\/wp-json\/wp\/v2\/posts\/182770\/revisions"}],"wp:featuredmedia":[{"embeddable":true,"href":"https:\/\/www.meydan.tv\/az\/wp-json\/wp\/v2\/media\/56235"}],"wp:attachment":[{"href":"https:\/\/www.meydan.tv\/az\/wp-json\/wp\/v2\/media?parent=182770"}],"wp:term":[{"taxonomy":"category","embeddable":true,"href":"https:\/\/www.meydan.tv\/az\/wp-json\/wp\/v2\/categories?post=182770"},{"taxonomy":"post_tag","embeddable":true,"href":"https:\/\/www.meydan.tv\/az\/wp-json\/wp\/v2\/tags?post=182770"}],"curies":[{"name":"wp","href":"https:\/\/api.w.org\/{rel}","templated":true}]}}