{"id":182755,"date":"2017-02-24T11:29:27","date_gmt":"2017-02-24T11:29:27","guid":{"rendered":"https:\/\/www.meydan.tv\/article\/tehlukenin-icindeki-kend\/"},"modified":"2021-10-29T16:12:38","modified_gmt":"2021-10-29T12:12:38","slug":"tehlukenin-icindeki-kend","status":"publish","type":"post","link":"https:\/\/www.meydan.tv\/az\/article\/tehlukenin-icindeki-kend\/","title":{"rendered":"T\u0259hl\u00fck\u0259nin i\u00e7ind\u0259ki k\u0259nd"},"content":{"rendered":"<figure class=\"wp-block-image size-large\">\n  <img decoding=\"async\" src=\"https:\/\/www.meydan.tv\/az\/agdam-kend-sakini-mehdi-memmedov-taqaudcudur-dolanisiq-ucun-maldarliqla-ve-ekincilikle-mesgul-olur\/\" alt=\"A\u011fdam k\u0259nd sakini  Mehdi M\u0259mm\u0259dov taqa\u00fcd\u00e7\u00fcd\u00fcr . Dolan\u0131\u015f\u0131q \u00fc\u00e7\u00fcn maldarl\u0131qla v\u0259 \u0259kin\u00e7ilikl\u0259 m\u0259\u015f\u011ful olur\" class=\"wp-image-79858\"\/><figcaption>\n    A\u011fdam k\u0259nd sakini  Mehdi M\u0259mm\u0259dov taqa\u00fcd\u00e7\u00fcd\u00fcr . Dolan\u0131\u015f\u0131q \u00fc\u00e7\u00fcn maldarl\u0131qla v\u0259 \u0259kin\u00e7ilikl\u0259 m\u0259\u015f\u011ful olur<br \/>\n  <\/figcaption><\/figure>\n<p>\n  <i><br \/>\n    Tovuzun A\u011fdam k\u0259ndi c\u0259bh\u0259 x\u0259ttin\u0259 \u00e7ox yax\u0131n yerl\u0259\u015fir<br \/>\n  <\/i>\n<\/p>\n<p>\n  Rayonun \u0259n \u00e7\u0259tin ya\u015fay\u0131\u015f yerl\u0259rind\u0259n biridir.\n<\/p>\n<p>\n  \u015e\u0259h\u0259rin m\u0259rk\u0259zind\u0259n k\u0259nd\u0259 avtovus i\u015fl\u0259mir v\u0259 bu da \u015f\u0259h\u0259r m\u0259rk\u0259zin\u0259 getm\u0259k ist\u0259y\u0259n k\u0259ndlil\u0259r \u00fc\u00e7\u00fcn \u0259lav\u0259 \u00e7\u0259tinlik yarad\u0131r, baha ba\u015fa g\u0259lir. B\u0259zi k\u0259nd evl\u0259ri h\u0259rbi postlara \u00e7ox yax\u0131n yerl\u0259\u015fdiyind\u0259n bo\u015fald\u0131l\u0131b.\n<\/p>\n<p>\n  T\u0259hl\u00fckl\u0259ri m\u00f6vqed\u0259 yerl\u0259\u015fm\u0259sin\u0259 baxmayaraq, sakinl\u0259r k\u0259ndd\u0259 ya\u015fama\u011fa davam edirl\u0259r v\u0259 g\u00fcnd\u0259lik i\u015fl\u0259ri il\u0259 m\u0259\u015f\u011ful olurlar.\n<\/p>\n<figure class=\"wp-block-image size-large\">\n  <img decoding=\"async\" src=\"https:\/\/www.meydan.tv\/az\/agdam-kendinde-insanlar-qarli-qis-gunlerini-daha-cox-isti-sobanin-kenarinda-kecirirler\/\" alt=\"A\u011fdam k\u0259ndind\u0259 insanlar qarl\u0131 q\u0131\u015f g\u00fcnl\u0259rini daha \u00e7ox isti soban\u0131n k\u0259nar\u0131nda ke\u00e7irirl\u0259r\" class=\"wp-image-79846\"\/><figcaption>\n    A\u011fdam k\u0259ndind\u0259 insanlar qarl\u0131 q\u0131\u015f g\u00fcnl\u0259rini daha \u00e7ox isti soban\u0131n k\u0259nar\u0131nda ke\u00e7irirl\u0259r<br \/>\n  <\/figcaption><\/figure>\n<figure class=\"wp-block-image size-large\">\n  <img decoding=\"async\" src=\"https:\/\/www.meydan.tv\/az\/agdam-kendinin-icmeli-su-problemi-oldugundan-kendliler-suyu-uzaq-mesafede-yerlesen-arteziandan-getirirler\/\" alt=\"A\u011fdam k\u0259ndinin i\u00e7m\u0259li su problemi oldu\u011fundan k\u0259ndlil\u0259r suyu uzaq m\u0259saf\u0259d\u0259 yerl\u0259\u015f\u0259n arteziandan g\u0259tirirl\u0259r\" class=\"wp-image-79861\"\/><figcaption>\n    A\u011fdam k\u0259ndinin i\u00e7m\u0259li su problemi oldu\u011fundan k\u0259ndlil\u0259r suyu uzaq m\u0259saf\u0259d\u0259 yerl\u0259\u015f\u0259n arteziandan g\u0259tirirl\u0259r<br \/>\n  <\/figcaption><\/figure>\n<figure class=\"wp-block-image size-large\">\n  <img decoding=\"async\" src=\"https:\/\/www.meydan.tv\/az\/cumsud-tagizadenin-12-yasi-var-ve-agdam-kendinde-gulle-sesi-ile-yasamaga-oyresib\/\" alt=\"C\u00fcm\u015f\u00fcd Ta\u011f\u0131zad\u0259nin 12 ya\u015f\u0131 var v\u0259 A\u011fdam k\u0259ndind\u0259 g\u00fcll\u0259 s\u0259si il\u0259 ya\u015fama\u011fa \u00f6yr\u0259\u015fib\" class=\"wp-image-79852\"\/><figcaption>\n    C\u00fcm\u015f\u00fcd Ta\u011f\u0131zad\u0259nin 12 ya\u015f\u0131 var v\u0259 A\u011fdam k\u0259ndind\u0259 g\u00fcll\u0259 s\u0259si il\u0259 ya\u015fama\u011fa \u00f6yr\u0259\u015fib<br \/>\n  <\/figcaption><\/figure>\n<figure class=\"wp-block-image size-large\">\n  <img decoding=\"async\" src=\"https:\/\/www.meydan.tv\/az\/tovuzun-agdam-kendinin-genis-oyun-meydancalari-duzenlikleri-ermenistan-ordusu-terefinden-nezaretde-oldugu-ucun-usaqlar-bu-cur-yerlerde-oynayirlar\/\" alt=\"Tovuzun A\u011fdam k\u0259ndinin geni\u015f oyun meydan\u00e7alar\u0131, d\u00fcz\u0259nlikl\u0259ri Erm\u0259nistan ordusu t\u0259r\u0259find\u0259n n\u0259zar\u0259td\u0259 oldu\u011fu \u00fc\u00e7\u00fcn u\u015faqlar bu c\u00fcr yerl\u0259rd\u0259 oynay\u0131rlar\" class=\"wp-image-79855\"\/><figcaption>\n    Tovuzun A\u011fdam k\u0259ndinin geni\u015f oyun meydan\u00e7alar\u0131, d\u00fcz\u0259nlikl\u0259ri Erm\u0259nistan ordusu t\u0259r\u0259find\u0259n n\u0259zar\u0259td\u0259 oldu\u011fu \u00fc\u00e7\u00fcn u\u015faqlar bu c\u00fcr yerl\u0259rd\u0259 oynay\u0131rlar<br \/>\n  <\/figcaption><\/figure>\n<figure class=\"wp-block-image size-large\">\n  <img decoding=\"async\" src=\"https:\/\/www.meydan.tv\/az\/hesen-evin-boyuk-oglu-oldugundan-daha-agir-isleri-ozu-edir\/\" alt=\"H\u0259s\u0259n evin b\u00f6y\u00fck o\u011flu oldu\u011fundan daha a\u011f\u0131r i\u015fl\u0259ri \u00f6z\u00fc edir\" class=\"wp-image-79864\"\/><figcaption>\n    H\u0259s\u0259n evin b\u00f6y\u00fck o\u011flu oldu\u011fundan daha a\u011f\u0131r i\u015fl\u0259ri \u00f6z\u00fc edir<br \/>\n  <\/figcaption><\/figure>\n<figure class=\"wp-block-image size-large\">\n  <img decoding=\"async\" src=\"https:\/\/www.meydan.tv\/az\/razim-4-cu-sinifde-oxumasina-baxmayaraq-teserrufat-islerini-yaxsi-bacarir-ve-gelecekde-ali-tehsil-almaq-isteyir\/\" alt=\"Razim 4-c\u00fc sinifd\u0259 oxumas\u0131na baxmayaraq, t\u0259s\u0259rr\u00fcfat i\u015fl\u0259rini yax\u015f\u0131 bacar\u0131r v\u0259 g\u0259l\u0259c\u0259kd\u0259 ali t\u0259hsil almaq ist\u0259yir\" class=\"wp-image-79867\"\/><figcaption>\n    Razim 4-c\u00fc sinifd\u0259 oxumas\u0131na baxmayaraq, t\u0259s\u0259rr\u00fcfat i\u015fl\u0259rini yax\u015f\u0131 bacar\u0131r v\u0259 g\u0259l\u0259c\u0259kd\u0259 ali t\u0259hsil almaq ist\u0259yir<br \/>\n  <\/figcaption><\/figure>\n<figure class=\"wp-block-image size-large\">\n  <img decoding=\"async\" src=\"https:\/\/www.meydan.tv\/az\/hesen-9-cu-sinifde-oxuyur-teserrufat-islerinde-anasina-cox-komek-edir\/\" alt=\"H\u0259s\u0259n 9-cu sinifd\u0259 oxuyur, t\u0259s\u0259rr\u00fcfat i\u015fl\u0259rind\u0259 anas\u0131na \u00e7ox k\u00f6m\u0259k edir\" class=\"wp-image-79870\"\/><figcaption>\n    H\u0259s\u0259n 9-cu sinifd\u0259 oxuyur, t\u0259s\u0259rr\u00fcfat i\u015fl\u0259rind\u0259 anas\u0131na \u00e7ox k\u00f6m\u0259k edir<br \/>\n  <\/figcaption><\/figure>\n<figure class=\"wp-block-image size-large\">\n  <img decoding=\"async\" src=\"https:\/\/www.meydan.tv\/az\/namiq-suleymanov-kendin-ermenistanla-cetin-movqede-yerlesmesine-baxmayaraq-baliqciliq-edir-eyni-zamanda-maldarliqla-mesgul-olub-ailesine-baxir\/\" alt=\"Namiq Suleymanov k\u0259ndin Erm\u0259nistanla \u00e7\u0259tin m\u00f6vqed\u0259 yerl\u0259\u015fm\u0259sin\u0259 baxmayaraq bal\u0131q\u00e7\u0131l\u0131q edir, eyni zamanda maldarl\u0131qla m\u0259\u015f\u011ful olub ail\u0259sin\u0259 bax\u0131r\" class=\"wp-image-79873\"\/><figcaption>\n    Namiq Suleymanov k\u0259ndin Erm\u0259nistanla \u00e7\u0259tin m\u00f6vqed\u0259 yerl\u0259\u015fm\u0259sin\u0259 baxmayaraq bal\u0131q\u00e7\u0131l\u0131q edir, eyni zamanda maldarl\u0131qla m\u0259\u015f\u011ful olub ail\u0259sin\u0259 bax\u0131r<br \/>\n  <\/figcaption><\/figure>\n<figure class=\"wp-block-image size-large\">\n  <img decoding=\"async\" src=\"https:\/\/www.meydan.tv\/az\/tovuzun-ceferli-kendinde-qarabag-qazileri-sehid-aileleri-ve-veteranlar-ucun-asude-vaxt-merkezi\/\" alt=\"Tovuzun C\u0259f\u0259rli k\u0259ndind\u0259 Qaraba\u011f qazil\u0259ri, \u015f\u0259hid ail\u0259l\u0259ri v\u0259 veteranlar \u00fc\u00e7\u00fcn asud\u0259 vaxt m\u0259rk\u0259zi\" class=\"wp-image-79885\"\/><figcaption>\n    Tovuzun C\u0259f\u0259rli k\u0259ndind\u0259 Qaraba\u011f qazil\u0259ri, \u015f\u0259hid ail\u0259l\u0259ri v\u0259 veteranlar \u00fc\u00e7\u00fcn asud\u0259 vaxt m\u0259rk\u0259zi<br \/>\n  <\/figcaption><\/figure>\n<\/p>\n<figure class=\"wp-block-image size-large\">\n  <img decoding=\"async\" src=\"https:\/\/www.meydan.tv\/az\/kendde-esas-mesguliyyet-maldarliq-ve-ekincilikdir\/\" alt=\"K\u0259ndd\u0259 \u0259sas m\u0259\u015f\u011fuliyy\u0259t maldarl\u0131q v\u0259 \u0259kin\u00e7ilikdir\" class=\"wp-image-79882\"\/><figcaption>\n    K\u0259ndd\u0259 \u0259sas m\u0259\u015f\u011fuliyy\u0259t maldarl\u0131q v\u0259 \u0259kin\u00e7ilikdir<br \/>\n  <\/figcaption><\/figure>\n<figure class=\"wp-block-image size-large\">\n  <img decoding=\"async\" src=\"https:\/\/www.meydan.tv\/az\/tovuzun-agdam-kendinde-cebhe-xettine-yaxin-yerlesen-evler\/\" alt=\"Tovuzun A\u011fdam k\u0259ndind\u0259 c\u0259bh\u0259 x\u0259ttin\u0259 yax\u0131n yerl\u0259\u015f\u0259n evl\u0259r\" class=\"wp-image-79876\"\/><figcaption>\n    Tovuzun A\u011fdam k\u0259ndind\u0259 c\u0259bh\u0259 x\u0259ttin\u0259 yax\u0131n yerl\u0259\u015f\u0259n evl\u0259r<br \/>\n  <\/figcaption><\/figure>\n<figure class=\"wp-block-image size-large\">\n  <img decoding=\"async\" src=\"https:\/\/www.meydan.tv\/az\/agdam-kendindeki-bu-ev-doyus-xettine-cox-yaxin-oldugundan-1993-cu-ilde-terk-edilib-ve-indiye-qeder-bosdur\/\" alt=\"A\u011fdam k\u0259ndind\u0259ki bu ev d\u00f6y\u00fc\u015f x\u0259ttin\u0259 \u00e7ox yax\u0131n oldu\u011fundan 1993-c\u00fc ild\u0259 t\u0259rk edilib v\u0259 indiy\u0259 q\u0259d\u0259r bo\u015fdur\" class=\"wp-image-79879\"\/><figcaption>\n    A\u011fdam k\u0259ndind\u0259ki bu ev d\u00f6y\u00fc\u015f x\u0259ttin\u0259 \u00e7ox yax\u0131n oldu\u011fundan 1993-c\u00fc ild\u0259 t\u0259rk edilib v\u0259 indiy\u0259 q\u0259d\u0259r bo\u015fdur<br \/>\n  <\/figcaption><\/figure>\n","protected":false},"excerpt":{"rendered":"<p>Tovuzun A\u011fdam k\u0259ndi c\u0259bh\u0259 x\u0259ttin\u0259 \u00e7ox yax\u0131n yerl\u0259\u015fir.<\/p>\n","protected":false},"author":11,"featured_media":79858,"comment_status":"closed","ping_status":"open","sticky":false,"template":"","format":"standard","meta":{"_acf_changed":false,"_sitemap_exclude":false,"_sitemap_priority":"","_sitemap_frequency":"","footnotes":""},"categories":[58],"tags":[],"class_list":["post-182755","post","type-post","status-publish","format-standard","has-post-thumbnail","hentry","category-fotoreportaj","infinite-scroll-item","generate-columns","tablet-grid-50","mobile-grid-100","grid-parent","grid-33","no-featured-image-padding"],"acf":[],"yoast_head":"<!-- This site is optimized with the Yoast SEO plugin v27.4 - https:\/\/yoast.com\/product\/yoast-seo-wordpress\/ -->\n<title>T\u0259hl\u00fck\u0259nin i\u00e7ind\u0259ki k\u0259nd - MEYDAN.TV<\/title>\n<meta name=\"robots\" content=\"index, follow, max-snippet:-1, max-image-preview:large, max-video-preview:-1\" \/>\n<link rel=\"canonical\" href=\"https:\/\/www.meydan.tv\/az\/article\/tehlukenin-icindeki-kend\/\" \/>\n<meta property=\"og:locale\" content=\"az_AZ\" \/>\n<meta property=\"og:type\" content=\"article\" \/>\n<meta property=\"og:title\" content=\"T\u0259hl\u00fck\u0259nin i\u00e7ind\u0259ki k\u0259nd - MEYDAN.TV\" \/>\n<meta property=\"og:description\" content=\"Tovuzun A\u011fdam k\u0259ndi c\u0259bh\u0259 x\u0259ttin\u0259 \u00e7ox yax\u0131n yerl\u0259\u015fir.\" \/>\n<meta property=\"og:url\" content=\"https:\/\/www.meydan.tv\/az\/article\/tehlukenin-icindeki-kend\/\" \/>\n<meta property=\"og:site_name\" content=\"MEYDAN.TV\" \/>\n<meta property=\"article:published_time\" content=\"2017-02-24T11:29:27+00:00\" \/>\n<meta property=\"article:modified_time\" content=\"2021-10-29T12:12:38+00:00\" \/>\n<meta property=\"og:image\" content=\"https:\/\/www.meydan.tv\/wp-content\/uploads\/31126.jpg\" \/>\n\t<meta property=\"og:image:width\" content=\"1435\" \/>\n\t<meta property=\"og:image:height\" content=\"946\" \/>\n\t<meta property=\"og:image:type\" content=\"image\/jpeg\" \/>\n<meta name=\"author\" content=\"user-manager\" \/>\n<meta name=\"twitter:card\" content=\"summary_large_image\" \/>\n<script type=\"application\/ld+json\" class=\"yoast-schema-graph\">{\"@context\":\"https:\\\/\\\/schema.org\",\"@graph\":[{\"@type\":\"Article\",\"@id\":\"https:\\\/\\\/www.meydan.tv\\\/az\\\/article\\\/tehlukenin-icindeki-kend\\\/#article\",\"isPartOf\":{\"@id\":\"https:\\\/\\\/www.meydan.tv\\\/az\\\/article\\\/tehlukenin-icindeki-kend\\\/\"},\"author\":{\"name\":\"user-manager\",\"@id\":\"https:\\\/\\\/www.meydan.tv\\\/az\\\/#\\\/schema\\\/person\\\/10d11eccf6da3662cf5fdab9806ea91a\"},\"headline\":\"T\u0259hl\u00fck\u0259nin i\u00e7ind\u0259ki k\u0259nd\",\"datePublished\":\"2017-02-24T11:29:27+00:00\",\"dateModified\":\"2021-10-29T12:12:38+00:00\",\"mainEntityOfPage\":{\"@id\":\"https:\\\/\\\/www.meydan.tv\\\/az\\\/article\\\/tehlukenin-icindeki-kend\\\/\"},\"wordCount\":418,\"publisher\":{\"@id\":\"https:\\\/\\\/www.meydan.tv\\\/az\\\/#organization\"},\"image\":{\"@id\":\"https:\\\/\\\/www.meydan.tv\\\/az\\\/article\\\/tehlukenin-icindeki-kend\\\/#primaryimage\"},\"thumbnailUrl\":\"https:\\\/\\\/www.meydan.tv\\\/wp-content\\\/uploads\\\/31126.jpg\",\"articleSection\":[\"Fotoreportaj\"],\"inLanguage\":\"az\"},{\"@type\":\"WebPage\",\"@id\":\"https:\\\/\\\/www.meydan.tv\\\/az\\\/article\\\/tehlukenin-icindeki-kend\\\/\",\"url\":\"https:\\\/\\\/www.meydan.tv\\\/az\\\/article\\\/tehlukenin-icindeki-kend\\\/\",\"name\":\"T\u0259hl\u00fck\u0259nin i\u00e7ind\u0259ki k\u0259nd - MEYDAN.TV\",\"isPartOf\":{\"@id\":\"https:\\\/\\\/www.meydan.tv\\\/az\\\/#website\"},\"primaryImageOfPage\":{\"@id\":\"https:\\\/\\\/www.meydan.tv\\\/az\\\/article\\\/tehlukenin-icindeki-kend\\\/#primaryimage\"},\"image\":{\"@id\":\"https:\\\/\\\/www.meydan.tv\\\/az\\\/article\\\/tehlukenin-icindeki-kend\\\/#primaryimage\"},\"thumbnailUrl\":\"https:\\\/\\\/www.meydan.tv\\\/wp-content\\\/uploads\\\/31126.jpg\",\"datePublished\":\"2017-02-24T11:29:27+00:00\",\"dateModified\":\"2021-10-29T12:12:38+00:00\",\"breadcrumb\":{\"@id\":\"https:\\\/\\\/www.meydan.tv\\\/az\\\/article\\\/tehlukenin-icindeki-kend\\\/#breadcrumb\"},\"inLanguage\":\"az\",\"potentialAction\":[{\"@type\":\"ReadAction\",\"target\":[\"https:\\\/\\\/www.meydan.tv\\\/az\\\/article\\\/tehlukenin-icindeki-kend\\\/\"]}]},{\"@type\":\"ImageObject\",\"inLanguage\":\"az\",\"@id\":\"https:\\\/\\\/www.meydan.tv\\\/az\\\/article\\\/tehlukenin-icindeki-kend\\\/#primaryimage\",\"url\":\"https:\\\/\\\/www.meydan.tv\\\/wp-content\\\/uploads\\\/31126.jpg\",\"contentUrl\":\"https:\\\/\\\/www.meydan.tv\\\/wp-content\\\/uploads\\\/31126.jpg\",\"width\":1435,\"height\":946,\"caption\":\"Source:\"},{\"@type\":\"BreadcrumbList\",\"@id\":\"https:\\\/\\\/www.meydan.tv\\\/az\\\/article\\\/tehlukenin-icindeki-kend\\\/#breadcrumb\",\"itemListElement\":[{\"@type\":\"ListItem\",\"position\":1,\"name\":\"Ana s\u0259hif\u0259\",\"item\":\"https:\\\/\\\/www.meydan.tv\\\/az\\\/\"},{\"@type\":\"ListItem\",\"position\":2,\"name\":\"Fotoreportaj\",\"item\":\"https:\\\/\\\/www.meydan.tv\\\/az\\\/section\\\/fotoreportaj\\\/\"},{\"@type\":\"ListItem\",\"position\":3,\"name\":\"T\u0259hl\u00fck\u0259nin i\u00e7ind\u0259ki k\u0259nd\"}]},{\"@type\":\"WebSite\",\"@id\":\"https:\\\/\\\/www.meydan.tv\\\/az\\\/#website\",\"url\":\"https:\\\/\\\/www.meydan.tv\\\/az\\\/\",\"name\":\"MEYDAN.TV\",\"description\":\"Meydan TV Az\u0259rbaycan\u0131n media m\u0259kan\u0131ndak\u0131 alternativ s\u0259sidir\",\"publisher\":{\"@id\":\"https:\\\/\\\/www.meydan.tv\\\/az\\\/#organization\"},\"potentialAction\":[{\"@type\":\"SearchAction\",\"target\":{\"@type\":\"EntryPoint\",\"urlTemplate\":\"https:\\\/\\\/www.meydan.tv\\\/az\\\/?s={search_term_string}\"},\"query-input\":{\"@type\":\"PropertyValueSpecification\",\"valueRequired\":true,\"valueName\":\"search_term_string\"}}],\"inLanguage\":\"az\"},{\"@type\":\"Organization\",\"@id\":\"https:\\\/\\\/www.meydan.tv\\\/az\\\/#organization\",\"name\":\"Meydan TV\",\"url\":\"https:\\\/\\\/www.meydan.tv\\\/az\\\/\",\"logo\":{\"@type\":\"ImageObject\",\"inLanguage\":\"az\",\"@id\":\"https:\\\/\\\/www.meydan.tv\\\/az\\\/#\\\/schema\\\/logo\\\/image\\\/\",\"url\":\"https:\\\/\\\/www.meydan.tv\\\/wp-content\\\/uploads\\\/2021\\\/07\\\/meydan-logo.svg\",\"contentUrl\":\"https:\\\/\\\/www.meydan.tv\\\/wp-content\\\/uploads\\\/2021\\\/07\\\/meydan-logo.svg\",\"width\":195,\"height\":46,\"caption\":\"Meydan TV\"},\"image\":{\"@id\":\"https:\\\/\\\/www.meydan.tv\\\/az\\\/#\\\/schema\\\/logo\\\/image\\\/\"}},{\"@type\":\"Person\",\"@id\":\"https:\\\/\\\/www.meydan.tv\\\/az\\\/#\\\/schema\\\/person\\\/10d11eccf6da3662cf5fdab9806ea91a\",\"name\":\"user-manager\"}]}<\/script>\n<!-- \/ Yoast SEO plugin. -->","yoast_head_json":{"title":"T\u0259hl\u00fck\u0259nin i\u00e7ind\u0259ki k\u0259nd - MEYDAN.TV","robots":{"index":"index","follow":"follow","max-snippet":"max-snippet:-1","max-image-preview":"max-image-preview:large","max-video-preview":"max-video-preview:-1"},"canonical":"https:\/\/www.meydan.tv\/az\/article\/tehlukenin-icindeki-kend\/","og_locale":"az_AZ","og_type":"article","og_title":"T\u0259hl\u00fck\u0259nin i\u00e7ind\u0259ki k\u0259nd - MEYDAN.TV","og_description":"Tovuzun A\u011fdam k\u0259ndi c\u0259bh\u0259 x\u0259ttin\u0259 \u00e7ox yax\u0131n yerl\u0259\u015fir.","og_url":"https:\/\/www.meydan.tv\/az\/article\/tehlukenin-icindeki-kend\/","og_site_name":"MEYDAN.TV","article_published_time":"2017-02-24T11:29:27+00:00","article_modified_time":"2021-10-29T12:12:38+00:00","og_image":[{"width":1435,"height":946,"url":"https:\/\/www.meydan.tv\/wp-content\/uploads\/31126.jpg","type":"image\/jpeg"}],"author":"user-manager","twitter_card":"summary_large_image","schema":{"@context":"https:\/\/schema.org","@graph":[{"@type":"Article","@id":"https:\/\/www.meydan.tv\/az\/article\/tehlukenin-icindeki-kend\/#article","isPartOf":{"@id":"https:\/\/www.meydan.tv\/az\/article\/tehlukenin-icindeki-kend\/"},"author":{"name":"user-manager","@id":"https:\/\/www.meydan.tv\/az\/#\/schema\/person\/10d11eccf6da3662cf5fdab9806ea91a"},"headline":"T\u0259hl\u00fck\u0259nin i\u00e7ind\u0259ki k\u0259nd","datePublished":"2017-02-24T11:29:27+00:00","dateModified":"2021-10-29T12:12:38+00:00","mainEntityOfPage":{"@id":"https:\/\/www.meydan.tv\/az\/article\/tehlukenin-icindeki-kend\/"},"wordCount":418,"publisher":{"@id":"https:\/\/www.meydan.tv\/az\/#organization"},"image":{"@id":"https:\/\/www.meydan.tv\/az\/article\/tehlukenin-icindeki-kend\/#primaryimage"},"thumbnailUrl":"https:\/\/www.meydan.tv\/wp-content\/uploads\/31126.jpg","articleSection":["Fotoreportaj"],"inLanguage":"az"},{"@type":"WebPage","@id":"https:\/\/www.meydan.tv\/az\/article\/tehlukenin-icindeki-kend\/","url":"https:\/\/www.meydan.tv\/az\/article\/tehlukenin-icindeki-kend\/","name":"T\u0259hl\u00fck\u0259nin i\u00e7ind\u0259ki k\u0259nd - MEYDAN.TV","isPartOf":{"@id":"https:\/\/www.meydan.tv\/az\/#website"},"primaryImageOfPage":{"@id":"https:\/\/www.meydan.tv\/az\/article\/tehlukenin-icindeki-kend\/#primaryimage"},"image":{"@id":"https:\/\/www.meydan.tv\/az\/article\/tehlukenin-icindeki-kend\/#primaryimage"},"thumbnailUrl":"https:\/\/www.meydan.tv\/wp-content\/uploads\/31126.jpg","datePublished":"2017-02-24T11:29:27+00:00","dateModified":"2021-10-29T12:12:38+00:00","breadcrumb":{"@id":"https:\/\/www.meydan.tv\/az\/article\/tehlukenin-icindeki-kend\/#breadcrumb"},"inLanguage":"az","potentialAction":[{"@type":"ReadAction","target":["https:\/\/www.meydan.tv\/az\/article\/tehlukenin-icindeki-kend\/"]}]},{"@type":"ImageObject","inLanguage":"az","@id":"https:\/\/www.meydan.tv\/az\/article\/tehlukenin-icindeki-kend\/#primaryimage","url":"https:\/\/www.meydan.tv\/wp-content\/uploads\/31126.jpg","contentUrl":"https:\/\/www.meydan.tv\/wp-content\/uploads\/31126.jpg","width":1435,"height":946,"caption":"Source:"},{"@type":"BreadcrumbList","@id":"https:\/\/www.meydan.tv\/az\/article\/tehlukenin-icindeki-kend\/#breadcrumb","itemListElement":[{"@type":"ListItem","position":1,"name":"Ana s\u0259hif\u0259","item":"https:\/\/www.meydan.tv\/az\/"},{"@type":"ListItem","position":2,"name":"Fotoreportaj","item":"https:\/\/www.meydan.tv\/az\/section\/fotoreportaj\/"},{"@type":"ListItem","position":3,"name":"T\u0259hl\u00fck\u0259nin i\u00e7ind\u0259ki k\u0259nd"}]},{"@type":"WebSite","@id":"https:\/\/www.meydan.tv\/az\/#website","url":"https:\/\/www.meydan.tv\/az\/","name":"MEYDAN.TV","description":"Meydan TV Az\u0259rbaycan\u0131n media m\u0259kan\u0131ndak\u0131 alternativ s\u0259sidir","publisher":{"@id":"https:\/\/www.meydan.tv\/az\/#organization"},"potentialAction":[{"@type":"SearchAction","target":{"@type":"EntryPoint","urlTemplate":"https:\/\/www.meydan.tv\/az\/?s={search_term_string}"},"query-input":{"@type":"PropertyValueSpecification","valueRequired":true,"valueName":"search_term_string"}}],"inLanguage":"az"},{"@type":"Organization","@id":"https:\/\/www.meydan.tv\/az\/#organization","name":"Meydan TV","url":"https:\/\/www.meydan.tv\/az\/","logo":{"@type":"ImageObject","inLanguage":"az","@id":"https:\/\/www.meydan.tv\/az\/#\/schema\/logo\/image\/","url":"https:\/\/www.meydan.tv\/wp-content\/uploads\/2021\/07\/meydan-logo.svg","contentUrl":"https:\/\/www.meydan.tv\/wp-content\/uploads\/2021\/07\/meydan-logo.svg","width":195,"height":46,"caption":"Meydan TV"},"image":{"@id":"https:\/\/www.meydan.tv\/az\/#\/schema\/logo\/image\/"}},{"@type":"Person","@id":"https:\/\/www.meydan.tv\/az\/#\/schema\/person\/10d11eccf6da3662cf5fdab9806ea91a","name":"user-manager"}]}},"_links":{"self":[{"href":"https:\/\/www.meydan.tv\/az\/wp-json\/wp\/v2\/posts\/182755","targetHints":{"allow":["GET"]}}],"collection":[{"href":"https:\/\/www.meydan.tv\/az\/wp-json\/wp\/v2\/posts"}],"about":[{"href":"https:\/\/www.meydan.tv\/az\/wp-json\/wp\/v2\/types\/post"}],"author":[{"embeddable":true,"href":"https:\/\/www.meydan.tv\/az\/wp-json\/wp\/v2\/users\/11"}],"replies":[{"embeddable":true,"href":"https:\/\/www.meydan.tv\/az\/wp-json\/wp\/v2\/comments?post=182755"}],"version-history":[{"count":1,"href":"https:\/\/www.meydan.tv\/az\/wp-json\/wp\/v2\/posts\/182755\/revisions"}],"predecessor-version":[{"id":216629,"href":"https:\/\/www.meydan.tv\/az\/wp-json\/wp\/v2\/posts\/182755\/revisions\/216629"}],"wp:featuredmedia":[{"embeddable":true,"href":"https:\/\/www.meydan.tv\/az\/wp-json\/wp\/v2\/media\/79858"}],"wp:attachment":[{"href":"https:\/\/www.meydan.tv\/az\/wp-json\/wp\/v2\/media?parent=182755"}],"wp:term":[{"taxonomy":"category","embeddable":true,"href":"https:\/\/www.meydan.tv\/az\/wp-json\/wp\/v2\/categories?post=182755"},{"taxonomy":"post_tag","embeddable":true,"href":"https:\/\/www.meydan.tv\/az\/wp-json\/wp\/v2\/tags?post=182755"}],"curies":[{"name":"wp","href":"https:\/\/api.w.org\/{rel}","templated":true}]}}