{"id":182729,"date":"2017-02-23T14:37:55","date_gmt":"2017-02-23T14:37:55","guid":{"rendered":"https:\/\/www.meydan.tv\/article\/buyur-bu-da-sene-turk-terzli-basqanliq\/"},"modified":"2017-02-23T14:37:55","modified_gmt":"2017-02-23T14:37:55","slug":"buyur-bu-da-sene-turk-terzli-basqanliq","status":"publish","type":"post","link":"https:\/\/www.meydan.tv\/az\/article\/buyur-bu-da-sene-turk-terzli-basqanliq\/","title":{"rendered":"Buyur, bu da s\u0259n\u0259 T\u00fcrk t\u0259rzli ba\u015fqanl\u0131q"},"content":{"rendered":"<p>\n  Az\u0259rbaycan prezidenti \u0130lham \u018fliyev h\u0259yat yolda\u015f\u0131 Mehriban \u018fliyevan\u0131 vitse-prezident t\u0259yin etdi. \u018frin\u0259 bir \u015fey olarsa, Az\u0259rbaycan\u0131 o idar\u0259 ed\u0259c\u0259k.\n<\/p>\n<p>\n  *\n<\/p>\n<p>\n  \u00d6lk\u0259 atas\u0131n\u0131n mal\u0131 idi,\n<\/p>\n<p>\n  &#8220;Kup\u00e7a&#8221;s\u0131n\u0131 xan\u0131m\u0131n\u0131n ad\u0131na ke\u00e7irtdi.\n<\/p>\n<p>\n  *\n<\/p>\n<p>\n  \u0130dar\u0259\u00e7ilik t\u0259k \u0259ld\u0259 toplanm\u0131\u015fd\u0131,<br \/>\n  <br \/>\n  \u0130ndi &#8220;t\u0259k evd\u0259&#8221; toplanm\u0131\u015f oldu!\n<\/p>\n<p>\n  *\n<\/p>\n<p>\n  \u00c7\u00fcnki&#8230;\n<\/p>\n<p>\n  *\n<\/p>\n<p>\n  \u018fb\u00fclf\u0259z El\u00e7ib\u0259y.\n<\/p>\n<p>\n  Az\u0259rbaycan\u0131n bir g\u00fcn m\u00fctl\u0259q m\u00fcst\u0259qil olaca\u011f\u0131na, hakimiyy\u0259tin xalqdan qaynaqland\u0131\u011f\u0131 demokratik bir \u00f6lk\u0259 olaca\u011f\u0131na inan\u0131rd\u0131. N\u00fcmun\u0259 g\u00f6t\u00fcrd\u00fcy\u00fc \u015f\u0259xs Mustafa Kamal idi.\n<\/p>\n<p>\n  &#8220;M\u0259n Atat\u00fcrk \u0259sg\u0259riy\u0259m&#8221;, &#8211; deyirdi.\n<\/p>\n<p>\n  H\u0259bs olundu.\n<\/p>\n<p>\n  1.5 il h\u0259bs c\u0259zas\u0131 verdil\u0259r.\n<\/p>\n<p>\n  KQB zindanlar\u0131nda, a\u011f\u0131r i\u015f m\u0259d\u0259nl\u0259rind\u0259 sa\u011f qald\u0131.\n<\/p>\n<p>\n  \u201c\u00c7ox i\u015fg\u0259nc\u0259, \u0259zab g\u00f6rd\u00fcm, m\u0259ni bu yand\u0131m\u0131r. M\u0259ni yand\u0131ran Atat\u00fcrk emblemini yaxamdan \u00e7\u0131xarmaqlar\u0131 idi\u201d, &#8211; deyirdi.\n<\/p>\n<p>\n  H\u0259bsd\u0259n \u00e7\u0131xan kimi azadl\u0131q m\u00fcbariz\u0259sin\u0259 qald\u0131\u011f\u0131 yerd\u0259n davam etdi. Az\u0259rbaycan Xalq C\u0259bh\u0259sini qurdu. Bir yandan m\u00fcst\u0259qillik, dig\u0259r yandan Erm\u0259nistan\u0131n \u0259lin\u0259 ke\u00e7mi\u015f v\u0259t\u0259n torpaqlar\u0131 \u00fc\u00e7\u00fcn vuru\u015fdu.\n<\/p>\n<p>\n  Sovet da\u011f\u0131landan sonra Az\u0259rbaycan\u0131n prezidenti oldu.\n<\/p>\n<p>\n  \u0130lk r\u0259smi s\u0259yah\u0259tini T\u00fcrkiy\u0259y\u0259 etdi, An\u0131tkabir\u0259 getdi, xatir\u0259 kitab\u0131na &#8220;\u0259n b\u00f6y\u00fck T\u00fcrk\u00fcn b\u00f6y\u00fck komandiri, s\u0259ni ziyar\u0259t etm\u0259k m\u0259n\u0259 v\u0259 b\u00fct\u00fcn mill\u0259tim\u0259 b\u00f6y\u00fck \u015f\u0259r\u0259f verdi&#8221;, &#8211; s\u00f6zl\u0259rini yazd\u0131 v\u0259 m\u0259hz bu c\u00fcr imzalad\u0131 &#8220;s\u0259nin \u0259sg\u0259rin, \u018fb\u00fclf\u0259z El\u00e7ib\u0259y&#8221;.\n<\/p>\n<p>\n  An\u0131tkabird\u0259n sonra TBMM-y\u0259 (T\u00fcrkiy\u0259 B\u00f6y\u00fck Mill\u0259t M\u0259clisin\u0259) getdi, k\u00fcrs\u00fcy\u0259 \u00e7\u0131xd\u0131, mill\u0259t v\u0259kill\u0259rimiz\u0259 m\u00fcraci\u0259t ed\u0259r\u0259k dedi: &#8220;Bu m\u00fcbariz\u0259y\u0259 ba\u015flark\u0259n m\u0259nd\u0259n n\u0259 ed\u0259c\u0259yimi soru\u015fdular, onlara yolumuzun Mustafa Kamal yolu oldu\u011funu, demokratik d\u00f6vl\u0259t quraca\u011f\u0131m\u0131z\u0131 dedim!&#8221;\n<\/p>\n<p>\n  Bel\u0259 bir v\u0259t\u0259np\u0259rv\u0259r&#8230;\n<\/p>\n<p>\n  Bel\u0259 bir demokratiya a\u015fiqi idi.\n<\/p>\n<p>\n  S\u00f6zd\u0259 yox, h\u0259qiqi Atat\u00fcrk\u00e7\u00fc idi.\n<\/p>\n<p>\n  Atat\u00fcrk inqilablar\u0131n\u0131 Az\u0259rbaycanda realla\u015fd\u0131rma\u011fa ba\u015flad\u0131, kiril \u0259lifbas\u0131ndan lat\u0131na ke\u00e7di, T\u00fcrk dilini r\u0259smi d\u00f6vl\u0259t dili etdi, milli pul \u00e7ap etdirdi, rubldan manata ke\u00e7di, rus ordusunu Az\u0259rbaycan torpaqlar\u0131ndan \u00e7\u0131xard\u0131, neft v\u0259 qaz m\u00fcqavil\u0259l\u0259rini &#8220;milli m\u0259nf\u0259\u0259tl\u0259r&#8221;-\u0259 uy\u011fun imzalad\u0131.\n<\/p>\n<figure class=\"wp-block-image size-large\">\n  <img decoding=\"async\" src=\"https:\/\/www.meydan.tv\/az\/79805\/\" alt=\"\" class=\"wp-image-79805\"\/><figcaption><\/figcaption><\/figure>\n<p>\n  V\u0259 bel\u0259likl\u0259,\n<\/p>\n<p>\n  D\u00fcym\u0259y\u0259 bas\u0131ld\u0131.\n<\/p>\n<p>\n  El\u00e7ib\u0259yd\u0259n t\u0259cili qurtulmaq laz\u0131m idi.\n<\/p>\n<p>\n  Zabitl\u0259rl\u0259 \u0259lbir olub \u00e7evrili\u015f ba\u015flad\u0131ld\u0131.\n<\/p>\n<p>\n  \u00d6lk\u0259 xaosa s\u00fcr\u00fckl\u0259ndi.\n<\/p>\n<p>\n  El\u00e7ib\u0259y telefonu g\u00f6t\u00fcrd\u00fc, Ankaradan k\u00f6m\u0259k ist\u0259di.\n<\/p>\n<p>\n  Ancaq&#8230; B\u00f6y\u00fck x\u0259yallar\u0131 alt-\u00fcst oldu.\n<\/p>\n<p>\n  \u00c7\u00fcnki Ankaran\u0131n t\u00fck\u00fc d\u0259 t\u0259rp\u0259nm\u0259di. N\u0259 silah, n\u0259 pul, n\u0259 d\u0259 diplomatik d\u0259st\u0259k verdi. Q\u0259rib\u0259 v\u0259ziyy\u0259t idi.\n<\/p>\n<p>\n  *\n<\/p>\n<p>\n  El\u00e7ib\u0259y h\u0259l\u0259 bilmirdi, amma&#8230; AB\u015e-\u0131n quca\u011f\u0131nda oturan Ankara siyas\u0259t\u00e7il\u0259ri, t\u0259\u0259ss\u00fcf ki, m\u00fcst\u0259qil Az\u0259rbaycan\u0131 satm\u0131\u015fd\u0131!\n<\/p>\n<p>\n  *\n<\/p>\n<p>\n  El\u00e7ib\u0259y\u0259 m\u0259hz Ankara t\u0259r\u0259find\u0259n a\u011f\u0131l verildi, &#8220;Heyd\u0259r \u018fliyevi v\u0259zif\u0259y\u0259 d\u0259v\u0259t et, ruslar\u0131 yax\u0131ndan tan\u0131y\u0131r, \u00e7evrili\u015fi dayand\u0131ra bil\u0259r&#8221;, &#8211; deyildi.\n<\/p>\n<p>\n  Heyd\u0259r \u018fliyev KQB general\u0131 idi, Sovet \u0130ttifaq\u0131nda 20 il mill\u0259t v\u0259killiyi etmi\u015fd\u0131, Qorba\u00e7ov t\u0259r\u0259find\u0259n v\u0259zif\u0259y\u0259 g\u0259tirilmi\u015fdi, Nax\u00e7\u0131vanda Yeni Az\u0259rbaycan Partiyas\u0131n\u0131n ba\u015fqan\u0131 idi.\n<\/p>\n<p>\n  *\n<\/p>\n<p>\n  El\u00e7ib\u0259y \u00e7ar\u0259siz idi, \u0259li-qolu ba\u011flanm\u0131\u015fd\u0131,\n<\/p>\n<p>\n  \u018fliyev m\u0259clisin ba\u015fqan\u0131 oldu.\n<\/p>\n<p>\n  &#8220;T\u0259xribat&#8221; tamamlanm\u0131\u015fd\u0131&#8230;\n<\/p>\n<p>\n  \u018fliyev kresloya oturan kimi \u00e7evrili\u015fi ba\u015fladan zabitl\u0259rl\u0259 \u0259l s\u0131x\u0131\u015fd\u0131, odun \u00fcst\u00fcn\u0259 ya\u011f t\u00f6kd\u00fc, \u00f6lk\u0259d\u0259 v\u0259t\u0259nda\u015f m\u00fcharib\u0259si k\u00fcl\u0259yi \u0259sdi.\n<\/p>\n<p>\n  Az\u0259rbaycan xalq\u0131 tarixi bir s\u0259hv el\u0259di&#8230;\n<\/p>\n<p>\n  El\u00e7ib\u0259yin yan\u0131nda durmaq yerin\u0259 qorxuya boyun \u0259ydi, t\u0259zyiq\u0259 v\u0259 \u015fidd\u0259t\u0259 t\u0259slim oldu.\n<\/p>\n<p>\n  Atat\u00fcrk\u00fcn \u0259sg\u0259ri t\u0259k qalm\u0131\u015fd\u0131.\n<\/p>\n<p>\n  Geri \u00e7\u0259kilm\u0259li oldu.\n<\/p>\n<p>\n  *\n<\/p>\n<p>\n  \u00c7evrili\u015f t\u0259xribat\u0131 il\u0259 \u00f6lk\u0259 bir n\u0259f\u0259r\u0259 verilmi\u015f oldu.\n<\/p>\n<p>\n  *\n<\/p>\n<p>\n  Heyd\u0259r \u018fliyev prezident oldu, inqilab\u00e7\u0131 h\u0259rb\u00e7ini d\u0259 ba\u015f nazir qoydu. Bismillah, ilk i\u015f&#8230; El\u00e7ib\u0259y m\u00fcdd\u0259tind\u0259 imzalanm\u0131\u015f neft-qaz m\u00fcqavil\u0259l\u0259rini l\u0259\u011fv etdirdi, Az\u0259rbaycan\u0131n t\u0259bii s\u0259rv\u0259tl\u0259rini amerikan, ingilis, rus neft \u015firk\u0259tl\u0259ri aras\u0131nda b\u00f6l\u00fcb payla\u015fd\u0131rd\u0131.\n<\/p>\n<p>\n  *\n<\/p>\n<p>\n  El\u00e7ib\u0259yin izl\u0259ri tamam\u0259n t\u0259mizl\u0259ndi, h\u0259l\u0259 61 ya\u015f\u0131nda ik\u0259n GATA x\u0259st\u0259xanas\u0131nda r\u0259hm\u0259t\u0259 getdi. D\u0259fn m\u0259rasimin\u0259 bir milyon insan g\u0259lmi\u015fdi, amma i\u015f-i\u015fd\u0259n ke\u00e7mi\u015fdi. Az\u0259rbaycan art\u0131q Az\u0259rbaycan xalq\u0131n\u0131n deyildi.\n<\/p>\n<p>\n  *\n<\/p>\n<p>\n  Bundan sonrak\u0131 se\u00e7kil\u0259r \u0259lb\u0259tt\u0259 ki, formal xarakter da\u015f\u0131d\u0131. Az\u0259rbaycan xalq\u0131 n\u0259 s\u0259s verirs\u0259 versin, Heyd\u0259r \u018fliyev 80-90 faizl\u0259 se\u00e7kil\u0259rd\u0259 qalib g\u0259ldi. 11 il \u00f6lk\u0259ni t\u0259k idar\u0259 etdi. O\u011flunu \u0259vv\u0259lc\u0259 mill\u0259t v\u0259kili, sonra ba\u015f nazir t\u0259yin etdi. \u00d6l\u0259nd\u0259 d\u0259 \u00f6lk\u0259ni o\u011fluna qoyub getdi. O\u011flu da 14 ildir \u00f6lk\u0259ni t\u0259k idar\u0259 edir. Yolda\u015f\u0131 Mehriban\u0131 \u0259vv\u0259lc\u0259 mill\u0259t v\u0259kili, d\u00fcn\u0259n d\u0259 vitse-prezident t\u0259yin etdi. B\u00f6y\u00fck ehtimalla Mehriban da m\u0259ml\u0259k\u0259ti ya q\u0131z\u0131na, ya da n\u0259v\u0259sin\u0259 \u00f6t\u00fcr\u0259r.\n<\/p>\n<p>\n  *\n<\/p>\n<p>\n  Tam referendum \u0259r\u0259f\u0259sind\u0259 Allah\u0131n l\u00fctf\u00fcd\u00fcr, ibr\u0259tdir bu.\n<\/p>\n<p>\n  *\n<\/p>\n<p>\n  &#8220;Atat\u00fcrkun \u0259sg\u0259ri&#8221;n\u0259 sahib \u00e7\u0131xmayan mill\u0259tin h\u0259zin aqib\u0259ti, &#8220;Mustafa Kamal\u0131n \u0259sg\u0259rl\u0259ri&#8221;-n\u0259 qulaq asmayanlara ibr\u0259t olmal\u0131d\u0131r.\n<\/p>\n<p>\n  *\n<\/p>\n<p>\n  F\u0259rd olaraq qal\u0131n, qarda\u015f\u0131m.\n<\/p>\n<p>\n  Atas\u0131n\u0131n mal\u0131 olmay\u0131n.<\/p>\n","protected":false},"excerpt":{"rendered":"<p>\u00d6lk\u0259 atas\u0131n\u0131n mal\u0131 idi, &#8220;Kup\u00e7a&#8221;s\u0131n\u0131 xan\u0131m\u0131n\u0131n ad\u0131na ke\u00e7irtdi.<\/p>\n","protected":false},"author":11,"featured_media":79813,"comment_status":"closed","ping_status":"open","sticky":false,"template":"","format":"standard","meta":{"_acf_changed":false,"_sitemap_exclude":false,"_sitemap_priority":"","_sitemap_frequency":"","footnotes":""},"categories":[57],"tags":[],"class_list":["post-182729","post","type-post","status-publish","format-standard","has-post-thumbnail","hentry","category-menim-fikrimce","infinite-scroll-item","generate-columns","tablet-grid-50","mobile-grid-100","grid-parent","grid-33","no-featured-image-padding"],"acf":[],"yoast_head":"<!-- This site is optimized with the Yoast SEO plugin v27.5 - https:\/\/yoast.com\/product\/yoast-seo-wordpress\/ -->\n<title>Buyur, bu da s\u0259n\u0259 T\u00fcrk t\u0259rzli ba\u015fqanl\u0131q - MEYDAN.TV<\/title>\n<meta name=\"robots\" content=\"index, follow, max-snippet:-1, max-image-preview:large, max-video-preview:-1\" \/>\n<link rel=\"canonical\" href=\"https:\/\/www.meydan.tv\/az\/article\/buyur-bu-da-sene-turk-terzli-basqanliq\/\" \/>\n<meta property=\"og:locale\" content=\"az_AZ\" \/>\n<meta property=\"og:type\" content=\"article\" \/>\n<meta property=\"og:title\" content=\"Buyur, bu da s\u0259n\u0259 T\u00fcrk t\u0259rzli ba\u015fqanl\u0131q - MEYDAN.TV\" \/>\n<meta property=\"og:description\" content=\"\u00d6lk\u0259 atas\u0131n\u0131n mal\u0131 idi, &quot;Kup\u00e7a&quot;s\u0131n\u0131 xan\u0131m\u0131n\u0131n ad\u0131na ke\u00e7irtdi.\" \/>\n<meta property=\"og:url\" content=\"https:\/\/www.meydan.tv\/az\/article\/buyur-bu-da-sene-turk-terzli-basqanliq\/\" \/>\n<meta property=\"og:site_name\" content=\"MEYDAN.TV\" \/>\n<meta property=\"article:published_time\" content=\"2017-02-23T14:37:55+00:00\" \/>\n<meta property=\"og:image\" content=\"https:\/\/www.meydan.tv\/wp-content\/uploads\/31106.jpg\" \/>\n\t<meta property=\"og:image:width\" content=\"1150\" \/>\n\t<meta property=\"og:image:height\" content=\"690\" \/>\n\t<meta property=\"og:image:type\" content=\"image\/jpeg\" \/>\n<meta name=\"author\" content=\"user-manager\" \/>\n<meta name=\"twitter:card\" content=\"summary_large_image\" \/>\n<script type=\"application\/ld+json\" class=\"yoast-schema-graph\">{\"@context\":\"https:\\\/\\\/schema.org\",\"@graph\":[{\"@type\":\"Article\",\"@id\":\"https:\\\/\\\/www.meydan.tv\\\/az\\\/article\\\/buyur-bu-da-sene-turk-terzli-basqanliq\\\/#article\",\"isPartOf\":{\"@id\":\"https:\\\/\\\/www.meydan.tv\\\/az\\\/article\\\/buyur-bu-da-sene-turk-terzli-basqanliq\\\/\"},\"author\":{\"name\":\"user-manager\",\"@id\":\"https:\\\/\\\/www.meydan.tv\\\/az\\\/#\\\/schema\\\/person\\\/10d11eccf6da3662cf5fdab9806ea91a\"},\"headline\":\"Buyur, bu da s\u0259n\u0259 T\u00fcrk t\u0259rzli ba\u015fqanl\u0131q\",\"datePublished\":\"2017-02-23T14:37:55+00:00\",\"mainEntityOfPage\":{\"@id\":\"https:\\\/\\\/www.meydan.tv\\\/az\\\/article\\\/buyur-bu-da-sene-turk-terzli-basqanliq\\\/\"},\"wordCount\":991,\"publisher\":{\"@id\":\"https:\\\/\\\/www.meydan.tv\\\/az\\\/#organization\"},\"image\":{\"@id\":\"https:\\\/\\\/www.meydan.tv\\\/az\\\/article\\\/buyur-bu-da-sene-turk-terzli-basqanliq\\\/#primaryimage\"},\"thumbnailUrl\":\"https:\\\/\\\/www.meydan.tv\\\/wp-content\\\/uploads\\\/31106.jpg\",\"articleSection\":[\"M\u0259nim Fikrimc\u0259\"],\"inLanguage\":\"az\"},{\"@type\":\"WebPage\",\"@id\":\"https:\\\/\\\/www.meydan.tv\\\/az\\\/article\\\/buyur-bu-da-sene-turk-terzli-basqanliq\\\/\",\"url\":\"https:\\\/\\\/www.meydan.tv\\\/az\\\/article\\\/buyur-bu-da-sene-turk-terzli-basqanliq\\\/\",\"name\":\"Buyur, bu da s\u0259n\u0259 T\u00fcrk t\u0259rzli ba\u015fqanl\u0131q - MEYDAN.TV\",\"isPartOf\":{\"@id\":\"https:\\\/\\\/www.meydan.tv\\\/az\\\/#website\"},\"primaryImageOfPage\":{\"@id\":\"https:\\\/\\\/www.meydan.tv\\\/az\\\/article\\\/buyur-bu-da-sene-turk-terzli-basqanliq\\\/#primaryimage\"},\"image\":{\"@id\":\"https:\\\/\\\/www.meydan.tv\\\/az\\\/article\\\/buyur-bu-da-sene-turk-terzli-basqanliq\\\/#primaryimage\"},\"thumbnailUrl\":\"https:\\\/\\\/www.meydan.tv\\\/wp-content\\\/uploads\\\/31106.jpg\",\"datePublished\":\"2017-02-23T14:37:55+00:00\",\"breadcrumb\":{\"@id\":\"https:\\\/\\\/www.meydan.tv\\\/az\\\/article\\\/buyur-bu-da-sene-turk-terzli-basqanliq\\\/#breadcrumb\"},\"inLanguage\":\"az\",\"potentialAction\":[{\"@type\":\"ReadAction\",\"target\":[\"https:\\\/\\\/www.meydan.tv\\\/az\\\/article\\\/buyur-bu-da-sene-turk-terzli-basqanliq\\\/\"]}]},{\"@type\":\"ImageObject\",\"inLanguage\":\"az\",\"@id\":\"https:\\\/\\\/www.meydan.tv\\\/az\\\/article\\\/buyur-bu-da-sene-turk-terzli-basqanliq\\\/#primaryimage\",\"url\":\"https:\\\/\\\/www.meydan.tv\\\/wp-content\\\/uploads\\\/31106.jpg\",\"contentUrl\":\"https:\\\/\\\/www.meydan.tv\\\/wp-content\\\/uploads\\\/31106.jpg\",\"width\":1150,\"height\":690,\"caption\":\"Source:\"},{\"@type\":\"BreadcrumbList\",\"@id\":\"https:\\\/\\\/www.meydan.tv\\\/az\\\/article\\\/buyur-bu-da-sene-turk-terzli-basqanliq\\\/#breadcrumb\",\"itemListElement\":[{\"@type\":\"ListItem\",\"position\":1,\"name\":\"Ana s\u0259hif\u0259\",\"item\":\"https:\\\/\\\/www.meydan.tv\\\/az\\\/\"},{\"@type\":\"ListItem\",\"position\":2,\"name\":\"M\u0259nim Fikrimc\u0259\",\"item\":\"https:\\\/\\\/www.meydan.tv\\\/az\\\/section\\\/menim-fikrimce\\\/\"},{\"@type\":\"ListItem\",\"position\":3,\"name\":\"Buyur, bu da s\u0259n\u0259 T\u00fcrk t\u0259rzli ba\u015fqanl\u0131q\"}]},{\"@type\":\"WebSite\",\"@id\":\"https:\\\/\\\/www.meydan.tv\\\/az\\\/#website\",\"url\":\"https:\\\/\\\/www.meydan.tv\\\/az\\\/\",\"name\":\"MEYDAN.TV\",\"description\":\"Meydan TV Az\u0259rbaycan\u0131n media m\u0259kan\u0131ndak\u0131 alternativ s\u0259sidir\",\"publisher\":{\"@id\":\"https:\\\/\\\/www.meydan.tv\\\/az\\\/#organization\"},\"potentialAction\":[{\"@type\":\"SearchAction\",\"target\":{\"@type\":\"EntryPoint\",\"urlTemplate\":\"https:\\\/\\\/www.meydan.tv\\\/az\\\/?s={search_term_string}\"},\"query-input\":{\"@type\":\"PropertyValueSpecification\",\"valueRequired\":true,\"valueName\":\"search_term_string\"}}],\"inLanguage\":\"az\"},{\"@type\":\"Organization\",\"@id\":\"https:\\\/\\\/www.meydan.tv\\\/az\\\/#organization\",\"name\":\"Meydan TV\",\"url\":\"https:\\\/\\\/www.meydan.tv\\\/az\\\/\",\"logo\":{\"@type\":\"ImageObject\",\"inLanguage\":\"az\",\"@id\":\"https:\\\/\\\/www.meydan.tv\\\/az\\\/#\\\/schema\\\/logo\\\/image\\\/\",\"url\":\"https:\\\/\\\/www.meydan.tv\\\/wp-content\\\/uploads\\\/2021\\\/07\\\/meydan-logo.svg\",\"contentUrl\":\"https:\\\/\\\/www.meydan.tv\\\/wp-content\\\/uploads\\\/2021\\\/07\\\/meydan-logo.svg\",\"width\":195,\"height\":46,\"caption\":\"Meydan TV\"},\"image\":{\"@id\":\"https:\\\/\\\/www.meydan.tv\\\/az\\\/#\\\/schema\\\/logo\\\/image\\\/\"}},{\"@type\":\"Person\",\"@id\":\"https:\\\/\\\/www.meydan.tv\\\/az\\\/#\\\/schema\\\/person\\\/10d11eccf6da3662cf5fdab9806ea91a\",\"name\":\"user-manager\"}]}<\/script>\n<!-- \/ Yoast SEO plugin. -->","yoast_head_json":{"title":"Buyur, bu da s\u0259n\u0259 T\u00fcrk t\u0259rzli ba\u015fqanl\u0131q - MEYDAN.TV","robots":{"index":"index","follow":"follow","max-snippet":"max-snippet:-1","max-image-preview":"max-image-preview:large","max-video-preview":"max-video-preview:-1"},"canonical":"https:\/\/www.meydan.tv\/az\/article\/buyur-bu-da-sene-turk-terzli-basqanliq\/","og_locale":"az_AZ","og_type":"article","og_title":"Buyur, bu da s\u0259n\u0259 T\u00fcrk t\u0259rzli ba\u015fqanl\u0131q - MEYDAN.TV","og_description":"\u00d6lk\u0259 atas\u0131n\u0131n mal\u0131 idi, \"Kup\u00e7a\"s\u0131n\u0131 xan\u0131m\u0131n\u0131n ad\u0131na ke\u00e7irtdi.","og_url":"https:\/\/www.meydan.tv\/az\/article\/buyur-bu-da-sene-turk-terzli-basqanliq\/","og_site_name":"MEYDAN.TV","article_published_time":"2017-02-23T14:37:55+00:00","og_image":[{"width":1150,"height":690,"url":"https:\/\/www.meydan.tv\/wp-content\/uploads\/31106.jpg","type":"image\/jpeg"}],"author":"user-manager","twitter_card":"summary_large_image","schema":{"@context":"https:\/\/schema.org","@graph":[{"@type":"Article","@id":"https:\/\/www.meydan.tv\/az\/article\/buyur-bu-da-sene-turk-terzli-basqanliq\/#article","isPartOf":{"@id":"https:\/\/www.meydan.tv\/az\/article\/buyur-bu-da-sene-turk-terzli-basqanliq\/"},"author":{"name":"user-manager","@id":"https:\/\/www.meydan.tv\/az\/#\/schema\/person\/10d11eccf6da3662cf5fdab9806ea91a"},"headline":"Buyur, bu da s\u0259n\u0259 T\u00fcrk t\u0259rzli ba\u015fqanl\u0131q","datePublished":"2017-02-23T14:37:55+00:00","mainEntityOfPage":{"@id":"https:\/\/www.meydan.tv\/az\/article\/buyur-bu-da-sene-turk-terzli-basqanliq\/"},"wordCount":991,"publisher":{"@id":"https:\/\/www.meydan.tv\/az\/#organization"},"image":{"@id":"https:\/\/www.meydan.tv\/az\/article\/buyur-bu-da-sene-turk-terzli-basqanliq\/#primaryimage"},"thumbnailUrl":"https:\/\/www.meydan.tv\/wp-content\/uploads\/31106.jpg","articleSection":["M\u0259nim Fikrimc\u0259"],"inLanguage":"az"},{"@type":"WebPage","@id":"https:\/\/www.meydan.tv\/az\/article\/buyur-bu-da-sene-turk-terzli-basqanliq\/","url":"https:\/\/www.meydan.tv\/az\/article\/buyur-bu-da-sene-turk-terzli-basqanliq\/","name":"Buyur, bu da s\u0259n\u0259 T\u00fcrk t\u0259rzli ba\u015fqanl\u0131q - MEYDAN.TV","isPartOf":{"@id":"https:\/\/www.meydan.tv\/az\/#website"},"primaryImageOfPage":{"@id":"https:\/\/www.meydan.tv\/az\/article\/buyur-bu-da-sene-turk-terzli-basqanliq\/#primaryimage"},"image":{"@id":"https:\/\/www.meydan.tv\/az\/article\/buyur-bu-da-sene-turk-terzli-basqanliq\/#primaryimage"},"thumbnailUrl":"https:\/\/www.meydan.tv\/wp-content\/uploads\/31106.jpg","datePublished":"2017-02-23T14:37:55+00:00","breadcrumb":{"@id":"https:\/\/www.meydan.tv\/az\/article\/buyur-bu-da-sene-turk-terzli-basqanliq\/#breadcrumb"},"inLanguage":"az","potentialAction":[{"@type":"ReadAction","target":["https:\/\/www.meydan.tv\/az\/article\/buyur-bu-da-sene-turk-terzli-basqanliq\/"]}]},{"@type":"ImageObject","inLanguage":"az","@id":"https:\/\/www.meydan.tv\/az\/article\/buyur-bu-da-sene-turk-terzli-basqanliq\/#primaryimage","url":"https:\/\/www.meydan.tv\/wp-content\/uploads\/31106.jpg","contentUrl":"https:\/\/www.meydan.tv\/wp-content\/uploads\/31106.jpg","width":1150,"height":690,"caption":"Source:"},{"@type":"BreadcrumbList","@id":"https:\/\/www.meydan.tv\/az\/article\/buyur-bu-da-sene-turk-terzli-basqanliq\/#breadcrumb","itemListElement":[{"@type":"ListItem","position":1,"name":"Ana s\u0259hif\u0259","item":"https:\/\/www.meydan.tv\/az\/"},{"@type":"ListItem","position":2,"name":"M\u0259nim Fikrimc\u0259","item":"https:\/\/www.meydan.tv\/az\/section\/menim-fikrimce\/"},{"@type":"ListItem","position":3,"name":"Buyur, bu da s\u0259n\u0259 T\u00fcrk t\u0259rzli ba\u015fqanl\u0131q"}]},{"@type":"WebSite","@id":"https:\/\/www.meydan.tv\/az\/#website","url":"https:\/\/www.meydan.tv\/az\/","name":"MEYDAN.TV","description":"Meydan TV Az\u0259rbaycan\u0131n media m\u0259kan\u0131ndak\u0131 alternativ s\u0259sidir","publisher":{"@id":"https:\/\/www.meydan.tv\/az\/#organization"},"potentialAction":[{"@type":"SearchAction","target":{"@type":"EntryPoint","urlTemplate":"https:\/\/www.meydan.tv\/az\/?s={search_term_string}"},"query-input":{"@type":"PropertyValueSpecification","valueRequired":true,"valueName":"search_term_string"}}],"inLanguage":"az"},{"@type":"Organization","@id":"https:\/\/www.meydan.tv\/az\/#organization","name":"Meydan TV","url":"https:\/\/www.meydan.tv\/az\/","logo":{"@type":"ImageObject","inLanguage":"az","@id":"https:\/\/www.meydan.tv\/az\/#\/schema\/logo\/image\/","url":"https:\/\/www.meydan.tv\/wp-content\/uploads\/2021\/07\/meydan-logo.svg","contentUrl":"https:\/\/www.meydan.tv\/wp-content\/uploads\/2021\/07\/meydan-logo.svg","width":195,"height":46,"caption":"Meydan TV"},"image":{"@id":"https:\/\/www.meydan.tv\/az\/#\/schema\/logo\/image\/"}},{"@type":"Person","@id":"https:\/\/www.meydan.tv\/az\/#\/schema\/person\/10d11eccf6da3662cf5fdab9806ea91a","name":"user-manager"}]}},"_links":{"self":[{"href":"https:\/\/www.meydan.tv\/az\/wp-json\/wp\/v2\/posts\/182729","targetHints":{"allow":["GET"]}}],"collection":[{"href":"https:\/\/www.meydan.tv\/az\/wp-json\/wp\/v2\/posts"}],"about":[{"href":"https:\/\/www.meydan.tv\/az\/wp-json\/wp\/v2\/types\/post"}],"author":[{"embeddable":true,"href":"https:\/\/www.meydan.tv\/az\/wp-json\/wp\/v2\/users\/11"}],"replies":[{"embeddable":true,"href":"https:\/\/www.meydan.tv\/az\/wp-json\/wp\/v2\/comments?post=182729"}],"version-history":[{"count":0,"href":"https:\/\/www.meydan.tv\/az\/wp-json\/wp\/v2\/posts\/182729\/revisions"}],"wp:featuredmedia":[{"embeddable":true,"href":"https:\/\/www.meydan.tv\/az\/wp-json\/wp\/v2\/media\/79813"}],"wp:attachment":[{"href":"https:\/\/www.meydan.tv\/az\/wp-json\/wp\/v2\/media?parent=182729"}],"wp:term":[{"taxonomy":"category","embeddable":true,"href":"https:\/\/www.meydan.tv\/az\/wp-json\/wp\/v2\/categories?post=182729"},{"taxonomy":"post_tag","embeddable":true,"href":"https:\/\/www.meydan.tv\/az\/wp-json\/wp\/v2\/tags?post=182729"}],"curies":[{"name":"wp","href":"https:\/\/api.w.org\/{rel}","templated":true}]}}