{"id":182722,"date":"2017-02-22T22:32:24","date_gmt":"2017-02-22T22:32:24","guid":{"rendered":"https:\/\/www.meydan.tv\/article\/dovlet-bascisinin-dediklerinin-realliqla-baglantisi-yoxdur\/"},"modified":"2017-02-22T22:32:24","modified_gmt":"2017-02-22T22:32:24","slug":"dovlet-bascisinin-dediklerinin-realliqla-baglantisi-yoxdur","status":"publish","type":"post","link":"https:\/\/www.meydan.tv\/az\/article\/dovlet-bascisinin-dediklerinin-realliqla-baglantisi-yoxdur\/","title":{"rendered":"&#8221;D\u00f6vl\u0259t ba\u015f\u00e7\u0131s\u0131n\u0131n dedikl\u0259rinin reall\u0131qla ba\u011flant\u0131s\u0131 yoxdur&#8221;"},"content":{"rendered":"<figure class=\"wp-block-image size-large\">\n  <img decoding=\"async\" src=\"https:\/\/www.meydan.tv\/az\/79792\/\" alt=\"\" class=\"wp-image-79792\"\/><figcaption><\/figcaption><\/figure>\n<p>\n  <i><br \/>\n    Nem\u0259t \u018fliyev: &#8221;T\u0259hl\u00fck\u0259li m\u0259qam xarici borcumuzun \u00e7ox b\u00f6y\u00fck s\u00fcr\u0259tl\u0259 artmas\u0131d\u0131r&#8221;<br \/>\n  <\/i>\n<\/p>\n<p>\n  Fevral\u0131n 18-d\u0259 M\u00fcnhen T\u0259hl\u00fck\u0259sizlik Konfrans\u0131 \u00e7\u0259r\u00e7iv\u0259sind\u0259 Avrasiyada \u0259m\u0259kda\u015fl\u0131q v\u0259 probleml\u0259r m\u0259s\u0259l\u0259l\u0259rin\u0259 dair m\u00fczakir\u0259d\u0259 \u0130lham \u018fliyev Az\u0259rbaycanda \u00f6z\u00fcn\u00fc t\u0259min ed\u0259n iqtisadiyyat quruldu\u011funu bildirib.\n<\/p>\n<p>\n  Prezident fikrini isbatlamaq \u00fc\u00e7\u00fcn Davos D\u00fcnya \u0130qtisadi Forumunun hesabatlar\u0131na \u0259saslan\u0131b:\n<\/p>\n<p>\n  &#8220;Hesabatda Az\u0259rbaycan iqtisadiyyat\u0131 r\u0259qab\u0259t qabiliyy\u0259tliliyin\u0259 g\u00f6r\u0259 37-ci, MDB m\u0259kan\u0131nda is\u0259 birinci yerd\u0259dir. Davos \u0130qtisadi Forumunun inki\u015faf ed\u0259n \u00f6lk\u0259l\u0259rin inki\u015faf\u0131 bar\u0259d\u0259 d\u0259rc olunan hesabat\u0131nda biz Litva il\u0259 birinci v\u0259 ikinci yerl\u0259ri b\u00f6l\u00fc\u015f\u00fcr\u00fck. Buna g\u00f6r\u0259 d\u0259 Az\u0259rbaycandak\u0131 iqtisadi v\u0259ziyy\u0259t m\u00fcsb\u0259tdir&#8221;.\n<\/p>\n<p>\n  \u00a0\u0130.\u018fliyev Az\u0259rbaycan\u0131n xarici borcunun \u00e7ox az oldu\u011funu s\u00f6yl\u0259yib:\n<\/p>\n<p>\n  &#8220;Bu, \u00fcmumi daxili m\u0259hsulun 20 faizind\u0259n azd\u0131r. Bizim m\u00f6vcud valyuta ehtiyatlar\u0131m\u0131z xarici borcumuzdan be\u015f d\u0259f\u0259d\u0259n d\u0259 \u00e7oxdur. Ba\u015fqa s\u00f6zl\u0259, biz b\u00fct\u00fcn borclar\u0131m\u0131z\u0131 bir h\u0259ft\u0259y\u0259 \u00f6d\u0259y\u0259 bil\u0259rik v\u0259 bu, iqtisadi imkanlar\u0131n g\u00f6st\u0259ricisidir. Buna g\u00f6r\u0259 bu g\u00fcn bizim qar\u015f\u0131m\u0131zda harasa qo\u015fulmaq m\u0259qs\u0259di durmur. Qo\u015fulanda siz daha yax\u015f\u0131 n\u0259tic\u0259l\u0259r \u0259ld\u0259 etm\u0259k \u00fc\u00e7\u00fcn qo\u015fulursunuz. Siz daha \u00e7ox \u00fcst\u00fcnl\u00fckl\u0259r, daha \u00e7ox inki\u015faf imkanlar\u0131 \u0259ld\u0259 etm\u0259k \u00fc\u00e7\u00fcn qo\u015fulursunuz. Biz \u00f6z\u00fcm\u00fcz\u00fc bu m\u00f6vqed\u0259 rahat hiss edirik&#8221;.\n<\/p>\n<p>\n  Meydan TV prezidentin s\u00f6yl\u0259dikl\u0259ri bar\u0259d\u0259 iqtisad\u00e7\u0131 Nem\u0259t \u018fliyev\u0259 m\u00fcraci\u0259t edib.\n<\/p>\n<p>\n  \u0130qtisad\u00e7\u0131 bildirib ki, Davos D\u00fcnya \u0130qtisadi Forumunun hesabatlar\u0131na \u0259saslan\u0131b fikir s\u00f6yl\u0259m\u0259sini prezident\u0259 yara\u015fd\u0131rmazd\u0131:\n<\/p>\n<p>\n  &#8220;Nec\u0259 olur, prezident idar\u0259 etdiyi \u00f6lk\u0259nin iqtisadi v\u0259ziyy\u0259tini hans\u0131sa beyn\u0259lxalq t\u0259\u015fkilatlar\u0131n hesabat\u0131ndan \u00f6yr\u0259nir? Bu yana\u015fman\u0131n \u00f6z\u00fcnd\u0259 bo\u015fluq var v\u0259 yanl\u0131\u015fd\u0131r. Beyn\u0259lxalq t\u0259\u015fkilatlar Az\u0259rbaycan iqtisadiyyat\u0131n\u0131n hans\u0131 durumda oldu\u011funa onu idar\u0259 ed\u0259nl\u0259rin g\u00f6z\u00fc il\u0259 baxmal\u0131d\u0131r. Prezident bu kimi m\u0259s\u0259l\u0259l\u0259rd\u0259 o q\u0259d\u0259r d\u0259qiq olmal\u0131d\u0131r ki, s\u00f6zl\u0259rinin k\u0259s\u0259rli v\u0259 inand\u0131r\u0131c\u0131 olmas\u0131na \u015f\u00fcbh\u0259 yaranmas\u0131n. G\u00f6r\u00fcn\u00fcr, beyn\u0259lxalq t\u0259\u015fkilatlar da \u0130lham \u018fliyevin Az\u0259rbaycan iqtisadiyyat\u0131 bar\u0259d\u0259 arzulad\u0131qlar\u0131n\u0131 yaz\u0131blar&#8221;.\n<\/p>\n<figure class=\"wp-block-image size-large\">\n  <img decoding=\"async\" src=\"https:\/\/www.meydan.tv\/az\/79786\/\" alt=\"\" class=\"wp-image-79786\"\/><figcaption><\/figcaption><\/figure>\n<p>\n  Ger\u00e7\u0259k m\u0259nz\u0259r\u0259y\u0259 g\u0259linc\u0259, Nem\u0259t \u018fliyev hesab edir ki, D\u00f6vl\u0259t Statistika Komit\u0259sinin v\u0259 Maliyy\u0259 Nazirliyinin a\u00e7\u0131qlad\u0131\u011f\u0131 m\u0259lumatlar t\u0259hlil olunsa, h\u0259r \u015fey ayd\u0131n olar: &#8220;\u018fvv\u0259la, \u00f6lk\u0259 iqtisadiyyat\u0131 investisiya bax\u0131m\u0131ndan \u00e7ox \u0259lveri\u015fsiz duruma g\u0259tirilib. Yerli investorlar\u0131m\u0131z son iki ild\u0259 yat\u0131r\u0131m qoyulu\u015funu 16 milyard dollardan 3,7 milyard dollara q\u0259d\u0259r endiribl\u0259r. Xarici investorlar is\u0259 2016-c\u0131 ild\u0259 1,3 milyard dollar azaltd\u0131lar. Bu r\u0259q\u0259ml\u0259r r\u0259qab\u0259t m\u00fchitinin olmad\u0131\u011f\u0131ndan, inzibati t\u0259zyiql\u0259rin y\u00fcks\u0259k s\u0259viyy\u0259sind\u0259n x\u0259b\u0259r verir. He\u00e7 olmasa normal r\u0259qab\u0259t m\u00fchiti olsayd\u0131, azad sahibkarlar t\u0259b\u0259q\u0259si inki\u015faf ed\u0259rdi. Bu t\u0259b\u0259q\u0259 iqtisadiyyat\u0131n t\u0259xmin\u0259n 38 milyard dollardan bir az \u00e7ox g\u0259lir itkisinin qar\u015f\u0131s\u0131n\u0131 ala bil\u0259rdi.\n<\/p>\n<p>\n  2014-c\u00fc ill\u0259 m\u00fcqayis\u0259d\u0259 \u00f6t\u0259n il iqtisadiyyat\u0131m\u0131z \u00dcDM-nin g\u00f6st\u0259ricisi \u00fczr\u0259 38 milyard dollardan bir az \u00e7ox itkiy\u0259 m\u0259ruz qal\u0131b. Bel\u0259 \u00e7\u0131x\u0131r ki, 2 ild\u0259 bir illik \u00dcDM g\u00f6st\u0259ricisi q\u0259d\u0259r v\u0259sait yoxa \u00e7\u0131x\u0131b. 38 milyard dollarl\u0131q itkinin 56 faizd\u0259n \u00e7oxu qeyri-neft sektorunun pay\u0131na d\u00fc\u015f\u00fcb. Dem\u0259li, iki ild\u0259 qeyri-neft sektorunda itkil\u0259r 21,5 milyard dollar a\u015fa\u011f\u0131 d\u00fc\u015f\u00fcb. \u018fg\u0259r bunun 9,5 milyard dollar\u0131 2015-ci ilin pay\u0131na d\u00fc\u015f\u00fcrs\u0259, 12 milyard dollar\u0131 \u00f6t\u0259n ilin pay\u0131na d\u00fc\u015f\u00fcr. \u0130ndi sual yaran\u0131r, \u018fliyevin dediyi kimi \u00f6y\u00fcn\u00fcl\u0259si n\u0259s\u0259 varsa, niy\u0259 yerli v\u0259 xarici investorlar \u00e7ox b\u00f6y\u00fck s\u00fcr\u0259tl\u0259 \u00f6lk\u0259 iqtisadiyyat\u0131n\u0131 t\u0259rk edir? Bu bax\u0131mdan d\u00f6vl\u0259t ba\u015f\u00e7\u0131s\u0131n\u0131n dedikl\u0259rinin reall\u0131qla ba\u011flant\u0131s\u0131 yoxdur&#8221;.\n<\/p>\n<figure class=\"wp-block-image size-large\">\n  <img decoding=\"async\" src=\"https:\/\/www.meydan.tv\/az\/61954\/\" alt=\"\" class=\"wp-image-61954\"\/><figcaption>\n    Nem\u0259t \u018fliyev<br \/>\n  <\/figcaption><\/figure>\n<p>\n  \u0130qtisad\u00e7\u0131 Az\u0259rbaycan k\u0259nd t\u0259s\u0259rr\u00fcfat\u0131na v\u0259 emal s\u0259nayesin\u0259 kapital qoyulu\u015funun k\u0259skin azald\u0131\u011f\u0131n\u0131 iddia edib:\n<\/p>\n<p>\n  &#8220;K\u0259nd t\u0259s\u0259rr\u00fcfat\u0131nda investisiya yat\u0131r\u0131m\u0131nda t\u0259xmin\u0259n 50 faizd\u0259n art\u0131q azalma var, emal s\u0259nayesind\u0259 is\u0259 62 faiz azalma qeyd\u0259 al\u0131n\u0131b. Amma \u0259razil\u0259rimizi i\u015f\u011fal ed\u0259n Erm\u0259nistan k\u0259nd t\u0259s\u0259rr\u00fcfat\u0131na yat\u0131r\u0131m\u0131 art\u0131r\u0131b, t\u0259xmin\u0259n 50 faiz \u00fcz\u0259rind\u0259. Emal s\u0259nayesind\u0259 yat\u0131r\u0131m is\u0259 60 faizd\u0259n \u00e7oxdur. 2016-c\u0131 ild\u0259n Az\u0259rbaycan\u0131n ixrac\u0131 28 faizd\u0259n \u00e7ox a\u015fa\u011f\u0131 d\u00fc\u015f\u00fcb, amma \u0259halisi v\u0259 imkanlar\u0131 bizd\u0259n \u00e7ox geri qalan Erm\u0259nistan g\u00f6st\u0259ricisini 20 faizd\u0259n \u00e7ox art\u0131ra bilib. Yaxud \u00f6t\u0259n il Az\u0259rbaycan\u0131n \u00fcmumi ticar\u0259t d\u00f6vriyy\u0259si 4, 3 milyard a\u015fa\u011f\u0131 d\u00fc\u015f\u00fcb. G\u00fcrc\u00fcstan is\u0259 2 milyard dollar art\u0131ma nail olub. Bu r\u0259q\u0259ml\u0259ri real m\u0259nz\u0259r\u0259ni ortaya \u00e7\u0131xartmaq \u00fc\u00e7\u00fcn xat\u0131rlatd\u0131m&#8221;.\n<\/p>\n<p>\n  \u00a0N.\u018fliyev d\u00f6vl\u0259t ba\u015f\u00e7\u0131s\u0131n\u0131n xarici borclarla ba\u011fl\u0131 s\u00f6yl\u0259dikl\u0259rini bel\u0259 \u015f\u0259rh etdi:\n<\/p>\n<p>\n  &#8220;2016-c\u0131 ilin oktyabr\u0131n 1-n\u0259 olan m\u0259lumata g\u00f6r\u0259, Az\u0259rbaycan\u0131n xarici borcu 7,5 milyard dollard\u0131r. T\u0259hl\u00fck\u0259li m\u0259qam xarici borcumuzun \u00e7ox b\u00f6y\u00fck s\u00fcr\u0259tl\u0259 artmas\u0131d\u0131r. Son 9 ayda xarici borc 13 faiz art\u0131b. 2015-ci ilin \u0259vv\u0259lin\u0259 olan v\u0259ziyy\u0259t\u0259 g\u00f6r\u0259, xarici borcumuz \u00dcDM-d\u0259n t\u0259xmin\u0259n 8-9 faiz paya malik idis\u0259, bu g\u00fcn 23 faizin \u00fcz\u0259rind\u0259dir. \u0130lin sonunda \u00dcDM xarici borcun \u00e7\u0259kisi 30 faiz\u0259 yax\u0131nla\u015f\u0131r. Problem ondad\u0131r ki, h\u00f6kum\u0259t yaln\u0131z xarici borcu art\u0131rmay\u0131b, 2016-c\u0131 ilin iyulun 1-n\u0259 olan v\u0259ziyy\u0259t\u0259 g\u00f6r\u0259, daxili m\u0259nb\u0259l\u0259rd\u0259n 7,3 milyard manat borclanmaya gedib. \u00d6t\u0259n ilin 6 ay\u0131nda daxili m\u0259nb\u0259l\u0259rd\u0259n al\u0131nm\u0131\u015f borcun 57 faiz y\u00fcks\u0259lm\u0259si \u00e7ox t\u0259hl\u00fck\u0259lidir. B\u00fct\u00f6vl\u00fckd\u0259 daxili v\u0259 xarici borcun \u00dcDM-d\u0259 \u00e7\u0259kisi 40 faiz civar\u0131ndad\u0131r. B\u0259li, D\u00f6vl\u0259t Neft Fondundak\u0131 33 milyarddan 7-8 milyard ay\u0131r\u0131b borclar\u0131 \u00f6d\u0259m\u0259k olar. Amma s\u0259m\u0259r\u0259lilik bax\u0131m\u0131ndan, bu, m\u0259qs\u0259duy\u011fun deyil. Narahatl\u0131q yaradan m\u0259qam daxili v\u0259 xarici borcun q\u0131sa m\u00fcdd\u0259td\u0259 s\u00fcr\u0259tl\u0259 artmas\u0131 v\u0259 \u00dcDM-nin a\u015fa\u011f\u0131 d\u00fc\u015fm\u0259sidir. Eyni zamanda D\u00f6vl\u0259t Neft Fondunun ehtiyatlar\u0131 da s\u00fcr\u0259tl\u0259 azal\u0131r, \u00e7\u00fcnki t\u0259diyy\u0259 balans\u0131nda \u00e7ox b\u00f6y\u00fck h\u0259cmd\u0259 k\u0259sir \u0259m\u0259l\u0259 g\u0259lib. T\u0259s\u0259vv\u00fcr edin ki, D\u00f6vl\u0259t Neft Fondunun 5 milyard, M\u0259rk\u0259zi Bank\u0131n is\u0259 11 milyard dollar\u0131 \u0259riyib. 16 milyard\u0131n 2 ild\u0259 \u0259ld\u0259n \u00e7\u0131xmas\u0131 s\u0131radan bir hadis\u0259 deyil. Proses bu c\u00fcr davam ets\u0259, D\u00f6vl\u0259t Neft Fondundak\u0131 33 milyard dollar\u0131n yar\u0131s\u0131 da he\u00e7 olmayacaq. \u018fg\u0259r fonddak\u0131 v\u0259saitl\u0259rin g\u0259l\u0259c\u0259k n\u0259sill\u0259r\u0259 saxlan\u0131lmas\u0131n\u0131 deyirdiks\u0259, o zaman xarici borcun q\u0131sa zamanda \u00f6d\u0259nm\u0259si reall\u0131qdan \u00e7ox uzaqd\u0131r&#8221;.<\/p>\n","protected":false},"excerpt":{"rendered":"<p>Nem\u0259t \u018fliyev: &#8221;T\u0259hl\u00fck\u0259li m\u0259qam xarici borcumuzun \u00e7ox b\u00f6y\u00fck s\u00fcr\u0259tl\u0259 artmas\u0131d\u0131r&#8221;<\/p>\n","protected":false},"author":11,"featured_media":79792,"comment_status":"closed","ping_status":"open","sticky":false,"template":"","format":"standard","meta":{"_acf_changed":false,"_sitemap_exclude":false,"_sitemap_priority":"","_sitemap_frequency":"","footnotes":""},"categories":[51],"tags":[],"class_list":["post-182722","post","type-post","status-publish","format-standard","has-post-thumbnail","hentry","category-analitika","infinite-scroll-item","generate-columns","tablet-grid-50","mobile-grid-100","grid-parent","grid-33","no-featured-image-padding"],"acf":[],"yoast_head":"<!-- This site is optimized with the Yoast SEO plugin v27.4 - https:\/\/yoast.com\/product\/yoast-seo-wordpress\/ -->\n<title>&#039;&#039;D\u00f6vl\u0259t ba\u015f\u00e7\u0131s\u0131n\u0131n dedikl\u0259rinin reall\u0131qla ba\u011flant\u0131s\u0131 yoxdur&#039;&#039; - MEYDAN.TV<\/title>\n<meta name=\"robots\" content=\"index, follow, max-snippet:-1, max-image-preview:large, max-video-preview:-1\" \/>\n<link rel=\"canonical\" href=\"https:\/\/www.meydan.tv\/az\/article\/dovlet-bascisinin-dediklerinin-realliqla-baglantisi-yoxdur\/\" \/>\n<meta property=\"og:locale\" content=\"az_AZ\" \/>\n<meta property=\"og:type\" content=\"article\" \/>\n<meta property=\"og:title\" content=\"&#039;&#039;D\u00f6vl\u0259t ba\u015f\u00e7\u0131s\u0131n\u0131n dedikl\u0259rinin reall\u0131qla ba\u011flant\u0131s\u0131 yoxdur&#039;&#039; - MEYDAN.TV\" \/>\n<meta property=\"og:description\" content=\"Nem\u0259t \u018fliyev: &#039;&#039;T\u0259hl\u00fck\u0259li m\u0259qam xarici borcumuzun \u00e7ox b\u00f6y\u00fck s\u00fcr\u0259tl\u0259 artmas\u0131d\u0131r&#039;&#039;\" \/>\n<meta property=\"og:url\" content=\"https:\/\/www.meydan.tv\/az\/article\/dovlet-bascisinin-dediklerinin-realliqla-baglantisi-yoxdur\/\" \/>\n<meta property=\"og:site_name\" content=\"MEYDAN.TV\" \/>\n<meta property=\"article:published_time\" content=\"2017-02-22T22:32:24+00:00\" \/>\n<meta property=\"og:image\" content=\"https:\/\/www.meydan.tv\/wp-content\/uploads\/31097.jpg\" \/>\n\t<meta property=\"og:image:width\" content=\"650\" \/>\n\t<meta property=\"og:image:height\" content=\"410\" \/>\n\t<meta property=\"og:image:type\" content=\"image\/jpeg\" \/>\n<meta name=\"author\" content=\"user-manager\" \/>\n<meta name=\"twitter:card\" content=\"summary_large_image\" \/>\n<script type=\"application\/ld+json\" class=\"yoast-schema-graph\">{\"@context\":\"https:\\\/\\\/schema.org\",\"@graph\":[{\"@type\":\"Article\",\"@id\":\"https:\\\/\\\/www.meydan.tv\\\/az\\\/article\\\/dovlet-bascisinin-dediklerinin-realliqla-baglantisi-yoxdur\\\/#article\",\"isPartOf\":{\"@id\":\"https:\\\/\\\/www.meydan.tv\\\/az\\\/article\\\/dovlet-bascisinin-dediklerinin-realliqla-baglantisi-yoxdur\\\/\"},\"author\":{\"name\":\"user-manager\",\"@id\":\"https:\\\/\\\/www.meydan.tv\\\/az\\\/#\\\/schema\\\/person\\\/10d11eccf6da3662cf5fdab9806ea91a\"},\"headline\":\"&#8221;D\u00f6vl\u0259t ba\u015f\u00e7\u0131s\u0131n\u0131n dedikl\u0259rinin reall\u0131qla ba\u011flant\u0131s\u0131 yoxdur&#8221;\",\"datePublished\":\"2017-02-22T22:32:24+00:00\",\"mainEntityOfPage\":{\"@id\":\"https:\\\/\\\/www.meydan.tv\\\/az\\\/article\\\/dovlet-bascisinin-dediklerinin-realliqla-baglantisi-yoxdur\\\/\"},\"wordCount\":1242,\"publisher\":{\"@id\":\"https:\\\/\\\/www.meydan.tv\\\/az\\\/#organization\"},\"image\":{\"@id\":\"https:\\\/\\\/www.meydan.tv\\\/az\\\/article\\\/dovlet-bascisinin-dediklerinin-realliqla-baglantisi-yoxdur\\\/#primaryimage\"},\"thumbnailUrl\":\"https:\\\/\\\/www.meydan.tv\\\/wp-content\\\/uploads\\\/31097.jpg\",\"articleSection\":[\"Analitika\"],\"inLanguage\":\"az\"},{\"@type\":\"WebPage\",\"@id\":\"https:\\\/\\\/www.meydan.tv\\\/az\\\/article\\\/dovlet-bascisinin-dediklerinin-realliqla-baglantisi-yoxdur\\\/\",\"url\":\"https:\\\/\\\/www.meydan.tv\\\/az\\\/article\\\/dovlet-bascisinin-dediklerinin-realliqla-baglantisi-yoxdur\\\/\",\"name\":\"''D\u00f6vl\u0259t ba\u015f\u00e7\u0131s\u0131n\u0131n dedikl\u0259rinin reall\u0131qla ba\u011flant\u0131s\u0131 yoxdur'' - MEYDAN.TV\",\"isPartOf\":{\"@id\":\"https:\\\/\\\/www.meydan.tv\\\/az\\\/#website\"},\"primaryImageOfPage\":{\"@id\":\"https:\\\/\\\/www.meydan.tv\\\/az\\\/article\\\/dovlet-bascisinin-dediklerinin-realliqla-baglantisi-yoxdur\\\/#primaryimage\"},\"image\":{\"@id\":\"https:\\\/\\\/www.meydan.tv\\\/az\\\/article\\\/dovlet-bascisinin-dediklerinin-realliqla-baglantisi-yoxdur\\\/#primaryimage\"},\"thumbnailUrl\":\"https:\\\/\\\/www.meydan.tv\\\/wp-content\\\/uploads\\\/31097.jpg\",\"datePublished\":\"2017-02-22T22:32:24+00:00\",\"breadcrumb\":{\"@id\":\"https:\\\/\\\/www.meydan.tv\\\/az\\\/article\\\/dovlet-bascisinin-dediklerinin-realliqla-baglantisi-yoxdur\\\/#breadcrumb\"},\"inLanguage\":\"az\",\"potentialAction\":[{\"@type\":\"ReadAction\",\"target\":[\"https:\\\/\\\/www.meydan.tv\\\/az\\\/article\\\/dovlet-bascisinin-dediklerinin-realliqla-baglantisi-yoxdur\\\/\"]}]},{\"@type\":\"ImageObject\",\"inLanguage\":\"az\",\"@id\":\"https:\\\/\\\/www.meydan.tv\\\/az\\\/article\\\/dovlet-bascisinin-dediklerinin-realliqla-baglantisi-yoxdur\\\/#primaryimage\",\"url\":\"https:\\\/\\\/www.meydan.tv\\\/wp-content\\\/uploads\\\/31097.jpg\",\"contentUrl\":\"https:\\\/\\\/www.meydan.tv\\\/wp-content\\\/uploads\\\/31097.jpg\",\"width\":650,\"height\":410,\"caption\":\"Source:\"},{\"@type\":\"BreadcrumbList\",\"@id\":\"https:\\\/\\\/www.meydan.tv\\\/az\\\/article\\\/dovlet-bascisinin-dediklerinin-realliqla-baglantisi-yoxdur\\\/#breadcrumb\",\"itemListElement\":[{\"@type\":\"ListItem\",\"position\":1,\"name\":\"Ana s\u0259hif\u0259\",\"item\":\"https:\\\/\\\/www.meydan.tv\\\/az\\\/\"},{\"@type\":\"ListItem\",\"position\":2,\"name\":\"Analitika\",\"item\":\"https:\\\/\\\/www.meydan.tv\\\/az\\\/section\\\/analitika\\\/\"},{\"@type\":\"ListItem\",\"position\":3,\"name\":\"&#8221;D\u00f6vl\u0259t ba\u015f\u00e7\u0131s\u0131n\u0131n dedikl\u0259rinin reall\u0131qla ba\u011flant\u0131s\u0131 yoxdur&#8221;\"}]},{\"@type\":\"WebSite\",\"@id\":\"https:\\\/\\\/www.meydan.tv\\\/az\\\/#website\",\"url\":\"https:\\\/\\\/www.meydan.tv\\\/az\\\/\",\"name\":\"MEYDAN.TV\",\"description\":\"Meydan TV Az\u0259rbaycan\u0131n media m\u0259kan\u0131ndak\u0131 alternativ s\u0259sidir\",\"publisher\":{\"@id\":\"https:\\\/\\\/www.meydan.tv\\\/az\\\/#organization\"},\"potentialAction\":[{\"@type\":\"SearchAction\",\"target\":{\"@type\":\"EntryPoint\",\"urlTemplate\":\"https:\\\/\\\/www.meydan.tv\\\/az\\\/?s={search_term_string}\"},\"query-input\":{\"@type\":\"PropertyValueSpecification\",\"valueRequired\":true,\"valueName\":\"search_term_string\"}}],\"inLanguage\":\"az\"},{\"@type\":\"Organization\",\"@id\":\"https:\\\/\\\/www.meydan.tv\\\/az\\\/#organization\",\"name\":\"Meydan TV\",\"url\":\"https:\\\/\\\/www.meydan.tv\\\/az\\\/\",\"logo\":{\"@type\":\"ImageObject\",\"inLanguage\":\"az\",\"@id\":\"https:\\\/\\\/www.meydan.tv\\\/az\\\/#\\\/schema\\\/logo\\\/image\\\/\",\"url\":\"https:\\\/\\\/www.meydan.tv\\\/wp-content\\\/uploads\\\/2021\\\/07\\\/meydan-logo.svg\",\"contentUrl\":\"https:\\\/\\\/www.meydan.tv\\\/wp-content\\\/uploads\\\/2021\\\/07\\\/meydan-logo.svg\",\"width\":195,\"height\":46,\"caption\":\"Meydan TV\"},\"image\":{\"@id\":\"https:\\\/\\\/www.meydan.tv\\\/az\\\/#\\\/schema\\\/logo\\\/image\\\/\"}},{\"@type\":\"Person\",\"@id\":\"https:\\\/\\\/www.meydan.tv\\\/az\\\/#\\\/schema\\\/person\\\/10d11eccf6da3662cf5fdab9806ea91a\",\"name\":\"user-manager\"}]}<\/script>\n<!-- \/ Yoast SEO plugin. -->","yoast_head_json":{"title":"''D\u00f6vl\u0259t ba\u015f\u00e7\u0131s\u0131n\u0131n dedikl\u0259rinin reall\u0131qla ba\u011flant\u0131s\u0131 yoxdur'' - MEYDAN.TV","robots":{"index":"index","follow":"follow","max-snippet":"max-snippet:-1","max-image-preview":"max-image-preview:large","max-video-preview":"max-video-preview:-1"},"canonical":"https:\/\/www.meydan.tv\/az\/article\/dovlet-bascisinin-dediklerinin-realliqla-baglantisi-yoxdur\/","og_locale":"az_AZ","og_type":"article","og_title":"''D\u00f6vl\u0259t ba\u015f\u00e7\u0131s\u0131n\u0131n dedikl\u0259rinin reall\u0131qla ba\u011flant\u0131s\u0131 yoxdur'' - MEYDAN.TV","og_description":"Nem\u0259t \u018fliyev: ''T\u0259hl\u00fck\u0259li m\u0259qam xarici borcumuzun \u00e7ox b\u00f6y\u00fck s\u00fcr\u0259tl\u0259 artmas\u0131d\u0131r''","og_url":"https:\/\/www.meydan.tv\/az\/article\/dovlet-bascisinin-dediklerinin-realliqla-baglantisi-yoxdur\/","og_site_name":"MEYDAN.TV","article_published_time":"2017-02-22T22:32:24+00:00","og_image":[{"width":650,"height":410,"url":"https:\/\/www.meydan.tv\/wp-content\/uploads\/31097.jpg","type":"image\/jpeg"}],"author":"user-manager","twitter_card":"summary_large_image","schema":{"@context":"https:\/\/schema.org","@graph":[{"@type":"Article","@id":"https:\/\/www.meydan.tv\/az\/article\/dovlet-bascisinin-dediklerinin-realliqla-baglantisi-yoxdur\/#article","isPartOf":{"@id":"https:\/\/www.meydan.tv\/az\/article\/dovlet-bascisinin-dediklerinin-realliqla-baglantisi-yoxdur\/"},"author":{"name":"user-manager","@id":"https:\/\/www.meydan.tv\/az\/#\/schema\/person\/10d11eccf6da3662cf5fdab9806ea91a"},"headline":"&#8221;D\u00f6vl\u0259t ba\u015f\u00e7\u0131s\u0131n\u0131n dedikl\u0259rinin reall\u0131qla ba\u011flant\u0131s\u0131 yoxdur&#8221;","datePublished":"2017-02-22T22:32:24+00:00","mainEntityOfPage":{"@id":"https:\/\/www.meydan.tv\/az\/article\/dovlet-bascisinin-dediklerinin-realliqla-baglantisi-yoxdur\/"},"wordCount":1242,"publisher":{"@id":"https:\/\/www.meydan.tv\/az\/#organization"},"image":{"@id":"https:\/\/www.meydan.tv\/az\/article\/dovlet-bascisinin-dediklerinin-realliqla-baglantisi-yoxdur\/#primaryimage"},"thumbnailUrl":"https:\/\/www.meydan.tv\/wp-content\/uploads\/31097.jpg","articleSection":["Analitika"],"inLanguage":"az"},{"@type":"WebPage","@id":"https:\/\/www.meydan.tv\/az\/article\/dovlet-bascisinin-dediklerinin-realliqla-baglantisi-yoxdur\/","url":"https:\/\/www.meydan.tv\/az\/article\/dovlet-bascisinin-dediklerinin-realliqla-baglantisi-yoxdur\/","name":"''D\u00f6vl\u0259t ba\u015f\u00e7\u0131s\u0131n\u0131n dedikl\u0259rinin reall\u0131qla ba\u011flant\u0131s\u0131 yoxdur'' - MEYDAN.TV","isPartOf":{"@id":"https:\/\/www.meydan.tv\/az\/#website"},"primaryImageOfPage":{"@id":"https:\/\/www.meydan.tv\/az\/article\/dovlet-bascisinin-dediklerinin-realliqla-baglantisi-yoxdur\/#primaryimage"},"image":{"@id":"https:\/\/www.meydan.tv\/az\/article\/dovlet-bascisinin-dediklerinin-realliqla-baglantisi-yoxdur\/#primaryimage"},"thumbnailUrl":"https:\/\/www.meydan.tv\/wp-content\/uploads\/31097.jpg","datePublished":"2017-02-22T22:32:24+00:00","breadcrumb":{"@id":"https:\/\/www.meydan.tv\/az\/article\/dovlet-bascisinin-dediklerinin-realliqla-baglantisi-yoxdur\/#breadcrumb"},"inLanguage":"az","potentialAction":[{"@type":"ReadAction","target":["https:\/\/www.meydan.tv\/az\/article\/dovlet-bascisinin-dediklerinin-realliqla-baglantisi-yoxdur\/"]}]},{"@type":"ImageObject","inLanguage":"az","@id":"https:\/\/www.meydan.tv\/az\/article\/dovlet-bascisinin-dediklerinin-realliqla-baglantisi-yoxdur\/#primaryimage","url":"https:\/\/www.meydan.tv\/wp-content\/uploads\/31097.jpg","contentUrl":"https:\/\/www.meydan.tv\/wp-content\/uploads\/31097.jpg","width":650,"height":410,"caption":"Source:"},{"@type":"BreadcrumbList","@id":"https:\/\/www.meydan.tv\/az\/article\/dovlet-bascisinin-dediklerinin-realliqla-baglantisi-yoxdur\/#breadcrumb","itemListElement":[{"@type":"ListItem","position":1,"name":"Ana s\u0259hif\u0259","item":"https:\/\/www.meydan.tv\/az\/"},{"@type":"ListItem","position":2,"name":"Analitika","item":"https:\/\/www.meydan.tv\/az\/section\/analitika\/"},{"@type":"ListItem","position":3,"name":"&#8221;D\u00f6vl\u0259t ba\u015f\u00e7\u0131s\u0131n\u0131n dedikl\u0259rinin reall\u0131qla ba\u011flant\u0131s\u0131 yoxdur&#8221;"}]},{"@type":"WebSite","@id":"https:\/\/www.meydan.tv\/az\/#website","url":"https:\/\/www.meydan.tv\/az\/","name":"MEYDAN.TV","description":"Meydan TV Az\u0259rbaycan\u0131n media m\u0259kan\u0131ndak\u0131 alternativ s\u0259sidir","publisher":{"@id":"https:\/\/www.meydan.tv\/az\/#organization"},"potentialAction":[{"@type":"SearchAction","target":{"@type":"EntryPoint","urlTemplate":"https:\/\/www.meydan.tv\/az\/?s={search_term_string}"},"query-input":{"@type":"PropertyValueSpecification","valueRequired":true,"valueName":"search_term_string"}}],"inLanguage":"az"},{"@type":"Organization","@id":"https:\/\/www.meydan.tv\/az\/#organization","name":"Meydan TV","url":"https:\/\/www.meydan.tv\/az\/","logo":{"@type":"ImageObject","inLanguage":"az","@id":"https:\/\/www.meydan.tv\/az\/#\/schema\/logo\/image\/","url":"https:\/\/www.meydan.tv\/wp-content\/uploads\/2021\/07\/meydan-logo.svg","contentUrl":"https:\/\/www.meydan.tv\/wp-content\/uploads\/2021\/07\/meydan-logo.svg","width":195,"height":46,"caption":"Meydan TV"},"image":{"@id":"https:\/\/www.meydan.tv\/az\/#\/schema\/logo\/image\/"}},{"@type":"Person","@id":"https:\/\/www.meydan.tv\/az\/#\/schema\/person\/10d11eccf6da3662cf5fdab9806ea91a","name":"user-manager"}]}},"_links":{"self":[{"href":"https:\/\/www.meydan.tv\/az\/wp-json\/wp\/v2\/posts\/182722","targetHints":{"allow":["GET"]}}],"collection":[{"href":"https:\/\/www.meydan.tv\/az\/wp-json\/wp\/v2\/posts"}],"about":[{"href":"https:\/\/www.meydan.tv\/az\/wp-json\/wp\/v2\/types\/post"}],"author":[{"embeddable":true,"href":"https:\/\/www.meydan.tv\/az\/wp-json\/wp\/v2\/users\/11"}],"replies":[{"embeddable":true,"href":"https:\/\/www.meydan.tv\/az\/wp-json\/wp\/v2\/comments?post=182722"}],"version-history":[{"count":0,"href":"https:\/\/www.meydan.tv\/az\/wp-json\/wp\/v2\/posts\/182722\/revisions"}],"wp:featuredmedia":[{"embeddable":true,"href":"https:\/\/www.meydan.tv\/az\/wp-json\/wp\/v2\/media\/79792"}],"wp:attachment":[{"href":"https:\/\/www.meydan.tv\/az\/wp-json\/wp\/v2\/media?parent=182722"}],"wp:term":[{"taxonomy":"category","embeddable":true,"href":"https:\/\/www.meydan.tv\/az\/wp-json\/wp\/v2\/categories?post=182722"},{"taxonomy":"post_tag","embeddable":true,"href":"https:\/\/www.meydan.tv\/az\/wp-json\/wp\/v2\/tags?post=182722"}],"curies":[{"name":"wp","href":"https:\/\/api.w.org\/{rel}","templated":true}]}}