{"id":182705,"date":"2017-02-22T16:51:36","date_gmt":"2017-02-22T16:51:36","guid":{"rendered":"https:\/\/www.meydan.tv\/article\/teyinat-ve-edalet-prinsipi\/"},"modified":"2017-02-22T16:51:36","modified_gmt":"2017-02-22T16:51:36","slug":"teyinat-ve-edalet-prinsipi","status":"publish","type":"post","link":"https:\/\/www.meydan.tv\/az\/article\/teyinat-ve-edalet-prinsipi\/","title":{"rendered":"T\u0259yinat v\u0259 \u0259dal\u0259t prinsipi"},"content":{"rendered":"<figure class=\"wp-block-image size-large\">\n  <img decoding=\"async\" src=\"https:\/\/www.meydan.tv\/az\/58391\/\" alt=\"\" class=\"wp-image-58391\"\/><figcaption><\/figcaption><\/figure>\n<p>\n  <i><br \/>\n    Legitimlik \u00fc\u00e7\u00fcn \u0259n az\u0131 n\u00f6vb\u0259d\u0259nk\u0259nar president se\u00e7kisi ke\u00e7iril\u0259 bil\u0259rdi<br \/>\n  <\/i>\n<\/p>\n<p>\n  D\u00fcn\u0259n \u00f6lk\u0259 ba\u015f\u00e7\u0131s\u0131n\u0131n s\u0259r\u0259ncam\u0131 il\u0259 birinci vitse-prezidentin t\u0259yin edilm\u0259si bir s\u0131ra h\u00fcquqi v\u0259 siyasi suallar do\u011furub. \u018fvv\u0259lc\u0259 h\u00fcquqi m\u0259qamlar bar\u0259d\u0259.\n<\/p>\n<p>\n  26 sentyabr 2016-c\u0131 il referendumu il\u0259 ba\u011fl\u0131 a\u00e7\u0131q qalan m\u0259s\u0259l\u0259l\u0259rd\u0259n biri yeni d\u00fcz\u0259li\u015fl\u0259rin q\u00fcvv\u0259y\u0259 minm\u0259si il\u0259 ba\u011fl\u0131 konkret t\u0259nziml\u0259m\u0259 mexanizminin olmamas\u0131 idi. G\u00f6r\u00fcn\u00fcr h\u0259min referendum akt\u0131n\u0131 haz\u0131rlayanlar bunu ya bil\u0259r\u0259kd\u0259n, ya da bilm\u0259y\u0259r\u0259kd\u0259n n\u0259z\u0259rd\u0259n qa\u00e7\u0131r\u0131blar. El\u0259 Avropa \u015euras\u0131 Venesiya Komissiyas\u0131n\u0131n r\u0259yind\u0259 d\u0259 referendum akt\u0131n\u0131n m\u00fczakir\u0259sin\u0259 parlamentin c\u0259lb edilm\u0259m\u0259si v\u0259 Konstitusiyaya d\u0259yi\u015fiklikl\u0259rl\u0259 \u0259lav\u0259l\u0259rin eyni s\u0259n\u0259dd\u0259 t\u0259qdim edilm\u0259si il\u0259 yana\u015f\u0131 konstitusion d\u00fcz\u0259li\u015fl\u0259rin q\u00fcvv\u0259y\u0259 minm\u0259si qaydas\u0131 il\u0259 ba\u011fl\u0131 t\u0259nziml\u0259m\u0259nin olmamas\u0131 t\u0259nqid edilib.\n<\/p>\n<p>\n  Haz\u0131rda s\u0259lahiyy\u0259t m\u00fcdd\u0259tinin 4-c\u00fc ilind\u0259 olan prezident k\u00f6hn\u0259 konstitusiya \u0259sas\u0131nda se\u00e7ildiyind\u0259n onun yeni konstitusion d\u00fcz\u0259li\u015fl\u0259rin g\u0259tirdiyi s\u0259lahiyy\u0259tl\u0259r\u0259 yiy\u0259l\u0259nm\u0259si bar\u0259d\u0259 legitim imtiyaza malik olmas\u0131 \u0259sasland\u0131r\u0131lmay\u0131b. M\u0259s\u0259l\u0259n, yeni d\u00fcz\u0259li\u015fl\u0259rd\u0259n sonra prezidentin s\u0259lahiyy\u0259t m\u00fcdd\u0259ti 5 ild\u0259n 7 il\u0259 art\u0131r\u0131l\u0131b. Ancaq haz\u0131rda v\u0259zif\u0259sinin icras\u0131nda olan prezident 9 oktyabr 2013-c\u00fc ild\u0259ki se\u00e7kid\u0259n sonra konstitusiyaya and i\u00e7\u0259rk\u0259n 5 il m\u00fcdd\u0259tin\u0259 \u00f6k\u0259ni o vaxtk\u0131 s\u0259lahiyy\u0259tl\u0259ri il\u0259 idar\u0259 ed\u0259c\u0259yin\u0259 dair h\u00fcquqi \u0259minlik verib. \u018fg\u0259r indi prezident\u0259 vitse-prezident t\u0259yin etm\u0259k kimi yeni s\u0259lahiyy\u0259t verilirs\u0259, o zaman s\u0259lahiyy\u0259t m\u00fcdd\u0259tini 5 il sonra deyil, iki il daha art\u0131q m\u00fcdd\u0259td\u0259n sonra, y\u0259ni 7 il\u0259 bitir\u0259c\u0259yin\u0259 dair h\u00fcquqi m\u0259hdudiyy\u0259t d\u0259 olmamal\u0131d\u0131r. Halbuki var. \u018fslind\u0259 b\u00fct\u00fcn bunlara ayd\u0131nl\u0131q g\u0259lm\u0259si \u00fc\u00e7\u00fcn 26 sentyabr referendumundq ke\u00e7id m\u00fcdd\u0259alar\u0131n\u0131n q\u0259bul edilm\u0259si v\u0259 ya Konstitusiya M\u0259hk\u0259m\u0259sinin ayr\u0131ca r\u0259y verm\u0259si z\u0259ruri idi. Ancaq g\u00f6r\u00fcnd\u00fcy\u00fc kimi ortada n\u0259 ke\u00e7id m\u00fcdd\u0259as\u0131 var, n\u0259 d\u0259 Konstitusiya M\u0259hk\u0259m\u0259sinin r\u0259yi \u2013 bel\u0259 bir h\u00fcquqi vakumda konstitusiyan\u0131n yeni d\u00fcz\u0259li\u015fl\u0259ri k\u00f6hn\u0259 konstitusiya \u00e7\u0259r\u00e7iv\u0259sind\u0259 se\u00e7ilmi\u015f president t\u0259r\u0259find\u0259n icra olunma\u011fa ba\u015flay\u0131b. Legitimlik \u00fc\u00e7\u00fcn \u0259n az\u0131 n\u00f6vb\u0259d\u0259nk\u0259nar president se\u00e7kisi ke\u00e7iril\u0259 bil\u0259rdi.\n<\/p>\n<p>\n  N\u0259hay\u0259t, dig\u0259r bir h\u00fcquqi m\u0259s\u0259l\u0259 son referendumunun legitimliyi il\u0259 ba\u011fl\u0131d\u0131r. M\u0259s\u0259l\u0259 buras\u0131ndad\u0131r ki, bu referendum akt\u0131 konstitusion prosesual \u0259dal\u0259tlilik prinsipinin pozulmas\u0131 \u015f\u0259raitind\u0259 ba\u015f tutub. \u018fdal\u0259tlilik prinsipinin ba\u015fl\u0131ca \u015f\u0259rti referendumun qanunverici hakimiyy\u0259tin v\u0259 geni\u015f ictimaiyy\u0259tin i\u015ftirak\u0131 il\u0259 azad v\u0259 demokratik s\u0259sverm\u0259 n\u0259tic\u0259sind\u0259 q\u0259bul edilm\u0259sidir. Ancaq bu \u015f\u0259rtl\u0259r\u0259 d\u0259 \u0259m\u0259l olunmad\u0131\u011f\u0131ndan sonuncu referendumun legitimliyi daim m\u00fcbahis\u0259l\u0259ndiril\u0259c\u0259k.\n<\/p>\n<p>\n  M\u0259s\u0259l\u0259nin siyasi t\u0259r\u0259fin\u0259 g\u0259ldikd\u0259 sonuncu s\u0259r\u0259ncam nepotizm presedenti yaratd\u0131\u011f\u0131 \u00fc\u00e7\u00fcn \u00f6lk\u0259d\u0259 siyasi b\u00f6hran\u0131 daha da d\u0259rinl\u0259\u015fdir\u0259 bil\u0259r. Faktiki olaraq \u00f6lk\u0259d\u0259 18 mart 2009-cu il referendumundan b\u0259ri ali d\u00f6vl\u0259t idar\u0259\u00e7iliyi il\u0259 ba\u011fl\u0131 siyasi b\u00f6hran d\u0259rinl\u0259\u015fm\u0259kd\u0259dir. Siyasi pl\u00fcralizmin bo\u011fulmas\u0131, d\u00f6vl\u0259t idar\u0259\u00e7iliyinin superprezident hakimiyy\u0259ti \u0259traf\u0131nda c\u0259ml\u0259nm\u0259si, parlamentin rolunun minimuma endirilm\u0259si, media v\u0259 ictimai-siyasi t\u0259\u015fkilatlarla hesabatla\u015fmama \u00f6lk\u0259d\u0259 m\u00fcasir idar\u0259\u00e7ilik standartlar\u0131ndan imtinan\u0131 g\u00fccl\u0259ndirib. M\u00f6vcud siyasi komandan\u0131n \u00f6lk\u0259d\u0259 yaratd\u0131\u011f\u0131 total siyasi n\u0259zar\u0259t v\u0259t\u0259nda\u015f-d\u00f6vl\u0259t m\u00fcnasib\u0259tl\u0259rini m\u00fcst\u0259qillik tarxind\u0259 \u0259n b\u00f6hranl\u0131 duruma g\u0259tirib. Bu b\u00f6hrandan \u00e7\u0131x\u0131\u015f yolu yaln\u0131z h\u00fcquqi-siyasi islahatlar ola bil\u0259r.\n<\/p>\n<p>\n  V\u0259 \u0259n n\u0259hay\u0259t, sosial-iqtisadi b\u00f6hrandan \u00e7\u0131x\u0131\u015f yolu kimi t\u0259bli\u011f edil\u0259n referendum he\u00e7 bir halda islahat\u00e7\u0131 v\u0259 proqressiv s\u0259ciyy\u0259 da\u015f\u0131mayacaq. \u00c7\u00fcnki sosial-iqtisadi b\u00f6hrandan \u00e7\u0131x\u0131\u015f yolu m\u00f6vcud m\u0259hdud maliyy\u0259 resurslar\u0131 \u015f\u0259raitind\u0259 ilk \u00f6nc\u0259 h\u00fcquqi islahatlar\u0131, daha konkret m\u0259hk\u0259m\u0259 hakimiyy\u0259tinin m\u00fcst\u0259qilliyini v\u0259 qanunun aliliyin\u0259 t\u0259minatdan ba\u015flay\u0131r. Bu sah\u0259d\u0259 islahatlar olmadan \u00f6lk\u0259d\u0259 m\u00fclkiyy\u0259t\u0259 t\u0259minat, vergi m\u00fcnasib\u0259tl\u0259ri, bank-kredit siyas\u0259tind\u0259 yum\u015falma v\u0259 maliyy\u0259 amnistiyas\u0131 m\u00fcmk\u00fcn deyil. H\u00fcquqi islahatlar \u00fc\u00e7\u00fcn is\u0259 siyasi irad\u0259 laz\u0131md\u0131r\u2026<\/p>\n","protected":false},"excerpt":{"rendered":"<p>Legitimlik \u00fc\u00e7\u00fcn \u0259n az\u0131 n\u00f6vb\u0259d\u0259nk\u0259nar president se\u00e7kisi ke\u00e7iril\u0259 bil\u0259rdi<\/p>\n","protected":false},"author":11,"featured_media":58391,"comment_status":"closed","ping_status":"open","sticky":false,"template":"","format":"standard","meta":{"_acf_changed":false,"_sitemap_exclude":false,"_sitemap_priority":"","_sitemap_frequency":"","footnotes":""},"categories":[51],"tags":[],"class_list":["post-182705","post","type-post","status-publish","format-standard","has-post-thumbnail","hentry","category-analitika","infinite-scroll-item","generate-columns","tablet-grid-50","mobile-grid-100","grid-parent","grid-33","no-featured-image-padding"],"acf":[],"yoast_head":"<!-- This site is optimized with the Yoast SEO plugin v27.4 - https:\/\/yoast.com\/product\/yoast-seo-wordpress\/ -->\n<title>T\u0259yinat v\u0259 \u0259dal\u0259t prinsipi - MEYDAN.TV<\/title>\n<meta name=\"robots\" content=\"index, follow, max-snippet:-1, max-image-preview:large, max-video-preview:-1\" \/>\n<link rel=\"canonical\" href=\"https:\/\/www.meydan.tv\/az\/article\/teyinat-ve-edalet-prinsipi\/\" \/>\n<meta property=\"og:locale\" content=\"az_AZ\" \/>\n<meta property=\"og:type\" content=\"article\" \/>\n<meta property=\"og:title\" content=\"T\u0259yinat v\u0259 \u0259dal\u0259t prinsipi - MEYDAN.TV\" \/>\n<meta property=\"og:description\" content=\"Legitimlik \u00fc\u00e7\u00fcn \u0259n az\u0131 n\u00f6vb\u0259d\u0259nk\u0259nar president se\u00e7kisi ke\u00e7iril\u0259 bil\u0259rdi\" \/>\n<meta property=\"og:url\" content=\"https:\/\/www.meydan.tv\/az\/article\/teyinat-ve-edalet-prinsipi\/\" \/>\n<meta property=\"og:site_name\" content=\"MEYDAN.TV\" \/>\n<meta property=\"article:published_time\" content=\"2017-02-22T16:51:36+00:00\" \/>\n<meta property=\"og:image\" content=\"https:\/\/www.meydan.tv\/wp-content\/uploads\/22147.jpg\" \/>\n\t<meta property=\"og:image:width\" content=\"751\" \/>\n\t<meta property=\"og:image:height\" content=\"479\" \/>\n\t<meta property=\"og:image:type\" content=\"image\/jpeg\" \/>\n<meta name=\"author\" content=\"user-manager\" \/>\n<meta name=\"twitter:card\" content=\"summary_large_image\" \/>\n<script type=\"application\/ld+json\" class=\"yoast-schema-graph\">{\"@context\":\"https:\\\/\\\/schema.org\",\"@graph\":[{\"@type\":\"Article\",\"@id\":\"https:\\\/\\\/www.meydan.tv\\\/az\\\/article\\\/teyinat-ve-edalet-prinsipi\\\/#article\",\"isPartOf\":{\"@id\":\"https:\\\/\\\/www.meydan.tv\\\/az\\\/article\\\/teyinat-ve-edalet-prinsipi\\\/\"},\"author\":{\"name\":\"user-manager\",\"@id\":\"https:\\\/\\\/www.meydan.tv\\\/az\\\/#\\\/schema\\\/person\\\/10d11eccf6da3662cf5fdab9806ea91a\"},\"headline\":\"T\u0259yinat v\u0259 \u0259dal\u0259t prinsipi\",\"datePublished\":\"2017-02-22T16:51:36+00:00\",\"mainEntityOfPage\":{\"@id\":\"https:\\\/\\\/www.meydan.tv\\\/az\\\/article\\\/teyinat-ve-edalet-prinsipi\\\/\"},\"wordCount\":811,\"publisher\":{\"@id\":\"https:\\\/\\\/www.meydan.tv\\\/az\\\/#organization\"},\"image\":{\"@id\":\"https:\\\/\\\/www.meydan.tv\\\/az\\\/article\\\/teyinat-ve-edalet-prinsipi\\\/#primaryimage\"},\"thumbnailUrl\":\"https:\\\/\\\/www.meydan.tv\\\/wp-content\\\/uploads\\\/22147.jpg\",\"articleSection\":[\"Analitika\"],\"inLanguage\":\"az\"},{\"@type\":\"WebPage\",\"@id\":\"https:\\\/\\\/www.meydan.tv\\\/az\\\/article\\\/teyinat-ve-edalet-prinsipi\\\/\",\"url\":\"https:\\\/\\\/www.meydan.tv\\\/az\\\/article\\\/teyinat-ve-edalet-prinsipi\\\/\",\"name\":\"T\u0259yinat v\u0259 \u0259dal\u0259t prinsipi - MEYDAN.TV\",\"isPartOf\":{\"@id\":\"https:\\\/\\\/www.meydan.tv\\\/az\\\/#website\"},\"primaryImageOfPage\":{\"@id\":\"https:\\\/\\\/www.meydan.tv\\\/az\\\/article\\\/teyinat-ve-edalet-prinsipi\\\/#primaryimage\"},\"image\":{\"@id\":\"https:\\\/\\\/www.meydan.tv\\\/az\\\/article\\\/teyinat-ve-edalet-prinsipi\\\/#primaryimage\"},\"thumbnailUrl\":\"https:\\\/\\\/www.meydan.tv\\\/wp-content\\\/uploads\\\/22147.jpg\",\"datePublished\":\"2017-02-22T16:51:36+00:00\",\"breadcrumb\":{\"@id\":\"https:\\\/\\\/www.meydan.tv\\\/az\\\/article\\\/teyinat-ve-edalet-prinsipi\\\/#breadcrumb\"},\"inLanguage\":\"az\",\"potentialAction\":[{\"@type\":\"ReadAction\",\"target\":[\"https:\\\/\\\/www.meydan.tv\\\/az\\\/article\\\/teyinat-ve-edalet-prinsipi\\\/\"]}]},{\"@type\":\"ImageObject\",\"inLanguage\":\"az\",\"@id\":\"https:\\\/\\\/www.meydan.tv\\\/az\\\/article\\\/teyinat-ve-edalet-prinsipi\\\/#primaryimage\",\"url\":\"https:\\\/\\\/www.meydan.tv\\\/wp-content\\\/uploads\\\/22147.jpg\",\"contentUrl\":\"https:\\\/\\\/www.meydan.tv\\\/wp-content\\\/uploads\\\/22147.jpg\",\"width\":751,\"height\":479,\"caption\":\"Source:\"},{\"@type\":\"BreadcrumbList\",\"@id\":\"https:\\\/\\\/www.meydan.tv\\\/az\\\/article\\\/teyinat-ve-edalet-prinsipi\\\/#breadcrumb\",\"itemListElement\":[{\"@type\":\"ListItem\",\"position\":1,\"name\":\"Ana s\u0259hif\u0259\",\"item\":\"https:\\\/\\\/www.meydan.tv\\\/az\\\/\"},{\"@type\":\"ListItem\",\"position\":2,\"name\":\"Analitika\",\"item\":\"https:\\\/\\\/www.meydan.tv\\\/az\\\/section\\\/analitika\\\/\"},{\"@type\":\"ListItem\",\"position\":3,\"name\":\"T\u0259yinat v\u0259 \u0259dal\u0259t prinsipi\"}]},{\"@type\":\"WebSite\",\"@id\":\"https:\\\/\\\/www.meydan.tv\\\/az\\\/#website\",\"url\":\"https:\\\/\\\/www.meydan.tv\\\/az\\\/\",\"name\":\"MEYDAN.TV\",\"description\":\"Meydan TV Az\u0259rbaycan\u0131n media m\u0259kan\u0131ndak\u0131 alternativ s\u0259sidir\",\"publisher\":{\"@id\":\"https:\\\/\\\/www.meydan.tv\\\/az\\\/#organization\"},\"potentialAction\":[{\"@type\":\"SearchAction\",\"target\":{\"@type\":\"EntryPoint\",\"urlTemplate\":\"https:\\\/\\\/www.meydan.tv\\\/az\\\/?s={search_term_string}\"},\"query-input\":{\"@type\":\"PropertyValueSpecification\",\"valueRequired\":true,\"valueName\":\"search_term_string\"}}],\"inLanguage\":\"az\"},{\"@type\":\"Organization\",\"@id\":\"https:\\\/\\\/www.meydan.tv\\\/az\\\/#organization\",\"name\":\"Meydan TV\",\"url\":\"https:\\\/\\\/www.meydan.tv\\\/az\\\/\",\"logo\":{\"@type\":\"ImageObject\",\"inLanguage\":\"az\",\"@id\":\"https:\\\/\\\/www.meydan.tv\\\/az\\\/#\\\/schema\\\/logo\\\/image\\\/\",\"url\":\"https:\\\/\\\/www.meydan.tv\\\/wp-content\\\/uploads\\\/2021\\\/07\\\/meydan-logo.svg\",\"contentUrl\":\"https:\\\/\\\/www.meydan.tv\\\/wp-content\\\/uploads\\\/2021\\\/07\\\/meydan-logo.svg\",\"width\":195,\"height\":46,\"caption\":\"Meydan TV\"},\"image\":{\"@id\":\"https:\\\/\\\/www.meydan.tv\\\/az\\\/#\\\/schema\\\/logo\\\/image\\\/\"}},{\"@type\":\"Person\",\"@id\":\"https:\\\/\\\/www.meydan.tv\\\/az\\\/#\\\/schema\\\/person\\\/10d11eccf6da3662cf5fdab9806ea91a\",\"name\":\"user-manager\"}]}<\/script>\n<!-- \/ Yoast SEO plugin. -->","yoast_head_json":{"title":"T\u0259yinat v\u0259 \u0259dal\u0259t prinsipi - MEYDAN.TV","robots":{"index":"index","follow":"follow","max-snippet":"max-snippet:-1","max-image-preview":"max-image-preview:large","max-video-preview":"max-video-preview:-1"},"canonical":"https:\/\/www.meydan.tv\/az\/article\/teyinat-ve-edalet-prinsipi\/","og_locale":"az_AZ","og_type":"article","og_title":"T\u0259yinat v\u0259 \u0259dal\u0259t prinsipi - MEYDAN.TV","og_description":"Legitimlik \u00fc\u00e7\u00fcn \u0259n az\u0131 n\u00f6vb\u0259d\u0259nk\u0259nar president se\u00e7kisi ke\u00e7iril\u0259 bil\u0259rdi","og_url":"https:\/\/www.meydan.tv\/az\/article\/teyinat-ve-edalet-prinsipi\/","og_site_name":"MEYDAN.TV","article_published_time":"2017-02-22T16:51:36+00:00","og_image":[{"width":751,"height":479,"url":"https:\/\/www.meydan.tv\/wp-content\/uploads\/22147.jpg","type":"image\/jpeg"}],"author":"user-manager","twitter_card":"summary_large_image","schema":{"@context":"https:\/\/schema.org","@graph":[{"@type":"Article","@id":"https:\/\/www.meydan.tv\/az\/article\/teyinat-ve-edalet-prinsipi\/#article","isPartOf":{"@id":"https:\/\/www.meydan.tv\/az\/article\/teyinat-ve-edalet-prinsipi\/"},"author":{"name":"user-manager","@id":"https:\/\/www.meydan.tv\/az\/#\/schema\/person\/10d11eccf6da3662cf5fdab9806ea91a"},"headline":"T\u0259yinat v\u0259 \u0259dal\u0259t prinsipi","datePublished":"2017-02-22T16:51:36+00:00","mainEntityOfPage":{"@id":"https:\/\/www.meydan.tv\/az\/article\/teyinat-ve-edalet-prinsipi\/"},"wordCount":811,"publisher":{"@id":"https:\/\/www.meydan.tv\/az\/#organization"},"image":{"@id":"https:\/\/www.meydan.tv\/az\/article\/teyinat-ve-edalet-prinsipi\/#primaryimage"},"thumbnailUrl":"https:\/\/www.meydan.tv\/wp-content\/uploads\/22147.jpg","articleSection":["Analitika"],"inLanguage":"az"},{"@type":"WebPage","@id":"https:\/\/www.meydan.tv\/az\/article\/teyinat-ve-edalet-prinsipi\/","url":"https:\/\/www.meydan.tv\/az\/article\/teyinat-ve-edalet-prinsipi\/","name":"T\u0259yinat v\u0259 \u0259dal\u0259t prinsipi - MEYDAN.TV","isPartOf":{"@id":"https:\/\/www.meydan.tv\/az\/#website"},"primaryImageOfPage":{"@id":"https:\/\/www.meydan.tv\/az\/article\/teyinat-ve-edalet-prinsipi\/#primaryimage"},"image":{"@id":"https:\/\/www.meydan.tv\/az\/article\/teyinat-ve-edalet-prinsipi\/#primaryimage"},"thumbnailUrl":"https:\/\/www.meydan.tv\/wp-content\/uploads\/22147.jpg","datePublished":"2017-02-22T16:51:36+00:00","breadcrumb":{"@id":"https:\/\/www.meydan.tv\/az\/article\/teyinat-ve-edalet-prinsipi\/#breadcrumb"},"inLanguage":"az","potentialAction":[{"@type":"ReadAction","target":["https:\/\/www.meydan.tv\/az\/article\/teyinat-ve-edalet-prinsipi\/"]}]},{"@type":"ImageObject","inLanguage":"az","@id":"https:\/\/www.meydan.tv\/az\/article\/teyinat-ve-edalet-prinsipi\/#primaryimage","url":"https:\/\/www.meydan.tv\/wp-content\/uploads\/22147.jpg","contentUrl":"https:\/\/www.meydan.tv\/wp-content\/uploads\/22147.jpg","width":751,"height":479,"caption":"Source:"},{"@type":"BreadcrumbList","@id":"https:\/\/www.meydan.tv\/az\/article\/teyinat-ve-edalet-prinsipi\/#breadcrumb","itemListElement":[{"@type":"ListItem","position":1,"name":"Ana s\u0259hif\u0259","item":"https:\/\/www.meydan.tv\/az\/"},{"@type":"ListItem","position":2,"name":"Analitika","item":"https:\/\/www.meydan.tv\/az\/section\/analitika\/"},{"@type":"ListItem","position":3,"name":"T\u0259yinat v\u0259 \u0259dal\u0259t prinsipi"}]},{"@type":"WebSite","@id":"https:\/\/www.meydan.tv\/az\/#website","url":"https:\/\/www.meydan.tv\/az\/","name":"MEYDAN.TV","description":"Meydan TV Az\u0259rbaycan\u0131n media m\u0259kan\u0131ndak\u0131 alternativ s\u0259sidir","publisher":{"@id":"https:\/\/www.meydan.tv\/az\/#organization"},"potentialAction":[{"@type":"SearchAction","target":{"@type":"EntryPoint","urlTemplate":"https:\/\/www.meydan.tv\/az\/?s={search_term_string}"},"query-input":{"@type":"PropertyValueSpecification","valueRequired":true,"valueName":"search_term_string"}}],"inLanguage":"az"},{"@type":"Organization","@id":"https:\/\/www.meydan.tv\/az\/#organization","name":"Meydan TV","url":"https:\/\/www.meydan.tv\/az\/","logo":{"@type":"ImageObject","inLanguage":"az","@id":"https:\/\/www.meydan.tv\/az\/#\/schema\/logo\/image\/","url":"https:\/\/www.meydan.tv\/wp-content\/uploads\/2021\/07\/meydan-logo.svg","contentUrl":"https:\/\/www.meydan.tv\/wp-content\/uploads\/2021\/07\/meydan-logo.svg","width":195,"height":46,"caption":"Meydan TV"},"image":{"@id":"https:\/\/www.meydan.tv\/az\/#\/schema\/logo\/image\/"}},{"@type":"Person","@id":"https:\/\/www.meydan.tv\/az\/#\/schema\/person\/10d11eccf6da3662cf5fdab9806ea91a","name":"user-manager"}]}},"_links":{"self":[{"href":"https:\/\/www.meydan.tv\/az\/wp-json\/wp\/v2\/posts\/182705","targetHints":{"allow":["GET"]}}],"collection":[{"href":"https:\/\/www.meydan.tv\/az\/wp-json\/wp\/v2\/posts"}],"about":[{"href":"https:\/\/www.meydan.tv\/az\/wp-json\/wp\/v2\/types\/post"}],"author":[{"embeddable":true,"href":"https:\/\/www.meydan.tv\/az\/wp-json\/wp\/v2\/users\/11"}],"replies":[{"embeddable":true,"href":"https:\/\/www.meydan.tv\/az\/wp-json\/wp\/v2\/comments?post=182705"}],"version-history":[{"count":0,"href":"https:\/\/www.meydan.tv\/az\/wp-json\/wp\/v2\/posts\/182705\/revisions"}],"wp:featuredmedia":[{"embeddable":true,"href":"https:\/\/www.meydan.tv\/az\/wp-json\/wp\/v2\/media\/58391"}],"wp:attachment":[{"href":"https:\/\/www.meydan.tv\/az\/wp-json\/wp\/v2\/media?parent=182705"}],"wp:term":[{"taxonomy":"category","embeddable":true,"href":"https:\/\/www.meydan.tv\/az\/wp-json\/wp\/v2\/categories?post=182705"},{"taxonomy":"post_tag","embeddable":true,"href":"https:\/\/www.meydan.tv\/az\/wp-json\/wp\/v2\/tags?post=182705"}],"curies":[{"name":"wp","href":"https:\/\/api.w.org\/{rel}","templated":true}]}}