{"id":182689,"date":"2017-02-21T18:25:37","date_gmt":"2017-02-21T18:25:37","guid":{"rendered":"https:\/\/www.meydan.tv\/article\/aile-ardicilliginin-olkeye-ne-getire-bileceyini-yaxin-gelecek-gosterecek\/"},"modified":"2017-02-21T18:25:37","modified_gmt":"2017-02-21T18:25:37","slug":"aile-ardicilliginin-olkeye-ne-getire-bileceyini-yaxin-gelecek-gosterecek","status":"publish","type":"post","link":"https:\/\/www.meydan.tv\/az\/article\/aile-ardicilliginin-olkeye-ne-getire-bileceyini-yaxin-gelecek-gosterecek\/","title":{"rendered":"&#8221;Ail\u0259 ard\u0131c\u0131ll\u0131\u011f\u0131n\u0131n \u00f6lk\u0259y\u0259 n\u0259 g\u0259tir\u0259 bil\u0259c\u0259yini yax\u0131n g\u0259l\u0259c\u0259k g\u00f6st\u0259r\u0259c\u0259k&#8221;"},"content":{"rendered":"<figure class=\"wp-block-image size-large\">\n  <img decoding=\"async\" src=\"https:\/\/www.meydan.tv\/az\/79702\/\" alt=\"\" class=\"wp-image-79702\"\/><figcaption><\/figcaption><\/figure>\n<p>\n  <i><br \/>\n    &#8221;Turan&#8221; birinci xan\u0131m\u0131n t\u0259yinat\u0131n\u0131 \u015f\u0259rh edir<br \/>\n  <\/i>\n<\/p>\n<p>\n  &#8220;Birinci ledinin y\u00fcks\u0259ldilm\u0259sin\u0259 haz\u0131rl\u0131q 2003-c\u00fc ild\u0259 \u0130lham \u018fliyevin hakimiyy\u0259t\u0259 g\u0259li\u015find\u0259n d\u0259rhal sonra ba\u015flad\u0131&#8221;.\n<\/p>\n<p>\n  &#8220;Turan&#8221; Analitika Xidm\u0259tinin analizind\u0259 bel\u0259 deyilir:\n<\/p>\n<p>\n  &#8220;Bir il sonra, o, yeni t\u0259sis edilmi\u015f Heyd\u0259r \u018fliyev Fonduna \u2013 geni\u015f v\u0259saitl\u0259ri v\u0259 s\u0259lahiyy\u0259tl\u0259ri olan \u201cd\u00f6vl\u0259td\u0259 d\u00f6vl\u0259t\u0259\u201d r\u0259hb\u0259rlik etdi. 2015-ci ild\u0259 o, Bak\u0131da Birinci Avropa Oyunlar\u0131n\u0131n T\u0259\u015fkilat Komit\u0259sin\u0259 s\u0259drlik etdi. T\u0259\u015fkilat Komit\u0259sin\u0259 dem\u0259k olar ki, b\u00fct\u00fcn h\u00f6kum\u0259t \u00fczvl\u0259ri daxil idi v\u0259 onlar birinci ledinin ilk s\u0259r\u0259ncamlar\u0131n\u0131 v\u0259 n\u0259zar\u0259tini g\u00f6rm\u00fc\u015f oldu&#8221;.\n<\/p>\n<p>\n  &#8220;Turan&#8221;-\u0131n analitikl\u0259ri sonrak\u0131 m\u0259rh\u0259l\u0259ni bel\u0259 t\u0259hlil edirl\u0259r:\n<\/p>\n<p>\n  &#8220;Onun liderliyi m\u00f6vzusu m\u00fcasir tarixin \u0259n \u00e7\u0259tin d\u00f6vrl\u0259rind\u0259 \u00f6z\u00fcn\u00fc qabar\u0131q \u015f\u0259kild\u0259 g\u00f6st\u0259rib. M\u0259s\u0259l\u0259n, 2013-c\u00fc il prezident se\u00e7kil\u0259ri zaman\u0131 ilk d\u0259f\u0259 onun prezidentliy\u0259 namiz\u0259dliyinin ir\u0259li s\u00fcr\u00fclm\u0259si t\u0259\u015f\u0259bb\u00fcs\u00fc s\u0259sl\u0259nib. 2013-c\u00fc ilin iyununda \u00f6z\u00fcn\u00fc \u201cDemokratik Az\u0259rbaycan D\u00fcnyas\u0131\u201d Partiyas\u0131 adland\u0131ran yeni t\u0259\u015fkil edilmi\u015f qrup M.\u018fliyevan\u0131n namiz\u0259dliyini ir\u0259li s\u00fcr\u00fcb. Amma bu ideya hakim \u201cYeni Az\u0259rbaycan\u201d Partiyas\u0131nda pis qar\u015f\u0131land\u0131, partiya bunu t\u0259xribat kimi qiym\u0259tl\u0259ndirdi. Bu ideyan\u0131n f\u0259allar\u0131 sonradan t\u0259zyiq\u0259 m\u0259ruz qal\u0131blar v\u0259 f\u0259aliyy\u0259ti dayand\u0131r\u0131blar. Avqustda bir ay \u0259vv\u0259l yarad\u0131lm\u0131\u015f \u201cV\u0259t\u0259n namin\u0259 xalq birliyi\u201d h\u0259r\u0259kat\u0131 onun prezidentliy\u0259 namiz\u0259dliyini ir\u0259li s\u00fcrd\u00fcy\u00fcn\u00fc bildirib. Amma birinci ledi se\u00e7kil\u0259r\u0259 getm\u0259yib, H\u0259r\u0259kat is\u0259 yoxa \u00e7\u0131x\u0131b.\n<\/p>\n<p>\n  Sentyabr\u0131n 26-da ke\u00e7iril\u0259n 2016-c\u0131 il referendumundan d\u0259rhal sonra \u201cV\u0259t\u0259n namin\u0259 xalq birliyi\u201d h\u0259r\u0259kat\u0131 yen\u0259 \u00f6z\u00fcn\u00fc g\u00f6st\u0259rib, birinci vitse-prezident v\u0259zif\u0259sin\u0259 Mehriban \u018fliyevan\u0131n t\u0259yin edilm\u0259si t\u0259\u015f\u0259bb\u00fcs\u00fcn\u00fc ir\u0259li s\u00fcr\u00fcb, bunu, \u201c\u00f6lk\u0259nin bir \u00e7ox probleml\u0259rinin h\u0259ll olunaca\u011f\u0131\u201d il\u0259 \u0259sasland\u0131r\u0131b. X\u00fcsus\u0259n, \u201cq\u0131sa m\u00fcdd\u0259t \u0259rzind\u0259 Qaraba\u011f problemi h\u0259ll olunacaq, Az\u0259rbaycan\u0131n beyn\u0259lxalq al\u0259md\u0259ki m\u00f6vqeyi m\u00f6hk\u0259ml\u0259n\u0259c\u0259k, milli birlik \u0259ld\u0259 olunacaq\u201d.\n<\/p>\n<p>\n  H\u0259r\u0259kat\u0131n lideri, 80-ci ill\u0259rin sonlar\u0131nda \u201cT\u00f6vb\u0259\u201d dini icmas\u0131n\u0131 yaratm\u0131\u015f v\u0259 ona r\u0259hb\u0259rlik etmi\u015f, sonradan is\u0259 Bak\u0131da \u201c\u0130mam H\u00fcseyn\u201d m\u0259scidi dini icmas\u0131n\u0131n lideri olmu\u015f Hac\u0131 \u018fbd\u00fcl<br \/>\n  <a href=\"http:\/\/www.contact.az\/docs\/2016\/Interview\/111900175277az.htm#.WKxnffmLTIU\"><br \/>\n    &#8220;Turan&#8221;-a<br \/>\n  <\/a><br \/>\n  19 noyabr 2016-c\u0131 il tarixli m\u00fcsahib\u0259sind\u0259 deyib:\n<\/p>\n<figure class=\"wp-block-image size-large\">\n  <img decoding=\"async\" src=\"https:\/\/www.meydan.tv\/az\/79705\/\" alt=\"\" class=\"wp-image-79705\"\/><figcaption>\n    Hac\u0131 \u018fbd\u00fcl foto Turan \u0130A<br \/>\n  <\/figcaption><\/figure>\n<p>\n  \u201cBu xan\u0131m\u0131n namiz\u0259dliyind\u0259n, daha sonra birinci vitse-prezidentliyind\u0259n bu xalqa z\u0259rr\u0259c\u0259 ziyan yoxdur, an\u00e7aq xeyir var, v\u0259ss\u0259lam. Mill\u0259ti birl\u0259\u015fdirm\u0259yi, milli birliyi, v\u0259hd\u0259ti ancaq Mehriban xan\u0131m yarada bil\u0259r v\u0259 \u0259slin\u0259 qalsa, bu birlik onun f\u0259aliyy\u0259tin\u0259 ba\u011fl\u0131d\u0131r. Xalq bir n\u0259f\u0259r kimi onun \u0259traf\u0131nda birl\u0259\u015f\u0259r\u0259k \u00f6lk\u0259nin \u00f6n\u00fcnd\u0259 duran probleml\u0259ri h\u0259ll ed\u0259 bil\u0259c\u0259k. Kim qo\u015fulmayacaqsa, bu da mill\u0259tin birliyini ist\u0259m\u0259m\u0259k kimi d\u0259y\u0259rl\u0259ndiril\u0259c\u0259k. D\u00fc\u015f\u00fcnc\u0259m\u0259 g\u00f6r\u0259, Allah biz\u0259 bir f\u00fcrs\u0259t verib, bundan istifad\u0259 ed\u0259r\u0259k \u00f6lk\u0259nin probleml\u0259rini h\u0259ll etm\u0259k laz\u0131md\u0131r\u201d.\n<\/p>\n<p>\n  &#8220;O zaman \u0130lham \u018fliyev prezident, xan\u0131m\u0131 birinci vitse-prezident olur, h\u0259l\u0259 ki, d\u00fcnyada bel\u0259 t\u0259cr\u00fcb\u0259 yoxdur, bu m\u0259s\u0259l\u0259ni nec\u0259 h\u0259ll etm\u0259k olar?&#8221; \u2013 sual\u0131na cavabda Hac\u0131 \u018fbd\u00fcl deyib:\n<\/p>\n<p>\n  \u201cBa\u015fa d\u00fc\u015f\u00fcr\u0259m. Amma ortada ba\u015fqa m\u0259s\u0259l\u0259 d\u0259 var. Biz Mehriban xan\u0131m\u0131n namiz\u0259dliyini ona g\u00f6r\u0259 ir\u0259li s\u00fcrm\u00fcr\u00fck ki, \u00f6lk\u0259nin birinci xan\u0131m\u0131, deputat, ya Heyd\u0259r \u018fiyev Fondunun prezidentidir. Biz bu namiz\u0259dliyi ona g\u00f6r\u0259 d\u0259st\u0259kl\u0259yirik ki, b\u00fct\u00fcn f\u0259aliyy\u0259til\u0259 buna layiqdir. Biz bu yer\u0259 layiq oldu\u011fu \u00fc\u00e7\u00fcn onun namiz\u0259dliyini ir\u0259li s\u00fcr\u00fcr\u00fck. M\u0259s\u0259l\u0259nin m\u0259n\u0259vi t\u0259r\u0259fi onun bu v\u0259zif\u0259y\u0259 layiq olmas\u0131d\u0131r. M\u0259s\u0259l\u0259nin h\u00fcquqi t\u0259r\u0259fi biz\u0259 ba\u011fl\u0131 deyil\u201d&#8221;.\n<\/p>\n<p>\n  &#8220;Turan&#8221;-\u0131n siyasi \u015f\u0259rh\u00e7il\u0259ri hesab edirl\u0259r ki, \u018fliyevan\u0131n t\u0259yin edilm\u0259sinin iki m\u0259qs\u0259d aspekti ola bil\u0259r:\n<\/p>\n<p>\n  <b><br \/>\n    <i><br \/>\n      1) hakimiyy\u0259tin ard\u0131c\u0131ll\u0131q yolu il\u0259 ke\u00e7m\u0259sinin v\u0259 birinci \u015f\u0259xsin hans\u0131sa s\u0259b\u0259bl\u0259rd\u0259n \u00f6z rolunu yerin\u0259 yetir\u0259 bilm\u0259y\u0259c\u0259yi f\u00f6vq\u0259lad\u0259 hallar \u00fc\u00e7\u00fcn t\u0259hl\u00fck\u0259sizliyin t\u0259min olunmas\u0131.<br \/>\n    <\/i><br \/>\n  <\/b>\n<\/p>\n<p>\n  <b><br \/>\n    <i><br \/>\n      2) \u018fliyevan\u0131n 2018-ci il prezident se\u00e7kil\u0259rind\u0259 birinci m\u00f6vqey\u0259 ir\u0259li s\u00fcr\u00fclm\u0259sin\u0259 haz\u0131rl\u0131q. Bu, \u0130lham \u018fliyevin r\u0259hb\u0259rliyi alt\u0131nda yeni komanda formala\u015fd\u0131r\u0131lmas\u0131 v\u0259 birinci vitse-prezidentin idar\u0259etm\u0259 t\u0259cr\u00fcb\u0259sinin art\u0131r\u0131lmas\u0131 d\u00f6vr\u00fc olacaq.<br \/>\n    <\/i><br \/>\n  <\/b>\n<\/p>\n<p>\n  &#8220;Mill\u0259tin yerli, siyasi, dini, etnik motivl\u0259rl\u0259 birl\u0259\u015fm\u0259si problemi h\u0259qiq\u0259t\u0259n aktuald\u0131r, h\u0259l\u0259 c\u0259miyy\u0259tin misli g\u00f6r\u00fcnm\u0259mi\u015f sosial t\u0259b\u0259q\u0259l\u0259\u015fm\u0259sini v\u0259 \u201celita\u201d v\u0259 xalq aras\u0131nda u\u00e7urumun geni\u015fl\u0259nm\u0259sini demirik.\n<\/p>\n<p>\n  Vitse-prezidentlik institutunun v\u0259 b\u00fct\u00fcn dig\u0259r yenilikl\u0259rin v\u0259 d\u0259yi\u015fiklikl\u0259rin apreld\u0259 t\u0259tbiq olunmas\u0131 g\u00f6zl\u0259nilirdi. Prezident \u0130lham \u018fliyev \u00f6z\u00fc \u00f6t\u0259n ilin oktyabr\u0131nda bildirib ki, referendumdan ir\u0259li g\u0259l\u0259n q\u0259rarlar alt\u0131 ay sonra h\u0259yata ke\u00e7irilm\u0259y\u0259 ba\u015flayacaq. Amma, g\u00f6r\u00fcnd\u00fcy\u00fc kimi, iqtisadi b\u00f6hran hakimiyy\u0259ti t\u0259l\u0259sdirir. D\u00fcn\u0259n n\u0259qliyyat naziri Ziya M\u0259mm\u0259dov istefaya g\u00f6nd\u0259rilib. Nazirlik Rabit\u0259 Nazirliyinin t\u0259rkibin\u0259 qo\u015fulub v\u0259 ona Heyd\u0259r \u018fliyev Fondundan \u00e7\u0131xan 39 ya\u015fl\u0131 Ramin Quluzad\u0259 r\u0259hb\u0259rlik edib.\n<\/p>\n<p>\n  Bu t\u0259l\u0259sk\u0259nliy\u0259 \u0259sas\u0259n c\u0259miyy\u0259tin bahar\u0131n ilk g\u00fcnl\u0259rind\u0259c\u0259 bir \u00e7ox yenilikl\u0259rin, o c\u00fcml\u0259d\u0259n k\u00f6hn\u0259 komandan\u0131n k\u0259narla\u015fd\u0131r\u0131laraq, yenisinin formala\u015fd\u0131r\u0131lmas\u0131n\u0131n \u015fahidi olaca\u011f\u0131n\u0131 g\u00f6zl\u0259m\u0259k olar. Y\u00fcks\u0259k s\u0259viyy\u0259d\u0259 ail\u0259 ard\u0131c\u0131ll\u0131\u011f\u0131n\u0131n \u00f6lk\u0259y\u0259 n\u0259 g\u0259tir\u0259 bil\u0259c\u0259yini yax\u0131n g\u0259l\u0259c\u0259k g\u00f6st\u0259r\u0259c\u0259k. \u0130st\u0259nil\u0259n halda, proses g\u00f6st\u0259rir ki, islahatlardan qa\u00e7maq qeyri-m\u00fcmk\u00fcnd\u00fcr&#8221; &#8211; \u015f\u0259rh\u00e7il\u0259r vur\u011fulay\u0131r.<\/p>\n","protected":false},"excerpt":{"rendered":"<p>&#8221;Turan&#8221; birinci xan\u0131m\u0131n t\u0259yinat\u0131n\u0131 \u015f\u0259rh edir<\/p>\n","protected":false},"author":11,"featured_media":79702,"comment_status":"closed","ping_status":"open","sticky":false,"template":"","format":"standard","meta":{"_acf_changed":false,"_sitemap_exclude":false,"_sitemap_priority":"","_sitemap_frequency":"","footnotes":""},"categories":[51],"tags":[],"class_list":["post-182689","post","type-post","status-publish","format-standard","has-post-thumbnail","hentry","category-analitika","infinite-scroll-item","generate-columns","tablet-grid-50","mobile-grid-100","grid-parent","grid-33","no-featured-image-padding"],"acf":[],"yoast_head":"<!-- This site is optimized with the Yoast SEO plugin v27.4 - https:\/\/yoast.com\/product\/yoast-seo-wordpress\/ -->\n<title>&#039;&#039;Ail\u0259 ard\u0131c\u0131ll\u0131\u011f\u0131n\u0131n \u00f6lk\u0259y\u0259 n\u0259 g\u0259tir\u0259 bil\u0259c\u0259yini yax\u0131n g\u0259l\u0259c\u0259k g\u00f6st\u0259r\u0259c\u0259k&#039;&#039; - MEYDAN.TV<\/title>\n<meta name=\"robots\" content=\"index, follow, max-snippet:-1, max-image-preview:large, max-video-preview:-1\" \/>\n<link rel=\"canonical\" href=\"https:\/\/www.meydan.tv\/az\/article\/aile-ardicilliginin-olkeye-ne-getire-bileceyini-yaxin-gelecek-gosterecek\/\" \/>\n<meta property=\"og:locale\" content=\"az_AZ\" \/>\n<meta property=\"og:type\" content=\"article\" \/>\n<meta property=\"og:title\" content=\"&#039;&#039;Ail\u0259 ard\u0131c\u0131ll\u0131\u011f\u0131n\u0131n \u00f6lk\u0259y\u0259 n\u0259 g\u0259tir\u0259 bil\u0259c\u0259yini yax\u0131n g\u0259l\u0259c\u0259k g\u00f6st\u0259r\u0259c\u0259k&#039;&#039; - MEYDAN.TV\" \/>\n<meta property=\"og:description\" content=\"&#039;&#039;Turan&#039;&#039; birinci xan\u0131m\u0131n t\u0259yinat\u0131n\u0131 \u015f\u0259rh edir\" \/>\n<meta property=\"og:url\" content=\"https:\/\/www.meydan.tv\/az\/article\/aile-ardicilliginin-olkeye-ne-getire-bileceyini-yaxin-gelecek-gosterecek\/\" \/>\n<meta property=\"og:site_name\" content=\"MEYDAN.TV\" \/>\n<meta property=\"article:published_time\" content=\"2017-02-21T18:25:37+00:00\" \/>\n<meta property=\"og:image\" content=\"https:\/\/www.meydan.tv\/wp-content\/uploads\/31059.jpg\" \/>\n\t<meta property=\"og:image:width\" content=\"600\" \/>\n\t<meta property=\"og:image:height\" content=\"408\" \/>\n\t<meta property=\"og:image:type\" content=\"image\/jpeg\" \/>\n<meta name=\"author\" content=\"user-manager\" \/>\n<meta name=\"twitter:card\" content=\"summary_large_image\" \/>\n<script type=\"application\/ld+json\" class=\"yoast-schema-graph\">{\"@context\":\"https:\\\/\\\/schema.org\",\"@graph\":[{\"@type\":\"Article\",\"@id\":\"https:\\\/\\\/www.meydan.tv\\\/az\\\/article\\\/aile-ardicilliginin-olkeye-ne-getire-bileceyini-yaxin-gelecek-gosterecek\\\/#article\",\"isPartOf\":{\"@id\":\"https:\\\/\\\/www.meydan.tv\\\/az\\\/article\\\/aile-ardicilliginin-olkeye-ne-getire-bileceyini-yaxin-gelecek-gosterecek\\\/\"},\"author\":{\"name\":\"user-manager\",\"@id\":\"https:\\\/\\\/www.meydan.tv\\\/az\\\/#\\\/schema\\\/person\\\/10d11eccf6da3662cf5fdab9806ea91a\"},\"headline\":\"&#8221;Ail\u0259 ard\u0131c\u0131ll\u0131\u011f\u0131n\u0131n \u00f6lk\u0259y\u0259 n\u0259 g\u0259tir\u0259 bil\u0259c\u0259yini yax\u0131n g\u0259l\u0259c\u0259k g\u00f6st\u0259r\u0259c\u0259k&#8221;\",\"datePublished\":\"2017-02-21T18:25:37+00:00\",\"mainEntityOfPage\":{\"@id\":\"https:\\\/\\\/www.meydan.tv\\\/az\\\/article\\\/aile-ardicilliginin-olkeye-ne-getire-bileceyini-yaxin-gelecek-gosterecek\\\/\"},\"wordCount\":1120,\"publisher\":{\"@id\":\"https:\\\/\\\/www.meydan.tv\\\/az\\\/#organization\"},\"image\":{\"@id\":\"https:\\\/\\\/www.meydan.tv\\\/az\\\/article\\\/aile-ardicilliginin-olkeye-ne-getire-bileceyini-yaxin-gelecek-gosterecek\\\/#primaryimage\"},\"thumbnailUrl\":\"https:\\\/\\\/www.meydan.tv\\\/wp-content\\\/uploads\\\/31059.jpg\",\"articleSection\":[\"Analitika\"],\"inLanguage\":\"az\"},{\"@type\":\"WebPage\",\"@id\":\"https:\\\/\\\/www.meydan.tv\\\/az\\\/article\\\/aile-ardicilliginin-olkeye-ne-getire-bileceyini-yaxin-gelecek-gosterecek\\\/\",\"url\":\"https:\\\/\\\/www.meydan.tv\\\/az\\\/article\\\/aile-ardicilliginin-olkeye-ne-getire-bileceyini-yaxin-gelecek-gosterecek\\\/\",\"name\":\"''Ail\u0259 ard\u0131c\u0131ll\u0131\u011f\u0131n\u0131n \u00f6lk\u0259y\u0259 n\u0259 g\u0259tir\u0259 bil\u0259c\u0259yini yax\u0131n g\u0259l\u0259c\u0259k g\u00f6st\u0259r\u0259c\u0259k'' - MEYDAN.TV\",\"isPartOf\":{\"@id\":\"https:\\\/\\\/www.meydan.tv\\\/az\\\/#website\"},\"primaryImageOfPage\":{\"@id\":\"https:\\\/\\\/www.meydan.tv\\\/az\\\/article\\\/aile-ardicilliginin-olkeye-ne-getire-bileceyini-yaxin-gelecek-gosterecek\\\/#primaryimage\"},\"image\":{\"@id\":\"https:\\\/\\\/www.meydan.tv\\\/az\\\/article\\\/aile-ardicilliginin-olkeye-ne-getire-bileceyini-yaxin-gelecek-gosterecek\\\/#primaryimage\"},\"thumbnailUrl\":\"https:\\\/\\\/www.meydan.tv\\\/wp-content\\\/uploads\\\/31059.jpg\",\"datePublished\":\"2017-02-21T18:25:37+00:00\",\"breadcrumb\":{\"@id\":\"https:\\\/\\\/www.meydan.tv\\\/az\\\/article\\\/aile-ardicilliginin-olkeye-ne-getire-bileceyini-yaxin-gelecek-gosterecek\\\/#breadcrumb\"},\"inLanguage\":\"az\",\"potentialAction\":[{\"@type\":\"ReadAction\",\"target\":[\"https:\\\/\\\/www.meydan.tv\\\/az\\\/article\\\/aile-ardicilliginin-olkeye-ne-getire-bileceyini-yaxin-gelecek-gosterecek\\\/\"]}]},{\"@type\":\"ImageObject\",\"inLanguage\":\"az\",\"@id\":\"https:\\\/\\\/www.meydan.tv\\\/az\\\/article\\\/aile-ardicilliginin-olkeye-ne-getire-bileceyini-yaxin-gelecek-gosterecek\\\/#primaryimage\",\"url\":\"https:\\\/\\\/www.meydan.tv\\\/wp-content\\\/uploads\\\/31059.jpg\",\"contentUrl\":\"https:\\\/\\\/www.meydan.tv\\\/wp-content\\\/uploads\\\/31059.jpg\",\"width\":600,\"height\":408,\"caption\":\"Source:\"},{\"@type\":\"BreadcrumbList\",\"@id\":\"https:\\\/\\\/www.meydan.tv\\\/az\\\/article\\\/aile-ardicilliginin-olkeye-ne-getire-bileceyini-yaxin-gelecek-gosterecek\\\/#breadcrumb\",\"itemListElement\":[{\"@type\":\"ListItem\",\"position\":1,\"name\":\"Ana s\u0259hif\u0259\",\"item\":\"https:\\\/\\\/www.meydan.tv\\\/az\\\/\"},{\"@type\":\"ListItem\",\"position\":2,\"name\":\"Analitika\",\"item\":\"https:\\\/\\\/www.meydan.tv\\\/az\\\/section\\\/analitika\\\/\"},{\"@type\":\"ListItem\",\"position\":3,\"name\":\"&#8221;Ail\u0259 ard\u0131c\u0131ll\u0131\u011f\u0131n\u0131n \u00f6lk\u0259y\u0259 n\u0259 g\u0259tir\u0259 bil\u0259c\u0259yini yax\u0131n g\u0259l\u0259c\u0259k g\u00f6st\u0259r\u0259c\u0259k&#8221;\"}]},{\"@type\":\"WebSite\",\"@id\":\"https:\\\/\\\/www.meydan.tv\\\/az\\\/#website\",\"url\":\"https:\\\/\\\/www.meydan.tv\\\/az\\\/\",\"name\":\"MEYDAN.TV\",\"description\":\"Meydan TV Az\u0259rbaycan\u0131n media m\u0259kan\u0131ndak\u0131 alternativ s\u0259sidir\",\"publisher\":{\"@id\":\"https:\\\/\\\/www.meydan.tv\\\/az\\\/#organization\"},\"potentialAction\":[{\"@type\":\"SearchAction\",\"target\":{\"@type\":\"EntryPoint\",\"urlTemplate\":\"https:\\\/\\\/www.meydan.tv\\\/az\\\/?s={search_term_string}\"},\"query-input\":{\"@type\":\"PropertyValueSpecification\",\"valueRequired\":true,\"valueName\":\"search_term_string\"}}],\"inLanguage\":\"az\"},{\"@type\":\"Organization\",\"@id\":\"https:\\\/\\\/www.meydan.tv\\\/az\\\/#organization\",\"name\":\"Meydan TV\",\"url\":\"https:\\\/\\\/www.meydan.tv\\\/az\\\/\",\"logo\":{\"@type\":\"ImageObject\",\"inLanguage\":\"az\",\"@id\":\"https:\\\/\\\/www.meydan.tv\\\/az\\\/#\\\/schema\\\/logo\\\/image\\\/\",\"url\":\"https:\\\/\\\/www.meydan.tv\\\/wp-content\\\/uploads\\\/2021\\\/07\\\/meydan-logo.svg\",\"contentUrl\":\"https:\\\/\\\/www.meydan.tv\\\/wp-content\\\/uploads\\\/2021\\\/07\\\/meydan-logo.svg\",\"width\":195,\"height\":46,\"caption\":\"Meydan TV\"},\"image\":{\"@id\":\"https:\\\/\\\/www.meydan.tv\\\/az\\\/#\\\/schema\\\/logo\\\/image\\\/\"}},{\"@type\":\"Person\",\"@id\":\"https:\\\/\\\/www.meydan.tv\\\/az\\\/#\\\/schema\\\/person\\\/10d11eccf6da3662cf5fdab9806ea91a\",\"name\":\"user-manager\"}]}<\/script>\n<!-- \/ Yoast SEO plugin. -->","yoast_head_json":{"title":"''Ail\u0259 ard\u0131c\u0131ll\u0131\u011f\u0131n\u0131n \u00f6lk\u0259y\u0259 n\u0259 g\u0259tir\u0259 bil\u0259c\u0259yini yax\u0131n g\u0259l\u0259c\u0259k g\u00f6st\u0259r\u0259c\u0259k'' - MEYDAN.TV","robots":{"index":"index","follow":"follow","max-snippet":"max-snippet:-1","max-image-preview":"max-image-preview:large","max-video-preview":"max-video-preview:-1"},"canonical":"https:\/\/www.meydan.tv\/az\/article\/aile-ardicilliginin-olkeye-ne-getire-bileceyini-yaxin-gelecek-gosterecek\/","og_locale":"az_AZ","og_type":"article","og_title":"''Ail\u0259 ard\u0131c\u0131ll\u0131\u011f\u0131n\u0131n \u00f6lk\u0259y\u0259 n\u0259 g\u0259tir\u0259 bil\u0259c\u0259yini yax\u0131n g\u0259l\u0259c\u0259k g\u00f6st\u0259r\u0259c\u0259k'' - MEYDAN.TV","og_description":"''Turan'' birinci xan\u0131m\u0131n t\u0259yinat\u0131n\u0131 \u015f\u0259rh edir","og_url":"https:\/\/www.meydan.tv\/az\/article\/aile-ardicilliginin-olkeye-ne-getire-bileceyini-yaxin-gelecek-gosterecek\/","og_site_name":"MEYDAN.TV","article_published_time":"2017-02-21T18:25:37+00:00","og_image":[{"width":600,"height":408,"url":"https:\/\/www.meydan.tv\/wp-content\/uploads\/31059.jpg","type":"image\/jpeg"}],"author":"user-manager","twitter_card":"summary_large_image","schema":{"@context":"https:\/\/schema.org","@graph":[{"@type":"Article","@id":"https:\/\/www.meydan.tv\/az\/article\/aile-ardicilliginin-olkeye-ne-getire-bileceyini-yaxin-gelecek-gosterecek\/#article","isPartOf":{"@id":"https:\/\/www.meydan.tv\/az\/article\/aile-ardicilliginin-olkeye-ne-getire-bileceyini-yaxin-gelecek-gosterecek\/"},"author":{"name":"user-manager","@id":"https:\/\/www.meydan.tv\/az\/#\/schema\/person\/10d11eccf6da3662cf5fdab9806ea91a"},"headline":"&#8221;Ail\u0259 ard\u0131c\u0131ll\u0131\u011f\u0131n\u0131n \u00f6lk\u0259y\u0259 n\u0259 g\u0259tir\u0259 bil\u0259c\u0259yini yax\u0131n g\u0259l\u0259c\u0259k g\u00f6st\u0259r\u0259c\u0259k&#8221;","datePublished":"2017-02-21T18:25:37+00:00","mainEntityOfPage":{"@id":"https:\/\/www.meydan.tv\/az\/article\/aile-ardicilliginin-olkeye-ne-getire-bileceyini-yaxin-gelecek-gosterecek\/"},"wordCount":1120,"publisher":{"@id":"https:\/\/www.meydan.tv\/az\/#organization"},"image":{"@id":"https:\/\/www.meydan.tv\/az\/article\/aile-ardicilliginin-olkeye-ne-getire-bileceyini-yaxin-gelecek-gosterecek\/#primaryimage"},"thumbnailUrl":"https:\/\/www.meydan.tv\/wp-content\/uploads\/31059.jpg","articleSection":["Analitika"],"inLanguage":"az"},{"@type":"WebPage","@id":"https:\/\/www.meydan.tv\/az\/article\/aile-ardicilliginin-olkeye-ne-getire-bileceyini-yaxin-gelecek-gosterecek\/","url":"https:\/\/www.meydan.tv\/az\/article\/aile-ardicilliginin-olkeye-ne-getire-bileceyini-yaxin-gelecek-gosterecek\/","name":"''Ail\u0259 ard\u0131c\u0131ll\u0131\u011f\u0131n\u0131n \u00f6lk\u0259y\u0259 n\u0259 g\u0259tir\u0259 bil\u0259c\u0259yini yax\u0131n g\u0259l\u0259c\u0259k g\u00f6st\u0259r\u0259c\u0259k'' - MEYDAN.TV","isPartOf":{"@id":"https:\/\/www.meydan.tv\/az\/#website"},"primaryImageOfPage":{"@id":"https:\/\/www.meydan.tv\/az\/article\/aile-ardicilliginin-olkeye-ne-getire-bileceyini-yaxin-gelecek-gosterecek\/#primaryimage"},"image":{"@id":"https:\/\/www.meydan.tv\/az\/article\/aile-ardicilliginin-olkeye-ne-getire-bileceyini-yaxin-gelecek-gosterecek\/#primaryimage"},"thumbnailUrl":"https:\/\/www.meydan.tv\/wp-content\/uploads\/31059.jpg","datePublished":"2017-02-21T18:25:37+00:00","breadcrumb":{"@id":"https:\/\/www.meydan.tv\/az\/article\/aile-ardicilliginin-olkeye-ne-getire-bileceyini-yaxin-gelecek-gosterecek\/#breadcrumb"},"inLanguage":"az","potentialAction":[{"@type":"ReadAction","target":["https:\/\/www.meydan.tv\/az\/article\/aile-ardicilliginin-olkeye-ne-getire-bileceyini-yaxin-gelecek-gosterecek\/"]}]},{"@type":"ImageObject","inLanguage":"az","@id":"https:\/\/www.meydan.tv\/az\/article\/aile-ardicilliginin-olkeye-ne-getire-bileceyini-yaxin-gelecek-gosterecek\/#primaryimage","url":"https:\/\/www.meydan.tv\/wp-content\/uploads\/31059.jpg","contentUrl":"https:\/\/www.meydan.tv\/wp-content\/uploads\/31059.jpg","width":600,"height":408,"caption":"Source:"},{"@type":"BreadcrumbList","@id":"https:\/\/www.meydan.tv\/az\/article\/aile-ardicilliginin-olkeye-ne-getire-bileceyini-yaxin-gelecek-gosterecek\/#breadcrumb","itemListElement":[{"@type":"ListItem","position":1,"name":"Ana s\u0259hif\u0259","item":"https:\/\/www.meydan.tv\/az\/"},{"@type":"ListItem","position":2,"name":"Analitika","item":"https:\/\/www.meydan.tv\/az\/section\/analitika\/"},{"@type":"ListItem","position":3,"name":"&#8221;Ail\u0259 ard\u0131c\u0131ll\u0131\u011f\u0131n\u0131n \u00f6lk\u0259y\u0259 n\u0259 g\u0259tir\u0259 bil\u0259c\u0259yini yax\u0131n g\u0259l\u0259c\u0259k g\u00f6st\u0259r\u0259c\u0259k&#8221;"}]},{"@type":"WebSite","@id":"https:\/\/www.meydan.tv\/az\/#website","url":"https:\/\/www.meydan.tv\/az\/","name":"MEYDAN.TV","description":"Meydan TV Az\u0259rbaycan\u0131n media m\u0259kan\u0131ndak\u0131 alternativ s\u0259sidir","publisher":{"@id":"https:\/\/www.meydan.tv\/az\/#organization"},"potentialAction":[{"@type":"SearchAction","target":{"@type":"EntryPoint","urlTemplate":"https:\/\/www.meydan.tv\/az\/?s={search_term_string}"},"query-input":{"@type":"PropertyValueSpecification","valueRequired":true,"valueName":"search_term_string"}}],"inLanguage":"az"},{"@type":"Organization","@id":"https:\/\/www.meydan.tv\/az\/#organization","name":"Meydan TV","url":"https:\/\/www.meydan.tv\/az\/","logo":{"@type":"ImageObject","inLanguage":"az","@id":"https:\/\/www.meydan.tv\/az\/#\/schema\/logo\/image\/","url":"https:\/\/www.meydan.tv\/wp-content\/uploads\/2021\/07\/meydan-logo.svg","contentUrl":"https:\/\/www.meydan.tv\/wp-content\/uploads\/2021\/07\/meydan-logo.svg","width":195,"height":46,"caption":"Meydan TV"},"image":{"@id":"https:\/\/www.meydan.tv\/az\/#\/schema\/logo\/image\/"}},{"@type":"Person","@id":"https:\/\/www.meydan.tv\/az\/#\/schema\/person\/10d11eccf6da3662cf5fdab9806ea91a","name":"user-manager"}]}},"_links":{"self":[{"href":"https:\/\/www.meydan.tv\/az\/wp-json\/wp\/v2\/posts\/182689","targetHints":{"allow":["GET"]}}],"collection":[{"href":"https:\/\/www.meydan.tv\/az\/wp-json\/wp\/v2\/posts"}],"about":[{"href":"https:\/\/www.meydan.tv\/az\/wp-json\/wp\/v2\/types\/post"}],"author":[{"embeddable":true,"href":"https:\/\/www.meydan.tv\/az\/wp-json\/wp\/v2\/users\/11"}],"replies":[{"embeddable":true,"href":"https:\/\/www.meydan.tv\/az\/wp-json\/wp\/v2\/comments?post=182689"}],"version-history":[{"count":0,"href":"https:\/\/www.meydan.tv\/az\/wp-json\/wp\/v2\/posts\/182689\/revisions"}],"wp:featuredmedia":[{"embeddable":true,"href":"https:\/\/www.meydan.tv\/az\/wp-json\/wp\/v2\/media\/79702"}],"wp:attachment":[{"href":"https:\/\/www.meydan.tv\/az\/wp-json\/wp\/v2\/media?parent=182689"}],"wp:term":[{"taxonomy":"category","embeddable":true,"href":"https:\/\/www.meydan.tv\/az\/wp-json\/wp\/v2\/categories?post=182689"},{"taxonomy":"post_tag","embeddable":true,"href":"https:\/\/www.meydan.tv\/az\/wp-json\/wp\/v2\/tags?post=182689"}],"curies":[{"name":"wp","href":"https:\/\/api.w.org\/{rel}","templated":true}]}}