{"id":182682,"date":"2017-02-21T13:37:43","date_gmt":"2017-02-21T13:37:43","guid":{"rendered":"https:\/\/www.meydan.tv\/article\/mehriban-eliyeva-azerbaycanin-birinci-vitse-prezidenti-teyin-edilib\/"},"modified":"2017-02-21T13:37:43","modified_gmt":"2017-02-21T13:37:43","slug":"mehriban-eliyeva-azerbaycanin-birinci-vitse-prezidenti-teyin-edilib","status":"publish","type":"post","link":"https:\/\/www.meydan.tv\/az\/article\/mehriban-eliyeva-azerbaycanin-birinci-vitse-prezidenti-teyin-edilib\/","title":{"rendered":"Mehriban \u018fliyeva Az\u0259rbaycan\u0131n birinci vitse-prezidenti t\u0259yin edilib"},"content":{"rendered":"<figure class=\"wp-block-image size-large\">\n  <img decoding=\"async\" src=\"https:\/\/www.meydan.tv\/az\/79639\/\" alt=\"\" class=\"wp-image-79639\"\/><figcaption><\/figcaption><\/figure>\n<p>\n  <i><br \/>\n    Az\u0259rbaycan prezidenti \u0130lham \u018fliyev m\u00fcvafiq s\u0259r\u0259ncam imzalay\u0131b<br \/>\n  <\/i>\n<\/p>\n<p>\n  Mehriban \u018fliyeva \u00f6lk\u0259nin birinci vitse-prezidenti t\u0259yin edilib. Bununla ba\u011fl\u0131 prezident \u0130lham \u018fliyev s\u0259r\u0259ncam imzalay\u0131b.\n<\/p>\n<p>\n  S\u0259r\u0259ncam president.az sayt\u0131nda d\u0259rc olunub.\n<\/p>\n<p>\n  \u0130lham \u018fliyevin s\u0259drliyi il\u0259 fevral\u0131n 21-d\u0259 T\u0259hl\u00fck\u0259sizlik \u015euras\u0131n\u0131n iclas\u0131 ke\u00e7irilib v\u0259 iclasda \u00f6lk\u0259 ba\u015f\u00e7\u0131s\u0131 Mehriban \u018fliyevan\u0131 t\u0259qdim edib.\n<\/p>\n<p>\n  26 sentyabr 2016-c\u0131 ild\u0259 ke\u00e7iril\u0259n \u00fcmumxalq s\u0259sverm\u0259sind\u0259 q\u0259bul edil\u0259n Konstitusiyaya \u0259lav\u0259 v\u0259 d\u0259yi\u015fiklikl\u0259r\u0259 \u0259sas\u0259n, Az\u0259rbaycan\u0131n birinci vitse-prezidenti v\u0259 vitse-prezidentl\u0259ri Az\u0259rbaycan Respublikas\u0131n\u0131n Prezidenti t\u0259r\u0259find\u0259n v\u0259zif\u0259y\u0259 t\u0259yin v\u0259 v\u0259zif\u0259d\u0259n azad edilirl\u0259r.\n<\/p>\n<p>\n  Az\u0259rbaycan Respublikas\u0131n\u0131n vitse-prezidenti v\u0259zif\u0259sin\u0259 se\u00e7kil\u0259rd\u0259 i\u015ftirak etm\u0259k h\u00fcququna malik olan, ali t\u0259hsilli, ba\u015fqa d\u00f6vl\u0259tl\u0259r qar\u015f\u0131s\u0131nda \u00f6hd\u0259liyi olmayan Az\u0259rbaycan Respublikas\u0131 v\u0259t\u0259nda\u015f\u0131 t\u0259yin edilir.\n<\/p>\n<p>\n  Birinci vitse-prezident v\u0259 onun ail\u0259si d\u00f6vl\u0259t hesab\u0131na t\u0259min edilir. Birinci vitse-prezidentin v\u0259 onun ail\u0259sinin t\u0259hl\u00fck\u0259sizliyini x\u00fcsusi m\u00fchafiz\u0259 xidm\u0259tl\u0259ri t\u0259min edir. Az\u0259rbaycan Respublikas\u0131n\u0131n Prezidenti vaxt\u0131ndan \u0259vv\u0259l v\u0259zif\u0259d\u0259n getdikd\u0259 60 g\u00fcn m\u00fcdd\u0259tind\u0259 n\u00f6vb\u0259d\u0259nk\u0259nar prezidenti se\u00e7kil\u0259ri ke\u00e7irilir v\u0259 bu halda yeni prezident se\u00e7il\u0259n\u0259d\u0259k Az\u0259rbaycan Respublikas\u0131n\u0131n Prezidenti s\u0259lahiyy\u0259tl\u0259rini birinci vitse-prezident icra edir. Bu m\u00fcdd\u0259t \u0259rzind\u0259 Az\u0259rbaycan Respublikas\u0131 Prezidentinin s\u0259lahiyy\u0259tl\u0259rini icra ed\u0259n birinci vitse-prezident istefa verdikd\u0259, s\u0259hh\u0259tin\u0259 g\u00f6r\u0259 \u00f6z s\u0259lahiyy\u0259tl\u0259rini icra etm\u0259k qabiliyy\u0259tini tamamil\u0259 itirdikd\u0259 Az\u0259rbaycan Respublikas\u0131 Prezidentinin m\u00fc\u0259yy\u0259n etdiyi ard\u0131c\u0131ll\u0131qla Az\u0259rbaycan Respublikas\u0131n\u0131n vitse-prezidenti birinci vitse-prezident statusu alm\u0131\u015f olur v\u0259 Az\u0259rbaycan Respublikas\u0131 Prezidentinin s\u0259lahiyy\u0259tl\u0259rini icra edir.\n<\/p>\n<p>\n  S\u0259lahiyy\u0259t m\u00fcdd\u0259ti \u0259rzind\u0259 Az\u0259rbaycan Respublikas\u0131n\u0131n vitse-prezidentinin \u015f\u0259xsiyy\u0259ti toxunulmazd\u0131r. Az\u0259rbaycan Respublikas\u0131n\u0131n vitse-prezidenti cinay\u0259t ba\u015f\u0131nda yaxalanma hallar\u0131ndan ba\u015fqa tutula, cinay\u0259t m\u0259suliyy\u0259tin\u0259 c\u0259lb edil\u0259, onun bar\u0259sind\u0259 m\u0259hk\u0259m\u0259 qaydas\u0131nda inzibati t\u0259nbeh t\u0259dbirl\u0259ri t\u0259tbiq edil\u0259, axtar\u0131\u015fa m\u0259ruz qala v\u0259 \u015f\u0259xsi m\u00fcayin\u0259 edil\u0259 bilm\u0259z.\n<\/p>\n<p>\n  Az\u0259rbaycan Respublikas\u0131n\u0131n vitse-prezidentinin toxunulmazl\u0131\u011f\u0131na yaln\u0131z Az\u0259rbaycan Respublikas\u0131 Ba\u015f prokurorunun t\u0259qdimat\u0131na \u0259sas\u0259n, Az\u0259rbaycan Respublikas\u0131n\u0131n Prezidenti t\u0259r\u0259find\u0259n xitam veril\u0259 bil\u0259r.\n<\/p>\n<p>\n  Mehriban \u018fliyeva 1964-c\u00fc il avqustun 26-da Bak\u0131da anadan olub. O, yaz\u0131\u00e7\u0131 Mir C\u0259lal Pa\u015fayevin v\u0259 \u018fm\u0259kdar elm xadimi N\u0259sir \u0130manquliyevin n\u0259v\u0259sidir.\n<\/p>\n<p>\n  Mehriban \u018fliyeva 1982-ci ild\u0259 Bak\u0131 \u015f\u0259h\u0259ri 23 \u2116-li orta m\u0259kt\u0259bi q\u0131z\u0131l medalla bitir\u0259r\u0259k N. N\u0259rimanov ad\u0131na Az\u0259rbaycan D\u00f6vl\u0259t Tibb \u0130nstitutunun m\u00fcalic\u0259-profilaktika fak\u00fclt\u0259sin\u0259 daxil olub. 1988-ci ild\u0259 \u0130.M.Se\u00e7enov ad\u0131na 1-ci Moskva D\u00f6vl\u0259t Tibb \u0130nstitutunu f\u0259rql\u0259nm\u0259 diplomu il\u0259 bitirib v\u0259 1988-1992-ci ill\u0259r \u0259rzind\u0259 Moskvada akademik Krasnovun r\u0259hb\u0259rliyi alt\u0131nda G\u00f6z X\u0259st\u0259likl\u0259ri Elmi-T\u0259dqiqat \u0130nstitutunda i\u015fl\u0259yib.\n<\/p>\n<p>\n  M.\u018fliyeva 2005-ci ild\u0259 \u201cEftanaziya v\u0259 t\u0259bab\u0259td\u0259 humanizm problemi\u201d m\u00f6vzusunda dissertasiya i\u015fi m\u00fcdafi\u0259 edib v\u0259 f\u0259ls\u0259f\u0259 elml\u0259ri namiz\u0259di alimlik d\u0259r\u0259c\u0259si al\u0131b.\n<\/p>\n<p>\n  M.\u018fliyeva 1983-c\u00fc ild\u0259 \u0130lham \u018fliyevl\u0259 ail\u0259 h\u0259yat\u0131 qurub. Leyla, Arzu v\u0259 Heyd\u0259r adl\u0131 \u00fc\u00e7 \u00f6vlad\u0131 var.\n<\/p>\n<p>\n  2016-c\u0131 ilin 26 sentyabr\u0131nda Az\u0259rbaycanda referendum ke\u00e7irilib. Referendum Akt\u0131 layih\u0259sind\u0259 Az\u0259rbaycanda birinci vitse-prezident v\u0259 vitse-prezidentl\u0259ri postlar\u0131n\u0131n yarad\u0131lmas\u0131, prezidentin s\u0259lahiyy\u0259t m\u00fcdd\u0259tinin 5 ild\u0259n 7 il\u0259 art\u0131r\u0131lmas\u0131, prezident\u0259 Milli M\u0259clisi buraxmaq v\u0259 n\u00f6vb\u0259d\u0259nk\u0259nar prezident se\u00e7kil\u0259rinin elan edilm\u0259si s\u0259lahiyy\u0259tinin verilm\u0259si, prezident se\u00e7kil\u0259rind\u0259 ya\u015f m\u0259hdudiyy\u0259tinin aradan qald\u0131r\u0131lmas\u0131, parlament se\u00e7kil\u0259rind\u0259 i\u015ftirak \u00fc\u00e7\u00fcn ya\u015f h\u0259ddinin 25-d\u0259n 18-\u0259 endirilm\u0259si n\u0259z\u0259rd\u0259 tutulur.<\/p>\n","protected":false},"excerpt":{"rendered":"<p>Az\u0259rbaycan prezidenti \u0130lham \u018fliyev m\u00fcvafiq s\u0259r\u0259ncam imzalay\u0131b<\/p>\n","protected":false},"author":11,"featured_media":79639,"comment_status":"closed","ping_status":"open","sticky":false,"template":"","format":"standard","meta":{"_acf_changed":false,"_sitemap_exclude":false,"_sitemap_priority":"","_sitemap_frequency":"","footnotes":""},"categories":[56],"tags":[],"class_list":["post-182682","post","type-post","status-publish","format-standard","has-post-thumbnail","hentry","category-xeberler","infinite-scroll-item","generate-columns","tablet-grid-50","mobile-grid-100","grid-parent","grid-33","no-featured-image-padding"],"acf":[],"yoast_head":"<!-- This site is optimized with the Yoast SEO plugin v27.4 - https:\/\/yoast.com\/product\/yoast-seo-wordpress\/ -->\n<title>Mehriban \u018fliyeva Az\u0259rbaycan\u0131n birinci vitse-prezidenti t\u0259yin edilib - MEYDAN.TV<\/title>\n<meta name=\"robots\" content=\"index, follow, max-snippet:-1, max-image-preview:large, max-video-preview:-1\" \/>\n<link rel=\"canonical\" href=\"https:\/\/www.meydan.tv\/az\/article\/mehriban-eliyeva-azerbaycanin-birinci-vitse-prezidenti-teyin-edilib\/\" \/>\n<meta property=\"og:locale\" content=\"az_AZ\" \/>\n<meta property=\"og:type\" content=\"article\" \/>\n<meta property=\"og:title\" content=\"Mehriban \u018fliyeva Az\u0259rbaycan\u0131n birinci vitse-prezidenti t\u0259yin edilib - MEYDAN.TV\" \/>\n<meta property=\"og:description\" content=\"Az\u0259rbaycan prezidenti \u0130lham \u018fliyev m\u00fcvafiq s\u0259r\u0259ncam imzalay\u0131b\" \/>\n<meta property=\"og:url\" content=\"https:\/\/www.meydan.tv\/az\/article\/mehriban-eliyeva-azerbaycanin-birinci-vitse-prezidenti-teyin-edilib\/\" \/>\n<meta property=\"og:site_name\" content=\"MEYDAN.TV\" \/>\n<meta property=\"article:published_time\" content=\"2017-02-21T13:37:43+00:00\" \/>\n<meta property=\"og:image\" content=\"https:\/\/www.meydan.tv\/wp-content\/uploads\/31049.jpg\" \/>\n\t<meta property=\"og:image:width\" content=\"900\" \/>\n\t<meta property=\"og:image:height\" content=\"616\" \/>\n\t<meta property=\"og:image:type\" content=\"image\/jpeg\" \/>\n<meta name=\"author\" content=\"user-manager\" \/>\n<meta name=\"twitter:card\" content=\"summary_large_image\" \/>\n<script type=\"application\/ld+json\" class=\"yoast-schema-graph\">{\"@context\":\"https:\\\/\\\/schema.org\",\"@graph\":[{\"@type\":\"Article\",\"@id\":\"https:\\\/\\\/www.meydan.tv\\\/az\\\/article\\\/mehriban-eliyeva-azerbaycanin-birinci-vitse-prezidenti-teyin-edilib\\\/#article\",\"isPartOf\":{\"@id\":\"https:\\\/\\\/www.meydan.tv\\\/az\\\/article\\\/mehriban-eliyeva-azerbaycanin-birinci-vitse-prezidenti-teyin-edilib\\\/\"},\"author\":{\"name\":\"user-manager\",\"@id\":\"https:\\\/\\\/www.meydan.tv\\\/az\\\/#\\\/schema\\\/person\\\/10d11eccf6da3662cf5fdab9806ea91a\"},\"headline\":\"Mehriban \u018fliyeva Az\u0259rbaycan\u0131n birinci vitse-prezidenti t\u0259yin edilib\",\"datePublished\":\"2017-02-21T13:37:43+00:00\",\"mainEntityOfPage\":{\"@id\":\"https:\\\/\\\/www.meydan.tv\\\/az\\\/article\\\/mehriban-eliyeva-azerbaycanin-birinci-vitse-prezidenti-teyin-edilib\\\/\"},\"wordCount\":699,\"publisher\":{\"@id\":\"https:\\\/\\\/www.meydan.tv\\\/az\\\/#organization\"},\"image\":{\"@id\":\"https:\\\/\\\/www.meydan.tv\\\/az\\\/article\\\/mehriban-eliyeva-azerbaycanin-birinci-vitse-prezidenti-teyin-edilib\\\/#primaryimage\"},\"thumbnailUrl\":\"https:\\\/\\\/www.meydan.tv\\\/wp-content\\\/uploads\\\/31049.jpg\",\"articleSection\":[\"X\u0259b\u0259rl\u0259r\"],\"inLanguage\":\"az\"},{\"@type\":\"WebPage\",\"@id\":\"https:\\\/\\\/www.meydan.tv\\\/az\\\/article\\\/mehriban-eliyeva-azerbaycanin-birinci-vitse-prezidenti-teyin-edilib\\\/\",\"url\":\"https:\\\/\\\/www.meydan.tv\\\/az\\\/article\\\/mehriban-eliyeva-azerbaycanin-birinci-vitse-prezidenti-teyin-edilib\\\/\",\"name\":\"Mehriban \u018fliyeva Az\u0259rbaycan\u0131n birinci vitse-prezidenti t\u0259yin edilib - MEYDAN.TV\",\"isPartOf\":{\"@id\":\"https:\\\/\\\/www.meydan.tv\\\/az\\\/#website\"},\"primaryImageOfPage\":{\"@id\":\"https:\\\/\\\/www.meydan.tv\\\/az\\\/article\\\/mehriban-eliyeva-azerbaycanin-birinci-vitse-prezidenti-teyin-edilib\\\/#primaryimage\"},\"image\":{\"@id\":\"https:\\\/\\\/www.meydan.tv\\\/az\\\/article\\\/mehriban-eliyeva-azerbaycanin-birinci-vitse-prezidenti-teyin-edilib\\\/#primaryimage\"},\"thumbnailUrl\":\"https:\\\/\\\/www.meydan.tv\\\/wp-content\\\/uploads\\\/31049.jpg\",\"datePublished\":\"2017-02-21T13:37:43+00:00\",\"breadcrumb\":{\"@id\":\"https:\\\/\\\/www.meydan.tv\\\/az\\\/article\\\/mehriban-eliyeva-azerbaycanin-birinci-vitse-prezidenti-teyin-edilib\\\/#breadcrumb\"},\"inLanguage\":\"az\",\"potentialAction\":[{\"@type\":\"ReadAction\",\"target\":[\"https:\\\/\\\/www.meydan.tv\\\/az\\\/article\\\/mehriban-eliyeva-azerbaycanin-birinci-vitse-prezidenti-teyin-edilib\\\/\"]}]},{\"@type\":\"ImageObject\",\"inLanguage\":\"az\",\"@id\":\"https:\\\/\\\/www.meydan.tv\\\/az\\\/article\\\/mehriban-eliyeva-azerbaycanin-birinci-vitse-prezidenti-teyin-edilib\\\/#primaryimage\",\"url\":\"https:\\\/\\\/www.meydan.tv\\\/wp-content\\\/uploads\\\/31049.jpg\",\"contentUrl\":\"https:\\\/\\\/www.meydan.tv\\\/wp-content\\\/uploads\\\/31049.jpg\",\"width\":900,\"height\":616,\"caption\":\"Source:\"},{\"@type\":\"BreadcrumbList\",\"@id\":\"https:\\\/\\\/www.meydan.tv\\\/az\\\/article\\\/mehriban-eliyeva-azerbaycanin-birinci-vitse-prezidenti-teyin-edilib\\\/#breadcrumb\",\"itemListElement\":[{\"@type\":\"ListItem\",\"position\":1,\"name\":\"Ana s\u0259hif\u0259\",\"item\":\"https:\\\/\\\/www.meydan.tv\\\/az\\\/\"},{\"@type\":\"ListItem\",\"position\":2,\"name\":\"X\u0259b\u0259rl\u0259r\",\"item\":\"https:\\\/\\\/www.meydan.tv\\\/az\\\/section\\\/xeberler\\\/\"},{\"@type\":\"ListItem\",\"position\":3,\"name\":\"Mehriban \u018fliyeva Az\u0259rbaycan\u0131n birinci vitse-prezidenti t\u0259yin edilib\"}]},{\"@type\":\"WebSite\",\"@id\":\"https:\\\/\\\/www.meydan.tv\\\/az\\\/#website\",\"url\":\"https:\\\/\\\/www.meydan.tv\\\/az\\\/\",\"name\":\"MEYDAN.TV\",\"description\":\"Meydan TV Az\u0259rbaycan\u0131n media m\u0259kan\u0131ndak\u0131 alternativ s\u0259sidir\",\"publisher\":{\"@id\":\"https:\\\/\\\/www.meydan.tv\\\/az\\\/#organization\"},\"potentialAction\":[{\"@type\":\"SearchAction\",\"target\":{\"@type\":\"EntryPoint\",\"urlTemplate\":\"https:\\\/\\\/www.meydan.tv\\\/az\\\/?s={search_term_string}\"},\"query-input\":{\"@type\":\"PropertyValueSpecification\",\"valueRequired\":true,\"valueName\":\"search_term_string\"}}],\"inLanguage\":\"az\"},{\"@type\":\"Organization\",\"@id\":\"https:\\\/\\\/www.meydan.tv\\\/az\\\/#organization\",\"name\":\"Meydan TV\",\"url\":\"https:\\\/\\\/www.meydan.tv\\\/az\\\/\",\"logo\":{\"@type\":\"ImageObject\",\"inLanguage\":\"az\",\"@id\":\"https:\\\/\\\/www.meydan.tv\\\/az\\\/#\\\/schema\\\/logo\\\/image\\\/\",\"url\":\"https:\\\/\\\/www.meydan.tv\\\/wp-content\\\/uploads\\\/2021\\\/07\\\/meydan-logo.svg\",\"contentUrl\":\"https:\\\/\\\/www.meydan.tv\\\/wp-content\\\/uploads\\\/2021\\\/07\\\/meydan-logo.svg\",\"width\":195,\"height\":46,\"caption\":\"Meydan TV\"},\"image\":{\"@id\":\"https:\\\/\\\/www.meydan.tv\\\/az\\\/#\\\/schema\\\/logo\\\/image\\\/\"}},{\"@type\":\"Person\",\"@id\":\"https:\\\/\\\/www.meydan.tv\\\/az\\\/#\\\/schema\\\/person\\\/10d11eccf6da3662cf5fdab9806ea91a\",\"name\":\"user-manager\"}]}<\/script>\n<!-- \/ Yoast SEO plugin. -->","yoast_head_json":{"title":"Mehriban \u018fliyeva Az\u0259rbaycan\u0131n birinci vitse-prezidenti t\u0259yin edilib - MEYDAN.TV","robots":{"index":"index","follow":"follow","max-snippet":"max-snippet:-1","max-image-preview":"max-image-preview:large","max-video-preview":"max-video-preview:-1"},"canonical":"https:\/\/www.meydan.tv\/az\/article\/mehriban-eliyeva-azerbaycanin-birinci-vitse-prezidenti-teyin-edilib\/","og_locale":"az_AZ","og_type":"article","og_title":"Mehriban \u018fliyeva Az\u0259rbaycan\u0131n birinci vitse-prezidenti t\u0259yin edilib - MEYDAN.TV","og_description":"Az\u0259rbaycan prezidenti \u0130lham \u018fliyev m\u00fcvafiq s\u0259r\u0259ncam imzalay\u0131b","og_url":"https:\/\/www.meydan.tv\/az\/article\/mehriban-eliyeva-azerbaycanin-birinci-vitse-prezidenti-teyin-edilib\/","og_site_name":"MEYDAN.TV","article_published_time":"2017-02-21T13:37:43+00:00","og_image":[{"width":900,"height":616,"url":"https:\/\/www.meydan.tv\/wp-content\/uploads\/31049.jpg","type":"image\/jpeg"}],"author":"user-manager","twitter_card":"summary_large_image","schema":{"@context":"https:\/\/schema.org","@graph":[{"@type":"Article","@id":"https:\/\/www.meydan.tv\/az\/article\/mehriban-eliyeva-azerbaycanin-birinci-vitse-prezidenti-teyin-edilib\/#article","isPartOf":{"@id":"https:\/\/www.meydan.tv\/az\/article\/mehriban-eliyeva-azerbaycanin-birinci-vitse-prezidenti-teyin-edilib\/"},"author":{"name":"user-manager","@id":"https:\/\/www.meydan.tv\/az\/#\/schema\/person\/10d11eccf6da3662cf5fdab9806ea91a"},"headline":"Mehriban \u018fliyeva Az\u0259rbaycan\u0131n birinci vitse-prezidenti t\u0259yin edilib","datePublished":"2017-02-21T13:37:43+00:00","mainEntityOfPage":{"@id":"https:\/\/www.meydan.tv\/az\/article\/mehriban-eliyeva-azerbaycanin-birinci-vitse-prezidenti-teyin-edilib\/"},"wordCount":699,"publisher":{"@id":"https:\/\/www.meydan.tv\/az\/#organization"},"image":{"@id":"https:\/\/www.meydan.tv\/az\/article\/mehriban-eliyeva-azerbaycanin-birinci-vitse-prezidenti-teyin-edilib\/#primaryimage"},"thumbnailUrl":"https:\/\/www.meydan.tv\/wp-content\/uploads\/31049.jpg","articleSection":["X\u0259b\u0259rl\u0259r"],"inLanguage":"az"},{"@type":"WebPage","@id":"https:\/\/www.meydan.tv\/az\/article\/mehriban-eliyeva-azerbaycanin-birinci-vitse-prezidenti-teyin-edilib\/","url":"https:\/\/www.meydan.tv\/az\/article\/mehriban-eliyeva-azerbaycanin-birinci-vitse-prezidenti-teyin-edilib\/","name":"Mehriban \u018fliyeva Az\u0259rbaycan\u0131n birinci vitse-prezidenti t\u0259yin edilib - MEYDAN.TV","isPartOf":{"@id":"https:\/\/www.meydan.tv\/az\/#website"},"primaryImageOfPage":{"@id":"https:\/\/www.meydan.tv\/az\/article\/mehriban-eliyeva-azerbaycanin-birinci-vitse-prezidenti-teyin-edilib\/#primaryimage"},"image":{"@id":"https:\/\/www.meydan.tv\/az\/article\/mehriban-eliyeva-azerbaycanin-birinci-vitse-prezidenti-teyin-edilib\/#primaryimage"},"thumbnailUrl":"https:\/\/www.meydan.tv\/wp-content\/uploads\/31049.jpg","datePublished":"2017-02-21T13:37:43+00:00","breadcrumb":{"@id":"https:\/\/www.meydan.tv\/az\/article\/mehriban-eliyeva-azerbaycanin-birinci-vitse-prezidenti-teyin-edilib\/#breadcrumb"},"inLanguage":"az","potentialAction":[{"@type":"ReadAction","target":["https:\/\/www.meydan.tv\/az\/article\/mehriban-eliyeva-azerbaycanin-birinci-vitse-prezidenti-teyin-edilib\/"]}]},{"@type":"ImageObject","inLanguage":"az","@id":"https:\/\/www.meydan.tv\/az\/article\/mehriban-eliyeva-azerbaycanin-birinci-vitse-prezidenti-teyin-edilib\/#primaryimage","url":"https:\/\/www.meydan.tv\/wp-content\/uploads\/31049.jpg","contentUrl":"https:\/\/www.meydan.tv\/wp-content\/uploads\/31049.jpg","width":900,"height":616,"caption":"Source:"},{"@type":"BreadcrumbList","@id":"https:\/\/www.meydan.tv\/az\/article\/mehriban-eliyeva-azerbaycanin-birinci-vitse-prezidenti-teyin-edilib\/#breadcrumb","itemListElement":[{"@type":"ListItem","position":1,"name":"Ana s\u0259hif\u0259","item":"https:\/\/www.meydan.tv\/az\/"},{"@type":"ListItem","position":2,"name":"X\u0259b\u0259rl\u0259r","item":"https:\/\/www.meydan.tv\/az\/section\/xeberler\/"},{"@type":"ListItem","position":3,"name":"Mehriban \u018fliyeva Az\u0259rbaycan\u0131n birinci vitse-prezidenti t\u0259yin edilib"}]},{"@type":"WebSite","@id":"https:\/\/www.meydan.tv\/az\/#website","url":"https:\/\/www.meydan.tv\/az\/","name":"MEYDAN.TV","description":"Meydan TV Az\u0259rbaycan\u0131n media m\u0259kan\u0131ndak\u0131 alternativ s\u0259sidir","publisher":{"@id":"https:\/\/www.meydan.tv\/az\/#organization"},"potentialAction":[{"@type":"SearchAction","target":{"@type":"EntryPoint","urlTemplate":"https:\/\/www.meydan.tv\/az\/?s={search_term_string}"},"query-input":{"@type":"PropertyValueSpecification","valueRequired":true,"valueName":"search_term_string"}}],"inLanguage":"az"},{"@type":"Organization","@id":"https:\/\/www.meydan.tv\/az\/#organization","name":"Meydan TV","url":"https:\/\/www.meydan.tv\/az\/","logo":{"@type":"ImageObject","inLanguage":"az","@id":"https:\/\/www.meydan.tv\/az\/#\/schema\/logo\/image\/","url":"https:\/\/www.meydan.tv\/wp-content\/uploads\/2021\/07\/meydan-logo.svg","contentUrl":"https:\/\/www.meydan.tv\/wp-content\/uploads\/2021\/07\/meydan-logo.svg","width":195,"height":46,"caption":"Meydan TV"},"image":{"@id":"https:\/\/www.meydan.tv\/az\/#\/schema\/logo\/image\/"}},{"@type":"Person","@id":"https:\/\/www.meydan.tv\/az\/#\/schema\/person\/10d11eccf6da3662cf5fdab9806ea91a","name":"user-manager"}]}},"_links":{"self":[{"href":"https:\/\/www.meydan.tv\/az\/wp-json\/wp\/v2\/posts\/182682","targetHints":{"allow":["GET"]}}],"collection":[{"href":"https:\/\/www.meydan.tv\/az\/wp-json\/wp\/v2\/posts"}],"about":[{"href":"https:\/\/www.meydan.tv\/az\/wp-json\/wp\/v2\/types\/post"}],"author":[{"embeddable":true,"href":"https:\/\/www.meydan.tv\/az\/wp-json\/wp\/v2\/users\/11"}],"replies":[{"embeddable":true,"href":"https:\/\/www.meydan.tv\/az\/wp-json\/wp\/v2\/comments?post=182682"}],"version-history":[{"count":0,"href":"https:\/\/www.meydan.tv\/az\/wp-json\/wp\/v2\/posts\/182682\/revisions"}],"wp:featuredmedia":[{"embeddable":true,"href":"https:\/\/www.meydan.tv\/az\/wp-json\/wp\/v2\/media\/79639"}],"wp:attachment":[{"href":"https:\/\/www.meydan.tv\/az\/wp-json\/wp\/v2\/media?parent=182682"}],"wp:term":[{"taxonomy":"category","embeddable":true,"href":"https:\/\/www.meydan.tv\/az\/wp-json\/wp\/v2\/categories?post=182682"},{"taxonomy":"post_tag","embeddable":true,"href":"https:\/\/www.meydan.tv\/az\/wp-json\/wp\/v2\/tags?post=182682"}],"curies":[{"name":"wp","href":"https:\/\/api.w.org\/{rel}","templated":true}]}}