{"id":182654,"date":"2017-02-20T17:59:03","date_gmt":"2017-02-20T17:59:03","guid":{"rendered":"https:\/\/www.meydan.tv\/article\/bir-demokratin-taleyi\/"},"modified":"2017-02-20T17:59:03","modified_gmt":"2017-02-20T17:59:03","slug":"bir-demokratin-taleyi","status":"publish","type":"post","link":"https:\/\/www.meydan.tv\/az\/article\/bir-demokratin-taleyi\/","title":{"rendered":"Bir demokrat\u0131n taleyi"},"content":{"rendered":"<figure class=\"wp-block-image size-large\">\n  <img decoding=\"async\" src=\"https:\/\/www.meydan.tv\/az\/yadigar-sadiqov-6\/\" alt=\"Yadigar Sad\u0131qov\" class=\"wp-image-79633\"\/><figcaption>\n    Yadigar Sad\u0131qov<br \/>\n  <\/figcaption><\/figure>\n<p>\n  Onun haqq\u0131nda \u00e7oxdan yazmaq ist\u0259yirdim. \u00c7\u00fcnki \u015f\u0259xsi q\u0259na\u0259timc\u0259, otayl\u0131-butayl\u0131 Az\u0259rbaycan\u0131n XX \u0259srd\u0259 siyas\u0259t\u0259 b\u0259x\u015f etdiyi \u015f\u0259xsl\u0259r s\u0131ras\u0131nda ilk onluqda yer almas\u0131 \u015f\u00fcbh\u0259sizdir. Buna g\u00f6r\u0259 d\u0259 c\u0259miyy\u0259timiz\u0259 daha yax\u0131ndan tan\u0131tmaq laz\u0131m oldu\u011funu d\u00fc\u015f\u00fcn\u00fcrd\u00fcm.\n<\/p>\n<p>\n  Lakin m\u00f6vzunun oxucuya n\u0259 q\u0259d\u0259r maraql\u0131 olaca\u011f\u0131 bar\u0259d\u0259 t\u0259r\u0259dd\u00fcdd\u0259 idim. Bug\u00fcnl\u0259rd\u0259 \u0130ran \u0130slam inqilab\u0131n\u0131n ild\u00f6n\u00fcm\u00fc il\u0259 \u0259laq\u0259dar sosial \u015f\u0259b\u0259k\u0259l\u0259rd\u0259 ged\u0259n diskussiya fikrimi q\u0259til\u0259\u015fdirdi. \u00c7\u00fcnki q\u0259hr\u0259man\u0131m\u0131z\u0131n taleyi bu inqilab v\u0259 sonrak\u0131 prosesl\u0259rl\u0259 s\u0131x ba\u011fl\u0131d\u0131r.\n<\/p>\n<p>\n  Mehdi Baz\u0259rgan 1907-ci il sentyabr\u0131n 1-d\u0259 Tehranda az\u0259rbaycanl\u0131 ail\u0259sind\u0259 d\u00fcnyaya g\u0259lib. Onlar\u0131n n\u0259sli \u0130ran\u0131n \u015fimal-q\u0259rbind\u0259 yerl\u0259\u015f\u0259n, T\u00fcrkiy\u0259 s\u0259rh\u0259dind\u0259n 3 km-lik m\u0259saf\u0259d\u0259ki Baz\u0259rgan m\u0259nt\u0259q\u0259sind\u0259dir. Atas\u0131 Hac\u0131 Abbasqulu z\u0259ngin tacir idi. Buna g\u00f6r\u0259 g\u0259nc Mehdi m\u00fck\u0259mm\u0259l t\u0259hsil almaq imkan\u0131na malik olub. \u0130lkin t\u0259hsild\u0259n sonra o Rza \u015fah h\u00f6kum\u0259tinin g\u00f6nd\u0259ri\u015fi il\u0259 1926-1936-c\u0131 ill\u0259rd\u0259 Parisd\u0259 termodinamika m\u00fch\u0259ndisi ixtisas\u0131na yiy\u0259l\u0259nir v\u0259 \u00f6lk\u0259sin\u0259 d\u00f6n\u00fcr.\n<\/p>\n<p>\n  Art\u0131q bu d\u00f6vrl\u0259rd\u0259 Baz\u0259rgan \u0130ran c\u0259miyy\u0259tind\u0259 \u00f6z \u015f\u0259xsi keyfiyy\u0259tl\u0259ri, x\u00fcsus\u0259n d\u0259 intellekti il\u0259 m\u0259\u015fhurla\u015f\u0131r. Sonralar bir \u00e7oxu Mehdi Baz\u0259rgan\u0131 \u0130ran intellektuallar\u0131n\u0131n &#8220;xa\u00e7 atas\u0131&#8221; sayacaqlar. 1939-cu ild\u0259n \u0130ran\u0131 m\u0259\u015fhur T\u0259bat\u0259bai n\u0259slind\u0259n olan M\u0259l\u0259k xan\u0131mla evl\u0259nm\u0259si onun \u0259laq\u0259l\u0259rini daha da geni\u015fl\u0259ndirir.\n<\/p>\n<p>\n  \u0130kinci cahan sava\u015f\u0131 ill\u0259rind\u0259 Baz\u0259rgan ona t\u0259hsil vermi\u015f Fransan\u0131n k\u00f6m\u0259yin\u0259 getm\u0259yi \u00f6z\u00fcn\u0259 borc bilir v\u0259 de Qollun r\u0259hb\u0259rlik etdiyi M\u00fcqavim\u0259t h\u0259r\u0259kat\u0131nda i\u015ftirak edir. 40-c\u0131 ill\u0259rin ikinci yar\u0131s\u0131nda is\u0259 Tehran Universitetinin m\u00fch\u0259ndislik fak\u00fclt\u0259sinin ilk dekan\u0131 olur.\n<\/p>\n<figure class=\"wp-block-image size-large\">\n  <img decoding=\"async\" src=\"https:\/\/www.meydan.tv\/az\/79600\/\" alt=\"\" class=\"wp-image-79600\"\/><figcaption><\/figcaption><\/figure>\n<p>\n  Bu ill\u0259r b\u00fct\u00fcn d\u00fcnyada oldu\u011fu kimi \u0130randa da ciddi ictimai-siyasi prosesl\u0259rin c\u0259r\u0259yan etdiyi d\u00f6vrd\u00fcr. 1949-cu ild\u0259 islahat\u00e7\u0131 siyasi xadim M\u0259h\u0259mm\u0259d Mosaddeq (bizd\u0259 daha \u00e7ox M\u00fcs\u0259ddiq yaz\u0131l\u0131r) \u0130ran\u0131n milli, liberal, sosial-demokrat y\u00f6n\u00fcml\u00fc bir \u00e7ox siyasi t\u0259\u015fkilatlar\u0131n\u0131 Milli C\u0259bh\u0259d\u0259 birl\u0259\u015fdirir.\n<\/p>\n<p>\n  1950-ci ild\u0259 ke\u00e7iril\u0259n parlament se\u00e7kil\u0259rind\u0259 Milli C\u0259bh\u0259 deputat yerl\u0259rinin \u0259ks\u0259riyy\u0259tini qazan\u0131r. Bu da Mosaddeq\u0259 \u00e7oxdan arzulad\u0131\u011f\u0131 aksiyan\u0131 \u2013 \u0130ran\u0131n neft yataqlar\u0131n\u0131 millil\u0259\u015fdirilm\u0259sini h\u0259yata ke\u00e7irm\u0259y\u0259 imkan verir. M\u00fcvafiq qanun 1951-ci ilin mart\u0131n 15-d\u0259 q\u0259bul olunur.\n<\/p>\n<p>\n  Aprelin 28-d\u0259 is\u0259 M\u0259h\u0259mm\u0259d Mosaddeq \u0130ran\u0131n ba\u015f naziri se\u00e7ilir. \u00d6lk\u0259d\u0259 ba\u015f ver\u0259n bu dinc, lakin inqilabi d\u0259yi\u015fiklikl\u0259r q\u0259hr\u0259man\u0131m\u0131z\u0131n h\u0259yat\u0131ndan da yan ke\u00e7mir. M\u0259hz Mehdi Baz\u0259rgan yeni yarad\u0131lan \u0130ran Milli Neft \u015eirk\u0259tinin ilk r\u0259hb\u0259ri t\u0259yin olunur.\n<\/p>\n<p>\n  Lakin Mosaddeqin \u015fah hakimiyy\u0259tini m\u0259hdudla\u015fd\u0131rmaq, feodal m\u00fcnasib\u0259tl\u0259rini l\u0259\u011fv etm\u0259k yolundak\u0131 islahatlar\u0131 daxili irtican\u0131n, neft yataqlar\u0131n\u0131 millil\u0259\u015fdirm\u0259k kursu is\u0259 \u0130ngilt\u0259r\u0259 v\u0259 AB\u015e-\u0131n maraqlar\u0131na uy\u011fun g\u0259lmirdi. Bu iki \u00f6lk\u0259nin x\u00fcsusi xidm\u0259t orqanlar\u0131n\u0131n planla\u015fd\u0131rd\u0131\u011f\u0131 v\u0259 daxili irtican\u0131n k\u00f6m\u0259yi il\u0259 h\u0259yata ke\u00e7iril\u0259n &#8220;Ayaks&#8221; \u0259m\u0259liyyat\u0131 n\u0259tic\u0259sind\u0259 1953-c\u00fc ilin avqustunda Mosaddeq h\u00f6kum\u0259ti devrildi.\n<\/p>\n<p>\n  \u0130ran demokratlar\u0131 qeyri-leqal \u015f\u0259raitd\u0259 m\u00fcbariz\u0259ni davam etdirs\u0259l\u0259r d\u0259, yaln\u0131z 1960-c\u0131 ild\u0259 yenid\u0259n t\u0259\u015fkilatlana bildil\u0259r. Tarix\u015f\u00fcnasl\u0131qda \u0130kinci Milli C\u0259bh\u0259 adland\u0131r\u0131lan bu t\u0259\u015fkilat\u0131n r\u0259hb\u0259rliyind\u0259 art\u0131q Baz\u0259rgan da t\u0259msil olunurdu. Ondan \u0259lav\u0259 \u015eapur B\u0259xtiyar, K\u0259rim S\u0259ncabi, Dariu\u015f Forouhar, Qulamh\u00fcseyn Sadiqi, Allahyar Saleh v\u0259 dig\u0259r liberallar Milli C\u0259bh\u0259nin liderl\u0259ri idil\u0259r.\n<\/p>\n<p>\n  Lakin daxili fikir ayr\u0131l\u0131qlar\u0131 s\u0259b\u0259bind\u0259n Mehdi Baz\u0259rgan bir il sonra Milli C\u0259bh\u0259ni t\u0259rk etdi. O 1961-ci ild\u0259 ay\u0259tullah Taleqani il\u0259 birlikd\u0259 \u0130ran Azadl\u0131q H\u0259r\u0259kat\u0131 adl\u0131 t\u0259\u015fkilat yarad\u0131r. Liberal, d\u00fcn\u0259vi Milli C\u0259bh\u0259d\u0259n f\u0259rqli olaraq \u0130AH demokratik, lakin \u0130slam qaydalar\u0131n\u0131n \u0259h\u0259miyy\u0259tli rol oynayaca\u011f\u0131 c\u0259miyy\u0259tin qurulmas\u0131n\u0131 h\u0259d\u0259fl\u0259yirdi.<br \/>\n  <br \/>\n  60-c\u0131 ill\u0259rd\u0259 Baz\u0259rgan bir ne\u00e7\u0259 d\u0259f\u0259 h\u0259bs olunur. 1964-c\u00fc ild\u0259 \u015fah m\u0259hk\u0259m\u0259si onu 10 il azadl\u0131qdan m\u0259hrum edir, lakin 3 il sonra siyas\u0259tl\u0259 m\u0259\u015f\u011ful olmamaq \u015f\u0259rti il\u0259 azad olunur. Sonrak\u0131 10 il \u0259rzid\u0259 Mehdi Baz\u0259rgan tikinti biznesi il\u0259 m\u0259\u015f\u011ful olur.\n<\/p>\n<p>\n  1978-ci ilin ilk g\u00fcnl\u0259rind\u0259 \u0130randa etiraz h\u0259r\u0259kat\u0131n\u0131n v\u00fcs\u0259t almas\u0131 il\u0259 Baz\u0259rgan yenid\u0259n siyas\u0259t\u0259 qay\u0131d\u0131r. O, daha \u00e7ox m\u00fcst\u0259qil \u015f\u0259xs kimi davranaraq Fransada ya\u015fayan ay\u0259tullah Xomeyni v\u0259 Milli C\u0259bh\u0259 aras\u0131nda vasit\u0259\u00e7ilik edir, monarxiyaya qar\u015f\u0131 vahid m\u00fcqavim\u0259t d\u00fc\u015f\u0259rg\u0259sinin yaranmas\u0131na \u00e7al\u0131\u015f\u0131r.\n<\/p>\n<p>\n  Bu d\u00f6vrd\u0259 Milli C\u0259bh\u0259 d\u0259 d\u00fcny\u0259vi modeld\u0259n imtina edir, din v\u0259 demokratiyan\u0131n sintezi haqq\u0131nda dan\u0131\u015f\u0131r. Bu da onun daxilind\u0259 par\u00e7alanmaya s\u0259b\u0259b olur. K\u0259rim S\u0259ncabi Paris\u0259 gedib Xomeyni il\u0259 raz\u0131la\u015fma axtarark\u0259n, \u015eapur B\u0259xtiyar konstitusiyal\u0131 monarxiya qurulu\u015funa t\u0259r\u0259fdar \u00e7\u0131xaraq \u015fahin ba\u015f nazir postu t\u0259klifini q\u0259bul edir. T\u0259\u015fkilat \u00fczvl\u0259rinin \u0259ks\u0259riyy\u0259ti is\u0259 S\u0259ncabi x\u0259ttini d\u0259st\u0259kl\u0259yir.\n<\/p>\n<p>\n  H\u0259l\u0259 inqilab qalib g\u0259lm\u0259mi\u015f, 1979-cu ilin fevral\u0131n 4-d\u0259 Ruhullah Xomeyni yeni h\u00f6kum\u0259tin qurulmas\u0131n\u0131 Mehdi Baz\u0259rgana tap\u015f\u0131r\u0131r. 1 h\u0259ft\u0259 sonra, inqilab\u0131n q\u0259l\u0259b\u0259si v\u0259 monarxiyan\u0131n son ba\u015f naziri \u015eapur B\u0259xtiyar\u0131n istefas\u0131ndan sonra ikihakimiyy\u0259tlilik sona yetir v\u0259 Baz\u0259rgan \u0130ran Respublikas\u0131n\u0131n ilk ba\u015f naziri olur.\n<\/p>\n<p>\n  M\u00f6min olmas\u0131na v\u0259 \u0130slam qaydalar\u0131na ciddi \u0259m\u0259l etm\u0259sin\u0259 baxmayaraq, Mehdi Baz\u0259rgan teokratik d\u00f6vl\u0259t qurulu\u015funun t\u0259r\u0259fdar\u0131 deyildi. Bu s\u0259b\u0259bd\u0259n d\u0259 onunla Xomeyni aras\u0131nda fikir ayr\u0131l\u0131qlar\u0131 ilk g\u00fcnl\u0259rd\u0259n z\u00fchur edir. Ba\u015f nazir &#8220;vilay\u0259ti-f\u0259qih&#8221; institituna qar\u015f\u0131 \u00e7\u0131x\u0131r, \u00f6lk\u0259nin yeni ad\u0131n\u0131 \u0130ran \u0130slam Demokratik Respublikas\u0131 olmas\u0131n\u0131 ist\u0259yirdi. Lakin Xomeyni &#8220;Demokratik&#8221; s\u00f6z\u00fcn\u00fcn t\u0259tbiqini q\u0259ti sur\u0259td\u0259 r\u0259dd edir. Mart\u0131n son g\u00fcnl\u0259rind\u0259 ke\u00e7iril\u0259n referendumda d\u00f6vl\u0259tin ad\u0131 r\u0259sm\u0259n \u0130ran \u0130slam Respublikas\u0131 olaraq q\u0259bul edildi.\n<\/p>\n<p>\n  Ba\u015f nazir h\u0259m\u00e7inin inqilabdan sonrak\u0131 repressiyalar\u0131n qar\u015f\u0131s\u0131n\u0131 alma\u011fa \u00e7al\u0131\u015f\u0131r, lakin c\u00fczi istisnalarla bunu bacarm\u0131rd\u0131. M\u0259hdud s\u0259lahiyy\u0259tl\u0259r ona \u00e7oxsayl\u0131 \u00f6l\u00fcm h\u00f6kml\u0259rini l\u0259\u011fv etm\u0259y\u0259 imkan vermirdi. \u0130ki d\u0259f\u0259 istefa vers\u0259 d\u0259, Xomeyni t\u0259r\u0259find\u0259n q\u0259bul olunmad\u0131.\n<\/p>\n<p>\n  Noyabr\u0131n 4-d\u0259 radikalla\u015fm\u0131\u015f k\u00fctl\u0259nin AB\u015e s\u0259firliyin\u0259 h\u00fccumu v\u0259 diplomatlar\u0131n ail\u0259l\u0259ri il\u0259 birlikd\u0259 girov g\u00f6t\u00fcr\u00fclm\u0259si ba\u015f nazirin s\u0259brini da\u015fd\u0131ran son damla oldu. \u0130ki g\u00fcn sonra o kabineti il\u0259 birlikd\u0259 istefa verdi.\n<\/p>\n<p>\n  1980-ci ild\u0259 ke\u00e7iril\u0259n parlament se\u00e7kil\u0259rind\u0259 M\u0259clis\u0259 d\u00fc\u015f\u0259n Baz\u0259rgan art\u0131q m\u00fcxalif m\u00f6vqed\u0259n \u00e7\u0131x\u0131\u015f edir. O, t\u0259hsil sah\u0259sind\u0259 apar\u0131lan v\u0259 &#8220;m\u0259d\u0259ni inqilab&#8221; ad\u0131n\u0131 alm\u0131\u015f siyas\u0259ti k\u0259skin t\u0259nqid edir, demokratiyan\u0131 t\u0259bli\u011f edir. \u0130ran-\u0130raq m\u00fcharib\u0259si zaman\u0131 i\u015f\u011fal olunmu\u015f \u0259razil\u0259r azad edildikd\u0259n sonra h\u0259rbi \u0259m\u0259liyyatlar\u0131n davam etdirilm\u0259sin\u0259 qar\u015f\u0131 \u00e7\u0131x\u0131r.\n<\/p>\n<p>\n  Bu d\u00f6vr \u0130ran inqilab\u0131n\u0131n transformasiya d\u00f6vr\u00fc ya\u015fan\u0131r. Hakimiyy\u0259td\u0259 \u00f6zl\u0259rini daha inaml\u0131 hiss ed\u0259n, \u0130ran-\u0130raq m\u00fcharib\u0259sind\u0259n rejimi m\u00f6hk\u0259ml\u0259ndirm\u0259k \u00fc\u00e7\u00fcn istifad\u0259 ed\u0259n ruhanil\u0259r d\u00fcny\u0259vi xadiml\u0259rd\u0259n qurtulma\u011fa ba\u015flay\u0131rlar. \u0130\u0130R-in ilk xarici i\u015fl\u0259r naziri K\u0259rim S\u0259ncabi 14 ay gizl\u0259ndikd\u0259n sonra \u00f6lk\u0259d\u0259n qa\u00e7d\u0131.\n<\/p>\n<p>\n  Daha bir ke\u00e7mi\u015f xarici i\u015fl\u0259r naziri, bir zamanlar Baz\u0259rgan\u0131n r\u0259hb\u0259rlik etdiyi \u0130ran Azadl\u0131q H\u0259r\u0259kat\u0131n\u0131n n\u00fcmay\u0259nd\u0259si Sadeq Qotbzade 1982-ci ild\u0259 &#8220;Xomeyniy\u0259 sui-q\u0259sd haz\u0131rlamaq&#8221; ittiham\u0131 il\u0259 edam olundu.<br \/>\n  <br \/>\n  \u0130lk prezident se\u00e7kil\u0259rind\u0259 qalib g\u0259lmi\u015f \u018fb\u00fclh\u0259s\u0259n B\u0259nis\u0259dr ilyar\u0131m sonra dimpi\u00e7ment\u0259 m\u0259ruz qald\u0131 v\u0259 m\u00f6c\u00fcz\u0259 n\u0259tic\u0259sind\u0259 \u00f6lk\u0259d\u0259n qa\u00e7a bildi. Ay\u0259tullah Xomeyninin Fransada \u0259n yax\u0131n adamlar\u0131ndan say\u0131lan, bir m\u00fcdd\u0259t ba\u015f nazirin m\u00fcavini olmu\u015f Sadek T\u0259bat\u0259bai Almaniya s\u0259fir g\u00f6nd\u0259rildi, 1986-c\u0131 ild\u0259n sonra he\u00e7 bir d\u00f6vl\u0259t v\u0259zif\u0259sin\u0259 layiq g\u00f6r\u00fclm\u0259di.\n<\/p>\n<p>\n  Milli c\u0259bh\u0259nin liderl\u0259rind\u0259n biri, inqilabdan sonrak\u0131 ilk nazirl\u0259r kabinetind\u0259 \u018fm\u0259k naziri olmu\u015f Dariu\u015f Forouhar uzun m\u00fcdd\u0259t n\u0259zar\u0259t alt\u0131nda saxland\u0131. Lakin bu c\u0259sar\u0259tli \u015f\u0259xs teokratik qurulu\u015fun t\u0259nqidind\u0259n \u00e7\u0259kinmirdi. N\u0259hay\u0259t, 1998-ci ild\u0259 \u00f6z evind\u0259 arvad\u0131 il\u0259 birlikd\u0259 \u00f6ld\u00fcr\u00fcld\u00fc v\u0259 bu cinay\u0259tin \u00fcst\u00fc a\u00e7\u0131lmad\u0131.\n<\/p>\n<p>\n  H\u0259tta daha m\u00fclayim m\u00f6vqe tutan ruhanil\u0259r bel\u0259 c\u0259zas\u0131z qalmad\u0131lar. Ay\u0259tullah Taleqani h\u0259l\u0259 1979-cu ild\u0259 o\u011flanlar\u0131n\u0131n h\u0259bsind\u0259n sonra siyas\u0259td\u0259n \u00e7\u0259kildi v\u0259 sentyabr ay\u0131nda v\u0259fat etdi. Ay\u0259tullah \u015e\u0259ri\u0259tm\u0259dari is\u0259 \u00f6mr\u00fcn\u00fcn sonuna kimi T\u0259brizd\u0259 ev dusta\u011f\u0131 oldu.\n<\/p>\n<p>\n  Baz\u0259rgan is\u0259 \u00e7\u0259kinm\u0259d\u0259n, m\u00fchacir\u0259t etm\u0259d\u0259n m\u00fcbariz\u0259sini davam etdirirdi. O, 1982-ci ild\u0259 M\u0259clisin spikeri R\u0259fs\u0259ncaniy\u0259 g\u00f6nd\u0259rdiyi m\u0259ktubda inqilab\u0131n n\u0259tic\u0259l\u0259rind\u0259n m\u0259yus oldu\u011funu bildirir, h\u00f6kum\u0259ti terror v\u0259 qorxu atmosferi yaratmaqda, h\u0259bsxana v\u0259 m\u0259zarl\u0131qlar\u0131 doldurmaqda g\u00fcnahland\u0131r\u0131rd\u0131.\n<\/p>\n<p>\n  \u0130ran Azadl\u0131q H\u0259r\u0259kat\u0131 1984-c\u00fc il se\u00e7kil\u0259rini boykot etdiyind\u0259n Baz\u0259rgan yeni M\u0259clis\u0259 d\u00fc\u015f\u0259 bilm\u0259di. O, 1985-ci ild\u0259 \u0130ran prezidentliyin\u0259 namiz\u0259dliyini ir\u0259li s\u00fcrd\u00fc, lakin Konstitusiyan\u0131 m\u00fcdafi\u0259 \u015furas\u0131 &#8220;etibars\u0131z element&#8221; kimi onu qeyd\u0259 almad\u0131. N\u0259tic\u0259d\u0259 t\u0259r\u0259fdarlar\u0131 se\u00e7kini boykot etdil\u0259r.\n<\/p>\n<p>\n  1986-c\u0131 ild\u0259 Baz\u0259rgan v\u0259 bir ne\u00e7\u0259 t\u0259r\u0259fdar\u0131 bir qrup radikal t\u0259r\u0259find\u0259n o\u011furland\u0131, fiziki t\u0259zyiq\u0259 m\u0259ruz qalandan sonra burax\u0131ld\u0131lar. H\u0259min il AB\u015e-\u0131n \u0130srail vasit\u0259sil\u0259 \u0130rana gizli silah sat\u0131\u015f\u0131 bar\u0259d\u0259 skandal\u0131n (\u0130rangeyt) \u00fcz\u0259 \u00e7\u0131xmas\u0131 da Baz\u0259rgan\u0131n h\u00f6kum\u0259ti s\u0259rt t\u0259nqid etm\u0259sin\u0259 s\u0259b\u0259b oldu.\n<\/p>\n<p>\n  \u00d6mr\u00fcn\u00fcn sonuna q\u0259d\u0259r demokratiya urunda m\u00fcbariz\u0259 aparan Mehdi Baz\u0259rgan 1994-c\u00fc ill\u0259rin sonlar\u0131nda infarkt ke\u00e7irdikd\u0259n sonra m\u00fcalic\u0259 \u00fc\u00e7\u00fcn \u0130sve\u00e7r\u0259y\u0259 g\u0259ldi v\u0259 n\u00f6vb\u0259ti il yanvar\u0131n 20-d\u0259 burada v\u0259fat etdi.\n<\/p>\n<p>\n  Mehdi Baz\u0259rgan \u0130ran v\u0259t\u0259np\u0259rv\u0259ri olan bir demokrat idi. O n\u0259 AB\u015e kapitalizmini, n\u0259 d\u0259 sovet kommunizmini q\u0259bul etmir, Avropan\u0131n sosial y\u00f6nl\u00fc d\u00f6vl\u0259tl\u0259ri tipli bir qurulu\u015fun t\u0259r\u0259fdar\u0131 idi. Lakin bu m\u0259qs\u0259d\u0259 din qaydalar\u0131 v\u0259 din xadiml\u0259ri vasit\u0259sil\u0259 \u00e7ataca\u011f\u0131n\u0131 d\u00fc\u015f\u00fcnm\u0259si onun \u0259n b\u00f6y\u00fck s\u0259hvi idi. N\u0259tic\u0259d\u0259, xadimi oldu\u011fu inqilab onun \u00f6z\u00fcn\u00fc yad element kimi d\u0131\u015flad\u0131.<\/p>\n","protected":false},"excerpt":{"rendered":"<p>Onun haqq\u0131nda \u00e7oxdan yazmaq ist\u0259yirdim.<\/p>\n","protected":false},"author":11,"featured_media":79633,"comment_status":"closed","ping_status":"open","sticky":false,"template":"","format":"standard","meta":{"_acf_changed":false,"_sitemap_exclude":false,"_sitemap_priority":"","_sitemap_frequency":"","footnotes":""},"categories":[57],"tags":[],"class_list":["post-182654","post","type-post","status-publish","format-standard","has-post-thumbnail","hentry","category-menim-fikrimce","infinite-scroll-item","generate-columns","tablet-grid-50","mobile-grid-100","grid-parent","grid-33","no-featured-image-padding"],"acf":[],"yoast_head":"<!-- This site is optimized with the Yoast SEO plugin v27.5 - https:\/\/yoast.com\/product\/yoast-seo-wordpress\/ -->\n<title>Bir demokrat\u0131n taleyi - MEYDAN.TV<\/title>\n<meta name=\"robots\" content=\"index, follow, max-snippet:-1, max-image-preview:large, max-video-preview:-1\" \/>\n<link rel=\"canonical\" href=\"https:\/\/www.meydan.tv\/az\/article\/bir-demokratin-taleyi\/\" \/>\n<meta property=\"og:locale\" content=\"az_AZ\" \/>\n<meta property=\"og:type\" content=\"article\" \/>\n<meta property=\"og:title\" content=\"Bir demokrat\u0131n taleyi - MEYDAN.TV\" \/>\n<meta property=\"og:description\" content=\"Onun haqq\u0131nda \u00e7oxdan yazmaq ist\u0259yirdim.\" \/>\n<meta property=\"og:url\" content=\"https:\/\/www.meydan.tv\/az\/article\/bir-demokratin-taleyi\/\" \/>\n<meta property=\"og:site_name\" content=\"MEYDAN.TV\" \/>\n<meta property=\"article:published_time\" content=\"2017-02-20T17:59:03+00:00\" \/>\n<meta property=\"og:image\" content=\"https:\/\/www.meydan.tv\/wp-content\/uploads\/31027-1095x821.png\" \/>\n\t<meta property=\"og:image:width\" content=\"1095\" \/>\n\t<meta property=\"og:image:height\" content=\"821\" \/>\n\t<meta property=\"og:image:type\" content=\"image\/png\" \/>\n<meta name=\"author\" content=\"user-manager\" \/>\n<meta name=\"twitter:card\" content=\"summary_large_image\" \/>\n<script type=\"application\/ld+json\" class=\"yoast-schema-graph\">{\"@context\":\"https:\\\/\\\/schema.org\",\"@graph\":[{\"@type\":\"Article\",\"@id\":\"https:\\\/\\\/www.meydan.tv\\\/az\\\/article\\\/bir-demokratin-taleyi\\\/#article\",\"isPartOf\":{\"@id\":\"https:\\\/\\\/www.meydan.tv\\\/az\\\/article\\\/bir-demokratin-taleyi\\\/\"},\"author\":{\"name\":\"user-manager\",\"@id\":\"https:\\\/\\\/www.meydan.tv\\\/az\\\/#\\\/schema\\\/person\\\/10d11eccf6da3662cf5fdab9806ea91a\"},\"headline\":\"Bir demokrat\u0131n taleyi\",\"datePublished\":\"2017-02-20T17:59:03+00:00\",\"mainEntityOfPage\":{\"@id\":\"https:\\\/\\\/www.meydan.tv\\\/az\\\/article\\\/bir-demokratin-taleyi\\\/\"},\"wordCount\":1945,\"publisher\":{\"@id\":\"https:\\\/\\\/www.meydan.tv\\\/az\\\/#organization\"},\"image\":{\"@id\":\"https:\\\/\\\/www.meydan.tv\\\/az\\\/article\\\/bir-demokratin-taleyi\\\/#primaryimage\"},\"thumbnailUrl\":\"https:\\\/\\\/www.meydan.tv\\\/wp-content\\\/uploads\\\/31027.png\",\"articleSection\":[\"M\u0259nim Fikrimc\u0259\"],\"inLanguage\":\"az\"},{\"@type\":\"WebPage\",\"@id\":\"https:\\\/\\\/www.meydan.tv\\\/az\\\/article\\\/bir-demokratin-taleyi\\\/\",\"url\":\"https:\\\/\\\/www.meydan.tv\\\/az\\\/article\\\/bir-demokratin-taleyi\\\/\",\"name\":\"Bir demokrat\u0131n taleyi - MEYDAN.TV\",\"isPartOf\":{\"@id\":\"https:\\\/\\\/www.meydan.tv\\\/az\\\/#website\"},\"primaryImageOfPage\":{\"@id\":\"https:\\\/\\\/www.meydan.tv\\\/az\\\/article\\\/bir-demokratin-taleyi\\\/#primaryimage\"},\"image\":{\"@id\":\"https:\\\/\\\/www.meydan.tv\\\/az\\\/article\\\/bir-demokratin-taleyi\\\/#primaryimage\"},\"thumbnailUrl\":\"https:\\\/\\\/www.meydan.tv\\\/wp-content\\\/uploads\\\/31027.png\",\"datePublished\":\"2017-02-20T17:59:03+00:00\",\"breadcrumb\":{\"@id\":\"https:\\\/\\\/www.meydan.tv\\\/az\\\/article\\\/bir-demokratin-taleyi\\\/#breadcrumb\"},\"inLanguage\":\"az\",\"potentialAction\":[{\"@type\":\"ReadAction\",\"target\":[\"https:\\\/\\\/www.meydan.tv\\\/az\\\/article\\\/bir-demokratin-taleyi\\\/\"]}]},{\"@type\":\"ImageObject\",\"inLanguage\":\"az\",\"@id\":\"https:\\\/\\\/www.meydan.tv\\\/az\\\/article\\\/bir-demokratin-taleyi\\\/#primaryimage\",\"url\":\"https:\\\/\\\/www.meydan.tv\\\/wp-content\\\/uploads\\\/31027.png\",\"contentUrl\":\"https:\\\/\\\/www.meydan.tv\\\/wp-content\\\/uploads\\\/31027.png\",\"width\":2732,\"height\":2048,\"caption\":\"Source:\"},{\"@type\":\"BreadcrumbList\",\"@id\":\"https:\\\/\\\/www.meydan.tv\\\/az\\\/article\\\/bir-demokratin-taleyi\\\/#breadcrumb\",\"itemListElement\":[{\"@type\":\"ListItem\",\"position\":1,\"name\":\"Ana s\u0259hif\u0259\",\"item\":\"https:\\\/\\\/www.meydan.tv\\\/az\\\/\"},{\"@type\":\"ListItem\",\"position\":2,\"name\":\"M\u0259nim Fikrimc\u0259\",\"item\":\"https:\\\/\\\/www.meydan.tv\\\/az\\\/section\\\/menim-fikrimce\\\/\"},{\"@type\":\"ListItem\",\"position\":3,\"name\":\"Bir demokrat\u0131n taleyi\"}]},{\"@type\":\"WebSite\",\"@id\":\"https:\\\/\\\/www.meydan.tv\\\/az\\\/#website\",\"url\":\"https:\\\/\\\/www.meydan.tv\\\/az\\\/\",\"name\":\"MEYDAN.TV\",\"description\":\"Meydan TV Az\u0259rbaycan\u0131n media m\u0259kan\u0131ndak\u0131 alternativ s\u0259sidir\",\"publisher\":{\"@id\":\"https:\\\/\\\/www.meydan.tv\\\/az\\\/#organization\"},\"potentialAction\":[{\"@type\":\"SearchAction\",\"target\":{\"@type\":\"EntryPoint\",\"urlTemplate\":\"https:\\\/\\\/www.meydan.tv\\\/az\\\/?s={search_term_string}\"},\"query-input\":{\"@type\":\"PropertyValueSpecification\",\"valueRequired\":true,\"valueName\":\"search_term_string\"}}],\"inLanguage\":\"az\"},{\"@type\":\"Organization\",\"@id\":\"https:\\\/\\\/www.meydan.tv\\\/az\\\/#organization\",\"name\":\"Meydan TV\",\"url\":\"https:\\\/\\\/www.meydan.tv\\\/az\\\/\",\"logo\":{\"@type\":\"ImageObject\",\"inLanguage\":\"az\",\"@id\":\"https:\\\/\\\/www.meydan.tv\\\/az\\\/#\\\/schema\\\/logo\\\/image\\\/\",\"url\":\"https:\\\/\\\/www.meydan.tv\\\/wp-content\\\/uploads\\\/2021\\\/07\\\/meydan-logo.svg\",\"contentUrl\":\"https:\\\/\\\/www.meydan.tv\\\/wp-content\\\/uploads\\\/2021\\\/07\\\/meydan-logo.svg\",\"width\":195,\"height\":46,\"caption\":\"Meydan TV\"},\"image\":{\"@id\":\"https:\\\/\\\/www.meydan.tv\\\/az\\\/#\\\/schema\\\/logo\\\/image\\\/\"}},{\"@type\":\"Person\",\"@id\":\"https:\\\/\\\/www.meydan.tv\\\/az\\\/#\\\/schema\\\/person\\\/10d11eccf6da3662cf5fdab9806ea91a\",\"name\":\"user-manager\"}]}<\/script>\n<!-- \/ Yoast SEO plugin. -->","yoast_head_json":{"title":"Bir demokrat\u0131n taleyi - MEYDAN.TV","robots":{"index":"index","follow":"follow","max-snippet":"max-snippet:-1","max-image-preview":"max-image-preview:large","max-video-preview":"max-video-preview:-1"},"canonical":"https:\/\/www.meydan.tv\/az\/article\/bir-demokratin-taleyi\/","og_locale":"az_AZ","og_type":"article","og_title":"Bir demokrat\u0131n taleyi - MEYDAN.TV","og_description":"Onun haqq\u0131nda \u00e7oxdan yazmaq ist\u0259yirdim.","og_url":"https:\/\/www.meydan.tv\/az\/article\/bir-demokratin-taleyi\/","og_site_name":"MEYDAN.TV","article_published_time":"2017-02-20T17:59:03+00:00","og_image":[{"width":1095,"height":821,"url":"https:\/\/www.meydan.tv\/wp-content\/uploads\/31027-1095x821.png","type":"image\/png"}],"author":"user-manager","twitter_card":"summary_large_image","schema":{"@context":"https:\/\/schema.org","@graph":[{"@type":"Article","@id":"https:\/\/www.meydan.tv\/az\/article\/bir-demokratin-taleyi\/#article","isPartOf":{"@id":"https:\/\/www.meydan.tv\/az\/article\/bir-demokratin-taleyi\/"},"author":{"name":"user-manager","@id":"https:\/\/www.meydan.tv\/az\/#\/schema\/person\/10d11eccf6da3662cf5fdab9806ea91a"},"headline":"Bir demokrat\u0131n taleyi","datePublished":"2017-02-20T17:59:03+00:00","mainEntityOfPage":{"@id":"https:\/\/www.meydan.tv\/az\/article\/bir-demokratin-taleyi\/"},"wordCount":1945,"publisher":{"@id":"https:\/\/www.meydan.tv\/az\/#organization"},"image":{"@id":"https:\/\/www.meydan.tv\/az\/article\/bir-demokratin-taleyi\/#primaryimage"},"thumbnailUrl":"https:\/\/www.meydan.tv\/wp-content\/uploads\/31027.png","articleSection":["M\u0259nim Fikrimc\u0259"],"inLanguage":"az"},{"@type":"WebPage","@id":"https:\/\/www.meydan.tv\/az\/article\/bir-demokratin-taleyi\/","url":"https:\/\/www.meydan.tv\/az\/article\/bir-demokratin-taleyi\/","name":"Bir demokrat\u0131n taleyi - MEYDAN.TV","isPartOf":{"@id":"https:\/\/www.meydan.tv\/az\/#website"},"primaryImageOfPage":{"@id":"https:\/\/www.meydan.tv\/az\/article\/bir-demokratin-taleyi\/#primaryimage"},"image":{"@id":"https:\/\/www.meydan.tv\/az\/article\/bir-demokratin-taleyi\/#primaryimage"},"thumbnailUrl":"https:\/\/www.meydan.tv\/wp-content\/uploads\/31027.png","datePublished":"2017-02-20T17:59:03+00:00","breadcrumb":{"@id":"https:\/\/www.meydan.tv\/az\/article\/bir-demokratin-taleyi\/#breadcrumb"},"inLanguage":"az","potentialAction":[{"@type":"ReadAction","target":["https:\/\/www.meydan.tv\/az\/article\/bir-demokratin-taleyi\/"]}]},{"@type":"ImageObject","inLanguage":"az","@id":"https:\/\/www.meydan.tv\/az\/article\/bir-demokratin-taleyi\/#primaryimage","url":"https:\/\/www.meydan.tv\/wp-content\/uploads\/31027.png","contentUrl":"https:\/\/www.meydan.tv\/wp-content\/uploads\/31027.png","width":2732,"height":2048,"caption":"Source:"},{"@type":"BreadcrumbList","@id":"https:\/\/www.meydan.tv\/az\/article\/bir-demokratin-taleyi\/#breadcrumb","itemListElement":[{"@type":"ListItem","position":1,"name":"Ana s\u0259hif\u0259","item":"https:\/\/www.meydan.tv\/az\/"},{"@type":"ListItem","position":2,"name":"M\u0259nim Fikrimc\u0259","item":"https:\/\/www.meydan.tv\/az\/section\/menim-fikrimce\/"},{"@type":"ListItem","position":3,"name":"Bir demokrat\u0131n taleyi"}]},{"@type":"WebSite","@id":"https:\/\/www.meydan.tv\/az\/#website","url":"https:\/\/www.meydan.tv\/az\/","name":"MEYDAN.TV","description":"Meydan TV Az\u0259rbaycan\u0131n media m\u0259kan\u0131ndak\u0131 alternativ s\u0259sidir","publisher":{"@id":"https:\/\/www.meydan.tv\/az\/#organization"},"potentialAction":[{"@type":"SearchAction","target":{"@type":"EntryPoint","urlTemplate":"https:\/\/www.meydan.tv\/az\/?s={search_term_string}"},"query-input":{"@type":"PropertyValueSpecification","valueRequired":true,"valueName":"search_term_string"}}],"inLanguage":"az"},{"@type":"Organization","@id":"https:\/\/www.meydan.tv\/az\/#organization","name":"Meydan TV","url":"https:\/\/www.meydan.tv\/az\/","logo":{"@type":"ImageObject","inLanguage":"az","@id":"https:\/\/www.meydan.tv\/az\/#\/schema\/logo\/image\/","url":"https:\/\/www.meydan.tv\/wp-content\/uploads\/2021\/07\/meydan-logo.svg","contentUrl":"https:\/\/www.meydan.tv\/wp-content\/uploads\/2021\/07\/meydan-logo.svg","width":195,"height":46,"caption":"Meydan TV"},"image":{"@id":"https:\/\/www.meydan.tv\/az\/#\/schema\/logo\/image\/"}},{"@type":"Person","@id":"https:\/\/www.meydan.tv\/az\/#\/schema\/person\/10d11eccf6da3662cf5fdab9806ea91a","name":"user-manager"}]}},"_links":{"self":[{"href":"https:\/\/www.meydan.tv\/az\/wp-json\/wp\/v2\/posts\/182654","targetHints":{"allow":["GET"]}}],"collection":[{"href":"https:\/\/www.meydan.tv\/az\/wp-json\/wp\/v2\/posts"}],"about":[{"href":"https:\/\/www.meydan.tv\/az\/wp-json\/wp\/v2\/types\/post"}],"author":[{"embeddable":true,"href":"https:\/\/www.meydan.tv\/az\/wp-json\/wp\/v2\/users\/11"}],"replies":[{"embeddable":true,"href":"https:\/\/www.meydan.tv\/az\/wp-json\/wp\/v2\/comments?post=182654"}],"version-history":[{"count":0,"href":"https:\/\/www.meydan.tv\/az\/wp-json\/wp\/v2\/posts\/182654\/revisions"}],"wp:featuredmedia":[{"embeddable":true,"href":"https:\/\/www.meydan.tv\/az\/wp-json\/wp\/v2\/media\/79633"}],"wp:attachment":[{"href":"https:\/\/www.meydan.tv\/az\/wp-json\/wp\/v2\/media?parent=182654"}],"wp:term":[{"taxonomy":"category","embeddable":true,"href":"https:\/\/www.meydan.tv\/az\/wp-json\/wp\/v2\/categories?post=182654"},{"taxonomy":"post_tag","embeddable":true,"href":"https:\/\/www.meydan.tv\/az\/wp-json\/wp\/v2\/tags?post=182654"}],"curies":[{"name":"wp","href":"https:\/\/api.w.org\/{rel}","templated":true}]}}