{"id":182650,"date":"2017-02-20T17:09:23","date_gmt":"2017-02-20T17:09:23","guid":{"rendered":"https:\/\/www.meydan.tv\/article\/kuce-supuren-qadinlara-qarsi-ikiuzluluyumuz\/"},"modified":"2017-02-20T17:09:23","modified_gmt":"2017-02-20T17:09:23","slug":"kuce-supuren-qadinlara-qarsi-ikiuzluluyumuz","status":"publish","type":"post","link":"https:\/\/www.meydan.tv\/az\/article\/kuce-supuren-qadinlara-qarsi-ikiuzluluyumuz\/","title":{"rendered":"K\u00fc\u00e7\u0259 s\u00fcp\u00fcr\u0259n qad\u0131nlara qar\u015f\u0131 &#8221;iki\u00fczl\u00fcl\u00fcy\u00fcm\u00fcz&#8221;"},"content":{"rendered":"<p>\n  Qar ya\u011fd\u0131qca \u0259n \u00e7ox payla\u015f\u0131lan \u015f\u0259kill\u0259rd\u0259n, x\u0259b\u0259rl\u0259rd\u0259n biri d\u0259 k\u00fc\u00e7\u0259l\u0259rd\u0259 \u00f6zl\u0259ri boyda k\u00fcr\u0259kl\u0259rl\u0259 qar t\u0259mizl\u0259y\u0259n qoca qad\u0131nlar bar\u0259d\u0259 informasiyad\u0131r. Bir \u00e7ox m\u0259s\u0259l\u0259d\u0259 oldu\u011fu kimi bu m\u0259s\u0259l\u0259d\u0259 d\u0259 biz \u0259slind\u0259 &#8220;iki\u00fczl\u00fc&#8221; davran\u0131r\u0131q. Bu, s\u00f6z\u00fcn \u0259sl m\u0259nas\u0131nda iki\u00fczl\u00fcl\u00fck deyil, sad\u0259c\u0259 mahiyy\u0259timizd\u0259n x\u0259b\u0259rsiz davranma\u011f\u0131m\u0131zd\u0131r.\n<\/p>\n<p>\n  Biz ani duy\u011fusal reaksiya il\u0259 bu m\u0259nz\u0259r\u0259nin qeyri-insani olmas\u0131 bar\u0259d\u0259 n\u0259l\u0259rs\u0259 yaz\u0131r\u0131q. Amma bu yazmaqla da \u0259s\u0259b ke\u00e7ib gedir, vicdan sakitl\u0259\u015fir v\u0259 n\u0259tic\u0259d\u0259 he\u00e7 n\u0259 etmirik. M\u0259s\u0259l\u0259 buras\u0131ndad\u0131r ki, bizi o qad\u0131nlara k\u00f6m\u0259k etm\u0259kd\u0259n \u00e7\u0259kindir\u0259n qorxu, qada\u011fa yoxdur. Kims\u0259 hesab etmir ki, onlara k\u00f6m\u0259k ed\u0259ni h\u0259bs ed\u0259c\u0259kl\u0259r. H\u0259m\u00e7inin hakimiyy\u0259tin, dinin, mentalitetin v\u0259 s.-nin el\u0259 bir qada\u011fas\u0131 yoxdur. Amma he\u00e7 kim k\u00f6m\u0259k etmir.\n<\/p>\n<p>\n  Niy\u0259? \u00c7\u00fcnki biz bunu \u00e7ox normal q\u0259bul edirik. S\u0259h\u0259r saat 4-5-d\u0259n taliban d\u00f6vr\u00fcn\u00fcn \u0259fqan qad\u0131nlar\u0131 kimi b\u00fcr\u00fcn\u00fcb k\u00fc\u00e7\u0259l\u0259ri s\u00fcp\u00fcr\u0259n, parkda skamyada oturub sevgilimizl\u0259 mazaqla\u015fanda aya\u011f\u0131m\u0131z\u0131n alt\u0131nda bizd\u0259n qabaq t\u00f6k\u00fcl\u0259n tum qab\u0131qlar\u0131n\u0131 deyin\u0259-deyin\u0259 t\u0259mizl\u0259y\u0259n, zibili \u0259li il\u0259 zibil qab\u0131na y\u0131\u011fan, \u015faxtada \u0259lind\u0259ki n\u0259h\u0259ng k\u00fcr\u0259kl\u0259rl\u0259 qar k\u00fcr\u00fcy\u0259n, buz q\u0131ran xan\u0131mlar bizim \u00fc\u00e7\u00fcn g\u00fcnd\u0259lik, adi m\u0259nz\u0259r\u0259dir.\n<\/p>\n<p>\n  Biz buna ad\u0259t\u0259n fikir vermirik, fikir ver\u0259nd\u0259 d\u0259 k\u0259d\u0259rl\u0259, bu v\u0259ziyy\u0259tin s\u0259b\u0259bkarlar\u0131na qar\u015f\u0131 q\u0259z\u0259bl\u0259 bax\u0131r\u0131q v\u0259 bir ne\u00e7\u0259 d\u0259qiq\u0259 sonra unuduruq. \u00c7\u00fcnki bu m\u0259nz\u0259r\u0259d\u0259 bizim alt\u015f\u00fcurumuza, mahiyy\u0259timiz\u0259 zidd n\u0259s\u0259 yoxdur. Kitablardan insan h\u00fcquqlar\u0131 bar\u0259d\u0259 oxumaqla mahiyy\u0259timizi d\u0259rhal d\u0259yi\u015f\u0259 bilm\u0259rik. Biz \u0259slind\u0259 o qad\u0131nlara verdiyimiz reaksiya q\u0259d\u0259r insan h\u00fcquq v\u0259 azadl\u0131qlar\u0131 konsepsiyas\u0131na sadiqik. Bu is\u0259 bir-iki status, \u015f\u0259rh v\u0259 bir ne\u00e7\u0259 d\u0259qiq\u0259lik k\u0259d\u0259rd\u0259n ba\u015fqa bir \u015fey deyil.\n<\/p>\n<p>\n  M\u00fcqayis\u0259ni bizim \u00fc\u00e7\u00fcn daha a\u011f\u0131r m\u0259nz\u0259r\u0259 il\u0259 aparsaq, ayd\u0131n olar. K\u00fc\u00e7\u0259d\u0259 kimis\u0259 v\u0259h\u015fic\u0259sin\u0259 d\u00f6y\u00fcl\u0259n g\u00f6r\u0259nd\u0259 n\u0259 ed\u0259rik? M\u0259nc\u0259, g\u00fcc\u00fc \u00e7atan m\u00fcqavim\u0259t g\u00f6st\u0259r\u0259r, \u00e7atmayan da polis\u0259 \u015fikay\u0259t ed\u0259r \u0259n az\u0131ndan. \u00c7\u00fcnki bu m\u0259nz\u0259r\u0259 bizim \u00fc\u00e7\u00fcn normal deyil. Q\u0259bul ed\u0259 bilmirik v\u0259 v\u0259ziyy\u0259tin aradan qald\u0131r\u0131lmas\u0131 \u00fc\u00e7\u00fcn n\u0259s\u0259 edirik. B\u0259s qoca qad\u0131nlar\u0131n k\u00fc\u00e7\u0259d\u0259 traxtorun g\u00f6rm\u0259li oldu\u011fu a\u011f\u0131r i\u015fi g\u00f6rm\u0259si bar\u0259d\u0259 niy\u0259 bunu etmirik?!\n<\/p>\n<p>\n  N\u0259 ed\u0259 bil\u0259rik? H\u0259l\u0259 ki, h\u0259r \u015fey t\u00fck\u0259nm\u0259yib. \u018flb\u0259tt\u0259, t\u0259qsir hakimiyy\u0259td\u0259dir. O qad\u0131nlar\u0131n i\u015fsiz qalmas\u0131 \u00f6zl\u0259ri \u00fc\u00e7\u00fcn faci\u0259vi ola bil\u0259r. Amma i\u015fl\u0259y\u0259nd\u0259 d\u0259 bel\u0259 a\u011f\u0131r v\u0259ziyy\u0259t yaran\u0131r. Dem\u0259li, sistem d\u0259yi\u015fm\u0259li, sosial t\u0259minat yenid\u0259n qurulmal\u0131, korrupsiya aradan qald\u0131r\u0131lmal\u0131 v\u0259 b\u00fct\u00fcn bunlar \u00fc\u00e7\u00fcn demokratiya olmal\u0131&#8230; bir s\u00f6zl\u0259, haz\u0131rda bu variant m\u00fcmk\u00fcn deyil. Amma dig\u0259r variant da var \u2013 sosial \u015f\u0259b\u0259k\u0259l\u0259rd\u0259 israrla h\u0259lli t\u0259l\u0259b olunan probleml\u0259r\u0259 h\u00f6kum\u0259t t\u0259r\u0259find\u0259n reaksiya verilm\u0259sin\u0259 az \u015fahid olmam\u0131\u015f\u0131q. Sosial \u015f\u0259b\u0259k\u0259l\u0259rd\u0259n ba\u015fqa real olaraq da israr ed\u0259 bil\u0259rik. Deputat biz\u0259 s\u00f6y\u00fc\u015f s\u00f6y\u0259nd\u0259 d\u0259rhal telefon n\u00f6mr\u0259sini tap\u0131b \u00e7oxlu mesaj yaz\u0131r\u0131q, n\u00f6mr\u0259ni ba\u011flama\u011fa, \u00fczr ist\u0259m\u0259y\u0259 m\u0259cbur edirik. Bunu \u018fm\u0259k v\u0259 \u018fhalinin Sosial M\u00fcdafi\u0259 nazirin\u0259 niy\u0259 etmirik? Bu qad\u0131nlarla ba\u011fl\u0131 r\u00fcsvay\u00e7\u0131 v\u0259ziyy\u0259t &#8220;otxod&#8221; s\u00f6z\u00fcnd\u0259n daha a\u011f\u0131r deyilmi bizim \u00fc\u00e7\u00fcn?\n<\/p>\n<p>\n  M\u0259nc\u0259 deyil. Biz bunu daha a\u011f\u0131r q\u0259bul ets\u0259 idik, \u00e7oxdan reaksiya vermi\u015fdik. Camaat s\u00f6y\u00fc\u015f\u0259 g\u00f6r\u0259 \u00fcsyan edib, icra ba\u015f\u00e7\u0131s\u0131n\u0131 devirir. Amma bu qoca qad\u0131nlar\u0131n k\u00fc\u00e7\u0259l\u0259rd\u0259 texnika \u0259v\u0259zin\u0259 i\u015fl\u0259dilm\u0259si bizi o q\u0259d\u0259r d\u0259 narahat el\u0259mir. A\u00e7ar n\u00f6qt\u0259 burdad\u0131r. B\u0130Z BUNDAN NARAHAT OLMURUQ. Olan-qalan narahatl\u0131\u011f\u0131m\u0131z da status, \u015f\u0259rh yazmaqla ke\u00e7ir.\n<\/p>\n<p>\n  \u018fslind\u0259 etiraz olunmal\u0131, i\u00e7imizi yand\u0131rmal\u0131 \u00e7oxlu bel\u0259 hadis\u0259 var ki, bizim \u00fc\u00e7\u00fcn normal bir \u015feydir. M\u0259s\u0259l\u0259n, k\u00fc\u00e7\u0259d\u0259 balaca u\u015faqlar\u0131n dil\u0259ndirilm\u0259sin\u0259 qar\u015f\u0131 n\u0259 edirik? M\u0259n kimins\u0259 n\u0259s\u0259 etm\u0259sini xat\u0131rlam\u0131ram. H\u0259r g\u00fcn yanlar\u0131ndan ke\u00e7irik. Pul da veririk h\u0259tta. Sonra gedib hans\u0131sa konfransda v\u0259 ya sosial \u015f\u0259b\u0259k\u0259d\u0259 insan h\u00fcquqlar\u0131ndan dan\u0131\u015f\u0131r\u0131q. Bu m\u0259s\u0259l\u0259d\u0259 \u00f6z\u00fcm-\u00f6z\u00fcmd\u0259n utan\u0131ram. Neft\u00e7il\u0259rd\u0259 h\u0259r g\u00fcn 3-5 ya\u015fl\u0131 dil\u0259n\u00e7il\u0259rin, \u00f6z\u00fc d\u0259 zorla dil\u0259ndiril\u0259n u\u015faqlar\u0131n yan\u0131ndan ke\u00e7ib metroda &#8220;Facebook&#8221;-a insan h\u00fcquq v\u0259 azadl\u0131qlar\u0131 il\u0259 ba\u011fl\u0131 status yazm\u0131\u015fam, Suriyada, Myanmada, T\u00fcrkiy\u0259d\u0259, AB\u015e-da, Avropada insan h\u00fcquqlar\u0131 pozuntular\u0131na etiraz etmi\u015f\u0259m. Ay\u0131bd\u0131r. S\u0259n aya\u011f\u0131n\u0131n dibind\u0259ki biab\u0131r\u00e7\u0131l\u0131\u011f\u0131 g\u00f6rm\u00fcrs\u0259n, ona etiraz etmirs\u0259n, bir idar\u0259y\u0259 ba\u015f \u00e7\u0259kib &#8220;ay m\u00fc\u0259llim, ay r\u0259is, buna bir \u00e7ar\u0259&#8221; demirs\u0259n, amma durub Amerika hindular\u0131n\u0131n neft borusuna qar\u015f\u0131 etiraz\u0131ndan a\u011f\u0131z dolusu status yaz\u0131rsan. Budur bizim &#8220;iki\u00fczl\u00fcl\u00fcy\u00fcm\u00fcz&#8221;.<\/p>\n","protected":false},"excerpt":{"rendered":"<p>Qar ya\u011fd\u0131qca \u0259n \u00e7ox payla\u015f\u0131lan \u015f\u0259kill\u0259rd\u0259n, x\u0259b\u0259rl\u0259rd\u0259n biri d\u0259 k\u00fc\u00e7\u0259l\u0259rd\u0259 \u00f6zl\u0259ri boyda k\u00fcr\u0259kl\u0259rl\u0259 qar t\u0259mizl\u0259y\u0259n qoca qad\u0131nlar bar\u0259d\u0259 informasiyad\u0131r.<\/p>\n","protected":false},"author":11,"featured_media":79618,"comment_status":"closed","ping_status":"open","sticky":false,"template":"","format":"standard","meta":{"_acf_changed":false,"_sitemap_exclude":false,"_sitemap_priority":"","_sitemap_frequency":"","footnotes":""},"categories":[57],"tags":[],"class_list":["post-182650","post","type-post","status-publish","format-standard","has-post-thumbnail","hentry","category-menim-fikrimce","infinite-scroll-item","generate-columns","tablet-grid-50","mobile-grid-100","grid-parent","grid-33","no-featured-image-padding"],"acf":[],"yoast_head":"<!-- This site is optimized with the Yoast SEO plugin v27.5 - https:\/\/yoast.com\/product\/yoast-seo-wordpress\/ -->\n<title>K\u00fc\u00e7\u0259 s\u00fcp\u00fcr\u0259n qad\u0131nlara qar\u015f\u0131 &#039;&#039;iki\u00fczl\u00fcl\u00fcy\u00fcm\u00fcz&#039;&#039; - MEYDAN.TV<\/title>\n<meta name=\"robots\" content=\"index, follow, max-snippet:-1, max-image-preview:large, max-video-preview:-1\" \/>\n<link rel=\"canonical\" href=\"https:\/\/www.meydan.tv\/az\/article\/kuce-supuren-qadinlara-qarsi-ikiuzluluyumuz\/\" \/>\n<meta property=\"og:locale\" content=\"az_AZ\" \/>\n<meta property=\"og:type\" content=\"article\" \/>\n<meta property=\"og:title\" content=\"K\u00fc\u00e7\u0259 s\u00fcp\u00fcr\u0259n qad\u0131nlara qar\u015f\u0131 &#039;&#039;iki\u00fczl\u00fcl\u00fcy\u00fcm\u00fcz&#039;&#039; - MEYDAN.TV\" \/>\n<meta property=\"og:description\" content=\"Qar ya\u011fd\u0131qca \u0259n \u00e7ox payla\u015f\u0131lan \u015f\u0259kill\u0259rd\u0259n, x\u0259b\u0259rl\u0259rd\u0259n biri d\u0259 k\u00fc\u00e7\u0259l\u0259rd\u0259 \u00f6zl\u0259ri boyda k\u00fcr\u0259kl\u0259rl\u0259 qar t\u0259mizl\u0259y\u0259n qoca qad\u0131nlar bar\u0259d\u0259 informasiyad\u0131r.\" \/>\n<meta property=\"og:url\" content=\"https:\/\/www.meydan.tv\/az\/article\/kuce-supuren-qadinlara-qarsi-ikiuzluluyumuz\/\" \/>\n<meta property=\"og:site_name\" content=\"MEYDAN.TV\" \/>\n<meta property=\"article:published_time\" content=\"2017-02-20T17:09:23+00:00\" \/>\n<meta property=\"og:image\" content=\"https:\/\/www.meydan.tv\/wp-content\/uploads\/31024-1095x821.png\" \/>\n\t<meta property=\"og:image:width\" content=\"1095\" \/>\n\t<meta property=\"og:image:height\" content=\"821\" \/>\n\t<meta property=\"og:image:type\" content=\"image\/png\" \/>\n<meta name=\"author\" content=\"user-manager\" \/>\n<meta name=\"twitter:card\" content=\"summary_large_image\" \/>\n<script type=\"application\/ld+json\" class=\"yoast-schema-graph\">{\"@context\":\"https:\\\/\\\/schema.org\",\"@graph\":[{\"@type\":\"Article\",\"@id\":\"https:\\\/\\\/www.meydan.tv\\\/az\\\/article\\\/kuce-supuren-qadinlara-qarsi-ikiuzluluyumuz\\\/#article\",\"isPartOf\":{\"@id\":\"https:\\\/\\\/www.meydan.tv\\\/az\\\/article\\\/kuce-supuren-qadinlara-qarsi-ikiuzluluyumuz\\\/\"},\"author\":{\"name\":\"user-manager\",\"@id\":\"https:\\\/\\\/www.meydan.tv\\\/az\\\/#\\\/schema\\\/person\\\/10d11eccf6da3662cf5fdab9806ea91a\"},\"headline\":\"K\u00fc\u00e7\u0259 s\u00fcp\u00fcr\u0259n qad\u0131nlara qar\u015f\u0131 &#8221;iki\u00fczl\u00fcl\u00fcy\u00fcm\u00fcz&#8221;\",\"datePublished\":\"2017-02-20T17:09:23+00:00\",\"mainEntityOfPage\":{\"@id\":\"https:\\\/\\\/www.meydan.tv\\\/az\\\/article\\\/kuce-supuren-qadinlara-qarsi-ikiuzluluyumuz\\\/\"},\"wordCount\":997,\"publisher\":{\"@id\":\"https:\\\/\\\/www.meydan.tv\\\/az\\\/#organization\"},\"image\":{\"@id\":\"https:\\\/\\\/www.meydan.tv\\\/az\\\/article\\\/kuce-supuren-qadinlara-qarsi-ikiuzluluyumuz\\\/#primaryimage\"},\"thumbnailUrl\":\"https:\\\/\\\/www.meydan.tv\\\/wp-content\\\/uploads\\\/31024.png\",\"articleSection\":[\"M\u0259nim Fikrimc\u0259\"],\"inLanguage\":\"az\"},{\"@type\":\"WebPage\",\"@id\":\"https:\\\/\\\/www.meydan.tv\\\/az\\\/article\\\/kuce-supuren-qadinlara-qarsi-ikiuzluluyumuz\\\/\",\"url\":\"https:\\\/\\\/www.meydan.tv\\\/az\\\/article\\\/kuce-supuren-qadinlara-qarsi-ikiuzluluyumuz\\\/\",\"name\":\"K\u00fc\u00e7\u0259 s\u00fcp\u00fcr\u0259n qad\u0131nlara qar\u015f\u0131 ''iki\u00fczl\u00fcl\u00fcy\u00fcm\u00fcz'' - MEYDAN.TV\",\"isPartOf\":{\"@id\":\"https:\\\/\\\/www.meydan.tv\\\/az\\\/#website\"},\"primaryImageOfPage\":{\"@id\":\"https:\\\/\\\/www.meydan.tv\\\/az\\\/article\\\/kuce-supuren-qadinlara-qarsi-ikiuzluluyumuz\\\/#primaryimage\"},\"image\":{\"@id\":\"https:\\\/\\\/www.meydan.tv\\\/az\\\/article\\\/kuce-supuren-qadinlara-qarsi-ikiuzluluyumuz\\\/#primaryimage\"},\"thumbnailUrl\":\"https:\\\/\\\/www.meydan.tv\\\/wp-content\\\/uploads\\\/31024.png\",\"datePublished\":\"2017-02-20T17:09:23+00:00\",\"breadcrumb\":{\"@id\":\"https:\\\/\\\/www.meydan.tv\\\/az\\\/article\\\/kuce-supuren-qadinlara-qarsi-ikiuzluluyumuz\\\/#breadcrumb\"},\"inLanguage\":\"az\",\"potentialAction\":[{\"@type\":\"ReadAction\",\"target\":[\"https:\\\/\\\/www.meydan.tv\\\/az\\\/article\\\/kuce-supuren-qadinlara-qarsi-ikiuzluluyumuz\\\/\"]}]},{\"@type\":\"ImageObject\",\"inLanguage\":\"az\",\"@id\":\"https:\\\/\\\/www.meydan.tv\\\/az\\\/article\\\/kuce-supuren-qadinlara-qarsi-ikiuzluluyumuz\\\/#primaryimage\",\"url\":\"https:\\\/\\\/www.meydan.tv\\\/wp-content\\\/uploads\\\/31024.png\",\"contentUrl\":\"https:\\\/\\\/www.meydan.tv\\\/wp-content\\\/uploads\\\/31024.png\",\"width\":2732,\"height\":2048,\"caption\":\"Source:\"},{\"@type\":\"BreadcrumbList\",\"@id\":\"https:\\\/\\\/www.meydan.tv\\\/az\\\/article\\\/kuce-supuren-qadinlara-qarsi-ikiuzluluyumuz\\\/#breadcrumb\",\"itemListElement\":[{\"@type\":\"ListItem\",\"position\":1,\"name\":\"Ana s\u0259hif\u0259\",\"item\":\"https:\\\/\\\/www.meydan.tv\\\/az\\\/\"},{\"@type\":\"ListItem\",\"position\":2,\"name\":\"M\u0259nim Fikrimc\u0259\",\"item\":\"https:\\\/\\\/www.meydan.tv\\\/az\\\/section\\\/menim-fikrimce\\\/\"},{\"@type\":\"ListItem\",\"position\":3,\"name\":\"K\u00fc\u00e7\u0259 s\u00fcp\u00fcr\u0259n qad\u0131nlara qar\u015f\u0131 &#8221;iki\u00fczl\u00fcl\u00fcy\u00fcm\u00fcz&#8221;\"}]},{\"@type\":\"WebSite\",\"@id\":\"https:\\\/\\\/www.meydan.tv\\\/az\\\/#website\",\"url\":\"https:\\\/\\\/www.meydan.tv\\\/az\\\/\",\"name\":\"MEYDAN.TV\",\"description\":\"Meydan TV Az\u0259rbaycan\u0131n media m\u0259kan\u0131ndak\u0131 alternativ s\u0259sidir\",\"publisher\":{\"@id\":\"https:\\\/\\\/www.meydan.tv\\\/az\\\/#organization\"},\"potentialAction\":[{\"@type\":\"SearchAction\",\"target\":{\"@type\":\"EntryPoint\",\"urlTemplate\":\"https:\\\/\\\/www.meydan.tv\\\/az\\\/?s={search_term_string}\"},\"query-input\":{\"@type\":\"PropertyValueSpecification\",\"valueRequired\":true,\"valueName\":\"search_term_string\"}}],\"inLanguage\":\"az\"},{\"@type\":\"Organization\",\"@id\":\"https:\\\/\\\/www.meydan.tv\\\/az\\\/#organization\",\"name\":\"Meydan TV\",\"url\":\"https:\\\/\\\/www.meydan.tv\\\/az\\\/\",\"logo\":{\"@type\":\"ImageObject\",\"inLanguage\":\"az\",\"@id\":\"https:\\\/\\\/www.meydan.tv\\\/az\\\/#\\\/schema\\\/logo\\\/image\\\/\",\"url\":\"https:\\\/\\\/www.meydan.tv\\\/wp-content\\\/uploads\\\/2021\\\/07\\\/meydan-logo.svg\",\"contentUrl\":\"https:\\\/\\\/www.meydan.tv\\\/wp-content\\\/uploads\\\/2021\\\/07\\\/meydan-logo.svg\",\"width\":195,\"height\":46,\"caption\":\"Meydan TV\"},\"image\":{\"@id\":\"https:\\\/\\\/www.meydan.tv\\\/az\\\/#\\\/schema\\\/logo\\\/image\\\/\"}},{\"@type\":\"Person\",\"@id\":\"https:\\\/\\\/www.meydan.tv\\\/az\\\/#\\\/schema\\\/person\\\/10d11eccf6da3662cf5fdab9806ea91a\",\"name\":\"user-manager\"}]}<\/script>\n<!-- \/ Yoast SEO plugin. -->","yoast_head_json":{"title":"K\u00fc\u00e7\u0259 s\u00fcp\u00fcr\u0259n qad\u0131nlara qar\u015f\u0131 ''iki\u00fczl\u00fcl\u00fcy\u00fcm\u00fcz'' - MEYDAN.TV","robots":{"index":"index","follow":"follow","max-snippet":"max-snippet:-1","max-image-preview":"max-image-preview:large","max-video-preview":"max-video-preview:-1"},"canonical":"https:\/\/www.meydan.tv\/az\/article\/kuce-supuren-qadinlara-qarsi-ikiuzluluyumuz\/","og_locale":"az_AZ","og_type":"article","og_title":"K\u00fc\u00e7\u0259 s\u00fcp\u00fcr\u0259n qad\u0131nlara qar\u015f\u0131 ''iki\u00fczl\u00fcl\u00fcy\u00fcm\u00fcz'' - MEYDAN.TV","og_description":"Qar ya\u011fd\u0131qca \u0259n \u00e7ox payla\u015f\u0131lan \u015f\u0259kill\u0259rd\u0259n, x\u0259b\u0259rl\u0259rd\u0259n biri d\u0259 k\u00fc\u00e7\u0259l\u0259rd\u0259 \u00f6zl\u0259ri boyda k\u00fcr\u0259kl\u0259rl\u0259 qar t\u0259mizl\u0259y\u0259n qoca qad\u0131nlar bar\u0259d\u0259 informasiyad\u0131r.","og_url":"https:\/\/www.meydan.tv\/az\/article\/kuce-supuren-qadinlara-qarsi-ikiuzluluyumuz\/","og_site_name":"MEYDAN.TV","article_published_time":"2017-02-20T17:09:23+00:00","og_image":[{"width":1095,"height":821,"url":"https:\/\/www.meydan.tv\/wp-content\/uploads\/31024-1095x821.png","type":"image\/png"}],"author":"user-manager","twitter_card":"summary_large_image","schema":{"@context":"https:\/\/schema.org","@graph":[{"@type":"Article","@id":"https:\/\/www.meydan.tv\/az\/article\/kuce-supuren-qadinlara-qarsi-ikiuzluluyumuz\/#article","isPartOf":{"@id":"https:\/\/www.meydan.tv\/az\/article\/kuce-supuren-qadinlara-qarsi-ikiuzluluyumuz\/"},"author":{"name":"user-manager","@id":"https:\/\/www.meydan.tv\/az\/#\/schema\/person\/10d11eccf6da3662cf5fdab9806ea91a"},"headline":"K\u00fc\u00e7\u0259 s\u00fcp\u00fcr\u0259n qad\u0131nlara qar\u015f\u0131 &#8221;iki\u00fczl\u00fcl\u00fcy\u00fcm\u00fcz&#8221;","datePublished":"2017-02-20T17:09:23+00:00","mainEntityOfPage":{"@id":"https:\/\/www.meydan.tv\/az\/article\/kuce-supuren-qadinlara-qarsi-ikiuzluluyumuz\/"},"wordCount":997,"publisher":{"@id":"https:\/\/www.meydan.tv\/az\/#organization"},"image":{"@id":"https:\/\/www.meydan.tv\/az\/article\/kuce-supuren-qadinlara-qarsi-ikiuzluluyumuz\/#primaryimage"},"thumbnailUrl":"https:\/\/www.meydan.tv\/wp-content\/uploads\/31024.png","articleSection":["M\u0259nim Fikrimc\u0259"],"inLanguage":"az"},{"@type":"WebPage","@id":"https:\/\/www.meydan.tv\/az\/article\/kuce-supuren-qadinlara-qarsi-ikiuzluluyumuz\/","url":"https:\/\/www.meydan.tv\/az\/article\/kuce-supuren-qadinlara-qarsi-ikiuzluluyumuz\/","name":"K\u00fc\u00e7\u0259 s\u00fcp\u00fcr\u0259n qad\u0131nlara qar\u015f\u0131 ''iki\u00fczl\u00fcl\u00fcy\u00fcm\u00fcz'' - MEYDAN.TV","isPartOf":{"@id":"https:\/\/www.meydan.tv\/az\/#website"},"primaryImageOfPage":{"@id":"https:\/\/www.meydan.tv\/az\/article\/kuce-supuren-qadinlara-qarsi-ikiuzluluyumuz\/#primaryimage"},"image":{"@id":"https:\/\/www.meydan.tv\/az\/article\/kuce-supuren-qadinlara-qarsi-ikiuzluluyumuz\/#primaryimage"},"thumbnailUrl":"https:\/\/www.meydan.tv\/wp-content\/uploads\/31024.png","datePublished":"2017-02-20T17:09:23+00:00","breadcrumb":{"@id":"https:\/\/www.meydan.tv\/az\/article\/kuce-supuren-qadinlara-qarsi-ikiuzluluyumuz\/#breadcrumb"},"inLanguage":"az","potentialAction":[{"@type":"ReadAction","target":["https:\/\/www.meydan.tv\/az\/article\/kuce-supuren-qadinlara-qarsi-ikiuzluluyumuz\/"]}]},{"@type":"ImageObject","inLanguage":"az","@id":"https:\/\/www.meydan.tv\/az\/article\/kuce-supuren-qadinlara-qarsi-ikiuzluluyumuz\/#primaryimage","url":"https:\/\/www.meydan.tv\/wp-content\/uploads\/31024.png","contentUrl":"https:\/\/www.meydan.tv\/wp-content\/uploads\/31024.png","width":2732,"height":2048,"caption":"Source:"},{"@type":"BreadcrumbList","@id":"https:\/\/www.meydan.tv\/az\/article\/kuce-supuren-qadinlara-qarsi-ikiuzluluyumuz\/#breadcrumb","itemListElement":[{"@type":"ListItem","position":1,"name":"Ana s\u0259hif\u0259","item":"https:\/\/www.meydan.tv\/az\/"},{"@type":"ListItem","position":2,"name":"M\u0259nim Fikrimc\u0259","item":"https:\/\/www.meydan.tv\/az\/section\/menim-fikrimce\/"},{"@type":"ListItem","position":3,"name":"K\u00fc\u00e7\u0259 s\u00fcp\u00fcr\u0259n qad\u0131nlara qar\u015f\u0131 &#8221;iki\u00fczl\u00fcl\u00fcy\u00fcm\u00fcz&#8221;"}]},{"@type":"WebSite","@id":"https:\/\/www.meydan.tv\/az\/#website","url":"https:\/\/www.meydan.tv\/az\/","name":"MEYDAN.TV","description":"Meydan TV Az\u0259rbaycan\u0131n media m\u0259kan\u0131ndak\u0131 alternativ s\u0259sidir","publisher":{"@id":"https:\/\/www.meydan.tv\/az\/#organization"},"potentialAction":[{"@type":"SearchAction","target":{"@type":"EntryPoint","urlTemplate":"https:\/\/www.meydan.tv\/az\/?s={search_term_string}"},"query-input":{"@type":"PropertyValueSpecification","valueRequired":true,"valueName":"search_term_string"}}],"inLanguage":"az"},{"@type":"Organization","@id":"https:\/\/www.meydan.tv\/az\/#organization","name":"Meydan TV","url":"https:\/\/www.meydan.tv\/az\/","logo":{"@type":"ImageObject","inLanguage":"az","@id":"https:\/\/www.meydan.tv\/az\/#\/schema\/logo\/image\/","url":"https:\/\/www.meydan.tv\/wp-content\/uploads\/2021\/07\/meydan-logo.svg","contentUrl":"https:\/\/www.meydan.tv\/wp-content\/uploads\/2021\/07\/meydan-logo.svg","width":195,"height":46,"caption":"Meydan TV"},"image":{"@id":"https:\/\/www.meydan.tv\/az\/#\/schema\/logo\/image\/"}},{"@type":"Person","@id":"https:\/\/www.meydan.tv\/az\/#\/schema\/person\/10d11eccf6da3662cf5fdab9806ea91a","name":"user-manager"}]}},"_links":{"self":[{"href":"https:\/\/www.meydan.tv\/az\/wp-json\/wp\/v2\/posts\/182650","targetHints":{"allow":["GET"]}}],"collection":[{"href":"https:\/\/www.meydan.tv\/az\/wp-json\/wp\/v2\/posts"}],"about":[{"href":"https:\/\/www.meydan.tv\/az\/wp-json\/wp\/v2\/types\/post"}],"author":[{"embeddable":true,"href":"https:\/\/www.meydan.tv\/az\/wp-json\/wp\/v2\/users\/11"}],"replies":[{"embeddable":true,"href":"https:\/\/www.meydan.tv\/az\/wp-json\/wp\/v2\/comments?post=182650"}],"version-history":[{"count":0,"href":"https:\/\/www.meydan.tv\/az\/wp-json\/wp\/v2\/posts\/182650\/revisions"}],"wp:featuredmedia":[{"embeddable":true,"href":"https:\/\/www.meydan.tv\/az\/wp-json\/wp\/v2\/media\/79618"}],"wp:attachment":[{"href":"https:\/\/www.meydan.tv\/az\/wp-json\/wp\/v2\/media?parent=182650"}],"wp:term":[{"taxonomy":"category","embeddable":true,"href":"https:\/\/www.meydan.tv\/az\/wp-json\/wp\/v2\/categories?post=182650"},{"taxonomy":"post_tag","embeddable":true,"href":"https:\/\/www.meydan.tv\/az\/wp-json\/wp\/v2\/tags?post=182650"}],"curies":[{"name":"wp","href":"https:\/\/api.w.org\/{rel}","templated":true}]}}