{"id":182631,"date":"2017-02-18T22:24:42","date_gmt":"2017-02-18T22:24:42","guid":{"rendered":"https:\/\/www.meydan.tv\/article\/bizim-kim-kardasyan-derdimiz\/"},"modified":"2017-02-18T22:24:42","modified_gmt":"2017-02-18T22:24:42","slug":"bizim-kim-kardasyan-derdimiz","status":"publish","type":"post","link":"https:\/\/www.meydan.tv\/az\/article\/bizim-kim-kardasyan-derdimiz\/","title":{"rendered":"Bizim Kim Karda\u015fyan d\u0259rdimiz\u2026"},"content":{"rendered":"<figure class=\"wp-block-image size-large\">\n  <img decoding=\"async\" src=\"https:\/\/www.meydan.tv\/az\/gunel-movlud-illustrasiya\/\" alt=\"G\u00fcnel M\u00f6vlud (ill\u00fcstrasiya)\" class=\"wp-image-79558\"\/><figcaption>\n    G\u00fcnel M\u00f6vlud (ill\u00fcstrasiya)<br \/>\n  <\/figcaption><\/figure>\n<p>\n  \u015eou, model biznesi d\u00fcnyas\u0131na s\u0259b\u0259bi b\u0259lli bir ikrahla bax\u0131ram. Bir d\u0259st\u0259 hiyl\u0259g\u0259r i\u015fg\u00fczar adam b\u00fct\u00fcn d\u00fcnyan\u0131 d\u0259b iyn\u0259sin\u0259 otuzdurub. Kimin n\u0259 q\u0259d\u0259r\u0259 g\u00fcc\u00fc \u00e7at\u0131r, o q\u0259d\u0259rini x\u0259rcl\u0259tdirir. G\u00fcn uzunu saytlar, televiziyalar, sosial \u015f\u0259b\u0259k\u0259l\u0259r insanlara u\u011furlu v\u0259 yara\u015f\u0131ql\u0131 insan\u0131n nec\u0259 g\u00f6r\u00fcnm\u0259li oldu\u011fu bar\u0259d\u0259 m\u0259sl\u0259h\u0259tl\u0259r verir. Bu m\u0259sl\u0259h\u0259tl\u0259r bahal\u0131 \u0259tir, paltar, zin\u0259t, aksesuar brendl\u0259ri il\u0259 m\u00fc\u015fayi\u0259t olunur. M\u0259s\u0259l\u0259n, u\u011furlu qad\u0131n\u0131n sahib olmal\u0131 oldu\u011fu 10 \u0259\u015fyan\u0131n siyah\u0131s\u0131nda &#8220;Burberry&#8221; tren\u00e7l\u0259ri, &#8220;Lubuten&#8221; ayaqqab\u0131lar\u0131, &#8220;Hermes&#8221; \u00e7antalar\u0131, &#8220;\u015eanel&#8221; \u0259tirl\u0259ri v\u0259 s. m\u00fctl\u0259q olmal\u0131d\u0131r. Bu informasiyan\u0131 oxuyan bir az sad\u0259l\u00f6vh qad\u0131n depressiyaya d\u00fc\u015f\u0259 bil\u0259r, ax\u0131 onun 30 min avroluq &#8220;Hermes&#8221; \u00e7antas\u0131, 1200 avroluq &#8220;Buberry&#8221; tren\u00e7i, 6 min avroluq &#8220;Lubuten&#8221; ayaqqab\u0131lar\u0131 yoxdur.\n<\/p>\n<p>\n  Bunlar\u0131 \u0259ld\u0259 etm\u0259yin yollar\u0131 is\u0259 m\u00fcxt\u0259lifdir, kimi \u00f6z\u00fcn\u0259 insaf etm\u0259d\u0259n i\u015fl\u0259yib pul y\u0131\u011f\u0131r, kimi b\u0259d\u0259nini sat\u0131r, kimi r\u00fc\u015fv\u0259t al\u0131r. T\u0259ki u\u011furlu qad\u0131n kimi g\u00f6r\u00fcns\u00fcn. N\u0259tic\u0259d\u0259 bu d\u0259b, brend biznesi insanlar\u0131 i\u015f, seks k\u00f6l\u0259sin\u0259 \u00e7evirir, r\u00fc\u015fv\u0259t\u0259, o\u011furlu\u011fa s\u00f6vq edir. Bu z\u0259h\u0259rli h\u00f6r\u00fcm\u00e7\u0259k torundan xilas olma\u011fa ancaq f\u0259rqli informasiyalara malik, bu d\u00fcnyan\u0131n \u0259slind\u0259 b\u00f6y\u00fck bir u\u011fur ill\u00fcziyas\u0131 oldu\u011funu anlaya bil\u0259n insanlar\u0131n xarakteri \u00e7at\u0131r.\n<\/p>\n<p>\n  Ba\u015fqalar\u0131 is\u0259 biz\u0259 Corc Kluninin, Anjelina Colinin, \u015eakiran\u0131n simas\u0131 il\u0259 birlikd\u0259 sat\u0131lan brendl\u0259rin d\u00fc\u015fk\u00fcn\u00fcn\u0259 \u00e7evrilir, \u015eakiran\u0131n geyindiyi paltar\u0131 geyinm\u0259kl\u0259 \u015eakira olma\u011fa can at\u0131r, n\u0259tic\u0259d\u0259 b\u00fct\u00fcn h\u0259yat\u0131 bu bahal\u0131 \u0259\u015fyalar\u0131 almaq \u00fc\u00e7\u00fcn pul qazanma\u011fa x\u0259rcl\u0259nir.\u00a0Sad\u0259l\u00f6vhc\u0259sin\u0259 inan\u0131r ki, \u015eakira kimi ya\u015fay\u0131r. Daha demir ki, \u015eakira s\u0259h\u0259r bir, ax\u015fam ba\u015fqa \u00f6lk\u0259d\u0259 yem\u0259k yeyir, sa\u00e7\u0131n\u0131 bir adam daray\u0131r, d\u0131rna\u011f\u0131n biri d\u00fcz\u0259ldir, paltar\u0131n bir ba\u015fqas\u0131 geyindirir. Bu h\u0259yat t\u0259rzi \u00fc\u00e7\u00fcn bir paltar, bir ayaqqab\u0131, bir boyunba\u011f\u0131 b\u0259s deyil ax\u0131, o siz\u0259 reklam\u0131 edil\u0259n paltar, ayaqqab\u0131, boyunba\u011f\u0131 \u015eakiran\u0131n sahib oldu\u011fu qarderobun c\u00fczi bir hiss\u0259sidir, ya da sad\u0259c\u0259 reklam \u00fc\u00e7\u00fcn geyinib, ona bunlar he\u00e7 laz\u0131m deyil.\n<\/p>\n<p>\n  Dediyim odur ki, d\u00fcnyadak\u0131 \u015fou, model, d\u0259b d\u00fcnyas\u0131 birl\u0259\u015fib bizi soyur, qula \u00e7evirir, m\u00fcasir \u0259sirl\u0259r kimi \u00f6z \u0259sar\u0259tind\u0259 saxlay\u0131r\u2026\n<\/p>\n<p>\n  B\u00fct\u00fcn bu z\u0131r\u0131lt\u0131 problemin fonunda biz bu problem\u0259 fikir verm\u0259k, d\u0259b, brend \u0259siri olmaqdan xilas olmaq v\u0259 ba\u015fqalar\u0131n\u0131 xilas etm\u0259k haqq\u0131nda d\u00fc\u015f\u00fcnm\u0259k yerin\u0259, ne\u00e7\u0259 ildir bu d\u00fcnyan\u0131n b\u0259sit bir hiss\u0259ciyi \u2013 Kim Karda\u015fyanla m\u00fcbariz\u0259 apar\u0131r\u0131q.\n<\/p>\n<p>\n  T\u0259s\u0259vv\u00fcr edin ki, iki \u00f6lk\u0259 sava\u015f apar\u0131r. Bu sava\u015fa he\u00e7 bir d\u0259xli olmayan, amma damarlar\u0131nda bu iki \u00f6lk\u0259d\u0259n birinin n\u00fcmay\u0259nd\u0259l\u0259rinin qan\u0131n\u0131 da\u015f\u0131yan bir model d\u0259 d\u00fcnyan\u0131n tamam ba\u015fqa bir \u00f6lk\u0259sind\u0259 ya\u015fay\u0131r, pul qazan\u0131r, \u015fou apar\u0131r. Prezidentl\u0259rd\u0259n tutmu\u015f, evdar qad\u0131nlara q\u0259d\u0259r bu modelin fanat\u0131, izl\u0259yicisi var. Onun mill\u0259tind\u0259n olmayanlar da sava\u015f apard\u0131qlar\u0131 xalqa ac\u0131q verm\u0259k \u00fc\u00e7\u00fcn he\u00e7 n\u0259y\u0259 d\u0259xli olmayan modeli pornoulduz elan edibl\u0259r. D\u00fc\u015fm\u0259nd\u0259n ac\u0131q \u00e7\u0131xmaq \u00fc\u00e7\u00fcn.\n<\/p>\n<p>\n  \u0130lahi, d\u00fcnyada bundan c\u0131l\u0131z, bundan m\u0259nas\u0131z, bundan daha g\u00fclm\u0259li bir m\u00fcbariz\u0259 \u00fcsulu ola bil\u0259rmi? Biz t\u0259bii ki, ba\u015fqa planetd\u0259n g\u0259lm\u0259mi\u015fik, insanlar\u0131m\u0131z\u0131n d\u0259y\u0259rl\u0259rind\u0259n, mentalitetind\u0259n d\u0259 az-\u00e7ox x\u0259b\u0259rimiz var. G\u00f6z\u00fcm\u00fcz\u00fc a\u00e7andan g\u00f6rm\u00fc\u015f\u00fck ki, iki ki\u015fi dava ed\u0259nd\u0259 o birisind\u0259n ac\u0131\u011f\u0131n\u0131 onun ail\u0259sind\u0259n olan bir qad\u0131n\u0131n namusunu al\u00e7altmaqla \u00e7\u0131x\u0131r. B\u0259lk\u0259 f\u0259rdl\u0259r s\u0259viyy\u0259sind\u0259 q\u0259bul olunmasa da, anla\u015f\u0131la bil\u0259c\u0259k bu h\u0259r\u0259k\u0259ti bir xalq, bir toplum \u015f\u0259klind\u0259 el\u0259m\u0259k h\u0259m komik, h\u0259m faci\u0259vi, h\u0259m d\u0259 ucuz h\u0259r\u0259k\u0259tdir.\n<\/p>\n<p>\n  Saytlar\u0131m\u0131z Kim Karda\u015fyan\u0131 model yox, pornoulduz kimi t\u0259qdim etm\u0259kl\u0259 sanki Qaraba\u011f sava\u015f\u0131ndan qalib \u00e7\u0131x\u0131r, siyas\u0259t\u00e7il\u0259rimiz Kim Karda\u015fyana pornoulduz dem\u0259kl\u0259 sanki nec\u0259 v\u0259t\u0259np\u0259rv\u0259r oldu\u011funu n\u00fcmayi\u015f etdirir, jurnalistl\u0259rimiz d\u0259 informasiyada d\u0259qiqlik kimi bir d\u0259y\u0259r\u0259 t\u00fcp\u00fcr\u00fcb model\u0259 inadla pornoulduz deyirl\u0259r. Ay\u0131bd\u0131r, vallah, ay\u0131bd\u0131r.\n<\/p>\n<p>\n  \u018fn g\u00fclm\u0259lisi d\u0259 budur ki, bizimkil\u0259rin Kim Karda\u015fyan\u0131 pornoulduz, fahi\u015f\u0259, \u0259xlaqs\u0131z \u00e7\u0131xarmas\u0131\u00a0onun soyda\u015flar\u0131n\u0131n he\u00e7 vecin\u0259 d\u0259 deyil. Onlar \u00f6z Kiml\u0259rini sevir, d\u0259st\u0259kl\u0259yir, heyran olurlar.\n<\/p>\n<p>\n  \u00a0Bir m\u00fcdd\u0259t \u0259vv\u0259l Erm\u0259nistana s\u0259f\u0259r el\u0259mi\u015fdi, az qala b\u00fct\u00fcn erm\u0259ni xalq\u0131 k\u00fc\u00e7\u0259l\u0259rd\u0259 g\u00fcl-\u00e7i\u00e7\u0259kl\u0259 \u00f6z ulduzunu qar\u015f\u0131lay\u0131rd\u0131. Prezidentd\u0259n tutmu\u015f, yeniyetm\u0259 q\u0131zlara q\u0259d\u0259r\u2026\n<\/p>\n<p>\n  D\u0259rd oras\u0131ndad\u0131r ki, Kim Karda\u015fyan Kim Qarda\u015fzad\u0259 olsayd\u0131, az\u0259rbaycanl\u0131 oldu\u011funu elan ets\u0259ydi, bu u\u011furu v\u0259 \u015f\u00f6hr\u0259ti az\u0259rbaycanl\u0131 kimliyi il\u0259 qazansayd\u0131, ona he\u00e7 birimiz n\u0259 pornoulduz dey\u0259c\u0259kdik, n\u0259 \u0259xlaqs\u0131z adland\u0131racaqd\u0131q. O s\u0259f\u0259ri d\u0259 Erm\u0259nistanda deyil, Az\u0259rbaycana el\u0259s\u0259ydi, bizd\u0259 d\u0259 ham\u0131 k\u00fc\u00e7\u0259l\u0259r\u0259 t\u00f6k\u00fc\u015f\u00fcl\u0259\u00e7\u0259kdi.\n<\/p>\n<p>\n  P.S. Bilmir\u0259m, n\u0259 q\u0259d\u0259r yerin\u0259 d\u00fc\u015f\u00fcr, amma yad\u0131ma bir g\u0259nc bloqqerimizin Kim Karda\u015fyan xatir\u0259si d\u00fc\u015fd\u00fc. G\u0259nc bloqqer Pol\u015fada bir erm\u0259ni ya\u015f\u0131d\u0131 il\u0259 tan\u0131\u015f olur. Zarafatla deyir ki, n\u0259 g\u00fcnd\u0259siniz, Kim Karda\u015fyan\u0131n dal\u0131 il\u0259 f\u0259xr edirsiniz. Erm\u0259ni d\u0259 sakitc\u0259 deyir: &#8220;Vallah, el\u0259 \u00f6lk\u0259l\u0259r var ki, Karda\u015fyan\u0131n dal\u0131 d\u00fcnyada o \u00f6lk\u0259l\u0259rd\u0259n daha \u00a0\u00e7ox tan\u0131n\u0131r&#8230;&#8221;<\/p>\n","protected":false},"excerpt":{"rendered":"<p>\u015eakiran\u0131n geyindiyi paltar\u0131 geyinm\u0259kl\u0259 \u015eakira olma\u011fa can at\u0131r<\/p>\n","protected":false},"author":11,"featured_media":79558,"comment_status":"closed","ping_status":"open","sticky":false,"template":"","format":"standard","meta":{"_acf_changed":false,"_sitemap_exclude":false,"_sitemap_priority":"","_sitemap_frequency":"","footnotes":""},"categories":[57],"tags":[],"class_list":["post-182631","post","type-post","status-publish","format-standard","has-post-thumbnail","hentry","category-menim-fikrimce","infinite-scroll-item","generate-columns","tablet-grid-50","mobile-grid-100","grid-parent","grid-33","no-featured-image-padding"],"acf":[],"yoast_head":"<!-- This site is optimized with the Yoast SEO plugin v27.5 - https:\/\/yoast.com\/product\/yoast-seo-wordpress\/ -->\n<title>Bizim Kim Karda\u015fyan d\u0259rdimiz\u2026 - MEYDAN.TV<\/title>\n<meta name=\"robots\" content=\"index, follow, max-snippet:-1, max-image-preview:large, max-video-preview:-1\" \/>\n<link rel=\"canonical\" href=\"https:\/\/www.meydan.tv\/az\/article\/bizim-kim-kardasyan-derdimiz\/\" \/>\n<meta property=\"og:locale\" content=\"az_AZ\" \/>\n<meta property=\"og:type\" content=\"article\" \/>\n<meta property=\"og:title\" content=\"Bizim Kim Karda\u015fyan d\u0259rdimiz\u2026 - MEYDAN.TV\" \/>\n<meta property=\"og:description\" content=\"\u015eakiran\u0131n geyindiyi paltar\u0131 geyinm\u0259kl\u0259 \u015eakira olma\u011fa can at\u0131r\" \/>\n<meta property=\"og:url\" content=\"https:\/\/www.meydan.tv\/az\/article\/bizim-kim-kardasyan-derdimiz\/\" \/>\n<meta property=\"og:site_name\" content=\"MEYDAN.TV\" \/>\n<meta property=\"article:published_time\" content=\"2017-02-18T22:24:42+00:00\" \/>\n<meta property=\"og:image\" content=\"https:\/\/www.meydan.tv\/wp-content\/uploads\/31012.png\" \/>\n\t<meta property=\"og:image:width\" content=\"1000\" \/>\n\t<meta property=\"og:image:height\" content=\"560\" \/>\n\t<meta property=\"og:image:type\" content=\"image\/png\" \/>\n<meta name=\"author\" content=\"user-manager\" \/>\n<meta name=\"twitter:card\" content=\"summary_large_image\" \/>\n<script type=\"application\/ld+json\" class=\"yoast-schema-graph\">{\"@context\":\"https:\\\/\\\/schema.org\",\"@graph\":[{\"@type\":\"Article\",\"@id\":\"https:\\\/\\\/www.meydan.tv\\\/az\\\/article\\\/bizim-kim-kardasyan-derdimiz\\\/#article\",\"isPartOf\":{\"@id\":\"https:\\\/\\\/www.meydan.tv\\\/az\\\/article\\\/bizim-kim-kardasyan-derdimiz\\\/\"},\"author\":{\"name\":\"user-manager\",\"@id\":\"https:\\\/\\\/www.meydan.tv\\\/az\\\/#\\\/schema\\\/person\\\/10d11eccf6da3662cf5fdab9806ea91a\"},\"headline\":\"Bizim Kim Karda\u015fyan d\u0259rdimiz\u2026\",\"datePublished\":\"2017-02-18T22:24:42+00:00\",\"mainEntityOfPage\":{\"@id\":\"https:\\\/\\\/www.meydan.tv\\\/az\\\/article\\\/bizim-kim-kardasyan-derdimiz\\\/\"},\"wordCount\":1063,\"publisher\":{\"@id\":\"https:\\\/\\\/www.meydan.tv\\\/az\\\/#organization\"},\"image\":{\"@id\":\"https:\\\/\\\/www.meydan.tv\\\/az\\\/article\\\/bizim-kim-kardasyan-derdimiz\\\/#primaryimage\"},\"thumbnailUrl\":\"https:\\\/\\\/www.meydan.tv\\\/wp-content\\\/uploads\\\/31012.png\",\"articleSection\":[\"M\u0259nim Fikrimc\u0259\"],\"inLanguage\":\"az\"},{\"@type\":\"WebPage\",\"@id\":\"https:\\\/\\\/www.meydan.tv\\\/az\\\/article\\\/bizim-kim-kardasyan-derdimiz\\\/\",\"url\":\"https:\\\/\\\/www.meydan.tv\\\/az\\\/article\\\/bizim-kim-kardasyan-derdimiz\\\/\",\"name\":\"Bizim Kim Karda\u015fyan d\u0259rdimiz\u2026 - MEYDAN.TV\",\"isPartOf\":{\"@id\":\"https:\\\/\\\/www.meydan.tv\\\/az\\\/#website\"},\"primaryImageOfPage\":{\"@id\":\"https:\\\/\\\/www.meydan.tv\\\/az\\\/article\\\/bizim-kim-kardasyan-derdimiz\\\/#primaryimage\"},\"image\":{\"@id\":\"https:\\\/\\\/www.meydan.tv\\\/az\\\/article\\\/bizim-kim-kardasyan-derdimiz\\\/#primaryimage\"},\"thumbnailUrl\":\"https:\\\/\\\/www.meydan.tv\\\/wp-content\\\/uploads\\\/31012.png\",\"datePublished\":\"2017-02-18T22:24:42+00:00\",\"breadcrumb\":{\"@id\":\"https:\\\/\\\/www.meydan.tv\\\/az\\\/article\\\/bizim-kim-kardasyan-derdimiz\\\/#breadcrumb\"},\"inLanguage\":\"az\",\"potentialAction\":[{\"@type\":\"ReadAction\",\"target\":[\"https:\\\/\\\/www.meydan.tv\\\/az\\\/article\\\/bizim-kim-kardasyan-derdimiz\\\/\"]}]},{\"@type\":\"ImageObject\",\"inLanguage\":\"az\",\"@id\":\"https:\\\/\\\/www.meydan.tv\\\/az\\\/article\\\/bizim-kim-kardasyan-derdimiz\\\/#primaryimage\",\"url\":\"https:\\\/\\\/www.meydan.tv\\\/wp-content\\\/uploads\\\/31012.png\",\"contentUrl\":\"https:\\\/\\\/www.meydan.tv\\\/wp-content\\\/uploads\\\/31012.png\",\"width\":1000,\"height\":560,\"caption\":\"Source:\"},{\"@type\":\"BreadcrumbList\",\"@id\":\"https:\\\/\\\/www.meydan.tv\\\/az\\\/article\\\/bizim-kim-kardasyan-derdimiz\\\/#breadcrumb\",\"itemListElement\":[{\"@type\":\"ListItem\",\"position\":1,\"name\":\"Ana s\u0259hif\u0259\",\"item\":\"https:\\\/\\\/www.meydan.tv\\\/az\\\/\"},{\"@type\":\"ListItem\",\"position\":2,\"name\":\"M\u0259nim Fikrimc\u0259\",\"item\":\"https:\\\/\\\/www.meydan.tv\\\/az\\\/section\\\/menim-fikrimce\\\/\"},{\"@type\":\"ListItem\",\"position\":3,\"name\":\"Bizim Kim Karda\u015fyan d\u0259rdimiz\u2026\"}]},{\"@type\":\"WebSite\",\"@id\":\"https:\\\/\\\/www.meydan.tv\\\/az\\\/#website\",\"url\":\"https:\\\/\\\/www.meydan.tv\\\/az\\\/\",\"name\":\"MEYDAN.TV\",\"description\":\"Meydan TV Az\u0259rbaycan\u0131n media m\u0259kan\u0131ndak\u0131 alternativ s\u0259sidir\",\"publisher\":{\"@id\":\"https:\\\/\\\/www.meydan.tv\\\/az\\\/#organization\"},\"potentialAction\":[{\"@type\":\"SearchAction\",\"target\":{\"@type\":\"EntryPoint\",\"urlTemplate\":\"https:\\\/\\\/www.meydan.tv\\\/az\\\/?s={search_term_string}\"},\"query-input\":{\"@type\":\"PropertyValueSpecification\",\"valueRequired\":true,\"valueName\":\"search_term_string\"}}],\"inLanguage\":\"az\"},{\"@type\":\"Organization\",\"@id\":\"https:\\\/\\\/www.meydan.tv\\\/az\\\/#organization\",\"name\":\"Meydan TV\",\"url\":\"https:\\\/\\\/www.meydan.tv\\\/az\\\/\",\"logo\":{\"@type\":\"ImageObject\",\"inLanguage\":\"az\",\"@id\":\"https:\\\/\\\/www.meydan.tv\\\/az\\\/#\\\/schema\\\/logo\\\/image\\\/\",\"url\":\"https:\\\/\\\/www.meydan.tv\\\/wp-content\\\/uploads\\\/2021\\\/07\\\/meydan-logo.svg\",\"contentUrl\":\"https:\\\/\\\/www.meydan.tv\\\/wp-content\\\/uploads\\\/2021\\\/07\\\/meydan-logo.svg\",\"width\":195,\"height\":46,\"caption\":\"Meydan TV\"},\"image\":{\"@id\":\"https:\\\/\\\/www.meydan.tv\\\/az\\\/#\\\/schema\\\/logo\\\/image\\\/\"}},{\"@type\":\"Person\",\"@id\":\"https:\\\/\\\/www.meydan.tv\\\/az\\\/#\\\/schema\\\/person\\\/10d11eccf6da3662cf5fdab9806ea91a\",\"name\":\"user-manager\"}]}<\/script>\n<!-- \/ Yoast SEO plugin. -->","yoast_head_json":{"title":"Bizim Kim Karda\u015fyan d\u0259rdimiz\u2026 - MEYDAN.TV","robots":{"index":"index","follow":"follow","max-snippet":"max-snippet:-1","max-image-preview":"max-image-preview:large","max-video-preview":"max-video-preview:-1"},"canonical":"https:\/\/www.meydan.tv\/az\/article\/bizim-kim-kardasyan-derdimiz\/","og_locale":"az_AZ","og_type":"article","og_title":"Bizim Kim Karda\u015fyan d\u0259rdimiz\u2026 - MEYDAN.TV","og_description":"\u015eakiran\u0131n geyindiyi paltar\u0131 geyinm\u0259kl\u0259 \u015eakira olma\u011fa can at\u0131r","og_url":"https:\/\/www.meydan.tv\/az\/article\/bizim-kim-kardasyan-derdimiz\/","og_site_name":"MEYDAN.TV","article_published_time":"2017-02-18T22:24:42+00:00","og_image":[{"width":1000,"height":560,"url":"https:\/\/www.meydan.tv\/wp-content\/uploads\/31012.png","type":"image\/png"}],"author":"user-manager","twitter_card":"summary_large_image","schema":{"@context":"https:\/\/schema.org","@graph":[{"@type":"Article","@id":"https:\/\/www.meydan.tv\/az\/article\/bizim-kim-kardasyan-derdimiz\/#article","isPartOf":{"@id":"https:\/\/www.meydan.tv\/az\/article\/bizim-kim-kardasyan-derdimiz\/"},"author":{"name":"user-manager","@id":"https:\/\/www.meydan.tv\/az\/#\/schema\/person\/10d11eccf6da3662cf5fdab9806ea91a"},"headline":"Bizim Kim Karda\u015fyan d\u0259rdimiz\u2026","datePublished":"2017-02-18T22:24:42+00:00","mainEntityOfPage":{"@id":"https:\/\/www.meydan.tv\/az\/article\/bizim-kim-kardasyan-derdimiz\/"},"wordCount":1063,"publisher":{"@id":"https:\/\/www.meydan.tv\/az\/#organization"},"image":{"@id":"https:\/\/www.meydan.tv\/az\/article\/bizim-kim-kardasyan-derdimiz\/#primaryimage"},"thumbnailUrl":"https:\/\/www.meydan.tv\/wp-content\/uploads\/31012.png","articleSection":["M\u0259nim Fikrimc\u0259"],"inLanguage":"az"},{"@type":"WebPage","@id":"https:\/\/www.meydan.tv\/az\/article\/bizim-kim-kardasyan-derdimiz\/","url":"https:\/\/www.meydan.tv\/az\/article\/bizim-kim-kardasyan-derdimiz\/","name":"Bizim Kim Karda\u015fyan d\u0259rdimiz\u2026 - MEYDAN.TV","isPartOf":{"@id":"https:\/\/www.meydan.tv\/az\/#website"},"primaryImageOfPage":{"@id":"https:\/\/www.meydan.tv\/az\/article\/bizim-kim-kardasyan-derdimiz\/#primaryimage"},"image":{"@id":"https:\/\/www.meydan.tv\/az\/article\/bizim-kim-kardasyan-derdimiz\/#primaryimage"},"thumbnailUrl":"https:\/\/www.meydan.tv\/wp-content\/uploads\/31012.png","datePublished":"2017-02-18T22:24:42+00:00","breadcrumb":{"@id":"https:\/\/www.meydan.tv\/az\/article\/bizim-kim-kardasyan-derdimiz\/#breadcrumb"},"inLanguage":"az","potentialAction":[{"@type":"ReadAction","target":["https:\/\/www.meydan.tv\/az\/article\/bizim-kim-kardasyan-derdimiz\/"]}]},{"@type":"ImageObject","inLanguage":"az","@id":"https:\/\/www.meydan.tv\/az\/article\/bizim-kim-kardasyan-derdimiz\/#primaryimage","url":"https:\/\/www.meydan.tv\/wp-content\/uploads\/31012.png","contentUrl":"https:\/\/www.meydan.tv\/wp-content\/uploads\/31012.png","width":1000,"height":560,"caption":"Source:"},{"@type":"BreadcrumbList","@id":"https:\/\/www.meydan.tv\/az\/article\/bizim-kim-kardasyan-derdimiz\/#breadcrumb","itemListElement":[{"@type":"ListItem","position":1,"name":"Ana s\u0259hif\u0259","item":"https:\/\/www.meydan.tv\/az\/"},{"@type":"ListItem","position":2,"name":"M\u0259nim Fikrimc\u0259","item":"https:\/\/www.meydan.tv\/az\/section\/menim-fikrimce\/"},{"@type":"ListItem","position":3,"name":"Bizim Kim Karda\u015fyan d\u0259rdimiz\u2026"}]},{"@type":"WebSite","@id":"https:\/\/www.meydan.tv\/az\/#website","url":"https:\/\/www.meydan.tv\/az\/","name":"MEYDAN.TV","description":"Meydan TV Az\u0259rbaycan\u0131n media m\u0259kan\u0131ndak\u0131 alternativ s\u0259sidir","publisher":{"@id":"https:\/\/www.meydan.tv\/az\/#organization"},"potentialAction":[{"@type":"SearchAction","target":{"@type":"EntryPoint","urlTemplate":"https:\/\/www.meydan.tv\/az\/?s={search_term_string}"},"query-input":{"@type":"PropertyValueSpecification","valueRequired":true,"valueName":"search_term_string"}}],"inLanguage":"az"},{"@type":"Organization","@id":"https:\/\/www.meydan.tv\/az\/#organization","name":"Meydan TV","url":"https:\/\/www.meydan.tv\/az\/","logo":{"@type":"ImageObject","inLanguage":"az","@id":"https:\/\/www.meydan.tv\/az\/#\/schema\/logo\/image\/","url":"https:\/\/www.meydan.tv\/wp-content\/uploads\/2021\/07\/meydan-logo.svg","contentUrl":"https:\/\/www.meydan.tv\/wp-content\/uploads\/2021\/07\/meydan-logo.svg","width":195,"height":46,"caption":"Meydan TV"},"image":{"@id":"https:\/\/www.meydan.tv\/az\/#\/schema\/logo\/image\/"}},{"@type":"Person","@id":"https:\/\/www.meydan.tv\/az\/#\/schema\/person\/10d11eccf6da3662cf5fdab9806ea91a","name":"user-manager"}]}},"_links":{"self":[{"href":"https:\/\/www.meydan.tv\/az\/wp-json\/wp\/v2\/posts\/182631","targetHints":{"allow":["GET"]}}],"collection":[{"href":"https:\/\/www.meydan.tv\/az\/wp-json\/wp\/v2\/posts"}],"about":[{"href":"https:\/\/www.meydan.tv\/az\/wp-json\/wp\/v2\/types\/post"}],"author":[{"embeddable":true,"href":"https:\/\/www.meydan.tv\/az\/wp-json\/wp\/v2\/users\/11"}],"replies":[{"embeddable":true,"href":"https:\/\/www.meydan.tv\/az\/wp-json\/wp\/v2\/comments?post=182631"}],"version-history":[{"count":0,"href":"https:\/\/www.meydan.tv\/az\/wp-json\/wp\/v2\/posts\/182631\/revisions"}],"wp:featuredmedia":[{"embeddable":true,"href":"https:\/\/www.meydan.tv\/az\/wp-json\/wp\/v2\/media\/79558"}],"wp:attachment":[{"href":"https:\/\/www.meydan.tv\/az\/wp-json\/wp\/v2\/media?parent=182631"}],"wp:term":[{"taxonomy":"category","embeddable":true,"href":"https:\/\/www.meydan.tv\/az\/wp-json\/wp\/v2\/categories?post=182631"},{"taxonomy":"post_tag","embeddable":true,"href":"https:\/\/www.meydan.tv\/az\/wp-json\/wp\/v2\/tags?post=182631"}],"curies":[{"name":"wp","href":"https:\/\/api.w.org\/{rel}","templated":true}]}}