{"id":182611,"date":"2017-02-17T16:49:41","date_gmt":"2017-02-17T16:49:41","guid":{"rendered":"https:\/\/www.meydan.tv\/article\/musiqi-aletinin-ixtiracisi\/"},"modified":"2021-10-29T16:12:22","modified_gmt":"2021-10-29T12:12:22","slug":"musiqi-aletinin-ixtiracisi","status":"publish","type":"post","link":"https:\/\/www.meydan.tv\/az\/article\/musiqi-aletinin-ixtiracisi\/","title":{"rendered":"Musiqi al\u0259tinin ixtira\u00e7\u0131s\u0131"},"content":{"rendered":"<figure class=\"wp-block-image size-large\">\n  <img decoding=\"async\" src=\"https:\/\/www.meydan.tv\/az\/zahid-muellim-deyir-ki-aleti-oguz-adlandirilmasinda-meqsed-tarixi-simvollari-yasatmaqdan-ibaret-olub\/\" alt=\"Zahid m\u00fc\u0259llim deyir ki, al\u0259ti &#8216;O\u011fuz&#8217; adland\u0131r\u0131lmas\u0131nda m\u0259qs\u0259d tarixi simvollar\u0131 ya\u015fatmaqdan ibar\u0259t olub.\" class=\"wp-image-79431\"\/><figcaption>\n    Zahid m\u00fc\u0259llim deyir ki, al\u0259ti &#8216;O\u011fuz&#8217; adland\u0131r\u0131lmas\u0131nda m\u0259qs\u0259d tarixi simvollar\u0131 ya\u015fatmaqdan ibar\u0259t olub.<br \/>\n  <\/figcaption><\/figure>\n<p>\n  Zahid Mustafayev ixtisasca radiotexnik olsa da, daha \u00e7ox x\u00fcsusi bir musiqi al\u0259tinin ixtira\u00e7\u0131s\u0131 kimi tan\u0131n\u0131r. O, 1964-c\u00fc ild\u0259 Zaqatalada anadan olub.\n<\/p>\n<p>\n  Deyir ki, ilk bax\u0131\u015fdan formas\u0131 v\u0259 \u00fcz\u0259rind\u0259ki milli elementl\u0259rl\u0259 diqq\u0259ti \u00e7\u0259k\u0259n musiqi al\u0259tinin \u0259sas x\u00fcsusiyy\u0259tl\u0259ri ifa\u00e7\u0131n\u0131n \u0259lind\u0259 \u00fcz\u0259 \u00e7\u0131x\u0131r: &#8220;Sa\u011f \u0259li h\u0259r\u0259k\u0259t etdirm\u0259d\u0259n sol \u0259l il\u0259 ist\u0259nil\u0259n musiqini ifa etm\u0259k m\u00fcmk\u00fcnd\u00fcr&#8221;.\n<\/p>\n<p>\n  Bu al\u0259t, eynil\u0259 sintezator kimi, \u00e7ox m\u00fcxt\u0259lif s\u0259s imkanlar\u0131 yarad\u0131r. N\u0259 q\u0259d\u0259r q\u0259rib\u0259 s\u0259sl\u0259ns\u0259 d\u0259, Zahid m\u00fc\u0259llimin ixtira etdiyi elektrogitarada t\u0259k \u0259ll\u0259 d\u0259 ifa etm\u0259k olur. Bundan ba\u015fqa, simin tembri il\u0259 yana\u015f\u0131 n\u0259f\u0259sli al\u0259tl\u0259rin, dilli musiqi al\u0259tl\u0259rin ayr\u0131l\u0131qda ifa edilm\u0259si v\u0259 h\u0259r ikisinin d\u0259 paralel sinxron ifa edilm\u0259si bu al\u0259ti dig\u0259r elektron simli al\u0259tl\u0259rind\u0259n f\u0259rql\u0259ndirir.\n<\/p>\n<p>\n  Zahid Mustafayev \u00f6z ixtiras\u0131na &#8220;O\u011fuz&#8221; ad\u0131n\u0131 verib. Al\u0259ti &#8220;O\u011fuz&#8221; adland\u0131r\u0131lmas\u0131nda m\u0259qs\u0259d tarixi simvollar\u0131 ya\u015fatmaqdan ibar\u0259t olub: &#8220;Bu al\u0259ti ixtira etdiyim zaman sintizator yox idi, t\u0259ks\u0259sli ionikalar vard\u0131. Al\u0259ti daha da inki\u015faf etdirm\u0259k \u00fc\u00e7\u00fcn zavod v\u0259 fabrik \u015f\u0259raitind\u0259 haz\u0131rlamaq laz\u0131m idi, m\u0259n d\u0259 bu al\u0259ti ev \u015f\u0259raitind\u0259 haz\u0131rlad\u0131m. \u018fg\u0259r zavod \u015f\u0259raitind\u0259 olsa, daha pe\u015f\u0259kar bir al\u0259t haz\u0131rlamaq m\u00fcmk\u00fcnd\u00fcr&#8221;.\n<\/p>\n<p>\n  \u00d6t\u0259n \u0259srin 80-ci ill\u0259rind\u0259 al\u0259tin ilk n\u00fcmun\u0259sini yaradan Zahid Mustafayev d\u00fcnyada bu q\u0259d\u0259r s\u0259s imkan\u0131na sahib olan ba\u015fqa bir elektrogitaran\u0131n olmad\u0131\u011f\u0131n\u0131 deyir. Onun s\u00f6zl\u0259rin\u0259 g\u00f6r\u0259, al\u0259ti d\u00fcz\u0259ltm\u0259k \u00fc\u00e7\u00fcn bir ne\u00e7\u0259 n\u00f6v bacar\u0131q t\u0259l\u0259b olunur:\n<\/p>\n<p>\n  &#8220;D\u00fclg\u0259r i\u015fi, radiotexnik i\u015fi, ifa\u00e7\u0131l\u0131q i\u015fi, bir d\u0259 karg\u00fczarl\u0131q i\u015fi&#8221;.\n<\/p>\n<p>\n  Zahid m\u00fc\u0259llim ixtiran\u0131n patentinin al\u0131nmas\u0131n\u0131n ill\u0259r uzunu \u00e7\u0259kdiyini v\u0259 \u00e7ox \u00e7\u0259tin ba\u015fa g\u0259ldiyini deyir. Haz\u0131rda Zahid Mustafayevin Az\u0259rbaycanda ixtira etdiyi &#8220;O\u011fuz&#8221; al\u0259ti, b\u00fct\u00fcn t\u00fcrk d\u00fcnyas\u0131nda v\u0259 yax\u0131n \u015f\u0259rqd\u0259 ilk elektron musiqi al\u0259tidir.\n<\/p>\n<figure class=\"wp-block-image size-large\">\n  <img decoding=\"async\" src=\"https:\/\/www.meydan.tv\/az\/zahid-muellimin-ixtira-etdiyi-musiqi-aletinin-canaq-ve-qol-hissesinde-oguz-adini-hekk-etdirib\/\" alt=\"Zahid m\u00fc\u0259llimin ixtira etdiyi musiqi al\u0259tinin \u00e7anaq v\u0259 qol hiss\u0259sind\u0259 &#8216;O\u011fuz&#8217; ad\u0131n\u0131 h\u0259kk etdirib\" class=\"wp-image-79434\"\/><figcaption>\n    Zahid m\u00fc\u0259llimin ixtira etdiyi musiqi al\u0259tinin \u00e7anaq v\u0259 qol hiss\u0259sind\u0259 &#8216;O\u011fuz&#8217; ad\u0131n\u0131 h\u0259kk etdirib<br \/>\n  <\/figcaption><\/figure>\n<figure class=\"wp-block-image size-large\">\n  <img decoding=\"async\" src=\"https:\/\/www.meydan.tv\/az\/zahid-muellim-ixtira-etdiyi-alet-haqqinda-hazirlanmis-sujete-baxir\/\" alt=\"Zahid m\u00fc\u0259llim ixtira etdiyi al\u0259t haqq\u0131nda haz\u0131rlanm\u0131\u015f sujet\u0259 bax\u0131r\" class=\"wp-image-79446\"\/><figcaption>\n    Zahid m\u00fc\u0259llim ixtira etdiyi al\u0259t haqq\u0131nda haz\u0131rlanm\u0131\u015f sujet\u0259 bax\u0131r<br \/>\n  <\/figcaption><\/figure>\n<figure class=\"wp-block-image size-large\">\n  <img decoding=\"async\" src=\"https:\/\/www.meydan.tv\/az\/turkiyenin-trt-kanali-zahid-muellimin-ixtira-etdiyi-oguz-aleti-haqqinda-reportaj-yayimlayir\/\" alt=\"T\u00fcrkiy\u0259nin TRT kanal\u0131 Zahid m\u00fc\u0259llimin ixtira etdiyi &#8216;O\u011fuz&#8217; al\u0259ti haqq\u0131nda reportaj yay\u0131mlay\u0131r\" class=\"wp-image-79443\"\/><figcaption>\n    T\u00fcrkiy\u0259nin TRT kanal\u0131 Zahid m\u00fc\u0259llimin ixtira etdiyi &#8216;O\u011fuz&#8217; al\u0259ti haqq\u0131nda reportaj yay\u0131mlay\u0131r<br \/>\n  <\/figcaption><\/figure>\n<figure class=\"wp-block-image size-large\">\n  <img decoding=\"async\" src=\"https:\/\/www.meydan.tv\/az\/hazirda-zahid-muellimin-azerbaycanda-ixtira-etdiyi-oguz-aleti-butun-turk-dunyasinda-ve-yaxin-serqde-ilk-elektron-musiqi-aletidir\/\" alt=\"Haz\u0131rda Zahid m\u00fc\u0259llimin Az\u0259rbaycanda ixtira etdiyi &#8216;O\u011fuz&#8217; al\u0259ti, b\u00fct\u00fcn t\u00fcrk d\u00fcnyas\u0131nda v\u0259 yax\u0131n \u015f\u0259rqd\u0259 ilk elektron musiqi al\u0259tidir\" class=\"wp-image-79440\"\/><figcaption>\n    Haz\u0131rda Zahid m\u00fc\u0259llimin Az\u0259rbaycanda ixtira etdiyi &#8216;O\u011fuz&#8217; al\u0259ti, b\u00fct\u00fcn t\u00fcrk d\u00fcnyas\u0131nda v\u0259 yax\u0131n \u015f\u0259rqd\u0259 ilk elektron musiqi al\u0259tidir<br \/>\n  <\/figcaption><\/figure>\n<figure class=\"wp-block-image size-large\">\n  <img decoding=\"async\" src=\"https:\/\/www.meydan.tv\/az\/oten-esrin-80-ci-illerinde-aletin-ilk-numunesini-yaradan-zahid-muellim-dunyada-bu-qeder-ses-imkanina-sahib-olan-basqa-bir-elektrogitaranin-olmadigini-deyir\/\" alt=\"\u00d6t\u0259n \u0259srin 80-ci ill\u0259rind\u0259 al\u0259tin ilk n\u00fcmun\u0259sini yaradan Zahid m\u00fc\u0259llim, d\u00fcnyada bu q\u0259d\u0259r s\u0259s imkan\u0131na sahib olan ba\u015fqa bir elektrogitaran\u0131n olmad\u0131\u011f\u0131n\u0131 deyir\" class=\"wp-image-79437\"\/><figcaption>\n    \u00d6t\u0259n \u0259srin 80-ci ill\u0259rind\u0259 al\u0259tin ilk n\u00fcmun\u0259sini yaradan Zahid m\u00fc\u0259llim, d\u00fcnyada bu q\u0259d\u0259r s\u0259s imkan\u0131na sahib olan ba\u015fqa bir elektrogitaran\u0131n olmad\u0131\u011f\u0131n\u0131 deyir<br \/>\n  <\/figcaption><\/figure><\/p>\n","protected":false},"excerpt":{"rendered":"<p>Zahid Mustafayev ixtisasca radiotexnik olsa da, daha \u00e7ox x\u00fcsusi bir musiqi al\u0259tinin ixtira\u00e7\u0131s\u0131 kimi tan\u0131n\u0131r<\/p>\n","protected":false},"author":11,"featured_media":79431,"comment_status":"closed","ping_status":"open","sticky":false,"template":"","format":"standard","meta":{"_acf_changed":false,"_sitemap_exclude":false,"_sitemap_priority":"","_sitemap_frequency":"","footnotes":""},"categories":[58],"tags":[],"class_list":["post-182611","post","type-post","status-publish","format-standard","has-post-thumbnail","hentry","category-fotoreportaj","infinite-scroll-item","generate-columns","tablet-grid-50","mobile-grid-100","grid-parent","grid-33","no-featured-image-padding"],"acf":[],"yoast_head":"<!-- This site is optimized with the Yoast SEO plugin v27.4 - https:\/\/yoast.com\/product\/yoast-seo-wordpress\/ -->\n<title>Musiqi al\u0259tinin ixtira\u00e7\u0131s\u0131 - MEYDAN.TV<\/title>\n<meta name=\"robots\" content=\"index, follow, max-snippet:-1, max-image-preview:large, max-video-preview:-1\" \/>\n<link rel=\"canonical\" href=\"https:\/\/www.meydan.tv\/az\/article\/musiqi-aletinin-ixtiracisi\/\" \/>\n<meta property=\"og:locale\" content=\"az_AZ\" \/>\n<meta property=\"og:type\" content=\"article\" \/>\n<meta property=\"og:title\" content=\"Musiqi al\u0259tinin ixtira\u00e7\u0131s\u0131 - MEYDAN.TV\" \/>\n<meta property=\"og:description\" content=\"Zahid Mustafayev ixtisasca radiotexnik olsa da, daha \u00e7ox x\u00fcsusi bir musiqi al\u0259tinin ixtira\u00e7\u0131s\u0131 kimi tan\u0131n\u0131r\" \/>\n<meta property=\"og:url\" content=\"https:\/\/www.meydan.tv\/az\/article\/musiqi-aletinin-ixtiracisi\/\" \/>\n<meta property=\"og:site_name\" content=\"MEYDAN.TV\" \/>\n<meta property=\"article:published_time\" content=\"2017-02-17T16:49:41+00:00\" \/>\n<meta property=\"article:modified_time\" content=\"2021-10-29T12:12:22+00:00\" \/>\n<meta property=\"og:image\" content=\"https:\/\/www.meydan.tv\/wp-content\/uploads\/30957.jpg\" \/>\n\t<meta property=\"og:image:width\" content=\"2500\" \/>\n\t<meta property=\"og:image:height\" content=\"1667\" \/>\n\t<meta property=\"og:image:type\" content=\"image\/jpeg\" \/>\n<meta name=\"author\" content=\"user-manager\" \/>\n<meta name=\"twitter:card\" content=\"summary_large_image\" \/>\n<script type=\"application\/ld+json\" class=\"yoast-schema-graph\">{\"@context\":\"https:\\\/\\\/schema.org\",\"@graph\":[{\"@type\":\"Article\",\"@id\":\"https:\\\/\\\/www.meydan.tv\\\/az\\\/article\\\/musiqi-aletinin-ixtiracisi\\\/#article\",\"isPartOf\":{\"@id\":\"https:\\\/\\\/www.meydan.tv\\\/az\\\/article\\\/musiqi-aletinin-ixtiracisi\\\/\"},\"author\":{\"name\":\"user-manager\",\"@id\":\"https:\\\/\\\/www.meydan.tv\\\/az\\\/#\\\/schema\\\/person\\\/10d11eccf6da3662cf5fdab9806ea91a\"},\"headline\":\"Musiqi al\u0259tinin ixtira\u00e7\u0131s\u0131\",\"datePublished\":\"2017-02-17T16:49:41+00:00\",\"dateModified\":\"2021-10-29T12:12:22+00:00\",\"mainEntityOfPage\":{\"@id\":\"https:\\\/\\\/www.meydan.tv\\\/az\\\/article\\\/musiqi-aletinin-ixtiracisi\\\/\"},\"wordCount\":533,\"publisher\":{\"@id\":\"https:\\\/\\\/www.meydan.tv\\\/az\\\/#organization\"},\"image\":{\"@id\":\"https:\\\/\\\/www.meydan.tv\\\/az\\\/article\\\/musiqi-aletinin-ixtiracisi\\\/#primaryimage\"},\"thumbnailUrl\":\"https:\\\/\\\/www.meydan.tv\\\/wp-content\\\/uploads\\\/30957.jpg\",\"articleSection\":[\"Fotoreportaj\"],\"inLanguage\":\"az\"},{\"@type\":\"WebPage\",\"@id\":\"https:\\\/\\\/www.meydan.tv\\\/az\\\/article\\\/musiqi-aletinin-ixtiracisi\\\/\",\"url\":\"https:\\\/\\\/www.meydan.tv\\\/az\\\/article\\\/musiqi-aletinin-ixtiracisi\\\/\",\"name\":\"Musiqi al\u0259tinin ixtira\u00e7\u0131s\u0131 - MEYDAN.TV\",\"isPartOf\":{\"@id\":\"https:\\\/\\\/www.meydan.tv\\\/az\\\/#website\"},\"primaryImageOfPage\":{\"@id\":\"https:\\\/\\\/www.meydan.tv\\\/az\\\/article\\\/musiqi-aletinin-ixtiracisi\\\/#primaryimage\"},\"image\":{\"@id\":\"https:\\\/\\\/www.meydan.tv\\\/az\\\/article\\\/musiqi-aletinin-ixtiracisi\\\/#primaryimage\"},\"thumbnailUrl\":\"https:\\\/\\\/www.meydan.tv\\\/wp-content\\\/uploads\\\/30957.jpg\",\"datePublished\":\"2017-02-17T16:49:41+00:00\",\"dateModified\":\"2021-10-29T12:12:22+00:00\",\"breadcrumb\":{\"@id\":\"https:\\\/\\\/www.meydan.tv\\\/az\\\/article\\\/musiqi-aletinin-ixtiracisi\\\/#breadcrumb\"},\"inLanguage\":\"az\",\"potentialAction\":[{\"@type\":\"ReadAction\",\"target\":[\"https:\\\/\\\/www.meydan.tv\\\/az\\\/article\\\/musiqi-aletinin-ixtiracisi\\\/\"]}]},{\"@type\":\"ImageObject\",\"inLanguage\":\"az\",\"@id\":\"https:\\\/\\\/www.meydan.tv\\\/az\\\/article\\\/musiqi-aletinin-ixtiracisi\\\/#primaryimage\",\"url\":\"https:\\\/\\\/www.meydan.tv\\\/wp-content\\\/uploads\\\/30957.jpg\",\"contentUrl\":\"https:\\\/\\\/www.meydan.tv\\\/wp-content\\\/uploads\\\/30957.jpg\",\"width\":2500,\"height\":1667,\"caption\":\"Source:\"},{\"@type\":\"BreadcrumbList\",\"@id\":\"https:\\\/\\\/www.meydan.tv\\\/az\\\/article\\\/musiqi-aletinin-ixtiracisi\\\/#breadcrumb\",\"itemListElement\":[{\"@type\":\"ListItem\",\"position\":1,\"name\":\"Ana s\u0259hif\u0259\",\"item\":\"https:\\\/\\\/www.meydan.tv\\\/az\\\/\"},{\"@type\":\"ListItem\",\"position\":2,\"name\":\"Fotoreportaj\",\"item\":\"https:\\\/\\\/www.meydan.tv\\\/az\\\/section\\\/fotoreportaj\\\/\"},{\"@type\":\"ListItem\",\"position\":3,\"name\":\"Musiqi al\u0259tinin ixtira\u00e7\u0131s\u0131\"}]},{\"@type\":\"WebSite\",\"@id\":\"https:\\\/\\\/www.meydan.tv\\\/az\\\/#website\",\"url\":\"https:\\\/\\\/www.meydan.tv\\\/az\\\/\",\"name\":\"MEYDAN.TV\",\"description\":\"Meydan TV Az\u0259rbaycan\u0131n media m\u0259kan\u0131ndak\u0131 alternativ s\u0259sidir\",\"publisher\":{\"@id\":\"https:\\\/\\\/www.meydan.tv\\\/az\\\/#organization\"},\"potentialAction\":[{\"@type\":\"SearchAction\",\"target\":{\"@type\":\"EntryPoint\",\"urlTemplate\":\"https:\\\/\\\/www.meydan.tv\\\/az\\\/?s={search_term_string}\"},\"query-input\":{\"@type\":\"PropertyValueSpecification\",\"valueRequired\":true,\"valueName\":\"search_term_string\"}}],\"inLanguage\":\"az\"},{\"@type\":\"Organization\",\"@id\":\"https:\\\/\\\/www.meydan.tv\\\/az\\\/#organization\",\"name\":\"Meydan TV\",\"url\":\"https:\\\/\\\/www.meydan.tv\\\/az\\\/\",\"logo\":{\"@type\":\"ImageObject\",\"inLanguage\":\"az\",\"@id\":\"https:\\\/\\\/www.meydan.tv\\\/az\\\/#\\\/schema\\\/logo\\\/image\\\/\",\"url\":\"https:\\\/\\\/www.meydan.tv\\\/wp-content\\\/uploads\\\/2021\\\/07\\\/meydan-logo.svg\",\"contentUrl\":\"https:\\\/\\\/www.meydan.tv\\\/wp-content\\\/uploads\\\/2021\\\/07\\\/meydan-logo.svg\",\"width\":195,\"height\":46,\"caption\":\"Meydan TV\"},\"image\":{\"@id\":\"https:\\\/\\\/www.meydan.tv\\\/az\\\/#\\\/schema\\\/logo\\\/image\\\/\"}},{\"@type\":\"Person\",\"@id\":\"https:\\\/\\\/www.meydan.tv\\\/az\\\/#\\\/schema\\\/person\\\/10d11eccf6da3662cf5fdab9806ea91a\",\"name\":\"user-manager\"}]}<\/script>\n<!-- \/ Yoast SEO plugin. -->","yoast_head_json":{"title":"Musiqi al\u0259tinin ixtira\u00e7\u0131s\u0131 - MEYDAN.TV","robots":{"index":"index","follow":"follow","max-snippet":"max-snippet:-1","max-image-preview":"max-image-preview:large","max-video-preview":"max-video-preview:-1"},"canonical":"https:\/\/www.meydan.tv\/az\/article\/musiqi-aletinin-ixtiracisi\/","og_locale":"az_AZ","og_type":"article","og_title":"Musiqi al\u0259tinin ixtira\u00e7\u0131s\u0131 - MEYDAN.TV","og_description":"Zahid Mustafayev ixtisasca radiotexnik olsa da, daha \u00e7ox x\u00fcsusi bir musiqi al\u0259tinin ixtira\u00e7\u0131s\u0131 kimi tan\u0131n\u0131r","og_url":"https:\/\/www.meydan.tv\/az\/article\/musiqi-aletinin-ixtiracisi\/","og_site_name":"MEYDAN.TV","article_published_time":"2017-02-17T16:49:41+00:00","article_modified_time":"2021-10-29T12:12:22+00:00","og_image":[{"width":2500,"height":1667,"url":"https:\/\/www.meydan.tv\/wp-content\/uploads\/30957.jpg","type":"image\/jpeg"}],"author":"user-manager","twitter_card":"summary_large_image","schema":{"@context":"https:\/\/schema.org","@graph":[{"@type":"Article","@id":"https:\/\/www.meydan.tv\/az\/article\/musiqi-aletinin-ixtiracisi\/#article","isPartOf":{"@id":"https:\/\/www.meydan.tv\/az\/article\/musiqi-aletinin-ixtiracisi\/"},"author":{"name":"user-manager","@id":"https:\/\/www.meydan.tv\/az\/#\/schema\/person\/10d11eccf6da3662cf5fdab9806ea91a"},"headline":"Musiqi al\u0259tinin ixtira\u00e7\u0131s\u0131","datePublished":"2017-02-17T16:49:41+00:00","dateModified":"2021-10-29T12:12:22+00:00","mainEntityOfPage":{"@id":"https:\/\/www.meydan.tv\/az\/article\/musiqi-aletinin-ixtiracisi\/"},"wordCount":533,"publisher":{"@id":"https:\/\/www.meydan.tv\/az\/#organization"},"image":{"@id":"https:\/\/www.meydan.tv\/az\/article\/musiqi-aletinin-ixtiracisi\/#primaryimage"},"thumbnailUrl":"https:\/\/www.meydan.tv\/wp-content\/uploads\/30957.jpg","articleSection":["Fotoreportaj"],"inLanguage":"az"},{"@type":"WebPage","@id":"https:\/\/www.meydan.tv\/az\/article\/musiqi-aletinin-ixtiracisi\/","url":"https:\/\/www.meydan.tv\/az\/article\/musiqi-aletinin-ixtiracisi\/","name":"Musiqi al\u0259tinin ixtira\u00e7\u0131s\u0131 - MEYDAN.TV","isPartOf":{"@id":"https:\/\/www.meydan.tv\/az\/#website"},"primaryImageOfPage":{"@id":"https:\/\/www.meydan.tv\/az\/article\/musiqi-aletinin-ixtiracisi\/#primaryimage"},"image":{"@id":"https:\/\/www.meydan.tv\/az\/article\/musiqi-aletinin-ixtiracisi\/#primaryimage"},"thumbnailUrl":"https:\/\/www.meydan.tv\/wp-content\/uploads\/30957.jpg","datePublished":"2017-02-17T16:49:41+00:00","dateModified":"2021-10-29T12:12:22+00:00","breadcrumb":{"@id":"https:\/\/www.meydan.tv\/az\/article\/musiqi-aletinin-ixtiracisi\/#breadcrumb"},"inLanguage":"az","potentialAction":[{"@type":"ReadAction","target":["https:\/\/www.meydan.tv\/az\/article\/musiqi-aletinin-ixtiracisi\/"]}]},{"@type":"ImageObject","inLanguage":"az","@id":"https:\/\/www.meydan.tv\/az\/article\/musiqi-aletinin-ixtiracisi\/#primaryimage","url":"https:\/\/www.meydan.tv\/wp-content\/uploads\/30957.jpg","contentUrl":"https:\/\/www.meydan.tv\/wp-content\/uploads\/30957.jpg","width":2500,"height":1667,"caption":"Source:"},{"@type":"BreadcrumbList","@id":"https:\/\/www.meydan.tv\/az\/article\/musiqi-aletinin-ixtiracisi\/#breadcrumb","itemListElement":[{"@type":"ListItem","position":1,"name":"Ana s\u0259hif\u0259","item":"https:\/\/www.meydan.tv\/az\/"},{"@type":"ListItem","position":2,"name":"Fotoreportaj","item":"https:\/\/www.meydan.tv\/az\/section\/fotoreportaj\/"},{"@type":"ListItem","position":3,"name":"Musiqi al\u0259tinin ixtira\u00e7\u0131s\u0131"}]},{"@type":"WebSite","@id":"https:\/\/www.meydan.tv\/az\/#website","url":"https:\/\/www.meydan.tv\/az\/","name":"MEYDAN.TV","description":"Meydan TV Az\u0259rbaycan\u0131n media m\u0259kan\u0131ndak\u0131 alternativ s\u0259sidir","publisher":{"@id":"https:\/\/www.meydan.tv\/az\/#organization"},"potentialAction":[{"@type":"SearchAction","target":{"@type":"EntryPoint","urlTemplate":"https:\/\/www.meydan.tv\/az\/?s={search_term_string}"},"query-input":{"@type":"PropertyValueSpecification","valueRequired":true,"valueName":"search_term_string"}}],"inLanguage":"az"},{"@type":"Organization","@id":"https:\/\/www.meydan.tv\/az\/#organization","name":"Meydan TV","url":"https:\/\/www.meydan.tv\/az\/","logo":{"@type":"ImageObject","inLanguage":"az","@id":"https:\/\/www.meydan.tv\/az\/#\/schema\/logo\/image\/","url":"https:\/\/www.meydan.tv\/wp-content\/uploads\/2021\/07\/meydan-logo.svg","contentUrl":"https:\/\/www.meydan.tv\/wp-content\/uploads\/2021\/07\/meydan-logo.svg","width":195,"height":46,"caption":"Meydan TV"},"image":{"@id":"https:\/\/www.meydan.tv\/az\/#\/schema\/logo\/image\/"}},{"@type":"Person","@id":"https:\/\/www.meydan.tv\/az\/#\/schema\/person\/10d11eccf6da3662cf5fdab9806ea91a","name":"user-manager"}]}},"_links":{"self":[{"href":"https:\/\/www.meydan.tv\/az\/wp-json\/wp\/v2\/posts\/182611","targetHints":{"allow":["GET"]}}],"collection":[{"href":"https:\/\/www.meydan.tv\/az\/wp-json\/wp\/v2\/posts"}],"about":[{"href":"https:\/\/www.meydan.tv\/az\/wp-json\/wp\/v2\/types\/post"}],"author":[{"embeddable":true,"href":"https:\/\/www.meydan.tv\/az\/wp-json\/wp\/v2\/users\/11"}],"replies":[{"embeddable":true,"href":"https:\/\/www.meydan.tv\/az\/wp-json\/wp\/v2\/comments?post=182611"}],"version-history":[{"count":1,"href":"https:\/\/www.meydan.tv\/az\/wp-json\/wp\/v2\/posts\/182611\/revisions"}],"predecessor-version":[{"id":216624,"href":"https:\/\/www.meydan.tv\/az\/wp-json\/wp\/v2\/posts\/182611\/revisions\/216624"}],"wp:featuredmedia":[{"embeddable":true,"href":"https:\/\/www.meydan.tv\/az\/wp-json\/wp\/v2\/media\/79431"}],"wp:attachment":[{"href":"https:\/\/www.meydan.tv\/az\/wp-json\/wp\/v2\/media?parent=182611"}],"wp:term":[{"taxonomy":"category","embeddable":true,"href":"https:\/\/www.meydan.tv\/az\/wp-json\/wp\/v2\/categories?post=182611"},{"taxonomy":"post_tag","embeddable":true,"href":"https:\/\/www.meydan.tv\/az\/wp-json\/wp\/v2\/tags?post=182611"}],"curies":[{"name":"wp","href":"https:\/\/api.w.org\/{rel}","templated":true}]}}