{"id":182609,"date":"2017-02-17T16:39:23","date_gmt":"2017-02-17T16:39:23","guid":{"rendered":"https:\/\/www.meydan.tv\/article\/britaniyanin-ab-den-cixmasi-xezer-nefti-ve-qazinin-avropada-reqabetine-tehluke-yaradacaqmi\/"},"modified":"2017-02-17T16:39:23","modified_gmt":"2017-02-17T16:39:23","slug":"britaniyanin-ab-den-cixmasi-xezer-nefti-ve-qazinin-avropada-reqabetine-tehluke-yaradacaqmi","status":"publish","type":"post","link":"https:\/\/www.meydan.tv\/az\/article\/britaniyanin-ab-den-cixmasi-xezer-nefti-ve-qazinin-avropada-reqabetine-tehluke-yaradacaqmi\/","title":{"rendered":"Britaniyan\u0131n AB-d\u0259n \u00e7\u0131xmas\u0131 X\u0259z\u0259r nefti v\u0259 qaz\u0131n\u0131n Avropada r\u0259qab\u0259tin\u0259 t\u0259hl\u00fck\u0259 yaradacaqm\u0131?"},"content":{"rendered":"<p>\n  Yanvarda \u0130sve\u00e7r\u0259d\u0259 ke\u00e7iril\u0259n Davos forumunda Britaniyan\u0131n ba\u015f naziri Tereza Mey b\u0259yan edib ki, Birl\u0259\u015fmi\u015f Krall\u0131q Avropa Birliyini (AB) t\u0259rk etm\u0259k planlar\u0131n\u0131 davam etdir\u0259c\u0259k.\n<\/p>\n<p>\n  O, iddia edib ki, Lissabon m\u00fcqavil\u0259sinin Avropa Birliyind\u0259n \u00e7\u0131xmaq t\u0259\u015f\u0259bb\u00fcs\u00fcn\u00fc d\u0259st\u0259kl\u0259y\u0259n 50-ci madd\u0259sinin icras\u0131na mart\u0131n sonlar\u0131nda ba\u015flayacaqlar.\n<\/p>\n<p>\n  Bunun Qafqaz \u00fc\u00e7\u00fcn n\u0259 il\u0259 n\u0259tic\u0259l\u0259n\u0259c\u0259yini dem\u0259k \u00e7\u0259tindir. Britaniya Az\u0259rbaycan\u0131n \u0259n vacib t\u0259r\u0259fda\u015flar\u0131ndan biridir v\u0259 &#8220;BP&#8221; \u00f6lk\u0259nin \u0259sas enerji layih\u0259l\u0259rind\u0259 i\u015ftirak ed\u0259n apar\u0131c\u0131 \u015firk\u0259tdir.\n<\/p>\n<p>\n  2016-c\u0131 ild\u0259 Britaniyan\u0131n Az\u0259rbaycana yat\u0131rd\u0131\u011f\u0131 investisiya 23 milyard\u0131 \u00f6t\u00fcb. Britaniya AB-d\u0259n \u00e7\u0131xaca\u011f\u0131 t\u0259qdird\u0259 &#8220;BP&#8221; dig\u0259r AB \u00f6lk\u0259l\u0259rinin \u015firk\u0259tl\u0259ri \u00fc\u00e7\u00fcn g\u00fcz\u0259\u015ftli \u00fcst\u00fcnl\u00fckl\u0259rini itir\u0259c\u0259k.\n<\/p>\n<p>\n  Bel\u0259 olan halda m\u0259lum olacaq ki, Avropaya \u00e7atd\u0131r\u0131lan X\u0259z\u0259r nefti r\u0259qab\u0259t\u0259davaml\u0131 deyil. Do\u011frudur, &#8220;BP&#8221; X\u0259z\u0259r neft istehsal\u0131 konsorsiumunda 35.87 faiz paya sahibdir v\u0259 bura Britaniyadan olmayan \u015firk\u0259tl\u0259r, el\u0259c\u0259 d\u0259 Az\u0259rbaycan \u015firk\u0259tl\u0259ri d\u0259 daxildir.\n<\/p>\n<p>\n  Neft istehsal ed\u0259n \u00f6lk\u0259l\u0259rin bu v\u0259ziyy\u0259td\u0259n istifad\u0259 ed\u0259c\u0259yini v\u0259 bazarlar\u0131n\u0131 geni\u015fl\u0259ndir\u0259c\u0259yini ehtimal ed\u0259 bil\u0259rik. Bunlar Yax\u0131n \u015e\u0259rq \u00f6lk\u0259l\u0259ri, Liviya v\u0259 Nigeriya, yaxud da Norve\u00e7 ola bil\u0259r. Buna g\u00f6r\u0259 d\u0259, &#8220;Brexit&#8221;l\u0259 (Britaniyan\u0131n AB-d\u0259n \u00e7\u0131xmas\u0131) ba\u011fl\u0131 olan prosesl\u0259r Az\u0259rbaycan \u00fc\u00e7\u00fcn x\u00fcsusi \u0259h\u0259miyy\u0259t k\u0259sb edir.\n<\/p>\n<p>\n  Referendumdan sonrak\u0131 m\u00fcdd\u0259t \u0259rzind\u0259 Britaniyada x\u00fcsusi d\u0259yi\u015fiklik ba\u015f verm\u0259yib. Yegan\u0259 ciddi n\u0259tic\u0259 referendum elan olunandan bir ne\u00e7\u0259 saniy\u0259 sonra funtun d\u0259y\u0259rinin son 30 ild\u0259 minimum h\u0259dd\u0259 d\u00fc\u015fm\u0259si oldu \u2013 754 b\u0259nd.\n<\/p>\n<p>\n  Ticar\u0259tl\u0259 m\u0259\u015f\u011ful olanlar t\u0259l\u0259s\u0259r\u0259k \u0259ll\u0259rind\u0259 olan pulu \u00f6z valyutalar\u0131na &#8211; AB\u015e dollar\u0131, Yaponiya yeni v\u0259 \u0130sve\u00e7 frank\u0131na \u00e7evirdil\u0259r. \u0130lk d\u0259qiq\u0259l\u0259rd\u0259 Britaniyan\u0131n \u0259sas indeksi olan &#8220;FTSE 100&#8221; 530 b\u0259nd\u0259d\u0259k d\u00fc\u015fd\u00fc. Bu, 120 milyad funtun itm\u0259si il\u0259 n\u0259tic\u0259l\u0259ndi.\n<\/p>\n<p>\n  Britaniyan\u0131n referendumun n\u0259tic\u0259l\u0259rini realla\u015fd\u0131rmaq \u00fc\u00e7\u00fcn praktik add\u0131mlar atanda \u00e7\u0259tinlikl\u0259rl\u0259 qar\u015f\u0131la\u015faca\u011f\u0131 ayd\u0131n idi v\u0259 proses ancaq funtun m\u0259z\u0259nn\u0259sinin d\u00fc\u015fm\u0259si il\u0259 m\u0259hdudla\u015fmayacaq.\n<\/p>\n<p>\n  Maliyy\u0259 naziri Jorj Osborn &#8220;Brexit&#8221;in n\u0259tic\u0259si olaraq \u00f6lk\u0259nin iqtisadiyyat\u0131nda eni\u015f m\u00fc\u015fahid\u0259 olunaca\u011f\u0131na dair x\u0259b\u0259rdarl\u0131q etmi\u015fdi, o, d\u00f6vl\u0259t x\u0259rcl\u0259rini 15 milyard dollarad\u0259k azaltma\u011f\u0131, vergil\u0259ri is\u0259 bir o q\u0259d\u0259r art\u0131rma\u011f\u0131 t\u0259klif etmi\u015fdi.\n<\/p>\n<p>\n  \u0130ngilt\u0259r\u0259 Bank\u0131n\u0131n r\u0259hb\u0259ri Mark Karni is\u0259 bildirmi\u015fdi ki, &#8220;h\u0259&#8221; cavab\u0131 b\u00f6hranla n\u0259tic\u0259l\u0259n\u0259 bil\u0259r, bunun \u00f6ht\u0259sind\u0259n g\u0259lm\u0259k \u00fc\u00e7\u00fcn is\u0259 funtun d\u0259y\u0259rini z\u0259ifl\u0259tm\u0259k t\u0259l\u0259b oluna bil\u0259r. H\u0259qiq\u0259t\u0259n d\u0259 \u0130ngilt\u0259r\u0259 Bank\u0131 2009-cu ild\u0259n b\u0259ri d\u0259yi\u015fm\u0259y\u0259n u\u00e7ot d\u0259r\u0259c\u0259sini iki d\u0259f\u0259 a\u015fa\u011f\u0131 sald\u0131.\n<\/p>\n<p>\n  Britaniyada veril\u0259n kreditl\u0259r m\u0259rk\u0259zi bank\u0131n d\u0259r\u0259c\u0259l\u0259rin\u0259 ba\u011fl\u0131 oldu\u011fundan, u\u00e7ot d\u0259r\u0259c\u0259l\u0259ri dig\u0259r banklarda da a\u015fa\u011f\u0131 d\u00fc\u015fd\u00fc, buna uy\u011fun olaraq g\u0259lirl\u0259r d\u0259 azald\u0131. D\u00fczd\u00fcr, Karni b\u0259yan etdi ki, banklara \u0259lav\u0259 d\u00f6rdd\u0259 bir trilyon funt ayr\u0131lacaq v\u0259 Maliyy\u0259 Siyas\u0259ti Komit\u0259si maliyy\u0259 stabilliyini t\u0259min etm\u0259k \u00fc\u00e7\u00fcn 150 milyard funt buraxaraq banklar \u00fc\u00e7\u00fcn kapital t\u0259l\u0259bl\u0259rini a\u015fa\u011f\u0131 sald\u0131.\n<\/p>\n<p>\n  Banklar Britaniya iqtisadiyyat\u0131n\u0131n \u0259sas\u0131n\u0131 t\u0259\u015fkil edir. \u00dcmumi daxili m\u0259hsulun (\u00dcDM) b\u00f6y\u00fck hiss\u0259sini bank xidm\u0259ti sektoru, s\u0131\u011forta, investisiya v\u0259 auditd\u0259n g\u0259l\u0259n g\u0259lirl\u0259r t\u0259\u015fkil edir. Londonda t\u0259kc\u0259 bu sektor Avropa \u015firk\u0259tl\u0259rini 1,3 milyard avro kreditl\u0259 t\u0259min edir. Bu m\u0259bl\u0259\u011fin 70 faizi Britaniyadan v\u0259 Londonda filiallar\u0131 olan xarici banklardan \u0259ld\u0259 olunur.\n<\/p>\n<figure class=\"wp-block-image size-large\">\n  <img decoding=\"async\" src=\"https:\/\/www.meydan.tv\/az\/79173\/\" alt=\"\" class=\"wp-image-79173\"\/><figcaption><\/figcaption><\/figure>\n<p>\n  Avropa Birliyind\u0259 f\u0259aliyy\u0259t g\u00f6st\u0259rm\u0259k \u00fc\u00e7\u00fcn ist\u0259nil\u0259n AB \u00f6lk\u0259sinin lisenziyas\u0131n\u0131n olmas\u0131 kifay\u0259t edir. AB-d\u0259 f\u0259aliyy\u0259t g\u00f6sr\u0259t\u0259n xarici bank lisenziya al\u0131r v\u0259 h\u0259r bir \u00fczv \u00f6lk\u0259nin \u0259rasizind\u0259 filiallar\u0131n\u0131 a\u00e7\u0131r. AB-d\u0259n \u00e7\u0131xanda is\u0259 Britaniya banklar\u0131 qeyri-na\u011fd pul k\u00f6\u00e7\u00fcrm\u0259 \u0259m\u0259liyyatlar\u0131 apara bilm\u0259y\u0259c\u0259kl\u0259rind\u0259n m\u00fc\u015ft\u0259ril\u0259rini itir\u0259c\u0259kl\u0259r.\n<\/p>\n<p>\n  \u015eotlandiyan\u0131n &#8220;Royal&#8221; Bank\u0131 2016-c\u0131 ilin ilk alt\u0131 ay\u0131 \u0259rzind\u0259 2.04 milyard funt itirib. &#8220;HSBC&#8221;-nin g\u0259lirl\u0259ri 7.3 milyard funtad\u0259k azal\u0131b v\u0259 h\u0259tta referendumdan \u0259vv\u0259l bank\u0131n r\u0259hb\u0259rliyi b\u0259yan etmi\u015fdi ki, &#8220;Brexit&#8221; ba\u015f tutsa, i\u015f\u00e7il\u0259rini \u0130ngilt\u0259r\u0259d\u0259 bank f\u0259aliyy\u0259tl\u0259rind\u0259n \u0259ld\u0259 edil\u0259n m\u0259nf\u0259\u0259tin be\u015fd\u0259 birini t\u0259min ed\u0259n Paris\u0259 transfer ed\u0259c\u0259kl\u0259r.\n<\/p>\n<p>\n  &#8220;Barclay&#8221;\u0131n g\u0259lirl\u0259ri 21 faiz\u0259d\u0259k azal\u0131b. Bundan ba\u015fqa, Avropan\u0131n \u0259sas maliyy\u0259 m\u0259rk\u0259zi olan London birjas\u0131 \u00f6z \u015f\u0259r\u0259fli v\u0259 g\u0259lirli ad\u0131n\u0131 itir\u0259 bil\u0259r. B\u00fct\u00f6vl\u00fckd\u0259 is\u0259, &#8220;Deutsche Bank&#8221;\u0131n ekspertl\u0259ri AB-d\u0259n \u00e7\u0131xaca\u011f\u0131 t\u0259qdird\u0259 B\u00f6y\u00fck Britaniyan\u0131n qar\u015f\u0131dak\u0131 on ild\u0259 \u00fcmumi daxili m\u0259hsulunun 9.5 faiz\u0259d\u0259k azalaca\u011f\u0131n\u0131 istisna etmirl\u0259r.\n<\/p>\n<p>\n  AB \u00f6lk\u0259l\u0259ri il\u0259 B\u00f6y\u00fck Britaniya aras\u0131nda 50 illik bir raz\u0131la\u015fmaya ya yenid\u0259n bax\u0131lacaq, ya da bu raz\u0131la\u015fma l\u0259\u011fv olunacaq. Bu, q\u0131sa m\u00fcdd\u0259t \u0259rzind\u0259 ba\u015f verm\u0259y\u0259c\u0259k, ancaq banklar\u0131n liderliyini itir\u0259c\u0259yi qa\u00e7\u0131lmazd\u0131r, daha \u00e7ox da Britaniya maliyy\u0259\u00e7il\u0259ri AB-nin azad pasport rejimind\u0259n yararlana bilm\u0259y\u0259c\u0259kl\u0259r. Do\u011frudur, hans\u0131sa bank h\u0259l\u0259 Britaniyan\u0131 t\u0259rk ed\u0259c\u0259yini b\u0259yan etm\u0259yib. Onlar h\u0259l\u0259 &#8220;Brexit&#8221;in h\u0259yata ke\u00e7irilib-ke\u00e7irilm\u0259y\u0259c\u0259yini g\u00f6zl\u0259yirl\u0259r.\n<\/p>\n<p>\n  Britaniya m\u0259hsulunun 44 faizini AB-y\u0259 ixrac edir v\u0259 idxal\u0131n\u0131n 53 faizi AB-d\u0259n g\u0259lir. H\u0259m xarici, h\u0259m d\u0259 Britaniyan\u0131n yerli \u015firk\u0259tl\u0259ri \u00fc\u00e7\u00fcn 500 milyon n\u0259f\u0259rlik bazara malik AB-\u0259 \u00e7\u0131x\u0131\u015f\u0131 t\u0259min etm\u0259k vacibdir. Amma bu, h\u0259m d\u0259 d\u00f6rd sah\u0259d\u0259 &#8211; m\u0259hsullar\u0131n mane\u0259siz gedi\u015fi, kapital, \u0259m\u0259k q\u00fcvv\u0259si v\u0259 xim\u0259tl\u0259 ba\u011fl\u0131 azadl\u0131qlar\u0131n m\u00fc\u015fahid\u0259sin\u0259 yol a\u00e7acaq. \u018flb\u0259tt\u0259 ki, Britaniyan\u0131n yar\u0131s\u0131n\u0131n etiraz etdiyi miqrantlar\u0131n q\u0259buluna da.<br \/>\n  <br \/>\n  2016-c\u0131 ild\u0259 \u00f6lk\u0259d\u0259 \u0259n az\u0131 3 milyon i\u015f\u00e7i \u00e7al\u0131\u015f\u0131rd\u0131. Onlar\u0131n d\u00fcz yar\u0131s\u0131 pol\u015fal\u0131, irlandiyal\u0131, litval\u0131, frans\u0131z, slovak v\u0259 rum\u0131n olub. \u00d6z n\u00f6vb\u0259sind\u0259, AB \u00f6lk\u0259l\u0259rind\u0259 ya\u015fayan 2 milyondan art\u0131q Britaniya v\u0259t\u0259nda\u015f\u0131 \u0259cn\u0259biy\u0259 \u00e7evril\u0259c\u0259k.\n<\/p>\n<p>\n  Onlar \u0259m\u0259k f\u0259aliyy\u0259ti \u00fc\u00e7\u00fcn icaz\u0259 almal\u0131 olacaqlar v\u0259 \u0259vv\u0259ll\u0259r AB \u00fczvl\u00fcy\u00fc \u00fc\u00e7\u00fcn t\u0259l\u0259b olunmayan s\u0259n\u0259dl\u0259ri b\u00f6lg\u0259l\u0259rin qanunvericiliyin\u0259 uy\u011fun olaraq t\u0259min etm\u0259li olacaqlar.\n<\/p>\n<p>\n  Proqnozla\u015fd\u0131r\u0131lan n\u0259tic\u0259l\u0259rd\u0259n biri d\u0259 investorlar\u0131n g\u0259l\u0259c\u0259k ticar\u0259t \u0259laq\u0259l\u0259rinin ayd\u0131n olmayan statusu s\u0259b\u0259bind\u0259n Birl\u0259\u015fmi\u015f Krall\u0131\u011f t\u0259rk etm\u0259yi olacaq. Eyni zamanda art\u0131q 2016-c\u0131 ilin ilk \u00fc\u00e7 ay\u0131nda xarici ticar\u0259t d\u00f6vriyy\u0259sind\u0259 34, 7 milyard funt k\u0259sir qeyd\u0259 al\u0131n\u0131b, bunun da 4 milyard funtu AB-nin pay\u0131na d\u00fc\u015f\u00fcr.\n<\/p>\n<p>\n  Ayr\u0131ld\u0131qdan sonra AB \u00f6lk\u0259l\u0259ri il\u0259 ticar\u0259t D\u00fcnya Ticar\u0259t T\u0259\u015fkilat\u0131n\u0131n qaydalar\u0131na uy\u011fun olaraq y\u00fcks\u0259k vergi v\u0259 g\u00f6mr\u00fck x\u0259rcl\u0259ri Britaniyada h\u0259m idxal, h\u0259m d\u0259 ixrac \u00fc\u00e7\u00fcn effektli olmayacaq, bu is\u0259 \u00f6z n\u00f6vb\u0259sind\u0259 orta hesabla 20 faiz qiym\u0259t art\u0131m\u0131na s\u0259b\u0259b olacaq.\n<\/p>\n<p>\n  Ticar\u0259t sah\u0259sind\u0259 qeyri-m\u00fc\u0259yy\u0259nlik siyas\u0259td\u0259 d\u0259 stabilliyin pozulmas\u0131na apar\u0131b \u00e7\u0131xar\u0131b. 33.5 milyon n\u0259f\u0259rin 51. 9 faizi se\u00e7ki m\u0259nt\u0259q\u0259l\u0259rin\u0259 g\u0259l\u0259r\u0259k AB-d\u0259n \u00e7\u0131xmaq \u00fc\u00e7\u00fcn s\u0259s verib v\u0259 n\u0259tic\u0259d\u0259 ayr\u0131lmaq ist\u0259y\u0259nl\u0259r 1.26 milyon s\u0259sl\u0259 qalib g\u0259libl\u0259r. Britaniya siyasi sistemi ciddi \u015f\u0259kild\u0259 q\u0131c oldu v\u0259 ba\u015f nazir d\u0259rhal istefa verdi.\n<\/p>\n<p>\n  Lordlar Palatas\u0131ndan f\u0259rqli olaraq daha \u00e7ox t\u0259sir imkanlar\u0131na malik N\u00fcmay\u0259nd\u0259l\u0259r Palatas\u0131 \u00fcmumi s\u0259sverm\u0259 il\u0259 se\u00e7ilir v\u0259 bu Palata AB-d\u0259n \u00e7\u0131xmaq ist\u0259y\u0259nl\u0259rin \u0259lehdarlar\u0131 il\u0259 doludur (650 deputatdan 454-\u00fc Britaniyan\u0131n AB-d\u0259n \u00e7\u0131xmas\u0131n\u0131n \u0259leyhin\u0259dir).\n<\/p>\n<p>\n  \u0130ngilt\u0259r\u0259 inqilab\u0131ndan b\u0259ri \u00f6lk\u0259 he\u00e7 vaxt bu formada b\u00f6l\u00fcnm\u0259yib, bel\u0259 ki, m\u0259s\u0259l\u0259 \u0259razi probleml\u0259rin\u0259 d\u0259 yol a\u00e7\u0131b. 2014-c\u00fc ild\u0259 \u015eotlandiyada ke\u00e7iril\u0259n referendum zaman\u0131 \u0259ks\u0259riyy\u0259t AB \u00fczvl\u00fcy\u00fcn\u00fcn saxlanmas\u0131n\u0131n \u0259v\u0259zind\u0259 B\u00f6y\u00fck Britaniyan\u0131n t\u0259rkibind\u0259 qalma\u011fa s\u0259s vermi\u015fdi. \u015eotlandiyan\u0131n birinci ba\u015f naziri Nikola Sterdjen &#8220;Brexit&#8221; realla\u015faca\u011f\u0131 t\u0259qdird\u0259 \u015eotlandiyan\u0131n yeni referendum elan ed\u0259c\u0259yini b\u0259yan edib, bu d\u0259f\u0259 ayr\u0131lmaq ist\u0259y\u0259nl\u0259r \u015eotlandiyan\u0131n g\u0259l\u0259c\u0259yini AB-nin bir hiss\u0259si olmaqda g\u00f6r\u0259r\u0259k q\u0259l\u0259b\u0259 \u00e7alacaqlar\u0131na \u0259min olduqlar\u0131n\u0131 bildirirl\u0259r.\n<\/p>\n<p>\n  Olsterd\u0259 katolikl\u0259rl\u0259 protestantlar aras\u0131nda konflikt 20 il \u0259vv\u0259l \u00e7\u0259tinlikl\u0259 yoluna qoyulmu\u015fdu, deyirdil\u0259r ki, \u015eimali \u0130rlandiyan\u0131n \u0130rlandiyaya qo\u015fulmas\u0131 \u00fc\u00e7\u00fcn referendum ke\u00e7irm\u0259y\u0259 icaz\u0259 verilm\u0259lidir.\n<\/p>\n<p>\n  Zaman-zaman \u0130spaniya il\u0259 Birl\u0259\u015fmi\u015f Krall\u0131q aras\u0131nda Britaniyan\u0131n \u00f6z koloniyas\u0131 hesab etdiyi C\u0259b\u0259ll\u00fctariq bo\u011faz\u0131na g\u00f6r\u0259 konflikt alovlan\u0131b. Birl\u0259\u015fmi\u015f Krall\u0131\u011f\u0131n AB-d\u0259n \u00e7\u0131xmas\u0131 \u0130spaniyaya yenid\u0259n bu sual\u0131 qald\u0131rma\u011fa imkan yaradacaq v\u0259 m\u0259s\u0259l\u0259 AB \u00e7\u0259r\u00e7iv\u0259sind\u0259 yox, Londonla Madrid aras\u0131nda dan\u0131\u015f\u0131qlar\u0131n m\u00f6vzusuna \u00e7evril\u0259c\u0259k.\n<\/p>\n<p>\n  B\u00fct\u00fcn bu probleml\u0259rin y\u00fck\u00fc 59 ya\u015fl\u0131 yeni ba\u015f nazir Treza Meyin \u00e7iyinl\u0259rin\u0259 qoyulub. O, Marqaret Tet\u00e7erd\u0259n sonra \u00f6lk\u0259nin tarixind\u0259 ikinci qad\u0131n ba\u015f nazirdir, \u00fcz\u00fcn m\u00fcdd\u0259t bank sektorunda \u00e7al\u0131\u015f\u0131b, h\u0259yat yolda\u015f\u0131 investor bankir v\u0259 Amerikan\u0131n &#8220;Capital&#8221; \u015firk\u0259tl\u0259r qrupunun i\u015f\u00e7isidir.\n<\/p>\n<p>\n  Tereza Mey h\u0259l\u0259 \u00f6lk\u0259nin daxili i\u015fl\u0259r naziri olanda AB-d\u0259n \u00e7\u0131xma\u011fa etiraz edib. Amma yeni kabinetin d\u00fc\u015fd\u00fcy\u00fc \u00e7\u0259tinlik ondad\u0131r ki, AB-d\u0259n \u00e7\u0131xmaq b\u00f6y\u00fck probleml\u0259r\u0259 yol a\u00e7acaq, amma Birl\u0259\u015fmi\u015f Krall\u0131q AB-nin t\u0259rkibind\u0259 qalsa, bu , insanlar\u0131n irad\u0259sini he\u00e7\u0259 saymaq olacaq.\n<\/p>\n<p>\n  Do\u011frudur, &#8220;Brexit&#8221; AB \u00fc\u00e7\u00fcn d\u0259 kifay\u0259t q\u0259d\u0259r a\u011fr\u0131l\u0131 olacaq. Amma ekspertl\u0259r hesab edi ki, Britaniyan\u0131n AB-d\u0259n \u00e7\u0131xmaqla ba\u011fl\u0131 ke\u00e7irdiyi referendum Avropa \u00fc\u00e7\u00fcn h\u0259m d\u0259 s\u0259rf\u0259li olacaq.\n<\/p>\n<p>\n  AB \u00f6lk\u0259l\u0259ri investor v\u0259 kapital c\u0259lb ed\u0259c\u0259k. Britaniyada h\u0259l\u0259 \u00e7\u0131x\u0131\u015f q\u0259rar\u0131n\u0131 t\u0259tbiq etm\u0259s\u0259 d\u0259 Avrozonan\u0131n dig\u0259r \u00f6lk\u0259l\u0259rinin g\u0259lirl\u0259rind\u0259 art\u0131m m\u00fc\u015fahid\u0259 olunub.\n<\/p>\n<p>\n  Do\u011frudur, Birl\u0259\u015fmi\u015f Krall\u0131\u011f\u0131n say\u0259sind\u0259 AB-nin BMT T\u0259hl\u00fck\u0259sizlik \u015euras\u0131nda iki n\u00fcmay\u0259nd\u0259si var (Fransa il\u0259 birlikd\u0259). Bundan ba\u015fqa, Birl\u0259\u015fmi\u015f Krall\u0131q Avropan\u0131n iki \u0259sas h\u0259rbi g\u00fcc d\u00f6vl\u0259tind\u0259n biridir. Avropa Birliyi bunlardan m\u0259hrum olacaq. H\u0259qiq\u0259t\u0259n d\u0259, ayr\u0131lma dal\u011fas\u0131 Avropaya etimads\u0131zl\u0131q m\u00fcnasib\u0259ti olan dig\u0259r \u00f6lk\u0259l\u0259r\u0259 d\u0259 s\u0131\u00e7raya bil\u0259r. Amma b\u00fct\u00f6vl\u00fckd\u0259 Avropa bu b\u00f6hrandan nisb\u0259t\u0259n a\u011fr\u0131s\u0131z da \u00e7\u0131xa bil\u0259r.\n<\/p>\n<p>\n  Birl\u0259\u015fmi\u015f Krall\u0131q Norve\u00e7in ba\u015flad\u0131\u011f\u0131 yolla ged\u0259 bil\u0259r. Norve\u00e7 Avropa \u0130qtisadi Zonas\u0131n\u0131n \u00fczv\u00fcd\u00fcr, amma AB-nin bir hiss\u0259si deyil. Bel\u0259 olan halda London AB qanunlar\u0131n\u0131 t\u0259tbiq etm\u0259li olacaq. \u018flav\u0259 olaraq Birl\u0259\u015fmi\u015f Krall\u0131q \u00f6z\u00fc \u00fc\u00e7\u00fcn x\u00fcsusi \u015f\u0259rtl\u0259r \u0259ld\u0259 etm\u0259k \u00fc\u00e7\u00fcn dan\u0131\u015f\u0131qlara \u00e7\u0259hd ets\u0259, ba\u015fqa \u00f6lk\u0259l\u0259r d\u0259 bunu ist\u0259y\u0259 bil\u0259rl\u0259r.\n<\/p>\n<p>\n  B\u00fct\u00fcn bunlara d\u0259y\u0259rmi?\n<\/p>\n<p>\n  Britaniya sad\u0259c\u0259 AB \u00fczv\u00fc olan 18 \u00f6lk\u0259 kimi suriyal\u0131 qa\u00e7q\u0131nlar\u0131 q\u0259bul etm\u0259kd\u0259n imtina ed\u0259 bil\u0259rdi. H\u0259min \u00f6lk\u0259l\u0259r aras\u0131nda Danimarka, \u00c7exiya, \u0130taliya, Kipr, Pol\u015fa v\u0259 Macar\u0131stan da var.\n<\/p>\n<p>\n  Amma Bir\u0259\u015fmi\u015f Krall\u0131q n\u0259tic\u0259l\u0259ri 2015-ci ild\u0259 Avrozonadan \u00e7\u0131xmaq ist\u0259y\u0259n AB opponentl\u0259ri olan Hollandiya, Fransa, Avstriya, \u0130sve\u00e7, Bel\u00e7ika, \u0130taliya, Danimarka v\u0259 Macar\u0131stan\u0131n &#8211; h\u0259l\u0259 Yunan\u0131standan dan\u0131\u015fm\u0131r\u0131q- t\u0259r\u0259find\u0259n co\u015fquyla qar\u015f\u0131lanan referendum ke\u00e7irm\u0259y\u0259 \u00fcst\u00fcnl\u00fck verdi.\n<\/p>\n<p>\n  B\u00fct\u00fcn sadalananlar Avropaya inteqrasiya istiqam\u0259tind\u0259 b\u00f6hran\u0131n g\u00f6st\u0259ricisidir. \u018flb\u0259tt\u0259, AB-d\u0259 ba\u015f ver\u0259n son hadis\u0259l\u0259r haqq\u0131nda \u00e7ox dan\u0131\u015fmaq olar. Fransesko d&#8217;Assisi d\u0259 dediyi kimi. Bu, k\u00f6hn\u0259 d\u00fcnyan\u0131n ax\u0131r\u0131n\u0131n \u00e7atmas\u0131 yox, yeni d\u00fcnyan\u0131n ba\u015flan\u011f\u0131c\u0131 dem\u0259kdir. Bunlara baxmayaraq, ist\u0259nil\u0259n b\u00f6hran potensial inki\u015faf\u0131n g\u00f6st\u0259ricisidir. Sual is\u0259 bundan ibar\u0259tdir: Avropal\u0131 siyas\u0259t\u00e7il\u0259r bu potensialdan istifad\u0259 ed\u0259 bil\u0259c\u0259kl\u0259rmi?\n<\/p>\n<\/p>\n<p>\n  <b><br \/>\n    T\u0259rc\u00fcm\u0259 etdi: Leyla Mustafayeva<br \/>\n  <\/b><\/p>\n","protected":false},"excerpt":{"rendered":"<p>Yanvarda \u0130sve\u00e7r\u0259d\u0259 ke\u00e7iril\u0259n Davos forumunda Britaniyan\u0131n ba\u015f naziri Tereza Mey b\u0259yan edib ki, Birl\u0259\u015fmi\u015f Krall\u0131q Avropa Birliyini (AB) t\u0259rk etm\u0259k planlar\u0131n\u0131 davam etdir\u0259c\u0259k.<\/p>\n","protected":false},"author":11,"featured_media":79170,"comment_status":"closed","ping_status":"open","sticky":false,"template":"","format":"standard","meta":{"_acf_changed":false,"_sitemap_exclude":false,"_sitemap_priority":"","_sitemap_frequency":"","footnotes":""},"categories":[51],"tags":[],"class_list":["post-182609","post","type-post","status-publish","format-standard","has-post-thumbnail","hentry","category-analitika","infinite-scroll-item","generate-columns","tablet-grid-50","mobile-grid-100","grid-parent","grid-33","no-featured-image-padding"],"acf":[],"yoast_head":"<!-- This site is optimized with the Yoast SEO plugin v27.4 - https:\/\/yoast.com\/product\/yoast-seo-wordpress\/ -->\n<title>Britaniyan\u0131n AB-d\u0259n \u00e7\u0131xmas\u0131 X\u0259z\u0259r nefti v\u0259 qaz\u0131n\u0131n Avropada r\u0259qab\u0259tin\u0259 t\u0259hl\u00fck\u0259 yaradacaqm\u0131? - MEYDAN.TV<\/title>\n<meta name=\"robots\" content=\"index, follow, max-snippet:-1, max-image-preview:large, max-video-preview:-1\" \/>\n<link rel=\"canonical\" href=\"https:\/\/www.meydan.tv\/az\/article\/britaniyanin-ab-den-cixmasi-xezer-nefti-ve-qazinin-avropada-reqabetine-tehluke-yaradacaqmi\/\" \/>\n<meta property=\"og:locale\" content=\"az_AZ\" \/>\n<meta property=\"og:type\" content=\"article\" \/>\n<meta property=\"og:title\" content=\"Britaniyan\u0131n AB-d\u0259n \u00e7\u0131xmas\u0131 X\u0259z\u0259r nefti v\u0259 qaz\u0131n\u0131n Avropada r\u0259qab\u0259tin\u0259 t\u0259hl\u00fck\u0259 yaradacaqm\u0131? - MEYDAN.TV\" \/>\n<meta property=\"og:description\" content=\"Yanvarda \u0130sve\u00e7r\u0259d\u0259 ke\u00e7iril\u0259n Davos forumunda Britaniyan\u0131n ba\u015f naziri Tereza Mey b\u0259yan edib ki, Birl\u0259\u015fmi\u015f Krall\u0131q Avropa Birliyini (AB) t\u0259rk etm\u0259k planlar\u0131n\u0131 davam etdir\u0259c\u0259k.\" \/>\n<meta property=\"og:url\" content=\"https:\/\/www.meydan.tv\/az\/article\/britaniyanin-ab-den-cixmasi-xezer-nefti-ve-qazinin-avropada-reqabetine-tehluke-yaradacaqmi\/\" \/>\n<meta property=\"og:site_name\" content=\"MEYDAN.TV\" \/>\n<meta property=\"article:published_time\" content=\"2017-02-17T16:39:23+00:00\" \/>\n<meta property=\"og:image\" content=\"https:\/\/www.meydan.tv\/wp-content\/uploads\/30830.jpg\" \/>\n\t<meta property=\"og:image:width\" content=\"1812\" \/>\n\t<meta property=\"og:image:height\" content=\"1049\" \/>\n\t<meta property=\"og:image:type\" content=\"image\/jpeg\" \/>\n<meta name=\"author\" content=\"user-manager\" \/>\n<meta name=\"twitter:card\" content=\"summary_large_image\" \/>\n<script type=\"application\/ld+json\" class=\"yoast-schema-graph\">{\"@context\":\"https:\\\/\\\/schema.org\",\"@graph\":[{\"@type\":\"Article\",\"@id\":\"https:\\\/\\\/www.meydan.tv\\\/az\\\/article\\\/britaniyanin-ab-den-cixmasi-xezer-nefti-ve-qazinin-avropada-reqabetine-tehluke-yaradacaqmi\\\/#article\",\"isPartOf\":{\"@id\":\"https:\\\/\\\/www.meydan.tv\\\/az\\\/article\\\/britaniyanin-ab-den-cixmasi-xezer-nefti-ve-qazinin-avropada-reqabetine-tehluke-yaradacaqmi\\\/\"},\"author\":{\"name\":\"user-manager\",\"@id\":\"https:\\\/\\\/www.meydan.tv\\\/az\\\/#\\\/schema\\\/person\\\/10d11eccf6da3662cf5fdab9806ea91a\"},\"headline\":\"Britaniyan\u0131n AB-d\u0259n \u00e7\u0131xmas\u0131 X\u0259z\u0259r nefti v\u0259 qaz\u0131n\u0131n Avropada r\u0259qab\u0259tin\u0259 t\u0259hl\u00fck\u0259 yaradacaqm\u0131?\",\"datePublished\":\"2017-02-17T16:39:23+00:00\",\"mainEntityOfPage\":{\"@id\":\"https:\\\/\\\/www.meydan.tv\\\/az\\\/article\\\/britaniyanin-ab-den-cixmasi-xezer-nefti-ve-qazinin-avropada-reqabetine-tehluke-yaradacaqmi\\\/\"},\"wordCount\":2241,\"publisher\":{\"@id\":\"https:\\\/\\\/www.meydan.tv\\\/az\\\/#organization\"},\"image\":{\"@id\":\"https:\\\/\\\/www.meydan.tv\\\/az\\\/article\\\/britaniyanin-ab-den-cixmasi-xezer-nefti-ve-qazinin-avropada-reqabetine-tehluke-yaradacaqmi\\\/#primaryimage\"},\"thumbnailUrl\":\"https:\\\/\\\/www.meydan.tv\\\/wp-content\\\/uploads\\\/30830.jpg\",\"articleSection\":[\"Analitika\"],\"inLanguage\":\"az\"},{\"@type\":\"WebPage\",\"@id\":\"https:\\\/\\\/www.meydan.tv\\\/az\\\/article\\\/britaniyanin-ab-den-cixmasi-xezer-nefti-ve-qazinin-avropada-reqabetine-tehluke-yaradacaqmi\\\/\",\"url\":\"https:\\\/\\\/www.meydan.tv\\\/az\\\/article\\\/britaniyanin-ab-den-cixmasi-xezer-nefti-ve-qazinin-avropada-reqabetine-tehluke-yaradacaqmi\\\/\",\"name\":\"Britaniyan\u0131n AB-d\u0259n \u00e7\u0131xmas\u0131 X\u0259z\u0259r nefti v\u0259 qaz\u0131n\u0131n Avropada r\u0259qab\u0259tin\u0259 t\u0259hl\u00fck\u0259 yaradacaqm\u0131? - MEYDAN.TV\",\"isPartOf\":{\"@id\":\"https:\\\/\\\/www.meydan.tv\\\/az\\\/#website\"},\"primaryImageOfPage\":{\"@id\":\"https:\\\/\\\/www.meydan.tv\\\/az\\\/article\\\/britaniyanin-ab-den-cixmasi-xezer-nefti-ve-qazinin-avropada-reqabetine-tehluke-yaradacaqmi\\\/#primaryimage\"},\"image\":{\"@id\":\"https:\\\/\\\/www.meydan.tv\\\/az\\\/article\\\/britaniyanin-ab-den-cixmasi-xezer-nefti-ve-qazinin-avropada-reqabetine-tehluke-yaradacaqmi\\\/#primaryimage\"},\"thumbnailUrl\":\"https:\\\/\\\/www.meydan.tv\\\/wp-content\\\/uploads\\\/30830.jpg\",\"datePublished\":\"2017-02-17T16:39:23+00:00\",\"breadcrumb\":{\"@id\":\"https:\\\/\\\/www.meydan.tv\\\/az\\\/article\\\/britaniyanin-ab-den-cixmasi-xezer-nefti-ve-qazinin-avropada-reqabetine-tehluke-yaradacaqmi\\\/#breadcrumb\"},\"inLanguage\":\"az\",\"potentialAction\":[{\"@type\":\"ReadAction\",\"target\":[\"https:\\\/\\\/www.meydan.tv\\\/az\\\/article\\\/britaniyanin-ab-den-cixmasi-xezer-nefti-ve-qazinin-avropada-reqabetine-tehluke-yaradacaqmi\\\/\"]}]},{\"@type\":\"ImageObject\",\"inLanguage\":\"az\",\"@id\":\"https:\\\/\\\/www.meydan.tv\\\/az\\\/article\\\/britaniyanin-ab-den-cixmasi-xezer-nefti-ve-qazinin-avropada-reqabetine-tehluke-yaradacaqmi\\\/#primaryimage\",\"url\":\"https:\\\/\\\/www.meydan.tv\\\/wp-content\\\/uploads\\\/30830.jpg\",\"contentUrl\":\"https:\\\/\\\/www.meydan.tv\\\/wp-content\\\/uploads\\\/30830.jpg\",\"width\":1812,\"height\":1049,\"caption\":\"Source:\"},{\"@type\":\"BreadcrumbList\",\"@id\":\"https:\\\/\\\/www.meydan.tv\\\/az\\\/article\\\/britaniyanin-ab-den-cixmasi-xezer-nefti-ve-qazinin-avropada-reqabetine-tehluke-yaradacaqmi\\\/#breadcrumb\",\"itemListElement\":[{\"@type\":\"ListItem\",\"position\":1,\"name\":\"Ana s\u0259hif\u0259\",\"item\":\"https:\\\/\\\/www.meydan.tv\\\/az\\\/\"},{\"@type\":\"ListItem\",\"position\":2,\"name\":\"Analitika\",\"item\":\"https:\\\/\\\/www.meydan.tv\\\/az\\\/section\\\/analitika\\\/\"},{\"@type\":\"ListItem\",\"position\":3,\"name\":\"Britaniyan\u0131n AB-d\u0259n \u00e7\u0131xmas\u0131 X\u0259z\u0259r nefti v\u0259 qaz\u0131n\u0131n Avropada r\u0259qab\u0259tin\u0259 t\u0259hl\u00fck\u0259 yaradacaqm\u0131?\"}]},{\"@type\":\"WebSite\",\"@id\":\"https:\\\/\\\/www.meydan.tv\\\/az\\\/#website\",\"url\":\"https:\\\/\\\/www.meydan.tv\\\/az\\\/\",\"name\":\"MEYDAN.TV\",\"description\":\"Meydan TV Az\u0259rbaycan\u0131n media m\u0259kan\u0131ndak\u0131 alternativ s\u0259sidir\",\"publisher\":{\"@id\":\"https:\\\/\\\/www.meydan.tv\\\/az\\\/#organization\"},\"potentialAction\":[{\"@type\":\"SearchAction\",\"target\":{\"@type\":\"EntryPoint\",\"urlTemplate\":\"https:\\\/\\\/www.meydan.tv\\\/az\\\/?s={search_term_string}\"},\"query-input\":{\"@type\":\"PropertyValueSpecification\",\"valueRequired\":true,\"valueName\":\"search_term_string\"}}],\"inLanguage\":\"az\"},{\"@type\":\"Organization\",\"@id\":\"https:\\\/\\\/www.meydan.tv\\\/az\\\/#organization\",\"name\":\"Meydan TV\",\"url\":\"https:\\\/\\\/www.meydan.tv\\\/az\\\/\",\"logo\":{\"@type\":\"ImageObject\",\"inLanguage\":\"az\",\"@id\":\"https:\\\/\\\/www.meydan.tv\\\/az\\\/#\\\/schema\\\/logo\\\/image\\\/\",\"url\":\"https:\\\/\\\/www.meydan.tv\\\/wp-content\\\/uploads\\\/2021\\\/07\\\/meydan-logo.svg\",\"contentUrl\":\"https:\\\/\\\/www.meydan.tv\\\/wp-content\\\/uploads\\\/2021\\\/07\\\/meydan-logo.svg\",\"width\":195,\"height\":46,\"caption\":\"Meydan TV\"},\"image\":{\"@id\":\"https:\\\/\\\/www.meydan.tv\\\/az\\\/#\\\/schema\\\/logo\\\/image\\\/\"}},{\"@type\":\"Person\",\"@id\":\"https:\\\/\\\/www.meydan.tv\\\/az\\\/#\\\/schema\\\/person\\\/10d11eccf6da3662cf5fdab9806ea91a\",\"name\":\"user-manager\"}]}<\/script>\n<!-- \/ Yoast SEO plugin. -->","yoast_head_json":{"title":"Britaniyan\u0131n AB-d\u0259n \u00e7\u0131xmas\u0131 X\u0259z\u0259r nefti v\u0259 qaz\u0131n\u0131n Avropada r\u0259qab\u0259tin\u0259 t\u0259hl\u00fck\u0259 yaradacaqm\u0131? - MEYDAN.TV","robots":{"index":"index","follow":"follow","max-snippet":"max-snippet:-1","max-image-preview":"max-image-preview:large","max-video-preview":"max-video-preview:-1"},"canonical":"https:\/\/www.meydan.tv\/az\/article\/britaniyanin-ab-den-cixmasi-xezer-nefti-ve-qazinin-avropada-reqabetine-tehluke-yaradacaqmi\/","og_locale":"az_AZ","og_type":"article","og_title":"Britaniyan\u0131n AB-d\u0259n \u00e7\u0131xmas\u0131 X\u0259z\u0259r nefti v\u0259 qaz\u0131n\u0131n Avropada r\u0259qab\u0259tin\u0259 t\u0259hl\u00fck\u0259 yaradacaqm\u0131? - MEYDAN.TV","og_description":"Yanvarda \u0130sve\u00e7r\u0259d\u0259 ke\u00e7iril\u0259n Davos forumunda Britaniyan\u0131n ba\u015f naziri Tereza Mey b\u0259yan edib ki, Birl\u0259\u015fmi\u015f Krall\u0131q Avropa Birliyini (AB) t\u0259rk etm\u0259k planlar\u0131n\u0131 davam etdir\u0259c\u0259k.","og_url":"https:\/\/www.meydan.tv\/az\/article\/britaniyanin-ab-den-cixmasi-xezer-nefti-ve-qazinin-avropada-reqabetine-tehluke-yaradacaqmi\/","og_site_name":"MEYDAN.TV","article_published_time":"2017-02-17T16:39:23+00:00","og_image":[{"width":1812,"height":1049,"url":"https:\/\/www.meydan.tv\/wp-content\/uploads\/30830.jpg","type":"image\/jpeg"}],"author":"user-manager","twitter_card":"summary_large_image","schema":{"@context":"https:\/\/schema.org","@graph":[{"@type":"Article","@id":"https:\/\/www.meydan.tv\/az\/article\/britaniyanin-ab-den-cixmasi-xezer-nefti-ve-qazinin-avropada-reqabetine-tehluke-yaradacaqmi\/#article","isPartOf":{"@id":"https:\/\/www.meydan.tv\/az\/article\/britaniyanin-ab-den-cixmasi-xezer-nefti-ve-qazinin-avropada-reqabetine-tehluke-yaradacaqmi\/"},"author":{"name":"user-manager","@id":"https:\/\/www.meydan.tv\/az\/#\/schema\/person\/10d11eccf6da3662cf5fdab9806ea91a"},"headline":"Britaniyan\u0131n AB-d\u0259n \u00e7\u0131xmas\u0131 X\u0259z\u0259r nefti v\u0259 qaz\u0131n\u0131n Avropada r\u0259qab\u0259tin\u0259 t\u0259hl\u00fck\u0259 yaradacaqm\u0131?","datePublished":"2017-02-17T16:39:23+00:00","mainEntityOfPage":{"@id":"https:\/\/www.meydan.tv\/az\/article\/britaniyanin-ab-den-cixmasi-xezer-nefti-ve-qazinin-avropada-reqabetine-tehluke-yaradacaqmi\/"},"wordCount":2241,"publisher":{"@id":"https:\/\/www.meydan.tv\/az\/#organization"},"image":{"@id":"https:\/\/www.meydan.tv\/az\/article\/britaniyanin-ab-den-cixmasi-xezer-nefti-ve-qazinin-avropada-reqabetine-tehluke-yaradacaqmi\/#primaryimage"},"thumbnailUrl":"https:\/\/www.meydan.tv\/wp-content\/uploads\/30830.jpg","articleSection":["Analitika"],"inLanguage":"az"},{"@type":"WebPage","@id":"https:\/\/www.meydan.tv\/az\/article\/britaniyanin-ab-den-cixmasi-xezer-nefti-ve-qazinin-avropada-reqabetine-tehluke-yaradacaqmi\/","url":"https:\/\/www.meydan.tv\/az\/article\/britaniyanin-ab-den-cixmasi-xezer-nefti-ve-qazinin-avropada-reqabetine-tehluke-yaradacaqmi\/","name":"Britaniyan\u0131n AB-d\u0259n \u00e7\u0131xmas\u0131 X\u0259z\u0259r nefti v\u0259 qaz\u0131n\u0131n Avropada r\u0259qab\u0259tin\u0259 t\u0259hl\u00fck\u0259 yaradacaqm\u0131? - MEYDAN.TV","isPartOf":{"@id":"https:\/\/www.meydan.tv\/az\/#website"},"primaryImageOfPage":{"@id":"https:\/\/www.meydan.tv\/az\/article\/britaniyanin-ab-den-cixmasi-xezer-nefti-ve-qazinin-avropada-reqabetine-tehluke-yaradacaqmi\/#primaryimage"},"image":{"@id":"https:\/\/www.meydan.tv\/az\/article\/britaniyanin-ab-den-cixmasi-xezer-nefti-ve-qazinin-avropada-reqabetine-tehluke-yaradacaqmi\/#primaryimage"},"thumbnailUrl":"https:\/\/www.meydan.tv\/wp-content\/uploads\/30830.jpg","datePublished":"2017-02-17T16:39:23+00:00","breadcrumb":{"@id":"https:\/\/www.meydan.tv\/az\/article\/britaniyanin-ab-den-cixmasi-xezer-nefti-ve-qazinin-avropada-reqabetine-tehluke-yaradacaqmi\/#breadcrumb"},"inLanguage":"az","potentialAction":[{"@type":"ReadAction","target":["https:\/\/www.meydan.tv\/az\/article\/britaniyanin-ab-den-cixmasi-xezer-nefti-ve-qazinin-avropada-reqabetine-tehluke-yaradacaqmi\/"]}]},{"@type":"ImageObject","inLanguage":"az","@id":"https:\/\/www.meydan.tv\/az\/article\/britaniyanin-ab-den-cixmasi-xezer-nefti-ve-qazinin-avropada-reqabetine-tehluke-yaradacaqmi\/#primaryimage","url":"https:\/\/www.meydan.tv\/wp-content\/uploads\/30830.jpg","contentUrl":"https:\/\/www.meydan.tv\/wp-content\/uploads\/30830.jpg","width":1812,"height":1049,"caption":"Source:"},{"@type":"BreadcrumbList","@id":"https:\/\/www.meydan.tv\/az\/article\/britaniyanin-ab-den-cixmasi-xezer-nefti-ve-qazinin-avropada-reqabetine-tehluke-yaradacaqmi\/#breadcrumb","itemListElement":[{"@type":"ListItem","position":1,"name":"Ana s\u0259hif\u0259","item":"https:\/\/www.meydan.tv\/az\/"},{"@type":"ListItem","position":2,"name":"Analitika","item":"https:\/\/www.meydan.tv\/az\/section\/analitika\/"},{"@type":"ListItem","position":3,"name":"Britaniyan\u0131n AB-d\u0259n \u00e7\u0131xmas\u0131 X\u0259z\u0259r nefti v\u0259 qaz\u0131n\u0131n Avropada r\u0259qab\u0259tin\u0259 t\u0259hl\u00fck\u0259 yaradacaqm\u0131?"}]},{"@type":"WebSite","@id":"https:\/\/www.meydan.tv\/az\/#website","url":"https:\/\/www.meydan.tv\/az\/","name":"MEYDAN.TV","description":"Meydan TV Az\u0259rbaycan\u0131n media m\u0259kan\u0131ndak\u0131 alternativ s\u0259sidir","publisher":{"@id":"https:\/\/www.meydan.tv\/az\/#organization"},"potentialAction":[{"@type":"SearchAction","target":{"@type":"EntryPoint","urlTemplate":"https:\/\/www.meydan.tv\/az\/?s={search_term_string}"},"query-input":{"@type":"PropertyValueSpecification","valueRequired":true,"valueName":"search_term_string"}}],"inLanguage":"az"},{"@type":"Organization","@id":"https:\/\/www.meydan.tv\/az\/#organization","name":"Meydan TV","url":"https:\/\/www.meydan.tv\/az\/","logo":{"@type":"ImageObject","inLanguage":"az","@id":"https:\/\/www.meydan.tv\/az\/#\/schema\/logo\/image\/","url":"https:\/\/www.meydan.tv\/wp-content\/uploads\/2021\/07\/meydan-logo.svg","contentUrl":"https:\/\/www.meydan.tv\/wp-content\/uploads\/2021\/07\/meydan-logo.svg","width":195,"height":46,"caption":"Meydan TV"},"image":{"@id":"https:\/\/www.meydan.tv\/az\/#\/schema\/logo\/image\/"}},{"@type":"Person","@id":"https:\/\/www.meydan.tv\/az\/#\/schema\/person\/10d11eccf6da3662cf5fdab9806ea91a","name":"user-manager"}]}},"_links":{"self":[{"href":"https:\/\/www.meydan.tv\/az\/wp-json\/wp\/v2\/posts\/182609","targetHints":{"allow":["GET"]}}],"collection":[{"href":"https:\/\/www.meydan.tv\/az\/wp-json\/wp\/v2\/posts"}],"about":[{"href":"https:\/\/www.meydan.tv\/az\/wp-json\/wp\/v2\/types\/post"}],"author":[{"embeddable":true,"href":"https:\/\/www.meydan.tv\/az\/wp-json\/wp\/v2\/users\/11"}],"replies":[{"embeddable":true,"href":"https:\/\/www.meydan.tv\/az\/wp-json\/wp\/v2\/comments?post=182609"}],"version-history":[{"count":0,"href":"https:\/\/www.meydan.tv\/az\/wp-json\/wp\/v2\/posts\/182609\/revisions"}],"wp:featuredmedia":[{"embeddable":true,"href":"https:\/\/www.meydan.tv\/az\/wp-json\/wp\/v2\/media\/79170"}],"wp:attachment":[{"href":"https:\/\/www.meydan.tv\/az\/wp-json\/wp\/v2\/media?parent=182609"}],"wp:term":[{"taxonomy":"category","embeddable":true,"href":"https:\/\/www.meydan.tv\/az\/wp-json\/wp\/v2\/categories?post=182609"},{"taxonomy":"post_tag","embeddable":true,"href":"https:\/\/www.meydan.tv\/az\/wp-json\/wp\/v2\/tags?post=182609"}],"curies":[{"name":"wp","href":"https:\/\/api.w.org\/{rel}","templated":true}]}}