{"id":182595,"date":"2017-02-16T22:38:24","date_gmt":"2017-02-16T22:38:24","guid":{"rendered":"https:\/\/www.meydan.tv\/article\/nesillerin-dedovsinasi\/"},"modified":"2017-02-16T22:38:24","modified_gmt":"2017-02-16T22:38:24","slug":"nesillerin-dedovsinasi","status":"publish","type":"post","link":"https:\/\/www.meydan.tv\/az\/article\/nesillerin-dedovsinasi\/","title":{"rendered":"N\u0259sill\u0259rin dedov\u015finas\u0131"},"content":{"rendered":"<figure class=\"wp-block-image size-large\">\n  <img decoding=\"async\" src=\"https:\/\/www.meydan.tv\/az\/zaur-qurbanli-3\/\" alt=\"Zaur Qurbanl\u0131\" class=\"wp-image-72139\"\/><figcaption>\n    Zaur Qurbanl\u0131<br \/>\n  <\/figcaption><\/figure>\n<figure class=\"wp-block-image size-large\">\n  <img decoding=\"async\" src=\"https:\/\/www.meydan.tv\/az\/zaur-qurbanli-banner\/\" alt=\"Zaur Qurbanl\u0131 &#8211; Banner\" class=\"wp-image-54453\"\/><figcaption>\n    Zaur Qurbanl\u0131 &#8211; Banner<br \/>\n  <\/figcaption><\/figure>\n<p>\n  \u00d6lk\u0259mizin f\u0259rdiyy\u0259t\u00e7ilik t\u0259cr\u00fcb\u0259si \u00e7ox azd\u0131r, dem\u0259k olar ki, yoxa b\u0259rab\u0259rdir. Biz feodalizmd\u0259n sosializm\u0259 ke\u00e7m\u0259y\u0259 m\u0259cbur edilmi\u015f xalq\u0131q. Ona g\u00f6r\u0259 d\u0259 bizd\u0259 invidualizm \u00e7ox z\u0259ifdir, x\u00fcsus\u0259n d\u0259, sosial (ictimai) m\u0259s\u0259l\u0259l\u0259rd\u0259. \u0130ndividualizmi pax\u0131ll\u0131qla qar\u0131\u015fd\u0131rmaq laz\u0131m deyil. \u0130ndividualizm \u00f6z &#8220;m\u0259n&#8221;inin s\u0259rh\u0259dl\u0259rini bilm\u0259k, bu s\u0259rh\u0259dl\u0259r daxilin\u0259 kimins\u0259 m\u00fcdaxil\u0259sin\u0259 yol verm\u0259m\u0259k, eyni zamanda ba\u015fqas\u0131n\u0131n &#8220;m\u0259n&#8221;inin s\u0259rh\u0259dl\u0259rin\u0259 h\u00f6rm\u0259t etm\u0259kdir.\n<\/p>\n<p>\n  Ba\u015fqas\u0131n\u0131n toxunulmaz\u0131na n\u0259 q\u0259d\u0259r m\u00fcdaxil\u0259 edirs\u0259ns\u0259, dem\u0259li, \u00f6z toxunulmaz\u0131n\u0131 da ba\u015fqalar\u0131n\u0131n m\u00fcdaxil\u0259si \u00fc\u00e7\u00fcn o q\u0259d\u0259r a\u00e7\u0131q elan etmi\u015f olursan. Bu, \u00e7ox b\u0259sit, amma h\u0259mi\u015f\u0259 i\u015fl\u0259y\u0259n qanundur. \u00c7\u00fcnki insanlar\u0131n \u0259dal\u0259t anlay\u0131\u015f\u0131n\u0131n \u0259sas\u0131nda durur. Eyni m\u0259ntiqin davam\u0131 olaraq, insanlar onlar\u0131n toxunulmazl\u0131\u011f\u0131na m\u00fcdaxil\u0259 olundu\u011fu t\u0259qdird\u0259 ba\u015fqalar\u0131n\u0131n toxunulmaz\u0131na m\u00fcdaxil\u0259 etm\u0259y\u0259 meylli olurlar.\n<\/p>\n<p>\n  Bu is\u0259 h\u0259mi\u015f\u0259 m\u00fcmk\u00fcn olmur. Feodalizmd\u0259n (b\u0259lk\u0259 ondan da \u0259vv\u0259l) h\u0259yat t\u0259rzimiz\u0259 oturu\u015fmu\u015f bir \u015fey var \u2013 ail\u0259 \u00fczvl\u0259rinin bir-birin\u0259 qar\u015f\u0131 gizlil\u0259rinin olmamas\u0131. Feodallar da, k\u0259ndlil\u0259r d\u0259 b\u00f6y\u00fck ail\u0259 olaraq, bir evd\u0259 ya\u015fay\u0131r, bir-birl\u0259rinin ota\u011f\u0131na icaz\u0259siz daxil olurdular. K\u0259ndlil\u0259rin he\u00e7 otaqlar\u0131 olmurdu. M\u0259nim babam evl\u0259n\u0259nd\u0259 qarda\u015flar\u0131n\u0131n ail\u0259sind\u0259n bir p\u0259rd\u0259 il\u0259 ayr\u0131lan otaqda ya\u015fay\u0131b. Bu \u015f\u0259raitd\u0259 \u0259n intim m\u00fcnasib\u0259tl\u0259r\u0259 q\u0259d\u0259r h\u0259r \u015fey ail\u0259nin h\u0259r bir \u00fczv\u00fcn\u0259 \u0259yan olur. M\u0259s\u0259l\u0259n, qarda\u015flar\u0131n arvadlar\u0131ndan biri ayba\u015f\u0131 olub seksl\u0259 m\u0259\u015f\u011ful ola bilm\u0259s\u0259, bunu ham\u0131 bil\u0259c\u0259k, \u00e7\u00fcnki arada c\u0259mi 1 p\u0259rd\u0259 olanda kimin n\u0259 vaxt seksl\u0259 m\u0259\u015f\u011ful olmas\u0131n\u0131 ay\u0131rd el\u0259m\u0259k \u00e7ox asan olur.\n<\/p>\n<p>\n  Feodallar\u0131n n\u0259h\u0259ng q\u0259srl\u0259ri olsa da, onlarda da ail\u0259 \u00fczvl\u0259rinin muxtariyy\u0259ti \u00e7ox limitli olub. M\u0259s\u0259l\u0259n, y\u00fczl\u0259rl\u0259 ota\u011f\u0131 olan q\u0259srd\u0259 \u00f6vladlar\u0131n ayr\u0131ca otaqlar\u0131 olmay\u0131b, h\u0259r k\u0259s g\u00fcnd\u0259lik f\u0259aliyy\u0259tini bir-birinin yan\u0131nda h\u0259yata ke\u00e7irirmi\u015f. Biz bu d\u00fc\u015f\u00fcnc\u0259 il\u0259 1920-ci il\u0259 q\u0259d\u0259r g\u0259lmi\u015fik (2 illik v\u0259 m\u0259hdud hakimiyy\u0259tli C\u00fcmhuriyy\u0259t bu kimi d\u0259rin problemin \u00f6hd\u0259sind\u0259n g\u0259l\u0259 bilm\u0259zdi, bilm\u0259di d\u0259). Sonra sosialist inqilab\u0131n\u0131 bu kimi probleml\u0259rin h\u0259llind\u0259 \u00e7\u0131x\u0131\u015f yolu g\u00f6r\u0259n ayd\u0131nlar\u0131m\u0131z \u00fcmid edibl\u0259r ki, b\u0259lk\u0259 feodalizmd\u0259n yaxa qurtard\u0131q, amma bu, yaln\u0131z \u00fcmid olaraq qal\u0131b.\n<\/p>\n<p>\n  Feodalizmd\u0259n qurtulma\u011f\u0131n yolu kapitalizmd\u0259n ke\u00e7ir. S\u00f6hb\u0259t t\u0259k iqtisadi sistem f\u0259rqind\u0259n getmir, \u0259sas m\u0259s\u0259l\u0259 insanlar\u0131n d\u00fc\u015f\u00fcnc\u0259 t\u0259rzidir. F\u0259rdi m\u00fclkiyy\u0259tin aliliyini, eyni zamanda insanlar\u0131n m\u00fclkiyy\u0259t h\u00fcququnu tan\u0131yan yegan\u0259 sistem kapitalizmdir. Buna g\u00f6r\u0259 d\u0259 yaln\u0131z bu sistemd\u0259 ya\u015fam\u0131\u015f xalqlarda f\u0259rd olaraq \u00f6zl\u0259rin\u0259 h\u00f6rm\u0259t olur, individiumun s\u0259rh\u0259dl\u0259rinin m\u00fc\u0259yy\u0259nl\u0259\u015fdirilm\u0259si ba\u015f verir. Biz \u00e7oxlu feodallar\u0131n k\u0259ndlil\u0259ri idik, sonra d\u00f6n\u00fcb bir &#8220;feodal&#8221;\u0131n \u2013 d\u00f6vl\u0259tin k\u0259ndlil\u0259ri olduq, ham\u0131n\u0131 doldurdular kolxozlara, h\u0259tta 1950-ci ill\u0259r\u0259 q\u0259d\u0259r pasportlar\u0131n\u0131 \u0259ll\u0259rind\u0259n al\u0131b t\u0259hkimliy\u0259 \u00e7evirdil\u0259r.\n<\/p>\n<p>\n  SSR\u0130-d\u0259 insanlar \u00fcz\u0259rind\u0259 ciddi n\u0259zar\u0259t oldu\u011fundan, bu t\u0259hkim\u00e7ilik \u015f\u0259xsi xarakter da\u015f\u0131y\u0131rd\u0131. Bilirik ki, torpa\u011fa g\u00f6r\u0259 v\u0259 \u015f\u0259xsi t\u0259hkim\u00e7ilik f\u0259rql\u0259ndirilir. \u0130kincisi \u0259slind\u0259 quldarl\u0131qd\u0131r. SSR\u0130-d\u0259 biz m\u0259hz bu ikincini ya\u015fad\u0131q. \u00d6z\u00fc d\u0259 bu \u015f\u0259xsi t\u0259hkim\u00e7iliyin s\u0259rh\u0259dl\u0259ri k\u0259ndl\u0259 m\u0259hdudla\u015fmad\u0131. \u0130\u015fsizlik qada\u011fan idi, h\u0259r k\u0259s i\u015fl\u0259m\u0259li idi, i\u015f tapa bilm\u0259y\u0259nd\u0259 d\u00f6vl\u0259t b\u0259y\u0259nib-b\u0259y\u0259nm\u0259m\u0259yind\u0259n as\u0131l\u0131 olmayaraq, s\u0259n\u0259 i\u015f verirdi v\u0259 bundan imtina etm\u0259k m\u0259suliyy\u0259t\u0259 s\u0259b\u0259b olurdu. K\u0259ndlil\u0259r torpa\u011fa, texnikaya, \u015f\u0259h\u0259rlil\u0259r zavoda, fabrik\u0259, idar\u0259y\u0259 t\u0259hkim olunurdular.<br \/>\n  <br \/>\n  BMT-nin hesabatlar\u0131na g\u00f6r\u0259, haz\u0131rda d\u00fcnyada 27-30 milyon insan quldur. Bu, 19-cu \u0259sr Amerikas\u0131nda v\u0259 ya Q\u0259dim Romada olan quldarl\u0131q deyil. Seks k\u00f6l\u0259liyi, miqrant istismar\u0131 daxil olmaqla, eyni zamanda bank kreditl\u0259ri v\u0259 ya d\u00f6vl\u0259t m\u0259cburiyy\u0259ti olaraq, i\u015fl\u0259m\u0259y\u0259 m\u0259cbur qalan, i\u015f, ya\u015fay\u0131\u015f yerini d\u0259yi\u015f\u0259 bilm\u0259y\u0259n insanlar da qul say\u0131l\u0131r. Bu n\u00f6qt\u0259d\u0259n baxanda SSR\u0130-d\u0259, dem\u0259k olar ki, h\u0259r k\u0259s qul idi.\n<\/p>\n<p>\n  Biz feodalizmd\u0259n kapitalizm\u0259 ke\u00e7\u0259 bilm\u0259dik, \u0259ksin\u0259 sosializm ad\u0131 il\u0259 quldarl\u0131\u011fa qaytar\u0131ld\u0131q. \u0130ndi c\u0259miyy\u0259timizd\u0259 \u0259ks\u0259r insanlar\u0131n niy\u0259 etiraz etm\u0259diyini, niy\u0259 z\u00fclmd\u0259n bu q\u0259d\u0259r z\u00f6vq ald\u0131qlar\u0131n\u0131 \u00e7ox soru\u015furuq. \u018fsas s\u0259b\u0259b bu psixologiyad\u0131r \u2013 t\u0259hkim\u00e7ilik, quldarl\u0131q psixologiyas\u0131. D\u00fczd\u00fcr, k\u00fctl\u0259ni idar\u0259 ed\u0259 bil\u0259n hadis\u0259 ba\u015f vers\u0259 v\u0259 ya bu hadis\u0259ni yarada bil\u0259n insan ortaya \u00e7\u0131xsa, bu qullar q\u0131z\u011f\u0131n etiraz\u00e7\u0131 ola bil\u0259rl\u0259r, amma haz\u0131rda bunlar yoxdur v\u0259 biz \u00f6z t\u0259bii hal\u0131m\u0131zday\u0131q \u2013 m\u00fcti, susqun, z\u0259ncirl\u0259rini q\u0131rmaq \u0259v\u0259zin\u0259 onlar\u0131 \u0259zizl\u0259y\u0259n insanlar.\n<\/p>\n<p>\n  F\u0259rdiyy\u0259t\u00e7i d\u00fc\u015f\u00fcnc\u0259nin kasadl\u0131\u011f\u0131ndan valideynl\u0259r \u00f6vadlar\u0131n\u0131n h\u0259yatlar\u0131na maksimum m\u00fcdaxil\u0259 etm\u0259y\u0259 \u00e7al\u0131\u015f\u0131rlar. \u00d6vladlar bunun \u0259v\u0259zini valideynl\u0259rd\u0259n \u00e7\u0131xa bilmirl\u0259r v\u0259 bu, g\u0259l\u0259c\u0259k n\u0259sl\u0259 &#8211; onlar\u0131n \u00f6z \u00f6vladlar\u0131na y\u00f6n\u0259lir. Bel\u0259c\u0259 n\u0259sill\u0259raras\u0131 dedov\u015fina ba\u015f verir. Atan s\u0259ni evl\u0259ndirir, s\u0259n d\u0259 \u00f6vlad\u0131n\u0131 evl\u0259ndir. Yeng\u0259 s\u0259ni pusub, s\u0259n d\u0259 \u00f6vlad\u0131na yeng\u0259 t\u0259yin el\u0259, pussun. Qonum-qon\u015fu s\u0259nin a\u011fz\u0131ndan \u00e7\u0131xan h\u0259r s\u00f6z\u00fc m\u00fczakir\u0259 edir, rahatl\u0131qa s\u0259ni \u015f\u0259xsi h\u0259yat t\u0259rzin\u0259 g\u00f6r\u0259 q\u0131nay\u0131r, s\u0259n d\u0259 sosial \u015f\u0259b\u0259k\u0259l\u0259rd\u0259 dig\u0259r insanlara qar\u015f\u0131 bunu et&#8230;\n<\/p>\n<p>\n  Bu zincird\u0259n xilas olmaq \u00e7\u0259tindir. \u00c7\u00fcnki \u0259sas\u0131 qisasa, \u0259dal\u0259t hissin\u0259 dayan\u0131r. S\u0259n\u0259 t\u0259tbiq olunan qada\u011fan\u0131 ba\u015fqas\u0131na t\u0259tbiq etm\u0259s\u0259n, \u00f6z\u00fcn\u00fc \u0259zilmi\u015f hiss ed\u0259c\u0259ks\u0259n. Bunun \u0259slind\u0259 \u0259ziklik yox, b\u00f6y\u00fckl\u00fck, k\u00fctl\u0259 psixologiyas\u0131ndak\u0131 \u00e7arxdan k\u0259nara \u00e7\u0131xmaq oldu\u011funu \u00e7ox nadir adamlar d\u0259rk edir. Ona g\u00f6r\u0259 d\u0259 sosial \u015f\u0259b\u0259k\u0259l\u0259rd\u0259 insanlar bir-birin\u0259 kin qusur. Bu nifr\u0259t da\u011farc\u0131qlar\u0131n\u0131n \u0259ks\u0259riyy\u0259ti g\u0259ncl\u0259rdir, onlar\u0131n da \u00e7oxunun i\u015fi, m\u00fcst\u0259qil maddi t\u0259minat\u0131 yoxdur, bir s\u00f6zl\u0259 m\u00fclkiyy\u0259td\u0259n m\u0259hrumdurlar. Ona g\u00f6r\u0259 d\u0259 azad deyill\u0259r. Valideynd\u0259n v\u0259 ya kimd\u0259ns\u0259, haradansa as\u0131l\u0131d\u0131rlar. Bu as\u0131l\u0131l\u0131q onlarda q\u0131c\u0131q do\u011furur, \u00f6z\u00fcn\u0259 m\u0259xsus olanlar az oldu\u011fundan, olanlara is\u0259 valideynl\u0259ri t\u0259r\u0259find\u0259n m\u00fcdaxil\u0259 olundu\u011fundan (toxunulmazlar\u0131n s\u0259rh\u0259dl\u0259rinin pozulmas\u0131) h\u0259mi\u015f\u0259 ba\u015fqalar\u0131ndan n\u0259l\u0259rs\u0259 g\u00f6t\u00fcrm\u0259y\u0259, talama\u011fa \u00e7al\u0131\u015f\u0131rlar. Toxunulmaz sah\u0259 g\u00f6r\u0259n kimi m\u00fcdaxil\u0259 etm\u0259k ist\u0259yirl\u0259r, \u00e7\u00fcnki \u00f6zl\u0259rind\u0259 yoxdur.\n<\/p>\n<p>\n  B\u00fct\u00fcn bunlar\u0131n h\u0259lli sistemin d\u0259yi\u015fm\u0259sind\u0259n, insanlara a\u00e7ar n\u00f6qt\u0259 olan m\u00fclkiyy\u0259t azadl\u0131\u011f\u0131n\u0131n verilm\u0259sind\u0259n ke\u00e7ir. Feodal ya\u015fay\u0131\u015f t\u0259rzind\u0259n, d\u00fcnyag\u00f6r\u00fc\u015f\u00fcnd\u0259n yaln\u0131z o zaman yaxa qurtara bil\u0259c\u0259yik. O zaman bizim d\u0259 evimizd\u0259 90-lar\u0131n Hollivud kinolar\u0131nda g\u00f6rd\u00fcy\u00fcm\u00fcz kimi u\u015faqlar\u0131n ayr\u0131ca otaqlar\u0131, h\u0259tta divarlar\u0131nda m\u00fc\u011f\u0259nni \u015f\u0259kill\u0259ri olacaq v\u0259 \u0259n \u0259sas\u0131 o otaqlara valideynl\u0259r icaz\u0259siz gir\u0259 bilm\u0259y\u0259c\u0259k.<\/p>\n","protected":false},"excerpt":{"rendered":"<p>\u00d6lk\u0259mizin f\u0259rdiyy\u0259t\u00e7ilik t\u0259cr\u00fcb\u0259si \u00e7ox azd\u0131r, dem\u0259k olar ki, yoxa b\u0259rab\u0259rdir.<\/p>\n","protected":false},"author":11,"featured_media":72139,"comment_status":"closed","ping_status":"open","sticky":false,"template":"","format":"standard","meta":{"_acf_changed":false,"_sitemap_exclude":false,"_sitemap_priority":"","_sitemap_frequency":"","footnotes":""},"categories":[57],"tags":[],"class_list":["post-182595","post","type-post","status-publish","format-standard","has-post-thumbnail","hentry","category-menim-fikrimce","infinite-scroll-item","generate-columns","tablet-grid-50","mobile-grid-100","grid-parent","grid-33","no-featured-image-padding"],"acf":[],"yoast_head":"<!-- This site is optimized with the Yoast SEO plugin v27.5 - https:\/\/yoast.com\/product\/yoast-seo-wordpress\/ -->\n<title>N\u0259sill\u0259rin dedov\u015finas\u0131 - MEYDAN.TV<\/title>\n<meta name=\"robots\" content=\"index, follow, max-snippet:-1, max-image-preview:large, max-video-preview:-1\" \/>\n<link rel=\"canonical\" href=\"https:\/\/www.meydan.tv\/az\/article\/nesillerin-dedovsinasi\/\" \/>\n<meta property=\"og:locale\" content=\"az_AZ\" \/>\n<meta property=\"og:type\" content=\"article\" \/>\n<meta property=\"og:title\" content=\"N\u0259sill\u0259rin dedov\u015finas\u0131 - MEYDAN.TV\" \/>\n<meta property=\"og:description\" content=\"\u00d6lk\u0259mizin f\u0259rdiyy\u0259t\u00e7ilik t\u0259cr\u00fcb\u0259si \u00e7ox azd\u0131r, dem\u0259k olar ki, yoxa b\u0259rab\u0259rdir.\" \/>\n<meta property=\"og:url\" content=\"https:\/\/www.meydan.tv\/az\/article\/nesillerin-dedovsinasi\/\" \/>\n<meta property=\"og:site_name\" content=\"MEYDAN.TV\" \/>\n<meta property=\"article:published_time\" content=\"2017-02-16T22:38:24+00:00\" \/>\n<meta property=\"og:image\" content=\"https:\/\/www.meydan.tv\/wp-content\/uploads\/27670.jpg\" \/>\n\t<meta property=\"og:image:width\" content=\"500\" \/>\n\t<meta property=\"og:image:height\" content=\"350\" \/>\n\t<meta property=\"og:image:type\" content=\"image\/jpeg\" \/>\n<meta name=\"author\" content=\"user-manager\" \/>\n<meta name=\"twitter:card\" content=\"summary_large_image\" \/>\n<script type=\"application\/ld+json\" class=\"yoast-schema-graph\">{\"@context\":\"https:\\\/\\\/schema.org\",\"@graph\":[{\"@type\":\"Article\",\"@id\":\"https:\\\/\\\/www.meydan.tv\\\/az\\\/article\\\/nesillerin-dedovsinasi\\\/#article\",\"isPartOf\":{\"@id\":\"https:\\\/\\\/www.meydan.tv\\\/az\\\/article\\\/nesillerin-dedovsinasi\\\/\"},\"author\":{\"name\":\"user-manager\",\"@id\":\"https:\\\/\\\/www.meydan.tv\\\/az\\\/#\\\/schema\\\/person\\\/10d11eccf6da3662cf5fdab9806ea91a\"},\"headline\":\"N\u0259sill\u0259rin dedov\u015finas\u0131\",\"datePublished\":\"2017-02-16T22:38:24+00:00\",\"mainEntityOfPage\":{\"@id\":\"https:\\\/\\\/www.meydan.tv\\\/az\\\/article\\\/nesillerin-dedovsinasi\\\/\"},\"wordCount\":1378,\"publisher\":{\"@id\":\"https:\\\/\\\/www.meydan.tv\\\/az\\\/#organization\"},\"image\":{\"@id\":\"https:\\\/\\\/www.meydan.tv\\\/az\\\/article\\\/nesillerin-dedovsinasi\\\/#primaryimage\"},\"thumbnailUrl\":\"https:\\\/\\\/www.meydan.tv\\\/wp-content\\\/uploads\\\/27670.jpg\",\"articleSection\":[\"M\u0259nim Fikrimc\u0259\"],\"inLanguage\":\"az\"},{\"@type\":\"WebPage\",\"@id\":\"https:\\\/\\\/www.meydan.tv\\\/az\\\/article\\\/nesillerin-dedovsinasi\\\/\",\"url\":\"https:\\\/\\\/www.meydan.tv\\\/az\\\/article\\\/nesillerin-dedovsinasi\\\/\",\"name\":\"N\u0259sill\u0259rin dedov\u015finas\u0131 - MEYDAN.TV\",\"isPartOf\":{\"@id\":\"https:\\\/\\\/www.meydan.tv\\\/az\\\/#website\"},\"primaryImageOfPage\":{\"@id\":\"https:\\\/\\\/www.meydan.tv\\\/az\\\/article\\\/nesillerin-dedovsinasi\\\/#primaryimage\"},\"image\":{\"@id\":\"https:\\\/\\\/www.meydan.tv\\\/az\\\/article\\\/nesillerin-dedovsinasi\\\/#primaryimage\"},\"thumbnailUrl\":\"https:\\\/\\\/www.meydan.tv\\\/wp-content\\\/uploads\\\/27670.jpg\",\"datePublished\":\"2017-02-16T22:38:24+00:00\",\"breadcrumb\":{\"@id\":\"https:\\\/\\\/www.meydan.tv\\\/az\\\/article\\\/nesillerin-dedovsinasi\\\/#breadcrumb\"},\"inLanguage\":\"az\",\"potentialAction\":[{\"@type\":\"ReadAction\",\"target\":[\"https:\\\/\\\/www.meydan.tv\\\/az\\\/article\\\/nesillerin-dedovsinasi\\\/\"]}]},{\"@type\":\"ImageObject\",\"inLanguage\":\"az\",\"@id\":\"https:\\\/\\\/www.meydan.tv\\\/az\\\/article\\\/nesillerin-dedovsinasi\\\/#primaryimage\",\"url\":\"https:\\\/\\\/www.meydan.tv\\\/wp-content\\\/uploads\\\/27670.jpg\",\"contentUrl\":\"https:\\\/\\\/www.meydan.tv\\\/wp-content\\\/uploads\\\/27670.jpg\",\"width\":500,\"height\":350,\"caption\":\"Source:\"},{\"@type\":\"BreadcrumbList\",\"@id\":\"https:\\\/\\\/www.meydan.tv\\\/az\\\/article\\\/nesillerin-dedovsinasi\\\/#breadcrumb\",\"itemListElement\":[{\"@type\":\"ListItem\",\"position\":1,\"name\":\"Ana s\u0259hif\u0259\",\"item\":\"https:\\\/\\\/www.meydan.tv\\\/az\\\/\"},{\"@type\":\"ListItem\",\"position\":2,\"name\":\"M\u0259nim Fikrimc\u0259\",\"item\":\"https:\\\/\\\/www.meydan.tv\\\/az\\\/section\\\/menim-fikrimce\\\/\"},{\"@type\":\"ListItem\",\"position\":3,\"name\":\"N\u0259sill\u0259rin dedov\u015finas\u0131\"}]},{\"@type\":\"WebSite\",\"@id\":\"https:\\\/\\\/www.meydan.tv\\\/az\\\/#website\",\"url\":\"https:\\\/\\\/www.meydan.tv\\\/az\\\/\",\"name\":\"MEYDAN.TV\",\"description\":\"Meydan TV Az\u0259rbaycan\u0131n media m\u0259kan\u0131ndak\u0131 alternativ s\u0259sidir\",\"publisher\":{\"@id\":\"https:\\\/\\\/www.meydan.tv\\\/az\\\/#organization\"},\"potentialAction\":[{\"@type\":\"SearchAction\",\"target\":{\"@type\":\"EntryPoint\",\"urlTemplate\":\"https:\\\/\\\/www.meydan.tv\\\/az\\\/?s={search_term_string}\"},\"query-input\":{\"@type\":\"PropertyValueSpecification\",\"valueRequired\":true,\"valueName\":\"search_term_string\"}}],\"inLanguage\":\"az\"},{\"@type\":\"Organization\",\"@id\":\"https:\\\/\\\/www.meydan.tv\\\/az\\\/#organization\",\"name\":\"Meydan TV\",\"url\":\"https:\\\/\\\/www.meydan.tv\\\/az\\\/\",\"logo\":{\"@type\":\"ImageObject\",\"inLanguage\":\"az\",\"@id\":\"https:\\\/\\\/www.meydan.tv\\\/az\\\/#\\\/schema\\\/logo\\\/image\\\/\",\"url\":\"https:\\\/\\\/www.meydan.tv\\\/wp-content\\\/uploads\\\/2021\\\/07\\\/meydan-logo.svg\",\"contentUrl\":\"https:\\\/\\\/www.meydan.tv\\\/wp-content\\\/uploads\\\/2021\\\/07\\\/meydan-logo.svg\",\"width\":195,\"height\":46,\"caption\":\"Meydan TV\"},\"image\":{\"@id\":\"https:\\\/\\\/www.meydan.tv\\\/az\\\/#\\\/schema\\\/logo\\\/image\\\/\"}},{\"@type\":\"Person\",\"@id\":\"https:\\\/\\\/www.meydan.tv\\\/az\\\/#\\\/schema\\\/person\\\/10d11eccf6da3662cf5fdab9806ea91a\",\"name\":\"user-manager\"}]}<\/script>\n<!-- \/ Yoast SEO plugin. -->","yoast_head_json":{"title":"N\u0259sill\u0259rin dedov\u015finas\u0131 - MEYDAN.TV","robots":{"index":"index","follow":"follow","max-snippet":"max-snippet:-1","max-image-preview":"max-image-preview:large","max-video-preview":"max-video-preview:-1"},"canonical":"https:\/\/www.meydan.tv\/az\/article\/nesillerin-dedovsinasi\/","og_locale":"az_AZ","og_type":"article","og_title":"N\u0259sill\u0259rin dedov\u015finas\u0131 - MEYDAN.TV","og_description":"\u00d6lk\u0259mizin f\u0259rdiyy\u0259t\u00e7ilik t\u0259cr\u00fcb\u0259si \u00e7ox azd\u0131r, dem\u0259k olar ki, yoxa b\u0259rab\u0259rdir.","og_url":"https:\/\/www.meydan.tv\/az\/article\/nesillerin-dedovsinasi\/","og_site_name":"MEYDAN.TV","article_published_time":"2017-02-16T22:38:24+00:00","og_image":[{"width":500,"height":350,"url":"https:\/\/www.meydan.tv\/wp-content\/uploads\/27670.jpg","type":"image\/jpeg"}],"author":"user-manager","twitter_card":"summary_large_image","schema":{"@context":"https:\/\/schema.org","@graph":[{"@type":"Article","@id":"https:\/\/www.meydan.tv\/az\/article\/nesillerin-dedovsinasi\/#article","isPartOf":{"@id":"https:\/\/www.meydan.tv\/az\/article\/nesillerin-dedovsinasi\/"},"author":{"name":"user-manager","@id":"https:\/\/www.meydan.tv\/az\/#\/schema\/person\/10d11eccf6da3662cf5fdab9806ea91a"},"headline":"N\u0259sill\u0259rin dedov\u015finas\u0131","datePublished":"2017-02-16T22:38:24+00:00","mainEntityOfPage":{"@id":"https:\/\/www.meydan.tv\/az\/article\/nesillerin-dedovsinasi\/"},"wordCount":1378,"publisher":{"@id":"https:\/\/www.meydan.tv\/az\/#organization"},"image":{"@id":"https:\/\/www.meydan.tv\/az\/article\/nesillerin-dedovsinasi\/#primaryimage"},"thumbnailUrl":"https:\/\/www.meydan.tv\/wp-content\/uploads\/27670.jpg","articleSection":["M\u0259nim Fikrimc\u0259"],"inLanguage":"az"},{"@type":"WebPage","@id":"https:\/\/www.meydan.tv\/az\/article\/nesillerin-dedovsinasi\/","url":"https:\/\/www.meydan.tv\/az\/article\/nesillerin-dedovsinasi\/","name":"N\u0259sill\u0259rin dedov\u015finas\u0131 - MEYDAN.TV","isPartOf":{"@id":"https:\/\/www.meydan.tv\/az\/#website"},"primaryImageOfPage":{"@id":"https:\/\/www.meydan.tv\/az\/article\/nesillerin-dedovsinasi\/#primaryimage"},"image":{"@id":"https:\/\/www.meydan.tv\/az\/article\/nesillerin-dedovsinasi\/#primaryimage"},"thumbnailUrl":"https:\/\/www.meydan.tv\/wp-content\/uploads\/27670.jpg","datePublished":"2017-02-16T22:38:24+00:00","breadcrumb":{"@id":"https:\/\/www.meydan.tv\/az\/article\/nesillerin-dedovsinasi\/#breadcrumb"},"inLanguage":"az","potentialAction":[{"@type":"ReadAction","target":["https:\/\/www.meydan.tv\/az\/article\/nesillerin-dedovsinasi\/"]}]},{"@type":"ImageObject","inLanguage":"az","@id":"https:\/\/www.meydan.tv\/az\/article\/nesillerin-dedovsinasi\/#primaryimage","url":"https:\/\/www.meydan.tv\/wp-content\/uploads\/27670.jpg","contentUrl":"https:\/\/www.meydan.tv\/wp-content\/uploads\/27670.jpg","width":500,"height":350,"caption":"Source:"},{"@type":"BreadcrumbList","@id":"https:\/\/www.meydan.tv\/az\/article\/nesillerin-dedovsinasi\/#breadcrumb","itemListElement":[{"@type":"ListItem","position":1,"name":"Ana s\u0259hif\u0259","item":"https:\/\/www.meydan.tv\/az\/"},{"@type":"ListItem","position":2,"name":"M\u0259nim Fikrimc\u0259","item":"https:\/\/www.meydan.tv\/az\/section\/menim-fikrimce\/"},{"@type":"ListItem","position":3,"name":"N\u0259sill\u0259rin dedov\u015finas\u0131"}]},{"@type":"WebSite","@id":"https:\/\/www.meydan.tv\/az\/#website","url":"https:\/\/www.meydan.tv\/az\/","name":"MEYDAN.TV","description":"Meydan TV Az\u0259rbaycan\u0131n media m\u0259kan\u0131ndak\u0131 alternativ s\u0259sidir","publisher":{"@id":"https:\/\/www.meydan.tv\/az\/#organization"},"potentialAction":[{"@type":"SearchAction","target":{"@type":"EntryPoint","urlTemplate":"https:\/\/www.meydan.tv\/az\/?s={search_term_string}"},"query-input":{"@type":"PropertyValueSpecification","valueRequired":true,"valueName":"search_term_string"}}],"inLanguage":"az"},{"@type":"Organization","@id":"https:\/\/www.meydan.tv\/az\/#organization","name":"Meydan TV","url":"https:\/\/www.meydan.tv\/az\/","logo":{"@type":"ImageObject","inLanguage":"az","@id":"https:\/\/www.meydan.tv\/az\/#\/schema\/logo\/image\/","url":"https:\/\/www.meydan.tv\/wp-content\/uploads\/2021\/07\/meydan-logo.svg","contentUrl":"https:\/\/www.meydan.tv\/wp-content\/uploads\/2021\/07\/meydan-logo.svg","width":195,"height":46,"caption":"Meydan TV"},"image":{"@id":"https:\/\/www.meydan.tv\/az\/#\/schema\/logo\/image\/"}},{"@type":"Person","@id":"https:\/\/www.meydan.tv\/az\/#\/schema\/person\/10d11eccf6da3662cf5fdab9806ea91a","name":"user-manager"}]}},"_links":{"self":[{"href":"https:\/\/www.meydan.tv\/az\/wp-json\/wp\/v2\/posts\/182595","targetHints":{"allow":["GET"]}}],"collection":[{"href":"https:\/\/www.meydan.tv\/az\/wp-json\/wp\/v2\/posts"}],"about":[{"href":"https:\/\/www.meydan.tv\/az\/wp-json\/wp\/v2\/types\/post"}],"author":[{"embeddable":true,"href":"https:\/\/www.meydan.tv\/az\/wp-json\/wp\/v2\/users\/11"}],"replies":[{"embeddable":true,"href":"https:\/\/www.meydan.tv\/az\/wp-json\/wp\/v2\/comments?post=182595"}],"version-history":[{"count":0,"href":"https:\/\/www.meydan.tv\/az\/wp-json\/wp\/v2\/posts\/182595\/revisions"}],"wp:featuredmedia":[{"embeddable":true,"href":"https:\/\/www.meydan.tv\/az\/wp-json\/wp\/v2\/media\/72139"}],"wp:attachment":[{"href":"https:\/\/www.meydan.tv\/az\/wp-json\/wp\/v2\/media?parent=182595"}],"wp:term":[{"taxonomy":"category","embeddable":true,"href":"https:\/\/www.meydan.tv\/az\/wp-json\/wp\/v2\/categories?post=182595"},{"taxonomy":"post_tag","embeddable":true,"href":"https:\/\/www.meydan.tv\/az\/wp-json\/wp\/v2\/tags?post=182595"}],"curies":[{"name":"wp","href":"https:\/\/api.w.org\/{rel}","templated":true}]}}