{"id":182550,"date":"2017-02-15T13:27:48","date_gmt":"2017-02-15T13:27:48","guid":{"rendered":"https:\/\/www.meydan.tv\/article\/alagoz-nene-ve-eynulla\/"},"modified":"2017-02-15T13:27:48","modified_gmt":"2017-02-15T13:27:48","slug":"alagoz-nene-ve-eynulla","status":"publish","type":"post","link":"https:\/\/www.meydan.tv\/az\/article\/alagoz-nene-ve-eynulla\/","title":{"rendered":"Alag\u00f6z n\u0259n\u0259 v\u0259 Eynulla"},"content":{"rendered":"<figure class=\"wp-block-image size-large\">\n  <img decoding=\"async\" src=\"https:\/\/www.meydan.tv\/az\/nazli-agayeva-2\/\" alt=\"Nazl\u0131 A\u011fayeva\" class=\"wp-image-72776\"\/><figcaption>\n    Nazl\u0131 A\u011fayeva<br \/>\n  <\/figcaption><\/figure>\n<figure class=\"wp-block-image size-large\">\n  <img decoding=\"async\" src=\"https:\/\/www.meydan.tv\/az\/nazli-agayeva-3\/\" alt=\"Nazl\u0131 A\u011fayeva\" class=\"wp-image-72779\"\/><figcaption>\n    Nazl\u0131 A\u011fayeva<br \/>\n  <\/figcaption><\/figure>\n<p>\n  Bizd\u0259n qopanlar\u0131n hekay\u0259ti\n<\/p>\n<p>\n  Ne\u00e7\u0259-ne\u00e7\u0259 ill\u0259r \u0259vv\u0259l Eynullan\u0131n h\u0259bsin\u0259 k\u00f6vr\u0259l\u0259n anama \u00fcr\u0259k-dir\u0259k vermi\u015fdim: &#8220;\u00dcz\u00fclm\u0259 bu q\u0259d\u0259r, buraxacaqlar. D\u00fcnyan\u0131n sonu deyil ki&#8230;&#8221; Aylar ke\u00e7dikc\u0259 anam\u0131n sual dolu g\u00f6zl\u0259rind\u0259n qa\u00e7ma\u011fa \u00e7al\u0131\u015fd\u0131m. O da daha m\u0259ni utand\u0131rmay\u0131b mehrini Eynullan\u0131n q\u0259zetd\u0259n k\u0259sib saxlad\u0131\u011f\u0131 balaca \u015f\u0259klin\u0259 sald\u0131.\n<\/p>\n<p>\n  Anam xiff\u0259t el\u0259yirdi: \u2013 Eynulla acd\u0131rm\u0131, yeri-yata\u011f\u0131 narahatd\u0131rm\u0131? Onu v\u0259 c\u0259mi yazarlar\u0131 qorusun dey\u0259 gec\u0259l\u0259r yava\u015fdan allaha yalvar\u0131rd\u0131. Pensiyas\u0131ndan n\u0259zir demi\u015fdi. Eynulla h\u0259bsxanadan \u00e7\u0131xanda \u00f6z \u0259liyl\u0259 niyy\u0259t el\u0259diyi yer\u0259 \u00e7atd\u0131ras\u0131yd\u0131.\n<\/p>\n<p>\n  Vaxt \u00f6td\u00fckc\u0259 s\u0259bri daral\u0131rd\u0131. Ev\u0259 g\u0259l\u0259n h\u0259r k\u0259sd\u0259n onu soru\u015furdu. \u0130lham \u018fliyev\u0259 xahi\u015f m\u0259ktubu da yazd\u0131rard\u0131 y\u0259qin, \u0259y\u0259r t\u0259xmin\u0259n d\u00f6rd il \u0259vv\u0259lki ba\u015fqa bir \u0259hvalat ba\u015f verm\u0259s\u0259ydi&#8230;\n<\/p>\n<p>\n  ***\n<\/p>\n<p>\n  2003-c\u00fc ild\u0259ki ilk prezidentliy\u0259 namiz\u0259dliyi d\u00f6vr\u00fcnd\u0259 \u0130lham \u018fliyevin Q\u0259b\u0259l\u0259 s\u0259f\u0259ri zaman\u0131 bizim evin d\u0259 yan\u0131nda a\u00e7\u0131l\u0131\u015f olas\u0131yd\u0131. Yerli hakimiyy\u0259tin t\u0259l\u0259sik b\u0259z\u0259yib-d\u00fcz\u0259diyi da\u015f y\u0131\u011f\u0131n\u0131ndan ibar\u0259t q\u0259rib\u0259 obyekt\u0259 su \u00e7\u0259kimi\u015fdil\u0259r ki, g\u00f6r\u00fc\u015f\u00fcn q\u0259hr\u0259man\u0131 g\u0259lib kran\u0131 f\u0131rlats\u0131n. O g\u00fcn anam v\u0259 qon\u015fumuz C\u0259mil\u0259 xala t\u0259z\u0259 k\u0259la\u011fay\u0131lar\u0131n\u0131 ba\u015flar\u0131na \u00f6rt\u00fcb qap\u0131m\u0131z\u0131n a\u011fz\u0131nda oturmaq ist\u0259dil\u0259r. Evd\u0259n stul, d\u00f6\u015f\u0259kc\u0259 g\u0259tirib onlar\u0131 yerl\u0259\u015fdirs\u0259m d\u0259, rahat deyildim. H\u0259tta anam\u0131n duyaca\u011f\u0131 inc\u0259 bir etiraza c\u0259hd etdim d\u0259, amma son anda onlara q\u0131ya bilm\u0259dim. Qap\u0131ya q\u0259d\u0259r g\u0259l\u0259n izdihama heyr\u0259t v\u0259 maraqla tama\u015fa ed\u0259n n\u0259n\u0259l\u0259ri qoyub ev\u0259 qay\u0131tm\u0131\u015fd\u0131m ki, k\u00fc\u00e7\u0259d\u0259 hay-k\u00fcy qopdu. S\u0259s\u00e7oxaldan arams\u0131z q\u0131\u015fq\u0131r\u0131rd\u0131: \u2013 &#8220;Qocalar\u0131 y\u0131\u011f\u0131\u015fd\u0131r\u0131n!&#8221;\n<\/p>\n<p>\n  \u00d6z\u00fcm\u00fc yetir\u0259nd\u0259 art\u0131q b\u0259dheyb\u0259t m\u00fchafiz\u0259\u00e7il\u0259r beli b\u00fck\u00fclm\u00fc\u015f iki fa\u011f\u0131r, g\u00fccs\u00fcz a\u011fbir\u00e7\u0259yin \u00fcst\u00fcn\u0259 cummu\u015fdular. Qorxudan b\u0259t-b\u0259nizi a\u011farm\u0131\u015f n\u0259n\u0259l\u0259rin bir az \u0259vv\u0259lki xo\u015f \u0259hvallar\u0131 d\u0259rin bir k\u0259d\u0259r\u0259 \u00e7evrilmi\u015fdi. Bir an\u0131n i\u00e7ind\u0259 cahil v\u0259 amans\u0131z \u0259ll\u0259r sanki onlar\u0131n bu d\u00fcnya il\u0259 olan onsuz da k\u00f6vr\u0259k ba\u011flant\u0131lar\u0131n\u0131 q\u0131r\u0131b atm\u0131\u015fd\u0131 \u2013 \u00fczl\u0259rind\u0259 h\u0259yat \u0259lam\u0259ti yox idi.\n<\/p>\n<p>\n  Anamgili &#8220;qanad\u0131m\u0131n&#8221; alt\u0131na al\u0131b hans\u0131 s\u00f6zl\u0259rl\u0259 qoruma\u011fa ba\u015flad\u0131msa, h\u0259r ikisinin qan\u0131 qa\u00e7m\u0131\u015f dodaqlar\u0131nda z\u0259if t\u0259b\u0259ss\u00fcm g\u0259zdi. Amma m\u0259nim t\u0259kidim\u0259 v\u0259 d\u0259rhal hadis\u0259 yerin\u0259 &#8220;qonan&#8221; m\u0259murun t\u0259yin etdiyi &#8220;icaz\u0259 h\u00fcququna&#8221; baxmayaraq daha orada qalmaq ist\u0259m\u0259dil\u0259r. Ax\u015fam n\u0259 el\u0259dim, dinib-dan\u0131\u015fmad\u0131. Handan-hana etiraf etdi ki, prezident otuz-q\u0131rx metr\u0259lik m\u0259saf\u0259d\u0259 oturub onu g\u00f6zl\u0259y\u0259n n\u0259n\u0259l\u0259r\u0259 yax\u0131nla\u015faca\u011f\u0131 halda ki, buna \u0259min imi\u015fl\u0259r, bir xahi\u015f ed\u0259c\u0259kl\u0259rmi\u015f ondan. Daha da p\u0259rt olmas\u0131n dey\u0259 m\u0259lum xahi\u015f bar\u0259d\u0259 n\u0259 o zaman, n\u0259 d\u0259 sonralar soru\u015fdum. Amma inciklik, \u00fcmidsizlik ya\u011fan ala g\u00f6zl\u0259rind\u0259n h\u0259min ax\u015fam anam\u0131n \u00f6z prezidentind\u0259n bird\u0259f\u0259lik \u0259lini \u00fczd\u00fcy\u00fcn\u00fc anlad\u0131m. Aylar, ill\u0259r ke\u00e7dikc\u0259, o bar\u0259d\u0259 he\u00e7 n\u0259 dan\u0131\u015fmay\u0131b olanlar\u0131 yerli-dibli unutma\u011fa \u00e7al\u0131\u015f\u0131rd\u0131.\n<\/p>\n<p>\n  2008-ci ilin noyabr\u0131nda d\u00fc\u00e7ar oldu\u011fum \u00f6l\u00fcmc\u00fcl q\u0259za uzun zaman bizi ayr\u0131 sald\u0131. Yaln\u0131z on \u00fc\u00e7-on d\u00f6rd ayl\u0131q kabus bit\u0259r-bitm\u0259z anamla b\u0259rab\u0259r evimiz\u0259 y\u0131\u011f\u0131\u015fa bildik. M\u0259n iki qoltuq a\u011fac\u0131nda o, \u00f6l\u00fcm\u00fcn p\u0259nc\u0259sind\u0259 biz anam\u0131n son g\u00fcnl\u0259rini ya\u015fay\u0131rd\u0131q. Onca ayr\u0131l\u0131qdan sonra b\u00f6l\u00fc\u015f\u0259c\u0259k o q\u0259d\u0259r d\u0259rdimiz vard\u0131 ki! N\u0259hay\u0259t, bir g\u00fcn Eynullan\u0131 soru\u015fub \u00f6z\u00fc d\u0259 cavab verdi: \u2013 &#8220;\u00c7\u0131xar, allah qoysa. H\u0259r g\u00fcn ondan \u00f6tr\u00fc d\u0259 dua el\u0259mi\u015f\u0259m&#8221;. Can\u0131nda m\u0259chul m\u0259nsizliyin a\u011fr\u0131-ac\u0131s\u0131n\u0131 g\u0259zdir\u0259nd\u0259 d\u0259 Eynullan\u0131 unutmay\u0131bm\u0131\u015f&#8230;\n<\/p>\n<p>\n  Anam Eynullan\u0131n azadl\u0131\u011f\u0131n\u0131 g\u00f6rm\u0259d\u0259n getdi d\u00fcnyadan. Biz d\u0259 o vaxtdan b\u0259ri anam\u0131n x\u0259yallar\u0131ndak\u0131 Eynullan\u0131 g\u00f6r\u0259 bilm\u0259dik. Amma m\u0259n yen\u0259 d\u0259 h\u0259min n\u0259ziri evd\u0259n \u00e7\u0131xartd\u0131m. \u00d6l\u0259n sevgil\u0259rimizin, inamlar\u0131m\u0131z\u0131n ehsan\u0131 kimi&#8230;<\/p>\n","protected":false},"excerpt":{"rendered":"<p>Bizd\u0259n qopanlar\u0131n hekay\u0259ti<\/p>\n","protected":false},"author":11,"featured_media":72776,"comment_status":"closed","ping_status":"open","sticky":false,"template":"","format":"standard","meta":{"_acf_changed":false,"_sitemap_exclude":false,"_sitemap_priority":"","_sitemap_frequency":"","footnotes":""},"categories":[57],"tags":[],"class_list":["post-182550","post","type-post","status-publish","format-standard","has-post-thumbnail","hentry","category-menim-fikrimce","infinite-scroll-item","generate-columns","tablet-grid-50","mobile-grid-100","grid-parent","grid-33","no-featured-image-padding"],"acf":[],"yoast_head":"<!-- This site is optimized with the Yoast SEO plugin v27.5 - https:\/\/yoast.com\/product\/yoast-seo-wordpress\/ -->\n<title>Alag\u00f6z n\u0259n\u0259 v\u0259 Eynulla - MEYDAN.TV<\/title>\n<meta name=\"robots\" content=\"index, follow, max-snippet:-1, max-image-preview:large, max-video-preview:-1\" \/>\n<link rel=\"canonical\" href=\"https:\/\/www.meydan.tv\/az\/article\/alagoz-nene-ve-eynulla\/\" \/>\n<meta property=\"og:locale\" content=\"az_AZ\" \/>\n<meta property=\"og:type\" content=\"article\" \/>\n<meta property=\"og:title\" content=\"Alag\u00f6z n\u0259n\u0259 v\u0259 Eynulla - MEYDAN.TV\" \/>\n<meta property=\"og:description\" content=\"Bizd\u0259n qopanlar\u0131n hekay\u0259ti\" \/>\n<meta property=\"og:url\" content=\"https:\/\/www.meydan.tv\/az\/article\/alagoz-nene-ve-eynulla\/\" \/>\n<meta property=\"og:site_name\" content=\"MEYDAN.TV\" \/>\n<meta property=\"article:published_time\" content=\"2017-02-15T13:27:48+00:00\" \/>\n<meta property=\"og:image\" content=\"https:\/\/www.meydan.tv\/wp-content\/uploads\/28026.jpg\" \/>\n\t<meta property=\"og:image:width\" content=\"500\" \/>\n\t<meta property=\"og:image:height\" content=\"300\" \/>\n\t<meta property=\"og:image:type\" content=\"image\/jpeg\" \/>\n<meta name=\"author\" content=\"user-manager\" \/>\n<meta name=\"twitter:card\" content=\"summary_large_image\" \/>\n<script type=\"application\/ld+json\" class=\"yoast-schema-graph\">{\"@context\":\"https:\\\/\\\/schema.org\",\"@graph\":[{\"@type\":\"Article\",\"@id\":\"https:\\\/\\\/www.meydan.tv\\\/az\\\/article\\\/alagoz-nene-ve-eynulla\\\/#article\",\"isPartOf\":{\"@id\":\"https:\\\/\\\/www.meydan.tv\\\/az\\\/article\\\/alagoz-nene-ve-eynulla\\\/\"},\"author\":{\"name\":\"user-manager\",\"@id\":\"https:\\\/\\\/www.meydan.tv\\\/az\\\/#\\\/schema\\\/person\\\/10d11eccf6da3662cf5fdab9806ea91a\"},\"headline\":\"Alag\u00f6z n\u0259n\u0259 v\u0259 Eynulla\",\"datePublished\":\"2017-02-15T13:27:48+00:00\",\"mainEntityOfPage\":{\"@id\":\"https:\\\/\\\/www.meydan.tv\\\/az\\\/article\\\/alagoz-nene-ve-eynulla\\\/\"},\"wordCount\":804,\"publisher\":{\"@id\":\"https:\\\/\\\/www.meydan.tv\\\/az\\\/#organization\"},\"image\":{\"@id\":\"https:\\\/\\\/www.meydan.tv\\\/az\\\/article\\\/alagoz-nene-ve-eynulla\\\/#primaryimage\"},\"thumbnailUrl\":\"https:\\\/\\\/www.meydan.tv\\\/wp-content\\\/uploads\\\/28026.jpg\",\"articleSection\":[\"M\u0259nim Fikrimc\u0259\"],\"inLanguage\":\"az\"},{\"@type\":\"WebPage\",\"@id\":\"https:\\\/\\\/www.meydan.tv\\\/az\\\/article\\\/alagoz-nene-ve-eynulla\\\/\",\"url\":\"https:\\\/\\\/www.meydan.tv\\\/az\\\/article\\\/alagoz-nene-ve-eynulla\\\/\",\"name\":\"Alag\u00f6z n\u0259n\u0259 v\u0259 Eynulla - MEYDAN.TV\",\"isPartOf\":{\"@id\":\"https:\\\/\\\/www.meydan.tv\\\/az\\\/#website\"},\"primaryImageOfPage\":{\"@id\":\"https:\\\/\\\/www.meydan.tv\\\/az\\\/article\\\/alagoz-nene-ve-eynulla\\\/#primaryimage\"},\"image\":{\"@id\":\"https:\\\/\\\/www.meydan.tv\\\/az\\\/article\\\/alagoz-nene-ve-eynulla\\\/#primaryimage\"},\"thumbnailUrl\":\"https:\\\/\\\/www.meydan.tv\\\/wp-content\\\/uploads\\\/28026.jpg\",\"datePublished\":\"2017-02-15T13:27:48+00:00\",\"breadcrumb\":{\"@id\":\"https:\\\/\\\/www.meydan.tv\\\/az\\\/article\\\/alagoz-nene-ve-eynulla\\\/#breadcrumb\"},\"inLanguage\":\"az\",\"potentialAction\":[{\"@type\":\"ReadAction\",\"target\":[\"https:\\\/\\\/www.meydan.tv\\\/az\\\/article\\\/alagoz-nene-ve-eynulla\\\/\"]}]},{\"@type\":\"ImageObject\",\"inLanguage\":\"az\",\"@id\":\"https:\\\/\\\/www.meydan.tv\\\/az\\\/article\\\/alagoz-nene-ve-eynulla\\\/#primaryimage\",\"url\":\"https:\\\/\\\/www.meydan.tv\\\/wp-content\\\/uploads\\\/28026.jpg\",\"contentUrl\":\"https:\\\/\\\/www.meydan.tv\\\/wp-content\\\/uploads\\\/28026.jpg\",\"width\":500,\"height\":300,\"caption\":\"Source:\"},{\"@type\":\"BreadcrumbList\",\"@id\":\"https:\\\/\\\/www.meydan.tv\\\/az\\\/article\\\/alagoz-nene-ve-eynulla\\\/#breadcrumb\",\"itemListElement\":[{\"@type\":\"ListItem\",\"position\":1,\"name\":\"Ana s\u0259hif\u0259\",\"item\":\"https:\\\/\\\/www.meydan.tv\\\/az\\\/\"},{\"@type\":\"ListItem\",\"position\":2,\"name\":\"M\u0259nim Fikrimc\u0259\",\"item\":\"https:\\\/\\\/www.meydan.tv\\\/az\\\/section\\\/menim-fikrimce\\\/\"},{\"@type\":\"ListItem\",\"position\":3,\"name\":\"Alag\u00f6z n\u0259n\u0259 v\u0259 Eynulla\"}]},{\"@type\":\"WebSite\",\"@id\":\"https:\\\/\\\/www.meydan.tv\\\/az\\\/#website\",\"url\":\"https:\\\/\\\/www.meydan.tv\\\/az\\\/\",\"name\":\"MEYDAN.TV\",\"description\":\"Meydan TV Az\u0259rbaycan\u0131n media m\u0259kan\u0131ndak\u0131 alternativ s\u0259sidir\",\"publisher\":{\"@id\":\"https:\\\/\\\/www.meydan.tv\\\/az\\\/#organization\"},\"potentialAction\":[{\"@type\":\"SearchAction\",\"target\":{\"@type\":\"EntryPoint\",\"urlTemplate\":\"https:\\\/\\\/www.meydan.tv\\\/az\\\/?s={search_term_string}\"},\"query-input\":{\"@type\":\"PropertyValueSpecification\",\"valueRequired\":true,\"valueName\":\"search_term_string\"}}],\"inLanguage\":\"az\"},{\"@type\":\"Organization\",\"@id\":\"https:\\\/\\\/www.meydan.tv\\\/az\\\/#organization\",\"name\":\"Meydan TV\",\"url\":\"https:\\\/\\\/www.meydan.tv\\\/az\\\/\",\"logo\":{\"@type\":\"ImageObject\",\"inLanguage\":\"az\",\"@id\":\"https:\\\/\\\/www.meydan.tv\\\/az\\\/#\\\/schema\\\/logo\\\/image\\\/\",\"url\":\"https:\\\/\\\/www.meydan.tv\\\/wp-content\\\/uploads\\\/2021\\\/07\\\/meydan-logo.svg\",\"contentUrl\":\"https:\\\/\\\/www.meydan.tv\\\/wp-content\\\/uploads\\\/2021\\\/07\\\/meydan-logo.svg\",\"width\":195,\"height\":46,\"caption\":\"Meydan TV\"},\"image\":{\"@id\":\"https:\\\/\\\/www.meydan.tv\\\/az\\\/#\\\/schema\\\/logo\\\/image\\\/\"}},{\"@type\":\"Person\",\"@id\":\"https:\\\/\\\/www.meydan.tv\\\/az\\\/#\\\/schema\\\/person\\\/10d11eccf6da3662cf5fdab9806ea91a\",\"name\":\"user-manager\"}]}<\/script>\n<!-- \/ Yoast SEO plugin. -->","yoast_head_json":{"title":"Alag\u00f6z n\u0259n\u0259 v\u0259 Eynulla - MEYDAN.TV","robots":{"index":"index","follow":"follow","max-snippet":"max-snippet:-1","max-image-preview":"max-image-preview:large","max-video-preview":"max-video-preview:-1"},"canonical":"https:\/\/www.meydan.tv\/az\/article\/alagoz-nene-ve-eynulla\/","og_locale":"az_AZ","og_type":"article","og_title":"Alag\u00f6z n\u0259n\u0259 v\u0259 Eynulla - MEYDAN.TV","og_description":"Bizd\u0259n qopanlar\u0131n hekay\u0259ti","og_url":"https:\/\/www.meydan.tv\/az\/article\/alagoz-nene-ve-eynulla\/","og_site_name":"MEYDAN.TV","article_published_time":"2017-02-15T13:27:48+00:00","og_image":[{"width":500,"height":300,"url":"https:\/\/www.meydan.tv\/wp-content\/uploads\/28026.jpg","type":"image\/jpeg"}],"author":"user-manager","twitter_card":"summary_large_image","schema":{"@context":"https:\/\/schema.org","@graph":[{"@type":"Article","@id":"https:\/\/www.meydan.tv\/az\/article\/alagoz-nene-ve-eynulla\/#article","isPartOf":{"@id":"https:\/\/www.meydan.tv\/az\/article\/alagoz-nene-ve-eynulla\/"},"author":{"name":"user-manager","@id":"https:\/\/www.meydan.tv\/az\/#\/schema\/person\/10d11eccf6da3662cf5fdab9806ea91a"},"headline":"Alag\u00f6z n\u0259n\u0259 v\u0259 Eynulla","datePublished":"2017-02-15T13:27:48+00:00","mainEntityOfPage":{"@id":"https:\/\/www.meydan.tv\/az\/article\/alagoz-nene-ve-eynulla\/"},"wordCount":804,"publisher":{"@id":"https:\/\/www.meydan.tv\/az\/#organization"},"image":{"@id":"https:\/\/www.meydan.tv\/az\/article\/alagoz-nene-ve-eynulla\/#primaryimage"},"thumbnailUrl":"https:\/\/www.meydan.tv\/wp-content\/uploads\/28026.jpg","articleSection":["M\u0259nim Fikrimc\u0259"],"inLanguage":"az"},{"@type":"WebPage","@id":"https:\/\/www.meydan.tv\/az\/article\/alagoz-nene-ve-eynulla\/","url":"https:\/\/www.meydan.tv\/az\/article\/alagoz-nene-ve-eynulla\/","name":"Alag\u00f6z n\u0259n\u0259 v\u0259 Eynulla - MEYDAN.TV","isPartOf":{"@id":"https:\/\/www.meydan.tv\/az\/#website"},"primaryImageOfPage":{"@id":"https:\/\/www.meydan.tv\/az\/article\/alagoz-nene-ve-eynulla\/#primaryimage"},"image":{"@id":"https:\/\/www.meydan.tv\/az\/article\/alagoz-nene-ve-eynulla\/#primaryimage"},"thumbnailUrl":"https:\/\/www.meydan.tv\/wp-content\/uploads\/28026.jpg","datePublished":"2017-02-15T13:27:48+00:00","breadcrumb":{"@id":"https:\/\/www.meydan.tv\/az\/article\/alagoz-nene-ve-eynulla\/#breadcrumb"},"inLanguage":"az","potentialAction":[{"@type":"ReadAction","target":["https:\/\/www.meydan.tv\/az\/article\/alagoz-nene-ve-eynulla\/"]}]},{"@type":"ImageObject","inLanguage":"az","@id":"https:\/\/www.meydan.tv\/az\/article\/alagoz-nene-ve-eynulla\/#primaryimage","url":"https:\/\/www.meydan.tv\/wp-content\/uploads\/28026.jpg","contentUrl":"https:\/\/www.meydan.tv\/wp-content\/uploads\/28026.jpg","width":500,"height":300,"caption":"Source:"},{"@type":"BreadcrumbList","@id":"https:\/\/www.meydan.tv\/az\/article\/alagoz-nene-ve-eynulla\/#breadcrumb","itemListElement":[{"@type":"ListItem","position":1,"name":"Ana s\u0259hif\u0259","item":"https:\/\/www.meydan.tv\/az\/"},{"@type":"ListItem","position":2,"name":"M\u0259nim Fikrimc\u0259","item":"https:\/\/www.meydan.tv\/az\/section\/menim-fikrimce\/"},{"@type":"ListItem","position":3,"name":"Alag\u00f6z n\u0259n\u0259 v\u0259 Eynulla"}]},{"@type":"WebSite","@id":"https:\/\/www.meydan.tv\/az\/#website","url":"https:\/\/www.meydan.tv\/az\/","name":"MEYDAN.TV","description":"Meydan TV Az\u0259rbaycan\u0131n media m\u0259kan\u0131ndak\u0131 alternativ s\u0259sidir","publisher":{"@id":"https:\/\/www.meydan.tv\/az\/#organization"},"potentialAction":[{"@type":"SearchAction","target":{"@type":"EntryPoint","urlTemplate":"https:\/\/www.meydan.tv\/az\/?s={search_term_string}"},"query-input":{"@type":"PropertyValueSpecification","valueRequired":true,"valueName":"search_term_string"}}],"inLanguage":"az"},{"@type":"Organization","@id":"https:\/\/www.meydan.tv\/az\/#organization","name":"Meydan TV","url":"https:\/\/www.meydan.tv\/az\/","logo":{"@type":"ImageObject","inLanguage":"az","@id":"https:\/\/www.meydan.tv\/az\/#\/schema\/logo\/image\/","url":"https:\/\/www.meydan.tv\/wp-content\/uploads\/2021\/07\/meydan-logo.svg","contentUrl":"https:\/\/www.meydan.tv\/wp-content\/uploads\/2021\/07\/meydan-logo.svg","width":195,"height":46,"caption":"Meydan TV"},"image":{"@id":"https:\/\/www.meydan.tv\/az\/#\/schema\/logo\/image\/"}},{"@type":"Person","@id":"https:\/\/www.meydan.tv\/az\/#\/schema\/person\/10d11eccf6da3662cf5fdab9806ea91a","name":"user-manager"}]}},"_links":{"self":[{"href":"https:\/\/www.meydan.tv\/az\/wp-json\/wp\/v2\/posts\/182550","targetHints":{"allow":["GET"]}}],"collection":[{"href":"https:\/\/www.meydan.tv\/az\/wp-json\/wp\/v2\/posts"}],"about":[{"href":"https:\/\/www.meydan.tv\/az\/wp-json\/wp\/v2\/types\/post"}],"author":[{"embeddable":true,"href":"https:\/\/www.meydan.tv\/az\/wp-json\/wp\/v2\/users\/11"}],"replies":[{"embeddable":true,"href":"https:\/\/www.meydan.tv\/az\/wp-json\/wp\/v2\/comments?post=182550"}],"version-history":[{"count":0,"href":"https:\/\/www.meydan.tv\/az\/wp-json\/wp\/v2\/posts\/182550\/revisions"}],"wp:featuredmedia":[{"embeddable":true,"href":"https:\/\/www.meydan.tv\/az\/wp-json\/wp\/v2\/media\/72776"}],"wp:attachment":[{"href":"https:\/\/www.meydan.tv\/az\/wp-json\/wp\/v2\/media?parent=182550"}],"wp:term":[{"taxonomy":"category","embeddable":true,"href":"https:\/\/www.meydan.tv\/az\/wp-json\/wp\/v2\/categories?post=182550"},{"taxonomy":"post_tag","embeddable":true,"href":"https:\/\/www.meydan.tv\/az\/wp-json\/wp\/v2\/tags?post=182550"}],"curies":[{"name":"wp","href":"https:\/\/api.w.org\/{rel}","templated":true}]}}