{"id":182546,"date":"2017-02-15T13:11:59","date_gmt":"2017-02-15T13:11:59","guid":{"rendered":"https:\/\/www.meydan.tv\/article\/ferqli-diapazonlar\/"},"modified":"2017-02-15T13:11:59","modified_gmt":"2017-02-15T13:11:59","slug":"ferqli-diapazonlar","status":"publish","type":"post","link":"https:\/\/www.meydan.tv\/az\/article\/ferqli-diapazonlar\/","title":{"rendered":"F\u0259rqli diapazonlar"},"content":{"rendered":"<figure class=\"wp-block-image size-large\">\n  <img decoding=\"async\" src=\"https:\/\/www.meydan.tv\/az\/79274\/\" alt=\"\" class=\"wp-image-79274\"\/><figcaption><\/figcaption><\/figure>\n<figure class=\"wp-block-image size-large\">\n  <img decoding=\"async\" src=\"https:\/\/www.meydan.tv\/az\/ruzgar-movsum\/\" alt=\"R\u00fczgar M\u00f6vs\u00fcm\" class=\"wp-image-79269\"\/><figcaption>\n    R\u00fczgar M\u00f6vs\u00fcm<br \/>\n  <\/figcaption><\/figure>\n<p>\n  D\u00fcn\u0259n c\u0259nab prezidentimizin q\u0259bulundayd\u0131m. D\u00fcz\u00fc, he\u00e7 bilmir\u0259m i\u00e7\u0259ri hans\u0131 qap\u0131dan ke\u00e7mi\u015fdim, m\u0259ni kiml\u0259r yoxlasm\u0131\u015fd\u0131, \u00fcmumiyy\u0259tl\u0259, qeydiyyata al\u0131nm\u0131\u015fm\u0131yd\u0131m? V\u0259 nec\u0259 olmu\u015fdu ki, m\u0259n\u0259 &#8220;\u0259, dur bas bay\u0131ra!&#8221; dem\u0259mi\u015fdil\u0259r? Birc\u0259 onu bilir\u0259m ki, p\u0259nc\u0259r\u0259l\u0259ri a\u00e7\u0131q olan b\u00f6y\u00fck i\u015f\u0131ql\u0131 q\u0259bul ota\u011f\u0131nda onunla \u00fczb\u0259\u00fcz oturmu\u015fduq v\u0259 ona dem\u0259k ist\u0259dikl\u0259rimi art\u0131q yazm\u0131rd\u0131m, s\u0259mimilikl\u0259, birba\u015fa \u00fcz\u00fcn\u0259 deyirdim. Yuxuda.\n<\/p>\n<p>\n  Bilir\u0259m, \u00e7ox t\u0259\u0259cc\u00fcbl\u0259ndiz, \u0259lb\u0259tt\u0259. \u00c7\u00fcnki bu g\u00fcn sizin &#8220;yuxuda&#8221; s\u00f6z\u00fcn\u0259 q\u0259d\u0259r olan c\u00fcml\u0259l\u0259ri oxuya-oxuya nec\u0259 \u015foka d\u00fc\u015f\u0259c\u0259yinizi m\u0259n art\u0131q d\u00fcn\u0259n yazanda t\u0259xmin etmi\u015fdim. Ax\u0131 m\u0259n \u00f6z\u00fcm d\u0259 bu c\u00fcml\u0259l\u0259ri yazanda h\u0259r d\u0259f\u0259 &#8220;yuxuda&#8221; s\u00f6z\u00fcn\u00fc s\u0259trd\u0259 g\u00f6r\u0259n\u0259d\u0259k \u00e7ox h\u0259y\u0259canlan\u0131rd\u0131m.\n<\/p>\n<p>\n  Nec\u0259 adi bir v\u0259t\u0259nda\u015f Az\u0259rbaycan prezidenti il\u0259 \u00fczb\u0259\u00fcz oturub qorxmadan v\u0259 \u00e7\u0259kinm\u0259d\u0259n s\u0259mimi s\u00f6hb\u0259t edir? Bu, n\u0259 f\u00f6vq\u0259lad\u0259 c\u0259sar\u0259t? Bu, n\u0259 c\u00fcr\u0259t? &#8220;Ax\u0131 m\u0259n kim\u0259m?&#8221; Yox. \u018flb\u0259tt\u0259 ki, bu bir yuxu idi. Ba\u015fqa c\u00fcr ola da bilm\u0259zdi. Bug\u00fcnk\u00fc Az\u0259rbaycanda, bu, do\u011frudan da, ancaq v\u0259 ancaq yuxu ola bil\u0259r. Prezident Kanadan\u0131n ba\u015f naziri deyil ki, ona gah k\u00fc\u00e7\u0259d\u0259 rast g\u0259l\u0259k, gah da parkda. Ya da metroda g\u00f6r\u00fcb &#8220;selfie&#8221; \u00e7\u0259kdir\u0259k.\n<\/p>\n<p>\n  Q\u0259bul ota\u011f\u0131 isti olsa da, m\u0259n \u00fc\u015f\u00fcy\u00fcrd\u00fcm. Titr\u0259yirdim. \u00c7ox \u00e7\u0259km\u0259di, bu titr\u0259m\u0259nin s\u0259b\u0259bini anlad\u0131m \u2013 qorxu. Yox, onunla dan\u0131\u015fmaq qorxusu yox. Adamyey\u0259n deyil ki! Qorxu \u2013 ona dey\u0259c\u0259kl\u0259rimd\u0259n sonra m\u0259nim ail\u0259min, \u0259zizl\u0259rimin ba\u015f\u0131na g\u0259l\u0259 bil\u0259c\u0259k m\u00fcsib\u0259tl\u0259rin qorxusu idi. Prezident \u015f\u0259xs\u0259n \u00f6z\u00fc adamyey\u0259n olmasa da, onun sistemi adamyey\u0259n bir monstrd\u0131r v\u0259 biz bu monstr\u0131n adamlar\u0131 nec\u0259 yediyini d\u0259f\u0259l\u0259rl\u0259 g\u00f6rm\u00fc\u015f\u00fck. Bu monstr\u0131n torbas\u0131ndak\u0131 narkotik madd\u0259l\u0259r Az\u0259rbaycan\u0131n b\u00fct\u00fcn i\u015f\u0131ql\u0131 g\u0259ncl\u0259rinin evini y\u0131xma\u011fa b\u0259s ed\u0259r. Bu monstr\u0131n terror siyas\u0259tin\u0259 sa\u011f olsayd\u0131, b\u0259lk\u0259 Trotskiy, ya da Leninin \u00f6z\u00fc bel\u0259, pax\u0131ll\u0131q ed\u0259rdi.\n<\/p>\n<p>\n  Sonra titr\u0259m\u0259m ke\u00e7di. Bird\u0259n, aya\u011fa durub dedim ki, bilirsiz n\u0259 var, bunu kims\u0259 bir g\u00fcn sizin \u00fcz\u00fcn\u00fcz\u0259 dem\u0259liydi. Kims\u0259 bu s\u00f6zl\u0259ri \u00fcr\u0259yind\u0259n dart\u0131\u015fd\u0131r\u0131b uzun ill\u0259r h\u0259qiq\u0259ti dem\u0259y\u0259 qorxan dilin\u0259 g\u0259tirm\u0259liydi. Bunu dem\u0259m\u0259k \u0259sl al\u00e7aql\u0131qd\u0131r, \u015f\u0259r\u0259fsizlikdir, cinay\u0259tdir. Olmaz bel\u0259 ya\u015famaq. Y\u0259ni, siz, do\u011frudan da, ba\u015fa d\u00fc\u015fm\u00fcrs\u00fcz ki, olmaz? Sonra yuxuda bunlar\u0131n ham\u0131s\u0131n\u0131n yuxu oldu\u011funu anlad\u0131m. Bir az da c\u0259sar\u0259tl\u0259ndim. Dedim ki, siz bizim ki\u015fil\u0259ri \u00e7\u00f6r\u0259kl\u0259 el\u0259 imtahana \u00e7\u0259kmisiz ki, ail\u0259l\u0259rini doland\u0131rmaqda o q\u0259d\u0259r aciz etmisiz ki, bizim ki\u015fil\u0259r x\u0259cal\u0259tl\u0259rind\u0259n \u00f6l\u00fcrl\u0259r. Bax el\u0259 bu saat \u00f6l\u00fcrl\u0259r, bu saniy\u0259. G\u00fcnd\u0259 12-13 saat i\u015fl\u0259m\u0259kd\u0259n \u0259l\u0259ri qabar-qabar olan, beli b\u00fck\u00fcl\u0259n qad\u0131nlar\u0131m\u0131z\u0131n \u00f6zl\u0259rini qad\u0131n hiss etm\u0259y\u0259 n\u0259 vaxtlar\u0131 n\u0259 d\u0259 imkanlar\u0131 qalmay\u0131b.\n<\/p>\n<p>\n  C\u0259nab prezident, siz n\u0259 vaxtsa ax\u015fam ev\u0259 \u00e7\u00f6r\u0259k g\u0259tir\u0259 bilm\u0259y\u0259n bir atan\u0131n k\u0259d\u0259rli g\u00f6zl\u0259rinin i\u00e7in\u0259 bax\u0131b, onun faci\u0259sini duyma\u011fa \u00e7al\u0131\u015fm\u0131s\u0131n\u0131zm\u0131? O g\u00f6zl\u0259rd\u0259ki a\u011fr\u0131n\u0131 hiss etmisinizmi? He\u00e7 d\u00fc\u015f\u00fcnm\u00fcsn\u00fcz ki, adam\u0131n evd\u0259 x\u0259st\u0259si olanda v\u0259 ona d\u0259rman alma\u011fa pul tapmayanda, a\u011fr\u0131dan, el\u0259 bil, adam\u0131n qaraciy\u0259rini diri-diri mi\u015farlay\u0131rlar? K\u00f6rp\u0259sin\u0259 yem\u0259k almaq \u00fc\u00e7\u00fcn kimins\u0259 \u00fcst\u00fcn\u0259 borca ged\u0259n ki\u015fil\u0259rin, qad\u0131nlar\u0131n boyunlar\u0131n\u0131n b\u00fck\u00fclm\u0259kd\u0259n nec\u0259 qat k\u0259sdiyini, m\u0259\u011fmun sif\u0259t etm\u0259kd\u0259ns\u0259, g\u00f6zl\u0259rinin nec\u0259 q\u0131r\u0131\u015fd\u0131\u011f\u0131n\u0131, onlar\u0131n cavan ya\u015fda nec\u0259 qocald\u0131\u011f\u0131n\u0131 bilirsinizmi?\n<\/p>\n<p>\n  Sevincind\u0259n ail\u0259sinin yan\u0131na \u0259li dolu, u\u00e7a-u\u00e7a g\u0259lm\u0259yin \u0259v\u0259zin\u0259, pulsuz atalar utand\u0131qlar\u0131ndan evl\u0259rin\u0259 yar\u0131m saatl\u0131q m\u0259saf\u0259ni uzad\u0131b, ancaq balalar yatandan sonra s\u00fcr\u00fcn\u0259r\u0259k g\u0259lib \u00e7\u0131x\u0131rlar ki, u\u015faqlar onlar\u0131n \u00fcz\u00fcnd\u0259ki sanc\u0131n\u0131 g\u00f6rm\u0259sin. Analar is\u0259 evd\u0259 yem\u0259y\u0259 bir \u015fey tapmayanda, quru \u00e7\u00f6r\u0259yin \u00fcst\u00fcn\u0259 sirk\u0259 damc\u0131lad\u0131b balalar\u0131na verirl\u0259r. Bu m\u0259ml\u0259k\u0259td\u0259 xo\u015fb\u0259xt valideyin olmaq \u0259l\u00e7atmaz bir arzuya \u00e7evrilib. Utopiya olub.\n<\/p>\n<p>\n  Oxuduq ki, sizin q\u0259rarla xaricd\u0259 ya\u015fayan az\u0259rbaycanl\u0131lara maddi yard\u0131m verilm\u0259si bar\u0259d\u0259 qanun layih\u0259si haz\u0131rlan\u0131r. M\u0259nc\u0259, birinci xaricd\u0259 yox, daxild\u0259, v\u0259t\u0259nd\u0259 ya\u015fayan az\u0259rbaycanl\u0131lar\u0131n maddi probleml\u0259rini h\u0259ll ets\u0259niz, sizd\u0259n he\u00e7 kim incim\u0259z.\n<\/p>\n<p>\n  Ba\u015fa d\u00fc\u015f\u00fcn ki, siz v\u0259 komandan\u0131z biz\u0259 inki\u015faf ad\u0131yla b\u0259db\u0259xt h\u0259yat s\u0131r\u0131y\u0131r. Vaxt\u0131 ke\u00e7mi\u015f \u0259rzaqdan nec\u0259 istifad\u0259 etm\u0259k olmazsa, sabah il\u0259 deyil, d\u00fcn\u0259n il\u0259, g\u0259l\u0259c\u0259k il\u0259 deyil, ke\u00e7mi\u015f il\u0259 ya\u015fayan m\u0259mur komandas\u0131yla da el\u0259 sizin apard\u0131\u011f\u0131n\u0131z sa\u011flam v\u0259 \u00e7a\u011fda\u015f olmayan siyas\u0259tl\u0259 d\u0259 inki\u015faf etm\u0259k olmaz. Xalq inan\u0131b, inan\u0131b, indi is\u0259 inanmaqdan yorulub. Xalq\u0131 aldad\u0131blar. Xalq \u00e7a\u015fq\u0131nd\u0131r. Bu g\u00fcn Az\u0259rbaycanda d\u00fc\u015f\u00fcn\u0259 bil\u0259n insanlar hans\u0131sa futbol komandas\u0131na daha \u00e7ox inan\u0131rlar, n\u0259inki, siz\u0259 v\u0259 komandan\u0131za.\n<\/p>\n<p>\n  Siz deyirsiniz ki, inki\u015faf edirik. B\u0259li. Siz inki\u015faf edirsiniz, biz yox. Siz \u00f6z g\u00f6z\u00fcn\u00fczd\u0259 ucal\u0131rs\u0131n\u0131z, ucal\u0131rs\u0131n\u0131z, biz is\u0259 b\u00f6y\u00fck probleml\u0259rin qar\u015f\u0131s\u0131nda balacala\u015f\u0131r\u0131q. Siz \u00f6z\u00fcn\u00fcz\u00fc ucaltd\u0131qca, xalq\u0131 bat\u0131r\u0131rs\u0131n\u0131z. El\u0259 bu d\u0259qiq\u0259 m\u0259n bu s\u00f6zl\u0259ri yazanda bel\u0259, Az\u0259rbaycanda kims\u0259 d\u0259rd i\u00e7ind\u0259 bat\u0131r. B\u00f6y\u00fck k\u00f6rp\u00fcl\u0259r, g\u00f6yd\u0259l\u0259nl\u0259r tikirsiniz ki, g\u00fcya q\u00fcdr\u0259tliyik, amma o h\u00fcnd\u00fcr m\u0259rt\u0259b\u0259li binalar, b\u00f6y\u00fck k\u00f6rp\u00fcl\u0259r intihar \u00fc\u00e7\u00fcn istifad\u0259 olunur.\n<\/p>\n<p>\n  Sanki siz xalqla ba\u015fqa-ba\u015fqa diapazonlardas\u0131n\u0131z, xahi\u015f edirik, h\u0259rd\u0259n dal\u011fan\u0131z\u0131 d\u0259yi\u015fin. Xo\u015f arzularla u\u00e7acaq adamlar g\u00f6y\u0259 yox, h\u00fcnd\u00fcr m\u0259rt\u0259b\u0259li binalardan \u00fcz\u00fc a\u015fa\u011f\u0131 \u00f6l\u00fcm\u0259 sar\u0131 u\u00e7urlar. Onlar \u00f6ld\u00fckd\u0259n sonra is\u0259 sizin q\u0259srl\u0259r d\u0259, h\u00fcnd\u00fcr k\u00f6rp\u00fcl\u0259r d\u0259, binalar da intihar etmi\u015f v\u0259t\u0259nda\u015flar\u0131n s\u0259si il\u0259 a\u011flay\u0131r. Bilirsiniz, gec\u0259l\u0259r yatmaq ist\u0259y\u0259nd\u0259, el\u0259 bil, d\u00fcnyan\u0131n h\u0259r yerind\u0259n onlar\u0131n &#8211; intihar etmi\u015f v\u0259t\u0259nda\u015flar\u0131m\u0131z\u0131n s\u0259si g\u0259lir.\n<\/p>\n<p>\n  Siz e\u015fitmirsiniz?<\/p>\n","protected":false},"excerpt":{"rendered":"<p>D\u00fcn\u0259n c\u0259nab prezidentimizin q\u0259bulundayd\u0131m.<\/p>\n","protected":false},"author":11,"featured_media":79274,"comment_status":"closed","ping_status":"open","sticky":false,"template":"","format":"standard","meta":{"_acf_changed":false,"_sitemap_exclude":false,"_sitemap_priority":"","_sitemap_frequency":"","footnotes":""},"categories":[57],"tags":[],"class_list":["post-182546","post","type-post","status-publish","format-standard","has-post-thumbnail","hentry","category-menim-fikrimce","infinite-scroll-item","generate-columns","tablet-grid-50","mobile-grid-100","grid-parent","grid-33","no-featured-image-padding"],"acf":[],"yoast_head":"<!-- This site is optimized with the Yoast SEO plugin v27.5 - https:\/\/yoast.com\/product\/yoast-seo-wordpress\/ -->\n<title>F\u0259rqli diapazonlar - MEYDAN.TV<\/title>\n<meta name=\"robots\" content=\"index, follow, max-snippet:-1, max-image-preview:large, max-video-preview:-1\" \/>\n<link rel=\"canonical\" href=\"https:\/\/www.meydan.tv\/az\/article\/ferqli-diapazonlar\/\" \/>\n<meta property=\"og:locale\" content=\"az_AZ\" \/>\n<meta property=\"og:type\" content=\"article\" \/>\n<meta property=\"og:title\" content=\"F\u0259rqli diapazonlar - MEYDAN.TV\" \/>\n<meta property=\"og:description\" content=\"D\u00fcn\u0259n c\u0259nab prezidentimizin q\u0259bulundayd\u0131m.\" \/>\n<meta property=\"og:url\" content=\"https:\/\/www.meydan.tv\/az\/article\/ferqli-diapazonlar\/\" \/>\n<meta property=\"og:site_name\" content=\"MEYDAN.TV\" \/>\n<meta property=\"article:published_time\" content=\"2017-02-15T13:11:59+00:00\" \/>\n<meta property=\"og:image\" content=\"https:\/\/www.meydan.tv\/wp-content\/uploads\/30893.jpg\" \/>\n\t<meta property=\"og:image:width\" content=\"600\" \/>\n\t<meta property=\"og:image:height\" content=\"370\" \/>\n\t<meta property=\"og:image:type\" content=\"image\/jpeg\" \/>\n<meta name=\"author\" content=\"user-manager\" \/>\n<meta name=\"twitter:card\" content=\"summary_large_image\" \/>\n<script type=\"application\/ld+json\" class=\"yoast-schema-graph\">{\"@context\":\"https:\\\/\\\/schema.org\",\"@graph\":[{\"@type\":\"Article\",\"@id\":\"https:\\\/\\\/www.meydan.tv\\\/az\\\/article\\\/ferqli-diapazonlar\\\/#article\",\"isPartOf\":{\"@id\":\"https:\\\/\\\/www.meydan.tv\\\/az\\\/article\\\/ferqli-diapazonlar\\\/\"},\"author\":{\"name\":\"user-manager\",\"@id\":\"https:\\\/\\\/www.meydan.tv\\\/az\\\/#\\\/schema\\\/person\\\/10d11eccf6da3662cf5fdab9806ea91a\"},\"headline\":\"F\u0259rqli diapazonlar\",\"datePublished\":\"2017-02-15T13:11:59+00:00\",\"mainEntityOfPage\":{\"@id\":\"https:\\\/\\\/www.meydan.tv\\\/az\\\/article\\\/ferqli-diapazonlar\\\/\"},\"wordCount\":1241,\"publisher\":{\"@id\":\"https:\\\/\\\/www.meydan.tv\\\/az\\\/#organization\"},\"image\":{\"@id\":\"https:\\\/\\\/www.meydan.tv\\\/az\\\/article\\\/ferqli-diapazonlar\\\/#primaryimage\"},\"thumbnailUrl\":\"https:\\\/\\\/www.meydan.tv\\\/wp-content\\\/uploads\\\/30893.jpg\",\"articleSection\":[\"M\u0259nim Fikrimc\u0259\"],\"inLanguage\":\"az\"},{\"@type\":\"WebPage\",\"@id\":\"https:\\\/\\\/www.meydan.tv\\\/az\\\/article\\\/ferqli-diapazonlar\\\/\",\"url\":\"https:\\\/\\\/www.meydan.tv\\\/az\\\/article\\\/ferqli-diapazonlar\\\/\",\"name\":\"F\u0259rqli diapazonlar - MEYDAN.TV\",\"isPartOf\":{\"@id\":\"https:\\\/\\\/www.meydan.tv\\\/az\\\/#website\"},\"primaryImageOfPage\":{\"@id\":\"https:\\\/\\\/www.meydan.tv\\\/az\\\/article\\\/ferqli-diapazonlar\\\/#primaryimage\"},\"image\":{\"@id\":\"https:\\\/\\\/www.meydan.tv\\\/az\\\/article\\\/ferqli-diapazonlar\\\/#primaryimage\"},\"thumbnailUrl\":\"https:\\\/\\\/www.meydan.tv\\\/wp-content\\\/uploads\\\/30893.jpg\",\"datePublished\":\"2017-02-15T13:11:59+00:00\",\"breadcrumb\":{\"@id\":\"https:\\\/\\\/www.meydan.tv\\\/az\\\/article\\\/ferqli-diapazonlar\\\/#breadcrumb\"},\"inLanguage\":\"az\",\"potentialAction\":[{\"@type\":\"ReadAction\",\"target\":[\"https:\\\/\\\/www.meydan.tv\\\/az\\\/article\\\/ferqli-diapazonlar\\\/\"]}]},{\"@type\":\"ImageObject\",\"inLanguage\":\"az\",\"@id\":\"https:\\\/\\\/www.meydan.tv\\\/az\\\/article\\\/ferqli-diapazonlar\\\/#primaryimage\",\"url\":\"https:\\\/\\\/www.meydan.tv\\\/wp-content\\\/uploads\\\/30893.jpg\",\"contentUrl\":\"https:\\\/\\\/www.meydan.tv\\\/wp-content\\\/uploads\\\/30893.jpg\",\"width\":600,\"height\":370,\"caption\":\"Source:\"},{\"@type\":\"BreadcrumbList\",\"@id\":\"https:\\\/\\\/www.meydan.tv\\\/az\\\/article\\\/ferqli-diapazonlar\\\/#breadcrumb\",\"itemListElement\":[{\"@type\":\"ListItem\",\"position\":1,\"name\":\"Ana s\u0259hif\u0259\",\"item\":\"https:\\\/\\\/www.meydan.tv\\\/az\\\/\"},{\"@type\":\"ListItem\",\"position\":2,\"name\":\"M\u0259nim Fikrimc\u0259\",\"item\":\"https:\\\/\\\/www.meydan.tv\\\/az\\\/section\\\/menim-fikrimce\\\/\"},{\"@type\":\"ListItem\",\"position\":3,\"name\":\"F\u0259rqli diapazonlar\"}]},{\"@type\":\"WebSite\",\"@id\":\"https:\\\/\\\/www.meydan.tv\\\/az\\\/#website\",\"url\":\"https:\\\/\\\/www.meydan.tv\\\/az\\\/\",\"name\":\"MEYDAN.TV\",\"description\":\"Meydan TV Az\u0259rbaycan\u0131n media m\u0259kan\u0131ndak\u0131 alternativ s\u0259sidir\",\"publisher\":{\"@id\":\"https:\\\/\\\/www.meydan.tv\\\/az\\\/#organization\"},\"potentialAction\":[{\"@type\":\"SearchAction\",\"target\":{\"@type\":\"EntryPoint\",\"urlTemplate\":\"https:\\\/\\\/www.meydan.tv\\\/az\\\/?s={search_term_string}\"},\"query-input\":{\"@type\":\"PropertyValueSpecification\",\"valueRequired\":true,\"valueName\":\"search_term_string\"}}],\"inLanguage\":\"az\"},{\"@type\":\"Organization\",\"@id\":\"https:\\\/\\\/www.meydan.tv\\\/az\\\/#organization\",\"name\":\"Meydan TV\",\"url\":\"https:\\\/\\\/www.meydan.tv\\\/az\\\/\",\"logo\":{\"@type\":\"ImageObject\",\"inLanguage\":\"az\",\"@id\":\"https:\\\/\\\/www.meydan.tv\\\/az\\\/#\\\/schema\\\/logo\\\/image\\\/\",\"url\":\"https:\\\/\\\/www.meydan.tv\\\/wp-content\\\/uploads\\\/2021\\\/07\\\/meydan-logo.svg\",\"contentUrl\":\"https:\\\/\\\/www.meydan.tv\\\/wp-content\\\/uploads\\\/2021\\\/07\\\/meydan-logo.svg\",\"width\":195,\"height\":46,\"caption\":\"Meydan TV\"},\"image\":{\"@id\":\"https:\\\/\\\/www.meydan.tv\\\/az\\\/#\\\/schema\\\/logo\\\/image\\\/\"}},{\"@type\":\"Person\",\"@id\":\"https:\\\/\\\/www.meydan.tv\\\/az\\\/#\\\/schema\\\/person\\\/10d11eccf6da3662cf5fdab9806ea91a\",\"name\":\"user-manager\"}]}<\/script>\n<!-- \/ Yoast SEO plugin. -->","yoast_head_json":{"title":"F\u0259rqli diapazonlar - MEYDAN.TV","robots":{"index":"index","follow":"follow","max-snippet":"max-snippet:-1","max-image-preview":"max-image-preview:large","max-video-preview":"max-video-preview:-1"},"canonical":"https:\/\/www.meydan.tv\/az\/article\/ferqli-diapazonlar\/","og_locale":"az_AZ","og_type":"article","og_title":"F\u0259rqli diapazonlar - MEYDAN.TV","og_description":"D\u00fcn\u0259n c\u0259nab prezidentimizin q\u0259bulundayd\u0131m.","og_url":"https:\/\/www.meydan.tv\/az\/article\/ferqli-diapazonlar\/","og_site_name":"MEYDAN.TV","article_published_time":"2017-02-15T13:11:59+00:00","og_image":[{"width":600,"height":370,"url":"https:\/\/www.meydan.tv\/wp-content\/uploads\/30893.jpg","type":"image\/jpeg"}],"author":"user-manager","twitter_card":"summary_large_image","schema":{"@context":"https:\/\/schema.org","@graph":[{"@type":"Article","@id":"https:\/\/www.meydan.tv\/az\/article\/ferqli-diapazonlar\/#article","isPartOf":{"@id":"https:\/\/www.meydan.tv\/az\/article\/ferqli-diapazonlar\/"},"author":{"name":"user-manager","@id":"https:\/\/www.meydan.tv\/az\/#\/schema\/person\/10d11eccf6da3662cf5fdab9806ea91a"},"headline":"F\u0259rqli diapazonlar","datePublished":"2017-02-15T13:11:59+00:00","mainEntityOfPage":{"@id":"https:\/\/www.meydan.tv\/az\/article\/ferqli-diapazonlar\/"},"wordCount":1241,"publisher":{"@id":"https:\/\/www.meydan.tv\/az\/#organization"},"image":{"@id":"https:\/\/www.meydan.tv\/az\/article\/ferqli-diapazonlar\/#primaryimage"},"thumbnailUrl":"https:\/\/www.meydan.tv\/wp-content\/uploads\/30893.jpg","articleSection":["M\u0259nim Fikrimc\u0259"],"inLanguage":"az"},{"@type":"WebPage","@id":"https:\/\/www.meydan.tv\/az\/article\/ferqli-diapazonlar\/","url":"https:\/\/www.meydan.tv\/az\/article\/ferqli-diapazonlar\/","name":"F\u0259rqli diapazonlar - MEYDAN.TV","isPartOf":{"@id":"https:\/\/www.meydan.tv\/az\/#website"},"primaryImageOfPage":{"@id":"https:\/\/www.meydan.tv\/az\/article\/ferqli-diapazonlar\/#primaryimage"},"image":{"@id":"https:\/\/www.meydan.tv\/az\/article\/ferqli-diapazonlar\/#primaryimage"},"thumbnailUrl":"https:\/\/www.meydan.tv\/wp-content\/uploads\/30893.jpg","datePublished":"2017-02-15T13:11:59+00:00","breadcrumb":{"@id":"https:\/\/www.meydan.tv\/az\/article\/ferqli-diapazonlar\/#breadcrumb"},"inLanguage":"az","potentialAction":[{"@type":"ReadAction","target":["https:\/\/www.meydan.tv\/az\/article\/ferqli-diapazonlar\/"]}]},{"@type":"ImageObject","inLanguage":"az","@id":"https:\/\/www.meydan.tv\/az\/article\/ferqli-diapazonlar\/#primaryimage","url":"https:\/\/www.meydan.tv\/wp-content\/uploads\/30893.jpg","contentUrl":"https:\/\/www.meydan.tv\/wp-content\/uploads\/30893.jpg","width":600,"height":370,"caption":"Source:"},{"@type":"BreadcrumbList","@id":"https:\/\/www.meydan.tv\/az\/article\/ferqli-diapazonlar\/#breadcrumb","itemListElement":[{"@type":"ListItem","position":1,"name":"Ana s\u0259hif\u0259","item":"https:\/\/www.meydan.tv\/az\/"},{"@type":"ListItem","position":2,"name":"M\u0259nim Fikrimc\u0259","item":"https:\/\/www.meydan.tv\/az\/section\/menim-fikrimce\/"},{"@type":"ListItem","position":3,"name":"F\u0259rqli diapazonlar"}]},{"@type":"WebSite","@id":"https:\/\/www.meydan.tv\/az\/#website","url":"https:\/\/www.meydan.tv\/az\/","name":"MEYDAN.TV","description":"Meydan TV Az\u0259rbaycan\u0131n media m\u0259kan\u0131ndak\u0131 alternativ s\u0259sidir","publisher":{"@id":"https:\/\/www.meydan.tv\/az\/#organization"},"potentialAction":[{"@type":"SearchAction","target":{"@type":"EntryPoint","urlTemplate":"https:\/\/www.meydan.tv\/az\/?s={search_term_string}"},"query-input":{"@type":"PropertyValueSpecification","valueRequired":true,"valueName":"search_term_string"}}],"inLanguage":"az"},{"@type":"Organization","@id":"https:\/\/www.meydan.tv\/az\/#organization","name":"Meydan TV","url":"https:\/\/www.meydan.tv\/az\/","logo":{"@type":"ImageObject","inLanguage":"az","@id":"https:\/\/www.meydan.tv\/az\/#\/schema\/logo\/image\/","url":"https:\/\/www.meydan.tv\/wp-content\/uploads\/2021\/07\/meydan-logo.svg","contentUrl":"https:\/\/www.meydan.tv\/wp-content\/uploads\/2021\/07\/meydan-logo.svg","width":195,"height":46,"caption":"Meydan TV"},"image":{"@id":"https:\/\/www.meydan.tv\/az\/#\/schema\/logo\/image\/"}},{"@type":"Person","@id":"https:\/\/www.meydan.tv\/az\/#\/schema\/person\/10d11eccf6da3662cf5fdab9806ea91a","name":"user-manager"}]}},"_links":{"self":[{"href":"https:\/\/www.meydan.tv\/az\/wp-json\/wp\/v2\/posts\/182546","targetHints":{"allow":["GET"]}}],"collection":[{"href":"https:\/\/www.meydan.tv\/az\/wp-json\/wp\/v2\/posts"}],"about":[{"href":"https:\/\/www.meydan.tv\/az\/wp-json\/wp\/v2\/types\/post"}],"author":[{"embeddable":true,"href":"https:\/\/www.meydan.tv\/az\/wp-json\/wp\/v2\/users\/11"}],"replies":[{"embeddable":true,"href":"https:\/\/www.meydan.tv\/az\/wp-json\/wp\/v2\/comments?post=182546"}],"version-history":[{"count":0,"href":"https:\/\/www.meydan.tv\/az\/wp-json\/wp\/v2\/posts\/182546\/revisions"}],"wp:featuredmedia":[{"embeddable":true,"href":"https:\/\/www.meydan.tv\/az\/wp-json\/wp\/v2\/media\/79274"}],"wp:attachment":[{"href":"https:\/\/www.meydan.tv\/az\/wp-json\/wp\/v2\/media?parent=182546"}],"wp:term":[{"taxonomy":"category","embeddable":true,"href":"https:\/\/www.meydan.tv\/az\/wp-json\/wp\/v2\/categories?post=182546"},{"taxonomy":"post_tag","embeddable":true,"href":"https:\/\/www.meydan.tv\/az\/wp-json\/wp\/v2\/tags?post=182546"}],"curies":[{"name":"wp","href":"https:\/\/api.w.org\/{rel}","templated":true}]}}