{"id":182514,"date":"2017-02-14T01:08:25","date_gmt":"2017-02-14T01:08:25","guid":{"rendered":"https:\/\/www.meydan.tv\/article\/world-press-musabiqesi-uzre-ilin-fotolari-secildi\/"},"modified":"2021-10-29T16:12:15","modified_gmt":"2021-10-29T12:12:15","slug":"world-press-musabiqesi-uzre-ilin-fotolari-secildi","status":"publish","type":"post","link":"https:\/\/www.meydan.tv\/az\/article\/world-press-musabiqesi-uzre-ilin-fotolari-secildi\/","title":{"rendered":"&#8221;World Press&#8221; m\u00fcsabiq\u0259si \u00fczr\u0259 ilin fotolar\u0131 se\u00e7ildi"},"content":{"rendered":"<figure class=\"wp-block-image size-large\">\n  <img decoding=\"async\" src=\"https:\/\/www.meydan.tv\/az\/muasir-dovrun-problemleri-kateqoriyasinda-fototarix-nominasiyasinda-birinci-yer-polis-dakota-access-pipeline-neft-kemerinin-tikintisine-etiraz-edenlerin-aksiyasini-dagidir-foto-amber\/\" alt=\"&#8221;M\u00fcasir d\u00f6vr\u00fcn probleml\u0259ri&#8221; kateqoriyas\u0131nda &#8221;Fototarix&#8221; nominasiyas\u0131nda birinci yer. Polis Dakota Access Pipeline neft k\u0259m\u0259rinin tikintisin\u0259 etiraz ed\u0259nl\u0259rin aksiyas\u0131n\u0131 da\u011f\u0131d\u0131r Foto: Amber Bracken\" class=\"wp-image-79167\"\/><figcaption>\n    &#8221;M\u00fcasir d\u00f6vr\u00fcn probleml\u0259ri&#8221; kateqoriyas\u0131nda &#8221;Fototarix&#8221; nominasiyas\u0131nda birinci yer. Polis Dakota Access Pipeline neft k\u0259m\u0259rinin tikintisin\u0259 etiraz ed\u0259nl\u0259rin aksiyas\u0131n\u0131 da\u011f\u0131d\u0131r Foto: Amber Bracken<br \/>\n  <\/figcaption><\/figure>\n<p>\n  Fevral\u0131n 13-d\u0259 fotojurnalistl\u0259r \u00fc\u00e7\u00fcn ilin \u0259n n\u00fcfuzlu &#8220;&#8221;World Press Photo&#8221; m\u00fckafat\u0131n\u0131n qalibl\u0259rinin adlar\u0131 a\u00e7\u0131qlan\u0131b. &#8220;\u0130lin \u015f\u0259kli&#8221; nominasiyas\u0131nda Rusiyan\u0131n T\u00fcrkiy\u0259d\u0259ki s\u0259firi Andrey Karlovun q\u0259tl an\u0131n\u0131 lent\u0259 alm\u0131\u015f Buxran Ozbilic qalib olub. \u00dcmumilikd\u0259 yar\u0131\u015fda 125 \u00f6lk\u0259d\u0259n 5 mind\u0259n art\u0131q fotoqraf i\u015ftirak edib, onlar m\u00fcnsifl\u0259r\u0259 80 mind\u0259n art\u0131q \u015f\u0259kil g\u00f6nd\u0259rib. 2017-ci ild\u0259 &#8220;World Press Photo&#8221; 60-c\u0131 d\u0259f\u0259 t\u0259qdim edilib.<\/p>\n","protected":false},"excerpt":{"rendered":"<p>Fevral\u0131n 13-d\u0259 fotojurnalistl\u0259r \u00fc\u00e7\u00fcn ilin \u0259n n\u00fcfuzlu &#8220;&#8221;World Press Photo&#8221; m\u00fckafat\u0131n\u0131n qalibl\u0259rinin adlar\u0131 a\u00e7\u0131qlan\u0131b.<\/p>\n","protected":false},"author":11,"featured_media":79167,"comment_status":"closed","ping_status":"open","sticky":false,"template":"","format":"standard","meta":{"_acf_changed":false,"_sitemap_exclude":false,"_sitemap_priority":"","_sitemap_frequency":"","footnotes":""},"categories":[58],"tags":[],"class_list":["post-182514","post","type-post","status-publish","format-standard","has-post-thumbnail","hentry","category-fotoreportaj","infinite-scroll-item","generate-columns","tablet-grid-50","mobile-grid-100","grid-parent","grid-33","no-featured-image-padding"],"acf":[],"yoast_head":"<!-- This site is optimized with the Yoast SEO plugin v27.4 - https:\/\/yoast.com\/product\/yoast-seo-wordpress\/ -->\n<title>&#039;&#039;World Press&#039;&#039; m\u00fcsabiq\u0259si \u00fczr\u0259 ilin fotolar\u0131 se\u00e7ildi - MEYDAN.TV<\/title>\n<meta name=\"robots\" content=\"index, follow, max-snippet:-1, max-image-preview:large, max-video-preview:-1\" \/>\n<link rel=\"canonical\" href=\"https:\/\/www.meydan.tv\/az\/article\/world-press-musabiqesi-uzre-ilin-fotolari-secildi\/\" \/>\n<meta property=\"og:locale\" content=\"az_AZ\" \/>\n<meta property=\"og:type\" content=\"article\" \/>\n<meta property=\"og:title\" content=\"&#039;&#039;World Press&#039;&#039; m\u00fcsabiq\u0259si \u00fczr\u0259 ilin fotolar\u0131 se\u00e7ildi - MEYDAN.TV\" \/>\n<meta property=\"og:description\" content=\"Fevral\u0131n 13-d\u0259 fotojurnalistl\u0259r \u00fc\u00e7\u00fcn ilin \u0259n n\u00fcfuzlu &quot;&quot;World Press Photo&quot; m\u00fckafat\u0131n\u0131n qalibl\u0259rinin adlar\u0131 a\u00e7\u0131qlan\u0131b.\" \/>\n<meta property=\"og:url\" content=\"https:\/\/www.meydan.tv\/az\/article\/world-press-musabiqesi-uzre-ilin-fotolari-secildi\/\" \/>\n<meta property=\"og:site_name\" content=\"MEYDAN.TV\" \/>\n<meta property=\"article:published_time\" content=\"2017-02-14T01:08:25+00:00\" \/>\n<meta property=\"article:modified_time\" content=\"2021-10-29T12:12:15+00:00\" \/>\n<meta property=\"og:image\" content=\"https:\/\/www.meydan.tv\/wp-content\/uploads\/30840.jpg\" \/>\n\t<meta property=\"og:image:width\" content=\"1280\" \/>\n\t<meta property=\"og:image:height\" content=\"853\" \/>\n\t<meta property=\"og:image:type\" content=\"image\/jpeg\" \/>\n<meta name=\"author\" content=\"user-manager\" \/>\n<meta name=\"twitter:card\" content=\"summary_large_image\" \/>\n<script type=\"application\/ld+json\" class=\"yoast-schema-graph\">{\"@context\":\"https:\\\/\\\/schema.org\",\"@graph\":[{\"@type\":\"Article\",\"@id\":\"https:\\\/\\\/www.meydan.tv\\\/az\\\/article\\\/world-press-musabiqesi-uzre-ilin-fotolari-secildi\\\/#article\",\"isPartOf\":{\"@id\":\"https:\\\/\\\/www.meydan.tv\\\/az\\\/article\\\/world-press-musabiqesi-uzre-ilin-fotolari-secildi\\\/\"},\"author\":{\"name\":\"user-manager\",\"@id\":\"https:\\\/\\\/www.meydan.tv\\\/az\\\/#\\\/schema\\\/person\\\/10d11eccf6da3662cf5fdab9806ea91a\"},\"headline\":\"&#8221;World Press&#8221; m\u00fcsabiq\u0259si \u00fczr\u0259 ilin fotolar\u0131 se\u00e7ildi\",\"datePublished\":\"2017-02-14T01:08:25+00:00\",\"dateModified\":\"2021-10-29T12:12:15+00:00\",\"mainEntityOfPage\":{\"@id\":\"https:\\\/\\\/www.meydan.tv\\\/az\\\/article\\\/world-press-musabiqesi-uzre-ilin-fotolari-secildi\\\/\"},\"wordCount\":129,\"publisher\":{\"@id\":\"https:\\\/\\\/www.meydan.tv\\\/az\\\/#organization\"},\"image\":{\"@id\":\"https:\\\/\\\/www.meydan.tv\\\/az\\\/article\\\/world-press-musabiqesi-uzre-ilin-fotolari-secildi\\\/#primaryimage\"},\"thumbnailUrl\":\"https:\\\/\\\/www.meydan.tv\\\/wp-content\\\/uploads\\\/30840.jpg\",\"articleSection\":[\"Fotoreportaj\"],\"inLanguage\":\"az\"},{\"@type\":\"WebPage\",\"@id\":\"https:\\\/\\\/www.meydan.tv\\\/az\\\/article\\\/world-press-musabiqesi-uzre-ilin-fotolari-secildi\\\/\",\"url\":\"https:\\\/\\\/www.meydan.tv\\\/az\\\/article\\\/world-press-musabiqesi-uzre-ilin-fotolari-secildi\\\/\",\"name\":\"''World Press'' m\u00fcsabiq\u0259si \u00fczr\u0259 ilin fotolar\u0131 se\u00e7ildi - MEYDAN.TV\",\"isPartOf\":{\"@id\":\"https:\\\/\\\/www.meydan.tv\\\/az\\\/#website\"},\"primaryImageOfPage\":{\"@id\":\"https:\\\/\\\/www.meydan.tv\\\/az\\\/article\\\/world-press-musabiqesi-uzre-ilin-fotolari-secildi\\\/#primaryimage\"},\"image\":{\"@id\":\"https:\\\/\\\/www.meydan.tv\\\/az\\\/article\\\/world-press-musabiqesi-uzre-ilin-fotolari-secildi\\\/#primaryimage\"},\"thumbnailUrl\":\"https:\\\/\\\/www.meydan.tv\\\/wp-content\\\/uploads\\\/30840.jpg\",\"datePublished\":\"2017-02-14T01:08:25+00:00\",\"dateModified\":\"2021-10-29T12:12:15+00:00\",\"breadcrumb\":{\"@id\":\"https:\\\/\\\/www.meydan.tv\\\/az\\\/article\\\/world-press-musabiqesi-uzre-ilin-fotolari-secildi\\\/#breadcrumb\"},\"inLanguage\":\"az\",\"potentialAction\":[{\"@type\":\"ReadAction\",\"target\":[\"https:\\\/\\\/www.meydan.tv\\\/az\\\/article\\\/world-press-musabiqesi-uzre-ilin-fotolari-secildi\\\/\"]}]},{\"@type\":\"ImageObject\",\"inLanguage\":\"az\",\"@id\":\"https:\\\/\\\/www.meydan.tv\\\/az\\\/article\\\/world-press-musabiqesi-uzre-ilin-fotolari-secildi\\\/#primaryimage\",\"url\":\"https:\\\/\\\/www.meydan.tv\\\/wp-content\\\/uploads\\\/30840.jpg\",\"contentUrl\":\"https:\\\/\\\/www.meydan.tv\\\/wp-content\\\/uploads\\\/30840.jpg\",\"width\":1280,\"height\":853,\"caption\":\"Source:\"},{\"@type\":\"BreadcrumbList\",\"@id\":\"https:\\\/\\\/www.meydan.tv\\\/az\\\/article\\\/world-press-musabiqesi-uzre-ilin-fotolari-secildi\\\/#breadcrumb\",\"itemListElement\":[{\"@type\":\"ListItem\",\"position\":1,\"name\":\"Ana s\u0259hif\u0259\",\"item\":\"https:\\\/\\\/www.meydan.tv\\\/az\\\/\"},{\"@type\":\"ListItem\",\"position\":2,\"name\":\"Fotoreportaj\",\"item\":\"https:\\\/\\\/www.meydan.tv\\\/az\\\/section\\\/fotoreportaj\\\/\"},{\"@type\":\"ListItem\",\"position\":3,\"name\":\"&#8221;World Press&#8221; m\u00fcsabiq\u0259si \u00fczr\u0259 ilin fotolar\u0131 se\u00e7ildi\"}]},{\"@type\":\"WebSite\",\"@id\":\"https:\\\/\\\/www.meydan.tv\\\/az\\\/#website\",\"url\":\"https:\\\/\\\/www.meydan.tv\\\/az\\\/\",\"name\":\"MEYDAN.TV\",\"description\":\"Meydan TV Az\u0259rbaycan\u0131n media m\u0259kan\u0131ndak\u0131 alternativ s\u0259sidir\",\"publisher\":{\"@id\":\"https:\\\/\\\/www.meydan.tv\\\/az\\\/#organization\"},\"potentialAction\":[{\"@type\":\"SearchAction\",\"target\":{\"@type\":\"EntryPoint\",\"urlTemplate\":\"https:\\\/\\\/www.meydan.tv\\\/az\\\/?s={search_term_string}\"},\"query-input\":{\"@type\":\"PropertyValueSpecification\",\"valueRequired\":true,\"valueName\":\"search_term_string\"}}],\"inLanguage\":\"az\"},{\"@type\":\"Organization\",\"@id\":\"https:\\\/\\\/www.meydan.tv\\\/az\\\/#organization\",\"name\":\"Meydan TV\",\"url\":\"https:\\\/\\\/www.meydan.tv\\\/az\\\/\",\"logo\":{\"@type\":\"ImageObject\",\"inLanguage\":\"az\",\"@id\":\"https:\\\/\\\/www.meydan.tv\\\/az\\\/#\\\/schema\\\/logo\\\/image\\\/\",\"url\":\"https:\\\/\\\/www.meydan.tv\\\/wp-content\\\/uploads\\\/2021\\\/07\\\/meydan-logo.svg\",\"contentUrl\":\"https:\\\/\\\/www.meydan.tv\\\/wp-content\\\/uploads\\\/2021\\\/07\\\/meydan-logo.svg\",\"width\":195,\"height\":46,\"caption\":\"Meydan TV\"},\"image\":{\"@id\":\"https:\\\/\\\/www.meydan.tv\\\/az\\\/#\\\/schema\\\/logo\\\/image\\\/\"}},{\"@type\":\"Person\",\"@id\":\"https:\\\/\\\/www.meydan.tv\\\/az\\\/#\\\/schema\\\/person\\\/10d11eccf6da3662cf5fdab9806ea91a\",\"name\":\"user-manager\"}]}<\/script>\n<!-- \/ Yoast SEO plugin. -->","yoast_head_json":{"title":"''World Press'' m\u00fcsabiq\u0259si \u00fczr\u0259 ilin fotolar\u0131 se\u00e7ildi - MEYDAN.TV","robots":{"index":"index","follow":"follow","max-snippet":"max-snippet:-1","max-image-preview":"max-image-preview:large","max-video-preview":"max-video-preview:-1"},"canonical":"https:\/\/www.meydan.tv\/az\/article\/world-press-musabiqesi-uzre-ilin-fotolari-secildi\/","og_locale":"az_AZ","og_type":"article","og_title":"''World Press'' m\u00fcsabiq\u0259si \u00fczr\u0259 ilin fotolar\u0131 se\u00e7ildi - MEYDAN.TV","og_description":"Fevral\u0131n 13-d\u0259 fotojurnalistl\u0259r \u00fc\u00e7\u00fcn ilin \u0259n n\u00fcfuzlu \"\"World Press Photo\" m\u00fckafat\u0131n\u0131n qalibl\u0259rinin adlar\u0131 a\u00e7\u0131qlan\u0131b.","og_url":"https:\/\/www.meydan.tv\/az\/article\/world-press-musabiqesi-uzre-ilin-fotolari-secildi\/","og_site_name":"MEYDAN.TV","article_published_time":"2017-02-14T01:08:25+00:00","article_modified_time":"2021-10-29T12:12:15+00:00","og_image":[{"width":1280,"height":853,"url":"https:\/\/www.meydan.tv\/wp-content\/uploads\/30840.jpg","type":"image\/jpeg"}],"author":"user-manager","twitter_card":"summary_large_image","schema":{"@context":"https:\/\/schema.org","@graph":[{"@type":"Article","@id":"https:\/\/www.meydan.tv\/az\/article\/world-press-musabiqesi-uzre-ilin-fotolari-secildi\/#article","isPartOf":{"@id":"https:\/\/www.meydan.tv\/az\/article\/world-press-musabiqesi-uzre-ilin-fotolari-secildi\/"},"author":{"name":"user-manager","@id":"https:\/\/www.meydan.tv\/az\/#\/schema\/person\/10d11eccf6da3662cf5fdab9806ea91a"},"headline":"&#8221;World Press&#8221; m\u00fcsabiq\u0259si \u00fczr\u0259 ilin fotolar\u0131 se\u00e7ildi","datePublished":"2017-02-14T01:08:25+00:00","dateModified":"2021-10-29T12:12:15+00:00","mainEntityOfPage":{"@id":"https:\/\/www.meydan.tv\/az\/article\/world-press-musabiqesi-uzre-ilin-fotolari-secildi\/"},"wordCount":129,"publisher":{"@id":"https:\/\/www.meydan.tv\/az\/#organization"},"image":{"@id":"https:\/\/www.meydan.tv\/az\/article\/world-press-musabiqesi-uzre-ilin-fotolari-secildi\/#primaryimage"},"thumbnailUrl":"https:\/\/www.meydan.tv\/wp-content\/uploads\/30840.jpg","articleSection":["Fotoreportaj"],"inLanguage":"az"},{"@type":"WebPage","@id":"https:\/\/www.meydan.tv\/az\/article\/world-press-musabiqesi-uzre-ilin-fotolari-secildi\/","url":"https:\/\/www.meydan.tv\/az\/article\/world-press-musabiqesi-uzre-ilin-fotolari-secildi\/","name":"''World Press'' m\u00fcsabiq\u0259si \u00fczr\u0259 ilin fotolar\u0131 se\u00e7ildi - MEYDAN.TV","isPartOf":{"@id":"https:\/\/www.meydan.tv\/az\/#website"},"primaryImageOfPage":{"@id":"https:\/\/www.meydan.tv\/az\/article\/world-press-musabiqesi-uzre-ilin-fotolari-secildi\/#primaryimage"},"image":{"@id":"https:\/\/www.meydan.tv\/az\/article\/world-press-musabiqesi-uzre-ilin-fotolari-secildi\/#primaryimage"},"thumbnailUrl":"https:\/\/www.meydan.tv\/wp-content\/uploads\/30840.jpg","datePublished":"2017-02-14T01:08:25+00:00","dateModified":"2021-10-29T12:12:15+00:00","breadcrumb":{"@id":"https:\/\/www.meydan.tv\/az\/article\/world-press-musabiqesi-uzre-ilin-fotolari-secildi\/#breadcrumb"},"inLanguage":"az","potentialAction":[{"@type":"ReadAction","target":["https:\/\/www.meydan.tv\/az\/article\/world-press-musabiqesi-uzre-ilin-fotolari-secildi\/"]}]},{"@type":"ImageObject","inLanguage":"az","@id":"https:\/\/www.meydan.tv\/az\/article\/world-press-musabiqesi-uzre-ilin-fotolari-secildi\/#primaryimage","url":"https:\/\/www.meydan.tv\/wp-content\/uploads\/30840.jpg","contentUrl":"https:\/\/www.meydan.tv\/wp-content\/uploads\/30840.jpg","width":1280,"height":853,"caption":"Source:"},{"@type":"BreadcrumbList","@id":"https:\/\/www.meydan.tv\/az\/article\/world-press-musabiqesi-uzre-ilin-fotolari-secildi\/#breadcrumb","itemListElement":[{"@type":"ListItem","position":1,"name":"Ana s\u0259hif\u0259","item":"https:\/\/www.meydan.tv\/az\/"},{"@type":"ListItem","position":2,"name":"Fotoreportaj","item":"https:\/\/www.meydan.tv\/az\/section\/fotoreportaj\/"},{"@type":"ListItem","position":3,"name":"&#8221;World Press&#8221; m\u00fcsabiq\u0259si \u00fczr\u0259 ilin fotolar\u0131 se\u00e7ildi"}]},{"@type":"WebSite","@id":"https:\/\/www.meydan.tv\/az\/#website","url":"https:\/\/www.meydan.tv\/az\/","name":"MEYDAN.TV","description":"Meydan TV Az\u0259rbaycan\u0131n media m\u0259kan\u0131ndak\u0131 alternativ s\u0259sidir","publisher":{"@id":"https:\/\/www.meydan.tv\/az\/#organization"},"potentialAction":[{"@type":"SearchAction","target":{"@type":"EntryPoint","urlTemplate":"https:\/\/www.meydan.tv\/az\/?s={search_term_string}"},"query-input":{"@type":"PropertyValueSpecification","valueRequired":true,"valueName":"search_term_string"}}],"inLanguage":"az"},{"@type":"Organization","@id":"https:\/\/www.meydan.tv\/az\/#organization","name":"Meydan TV","url":"https:\/\/www.meydan.tv\/az\/","logo":{"@type":"ImageObject","inLanguage":"az","@id":"https:\/\/www.meydan.tv\/az\/#\/schema\/logo\/image\/","url":"https:\/\/www.meydan.tv\/wp-content\/uploads\/2021\/07\/meydan-logo.svg","contentUrl":"https:\/\/www.meydan.tv\/wp-content\/uploads\/2021\/07\/meydan-logo.svg","width":195,"height":46,"caption":"Meydan TV"},"image":{"@id":"https:\/\/www.meydan.tv\/az\/#\/schema\/logo\/image\/"}},{"@type":"Person","@id":"https:\/\/www.meydan.tv\/az\/#\/schema\/person\/10d11eccf6da3662cf5fdab9806ea91a","name":"user-manager"}]}},"_links":{"self":[{"href":"https:\/\/www.meydan.tv\/az\/wp-json\/wp\/v2\/posts\/182514","targetHints":{"allow":["GET"]}}],"collection":[{"href":"https:\/\/www.meydan.tv\/az\/wp-json\/wp\/v2\/posts"}],"about":[{"href":"https:\/\/www.meydan.tv\/az\/wp-json\/wp\/v2\/types\/post"}],"author":[{"embeddable":true,"href":"https:\/\/www.meydan.tv\/az\/wp-json\/wp\/v2\/users\/11"}],"replies":[{"embeddable":true,"href":"https:\/\/www.meydan.tv\/az\/wp-json\/wp\/v2\/comments?post=182514"}],"version-history":[{"count":1,"href":"https:\/\/www.meydan.tv\/az\/wp-json\/wp\/v2\/posts\/182514\/revisions"}],"predecessor-version":[{"id":216622,"href":"https:\/\/www.meydan.tv\/az\/wp-json\/wp\/v2\/posts\/182514\/revisions\/216622"}],"wp:featuredmedia":[{"embeddable":true,"href":"https:\/\/www.meydan.tv\/az\/wp-json\/wp\/v2\/media\/79167"}],"wp:attachment":[{"href":"https:\/\/www.meydan.tv\/az\/wp-json\/wp\/v2\/media?parent=182514"}],"wp:term":[{"taxonomy":"category","embeddable":true,"href":"https:\/\/www.meydan.tv\/az\/wp-json\/wp\/v2\/categories?post=182514"},{"taxonomy":"post_tag","embeddable":true,"href":"https:\/\/www.meydan.tv\/az\/wp-json\/wp\/v2\/tags?post=182514"}],"curies":[{"name":"wp","href":"https:\/\/api.w.org\/{rel}","templated":true}]}}