{"id":182414,"date":"2017-02-09T12:41:20","date_gmt":"2017-02-09T12:41:20","guid":{"rendered":"https:\/\/www.meydan.tv\/article\/ab-hokumetin-vetendas-cemiyyetine-qarsi-repressiv-siyaseti-sonlandiracagina-umidlidir\/"},"modified":"2017-02-09T12:41:20","modified_gmt":"2017-02-09T12:41:20","slug":"ab-hokumetin-vetendas-cemiyyetine-qarsi-repressiv-siyaseti-sonlandiracagina-umidlidir","status":"publish","type":"post","link":"https:\/\/www.meydan.tv\/az\/article\/ab-hokumetin-vetendas-cemiyyetine-qarsi-repressiv-siyaseti-sonlandiracagina-umidlidir\/","title":{"rendered":"AB h\u00f6kum\u0259tin v\u0259t\u0259nda\u015f c\u0259miyy\u0259tin\u0259 qar\u015f\u0131 repressiv siyas\u0259ti sonland\u0131raca\u011f\u0131na \u00fcmidlidir"},"content":{"rendered":"<figure class=\"wp-block-image size-large\">\n  <img decoding=\"async\" src=\"https:\/\/www.meydan.tv\/az\/78939\/\" alt=\"\" class=\"wp-image-78939\"\/><figcaption><\/figcaption><\/figure>\n<p>\n  <i><br \/>\n    &#8221;EU Reporter&#8221; \u0130lham \u018fliyevin Br\u00fcssel s\u0259f\u0259rind\u0259n yaz\u0131r<br \/>\n  <\/i>\n<\/p>\n<p>\n  \u201c\u0130lham \u018fliyevin Avropa Birliyi r\u0259smil\u0259riyl\u0259 g\u00f6r\u00fc\u015f\u00fc Bak\u0131ya t\u0259sir g\u00f6st\u0259r\u0259c\u0259k, h\u00f6kum\u0259tin v\u0259t\u0259nda\u015f c\u0259miyy\u0259tin\u0259 qar\u015f\u0131 repressiv siyas\u0259tin\u0259 son qoyacaq, h\u0259bsd\u0259ki f\u0259allar azadl\u0131\u011fa burax\u0131laca\u011f\u0131yla ba\u011fl\u0131 azac\u0131q da olsa, \u00fcmid i\u015fart\u0131s\u0131 yarad\u0131r\u201d, &#8211;<br \/>\n  <a href=\"https:\/\/www.eureporter.co\/politics\/2017\/02\/08\/eu-partnership-talks-with-azerbaijan-and-armenia-a-chance-for-peace-and-prosperity\/\"><br \/>\n    \u201cEU Reporter\u201d<br \/>\n  <\/a><br \/>\n  d\u0259rgisinin dan\u0131\u015f\u0131qlar haqda m\u0259qal\u0259sind\u0259 bel\u0259 deyilir.\n<\/p>\n<p>\n  M\u0259qal\u0259 \u201cAvropa Birliyinin Az\u0259rbaycan v\u0259 Erm\u0259nistanla \u0259m\u0259kda\u015fl\u0131q bar\u0259d\u0259 dan\u0131\u015f\u0131qlar\u0131 s\u00fclh v\u0259 \u00e7i\u00e7\u0259kl\u0259nm\u0259 f\u00fcrs\u0259tidir\u201d, &#8211; ba\u015fl\u0131\u011f\u0131 il\u0259 yay\u0131mlan\u0131b.\n<\/p>\n<p>\n  Fevral\u0131n 7-d\u0259 Avropa Birliyi (AB) Az\u0259rbaycanla \u0259m\u0259kda\u015fl\u0131q dan\u0131\u015f\u0131qlar\u0131na ba\u015flay\u0131b. \u0130lham \u018fliyev AB r\u0259smil\u0259riyl\u0259 g\u00f6r\u00fc\u015f \u00fc\u00e7\u00fcn Br\u00fcssel\u0259 getmi\u015fdi.\n<\/p>\n<p>\n  AB Az\u0259rbaycandan \u00f6nc\u0259 Erm\u0259nistanla da m\u00fczakir\u0259l\u0259r\u0259 ba\u015flay\u0131b, y\u0259ni paralel dan\u0131\u015f\u0131qlar apar\u0131r. M\u00fc\u0259llif m\u0259qal\u0259d\u0259 qeyd edir ki, h\u0259r iki \u00f6lk\u0259nin AB-nin d\u0259st\u0259yin\u0259 ehtiyac\u0131n\u0131n olmas\u0131 Br\u00fcssel\u0259 m\u00fc\u0259yy\u0259n \u00fcst\u00fcnl\u00fck verir:\n<\/p>\n<p>\n  \u201cBr\u00fcssel bu f\u00fcrs\u0259td\u0259n regionda s\u00fclh\u00fcn b\u0259rpas\u0131, h\u0259m d\u0259, \u00f6z\u0259llikl\u0259 d\u0259 Az\u0259rbaycanda, v\u0259t\u0259nda\u015f c\u0259miyy\u0259tinin normal f\u0259aliyy\u0259tinin t\u0259minat\u0131ndan \u00f6tr\u00fc yararlana bil\u0259r\u201d.\n<\/p>\n<p>\n  M\u00fc\u0259llif dan\u0131\u015f\u0131qlara qat\u0131lanlar\u0131n qar\u015f\u0131la\u015faca\u011f\u0131 s\u0131naqlar\u0131n asan olmayaca\u011f\u0131n\u0131, \u00e7ox \u00e7\u0259tin g\u00f6r\u00fcn\u0259n probleml\u0259rin ustal\u0131qla h\u0259ll edilm\u0259sinin vacibliyini vur\u011fulay\u0131r.\n<\/p>\n<p>\n  \u201cAz\u0259rbaycan m\u00f6vqeyini d\u0259yi\u015fmir, QHT rejimini liberalla\u015fd\u0131rm\u0131r. Ke\u00e7\u0259n il b\u0259zi siyasi f\u0259allar\u0131 azadl\u0131\u011fa burax\u0131b, amma bu prosesi davam etdirmir\u201d, \u2013 yazan m\u00fc\u0259llif AB-nin d\u0259 bu m\u0259s\u0259l\u0259d\u0259 \u00f6z \u00f6hd\u0259likl\u0259rini unutmamal\u0131 oldu\u011funu bildirir.\n<\/p>\n<p>\n  Yaz\u0131da qurumun \u201c\u015e\u0259rq T\u0259r\u0259fda\u015fl\u0131\u011f\u0131\u201d \u00f6lk\u0259l\u0259rind\u0259 v\u0259t\u0259nda\u015f c\u0259miyy\u0259tinin inki\u015faf\u0131na dayaq durmaqla ba\u011fl\u0131 2012-ci ild\u0259 g\u00f6t\u00fcrd\u00fcy\u00fc \u00f6hd\u0259likl\u0259r sadalan\u0131r. Bu haqda s\u0259n\u0259dl\u0259rd\u0259 deyilir ki, Avropa Komissiyas\u0131ndan tutmu\u015f, AB-nin dig\u0259r institutlar\u0131na q\u0259d\u0259r b\u00fct\u00fcn s\u0259viyy\u0259l\u0259rd\u0259 dan\u0131\u015f\u0131qlarda qurumun h\u00f6kum\u0259tl\u0259r\u0259 siyasi diplomatiya yoluyla t\u0259zyiq g\u00f6st\u0259rm\u0259k, insan haqlar\u0131 m\u0259s\u0259l\u0259l\u0259rini qald\u0131rmaq \u00f6hd\u0259liyi var. AB bu v\u0259zif\u0259sini yerin\u0259 yetir\u0259r\u0259k v\u0259t\u0259nda\u015f c\u0259miyy\u0259ti qurumlar\u0131n\u0131n, h\u0259m d\u0259 t\u0259msil\u00e7il\u0259rinin f\u0259aliyy\u0259tin\u0259 \u015f\u0259rait yarad\u0131lmas\u0131na \u00e7al\u0131\u015fmal\u0131d\u0131r.\n<\/p>\n<figure class=\"wp-block-image size-large\">\n  <img decoding=\"async\" src=\"https:\/\/www.meydan.tv\/az\/78945\/\" alt=\"\" class=\"wp-image-78945\"\/><figcaption>\n    foto Azertac<br \/>\n  <\/figcaption><\/figure>\n<p>\n  \u201cAB-nin dan\u0131\u015f\u0131qlara qat\u0131lan r\u0259smil\u0259ri bu \u00f6hd\u0259likl\u0259ri unutmamal\u0131d\u0131r\u201d, \u2013 yazan m\u00fc\u0259llif AB-ni Az\u0259rbaycan v\u0259 Erm\u0259nistandak\u0131 rejiml\u0259r\u0259 qar\u015f\u0131 inadl\u0131 m\u00f6vqe s\u0259rgil\u0259m\u0259y\u0259, onlar\u0131n liberalla\u015fmaqla ba\u011fl\u0131 v\u0259dl\u0259rini yerin\u0259 yetirm\u0259sin\u0259 nail olma\u011fa \u00e7a\u011f\u0131r\u0131r. Bunsuz ist\u0259nil\u0259n raz\u0131la\u015fman\u0131n g\u0259l\u0259c\u0259yi olmad\u0131\u011f\u0131n\u0131 bildirir.\n<\/p>\n<p>\n  \u201cEU Reporter\u201d yaz\u0131r ki, AB-nin Az\u0259rbaycan v\u0259 Erm\u0259nistanla ba\u011flad\u0131\u011f\u0131 m\u00fcqavil\u0259l\u0259r yaln\u0131z h\u0259min \u00f6lk\u0259l\u0259rd\u0259ki siyasi f\u0259allar azadl\u0131\u011fa burax\u0131landan, QHT-l\u0259r normal f\u0259aliyy\u0259t g\u00f6st\u0259r\u0259nd\u0259n sonra qanuni olacaq.\n<\/p>\n<p>\n  Yaz\u0131da t\u0259r\u0259fda\u015fl\u0131q bar\u0259d\u0259 dan\u0131\u015f\u0131qlar\u0131n Da\u011fl\u0131q Qaraba\u011f m\u00fcnaqi\u015f\u0259siyl\u0259 ba\u011fl\u0131 g\u0259rginliyi d\u0259 azaltmal\u0131 oldu\u011fu deyilir. Bel\u0259 olarsa, dan\u0131\u015f\u0131qlar\u0131n region tarixind\u0259 b\u00f6y\u00fck \u0259h\u0259miyy\u0259t\u0259 malik olaca\u011f\u0131, h\u0259m Erm\u0259nistan, h\u0259m d\u0259 Az\u0259rbaycan c\u0259miyy\u0259tl\u0259rinin \u00e7oxdan layiq oldu\u011fu \u00e7i\u00e7\u0259kl\u0259nm\u0259y\u0259 v\u0259 s\u00fclh\u0259 qovu\u015fmas\u0131na g\u0259tirib \u00e7\u0131xara bil\u0259c\u0259yi vur\u011fulan\u0131r.\n<\/p>\n<p>\n  <b><br \/>\n    T\u0259rc\u00fcm\u0259: Azadl\u0131q Radiosu<br \/>\n  <\/b><\/p>\n","protected":false},"excerpt":{"rendered":"<p>&#8221;EU Reporter&#8221; \u0130lham \u018fliyevin Br\u00fcssel s\u0259f\u0259rind\u0259n yaz\u0131r<\/p>\n","protected":false},"author":11,"featured_media":78939,"comment_status":"closed","ping_status":"open","sticky":false,"template":"","format":"standard","meta":{"_acf_changed":false,"_sitemap_exclude":false,"_sitemap_priority":"","_sitemap_frequency":"","footnotes":""},"categories":[51],"tags":[],"class_list":["post-182414","post","type-post","status-publish","format-standard","has-post-thumbnail","hentry","category-analitika","infinite-scroll-item","generate-columns","tablet-grid-50","mobile-grid-100","grid-parent","grid-33","no-featured-image-padding"],"acf":[],"yoast_head":"<!-- This site is optimized with the Yoast SEO plugin v27.4 - https:\/\/yoast.com\/product\/yoast-seo-wordpress\/ -->\n<title>AB h\u00f6kum\u0259tin v\u0259t\u0259nda\u015f c\u0259miyy\u0259tin\u0259 qar\u015f\u0131 repressiv siyas\u0259ti sonland\u0131raca\u011f\u0131na \u00fcmidlidir - MEYDAN.TV<\/title>\n<meta name=\"robots\" content=\"index, follow, max-snippet:-1, max-image-preview:large, max-video-preview:-1\" \/>\n<link rel=\"canonical\" href=\"https:\/\/www.meydan.tv\/az\/article\/ab-hokumetin-vetendas-cemiyyetine-qarsi-repressiv-siyaseti-sonlandiracagina-umidlidir\/\" \/>\n<meta property=\"og:locale\" content=\"az_AZ\" \/>\n<meta property=\"og:type\" content=\"article\" \/>\n<meta property=\"og:title\" content=\"AB h\u00f6kum\u0259tin v\u0259t\u0259nda\u015f c\u0259miyy\u0259tin\u0259 qar\u015f\u0131 repressiv siyas\u0259ti sonland\u0131raca\u011f\u0131na \u00fcmidlidir - MEYDAN.TV\" \/>\n<meta property=\"og:description\" content=\"&#039;&#039;EU Reporter&#039;&#039; \u0130lham \u018fliyevin Br\u00fcssel s\u0259f\u0259rind\u0259n yaz\u0131r\" \/>\n<meta property=\"og:url\" content=\"https:\/\/www.meydan.tv\/az\/article\/ab-hokumetin-vetendas-cemiyyetine-qarsi-repressiv-siyaseti-sonlandiracagina-umidlidir\/\" \/>\n<meta property=\"og:site_name\" content=\"MEYDAN.TV\" \/>\n<meta property=\"article:published_time\" content=\"2017-02-09T12:41:20+00:00\" \/>\n<meta property=\"og:image\" content=\"https:\/\/www.meydan.tv\/wp-content\/uploads\/30714.jpg\" \/>\n\t<meta property=\"og:image:width\" content=\"1000\" \/>\n\t<meta property=\"og:image:height\" content=\"657\" \/>\n\t<meta property=\"og:image:type\" content=\"image\/jpeg\" \/>\n<meta name=\"author\" content=\"user-manager\" \/>\n<meta name=\"twitter:card\" content=\"summary_large_image\" \/>\n<script type=\"application\/ld+json\" class=\"yoast-schema-graph\">{\"@context\":\"https:\\\/\\\/schema.org\",\"@graph\":[{\"@type\":\"Article\",\"@id\":\"https:\\\/\\\/www.meydan.tv\\\/az\\\/article\\\/ab-hokumetin-vetendas-cemiyyetine-qarsi-repressiv-siyaseti-sonlandiracagina-umidlidir\\\/#article\",\"isPartOf\":{\"@id\":\"https:\\\/\\\/www.meydan.tv\\\/az\\\/article\\\/ab-hokumetin-vetendas-cemiyyetine-qarsi-repressiv-siyaseti-sonlandiracagina-umidlidir\\\/\"},\"author\":{\"name\":\"user-manager\",\"@id\":\"https:\\\/\\\/www.meydan.tv\\\/az\\\/#\\\/schema\\\/person\\\/10d11eccf6da3662cf5fdab9806ea91a\"},\"headline\":\"AB h\u00f6kum\u0259tin v\u0259t\u0259nda\u015f c\u0259miyy\u0259tin\u0259 qar\u015f\u0131 repressiv siyas\u0259ti sonland\u0131raca\u011f\u0131na \u00fcmidlidir\",\"datePublished\":\"2017-02-09T12:41:20+00:00\",\"mainEntityOfPage\":{\"@id\":\"https:\\\/\\\/www.meydan.tv\\\/az\\\/article\\\/ab-hokumetin-vetendas-cemiyyetine-qarsi-repressiv-siyaseti-sonlandiracagina-umidlidir\\\/\"},\"wordCount\":659,\"publisher\":{\"@id\":\"https:\\\/\\\/www.meydan.tv\\\/az\\\/#organization\"},\"image\":{\"@id\":\"https:\\\/\\\/www.meydan.tv\\\/az\\\/article\\\/ab-hokumetin-vetendas-cemiyyetine-qarsi-repressiv-siyaseti-sonlandiracagina-umidlidir\\\/#primaryimage\"},\"thumbnailUrl\":\"https:\\\/\\\/www.meydan.tv\\\/wp-content\\\/uploads\\\/30714.jpg\",\"articleSection\":[\"Analitika\"],\"inLanguage\":\"az\"},{\"@type\":\"WebPage\",\"@id\":\"https:\\\/\\\/www.meydan.tv\\\/az\\\/article\\\/ab-hokumetin-vetendas-cemiyyetine-qarsi-repressiv-siyaseti-sonlandiracagina-umidlidir\\\/\",\"url\":\"https:\\\/\\\/www.meydan.tv\\\/az\\\/article\\\/ab-hokumetin-vetendas-cemiyyetine-qarsi-repressiv-siyaseti-sonlandiracagina-umidlidir\\\/\",\"name\":\"AB h\u00f6kum\u0259tin v\u0259t\u0259nda\u015f c\u0259miyy\u0259tin\u0259 qar\u015f\u0131 repressiv siyas\u0259ti sonland\u0131raca\u011f\u0131na \u00fcmidlidir - MEYDAN.TV\",\"isPartOf\":{\"@id\":\"https:\\\/\\\/www.meydan.tv\\\/az\\\/#website\"},\"primaryImageOfPage\":{\"@id\":\"https:\\\/\\\/www.meydan.tv\\\/az\\\/article\\\/ab-hokumetin-vetendas-cemiyyetine-qarsi-repressiv-siyaseti-sonlandiracagina-umidlidir\\\/#primaryimage\"},\"image\":{\"@id\":\"https:\\\/\\\/www.meydan.tv\\\/az\\\/article\\\/ab-hokumetin-vetendas-cemiyyetine-qarsi-repressiv-siyaseti-sonlandiracagina-umidlidir\\\/#primaryimage\"},\"thumbnailUrl\":\"https:\\\/\\\/www.meydan.tv\\\/wp-content\\\/uploads\\\/30714.jpg\",\"datePublished\":\"2017-02-09T12:41:20+00:00\",\"breadcrumb\":{\"@id\":\"https:\\\/\\\/www.meydan.tv\\\/az\\\/article\\\/ab-hokumetin-vetendas-cemiyyetine-qarsi-repressiv-siyaseti-sonlandiracagina-umidlidir\\\/#breadcrumb\"},\"inLanguage\":\"az\",\"potentialAction\":[{\"@type\":\"ReadAction\",\"target\":[\"https:\\\/\\\/www.meydan.tv\\\/az\\\/article\\\/ab-hokumetin-vetendas-cemiyyetine-qarsi-repressiv-siyaseti-sonlandiracagina-umidlidir\\\/\"]}]},{\"@type\":\"ImageObject\",\"inLanguage\":\"az\",\"@id\":\"https:\\\/\\\/www.meydan.tv\\\/az\\\/article\\\/ab-hokumetin-vetendas-cemiyyetine-qarsi-repressiv-siyaseti-sonlandiracagina-umidlidir\\\/#primaryimage\",\"url\":\"https:\\\/\\\/www.meydan.tv\\\/wp-content\\\/uploads\\\/30714.jpg\",\"contentUrl\":\"https:\\\/\\\/www.meydan.tv\\\/wp-content\\\/uploads\\\/30714.jpg\",\"width\":1000,\"height\":657,\"caption\":\"Source:\"},{\"@type\":\"BreadcrumbList\",\"@id\":\"https:\\\/\\\/www.meydan.tv\\\/az\\\/article\\\/ab-hokumetin-vetendas-cemiyyetine-qarsi-repressiv-siyaseti-sonlandiracagina-umidlidir\\\/#breadcrumb\",\"itemListElement\":[{\"@type\":\"ListItem\",\"position\":1,\"name\":\"Ana s\u0259hif\u0259\",\"item\":\"https:\\\/\\\/www.meydan.tv\\\/az\\\/\"},{\"@type\":\"ListItem\",\"position\":2,\"name\":\"Analitika\",\"item\":\"https:\\\/\\\/www.meydan.tv\\\/az\\\/section\\\/analitika\\\/\"},{\"@type\":\"ListItem\",\"position\":3,\"name\":\"AB h\u00f6kum\u0259tin v\u0259t\u0259nda\u015f c\u0259miyy\u0259tin\u0259 qar\u015f\u0131 repressiv siyas\u0259ti sonland\u0131raca\u011f\u0131na \u00fcmidlidir\"}]},{\"@type\":\"WebSite\",\"@id\":\"https:\\\/\\\/www.meydan.tv\\\/az\\\/#website\",\"url\":\"https:\\\/\\\/www.meydan.tv\\\/az\\\/\",\"name\":\"MEYDAN.TV\",\"description\":\"Meydan TV Az\u0259rbaycan\u0131n media m\u0259kan\u0131ndak\u0131 alternativ s\u0259sidir\",\"publisher\":{\"@id\":\"https:\\\/\\\/www.meydan.tv\\\/az\\\/#organization\"},\"potentialAction\":[{\"@type\":\"SearchAction\",\"target\":{\"@type\":\"EntryPoint\",\"urlTemplate\":\"https:\\\/\\\/www.meydan.tv\\\/az\\\/?s={search_term_string}\"},\"query-input\":{\"@type\":\"PropertyValueSpecification\",\"valueRequired\":true,\"valueName\":\"search_term_string\"}}],\"inLanguage\":\"az\"},{\"@type\":\"Organization\",\"@id\":\"https:\\\/\\\/www.meydan.tv\\\/az\\\/#organization\",\"name\":\"Meydan TV\",\"url\":\"https:\\\/\\\/www.meydan.tv\\\/az\\\/\",\"logo\":{\"@type\":\"ImageObject\",\"inLanguage\":\"az\",\"@id\":\"https:\\\/\\\/www.meydan.tv\\\/az\\\/#\\\/schema\\\/logo\\\/image\\\/\",\"url\":\"https:\\\/\\\/www.meydan.tv\\\/wp-content\\\/uploads\\\/2021\\\/07\\\/meydan-logo.svg\",\"contentUrl\":\"https:\\\/\\\/www.meydan.tv\\\/wp-content\\\/uploads\\\/2021\\\/07\\\/meydan-logo.svg\",\"width\":195,\"height\":46,\"caption\":\"Meydan TV\"},\"image\":{\"@id\":\"https:\\\/\\\/www.meydan.tv\\\/az\\\/#\\\/schema\\\/logo\\\/image\\\/\"}},{\"@type\":\"Person\",\"@id\":\"https:\\\/\\\/www.meydan.tv\\\/az\\\/#\\\/schema\\\/person\\\/10d11eccf6da3662cf5fdab9806ea91a\",\"name\":\"user-manager\"}]}<\/script>\n<!-- \/ Yoast SEO plugin. -->","yoast_head_json":{"title":"AB h\u00f6kum\u0259tin v\u0259t\u0259nda\u015f c\u0259miyy\u0259tin\u0259 qar\u015f\u0131 repressiv siyas\u0259ti sonland\u0131raca\u011f\u0131na \u00fcmidlidir - MEYDAN.TV","robots":{"index":"index","follow":"follow","max-snippet":"max-snippet:-1","max-image-preview":"max-image-preview:large","max-video-preview":"max-video-preview:-1"},"canonical":"https:\/\/www.meydan.tv\/az\/article\/ab-hokumetin-vetendas-cemiyyetine-qarsi-repressiv-siyaseti-sonlandiracagina-umidlidir\/","og_locale":"az_AZ","og_type":"article","og_title":"AB h\u00f6kum\u0259tin v\u0259t\u0259nda\u015f c\u0259miyy\u0259tin\u0259 qar\u015f\u0131 repressiv siyas\u0259ti sonland\u0131raca\u011f\u0131na \u00fcmidlidir - MEYDAN.TV","og_description":"''EU Reporter'' \u0130lham \u018fliyevin Br\u00fcssel s\u0259f\u0259rind\u0259n yaz\u0131r","og_url":"https:\/\/www.meydan.tv\/az\/article\/ab-hokumetin-vetendas-cemiyyetine-qarsi-repressiv-siyaseti-sonlandiracagina-umidlidir\/","og_site_name":"MEYDAN.TV","article_published_time":"2017-02-09T12:41:20+00:00","og_image":[{"width":1000,"height":657,"url":"https:\/\/www.meydan.tv\/wp-content\/uploads\/30714.jpg","type":"image\/jpeg"}],"author":"user-manager","twitter_card":"summary_large_image","schema":{"@context":"https:\/\/schema.org","@graph":[{"@type":"Article","@id":"https:\/\/www.meydan.tv\/az\/article\/ab-hokumetin-vetendas-cemiyyetine-qarsi-repressiv-siyaseti-sonlandiracagina-umidlidir\/#article","isPartOf":{"@id":"https:\/\/www.meydan.tv\/az\/article\/ab-hokumetin-vetendas-cemiyyetine-qarsi-repressiv-siyaseti-sonlandiracagina-umidlidir\/"},"author":{"name":"user-manager","@id":"https:\/\/www.meydan.tv\/az\/#\/schema\/person\/10d11eccf6da3662cf5fdab9806ea91a"},"headline":"AB h\u00f6kum\u0259tin v\u0259t\u0259nda\u015f c\u0259miyy\u0259tin\u0259 qar\u015f\u0131 repressiv siyas\u0259ti sonland\u0131raca\u011f\u0131na \u00fcmidlidir","datePublished":"2017-02-09T12:41:20+00:00","mainEntityOfPage":{"@id":"https:\/\/www.meydan.tv\/az\/article\/ab-hokumetin-vetendas-cemiyyetine-qarsi-repressiv-siyaseti-sonlandiracagina-umidlidir\/"},"wordCount":659,"publisher":{"@id":"https:\/\/www.meydan.tv\/az\/#organization"},"image":{"@id":"https:\/\/www.meydan.tv\/az\/article\/ab-hokumetin-vetendas-cemiyyetine-qarsi-repressiv-siyaseti-sonlandiracagina-umidlidir\/#primaryimage"},"thumbnailUrl":"https:\/\/www.meydan.tv\/wp-content\/uploads\/30714.jpg","articleSection":["Analitika"],"inLanguage":"az"},{"@type":"WebPage","@id":"https:\/\/www.meydan.tv\/az\/article\/ab-hokumetin-vetendas-cemiyyetine-qarsi-repressiv-siyaseti-sonlandiracagina-umidlidir\/","url":"https:\/\/www.meydan.tv\/az\/article\/ab-hokumetin-vetendas-cemiyyetine-qarsi-repressiv-siyaseti-sonlandiracagina-umidlidir\/","name":"AB h\u00f6kum\u0259tin v\u0259t\u0259nda\u015f c\u0259miyy\u0259tin\u0259 qar\u015f\u0131 repressiv siyas\u0259ti sonland\u0131raca\u011f\u0131na \u00fcmidlidir - MEYDAN.TV","isPartOf":{"@id":"https:\/\/www.meydan.tv\/az\/#website"},"primaryImageOfPage":{"@id":"https:\/\/www.meydan.tv\/az\/article\/ab-hokumetin-vetendas-cemiyyetine-qarsi-repressiv-siyaseti-sonlandiracagina-umidlidir\/#primaryimage"},"image":{"@id":"https:\/\/www.meydan.tv\/az\/article\/ab-hokumetin-vetendas-cemiyyetine-qarsi-repressiv-siyaseti-sonlandiracagina-umidlidir\/#primaryimage"},"thumbnailUrl":"https:\/\/www.meydan.tv\/wp-content\/uploads\/30714.jpg","datePublished":"2017-02-09T12:41:20+00:00","breadcrumb":{"@id":"https:\/\/www.meydan.tv\/az\/article\/ab-hokumetin-vetendas-cemiyyetine-qarsi-repressiv-siyaseti-sonlandiracagina-umidlidir\/#breadcrumb"},"inLanguage":"az","potentialAction":[{"@type":"ReadAction","target":["https:\/\/www.meydan.tv\/az\/article\/ab-hokumetin-vetendas-cemiyyetine-qarsi-repressiv-siyaseti-sonlandiracagina-umidlidir\/"]}]},{"@type":"ImageObject","inLanguage":"az","@id":"https:\/\/www.meydan.tv\/az\/article\/ab-hokumetin-vetendas-cemiyyetine-qarsi-repressiv-siyaseti-sonlandiracagina-umidlidir\/#primaryimage","url":"https:\/\/www.meydan.tv\/wp-content\/uploads\/30714.jpg","contentUrl":"https:\/\/www.meydan.tv\/wp-content\/uploads\/30714.jpg","width":1000,"height":657,"caption":"Source:"},{"@type":"BreadcrumbList","@id":"https:\/\/www.meydan.tv\/az\/article\/ab-hokumetin-vetendas-cemiyyetine-qarsi-repressiv-siyaseti-sonlandiracagina-umidlidir\/#breadcrumb","itemListElement":[{"@type":"ListItem","position":1,"name":"Ana s\u0259hif\u0259","item":"https:\/\/www.meydan.tv\/az\/"},{"@type":"ListItem","position":2,"name":"Analitika","item":"https:\/\/www.meydan.tv\/az\/section\/analitika\/"},{"@type":"ListItem","position":3,"name":"AB h\u00f6kum\u0259tin v\u0259t\u0259nda\u015f c\u0259miyy\u0259tin\u0259 qar\u015f\u0131 repressiv siyas\u0259ti sonland\u0131raca\u011f\u0131na \u00fcmidlidir"}]},{"@type":"WebSite","@id":"https:\/\/www.meydan.tv\/az\/#website","url":"https:\/\/www.meydan.tv\/az\/","name":"MEYDAN.TV","description":"Meydan TV Az\u0259rbaycan\u0131n media m\u0259kan\u0131ndak\u0131 alternativ s\u0259sidir","publisher":{"@id":"https:\/\/www.meydan.tv\/az\/#organization"},"potentialAction":[{"@type":"SearchAction","target":{"@type":"EntryPoint","urlTemplate":"https:\/\/www.meydan.tv\/az\/?s={search_term_string}"},"query-input":{"@type":"PropertyValueSpecification","valueRequired":true,"valueName":"search_term_string"}}],"inLanguage":"az"},{"@type":"Organization","@id":"https:\/\/www.meydan.tv\/az\/#organization","name":"Meydan TV","url":"https:\/\/www.meydan.tv\/az\/","logo":{"@type":"ImageObject","inLanguage":"az","@id":"https:\/\/www.meydan.tv\/az\/#\/schema\/logo\/image\/","url":"https:\/\/www.meydan.tv\/wp-content\/uploads\/2021\/07\/meydan-logo.svg","contentUrl":"https:\/\/www.meydan.tv\/wp-content\/uploads\/2021\/07\/meydan-logo.svg","width":195,"height":46,"caption":"Meydan TV"},"image":{"@id":"https:\/\/www.meydan.tv\/az\/#\/schema\/logo\/image\/"}},{"@type":"Person","@id":"https:\/\/www.meydan.tv\/az\/#\/schema\/person\/10d11eccf6da3662cf5fdab9806ea91a","name":"user-manager"}]}},"_links":{"self":[{"href":"https:\/\/www.meydan.tv\/az\/wp-json\/wp\/v2\/posts\/182414","targetHints":{"allow":["GET"]}}],"collection":[{"href":"https:\/\/www.meydan.tv\/az\/wp-json\/wp\/v2\/posts"}],"about":[{"href":"https:\/\/www.meydan.tv\/az\/wp-json\/wp\/v2\/types\/post"}],"author":[{"embeddable":true,"href":"https:\/\/www.meydan.tv\/az\/wp-json\/wp\/v2\/users\/11"}],"replies":[{"embeddable":true,"href":"https:\/\/www.meydan.tv\/az\/wp-json\/wp\/v2\/comments?post=182414"}],"version-history":[{"count":0,"href":"https:\/\/www.meydan.tv\/az\/wp-json\/wp\/v2\/posts\/182414\/revisions"}],"wp:featuredmedia":[{"embeddable":true,"href":"https:\/\/www.meydan.tv\/az\/wp-json\/wp\/v2\/media\/78939"}],"wp:attachment":[{"href":"https:\/\/www.meydan.tv\/az\/wp-json\/wp\/v2\/media?parent=182414"}],"wp:term":[{"taxonomy":"category","embeddable":true,"href":"https:\/\/www.meydan.tv\/az\/wp-json\/wp\/v2\/categories?post=182414"},{"taxonomy":"post_tag","embeddable":true,"href":"https:\/\/www.meydan.tv\/az\/wp-json\/wp\/v2\/tags?post=182414"}],"curies":[{"name":"wp","href":"https:\/\/api.w.org\/{rel}","templated":true}]}}