{"id":182399,"date":"2017-02-08T17:18:01","date_gmt":"2017-02-08T17:18:01","guid":{"rendered":"https:\/\/www.meydan.tv\/article\/jirinovskini-kreml-danisdirir-siyasi-icmalcilar-ferqli-dusunur\/"},"modified":"2017-02-08T17:18:01","modified_gmt":"2017-02-08T17:18:01","slug":"jirinovskini-kreml-danisdirir-siyasi-icmalcilar-ferqli-dusunur","status":"publish","type":"post","link":"https:\/\/www.meydan.tv\/az\/article\/jirinovskini-kreml-danisdirir-siyasi-icmalcilar-ferqli-dusunur\/","title":{"rendered":"Jirinovskini Kreml dan\u0131\u015fd\u0131r\u0131r? Siyasi icmal\u00e7\u0131lar f\u0259rqli d\u00fc\u015f\u00fcn\u00fcr"},"content":{"rendered":"<figure class=\"wp-block-image size-large\">\n  <img decoding=\"async\" src=\"https:\/\/www.meydan.tv\/az\/78900\/\" alt=\"\" class=\"wp-image-78900\"\/><figcaption><\/figcaption><\/figure>\n<figure class=\"wp-block-image size-large\">\n  <img decoding=\"async\" src=\"https:\/\/www.meydan.tv\/az\/78900\/\" alt=\"\" class=\"wp-image-78900\"\/><figcaption>\n    Vladimir Jirinovski foto sosial \u015f\u0259b\u0259k\u0259<br \/>\n  <\/figcaption><\/figure>\n<p>\n  <i><br \/>\n    Elxan Mehdiyev: Vitse-spiker ke\u00e7mi\u015fi m\u00fcqayis\u0259 ed\u0259r\u0259k bel\u0259 fikirl\u0259r s\u00f6yl\u0259yir v\u0259 dedikl\u0259rinin reall\u0131\u011f\u0131 \u0259ks etdirdiyini d\u00fc\u015f\u00fcnm\u00fcr<br \/>\n  <\/i>\n<\/p>\n<p>\n  <i><br \/>\n    Rauf Mirq\u0259dirov: Onun a\u00e7\u0131qlamalar\u0131n\u0131n \u00e7ox ciddi ideoloji bazisi var, bu, rus elitas\u0131n\u0131n \u015fovinist t\u0259f\u0259kk\u00fcr\u00fc il\u0259 ba\u011fl\u0131d\u0131r<br \/>\n  <\/i>\n<\/p>\n<p>\n  Konfliktoloq Elxan Mehdiyev hesab edir ki, \u00a0Rusiya D\u00f6vl\u0259t Dumas\u0131n\u0131n vitse-spikeri, Liberal-Demokrat Partiyas\u0131n\u0131n s\u0259dri Vladimir Jirinovskinin \u00a0\u201cTsarqrad TV\u201d kanal\u0131n\u0131n \u201c\u00c7ay s Zaxarom\u201d m\u00fc\u0259llif proqram\u0131ndak\u0131 m\u0259lum \u00e7\u0131x\u0131\u015f\u0131 Kremlin tap\u015f\u0131r\u0131\u011f\u0131 il\u0259 deyil, \u00f6zba\u015f\u0131na h\u0259r\u0259k\u0259tidir.\n<\/p>\n<p>\n  Bu bar\u0259d\u0259 Meydan TV-y\u0259 dan\u0131\u015fan Elxan Mehdiyev xat\u0131rlad\u0131b ki, Jirinovskinin \u00f6z\u00fcn\u0259m\u0259xsus bax\u0131\u015flar\u0131 var, m\u00fc\u0259yy\u0259n m\u0259nada s\u0259mimi dan\u0131\u015f\u0131r v\u0259 h\u0259mi\u015f\u0259 d\u0259 v\u0259ziyy\u0259t\u0259 uy\u011fun d\u0259yi\u015fir, he\u00e7 kiml\u0259 d\u00fc\u015fm\u0259n m\u00fcnasib\u0259td\u0259 qalm\u0131r:\n<\/p>\n<figure class=\"wp-block-image size-large\">\n  <img decoding=\"async\" src=\"https:\/\/www.meydan.tv\/az\/54141\/\" alt=\"\" class=\"wp-image-54141\"\/><figcaption>\n    Elxan Mehdiyev<br \/>\n  <\/figcaption><\/figure>\n<p>\n  &#8220;M\u0259s\u0259l\u0259n, T\u00fcrkiy\u0259 Rusiyan\u0131n h\u0259rbi t\u0259yyar\u0259sini vuranda, Jironovski h\u0259r g\u00fcn yerli kanallarda deyirdi ki, \u0130stanbulu bombalamaq laz\u0131md\u0131r. Amma v\u0259ziyy\u0259t d\u0259y\u0259\u015f\u0259nd\u0259n sonra Ankaraya getdi v\u0259 bu g\u00fcn az qala T\u00fcrkiy\u0259nin m\u00fcdafi\u0259\u00e7isi rolunda \u00e7\u0131x\u0131\u015f edir. Eyni yana\u015fman\u0131 Az\u0259rbaycana qar\u015f\u0131 da s\u0259rgil\u0259yib. Ona g\u00f6r\u0259 h\u0259min m\u00fcsahib\u0259d\u0259 dedikl\u0259rini x\u00fcsusi f\u0259rql\u0259ndirm\u0259y\u0259 g\u0259r\u0259k yoxdur. Sad\u0259c\u0259, vitse-spiker ke\u00e7mi\u015fi m\u00fcqayis\u0259 ed\u0259r\u0259k bel\u0259 fikirl\u0259r s\u00f6yl\u0259yir v\u0259 dedikl\u0259rinin reall\u0131\u011f\u0131 \u0259ks etdirdiyini d\u00fc\u015f\u00fcnm\u00fcr. Y\u0259ni qeyri-standart, primitiv dan\u0131\u015f\u0131qlar\u0131yla f\u0259rql\u0259ndiyind\u0259n bunu Kremlin fikri kimi q\u0259bul etm\u0259k ciddi olmazd\u0131&#8221;.\n<\/p>\n<p>\n  Siyasi icmal\u00e7\u0131 Rauf Mirq\u0259dirov is\u0259 f\u0259rqli d\u00fc\u015f\u00fcn\u00fcr.\n<\/p>\n<p>\n  Onun fikrinc\u0259, Jirinovskinin a\u00e7\u0131qlamalar\u0131 Kreml elitas\u0131n\u0131n \u0259hval-ruhiyy\u0259sinin n\u00fcmayi\u015fidir v\u0259 bu, LDPR s\u0259drinin ilk b\u0259yanat\u0131 deyil:\n<\/p>\n<figure class=\"wp-block-image size-large\">\n  <img decoding=\"async\" src=\"https:\/\/www.meydan.tv\/az\/70414\/\" alt=\"\" class=\"wp-image-70414\"\/><figcaption>\n    Rauf Mirq\u0259dirov foto sosial \u015f\u0259b\u0259k\u0259<br \/>\n  <\/figcaption><\/figure>\n<p>\n  &#8220;Jirinovski bu yax\u0131nlarda Belarus haqq\u0131nda demi\u015fdi ki, \u0259g\u0259r h\u0259r \u015feyi Rusiyan\u0131n daxili qiym\u0259tl\u0259ril\u0259 almaq ist\u0259yirsinizs\u0259, o zaman m\u00fcst\u0259qillikd\u0259n \u0259l \u00e7\u0259kib Moskvan\u0131n n\u0259zar\u0259tin\u0259 daxil olun. Yaxud Putin 2007-ci ild\u0259 demi\u015fdi ki, SSR\u0130-nin da\u011f\u0131lmas\u0131 XX \u0259srin \u0259n b\u00f6y\u00fck faci\u0259sidir. T\u0259s\u0259vv\u00fcr edirsiniz, bol\u015fevizmin hakimiyy\u0259t\u0259 g\u0259lm\u0259si, 1918-ci ilin v\u0259t\u0259nda\u015f m\u00fcharib\u0259si, Stalin repressiyalar\u0131, 70 il insanlar\u0131 qapal\u0131 bir rejimd\u0259 saxlamaq faci\u0259 say\u0131lm\u0131r, amma imperiyan\u0131n da\u011f\u0131lmas\u0131yla xalqlar\u0131n m\u00fcst\u0259qil d\u00f6vl\u0259tl\u0259rin\u0259 sahib olmas\u0131 faci\u0259 hesab olunur. Onun ard\u0131nca Putin &#8220;m\u00fcst\u0259qil Ukrayna d\u00f6vl\u0259ti nonsensdir&#8221; demi\u015fdi. Bunlar\u0131 ona g\u00f6r\u0259 xat\u0131rlad\u0131ram ki, Jirinovskinin a\u00e7\u0131qlamalar\u0131n\u0131n \u00e7ox ciddi ideoloji bazisi var, bu, rus elitas\u0131n\u0131n \u015fovinist t\u0259f\u0259kk\u00fcr\u00fc il\u0259 ba\u011fl\u0131d\u0131r. \u0130kinci amil Rusiyada yax\u0131nla\u015fan se\u00e7kil\u0259rdir, apar\u0131lan sor\u011fular Kremlin ist\u0259diyi m\u0259nz\u0259r\u0259ni t\u0259lqin ets\u0259 d\u0259, \u00f6lk\u0259d\u0259 \u0259rzaq kartlar\u0131n\u0131n b\u0259rpas\u0131 bar\u0259d\u0259 m\u00fczakir\u0259l\u0259r g\u00fcnd\u0259m\u0259 g\u0259lib v\u0259 bu, \u00f6lk\u0259d\u0259 sosial-iqtisadi durumun n\u0259 d\u0259r\u0259c\u0259d\u0259 g\u0259rgin oldu\u011funun g\u00f6st\u0259ricisidir. Art\u0131q ruslar\u0131n q\u0259na\u0259t etm\u0259y\u0259 imkanlar\u0131 yoxdur. Narahatl\u0131\u011f\u0131n h\u0259lli yollar\u0131ndan biri -qubernatorlar\u0131n d\u0259yi\u015film\u0259si prosesi ba\u015flay\u0131b, \u00e7\u00fcnki \u0259halinin \u0259n \u00e7ox nifr\u0259t etdiyi onlard\u0131r. Bu d\u0259yi\u015fiklik Rusiya \u0259halisinin \u0259hval-ruhiyy\u0259sin\u0259 az \u00a0t\u0259sir ed\u0259r&#8221;.\n<\/p>\n<p>\n  R.Mirq\u0259dirovun s\u00f6zl\u0259rin\u0259 g\u00f6r\u0259, Rusiya \u0259halisinin d\u00fc\u015f\u00fcnc\u0259sin\u0259 \u00a0yaln\u0131z xarici q\u0259l\u0259b\u0259l\u0259r t\u0259sir ed\u0259 bil\u0259r:\n<\/p>\n<p>\n  &#8220;T\u0259\u0259ss\u00fcf ki, xarici q\u0259l\u0259b\u0259l\u0259r, xarici m\u0259\u011flubiyy\u0259tl\u0259r q\u0259d\u0259r \u00f6lk\u0259nin siyasi m\u0259nz\u0259r\u0259sini d\u0259yi\u015f\u0259 bil\u0259c\u0259k bir amil yoxdur. Bu, \u015fovinst t\u0259f\u0259kk\u00fcrl\u0259 ba\u011fl\u0131 m\u0259s\u0259l\u0259 oldu\u011fundan ondan istifad\u0259 olunur. Putinin xarici siyas\u0259t\u0259 \u00f6n\u0259mli diqq\u0259ti d\u0259 onunla ba\u011fl\u0131d\u0131r. Bax\u0131n, postsovet m\u0259kan\u0131na n\u00fcfuz edir, iddialar\u0131n\u0131 gizl\u0259tmir. B\u0259s bacaracaqlarm\u0131? Q\u0131sa u\u011furlar \u0259ld\u0259 oluna bil\u0259r. Amma sosial-iqtisadi probleml\u0259r n\u0259tic\u0259 etibar\u0131yla m\u0259\u011flubiyy\u0259t g\u0259tir\u0259c\u0259k. \u00c7\u00fcnki xarici q\u0259l\u0259b\u0259l\u0259r \u00fc\u00e7\u00fcn b\u00f6y\u00fck pul laz\u0131md\u0131r. Ona g\u00f6r\u0259 Rusiya elitas\u0131 apar\u0131lan siyas\u0259tin amans\u0131z faci\u0259y\u0259 g\u0259tir\u0259c\u0259yini bilm\u0259lidir&#8221;.\n<\/p>\n<p>\n  Rusiya D\u00f6vl\u0259t Dumas\u0131n\u0131n vitse-spikeri, Liberal-Demokrat Partiyas\u0131n\u0131n s\u0259dri Vladimir Jironovski \u00a0\u201cTsarqrad TV\u201d kanal\u0131na SSR\u0130 s\u0259rh\u0259dl\u0259rinin b\u0259rpa edil\u0259c\u0259yi bar\u0259d\u0259 m\u00fcsahib\u0259 verib. O, SSR\u0130-nin b\u0259rpa edil\u0259c\u0259yi t\u0259qdird\u0259 daxili m\u00fcnaqi\u015f\u0259l\u0259rin d\u0259 h\u0259ll olunaca\u011f\u0131n\u0131 deyib: &#8220;Budur, Qaraba\u011f. Onlar he\u00e7 vaxt bu m\u0259s\u0259l\u0259ni h\u0259ll ed\u0259 bilm\u0259y\u0259c\u0259kl\u0259r. Erm\u0259nistanla Az\u0259rbaycan aras\u0131nda daim m\u00fcharib\u0259 olacaq. Ancaq biz onlar\u0131n ham\u0131s\u0131n\u0131 g\u00f6t\u00fcr\u0259nd\u0259 n\u0259 Qaraba\u011f olacaq, n\u0259 Az\u0259rbaycan. Olacaq Bak\u0131 quberniyas\u0131, \u0130r\u0259van quberniyas\u0131, Tiflis quberniyas\u0131, Kutaisi quberniyas\u0131, \u00e7ar\u0131n vaxt\u0131ndak\u0131 kimi\u201d.<\/p>\n","protected":false},"excerpt":{"rendered":"<p>Elxan Mehdiyev: Vitse-spiker ke\u00e7mi\u015fi m\u00fcqayis\u0259 ed\u0259r\u0259k bel\u0259 fikirl\u0259r s\u00f6yl\u0259yir v\u0259 dedikl\u0259rinin reall\u0131\u011f\u0131 \u0259ks etdirdiyini d\u00fc\u015f\u00fcnm\u00fcr<\/p>\n<p>Rauf Mirq\u0259dirov: Onun a\u00e7\u0131qlamalar\u0131n\u0131n \u00e7ox ciddi ideoloji bazisi var, bu, rus elitas\u0131n\u0131n \u015fovinist t\u0259f\u0259kk\u00fcr\u00fc il\u0259 ba\u011fl\u0131d\u0131r<\/p>\n","protected":false},"author":11,"featured_media":78900,"comment_status":"closed","ping_status":"open","sticky":false,"template":"","format":"standard","meta":{"_acf_changed":false,"_sitemap_exclude":false,"_sitemap_priority":"","_sitemap_frequency":"","footnotes":""},"categories":[51],"tags":[],"class_list":["post-182399","post","type-post","status-publish","format-standard","has-post-thumbnail","hentry","category-analitika","infinite-scroll-item","generate-columns","tablet-grid-50","mobile-grid-100","grid-parent","grid-33","no-featured-image-padding"],"acf":[],"yoast_head":"<!-- This site is optimized with the Yoast SEO plugin v27.4 - https:\/\/yoast.com\/product\/yoast-seo-wordpress\/ -->\n<title>Jirinovskini Kreml dan\u0131\u015fd\u0131r\u0131r? Siyasi icmal\u00e7\u0131lar f\u0259rqli d\u00fc\u015f\u00fcn\u00fcr - MEYDAN.TV<\/title>\n<meta name=\"robots\" content=\"index, follow, max-snippet:-1, max-image-preview:large, max-video-preview:-1\" \/>\n<link rel=\"canonical\" href=\"https:\/\/www.meydan.tv\/az\/article\/jirinovskini-kreml-danisdirir-siyasi-icmalcilar-ferqli-dusunur\/\" \/>\n<meta property=\"og:locale\" content=\"az_AZ\" \/>\n<meta property=\"og:type\" content=\"article\" \/>\n<meta property=\"og:title\" content=\"Jirinovskini Kreml dan\u0131\u015fd\u0131r\u0131r? Siyasi icmal\u00e7\u0131lar f\u0259rqli d\u00fc\u015f\u00fcn\u00fcr - MEYDAN.TV\" \/>\n<meta property=\"og:description\" content=\"Elxan Mehdiyev: Vitse-spiker ke\u00e7mi\u015fi m\u00fcqayis\u0259 ed\u0259r\u0259k bel\u0259 fikirl\u0259r s\u00f6yl\u0259yir v\u0259 dedikl\u0259rinin reall\u0131\u011f\u0131 \u0259ks etdirdiyini d\u00fc\u015f\u00fcnm\u00fcr  Rauf Mirq\u0259dirov: Onun a\u00e7\u0131qlamalar\u0131n\u0131n \u00e7ox ciddi ideoloji bazisi var, bu, rus elitas\u0131n\u0131n \u015fovinist t\u0259f\u0259kk\u00fcr\u00fc il\u0259 ba\u011fl\u0131d\u0131r\" \/>\n<meta property=\"og:url\" content=\"https:\/\/www.meydan.tv\/az\/article\/jirinovskini-kreml-danisdirir-siyasi-icmalcilar-ferqli-dusunur\/\" \/>\n<meta property=\"og:site_name\" content=\"MEYDAN.TV\" \/>\n<meta property=\"article:published_time\" content=\"2017-02-08T17:18:01+00:00\" \/>\n<meta property=\"og:image\" content=\"https:\/\/www.meydan.tv\/wp-content\/uploads\/30696.jpg\" \/>\n\t<meta property=\"og:image:width\" content=\"630\" \/>\n\t<meta property=\"og:image:height\" content=\"350\" \/>\n\t<meta property=\"og:image:type\" content=\"image\/jpeg\" \/>\n<meta name=\"author\" content=\"user-manager\" \/>\n<meta name=\"twitter:card\" content=\"summary_large_image\" \/>\n<script type=\"application\/ld+json\" class=\"yoast-schema-graph\">{\"@context\":\"https:\\\/\\\/schema.org\",\"@graph\":[{\"@type\":\"Article\",\"@id\":\"https:\\\/\\\/www.meydan.tv\\\/az\\\/article\\\/jirinovskini-kreml-danisdirir-siyasi-icmalcilar-ferqli-dusunur\\\/#article\",\"isPartOf\":{\"@id\":\"https:\\\/\\\/www.meydan.tv\\\/az\\\/article\\\/jirinovskini-kreml-danisdirir-siyasi-icmalcilar-ferqli-dusunur\\\/\"},\"author\":{\"name\":\"user-manager\",\"@id\":\"https:\\\/\\\/www.meydan.tv\\\/az\\\/#\\\/schema\\\/person\\\/10d11eccf6da3662cf5fdab9806ea91a\"},\"headline\":\"Jirinovskini Kreml dan\u0131\u015fd\u0131r\u0131r? Siyasi icmal\u00e7\u0131lar f\u0259rqli d\u00fc\u015f\u00fcn\u00fcr\",\"datePublished\":\"2017-02-08T17:18:01+00:00\",\"mainEntityOfPage\":{\"@id\":\"https:\\\/\\\/www.meydan.tv\\\/az\\\/article\\\/jirinovskini-kreml-danisdirir-siyasi-icmalcilar-ferqli-dusunur\\\/\"},\"wordCount\":894,\"publisher\":{\"@id\":\"https:\\\/\\\/www.meydan.tv\\\/az\\\/#organization\"},\"image\":{\"@id\":\"https:\\\/\\\/www.meydan.tv\\\/az\\\/article\\\/jirinovskini-kreml-danisdirir-siyasi-icmalcilar-ferqli-dusunur\\\/#primaryimage\"},\"thumbnailUrl\":\"https:\\\/\\\/www.meydan.tv\\\/wp-content\\\/uploads\\\/30696.jpg\",\"articleSection\":[\"Analitika\"],\"inLanguage\":\"az\"},{\"@type\":\"WebPage\",\"@id\":\"https:\\\/\\\/www.meydan.tv\\\/az\\\/article\\\/jirinovskini-kreml-danisdirir-siyasi-icmalcilar-ferqli-dusunur\\\/\",\"url\":\"https:\\\/\\\/www.meydan.tv\\\/az\\\/article\\\/jirinovskini-kreml-danisdirir-siyasi-icmalcilar-ferqli-dusunur\\\/\",\"name\":\"Jirinovskini Kreml dan\u0131\u015fd\u0131r\u0131r? Siyasi icmal\u00e7\u0131lar f\u0259rqli d\u00fc\u015f\u00fcn\u00fcr - MEYDAN.TV\",\"isPartOf\":{\"@id\":\"https:\\\/\\\/www.meydan.tv\\\/az\\\/#website\"},\"primaryImageOfPage\":{\"@id\":\"https:\\\/\\\/www.meydan.tv\\\/az\\\/article\\\/jirinovskini-kreml-danisdirir-siyasi-icmalcilar-ferqli-dusunur\\\/#primaryimage\"},\"image\":{\"@id\":\"https:\\\/\\\/www.meydan.tv\\\/az\\\/article\\\/jirinovskini-kreml-danisdirir-siyasi-icmalcilar-ferqli-dusunur\\\/#primaryimage\"},\"thumbnailUrl\":\"https:\\\/\\\/www.meydan.tv\\\/wp-content\\\/uploads\\\/30696.jpg\",\"datePublished\":\"2017-02-08T17:18:01+00:00\",\"breadcrumb\":{\"@id\":\"https:\\\/\\\/www.meydan.tv\\\/az\\\/article\\\/jirinovskini-kreml-danisdirir-siyasi-icmalcilar-ferqli-dusunur\\\/#breadcrumb\"},\"inLanguage\":\"az\",\"potentialAction\":[{\"@type\":\"ReadAction\",\"target\":[\"https:\\\/\\\/www.meydan.tv\\\/az\\\/article\\\/jirinovskini-kreml-danisdirir-siyasi-icmalcilar-ferqli-dusunur\\\/\"]}]},{\"@type\":\"ImageObject\",\"inLanguage\":\"az\",\"@id\":\"https:\\\/\\\/www.meydan.tv\\\/az\\\/article\\\/jirinovskini-kreml-danisdirir-siyasi-icmalcilar-ferqli-dusunur\\\/#primaryimage\",\"url\":\"https:\\\/\\\/www.meydan.tv\\\/wp-content\\\/uploads\\\/30696.jpg\",\"contentUrl\":\"https:\\\/\\\/www.meydan.tv\\\/wp-content\\\/uploads\\\/30696.jpg\",\"width\":630,\"height\":350,\"caption\":\"Source:\"},{\"@type\":\"BreadcrumbList\",\"@id\":\"https:\\\/\\\/www.meydan.tv\\\/az\\\/article\\\/jirinovskini-kreml-danisdirir-siyasi-icmalcilar-ferqli-dusunur\\\/#breadcrumb\",\"itemListElement\":[{\"@type\":\"ListItem\",\"position\":1,\"name\":\"Ana s\u0259hif\u0259\",\"item\":\"https:\\\/\\\/www.meydan.tv\\\/az\\\/\"},{\"@type\":\"ListItem\",\"position\":2,\"name\":\"Analitika\",\"item\":\"https:\\\/\\\/www.meydan.tv\\\/az\\\/section\\\/analitika\\\/\"},{\"@type\":\"ListItem\",\"position\":3,\"name\":\"Jirinovskini Kreml dan\u0131\u015fd\u0131r\u0131r? Siyasi icmal\u00e7\u0131lar f\u0259rqli d\u00fc\u015f\u00fcn\u00fcr\"}]},{\"@type\":\"WebSite\",\"@id\":\"https:\\\/\\\/www.meydan.tv\\\/az\\\/#website\",\"url\":\"https:\\\/\\\/www.meydan.tv\\\/az\\\/\",\"name\":\"MEYDAN.TV\",\"description\":\"Meydan TV Az\u0259rbaycan\u0131n media m\u0259kan\u0131ndak\u0131 alternativ s\u0259sidir\",\"publisher\":{\"@id\":\"https:\\\/\\\/www.meydan.tv\\\/az\\\/#organization\"},\"potentialAction\":[{\"@type\":\"SearchAction\",\"target\":{\"@type\":\"EntryPoint\",\"urlTemplate\":\"https:\\\/\\\/www.meydan.tv\\\/az\\\/?s={search_term_string}\"},\"query-input\":{\"@type\":\"PropertyValueSpecification\",\"valueRequired\":true,\"valueName\":\"search_term_string\"}}],\"inLanguage\":\"az\"},{\"@type\":\"Organization\",\"@id\":\"https:\\\/\\\/www.meydan.tv\\\/az\\\/#organization\",\"name\":\"Meydan TV\",\"url\":\"https:\\\/\\\/www.meydan.tv\\\/az\\\/\",\"logo\":{\"@type\":\"ImageObject\",\"inLanguage\":\"az\",\"@id\":\"https:\\\/\\\/www.meydan.tv\\\/az\\\/#\\\/schema\\\/logo\\\/image\\\/\",\"url\":\"https:\\\/\\\/www.meydan.tv\\\/wp-content\\\/uploads\\\/2021\\\/07\\\/meydan-logo.svg\",\"contentUrl\":\"https:\\\/\\\/www.meydan.tv\\\/wp-content\\\/uploads\\\/2021\\\/07\\\/meydan-logo.svg\",\"width\":195,\"height\":46,\"caption\":\"Meydan TV\"},\"image\":{\"@id\":\"https:\\\/\\\/www.meydan.tv\\\/az\\\/#\\\/schema\\\/logo\\\/image\\\/\"}},{\"@type\":\"Person\",\"@id\":\"https:\\\/\\\/www.meydan.tv\\\/az\\\/#\\\/schema\\\/person\\\/10d11eccf6da3662cf5fdab9806ea91a\",\"name\":\"user-manager\"}]}<\/script>\n<!-- \/ Yoast SEO plugin. -->","yoast_head_json":{"title":"Jirinovskini Kreml dan\u0131\u015fd\u0131r\u0131r? Siyasi icmal\u00e7\u0131lar f\u0259rqli d\u00fc\u015f\u00fcn\u00fcr - MEYDAN.TV","robots":{"index":"index","follow":"follow","max-snippet":"max-snippet:-1","max-image-preview":"max-image-preview:large","max-video-preview":"max-video-preview:-1"},"canonical":"https:\/\/www.meydan.tv\/az\/article\/jirinovskini-kreml-danisdirir-siyasi-icmalcilar-ferqli-dusunur\/","og_locale":"az_AZ","og_type":"article","og_title":"Jirinovskini Kreml dan\u0131\u015fd\u0131r\u0131r? Siyasi icmal\u00e7\u0131lar f\u0259rqli d\u00fc\u015f\u00fcn\u00fcr - MEYDAN.TV","og_description":"Elxan Mehdiyev: Vitse-spiker ke\u00e7mi\u015fi m\u00fcqayis\u0259 ed\u0259r\u0259k bel\u0259 fikirl\u0259r s\u00f6yl\u0259yir v\u0259 dedikl\u0259rinin reall\u0131\u011f\u0131 \u0259ks etdirdiyini d\u00fc\u015f\u00fcnm\u00fcr  Rauf Mirq\u0259dirov: Onun a\u00e7\u0131qlamalar\u0131n\u0131n \u00e7ox ciddi ideoloji bazisi var, bu, rus elitas\u0131n\u0131n \u015fovinist t\u0259f\u0259kk\u00fcr\u00fc il\u0259 ba\u011fl\u0131d\u0131r","og_url":"https:\/\/www.meydan.tv\/az\/article\/jirinovskini-kreml-danisdirir-siyasi-icmalcilar-ferqli-dusunur\/","og_site_name":"MEYDAN.TV","article_published_time":"2017-02-08T17:18:01+00:00","og_image":[{"width":630,"height":350,"url":"https:\/\/www.meydan.tv\/wp-content\/uploads\/30696.jpg","type":"image\/jpeg"}],"author":"user-manager","twitter_card":"summary_large_image","schema":{"@context":"https:\/\/schema.org","@graph":[{"@type":"Article","@id":"https:\/\/www.meydan.tv\/az\/article\/jirinovskini-kreml-danisdirir-siyasi-icmalcilar-ferqli-dusunur\/#article","isPartOf":{"@id":"https:\/\/www.meydan.tv\/az\/article\/jirinovskini-kreml-danisdirir-siyasi-icmalcilar-ferqli-dusunur\/"},"author":{"name":"user-manager","@id":"https:\/\/www.meydan.tv\/az\/#\/schema\/person\/10d11eccf6da3662cf5fdab9806ea91a"},"headline":"Jirinovskini Kreml dan\u0131\u015fd\u0131r\u0131r? Siyasi icmal\u00e7\u0131lar f\u0259rqli d\u00fc\u015f\u00fcn\u00fcr","datePublished":"2017-02-08T17:18:01+00:00","mainEntityOfPage":{"@id":"https:\/\/www.meydan.tv\/az\/article\/jirinovskini-kreml-danisdirir-siyasi-icmalcilar-ferqli-dusunur\/"},"wordCount":894,"publisher":{"@id":"https:\/\/www.meydan.tv\/az\/#organization"},"image":{"@id":"https:\/\/www.meydan.tv\/az\/article\/jirinovskini-kreml-danisdirir-siyasi-icmalcilar-ferqli-dusunur\/#primaryimage"},"thumbnailUrl":"https:\/\/www.meydan.tv\/wp-content\/uploads\/30696.jpg","articleSection":["Analitika"],"inLanguage":"az"},{"@type":"WebPage","@id":"https:\/\/www.meydan.tv\/az\/article\/jirinovskini-kreml-danisdirir-siyasi-icmalcilar-ferqli-dusunur\/","url":"https:\/\/www.meydan.tv\/az\/article\/jirinovskini-kreml-danisdirir-siyasi-icmalcilar-ferqli-dusunur\/","name":"Jirinovskini Kreml dan\u0131\u015fd\u0131r\u0131r? Siyasi icmal\u00e7\u0131lar f\u0259rqli d\u00fc\u015f\u00fcn\u00fcr - MEYDAN.TV","isPartOf":{"@id":"https:\/\/www.meydan.tv\/az\/#website"},"primaryImageOfPage":{"@id":"https:\/\/www.meydan.tv\/az\/article\/jirinovskini-kreml-danisdirir-siyasi-icmalcilar-ferqli-dusunur\/#primaryimage"},"image":{"@id":"https:\/\/www.meydan.tv\/az\/article\/jirinovskini-kreml-danisdirir-siyasi-icmalcilar-ferqli-dusunur\/#primaryimage"},"thumbnailUrl":"https:\/\/www.meydan.tv\/wp-content\/uploads\/30696.jpg","datePublished":"2017-02-08T17:18:01+00:00","breadcrumb":{"@id":"https:\/\/www.meydan.tv\/az\/article\/jirinovskini-kreml-danisdirir-siyasi-icmalcilar-ferqli-dusunur\/#breadcrumb"},"inLanguage":"az","potentialAction":[{"@type":"ReadAction","target":["https:\/\/www.meydan.tv\/az\/article\/jirinovskini-kreml-danisdirir-siyasi-icmalcilar-ferqli-dusunur\/"]}]},{"@type":"ImageObject","inLanguage":"az","@id":"https:\/\/www.meydan.tv\/az\/article\/jirinovskini-kreml-danisdirir-siyasi-icmalcilar-ferqli-dusunur\/#primaryimage","url":"https:\/\/www.meydan.tv\/wp-content\/uploads\/30696.jpg","contentUrl":"https:\/\/www.meydan.tv\/wp-content\/uploads\/30696.jpg","width":630,"height":350,"caption":"Source:"},{"@type":"BreadcrumbList","@id":"https:\/\/www.meydan.tv\/az\/article\/jirinovskini-kreml-danisdirir-siyasi-icmalcilar-ferqli-dusunur\/#breadcrumb","itemListElement":[{"@type":"ListItem","position":1,"name":"Ana s\u0259hif\u0259","item":"https:\/\/www.meydan.tv\/az\/"},{"@type":"ListItem","position":2,"name":"Analitika","item":"https:\/\/www.meydan.tv\/az\/section\/analitika\/"},{"@type":"ListItem","position":3,"name":"Jirinovskini Kreml dan\u0131\u015fd\u0131r\u0131r? Siyasi icmal\u00e7\u0131lar f\u0259rqli d\u00fc\u015f\u00fcn\u00fcr"}]},{"@type":"WebSite","@id":"https:\/\/www.meydan.tv\/az\/#website","url":"https:\/\/www.meydan.tv\/az\/","name":"MEYDAN.TV","description":"Meydan TV Az\u0259rbaycan\u0131n media m\u0259kan\u0131ndak\u0131 alternativ s\u0259sidir","publisher":{"@id":"https:\/\/www.meydan.tv\/az\/#organization"},"potentialAction":[{"@type":"SearchAction","target":{"@type":"EntryPoint","urlTemplate":"https:\/\/www.meydan.tv\/az\/?s={search_term_string}"},"query-input":{"@type":"PropertyValueSpecification","valueRequired":true,"valueName":"search_term_string"}}],"inLanguage":"az"},{"@type":"Organization","@id":"https:\/\/www.meydan.tv\/az\/#organization","name":"Meydan TV","url":"https:\/\/www.meydan.tv\/az\/","logo":{"@type":"ImageObject","inLanguage":"az","@id":"https:\/\/www.meydan.tv\/az\/#\/schema\/logo\/image\/","url":"https:\/\/www.meydan.tv\/wp-content\/uploads\/2021\/07\/meydan-logo.svg","contentUrl":"https:\/\/www.meydan.tv\/wp-content\/uploads\/2021\/07\/meydan-logo.svg","width":195,"height":46,"caption":"Meydan TV"},"image":{"@id":"https:\/\/www.meydan.tv\/az\/#\/schema\/logo\/image\/"}},{"@type":"Person","@id":"https:\/\/www.meydan.tv\/az\/#\/schema\/person\/10d11eccf6da3662cf5fdab9806ea91a","name":"user-manager"}]}},"_links":{"self":[{"href":"https:\/\/www.meydan.tv\/az\/wp-json\/wp\/v2\/posts\/182399","targetHints":{"allow":["GET"]}}],"collection":[{"href":"https:\/\/www.meydan.tv\/az\/wp-json\/wp\/v2\/posts"}],"about":[{"href":"https:\/\/www.meydan.tv\/az\/wp-json\/wp\/v2\/types\/post"}],"author":[{"embeddable":true,"href":"https:\/\/www.meydan.tv\/az\/wp-json\/wp\/v2\/users\/11"}],"replies":[{"embeddable":true,"href":"https:\/\/www.meydan.tv\/az\/wp-json\/wp\/v2\/comments?post=182399"}],"version-history":[{"count":0,"href":"https:\/\/www.meydan.tv\/az\/wp-json\/wp\/v2\/posts\/182399\/revisions"}],"wp:featuredmedia":[{"embeddable":true,"href":"https:\/\/www.meydan.tv\/az\/wp-json\/wp\/v2\/media\/78900"}],"wp:attachment":[{"href":"https:\/\/www.meydan.tv\/az\/wp-json\/wp\/v2\/media?parent=182399"}],"wp:term":[{"taxonomy":"category","embeddable":true,"href":"https:\/\/www.meydan.tv\/az\/wp-json\/wp\/v2\/categories?post=182399"},{"taxonomy":"post_tag","embeddable":true,"href":"https:\/\/www.meydan.tv\/az\/wp-json\/wp\/v2\/tags?post=182399"}],"curies":[{"name":"wp","href":"https:\/\/api.w.org\/{rel}","templated":true}]}}