{"id":182396,"date":"2017-02-08T15:00:09","date_gmt":"2017-02-08T15:00:09","guid":{"rendered":"https:\/\/www.meydan.tv\/article\/lapsinin-getirilmesi-ilham-eliyevin-nufuzunu-artirmaga-xidmet-edir\/"},"modified":"2017-02-08T15:00:09","modified_gmt":"2017-02-08T15:00:09","slug":"lapsinin-getirilmesi-ilham-eliyevin-nufuzunu-artirmaga-xidmet-edir","status":"publish","type":"post","link":"https:\/\/www.meydan.tv\/az\/article\/lapsinin-getirilmesi-ilham-eliyevin-nufuzunu-artirmaga-xidmet-edir\/","title":{"rendered":"&#8221;Lap\u015finin g\u0259tirilm\u0259si \u0130lham \u018fliyevin n\u00fcfuzunu art\u0131rma\u011fa xidm\u0259t edir&#8221;"},"content":{"rendered":"<figure class=\"wp-block-image size-large\">\n  <img decoding=\"async\" src=\"https:\/\/www.meydan.tv\/az\/78888\/\" alt=\"\" class=\"wp-image-78888\"\/><figcaption><\/figcaption><\/figure>\n<p>\n  <i><br \/>\n    \u018fli \u018fhm\u0259dov: &#8221;Lap\u015finin g\u0259tirilm\u0259si Az\u0259rbaycan\u0131n siyasi irad\u0259sini ortaya qoyub&#8221;<br \/>\n  <\/i>\n<\/p>\n<p>\n  <i><br \/>\n    Mehman \u018fliyev: &#8221;Rusiya v\u0259 \u0130srail bu oyunda \u0130lham \u018fliyevin g\u00fcc\u00fcn\u00fcn g\u00f6st\u0259rilm\u0259sind\u0259 maraql\u0131d\u0131rlar&#8221;<br \/>\n  <\/i>\n<\/p>\n<p>\n  <i><br \/>\n    \u018fl\u0259sg\u0259r M\u0259mm\u0259dli: &#8221;Bu proses Az\u0259rbaycan\u0131n \u0259razil\u0259rind\u0259 qondarma &#8221;d\u00f6vl\u0259t&#8221; qurdu\u011funu d\u00fc\u015f\u00fcn\u0259n t\u0259r\u0259f\u0259 d\u0259, bu saxta rejiml\u0259 \u0259m\u0259kda\u015fl\u0131q ed\u0259n t\u0259r\u0259fl\u0259r\u0259 d\u0259, f\u0259rdl\u0259r\u0259 d\u0259 bir x\u0259b\u0259rdarl\u0131qd\u0131r&#8221;<br \/>\n  <\/i>\n<\/p>\n<p>\n  Fevral\u0131n 7-d\u0259 erm\u0259nil\u0259r\u0259 d\u0259st\u0259k verm\u0259kd\u0259 g\u00fcnahland\u0131r\u0131lan bloqqer Aleksandr Lap\u015fin Az\u0259rbaycana ekstradisiya olunub.\n<\/p>\n<p>\n  Bir g\u00fcn \u0259vv\u0259l Belarus Ali M\u0259hk\u0259m\u0259si 2016-c\u0131 ilin dekabr\u0131nda r\u0259smi Bak\u0131n\u0131n sor\u011fusu \u0259sas\u0131nda saxlanm\u0131\u015f A.Lap\u015finl\u0259 ba\u011fl\u0131 yekun q\u0259rar\u0131 elan edib.\n<\/p>\n<p>\n  Az\u0259rbaycan\u0131n sabiq xarici i\u015fl\u0259r naziri Tofiq Z\u00fclf\u00fcqarov Meydan TV-y\u0259 deyib ki, Aleksandr Lap\u015finin Az\u0259rbaycana t\u0259hvil verilm\u0259sinin Qaraba\u011f probleminin h\u0259llin\u0259 h\u0259r hans\u0131 t\u0259siri olmayacaq. Ancaq bu hadis\u0259 Az\u0259rbaycan\u0131n suverenliyin\u0259 daha h\u00f6rm\u0259tl\u0259 yana\u015fmas\u0131na xidm\u0259t edir:\n<\/p>\n<p>\n  &#8220;Beyn\u0259lxalq mediada bu olay olunla n\u0259tic\u0259l\u0259n\u0259c\u0259k ki, Az\u0259rbaycan\u0131n suverenliyi, qanunlar\u0131 \u00a0Da\u011fl\u0131q Qaraba\u011fa da \u015famil olunur v\u0259 xarici ictimaiyy\u0259t buna h\u00f6rm\u0259tl\u0259 yana\u015fmal\u0131d\u0131r&#8221;.\n<\/p>\n<p>\n  Sabiq Rusiyan\u0131n s\u0259n\u0259t adamlar\u0131 Soso Pavlia\u015fvili, Filip Kirkorov v\u0259 dig\u0259rl\u0259rinin i\u015f\u011fal olunmu\u015f \u0259razil\u0259rd\u0259 olub, sonra Az\u0259rbaycana g\u0259lm\u0259si bar\u0259d\u0259 suala sabiq nazir bel\u0259 cavab verdi:\n<\/p>\n<p>\n  &#8220;Bu m\u0259s\u0259l\u0259d\u0259 iki m\u0259qam var: birinci, icaz\u0259siz i\u015f\u011fal olunmu\u015f \u0259razil\u0259ri ziyar\u0259t ed\u0259nl\u0259r var v\u0259 onlar &#8220;qara siyah\u0131&#8221;ya sal\u0131n\u0131blar. \u018fg\u0259r sonradan kiml\u0259rs\u0259, s\u0259hvini etiraf edib \u00fczr ist\u0259yirs\u0259, onlar siyah\u0131dan \u00e7\u0131xar\u0131l\u0131r. Adlar\u0131n\u0131 \u00e7\u0259kdiyiniz adamlar\u0131n bu add\u0131m\u0131 atd\u0131\u011f\u0131n\u0131 istisna etmir\u0259m. M\u0259nim s\u0259fir i\u015fl\u0259diyim zaman bel\u0259 hallar olub. Aleksandr Lap\u015fin is\u0259 &#8220;qara siyah\u0131ya&#8221; d\u00fc\u015f\u0259nd\u0259n sonra yenid\u0259n h\u0259r\u0259k\u0259tinin davam etdirib v\u0259 bloqunda &#8220;ist\u0259nil\u0259n vaxt Az\u0259rbaycan s\u0259rh\u0259dl\u0259rini poza bil\u0259r\u0259m&#8221; dey\u0259 yaz\u0131b&#8221;.\n<\/p>\n<p>\n  Ba\u015f nazirin m\u00fcavini \u018fli \u018fhm\u0259dov Lap\u015finin g\u0259tirilm\u0259sini Az\u0259rbaycan\u0131n siyasi irad\u0259sini ortaya qoymas\u0131 kimi qiym\u0259tl\u0259ndirib:\n<\/p>\n<p>\n  &#8220;Aleksandr Lap\u015finin ekstradisiyas\u0131 Az\u0259rbaycan\u0131n milli maraqlar\u0131n\u0131 qorumaq \u0259zmind\u0259 oldu\u011funu s\u00fcbut ed\u0259n \u00e7oxsayl\u0131 faktlardan biridir&#8221;.\n<\/p>\n<p>\n  O, hesab edir ki, Az\u0259rbaycan d\u00f6vl\u0259t m\u00fcst\u0259qilliyin\u0259, d\u00f6vl\u0259t maraqlar\u0131na qar\u015f\u0131 \u00e7\u0131xan, bununla da milli qanunvericiliyini, beyn\u0259lxalq h\u00fcquq normalar\u0131n\u0131 pozan insanlara qar\u015f\u0131 h\u0259mi\u015f\u0259 birm\u0259nal\u0131 m\u00f6vqeyini ortaya qoyub:\n<\/p>\n<figure class=\"wp-block-image size-large\">\n  <img decoding=\"async\" src=\"https:\/\/www.meydan.tv\/az\/64213\/\" alt=\"\" class=\"wp-image-64213\"\/><figcaption>\n    \u018fli \u018fhm\u0259dov<br \/>\n  <\/figcaption><\/figure>\n<p>\n  &#8220;Bu m\u00f6vqe n\u0259tic\u0259sind\u0259 cinay\u0259t t\u00f6r\u0259tmi\u015f h\u0259r bir \u015f\u0259xsin qanun qar\u015f\u0131s\u0131nda cavab verm\u0259sin\u0259 nail ola bil\u0259c\u0259yik. Az\u0259rbaycan d\u00f6vl\u0259ti kifay\u0259t q\u0259d\u0259r q\u0259tiyy\u0259tli siyasi irad\u0259 n\u00fcmayi\u015f etdir\u0259 bilir. Lap\u015finin Az\u0259rbaycana g\u0259tirilm\u0259si Az\u0259rbaycan\u0131n siyasi irad\u0259sini, d\u00f6vl\u0259t maraqlar\u0131n\u0131 qorumaq namin\u0259 \u0259n c\u0259sar\u0259tli add\u0131mlar atmaq irad\u0259sini ortaya qoyub&#8221;.\n<\/p>\n<p>\n  &#8220;Turan&#8221; \u0130nformasiya Agentliyinin direktoru Mehman \u018fliyev hesab edir ki, \u0259slind\u0259, jurnalistl\u0259ri m\u00fcdafi\u0259 ed\u0259n beyn\u0259lxalq t\u0259\u015fkilatlar Aleksandr Lap\u015fin Belarusda saxland\u0131\u011f\u0131 zaman s\u00f6z azadl\u0131\u011f\u0131 bax\u0131m\u0131ndan etiraz etm\u0259liydil\u0259r. \u018fg\u0259r olmay\u0131bsa, bundan sonra n\u0259s\u0259 g\u00f6zl\u0259m\u0259k olar:\n<\/p>\n<p>\n  &#8220;Ancaq Az\u0259rbaycan Xarici \u0130\u015fl\u0259r Nazirliyinin i\u015f\u011fal olunan \u0259razil\u0259ri ziyar\u0259tl\u0259 ba\u011fl\u0131 &#8220;qara siyah\u0131&#8221;s\u0131 var v\u0259 ora getm\u0259k qanun pozuntusu hesab olunur. \u0130ndi sual yaran\u0131r; b\u0259s niy\u0259 ba\u015fqalar\u0131na qar\u015f\u0131 cinay\u0259t i\u015fi qald\u0131r\u0131lm\u0131r, niy\u0259 onlar\u0131n t\u0259hvil verilm\u0259si t\u0259l\u0259b olunmur? M\u0259s\u0259l\u0259n, Rusiyan\u0131n opera ifa\u00e7\u0131s\u0131 Kazanovskaya. Bu adam Qaraba\u011fa gedib v\u0259 Rusiya m\u0259tbuat\u0131nda Az\u0259rbaycana qar\u015f\u0131 b\u0259yanatlarla \u00e7\u0131x\u0131\u015f edib. M\u0259nc\u0259, Aleksandr Lap\u015fin m\u0259s\u0259l\u0259sind\u0259 bir \u015fou yarad\u0131l\u0131b v\u0259 hakimiyy\u0259t problemi bu c\u00fcr qabartmaqla Qaraba\u011fa qeyri-qanuni ax\u0131n\u0131n qar\u015f\u0131s\u0131n\u0131 almaq ist\u0259yir. \u0130kinci, hakimiyy\u0259t g\u00fcc\u00fcn\u00fc, diplomatik bacar\u0131\u011f\u0131n\u0131 n\u00fcmayi\u015f etdirir. Bax\u0131n, \u00fc\u00e7t\u0259r\u0259fli v\u0259t\u0259nda\u015f &#8211; \u0130srail, Ukrayna v\u0259 Rusiya v\u0259t\u0259nda\u015f\u0131n\u0131 ala bildi, t\u0259bli\u011fat da bunun \u00fcz\u0259rind\u0259 qurulub. Amma \u0130srail v\u0259 Rusiya da bu oyunu oynay\u0131r, T\u0259l-\u018fviv v\u0259 Moskva hay-k\u00fcy qald\u0131r\u0131b Lap\u015fini m\u00fcdafi\u0259 ed\u0259c\u0259kl\u0259rini dedil\u0259r. Rusiya v\u0259 \u0130srail bu oyunda \u0130lham \u018fliyevin g\u00fcc\u00fcn\u00fcn g\u00f6st\u0259rilm\u0259sind\u0259 maraql\u0131d\u0131rlar. Bu raz\u0131la\u015fma ondan ibar\u0259tdir ki, Lap\u015fin g\u00fcnah\u0131n\u0131 etiraf ed\u0259c\u0259k v\u0259 Bak\u0131 humanist add\u0131m at\u0131b onu \u0130srail\u0259, yaxud Rusiyaya t\u0259hvil ver\u0259c\u0259k. N\u0259tic\u0259d\u0259 ham\u0131 raz\u0131 qalacaq. \u018fslind\u0259, bu, \u0130lham \u018fliyevinin n\u00fcfuzunun \u00a0art\u0131r\u0131lmas\u0131na xidm\u0259t ed\u0259n bir \u015foudur&#8221;.\n<\/p>\n<p>\n  Mehman \u018fliyev hesab edir ki, 2003-c\u00fc ild\u0259n sonra ba\u015fda Amerika olmaqla Q\u0259rb, \u0130srail v\u0259 Rusiya \u018fliyevin n\u00fcfuzunun artmas\u0131 \u00fc\u00e7\u00fcn bu c\u00fcr m\u00fcxt\u0259lifs\u0259pkili siyasi \u015foular qurublar. M\u0259qs\u0259d \u0130lham \u018fliyev vasit\u0259sil\u0259 Heyd\u0259r \u018fliyevd\u0259n miras qalm\u0131\u015f komandan\u0131n demontaj olunmas\u0131d\u0131r:\n<\/p>\n<figure class=\"wp-block-image size-large\">\n  <img decoding=\"async\" src=\"https:\/\/www.meydan.tv\/az\/68364\/\" alt=\"\" class=\"wp-image-68364\"\/><figcaption>\n    Mehman \u018fliyev<br \/>\n  <\/figcaption><\/figure>\n<p>\n  &#8220;2005-ci ild\u0259 bir s\u0131ra m\u0259murlar s\u0131radan \u00e7\u0131xar\u0131ld\u0131. 2008-ci il prezident, 2015-ci il parlament se\u00e7kil\u0259ri, 2009-2016-c\u0131 il referendumlar\u0131 \u018fliyevin komandaya n\u0259zar\u0259ti g\u00fccl\u0259ndirm\u0259k m\u0259qs\u0259di da\u015f\u0131y\u0131b.\n<\/p>\n<p>\n  Biz d\u0259 daxil olmaqla c\u0259miyy\u0259t h\u0259mi\u015f\u0259 \u00e7a\u015fq\u0131nl\u0131q i\u015find\u0259 sual veririk, nec\u0259 olur, Q\u0259rb \u018fliyevi t\u0259nqid edir, amma q\u0259ti add\u0131mlar atm\u0131r v\u0259 onunla i\u015fl\u0259yir. Son olaraq \u018fliyevin Avropaya s\u0259f\u0259rini g\u00f6t\u00fcr\u0259k, h\u0259m g\u00f6r\u00fc\u015f\u00fcrl\u0259r, h\u0259m d\u0259 dinl\u0259m\u0259l\u0259r t\u0259\u015fkil edirl\u0259r. \u00c7oxvariantl\u0131 v\u0259 m\u00fcr\u0259kk\u0259b oyun oynan\u0131l\u0131r, fikir verin, g\u00f6r\u00fc\u015f\u00fcn birind\u0259n imtina etdi, amma o biril\u0259ril\u0259 g\u00f6r\u00fc\u015fd\u00fc, bunlar ham\u0131s\u0131 onun n\u00fcfuzunu g\u00fccl\u0259ndirm\u0259k m\u0259qs\u0259di da\u015f\u0131y\u0131r ki, komandan\u0131 demontaj etsin, apreld\u0259 bu proses ba\u015flamal\u0131d\u0131r v\u0259 26 sentyabr referendumu da bunlar \u00fc\u00e7\u00fcn idi. G\u00f6rd\u00fcn\u00fczm\u00fc, Q\u0259rb sonuncu referenduma o q\u0259d\u0259r d\u0259 t\u0259nqidi yana\u015fma s\u0259rgil\u0259m\u0259di&#8221;.\n<\/p>\n<p>\n  Mehman \u018fliyev d\u00fc\u015f\u00fcn\u00fcr ki, \u0130lham \u018fliyev bundan sonra m\u00fcxalif d\u00fc\u015f\u0259rg\u0259d\u0259, v\u0259t\u0259nda\u015f c\u0259miyy\u0259tind\u0259 v\u0259 mediada hans\u0131sa repressiyalar\u0131 g\u00fccl\u0259ndir\u0259 bil\u0259r:\n<\/p>\n<p>\n  &#8220;Amma bu, m\u0259nas\u0131z bir i\u015fdir. \u00c7\u00fcnki Az\u0259rbaycanda yaranm\u0131\u015f b\u00f6hran\u0131n arxas\u0131nda v\u0259t\u0259nda\u015f c\u0259miyy\u0259ti, m\u00fcxalif\u0259t, yaxud barmaqla say\u0131lacaq azad media dayanmay\u0131b. Problem sistemli b\u00f6hrand\u0131r, \u00e7\u0131x\u0131\u015f yolu da sistemin \u00f6z\u00fcn\u00fc d\u0259yi\u015fm\u0259kdir. \u00d6t\u0259n ilin oktyabr\u0131nda prezident \u00a06 aydan sonra institusional d\u0259yi\u015fiklikl\u0259r\u0259 ged\u0259c\u0259yini demi\u015fdi, h\u0259min vaxt apreld\u0259 bitir v\u0259 komandayla vidala\u015fma m\u0259rh\u0259l\u0259si olmal\u0131d\u0131r. Bax, yuxar\u0131da dedikl\u0259rim d\u0259 budur, \u018fliyevin n\u00fcfuzunu qald\u0131r\u0131rlar ki, h\u0259r \u015feyi o edir. M\u0259s\u0259l\u0259 ondad\u0131r ki, indiki komanda b\u00f6hran komandas\u0131 deyil, \u0259ksin\u0259 b\u00f6hran yaradan komandad\u0131r. Ona g\u00f6r\u0259 sistemin d\u0259yi\u015film\u0259si, komandan\u0131n d\u0259yi\u015fm\u0259si qa\u00e7\u0131lmazd\u0131r. M\u0259murlar\u0131n da he\u00e7 biri v\u0259zif\u0259d\u0259n getm\u0259k ist\u0259mir, \u0259ks\u0259riyy\u0259tinin x\u00fcsusi qruplar\u0131, maliyy\u0259 imkanlar\u0131 var, t\u0259sir ed\u0259 bilirl\u0259r. Bu m\u0259nada d\u00f6vl\u0259t ba\u015f\u00e7\u0131s\u0131n\u0131n n\u00fcfuzunu g\u00fccl\u0259ndirirl\u0259r. N\u0259hay\u0259t, burda m\u0259qs\u0259d avtoritarizmi g\u00fccl\u0259ndirm\u0259k yox, demokratiya g\u0259tirm\u0259kdir&#8221;.\n<\/p>\n<p>\n  H\u00fcquq\u015f\u00fcnas \u018fl\u0259sg\u0259r M\u0259mm\u0259dli &#8220;Facebook&#8221; s\u0259hif\u0259sind\u0259 yaz\u0131b ki, yerli v\u0259 beyn\u0259lxalq qanunvericiliy\u0259 \u0259sas\u0259n m\u0259sl\u0259yind\u0259n as\u0131l\u0131 olmayaraq, h\u0259r k\u0259s bu pozuntuya g\u00f6r\u0259 m\u0259suliyy\u0259t da\u015f\u0131ya bil\u0259r.\n<\/p>\n<figure class=\"wp-block-image size-large\">\n  <img decoding=\"async\" src=\"https:\/\/www.meydan.tv\/az\/63519\/\" alt=\"\" class=\"wp-image-63519\"\/><figcaption>\n    \u018fl\u0259sg\u0259r M\u0259mm\u0259dli<br \/>\n  <\/figcaption><\/figure>\n<p>\n  &#8216;\u0130fad\u0259 azadl\u0131\u011f\u0131 m\u00fctl\u0259q azadl\u0131q deyil v\u0259 m\u00fc\u0259yy\u0259n legitim m\u0259nafel\u0259r bax\u0131m\u0131ndan m\u0259hdudla\u015fd\u0131r\u0131la bil\u0259r. Bu legitim m\u0259nafel\u0259rd\u0259n biri d\u0259 \u201c\u0259razi b\u00fct\u00f6vl\u00fcy\u00fc\u201d anlay\u0131\u015f\u0131d\u0131r. Avropa \u0130nsan H\u00fcquqlar\u0131 Konvensiyas\u0131n\u0131n 10-cu madd\u0259sinin 1-ci hiss\u0259si ifad\u0259 azadl\u0131\u011f\u0131n\u0131 qoruyur, 2-ci hiss\u0259si is\u0259 ifad\u0259 azadl\u0131\u011f\u0131n\u0131n konkret hans\u0131 hallarda qanunla legitim m\u0259nafel\u0259r \u00fc\u00e7\u00fcn m\u0259hdudla\u015fd\u0131r\u0131la bil\u0259c\u0259yini g\u00f6st\u0259rir. Bu m\u0259nafel\u0259rd\u0259n biri d\u0259 \u201cMilli t\u0259hl\u00fck\u0259sizlik, \u0259razi b\u00fct\u00f6vl\u00fcy\u00fc v\u0259 ya ictimai asayi\u015f\u201d- \u00e7\u0259r\u00e7iv\u0259sidir&#8221;.\n<\/p>\n<p>\n  &#8220;M\u0259n Lap\u015f\u0131n\u0131n Az\u0259rbaycana iad\u0259sini h\u00fcquqi bax\u0131mdan m\u00fcbahis\u0259li m\u0259s\u0259l\u0259 kimi g\u00f6rm\u00fcr\u0259m. \u00c7\u00fcnki o bir ne\u00e7\u0259 d\u0259f\u0259 Az\u0259rbaycan\u0131n r\u0259smi \u0259razisin\u0259 r\u0259smi Bak\u0131ya x\u0259b\u0259r verm\u0259d\u0259n v\u0259 raz\u0131l\u0131q almadan daxil olub. Az\u0259rbaycan\u0131n \u0259razi b\u00fct\u00f6vl\u00fcy\u00fcn\u00fc davran\u0131\u015f v\u0259 deyiml\u0259ri il\u0259 \u015f\u00fcbh\u0259 alt\u0131na al\u0131b, bir s\u00f6zl\u0259 qanunvericiliy\u0259 g\u00f6r\u0259 su\u00e7 i\u015fl\u0259yib. Su\u00e7 i\u015fl\u0259y\u0259n bunu bil\u0259r\u0259kd\u0259n, qs\u0259d\u0259n i\u015fl\u0259diyin\u0259 g\u00f6r\u0259 m\u0259suliyy\u0259tini d\u0259rk etm\u0259li v\u0259 da\u015f\u0131mal\u0131d\u0131r. Y\u0259qin ki, bu q\u0259rar\u0131n q\u0259bul olunmas\u0131nda siyasi m\u00fcnasib\u0259tl\u0259rin d\u0259 rolu olub. Amma bu rol, qanunun i\u015fl\u0259m\u0259si lehin\u0259 oynanan roldur. Bu proses Az\u0259rbaycan\u0131n \u0259razil\u0259rind\u0259 qondarma \u201cd\u00f6vl\u0259t\u201d qurdu\u011funu d\u00fc\u015f\u00fcn\u0259n t\u0259r\u0259f\u0259 d\u0259, bu saxta rejiml\u0259 \u0259m\u0259kda\u015fl\u0131q ed\u0259n t\u0259r\u0259fl\u0259r\u0259 d\u0259, f\u0259rdl\u0259r\u0259 d\u0259 bir x\u0259b\u0259rdarl\u0131qd\u0131r&#8221;,-dey\u0259 M\u0259mm\u0259dli bildirib.\n<\/p>\n<p>\n  Ancaq h\u00fcquq\u015f\u00fcnas t\u0259\u0259ss\u00fcfl\u0259nir ki, Rusiyan\u0131n r\u0259smi TV kanallar\u0131, onlar\u0131n jurnalistl\u0259ri tez-tez icaz\u0259siz olaraq Az\u0259rbaycan \u0259razisin\u0259 bel\u0259 s\u0259f\u0259rl\u0259r edir, h\u0259min saxta rejimi d\u0259 b\u0259h-b\u0259hl\u0259 t\u0259qdim edir:\n<\/p>\n<p>\n  &#8220;H\u0259min jurnalistl\u0259r\u0259, TV kanallar\u0131na qar\u015f\u0131 n\u0259inki cinay\u0259t i\u015fi a\u00e7\u0131l\u0131r, h\u0259tta h\u0259min kanallar Milli Televiziya v\u0259 Radiosu \u015euras\u0131 t\u0259r\u0259find\u0259n kabel televiziyalar\u0131na retranslyasiya edil\u0259c\u0259k n\u00fcmun\u0259vi efir kimi t\u0259qdim edilir. D\u00f6vl\u0259ti d\u00f6vl\u0259t yapan onun sistemli olmas\u0131nda, h\u00fcququn aliliyinin, qanunlar\u0131n \u00fcst\u00fcnl\u00fcy\u00fcn\u00fcn qorunmas\u0131nda, h\u0259r k\u0259s\u0259 b\u0259rab\u0259r davranmas\u0131ndad\u0131r&#8221;.<\/p>\n","protected":false},"excerpt":{"rendered":"<p>Mehman \u018fliyev: &#8221;Rusiya v\u0259 \u0130srail bu oyunda \u0130lham \u018fliyevin g\u00fcc\u00fcn\u00fcn g\u00f6st\u0259rilm\u0259sind\u0259 maraql\u0131d\u0131rlar&#8221;<\/p>\n","protected":false},"author":11,"featured_media":78888,"comment_status":"closed","ping_status":"open","sticky":false,"template":"","format":"standard","meta":{"_acf_changed":false,"_sitemap_exclude":false,"_sitemap_priority":"","_sitemap_frequency":"","footnotes":""},"categories":[51],"tags":[],"class_list":["post-182396","post","type-post","status-publish","format-standard","has-post-thumbnail","hentry","category-analitika","infinite-scroll-item","generate-columns","tablet-grid-50","mobile-grid-100","grid-parent","grid-33","no-featured-image-padding"],"acf":[],"yoast_head":"<!-- This site is optimized with the Yoast SEO plugin v27.4 - https:\/\/yoast.com\/product\/yoast-seo-wordpress\/ -->\n<title>&#039;&#039;Lap\u015finin g\u0259tirilm\u0259si \u0130lham \u018fliyevin n\u00fcfuzunu art\u0131rma\u011fa xidm\u0259t edir&#039;&#039; - MEYDAN.TV<\/title>\n<meta name=\"robots\" content=\"index, follow, max-snippet:-1, max-image-preview:large, max-video-preview:-1\" \/>\n<link rel=\"canonical\" href=\"https:\/\/www.meydan.tv\/az\/article\/lapsinin-getirilmesi-ilham-eliyevin-nufuzunu-artirmaga-xidmet-edir\/\" \/>\n<meta property=\"og:locale\" content=\"az_AZ\" \/>\n<meta property=\"og:type\" content=\"article\" \/>\n<meta property=\"og:title\" content=\"&#039;&#039;Lap\u015finin g\u0259tirilm\u0259si \u0130lham \u018fliyevin n\u00fcfuzunu art\u0131rma\u011fa xidm\u0259t edir&#039;&#039; - MEYDAN.TV\" \/>\n<meta property=\"og:description\" content=\"Mehman \u018fliyev: &#039;&#039;Rusiya v\u0259 \u0130srail bu oyunda \u0130lham \u018fliyevin g\u00fcc\u00fcn\u00fcn g\u00f6st\u0259rilm\u0259sind\u0259 maraql\u0131d\u0131rlar&#039;&#039;\" \/>\n<meta property=\"og:url\" content=\"https:\/\/www.meydan.tv\/az\/article\/lapsinin-getirilmesi-ilham-eliyevin-nufuzunu-artirmaga-xidmet-edir\/\" \/>\n<meta property=\"og:site_name\" content=\"MEYDAN.TV\" \/>\n<meta property=\"article:published_time\" content=\"2017-02-08T15:00:09+00:00\" \/>\n<meta property=\"og:image\" content=\"https:\/\/www.meydan.tv\/wp-content\/uploads\/30693.jpg\" \/>\n\t<meta property=\"og:image:width\" content=\"730\" \/>\n\t<meta property=\"og:image:height\" content=\"486\" \/>\n\t<meta property=\"og:image:type\" content=\"image\/jpeg\" \/>\n<meta name=\"author\" content=\"user-manager\" \/>\n<meta name=\"twitter:card\" content=\"summary_large_image\" \/>\n<script type=\"application\/ld+json\" class=\"yoast-schema-graph\">{\"@context\":\"https:\\\/\\\/schema.org\",\"@graph\":[{\"@type\":\"Article\",\"@id\":\"https:\\\/\\\/www.meydan.tv\\\/az\\\/article\\\/lapsinin-getirilmesi-ilham-eliyevin-nufuzunu-artirmaga-xidmet-edir\\\/#article\",\"isPartOf\":{\"@id\":\"https:\\\/\\\/www.meydan.tv\\\/az\\\/article\\\/lapsinin-getirilmesi-ilham-eliyevin-nufuzunu-artirmaga-xidmet-edir\\\/\"},\"author\":{\"name\":\"user-manager\",\"@id\":\"https:\\\/\\\/www.meydan.tv\\\/az\\\/#\\\/schema\\\/person\\\/10d11eccf6da3662cf5fdab9806ea91a\"},\"headline\":\"&#8221;Lap\u015finin g\u0259tirilm\u0259si \u0130lham \u018fliyevin n\u00fcfuzunu art\u0131rma\u011fa xidm\u0259t edir&#8221;\",\"datePublished\":\"2017-02-08T15:00:09+00:00\",\"mainEntityOfPage\":{\"@id\":\"https:\\\/\\\/www.meydan.tv\\\/az\\\/article\\\/lapsinin-getirilmesi-ilham-eliyevin-nufuzunu-artirmaga-xidmet-edir\\\/\"},\"wordCount\":1815,\"publisher\":{\"@id\":\"https:\\\/\\\/www.meydan.tv\\\/az\\\/#organization\"},\"image\":{\"@id\":\"https:\\\/\\\/www.meydan.tv\\\/az\\\/article\\\/lapsinin-getirilmesi-ilham-eliyevin-nufuzunu-artirmaga-xidmet-edir\\\/#primaryimage\"},\"thumbnailUrl\":\"https:\\\/\\\/www.meydan.tv\\\/wp-content\\\/uploads\\\/30693.jpg\",\"articleSection\":[\"Analitika\"],\"inLanguage\":\"az\"},{\"@type\":\"WebPage\",\"@id\":\"https:\\\/\\\/www.meydan.tv\\\/az\\\/article\\\/lapsinin-getirilmesi-ilham-eliyevin-nufuzunu-artirmaga-xidmet-edir\\\/\",\"url\":\"https:\\\/\\\/www.meydan.tv\\\/az\\\/article\\\/lapsinin-getirilmesi-ilham-eliyevin-nufuzunu-artirmaga-xidmet-edir\\\/\",\"name\":\"''Lap\u015finin g\u0259tirilm\u0259si \u0130lham \u018fliyevin n\u00fcfuzunu art\u0131rma\u011fa xidm\u0259t edir'' - MEYDAN.TV\",\"isPartOf\":{\"@id\":\"https:\\\/\\\/www.meydan.tv\\\/az\\\/#website\"},\"primaryImageOfPage\":{\"@id\":\"https:\\\/\\\/www.meydan.tv\\\/az\\\/article\\\/lapsinin-getirilmesi-ilham-eliyevin-nufuzunu-artirmaga-xidmet-edir\\\/#primaryimage\"},\"image\":{\"@id\":\"https:\\\/\\\/www.meydan.tv\\\/az\\\/article\\\/lapsinin-getirilmesi-ilham-eliyevin-nufuzunu-artirmaga-xidmet-edir\\\/#primaryimage\"},\"thumbnailUrl\":\"https:\\\/\\\/www.meydan.tv\\\/wp-content\\\/uploads\\\/30693.jpg\",\"datePublished\":\"2017-02-08T15:00:09+00:00\",\"breadcrumb\":{\"@id\":\"https:\\\/\\\/www.meydan.tv\\\/az\\\/article\\\/lapsinin-getirilmesi-ilham-eliyevin-nufuzunu-artirmaga-xidmet-edir\\\/#breadcrumb\"},\"inLanguage\":\"az\",\"potentialAction\":[{\"@type\":\"ReadAction\",\"target\":[\"https:\\\/\\\/www.meydan.tv\\\/az\\\/article\\\/lapsinin-getirilmesi-ilham-eliyevin-nufuzunu-artirmaga-xidmet-edir\\\/\"]}]},{\"@type\":\"ImageObject\",\"inLanguage\":\"az\",\"@id\":\"https:\\\/\\\/www.meydan.tv\\\/az\\\/article\\\/lapsinin-getirilmesi-ilham-eliyevin-nufuzunu-artirmaga-xidmet-edir\\\/#primaryimage\",\"url\":\"https:\\\/\\\/www.meydan.tv\\\/wp-content\\\/uploads\\\/30693.jpg\",\"contentUrl\":\"https:\\\/\\\/www.meydan.tv\\\/wp-content\\\/uploads\\\/30693.jpg\",\"width\":730,\"height\":486,\"caption\":\"Source:\"},{\"@type\":\"BreadcrumbList\",\"@id\":\"https:\\\/\\\/www.meydan.tv\\\/az\\\/article\\\/lapsinin-getirilmesi-ilham-eliyevin-nufuzunu-artirmaga-xidmet-edir\\\/#breadcrumb\",\"itemListElement\":[{\"@type\":\"ListItem\",\"position\":1,\"name\":\"Ana s\u0259hif\u0259\",\"item\":\"https:\\\/\\\/www.meydan.tv\\\/az\\\/\"},{\"@type\":\"ListItem\",\"position\":2,\"name\":\"Analitika\",\"item\":\"https:\\\/\\\/www.meydan.tv\\\/az\\\/section\\\/analitika\\\/\"},{\"@type\":\"ListItem\",\"position\":3,\"name\":\"&#8221;Lap\u015finin g\u0259tirilm\u0259si \u0130lham \u018fliyevin n\u00fcfuzunu art\u0131rma\u011fa xidm\u0259t edir&#8221;\"}]},{\"@type\":\"WebSite\",\"@id\":\"https:\\\/\\\/www.meydan.tv\\\/az\\\/#website\",\"url\":\"https:\\\/\\\/www.meydan.tv\\\/az\\\/\",\"name\":\"MEYDAN.TV\",\"description\":\"Meydan TV Az\u0259rbaycan\u0131n media m\u0259kan\u0131ndak\u0131 alternativ s\u0259sidir\",\"publisher\":{\"@id\":\"https:\\\/\\\/www.meydan.tv\\\/az\\\/#organization\"},\"potentialAction\":[{\"@type\":\"SearchAction\",\"target\":{\"@type\":\"EntryPoint\",\"urlTemplate\":\"https:\\\/\\\/www.meydan.tv\\\/az\\\/?s={search_term_string}\"},\"query-input\":{\"@type\":\"PropertyValueSpecification\",\"valueRequired\":true,\"valueName\":\"search_term_string\"}}],\"inLanguage\":\"az\"},{\"@type\":\"Organization\",\"@id\":\"https:\\\/\\\/www.meydan.tv\\\/az\\\/#organization\",\"name\":\"Meydan TV\",\"url\":\"https:\\\/\\\/www.meydan.tv\\\/az\\\/\",\"logo\":{\"@type\":\"ImageObject\",\"inLanguage\":\"az\",\"@id\":\"https:\\\/\\\/www.meydan.tv\\\/az\\\/#\\\/schema\\\/logo\\\/image\\\/\",\"url\":\"https:\\\/\\\/www.meydan.tv\\\/wp-content\\\/uploads\\\/2021\\\/07\\\/meydan-logo.svg\",\"contentUrl\":\"https:\\\/\\\/www.meydan.tv\\\/wp-content\\\/uploads\\\/2021\\\/07\\\/meydan-logo.svg\",\"width\":195,\"height\":46,\"caption\":\"Meydan TV\"},\"image\":{\"@id\":\"https:\\\/\\\/www.meydan.tv\\\/az\\\/#\\\/schema\\\/logo\\\/image\\\/\"}},{\"@type\":\"Person\",\"@id\":\"https:\\\/\\\/www.meydan.tv\\\/az\\\/#\\\/schema\\\/person\\\/10d11eccf6da3662cf5fdab9806ea91a\",\"name\":\"user-manager\"}]}<\/script>\n<!-- \/ Yoast SEO plugin. -->","yoast_head_json":{"title":"''Lap\u015finin g\u0259tirilm\u0259si \u0130lham \u018fliyevin n\u00fcfuzunu art\u0131rma\u011fa xidm\u0259t edir'' - MEYDAN.TV","robots":{"index":"index","follow":"follow","max-snippet":"max-snippet:-1","max-image-preview":"max-image-preview:large","max-video-preview":"max-video-preview:-1"},"canonical":"https:\/\/www.meydan.tv\/az\/article\/lapsinin-getirilmesi-ilham-eliyevin-nufuzunu-artirmaga-xidmet-edir\/","og_locale":"az_AZ","og_type":"article","og_title":"''Lap\u015finin g\u0259tirilm\u0259si \u0130lham \u018fliyevin n\u00fcfuzunu art\u0131rma\u011fa xidm\u0259t edir'' - MEYDAN.TV","og_description":"Mehman \u018fliyev: ''Rusiya v\u0259 \u0130srail bu oyunda \u0130lham \u018fliyevin g\u00fcc\u00fcn\u00fcn g\u00f6st\u0259rilm\u0259sind\u0259 maraql\u0131d\u0131rlar''","og_url":"https:\/\/www.meydan.tv\/az\/article\/lapsinin-getirilmesi-ilham-eliyevin-nufuzunu-artirmaga-xidmet-edir\/","og_site_name":"MEYDAN.TV","article_published_time":"2017-02-08T15:00:09+00:00","og_image":[{"width":730,"height":486,"url":"https:\/\/www.meydan.tv\/wp-content\/uploads\/30693.jpg","type":"image\/jpeg"}],"author":"user-manager","twitter_card":"summary_large_image","schema":{"@context":"https:\/\/schema.org","@graph":[{"@type":"Article","@id":"https:\/\/www.meydan.tv\/az\/article\/lapsinin-getirilmesi-ilham-eliyevin-nufuzunu-artirmaga-xidmet-edir\/#article","isPartOf":{"@id":"https:\/\/www.meydan.tv\/az\/article\/lapsinin-getirilmesi-ilham-eliyevin-nufuzunu-artirmaga-xidmet-edir\/"},"author":{"name":"user-manager","@id":"https:\/\/www.meydan.tv\/az\/#\/schema\/person\/10d11eccf6da3662cf5fdab9806ea91a"},"headline":"&#8221;Lap\u015finin g\u0259tirilm\u0259si \u0130lham \u018fliyevin n\u00fcfuzunu art\u0131rma\u011fa xidm\u0259t edir&#8221;","datePublished":"2017-02-08T15:00:09+00:00","mainEntityOfPage":{"@id":"https:\/\/www.meydan.tv\/az\/article\/lapsinin-getirilmesi-ilham-eliyevin-nufuzunu-artirmaga-xidmet-edir\/"},"wordCount":1815,"publisher":{"@id":"https:\/\/www.meydan.tv\/az\/#organization"},"image":{"@id":"https:\/\/www.meydan.tv\/az\/article\/lapsinin-getirilmesi-ilham-eliyevin-nufuzunu-artirmaga-xidmet-edir\/#primaryimage"},"thumbnailUrl":"https:\/\/www.meydan.tv\/wp-content\/uploads\/30693.jpg","articleSection":["Analitika"],"inLanguage":"az"},{"@type":"WebPage","@id":"https:\/\/www.meydan.tv\/az\/article\/lapsinin-getirilmesi-ilham-eliyevin-nufuzunu-artirmaga-xidmet-edir\/","url":"https:\/\/www.meydan.tv\/az\/article\/lapsinin-getirilmesi-ilham-eliyevin-nufuzunu-artirmaga-xidmet-edir\/","name":"''Lap\u015finin g\u0259tirilm\u0259si \u0130lham \u018fliyevin n\u00fcfuzunu art\u0131rma\u011fa xidm\u0259t edir'' - MEYDAN.TV","isPartOf":{"@id":"https:\/\/www.meydan.tv\/az\/#website"},"primaryImageOfPage":{"@id":"https:\/\/www.meydan.tv\/az\/article\/lapsinin-getirilmesi-ilham-eliyevin-nufuzunu-artirmaga-xidmet-edir\/#primaryimage"},"image":{"@id":"https:\/\/www.meydan.tv\/az\/article\/lapsinin-getirilmesi-ilham-eliyevin-nufuzunu-artirmaga-xidmet-edir\/#primaryimage"},"thumbnailUrl":"https:\/\/www.meydan.tv\/wp-content\/uploads\/30693.jpg","datePublished":"2017-02-08T15:00:09+00:00","breadcrumb":{"@id":"https:\/\/www.meydan.tv\/az\/article\/lapsinin-getirilmesi-ilham-eliyevin-nufuzunu-artirmaga-xidmet-edir\/#breadcrumb"},"inLanguage":"az","potentialAction":[{"@type":"ReadAction","target":["https:\/\/www.meydan.tv\/az\/article\/lapsinin-getirilmesi-ilham-eliyevin-nufuzunu-artirmaga-xidmet-edir\/"]}]},{"@type":"ImageObject","inLanguage":"az","@id":"https:\/\/www.meydan.tv\/az\/article\/lapsinin-getirilmesi-ilham-eliyevin-nufuzunu-artirmaga-xidmet-edir\/#primaryimage","url":"https:\/\/www.meydan.tv\/wp-content\/uploads\/30693.jpg","contentUrl":"https:\/\/www.meydan.tv\/wp-content\/uploads\/30693.jpg","width":730,"height":486,"caption":"Source:"},{"@type":"BreadcrumbList","@id":"https:\/\/www.meydan.tv\/az\/article\/lapsinin-getirilmesi-ilham-eliyevin-nufuzunu-artirmaga-xidmet-edir\/#breadcrumb","itemListElement":[{"@type":"ListItem","position":1,"name":"Ana s\u0259hif\u0259","item":"https:\/\/www.meydan.tv\/az\/"},{"@type":"ListItem","position":2,"name":"Analitika","item":"https:\/\/www.meydan.tv\/az\/section\/analitika\/"},{"@type":"ListItem","position":3,"name":"&#8221;Lap\u015finin g\u0259tirilm\u0259si \u0130lham \u018fliyevin n\u00fcfuzunu art\u0131rma\u011fa xidm\u0259t edir&#8221;"}]},{"@type":"WebSite","@id":"https:\/\/www.meydan.tv\/az\/#website","url":"https:\/\/www.meydan.tv\/az\/","name":"MEYDAN.TV","description":"Meydan TV Az\u0259rbaycan\u0131n media m\u0259kan\u0131ndak\u0131 alternativ s\u0259sidir","publisher":{"@id":"https:\/\/www.meydan.tv\/az\/#organization"},"potentialAction":[{"@type":"SearchAction","target":{"@type":"EntryPoint","urlTemplate":"https:\/\/www.meydan.tv\/az\/?s={search_term_string}"},"query-input":{"@type":"PropertyValueSpecification","valueRequired":true,"valueName":"search_term_string"}}],"inLanguage":"az"},{"@type":"Organization","@id":"https:\/\/www.meydan.tv\/az\/#organization","name":"Meydan TV","url":"https:\/\/www.meydan.tv\/az\/","logo":{"@type":"ImageObject","inLanguage":"az","@id":"https:\/\/www.meydan.tv\/az\/#\/schema\/logo\/image\/","url":"https:\/\/www.meydan.tv\/wp-content\/uploads\/2021\/07\/meydan-logo.svg","contentUrl":"https:\/\/www.meydan.tv\/wp-content\/uploads\/2021\/07\/meydan-logo.svg","width":195,"height":46,"caption":"Meydan TV"},"image":{"@id":"https:\/\/www.meydan.tv\/az\/#\/schema\/logo\/image\/"}},{"@type":"Person","@id":"https:\/\/www.meydan.tv\/az\/#\/schema\/person\/10d11eccf6da3662cf5fdab9806ea91a","name":"user-manager"}]}},"_links":{"self":[{"href":"https:\/\/www.meydan.tv\/az\/wp-json\/wp\/v2\/posts\/182396","targetHints":{"allow":["GET"]}}],"collection":[{"href":"https:\/\/www.meydan.tv\/az\/wp-json\/wp\/v2\/posts"}],"about":[{"href":"https:\/\/www.meydan.tv\/az\/wp-json\/wp\/v2\/types\/post"}],"author":[{"embeddable":true,"href":"https:\/\/www.meydan.tv\/az\/wp-json\/wp\/v2\/users\/11"}],"replies":[{"embeddable":true,"href":"https:\/\/www.meydan.tv\/az\/wp-json\/wp\/v2\/comments?post=182396"}],"version-history":[{"count":0,"href":"https:\/\/www.meydan.tv\/az\/wp-json\/wp\/v2\/posts\/182396\/revisions"}],"wp:featuredmedia":[{"embeddable":true,"href":"https:\/\/www.meydan.tv\/az\/wp-json\/wp\/v2\/media\/78888"}],"wp:attachment":[{"href":"https:\/\/www.meydan.tv\/az\/wp-json\/wp\/v2\/media?parent=182396"}],"wp:term":[{"taxonomy":"category","embeddable":true,"href":"https:\/\/www.meydan.tv\/az\/wp-json\/wp\/v2\/categories?post=182396"},{"taxonomy":"post_tag","embeddable":true,"href":"https:\/\/www.meydan.tv\/az\/wp-json\/wp\/v2\/tags?post=182396"}],"curies":[{"name":"wp","href":"https:\/\/api.w.org\/{rel}","templated":true}]}}