{"id":182376,"date":"2017-02-07T16:09:11","date_gmt":"2017-02-07T16:09:11","guid":{"rendered":"https:\/\/www.meydan.tv\/article\/natiq-ceferli-manatin-bahalasmasi-prosesi-muveqqetidir\/"},"modified":"2017-02-07T16:09:11","modified_gmt":"2017-02-07T16:09:11","slug":"natiq-ceferli-manatin-bahalasmasi-prosesi-muveqqetidir","status":"publish","type":"post","link":"https:\/\/www.meydan.tv\/az\/article\/natiq-ceferli-manatin-bahalasmasi-prosesi-muveqqetidir\/","title":{"rendered":"Natiq C\u0259f\u0259rli: Manat\u0131n bahala\u015fmas\u0131 prosesi m\u00fcv\u0259qq\u0259tidir"},"content":{"rendered":"<figure class=\"wp-block-image size-large\">\n  <img decoding=\"async\" src=\"https:\/\/www.meydan.tv\/az\/78843\/\" alt=\"\" class=\"wp-image-78843\"\/><figcaption><\/figcaption><\/figure>\n<p>\n  <i><br \/>\n    &#8221;N\u0259 dollar satan oyun\u00e7ular art\u0131b, n\u0259 neft bahala\u015f\u0131b, n\u0259 idxaldan as\u0131l\u0131l\u0131q azal\u0131b&#8221;<br \/>\n  <\/i>\n<\/p>\n<p>\n  Fevral\u0131n 7-d\u0259 Az\u0259rbaycan M\u0259rk\u0259zi Bank\u0131nda (AMB) D\u00f6vl\u0259t Neft Fondunun (ARDNF) da i\u015ftirak\u0131 il\u0259 h\u0259rrac ke\u00e7irilib.\n<\/p>\n<p>\n  AMB-nin m\u0259lumat\u0131na g\u00f6r\u0259, h\u0259rracda manat\u0131n orta \u00e7\u0259kili m\u0259z\u0259nn\u0259si 2,8 faiz m\u00f6hk\u0259ml\u0259n\u0259r\u0259k 1,8251 olub.\n<\/p>\n<p>\n  Fevral\u0131n 7-n\u0259 olan r\u0259smi m\u0259z\u0259nn\u0259 1,8769 s\u0259viyy\u0259sind\u0259 m\u00fc\u0259yy\u0259n edilib.\n<\/p>\n<p>\n  \u00d6t\u0259n h\u0259ft\u0259d\u0259n etibar\u0259n Bloomberg \u00a0terminal\u0131 \u00a0\u00fcz\u0259rind\u0259n manat dollar qar\u015f\u0131s\u0131nda bahala\u015fma\u011fa ba\u015flay\u0131b.\n<\/p>\n<p>\n  <b><br \/>\n    <i><br \/>\n      Buna s\u0259b\u0259b n\u0259dir?<br \/>\n    <\/i><br \/>\n  <\/b>\n<\/p>\n<p>\n  \u0130qtisad\u00e7\u0131 Natiq C\u0259f\u0259rli deyir ki, bu g\u00fcn fundamental olaraq he\u00e7 n\u0259 d\u0259yi\u015fm\u0259yib. N\u0259 dollar satan oyun\u00e7ular art\u0131b, n\u0259 neft bahala\u015f\u0131b, n\u0259 idxaldan as\u0131l\u0131l\u0131q azal\u0131b, n\u0259 \u00f6lk\u0259y\u0259 investorlar g\u0259lib, n\u0259 \u00f6lk\u0259nin reytinqi art\u0131b:\n<\/p>\n<p>\n  \u201cAncaq h\u0259rracda r\u0259smi m\u0259z\u0259nn\u0259 1,8251 olub. Proses m\u00fcv\u0259qq\u0259tidir. G\u00f6r\u00fcr\u0259m ki, \u0259rzaq v\u0259 qeyri-\u0259rzaq qiym\u0259tl\u0259rinin d\u0259 ucuzla\u015fmas\u0131 g\u00f6zl\u0259ntil\u0259ri yaran\u0131b. Biznes bel\u0259 \u00e7evik deyil, m\u0259z\u0259nn\u0259nin qiym\u0259tl\u0259r\u0259 h\u0259m\u0259n t\u0259siri olmur, ola da bilm\u0259z. \u00c7\u00fcnki biznes \u00f6z\u00fcn\u00fc d\u0259 s\u0131\u011fortalay\u0131r, m\u00fcqavil\u0259l\u0259r \u00f6nc\u0259d\u0259n ba\u011flan\u0131l\u0131r. Bu g\u00fcn bazarda olan mallar \u0259vv\u0259lc\u0259d\u0259n al\u0131n\u0131b. B\u0259lk\u0259 d\u0259 1,90-1,95 olark\u0259n valyuta il\u0259 \u00f6d\u0259ni\u015fl\u0259r edilib. Ona g\u00f6r\u0259 d\u0259, m\u0259z\u0259nn\u0259nin qiym\u0259tl\u0259r\u0259 t\u0259siri olmayacaq\u201d.\n<\/p>\n<p>\n  \u0130qtisad\u00e7i bildirir ki, fevral\u0131n sonu, mart\u0131n \u0259vv\u0259li valyutaya t\u0259labat artacaq:\n<\/p>\n<p>\n  1) B\u00fcdc\u0259 x\u0259rcl\u0259ri, b\u00fcdc\u0259d\u0259n maliyy\u0259l\u0259\u015f\u0259n investisiyalar \u00fc\u00e7\u00fcn v\u0259saitin ayr\u0131lmas\u0131 indi ba\u015flayacaq;\n<\/p>\n<p>\n  2) Novruz Bayram\u0131nda \u00f6lk\u0259y\u0259 idxal artacaq;\n<\/p>\n<p>\n  3) Bayramlarda \u00f6lk\u0259d\u0259n s\u0259f\u0259r\u0259 ged\u0259nl\u0259r d\u0259 \u00e7ox olacaq.\n<\/p>\n<p>\n  \u201cH\u0259rracda t\u0259klif olunan valyutan\u0131n h\u0259cmi d\u0259yi\u015fm\u0259yib. C\u0259mi 35 mln. dollard\u0131r. H\u0259ft\u0259d\u0259 2 d\u0259f\u0259 h\u0259rrac olur, 70 mln. dollar sat\u0131l\u0131r. Bu da aya 280 mln, il\u0259 3,4 mlrd. dollar edir. \u00d6lk\u0259nin is\u0259 il \u0259rzind\u0259 valyuta t\u0259labat\u0131 t\u0259qrib\u0259n 10-11 mlrd. dollard\u0131r. G\u00f6r\u00fcn\u0259n odur ki, n\u0259 m\u0259z\u0259nn\u0259ni a\u015fa\u011f\u0131 h\u0259ddl\u0259rd\u0259 saxlama\u011fa, n\u0259 d\u0259 dar h\u0259cmd\u0259 valyuta sat\u0131\u015f\u0131n\u0131 davam etdirm\u0259y\u0259 imkan v\u0259 resurs var\u201d, &#8211; deyir Natiq C\u0259f\u0259rli.\n<\/p>\n<p>\n  <b><br \/>\n    <i><br \/>\n      \u201cM\u0259rk\u0259zi Bank\u0131n h\u0259d\u0259fi m\u0259z\u0259nn\u0259nin sabitl\u0259\u015fdirilm\u0259si olmal\u0131d\u0131r\u201d<br \/>\n    <\/i><br \/>\n  <\/b>\n<\/p>\n<p>\n  \u0130qtisad\u00e7\u0131 bildirir ki, indi M\u0259rk\u0259zi Bank\u0131n \u0259sas h\u0259d\u0259fi m\u0259z\u0259nn\u0259nin sabitl\u0259\u015fdirilm\u0259si olmal\u0131d\u0131r. B\u0259lli koridorda m\u0259z\u0259nn\u0259 sabitl\u0259\u015fm\u0259s\u0259, bu, bank sektoruna da, ticar\u0259t\u0259 d\u0259 m\u0259nfi t\u0259sir ed\u0259c\u0259k:\n<\/p>\n<figure class=\"wp-block-image size-large\">\n  <img decoding=\"async\" src=\"https:\/\/www.meydan.tv\/az\/76655\/\" alt=\"\" class=\"wp-image-76655\"\/><figcaption>\n    V\u00fcqar Bayramov v\u0259 Natiq C\u0259f\u0259rli<br \/>\n  <\/figcaption><\/figure>\n<p>\n  \u201cM\u0259rk\u0259zi Bank s\u0259rt pul siyas\u0259ti il\u0259 manat\u0131n d\u00f6vriyy\u0259sini d\u0259 xeyli azald\u0131b. \u00a0Manat k\u00fctl\u0259sinin h\u0259cmi 2 d\u0259f\u0259d\u0259n \u00e7ox a\u015fa\u011f\u0131 d\u00fc\u015f\u00fcb. Bu add\u0131m m\u0259z\u0259nn\u0259y\u0259, inflyasiyaya m\u00fcsb\u0259t t\u0259sir g\u00f6st\u0259rs\u0259 d\u0259, ticar\u0259t d\u00f6vriyy\u0259sin\u0259, iqtisadi aktivliy\u0259 ciddi z\u0259rb\u0259 vurur. \u0130qtisadi aktivliyin azalmas\u0131 is\u0259 i\u015f yerl\u0259rinin itirilm\u0259sin\u0259, \u0259halinin g\u0259lirl\u0259rinin azalmas\u0131na s\u0259b\u0259b olur. Bu add\u0131m orta v\u0259 uzun vad\u0259d\u0259 \u00f6lk\u0259y\u0259 m\u0259z\u0259nn\u0259nin \u00f6z\u00fcnd\u0259n daha \u00e7ox ziyan vuracaq\u201d.\n<\/p>\n<p>\n  <b><br \/>\n    <i><br \/>\n      \u201cManat\u0131n d\u0259y\u0259r qazanaca\u011f\u0131 g\u00f6zl\u0259nil\u0259n idi\u201d<br \/>\n    <\/i><br \/>\n  <\/b>\n<\/p>\n<p>\n  \u0130qtisad\u00e7\u0131 V\u00fcqar Bayramov is\u0259 deyir ki, yanvar v\u0259 fevral aylar\u0131nda dollara t\u0259l\u0259bin azalmas\u0131 g\u00f6zl\u0259nil\u0259n idi. Dekabrda idxal, borc \u00f6hd\u0259likl\u0259rin \u00f6d\u0259nilm\u0259si v\u0259 el\u0259c\u0259 d\u0259 s\u0259f\u0259rl\u0259rin say\u0131nda art\u0131mlar ba\u015f verir v\u0259 n\u0259tic\u0259d\u0259 ilin son ay\u0131nda dollara olan art\u0131m n\u00f6vb\u0259ti ilin ilk ay\u0131nda azalma il\u0259 m\u00fc\u015fahid\u0259 edilir:\n<\/p>\n<p>\n  \u201cD\u00f6vl\u0259t Neft Fondunun yanvarda c\u0259mi 285 milyon dollar satmas\u0131 da t\u0259l\u0259bin azalmas\u0131 il\u0259 ba\u011fl\u0131 idi. Dollara t\u0259l\u0259bi 3 faktor yarad\u0131r: idxal\u0131n h\u0259cmi, xarici borc \u00f6hd\u0259likl\u0259ri v\u0259 \u00f6lk\u0259d\u0259n xaric\u0259 pul transferi. Dollarla\u015fma s\u0259viyy\u0259si y\u00fcks\u0259k oldu\u011fu \u00fc\u00e7\u00fcn \u0259halinin y\u0131\u011f\u0131mlar\u0131n\u0131n strukturu manat\u0131n m\u0259z\u0259nn\u0259sin\u0259 ciddi t\u0259sir ets\u0259 d\u0259, indi t\u0259sir xeyli d\u0259r\u0259c\u0259d\u0259 azal\u0131b. \u00c7\u00fcnki 2014-c\u00fc ild\u0259n sonrak\u0131 m\u00fcdd\u0259td\u0259 n\u0259inki \u0259hali, h\u0259tta biznesin b\u00f6y\u00fck \u0259ks\u0259riyy\u0259ti y\u0131\u011f\u0131mlar\u0131n\u0131 xarici valyutaya \u00e7evirdil\u0259r. Bununla yana\u015f\u0131, cari x\u0259rcl\u0259r \u00fc\u00e7\u00fcn yen\u0259 d\u0259 manata ehtiyac var. \u018fslind\u0259, \u0259ks-dollarla\u015fma prosesin\u0259 ba\u015flansa M\u0259rk\u0259zi Bank h\u0259min dollarlar\u0131n\u0131n bir hiss\u0259sinin manata \u00e7evrilib s\u0259rmay\u0259y\u0259 y\u00f6n\u0259lm\u0259sin\u0259 nail ola bil\u0259r\u201d.\n<\/p>\n<p>\n  <b><br \/>\n    <i><br \/>\n      Dollara t\u0259l\u0259b nec\u0259 d\u0259yi\u015f\u0259c\u0259k?<br \/>\n    <\/i><br \/>\n  <\/b>\n<\/p>\n<p>\n  \u0130qtisad\u00e7\u0131 deyir ki, \u0259vv\u0259lki ill\u0259rin t\u0259cr\u00fcb\u0259sin\u0259 v\u0259 el\u0259c\u0259 d\u0259 idxal\u0131n d\u00f6vr\u00fc struktruna n\u0259z\u0259r salsaq fevral\u0131n birinci yar\u0131s\u0131nda dollara t\u0259l\u0259bin a\u015fa\u011f\u0131 olmas\u0131 \u0259n\u0259n\u0259vi xarakter da\u015f\u0131y\u0131r. M\u0259rk\u0259zi Bank \u00fc\u00e7\u00fcn \u0259n \u00e7\u0259tin aylar mart, avqust v\u0259 dekabr hesab edilir:\n<\/p>\n<p>\n  \u201cBu aylar idxal\u0131n atmas\u0131, bir s\u0131ra inki\u015faf etmi\u015f \u00f6lk\u0259l\u0259rind\u0259 maliyy\u0259 ili mart\u0131n 31-d\u0259 ba\u015fa \u00e7atd\u0131\u011f\u0131 \u00fc\u00e7\u00fcn xarici borc \u00f6hd\u0259likl\u0259ri v\u0259 xarici s\u0259f\u0259rl\u0259rin \u00e7oxlu\u011fu bax\u0131mdan dollara t\u0259l\u0259b yenid\u0259n y\u00fcks\u0259lir. G\u00f6zl\u0259nilir ki, m\u0259hz bu s\u0259b\u0259bl\u0259rd\u0259n dollara t\u0259l\u0259b martda yenid\u0259n y\u00fcks\u0259l\u0259c\u0259k. \u018fg\u0259r M\u0259rk\u0259zi Bank Neft Fondunun builki 7.5 milyard manatl\u0131q transferinin bir hiss\u0259sini martda h\u0259rraclara y\u00f6n\u0259ld\u0259rs\u0259, o zaman g\u0259l\u0259n ay t\u0259l\u0259bi optimalla\u015fd\u0131ra bil\u0259r. O bax\u0131mdan, martda M\u0259rk\u0259zi Bank\u0131n m\u00f6vqeyi \u00e7ox \u00f6n\u0259mli olacaq\u201d.\n<\/p>\n<p>\n  <b><br \/>\n    <i><br \/>\n      \u201cM\u0259rk\u0259zi Bank bazarda apar\u0131c\u0131 m\u00f6vqeyini qoruyub saxlaya bil\u0259r\u201d<br \/>\n    <\/i><br \/>\n  <\/b>\n<\/p>\n<p>\n  \u0130qtisad\u00e7\u0131 \u0259lav\u0259 edir ki, \u0259slind\u0259 2017-ci ild\u0259 Neft Fondunun 14.5 milyard manatl\u0131q b\u00fcdc\u0259si fonunda M\u0259rk\u0259zi Bank bazarda apar\u0131c\u0131 m\u00f6vqeyini qoruyub saxlaya bil\u0259r:\n<\/p>\n<p>\n  \u201cNeftin d\u00fcnya bazar qiym\u0259tinin stabill\u0259\u015fm\u0259si v\u0259 Tramp\u0131n dollar\u0131 d\u00fcnya bazar\u0131nda z\u0259ifl\u0259tm\u0259k ist\u0259yi d\u0259 valyuta bazar\u0131na psixoloji t\u0259zyiqi m\u00fc\u0259yy\u0259n q\u0259d\u0259r azald\u0131r. Bu is\u0259 o dem\u0259kdir ki, h\u0259rraclara xarici valyutan\u0131n \u00e7\u0131xar\u0131lmas\u0131n\u0131 t\u0259min ed\u0259n M\u0259rk\u0259zi Bank manat\u0131n m\u0259z\u0259nn\u0259sin\u0259 t\u0259sir imkanlar\u0131n\u0131 qoruyub saxlamaqdad\u0131r\u201d.\n<\/p>\n<p>\n  <b><br \/>\n    <i><br \/>\n      \u201cG\u00f6r\u00fcrs\u00fcz, manat ist\u0259diyi t\u0259r\u0259f\u0259 \u00fcz\u00fcr!\u201d<br \/>\n    <\/i><br \/>\n  <\/b>\n<\/p>\n<p>\n  Bank sah\u0259si \u00fczr\u0259 ekspert \u018fkr\u0259m H\u0259s\u0259nov is\u0259 bildirir ki, s\u00fcr\u0259tl\u0259 davam ed\u0259n cari devalvasiya yax\u0131nda bir m\u00fcdd\u0259t (bir ne\u00e7\u0259 ayl\u0131q) dayanacaq v\u0259 ola bilsin ki, manat bir az da bahala\u015facaq:\n<\/p>\n<figure class=\"wp-block-image size-large\">\n  <img decoding=\"async\" src=\"https:\/\/www.meydan.tv\/az\/62825\/\" alt=\"\" class=\"wp-image-62825\"\/><figcaption>\n    \u018fkr\u0259m H\u0259s\u0259nov<br \/>\n  <\/figcaption><\/figure>\n<p>\n  \u201cM\u0259rk\u0259zi Bank da dey\u0259c\u0259k ki, \u201cg\u00f6r\u00fcrs\u00fcz, manat ist\u0259diyi t\u0259r\u0259f\u0259 \u00fcz\u00fcr!\u201d. N\u0259tic\u0259d\u0259 siz\u0259 manat laz\u0131m olanda, onu daha baha alacaqs\u0131z. Qeyri-adi bir \u015fey ba\u015f vermir, g\u00f6zl\u0259nil\u0259n idi\u201d.<\/p>\n","protected":false},"excerpt":{"rendered":"<p>&#8221;N\u0259 dollar satan oyun\u00e7ular art\u0131b, n\u0259 neft bahala\u015f\u0131b, n\u0259 idxaldan as\u0131l\u0131l\u0131q azal\u0131b&#8221;<\/p>\n","protected":false},"author":11,"featured_media":78843,"comment_status":"closed","ping_status":"open","sticky":false,"template":"","format":"standard","meta":{"_acf_changed":false,"_sitemap_exclude":false,"_sitemap_priority":"","_sitemap_frequency":"","footnotes":""},"categories":[51],"tags":[],"class_list":["post-182376","post","type-post","status-publish","format-standard","has-post-thumbnail","hentry","category-analitika","infinite-scroll-item","generate-columns","tablet-grid-50","mobile-grid-100","grid-parent","grid-33","no-featured-image-padding"],"acf":[],"yoast_head":"<!-- This site is optimized with the Yoast SEO plugin v27.4 - https:\/\/yoast.com\/product\/yoast-seo-wordpress\/ -->\n<title>Natiq C\u0259f\u0259rli: Manat\u0131n bahala\u015fmas\u0131 prosesi m\u00fcv\u0259qq\u0259tidir - MEYDAN.TV<\/title>\n<meta name=\"robots\" content=\"index, follow, max-snippet:-1, max-image-preview:large, max-video-preview:-1\" \/>\n<link rel=\"canonical\" href=\"https:\/\/www.meydan.tv\/az\/article\/natiq-ceferli-manatin-bahalasmasi-prosesi-muveqqetidir\/\" \/>\n<meta property=\"og:locale\" content=\"az_AZ\" \/>\n<meta property=\"og:type\" content=\"article\" \/>\n<meta property=\"og:title\" content=\"Natiq C\u0259f\u0259rli: Manat\u0131n bahala\u015fmas\u0131 prosesi m\u00fcv\u0259qq\u0259tidir - MEYDAN.TV\" \/>\n<meta property=\"og:description\" content=\"&#039;&#039;N\u0259 dollar satan oyun\u00e7ular art\u0131b, n\u0259 neft bahala\u015f\u0131b, n\u0259 idxaldan as\u0131l\u0131l\u0131q azal\u0131b&#039;&#039;\" \/>\n<meta property=\"og:url\" content=\"https:\/\/www.meydan.tv\/az\/article\/natiq-ceferli-manatin-bahalasmasi-prosesi-muveqqetidir\/\" \/>\n<meta property=\"og:site_name\" content=\"MEYDAN.TV\" \/>\n<meta property=\"article:published_time\" content=\"2017-02-07T16:09:11+00:00\" \/>\n<meta property=\"og:image\" content=\"https:\/\/www.meydan.tv\/wp-content\/uploads\/30671.jpg\" \/>\n\t<meta property=\"og:image:width\" content=\"768\" \/>\n\t<meta property=\"og:image:height\" content=\"450\" \/>\n\t<meta property=\"og:image:type\" content=\"image\/jpeg\" \/>\n<meta name=\"author\" content=\"user-manager\" \/>\n<meta name=\"twitter:card\" content=\"summary_large_image\" \/>\n<script type=\"application\/ld+json\" class=\"yoast-schema-graph\">{\"@context\":\"https:\\\/\\\/schema.org\",\"@graph\":[{\"@type\":\"Article\",\"@id\":\"https:\\\/\\\/www.meydan.tv\\\/az\\\/article\\\/natiq-ceferli-manatin-bahalasmasi-prosesi-muveqqetidir\\\/#article\",\"isPartOf\":{\"@id\":\"https:\\\/\\\/www.meydan.tv\\\/az\\\/article\\\/natiq-ceferli-manatin-bahalasmasi-prosesi-muveqqetidir\\\/\"},\"author\":{\"name\":\"user-manager\",\"@id\":\"https:\\\/\\\/www.meydan.tv\\\/az\\\/#\\\/schema\\\/person\\\/10d11eccf6da3662cf5fdab9806ea91a\"},\"headline\":\"Natiq C\u0259f\u0259rli: Manat\u0131n bahala\u015fmas\u0131 prosesi m\u00fcv\u0259qq\u0259tidir\",\"datePublished\":\"2017-02-07T16:09:11+00:00\",\"mainEntityOfPage\":{\"@id\":\"https:\\\/\\\/www.meydan.tv\\\/az\\\/article\\\/natiq-ceferli-manatin-bahalasmasi-prosesi-muveqqetidir\\\/\"},\"wordCount\":1253,\"publisher\":{\"@id\":\"https:\\\/\\\/www.meydan.tv\\\/az\\\/#organization\"},\"image\":{\"@id\":\"https:\\\/\\\/www.meydan.tv\\\/az\\\/article\\\/natiq-ceferli-manatin-bahalasmasi-prosesi-muveqqetidir\\\/#primaryimage\"},\"thumbnailUrl\":\"https:\\\/\\\/www.meydan.tv\\\/wp-content\\\/uploads\\\/30671.jpg\",\"articleSection\":[\"Analitika\"],\"inLanguage\":\"az\"},{\"@type\":\"WebPage\",\"@id\":\"https:\\\/\\\/www.meydan.tv\\\/az\\\/article\\\/natiq-ceferli-manatin-bahalasmasi-prosesi-muveqqetidir\\\/\",\"url\":\"https:\\\/\\\/www.meydan.tv\\\/az\\\/article\\\/natiq-ceferli-manatin-bahalasmasi-prosesi-muveqqetidir\\\/\",\"name\":\"Natiq C\u0259f\u0259rli: Manat\u0131n bahala\u015fmas\u0131 prosesi m\u00fcv\u0259qq\u0259tidir - MEYDAN.TV\",\"isPartOf\":{\"@id\":\"https:\\\/\\\/www.meydan.tv\\\/az\\\/#website\"},\"primaryImageOfPage\":{\"@id\":\"https:\\\/\\\/www.meydan.tv\\\/az\\\/article\\\/natiq-ceferli-manatin-bahalasmasi-prosesi-muveqqetidir\\\/#primaryimage\"},\"image\":{\"@id\":\"https:\\\/\\\/www.meydan.tv\\\/az\\\/article\\\/natiq-ceferli-manatin-bahalasmasi-prosesi-muveqqetidir\\\/#primaryimage\"},\"thumbnailUrl\":\"https:\\\/\\\/www.meydan.tv\\\/wp-content\\\/uploads\\\/30671.jpg\",\"datePublished\":\"2017-02-07T16:09:11+00:00\",\"breadcrumb\":{\"@id\":\"https:\\\/\\\/www.meydan.tv\\\/az\\\/article\\\/natiq-ceferli-manatin-bahalasmasi-prosesi-muveqqetidir\\\/#breadcrumb\"},\"inLanguage\":\"az\",\"potentialAction\":[{\"@type\":\"ReadAction\",\"target\":[\"https:\\\/\\\/www.meydan.tv\\\/az\\\/article\\\/natiq-ceferli-manatin-bahalasmasi-prosesi-muveqqetidir\\\/\"]}]},{\"@type\":\"ImageObject\",\"inLanguage\":\"az\",\"@id\":\"https:\\\/\\\/www.meydan.tv\\\/az\\\/article\\\/natiq-ceferli-manatin-bahalasmasi-prosesi-muveqqetidir\\\/#primaryimage\",\"url\":\"https:\\\/\\\/www.meydan.tv\\\/wp-content\\\/uploads\\\/30671.jpg\",\"contentUrl\":\"https:\\\/\\\/www.meydan.tv\\\/wp-content\\\/uploads\\\/30671.jpg\",\"width\":768,\"height\":450,\"caption\":\"Source:\"},{\"@type\":\"BreadcrumbList\",\"@id\":\"https:\\\/\\\/www.meydan.tv\\\/az\\\/article\\\/natiq-ceferli-manatin-bahalasmasi-prosesi-muveqqetidir\\\/#breadcrumb\",\"itemListElement\":[{\"@type\":\"ListItem\",\"position\":1,\"name\":\"Ana s\u0259hif\u0259\",\"item\":\"https:\\\/\\\/www.meydan.tv\\\/az\\\/\"},{\"@type\":\"ListItem\",\"position\":2,\"name\":\"Analitika\",\"item\":\"https:\\\/\\\/www.meydan.tv\\\/az\\\/section\\\/analitika\\\/\"},{\"@type\":\"ListItem\",\"position\":3,\"name\":\"Natiq C\u0259f\u0259rli: Manat\u0131n bahala\u015fmas\u0131 prosesi m\u00fcv\u0259qq\u0259tidir\"}]},{\"@type\":\"WebSite\",\"@id\":\"https:\\\/\\\/www.meydan.tv\\\/az\\\/#website\",\"url\":\"https:\\\/\\\/www.meydan.tv\\\/az\\\/\",\"name\":\"MEYDAN.TV\",\"description\":\"Meydan TV Az\u0259rbaycan\u0131n media m\u0259kan\u0131ndak\u0131 alternativ s\u0259sidir\",\"publisher\":{\"@id\":\"https:\\\/\\\/www.meydan.tv\\\/az\\\/#organization\"},\"potentialAction\":[{\"@type\":\"SearchAction\",\"target\":{\"@type\":\"EntryPoint\",\"urlTemplate\":\"https:\\\/\\\/www.meydan.tv\\\/az\\\/?s={search_term_string}\"},\"query-input\":{\"@type\":\"PropertyValueSpecification\",\"valueRequired\":true,\"valueName\":\"search_term_string\"}}],\"inLanguage\":\"az\"},{\"@type\":\"Organization\",\"@id\":\"https:\\\/\\\/www.meydan.tv\\\/az\\\/#organization\",\"name\":\"Meydan TV\",\"url\":\"https:\\\/\\\/www.meydan.tv\\\/az\\\/\",\"logo\":{\"@type\":\"ImageObject\",\"inLanguage\":\"az\",\"@id\":\"https:\\\/\\\/www.meydan.tv\\\/az\\\/#\\\/schema\\\/logo\\\/image\\\/\",\"url\":\"https:\\\/\\\/www.meydan.tv\\\/wp-content\\\/uploads\\\/2021\\\/07\\\/meydan-logo.svg\",\"contentUrl\":\"https:\\\/\\\/www.meydan.tv\\\/wp-content\\\/uploads\\\/2021\\\/07\\\/meydan-logo.svg\",\"width\":195,\"height\":46,\"caption\":\"Meydan TV\"},\"image\":{\"@id\":\"https:\\\/\\\/www.meydan.tv\\\/az\\\/#\\\/schema\\\/logo\\\/image\\\/\"}},{\"@type\":\"Person\",\"@id\":\"https:\\\/\\\/www.meydan.tv\\\/az\\\/#\\\/schema\\\/person\\\/10d11eccf6da3662cf5fdab9806ea91a\",\"name\":\"user-manager\"}]}<\/script>\n<!-- \/ Yoast SEO plugin. -->","yoast_head_json":{"title":"Natiq C\u0259f\u0259rli: Manat\u0131n bahala\u015fmas\u0131 prosesi m\u00fcv\u0259qq\u0259tidir - MEYDAN.TV","robots":{"index":"index","follow":"follow","max-snippet":"max-snippet:-1","max-image-preview":"max-image-preview:large","max-video-preview":"max-video-preview:-1"},"canonical":"https:\/\/www.meydan.tv\/az\/article\/natiq-ceferli-manatin-bahalasmasi-prosesi-muveqqetidir\/","og_locale":"az_AZ","og_type":"article","og_title":"Natiq C\u0259f\u0259rli: Manat\u0131n bahala\u015fmas\u0131 prosesi m\u00fcv\u0259qq\u0259tidir - MEYDAN.TV","og_description":"''N\u0259 dollar satan oyun\u00e7ular art\u0131b, n\u0259 neft bahala\u015f\u0131b, n\u0259 idxaldan as\u0131l\u0131l\u0131q azal\u0131b''","og_url":"https:\/\/www.meydan.tv\/az\/article\/natiq-ceferli-manatin-bahalasmasi-prosesi-muveqqetidir\/","og_site_name":"MEYDAN.TV","article_published_time":"2017-02-07T16:09:11+00:00","og_image":[{"width":768,"height":450,"url":"https:\/\/www.meydan.tv\/wp-content\/uploads\/30671.jpg","type":"image\/jpeg"}],"author":"user-manager","twitter_card":"summary_large_image","schema":{"@context":"https:\/\/schema.org","@graph":[{"@type":"Article","@id":"https:\/\/www.meydan.tv\/az\/article\/natiq-ceferli-manatin-bahalasmasi-prosesi-muveqqetidir\/#article","isPartOf":{"@id":"https:\/\/www.meydan.tv\/az\/article\/natiq-ceferli-manatin-bahalasmasi-prosesi-muveqqetidir\/"},"author":{"name":"user-manager","@id":"https:\/\/www.meydan.tv\/az\/#\/schema\/person\/10d11eccf6da3662cf5fdab9806ea91a"},"headline":"Natiq C\u0259f\u0259rli: Manat\u0131n bahala\u015fmas\u0131 prosesi m\u00fcv\u0259qq\u0259tidir","datePublished":"2017-02-07T16:09:11+00:00","mainEntityOfPage":{"@id":"https:\/\/www.meydan.tv\/az\/article\/natiq-ceferli-manatin-bahalasmasi-prosesi-muveqqetidir\/"},"wordCount":1253,"publisher":{"@id":"https:\/\/www.meydan.tv\/az\/#organization"},"image":{"@id":"https:\/\/www.meydan.tv\/az\/article\/natiq-ceferli-manatin-bahalasmasi-prosesi-muveqqetidir\/#primaryimage"},"thumbnailUrl":"https:\/\/www.meydan.tv\/wp-content\/uploads\/30671.jpg","articleSection":["Analitika"],"inLanguage":"az"},{"@type":"WebPage","@id":"https:\/\/www.meydan.tv\/az\/article\/natiq-ceferli-manatin-bahalasmasi-prosesi-muveqqetidir\/","url":"https:\/\/www.meydan.tv\/az\/article\/natiq-ceferli-manatin-bahalasmasi-prosesi-muveqqetidir\/","name":"Natiq C\u0259f\u0259rli: Manat\u0131n bahala\u015fmas\u0131 prosesi m\u00fcv\u0259qq\u0259tidir - MEYDAN.TV","isPartOf":{"@id":"https:\/\/www.meydan.tv\/az\/#website"},"primaryImageOfPage":{"@id":"https:\/\/www.meydan.tv\/az\/article\/natiq-ceferli-manatin-bahalasmasi-prosesi-muveqqetidir\/#primaryimage"},"image":{"@id":"https:\/\/www.meydan.tv\/az\/article\/natiq-ceferli-manatin-bahalasmasi-prosesi-muveqqetidir\/#primaryimage"},"thumbnailUrl":"https:\/\/www.meydan.tv\/wp-content\/uploads\/30671.jpg","datePublished":"2017-02-07T16:09:11+00:00","breadcrumb":{"@id":"https:\/\/www.meydan.tv\/az\/article\/natiq-ceferli-manatin-bahalasmasi-prosesi-muveqqetidir\/#breadcrumb"},"inLanguage":"az","potentialAction":[{"@type":"ReadAction","target":["https:\/\/www.meydan.tv\/az\/article\/natiq-ceferli-manatin-bahalasmasi-prosesi-muveqqetidir\/"]}]},{"@type":"ImageObject","inLanguage":"az","@id":"https:\/\/www.meydan.tv\/az\/article\/natiq-ceferli-manatin-bahalasmasi-prosesi-muveqqetidir\/#primaryimage","url":"https:\/\/www.meydan.tv\/wp-content\/uploads\/30671.jpg","contentUrl":"https:\/\/www.meydan.tv\/wp-content\/uploads\/30671.jpg","width":768,"height":450,"caption":"Source:"},{"@type":"BreadcrumbList","@id":"https:\/\/www.meydan.tv\/az\/article\/natiq-ceferli-manatin-bahalasmasi-prosesi-muveqqetidir\/#breadcrumb","itemListElement":[{"@type":"ListItem","position":1,"name":"Ana s\u0259hif\u0259","item":"https:\/\/www.meydan.tv\/az\/"},{"@type":"ListItem","position":2,"name":"Analitika","item":"https:\/\/www.meydan.tv\/az\/section\/analitika\/"},{"@type":"ListItem","position":3,"name":"Natiq C\u0259f\u0259rli: Manat\u0131n bahala\u015fmas\u0131 prosesi m\u00fcv\u0259qq\u0259tidir"}]},{"@type":"WebSite","@id":"https:\/\/www.meydan.tv\/az\/#website","url":"https:\/\/www.meydan.tv\/az\/","name":"MEYDAN.TV","description":"Meydan TV Az\u0259rbaycan\u0131n media m\u0259kan\u0131ndak\u0131 alternativ s\u0259sidir","publisher":{"@id":"https:\/\/www.meydan.tv\/az\/#organization"},"potentialAction":[{"@type":"SearchAction","target":{"@type":"EntryPoint","urlTemplate":"https:\/\/www.meydan.tv\/az\/?s={search_term_string}"},"query-input":{"@type":"PropertyValueSpecification","valueRequired":true,"valueName":"search_term_string"}}],"inLanguage":"az"},{"@type":"Organization","@id":"https:\/\/www.meydan.tv\/az\/#organization","name":"Meydan TV","url":"https:\/\/www.meydan.tv\/az\/","logo":{"@type":"ImageObject","inLanguage":"az","@id":"https:\/\/www.meydan.tv\/az\/#\/schema\/logo\/image\/","url":"https:\/\/www.meydan.tv\/wp-content\/uploads\/2021\/07\/meydan-logo.svg","contentUrl":"https:\/\/www.meydan.tv\/wp-content\/uploads\/2021\/07\/meydan-logo.svg","width":195,"height":46,"caption":"Meydan TV"},"image":{"@id":"https:\/\/www.meydan.tv\/az\/#\/schema\/logo\/image\/"}},{"@type":"Person","@id":"https:\/\/www.meydan.tv\/az\/#\/schema\/person\/10d11eccf6da3662cf5fdab9806ea91a","name":"user-manager"}]}},"_links":{"self":[{"href":"https:\/\/www.meydan.tv\/az\/wp-json\/wp\/v2\/posts\/182376","targetHints":{"allow":["GET"]}}],"collection":[{"href":"https:\/\/www.meydan.tv\/az\/wp-json\/wp\/v2\/posts"}],"about":[{"href":"https:\/\/www.meydan.tv\/az\/wp-json\/wp\/v2\/types\/post"}],"author":[{"embeddable":true,"href":"https:\/\/www.meydan.tv\/az\/wp-json\/wp\/v2\/users\/11"}],"replies":[{"embeddable":true,"href":"https:\/\/www.meydan.tv\/az\/wp-json\/wp\/v2\/comments?post=182376"}],"version-history":[{"count":0,"href":"https:\/\/www.meydan.tv\/az\/wp-json\/wp\/v2\/posts\/182376\/revisions"}],"wp:featuredmedia":[{"embeddable":true,"href":"https:\/\/www.meydan.tv\/az\/wp-json\/wp\/v2\/media\/78843"}],"wp:attachment":[{"href":"https:\/\/www.meydan.tv\/az\/wp-json\/wp\/v2\/media?parent=182376"}],"wp:term":[{"taxonomy":"category","embeddable":true,"href":"https:\/\/www.meydan.tv\/az\/wp-json\/wp\/v2\/categories?post=182376"},{"taxonomy":"post_tag","embeddable":true,"href":"https:\/\/www.meydan.tv\/az\/wp-json\/wp\/v2\/tags?post=182376"}],"curies":[{"name":"wp","href":"https:\/\/api.w.org\/{rel}","templated":true}]}}