{"id":182345,"date":"2017-02-06T16:22:13","date_gmt":"2017-02-06T16:22:13","guid":{"rendered":"https:\/\/www.meydan.tv\/article\/bizim-istehlakimiz-da-ixracimiz-da-idxaldan-asilidir\/"},"modified":"2017-02-06T16:22:13","modified_gmt":"2017-02-06T16:22:13","slug":"bizim-istehlakimiz-da-ixracimiz-da-idxaldan-asilidir","status":"publish","type":"post","link":"https:\/\/www.meydan.tv\/az\/article\/bizim-istehlakimiz-da-ixracimiz-da-idxaldan-asilidir\/","title":{"rendered":"&#8221;Bizim istehlak\u0131m\u0131z da, ixrac\u0131m\u0131z da idxaldan as\u0131l\u0131d\u0131r&#8221;"},"content":{"rendered":"<figure class=\"wp-block-image size-large\">\n  <img decoding=\"async\" src=\"https:\/\/www.meydan.tv\/az\/68901\/\" alt=\"\" class=\"wp-image-68901\"\/><figcaption><\/figcaption><\/figure>\n<p>\n  <i><br \/>\n    Prezident: &#8221;B\u00fct\u00fcn m\u0259hsullar\u0131n ixrac\u0131nda art\u0131m var&#8221;<br \/>\n  <\/i>\n<\/p>\n<p>\n  \u0130lham \u018fliyev regionlar\u0131n 2014-2018-ci ill\u0259rd\u0259 sosial-iqtisadi inki\u015faf\u0131 D\u00f6vl\u0259t Proqram\u0131n\u0131n icras\u0131na h\u0259sr olunmu\u015f konfransda 2016-c\u0131 ilin aqrar sektorun inki\u015faf\u0131nda d\u00f6n\u00fc\u015f ili oldu\u011funu s\u00f6yl\u0259yib. Bildirib ki, k\u0259nd t\u0259s\u0259rr\u00fcfat\u0131 m\u0259hsullar\u0131n\u0131n faktiki qiym\u0259tl\u0259rl\u0259 d\u0259y\u0259ri 5,6 milyard manat olub, \u0259vv\u0259lki ill\u0259 m\u00fcqayis\u0259d\u0259 2,6 faiz art\u0131b:\n<\/p>\n<p>\n  \u201cBu art\u0131m \u0259ks\u0259r m\u0259hsullarda m\u00fc\u015fahid\u0259 edilib. Barama \u00fczr\u0259 300, soya \u00fczr\u0259 2,8, pamb\u0131q \u00fczr\u0259 2,5 d\u0259f\u0259, ya\u015f\u0131l \u00e7ay yarpa\u011f\u0131 \u00fczr\u0259 75, \u015f\u0259k\u0259r \u00e7u\u011funduru \u00fczr\u0259 73, d\u00fcy\u00fc \u00fczr\u0259 72, bu\u011fda \u00fczr\u0259 9,8, kartof \u00fczr\u0259 7,5 faiz olub. \u0130xrac\u0131n h\u0259cmi \u0259vv\u0259lki ill\u0259 m\u00fcqayis\u0259d\u0259 73 milyon v\u0259 ya 20,7 faiz artaraq 426 milyon AB\u015e dollar\u0131 olub\u201d.\n<\/p>\n<p>\n  \u0130lham \u018fliyev deyib ki, kartof v\u0259 so\u011fan istisna olmaqla, b\u00fct\u00fcn m\u0259hsullar\u0131n ixrac\u0131nda art\u0131m var. \u0130xracdan \u0259ld\u0259 edil\u0259n 426 milyon AB\u015e dollar\u0131 v\u0259saitd\u0259n 108 milyonu pomidor v\u0259 xiyar\u0131n, 105 milyonu qoz-f\u0131nd\u0131\u011f\u0131n, 24 milyonu pamb\u0131\u011f\u0131n, 15 milyonu g\u00f6n-d\u0259ri xammal\u0131n\u0131n, 8 milyonu t\u00fct\u00fcn\u00fcn ixrac pay\u0131na d\u00fc\u015f\u00fcb. Ke\u00e7\u0259n il ilk d\u0259f\u0259 olaraq, 2,6 milyon AB\u015e dollar\u0131 d\u0259y\u0259rind\u0259 arpa ixrac edilib:\n<\/p>\n<p>\n  \u201c\u0130l \u0259rzind\u0259 idxal\u0131n h\u0259cmi iribuynuzlu heyvanlar \u00fczr\u0259 46, diri ev qu\u015flar\u0131 \u00fczr\u0259 55, qu\u015f yumurtas\u0131 \u00fczr\u0259 27, arpa \u00fczr\u0259 95, qar\u011f\u0131dal\u0131 \u00fczr\u0259 45, x\u0131rdabuynuzlu heyvanlar \u00fczr\u0259 5 faiz azal\u0131b. Bununla bel\u0259, idxal\u0131n h\u0259cminin azald\u0131lmas\u0131 \u00fc\u00e7\u00fcn b\u00f6y\u00fck imkanlar m\u00f6vcuddur v\u0259 hesabat ilind\u0259 682 milyon AB\u015e dollar\u0131 t\u0259\u015fkil ed\u0259n bu g\u00f6st\u0259ricinin azald\u0131lmas\u0131 on milyonlarla valyuta v\u0259saitinin \u00f6lk\u0259d\u0259 qalmas\u0131na s\u0259b\u0259b ola bil\u0259r. Bu da ixrac\u0131n art\u0131r\u0131lmas\u0131ndan da b\u00f6y\u00fck \u0259h\u0259miyy\u0259t k\u0259sb edir\u201d.\n<\/p>\n<p>\n  <i><br \/>\n    <b><br \/>\n      \u201cPrezident\u0259 veril\u0259n r\u0259q\u0259ml\u0259r \u015fi\u015firdilib\u201d<br \/>\n    <\/b><br \/>\n  <\/i>\n<\/p>\n<p>\n  K\u0259nd t\u0259s\u0259rr\u00fcfat\u0131 \u00fczr\u0259 ekspert Vahid M\u0259h\u0259rr\u0259mov is\u0259 deyir ki, prezident\u0259 veril\u0259n r\u0259q\u0259ml\u0259r \u015fi\u015firdilib, r\u0259smi statistik r\u0259q\u0259ml\u0259rl\u0259 \u00fcst-\u00fcst\u0259 d\u00fc\u015fm\u00fcr:\n<\/p>\n<p>\n  \u201cBu, vedr\u0259y\u0259 yar\u0131s\u0131na kimi su t\u00f6k\u00fcb, dolu oldu\u011funu dem\u0259y\u0259 b\u0259nz\u0259yir. Nazirl\u0259r Kabinetinin m\u00fc\u0259yy\u0259n etdiyi minimum \u0259m\u0259k haqq\u0131na \u0259sas\u0259n bir n\u0259f\u0259rin ild\u0259 n\u0259 q\u0259d\u0259r \u0259t, kartof, \u00e7\u00f6r\u0259k yem\u0259li, n\u0259 q\u0259d\u0259r s\u00fcd i\u00e7m\u0259li oldu\u011fu m\u00fc\u0259yy\u0259n edilib. Ancaq bu, r\u0259q\u0259ml\u0259r norma deyil. Norman\u0131 \u00dcmumd\u00fcnya S\u0259hiyy\u0259 T\u0259\u015fkilat\u0131 m\u00fc\u0259yy\u0259n edib &#8211; adamba\u015f\u0131na illik 84 kq. Az\u0259rbaycan \u0259halisi bu g\u00fcn 33-35 kq aras\u0131 istehlak edir. Onun 32 kilosunu \u00f6z\u00fcm\u00fcz istehsal edirik. 2016-c\u0131 ilin m\u0259lumat\u0131na g\u00f6r\u0259, qalan 3 kilosu idxald\u0131r\u201d.\n<\/p>\n<p>\n  <b><br \/>\n    <i><br \/>\n      \u201cAz\u0259rbaycanda y\u00fcks\u0259k kalorili m\u0259hsullar\u0131n istehlak\u0131 normadan a\u015fa\u011f\u0131d\u0131r\u201d<br \/>\n    <\/i><br \/>\n  <\/b>\n<\/p>\n<p>\n  Vahid M\u0259h\u0259rr\u0259mov deyir ki, istehsal etdiyimiz m\u0259hsulun i\u00e7ind\u0259 \u00f6lk\u0259y\u0259 k\u0259sim \u00fc\u00e7\u00fcn g\u0259tirilmi\u015f diri heyvanlar da var. Bunu bilm\u0259dikl\u0259ri \u00fc\u00e7\u00fcn a\u00e7\u0131qlam\u0131rlar. Ancaq Az\u0259rbaycan prezidentin dediyi kimi \u0259t m\u0259hsullar\u0131na t\u0259l\u0259bat\u0131 t\u0259min ed\u0259 bilmir:\n<\/p>\n<p>\n  \u201cPrezidentin a\u00e7\u0131qlamas\u0131na g\u00f6r\u0259, \u00f6lk\u0259 qoyun \u0259ti il\u0259 99, mal \u0259ti il\u0259 95 faiz t\u0259min edilir. \u018fks\u0259r inki\u015faf etmi\u015f \u00f6lk\u0259l\u0259rd\u0259 adamba\u015f\u0131na d\u00fc\u015f\u0259n illik \u0259t istehlak\u0131 100-120 kq aras\u0131ndad\u0131r. Az\u0259rbaycanda is\u0259 84 kq-l\u0131q normaya bel\u0259 \u00e7atm\u0131r, 33 kq istehlak edilir. Bu da bizim \u0259t normam\u0131z\u0131n 39 faizidir. Az\u0259rbaycan \u00dcmumd\u00fcnya S\u0259hiyy\u0259 T\u0259\u015fkilat\u0131n\u0131n m\u00fc\u0259yy\u0259n etdiyi g\u00fcnd\u0259lik v\u0259 illik qida normas\u0131ndan a\u015fa\u011f\u0131 miqdarda istehlak edir. Y\u00fcks\u0259k kalorili m\u0259hsullar\u0131n istehlak\u0131 m\u00fc\u0259yy\u0259n olunmu\u015f normadan a\u015fa\u011f\u0131d\u0131r\u201d.\n<\/p>\n<p>\n  <b><br \/>\n    <i><br \/>\n      \u201cPrezidentin \u0259traf\u0131ndak\u0131lar i\u015f g\u00f6r\u00fcnt\u00fcs\u00fc yaratma\u011fa maraql\u0131d\u0131rlar\u201d<br \/>\n    <\/i><br \/>\n  <\/b>\n<\/p>\n<p>\n  Arpa v\u0259 qar\u011f\u0131dal\u0131 il\u0259 t\u0259minata g\u0259linc\u0259, Vahid M\u0259h\u0259rr\u0259mov deyir ki, D\u00f6vl\u0259t Statistika Komit\u0259si il\u0259 prezidentin dedikl\u0259ri burada da \u00fcst-\u00fcst\u0259 d\u00fc\u015fm\u00fcr. R\u0259smi m\u0259lumata g\u00f6r\u0259, arpa il\u0259 t\u0259minat 95,1 faizdir. Prezident is\u0259 102 faiz oldu\u011funu deyir. Qar\u011f\u0131dal\u0131 il\u0259 t\u0259minat 54,1, prezident is\u0259 g\u00f6st\u0259rir ki, 71 faizdir:\n<\/p>\n<p>\n  \u201cF\u0259rq b\u00f6y\u00fckd\u00fcr. Dem\u0259li, prezident\u0259 dola\u015f\u0131q r\u0259q\u0259ml\u0259r t\u0259qdim olunur. Bu, n\u0259y\u0259 laz\u0131md\u0131r? Prezidentin D\u00f6vl\u0259t Statistika Komit\u0259sinin bu m\u0259lumatlar\u0131n\u0131 \u0259ld\u0259 etm\u0259sin\u0259 vaxt laz\u0131md\u0131r. Bunu onun \u0259traf\u0131nda olanlar\u0131n \u0259ks\u0259riyy\u0259ti d\u0259 \u0259ld\u0259 ed\u0259 bilmirl\u0259r. Axtar\u0131\u015f etm\u0259k d\u0259 bir bacar\u0131q t\u0259l\u0259b edir. Prezidentin \u0259traf\u0131ndak\u0131 insanlar i\u015f g\u00f6r\u00fcnt\u00fcs\u00fc yaratma\u011fa maraql\u0131d\u0131rlar. M\u0259s\u0259l\u0259n, k\u0259nd t\u0259s\u0259rr\u00fcfat\u0131 naziri onun sah\u0259si il\u0259 ba\u011fl\u0131 r\u0259q\u0259ml\u0259rin a\u015fa\u011f\u0131 olmas\u0131n\u0131 ist\u0259mir. Ona g\u00f6r\u0259 d\u0259, prezident\u0259 y\u00fcks\u0259k r\u0259q\u0259ml\u0259r t\u0259qdim edir. Prezident d\u0259 r\u0259q\u0259ml\u0259r\u0259 bax\u0131b d\u00fc\u015f\u00fcn\u00fcr ki, h\u0259r \u015fey yax\u015f\u0131d\u0131r\u201d.\n<\/p>\n<p>\n  <b><br \/>\n    <i><br \/>\n      \u201cNiy\u0259 r\u0259q\u0259ml\u0259ri \u00e7a\u015f\u0131b az yox, \u00e7ox g\u00f6st\u0259rirl\u0259r?\u201d<br \/>\n    <\/i><br \/>\n  <\/b>\n<\/p>\n<p>\n  Ekspert kartof t\u0259minat\u0131 il\u0259 ba\u011fl\u0131 m\u0259s\u0259l\u0259d\u0259 d\u0259 m\u0259nz\u0259r\u0259nin eyni oldu\u011funu s\u00f6yl\u0259yir:\n<\/p>\n<p>\n  \u201cPezident deyir ki, kartofla t\u0259minat 86 faizdir. Ancaq realda \u00f6lk\u0259nin 1,5 milyon ton kartofa ehtiyac\u0131 var. Bunun 1 milyon 250 min tonu \u0259rzaql\u0131q, 150 min tonu is\u0259 toxumluqdur. 70-80 min tonunu is\u0259 itkil\u0259r\u0259 hesablay\u0131rlar. N\u0259 q\u0259d\u0259r istehsal olunur? \u00d6t\u0259n il 92 min ton kartof istehsal olunub. Bu da t\u0259l\u0259bat\u0131n 60 faizidir. \u00d6lk\u0259 ba\u015f\u00e7\u0131s\u0131nda olan m\u0259lumatla 26 faizlik f\u0259rq var. Niy\u0259 r\u0259q\u0259ml\u0259ri \u00e7a\u015f\u0131b az yox, \u00e7ox g\u00f6st\u0259rirl\u0259r? Dediyim kimi, buna maraql\u0131 insanlar var\u201d.\n<\/p>\n<p>\n  <b><br \/>\n    <i><br \/>\n      \u201cV\u0259ziyy\u0259t he\u00e7 d\u0259 prezidentin dediyi kimi \u00fcr\u0259ka\u00e7an deyil\u201d<br \/>\n    <\/i><br \/>\n  <\/b>\n<\/p>\n<p>\n  \u201c\u015e\u0259k\u0259rl\u0259 ba\u011fl\u0131 v\u0259ziyy\u0259t d\u0259 ox\u015fard\u0131r\u201d, &#8211; deyir Vahid M\u0259h\u0259rr\u0259mov. Prezident deyir, \u015f\u0259k\u0259rl\u0259 115 faizlik t\u0259minat var. Ekspert is\u0259 bildirir ki, bunun t\u0259rkibind\u0259 73 faiz xarici faktordur\n<\/p>\n<p>\n  \u201c\u015e\u0259k\u0259r\u0259 olan t\u0259l\u0259bat\u0131 daxili istehsal hesab\u0131na \u00f6d\u0259y\u0259 bil\u0259c\u0259yimiz halda, bunu indiki h\u00f6kum\u0259t realla\u015fd\u0131ra bilmir. \u015e\u0259k\u0259r istehsal\u0131nda istifad\u0259 olunan xammal\u0131n 95-97 faizi xaricd\u0259n idxal olunur. Bu sah\u0259d\u0259 v\u0259ziyy\u0259t daha da pisl\u0259\u015fib. 2015-ci ild\u0259 \u00f6lk\u0259d\u0259 206 min ton \u015f\u0259k\u0259r istehlak olunub. Ancaq \u00f6lk\u0259y\u0259 365 min ton \u015f\u0259k\u0259r idxal olunub. G\u00f6r\u00fcn bizim istehlak\u0131m\u0131zdan n\u0259 q\u0259d\u0259r art\u0131q m\u0259hsul idxal olunub. Bunun art\u0131q hiss\u0259si \u00a0&#8211; 108 min tonu ixrac edilib. Bu, o dem\u0259kdir ki, bizim istehlak\u0131m\u0131z da, ixrac\u0131m\u0131z da idxaldan as\u0131l\u0131d\u0131r. V\u0259ziyy\u0259t he\u00e7 d\u0259 przidentin dediyi kimi 115 faizlik t\u0259minat deyil, 100 faizlik as\u0131l\u0131l\u0131q s\u0259viyy\u0259sind\u0259dir\u201d.<\/p>\n","protected":false},"excerpt":{"rendered":"<p>Prezident: &#8221;B\u00fct\u00fcn m\u0259hsullar\u0131n ixrac\u0131nda art\u0131m var&#8221;<\/p>\n","protected":false},"author":11,"featured_media":68901,"comment_status":"closed","ping_status":"open","sticky":false,"template":"","format":"standard","meta":{"_acf_changed":false,"_sitemap_exclude":false,"_sitemap_priority":"","_sitemap_frequency":"","footnotes":""},"categories":[51],"tags":[],"class_list":["post-182345","post","type-post","status-publish","format-standard","has-post-thumbnail","hentry","category-analitika","infinite-scroll-item","generate-columns","tablet-grid-50","mobile-grid-100","grid-parent","grid-33","no-featured-image-padding"],"acf":[],"yoast_head":"<!-- This site is optimized with the Yoast SEO plugin v27.4 - https:\/\/yoast.com\/product\/yoast-seo-wordpress\/ -->\n<title>&#039;&#039;Bizim istehlak\u0131m\u0131z da, ixrac\u0131m\u0131z da idxaldan as\u0131l\u0131d\u0131r&#039;&#039; - MEYDAN.TV<\/title>\n<meta name=\"robots\" content=\"index, follow, max-snippet:-1, max-image-preview:large, max-video-preview:-1\" \/>\n<link rel=\"canonical\" href=\"https:\/\/www.meydan.tv\/az\/article\/bizim-istehlakimiz-da-ixracimiz-da-idxaldan-asilidir\/\" \/>\n<meta property=\"og:locale\" content=\"az_AZ\" \/>\n<meta property=\"og:type\" content=\"article\" \/>\n<meta property=\"og:title\" content=\"&#039;&#039;Bizim istehlak\u0131m\u0131z da, ixrac\u0131m\u0131z da idxaldan as\u0131l\u0131d\u0131r&#039;&#039; - MEYDAN.TV\" \/>\n<meta property=\"og:description\" content=\"Prezident: &#039;&#039;B\u00fct\u00fcn m\u0259hsullar\u0131n ixrac\u0131nda art\u0131m var&#039;&#039;\" \/>\n<meta property=\"og:url\" content=\"https:\/\/www.meydan.tv\/az\/article\/bizim-istehlakimiz-da-ixracimiz-da-idxaldan-asilidir\/\" \/>\n<meta property=\"og:site_name\" content=\"MEYDAN.TV\" \/>\n<meta property=\"article:published_time\" content=\"2017-02-06T16:22:13+00:00\" \/>\n<meta property=\"og:image\" content=\"https:\/\/www.meydan.tv\/wp-content\/uploads\/26355.png\" \/>\n\t<meta property=\"og:image:width\" content=\"733\" \/>\n\t<meta property=\"og:image:height\" content=\"400\" \/>\n\t<meta property=\"og:image:type\" content=\"image\/png\" \/>\n<meta name=\"author\" content=\"user-manager\" \/>\n<meta name=\"twitter:card\" content=\"summary_large_image\" \/>\n<script type=\"application\/ld+json\" class=\"yoast-schema-graph\">{\"@context\":\"https:\\\/\\\/schema.org\",\"@graph\":[{\"@type\":\"Article\",\"@id\":\"https:\\\/\\\/www.meydan.tv\\\/az\\\/article\\\/bizim-istehlakimiz-da-ixracimiz-da-idxaldan-asilidir\\\/#article\",\"isPartOf\":{\"@id\":\"https:\\\/\\\/www.meydan.tv\\\/az\\\/article\\\/bizim-istehlakimiz-da-ixracimiz-da-idxaldan-asilidir\\\/\"},\"author\":{\"name\":\"user-manager\",\"@id\":\"https:\\\/\\\/www.meydan.tv\\\/az\\\/#\\\/schema\\\/person\\\/10d11eccf6da3662cf5fdab9806ea91a\"},\"headline\":\"&#8221;Bizim istehlak\u0131m\u0131z da, ixrac\u0131m\u0131z da idxaldan as\u0131l\u0131d\u0131r&#8221;\",\"datePublished\":\"2017-02-06T16:22:13+00:00\",\"mainEntityOfPage\":{\"@id\":\"https:\\\/\\\/www.meydan.tv\\\/az\\\/article\\\/bizim-istehlakimiz-da-ixracimiz-da-idxaldan-asilidir\\\/\"},\"wordCount\":1171,\"publisher\":{\"@id\":\"https:\\\/\\\/www.meydan.tv\\\/az\\\/#organization\"},\"image\":{\"@id\":\"https:\\\/\\\/www.meydan.tv\\\/az\\\/article\\\/bizim-istehlakimiz-da-ixracimiz-da-idxaldan-asilidir\\\/#primaryimage\"},\"thumbnailUrl\":\"https:\\\/\\\/www.meydan.tv\\\/wp-content\\\/uploads\\\/26355.png\",\"articleSection\":[\"Analitika\"],\"inLanguage\":\"az\"},{\"@type\":\"WebPage\",\"@id\":\"https:\\\/\\\/www.meydan.tv\\\/az\\\/article\\\/bizim-istehlakimiz-da-ixracimiz-da-idxaldan-asilidir\\\/\",\"url\":\"https:\\\/\\\/www.meydan.tv\\\/az\\\/article\\\/bizim-istehlakimiz-da-ixracimiz-da-idxaldan-asilidir\\\/\",\"name\":\"''Bizim istehlak\u0131m\u0131z da, ixrac\u0131m\u0131z da idxaldan as\u0131l\u0131d\u0131r'' - MEYDAN.TV\",\"isPartOf\":{\"@id\":\"https:\\\/\\\/www.meydan.tv\\\/az\\\/#website\"},\"primaryImageOfPage\":{\"@id\":\"https:\\\/\\\/www.meydan.tv\\\/az\\\/article\\\/bizim-istehlakimiz-da-ixracimiz-da-idxaldan-asilidir\\\/#primaryimage\"},\"image\":{\"@id\":\"https:\\\/\\\/www.meydan.tv\\\/az\\\/article\\\/bizim-istehlakimiz-da-ixracimiz-da-idxaldan-asilidir\\\/#primaryimage\"},\"thumbnailUrl\":\"https:\\\/\\\/www.meydan.tv\\\/wp-content\\\/uploads\\\/26355.png\",\"datePublished\":\"2017-02-06T16:22:13+00:00\",\"breadcrumb\":{\"@id\":\"https:\\\/\\\/www.meydan.tv\\\/az\\\/article\\\/bizim-istehlakimiz-da-ixracimiz-da-idxaldan-asilidir\\\/#breadcrumb\"},\"inLanguage\":\"az\",\"potentialAction\":[{\"@type\":\"ReadAction\",\"target\":[\"https:\\\/\\\/www.meydan.tv\\\/az\\\/article\\\/bizim-istehlakimiz-da-ixracimiz-da-idxaldan-asilidir\\\/\"]}]},{\"@type\":\"ImageObject\",\"inLanguage\":\"az\",\"@id\":\"https:\\\/\\\/www.meydan.tv\\\/az\\\/article\\\/bizim-istehlakimiz-da-ixracimiz-da-idxaldan-asilidir\\\/#primaryimage\",\"url\":\"https:\\\/\\\/www.meydan.tv\\\/wp-content\\\/uploads\\\/26355.png\",\"contentUrl\":\"https:\\\/\\\/www.meydan.tv\\\/wp-content\\\/uploads\\\/26355.png\",\"width\":733,\"height\":400,\"caption\":\"Source:\"},{\"@type\":\"BreadcrumbList\",\"@id\":\"https:\\\/\\\/www.meydan.tv\\\/az\\\/article\\\/bizim-istehlakimiz-da-ixracimiz-da-idxaldan-asilidir\\\/#breadcrumb\",\"itemListElement\":[{\"@type\":\"ListItem\",\"position\":1,\"name\":\"Ana s\u0259hif\u0259\",\"item\":\"https:\\\/\\\/www.meydan.tv\\\/az\\\/\"},{\"@type\":\"ListItem\",\"position\":2,\"name\":\"Analitika\",\"item\":\"https:\\\/\\\/www.meydan.tv\\\/az\\\/section\\\/analitika\\\/\"},{\"@type\":\"ListItem\",\"position\":3,\"name\":\"&#8221;Bizim istehlak\u0131m\u0131z da, ixrac\u0131m\u0131z da idxaldan as\u0131l\u0131d\u0131r&#8221;\"}]},{\"@type\":\"WebSite\",\"@id\":\"https:\\\/\\\/www.meydan.tv\\\/az\\\/#website\",\"url\":\"https:\\\/\\\/www.meydan.tv\\\/az\\\/\",\"name\":\"MEYDAN.TV\",\"description\":\"Meydan TV Az\u0259rbaycan\u0131n media m\u0259kan\u0131ndak\u0131 alternativ s\u0259sidir\",\"publisher\":{\"@id\":\"https:\\\/\\\/www.meydan.tv\\\/az\\\/#organization\"},\"potentialAction\":[{\"@type\":\"SearchAction\",\"target\":{\"@type\":\"EntryPoint\",\"urlTemplate\":\"https:\\\/\\\/www.meydan.tv\\\/az\\\/?s={search_term_string}\"},\"query-input\":{\"@type\":\"PropertyValueSpecification\",\"valueRequired\":true,\"valueName\":\"search_term_string\"}}],\"inLanguage\":\"az\"},{\"@type\":\"Organization\",\"@id\":\"https:\\\/\\\/www.meydan.tv\\\/az\\\/#organization\",\"name\":\"Meydan TV\",\"url\":\"https:\\\/\\\/www.meydan.tv\\\/az\\\/\",\"logo\":{\"@type\":\"ImageObject\",\"inLanguage\":\"az\",\"@id\":\"https:\\\/\\\/www.meydan.tv\\\/az\\\/#\\\/schema\\\/logo\\\/image\\\/\",\"url\":\"https:\\\/\\\/www.meydan.tv\\\/wp-content\\\/uploads\\\/2021\\\/07\\\/meydan-logo.svg\",\"contentUrl\":\"https:\\\/\\\/www.meydan.tv\\\/wp-content\\\/uploads\\\/2021\\\/07\\\/meydan-logo.svg\",\"width\":195,\"height\":46,\"caption\":\"Meydan TV\"},\"image\":{\"@id\":\"https:\\\/\\\/www.meydan.tv\\\/az\\\/#\\\/schema\\\/logo\\\/image\\\/\"}},{\"@type\":\"Person\",\"@id\":\"https:\\\/\\\/www.meydan.tv\\\/az\\\/#\\\/schema\\\/person\\\/10d11eccf6da3662cf5fdab9806ea91a\",\"name\":\"user-manager\"}]}<\/script>\n<!-- \/ Yoast SEO plugin. -->","yoast_head_json":{"title":"''Bizim istehlak\u0131m\u0131z da, ixrac\u0131m\u0131z da idxaldan as\u0131l\u0131d\u0131r'' - MEYDAN.TV","robots":{"index":"index","follow":"follow","max-snippet":"max-snippet:-1","max-image-preview":"max-image-preview:large","max-video-preview":"max-video-preview:-1"},"canonical":"https:\/\/www.meydan.tv\/az\/article\/bizim-istehlakimiz-da-ixracimiz-da-idxaldan-asilidir\/","og_locale":"az_AZ","og_type":"article","og_title":"''Bizim istehlak\u0131m\u0131z da, ixrac\u0131m\u0131z da idxaldan as\u0131l\u0131d\u0131r'' - MEYDAN.TV","og_description":"Prezident: ''B\u00fct\u00fcn m\u0259hsullar\u0131n ixrac\u0131nda art\u0131m var''","og_url":"https:\/\/www.meydan.tv\/az\/article\/bizim-istehlakimiz-da-ixracimiz-da-idxaldan-asilidir\/","og_site_name":"MEYDAN.TV","article_published_time":"2017-02-06T16:22:13+00:00","og_image":[{"width":733,"height":400,"url":"https:\/\/www.meydan.tv\/wp-content\/uploads\/26355.png","type":"image\/png"}],"author":"user-manager","twitter_card":"summary_large_image","schema":{"@context":"https:\/\/schema.org","@graph":[{"@type":"Article","@id":"https:\/\/www.meydan.tv\/az\/article\/bizim-istehlakimiz-da-ixracimiz-da-idxaldan-asilidir\/#article","isPartOf":{"@id":"https:\/\/www.meydan.tv\/az\/article\/bizim-istehlakimiz-da-ixracimiz-da-idxaldan-asilidir\/"},"author":{"name":"user-manager","@id":"https:\/\/www.meydan.tv\/az\/#\/schema\/person\/10d11eccf6da3662cf5fdab9806ea91a"},"headline":"&#8221;Bizim istehlak\u0131m\u0131z da, ixrac\u0131m\u0131z da idxaldan as\u0131l\u0131d\u0131r&#8221;","datePublished":"2017-02-06T16:22:13+00:00","mainEntityOfPage":{"@id":"https:\/\/www.meydan.tv\/az\/article\/bizim-istehlakimiz-da-ixracimiz-da-idxaldan-asilidir\/"},"wordCount":1171,"publisher":{"@id":"https:\/\/www.meydan.tv\/az\/#organization"},"image":{"@id":"https:\/\/www.meydan.tv\/az\/article\/bizim-istehlakimiz-da-ixracimiz-da-idxaldan-asilidir\/#primaryimage"},"thumbnailUrl":"https:\/\/www.meydan.tv\/wp-content\/uploads\/26355.png","articleSection":["Analitika"],"inLanguage":"az"},{"@type":"WebPage","@id":"https:\/\/www.meydan.tv\/az\/article\/bizim-istehlakimiz-da-ixracimiz-da-idxaldan-asilidir\/","url":"https:\/\/www.meydan.tv\/az\/article\/bizim-istehlakimiz-da-ixracimiz-da-idxaldan-asilidir\/","name":"''Bizim istehlak\u0131m\u0131z da, ixrac\u0131m\u0131z da idxaldan as\u0131l\u0131d\u0131r'' - MEYDAN.TV","isPartOf":{"@id":"https:\/\/www.meydan.tv\/az\/#website"},"primaryImageOfPage":{"@id":"https:\/\/www.meydan.tv\/az\/article\/bizim-istehlakimiz-da-ixracimiz-da-idxaldan-asilidir\/#primaryimage"},"image":{"@id":"https:\/\/www.meydan.tv\/az\/article\/bizim-istehlakimiz-da-ixracimiz-da-idxaldan-asilidir\/#primaryimage"},"thumbnailUrl":"https:\/\/www.meydan.tv\/wp-content\/uploads\/26355.png","datePublished":"2017-02-06T16:22:13+00:00","breadcrumb":{"@id":"https:\/\/www.meydan.tv\/az\/article\/bizim-istehlakimiz-da-ixracimiz-da-idxaldan-asilidir\/#breadcrumb"},"inLanguage":"az","potentialAction":[{"@type":"ReadAction","target":["https:\/\/www.meydan.tv\/az\/article\/bizim-istehlakimiz-da-ixracimiz-da-idxaldan-asilidir\/"]}]},{"@type":"ImageObject","inLanguage":"az","@id":"https:\/\/www.meydan.tv\/az\/article\/bizim-istehlakimiz-da-ixracimiz-da-idxaldan-asilidir\/#primaryimage","url":"https:\/\/www.meydan.tv\/wp-content\/uploads\/26355.png","contentUrl":"https:\/\/www.meydan.tv\/wp-content\/uploads\/26355.png","width":733,"height":400,"caption":"Source:"},{"@type":"BreadcrumbList","@id":"https:\/\/www.meydan.tv\/az\/article\/bizim-istehlakimiz-da-ixracimiz-da-idxaldan-asilidir\/#breadcrumb","itemListElement":[{"@type":"ListItem","position":1,"name":"Ana s\u0259hif\u0259","item":"https:\/\/www.meydan.tv\/az\/"},{"@type":"ListItem","position":2,"name":"Analitika","item":"https:\/\/www.meydan.tv\/az\/section\/analitika\/"},{"@type":"ListItem","position":3,"name":"&#8221;Bizim istehlak\u0131m\u0131z da, ixrac\u0131m\u0131z da idxaldan as\u0131l\u0131d\u0131r&#8221;"}]},{"@type":"WebSite","@id":"https:\/\/www.meydan.tv\/az\/#website","url":"https:\/\/www.meydan.tv\/az\/","name":"MEYDAN.TV","description":"Meydan TV Az\u0259rbaycan\u0131n media m\u0259kan\u0131ndak\u0131 alternativ s\u0259sidir","publisher":{"@id":"https:\/\/www.meydan.tv\/az\/#organization"},"potentialAction":[{"@type":"SearchAction","target":{"@type":"EntryPoint","urlTemplate":"https:\/\/www.meydan.tv\/az\/?s={search_term_string}"},"query-input":{"@type":"PropertyValueSpecification","valueRequired":true,"valueName":"search_term_string"}}],"inLanguage":"az"},{"@type":"Organization","@id":"https:\/\/www.meydan.tv\/az\/#organization","name":"Meydan TV","url":"https:\/\/www.meydan.tv\/az\/","logo":{"@type":"ImageObject","inLanguage":"az","@id":"https:\/\/www.meydan.tv\/az\/#\/schema\/logo\/image\/","url":"https:\/\/www.meydan.tv\/wp-content\/uploads\/2021\/07\/meydan-logo.svg","contentUrl":"https:\/\/www.meydan.tv\/wp-content\/uploads\/2021\/07\/meydan-logo.svg","width":195,"height":46,"caption":"Meydan TV"},"image":{"@id":"https:\/\/www.meydan.tv\/az\/#\/schema\/logo\/image\/"}},{"@type":"Person","@id":"https:\/\/www.meydan.tv\/az\/#\/schema\/person\/10d11eccf6da3662cf5fdab9806ea91a","name":"user-manager"}]}},"_links":{"self":[{"href":"https:\/\/www.meydan.tv\/az\/wp-json\/wp\/v2\/posts\/182345","targetHints":{"allow":["GET"]}}],"collection":[{"href":"https:\/\/www.meydan.tv\/az\/wp-json\/wp\/v2\/posts"}],"about":[{"href":"https:\/\/www.meydan.tv\/az\/wp-json\/wp\/v2\/types\/post"}],"author":[{"embeddable":true,"href":"https:\/\/www.meydan.tv\/az\/wp-json\/wp\/v2\/users\/11"}],"replies":[{"embeddable":true,"href":"https:\/\/www.meydan.tv\/az\/wp-json\/wp\/v2\/comments?post=182345"}],"version-history":[{"count":0,"href":"https:\/\/www.meydan.tv\/az\/wp-json\/wp\/v2\/posts\/182345\/revisions"}],"wp:featuredmedia":[{"embeddable":true,"href":"https:\/\/www.meydan.tv\/az\/wp-json\/wp\/v2\/media\/68901"}],"wp:attachment":[{"href":"https:\/\/www.meydan.tv\/az\/wp-json\/wp\/v2\/media?parent=182345"}],"wp:term":[{"taxonomy":"category","embeddable":true,"href":"https:\/\/www.meydan.tv\/az\/wp-json\/wp\/v2\/categories?post=182345"},{"taxonomy":"post_tag","embeddable":true,"href":"https:\/\/www.meydan.tv\/az\/wp-json\/wp\/v2\/tags?post=182345"}],"curies":[{"name":"wp","href":"https:\/\/api.w.org\/{rel}","templated":true}]}}