{"id":182341,"date":"2017-02-06T14:45:27","date_gmt":"2017-02-06T14:45:27","guid":{"rendered":"https:\/\/www.meydan.tv\/article\/meqsede-dogru-uzun-yol\/"},"modified":"2017-02-06T14:45:27","modified_gmt":"2017-02-06T14:45:27","slug":"meqsede-dogru-uzun-yol","status":"publish","type":"post","link":"https:\/\/www.meydan.tv\/az\/article\/meqsede-dogru-uzun-yol\/","title":{"rendered":"M\u0259qs\u0259d\u0259 do\u011fru uzun yol"},"content":{"rendered":"<figure class=\"wp-block-image size-large\">\n  <img decoding=\"async\" src=\"https:\/\/www.meydan.tv\/az\/78669\/\" alt=\"\" class=\"wp-image-78669\"\/><figcaption><\/figcaption><\/figure>\n<p>\n  Az\u0259rbaycan prezidenti \u0130lham \u018fliyev fevral\u0131n 6-da strateji t\u0259r\u0259fda\u015fl\u0131q sazi\u015finin yeni layih\u0259sinin m\u00fczakir\u0259si \u00fc\u00e7\u00fcn Br\u00fcssel\u0259 ged\u0259c\u0259k. Bu s\u0259f\u0259ri Az\u0259rbaycanda v\u0259 Avropada f\u0259rqli g\u00f6r\u00fcl\u0259n M\u0259qs\u0259d\u0259 do\u011fru uzun yol adland\u0131rmaq olar.\n<\/p>\n<p>\n  R\u0259smi Bak\u0131 Az\u0259rbaycan-Avropa m\u00fcnasib\u0259tl\u0259rinin M\u0259qs\u0259di kimi Az\u0259rbaycan\u0131n enerji da\u015f\u0131y\u0131c\u0131lar\u0131n\u0131n v\u0259 dig\u0259r mallar\u0131n\u0131n Avropa bazarlar\u0131na \u00e7\u0131xar\u0131lmas\u0131 \u00fczr\u0259 \u0259m\u0259kda\u015fl\u0131\u011f\u0131n d\u0259rinl\u0259\u015fdirilm\u0259sini, insanlar aras\u0131nda \u0259laq\u0259l\u0259rin geni\u015fl\u0259ndirilm\u0259sini, Avropan\u0131n ucuz maliyy\u0259 al\u0259tl\u0259rin\u0259 \u00e7\u0131x\u0131\u015f\u0131 g\u00f6r\u00fcr. Bu ist\u0259kl\u0259r Prezident Administrasiyas\u0131n\u0131n r\u0259hb\u0259ri Ramiz Mehdiyevin k\u00f6hn\u0259 \u201ct\u0259xir\u0259 sal\u0131nm\u0131\u015f demokratiya\u201d konsepsiyas\u0131nda \u0259ksini tap\u0131b. Bu konsepsiya son iki ild\u0259 \u201cm\u00fcasirl\u0259\u015fm\u0259 kursuna\u201d \u00e7evrilib. Y\u0259ni rejim uzunm\u00fcdd\u0259tli g\u0259l\u0259c\u0259kd\u0259 v\u0259 ilk n\u00f6vb\u0259d\u0259 iqtisadi sah\u0259d\u0259 avtoritarizmin t\u0259dric\u0259n demokratiyaya ke\u00e7idini n\u0259z\u0259rd\u0259 tutur.\n<\/p>\n<p>\n  Avropa \u0130ttifaq\u0131 M\u0259qs\u0259di Az\u0259rbaycanda m\u00fcmk\u00fcn q\u0259d\u0259r tez azad se\u00e7kil\u0259r, hakimiyy\u0259t qollar\u0131n\u0131n b\u00f6lg\u00fcs\u00fc, qanunun aliliyi, insan h\u00fcquq v\u0259 azadl\u0131qlar\u0131na h\u00f6rm\u0259t kimi demokratik \u0259n\u0259n\u0259l\u0259rin b\u0259rq\u0259rar olmas\u0131nda g\u00f6r\u00fcr. M\u0259qs\u0259d\u0259 bu bax\u0131\u015f konsepsiyas\u0131 2016-c\u0131 ilin fevral\u0131nda Avropa Komissiyas\u0131n\u0131n vitse-prezidenti Federika Mogerininin Bak\u0131ya s\u0259f\u0259ri zaman\u0131 s\u0259sl\u0259nib. O bildirib ki, A\u0130 uzunm\u00fcdd\u0259tli inki\u015fafa v\u0259 fir\u0259vanl\u0131\u011fa ged\u0259n yolun a\u00e7\u0131q c\u0259miyy\u0259td\u0259n v\u0259 azadl\u0131qlara h\u00f6rm\u0259td\u0259n ke\u00e7diyini hesab edir.\n<\/p>\n<p>\n  Bir M\u0259qs\u0259d\u0259 iki tamamil\u0259 f\u0259rqli yana\u015fman\u0131 n\u0259z\u0259r\u0259 alaraq, bel\u0259 bir n\u0259tic\u0259y\u0259 g\u0259lm\u0259k olar ki (Az\u0259rbaycan hakimiyy\u0259tinin s\u0259m\u0259r\u0259siz add\u0131mlar\u0131 ba\u015fqa se\u00e7im qoymur), \u018fliyevin masas\u0131nda olan strateji t\u0259r\u0259fda\u015fl\u0131q layih\u0259si haqq\u0131nda h\u0259qiq\u0259t bunlar\u0131n ortas\u0131ndad\u0131r.\n<\/p>\n<p>\n  Onun \u0259sas\u0131nda A\u0130 v\u0259 \u201c\u015e\u0259rq T\u0259r\u0259fda\u015fl\u0131\u011f\u0131\u201d (\u015eT) proqram\u0131na \u00fczv \u00f6lk\u0259l\u0259r aras\u0131nda \u0259m\u0259kda\u015fl\u0131q haqq\u0131nda t\u0259klifl\u0259r durur. Bu t\u0259klifl\u0259r 2015-ci il may\u0131n 22-d\u0259 \u015eT sammitinin Riqa b\u0259yannam\u0259sind\u0259 \u0259ksini tap\u0131b. Buraya d\u00f6rd komponent daxil idi. 1. M\u00fc\u0259ssis\u0259l\u0259rin m\u00f6hk\u0259ml\u0259ndirilm\u0259si v\u0259 v\u0259 s\u0259m\u0259r\u0259li idar\u0259etm\u0259, 2. Mobillik v\u0259 insan \u0259laq\u0259l\u0259ri, 3. Bazar imkanlar\u0131, 4. Qar\u015f\u0131l\u0131ql\u0131 \u0259laq\u0259l\u0259r.\n<\/p>\n<p>\n  Rejimin iqtisadi b\u00f6han v\u0259 Q\u0259rbin ard\u0131c\u0131l t\u0259zyiqi il\u0259 \u015f\u0259rtl\u0259n\u0259n z\u0259ifliyini n\u0259z\u0259r\u0259 alaraq, onlara qanunun aliliyi, v\u0259t\u0259nda\u015f c\u0259miyy\u0259tinin azadl\u0131qlar\u0131n\u0131n geni\u015fl\u0259ndirilm\u0259si, insan h\u00fcquqlar\u0131n\u0131n v\u0259 s\u00f6z azadl\u0131\u011f\u0131n\u0131n m\u00fcdafi\u0259si kimi komponentl\u0259rl\u0259 tamamlamaq olar.\n<\/p>\n<p>\n  1996-c\u0131 ild\u0259 \u0259m\u0259kda\u015fl\u0131q haqq\u0131nda birinci sazi\u015fin imzaland\u0131\u011f\u0131 andan etibar\u0259n A\u0130 v\u0259 Az\u0259rbaycan aras\u0131nda m\u00fcnasib\u0259tl\u0259r g\u0259rgin olub, x\u00fcsus\u0259n enerji sah\u0259si istisna olmaqla, \u00f6lk\u0259nin Avropa siyasi v\u0259 iqtisadi m\u0259kan\u0131na inteqrasiyas\u0131na h\u0259r yolla mane olan \u0130lham \u018fliyevin hakimiyy\u0259ti d\u00f6vr\u00fcnd\u0259. \u015eT i\u015ftirak\u00e7\u0131s\u0131 olan \u00f6lk\u0259l\u0259r s\u0131ras\u0131nda Az\u0259rbaycan\u0131n autsayder m\u00f6vqeyi v\u0259 \u00e7ox vaxt Q\u0259rb sivilizasiyas\u0131, d\u0259y\u0259rl\u0259ri v\u0259 ger\u00e7\u0259kl\u0259ri haqq\u0131nda q\u0259z\u0259bli \u015f\u0259kild\u0259 dan\u0131\u015fan \u018fliyevin ritorikas\u0131 buna d\u0259lal\u0259t edir.\n<\/p>\n<p>\n  Az\u0259rbaycan h\u0259mi\u015f\u0259 A\u0130 il\u0259 \u0259vv\u0259lc\u0259 assosiativ \u00fczvl\u00fck, daha sonra m\u00fcasirl\u0259\u015fm\u0259 v\u0259 n\u0259hay\u0259t t\u0259r\u0259fda\u015fl\u0131q haqq\u0131nda sazi\u015fl\u0259rin imzalanmas\u0131n\u0131 t\u0259xir\u0259 salma\u011fa m\u00fcv\u0259ff\u0259q olub, bu uzatma strategiyas\u0131nda Avropan\u0131n enerji t\u0259hl\u00fck\u0259sizliyinin t\u0259min edilm\u0259sind\u0259 rolu v\u0259 postsovet m\u0259kan\u0131nda A\u0130-nin n\u00fcfuzunun geni\u015fl\u0259nm\u0259sind\u0259 maraql\u0131 olmayan Kremlin t\u0259zyiqi m\u00f6vzular\u0131ndan istifad\u0259 edib.\n<\/p>\n<p>\n  Bu g\u00fcn h\u0259r iki m\u0259s\u0259l\u0259 o q\u0259d\u0259r d\u0259 aktual deyil. Birincisi, Avropa mar\u015frutlar\u0131n\u0131n enerji t\u0259minat\u0131n\u0131n diversifikasiyas\u0131 qism\u0259n h\u0259yata ke\u00e7irilib v\u0259 qism\u0259n yekunla\u015fma v\u0259 inki\u015faf m\u0259rh\u0259l\u0259sind\u0259dir v\u0259 art\u0131q onda Az\u0259rbaycan\u0131n yeri \u00f6hd\u0259likl\u0259rl\u0259 t\u0259sbit olunub. \u0130kincisi, b\u00f6hran\u0131n z\u0259ifl\u0259tdiyi Rusiya \u00f6z\u00fc Q\u0259rb institutlar\u0131n\u0131n i\u015ftirak\u0131 il\u0259 \u00f6z m\u00fcasirl\u0259\u015fm\u0259si plan\u0131n\u0131 n\u0259z\u0259rd\u0259 tutur ki, bu da gizlinc\u0259 onun \u00f6z\u00fcn\u00fcn Avropaya inteqrasiyas\u0131 prosesind\u0259n x\u0259b\u0259r verir. H\u0259r iki kart \u018fliyevin A\u0130 il\u0259 inteqrasiyan\u0131 gecikdirm\u0259k z\u0259rur\u0259ti haqq\u0131nda \u0259ks arqumentl\u0259ri d\u0259st\u0259sind\u0259n d\u00fc\u015f\u00fcr, amma onun klassik \u201c\u0130sve\u00e7r\u0259 d\u0259st\u0259si\u201dnd\u0259n h\u0259l\u0259 34 kart\u0131 qal\u0131b.<\/p>\n","protected":false},"excerpt":{"rendered":"<p>Az\u0259rbaycan prezidenti \u0130lham \u018fliyev fevral\u0131n 6-da strateji t\u0259r\u0259fda\u015fl\u0131q sazi\u015finin yeni &#8230; <\/p>\n<p class=\"read-more-container\"><a title=\"M\u0259qs\u0259d\u0259 do\u011fru uzun yol\" class=\"read-more button\" href=\"https:\/\/www.meydan.tv\/az\/article\/meqsede-dogru-uzun-yol\/#more-182341\" aria-label=\"Read more about M\u0259qs\u0259d\u0259 do\u011fru uzun yol\">Davam\u0131<\/a><\/p>\n","protected":false},"author":11,"featured_media":78669,"comment_status":"closed","ping_status":"open","sticky":false,"template":"","format":"standard","meta":{"_acf_changed":false,"_sitemap_exclude":false,"_sitemap_priority":"","_sitemap_frequency":"","footnotes":""},"categories":[51],"tags":[],"class_list":["post-182341","post","type-post","status-publish","format-standard","has-post-thumbnail","hentry","category-analitika","infinite-scroll-item","generate-columns","tablet-grid-50","mobile-grid-100","grid-parent","grid-33","no-featured-image-padding"],"acf":[],"yoast_head":"<!-- This site is optimized with the Yoast SEO plugin v27.4 - https:\/\/yoast.com\/product\/yoast-seo-wordpress\/ -->\n<title>M\u0259qs\u0259d\u0259 do\u011fru uzun yol - MEYDAN.TV<\/title>\n<meta name=\"robots\" content=\"index, follow, max-snippet:-1, max-image-preview:large, max-video-preview:-1\" \/>\n<link rel=\"canonical\" href=\"https:\/\/www.meydan.tv\/az\/article\/meqsede-dogru-uzun-yol\/\" \/>\n<meta property=\"og:locale\" content=\"az_AZ\" \/>\n<meta property=\"og:type\" content=\"article\" \/>\n<meta property=\"og:title\" content=\"M\u0259qs\u0259d\u0259 do\u011fru uzun yol - MEYDAN.TV\" \/>\n<meta property=\"og:description\" content=\"Az\u0259rbaycan prezidenti \u0130lham \u018fliyev fevral\u0131n 6-da strateji t\u0259r\u0259fda\u015fl\u0131q sazi\u015finin yeni ... Davam\u0131\" \/>\n<meta property=\"og:url\" content=\"https:\/\/www.meydan.tv\/az\/article\/meqsede-dogru-uzun-yol\/\" \/>\n<meta property=\"og:site_name\" content=\"MEYDAN.TV\" \/>\n<meta property=\"article:published_time\" content=\"2017-02-06T14:45:27+00:00\" \/>\n<meta property=\"og:image\" content=\"https:\/\/www.meydan.tv\/wp-content\/uploads\/30637.jpg\" \/>\n\t<meta property=\"og:image:width\" content=\"768\" \/>\n\t<meta property=\"og:image:height\" content=\"442\" \/>\n\t<meta property=\"og:image:type\" content=\"image\/jpeg\" \/>\n<meta name=\"author\" content=\"user-manager\" \/>\n<meta name=\"twitter:card\" content=\"summary_large_image\" \/>\n<script type=\"application\/ld+json\" class=\"yoast-schema-graph\">{\"@context\":\"https:\\\/\\\/schema.org\",\"@graph\":[{\"@type\":\"Article\",\"@id\":\"https:\\\/\\\/www.meydan.tv\\\/az\\\/article\\\/meqsede-dogru-uzun-yol\\\/#article\",\"isPartOf\":{\"@id\":\"https:\\\/\\\/www.meydan.tv\\\/az\\\/article\\\/meqsede-dogru-uzun-yol\\\/\"},\"author\":{\"name\":\"user-manager\",\"@id\":\"https:\\\/\\\/www.meydan.tv\\\/az\\\/#\\\/schema\\\/person\\\/10d11eccf6da3662cf5fdab9806ea91a\"},\"headline\":\"M\u0259qs\u0259d\u0259 do\u011fru uzun yol\",\"datePublished\":\"2017-02-06T14:45:27+00:00\",\"mainEntityOfPage\":{\"@id\":\"https:\\\/\\\/www.meydan.tv\\\/az\\\/article\\\/meqsede-dogru-uzun-yol\\\/\"},\"wordCount\":830,\"publisher\":{\"@id\":\"https:\\\/\\\/www.meydan.tv\\\/az\\\/#organization\"},\"image\":{\"@id\":\"https:\\\/\\\/www.meydan.tv\\\/az\\\/article\\\/meqsede-dogru-uzun-yol\\\/#primaryimage\"},\"thumbnailUrl\":\"https:\\\/\\\/www.meydan.tv\\\/wp-content\\\/uploads\\\/30637.jpg\",\"articleSection\":[\"Analitika\"],\"inLanguage\":\"az\"},{\"@type\":\"WebPage\",\"@id\":\"https:\\\/\\\/www.meydan.tv\\\/az\\\/article\\\/meqsede-dogru-uzun-yol\\\/\",\"url\":\"https:\\\/\\\/www.meydan.tv\\\/az\\\/article\\\/meqsede-dogru-uzun-yol\\\/\",\"name\":\"M\u0259qs\u0259d\u0259 do\u011fru uzun yol - MEYDAN.TV\",\"isPartOf\":{\"@id\":\"https:\\\/\\\/www.meydan.tv\\\/az\\\/#website\"},\"primaryImageOfPage\":{\"@id\":\"https:\\\/\\\/www.meydan.tv\\\/az\\\/article\\\/meqsede-dogru-uzun-yol\\\/#primaryimage\"},\"image\":{\"@id\":\"https:\\\/\\\/www.meydan.tv\\\/az\\\/article\\\/meqsede-dogru-uzun-yol\\\/#primaryimage\"},\"thumbnailUrl\":\"https:\\\/\\\/www.meydan.tv\\\/wp-content\\\/uploads\\\/30637.jpg\",\"datePublished\":\"2017-02-06T14:45:27+00:00\",\"breadcrumb\":{\"@id\":\"https:\\\/\\\/www.meydan.tv\\\/az\\\/article\\\/meqsede-dogru-uzun-yol\\\/#breadcrumb\"},\"inLanguage\":\"az\",\"potentialAction\":[{\"@type\":\"ReadAction\",\"target\":[\"https:\\\/\\\/www.meydan.tv\\\/az\\\/article\\\/meqsede-dogru-uzun-yol\\\/\"]}]},{\"@type\":\"ImageObject\",\"inLanguage\":\"az\",\"@id\":\"https:\\\/\\\/www.meydan.tv\\\/az\\\/article\\\/meqsede-dogru-uzun-yol\\\/#primaryimage\",\"url\":\"https:\\\/\\\/www.meydan.tv\\\/wp-content\\\/uploads\\\/30637.jpg\",\"contentUrl\":\"https:\\\/\\\/www.meydan.tv\\\/wp-content\\\/uploads\\\/30637.jpg\",\"width\":768,\"height\":442,\"caption\":\"Source:\"},{\"@type\":\"BreadcrumbList\",\"@id\":\"https:\\\/\\\/www.meydan.tv\\\/az\\\/article\\\/meqsede-dogru-uzun-yol\\\/#breadcrumb\",\"itemListElement\":[{\"@type\":\"ListItem\",\"position\":1,\"name\":\"Ana s\u0259hif\u0259\",\"item\":\"https:\\\/\\\/www.meydan.tv\\\/az\\\/\"},{\"@type\":\"ListItem\",\"position\":2,\"name\":\"Analitika\",\"item\":\"https:\\\/\\\/www.meydan.tv\\\/az\\\/section\\\/analitika\\\/\"},{\"@type\":\"ListItem\",\"position\":3,\"name\":\"M\u0259qs\u0259d\u0259 do\u011fru uzun yol\"}]},{\"@type\":\"WebSite\",\"@id\":\"https:\\\/\\\/www.meydan.tv\\\/az\\\/#website\",\"url\":\"https:\\\/\\\/www.meydan.tv\\\/az\\\/\",\"name\":\"MEYDAN.TV\",\"description\":\"Meydan TV Az\u0259rbaycan\u0131n media m\u0259kan\u0131ndak\u0131 alternativ s\u0259sidir\",\"publisher\":{\"@id\":\"https:\\\/\\\/www.meydan.tv\\\/az\\\/#organization\"},\"potentialAction\":[{\"@type\":\"SearchAction\",\"target\":{\"@type\":\"EntryPoint\",\"urlTemplate\":\"https:\\\/\\\/www.meydan.tv\\\/az\\\/?s={search_term_string}\"},\"query-input\":{\"@type\":\"PropertyValueSpecification\",\"valueRequired\":true,\"valueName\":\"search_term_string\"}}],\"inLanguage\":\"az\"},{\"@type\":\"Organization\",\"@id\":\"https:\\\/\\\/www.meydan.tv\\\/az\\\/#organization\",\"name\":\"Meydan TV\",\"url\":\"https:\\\/\\\/www.meydan.tv\\\/az\\\/\",\"logo\":{\"@type\":\"ImageObject\",\"inLanguage\":\"az\",\"@id\":\"https:\\\/\\\/www.meydan.tv\\\/az\\\/#\\\/schema\\\/logo\\\/image\\\/\",\"url\":\"https:\\\/\\\/www.meydan.tv\\\/wp-content\\\/uploads\\\/2021\\\/07\\\/meydan-logo.svg\",\"contentUrl\":\"https:\\\/\\\/www.meydan.tv\\\/wp-content\\\/uploads\\\/2021\\\/07\\\/meydan-logo.svg\",\"width\":195,\"height\":46,\"caption\":\"Meydan TV\"},\"image\":{\"@id\":\"https:\\\/\\\/www.meydan.tv\\\/az\\\/#\\\/schema\\\/logo\\\/image\\\/\"}},{\"@type\":\"Person\",\"@id\":\"https:\\\/\\\/www.meydan.tv\\\/az\\\/#\\\/schema\\\/person\\\/10d11eccf6da3662cf5fdab9806ea91a\",\"name\":\"user-manager\"}]}<\/script>\n<!-- \/ Yoast SEO plugin. -->","yoast_head_json":{"title":"M\u0259qs\u0259d\u0259 do\u011fru uzun yol - MEYDAN.TV","robots":{"index":"index","follow":"follow","max-snippet":"max-snippet:-1","max-image-preview":"max-image-preview:large","max-video-preview":"max-video-preview:-1"},"canonical":"https:\/\/www.meydan.tv\/az\/article\/meqsede-dogru-uzun-yol\/","og_locale":"az_AZ","og_type":"article","og_title":"M\u0259qs\u0259d\u0259 do\u011fru uzun yol - MEYDAN.TV","og_description":"Az\u0259rbaycan prezidenti \u0130lham \u018fliyev fevral\u0131n 6-da strateji t\u0259r\u0259fda\u015fl\u0131q sazi\u015finin yeni ... Davam\u0131","og_url":"https:\/\/www.meydan.tv\/az\/article\/meqsede-dogru-uzun-yol\/","og_site_name":"MEYDAN.TV","article_published_time":"2017-02-06T14:45:27+00:00","og_image":[{"width":768,"height":442,"url":"https:\/\/www.meydan.tv\/wp-content\/uploads\/30637.jpg","type":"image\/jpeg"}],"author":"user-manager","twitter_card":"summary_large_image","schema":{"@context":"https:\/\/schema.org","@graph":[{"@type":"Article","@id":"https:\/\/www.meydan.tv\/az\/article\/meqsede-dogru-uzun-yol\/#article","isPartOf":{"@id":"https:\/\/www.meydan.tv\/az\/article\/meqsede-dogru-uzun-yol\/"},"author":{"name":"user-manager","@id":"https:\/\/www.meydan.tv\/az\/#\/schema\/person\/10d11eccf6da3662cf5fdab9806ea91a"},"headline":"M\u0259qs\u0259d\u0259 do\u011fru uzun yol","datePublished":"2017-02-06T14:45:27+00:00","mainEntityOfPage":{"@id":"https:\/\/www.meydan.tv\/az\/article\/meqsede-dogru-uzun-yol\/"},"wordCount":830,"publisher":{"@id":"https:\/\/www.meydan.tv\/az\/#organization"},"image":{"@id":"https:\/\/www.meydan.tv\/az\/article\/meqsede-dogru-uzun-yol\/#primaryimage"},"thumbnailUrl":"https:\/\/www.meydan.tv\/wp-content\/uploads\/30637.jpg","articleSection":["Analitika"],"inLanguage":"az"},{"@type":"WebPage","@id":"https:\/\/www.meydan.tv\/az\/article\/meqsede-dogru-uzun-yol\/","url":"https:\/\/www.meydan.tv\/az\/article\/meqsede-dogru-uzun-yol\/","name":"M\u0259qs\u0259d\u0259 do\u011fru uzun yol - MEYDAN.TV","isPartOf":{"@id":"https:\/\/www.meydan.tv\/az\/#website"},"primaryImageOfPage":{"@id":"https:\/\/www.meydan.tv\/az\/article\/meqsede-dogru-uzun-yol\/#primaryimage"},"image":{"@id":"https:\/\/www.meydan.tv\/az\/article\/meqsede-dogru-uzun-yol\/#primaryimage"},"thumbnailUrl":"https:\/\/www.meydan.tv\/wp-content\/uploads\/30637.jpg","datePublished":"2017-02-06T14:45:27+00:00","breadcrumb":{"@id":"https:\/\/www.meydan.tv\/az\/article\/meqsede-dogru-uzun-yol\/#breadcrumb"},"inLanguage":"az","potentialAction":[{"@type":"ReadAction","target":["https:\/\/www.meydan.tv\/az\/article\/meqsede-dogru-uzun-yol\/"]}]},{"@type":"ImageObject","inLanguage":"az","@id":"https:\/\/www.meydan.tv\/az\/article\/meqsede-dogru-uzun-yol\/#primaryimage","url":"https:\/\/www.meydan.tv\/wp-content\/uploads\/30637.jpg","contentUrl":"https:\/\/www.meydan.tv\/wp-content\/uploads\/30637.jpg","width":768,"height":442,"caption":"Source:"},{"@type":"BreadcrumbList","@id":"https:\/\/www.meydan.tv\/az\/article\/meqsede-dogru-uzun-yol\/#breadcrumb","itemListElement":[{"@type":"ListItem","position":1,"name":"Ana s\u0259hif\u0259","item":"https:\/\/www.meydan.tv\/az\/"},{"@type":"ListItem","position":2,"name":"Analitika","item":"https:\/\/www.meydan.tv\/az\/section\/analitika\/"},{"@type":"ListItem","position":3,"name":"M\u0259qs\u0259d\u0259 do\u011fru uzun yol"}]},{"@type":"WebSite","@id":"https:\/\/www.meydan.tv\/az\/#website","url":"https:\/\/www.meydan.tv\/az\/","name":"MEYDAN.TV","description":"Meydan TV Az\u0259rbaycan\u0131n media m\u0259kan\u0131ndak\u0131 alternativ s\u0259sidir","publisher":{"@id":"https:\/\/www.meydan.tv\/az\/#organization"},"potentialAction":[{"@type":"SearchAction","target":{"@type":"EntryPoint","urlTemplate":"https:\/\/www.meydan.tv\/az\/?s={search_term_string}"},"query-input":{"@type":"PropertyValueSpecification","valueRequired":true,"valueName":"search_term_string"}}],"inLanguage":"az"},{"@type":"Organization","@id":"https:\/\/www.meydan.tv\/az\/#organization","name":"Meydan TV","url":"https:\/\/www.meydan.tv\/az\/","logo":{"@type":"ImageObject","inLanguage":"az","@id":"https:\/\/www.meydan.tv\/az\/#\/schema\/logo\/image\/","url":"https:\/\/www.meydan.tv\/wp-content\/uploads\/2021\/07\/meydan-logo.svg","contentUrl":"https:\/\/www.meydan.tv\/wp-content\/uploads\/2021\/07\/meydan-logo.svg","width":195,"height":46,"caption":"Meydan TV"},"image":{"@id":"https:\/\/www.meydan.tv\/az\/#\/schema\/logo\/image\/"}},{"@type":"Person","@id":"https:\/\/www.meydan.tv\/az\/#\/schema\/person\/10d11eccf6da3662cf5fdab9806ea91a","name":"user-manager"}]}},"_links":{"self":[{"href":"https:\/\/www.meydan.tv\/az\/wp-json\/wp\/v2\/posts\/182341","targetHints":{"allow":["GET"]}}],"collection":[{"href":"https:\/\/www.meydan.tv\/az\/wp-json\/wp\/v2\/posts"}],"about":[{"href":"https:\/\/www.meydan.tv\/az\/wp-json\/wp\/v2\/types\/post"}],"author":[{"embeddable":true,"href":"https:\/\/www.meydan.tv\/az\/wp-json\/wp\/v2\/users\/11"}],"replies":[{"embeddable":true,"href":"https:\/\/www.meydan.tv\/az\/wp-json\/wp\/v2\/comments?post=182341"}],"version-history":[{"count":0,"href":"https:\/\/www.meydan.tv\/az\/wp-json\/wp\/v2\/posts\/182341\/revisions"}],"wp:featuredmedia":[{"embeddable":true,"href":"https:\/\/www.meydan.tv\/az\/wp-json\/wp\/v2\/media\/78669"}],"wp:attachment":[{"href":"https:\/\/www.meydan.tv\/az\/wp-json\/wp\/v2\/media?parent=182341"}],"wp:term":[{"taxonomy":"category","embeddable":true,"href":"https:\/\/www.meydan.tv\/az\/wp-json\/wp\/v2\/categories?post=182341"},{"taxonomy":"post_tag","embeddable":true,"href":"https:\/\/www.meydan.tv\/az\/wp-json\/wp\/v2\/tags?post=182341"}],"curies":[{"name":"wp","href":"https:\/\/api.w.org\/{rel}","templated":true}]}}