{"id":182256,"date":"2017-02-01T19:51:07","date_gmt":"2017-02-01T19:51:07","guid":{"rendered":"https:\/\/www.meydan.tv\/article\/rauf-mirqedirov-ehtimal-ki-lavrov-azerbaycanli-jurnaliste-cavabi-tesadufen-vermeyib\/"},"modified":"2017-02-01T19:51:07","modified_gmt":"2017-02-01T19:51:07","slug":"rauf-mirqedirov-ehtimal-ki-lavrov-azerbaycanli-jurnaliste-cavabi-tesadufen-vermeyib","status":"publish","type":"post","link":"https:\/\/www.meydan.tv\/az\/article\/rauf-mirqedirov-ehtimal-ki-lavrov-azerbaycanli-jurnaliste-cavabi-tesadufen-vermeyib\/","title":{"rendered":"Rauf Mirq\u0259dirov: Ehtimal ki, Lavrov az\u0259rbaycanl\u0131 jurnalist\u0259 cavab\u0131 t\u0259sad\u00fcf\u0259n verm\u0259yib"},"content":{"rendered":"<figure class=\"wp-block-image size-large\">\n  <img decoding=\"async\" src=\"https:\/\/www.meydan.tv\/az\/78549\/\" alt=\"\" class=\"wp-image-78549\"\/><figcaption><\/figcaption><\/figure>\n<figure class=\"wp-block-image size-large\">\n  <img decoding=\"async\" src=\"https:\/\/www.meydan.tv\/az\/78549\/\" alt=\"\" class=\"wp-image-78549\"\/><figcaption>\n    Rauf Mirq\u0259dirov foto ANS<br \/>\n  <\/figcaption><\/figure>\n<p>\n  <i><br \/>\n    &#8221;Sual\u0131n n\u0259 c\u00fcr qoyulmas\u0131ndan as\u0131l\u0131 olmayaraq, Lavrov imkan tap\u0131b h\u0259min s\u00f6zl\u0259ri dey\u0259c\u0259kdi&#8221;<br \/>\n  <\/i>\n<\/p>\n<p>\n  \u201cAT\u018fT-in Minsk qrupunun h\u0259ms\u0259drl\u0259ri M\u00fcnhend\u0259 ke\u00e7iril\u0259c\u0259k t\u0259hl\u00fck\u0259sizlik konfrans\u0131 \u00e7\u0259r\u00e7iv\u0259sind\u0259 Az\u0259rbaycan v\u0259 Erm\u0259nistan\u0131n xarici i\u015fl\u0259r nazirl\u0259rinin g\u00f6r\u00fc\u015f\u00fcn\u00fc t\u0259\u015fkil etm\u0259y\u0259 haz\u0131rd\u0131r\u201d.\n<\/p>\n<p>\n  TASS x\u0259b\u0259r verir ki, bunu Da\u011fl\u0131q Qaraba\u011f m\u00fcnaqi\u015f\u0259sinin s\u00fclh yolu il\u0259 h\u0259lli \u00fc\u00e7\u00fcn vasit\u0259\u00e7ilik ed\u0259n AT\u018fT-in Minsk qrupunun rusiyal\u0131 h\u0259ms\u0259dri \u0130qor Popov bildirib (&#8220;Report&#8221;).\n<\/p>\n<p>\n  Onun s\u00f6zl\u0259rin\u0259 g\u00f6r\u0259, h\u0259ms\u0259drl\u0259r g\u00f6r\u00fc\u015fl\u0259 ba\u011fl\u0131 Az\u0259rbaycan\u0131n xarici i\u015fl\u0259r naziri Elmar M\u0259mm\u0259dyarov v\u0259 Erm\u0259nistan\u0131n xarici siyas\u0259t idar\u0259sinin r\u0259hb\u0259ri Edvard Nalbandiyanla ayr\u0131-ayr\u0131l\u0131qda m\u0259sl\u0259h\u0259tl\u0259\u015fm\u0259k bar\u0259d\u0259 raz\u0131l\u0131\u011fa g\u0259libl\u0259r: \u201c\u018fg\u0259r nazirl\u0259r maraql\u0131 olsalar, onda biz onlar\u0131n g\u00f6r\u00fc\u015f\u00fcn\u00fc t\u0259\u015fkil etm\u0259y\u0259 haz\u0131r\u0131q\u201d.\n<\/p>\n<p>\n  53-c\u00fc illik M\u00fcnhen T\u0259hl\u00fck\u0259sizlik Konfrans\u0131 fevral\u0131n 17-19-da ke\u00e7iril\u0259c\u0259k.\n<\/p>\n<p>\n  Siyasi \u015f\u0259rh\u00e7i Rauf Mirq\u0259dirov is\u0259 Meydan TV-y\u0259 deyib ki, \u0130qor Popovun b\u0259yanat\u0131na ciddi fikir ay\u0131rma\u011fa ehtiyac yoxdur:<\/p>\n<p>  &#8220;Diplomat\u0131n dedikl\u0259ri \u0259n\u0259n\u0259vidir. B\u00fct\u00fcn hallarda h\u0259ms\u0259drl\u0259r iki d\u00f6vl\u0259tin n\u00fcmay\u0259nd\u0259l\u0259rinin i\u015ftirak etdiyi beyn\u0259lxalq forumlar\u0131 g\u00f6r\u00fc\u015fl\u0259rin t\u0259\u015fkili \u00fc\u00e7\u00fcn istifad\u0259 etm\u0259y\u0259 \u00e7al\u0131\u015f\u0131rlar. M\u0259s\u0259l\u0259n, Hamburqda nazirl\u0259rin bel\u0259 bir g\u00f6r\u00fc\u015f\u00fcn\u0259 c\u0259hd olundu, amma r\u0259smi t\u0259mas olmad\u0131, sad\u0259c\u0259, \u015fam yem\u0259yi yedil\u0259r. \u0130ndi d\u0259 Popov n\u00f6vb\u0259ti d\u0259f\u0259 c\u0259hd g\u00f6st\u0259rir, bunun reall\u0131\u015faca\u011f\u0131n\u0131 dem\u0259k \u00e7\u0259tindir&#8221;.\n<\/p>\n<p>\n  Rauf Mirq\u0259dirov hesab edir ki, yerli v\u0259 xarici ictimaiyy\u0259t Elmar M\u0259mm\u0259dyarovun Moskva g\u00f6r\u00fc\u015f\u00fcn\u00fcn nikbin al\u0131nmamas\u0131 bar\u0259d\u0259 b\u0259yanat\u0131na diqq\u0259t yetirm\u0259lidir:\n<\/p>\n<p>\n  &#8220;Bu b\u0259yanat informativ bax\u0131mdan geni\u015f olmasa da, t\u0259\u0259ss\u00fcratl\u0131 a\u00e7\u0131qlama idi. Y\u0259ni nazirin 1 c\u00fcml\u0259lik b\u0259yanat\u0131nda g\u0259l\u0259c\u0259kd\u0259 ba\u015f ver\u0259 bil\u0259c\u0259k hadis\u0259l\u0259rin anonsu var. Nazirin Moskvadan m\u0259yus qay\u0131tmas\u0131 daha ciddi m\u0259s\u0259l\u0259dir. Ehtimal etm\u0259k olar ki, Rusiya ba\u015f diplomat\u0131 Lavrov az\u0259rbaycanl\u0131 jurnalist\u0259 o c\u00fcr cavab\u0131 t\u0259sad\u00fcf\u0259n verm\u0259yib, t\u0259xribat deyildi. Sual\u0131n n\u0259 c\u00fcr qoyulmas\u0131ndan as\u0131l\u0131 olmayaraq, Lavrov imkan tap\u0131b h\u0259min s\u00f6zl\u0259ri dey\u0259c\u0259kdi v\u0259 bunu ictimail\u0259\u015fdir\u0259c\u0259kdi. G\u00f6r\u00fcn\u00fcr, Kremlin hans\u0131sa m\u0259qs\u0259dl\u0259ri var v\u0259 Elmar M\u0259mm\u0259dyarov h\u0259min m\u0259qs\u0259dl\u0259ri yerli v\u0259 xarici al\u0259m\u0259 \u00e7atd\u0131rmaq ist\u0259yir&#8221;.\n<\/p>\n<p>\n  Rauf Mirq\u0259dirov Elmar M\u0259mm\u0259dyarovun Moskva s\u0259f\u0259ri zaman\u0131 xo\u015fag\u0259lm\u0259z t\u0259\u0259ss\u00fcrat yarand\u0131\u011f\u0131n\u0131 s\u00f6yl\u0259di:\n<\/p>\n<p>\n  &#8220;Birinci, nazir Moskvaya jurnalistin m\u0259lum sual\u0131 il\u0259 ba\u011fl\u0131 g\u00fcnahlar\u0131n\u0131 yumaq \u00fc\u00e7\u00fcn gedir, ikinci, naziri Moskavaya t\u0259nbeh etm\u0259k \u00fc\u00e7\u00fcn \u00e7a\u011f\u0131r\u0131blar. Sonradan nazirin Rusiyaya \u00e7a\u011fr\u0131lmas\u0131 x\u0259b\u0259ri yay\u0131ld\u0131. Yad\u0131n\u0131zdad\u0131rsa, nazir M\u0259mm\u0259dyar demi\u015fdi ki, Rusiya ist\u0259s\u0259, Qaraba\u011f problemini \u00e7oxdan h\u0259ll ed\u0259rdi, \u0259razil\u0259r qaytar\u0131lard\u0131. \u018fslind\u0259, nazir dem\u0259k ist\u0259mi\u015fdi ki, Rusiya problemin h\u0259llini ist\u0259mir v\u0259 m\u00fcnaqi\u015f\u0259nin \u0259sas s\u0259b\u0259bkar\u0131 Kremldir. Bundan sonra jurnalist i\u015fd\u0259n \u00e7\u0131xar\u0131l\u0131r v\u0259 Elmar M\u0259mm\u0259dyarov &#8220;t\u0259nbeh&#8221; edilm\u0259k \u00fc\u00e7\u00fcn Moskvaya \u00e7a\u011fr\u0131l\u0131r. N\u0259hay\u0259t, onun Rusiyadan nikbin qay\u0131tmamas\u0131 haqda a\u00e7\u0131qlama verm\u0259si &#8220;ay mill\u0259t, Rusiya problemin h\u0259llini ist\u0259mir v\u0259 m\u00fcnaqi\u015f\u0259nin \u0259sas s\u0259b\u0259bkar\u0131 Kremldir&#8221; a\u00e7\u0131qlamam q\u00fcvv\u0259d\u0259 qal\u0131r v\u0259 he\u00e7 bir m\u00fcsb\u0259t d\u0259yi\u015fiklik yoxdur&#8221;.\n<\/p>\n<figure class=\"wp-block-image size-large\">\n  <img decoding=\"async\" src=\"https:\/\/www.meydan.tv\/az\/62912\/\" alt=\"\" class=\"wp-image-62912\"\/><figcaption><\/figcaption><\/figure>\n<p>\n  Onun s\u00f6zl\u0259rin\u0259 g\u00f6r\u0259, Rusiya xarici i\u015fl\u0259r naziri Lavrovun b\u0259yanat\u0131ndan sonra prezident \u0130lham \u018fliyevin Davosda Rusiyadan silah al\u0131naca\u011f\u0131 bar\u0259d\u0259 a\u00e7\u0131qlamas\u0131 anla\u015f\u0131lmazd\u0131r. N\u0259d\u0259ns\u0259 \u015f\u0259rh\u00e7il\u0259r bu m\u0259s\u0259l\u0259ni diqq\u0259td\u0259n qa\u00e7\u0131rd\u0131lar:\n<\/p>\n<p>\n  &#8220;Biz Rusiyadan silahlar\u0131 ona g\u00f6r\u0259 al\u0131r\u0131q ki, Kreml a\u00e7\u0131q \u015f\u0259kild\u0259 erm\u0259nip\u0259r\u0259st siyas\u0259t yeritm\u0259sin, y\u0259ni r\u00fc\u015fv\u0259t veririk, h\u0259rbi s\u0259naye kompleksini maliyy\u0259l\u0259\u015fdiririk. Erm\u0259nil\u0259r is\u0259 silahlar\u0131 d\u00fcnya bazar qiym\u0259tin\u0259 alm\u0131rlar, h\u0259m d\u0259 Rusiyadan ald\u0131qlar\u0131 kreditl\u0259r hesab\u0131na al\u0131rlar. H\u0259tta o kreditl\u0259ri qaytarm\u0131rlar. Bel\u0259 \u00e7\u0131x\u0131r ki, Erm\u0259nistan\u0131n pulunu biz \u00f6d\u0259yirik. Yax\u015f\u0131, Rusiya m\u00f6vqeyini d\u0259yi\u015fmirs\u0259, r\u0259smi Bak\u0131n\u0131n bu q\u0259d\u0259r pul verib silah almas\u0131 n\u0259y\u0259 laz\u0131md\u0131r? B\u0259li, Rusiya h\u0259mi\u015f\u0259 r\u00fc\u015fv\u0259tl\u0259 i\u015fl\u0259yib, h\u0259tta xeyriyy\u0259\u00e7i Ta\u011f\u0131yev d\u0259 \u00e7ar ail\u0259sin\u0259 q\u0131z\u0131l \u015f\u0259klind\u0259 r\u00fc\u015fv\u0259t verib Bak\u0131da q\u0131z m\u0259kt\u0259bi a\u00e7m\u0131\u015fd\u0131. \u0130ndiki halda Rusiya silahlar\u0131n\u0131n Az\u0259rbaycan \u00fc\u00e7\u00fcn h\u0259rbi-praktiki \u0259h\u0259miyy\u0259ti yoxdur. Sad\u0259l\u00f6hvl\u00fck olard\u0131 ki, Rusiya \u00f6z silah\u0131ndan \u00f6z\u00fcn\u0259 qar\u015f\u0131 istifad\u0259y\u0259 yol versin&#8221;.<\/p>\n","protected":false},"excerpt":{"rendered":"<p>&#8221;Sual\u0131n n\u0259 c\u00fcr qoyulmas\u0131ndan as\u0131l\u0131 olmayaraq, Lavrov imkan tap\u0131b h\u0259min s\u00f6zl\u0259ri dey\u0259c\u0259kdi&#8221;<\/p>\n","protected":false},"author":11,"featured_media":78549,"comment_status":"closed","ping_status":"open","sticky":false,"template":"","format":"standard","meta":{"_acf_changed":false,"_sitemap_exclude":false,"_sitemap_priority":"","_sitemap_frequency":"","footnotes":""},"categories":[51],"tags":[],"class_list":["post-182256","post","type-post","status-publish","format-standard","has-post-thumbnail","hentry","category-analitika","infinite-scroll-item","generate-columns","tablet-grid-50","mobile-grid-100","grid-parent","grid-33","no-featured-image-padding"],"acf":[],"yoast_head":"<!-- This site is optimized with the Yoast SEO plugin v27.4 - https:\/\/yoast.com\/product\/yoast-seo-wordpress\/ -->\n<title>Rauf Mirq\u0259dirov: Ehtimal ki, Lavrov az\u0259rbaycanl\u0131 jurnalist\u0259 cavab\u0131 t\u0259sad\u00fcf\u0259n verm\u0259yib - MEYDAN.TV<\/title>\n<meta name=\"robots\" content=\"index, follow, max-snippet:-1, max-image-preview:large, max-video-preview:-1\" \/>\n<link rel=\"canonical\" href=\"https:\/\/www.meydan.tv\/az\/article\/rauf-mirqedirov-ehtimal-ki-lavrov-azerbaycanli-jurnaliste-cavabi-tesadufen-vermeyib\/\" \/>\n<meta property=\"og:locale\" content=\"az_AZ\" \/>\n<meta property=\"og:type\" content=\"article\" \/>\n<meta property=\"og:title\" content=\"Rauf Mirq\u0259dirov: Ehtimal ki, Lavrov az\u0259rbaycanl\u0131 jurnalist\u0259 cavab\u0131 t\u0259sad\u00fcf\u0259n verm\u0259yib - MEYDAN.TV\" \/>\n<meta property=\"og:description\" content=\"&#039;&#039;Sual\u0131n n\u0259 c\u00fcr qoyulmas\u0131ndan as\u0131l\u0131 olmayaraq, Lavrov imkan tap\u0131b h\u0259min s\u00f6zl\u0259ri dey\u0259c\u0259kdi&#039;&#039;\" \/>\n<meta property=\"og:url\" content=\"https:\/\/www.meydan.tv\/az\/article\/rauf-mirqedirov-ehtimal-ki-lavrov-azerbaycanli-jurnaliste-cavabi-tesadufen-vermeyib\/\" \/>\n<meta property=\"og:site_name\" content=\"MEYDAN.TV\" \/>\n<meta property=\"article:published_time\" content=\"2017-02-01T19:51:07+00:00\" \/>\n<meta property=\"og:image\" content=\"https:\/\/www.meydan.tv\/wp-content\/uploads\/30541.jpg\" \/>\n\t<meta property=\"og:image:width\" content=\"637\" \/>\n\t<meta property=\"og:image:height\" content=\"400\" \/>\n\t<meta property=\"og:image:type\" content=\"image\/jpeg\" \/>\n<meta name=\"author\" content=\"user-manager\" \/>\n<meta name=\"twitter:card\" content=\"summary_large_image\" \/>\n<script type=\"application\/ld+json\" class=\"yoast-schema-graph\">{\"@context\":\"https:\\\/\\\/schema.org\",\"@graph\":[{\"@type\":\"Article\",\"@id\":\"https:\\\/\\\/www.meydan.tv\\\/az\\\/article\\\/rauf-mirqedirov-ehtimal-ki-lavrov-azerbaycanli-jurnaliste-cavabi-tesadufen-vermeyib\\\/#article\",\"isPartOf\":{\"@id\":\"https:\\\/\\\/www.meydan.tv\\\/az\\\/article\\\/rauf-mirqedirov-ehtimal-ki-lavrov-azerbaycanli-jurnaliste-cavabi-tesadufen-vermeyib\\\/\"},\"author\":{\"name\":\"user-manager\",\"@id\":\"https:\\\/\\\/www.meydan.tv\\\/az\\\/#\\\/schema\\\/person\\\/10d11eccf6da3662cf5fdab9806ea91a\"},\"headline\":\"Rauf Mirq\u0259dirov: Ehtimal ki, Lavrov az\u0259rbaycanl\u0131 jurnalist\u0259 cavab\u0131 t\u0259sad\u00fcf\u0259n verm\u0259yib\",\"datePublished\":\"2017-02-01T19:51:07+00:00\",\"mainEntityOfPage\":{\"@id\":\"https:\\\/\\\/www.meydan.tv\\\/az\\\/article\\\/rauf-mirqedirov-ehtimal-ki-lavrov-azerbaycanli-jurnaliste-cavabi-tesadufen-vermeyib\\\/\"},\"wordCount\":905,\"publisher\":{\"@id\":\"https:\\\/\\\/www.meydan.tv\\\/az\\\/#organization\"},\"image\":{\"@id\":\"https:\\\/\\\/www.meydan.tv\\\/az\\\/article\\\/rauf-mirqedirov-ehtimal-ki-lavrov-azerbaycanli-jurnaliste-cavabi-tesadufen-vermeyib\\\/#primaryimage\"},\"thumbnailUrl\":\"https:\\\/\\\/www.meydan.tv\\\/wp-content\\\/uploads\\\/30541.jpg\",\"articleSection\":[\"Analitika\"],\"inLanguage\":\"az\"},{\"@type\":\"WebPage\",\"@id\":\"https:\\\/\\\/www.meydan.tv\\\/az\\\/article\\\/rauf-mirqedirov-ehtimal-ki-lavrov-azerbaycanli-jurnaliste-cavabi-tesadufen-vermeyib\\\/\",\"url\":\"https:\\\/\\\/www.meydan.tv\\\/az\\\/article\\\/rauf-mirqedirov-ehtimal-ki-lavrov-azerbaycanli-jurnaliste-cavabi-tesadufen-vermeyib\\\/\",\"name\":\"Rauf Mirq\u0259dirov: Ehtimal ki, Lavrov az\u0259rbaycanl\u0131 jurnalist\u0259 cavab\u0131 t\u0259sad\u00fcf\u0259n verm\u0259yib - MEYDAN.TV\",\"isPartOf\":{\"@id\":\"https:\\\/\\\/www.meydan.tv\\\/az\\\/#website\"},\"primaryImageOfPage\":{\"@id\":\"https:\\\/\\\/www.meydan.tv\\\/az\\\/article\\\/rauf-mirqedirov-ehtimal-ki-lavrov-azerbaycanli-jurnaliste-cavabi-tesadufen-vermeyib\\\/#primaryimage\"},\"image\":{\"@id\":\"https:\\\/\\\/www.meydan.tv\\\/az\\\/article\\\/rauf-mirqedirov-ehtimal-ki-lavrov-azerbaycanli-jurnaliste-cavabi-tesadufen-vermeyib\\\/#primaryimage\"},\"thumbnailUrl\":\"https:\\\/\\\/www.meydan.tv\\\/wp-content\\\/uploads\\\/30541.jpg\",\"datePublished\":\"2017-02-01T19:51:07+00:00\",\"breadcrumb\":{\"@id\":\"https:\\\/\\\/www.meydan.tv\\\/az\\\/article\\\/rauf-mirqedirov-ehtimal-ki-lavrov-azerbaycanli-jurnaliste-cavabi-tesadufen-vermeyib\\\/#breadcrumb\"},\"inLanguage\":\"az\",\"potentialAction\":[{\"@type\":\"ReadAction\",\"target\":[\"https:\\\/\\\/www.meydan.tv\\\/az\\\/article\\\/rauf-mirqedirov-ehtimal-ki-lavrov-azerbaycanli-jurnaliste-cavabi-tesadufen-vermeyib\\\/\"]}]},{\"@type\":\"ImageObject\",\"inLanguage\":\"az\",\"@id\":\"https:\\\/\\\/www.meydan.tv\\\/az\\\/article\\\/rauf-mirqedirov-ehtimal-ki-lavrov-azerbaycanli-jurnaliste-cavabi-tesadufen-vermeyib\\\/#primaryimage\",\"url\":\"https:\\\/\\\/www.meydan.tv\\\/wp-content\\\/uploads\\\/30541.jpg\",\"contentUrl\":\"https:\\\/\\\/www.meydan.tv\\\/wp-content\\\/uploads\\\/30541.jpg\",\"width\":637,\"height\":400,\"caption\":\"Source:\"},{\"@type\":\"BreadcrumbList\",\"@id\":\"https:\\\/\\\/www.meydan.tv\\\/az\\\/article\\\/rauf-mirqedirov-ehtimal-ki-lavrov-azerbaycanli-jurnaliste-cavabi-tesadufen-vermeyib\\\/#breadcrumb\",\"itemListElement\":[{\"@type\":\"ListItem\",\"position\":1,\"name\":\"Ana s\u0259hif\u0259\",\"item\":\"https:\\\/\\\/www.meydan.tv\\\/az\\\/\"},{\"@type\":\"ListItem\",\"position\":2,\"name\":\"Analitika\",\"item\":\"https:\\\/\\\/www.meydan.tv\\\/az\\\/section\\\/analitika\\\/\"},{\"@type\":\"ListItem\",\"position\":3,\"name\":\"Rauf Mirq\u0259dirov: Ehtimal ki, Lavrov az\u0259rbaycanl\u0131 jurnalist\u0259 cavab\u0131 t\u0259sad\u00fcf\u0259n verm\u0259yib\"}]},{\"@type\":\"WebSite\",\"@id\":\"https:\\\/\\\/www.meydan.tv\\\/az\\\/#website\",\"url\":\"https:\\\/\\\/www.meydan.tv\\\/az\\\/\",\"name\":\"MEYDAN.TV\",\"description\":\"Meydan TV Az\u0259rbaycan\u0131n media m\u0259kan\u0131ndak\u0131 alternativ s\u0259sidir\",\"publisher\":{\"@id\":\"https:\\\/\\\/www.meydan.tv\\\/az\\\/#organization\"},\"potentialAction\":[{\"@type\":\"SearchAction\",\"target\":{\"@type\":\"EntryPoint\",\"urlTemplate\":\"https:\\\/\\\/www.meydan.tv\\\/az\\\/?s={search_term_string}\"},\"query-input\":{\"@type\":\"PropertyValueSpecification\",\"valueRequired\":true,\"valueName\":\"search_term_string\"}}],\"inLanguage\":\"az\"},{\"@type\":\"Organization\",\"@id\":\"https:\\\/\\\/www.meydan.tv\\\/az\\\/#organization\",\"name\":\"Meydan TV\",\"url\":\"https:\\\/\\\/www.meydan.tv\\\/az\\\/\",\"logo\":{\"@type\":\"ImageObject\",\"inLanguage\":\"az\",\"@id\":\"https:\\\/\\\/www.meydan.tv\\\/az\\\/#\\\/schema\\\/logo\\\/image\\\/\",\"url\":\"https:\\\/\\\/www.meydan.tv\\\/wp-content\\\/uploads\\\/2021\\\/07\\\/meydan-logo.svg\",\"contentUrl\":\"https:\\\/\\\/www.meydan.tv\\\/wp-content\\\/uploads\\\/2021\\\/07\\\/meydan-logo.svg\",\"width\":195,\"height\":46,\"caption\":\"Meydan TV\"},\"image\":{\"@id\":\"https:\\\/\\\/www.meydan.tv\\\/az\\\/#\\\/schema\\\/logo\\\/image\\\/\"}},{\"@type\":\"Person\",\"@id\":\"https:\\\/\\\/www.meydan.tv\\\/az\\\/#\\\/schema\\\/person\\\/10d11eccf6da3662cf5fdab9806ea91a\",\"name\":\"user-manager\"}]}<\/script>\n<!-- \/ Yoast SEO plugin. -->","yoast_head_json":{"title":"Rauf Mirq\u0259dirov: Ehtimal ki, Lavrov az\u0259rbaycanl\u0131 jurnalist\u0259 cavab\u0131 t\u0259sad\u00fcf\u0259n verm\u0259yib - MEYDAN.TV","robots":{"index":"index","follow":"follow","max-snippet":"max-snippet:-1","max-image-preview":"max-image-preview:large","max-video-preview":"max-video-preview:-1"},"canonical":"https:\/\/www.meydan.tv\/az\/article\/rauf-mirqedirov-ehtimal-ki-lavrov-azerbaycanli-jurnaliste-cavabi-tesadufen-vermeyib\/","og_locale":"az_AZ","og_type":"article","og_title":"Rauf Mirq\u0259dirov: Ehtimal ki, Lavrov az\u0259rbaycanl\u0131 jurnalist\u0259 cavab\u0131 t\u0259sad\u00fcf\u0259n verm\u0259yib - MEYDAN.TV","og_description":"''Sual\u0131n n\u0259 c\u00fcr qoyulmas\u0131ndan as\u0131l\u0131 olmayaraq, Lavrov imkan tap\u0131b h\u0259min s\u00f6zl\u0259ri dey\u0259c\u0259kdi''","og_url":"https:\/\/www.meydan.tv\/az\/article\/rauf-mirqedirov-ehtimal-ki-lavrov-azerbaycanli-jurnaliste-cavabi-tesadufen-vermeyib\/","og_site_name":"MEYDAN.TV","article_published_time":"2017-02-01T19:51:07+00:00","og_image":[{"width":637,"height":400,"url":"https:\/\/www.meydan.tv\/wp-content\/uploads\/30541.jpg","type":"image\/jpeg"}],"author":"user-manager","twitter_card":"summary_large_image","schema":{"@context":"https:\/\/schema.org","@graph":[{"@type":"Article","@id":"https:\/\/www.meydan.tv\/az\/article\/rauf-mirqedirov-ehtimal-ki-lavrov-azerbaycanli-jurnaliste-cavabi-tesadufen-vermeyib\/#article","isPartOf":{"@id":"https:\/\/www.meydan.tv\/az\/article\/rauf-mirqedirov-ehtimal-ki-lavrov-azerbaycanli-jurnaliste-cavabi-tesadufen-vermeyib\/"},"author":{"name":"user-manager","@id":"https:\/\/www.meydan.tv\/az\/#\/schema\/person\/10d11eccf6da3662cf5fdab9806ea91a"},"headline":"Rauf Mirq\u0259dirov: Ehtimal ki, Lavrov az\u0259rbaycanl\u0131 jurnalist\u0259 cavab\u0131 t\u0259sad\u00fcf\u0259n verm\u0259yib","datePublished":"2017-02-01T19:51:07+00:00","mainEntityOfPage":{"@id":"https:\/\/www.meydan.tv\/az\/article\/rauf-mirqedirov-ehtimal-ki-lavrov-azerbaycanli-jurnaliste-cavabi-tesadufen-vermeyib\/"},"wordCount":905,"publisher":{"@id":"https:\/\/www.meydan.tv\/az\/#organization"},"image":{"@id":"https:\/\/www.meydan.tv\/az\/article\/rauf-mirqedirov-ehtimal-ki-lavrov-azerbaycanli-jurnaliste-cavabi-tesadufen-vermeyib\/#primaryimage"},"thumbnailUrl":"https:\/\/www.meydan.tv\/wp-content\/uploads\/30541.jpg","articleSection":["Analitika"],"inLanguage":"az"},{"@type":"WebPage","@id":"https:\/\/www.meydan.tv\/az\/article\/rauf-mirqedirov-ehtimal-ki-lavrov-azerbaycanli-jurnaliste-cavabi-tesadufen-vermeyib\/","url":"https:\/\/www.meydan.tv\/az\/article\/rauf-mirqedirov-ehtimal-ki-lavrov-azerbaycanli-jurnaliste-cavabi-tesadufen-vermeyib\/","name":"Rauf Mirq\u0259dirov: Ehtimal ki, Lavrov az\u0259rbaycanl\u0131 jurnalist\u0259 cavab\u0131 t\u0259sad\u00fcf\u0259n verm\u0259yib - MEYDAN.TV","isPartOf":{"@id":"https:\/\/www.meydan.tv\/az\/#website"},"primaryImageOfPage":{"@id":"https:\/\/www.meydan.tv\/az\/article\/rauf-mirqedirov-ehtimal-ki-lavrov-azerbaycanli-jurnaliste-cavabi-tesadufen-vermeyib\/#primaryimage"},"image":{"@id":"https:\/\/www.meydan.tv\/az\/article\/rauf-mirqedirov-ehtimal-ki-lavrov-azerbaycanli-jurnaliste-cavabi-tesadufen-vermeyib\/#primaryimage"},"thumbnailUrl":"https:\/\/www.meydan.tv\/wp-content\/uploads\/30541.jpg","datePublished":"2017-02-01T19:51:07+00:00","breadcrumb":{"@id":"https:\/\/www.meydan.tv\/az\/article\/rauf-mirqedirov-ehtimal-ki-lavrov-azerbaycanli-jurnaliste-cavabi-tesadufen-vermeyib\/#breadcrumb"},"inLanguage":"az","potentialAction":[{"@type":"ReadAction","target":["https:\/\/www.meydan.tv\/az\/article\/rauf-mirqedirov-ehtimal-ki-lavrov-azerbaycanli-jurnaliste-cavabi-tesadufen-vermeyib\/"]}]},{"@type":"ImageObject","inLanguage":"az","@id":"https:\/\/www.meydan.tv\/az\/article\/rauf-mirqedirov-ehtimal-ki-lavrov-azerbaycanli-jurnaliste-cavabi-tesadufen-vermeyib\/#primaryimage","url":"https:\/\/www.meydan.tv\/wp-content\/uploads\/30541.jpg","contentUrl":"https:\/\/www.meydan.tv\/wp-content\/uploads\/30541.jpg","width":637,"height":400,"caption":"Source:"},{"@type":"BreadcrumbList","@id":"https:\/\/www.meydan.tv\/az\/article\/rauf-mirqedirov-ehtimal-ki-lavrov-azerbaycanli-jurnaliste-cavabi-tesadufen-vermeyib\/#breadcrumb","itemListElement":[{"@type":"ListItem","position":1,"name":"Ana s\u0259hif\u0259","item":"https:\/\/www.meydan.tv\/az\/"},{"@type":"ListItem","position":2,"name":"Analitika","item":"https:\/\/www.meydan.tv\/az\/section\/analitika\/"},{"@type":"ListItem","position":3,"name":"Rauf Mirq\u0259dirov: Ehtimal ki, Lavrov az\u0259rbaycanl\u0131 jurnalist\u0259 cavab\u0131 t\u0259sad\u00fcf\u0259n verm\u0259yib"}]},{"@type":"WebSite","@id":"https:\/\/www.meydan.tv\/az\/#website","url":"https:\/\/www.meydan.tv\/az\/","name":"MEYDAN.TV","description":"Meydan TV Az\u0259rbaycan\u0131n media m\u0259kan\u0131ndak\u0131 alternativ s\u0259sidir","publisher":{"@id":"https:\/\/www.meydan.tv\/az\/#organization"},"potentialAction":[{"@type":"SearchAction","target":{"@type":"EntryPoint","urlTemplate":"https:\/\/www.meydan.tv\/az\/?s={search_term_string}"},"query-input":{"@type":"PropertyValueSpecification","valueRequired":true,"valueName":"search_term_string"}}],"inLanguage":"az"},{"@type":"Organization","@id":"https:\/\/www.meydan.tv\/az\/#organization","name":"Meydan TV","url":"https:\/\/www.meydan.tv\/az\/","logo":{"@type":"ImageObject","inLanguage":"az","@id":"https:\/\/www.meydan.tv\/az\/#\/schema\/logo\/image\/","url":"https:\/\/www.meydan.tv\/wp-content\/uploads\/2021\/07\/meydan-logo.svg","contentUrl":"https:\/\/www.meydan.tv\/wp-content\/uploads\/2021\/07\/meydan-logo.svg","width":195,"height":46,"caption":"Meydan TV"},"image":{"@id":"https:\/\/www.meydan.tv\/az\/#\/schema\/logo\/image\/"}},{"@type":"Person","@id":"https:\/\/www.meydan.tv\/az\/#\/schema\/person\/10d11eccf6da3662cf5fdab9806ea91a","name":"user-manager"}]}},"_links":{"self":[{"href":"https:\/\/www.meydan.tv\/az\/wp-json\/wp\/v2\/posts\/182256","targetHints":{"allow":["GET"]}}],"collection":[{"href":"https:\/\/www.meydan.tv\/az\/wp-json\/wp\/v2\/posts"}],"about":[{"href":"https:\/\/www.meydan.tv\/az\/wp-json\/wp\/v2\/types\/post"}],"author":[{"embeddable":true,"href":"https:\/\/www.meydan.tv\/az\/wp-json\/wp\/v2\/users\/11"}],"replies":[{"embeddable":true,"href":"https:\/\/www.meydan.tv\/az\/wp-json\/wp\/v2\/comments?post=182256"}],"version-history":[{"count":0,"href":"https:\/\/www.meydan.tv\/az\/wp-json\/wp\/v2\/posts\/182256\/revisions"}],"wp:featuredmedia":[{"embeddable":true,"href":"https:\/\/www.meydan.tv\/az\/wp-json\/wp\/v2\/media\/78549"}],"wp:attachment":[{"href":"https:\/\/www.meydan.tv\/az\/wp-json\/wp\/v2\/media?parent=182256"}],"wp:term":[{"taxonomy":"category","embeddable":true,"href":"https:\/\/www.meydan.tv\/az\/wp-json\/wp\/v2\/categories?post=182256"},{"taxonomy":"post_tag","embeddable":true,"href":"https:\/\/www.meydan.tv\/az\/wp-json\/wp\/v2\/tags?post=182256"}],"curies":[{"name":"wp","href":"https:\/\/api.w.org\/{rel}","templated":true}]}}