{"id":182254,"date":"2017-02-01T18:18:42","date_gmt":"2017-02-01T18:18:42","guid":{"rendered":"https:\/\/www.meydan.tv\/article\/her-sey-sehv-start-xettinden-baslandi\/"},"modified":"2017-02-01T18:18:42","modified_gmt":"2017-02-01T18:18:42","slug":"her-sey-sehv-start-xettinden-baslandi","status":"publish","type":"post","link":"https:\/\/www.meydan.tv\/az\/article\/her-sey-sehv-start-xettinden-baslandi\/","title":{"rendered":"H\u0259r \u015fey s\u0259hv start x\u0259ttind\u0259n ba\u015fland\u0131"},"content":{"rendered":"<figure class=\"wp-block-image size-large\">\n  <img decoding=\"async\" src=\"https:\/\/www.meydan.tv\/az\/78546\/\" alt=\"\" class=\"wp-image-78546\"\/><figcaption><\/figcaption><\/figure>\n<p>\n  <i><br \/>\n    Bug\u00fcnk\u00fc reall\u0131\u011f\u0131m\u0131z h\u0259min s\u0259b\u0259bl\u0259rin ac\u0131 n\u0259tic\u0259si kimi meydana \u00e7\u0131xd\u0131<br \/>\n  <\/i>\n<\/p>\n<p>\n  Az\u0259rbaycan iqtisadiyyat\u0131nda xarici borclar\u0131n bu s\u00fcr\u0259tl\u0259 artmas\u0131 neqativ hald\u0131r. \u00c7\u00fcnki xarici borcun miqyas\u0131 ild\u0259n-il\u0259 yox, aydan-aya art\u0131r. H\u0259m d\u0259 s\u00fcr\u0259tl\u0259. H\u0259m d\u00f6vl\u0259tin \u00f6z\u00fcn\u00fcn beyn\u0259lxalq maliyy\u0259 qurumlar\u0131ndan ald\u0131\u011f\u0131 borclar, h\u0259m \u015firk\u0259tl\u0259rin beyn\u0259lxalq qurumlardan g\u00f6t\u00fcrd\u00fcy\u00fc kreditl\u0259r, h\u0259m d\u0259 d\u00f6vl\u0259t z\u0259man\u0259ti il\u0259 d\u00f6vl\u0259t \u015firk\u0259tl\u0259rinin infrastruktur v\u0259 institsional layih\u0259l\u0259r \u00fc\u00e7\u00fcn ald\u0131\u011f\u0131 borclar formas\u0131nda maliyy\u0259 ax\u0131n\u0131 ba\u015f verir.\n<\/p>\n<p>\n  B\u00fct\u00fcn bunlara g\u00f6r\u0259dir ki, bizim \u0259vv\u0259ll\u0259r d\u00f6vl\u0259t b\u00fcdc\u0259si x\u0259rcl\u0259rind\u0259ki &#8220;xidm\u0259ti borclar&#8221; b\u00f6lm\u0259sind\u0259 daxili v\u0259 xarici borclar\u0131n s\u0259viyy\u0259si b\u00fcdc\u0259 x\u0259rcl\u0259rinin ill\u0259r \u00fczr\u0259 0,5-3 faiz\u0259 q\u0259d\u0259r d\u0259yi\u015firdi. Bu ilin d\u00f6vl\u0259t b\u00fcdc\u0259sind\u0259 bu xidm\u0259t\u0259 y\u00f6n\u0259lik x\u0259rcl\u0259r 1,6 milyard manat t\u0259\u015fkil ed\u0259c\u0259k. Bu is\u0259 b\u00fcdc\u0259 x\u0259rcl\u0259rinin t\u0259xmin\u0259n 10 manat\u0131ndan 1-nin s\u0259rf olunmas\u0131 dem\u0259kdir. V\u0259 ya bu b\u00fcdc\u0259 x\u0259rcl\u0259rini, yaxud 9,7 faizi al\u0131nan borclar \u00fc\u00e7\u00fcn s\u0259rf olunacaq.\n<\/p>\n<p>\n  Xarici borclar\u0131n miqyas\u0131n\u0131 art\u0131ran bir ne\u00e7\u0259 faktor eyni zamanda ziyan\u0131m\u0131za i\u015fl\u0259yir.\n<\/p>\n<p>\n  <b><br \/>\n    Birinci,<br \/>\n  <\/b><br \/>\n  dollar\u0131n manat qar\u015f\u0131s\u0131nda d\u0259y\u0259r qazanmas\u0131 v\u0259 manatla \u0259ld\u0259 edil\u0259n g\u0259liri dollara konvertasiyas\u0131 zaman\u0131 \u00f6d\u0259m\u0259 qabiliyy\u0259tinin a\u015fa\u011f\u0131 d\u00fc\u015fm\u0259si v\u0259 \u0259l\u00e7atanl\u0131\u011f\u0131n z\u0259ifl\u0259m\u0259sidir.\n<\/p>\n<p>\n  <b><br \/>\n    \u0130kinci,<br \/>\n  <\/b><br \/>\n  xarici borclamalarla ba\u011fl\u0131 ba\u011flanm\u0131\u015f kredit sazi\u015fl\u0259rinin say\u0131 v\u0259 h\u0259cmi art\u0131r. Bu is\u0259 xarici borcun toplam h\u0259cmini art\u0131r\u0131r.\n<\/p>\n<p>\n  <b><br \/>\n    \u00dc\u00e7\u00fcnc\u00fc,<br \/>\n  <\/b><br \/>\n  \u00dcDM-in h\u0259cmi ild\u0259n-il\u0259 z\u0259ifl\u0259yir. \u00dcDM-in h\u0259cmi ki\u00e7il\u0259nd\u0259 onda xarici borcun x\u00fcsusi pay\u0131 daha da art\u0131r ki, bu da t\u0259hl\u00fck\u0259li h\u0259dd\u0259 yax\u0131nla\u015fma\u011f\u0131 v\u0259 q\u0131rm\u0131z\u0131 x\u0259tti ke\u00e7m\u0259yimiz s\u00fcr\u0259tl\u0259ndirir.\n<\/p>\n<p>\n  M\u0259lumat \u00fc\u00e7\u00fcn bildirim ki, beyn\u0259lxalq normalar bax\u0131m\u0131ndan yana\u015fsaq, xarici borcun h\u0259cmi \u00dcDM-in 40 faizini ke\u00e7\u0259rs\u0259, bu, art\u0131q t\u0259hl\u00fck\u0259li zola\u011fa daxil olmaq dem\u0259kdir. Bunu \u00dcDM-in v\u0259 xarici borcun dollarla ifad\u0259si onu dem\u0259y\u0259 imkan verir.\n<\/p>\n<p>\n  Amma Az\u0259rbaycan h\u00f6kum\u0259tinin maliyy\u0259 idar\u0259\u00e7iliyind\u0259 olan n\u00f6qsanlar\u0131 il\u0259 b\u0259rab\u0259r, beyn\u0259lxalq maliyy\u0259 qurumlar\u0131n\u0131n m\u0259suliyy\u0259ti az deyildir. A\u00e7\u0131\u011f\u0131, m\u0259n bu i\u015fd\u0259 t\u0259kc\u0259 Az\u0259rbaycan h\u00f6kum\u0259tinin s\u0259ri\u015ft\u0259siz idar\u0259\u00e7iliyi il\u0259 b\u0259rab\u0259r beyn\u0259lxalq birlikl\u0259ri, o c\u00fcml\u0259d\u0259n maliyy\u0259 qurumlar\u0131n\u0131 da q\u0131nay\u0131ram. D\u00fcnya Bank\u0131 ba\u015fda olmaqla dig\u0259r banklar qrupu verilmi\u015f kreditl\u0259r \u00fcz\u0259rind\u0259 v\u0259t\u0259nda\u015f c\u0259miyy\u0259ti institutlar\u0131n\u0131 proses\u0259 c\u0259lb etm\u0259kl\u0259 effektiv monitorinq i\u015fini t\u0259\u015fkil etm\u0259di. Bu is\u0259 \u015f\u0259ffafl\u0131qla ba\u011fl\u0131 probleml\u0259rin meydana \u00e7\u0131xmas\u0131na, \u015f\u00fcbh\u0259li v\u0259 risk yarad\u0131c\u0131 amill\u0259rin daha da g\u00fccl\u0259nm\u0259sin\u0259 g\u0259tirib \u00e7\u0131xard\u0131. M\u0259n bunu b\u00f6y\u00fck u\u011fursuzlu\u011fun ba\u015flan\u011f\u0131c\u0131 hesab edir\u0259m. M\u0259hz h\u0259r \u015fey s\u0259hv start x\u0259ttind\u0259n ba\u015fland\u0131. Bug\u00fcnk\u00fc reall\u0131\u011f\u0131m\u0131z is\u0259 h\u0259min s\u0259b\u0259bl\u0259rin ac\u0131 n\u0259tic\u0259si kimi meydana \u00e7\u0131xd\u0131.<\/p>\n","protected":false},"excerpt":{"rendered":"<p>Bug\u00fcnk\u00fc reall\u0131\u011f\u0131m\u0131z h\u0259min s\u0259b\u0259bl\u0259rin ac\u0131 n\u0259tic\u0259si kimi meydana \u00e7\u0131xd\u0131<\/p>\n","protected":false},"author":11,"featured_media":78546,"comment_status":"closed","ping_status":"open","sticky":false,"template":"","format":"standard","meta":{"_acf_changed":false,"_sitemap_exclude":false,"_sitemap_priority":"","_sitemap_frequency":"","footnotes":""},"categories":[51],"tags":[],"class_list":["post-182254","post","type-post","status-publish","format-standard","has-post-thumbnail","hentry","category-analitika","infinite-scroll-item","generate-columns","tablet-grid-50","mobile-grid-100","grid-parent","grid-33","no-featured-image-padding"],"acf":[],"yoast_head":"<!-- This site is optimized with the Yoast SEO plugin v27.4 - https:\/\/yoast.com\/product\/yoast-seo-wordpress\/ -->\n<title>H\u0259r \u015fey s\u0259hv start x\u0259ttind\u0259n ba\u015fland\u0131 - MEYDAN.TV<\/title>\n<meta name=\"robots\" content=\"index, follow, max-snippet:-1, max-image-preview:large, max-video-preview:-1\" \/>\n<link rel=\"canonical\" href=\"https:\/\/www.meydan.tv\/az\/article\/her-sey-sehv-start-xettinden-baslandi\/\" \/>\n<meta property=\"og:locale\" content=\"az_AZ\" \/>\n<meta property=\"og:type\" content=\"article\" \/>\n<meta property=\"og:title\" content=\"H\u0259r \u015fey s\u0259hv start x\u0259ttind\u0259n ba\u015fland\u0131 - MEYDAN.TV\" \/>\n<meta property=\"og:description\" content=\"Bug\u00fcnk\u00fc reall\u0131\u011f\u0131m\u0131z h\u0259min s\u0259b\u0259bl\u0259rin ac\u0131 n\u0259tic\u0259si kimi meydana \u00e7\u0131xd\u0131\" \/>\n<meta property=\"og:url\" content=\"https:\/\/www.meydan.tv\/az\/article\/her-sey-sehv-start-xettinden-baslandi\/\" \/>\n<meta property=\"og:site_name\" content=\"MEYDAN.TV\" \/>\n<meta property=\"article:published_time\" content=\"2017-02-01T18:18:42+00:00\" \/>\n<meta property=\"og:image\" content=\"https:\/\/www.meydan.tv\/wp-content\/uploads\/30540.jpg\" \/>\n\t<meta property=\"og:image:width\" content=\"667\" \/>\n\t<meta property=\"og:image:height\" content=\"500\" \/>\n\t<meta property=\"og:image:type\" content=\"image\/jpeg\" \/>\n<meta name=\"author\" content=\"user-manager\" \/>\n<meta name=\"twitter:card\" content=\"summary_large_image\" \/>\n<script type=\"application\/ld+json\" class=\"yoast-schema-graph\">{\"@context\":\"https:\\\/\\\/schema.org\",\"@graph\":[{\"@type\":\"Article\",\"@id\":\"https:\\\/\\\/www.meydan.tv\\\/az\\\/article\\\/her-sey-sehv-start-xettinden-baslandi\\\/#article\",\"isPartOf\":{\"@id\":\"https:\\\/\\\/www.meydan.tv\\\/az\\\/article\\\/her-sey-sehv-start-xettinden-baslandi\\\/\"},\"author\":{\"name\":\"user-manager\",\"@id\":\"https:\\\/\\\/www.meydan.tv\\\/az\\\/#\\\/schema\\\/person\\\/10d11eccf6da3662cf5fdab9806ea91a\"},\"headline\":\"H\u0259r \u015fey s\u0259hv start x\u0259ttind\u0259n ba\u015fland\u0131\",\"datePublished\":\"2017-02-01T18:18:42+00:00\",\"mainEntityOfPage\":{\"@id\":\"https:\\\/\\\/www.meydan.tv\\\/az\\\/article\\\/her-sey-sehv-start-xettinden-baslandi\\\/\"},\"wordCount\":589,\"publisher\":{\"@id\":\"https:\\\/\\\/www.meydan.tv\\\/az\\\/#organization\"},\"image\":{\"@id\":\"https:\\\/\\\/www.meydan.tv\\\/az\\\/article\\\/her-sey-sehv-start-xettinden-baslandi\\\/#primaryimage\"},\"thumbnailUrl\":\"https:\\\/\\\/www.meydan.tv\\\/wp-content\\\/uploads\\\/30540.jpg\",\"articleSection\":[\"Analitika\"],\"inLanguage\":\"az\"},{\"@type\":\"WebPage\",\"@id\":\"https:\\\/\\\/www.meydan.tv\\\/az\\\/article\\\/her-sey-sehv-start-xettinden-baslandi\\\/\",\"url\":\"https:\\\/\\\/www.meydan.tv\\\/az\\\/article\\\/her-sey-sehv-start-xettinden-baslandi\\\/\",\"name\":\"H\u0259r \u015fey s\u0259hv start x\u0259ttind\u0259n ba\u015fland\u0131 - MEYDAN.TV\",\"isPartOf\":{\"@id\":\"https:\\\/\\\/www.meydan.tv\\\/az\\\/#website\"},\"primaryImageOfPage\":{\"@id\":\"https:\\\/\\\/www.meydan.tv\\\/az\\\/article\\\/her-sey-sehv-start-xettinden-baslandi\\\/#primaryimage\"},\"image\":{\"@id\":\"https:\\\/\\\/www.meydan.tv\\\/az\\\/article\\\/her-sey-sehv-start-xettinden-baslandi\\\/#primaryimage\"},\"thumbnailUrl\":\"https:\\\/\\\/www.meydan.tv\\\/wp-content\\\/uploads\\\/30540.jpg\",\"datePublished\":\"2017-02-01T18:18:42+00:00\",\"breadcrumb\":{\"@id\":\"https:\\\/\\\/www.meydan.tv\\\/az\\\/article\\\/her-sey-sehv-start-xettinden-baslandi\\\/#breadcrumb\"},\"inLanguage\":\"az\",\"potentialAction\":[{\"@type\":\"ReadAction\",\"target\":[\"https:\\\/\\\/www.meydan.tv\\\/az\\\/article\\\/her-sey-sehv-start-xettinden-baslandi\\\/\"]}]},{\"@type\":\"ImageObject\",\"inLanguage\":\"az\",\"@id\":\"https:\\\/\\\/www.meydan.tv\\\/az\\\/article\\\/her-sey-sehv-start-xettinden-baslandi\\\/#primaryimage\",\"url\":\"https:\\\/\\\/www.meydan.tv\\\/wp-content\\\/uploads\\\/30540.jpg\",\"contentUrl\":\"https:\\\/\\\/www.meydan.tv\\\/wp-content\\\/uploads\\\/30540.jpg\",\"width\":667,\"height\":500,\"caption\":\"Source:\"},{\"@type\":\"BreadcrumbList\",\"@id\":\"https:\\\/\\\/www.meydan.tv\\\/az\\\/article\\\/her-sey-sehv-start-xettinden-baslandi\\\/#breadcrumb\",\"itemListElement\":[{\"@type\":\"ListItem\",\"position\":1,\"name\":\"Ana s\u0259hif\u0259\",\"item\":\"https:\\\/\\\/www.meydan.tv\\\/az\\\/\"},{\"@type\":\"ListItem\",\"position\":2,\"name\":\"Analitika\",\"item\":\"https:\\\/\\\/www.meydan.tv\\\/az\\\/section\\\/analitika\\\/\"},{\"@type\":\"ListItem\",\"position\":3,\"name\":\"H\u0259r \u015fey s\u0259hv start x\u0259ttind\u0259n ba\u015fland\u0131\"}]},{\"@type\":\"WebSite\",\"@id\":\"https:\\\/\\\/www.meydan.tv\\\/az\\\/#website\",\"url\":\"https:\\\/\\\/www.meydan.tv\\\/az\\\/\",\"name\":\"MEYDAN.TV\",\"description\":\"Meydan TV Az\u0259rbaycan\u0131n media m\u0259kan\u0131ndak\u0131 alternativ s\u0259sidir\",\"publisher\":{\"@id\":\"https:\\\/\\\/www.meydan.tv\\\/az\\\/#organization\"},\"potentialAction\":[{\"@type\":\"SearchAction\",\"target\":{\"@type\":\"EntryPoint\",\"urlTemplate\":\"https:\\\/\\\/www.meydan.tv\\\/az\\\/?s={search_term_string}\"},\"query-input\":{\"@type\":\"PropertyValueSpecification\",\"valueRequired\":true,\"valueName\":\"search_term_string\"}}],\"inLanguage\":\"az\"},{\"@type\":\"Organization\",\"@id\":\"https:\\\/\\\/www.meydan.tv\\\/az\\\/#organization\",\"name\":\"Meydan TV\",\"url\":\"https:\\\/\\\/www.meydan.tv\\\/az\\\/\",\"logo\":{\"@type\":\"ImageObject\",\"inLanguage\":\"az\",\"@id\":\"https:\\\/\\\/www.meydan.tv\\\/az\\\/#\\\/schema\\\/logo\\\/image\\\/\",\"url\":\"https:\\\/\\\/www.meydan.tv\\\/wp-content\\\/uploads\\\/2021\\\/07\\\/meydan-logo.svg\",\"contentUrl\":\"https:\\\/\\\/www.meydan.tv\\\/wp-content\\\/uploads\\\/2021\\\/07\\\/meydan-logo.svg\",\"width\":195,\"height\":46,\"caption\":\"Meydan TV\"},\"image\":{\"@id\":\"https:\\\/\\\/www.meydan.tv\\\/az\\\/#\\\/schema\\\/logo\\\/image\\\/\"}},{\"@type\":\"Person\",\"@id\":\"https:\\\/\\\/www.meydan.tv\\\/az\\\/#\\\/schema\\\/person\\\/10d11eccf6da3662cf5fdab9806ea91a\",\"name\":\"user-manager\"}]}<\/script>\n<!-- \/ Yoast SEO plugin. -->","yoast_head_json":{"title":"H\u0259r \u015fey s\u0259hv start x\u0259ttind\u0259n ba\u015fland\u0131 - MEYDAN.TV","robots":{"index":"index","follow":"follow","max-snippet":"max-snippet:-1","max-image-preview":"max-image-preview:large","max-video-preview":"max-video-preview:-1"},"canonical":"https:\/\/www.meydan.tv\/az\/article\/her-sey-sehv-start-xettinden-baslandi\/","og_locale":"az_AZ","og_type":"article","og_title":"H\u0259r \u015fey s\u0259hv start x\u0259ttind\u0259n ba\u015fland\u0131 - MEYDAN.TV","og_description":"Bug\u00fcnk\u00fc reall\u0131\u011f\u0131m\u0131z h\u0259min s\u0259b\u0259bl\u0259rin ac\u0131 n\u0259tic\u0259si kimi meydana \u00e7\u0131xd\u0131","og_url":"https:\/\/www.meydan.tv\/az\/article\/her-sey-sehv-start-xettinden-baslandi\/","og_site_name":"MEYDAN.TV","article_published_time":"2017-02-01T18:18:42+00:00","og_image":[{"width":667,"height":500,"url":"https:\/\/www.meydan.tv\/wp-content\/uploads\/30540.jpg","type":"image\/jpeg"}],"author":"user-manager","twitter_card":"summary_large_image","schema":{"@context":"https:\/\/schema.org","@graph":[{"@type":"Article","@id":"https:\/\/www.meydan.tv\/az\/article\/her-sey-sehv-start-xettinden-baslandi\/#article","isPartOf":{"@id":"https:\/\/www.meydan.tv\/az\/article\/her-sey-sehv-start-xettinden-baslandi\/"},"author":{"name":"user-manager","@id":"https:\/\/www.meydan.tv\/az\/#\/schema\/person\/10d11eccf6da3662cf5fdab9806ea91a"},"headline":"H\u0259r \u015fey s\u0259hv start x\u0259ttind\u0259n ba\u015fland\u0131","datePublished":"2017-02-01T18:18:42+00:00","mainEntityOfPage":{"@id":"https:\/\/www.meydan.tv\/az\/article\/her-sey-sehv-start-xettinden-baslandi\/"},"wordCount":589,"publisher":{"@id":"https:\/\/www.meydan.tv\/az\/#organization"},"image":{"@id":"https:\/\/www.meydan.tv\/az\/article\/her-sey-sehv-start-xettinden-baslandi\/#primaryimage"},"thumbnailUrl":"https:\/\/www.meydan.tv\/wp-content\/uploads\/30540.jpg","articleSection":["Analitika"],"inLanguage":"az"},{"@type":"WebPage","@id":"https:\/\/www.meydan.tv\/az\/article\/her-sey-sehv-start-xettinden-baslandi\/","url":"https:\/\/www.meydan.tv\/az\/article\/her-sey-sehv-start-xettinden-baslandi\/","name":"H\u0259r \u015fey s\u0259hv start x\u0259ttind\u0259n ba\u015fland\u0131 - MEYDAN.TV","isPartOf":{"@id":"https:\/\/www.meydan.tv\/az\/#website"},"primaryImageOfPage":{"@id":"https:\/\/www.meydan.tv\/az\/article\/her-sey-sehv-start-xettinden-baslandi\/#primaryimage"},"image":{"@id":"https:\/\/www.meydan.tv\/az\/article\/her-sey-sehv-start-xettinden-baslandi\/#primaryimage"},"thumbnailUrl":"https:\/\/www.meydan.tv\/wp-content\/uploads\/30540.jpg","datePublished":"2017-02-01T18:18:42+00:00","breadcrumb":{"@id":"https:\/\/www.meydan.tv\/az\/article\/her-sey-sehv-start-xettinden-baslandi\/#breadcrumb"},"inLanguage":"az","potentialAction":[{"@type":"ReadAction","target":["https:\/\/www.meydan.tv\/az\/article\/her-sey-sehv-start-xettinden-baslandi\/"]}]},{"@type":"ImageObject","inLanguage":"az","@id":"https:\/\/www.meydan.tv\/az\/article\/her-sey-sehv-start-xettinden-baslandi\/#primaryimage","url":"https:\/\/www.meydan.tv\/wp-content\/uploads\/30540.jpg","contentUrl":"https:\/\/www.meydan.tv\/wp-content\/uploads\/30540.jpg","width":667,"height":500,"caption":"Source:"},{"@type":"BreadcrumbList","@id":"https:\/\/www.meydan.tv\/az\/article\/her-sey-sehv-start-xettinden-baslandi\/#breadcrumb","itemListElement":[{"@type":"ListItem","position":1,"name":"Ana s\u0259hif\u0259","item":"https:\/\/www.meydan.tv\/az\/"},{"@type":"ListItem","position":2,"name":"Analitika","item":"https:\/\/www.meydan.tv\/az\/section\/analitika\/"},{"@type":"ListItem","position":3,"name":"H\u0259r \u015fey s\u0259hv start x\u0259ttind\u0259n ba\u015fland\u0131"}]},{"@type":"WebSite","@id":"https:\/\/www.meydan.tv\/az\/#website","url":"https:\/\/www.meydan.tv\/az\/","name":"MEYDAN.TV","description":"Meydan TV Az\u0259rbaycan\u0131n media m\u0259kan\u0131ndak\u0131 alternativ s\u0259sidir","publisher":{"@id":"https:\/\/www.meydan.tv\/az\/#organization"},"potentialAction":[{"@type":"SearchAction","target":{"@type":"EntryPoint","urlTemplate":"https:\/\/www.meydan.tv\/az\/?s={search_term_string}"},"query-input":{"@type":"PropertyValueSpecification","valueRequired":true,"valueName":"search_term_string"}}],"inLanguage":"az"},{"@type":"Organization","@id":"https:\/\/www.meydan.tv\/az\/#organization","name":"Meydan TV","url":"https:\/\/www.meydan.tv\/az\/","logo":{"@type":"ImageObject","inLanguage":"az","@id":"https:\/\/www.meydan.tv\/az\/#\/schema\/logo\/image\/","url":"https:\/\/www.meydan.tv\/wp-content\/uploads\/2021\/07\/meydan-logo.svg","contentUrl":"https:\/\/www.meydan.tv\/wp-content\/uploads\/2021\/07\/meydan-logo.svg","width":195,"height":46,"caption":"Meydan TV"},"image":{"@id":"https:\/\/www.meydan.tv\/az\/#\/schema\/logo\/image\/"}},{"@type":"Person","@id":"https:\/\/www.meydan.tv\/az\/#\/schema\/person\/10d11eccf6da3662cf5fdab9806ea91a","name":"user-manager"}]}},"_links":{"self":[{"href":"https:\/\/www.meydan.tv\/az\/wp-json\/wp\/v2\/posts\/182254","targetHints":{"allow":["GET"]}}],"collection":[{"href":"https:\/\/www.meydan.tv\/az\/wp-json\/wp\/v2\/posts"}],"about":[{"href":"https:\/\/www.meydan.tv\/az\/wp-json\/wp\/v2\/types\/post"}],"author":[{"embeddable":true,"href":"https:\/\/www.meydan.tv\/az\/wp-json\/wp\/v2\/users\/11"}],"replies":[{"embeddable":true,"href":"https:\/\/www.meydan.tv\/az\/wp-json\/wp\/v2\/comments?post=182254"}],"version-history":[{"count":0,"href":"https:\/\/www.meydan.tv\/az\/wp-json\/wp\/v2\/posts\/182254\/revisions"}],"wp:featuredmedia":[{"embeddable":true,"href":"https:\/\/www.meydan.tv\/az\/wp-json\/wp\/v2\/media\/78546"}],"wp:attachment":[{"href":"https:\/\/www.meydan.tv\/az\/wp-json\/wp\/v2\/media?parent=182254"}],"wp:term":[{"taxonomy":"category","embeddable":true,"href":"https:\/\/www.meydan.tv\/az\/wp-json\/wp\/v2\/categories?post=182254"},{"taxonomy":"post_tag","embeddable":true,"href":"https:\/\/www.meydan.tv\/az\/wp-json\/wp\/v2\/tags?post=182254"}],"curies":[{"name":"wp","href":"https:\/\/api.w.org\/{rel}","templated":true}]}}