{"id":182253,"date":"2017-02-01T18:13:15","date_gmt":"2017-02-01T18:13:15","guid":{"rendered":"https:\/\/www.meydan.tv\/article\/statistika-azerbaycanda-erzaq-mehsullari-147-faiz-bahalasib\/"},"modified":"2017-02-01T18:13:15","modified_gmt":"2017-02-01T18:13:15","slug":"statistika-azerbaycanda-erzaq-mehsullari-147-faiz-bahalasib","status":"publish","type":"post","link":"https:\/\/www.meydan.tv\/az\/article\/statistika-azerbaycanda-erzaq-mehsullari-147-faiz-bahalasib\/","title":{"rendered":"Statistika: Az\u0259rbaycanda \u0259rzaq m\u0259hsullar\u0131 14,7 faiz bahala\u015f\u0131b"},"content":{"rendered":"<figure class=\"wp-block-image size-large\">\n  <img decoding=\"async\" src=\"https:\/\/www.meydan.tv\/az\/78543\/\" alt=\"\" class=\"wp-image-78543\"\/><figcaption><\/figcaption><\/figure>\n<p>\n  <i><br \/>\n    &#8221;\u00d6z\u00fcn\u00fc saxlama\u011fa \u00e7al\u0131\u015fan qurumlar qiym\u0259tl\u0259rin art\u0131m\u0131 hesab\u0131na g\u0259lir \u0259ld\u0259 etm\u0259k ist\u0259yirl\u0259r&#8221;<br \/>\n  <\/i>\n<\/p>\n<p>\n  \u201c2016-c\u0131 ild\u0259 Az\u0259rbaycanda orta illik inflyasiya Avropadan 10,8 d\u0259f\u0259 \u00e7ox olub. D\u00f6vl\u0259t Statistika Komit\u0259sinin m\u0259lumat\u0131na g\u00f6r\u0259, inflyasiya 12,4% t\u0259\u015fkil edibs\u0259, Avropa zonas\u0131nda bu r\u0259q\u0259m c\u0259mi 1,14%-dir\u201d.\n<\/p>\n<p>\n  M\u0259lumat\u0131 \u201cTuran\u201d\u0130nformasiya Agentliyi yay\u0131b. D\u00f6vl\u0259t Statistika Komit\u0259sinin m\u0259lumat\u0131na \u0259saslanan agentlik yaz\u0131r ki, \u00f6t\u0259n il \u0259rzaq \u00fczr\u0259 inflyasiya 13,3 d\u0259f\u0259 \u00e7ox olub. Az\u0259rbaycanda \u0259rzaq m\u0259hsullar\u0131 14,7% bahala\u015f\u0131b, Avropa statistikas\u0131 is\u0259 Avropada bir faizlik inflyasiya oldu\u011funu deyir.\n<\/p>\n<p>\n  \u201cTuran\u201d-\u0131n hesablamalar\u0131na g\u00f6r\u0259, 2016-c\u0131 ild\u0259 istehlak s\u0259b\u0259tind\u0259 30 n\u00f6v \u0259sas \u0259rzaq m\u0259hsulu \u00fczr\u0259 qiym\u0259t art\u0131m\u0131 18 faiz t\u0259\u015fkil edib, \u0259n m\u00fch\u00fcm m\u0259hsullar \u00fczr\u0259 is\u0259 qiym\u0259tl\u0259r 22%-d\u0259n 100%-\u0259 q\u0259d\u0259r qalx\u0131b.\n<\/p>\n<p>\n  Mal \u0259ti 42,8%, qoyun \u0259ti 22,2%, toyuq \u0259ti 25,9%, k\u0259r\u0259 ya\u011f\u0131 42,1%, qar\u011f\u0131dal\u0131 ya\u011f\u0131 44%, marqarin 33,3%, yumurta 30,7%, \u015f\u0259k\u0259r tozu 66,6%, q\u0259nd 33,3%, duz 28,5%, d\u00fcy\u00fc 38%, xama 22,2%, kartof 33,3%, ba\u015f so\u011fan 30%, xiyar 100%, pomidor 94,4% bahala\u015f\u0131b.\n<\/p>\n<p>\n  \u201cM\u00fcasir Avropa tarixi SSR\u0130 da\u011f\u0131ld\u0131qdan sonra bel\u0259 bir inflyasiya art\u0131m\u0131 qeyd\u0259 almay\u0131b. Avropa \u0130ttifaq\u0131nda inflyasiyan\u0131n s\u0259viyy\u0259si son 20 ild\u0259 illik 2% h\u0259ddind\u0259 d\u0259yi\u015fir. \u018fn y\u00fcks\u0259k art\u0131\u015f 2007-ci ild\u0259 qeyd\u0259 al\u0131n\u0131b \u2013 3,2%.\n<\/p>\n<p>\n  2016-c\u0131 ild\u0259 Avropa zonas\u0131 inflyasiya s\u0259viyy\u0259sin\u0259 g\u00f6r\u0259 Yunan\u0131stan, Yaponiya v\u0259 Fransadan sonra d\u00fcnyada d\u00f6rd\u00fcnc\u00fc yeri tutur.\n<\/p>\n<p>\n  Bu statistikalar Avropa v\u0259 Az\u0259rbaycanda real v\u0259ziyy\u0259t, habel\u0259 prezident \u0130lham \u018fliyevin Az\u0259rbaycan avtoritarizminin \u00e7i\u00e7\u0259kl\u0259nm\u0259si v\u0259 Avropa demokratiyas\u0131n\u0131n \u00e7\u00fcr\u00fcm\u0259si haqq\u0131nda m\u00fcqayis\u0259li b\u0259yanatlar\u0131 aras\u0131nda uy\u011funsuzlu\u011fu n\u00fcmayi\u015f etdirir\u201d \u2013 agentliyin m\u0259lumat\u0131nda deyilir.\n<\/p>\n<p>\n  M\u0259lumat\u0131 Meydan TV-y\u0259 \u015f\u0259rh ed\u0259n iqtisad\u00e7\u0131 Nem\u0259t \u018fliyev agentliyin qiym\u0259t art\u0131m\u0131 il\u0259 ba\u011fl\u0131 qeydl\u0259rini b\u00f6l\u00fc\u015fd\u00fcy\u00fcn\u00fc dedi:\n<\/p>\n<p>\n  &#8220;\u018fg\u0259r milli valyutan\u0131n xarici valyutaya n\u0259z\u0259r\u0259n d\u0259yi\u015fm\u0259 dinamikas\u0131na diqq\u0259t yetirils\u0259, bunu \u00e7ox a\u015fkar \u015f\u0259kild\u0259 g\u00f6rm\u0259k olar. Son g\u00fcnl\u0259r M\u0259rk\u0259zi Bank\u0131n manat\u0131n ucuzla\u015fd\u0131r\u0131lmas\u0131 il\u0259 ba\u011fl\u0131 q\u0259rarlar\u0131 daha qabar\u0131q \u00f6z\u00fcn\u00fc g\u00f6st\u0259rir. Milli valyutan\u0131n ucuzla\u015fd\u0131r\u0131lmas\u0131 il\u0259 marketl\u0259rd\u0259ki qiym\u0259tl\u0259rin \u0259laq\u0259sini izl\u0259s\u0259niz, qiym\u0259tl\u0259rd\u0259 t\u0259xmin\u0259n manat\u0131n ucuzla\u015fmas\u0131 proporsiyas\u0131 \u015f\u0259klind\u0259 artma m\u00fc\u015fahid\u0259 olundu\u011funu g\u00f6r\u0259rsiniz. Bunun \u0259sas s\u0259b\u0259bi yerli bazarlarda idxal mallar\u0131n\u0131n \u00e7\u0259kisinin xeyli y\u00fcks\u0259k olmas\u0131d\u0131r. Dig\u0259r t\u0259r\u0259fd\u0259n \u0259ks\u0259r i\u015f yerl\u0259ri ba\u011flan\u0131r, m\u00fc\u0259ssis\u0259l\u0259rin x\u0259rcl\u0259ri, borclar\u0131 o q\u0259d\u0259r art\u0131b ki, \u00f6z\u00fcn\u00fc saxlama\u011fa \u00e7al\u0131\u015fan qurumlar qiym\u0259tl\u0259rin art\u0131m\u0131 hesab\u0131na g\u0259lir \u0259ld\u0259 etm\u0259k ist\u0259yirl\u0259r&#8221;.\n<\/p>\n<figure class=\"wp-block-image size-large\">\n  <img decoding=\"async\" src=\"https:\/\/www.meydan.tv\/az\/69748\/\" alt=\"\" class=\"wp-image-69748\"\/><figcaption>\n    Nem\u0259t \u018fliyev foto sosial \u015f\u0259b\u0259k\u0259<br \/>\n  <\/figcaption><\/figure>\n<p>\n  Nem\u0259t \u018fliyev d\u00fc\u015f\u00fcn\u00fcr ki, D\u00f6vl\u0259t Statistika Komit\u0259sinin istehlak bazarlar\u0131nda qiym\u0259tl\u0259rin art\u0131m\u0131 il\u0259 ba\u011fl\u0131 12-14 faizlik r\u0259q\u0259mi \u0259sass\u0131zd\u0131r:\n<\/p>\n<p>\n  &#8220;Adi bir misal, komit\u0259 \u00f6t\u0259n il qiym\u0259tl\u0259rin art\u0131m\u0131na dair 12-14 faizlik r\u0259q\u0259m a\u00e7\u0131qlam\u0131\u015fd\u0131. Amma bir ild\u0259 milli valyuta 55 faiz ucuzla\u015fm\u0131\u015fd\u0131, bu, t\u0259zad deyilmi?! Yaxud \u015f\u0259k\u0259rin, k\u0259r\u0259 ya\u011f\u0131n\u0131n, mal \u0259tinin 2015-ci ill\u0259 qiym\u0259til\u0259 builki qiym\u0259tin\u0259 bax\u0131n, 35-40 faiz bahala\u015fma var. Ona g\u00f6r\u0259 Statistika Komit\u0259sinin yalan m\u0259lumatlar\u0131 h\u00f6kum\u0259tin yar\u0131tmaz f\u0259aliyy\u0259tin\u0259 don geyindirm\u0259k m\u0259qs\u0259di g\u00fcd\u00fcr. M\u0259n agentliyin hans\u0131 m\u0259nb\u0259l\u0259r\u0259 istinad etdiyini bilm\u0259s\u0259m d\u0259, yaz\u0131lanlar\u0131 b\u00f6l\u00fc\u015f\u00fcr\u0259m&#8221;.<\/p>\n","protected":false},"excerpt":{"rendered":"<p>&#8221;\u00d6z\u00fcn\u00fc saxlama\u011fa \u00e7al\u0131\u015fan qurumlar qiym\u0259tl\u0259rin art\u0131m\u0131 hesab\u0131na g\u0259lir \u0259ld\u0259 etm\u0259k ist\u0259yirl\u0259r&#8221;<\/p>\n","protected":false},"author":11,"featured_media":78543,"comment_status":"closed","ping_status":"open","sticky":false,"template":"","format":"standard","meta":{"_acf_changed":false,"_sitemap_exclude":false,"_sitemap_priority":"","_sitemap_frequency":"","footnotes":""},"categories":[51],"tags":[],"class_list":["post-182253","post","type-post","status-publish","format-standard","has-post-thumbnail","hentry","category-analitika","infinite-scroll-item","generate-columns","tablet-grid-50","mobile-grid-100","grid-parent","grid-33","no-featured-image-padding"],"acf":[],"yoast_head":"<!-- This site is optimized with the Yoast SEO plugin v27.4 - https:\/\/yoast.com\/product\/yoast-seo-wordpress\/ -->\n<title>Statistika: Az\u0259rbaycanda \u0259rzaq m\u0259hsullar\u0131 14,7 faiz bahala\u015f\u0131b - MEYDAN.TV<\/title>\n<meta name=\"robots\" content=\"index, follow, max-snippet:-1, max-image-preview:large, max-video-preview:-1\" \/>\n<link rel=\"canonical\" href=\"https:\/\/www.meydan.tv\/az\/article\/statistika-azerbaycanda-erzaq-mehsullari-147-faiz-bahalasib\/\" \/>\n<meta property=\"og:locale\" content=\"az_AZ\" \/>\n<meta property=\"og:type\" content=\"article\" \/>\n<meta property=\"og:title\" content=\"Statistika: Az\u0259rbaycanda \u0259rzaq m\u0259hsullar\u0131 14,7 faiz bahala\u015f\u0131b - MEYDAN.TV\" \/>\n<meta property=\"og:description\" content=\"&#039;&#039;\u00d6z\u00fcn\u00fc saxlama\u011fa \u00e7al\u0131\u015fan qurumlar qiym\u0259tl\u0259rin art\u0131m\u0131 hesab\u0131na g\u0259lir \u0259ld\u0259 etm\u0259k ist\u0259yirl\u0259r&#039;&#039;\" \/>\n<meta property=\"og:url\" content=\"https:\/\/www.meydan.tv\/az\/article\/statistika-azerbaycanda-erzaq-mehsullari-147-faiz-bahalasib\/\" \/>\n<meta property=\"og:site_name\" content=\"MEYDAN.TV\" \/>\n<meta property=\"article:published_time\" content=\"2017-02-01T18:13:15+00:00\" \/>\n<meta property=\"og:image\" content=\"https:\/\/www.meydan.tv\/wp-content\/uploads\/30539.jpg\" \/>\n\t<meta property=\"og:image:width\" content=\"970\" \/>\n\t<meta property=\"og:image:height\" content=\"420\" \/>\n\t<meta property=\"og:image:type\" content=\"image\/jpeg\" \/>\n<meta name=\"author\" content=\"user-manager\" \/>\n<meta name=\"twitter:card\" content=\"summary_large_image\" \/>\n<script type=\"application\/ld+json\" class=\"yoast-schema-graph\">{\"@context\":\"https:\\\/\\\/schema.org\",\"@graph\":[{\"@type\":\"Article\",\"@id\":\"https:\\\/\\\/www.meydan.tv\\\/az\\\/article\\\/statistika-azerbaycanda-erzaq-mehsullari-147-faiz-bahalasib\\\/#article\",\"isPartOf\":{\"@id\":\"https:\\\/\\\/www.meydan.tv\\\/az\\\/article\\\/statistika-azerbaycanda-erzaq-mehsullari-147-faiz-bahalasib\\\/\"},\"author\":{\"name\":\"user-manager\",\"@id\":\"https:\\\/\\\/www.meydan.tv\\\/az\\\/#\\\/schema\\\/person\\\/10d11eccf6da3662cf5fdab9806ea91a\"},\"headline\":\"Statistika: Az\u0259rbaycanda \u0259rzaq m\u0259hsullar\u0131 14,7 faiz bahala\u015f\u0131b\",\"datePublished\":\"2017-02-01T18:13:15+00:00\",\"mainEntityOfPage\":{\"@id\":\"https:\\\/\\\/www.meydan.tv\\\/az\\\/article\\\/statistika-azerbaycanda-erzaq-mehsullari-147-faiz-bahalasib\\\/\"},\"wordCount\":646,\"publisher\":{\"@id\":\"https:\\\/\\\/www.meydan.tv\\\/az\\\/#organization\"},\"image\":{\"@id\":\"https:\\\/\\\/www.meydan.tv\\\/az\\\/article\\\/statistika-azerbaycanda-erzaq-mehsullari-147-faiz-bahalasib\\\/#primaryimage\"},\"thumbnailUrl\":\"https:\\\/\\\/www.meydan.tv\\\/wp-content\\\/uploads\\\/30539.jpg\",\"articleSection\":[\"Analitika\"],\"inLanguage\":\"az\"},{\"@type\":\"WebPage\",\"@id\":\"https:\\\/\\\/www.meydan.tv\\\/az\\\/article\\\/statistika-azerbaycanda-erzaq-mehsullari-147-faiz-bahalasib\\\/\",\"url\":\"https:\\\/\\\/www.meydan.tv\\\/az\\\/article\\\/statistika-azerbaycanda-erzaq-mehsullari-147-faiz-bahalasib\\\/\",\"name\":\"Statistika: Az\u0259rbaycanda \u0259rzaq m\u0259hsullar\u0131 14,7 faiz bahala\u015f\u0131b - MEYDAN.TV\",\"isPartOf\":{\"@id\":\"https:\\\/\\\/www.meydan.tv\\\/az\\\/#website\"},\"primaryImageOfPage\":{\"@id\":\"https:\\\/\\\/www.meydan.tv\\\/az\\\/article\\\/statistika-azerbaycanda-erzaq-mehsullari-147-faiz-bahalasib\\\/#primaryimage\"},\"image\":{\"@id\":\"https:\\\/\\\/www.meydan.tv\\\/az\\\/article\\\/statistika-azerbaycanda-erzaq-mehsullari-147-faiz-bahalasib\\\/#primaryimage\"},\"thumbnailUrl\":\"https:\\\/\\\/www.meydan.tv\\\/wp-content\\\/uploads\\\/30539.jpg\",\"datePublished\":\"2017-02-01T18:13:15+00:00\",\"breadcrumb\":{\"@id\":\"https:\\\/\\\/www.meydan.tv\\\/az\\\/article\\\/statistika-azerbaycanda-erzaq-mehsullari-147-faiz-bahalasib\\\/#breadcrumb\"},\"inLanguage\":\"az\",\"potentialAction\":[{\"@type\":\"ReadAction\",\"target\":[\"https:\\\/\\\/www.meydan.tv\\\/az\\\/article\\\/statistika-azerbaycanda-erzaq-mehsullari-147-faiz-bahalasib\\\/\"]}]},{\"@type\":\"ImageObject\",\"inLanguage\":\"az\",\"@id\":\"https:\\\/\\\/www.meydan.tv\\\/az\\\/article\\\/statistika-azerbaycanda-erzaq-mehsullari-147-faiz-bahalasib\\\/#primaryimage\",\"url\":\"https:\\\/\\\/www.meydan.tv\\\/wp-content\\\/uploads\\\/30539.jpg\",\"contentUrl\":\"https:\\\/\\\/www.meydan.tv\\\/wp-content\\\/uploads\\\/30539.jpg\",\"width\":970,\"height\":420,\"caption\":\"Source:\"},{\"@type\":\"BreadcrumbList\",\"@id\":\"https:\\\/\\\/www.meydan.tv\\\/az\\\/article\\\/statistika-azerbaycanda-erzaq-mehsullari-147-faiz-bahalasib\\\/#breadcrumb\",\"itemListElement\":[{\"@type\":\"ListItem\",\"position\":1,\"name\":\"Ana s\u0259hif\u0259\",\"item\":\"https:\\\/\\\/www.meydan.tv\\\/az\\\/\"},{\"@type\":\"ListItem\",\"position\":2,\"name\":\"Analitika\",\"item\":\"https:\\\/\\\/www.meydan.tv\\\/az\\\/section\\\/analitika\\\/\"},{\"@type\":\"ListItem\",\"position\":3,\"name\":\"Statistika: Az\u0259rbaycanda \u0259rzaq m\u0259hsullar\u0131 14,7 faiz bahala\u015f\u0131b\"}]},{\"@type\":\"WebSite\",\"@id\":\"https:\\\/\\\/www.meydan.tv\\\/az\\\/#website\",\"url\":\"https:\\\/\\\/www.meydan.tv\\\/az\\\/\",\"name\":\"MEYDAN.TV\",\"description\":\"Meydan TV Az\u0259rbaycan\u0131n media m\u0259kan\u0131ndak\u0131 alternativ s\u0259sidir\",\"publisher\":{\"@id\":\"https:\\\/\\\/www.meydan.tv\\\/az\\\/#organization\"},\"potentialAction\":[{\"@type\":\"SearchAction\",\"target\":{\"@type\":\"EntryPoint\",\"urlTemplate\":\"https:\\\/\\\/www.meydan.tv\\\/az\\\/?s={search_term_string}\"},\"query-input\":{\"@type\":\"PropertyValueSpecification\",\"valueRequired\":true,\"valueName\":\"search_term_string\"}}],\"inLanguage\":\"az\"},{\"@type\":\"Organization\",\"@id\":\"https:\\\/\\\/www.meydan.tv\\\/az\\\/#organization\",\"name\":\"Meydan TV\",\"url\":\"https:\\\/\\\/www.meydan.tv\\\/az\\\/\",\"logo\":{\"@type\":\"ImageObject\",\"inLanguage\":\"az\",\"@id\":\"https:\\\/\\\/www.meydan.tv\\\/az\\\/#\\\/schema\\\/logo\\\/image\\\/\",\"url\":\"https:\\\/\\\/www.meydan.tv\\\/wp-content\\\/uploads\\\/2021\\\/07\\\/meydan-logo.svg\",\"contentUrl\":\"https:\\\/\\\/www.meydan.tv\\\/wp-content\\\/uploads\\\/2021\\\/07\\\/meydan-logo.svg\",\"width\":195,\"height\":46,\"caption\":\"Meydan TV\"},\"image\":{\"@id\":\"https:\\\/\\\/www.meydan.tv\\\/az\\\/#\\\/schema\\\/logo\\\/image\\\/\"}},{\"@type\":\"Person\",\"@id\":\"https:\\\/\\\/www.meydan.tv\\\/az\\\/#\\\/schema\\\/person\\\/10d11eccf6da3662cf5fdab9806ea91a\",\"name\":\"user-manager\"}]}<\/script>\n<!-- \/ Yoast SEO plugin. -->","yoast_head_json":{"title":"Statistika: Az\u0259rbaycanda \u0259rzaq m\u0259hsullar\u0131 14,7 faiz bahala\u015f\u0131b - MEYDAN.TV","robots":{"index":"index","follow":"follow","max-snippet":"max-snippet:-1","max-image-preview":"max-image-preview:large","max-video-preview":"max-video-preview:-1"},"canonical":"https:\/\/www.meydan.tv\/az\/article\/statistika-azerbaycanda-erzaq-mehsullari-147-faiz-bahalasib\/","og_locale":"az_AZ","og_type":"article","og_title":"Statistika: Az\u0259rbaycanda \u0259rzaq m\u0259hsullar\u0131 14,7 faiz bahala\u015f\u0131b - MEYDAN.TV","og_description":"''\u00d6z\u00fcn\u00fc saxlama\u011fa \u00e7al\u0131\u015fan qurumlar qiym\u0259tl\u0259rin art\u0131m\u0131 hesab\u0131na g\u0259lir \u0259ld\u0259 etm\u0259k ist\u0259yirl\u0259r''","og_url":"https:\/\/www.meydan.tv\/az\/article\/statistika-azerbaycanda-erzaq-mehsullari-147-faiz-bahalasib\/","og_site_name":"MEYDAN.TV","article_published_time":"2017-02-01T18:13:15+00:00","og_image":[{"width":970,"height":420,"url":"https:\/\/www.meydan.tv\/wp-content\/uploads\/30539.jpg","type":"image\/jpeg"}],"author":"user-manager","twitter_card":"summary_large_image","schema":{"@context":"https:\/\/schema.org","@graph":[{"@type":"Article","@id":"https:\/\/www.meydan.tv\/az\/article\/statistika-azerbaycanda-erzaq-mehsullari-147-faiz-bahalasib\/#article","isPartOf":{"@id":"https:\/\/www.meydan.tv\/az\/article\/statistika-azerbaycanda-erzaq-mehsullari-147-faiz-bahalasib\/"},"author":{"name":"user-manager","@id":"https:\/\/www.meydan.tv\/az\/#\/schema\/person\/10d11eccf6da3662cf5fdab9806ea91a"},"headline":"Statistika: Az\u0259rbaycanda \u0259rzaq m\u0259hsullar\u0131 14,7 faiz bahala\u015f\u0131b","datePublished":"2017-02-01T18:13:15+00:00","mainEntityOfPage":{"@id":"https:\/\/www.meydan.tv\/az\/article\/statistika-azerbaycanda-erzaq-mehsullari-147-faiz-bahalasib\/"},"wordCount":646,"publisher":{"@id":"https:\/\/www.meydan.tv\/az\/#organization"},"image":{"@id":"https:\/\/www.meydan.tv\/az\/article\/statistika-azerbaycanda-erzaq-mehsullari-147-faiz-bahalasib\/#primaryimage"},"thumbnailUrl":"https:\/\/www.meydan.tv\/wp-content\/uploads\/30539.jpg","articleSection":["Analitika"],"inLanguage":"az"},{"@type":"WebPage","@id":"https:\/\/www.meydan.tv\/az\/article\/statistika-azerbaycanda-erzaq-mehsullari-147-faiz-bahalasib\/","url":"https:\/\/www.meydan.tv\/az\/article\/statistika-azerbaycanda-erzaq-mehsullari-147-faiz-bahalasib\/","name":"Statistika: Az\u0259rbaycanda \u0259rzaq m\u0259hsullar\u0131 14,7 faiz bahala\u015f\u0131b - MEYDAN.TV","isPartOf":{"@id":"https:\/\/www.meydan.tv\/az\/#website"},"primaryImageOfPage":{"@id":"https:\/\/www.meydan.tv\/az\/article\/statistika-azerbaycanda-erzaq-mehsullari-147-faiz-bahalasib\/#primaryimage"},"image":{"@id":"https:\/\/www.meydan.tv\/az\/article\/statistika-azerbaycanda-erzaq-mehsullari-147-faiz-bahalasib\/#primaryimage"},"thumbnailUrl":"https:\/\/www.meydan.tv\/wp-content\/uploads\/30539.jpg","datePublished":"2017-02-01T18:13:15+00:00","breadcrumb":{"@id":"https:\/\/www.meydan.tv\/az\/article\/statistika-azerbaycanda-erzaq-mehsullari-147-faiz-bahalasib\/#breadcrumb"},"inLanguage":"az","potentialAction":[{"@type":"ReadAction","target":["https:\/\/www.meydan.tv\/az\/article\/statistika-azerbaycanda-erzaq-mehsullari-147-faiz-bahalasib\/"]}]},{"@type":"ImageObject","inLanguage":"az","@id":"https:\/\/www.meydan.tv\/az\/article\/statistika-azerbaycanda-erzaq-mehsullari-147-faiz-bahalasib\/#primaryimage","url":"https:\/\/www.meydan.tv\/wp-content\/uploads\/30539.jpg","contentUrl":"https:\/\/www.meydan.tv\/wp-content\/uploads\/30539.jpg","width":970,"height":420,"caption":"Source:"},{"@type":"BreadcrumbList","@id":"https:\/\/www.meydan.tv\/az\/article\/statistika-azerbaycanda-erzaq-mehsullari-147-faiz-bahalasib\/#breadcrumb","itemListElement":[{"@type":"ListItem","position":1,"name":"Ana s\u0259hif\u0259","item":"https:\/\/www.meydan.tv\/az\/"},{"@type":"ListItem","position":2,"name":"Analitika","item":"https:\/\/www.meydan.tv\/az\/section\/analitika\/"},{"@type":"ListItem","position":3,"name":"Statistika: Az\u0259rbaycanda \u0259rzaq m\u0259hsullar\u0131 14,7 faiz bahala\u015f\u0131b"}]},{"@type":"WebSite","@id":"https:\/\/www.meydan.tv\/az\/#website","url":"https:\/\/www.meydan.tv\/az\/","name":"MEYDAN.TV","description":"Meydan TV Az\u0259rbaycan\u0131n media m\u0259kan\u0131ndak\u0131 alternativ s\u0259sidir","publisher":{"@id":"https:\/\/www.meydan.tv\/az\/#organization"},"potentialAction":[{"@type":"SearchAction","target":{"@type":"EntryPoint","urlTemplate":"https:\/\/www.meydan.tv\/az\/?s={search_term_string}"},"query-input":{"@type":"PropertyValueSpecification","valueRequired":true,"valueName":"search_term_string"}}],"inLanguage":"az"},{"@type":"Organization","@id":"https:\/\/www.meydan.tv\/az\/#organization","name":"Meydan TV","url":"https:\/\/www.meydan.tv\/az\/","logo":{"@type":"ImageObject","inLanguage":"az","@id":"https:\/\/www.meydan.tv\/az\/#\/schema\/logo\/image\/","url":"https:\/\/www.meydan.tv\/wp-content\/uploads\/2021\/07\/meydan-logo.svg","contentUrl":"https:\/\/www.meydan.tv\/wp-content\/uploads\/2021\/07\/meydan-logo.svg","width":195,"height":46,"caption":"Meydan TV"},"image":{"@id":"https:\/\/www.meydan.tv\/az\/#\/schema\/logo\/image\/"}},{"@type":"Person","@id":"https:\/\/www.meydan.tv\/az\/#\/schema\/person\/10d11eccf6da3662cf5fdab9806ea91a","name":"user-manager"}]}},"_links":{"self":[{"href":"https:\/\/www.meydan.tv\/az\/wp-json\/wp\/v2\/posts\/182253","targetHints":{"allow":["GET"]}}],"collection":[{"href":"https:\/\/www.meydan.tv\/az\/wp-json\/wp\/v2\/posts"}],"about":[{"href":"https:\/\/www.meydan.tv\/az\/wp-json\/wp\/v2\/types\/post"}],"author":[{"embeddable":true,"href":"https:\/\/www.meydan.tv\/az\/wp-json\/wp\/v2\/users\/11"}],"replies":[{"embeddable":true,"href":"https:\/\/www.meydan.tv\/az\/wp-json\/wp\/v2\/comments?post=182253"}],"version-history":[{"count":0,"href":"https:\/\/www.meydan.tv\/az\/wp-json\/wp\/v2\/posts\/182253\/revisions"}],"wp:featuredmedia":[{"embeddable":true,"href":"https:\/\/www.meydan.tv\/az\/wp-json\/wp\/v2\/media\/78543"}],"wp:attachment":[{"href":"https:\/\/www.meydan.tv\/az\/wp-json\/wp\/v2\/media?parent=182253"}],"wp:term":[{"taxonomy":"category","embeddable":true,"href":"https:\/\/www.meydan.tv\/az\/wp-json\/wp\/v2\/categories?post=182253"},{"taxonomy":"post_tag","embeddable":true,"href":"https:\/\/www.meydan.tv\/az\/wp-json\/wp\/v2\/tags?post=182253"}],"curies":[{"name":"wp","href":"https:\/\/api.w.org\/{rel}","templated":true}]}}