{"id":182233,"date":"2017-01-31T17:26:31","date_gmt":"2017-01-31T17:26:31","guid":{"rendered":"https:\/\/www.meydan.tv\/article\/moskvadaki-danisiqlarin-yekununu-nikbinlikle-qebul-ede-bilmerem\/"},"modified":"2017-01-31T17:26:31","modified_gmt":"2017-01-31T17:26:31","slug":"moskvadaki-danisiqlarin-yekununu-nikbinlikle-qebul-ede-bilmerem","status":"publish","type":"post","link":"https:\/\/www.meydan.tv\/az\/article\/moskvadaki-danisiqlarin-yekununu-nikbinlikle-qebul-ede-bilmerem\/","title":{"rendered":"&#8221;Moskvadak\u0131 dan\u0131\u015f\u0131qlar\u0131n yekununu nikbinlikl\u0259 q\u0259bul ed\u0259 bilm\u0259r\u0259m&#8221;"},"content":{"rendered":"<figure class=\"wp-block-image size-large\">\n  <img decoding=\"async\" src=\"https:\/\/www.meydan.tv\/az\/78462\/\" alt=\"\" class=\"wp-image-78462\"\/><figcaption><\/figcaption><\/figure>\n<p>\n  <i><br \/>\n    S\u00fclh\u0259ddin \u018fkb\u0259r: Rusiya c\u0259nub strategiyas\u0131ndan imtina etm\u0259yibs\u0259, Moskvan\u0131n d\u0259st\u0259yin\u0259 arxalanmaq nadanl\u0131qd\u0131r<br \/>\n  <\/i>\n<\/p>\n<p>\n  <br \/>\n  &#8220;Moskvadak\u0131 dan\u0131\u015f\u0131qlar\u0131n yekununu nikbinlikl\u0259 q\u0259bul ed\u0259 bilm\u0259r\u0259m&#8221; . &#8220;Trend&#8221;-in m\u0259lumat\u0131na g\u00f6r\u0259, bunu jurnalistl\u0259r\u0259 Az\u0259rbaycan\u0131n xarici i\u015fl\u0259r naziri Elmar M\u0259mm\u0259dyarov deyib.\n<\/p>\n<p>\n  O qeyd edib ki, Rusiya \u00fc\u00e7 \u00f6lk\u0259nin xarici i\u015fl\u0259r nazirl\u0259ri s\u0259viyy\u0259sind\u0259 g\u00f6r\u00fc\u015f t\u0259\u015fkil etm\u0259y\u0259 \u00e7al\u0131\u015f\u0131r: &#8220;Az\u0259rbaycan bu g\u00f6r\u00fc\u015f\u0259 raz\u0131l\u0131\u011f\u0131n\u0131 verib&#8221;.\n<\/p>\n<p>\n  Nazir bildirib ki, fevral\u0131n 17-19-da M\u00fcnhend\u0259 ke\u00e7iril\u0259c\u0259k M\u00fcnhen T\u0259hl\u00fck\u0259sizlik Konfrans\u0131nda AT\u018fT-in Minsk qrupunun h\u0259ms\u0259drl\u0259ri il\u0259 g\u00f6r\u00fc\u015f\u00fc planla\u015fd\u0131r\u0131l\u0131r.\n<\/p>\n<p>\n  Yanvar\u0131n 24-d\u0259 E.M\u0259mm\u0259dyarov Rusiya t\u0259r\u0259finin t\u0259\u015f\u0259bb\u00fcs\u00fc \u0259sas\u0131nda Moskvaya i\u015fg\u00fczar s\u0259f\u0259ri \u00e7\u0259r\u00e7iv\u0259sind\u0259 RF xarici i\u015fl\u0259r naziri Sergey Lavrovla g\u00f6r\u00fc\u015f\u00fcb. G\u00f6r\u00fc\u015fd\u0259 Erm\u0259nistan-Az\u0259rbaycan, Da\u011fl\u0131q Qaraba\u011f m\u00fcnaqi\u015f\u0259sinin h\u0259lli m\u0259s\u0259l\u0259l\u0259ri \u0259trafl\u0131 m\u00fczakir\u0259 olunub. Prezidentl\u0259rin Vyana v\u0259 Sankt-Peterburq g\u00f6r\u00fc\u015fl\u0259rind\u0259 qald\u0131r\u0131lan m\u0259s\u0259l\u0259l\u0259r \u00fczr\u0259 geni\u015f fikir m\u00fcbadil\u0259si apar\u0131l\u0131b.\n<\/p>\n<p>\n  Meydan TV &#8220;xarici i\u015fl\u0259r naziri Elmar M\u0259mm\u0259dyarovun Moskvadak\u0131 dan\u0131\u015f\u0131qlar\u0131n yekununu nikbinlikl\u0259 q\u0259bul ed\u0259 bilm\u0259m\u0259si hans\u0131 amill\u0259rd\u0259n do\u011fur&#8221; sual\u0131 il\u0259 siyasi icmal\u00e7\u0131 S\u00fclh\u0259ddin \u018fkb\u0259r\u0259 m\u00fcraci\u0259t edib.\n<\/p>\n<p>\n  S\u00fclh\u0259ddin \u018fkb\u0259r hesab edir ki, Az\u0259rbaycan xarici siyas\u0259tini aparan diplomatlar Erm\u0259nistan-Az\u0259rbaycan m\u00fcnaqi\u015f\u0259sin\u0259 n\u0259 tarixi, n\u0259 d\u0259 strateji perspektivl\u0259 bax\u0131rlar. \u018fg\u0259r m\u00fcnaqi\u015f\u0259y\u0259 geni\u015f v\u0259 d\u0259rin yana\u015fsayd\u0131lar, indiki m\u0259yuslu\u011fu ke\u00e7irm\u0259zdil\u0259r.\n<\/p>\n<figure class=\"wp-block-image size-large\">\n  <img decoding=\"async\" src=\"https:\/\/www.meydan.tv\/az\/78465\/\" alt=\"\" class=\"wp-image-78465\"\/><figcaption>\n    S\u00fclh\u0259ddin \u018fkb\u0259r foto Meydan TV<br \/>\n  <\/figcaption><\/figure>\n<p>\n  \u0130cmal\u00e7\u0131 deyib ki, tarixi bax\u0131mdan yana\u015fd\u0131qda Qaraba\u011f m\u00fcnaqi\u015f\u0259sinin, Rusiyan\u0131n Az\u0259rbaycana qar\u015f\u0131 v\u0259kal\u0259t m\u00fcharib\u0259sinin k\u00f6kl\u0259ri a\u00e7\u0131q \u015f\u0259kild\u0259 g\u00f6r\u00fcn\u00fcr:\n<\/p>\n<p>\n  &#8220;Rusiya \u0130mperiyas\u0131 1721-ci ild\u0259 yaran\u0131b v\u0259 ilk h\u0259rbi y\u00fcr\u00fc\u015f\u00fc 1722-23-c\u00fc ill\u0259rd\u0259 X\u0259z\u0259r h\u00f6vz\u0259sin\u0259, Az\u0259rbaycana olub. Ondan sonra erm\u0259nil\u0259rin Az\u0259rbaycan \u0259razil\u0259rin\u0259 k\u00f6\u00e7\u00fcr\u00fclm\u0259si ba\u015flay\u0131b, ard\u0131nca 1828-ci ild\u0259 T\u00fcrkm\u0259n\u00e7ay m\u00fcqavil\u0259si n\u0259tic\u0259sind\u0259 \u0130r\u0259van v\u0259 qism\u0259n d\u0259 Nax\u00e7\u0131van xanl\u0131qlar\u0131 hesab\u0131na Muxtar Erm\u0259ni Milli Vilay\u0259ti yarad\u0131l\u0131b. 1918-ci ild\u0259 s\u00fcni erm\u0259ni d\u00f6vl\u0259t t\u0259sis olunub v\u0259 \u0259razil\u0259ri geni\u015fl\u0259ndirilib. Bunlar\u0131 ona g\u00f6r\u0259 sadalad\u0131m ki, Erm\u0259nistan-Az\u0259rbaycan, Da\u011fl\u0131q Qaraba\u011f m\u00fcnaqi\u015f\u0259sinin tarixi k\u00f6kl\u0259ri d\u0259rindir. Rusiya imperiyas\u0131 yarand\u0131\u011f\u0131 g\u00fcnd\u0259n m\u0259qs\u0259d c\u0259nub, Hind okean\u0131 strategiyas\u0131 olub. Yax\u015f\u0131 oxuyan orta m\u0259kt\u0259b \u015fagirdl\u0259ri d\u0259 bunlar\u0131 bilir. Diplomatlar\u0131m\u0131z, h\u0259rb\u00e7il\u0259rimiz sadalad\u0131\u011f\u0131m tarixi faktlar\u0131 bils\u0259, Da\u011fl\u0131q Qaraba\u011f m\u00fcnaqi\u015f\u0259sinin h\u0259ll haqq\u0131nda nikbin x\u0259yallara d\u00fc\u015fm\u0259zl\u0259r. \u0130ndi d\u0259 Rusiyan\u0131n apard\u0131\u011f\u0131 neoimperialist siyas\u0259ti erm\u0259ni d\u00f6vl\u0259tinin t\u0259rkib hiss\u0259sidir. \u018fvv\u0259lc\u0259 erm\u0259nil\u0259ri k\u00f6\u00e7\u00fcr\u00fcb \u0130r\u0259van xanl\u0131\u011f\u0131, Z\u0259ng\u0259zur hesab\u0131na vilay\u0259t qurdular, sonra \u0259razil\u0259ri geni\u015fl\u0259ndirib d\u00f6vl\u0259t yaratd\u0131lar, indi d\u0259 n\u00f6vb\u0259 Da\u011fl\u0131q Qaraba\u011fa \u00e7at\u0131b. M\u0259mm\u0259dyarovun nikbinliyi onunla ba\u011fl\u0131d\u0131r ki, m\u00f6vcud \u015f\u0259raitd\u0259 Az\u0259rbaycan\u0131n \u00f6n\u0259mi Rusiya \u00fc\u00e7\u00fcn o q\u0259d\u0259r artacaq ki, Kreml XVIII \u0259srd\u0259n ba\u015flayan strategiyadan imtina ed\u0259c\u0259k. Halbuki, Rusiya c\u0259nub strategiyas\u0131ndan imtina etm\u0259yibs\u0259, Moskvan\u0131n d\u0259st\u0259yin\u0259 arxalanmaq nadanl\u0131qd\u0131r&#8221;.<\/p>\n","protected":false},"excerpt":{"rendered":"<p>S\u00fclh\u0259ddin \u018fkb\u0259r: Rusiya c\u0259nub strategiyas\u0131ndan imtina etm\u0259yibs\u0259, Moskvan\u0131n d\u0259st\u0259yin\u0259 arxalanmaq nadanl\u0131qd\u0131r<\/p>\n","protected":false},"author":11,"featured_media":78462,"comment_status":"closed","ping_status":"open","sticky":false,"template":"","format":"standard","meta":{"_acf_changed":false,"_sitemap_exclude":false,"_sitemap_priority":"","_sitemap_frequency":"","footnotes":""},"categories":[51],"tags":[],"class_list":["post-182233","post","type-post","status-publish","format-standard","has-post-thumbnail","hentry","category-analitika","infinite-scroll-item","generate-columns","tablet-grid-50","mobile-grid-100","grid-parent","grid-33","no-featured-image-padding"],"acf":[],"yoast_head":"<!-- This site is optimized with the Yoast SEO plugin v27.4 - https:\/\/yoast.com\/product\/yoast-seo-wordpress\/ -->\n<title>&#039;&#039;Moskvadak\u0131 dan\u0131\u015f\u0131qlar\u0131n yekununu nikbinlikl\u0259 q\u0259bul ed\u0259 bilm\u0259r\u0259m&#039;&#039; - MEYDAN.TV<\/title>\n<meta name=\"robots\" content=\"index, follow, max-snippet:-1, max-image-preview:large, max-video-preview:-1\" \/>\n<link rel=\"canonical\" href=\"https:\/\/www.meydan.tv\/az\/article\/moskvadaki-danisiqlarin-yekununu-nikbinlikle-qebul-ede-bilmerem\/\" \/>\n<meta property=\"og:locale\" content=\"az_AZ\" \/>\n<meta property=\"og:type\" content=\"article\" \/>\n<meta property=\"og:title\" content=\"&#039;&#039;Moskvadak\u0131 dan\u0131\u015f\u0131qlar\u0131n yekununu nikbinlikl\u0259 q\u0259bul ed\u0259 bilm\u0259r\u0259m&#039;&#039; - MEYDAN.TV\" \/>\n<meta property=\"og:description\" content=\"S\u00fclh\u0259ddin \u018fkb\u0259r: Rusiya c\u0259nub strategiyas\u0131ndan imtina etm\u0259yibs\u0259, Moskvan\u0131n d\u0259st\u0259yin\u0259 arxalanmaq nadanl\u0131qd\u0131r\" \/>\n<meta property=\"og:url\" content=\"https:\/\/www.meydan.tv\/az\/article\/moskvadaki-danisiqlarin-yekununu-nikbinlikle-qebul-ede-bilmerem\/\" \/>\n<meta property=\"og:site_name\" content=\"MEYDAN.TV\" \/>\n<meta property=\"article:published_time\" content=\"2017-01-31T17:26:31+00:00\" \/>\n<meta property=\"og:image\" content=\"https:\/\/www.meydan.tv\/wp-content\/uploads\/30502.jpg\" \/>\n\t<meta property=\"og:image:width\" content=\"1000\" \/>\n\t<meta property=\"og:image:height\" content=\"541\" \/>\n\t<meta property=\"og:image:type\" content=\"image\/jpeg\" \/>\n<meta name=\"author\" content=\"user-manager\" \/>\n<meta name=\"twitter:card\" content=\"summary_large_image\" \/>\n<script type=\"application\/ld+json\" class=\"yoast-schema-graph\">{\"@context\":\"https:\\\/\\\/schema.org\",\"@graph\":[{\"@type\":\"Article\",\"@id\":\"https:\\\/\\\/www.meydan.tv\\\/az\\\/article\\\/moskvadaki-danisiqlarin-yekununu-nikbinlikle-qebul-ede-bilmerem\\\/#article\",\"isPartOf\":{\"@id\":\"https:\\\/\\\/www.meydan.tv\\\/az\\\/article\\\/moskvadaki-danisiqlarin-yekununu-nikbinlikle-qebul-ede-bilmerem\\\/\"},\"author\":{\"name\":\"user-manager\",\"@id\":\"https:\\\/\\\/www.meydan.tv\\\/az\\\/#\\\/schema\\\/person\\\/10d11eccf6da3662cf5fdab9806ea91a\"},\"headline\":\"&#8221;Moskvadak\u0131 dan\u0131\u015f\u0131qlar\u0131n yekununu nikbinlikl\u0259 q\u0259bul ed\u0259 bilm\u0259r\u0259m&#8221;\",\"datePublished\":\"2017-01-31T17:26:31+00:00\",\"mainEntityOfPage\":{\"@id\":\"https:\\\/\\\/www.meydan.tv\\\/az\\\/article\\\/moskvadaki-danisiqlarin-yekununu-nikbinlikle-qebul-ede-bilmerem\\\/\"},\"wordCount\":645,\"publisher\":{\"@id\":\"https:\\\/\\\/www.meydan.tv\\\/az\\\/#organization\"},\"image\":{\"@id\":\"https:\\\/\\\/www.meydan.tv\\\/az\\\/article\\\/moskvadaki-danisiqlarin-yekununu-nikbinlikle-qebul-ede-bilmerem\\\/#primaryimage\"},\"thumbnailUrl\":\"https:\\\/\\\/www.meydan.tv\\\/wp-content\\\/uploads\\\/30502.jpg\",\"articleSection\":[\"Analitika\"],\"inLanguage\":\"az\"},{\"@type\":\"WebPage\",\"@id\":\"https:\\\/\\\/www.meydan.tv\\\/az\\\/article\\\/moskvadaki-danisiqlarin-yekununu-nikbinlikle-qebul-ede-bilmerem\\\/\",\"url\":\"https:\\\/\\\/www.meydan.tv\\\/az\\\/article\\\/moskvadaki-danisiqlarin-yekununu-nikbinlikle-qebul-ede-bilmerem\\\/\",\"name\":\"''Moskvadak\u0131 dan\u0131\u015f\u0131qlar\u0131n yekununu nikbinlikl\u0259 q\u0259bul ed\u0259 bilm\u0259r\u0259m'' - MEYDAN.TV\",\"isPartOf\":{\"@id\":\"https:\\\/\\\/www.meydan.tv\\\/az\\\/#website\"},\"primaryImageOfPage\":{\"@id\":\"https:\\\/\\\/www.meydan.tv\\\/az\\\/article\\\/moskvadaki-danisiqlarin-yekununu-nikbinlikle-qebul-ede-bilmerem\\\/#primaryimage\"},\"image\":{\"@id\":\"https:\\\/\\\/www.meydan.tv\\\/az\\\/article\\\/moskvadaki-danisiqlarin-yekununu-nikbinlikle-qebul-ede-bilmerem\\\/#primaryimage\"},\"thumbnailUrl\":\"https:\\\/\\\/www.meydan.tv\\\/wp-content\\\/uploads\\\/30502.jpg\",\"datePublished\":\"2017-01-31T17:26:31+00:00\",\"breadcrumb\":{\"@id\":\"https:\\\/\\\/www.meydan.tv\\\/az\\\/article\\\/moskvadaki-danisiqlarin-yekununu-nikbinlikle-qebul-ede-bilmerem\\\/#breadcrumb\"},\"inLanguage\":\"az\",\"potentialAction\":[{\"@type\":\"ReadAction\",\"target\":[\"https:\\\/\\\/www.meydan.tv\\\/az\\\/article\\\/moskvadaki-danisiqlarin-yekununu-nikbinlikle-qebul-ede-bilmerem\\\/\"]}]},{\"@type\":\"ImageObject\",\"inLanguage\":\"az\",\"@id\":\"https:\\\/\\\/www.meydan.tv\\\/az\\\/article\\\/moskvadaki-danisiqlarin-yekununu-nikbinlikle-qebul-ede-bilmerem\\\/#primaryimage\",\"url\":\"https:\\\/\\\/www.meydan.tv\\\/wp-content\\\/uploads\\\/30502.jpg\",\"contentUrl\":\"https:\\\/\\\/www.meydan.tv\\\/wp-content\\\/uploads\\\/30502.jpg\",\"width\":1000,\"height\":541,\"caption\":\"Source:\"},{\"@type\":\"BreadcrumbList\",\"@id\":\"https:\\\/\\\/www.meydan.tv\\\/az\\\/article\\\/moskvadaki-danisiqlarin-yekununu-nikbinlikle-qebul-ede-bilmerem\\\/#breadcrumb\",\"itemListElement\":[{\"@type\":\"ListItem\",\"position\":1,\"name\":\"Ana s\u0259hif\u0259\",\"item\":\"https:\\\/\\\/www.meydan.tv\\\/az\\\/\"},{\"@type\":\"ListItem\",\"position\":2,\"name\":\"Analitika\",\"item\":\"https:\\\/\\\/www.meydan.tv\\\/az\\\/section\\\/analitika\\\/\"},{\"@type\":\"ListItem\",\"position\":3,\"name\":\"&#8221;Moskvadak\u0131 dan\u0131\u015f\u0131qlar\u0131n yekununu nikbinlikl\u0259 q\u0259bul ed\u0259 bilm\u0259r\u0259m&#8221;\"}]},{\"@type\":\"WebSite\",\"@id\":\"https:\\\/\\\/www.meydan.tv\\\/az\\\/#website\",\"url\":\"https:\\\/\\\/www.meydan.tv\\\/az\\\/\",\"name\":\"MEYDAN.TV\",\"description\":\"Meydan TV Az\u0259rbaycan\u0131n media m\u0259kan\u0131ndak\u0131 alternativ s\u0259sidir\",\"publisher\":{\"@id\":\"https:\\\/\\\/www.meydan.tv\\\/az\\\/#organization\"},\"potentialAction\":[{\"@type\":\"SearchAction\",\"target\":{\"@type\":\"EntryPoint\",\"urlTemplate\":\"https:\\\/\\\/www.meydan.tv\\\/az\\\/?s={search_term_string}\"},\"query-input\":{\"@type\":\"PropertyValueSpecification\",\"valueRequired\":true,\"valueName\":\"search_term_string\"}}],\"inLanguage\":\"az\"},{\"@type\":\"Organization\",\"@id\":\"https:\\\/\\\/www.meydan.tv\\\/az\\\/#organization\",\"name\":\"Meydan TV\",\"url\":\"https:\\\/\\\/www.meydan.tv\\\/az\\\/\",\"logo\":{\"@type\":\"ImageObject\",\"inLanguage\":\"az\",\"@id\":\"https:\\\/\\\/www.meydan.tv\\\/az\\\/#\\\/schema\\\/logo\\\/image\\\/\",\"url\":\"https:\\\/\\\/www.meydan.tv\\\/wp-content\\\/uploads\\\/2021\\\/07\\\/meydan-logo.svg\",\"contentUrl\":\"https:\\\/\\\/www.meydan.tv\\\/wp-content\\\/uploads\\\/2021\\\/07\\\/meydan-logo.svg\",\"width\":195,\"height\":46,\"caption\":\"Meydan TV\"},\"image\":{\"@id\":\"https:\\\/\\\/www.meydan.tv\\\/az\\\/#\\\/schema\\\/logo\\\/image\\\/\"}},{\"@type\":\"Person\",\"@id\":\"https:\\\/\\\/www.meydan.tv\\\/az\\\/#\\\/schema\\\/person\\\/10d11eccf6da3662cf5fdab9806ea91a\",\"name\":\"user-manager\"}]}<\/script>\n<!-- \/ Yoast SEO plugin. -->","yoast_head_json":{"title":"''Moskvadak\u0131 dan\u0131\u015f\u0131qlar\u0131n yekununu nikbinlikl\u0259 q\u0259bul ed\u0259 bilm\u0259r\u0259m'' - MEYDAN.TV","robots":{"index":"index","follow":"follow","max-snippet":"max-snippet:-1","max-image-preview":"max-image-preview:large","max-video-preview":"max-video-preview:-1"},"canonical":"https:\/\/www.meydan.tv\/az\/article\/moskvadaki-danisiqlarin-yekununu-nikbinlikle-qebul-ede-bilmerem\/","og_locale":"az_AZ","og_type":"article","og_title":"''Moskvadak\u0131 dan\u0131\u015f\u0131qlar\u0131n yekununu nikbinlikl\u0259 q\u0259bul ed\u0259 bilm\u0259r\u0259m'' - MEYDAN.TV","og_description":"S\u00fclh\u0259ddin \u018fkb\u0259r: Rusiya c\u0259nub strategiyas\u0131ndan imtina etm\u0259yibs\u0259, Moskvan\u0131n d\u0259st\u0259yin\u0259 arxalanmaq nadanl\u0131qd\u0131r","og_url":"https:\/\/www.meydan.tv\/az\/article\/moskvadaki-danisiqlarin-yekununu-nikbinlikle-qebul-ede-bilmerem\/","og_site_name":"MEYDAN.TV","article_published_time":"2017-01-31T17:26:31+00:00","og_image":[{"width":1000,"height":541,"url":"https:\/\/www.meydan.tv\/wp-content\/uploads\/30502.jpg","type":"image\/jpeg"}],"author":"user-manager","twitter_card":"summary_large_image","schema":{"@context":"https:\/\/schema.org","@graph":[{"@type":"Article","@id":"https:\/\/www.meydan.tv\/az\/article\/moskvadaki-danisiqlarin-yekununu-nikbinlikle-qebul-ede-bilmerem\/#article","isPartOf":{"@id":"https:\/\/www.meydan.tv\/az\/article\/moskvadaki-danisiqlarin-yekununu-nikbinlikle-qebul-ede-bilmerem\/"},"author":{"name":"user-manager","@id":"https:\/\/www.meydan.tv\/az\/#\/schema\/person\/10d11eccf6da3662cf5fdab9806ea91a"},"headline":"&#8221;Moskvadak\u0131 dan\u0131\u015f\u0131qlar\u0131n yekununu nikbinlikl\u0259 q\u0259bul ed\u0259 bilm\u0259r\u0259m&#8221;","datePublished":"2017-01-31T17:26:31+00:00","mainEntityOfPage":{"@id":"https:\/\/www.meydan.tv\/az\/article\/moskvadaki-danisiqlarin-yekununu-nikbinlikle-qebul-ede-bilmerem\/"},"wordCount":645,"publisher":{"@id":"https:\/\/www.meydan.tv\/az\/#organization"},"image":{"@id":"https:\/\/www.meydan.tv\/az\/article\/moskvadaki-danisiqlarin-yekununu-nikbinlikle-qebul-ede-bilmerem\/#primaryimage"},"thumbnailUrl":"https:\/\/www.meydan.tv\/wp-content\/uploads\/30502.jpg","articleSection":["Analitika"],"inLanguage":"az"},{"@type":"WebPage","@id":"https:\/\/www.meydan.tv\/az\/article\/moskvadaki-danisiqlarin-yekununu-nikbinlikle-qebul-ede-bilmerem\/","url":"https:\/\/www.meydan.tv\/az\/article\/moskvadaki-danisiqlarin-yekununu-nikbinlikle-qebul-ede-bilmerem\/","name":"''Moskvadak\u0131 dan\u0131\u015f\u0131qlar\u0131n yekununu nikbinlikl\u0259 q\u0259bul ed\u0259 bilm\u0259r\u0259m'' - MEYDAN.TV","isPartOf":{"@id":"https:\/\/www.meydan.tv\/az\/#website"},"primaryImageOfPage":{"@id":"https:\/\/www.meydan.tv\/az\/article\/moskvadaki-danisiqlarin-yekununu-nikbinlikle-qebul-ede-bilmerem\/#primaryimage"},"image":{"@id":"https:\/\/www.meydan.tv\/az\/article\/moskvadaki-danisiqlarin-yekununu-nikbinlikle-qebul-ede-bilmerem\/#primaryimage"},"thumbnailUrl":"https:\/\/www.meydan.tv\/wp-content\/uploads\/30502.jpg","datePublished":"2017-01-31T17:26:31+00:00","breadcrumb":{"@id":"https:\/\/www.meydan.tv\/az\/article\/moskvadaki-danisiqlarin-yekununu-nikbinlikle-qebul-ede-bilmerem\/#breadcrumb"},"inLanguage":"az","potentialAction":[{"@type":"ReadAction","target":["https:\/\/www.meydan.tv\/az\/article\/moskvadaki-danisiqlarin-yekununu-nikbinlikle-qebul-ede-bilmerem\/"]}]},{"@type":"ImageObject","inLanguage":"az","@id":"https:\/\/www.meydan.tv\/az\/article\/moskvadaki-danisiqlarin-yekununu-nikbinlikle-qebul-ede-bilmerem\/#primaryimage","url":"https:\/\/www.meydan.tv\/wp-content\/uploads\/30502.jpg","contentUrl":"https:\/\/www.meydan.tv\/wp-content\/uploads\/30502.jpg","width":1000,"height":541,"caption":"Source:"},{"@type":"BreadcrumbList","@id":"https:\/\/www.meydan.tv\/az\/article\/moskvadaki-danisiqlarin-yekununu-nikbinlikle-qebul-ede-bilmerem\/#breadcrumb","itemListElement":[{"@type":"ListItem","position":1,"name":"Ana s\u0259hif\u0259","item":"https:\/\/www.meydan.tv\/az\/"},{"@type":"ListItem","position":2,"name":"Analitika","item":"https:\/\/www.meydan.tv\/az\/section\/analitika\/"},{"@type":"ListItem","position":3,"name":"&#8221;Moskvadak\u0131 dan\u0131\u015f\u0131qlar\u0131n yekununu nikbinlikl\u0259 q\u0259bul ed\u0259 bilm\u0259r\u0259m&#8221;"}]},{"@type":"WebSite","@id":"https:\/\/www.meydan.tv\/az\/#website","url":"https:\/\/www.meydan.tv\/az\/","name":"MEYDAN.TV","description":"Meydan TV Az\u0259rbaycan\u0131n media m\u0259kan\u0131ndak\u0131 alternativ s\u0259sidir","publisher":{"@id":"https:\/\/www.meydan.tv\/az\/#organization"},"potentialAction":[{"@type":"SearchAction","target":{"@type":"EntryPoint","urlTemplate":"https:\/\/www.meydan.tv\/az\/?s={search_term_string}"},"query-input":{"@type":"PropertyValueSpecification","valueRequired":true,"valueName":"search_term_string"}}],"inLanguage":"az"},{"@type":"Organization","@id":"https:\/\/www.meydan.tv\/az\/#organization","name":"Meydan TV","url":"https:\/\/www.meydan.tv\/az\/","logo":{"@type":"ImageObject","inLanguage":"az","@id":"https:\/\/www.meydan.tv\/az\/#\/schema\/logo\/image\/","url":"https:\/\/www.meydan.tv\/wp-content\/uploads\/2021\/07\/meydan-logo.svg","contentUrl":"https:\/\/www.meydan.tv\/wp-content\/uploads\/2021\/07\/meydan-logo.svg","width":195,"height":46,"caption":"Meydan TV"},"image":{"@id":"https:\/\/www.meydan.tv\/az\/#\/schema\/logo\/image\/"}},{"@type":"Person","@id":"https:\/\/www.meydan.tv\/az\/#\/schema\/person\/10d11eccf6da3662cf5fdab9806ea91a","name":"user-manager"}]}},"_links":{"self":[{"href":"https:\/\/www.meydan.tv\/az\/wp-json\/wp\/v2\/posts\/182233","targetHints":{"allow":["GET"]}}],"collection":[{"href":"https:\/\/www.meydan.tv\/az\/wp-json\/wp\/v2\/posts"}],"about":[{"href":"https:\/\/www.meydan.tv\/az\/wp-json\/wp\/v2\/types\/post"}],"author":[{"embeddable":true,"href":"https:\/\/www.meydan.tv\/az\/wp-json\/wp\/v2\/users\/11"}],"replies":[{"embeddable":true,"href":"https:\/\/www.meydan.tv\/az\/wp-json\/wp\/v2\/comments?post=182233"}],"version-history":[{"count":0,"href":"https:\/\/www.meydan.tv\/az\/wp-json\/wp\/v2\/posts\/182233\/revisions"}],"wp:featuredmedia":[{"embeddable":true,"href":"https:\/\/www.meydan.tv\/az\/wp-json\/wp\/v2\/media\/78462"}],"wp:attachment":[{"href":"https:\/\/www.meydan.tv\/az\/wp-json\/wp\/v2\/media?parent=182233"}],"wp:term":[{"taxonomy":"category","embeddable":true,"href":"https:\/\/www.meydan.tv\/az\/wp-json\/wp\/v2\/categories?post=182233"},{"taxonomy":"post_tag","embeddable":true,"href":"https:\/\/www.meydan.tv\/az\/wp-json\/wp\/v2\/tags?post=182233"}],"curies":[{"name":"wp","href":"https:\/\/api.w.org\/{rel}","templated":true}]}}