{"id":182158,"date":"2017-01-26T19:46:36","date_gmt":"2017-01-26T19:46:36","guid":{"rendered":"https:\/\/www.meydan.tv\/article\/qubad-ibadoglu-strateji-yol-xeritesine-emel-olunmadi\/"},"modified":"2017-01-26T19:46:36","modified_gmt":"2017-01-26T19:46:36","slug":"qubad-ibadoglu-strateji-yol-xeritesine-emel-olunmadi","status":"publish","type":"post","link":"https:\/\/www.meydan.tv\/az\/article\/qubad-ibadoglu-strateji-yol-xeritesine-emel-olunmadi\/","title":{"rendered":"Qubad \u0130bado\u011flu: &#8221;Strateji Yol X\u0259rit\u0259si&#8221;n\u0259 \u0259m\u0259l olunmad\u0131"},"content":{"rendered":"<figure class=\"wp-block-image size-large\">\n  <img decoding=\"async\" src=\"https:\/\/www.meydan.tv\/az\/63477\/\" alt=\"\" class=\"wp-image-63477\"\/><figcaption><\/figcaption><\/figure>\n<p>\n  <i><br \/>\n    &#8221;6 ildir dekabrda b\u00fcdc\u0259d\u0259n orta g\u00f6st\u0259ricid\u0259n iki-\u00fc\u00e7 d\u0259f\u0259 \u00e7ox v\u0259sait x\u0259rcl\u0259nir&#8221;<br \/>\n  <\/i>\n<\/p>\n<p>\n  \u201c\u00d6t\u0259n ilin dekabr\u0131nda b\u00fcdc\u0259 x\u0259rcl\u0259m\u0259l\u0259ri ayl\u0131q orta g\u00f6st\u0259ricid\u0259n 2,6 d\u0259f\u0259y\u0259d\u0259k \u00e7ox olub\u201d, &#8211; iqtisad\u00e7\u0131 Qubad \u0130bado\u011flunun s\u00f6zl\u0259ridir. O, bu bar\u0259d\u0259 \u201cFacebook\u201d s\u0259hif\u0259sind\u0259 yaz\u0131b.\n<\/p>\n<p>\n  \u0130qtisad\u00e7\u0131 \u201cStrateji Yol X\u0259rit\u0259si\u201dn\u0259 d\u0259 \u0259m\u0259l olunmad\u0131\u011f\u0131n\u0131 bildirib:\n<\/p>\n<p>\n  \u201cMilli iqtisadiyyat\u0131n perspektivi \u00fczr\u0259 \u201cStrateji Yol X\u0259rit\u0259si\u201dnd\u0259 g\u00f6st\u0259rilir ki, fiskal idar\u0259etm\u0259 il\u0259 ba\u011fl\u0131 dig\u0259r diqq\u0259t\u00e7\u0259k\u0259n m\u0259qam d\u00f6vl\u0259t b\u00fcdc\u0259sinin icras\u0131nda aylar \u00fczr\u0259 m\u00fc\u0259yy\u0259n qeyri\u2013m\u00fct\u0259nasibliyin olmas\u0131d\u0131r. Bir \u00e7ox ill\u0259rd\u0259 d\u00f6vl\u0259t b\u00fcdc\u0259sinin dekabrda icras\u0131 dig\u0259r aylarla m\u00fcqayis\u0259d\u0259 \u0259h\u0259miyy\u0259tli s\u0259viyy\u0259d\u0259 \u00e7ox olur ki, bu da \u00f6z n\u00f6vb\u0259sind\u0259 iqtisadiyyatda m\u00fc\u0259yy\u0259n natarazl\u0131qlar formala\u015fd\u0131r\u0131r\u201d.\n<\/p>\n<p>\n  \u0130qtisad\u00e7\u0131 deyir ki, bel\u0259 qeyri-b\u0259rab\u0259r proporsionall\u0131q 2010-cu ild\u0259n diqq\u0259tini \u00e7\u0259km\u0259y\u0259 ba\u015flay\u0131b. H\u0259l\u0259 o zaman apard\u0131\u011f\u0131 hesablamalara g\u00f6r\u0259, 2010-cu ild\u0259 11.8 milyard manatl\u0131q b\u00fcdc\u0259nin dem\u0259k olar ki, 30 faizi, y\u0259ni 3,3 milyard manat\u0131 yaln\u0131z dekabrda x\u0259rcl\u0259nib:\n<\/p>\n<p>\n  \u201cT\u0259krar hesablamalar g\u00f6st\u0259rir ki, 6 ildir dekabrda orta g\u00f6st\u0259ricid\u0259n iki-\u00fc\u00e7 d\u0259f\u0259 \u00e7ox v\u0259sait x\u0259rcl\u0259nm\u0259si tendensiyas\u0131 davam edir. Bu is\u0259 haql\u0131 olaraq b\u00fcdc\u0259 v\u0259saitl\u0259rinin ilin sonunda x\u0259rcl\u0259nm\u0259si deyil, &#8220;silinm\u0259si&#8221; t\u0259s\u0259vv\u00fcr\u00fcn\u00fc yarad\u0131r v\u0259 eyni zamanda, bu b\u00fcdc\u0259 v\u0259saitl\u0259rind\u0259n s\u0259m\u0259r\u0259siz istifad\u0259nin t\u0259zah\u00fcr\u00fcd\u00fcr\u201d.\n<\/p>\n<p>\n  \u0130qtisad\u00e7\u0131n\u0131n b\u00fcdc\u0259nin \u00f6t\u0259n ilki r\u0259q\u0259ml\u0259ri \u0259sas\u0131nda apard\u0131\u011f\u0131 hesablamalar g\u00f6st\u0259rir ki, \u201cislahat ili\u201d kimi t\u0259qdim olunan 2016-c\u0131 ild\u0259 d\u0259 neqativ tendensiya davam edib:\n<\/p>\n<p>\n  \u201cH\u00f6k\u00fcm\u0259t b\u00fcdc\u0259nin azalmas\u0131na baxmayaraq, israf\u00e7\u0131l\u0131qdan \u0259l \u00e7\u0259km\u0259yib. Bunu Az\u0259rbaycan M\u0259rk\u0259zi Bank\u0131n\u0131n v\u0259 D\u00f6vl\u0259t Statistika Komit\u0259sinin aylar \u00fczr\u0259 b\u00fcdc\u0259 b\u00f6lg\u00fcs\u00fcn\u0259 dair m\u0259lumatlar\u0131na \u0259sas\u0259n dem\u0259k olar\u201d.<\/p>\n","protected":false},"excerpt":{"rendered":"<p>&#8221;6 ildir dekabrda b\u00fcdc\u0259d\u0259n orta g\u00f6st\u0259ricid\u0259n iki-\u00fc\u00e7 d\u0259f\u0259 \u00e7ox v\u0259sait x\u0259rcl\u0259nir&#8221;<\/p>\n","protected":false},"author":11,"featured_media":63477,"comment_status":"closed","ping_status":"open","sticky":false,"template":"","format":"standard","meta":{"_acf_changed":false,"_sitemap_exclude":false,"_sitemap_priority":"","_sitemap_frequency":"","footnotes":""},"categories":[51],"tags":[],"class_list":["post-182158","post","type-post","status-publish","format-standard","has-post-thumbnail","hentry","category-analitika","infinite-scroll-item","generate-columns","tablet-grid-50","mobile-grid-100","grid-parent","grid-33","no-featured-image-padding"],"acf":[],"yoast_head":"<!-- This site is optimized with the Yoast SEO plugin v27.4 - https:\/\/yoast.com\/product\/yoast-seo-wordpress\/ -->\n<title>Qubad \u0130bado\u011flu: &#039;&#039;Strateji Yol X\u0259rit\u0259si&#039;&#039;n\u0259 \u0259m\u0259l olunmad\u0131 - MEYDAN.TV<\/title>\n<meta name=\"robots\" content=\"index, follow, max-snippet:-1, max-image-preview:large, max-video-preview:-1\" \/>\n<link rel=\"canonical\" href=\"https:\/\/www.meydan.tv\/az\/article\/qubad-ibadoglu-strateji-yol-xeritesine-emel-olunmadi\/\" \/>\n<meta property=\"og:locale\" content=\"az_AZ\" \/>\n<meta property=\"og:type\" content=\"article\" \/>\n<meta property=\"og:title\" content=\"Qubad \u0130bado\u011flu: &#039;&#039;Strateji Yol X\u0259rit\u0259si&#039;&#039;n\u0259 \u0259m\u0259l olunmad\u0131 - MEYDAN.TV\" \/>\n<meta property=\"og:description\" content=\"&#039;&#039;6 ildir dekabrda b\u00fcdc\u0259d\u0259n orta g\u00f6st\u0259ricid\u0259n iki-\u00fc\u00e7 d\u0259f\u0259 \u00e7ox v\u0259sait x\u0259rcl\u0259nir&#039;&#039;\" \/>\n<meta property=\"og:url\" content=\"https:\/\/www.meydan.tv\/az\/article\/qubad-ibadoglu-strateji-yol-xeritesine-emel-olunmadi\/\" \/>\n<meta property=\"og:site_name\" content=\"MEYDAN.TV\" \/>\n<meta property=\"article:published_time\" content=\"2017-01-26T19:46:36+00:00\" \/>\n<meta property=\"og:image\" content=\"https:\/\/www.meydan.tv\/wp-content\/uploads\/24193.jpg\" \/>\n\t<meta property=\"og:image:width\" content=\"719\" \/>\n\t<meta property=\"og:image:height\" content=\"479\" \/>\n\t<meta property=\"og:image:type\" content=\"image\/jpeg\" \/>\n<meta name=\"author\" content=\"user-manager\" \/>\n<meta name=\"twitter:card\" content=\"summary_large_image\" \/>\n<script type=\"application\/ld+json\" class=\"yoast-schema-graph\">{\"@context\":\"https:\\\/\\\/schema.org\",\"@graph\":[{\"@type\":\"Article\",\"@id\":\"https:\\\/\\\/www.meydan.tv\\\/az\\\/article\\\/qubad-ibadoglu-strateji-yol-xeritesine-emel-olunmadi\\\/#article\",\"isPartOf\":{\"@id\":\"https:\\\/\\\/www.meydan.tv\\\/az\\\/article\\\/qubad-ibadoglu-strateji-yol-xeritesine-emel-olunmadi\\\/\"},\"author\":{\"name\":\"user-manager\",\"@id\":\"https:\\\/\\\/www.meydan.tv\\\/az\\\/#\\\/schema\\\/person\\\/10d11eccf6da3662cf5fdab9806ea91a\"},\"headline\":\"Qubad \u0130bado\u011flu: &#8221;Strateji Yol X\u0259rit\u0259si&#8221;n\u0259 \u0259m\u0259l olunmad\u0131\",\"datePublished\":\"2017-01-26T19:46:36+00:00\",\"mainEntityOfPage\":{\"@id\":\"https:\\\/\\\/www.meydan.tv\\\/az\\\/article\\\/qubad-ibadoglu-strateji-yol-xeritesine-emel-olunmadi\\\/\"},\"wordCount\":387,\"publisher\":{\"@id\":\"https:\\\/\\\/www.meydan.tv\\\/az\\\/#organization\"},\"image\":{\"@id\":\"https:\\\/\\\/www.meydan.tv\\\/az\\\/article\\\/qubad-ibadoglu-strateji-yol-xeritesine-emel-olunmadi\\\/#primaryimage\"},\"thumbnailUrl\":\"https:\\\/\\\/www.meydan.tv\\\/wp-content\\\/uploads\\\/24193.jpg\",\"articleSection\":[\"Analitika\"],\"inLanguage\":\"az\"},{\"@type\":\"WebPage\",\"@id\":\"https:\\\/\\\/www.meydan.tv\\\/az\\\/article\\\/qubad-ibadoglu-strateji-yol-xeritesine-emel-olunmadi\\\/\",\"url\":\"https:\\\/\\\/www.meydan.tv\\\/az\\\/article\\\/qubad-ibadoglu-strateji-yol-xeritesine-emel-olunmadi\\\/\",\"name\":\"Qubad \u0130bado\u011flu: ''Strateji Yol X\u0259rit\u0259si''n\u0259 \u0259m\u0259l olunmad\u0131 - MEYDAN.TV\",\"isPartOf\":{\"@id\":\"https:\\\/\\\/www.meydan.tv\\\/az\\\/#website\"},\"primaryImageOfPage\":{\"@id\":\"https:\\\/\\\/www.meydan.tv\\\/az\\\/article\\\/qubad-ibadoglu-strateji-yol-xeritesine-emel-olunmadi\\\/#primaryimage\"},\"image\":{\"@id\":\"https:\\\/\\\/www.meydan.tv\\\/az\\\/article\\\/qubad-ibadoglu-strateji-yol-xeritesine-emel-olunmadi\\\/#primaryimage\"},\"thumbnailUrl\":\"https:\\\/\\\/www.meydan.tv\\\/wp-content\\\/uploads\\\/24193.jpg\",\"datePublished\":\"2017-01-26T19:46:36+00:00\",\"breadcrumb\":{\"@id\":\"https:\\\/\\\/www.meydan.tv\\\/az\\\/article\\\/qubad-ibadoglu-strateji-yol-xeritesine-emel-olunmadi\\\/#breadcrumb\"},\"inLanguage\":\"az\",\"potentialAction\":[{\"@type\":\"ReadAction\",\"target\":[\"https:\\\/\\\/www.meydan.tv\\\/az\\\/article\\\/qubad-ibadoglu-strateji-yol-xeritesine-emel-olunmadi\\\/\"]}]},{\"@type\":\"ImageObject\",\"inLanguage\":\"az\",\"@id\":\"https:\\\/\\\/www.meydan.tv\\\/az\\\/article\\\/qubad-ibadoglu-strateji-yol-xeritesine-emel-olunmadi\\\/#primaryimage\",\"url\":\"https:\\\/\\\/www.meydan.tv\\\/wp-content\\\/uploads\\\/24193.jpg\",\"contentUrl\":\"https:\\\/\\\/www.meydan.tv\\\/wp-content\\\/uploads\\\/24193.jpg\",\"width\":719,\"height\":479,\"caption\":\"Source:\"},{\"@type\":\"BreadcrumbList\",\"@id\":\"https:\\\/\\\/www.meydan.tv\\\/az\\\/article\\\/qubad-ibadoglu-strateji-yol-xeritesine-emel-olunmadi\\\/#breadcrumb\",\"itemListElement\":[{\"@type\":\"ListItem\",\"position\":1,\"name\":\"Ana s\u0259hif\u0259\",\"item\":\"https:\\\/\\\/www.meydan.tv\\\/az\\\/\"},{\"@type\":\"ListItem\",\"position\":2,\"name\":\"Analitika\",\"item\":\"https:\\\/\\\/www.meydan.tv\\\/az\\\/section\\\/analitika\\\/\"},{\"@type\":\"ListItem\",\"position\":3,\"name\":\"Qubad \u0130bado\u011flu: &#8221;Strateji Yol X\u0259rit\u0259si&#8221;n\u0259 \u0259m\u0259l olunmad\u0131\"}]},{\"@type\":\"WebSite\",\"@id\":\"https:\\\/\\\/www.meydan.tv\\\/az\\\/#website\",\"url\":\"https:\\\/\\\/www.meydan.tv\\\/az\\\/\",\"name\":\"MEYDAN.TV\",\"description\":\"Meydan TV Az\u0259rbaycan\u0131n media m\u0259kan\u0131ndak\u0131 alternativ s\u0259sidir\",\"publisher\":{\"@id\":\"https:\\\/\\\/www.meydan.tv\\\/az\\\/#organization\"},\"potentialAction\":[{\"@type\":\"SearchAction\",\"target\":{\"@type\":\"EntryPoint\",\"urlTemplate\":\"https:\\\/\\\/www.meydan.tv\\\/az\\\/?s={search_term_string}\"},\"query-input\":{\"@type\":\"PropertyValueSpecification\",\"valueRequired\":true,\"valueName\":\"search_term_string\"}}],\"inLanguage\":\"az\"},{\"@type\":\"Organization\",\"@id\":\"https:\\\/\\\/www.meydan.tv\\\/az\\\/#organization\",\"name\":\"Meydan TV\",\"url\":\"https:\\\/\\\/www.meydan.tv\\\/az\\\/\",\"logo\":{\"@type\":\"ImageObject\",\"inLanguage\":\"az\",\"@id\":\"https:\\\/\\\/www.meydan.tv\\\/az\\\/#\\\/schema\\\/logo\\\/image\\\/\",\"url\":\"https:\\\/\\\/www.meydan.tv\\\/wp-content\\\/uploads\\\/2021\\\/07\\\/meydan-logo.svg\",\"contentUrl\":\"https:\\\/\\\/www.meydan.tv\\\/wp-content\\\/uploads\\\/2021\\\/07\\\/meydan-logo.svg\",\"width\":195,\"height\":46,\"caption\":\"Meydan TV\"},\"image\":{\"@id\":\"https:\\\/\\\/www.meydan.tv\\\/az\\\/#\\\/schema\\\/logo\\\/image\\\/\"}},{\"@type\":\"Person\",\"@id\":\"https:\\\/\\\/www.meydan.tv\\\/az\\\/#\\\/schema\\\/person\\\/10d11eccf6da3662cf5fdab9806ea91a\",\"name\":\"user-manager\"}]}<\/script>\n<!-- \/ Yoast SEO plugin. -->","yoast_head_json":{"title":"Qubad \u0130bado\u011flu: ''Strateji Yol X\u0259rit\u0259si''n\u0259 \u0259m\u0259l olunmad\u0131 - MEYDAN.TV","robots":{"index":"index","follow":"follow","max-snippet":"max-snippet:-1","max-image-preview":"max-image-preview:large","max-video-preview":"max-video-preview:-1"},"canonical":"https:\/\/www.meydan.tv\/az\/article\/qubad-ibadoglu-strateji-yol-xeritesine-emel-olunmadi\/","og_locale":"az_AZ","og_type":"article","og_title":"Qubad \u0130bado\u011flu: ''Strateji Yol X\u0259rit\u0259si''n\u0259 \u0259m\u0259l olunmad\u0131 - MEYDAN.TV","og_description":"''6 ildir dekabrda b\u00fcdc\u0259d\u0259n orta g\u00f6st\u0259ricid\u0259n iki-\u00fc\u00e7 d\u0259f\u0259 \u00e7ox v\u0259sait x\u0259rcl\u0259nir''","og_url":"https:\/\/www.meydan.tv\/az\/article\/qubad-ibadoglu-strateji-yol-xeritesine-emel-olunmadi\/","og_site_name":"MEYDAN.TV","article_published_time":"2017-01-26T19:46:36+00:00","og_image":[{"width":719,"height":479,"url":"https:\/\/www.meydan.tv\/wp-content\/uploads\/24193.jpg","type":"image\/jpeg"}],"author":"user-manager","twitter_card":"summary_large_image","schema":{"@context":"https:\/\/schema.org","@graph":[{"@type":"Article","@id":"https:\/\/www.meydan.tv\/az\/article\/qubad-ibadoglu-strateji-yol-xeritesine-emel-olunmadi\/#article","isPartOf":{"@id":"https:\/\/www.meydan.tv\/az\/article\/qubad-ibadoglu-strateji-yol-xeritesine-emel-olunmadi\/"},"author":{"name":"user-manager","@id":"https:\/\/www.meydan.tv\/az\/#\/schema\/person\/10d11eccf6da3662cf5fdab9806ea91a"},"headline":"Qubad \u0130bado\u011flu: &#8221;Strateji Yol X\u0259rit\u0259si&#8221;n\u0259 \u0259m\u0259l olunmad\u0131","datePublished":"2017-01-26T19:46:36+00:00","mainEntityOfPage":{"@id":"https:\/\/www.meydan.tv\/az\/article\/qubad-ibadoglu-strateji-yol-xeritesine-emel-olunmadi\/"},"wordCount":387,"publisher":{"@id":"https:\/\/www.meydan.tv\/az\/#organization"},"image":{"@id":"https:\/\/www.meydan.tv\/az\/article\/qubad-ibadoglu-strateji-yol-xeritesine-emel-olunmadi\/#primaryimage"},"thumbnailUrl":"https:\/\/www.meydan.tv\/wp-content\/uploads\/24193.jpg","articleSection":["Analitika"],"inLanguage":"az"},{"@type":"WebPage","@id":"https:\/\/www.meydan.tv\/az\/article\/qubad-ibadoglu-strateji-yol-xeritesine-emel-olunmadi\/","url":"https:\/\/www.meydan.tv\/az\/article\/qubad-ibadoglu-strateji-yol-xeritesine-emel-olunmadi\/","name":"Qubad \u0130bado\u011flu: ''Strateji Yol X\u0259rit\u0259si''n\u0259 \u0259m\u0259l olunmad\u0131 - MEYDAN.TV","isPartOf":{"@id":"https:\/\/www.meydan.tv\/az\/#website"},"primaryImageOfPage":{"@id":"https:\/\/www.meydan.tv\/az\/article\/qubad-ibadoglu-strateji-yol-xeritesine-emel-olunmadi\/#primaryimage"},"image":{"@id":"https:\/\/www.meydan.tv\/az\/article\/qubad-ibadoglu-strateji-yol-xeritesine-emel-olunmadi\/#primaryimage"},"thumbnailUrl":"https:\/\/www.meydan.tv\/wp-content\/uploads\/24193.jpg","datePublished":"2017-01-26T19:46:36+00:00","breadcrumb":{"@id":"https:\/\/www.meydan.tv\/az\/article\/qubad-ibadoglu-strateji-yol-xeritesine-emel-olunmadi\/#breadcrumb"},"inLanguage":"az","potentialAction":[{"@type":"ReadAction","target":["https:\/\/www.meydan.tv\/az\/article\/qubad-ibadoglu-strateji-yol-xeritesine-emel-olunmadi\/"]}]},{"@type":"ImageObject","inLanguage":"az","@id":"https:\/\/www.meydan.tv\/az\/article\/qubad-ibadoglu-strateji-yol-xeritesine-emel-olunmadi\/#primaryimage","url":"https:\/\/www.meydan.tv\/wp-content\/uploads\/24193.jpg","contentUrl":"https:\/\/www.meydan.tv\/wp-content\/uploads\/24193.jpg","width":719,"height":479,"caption":"Source:"},{"@type":"BreadcrumbList","@id":"https:\/\/www.meydan.tv\/az\/article\/qubad-ibadoglu-strateji-yol-xeritesine-emel-olunmadi\/#breadcrumb","itemListElement":[{"@type":"ListItem","position":1,"name":"Ana s\u0259hif\u0259","item":"https:\/\/www.meydan.tv\/az\/"},{"@type":"ListItem","position":2,"name":"Analitika","item":"https:\/\/www.meydan.tv\/az\/section\/analitika\/"},{"@type":"ListItem","position":3,"name":"Qubad \u0130bado\u011flu: &#8221;Strateji Yol X\u0259rit\u0259si&#8221;n\u0259 \u0259m\u0259l olunmad\u0131"}]},{"@type":"WebSite","@id":"https:\/\/www.meydan.tv\/az\/#website","url":"https:\/\/www.meydan.tv\/az\/","name":"MEYDAN.TV","description":"Meydan TV Az\u0259rbaycan\u0131n media m\u0259kan\u0131ndak\u0131 alternativ s\u0259sidir","publisher":{"@id":"https:\/\/www.meydan.tv\/az\/#organization"},"potentialAction":[{"@type":"SearchAction","target":{"@type":"EntryPoint","urlTemplate":"https:\/\/www.meydan.tv\/az\/?s={search_term_string}"},"query-input":{"@type":"PropertyValueSpecification","valueRequired":true,"valueName":"search_term_string"}}],"inLanguage":"az"},{"@type":"Organization","@id":"https:\/\/www.meydan.tv\/az\/#organization","name":"Meydan TV","url":"https:\/\/www.meydan.tv\/az\/","logo":{"@type":"ImageObject","inLanguage":"az","@id":"https:\/\/www.meydan.tv\/az\/#\/schema\/logo\/image\/","url":"https:\/\/www.meydan.tv\/wp-content\/uploads\/2021\/07\/meydan-logo.svg","contentUrl":"https:\/\/www.meydan.tv\/wp-content\/uploads\/2021\/07\/meydan-logo.svg","width":195,"height":46,"caption":"Meydan TV"},"image":{"@id":"https:\/\/www.meydan.tv\/az\/#\/schema\/logo\/image\/"}},{"@type":"Person","@id":"https:\/\/www.meydan.tv\/az\/#\/schema\/person\/10d11eccf6da3662cf5fdab9806ea91a","name":"user-manager"}]}},"_links":{"self":[{"href":"https:\/\/www.meydan.tv\/az\/wp-json\/wp\/v2\/posts\/182158","targetHints":{"allow":["GET"]}}],"collection":[{"href":"https:\/\/www.meydan.tv\/az\/wp-json\/wp\/v2\/posts"}],"about":[{"href":"https:\/\/www.meydan.tv\/az\/wp-json\/wp\/v2\/types\/post"}],"author":[{"embeddable":true,"href":"https:\/\/www.meydan.tv\/az\/wp-json\/wp\/v2\/users\/11"}],"replies":[{"embeddable":true,"href":"https:\/\/www.meydan.tv\/az\/wp-json\/wp\/v2\/comments?post=182158"}],"version-history":[{"count":0,"href":"https:\/\/www.meydan.tv\/az\/wp-json\/wp\/v2\/posts\/182158\/revisions"}],"wp:featuredmedia":[{"embeddable":true,"href":"https:\/\/www.meydan.tv\/az\/wp-json\/wp\/v2\/media\/63477"}],"wp:attachment":[{"href":"https:\/\/www.meydan.tv\/az\/wp-json\/wp\/v2\/media?parent=182158"}],"wp:term":[{"taxonomy":"category","embeddable":true,"href":"https:\/\/www.meydan.tv\/az\/wp-json\/wp\/v2\/categories?post=182158"},{"taxonomy":"post_tag","embeddable":true,"href":"https:\/\/www.meydan.tv\/az\/wp-json\/wp\/v2\/tags?post=182158"}],"curies":[{"name":"wp","href":"https:\/\/api.w.org\/{rel}","templated":true}]}}