{"id":182060,"date":"2017-01-23T15:28:23","date_gmt":"2017-01-23T15:28:23","guid":{"rendered":"https:\/\/www.meydan.tv\/article\/media-ekspertleri-jurnalistin-sergey-lavrova-verdiyi-sualda-qusur-gormurler\/"},"modified":"2017-01-23T15:28:23","modified_gmt":"2017-01-23T15:28:23","slug":"media-ekspertleri-jurnalistin-sergey-lavrova-verdiyi-sualda-qusur-gormurler","status":"publish","type":"post","link":"https:\/\/www.meydan.tv\/az\/article\/media-ekspertleri-jurnalistin-sergey-lavrova-verdiyi-sualda-qusur-gormurler\/","title":{"rendered":"Media ekspertl\u0259ri jurnalistin Sergey Lavrova verdiyi sualda q\u00fcsur g\u00f6rm\u00fcrl\u0259r"},"content":{"rendered":"<figure class=\"wp-block-image size-large\">\n  <img decoding=\"async\" src=\"https:\/\/www.meydan.tv\/az\/77936\/\" alt=\"\" class=\"wp-image-77936\"\/><figcaption><\/figcaption><\/figure>\n<p>\n  <i><br \/>\n    Arif \u018fliyev: &#8221;Sual Rusiyaya ba\u011fl\u0131 olanlar\u0131 \u0259l-aya\u011fa sal\u0131b&#8221;<br \/>\n  <\/i>\n<\/p>\n<p>\n  Lider TV-nin Moskvadak\u0131 \u0259m\u0259kda\u015f\u0131 Anar H\u0259s\u0259novun Rusiya xarici i\u015fl\u0259r naziri Sergey Lavrova \u00fcnvanlad\u0131\u011f\u0131 &#8220;Az\u0259rbaycan t\u0259r\u0259finin antiterror \u0259m\u0259liyyatlar\u0131na ba\u015flayaca\u011f\u0131, i\u015f\u011fal olunmu\u015f \u0259razil\u0259ri azad ed\u0259c\u0259yi t\u0259qdird\u0259 Moskva nec\u0259 h\u0259r\u0259k\u0259t ed\u0259c\u0259k, buna g\u00f6z yumacaq, yoxsa Az\u0259rbaycan\u0131n daxili i\u015fl\u0259rin\u0259 qar\u0131\u015facaq&#8221;, &#8211; sual\u0131 g\u00fcnd\u0259min \u0259sas m\u00f6vzusuna \u00e7evrilib.\n<\/p>\n<p>\n  <b><br \/>\n    \u201c\u0130ndiki geosiyasi v\u0259ziyy\u0259td\u0259 jurnalistin Lavrova \u00fcnvanlad\u0131\u011f\u0131 sual t\u0259xribat xarakterlidir\u201d<br \/>\n  <\/b>\n<\/p>\n<p>\n  Sual\u0131n qoyulu\u015fu Anar H\u0259s\u0259novun i\u015fd\u0259n \u00e7\u0131xar\u0131lmas\u0131 il\u0259 n\u0259tic\u0259l\u0259nib. Burada Az\u0259rbaycan\u0131n Rusiyadak\u0131 s\u0259firi Polad B\u00fclb\u00fclo\u011flunun rolu oldu\u011fu bildirils\u0259 d\u0259, s\u0259firlik &#8220;modern.az&#8221;-a deyil\u0259ni t\u0259kzib edib.\n<\/p>\n<p>\n  \u0130kinci m\u0259qam hakimiyy\u0259t\u0259 yax\u0131n median\u0131n olaya yana\u015fmas\u0131d\u0131r. ATV kanal\u0131 yanvar\u0131n 22-d\u0259 Sergey Lavrovu s\u0259rt t\u0259nqid ets\u0259 d\u0259, bir g\u00fcn sonra s\u0259h\u0259r proqram\u0131n\u0131n apar\u0131c\u0131s\u0131 Turan \u0130brahim &#8220;indiki geosiyasi v\u0259ziyy\u0259td\u0259 jurnalistin Lavrova \u00fcnvanlad\u0131\u011f\u0131 sual t\u0259xribat xarakterlidir&#8221;, &#8211; dem\u0259kl\u0259 kanal\u0131 v\u0259ziyy\u0259td\u0259n \u00e7\u0131xar\u0131b.\n<\/p>\n<p>\n  Bununla ba\u011fl\u0131 sosial \u015f\u0259b\u0259k\u0259l\u0259rd\u0259 apar\u0131lan m\u00fczakir\u0259l\u0259rd\u0259 yana\u015fma bel\u0259dir: Hakimiyy\u0259t daxilind\u0259 Rusiyaya qar\u015f\u0131 s\u0259rt siyas\u0259t t\u0259r\u0259fdarlar\u0131 il\u0259 yum\u015faq, loyal x\u0259ttin t\u0259r\u0259fdarlar\u0131 ortaq m\u0259xr\u0259c\u0259 g\u0259l\u0259 bilmirl\u0259r.\n<\/p>\n<p>\n  <b><br \/>\n    \u201cSual\u0131n qoyulu\u015funda, etik t\u0259rtibat\u0131nda he\u00e7 bir problem yox idi\u201d<br \/>\n  <\/b>\n<\/p>\n<p>\n  &#8220;Yeni N\u0259sil&#8221; Jurnalistl\u0259r Birliyinin s\u0259dri Arif \u018fliyev Meydan TV-y\u0259 Anar H\u0259s\u0259novun sual\u0131nda jurnalist etikas\u0131n\u0131 pozan he\u00e7 n\u0259 olmad\u0131\u011f\u0131n\u0131 bildirib:\n<\/p>\n<p>\n  &#8220;Problem Anar H\u0259s\u0259novun rus dilini yax\u015f\u0131 bilm\u0259m\u0259sidir. Onun s\u00f6zl\u0259rin se\u00e7imind\u0259 d\u0259 \u00e7\u0259tinlik \u00e7\u0259kdiyi sezilirdi. Amma sual\u0131n \u00f6z\u00fcnd\u0259, qurulu\u015funda v\u0259 qoyulu\u015funda he\u00e7 bir problem yox idi. Lavrov da cavab ver\u0259nd\u0259 dedi ki, o, bilir narahatl\u0131\u011f\u0131&#8230; Bax, burada nazir sual\u0131n do\u011fru ifad\u0259 olunmamas\u0131na i\u015far\u0259 vurdu. Xat\u0131rlay\u0131rs\u0131n\u0131zsa, az\u0259rbaycanl\u0131 jurnalistin AB\u015e D\u00f6vl\u0259t Departamentind\u0259 d\u0259 ox\u015far problemi yaranm\u0131\u015fd\u0131. Dili kifay\u0259t q\u0259d\u0259r yax\u015f\u0131 bil\u0259n jurnalistl\u0259rimiz olmal\u0131d\u0131r. Bu, rus dilidir, italyan dili deyil ki, \u00e7\u0259tinlik \u00e7\u0259ksinl\u0259r. Bilir\u0259m ki, Az\u0259rbaycan M\u0259rk\u0259zi Televiziyas\u0131n\u0131n v\u0259 &#8220;Az\u0259rtac&#8221;-\u0131n xaricd\u0259ki jurnalistl\u0259rinin d\u0259 dili yax\u015f\u0131 bilm\u0259k probleml\u0259ri var&#8221;.\n<\/p>\n<p>\n  <b><br \/>\n    \u201cSualda c\u0259sar\u0259t, ya da v\u0259t\u0259np\u0259rv\u0259rlik axtar\u0131lmamal\u0131d\u0131r\u201d<br \/>\n  <\/b>\n<\/p>\n<p>\n  Arif \u018fliyev deyir ki, \u0259slind\u0259, Anar H\u0259s\u0259novun sual\u0131nda el\u0259 bir c\u0259sar\u0259t, ya da v\u0259t\u0259np\u0259rv\u0259rlik axtar\u0131lmamal\u0131d\u0131r:\n<\/p>\n<figure class=\"wp-block-image size-large\">\n  <img decoding=\"async\" src=\"https:\/\/www.meydan.tv\/az\/54264\/\" alt=\"\" class=\"wp-image-54264\"\/><figcaption>\n    Arif \u018fliyev<br \/>\n  <\/figcaption><\/figure>\n<p>\n  &#8220;Sad\u0259c\u0259 Az\u0259rbaycan\u0131n bir \u00e7ox m\u0259muru, x\u00fcsusil\u0259 media sah\u0259sind\u0259 olanlar Rusiyadan &#8220;yeml\u0259nirl\u0259r&#8221;. Bu adamlar Rusiya K\u0130V-ni Az\u0259rbaycanda yarad\u0131r v\u0259 onun t\u0259siril\u0259 h\u0259r\u0259k\u0259t edirl\u0259r&#8221;.\n<\/p>\n<p>\n  H\u00f6kum\u0259tin t\u0259sirind\u0259 olan media qurumlar\u0131na g\u0259linc\u0259, Arif \u018fliyev deyir ki, g\u00f6r\u00fcn\u00fcr Rusiya X\u0130N m\u0259tbuat xidm\u0259tinin r\u0259hb\u0259ri Mariya Zaxarova Bak\u0131dak\u0131lara irad bildirib v\u0259 Rusiyaya ba\u011fl\u0131 olanlar m\u00f6hk\u0259m \u0259l-aya\u011fa d\u00fc\u015f\u00fcbl\u0259r:\n<\/p>\n<p>\n  \u201cN\u0259tic\u0259d\u0259 h\u0259r \u015fey qar\u0131\u015f\u0131b bir-birin\u0259\u201d.\n<\/p>\n<p>\n  <b><br \/>\n    \u201cLavrovun cavab\u0131 beyn\u0259lxalq h\u00fcquq bax\u0131m\u0131ndan yanl\u0131\u015fd\u0131r\u201d<br \/>\n  <\/b>\n<\/p>\n<p>\n  Telejurnalist Qulu M\u0259h\u0259rr\u0259mli Rusiya ba\u015f diplomat\u0131na veril\u0259n sual\u0131n \u00e7ox normal, m\u0259ntiqli v\u0259 Az\u0259rbaycan c\u0259miyy\u0259tinin narahatl\u0131\u011f\u0131n\u0131 ifad\u0259 etdiyini d\u00fc\u015f\u00fcn\u00fcr:\n<\/p>\n<figure class=\"wp-block-image size-large\">\n  <img decoding=\"async\" src=\"https:\/\/www.meydan.tv\/az\/54879\/\" alt=\"\" class=\"wp-image-54879\"\/><figcaption>\n    Qulu M\u0259h\u0259rr\u0259mli<br \/>\n  <\/figcaption><\/figure>\n<p>\n  &#8220;Sual verm\u0259k jurnalistin h\u00fcququdur v\u0259 jurnalist c\u0259miyy\u0259tin ad\u0131ndan dan\u0131\u015f\u0131r, suallar\u0131n\u0131 verir. Sergey Lavrov ona cavab ver\u0259 d\u0259 bil\u0259r, verm\u0259y\u0259 d\u0259. Amma nazirin cavab\u0131n\u0131n birinci hiss\u0259si qeyri-diplomatik idi. \u015e\u00fcuralt\u0131 Rusiyan\u0131n m\u00f6vqeyini o \u015f\u0259kild\u0259 b\u00fcruz\u0259 verib, Az\u0259rbaycan\u0131n suverenliyini \u015f\u00fcbh\u0259 alt\u0131na almaq olmazd\u0131. Beyn\u0259lxalq qanunlara g\u00f6r\u0259, Da\u011fl\u0131q Qaraba\u011f Az\u0259rbaycan\u0131n t\u0259rkib hiss\u0259si oldu\u011fundan h\u0259r hans\u0131 \u0259m\u0259liyyat ke\u00e7irm\u0259k h\u00fcququmuz var. Bu m\u0259nada Lavrovun cavab\u0131 beyn\u0259lxalq h\u00fcquq bax\u0131m\u0131ndan yanl\u0131\u015fd\u0131r\u201d.\n<\/p>\n<p>\n  Qulu M\u0259h\u0259rr\u0259mli bildirir ki, bu c\u00fcr h\u0259ssas durumda yana\u015fmalar\u0131n f\u0259rqli olmas\u0131 t\u0259biidir. Amma bunun hans\u0131 tendensiyan\u0131n g\u00f6st\u0259ricisi oldu\u011funu dem\u0259k \u00e7\u0259tindir.\n<\/p>\n<p>\n  <b><br \/>\n    \u201cJurnalistin sual\u0131nda he\u00e7 bir q\u00fcsur yox idi\u201d<br \/>\n  <\/b>\n<\/p>\n<p>\n  &#8220;Zerkalo&#8221; q\u0259zetinin ba\u015f redaktoru El\u00e7in \u015e\u0131xl\u0131 hesab edir ki, Anar H\u0259s\u0259novun sual\u0131 do\u011fru idi v\u0259 he\u00e7 bir q\u00fcsur yoxdu. Sad\u0259c\u0259 nazirin cavab\u0131 yalan v\u0259 yanl\u0131\u015f idi:\n<\/p>\n<figure class=\"wp-block-image size-large\">\n  <img decoding=\"async\" src=\"https:\/\/www.meydan.tv\/az\/61765\/\" alt=\"\" class=\"wp-image-61765\"\/><figcaption>\n    El\u00e7in \u015e\u0131xl\u0131<br \/>\n  <\/figcaption><\/figure>\n<p>\n  \u201cLavrov BMT T\u0259hl\u00fck\u0259sizlik \u015euras\u0131n\u0131n 4-c\u00fc q\u0259tnam\u0259sind\u0259 erm\u0259ni silahl\u0131 q\u00fcvv\u0259l\u0259rinin i\u015f\u011fal alt\u0131ndak\u0131 \u0259razil\u0259rd\u0259n \u00e7\u0131xar\u0131lmas\u0131 qeydini g\u00f6st\u0259rm\u0259di. Nazir dedi ki, Qaraba\u011f\u0131n statusu m\u00fc\u0259yy\u0259n edil\u0259nd\u0259n sonra i\u015f\u011fal olunmu\u015f \u0259razil\u0259r qaytar\u0131la bil\u0259r. Q\u0259tnam\u0259l\u0259rd\u0259 bu m\u0259s\u0259l\u0259 yoxdur, bu, yaln\u0131z t\u0259klifdir. Problemin paket h\u0259llin\u0259 g\u0259ldikd\u0259, Bak\u0131 buna raz\u0131 deyil&#8221;.\n<\/p>\n<p>\n  <b><br \/>\n    Tarix\u00e7\u0259<br \/>\n  <\/b>\n<\/p>\n<p>\n  \u00d6t\u0259n h\u0259ft\u0259 Rusiya xarici i\u015fl\u0259r nazirinin m\u0259tbuat konfrans\u0131nda Anar H\u0259s\u0259nov Sergey Lavrova &#8220;Az\u0259baycan t\u0259r\u0259finin antiterror \u0259m\u0259liyyatlar\u0131na ba\u015flayaca\u011f\u0131 v\u0259 i\u015f\u011fal olunmu\u015f \u0259razil\u0259ri i\u015f\u011fal\u00e7\u0131lardan t\u0259mizl\u0259y\u0259c\u0259yi halda Moskva nec\u0259 h\u0259r\u0259k\u0259t ed\u0259c\u0259k, buna g\u00f6z yumacaq, yoxsa Az\u0259rbaycan\u0131n daxili i\u015fl\u0259rin\u0259 qar\u0131\u015facaq&#8221; sual\u0131na Lavrov &#8220;Da\u011fl\u0131q Qaraba\u011fda g\u00fcc \u0259m\u0259liyyatlar\u0131n\u0131n v\u0259 d\u00f6y\u00fc\u015f h\u0259r\u0259k\u0259tl\u0259rinin ke\u00e7irilm\u0259si Az\u0259rbaycan\u0131n daxili i\u015fi deyil&#8221; cavab\u0131n\u0131 vermi\u015fdi.\n<\/p>\n<p>\n  Yerli media yaz\u0131r ki, jurnalistin bu sual\u0131 siyasi dair\u0259l\u0259rd\u0259 narahatl\u0131q yarad\u0131b. H\u0259tta jurnalistin i\u015fd\u0259n \u00e7\u0131xar\u0131lmas\u0131nda Az\u0259rbaycan\u0131n Rusiyadak\u0131 s\u0259firi Polad B\u00fclb\u00fclo\u011flunun da ad\u0131 hallan\u0131r.\n<\/p>\n<\/p>\n<p>\n  Moskvada \u00e7al\u0131\u015fan, adlar\u0131n\u0131n \u00e7\u0259kilm\u0259sini ist\u0259m\u0259y\u0259n bir ne\u00e7\u0259 az\u0259rbaycanl\u0131 jurnalist d\u0259 bu sualdan sonra Anar H\u0259s\u0259novun Polad B\u00fclb\u00fclo\u011flunun t\u0259qdimat\u0131 il\u0259 i\u015fd\u0259n \u00e7\u0131xar\u0131ld\u0131\u011f\u0131n\u0131 bildirib.\n<\/p>\n<p>\n  Anar H\u0259s\u0259nov Azadl\u0131q Radiosna a\u00e7\u0131qlamas\u0131nda i\u015fd\u0259n \u00e7\u0131xar\u0131ld\u0131\u011f\u0131n\u0131 t\u0259sdiql\u0259yib v\u0259 s\u0259b\u0259bini izah etm\u0259yib.\n<\/p>\n<p>\n  &#8220;Lider&#8221; TV-nin \u00a0\u201cX\u0259b\u0259rl\u0259r\u201d departamentinin r\u0259isi Anar \u015e\u00fck\u00fcrov Modern.az-a deyib ki, m\u00fcxbirin i\u015fd\u0259n azad edilm\u0259sinin \u00fcnvanland\u0131\u011f\u0131 sualla he\u00e7 bir \u0259laq\u0259si yoxdur:\n<\/p>\n<p>\n  \u201cT\u0259\u0259ss\u00fcf ki, Anar H\u0259s\u0259novun i\u015fd\u0259n azad olunmas\u0131 m\u0259hz bu \u0259r\u0259f\u0259y\u0259 d\u00fc\u015fd\u00fc. Y\u0259ni m\u00fcxbirin i\u015fd\u0259n \u00e7\u0131xar\u0131lmas\u0131 Rusiya xarici i\u015fl\u0259r nazirin\u0259 \u00fcnvanland\u0131\u011f\u0131 sualla ba\u011fl\u0131 deyil\u201d.\n<\/p>\n<p>\n  O bildirib ki, Anar H\u0259s\u0259nov televiziyan\u0131n daxili \u0259mri il\u0259 i\u015fd\u0259n azad edilib.<\/p>\n","protected":false},"excerpt":{"rendered":"<p>Arif \u018fliyev: &#8221;Sual Rusiyaya ba\u011fl\u0131 olanlar\u0131 \u0259l-aya\u011fa sal\u0131b&#8221;<\/p>\n","protected":false},"author":11,"featured_media":77936,"comment_status":"closed","ping_status":"open","sticky":false,"template":"","format":"standard","meta":{"_acf_changed":false,"_sitemap_exclude":false,"_sitemap_priority":"","_sitemap_frequency":"","footnotes":""},"categories":[56],"tags":[],"class_list":["post-182060","post","type-post","status-publish","format-standard","has-post-thumbnail","hentry","category-xeberler","infinite-scroll-item","generate-columns","tablet-grid-50","mobile-grid-100","grid-parent","grid-33","no-featured-image-padding"],"acf":[],"yoast_head":"<!-- This site is optimized with the Yoast SEO plugin v27.4 - https:\/\/yoast.com\/product\/yoast-seo-wordpress\/ -->\n<title>Media ekspertl\u0259ri jurnalistin Sergey Lavrova verdiyi sualda q\u00fcsur g\u00f6rm\u00fcrl\u0259r - MEYDAN.TV<\/title>\n<meta name=\"robots\" content=\"index, follow, max-snippet:-1, max-image-preview:large, max-video-preview:-1\" \/>\n<link rel=\"canonical\" href=\"https:\/\/www.meydan.tv\/az\/article\/media-ekspertleri-jurnalistin-sergey-lavrova-verdiyi-sualda-qusur-gormurler\/\" \/>\n<meta property=\"og:locale\" content=\"az_AZ\" \/>\n<meta property=\"og:type\" content=\"article\" \/>\n<meta property=\"og:title\" content=\"Media ekspertl\u0259ri jurnalistin Sergey Lavrova verdiyi sualda q\u00fcsur g\u00f6rm\u00fcrl\u0259r - MEYDAN.TV\" \/>\n<meta property=\"og:description\" content=\"Arif \u018fliyev: &#039;&#039;Sual Rusiyaya ba\u011fl\u0131 olanlar\u0131 \u0259l-aya\u011fa sal\u0131b&#039;&#039;\" \/>\n<meta property=\"og:url\" content=\"https:\/\/www.meydan.tv\/az\/article\/media-ekspertleri-jurnalistin-sergey-lavrova-verdiyi-sualda-qusur-gormurler\/\" \/>\n<meta property=\"og:site_name\" content=\"MEYDAN.TV\" \/>\n<meta property=\"article:published_time\" content=\"2017-01-23T15:28:23+00:00\" \/>\n<meta property=\"og:image\" content=\"https:\/\/www.meydan.tv\/wp-content\/uploads\/30289.jpg\" \/>\n\t<meta property=\"og:image:width\" content=\"722\" \/>\n\t<meta property=\"og:image:height\" content=\"433\" \/>\n\t<meta property=\"og:image:type\" content=\"image\/jpeg\" \/>\n<meta name=\"author\" content=\"user-manager\" \/>\n<meta name=\"twitter:card\" content=\"summary_large_image\" \/>\n<script type=\"application\/ld+json\" class=\"yoast-schema-graph\">{\"@context\":\"https:\\\/\\\/schema.org\",\"@graph\":[{\"@type\":\"Article\",\"@id\":\"https:\\\/\\\/www.meydan.tv\\\/az\\\/article\\\/media-ekspertleri-jurnalistin-sergey-lavrova-verdiyi-sualda-qusur-gormurler\\\/#article\",\"isPartOf\":{\"@id\":\"https:\\\/\\\/www.meydan.tv\\\/az\\\/article\\\/media-ekspertleri-jurnalistin-sergey-lavrova-verdiyi-sualda-qusur-gormurler\\\/\"},\"author\":{\"name\":\"user-manager\",\"@id\":\"https:\\\/\\\/www.meydan.tv\\\/az\\\/#\\\/schema\\\/person\\\/10d11eccf6da3662cf5fdab9806ea91a\"},\"headline\":\"Media ekspertl\u0259ri jurnalistin Sergey Lavrova verdiyi sualda q\u00fcsur g\u00f6rm\u00fcrl\u0259r\",\"datePublished\":\"2017-01-23T15:28:23+00:00\",\"mainEntityOfPage\":{\"@id\":\"https:\\\/\\\/www.meydan.tv\\\/az\\\/article\\\/media-ekspertleri-jurnalistin-sergey-lavrova-verdiyi-sualda-qusur-gormurler\\\/\"},\"wordCount\":1185,\"publisher\":{\"@id\":\"https:\\\/\\\/www.meydan.tv\\\/az\\\/#organization\"},\"image\":{\"@id\":\"https:\\\/\\\/www.meydan.tv\\\/az\\\/article\\\/media-ekspertleri-jurnalistin-sergey-lavrova-verdiyi-sualda-qusur-gormurler\\\/#primaryimage\"},\"thumbnailUrl\":\"https:\\\/\\\/www.meydan.tv\\\/wp-content\\\/uploads\\\/30289.jpg\",\"articleSection\":[\"X\u0259b\u0259rl\u0259r\"],\"inLanguage\":\"az\"},{\"@type\":\"WebPage\",\"@id\":\"https:\\\/\\\/www.meydan.tv\\\/az\\\/article\\\/media-ekspertleri-jurnalistin-sergey-lavrova-verdiyi-sualda-qusur-gormurler\\\/\",\"url\":\"https:\\\/\\\/www.meydan.tv\\\/az\\\/article\\\/media-ekspertleri-jurnalistin-sergey-lavrova-verdiyi-sualda-qusur-gormurler\\\/\",\"name\":\"Media ekspertl\u0259ri jurnalistin Sergey Lavrova verdiyi sualda q\u00fcsur g\u00f6rm\u00fcrl\u0259r - MEYDAN.TV\",\"isPartOf\":{\"@id\":\"https:\\\/\\\/www.meydan.tv\\\/az\\\/#website\"},\"primaryImageOfPage\":{\"@id\":\"https:\\\/\\\/www.meydan.tv\\\/az\\\/article\\\/media-ekspertleri-jurnalistin-sergey-lavrova-verdiyi-sualda-qusur-gormurler\\\/#primaryimage\"},\"image\":{\"@id\":\"https:\\\/\\\/www.meydan.tv\\\/az\\\/article\\\/media-ekspertleri-jurnalistin-sergey-lavrova-verdiyi-sualda-qusur-gormurler\\\/#primaryimage\"},\"thumbnailUrl\":\"https:\\\/\\\/www.meydan.tv\\\/wp-content\\\/uploads\\\/30289.jpg\",\"datePublished\":\"2017-01-23T15:28:23+00:00\",\"breadcrumb\":{\"@id\":\"https:\\\/\\\/www.meydan.tv\\\/az\\\/article\\\/media-ekspertleri-jurnalistin-sergey-lavrova-verdiyi-sualda-qusur-gormurler\\\/#breadcrumb\"},\"inLanguage\":\"az\",\"potentialAction\":[{\"@type\":\"ReadAction\",\"target\":[\"https:\\\/\\\/www.meydan.tv\\\/az\\\/article\\\/media-ekspertleri-jurnalistin-sergey-lavrova-verdiyi-sualda-qusur-gormurler\\\/\"]}]},{\"@type\":\"ImageObject\",\"inLanguage\":\"az\",\"@id\":\"https:\\\/\\\/www.meydan.tv\\\/az\\\/article\\\/media-ekspertleri-jurnalistin-sergey-lavrova-verdiyi-sualda-qusur-gormurler\\\/#primaryimage\",\"url\":\"https:\\\/\\\/www.meydan.tv\\\/wp-content\\\/uploads\\\/30289.jpg\",\"contentUrl\":\"https:\\\/\\\/www.meydan.tv\\\/wp-content\\\/uploads\\\/30289.jpg\",\"width\":722,\"height\":433,\"caption\":\"Source:\"},{\"@type\":\"BreadcrumbList\",\"@id\":\"https:\\\/\\\/www.meydan.tv\\\/az\\\/article\\\/media-ekspertleri-jurnalistin-sergey-lavrova-verdiyi-sualda-qusur-gormurler\\\/#breadcrumb\",\"itemListElement\":[{\"@type\":\"ListItem\",\"position\":1,\"name\":\"Ana s\u0259hif\u0259\",\"item\":\"https:\\\/\\\/www.meydan.tv\\\/az\\\/\"},{\"@type\":\"ListItem\",\"position\":2,\"name\":\"X\u0259b\u0259rl\u0259r\",\"item\":\"https:\\\/\\\/www.meydan.tv\\\/az\\\/section\\\/xeberler\\\/\"},{\"@type\":\"ListItem\",\"position\":3,\"name\":\"Media ekspertl\u0259ri jurnalistin Sergey Lavrova verdiyi sualda q\u00fcsur g\u00f6rm\u00fcrl\u0259r\"}]},{\"@type\":\"WebSite\",\"@id\":\"https:\\\/\\\/www.meydan.tv\\\/az\\\/#website\",\"url\":\"https:\\\/\\\/www.meydan.tv\\\/az\\\/\",\"name\":\"MEYDAN.TV\",\"description\":\"Meydan TV Az\u0259rbaycan\u0131n media m\u0259kan\u0131ndak\u0131 alternativ s\u0259sidir\",\"publisher\":{\"@id\":\"https:\\\/\\\/www.meydan.tv\\\/az\\\/#organization\"},\"potentialAction\":[{\"@type\":\"SearchAction\",\"target\":{\"@type\":\"EntryPoint\",\"urlTemplate\":\"https:\\\/\\\/www.meydan.tv\\\/az\\\/?s={search_term_string}\"},\"query-input\":{\"@type\":\"PropertyValueSpecification\",\"valueRequired\":true,\"valueName\":\"search_term_string\"}}],\"inLanguage\":\"az\"},{\"@type\":\"Organization\",\"@id\":\"https:\\\/\\\/www.meydan.tv\\\/az\\\/#organization\",\"name\":\"Meydan TV\",\"url\":\"https:\\\/\\\/www.meydan.tv\\\/az\\\/\",\"logo\":{\"@type\":\"ImageObject\",\"inLanguage\":\"az\",\"@id\":\"https:\\\/\\\/www.meydan.tv\\\/az\\\/#\\\/schema\\\/logo\\\/image\\\/\",\"url\":\"https:\\\/\\\/www.meydan.tv\\\/wp-content\\\/uploads\\\/2021\\\/07\\\/meydan-logo.svg\",\"contentUrl\":\"https:\\\/\\\/www.meydan.tv\\\/wp-content\\\/uploads\\\/2021\\\/07\\\/meydan-logo.svg\",\"width\":195,\"height\":46,\"caption\":\"Meydan TV\"},\"image\":{\"@id\":\"https:\\\/\\\/www.meydan.tv\\\/az\\\/#\\\/schema\\\/logo\\\/image\\\/\"}},{\"@type\":\"Person\",\"@id\":\"https:\\\/\\\/www.meydan.tv\\\/az\\\/#\\\/schema\\\/person\\\/10d11eccf6da3662cf5fdab9806ea91a\",\"name\":\"user-manager\"}]}<\/script>\n<!-- \/ Yoast SEO plugin. -->","yoast_head_json":{"title":"Media ekspertl\u0259ri jurnalistin Sergey Lavrova verdiyi sualda q\u00fcsur g\u00f6rm\u00fcrl\u0259r - MEYDAN.TV","robots":{"index":"index","follow":"follow","max-snippet":"max-snippet:-1","max-image-preview":"max-image-preview:large","max-video-preview":"max-video-preview:-1"},"canonical":"https:\/\/www.meydan.tv\/az\/article\/media-ekspertleri-jurnalistin-sergey-lavrova-verdiyi-sualda-qusur-gormurler\/","og_locale":"az_AZ","og_type":"article","og_title":"Media ekspertl\u0259ri jurnalistin Sergey Lavrova verdiyi sualda q\u00fcsur g\u00f6rm\u00fcrl\u0259r - MEYDAN.TV","og_description":"Arif \u018fliyev: ''Sual Rusiyaya ba\u011fl\u0131 olanlar\u0131 \u0259l-aya\u011fa sal\u0131b''","og_url":"https:\/\/www.meydan.tv\/az\/article\/media-ekspertleri-jurnalistin-sergey-lavrova-verdiyi-sualda-qusur-gormurler\/","og_site_name":"MEYDAN.TV","article_published_time":"2017-01-23T15:28:23+00:00","og_image":[{"width":722,"height":433,"url":"https:\/\/www.meydan.tv\/wp-content\/uploads\/30289.jpg","type":"image\/jpeg"}],"author":"user-manager","twitter_card":"summary_large_image","schema":{"@context":"https:\/\/schema.org","@graph":[{"@type":"Article","@id":"https:\/\/www.meydan.tv\/az\/article\/media-ekspertleri-jurnalistin-sergey-lavrova-verdiyi-sualda-qusur-gormurler\/#article","isPartOf":{"@id":"https:\/\/www.meydan.tv\/az\/article\/media-ekspertleri-jurnalistin-sergey-lavrova-verdiyi-sualda-qusur-gormurler\/"},"author":{"name":"user-manager","@id":"https:\/\/www.meydan.tv\/az\/#\/schema\/person\/10d11eccf6da3662cf5fdab9806ea91a"},"headline":"Media ekspertl\u0259ri jurnalistin Sergey Lavrova verdiyi sualda q\u00fcsur g\u00f6rm\u00fcrl\u0259r","datePublished":"2017-01-23T15:28:23+00:00","mainEntityOfPage":{"@id":"https:\/\/www.meydan.tv\/az\/article\/media-ekspertleri-jurnalistin-sergey-lavrova-verdiyi-sualda-qusur-gormurler\/"},"wordCount":1185,"publisher":{"@id":"https:\/\/www.meydan.tv\/az\/#organization"},"image":{"@id":"https:\/\/www.meydan.tv\/az\/article\/media-ekspertleri-jurnalistin-sergey-lavrova-verdiyi-sualda-qusur-gormurler\/#primaryimage"},"thumbnailUrl":"https:\/\/www.meydan.tv\/wp-content\/uploads\/30289.jpg","articleSection":["X\u0259b\u0259rl\u0259r"],"inLanguage":"az"},{"@type":"WebPage","@id":"https:\/\/www.meydan.tv\/az\/article\/media-ekspertleri-jurnalistin-sergey-lavrova-verdiyi-sualda-qusur-gormurler\/","url":"https:\/\/www.meydan.tv\/az\/article\/media-ekspertleri-jurnalistin-sergey-lavrova-verdiyi-sualda-qusur-gormurler\/","name":"Media ekspertl\u0259ri jurnalistin Sergey Lavrova verdiyi sualda q\u00fcsur g\u00f6rm\u00fcrl\u0259r - MEYDAN.TV","isPartOf":{"@id":"https:\/\/www.meydan.tv\/az\/#website"},"primaryImageOfPage":{"@id":"https:\/\/www.meydan.tv\/az\/article\/media-ekspertleri-jurnalistin-sergey-lavrova-verdiyi-sualda-qusur-gormurler\/#primaryimage"},"image":{"@id":"https:\/\/www.meydan.tv\/az\/article\/media-ekspertleri-jurnalistin-sergey-lavrova-verdiyi-sualda-qusur-gormurler\/#primaryimage"},"thumbnailUrl":"https:\/\/www.meydan.tv\/wp-content\/uploads\/30289.jpg","datePublished":"2017-01-23T15:28:23+00:00","breadcrumb":{"@id":"https:\/\/www.meydan.tv\/az\/article\/media-ekspertleri-jurnalistin-sergey-lavrova-verdiyi-sualda-qusur-gormurler\/#breadcrumb"},"inLanguage":"az","potentialAction":[{"@type":"ReadAction","target":["https:\/\/www.meydan.tv\/az\/article\/media-ekspertleri-jurnalistin-sergey-lavrova-verdiyi-sualda-qusur-gormurler\/"]}]},{"@type":"ImageObject","inLanguage":"az","@id":"https:\/\/www.meydan.tv\/az\/article\/media-ekspertleri-jurnalistin-sergey-lavrova-verdiyi-sualda-qusur-gormurler\/#primaryimage","url":"https:\/\/www.meydan.tv\/wp-content\/uploads\/30289.jpg","contentUrl":"https:\/\/www.meydan.tv\/wp-content\/uploads\/30289.jpg","width":722,"height":433,"caption":"Source:"},{"@type":"BreadcrumbList","@id":"https:\/\/www.meydan.tv\/az\/article\/media-ekspertleri-jurnalistin-sergey-lavrova-verdiyi-sualda-qusur-gormurler\/#breadcrumb","itemListElement":[{"@type":"ListItem","position":1,"name":"Ana s\u0259hif\u0259","item":"https:\/\/www.meydan.tv\/az\/"},{"@type":"ListItem","position":2,"name":"X\u0259b\u0259rl\u0259r","item":"https:\/\/www.meydan.tv\/az\/section\/xeberler\/"},{"@type":"ListItem","position":3,"name":"Media ekspertl\u0259ri jurnalistin Sergey Lavrova verdiyi sualda q\u00fcsur g\u00f6rm\u00fcrl\u0259r"}]},{"@type":"WebSite","@id":"https:\/\/www.meydan.tv\/az\/#website","url":"https:\/\/www.meydan.tv\/az\/","name":"MEYDAN.TV","description":"Meydan TV Az\u0259rbaycan\u0131n media m\u0259kan\u0131ndak\u0131 alternativ s\u0259sidir","publisher":{"@id":"https:\/\/www.meydan.tv\/az\/#organization"},"potentialAction":[{"@type":"SearchAction","target":{"@type":"EntryPoint","urlTemplate":"https:\/\/www.meydan.tv\/az\/?s={search_term_string}"},"query-input":{"@type":"PropertyValueSpecification","valueRequired":true,"valueName":"search_term_string"}}],"inLanguage":"az"},{"@type":"Organization","@id":"https:\/\/www.meydan.tv\/az\/#organization","name":"Meydan TV","url":"https:\/\/www.meydan.tv\/az\/","logo":{"@type":"ImageObject","inLanguage":"az","@id":"https:\/\/www.meydan.tv\/az\/#\/schema\/logo\/image\/","url":"https:\/\/www.meydan.tv\/wp-content\/uploads\/2021\/07\/meydan-logo.svg","contentUrl":"https:\/\/www.meydan.tv\/wp-content\/uploads\/2021\/07\/meydan-logo.svg","width":195,"height":46,"caption":"Meydan TV"},"image":{"@id":"https:\/\/www.meydan.tv\/az\/#\/schema\/logo\/image\/"}},{"@type":"Person","@id":"https:\/\/www.meydan.tv\/az\/#\/schema\/person\/10d11eccf6da3662cf5fdab9806ea91a","name":"user-manager"}]}},"_links":{"self":[{"href":"https:\/\/www.meydan.tv\/az\/wp-json\/wp\/v2\/posts\/182060","targetHints":{"allow":["GET"]}}],"collection":[{"href":"https:\/\/www.meydan.tv\/az\/wp-json\/wp\/v2\/posts"}],"about":[{"href":"https:\/\/www.meydan.tv\/az\/wp-json\/wp\/v2\/types\/post"}],"author":[{"embeddable":true,"href":"https:\/\/www.meydan.tv\/az\/wp-json\/wp\/v2\/users\/11"}],"replies":[{"embeddable":true,"href":"https:\/\/www.meydan.tv\/az\/wp-json\/wp\/v2\/comments?post=182060"}],"version-history":[{"count":0,"href":"https:\/\/www.meydan.tv\/az\/wp-json\/wp\/v2\/posts\/182060\/revisions"}],"wp:featuredmedia":[{"embeddable":true,"href":"https:\/\/www.meydan.tv\/az\/wp-json\/wp\/v2\/media\/77936"}],"wp:attachment":[{"href":"https:\/\/www.meydan.tv\/az\/wp-json\/wp\/v2\/media?parent=182060"}],"wp:term":[{"taxonomy":"category","embeddable":true,"href":"https:\/\/www.meydan.tv\/az\/wp-json\/wp\/v2\/categories?post=182060"},{"taxonomy":"post_tag","embeddable":true,"href":"https:\/\/www.meydan.tv\/az\/wp-json\/wp\/v2\/tags?post=182060"}],"curies":[{"name":"wp","href":"https:\/\/api.w.org\/{rel}","templated":true}]}}