{"id":182052,"date":"2017-01-23T12:29:55","date_gmt":"2017-01-23T12:29:55","guid":{"rendered":"https:\/\/www.meydan.tv\/article\/ayliq-minimum-emekhaqqi-abs-da-4-saatliq-is-ucun-odenir\/"},"modified":"2017-01-23T12:29:55","modified_gmt":"2017-01-23T12:29:55","slug":"ayliq-minimum-emekhaqqi-abs-da-4-saatliq-is-ucun-odenir","status":"publish","type":"post","link":"https:\/\/www.meydan.tv\/az\/article\/ayliq-minimum-emekhaqqi-abs-da-4-saatliq-is-ucun-odenir\/","title":{"rendered":"Ayl\u0131q minimum \u0259m\u0259khaqq\u0131 AB\u015e-da 4 saatl\u0131q i\u015f \u00fc\u00e7\u00fcn \u00f6d\u0259nir"},"content":{"rendered":"<figure class=\"wp-block-image size-large\">\n  <img decoding=\"async\" src=\"https:\/\/www.meydan.tv\/az\/72120\/\" alt=\"\" class=\"wp-image-72120\"\/><figcaption><\/figcaption><\/figure>\n<figure class=\"wp-block-image size-large\">\n  <img decoding=\"async\" src=\"https:\/\/www.meydan.tv\/az\/72120\/\" alt=\"\" class=\"wp-image-72120\"\/><figcaption><\/figcaption><\/figure>\n<p>\n  Pensiyalar\u0131n s\u0131\u011forta hiss\u0259sinin indeksl\u0259\u015fdirilm\u0259si artan x\u0259rcl\u0259ri \u00f6rtm\u0259y\u0259 yet\u0259rli deyil. Odur ki, pensiyalar\u0131n baza hiss\u0259si d\u0259 art\u0131r\u0131lmal\u0131d\u0131r.\n<\/p>\n<p>\n  Prezidentin yeni imzalad\u0131\u011f\u0131 s\u0259r\u0259ncamlarla bu ild\u0259n b\u00fct\u00fcn n\u00f6v \u0259m\u0259k pensiyalar\u0131n\u0131n s\u0131\u011forta hiss\u0259si \u00f6t\u0259n ilin inflyasiya s\u0259viyy\u0259sind\u0259 indeksl\u0259\u015fdiril\u0259c\u0259k v\u0259 minimum ayl\u0131q \u0259m\u0259khaqq\u0131 116 manat olacaq. Bu s\u0259r\u0259ncamlar\u0131n t\u0259sirin\u0259 ke\u00e7m\u0259zd\u0259n \u00f6nc\u0259 bildirm\u0259k ist\u0259rdim ki, ya\u015fa v\u0259 \u0259lilliy\u0259 g\u00f6r\u0259 \u0259m\u0259k pensiyas\u0131 3 hiss\u0259d\u0259n (baza, s\u0131\u011forta v\u0259 y\u0131\u011f\u0131m), ail\u0259 ba\u015f\u00e7\u0131s\u0131n\u0131 itirm\u0259y\u0259 g\u00f6r\u0259 \u0259m\u0259k pensiyas\u0131 is\u0259 2 hiss\u0259d\u0259n (baza v\u0259 s\u0131\u011forta) ibar\u0259tdir. M\u00f6vcud qanunvericiliy\u0259 g\u00f6r\u0259, 63 ya\u015f\u0131na \u00e7atm\u0131\u015f ki\u015fil\u0259rin v\u0259 60 ya\u015fa \u00e7atm\u0131\u015f qad\u0131nlar\u0131n az\u0131 12 il sosial s\u0131\u011forta staj\u0131 olduqda ya\u015fa g\u00f6r\u0259 \u0259m\u0259k pensiyas\u0131 h\u00fcququ var. Onu da qeyd edim ki, pensiya ya\u015f\u0131n\u0131 art\u0131rmaq \u00fc\u00e7\u00fcn qanunvericilikd\u0259 m\u00fcvafiq d\u0259yi\u015fikliyi n\u0259z\u0259rd\u0259 tutan t\u0259klifl\u0259r art\u0131q Milli M\u0259clisd\u0259dir.\n<\/p>\n<p>\n  Ya\u015fa g\u00f6r\u0259 \u0259m\u0259k pensiyas\u0131n\u0131n baza hiss\u0259sinin m\u0259bl\u0259\u011fi 2016-c\u0131 il fevral\u0131n 1-d\u0259n 110 manat m\u00fc\u0259yy\u0259n edilib. Bu kateqoriyal\u0131 pensiya\u00e7\u0131lar\u0131n ald\u0131qlar\u0131 c\u0259mi m\u0259bl\u0259\u011fin yerd\u0259 qalan hiss\u0259sini s\u0131\u011forta v\u0259 y\u0131\u011f\u0131m hiss\u0259si t\u0259\u015fkil etm\u0259lidir. Y\u0131\u011f\u0131m komponenti tam i\u015fl\u0259m\u0259diyin\u0259 g\u00f6r\u0259, haz\u0131rda \u00f6d\u0259nil\u0259n pensiya \u0259sas\u0259n 2 yer\u0259 b\u00f6l\u00fcn\u00fcr: baza (110 manat) v\u0259 s\u0131\u011forta (yerd\u0259 qalan m\u0259bl\u0259\u011f). Prezidentin son f\u0259rman\u0131 il\u0259 f\u0259rdi u\u00e7ot sistemind\u0259 f\u0259rdi hesablar\u0131n s\u0131\u011forta hiss\u0259sind\u0259 toplanm\u0131\u015f pensiya kapital\u0131n\u0131n (baza hiss\u0259sind\u0259n \u00e7ox olan m\u0259bl\u0259\u011fl\u0259rin) 12,4 faiz art\u0131mla indeksl\u0259\u015fdirilm\u0259si h\u0259yata ke\u00e7iril\u0259c\u0259k. R\u0259smi m\u0259lumatlara g\u00f6r\u0259, 2016-c\u0131 ild\u0259 istehlak m\u0259hsullar\u0131n\u0131n v\u0259 xidm\u0259tl\u0259rin qiym\u0259tl\u0259ri 2015-ci il\u0259 nisb\u0259t\u0259n 12,4 faiz art\u0131b. Pensiyas\u0131 baza v\u0259 s\u0131\u011forta hiss\u0259sind\u0259n ibar\u0259t olan 1 t\u0259qa\u00fcd\u00e7\u00fc 150 manat al\u0131rsa, ondan 110 manat \u00e7\u0131x\u0131lacaq v\u0259 yerd\u0259 qalan 40 manat s\u0131\u011forta hiss\u0259sin\u0259 is\u0259 12,4 faiz, y\u0259ni 4 manat 96 q\u0259pik indeksl\u0259\u015fdirm\u0259 t\u0259tbiq edil\u0259c\u0259k. Bel\u0259likl\u0259 d\u0259 bu ild\u0259n t\u0259qa\u00fcd\u00e7\u00fc 154 manat 96 q\u0259pik alacaq. Bu misal onu g\u00f6st\u0259rir ki, t\u0259qa\u00fcd\u00fcn m\u0259bl\u0259\u011find\u0259n as\u0131l\u0131 olaraq pensiyalar 5-10 manat diapozonunda indeksl\u0259\u015fdirm\u0259y\u0259 m\u0259ruz qalacaq. T\u0259bii ki, bahala\u015fan qiym\u0259tl\u0259rin fonunda bu c\u00fczi m\u0259bl\u0259\u011f artan x\u0259rcl\u0259rin az bir hiss\u0259sini \u00f6d\u0259y\u0259c\u0259k.\n<\/p>\n<p>\n  Prezidentin dig\u0259r s\u0259r\u0259ncam\u0131 il\u0259 minimum ayl\u0131q \u0259m\u0259k haqq\u0131n\u0131n m\u0259bl\u0259\u011fi bu ild\u0259n 11 manat art\u0131r\u0131l\u0131b. N\u0259tic\u0259d\u0259 1 ayl\u0131q minimum \u0259m\u0259k haqq\u0131 116 manat v\u0259 ya 63 dollar olub. \u0130zahat \u00fc\u00e7\u00fcn qeyd edim ki, bir \u00e7ox d\u00f6vl\u0259tl\u0259rin \u0259m\u0259k haqq\u0131n\u0131n v\u0259 g\u0259lirl\u0259rinin t\u0259nziml\u0259nm\u0259si al\u0259ti kimi t\u0259tbiq etdiyi minimum \u0259m\u0259k haqq\u0131 normas\u0131 \u0259haliy\u0259 \u00f6d\u0259nil\u0259n \u0259m\u0259k haqq\u0131n\u0131n \u0259n a\u015fa\u011f\u0131 s\u0259viyy\u0259sini m\u00fc\u0259yy\u0259n edir. Ad\u0259t\u0259n bu s\u0259viyy\u0259nin m\u00fc\u0259yy\u0259n olunmas\u0131 \u00fc\u00e7\u00fcn minimum \u0259m\u0259k haqq\u0131 minimum istehlak b\u00fcdc\u0259si il\u0259 \u0259laq\u0259l\u0259ndirilir. Bel\u0259likl\u0259 d\u0259 minimum \u0259m\u0259k haqq\u0131 i\u015f\u00e7inin yaln\u0131z fizioloji t\u0259l\u0259bat\u0131n\u0131 \u00f6d\u0259m\u0259y\u0259 y\u00f6n\u0259ldilir. Bu is\u0259 o dem\u0259kdir ki, h\u0259tta ya\u015fay\u0131\u015f minimumu \u0259sas\u0131nda hesablanan minimum \u0259m\u0259k haqq\u0131 i\u015f\u00e7ini \u0259sass\u0131z olaraq \u00f6d\u0259nil\u0259n a\u015fa\u011f\u0131 \u0259m\u0259k haqq\u0131ndan qorumal\u0131 v\u0259 onun normal t\u0259krar istehsal\u0131n\u0131 t\u0259min etm\u0259lidir. Bu is\u0259 haql\u0131 olaraq sual do\u011furur, 116 manatla fizioloji t\u0259l\u0259bat\u0131 \u00f6d\u0259m\u0259k v\u0259 t\u0259krar istehsala nail olmaq m\u00fcmk\u00fcnd\u00fcrm\u00fc?\n<\/p>\n<p>\n  Minimum \u0259m\u0259k haqq\u0131n\u0131n s\u0259viyy\u0259si ya\u015fay\u0131\u015f minimumunun d\u0259y\u0259rind\u0259n, o da ilk n\u00f6vb\u0259d\u0259 minimum istehlak s\u0259b\u0259tinin t\u0259rkibin\u0259 daxil olan m\u0259hsul v\u0259 xidm\u0259tl\u0259rin istehlak normalar\u0131 v\u0259 qiym\u0259tl\u0259rind\u0259n as\u0131l\u0131d\u0131r. \u00d6t\u0259n ilin oktyabr\u0131na olan qiym\u0259tl\u0259r \u0259sas\u0131nda apar\u0131lm\u0131\u015f m\u00fcst\u0259qil ekspertl\u0259rin hesablamalar\u0131 g\u00f6st\u0259rirdi ki, ya\u015fay\u0131\u015f minimumunun d\u0259y\u0259ri \u0259m\u0259k qabiliyy\u0259tli \u0259hali \u00fc\u00e7\u00fcn 253,4, pensiya\u00e7\u0131lar \u00fc\u00e7\u00fcn 200, u\u015faqlar \u00fc\u00e7\u00fcn 259,9 manatd\u0131r. Halbuki 2017-ci il yanvar\u0131n 1-d\u0259n ya\u015fay\u0131\u015f minimumu \u00f6lk\u0259 \u00fczr\u0259 155, \u0259m\u0259k qabiliyy\u0259tli \u0259hali \u00fc\u00e7\u00fcn 164,5, pensiya\u00e7\u0131lar \u00fc\u00e7\u00fcn 130,2, u\u015faqlar \u00fc\u00e7\u00fcn 136,6 manat m\u0259bl\u0259\u011find\u0259 t\u0259yin edilib. G\u00f6r\u00fcnd\u00fcy\u00fc kimi, pensiyalar\u0131n baza hiss\u0259si ya\u015fay\u0131\u015f minimumu \u00f6lk\u0259 \u00fczr\u0259 d\u0259y\u0259rind\u0259n 45 manat, pensiya\u00e7\u0131lar \u00fc\u00e7\u00fcn m\u00fcvafiq g\u00f6st\u0259ricid\u0259n 20 manat, m\u00fcst\u0259qil ekspertl\u0259rin hesablad\u0131\u011f\u0131 m\u0259bl\u0259\u011fd\u0259n 90 manat azd\u0131r.\n<\/p>\n<p>\n  Odur ki, minumum \u0259m\u0259k haqq\u0131 200 manat olmal\u0131 v\u0259 pensiyalar\u0131n baza hiss\u0259si d\u0259 yeni s\u0259r\u0259ncamla art\u0131r\u0131lmal\u0131d\u0131r. Haz\u0131rda pensiyalar\u0131n baza hiss\u0259si h\u0259tta r\u0259smi olaraq t\u0259sdiq olunan 116 manatl\u0131q minumum ayl\u0131q \u0259m\u0259k haqq\u0131ndan 6 manat azd\u0131r.\n<\/p>\n<p>\n  M\u00fcqayis\u0259 \u00fc\u00e7\u00fcn onu da qeyd ed\u0259k ki, h\u0259tta art\u0131mdan sonra Az\u0259rbaycanda 1 ayl\u0131q minimum \u0259m\u0259k haqq\u0131n\u0131n d\u0259y\u0259ri AB\u015e-da orta hesabla 4 saatl\u0131q, B\u00f6y\u00fck Britaniyada is\u0259 3 saatl\u0131q minumum \u0259m\u0259k haqq\u0131 s\u0259viyy\u0259sin\u0259 \u00e7at\u0131b.<\/p>\n","protected":false},"excerpt":{"rendered":"<p>Pensiyalar\u0131n s\u0131\u011forta hiss\u0259sinin indeksl\u0259\u015fdirilm\u0259si artan x\u0259rcl\u0259ri \u00f6rtm\u0259y\u0259 yet\u0259rli deyil. Odur &#8230; <\/p>\n<p class=\"read-more-container\"><a title=\"Ayl\u0131q minimum \u0259m\u0259khaqq\u0131 AB\u015e-da 4 saatl\u0131q i\u015f \u00fc\u00e7\u00fcn \u00f6d\u0259nir\" class=\"read-more button\" href=\"https:\/\/www.meydan.tv\/az\/article\/ayliq-minimum-emekhaqqi-abs-da-4-saatliq-is-ucun-odenir\/#more-182052\" aria-label=\"Read more about Ayl\u0131q minimum \u0259m\u0259khaqq\u0131 AB\u015e-da 4 saatl\u0131q i\u015f \u00fc\u00e7\u00fcn \u00f6d\u0259nir\">Davam\u0131<\/a><\/p>\n","protected":false},"author":11,"featured_media":72120,"comment_status":"closed","ping_status":"open","sticky":false,"template":"","format":"standard","meta":{"_acf_changed":false,"_sitemap_exclude":false,"_sitemap_priority":"","_sitemap_frequency":"","footnotes":""},"categories":[51],"tags":[],"class_list":["post-182052","post","type-post","status-publish","format-standard","has-post-thumbnail","hentry","category-analitika","infinite-scroll-item","generate-columns","tablet-grid-50","mobile-grid-100","grid-parent","grid-33","no-featured-image-padding"],"acf":[],"yoast_head":"<!-- This site is optimized with the Yoast SEO plugin v27.4 - https:\/\/yoast.com\/product\/yoast-seo-wordpress\/ -->\n<title>Ayl\u0131q minimum \u0259m\u0259khaqq\u0131 AB\u015e-da 4 saatl\u0131q i\u015f \u00fc\u00e7\u00fcn \u00f6d\u0259nir - MEYDAN.TV<\/title>\n<meta name=\"robots\" content=\"index, follow, max-snippet:-1, max-image-preview:large, max-video-preview:-1\" \/>\n<link rel=\"canonical\" href=\"https:\/\/www.meydan.tv\/az\/article\/ayliq-minimum-emekhaqqi-abs-da-4-saatliq-is-ucun-odenir\/\" \/>\n<meta property=\"og:locale\" content=\"az_AZ\" \/>\n<meta property=\"og:type\" content=\"article\" \/>\n<meta property=\"og:title\" content=\"Ayl\u0131q minimum \u0259m\u0259khaqq\u0131 AB\u015e-da 4 saatl\u0131q i\u015f \u00fc\u00e7\u00fcn \u00f6d\u0259nir - MEYDAN.TV\" \/>\n<meta property=\"og:description\" content=\"Pensiyalar\u0131n s\u0131\u011forta hiss\u0259sinin indeksl\u0259\u015fdirilm\u0259si artan x\u0259rcl\u0259ri \u00f6rtm\u0259y\u0259 yet\u0259rli deyil. Odur ... Davam\u0131\" \/>\n<meta property=\"og:url\" content=\"https:\/\/www.meydan.tv\/az\/article\/ayliq-minimum-emekhaqqi-abs-da-4-saatliq-is-ucun-odenir\/\" \/>\n<meta property=\"og:site_name\" content=\"MEYDAN.TV\" \/>\n<meta property=\"article:published_time\" content=\"2017-01-23T12:29:55+00:00\" \/>\n<meta property=\"og:image\" content=\"https:\/\/www.meydan.tv\/wp-content\/uploads\/27662.jpg\" \/>\n\t<meta property=\"og:image:width\" content=\"600\" \/>\n\t<meta property=\"og:image:height\" content=\"400\" \/>\n\t<meta property=\"og:image:type\" content=\"image\/jpeg\" \/>\n<meta name=\"author\" content=\"user-manager\" \/>\n<meta name=\"twitter:card\" content=\"summary_large_image\" \/>\n<script type=\"application\/ld+json\" class=\"yoast-schema-graph\">{\"@context\":\"https:\\\/\\\/schema.org\",\"@graph\":[{\"@type\":\"Article\",\"@id\":\"https:\\\/\\\/www.meydan.tv\\\/az\\\/article\\\/ayliq-minimum-emekhaqqi-abs-da-4-saatliq-is-ucun-odenir\\\/#article\",\"isPartOf\":{\"@id\":\"https:\\\/\\\/www.meydan.tv\\\/az\\\/article\\\/ayliq-minimum-emekhaqqi-abs-da-4-saatliq-is-ucun-odenir\\\/\"},\"author\":{\"name\":\"user-manager\",\"@id\":\"https:\\\/\\\/www.meydan.tv\\\/az\\\/#\\\/schema\\\/person\\\/10d11eccf6da3662cf5fdab9806ea91a\"},\"headline\":\"Ayl\u0131q minimum \u0259m\u0259khaqq\u0131 AB\u015e-da 4 saatl\u0131q i\u015f \u00fc\u00e7\u00fcn \u00f6d\u0259nir\",\"datePublished\":\"2017-01-23T12:29:55+00:00\",\"mainEntityOfPage\":{\"@id\":\"https:\\\/\\\/www.meydan.tv\\\/az\\\/article\\\/ayliq-minimum-emekhaqqi-abs-da-4-saatliq-is-ucun-odenir\\\/\"},\"wordCount\":950,\"publisher\":{\"@id\":\"https:\\\/\\\/www.meydan.tv\\\/az\\\/#organization\"},\"image\":{\"@id\":\"https:\\\/\\\/www.meydan.tv\\\/az\\\/article\\\/ayliq-minimum-emekhaqqi-abs-da-4-saatliq-is-ucun-odenir\\\/#primaryimage\"},\"thumbnailUrl\":\"https:\\\/\\\/www.meydan.tv\\\/wp-content\\\/uploads\\\/27662.jpg\",\"articleSection\":[\"Analitika\"],\"inLanguage\":\"az\"},{\"@type\":\"WebPage\",\"@id\":\"https:\\\/\\\/www.meydan.tv\\\/az\\\/article\\\/ayliq-minimum-emekhaqqi-abs-da-4-saatliq-is-ucun-odenir\\\/\",\"url\":\"https:\\\/\\\/www.meydan.tv\\\/az\\\/article\\\/ayliq-minimum-emekhaqqi-abs-da-4-saatliq-is-ucun-odenir\\\/\",\"name\":\"Ayl\u0131q minimum \u0259m\u0259khaqq\u0131 AB\u015e-da 4 saatl\u0131q i\u015f \u00fc\u00e7\u00fcn \u00f6d\u0259nir - MEYDAN.TV\",\"isPartOf\":{\"@id\":\"https:\\\/\\\/www.meydan.tv\\\/az\\\/#website\"},\"primaryImageOfPage\":{\"@id\":\"https:\\\/\\\/www.meydan.tv\\\/az\\\/article\\\/ayliq-minimum-emekhaqqi-abs-da-4-saatliq-is-ucun-odenir\\\/#primaryimage\"},\"image\":{\"@id\":\"https:\\\/\\\/www.meydan.tv\\\/az\\\/article\\\/ayliq-minimum-emekhaqqi-abs-da-4-saatliq-is-ucun-odenir\\\/#primaryimage\"},\"thumbnailUrl\":\"https:\\\/\\\/www.meydan.tv\\\/wp-content\\\/uploads\\\/27662.jpg\",\"datePublished\":\"2017-01-23T12:29:55+00:00\",\"breadcrumb\":{\"@id\":\"https:\\\/\\\/www.meydan.tv\\\/az\\\/article\\\/ayliq-minimum-emekhaqqi-abs-da-4-saatliq-is-ucun-odenir\\\/#breadcrumb\"},\"inLanguage\":\"az\",\"potentialAction\":[{\"@type\":\"ReadAction\",\"target\":[\"https:\\\/\\\/www.meydan.tv\\\/az\\\/article\\\/ayliq-minimum-emekhaqqi-abs-da-4-saatliq-is-ucun-odenir\\\/\"]}]},{\"@type\":\"ImageObject\",\"inLanguage\":\"az\",\"@id\":\"https:\\\/\\\/www.meydan.tv\\\/az\\\/article\\\/ayliq-minimum-emekhaqqi-abs-da-4-saatliq-is-ucun-odenir\\\/#primaryimage\",\"url\":\"https:\\\/\\\/www.meydan.tv\\\/wp-content\\\/uploads\\\/27662.jpg\",\"contentUrl\":\"https:\\\/\\\/www.meydan.tv\\\/wp-content\\\/uploads\\\/27662.jpg\",\"width\":600,\"height\":400,\"caption\":\"Source:\"},{\"@type\":\"BreadcrumbList\",\"@id\":\"https:\\\/\\\/www.meydan.tv\\\/az\\\/article\\\/ayliq-minimum-emekhaqqi-abs-da-4-saatliq-is-ucun-odenir\\\/#breadcrumb\",\"itemListElement\":[{\"@type\":\"ListItem\",\"position\":1,\"name\":\"Ana s\u0259hif\u0259\",\"item\":\"https:\\\/\\\/www.meydan.tv\\\/az\\\/\"},{\"@type\":\"ListItem\",\"position\":2,\"name\":\"Analitika\",\"item\":\"https:\\\/\\\/www.meydan.tv\\\/az\\\/section\\\/analitika\\\/\"},{\"@type\":\"ListItem\",\"position\":3,\"name\":\"Ayl\u0131q minimum \u0259m\u0259khaqq\u0131 AB\u015e-da 4 saatl\u0131q i\u015f \u00fc\u00e7\u00fcn \u00f6d\u0259nir\"}]},{\"@type\":\"WebSite\",\"@id\":\"https:\\\/\\\/www.meydan.tv\\\/az\\\/#website\",\"url\":\"https:\\\/\\\/www.meydan.tv\\\/az\\\/\",\"name\":\"MEYDAN.TV\",\"description\":\"Meydan TV Az\u0259rbaycan\u0131n media m\u0259kan\u0131ndak\u0131 alternativ s\u0259sidir\",\"publisher\":{\"@id\":\"https:\\\/\\\/www.meydan.tv\\\/az\\\/#organization\"},\"potentialAction\":[{\"@type\":\"SearchAction\",\"target\":{\"@type\":\"EntryPoint\",\"urlTemplate\":\"https:\\\/\\\/www.meydan.tv\\\/az\\\/?s={search_term_string}\"},\"query-input\":{\"@type\":\"PropertyValueSpecification\",\"valueRequired\":true,\"valueName\":\"search_term_string\"}}],\"inLanguage\":\"az\"},{\"@type\":\"Organization\",\"@id\":\"https:\\\/\\\/www.meydan.tv\\\/az\\\/#organization\",\"name\":\"Meydan TV\",\"url\":\"https:\\\/\\\/www.meydan.tv\\\/az\\\/\",\"logo\":{\"@type\":\"ImageObject\",\"inLanguage\":\"az\",\"@id\":\"https:\\\/\\\/www.meydan.tv\\\/az\\\/#\\\/schema\\\/logo\\\/image\\\/\",\"url\":\"https:\\\/\\\/www.meydan.tv\\\/wp-content\\\/uploads\\\/2021\\\/07\\\/meydan-logo.svg\",\"contentUrl\":\"https:\\\/\\\/www.meydan.tv\\\/wp-content\\\/uploads\\\/2021\\\/07\\\/meydan-logo.svg\",\"width\":195,\"height\":46,\"caption\":\"Meydan TV\"},\"image\":{\"@id\":\"https:\\\/\\\/www.meydan.tv\\\/az\\\/#\\\/schema\\\/logo\\\/image\\\/\"}},{\"@type\":\"Person\",\"@id\":\"https:\\\/\\\/www.meydan.tv\\\/az\\\/#\\\/schema\\\/person\\\/10d11eccf6da3662cf5fdab9806ea91a\",\"name\":\"user-manager\"}]}<\/script>\n<!-- \/ Yoast SEO plugin. -->","yoast_head_json":{"title":"Ayl\u0131q minimum \u0259m\u0259khaqq\u0131 AB\u015e-da 4 saatl\u0131q i\u015f \u00fc\u00e7\u00fcn \u00f6d\u0259nir - MEYDAN.TV","robots":{"index":"index","follow":"follow","max-snippet":"max-snippet:-1","max-image-preview":"max-image-preview:large","max-video-preview":"max-video-preview:-1"},"canonical":"https:\/\/www.meydan.tv\/az\/article\/ayliq-minimum-emekhaqqi-abs-da-4-saatliq-is-ucun-odenir\/","og_locale":"az_AZ","og_type":"article","og_title":"Ayl\u0131q minimum \u0259m\u0259khaqq\u0131 AB\u015e-da 4 saatl\u0131q i\u015f \u00fc\u00e7\u00fcn \u00f6d\u0259nir - MEYDAN.TV","og_description":"Pensiyalar\u0131n s\u0131\u011forta hiss\u0259sinin indeksl\u0259\u015fdirilm\u0259si artan x\u0259rcl\u0259ri \u00f6rtm\u0259y\u0259 yet\u0259rli deyil. Odur ... Davam\u0131","og_url":"https:\/\/www.meydan.tv\/az\/article\/ayliq-minimum-emekhaqqi-abs-da-4-saatliq-is-ucun-odenir\/","og_site_name":"MEYDAN.TV","article_published_time":"2017-01-23T12:29:55+00:00","og_image":[{"width":600,"height":400,"url":"https:\/\/www.meydan.tv\/wp-content\/uploads\/27662.jpg","type":"image\/jpeg"}],"author":"user-manager","twitter_card":"summary_large_image","schema":{"@context":"https:\/\/schema.org","@graph":[{"@type":"Article","@id":"https:\/\/www.meydan.tv\/az\/article\/ayliq-minimum-emekhaqqi-abs-da-4-saatliq-is-ucun-odenir\/#article","isPartOf":{"@id":"https:\/\/www.meydan.tv\/az\/article\/ayliq-minimum-emekhaqqi-abs-da-4-saatliq-is-ucun-odenir\/"},"author":{"name":"user-manager","@id":"https:\/\/www.meydan.tv\/az\/#\/schema\/person\/10d11eccf6da3662cf5fdab9806ea91a"},"headline":"Ayl\u0131q minimum \u0259m\u0259khaqq\u0131 AB\u015e-da 4 saatl\u0131q i\u015f \u00fc\u00e7\u00fcn \u00f6d\u0259nir","datePublished":"2017-01-23T12:29:55+00:00","mainEntityOfPage":{"@id":"https:\/\/www.meydan.tv\/az\/article\/ayliq-minimum-emekhaqqi-abs-da-4-saatliq-is-ucun-odenir\/"},"wordCount":950,"publisher":{"@id":"https:\/\/www.meydan.tv\/az\/#organization"},"image":{"@id":"https:\/\/www.meydan.tv\/az\/article\/ayliq-minimum-emekhaqqi-abs-da-4-saatliq-is-ucun-odenir\/#primaryimage"},"thumbnailUrl":"https:\/\/www.meydan.tv\/wp-content\/uploads\/27662.jpg","articleSection":["Analitika"],"inLanguage":"az"},{"@type":"WebPage","@id":"https:\/\/www.meydan.tv\/az\/article\/ayliq-minimum-emekhaqqi-abs-da-4-saatliq-is-ucun-odenir\/","url":"https:\/\/www.meydan.tv\/az\/article\/ayliq-minimum-emekhaqqi-abs-da-4-saatliq-is-ucun-odenir\/","name":"Ayl\u0131q minimum \u0259m\u0259khaqq\u0131 AB\u015e-da 4 saatl\u0131q i\u015f \u00fc\u00e7\u00fcn \u00f6d\u0259nir - MEYDAN.TV","isPartOf":{"@id":"https:\/\/www.meydan.tv\/az\/#website"},"primaryImageOfPage":{"@id":"https:\/\/www.meydan.tv\/az\/article\/ayliq-minimum-emekhaqqi-abs-da-4-saatliq-is-ucun-odenir\/#primaryimage"},"image":{"@id":"https:\/\/www.meydan.tv\/az\/article\/ayliq-minimum-emekhaqqi-abs-da-4-saatliq-is-ucun-odenir\/#primaryimage"},"thumbnailUrl":"https:\/\/www.meydan.tv\/wp-content\/uploads\/27662.jpg","datePublished":"2017-01-23T12:29:55+00:00","breadcrumb":{"@id":"https:\/\/www.meydan.tv\/az\/article\/ayliq-minimum-emekhaqqi-abs-da-4-saatliq-is-ucun-odenir\/#breadcrumb"},"inLanguage":"az","potentialAction":[{"@type":"ReadAction","target":["https:\/\/www.meydan.tv\/az\/article\/ayliq-minimum-emekhaqqi-abs-da-4-saatliq-is-ucun-odenir\/"]}]},{"@type":"ImageObject","inLanguage":"az","@id":"https:\/\/www.meydan.tv\/az\/article\/ayliq-minimum-emekhaqqi-abs-da-4-saatliq-is-ucun-odenir\/#primaryimage","url":"https:\/\/www.meydan.tv\/wp-content\/uploads\/27662.jpg","contentUrl":"https:\/\/www.meydan.tv\/wp-content\/uploads\/27662.jpg","width":600,"height":400,"caption":"Source:"},{"@type":"BreadcrumbList","@id":"https:\/\/www.meydan.tv\/az\/article\/ayliq-minimum-emekhaqqi-abs-da-4-saatliq-is-ucun-odenir\/#breadcrumb","itemListElement":[{"@type":"ListItem","position":1,"name":"Ana s\u0259hif\u0259","item":"https:\/\/www.meydan.tv\/az\/"},{"@type":"ListItem","position":2,"name":"Analitika","item":"https:\/\/www.meydan.tv\/az\/section\/analitika\/"},{"@type":"ListItem","position":3,"name":"Ayl\u0131q minimum \u0259m\u0259khaqq\u0131 AB\u015e-da 4 saatl\u0131q i\u015f \u00fc\u00e7\u00fcn \u00f6d\u0259nir"}]},{"@type":"WebSite","@id":"https:\/\/www.meydan.tv\/az\/#website","url":"https:\/\/www.meydan.tv\/az\/","name":"MEYDAN.TV","description":"Meydan TV Az\u0259rbaycan\u0131n media m\u0259kan\u0131ndak\u0131 alternativ s\u0259sidir","publisher":{"@id":"https:\/\/www.meydan.tv\/az\/#organization"},"potentialAction":[{"@type":"SearchAction","target":{"@type":"EntryPoint","urlTemplate":"https:\/\/www.meydan.tv\/az\/?s={search_term_string}"},"query-input":{"@type":"PropertyValueSpecification","valueRequired":true,"valueName":"search_term_string"}}],"inLanguage":"az"},{"@type":"Organization","@id":"https:\/\/www.meydan.tv\/az\/#organization","name":"Meydan TV","url":"https:\/\/www.meydan.tv\/az\/","logo":{"@type":"ImageObject","inLanguage":"az","@id":"https:\/\/www.meydan.tv\/az\/#\/schema\/logo\/image\/","url":"https:\/\/www.meydan.tv\/wp-content\/uploads\/2021\/07\/meydan-logo.svg","contentUrl":"https:\/\/www.meydan.tv\/wp-content\/uploads\/2021\/07\/meydan-logo.svg","width":195,"height":46,"caption":"Meydan TV"},"image":{"@id":"https:\/\/www.meydan.tv\/az\/#\/schema\/logo\/image\/"}},{"@type":"Person","@id":"https:\/\/www.meydan.tv\/az\/#\/schema\/person\/10d11eccf6da3662cf5fdab9806ea91a","name":"user-manager"}]}},"_links":{"self":[{"href":"https:\/\/www.meydan.tv\/az\/wp-json\/wp\/v2\/posts\/182052","targetHints":{"allow":["GET"]}}],"collection":[{"href":"https:\/\/www.meydan.tv\/az\/wp-json\/wp\/v2\/posts"}],"about":[{"href":"https:\/\/www.meydan.tv\/az\/wp-json\/wp\/v2\/types\/post"}],"author":[{"embeddable":true,"href":"https:\/\/www.meydan.tv\/az\/wp-json\/wp\/v2\/users\/11"}],"replies":[{"embeddable":true,"href":"https:\/\/www.meydan.tv\/az\/wp-json\/wp\/v2\/comments?post=182052"}],"version-history":[{"count":0,"href":"https:\/\/www.meydan.tv\/az\/wp-json\/wp\/v2\/posts\/182052\/revisions"}],"wp:featuredmedia":[{"embeddable":true,"href":"https:\/\/www.meydan.tv\/az\/wp-json\/wp\/v2\/media\/72120"}],"wp:attachment":[{"href":"https:\/\/www.meydan.tv\/az\/wp-json\/wp\/v2\/media?parent=182052"}],"wp:term":[{"taxonomy":"category","embeddable":true,"href":"https:\/\/www.meydan.tv\/az\/wp-json\/wp\/v2\/categories?post=182052"},{"taxonomy":"post_tag","embeddable":true,"href":"https:\/\/www.meydan.tv\/az\/wp-json\/wp\/v2\/tags?post=182052"}],"curies":[{"name":"wp","href":"https:\/\/api.w.org\/{rel}","templated":true}]}}