{"id":182049,"date":"2017-01-23T00:24:39","date_gmt":"2017-01-23T00:24:39","guid":{"rendered":"https:\/\/www.meydan.tv\/article\/urkek-diplomatiya\/"},"modified":"2017-01-23T00:24:39","modified_gmt":"2017-01-23T00:24:39","slug":"urkek-diplomatiya","status":"publish","type":"post","link":"https:\/\/www.meydan.tv\/az\/article\/urkek-diplomatiya\/","title":{"rendered":"\u00dcrk\u0259k diplomatiya"},"content":{"rendered":"<figure class=\"wp-block-image size-large\">\n  <img decoding=\"async\" src=\"https:\/\/www.meydan.tv\/az\/yadigar-sadiqov-4\/\" alt=\"Yadigar Sad\u0131qov\" class=\"wp-image-72080\"\/><figcaption>\n    Yadigar Sad\u0131qov<br \/>\n  <\/figcaption><\/figure>\n<p>\n  Son g\u00fcnl\u0259rin \u0259sas hadis\u0259si \u015f\u00fcbh\u0259siz ki, Rusiya xarici i\u015fl\u0259r naziri Sergey Lavrovun Da\u011fl\u0131q Qaraba\u011f m\u00fcnaqi\u015f\u0259si il\u0259 ba\u011fl\u0131 verdiyi a\u00e7\u0131qlama oldu. Bu a\u00e7\u0131qlamada diqq\u0259t\u00e7\u0259k\u0259n 2 \u0259sas m\u0259qam vard\u0131. \u018fvv\u0259la, Lavrov s\u00f6z\u00fcged\u0259n m\u00fcnaqi\u015f\u0259nin Az\u0259rbaycan\u0131n daxili i\u015fi olmad\u0131\u011f\u0131n\u0131 vur\u011fulay\u0131r, ikincisi is\u0259 ke\u00e7mi\u015f Da\u011fl\u0131q Qaraba\u011f muxtar vilay\u0259tinin h\u00fcdudlar\u0131ndan k\u0259narda i\u015f\u011fal olunmu\u015f \u0259razil\u0259rin azad olunmas\u0131n\u0131 status m\u0259s\u0259l\u0259si il\u0259 ba\u011flay\u0131r.\n<\/p>\n<p>\n  Birinci m\u0259s\u0259l\u0259nin Az\u0259rbaycan \u00fc\u00e7\u00fcn q\u0259buledilm\u0259z oldu\u011funun x\u00fcsusi izah\u0131na z\u0259rur\u0259t yoxdur, m\u0259nc\u0259. M\u00f6vcud hakimiyy\u0259t d\u0259 d\u0259f\u0259l\u0259rl\u0259 b\u0259yan edib ki, i\u015f\u011fal alt\u0131ndak\u0131 \u0259razil\u0259rin azad edilm\u0259si Az\u0259rbaycan\u0131n suveren h\u00fcququdur. Lavrovun b\u0259yanat\u0131 is\u0259 Az\u0259rbaycan\u0131n \u00f6z \u0259razisind\u0259 suverenliyini b\u0259rpa etm\u0259k h\u00fcququnu \u015f\u00fcbh\u0259 alt\u0131na al\u0131r v\u0259 he\u00e7 bir \u00f6z\u00fcn\u0259 h\u00f6rm\u0259t ed\u0259n d\u00f6vl\u0259t v\u0259 iqtidar bununla bar\u0131\u015fa bilm\u0259z.\n<\/p>\n<p>\n  \u0130kinci m\u0259s\u0259l\u0259 is\u0259 bir q\u0259d\u0259r izahat t\u0259l\u0259b ed\u0259 bil\u0259r. Bug\u00fcn\u0259 kimi Minsk qrupunun h\u0259ms\u0259drl\u0259ri m\u00fcnaqi\u015f\u0259nin h\u0259ll variant\u0131 kimi 3 model t\u0259klif edibl\u0259r: m\u0259rh\u0259l\u0259li h\u0259ll (\u0259vv\u0259l \u0259razil\u0259r azad olunur, sonra Da\u011fl\u0131q Qaraba\u011fdak\u0131 erm\u0259nil\u0259rin statusu m\u00fc\u0259yy\u0259n edilir), paket h\u0259lli (\u0259razil\u0259r azad olunmas\u0131 v\u0259 status eyni zamanda raz\u0131la\u015fd\u0131r\u0131l\u0131r) v\u0259 birg\u0259 d\u00f6vl\u0259t (konfederasiya tipind\u0259). Bu variantlardan yaln\u0131z m\u0259rh\u0259l\u0259li h\u0259ll Az\u0259rbaycan\u0131n maraqlar\u0131na uy\u011fundur v\u0259 r\u0259smi Bak\u0131 bunu d\u0259f\u0259l\u0259rl\u0259 b\u0259yan edib. Lavrovun a\u00e7\u0131qlamas\u0131 is\u0259 Rusiyan\u0131n erm\u0259nil\u0259rin t\u0259r\u0259fdar oldu\u011fu paket h\u0259lli variant\u0131n\u0131 d\u0259st\u0259kl\u0259diyini g\u00f6st\u0259rir.\n<\/p>\n<p>\n  Halbuki AT\u018fT-in Minsk qrupunun h\u0259ms\u0259dr \u00f6lk\u0259l\u0259ri vasit\u0259\u00e7i rolunu oynamal\u0131d\u0131rlar. Onlar \u00f6zl\u0259rinin deyil, h\u0259r iki t\u0259r\u0259fin b\u0259y\u0259n\u0259c\u0259yi\u0131 varianta \u00fcst\u00fcnl\u00fck verm\u0259lidirl\u0259r. Buna g\u00f6r\u0259 d\u0259 Lavrovun bel\u0259 b\u0259yanat\u0131 \u00f6zl\u00fcy\u00fcnd\u0259 he\u00e7 d\u0259 diplomatik deyil, Minsk qrupunun mandat\u0131na ziddir. Lakin h\u0259min h\u0259ms\u0259dr \u00f6lk\u0259nin Rusiya oldu\u011funu n\u0259z\u0259r\u0259 alsaq, bel\u0259 m\u00f6vqeni sensassiya kimi d\u0259 d\u0259y\u0259rl\u0259ndir\u0259 bilm\u0259rik.\n<\/p>\n<p>\n  M\u00fcqayis\u0259 \u00fc\u00e7\u00fcn bir n\u00fcmun\u0259ni xat\u0131rlatmaq ist\u0259yir\u0259m. Da\u011fl\u0131q Qaraba\u011f m\u00fcnaqi\u015f\u0259sind\u0259n s\u00f6hb\u0259t d\u00fc\u015f\u0259nd\u0259 822, 853, 874 v\u0259 884 sayl\u0131 BMT q\u0259tnam\u0259l\u0259rini tez-tez xat\u0131rlay\u0131r, onlar\u0131 Az\u0259rbaycan\u0131n \u0259razi b\u00fct\u00f6vl\u00fcy\u00fc v\u0259 torpaqlar\u0131 i\u015f\u011faldan azad etm\u0259k yolunda h\u00fcquqi s\u0259n\u0259d say\u0131r\u0131q. Lakin 1993-c\u00fcq ilin aprelin 30-da, iyulun 29-da, oktyabr\u0131n 14-d\u0259 v\u0259 noyabr\u0131n 12-d\u0259 q\u0259bul edilmi\u015f, Az\u0259rbaycan\u0131n \u0259razi b\u00fct\u00f6vl\u00fcy\u00fcn\u00fc, s\u0259rh\u0259dl\u0259rin toxunulmazl\u0131\u011f\u0131n\u0131 t\u0259sdiql\u0259y\u0259n v\u0259 zor t\u0259tbiqi il\u0259 \u0259razil\u0259r \u0259l\u0259 ke\u00e7irm\u0259yin yolverilm\u0259z oldu\u011funu b\u0259yan ed\u0259n, i\u015f\u011fal edil\u0259n \u0259razil\u0259rin d\u0259rhal azad olunmas\u0131n\u0131 t\u0259l\u0259b ed\u0259n bu q\u0259tnam\u0259l\u0259rin he\u00e7 biri h\u0259yata ke\u00e7irilm\u0259yib.\n<\/p>\n<p>\n  Bizd\u0259 olan t\u0259s\u0259vv\u00fcr\u0259 g\u00f6r\u0259 bu hala g\u00f6r\u0259 erm\u0259ni t\u0259r\u0259fi g\u00fcnahkard\u0131r. Amma v\u0259 lakin 1992-1996-c\u0131 ill\u0259rd\u0259 AT\u018fT-in Minsk qrupunun Rusiya t\u0259r\u0259find\u0259n h\u0259ms\u0259dri olmu\u015f Vladimir Kazimirov bel\u0259 d\u00fc\u015f\u00fcnm\u00fcr. Bir ne\u00e7\u0259 il \u00f6nc\u0259 yazd\u0131\u011f\u0131 m\u0259qal\u0259d\u0259 Kazimirov BMT q\u0259tnam\u0259l\u0259rinin h\u0259yata ke\u00e7irilm\u0259m\u0259sinin g\u00fcnahkar\u0131 kimi Az\u0259rbaycan\u0131 g\u00f6st\u0259rir. O iddia edir ki, BMT q\u0259tnam\u0259l\u0259rinin ilk \u015f\u0259rti at\u0259\u015fin dayand\u0131r\u0131lmas\u0131 olub v\u0259 m\u0259hz Az\u0259rbaycan t\u0259r\u0259finin g\u00fcnah\u0131 \u00fcz\u00fcnd\u0259n bu ba\u015f tutmay\u0131b, buna g\u00f6r\u0259 d\u0259 q\u0259tnam\u0259l\u0259rin dig\u0259r \u015f\u0259rtl\u0259rinin yerin\u0259 yetirilm\u0259si m\u00fcmk\u00fcn olmay\u0131b.\n<\/p>\n<p>\n  Bu g\u00fcn Vikipediyan\u0131n rus b\u00f6l\u00fcm\u00fcnd\u0259 Da\u011fl\u0131q Qaraba\u011f m\u00fcnaqi\u015f\u0259si \u00fczr\u0259 BMT q\u0259tnam\u0259l\u0259rind\u0259n b\u0259hs ed\u0259n m\u0259qal\u0259l\u0259rd\u0259 Kazimirovun bu fikrin\u0259 istinad edilir v\u0259 bel\u0259 t\u0259\u0259ss\u00fcrat yaran\u0131r ki, \u0259razil\u0259rimizin i\u015f\u011faldan azad olunmas\u0131n\u0131 t\u0259l\u0259b ed\u0259n, tez-tez istinad etdiyimiz o q\u0259tnam\u0259l\u0259r m\u0259hz bizim g\u00fcnah\u0131m\u0131z ucbat\u0131ndan yerin\u0259 yetirilm\u0259yib. Bu zaman 1994-c\u00fc ild\u0259 \u0259ld\u0259 olunan at\u0259\u015fk\u0259s raz\u0131la\u015fmas\u0131ndan sonra q\u0259tnam\u0259l\u0259rin niy\u0259 yerin\u0259 yetirilm\u0259diyi m\u0259s\u0259l\u0259si a\u00e7\u0131q qal\u0131r.\n<\/p>\n<p>\n  Halbuki v\u0259ziyy\u0259t tamam ba\u015fqa c\u00fcrd\u00fcr. Yuxar\u0131da q\u0259tnam\u0259l\u0259rin q\u0259bul edildiyi tarixl\u0259ri el\u0259-bel\u0259 yazmad\u0131m. Ham\u0131ya m\u0259lumdur ki, Az\u0259rbaycan o zaman d\u0259rin daxili kataklizml\u0259r ya\u015fay\u0131rd\u0131. Bundan istifad\u0259 ed\u0259n erm\u0259ni silahl\u0131 q\u00fcvv\u0259l\u0259ri d\u0259 ciddi (b\u0259z\u0259n h\u0259tta he\u00e7 bir) m\u00fcqavim\u0259t\u0259 rast g\u0259lm\u0259y\u0259r\u0259k rayonlar\u0131 bir-bir i\u015f\u011fal edirdil\u0259r. Lakin Kazimirovun m\u0259ntiqin\u0259 g\u00f6r\u0259 yanan da bizik, yaman da.\n<\/p>\n<p>\n  \u00dcmumiyy\u0259tl\u0259, Erm\u0259nistan-Az\u0259rbaycan m\u00fcnqai\u015f\u0259si zaman\u0131 Rusiyan\u0131n \u0259dal\u0259tsiz m\u00f6vqeyin\u0259 dair xeyli d\u0259lill\u0259r g\u0259tirm\u0259k m\u00fcmk\u00fcnd\u00fcr. Buraya siyasi-diplomatik kimi, h\u0259rbi add\u0131mlar\u0131 da g\u00f6st\u0259rm\u0259k olar. Lakin ham\u0131ya m\u0259lum olan faktlarla oxucular\u0131 yormaq ist\u0259mir\u0259m.Qay\u0131daq Lavrovun son a\u00e7\u0131qlamas\u0131na. Daha do\u011frusu Az\u0259rbaycan r\u0259smil\u0259rinin bu a\u00e7\u0131qlamaya reaksiyas\u0131na.\n<\/p>\n<p>\n  He\u00e7 k\u0259s\u0259 sirr deyil ki, Az\u0259rbaycan iqtidar\u0131 Rusiya il\u0259 ba\u011fl\u0131 m\u0259s\u0259l\u0259l\u0259rd\u0259 yum\u015faq des\u0259k, \u00fcrk\u0259k m\u00f6vqe tutur. Moskvan\u0131n \u0130r\u0259vana h\u0259rbi yard\u0131m\u0131na, orada yeni h\u0259rbi sursatlar v\u0259 avadanl\u0131qlar yerl\u0259\u015fdirm\u0259sin\u0259 r\u0259smi Bak\u0131dan a\u00e7\u0131qlama almaq olduqca m\u00fc\u015fk\u00fcl m\u0259s\u0259l\u0259y\u0259 \u00e7evrilib. Lakin son a\u00e7\u0131qlamaya m\u00fcnasib\u0259t lap biab\u0131r\u00e7\u0131 oldu.\n<\/p>\n<p>\n  Az-\u00e7ox adekvat reaksiyan\u0131 Milli M\u0259clisin deputat\u0131 Q\u0259nir\u0259 Pa\u015fayeva verdi. Lakin xan\u0131m\u0131n s\u0131ravi deputat v\u0259 bit\u0259r\u0259f oldu\u011funu n\u0259z\u0259r\u0259 alsaq, bu a\u00e7\u0131qlaman\u0131 n\u0259 hakimiyy\u0259t, n\u0259 d\u0259 hakim partiyan\u0131n m\u00f6vqeyi kimi qiym\u0259tl\u0259ndirm\u0259k m\u00fcmk\u00fcn deyil.\n<\/p>\n<p>\n  Milli M\u0259clisin s\u0259dr m\u00fcavini Bahar Muradovan\u0131n a\u00e7\u0131qlamas\u0131 is\u0259 &#8220;Rusiya Az\u0259rbaycana dost-t\u0259r\u0259fda\u015f \u00f6lk\u0259dir&#8221; iddias\u0131 il\u0259 ba\u015flay\u0131r. Daha sonra is\u0259 xan\u0131m Muradova \u015f\u0259xsi fikirl\u0259rini s\u00f6yl\u0259m\u0259y\u0259r\u0259k xarici i\u015fl\u0259r naziri Elmar M\u0259mm\u0259dyarovun cavab\u0131na istinad edir.\n<\/p>\n<p>\n  H\u0259r\u00e7\u0259nd, M\u0259mm\u0259dyarovun cavab\u0131nda da x\u00fcsusi \u00f6y\u00fcn\u0259c\u0259k bir \u015fey yoxdur. C\u0259nab nazir Az\u0259rbaycan\u0131n Qaraba\u011f \u00fcz\u0259rind\u0259ki suverenliyini \u0259sasland\u0131rmaq \u00fc\u00e7\u00fcn yen\u0259 1993-c\u00fc ild\u0259 q\u0259bul olunmu\u015f q\u0259tnam\u0259l\u0259r\u0259 istinad edib. Bu zaman da he\u00e7 olmasa &#8220;Lavrovla raz\u0131 deyil\u0259m&#8221; fikrini ifad\u0259 etm\u0259kd\u0259n \u00e7\u0259kinib.\n<\/p>\n<p>\n  Rusiyan\u0131n paket h\u0259lli variant\u0131n\u0131 d\u0259st\u0259kl\u0259m\u0259si il\u0259 ba\u011fl\u0131 sualdan is\u0259 Elmar M\u0259mm\u0259dyarov, \u00fcmumiyy\u0259tl\u0259, yay\u0131n\u0131b. Nazir Da\u011fl\u0131q Qaraba\u011f erm\u0259nil\u0259rin\u0259 muxtariyy\u0259t veril\u0259 bil\u0259c\u0259yind\u0259n dan\u0131\u015f\u0131b. Halbuki sual\u0131n mahiyy\u0259ti statusun \u00f6z\u00fc deyil, onun verilm\u0259si qaydas\u0131 haqq\u0131nda, Rusiyan\u0131n erm\u0259ni t\u0259r\u0259fin\u0259 s\u0259rf ed\u0259n variant\u0131 d\u0259st\u0259kl\u0259m\u0259sind\u0259 idi.\n<\/p>\n<p>\n  M\u00fcsahib\u0259sinin sonunda is\u0259 nazir Rusiyaya komplimet dem\u0259yi d\u0259 unutmay\u0131b. O, \u0259min oldu\u011funu vur\u011fulay\u0131b ki, Rusiya probleml\u0259 ciddi m\u0259\u015f\u011ful olsa status-kvo d\u0259yi\u015f\u0259c\u0259k, Erm\u0259nistan qo\u015funlar\u0131n\u0131n Az\u0259rbaycan\u0131n i\u015f\u011fal olunmu\u015f \u0259razil\u0259rind\u0259n \u00e7\u0131xar\u0131lmas\u0131 t\u0259min olunacaq.\n<\/p>\n<p>\n  Elmar M\u0259mm\u0259dyarovun Rusiya il\u0259 ba\u011fl\u0131 bu nikbinliyinin n\u0259d\u0259n qaynaqland\u0131\u011f\u0131 s\u00f6yl\u0259m\u0259k qeyri-m\u00fcmk\u00fcnd\u00fcr. \u015eimal qon\u015fumuzun m\u00f6vqeyin\u0259 baxanda onun Qaraba\u011f m\u0259s\u0259l\u0259si il\u0259 ciddi m\u0259\u015f\u011ful olmamas\u0131n\u0131 yaln\u0131z arzulamaq olar. \u00c7\u00fcnki bel\u0259 f\u0259aliyy\u0259tin Az\u0259rbaycan\u0131n \u00f6z \u0259razisind\u0259 suverenliyini t\u0259min ed\u0259c\u0259yi il\u0259 n\u0259tic\u0259l\u0259n\u0259c\u0259yini g\u00f6zl\u0259m\u0259k sad\u0259l\u00f6vhl\u00fck olard\u0131.\n<\/p>\n<p>\n  Bir \u00e7oxu iddia ed\u0259 bil\u0259r ki, diplomatiya m\u0259hz bel\u0259 olmal\u0131d\u0131r. T\u0259bii, diplomatlar bir \u00e7ox hallarda yum\u015faq ibar\u0259l\u0259rd\u0259n, evfemizml\u0259rd\u0259n istifad\u0259 edirl\u0259r. Lakin el\u0259 m\u0259s\u0259l\u0259l\u0259r var ki, orada daha konkret m\u00f6vqe s\u0259rgil\u0259m\u0259k qa\u00e7\u0131lmazd\u0131r. \u00d6lk\u0259nin \u0259razi b\u00fct\u00f6vl\u00fcy\u00fc v\u0259 suverenlik bu s\u0131rada ilk yeri tutur. Sonucda b\u00fct\u00fcn plastikliyi, ibar\u0259bazl\u0131\u011f\u0131 il\u0259 b\u0259rab\u0259r diplomatiya \u00f6lk\u0259nin maraqlar\u0131n\u0131 qoruma\u011fa xidm\u0259t edir.\n<\/p>\n<p>\n  X\u00fcsus\u0259n d\u0259 daim m\u00fcst\u0259qil daxili v\u0259 xarici siyas\u0259t apard\u0131\u011f\u0131 il\u0259 \u00f6y\u00fcn\u0259n, siyasi m\u0259hbuslar, insan haqlar\u0131 il\u0259 ba\u011fl\u0131 Q\u0259rbd\u0259n g\u0259l\u0259n t\u0259nqidl\u0259r\u0259 k\u0259skin reaksiya verib &#8220;he\u00e7 kim bizim daxili i\u015fl\u0259rimiz\u0259 qar\u0131\u015fa bilm\u0259z&#8221; s\u00f6yl\u0259y\u0259n iqtidar eyni m\u00f6vqeni i\u015f\u011fal olunmu\u015f \u0259razil\u0259rimizl\u0259 ba\u011fl\u0131 m\u0259s\u0259l\u0259l\u0259rd\u0259 d\u0259 g\u00f6st\u0259rm\u0259lidir. Yoxsa \u00e7ox k\u0259d\u0259rli m\u0259nz\u0259r\u0259 al\u0131n\u0131r, c\u0259nablar.\n<\/p>\n<p>\n  <i><br \/>\n    <b><br \/>\n      Yaz\u0131 m\u00fc\u0259llifin fikirl\u0259rini \u0259ks etdirir v\u0259 Meydan TV-nin m\u00f6vqeyi il\u0259 \u00fcst-\u00fcst\u0259 d\u00fc\u015fm\u0259y\u0259 bil\u0259r.<br \/>\n    <\/b><br \/>\n  <\/i><\/p>\n","protected":false},"excerpt":{"rendered":"<p>Son g\u00fcnl\u0259rin \u0259sas hadis\u0259si \u015f\u00fcbh\u0259siz ki, Rusiya xarici i\u015fl\u0259r naziri Sergey Lavrovun Da\u011fl\u0131q Qaraba\u011f m\u00fcnaqi\u015f\u0259si il\u0259 ba\u011fl\u0131 verdiyi a\u00e7\u0131qlama oldu.<\/p>\n","protected":false},"author":11,"featured_media":77924,"comment_status":"closed","ping_status":"open","sticky":false,"template":"","format":"standard","meta":{"_acf_changed":false,"_sitemap_exclude":false,"_sitemap_priority":"","_sitemap_frequency":"","footnotes":""},"categories":[57],"tags":[],"class_list":["post-182049","post","type-post","status-publish","format-standard","has-post-thumbnail","hentry","category-menim-fikrimce","infinite-scroll-item","generate-columns","tablet-grid-50","mobile-grid-100","grid-parent","grid-33","no-featured-image-padding"],"acf":[],"yoast_head":"<!-- This site is optimized with the Yoast SEO plugin v27.5 - https:\/\/yoast.com\/product\/yoast-seo-wordpress\/ -->\n<title>\u00dcrk\u0259k diplomatiya - MEYDAN.TV<\/title>\n<meta name=\"robots\" content=\"index, follow, max-snippet:-1, max-image-preview:large, max-video-preview:-1\" \/>\n<link rel=\"canonical\" href=\"https:\/\/www.meydan.tv\/az\/article\/urkek-diplomatiya\/\" \/>\n<meta property=\"og:locale\" content=\"az_AZ\" \/>\n<meta property=\"og:type\" content=\"article\" \/>\n<meta property=\"og:title\" content=\"\u00dcrk\u0259k diplomatiya - MEYDAN.TV\" \/>\n<meta property=\"og:description\" content=\"Son g\u00fcnl\u0259rin \u0259sas hadis\u0259si \u015f\u00fcbh\u0259siz ki, Rusiya xarici i\u015fl\u0259r naziri Sergey Lavrovun Da\u011fl\u0131q Qaraba\u011f m\u00fcnaqi\u015f\u0259si il\u0259 ba\u011fl\u0131 verdiyi a\u00e7\u0131qlama oldu.\" \/>\n<meta property=\"og:url\" content=\"https:\/\/www.meydan.tv\/az\/article\/urkek-diplomatiya\/\" \/>\n<meta property=\"og:site_name\" content=\"MEYDAN.TV\" \/>\n<meta property=\"article:published_time\" content=\"2017-01-23T00:24:39+00:00\" \/>\n<meta property=\"og:image\" content=\"https:\/\/www.meydan.tv\/wp-content\/uploads\/30276.jpg\" \/>\n\t<meta property=\"og:image:width\" content=\"1500\" \/>\n\t<meta property=\"og:image:height\" content=\"1065\" \/>\n\t<meta property=\"og:image:type\" content=\"image\/jpeg\" \/>\n<meta name=\"author\" content=\"user-manager\" \/>\n<meta name=\"twitter:card\" content=\"summary_large_image\" \/>\n<script type=\"application\/ld+json\" class=\"yoast-schema-graph\">{\"@context\":\"https:\\\/\\\/schema.org\",\"@graph\":[{\"@type\":\"Article\",\"@id\":\"https:\\\/\\\/www.meydan.tv\\\/az\\\/article\\\/urkek-diplomatiya\\\/#article\",\"isPartOf\":{\"@id\":\"https:\\\/\\\/www.meydan.tv\\\/az\\\/article\\\/urkek-diplomatiya\\\/\"},\"author\":{\"name\":\"user-manager\",\"@id\":\"https:\\\/\\\/www.meydan.tv\\\/az\\\/#\\\/schema\\\/person\\\/10d11eccf6da3662cf5fdab9806ea91a\"},\"headline\":\"\u00dcrk\u0259k diplomatiya\",\"datePublished\":\"2017-01-23T00:24:39+00:00\",\"mainEntityOfPage\":{\"@id\":\"https:\\\/\\\/www.meydan.tv\\\/az\\\/article\\\/urkek-diplomatiya\\\/\"},\"wordCount\":1602,\"publisher\":{\"@id\":\"https:\\\/\\\/www.meydan.tv\\\/az\\\/#organization\"},\"image\":{\"@id\":\"https:\\\/\\\/www.meydan.tv\\\/az\\\/article\\\/urkek-diplomatiya\\\/#primaryimage\"},\"thumbnailUrl\":\"https:\\\/\\\/www.meydan.tv\\\/wp-content\\\/uploads\\\/30276.jpg\",\"articleSection\":[\"M\u0259nim Fikrimc\u0259\"],\"inLanguage\":\"az\"},{\"@type\":\"WebPage\",\"@id\":\"https:\\\/\\\/www.meydan.tv\\\/az\\\/article\\\/urkek-diplomatiya\\\/\",\"url\":\"https:\\\/\\\/www.meydan.tv\\\/az\\\/article\\\/urkek-diplomatiya\\\/\",\"name\":\"\u00dcrk\u0259k diplomatiya - MEYDAN.TV\",\"isPartOf\":{\"@id\":\"https:\\\/\\\/www.meydan.tv\\\/az\\\/#website\"},\"primaryImageOfPage\":{\"@id\":\"https:\\\/\\\/www.meydan.tv\\\/az\\\/article\\\/urkek-diplomatiya\\\/#primaryimage\"},\"image\":{\"@id\":\"https:\\\/\\\/www.meydan.tv\\\/az\\\/article\\\/urkek-diplomatiya\\\/#primaryimage\"},\"thumbnailUrl\":\"https:\\\/\\\/www.meydan.tv\\\/wp-content\\\/uploads\\\/30276.jpg\",\"datePublished\":\"2017-01-23T00:24:39+00:00\",\"breadcrumb\":{\"@id\":\"https:\\\/\\\/www.meydan.tv\\\/az\\\/article\\\/urkek-diplomatiya\\\/#breadcrumb\"},\"inLanguage\":\"az\",\"potentialAction\":[{\"@type\":\"ReadAction\",\"target\":[\"https:\\\/\\\/www.meydan.tv\\\/az\\\/article\\\/urkek-diplomatiya\\\/\"]}]},{\"@type\":\"ImageObject\",\"inLanguage\":\"az\",\"@id\":\"https:\\\/\\\/www.meydan.tv\\\/az\\\/article\\\/urkek-diplomatiya\\\/#primaryimage\",\"url\":\"https:\\\/\\\/www.meydan.tv\\\/wp-content\\\/uploads\\\/30276.jpg\",\"contentUrl\":\"https:\\\/\\\/www.meydan.tv\\\/wp-content\\\/uploads\\\/30276.jpg\",\"width\":1500,\"height\":1065,\"caption\":\"Source:\"},{\"@type\":\"BreadcrumbList\",\"@id\":\"https:\\\/\\\/www.meydan.tv\\\/az\\\/article\\\/urkek-diplomatiya\\\/#breadcrumb\",\"itemListElement\":[{\"@type\":\"ListItem\",\"position\":1,\"name\":\"Ana s\u0259hif\u0259\",\"item\":\"https:\\\/\\\/www.meydan.tv\\\/az\\\/\"},{\"@type\":\"ListItem\",\"position\":2,\"name\":\"M\u0259nim Fikrimc\u0259\",\"item\":\"https:\\\/\\\/www.meydan.tv\\\/az\\\/section\\\/menim-fikrimce\\\/\"},{\"@type\":\"ListItem\",\"position\":3,\"name\":\"\u00dcrk\u0259k diplomatiya\"}]},{\"@type\":\"WebSite\",\"@id\":\"https:\\\/\\\/www.meydan.tv\\\/az\\\/#website\",\"url\":\"https:\\\/\\\/www.meydan.tv\\\/az\\\/\",\"name\":\"MEYDAN.TV\",\"description\":\"Meydan TV Az\u0259rbaycan\u0131n media m\u0259kan\u0131ndak\u0131 alternativ s\u0259sidir\",\"publisher\":{\"@id\":\"https:\\\/\\\/www.meydan.tv\\\/az\\\/#organization\"},\"potentialAction\":[{\"@type\":\"SearchAction\",\"target\":{\"@type\":\"EntryPoint\",\"urlTemplate\":\"https:\\\/\\\/www.meydan.tv\\\/az\\\/?s={search_term_string}\"},\"query-input\":{\"@type\":\"PropertyValueSpecification\",\"valueRequired\":true,\"valueName\":\"search_term_string\"}}],\"inLanguage\":\"az\"},{\"@type\":\"Organization\",\"@id\":\"https:\\\/\\\/www.meydan.tv\\\/az\\\/#organization\",\"name\":\"Meydan TV\",\"url\":\"https:\\\/\\\/www.meydan.tv\\\/az\\\/\",\"logo\":{\"@type\":\"ImageObject\",\"inLanguage\":\"az\",\"@id\":\"https:\\\/\\\/www.meydan.tv\\\/az\\\/#\\\/schema\\\/logo\\\/image\\\/\",\"url\":\"https:\\\/\\\/www.meydan.tv\\\/wp-content\\\/uploads\\\/2021\\\/07\\\/meydan-logo.svg\",\"contentUrl\":\"https:\\\/\\\/www.meydan.tv\\\/wp-content\\\/uploads\\\/2021\\\/07\\\/meydan-logo.svg\",\"width\":195,\"height\":46,\"caption\":\"Meydan TV\"},\"image\":{\"@id\":\"https:\\\/\\\/www.meydan.tv\\\/az\\\/#\\\/schema\\\/logo\\\/image\\\/\"}},{\"@type\":\"Person\",\"@id\":\"https:\\\/\\\/www.meydan.tv\\\/az\\\/#\\\/schema\\\/person\\\/10d11eccf6da3662cf5fdab9806ea91a\",\"name\":\"user-manager\"}]}<\/script>\n<!-- \/ Yoast SEO plugin. -->","yoast_head_json":{"title":"\u00dcrk\u0259k diplomatiya - MEYDAN.TV","robots":{"index":"index","follow":"follow","max-snippet":"max-snippet:-1","max-image-preview":"max-image-preview:large","max-video-preview":"max-video-preview:-1"},"canonical":"https:\/\/www.meydan.tv\/az\/article\/urkek-diplomatiya\/","og_locale":"az_AZ","og_type":"article","og_title":"\u00dcrk\u0259k diplomatiya - MEYDAN.TV","og_description":"Son g\u00fcnl\u0259rin \u0259sas hadis\u0259si \u015f\u00fcbh\u0259siz ki, Rusiya xarici i\u015fl\u0259r naziri Sergey Lavrovun Da\u011fl\u0131q Qaraba\u011f m\u00fcnaqi\u015f\u0259si il\u0259 ba\u011fl\u0131 verdiyi a\u00e7\u0131qlama oldu.","og_url":"https:\/\/www.meydan.tv\/az\/article\/urkek-diplomatiya\/","og_site_name":"MEYDAN.TV","article_published_time":"2017-01-23T00:24:39+00:00","og_image":[{"width":1500,"height":1065,"url":"https:\/\/www.meydan.tv\/wp-content\/uploads\/30276.jpg","type":"image\/jpeg"}],"author":"user-manager","twitter_card":"summary_large_image","schema":{"@context":"https:\/\/schema.org","@graph":[{"@type":"Article","@id":"https:\/\/www.meydan.tv\/az\/article\/urkek-diplomatiya\/#article","isPartOf":{"@id":"https:\/\/www.meydan.tv\/az\/article\/urkek-diplomatiya\/"},"author":{"name":"user-manager","@id":"https:\/\/www.meydan.tv\/az\/#\/schema\/person\/10d11eccf6da3662cf5fdab9806ea91a"},"headline":"\u00dcrk\u0259k diplomatiya","datePublished":"2017-01-23T00:24:39+00:00","mainEntityOfPage":{"@id":"https:\/\/www.meydan.tv\/az\/article\/urkek-diplomatiya\/"},"wordCount":1602,"publisher":{"@id":"https:\/\/www.meydan.tv\/az\/#organization"},"image":{"@id":"https:\/\/www.meydan.tv\/az\/article\/urkek-diplomatiya\/#primaryimage"},"thumbnailUrl":"https:\/\/www.meydan.tv\/wp-content\/uploads\/30276.jpg","articleSection":["M\u0259nim Fikrimc\u0259"],"inLanguage":"az"},{"@type":"WebPage","@id":"https:\/\/www.meydan.tv\/az\/article\/urkek-diplomatiya\/","url":"https:\/\/www.meydan.tv\/az\/article\/urkek-diplomatiya\/","name":"\u00dcrk\u0259k diplomatiya - MEYDAN.TV","isPartOf":{"@id":"https:\/\/www.meydan.tv\/az\/#website"},"primaryImageOfPage":{"@id":"https:\/\/www.meydan.tv\/az\/article\/urkek-diplomatiya\/#primaryimage"},"image":{"@id":"https:\/\/www.meydan.tv\/az\/article\/urkek-diplomatiya\/#primaryimage"},"thumbnailUrl":"https:\/\/www.meydan.tv\/wp-content\/uploads\/30276.jpg","datePublished":"2017-01-23T00:24:39+00:00","breadcrumb":{"@id":"https:\/\/www.meydan.tv\/az\/article\/urkek-diplomatiya\/#breadcrumb"},"inLanguage":"az","potentialAction":[{"@type":"ReadAction","target":["https:\/\/www.meydan.tv\/az\/article\/urkek-diplomatiya\/"]}]},{"@type":"ImageObject","inLanguage":"az","@id":"https:\/\/www.meydan.tv\/az\/article\/urkek-diplomatiya\/#primaryimage","url":"https:\/\/www.meydan.tv\/wp-content\/uploads\/30276.jpg","contentUrl":"https:\/\/www.meydan.tv\/wp-content\/uploads\/30276.jpg","width":1500,"height":1065,"caption":"Source:"},{"@type":"BreadcrumbList","@id":"https:\/\/www.meydan.tv\/az\/article\/urkek-diplomatiya\/#breadcrumb","itemListElement":[{"@type":"ListItem","position":1,"name":"Ana s\u0259hif\u0259","item":"https:\/\/www.meydan.tv\/az\/"},{"@type":"ListItem","position":2,"name":"M\u0259nim Fikrimc\u0259","item":"https:\/\/www.meydan.tv\/az\/section\/menim-fikrimce\/"},{"@type":"ListItem","position":3,"name":"\u00dcrk\u0259k diplomatiya"}]},{"@type":"WebSite","@id":"https:\/\/www.meydan.tv\/az\/#website","url":"https:\/\/www.meydan.tv\/az\/","name":"MEYDAN.TV","description":"Meydan TV Az\u0259rbaycan\u0131n media m\u0259kan\u0131ndak\u0131 alternativ s\u0259sidir","publisher":{"@id":"https:\/\/www.meydan.tv\/az\/#organization"},"potentialAction":[{"@type":"SearchAction","target":{"@type":"EntryPoint","urlTemplate":"https:\/\/www.meydan.tv\/az\/?s={search_term_string}"},"query-input":{"@type":"PropertyValueSpecification","valueRequired":true,"valueName":"search_term_string"}}],"inLanguage":"az"},{"@type":"Organization","@id":"https:\/\/www.meydan.tv\/az\/#organization","name":"Meydan TV","url":"https:\/\/www.meydan.tv\/az\/","logo":{"@type":"ImageObject","inLanguage":"az","@id":"https:\/\/www.meydan.tv\/az\/#\/schema\/logo\/image\/","url":"https:\/\/www.meydan.tv\/wp-content\/uploads\/2021\/07\/meydan-logo.svg","contentUrl":"https:\/\/www.meydan.tv\/wp-content\/uploads\/2021\/07\/meydan-logo.svg","width":195,"height":46,"caption":"Meydan TV"},"image":{"@id":"https:\/\/www.meydan.tv\/az\/#\/schema\/logo\/image\/"}},{"@type":"Person","@id":"https:\/\/www.meydan.tv\/az\/#\/schema\/person\/10d11eccf6da3662cf5fdab9806ea91a","name":"user-manager"}]}},"_links":{"self":[{"href":"https:\/\/www.meydan.tv\/az\/wp-json\/wp\/v2\/posts\/182049","targetHints":{"allow":["GET"]}}],"collection":[{"href":"https:\/\/www.meydan.tv\/az\/wp-json\/wp\/v2\/posts"}],"about":[{"href":"https:\/\/www.meydan.tv\/az\/wp-json\/wp\/v2\/types\/post"}],"author":[{"embeddable":true,"href":"https:\/\/www.meydan.tv\/az\/wp-json\/wp\/v2\/users\/11"}],"replies":[{"embeddable":true,"href":"https:\/\/www.meydan.tv\/az\/wp-json\/wp\/v2\/comments?post=182049"}],"version-history":[{"count":0,"href":"https:\/\/www.meydan.tv\/az\/wp-json\/wp\/v2\/posts\/182049\/revisions"}],"wp:featuredmedia":[{"embeddable":true,"href":"https:\/\/www.meydan.tv\/az\/wp-json\/wp\/v2\/media\/77924"}],"wp:attachment":[{"href":"https:\/\/www.meydan.tv\/az\/wp-json\/wp\/v2\/media?parent=182049"}],"wp:term":[{"taxonomy":"category","embeddable":true,"href":"https:\/\/www.meydan.tv\/az\/wp-json\/wp\/v2\/categories?post=182049"},{"taxonomy":"post_tag","embeddable":true,"href":"https:\/\/www.meydan.tv\/az\/wp-json\/wp\/v2\/tags?post=182049"}],"curies":[{"name":"wp","href":"https:\/\/api.w.org\/{rel}","templated":true}]}}