{"id":182045,"date":"2017-01-21T16:11:24","date_gmt":"2017-01-21T16:11:24","guid":{"rendered":"https:\/\/www.meydan.tv\/article\/emekhaqqi-11-manat-artdi\/"},"modified":"2017-01-21T16:11:24","modified_gmt":"2017-01-21T16:11:24","slug":"emekhaqqi-11-manat-artdi","status":"publish","type":"post","link":"https:\/\/www.meydan.tv\/az\/article\/emekhaqqi-11-manat-artdi\/","title":{"rendered":"\u018fm\u0259khaqq\u0131 11 manat artd\u0131"},"content":{"rendered":"<figure class=\"wp-block-image size-large\">\n  <img decoding=\"async\" src=\"https:\/\/www.meydan.tv\/az\/76793\/\" alt=\"\" class=\"wp-image-76793\"\/><figcaption><\/figcaption><\/figure>\n<p>\n  <i><br \/>\n    &#8221;Qiym\u0259tl\u0259rin art\u0131m tempi minimum \u0259m\u0259khaqq\u0131n\u0131n art\u0131m tempini \u00fcst\u0259l\u0259yir&#8221;<br \/>\n  <\/i>\n<\/p>\n<p>\n  Prezident \u0130lham \u018fliyev \u0259m\u0259k pensiyalar\u0131n\u0131n s\u0131\u011forta hiss\u0259sinin indeksl\u0259\u015fdirilm\u0259si v\u0259 minimum ayl\u0131q \u0259m\u0259khaqq\u0131n\u0131n art\u0131r\u0131lmas\u0131 haqq\u0131nda s\u0259r\u0259ncam imzalay\u0131b.\n<\/p>\n<p>\n  APA yaz\u0131r ki, minimum ayl\u0131q \u0259m\u0259khaqq\u0131n\u0131n m\u0259bl\u0259\u011fi yanvar\u0131n 1-d\u0259n 116 manat m\u00fc\u0259yy\u0259n edilib.\n<\/p>\n<p>\n  \u201c\u018fm\u0259k v\u0259 \u018fhalinin Sosial M\u00fcdafi\u0259si Nazirliyin\u0259 tap\u015f\u0131r\u0131l\u0131b ki, 2016-c\u0131 il \u00fczr\u0259 istehlak qiym\u0259tl\u0259ri indeksin\u0259 uy\u011fun olaraq 2017-ci ilin 1 yanvar tarixin\u0259 b\u00fct\u00fcn n\u00f6v \u0259m\u0259k pensiyalar\u0131n\u0131n s\u0131\u011forta hiss\u0259sinin art\u0131r\u0131lmas\u0131n\u0131 t\u0259min etsin. Eyni zamanda nazirliy\u0259 f\u0259rdi u\u00e7ot sistemind\u0259 f\u0259rdi hesablar\u0131n s\u0131\u011forta hiss\u0259sind\u0259 toplanm\u0131\u015f pensiya kapital\u0131 m\u0259bl\u0259\u011fl\u0259rinin indeksl\u0259\u015fdirilm\u0259sini h\u0259yata ke\u00e7irm\u0259k tap\u015f\u0131r\u0131l\u0131b\u201d,-dey\u0259 x\u0259b\u0259rd\u0259 qeyd olunub.\n<\/p>\n<p>\n  S\u0259r\u0259ncamlar\u0131 Meydan TV-y\u0259 \u015f\u0259rh ed\u0259n iqtisad\u00e7\u0131 Samir \u018fliyev minimum \u0259m\u0259khaqq\u0131n\u0131n art\u0131r\u0131lmas\u0131n\u0131 yax\u015f\u0131 add\u0131m hesab ets\u0259 d\u0259, bunun kifay\u0259tedici s\u0259viyy\u0259d\u0259 olmad\u0131\u011f\u0131n\u0131 ifad\u0259 edib.\n<\/p>\n<p>\n  O bildirib ki, \u00f6t\u0259n il inflyasiya s\u0259viyy\u0259si 12,4 faiz olub, y\u0259ni istehlak qiym\u0259tl\u0259ri t\u0259qrib\u0259n bu q\u0259d\u0259r art\u0131b:\n<\/p>\n<p>\n  &#8220;\u018fhalinin x\u0259rcl\u0259rinin \u0259sas\u0131n\u0131 t\u0259\u015fkil ed\u0259n \u0259rzaq m\u0259hsullar\u0131n\u0131n qiym\u0259tind\u0259 art\u0131m 14,7 faiz olub. Bunlar h\u0259l\u0259 r\u0259smi r\u0259q\u0259ml\u0259rdir. Reall\u0131qda art\u0131m daha \u00e7ox olub. Bel\u0259 art\u0131m qar\u015f\u0131\u011f\u0131l\u0131nda minimum \u0259m\u0259k haqq\u0131 10,5 faiz art\u0131b. Y\u0259ni qiym\u0259tl\u0259rin art\u0131m tempi minimum \u0259m\u0259khaqq\u0131n\u0131n art\u0131m tempini \u00fcst\u0259l\u0259yir. Bununla ya\u015fay\u0131\u015f minimumu 155 manata qald\u0131r\u0131ld\u0131. \u018fslin\u0259 qalsa ya\u015fay\u0131\u015f minimumu il\u0259 minimum \u0259m\u0259k haqq\u0131 b\u0259rab\u0259r olmal\u0131d\u0131r. \u00c7\u00fcnki ya\u015fay\u0131\u015f minimumu \u0259halinin fizioloji m\u00f6vcudlu\u011fu \u00fc\u00e7\u00fcn t\u0259l\u0259b olunan x\u0259rcl\u0259rin m\u0259cmusudur. Ya\u015fay\u0131\u015f minimum el\u0259 bir h\u0259ddir ki, ondan a\u015fa\u011f\u0131 qazancla insan\u0131n ya\u015famas\u0131 m\u00fcmk\u00fcn deyil. Minimum \u0259m\u0259khaqq\u0131n\u0131n da m\u0259qs\u0259di m\u0259hz budur. Bu bax\u0131mdan minimum \u0259m\u0259khaqq\u0131 \u0259n az\u0131 155 manat olmal\u0131d\u0131r&#8221;.\n<\/p>\n<figure class=\"wp-block-image size-large\">\n  <img decoding=\"async\" src=\"https:\/\/www.meydan.tv\/az\/71088\/\" alt=\"\" class=\"wp-image-71088\"\/><figcaption>\n    Samir \u018fliyev foto sosial \u015f\u0259b\u0259k\u0259<br \/>\n  <\/figcaption><\/figure>\n<p>\n  \u0130qtisad\u00e7\u0131 hesab edir ki, \u00fcmumiyy\u0259tl\u0259, bu g\u00fcn minimum \u0259m\u0259khaqq\u0131na yana\u015fma d\u0259yi\u015fm\u0259lidir:\n<\/p>\n<p>\n  &#8220;\u0130lk n\u00f6vb\u0259d\u0259, vahid minimum \u0259m\u0259khaqq\u0131 m\u0259bl\u0259\u011find\u0259n imtina edilm\u0259li, \u0259ks\u0259r \u00f6lk\u0259l\u0259rd\u0259 oldu\u011fu kimi \u0259m\u0259yin \u00f6d\u0259ni\u015fin minimal m\u0259bl\u0259\u011finin sah\u0259vi sistemin\u0259 ke\u00e7ilm\u0259lidir. Y\u0259ni ayr\u0131-ayr\u0131 sektorlar \u00fczr\u0259 minimum \u0259m\u0259khaqq\u0131n\u0131n m\u0259bl\u0259\u011fi f\u0259rqli olmal\u0131d\u0131r. T\u0259hsil sektorunda i\u015fl\u0259y\u0259nl\u0259rl\u0259 kimya s\u0259nayesind\u0259 \u00e7al\u0131\u015fanlar\u0131n minimum \u0259m\u0259khaqq\u0131 f\u0259rql\u0259nm\u0259lidir. \u0130kincisi, minimum \u0259m\u0259k haqq\u0131n\u0131n ayl\u0131q yox, d\u00fcnyada t\u0259tbiq edil\u0259n saatl\u0131q m\u00fc\u0259yy\u0259nl\u0259\u015fdirilm\u0259si sistemin\u0259 ke\u00e7ilm\u0259lidir. \u00dc\u00e7\u00fcnc\u00fcs\u00fc, minimum \u0259m\u0259khaqq\u0131n\u0131n m\u0259bl\u0259\u011fi \u0259h\u0259miyy\u0259tli d\u0259r\u0259c\u0259d\u0259 art\u0131r\u0131lmal\u0131d\u0131r. Az\u0259rbaycan\u0131n da qo\u015fuldu\u011fu Avropa Sosial Xartiyas\u0131na g\u00f6r\u0259, minimum \u0259m\u0259k haqq\u0131 orta ayl\u0131q \u0259m\u0259k haqq\u0131n\u0131n 60 faizini t\u0259\u015fkil etm\u0259lidir. 2016-c\u0131 ilin sonuna orta maa\u015f t\u0259xmin\u0259n 494,3 manata b\u0259rab\u0259r olub. Bu halda minimum m\u0259vacib t\u0259xmin\u0259n 297 manat olmal\u0131d\u0131r&#8221;.\n<\/p>\n<p>\n  Onun h\u0259mkar\u0131 Natiq C\u0259f\u0259rli s\u0259r\u0259ncamlar\u0131n qanunda n\u0259z\u0259rd\u0259 tutulmu\u015f formada imzaland\u0131\u011f\u0131n\u0131 bildirib. Qanuna g\u00f6r\u0259, r\u0259smi inflyasiyaya q\u0259d\u0259r indeksl\u0259\u015fm\u0259 apar\u0131lmal\u0131d\u0131r.\n<\/p>\n<p>\n  N.C\u0259f\u0259rlinin q\u0259na\u0259tinc\u0259, bu m\u0259s\u0259l\u0259d\u0259 \u0259sas sual r\u0259smi inflyasiyan\u0131n do\u011fru hesablanmas\u0131d\u0131r:\n<\/p>\n<figure class=\"wp-block-image size-large\">\n  <img decoding=\"async\" src=\"https:\/\/www.meydan.tv\/az\/67349\/\" alt=\"\" class=\"wp-image-67349\"\/><figcaption>\n    Natiq C\u0259f\u0259rli<br \/>\n  <\/figcaption><\/figure>\n<p>\n  &#8220;Y\u0259ni r\u0259smi inflyasiya do\u011fru hesablan\u0131rm\u0131 ki, indeksl\u0259\u015fm\u0259 apar\u0131landa v\u0259t\u0259nda\u015flara yet\u0259rli olsun. T\u0259\u0259ss\u00fcf ki, Az\u0259rbaycanda statistika kifay\u0259t q\u0259d\u0259r siyasil\u0259\u015fib. M\u0259ntiqi yana\u015faq, 2015-ci ild\u0259 manat iki d\u0259f\u0259 d\u0259y\u0259rd\u0259n d\u00fc\u015f\u00fcbs\u0259, \u00f6t\u0259n il milli valyutan\u0131n 14-15 faizlik d\u0259y\u0259rd\u0259n d\u00fc\u015fm\u0259sini n\u0259z\u0259r\u0259 ald\u0131qda, 12 faizlik inflyasiyan\u0131n olmas\u0131 ehtimal\u0131 inand\u0131r\u0131c\u0131 deyil. \u018frzaq inflyasiyas\u0131n\u0131n kifay\u0259t q\u0259d\u0259r y\u00fcks\u0259k oldu\u011funu n\u0259z\u0259r\u0259 alsaq, azt\u0259minatl\u0131 ail\u0259l\u0259r\u0259, pensiya\u00e7\u0131lara bu s\u0259viyy\u0259d\u0259 kompensasiya kifay\u0259t etm\u0259y\u0259c\u0259k. \u00c7\u00fcnki h\u0259min insanlar\u0131n \u0259sas x\u0259rcl\u0259ri qidaya gedir. R\u0259smi r\u0259q\u0259ml\u0259r d\u0259 g\u00f6st\u0259rir ki, pensiya\u00e7\u0131lar\u0131n v\u0259 minimum maa\u015f alanlar\u0131n \u0259m\u0259khaqq\u0131n\u0131n 70 faizi \u0259rza\u011fa x\u0259rcl\u0259nir. \u018frza\u011f\u0131n qiym\u0259ti is\u0259 r\u0259smi r\u0259q\u0259ml\u0259rd\u0259 15 faiz olsa da, qeyri-r\u0259smi hesablamalarda iki d\u0259f\u0259d\u0259n \u00e7ox oldu\u011fu g\u00f6st\u0259rilir&#8221;.<\/p>\n","protected":false},"excerpt":{"rendered":"<p>&#8221;Qiym\u0259tl\u0259rin art\u0131m tempi minimum \u0259m\u0259khaqq\u0131n\u0131n art\u0131m tempini \u00fcst\u0259l\u0259yir&#8221;<\/p>\n","protected":false},"author":11,"featured_media":76793,"comment_status":"closed","ping_status":"open","sticky":false,"template":"","format":"standard","meta":{"_acf_changed":false,"_sitemap_exclude":false,"_sitemap_priority":"","_sitemap_frequency":"","footnotes":""},"categories":[51],"tags":[],"class_list":["post-182045","post","type-post","status-publish","format-standard","has-post-thumbnail","hentry","category-analitika","infinite-scroll-item","generate-columns","tablet-grid-50","mobile-grid-100","grid-parent","grid-33","no-featured-image-padding"],"acf":[],"yoast_head":"<!-- This site is optimized with the Yoast SEO plugin v27.4 - https:\/\/yoast.com\/product\/yoast-seo-wordpress\/ -->\n<title>\u018fm\u0259khaqq\u0131 11 manat artd\u0131 - MEYDAN.TV<\/title>\n<meta name=\"robots\" content=\"index, follow, max-snippet:-1, max-image-preview:large, max-video-preview:-1\" \/>\n<link rel=\"canonical\" href=\"https:\/\/www.meydan.tv\/az\/article\/emekhaqqi-11-manat-artdi\/\" \/>\n<meta property=\"og:locale\" content=\"az_AZ\" \/>\n<meta property=\"og:type\" content=\"article\" \/>\n<meta property=\"og:title\" content=\"\u018fm\u0259khaqq\u0131 11 manat artd\u0131 - MEYDAN.TV\" \/>\n<meta property=\"og:description\" content=\"&#039;&#039;Qiym\u0259tl\u0259rin art\u0131m tempi minimum \u0259m\u0259khaqq\u0131n\u0131n art\u0131m tempini \u00fcst\u0259l\u0259yir&#039;&#039;\" \/>\n<meta property=\"og:url\" content=\"https:\/\/www.meydan.tv\/az\/article\/emekhaqqi-11-manat-artdi\/\" \/>\n<meta property=\"og:site_name\" content=\"MEYDAN.TV\" \/>\n<meta property=\"article:published_time\" content=\"2017-01-21T16:11:24+00:00\" \/>\n<meta property=\"og:image\" content=\"https:\/\/www.meydan.tv\/wp-content\/uploads\/29743.png\" \/>\n\t<meta property=\"og:image:width\" content=\"1098\" \/>\n\t<meta property=\"og:image:height\" content=\"640\" \/>\n\t<meta property=\"og:image:type\" content=\"image\/png\" \/>\n<meta name=\"author\" content=\"user-manager\" \/>\n<meta name=\"twitter:card\" content=\"summary_large_image\" \/>\n<script type=\"application\/ld+json\" class=\"yoast-schema-graph\">{\"@context\":\"https:\\\/\\\/schema.org\",\"@graph\":[{\"@type\":\"Article\",\"@id\":\"https:\\\/\\\/www.meydan.tv\\\/az\\\/article\\\/emekhaqqi-11-manat-artdi\\\/#article\",\"isPartOf\":{\"@id\":\"https:\\\/\\\/www.meydan.tv\\\/az\\\/article\\\/emekhaqqi-11-manat-artdi\\\/\"},\"author\":{\"name\":\"user-manager\",\"@id\":\"https:\\\/\\\/www.meydan.tv\\\/az\\\/#\\\/schema\\\/person\\\/10d11eccf6da3662cf5fdab9806ea91a\"},\"headline\":\"\u018fm\u0259khaqq\u0131 11 manat artd\u0131\",\"datePublished\":\"2017-01-21T16:11:24+00:00\",\"mainEntityOfPage\":{\"@id\":\"https:\\\/\\\/www.meydan.tv\\\/az\\\/article\\\/emekhaqqi-11-manat-artdi\\\/\"},\"wordCount\":840,\"publisher\":{\"@id\":\"https:\\\/\\\/www.meydan.tv\\\/az\\\/#organization\"},\"image\":{\"@id\":\"https:\\\/\\\/www.meydan.tv\\\/az\\\/article\\\/emekhaqqi-11-manat-artdi\\\/#primaryimage\"},\"thumbnailUrl\":\"https:\\\/\\\/www.meydan.tv\\\/wp-content\\\/uploads\\\/29743.png\",\"articleSection\":[\"Analitika\"],\"inLanguage\":\"az\"},{\"@type\":\"WebPage\",\"@id\":\"https:\\\/\\\/www.meydan.tv\\\/az\\\/article\\\/emekhaqqi-11-manat-artdi\\\/\",\"url\":\"https:\\\/\\\/www.meydan.tv\\\/az\\\/article\\\/emekhaqqi-11-manat-artdi\\\/\",\"name\":\"\u018fm\u0259khaqq\u0131 11 manat artd\u0131 - MEYDAN.TV\",\"isPartOf\":{\"@id\":\"https:\\\/\\\/www.meydan.tv\\\/az\\\/#website\"},\"primaryImageOfPage\":{\"@id\":\"https:\\\/\\\/www.meydan.tv\\\/az\\\/article\\\/emekhaqqi-11-manat-artdi\\\/#primaryimage\"},\"image\":{\"@id\":\"https:\\\/\\\/www.meydan.tv\\\/az\\\/article\\\/emekhaqqi-11-manat-artdi\\\/#primaryimage\"},\"thumbnailUrl\":\"https:\\\/\\\/www.meydan.tv\\\/wp-content\\\/uploads\\\/29743.png\",\"datePublished\":\"2017-01-21T16:11:24+00:00\",\"breadcrumb\":{\"@id\":\"https:\\\/\\\/www.meydan.tv\\\/az\\\/article\\\/emekhaqqi-11-manat-artdi\\\/#breadcrumb\"},\"inLanguage\":\"az\",\"potentialAction\":[{\"@type\":\"ReadAction\",\"target\":[\"https:\\\/\\\/www.meydan.tv\\\/az\\\/article\\\/emekhaqqi-11-manat-artdi\\\/\"]}]},{\"@type\":\"ImageObject\",\"inLanguage\":\"az\",\"@id\":\"https:\\\/\\\/www.meydan.tv\\\/az\\\/article\\\/emekhaqqi-11-manat-artdi\\\/#primaryimage\",\"url\":\"https:\\\/\\\/www.meydan.tv\\\/wp-content\\\/uploads\\\/29743.png\",\"contentUrl\":\"https:\\\/\\\/www.meydan.tv\\\/wp-content\\\/uploads\\\/29743.png\",\"width\":1098,\"height\":640,\"caption\":\"Source:\"},{\"@type\":\"BreadcrumbList\",\"@id\":\"https:\\\/\\\/www.meydan.tv\\\/az\\\/article\\\/emekhaqqi-11-manat-artdi\\\/#breadcrumb\",\"itemListElement\":[{\"@type\":\"ListItem\",\"position\":1,\"name\":\"Ana s\u0259hif\u0259\",\"item\":\"https:\\\/\\\/www.meydan.tv\\\/az\\\/\"},{\"@type\":\"ListItem\",\"position\":2,\"name\":\"Analitika\",\"item\":\"https:\\\/\\\/www.meydan.tv\\\/az\\\/section\\\/analitika\\\/\"},{\"@type\":\"ListItem\",\"position\":3,\"name\":\"\u018fm\u0259khaqq\u0131 11 manat artd\u0131\"}]},{\"@type\":\"WebSite\",\"@id\":\"https:\\\/\\\/www.meydan.tv\\\/az\\\/#website\",\"url\":\"https:\\\/\\\/www.meydan.tv\\\/az\\\/\",\"name\":\"MEYDAN.TV\",\"description\":\"Meydan TV Az\u0259rbaycan\u0131n media m\u0259kan\u0131ndak\u0131 alternativ s\u0259sidir\",\"publisher\":{\"@id\":\"https:\\\/\\\/www.meydan.tv\\\/az\\\/#organization\"},\"potentialAction\":[{\"@type\":\"SearchAction\",\"target\":{\"@type\":\"EntryPoint\",\"urlTemplate\":\"https:\\\/\\\/www.meydan.tv\\\/az\\\/?s={search_term_string}\"},\"query-input\":{\"@type\":\"PropertyValueSpecification\",\"valueRequired\":true,\"valueName\":\"search_term_string\"}}],\"inLanguage\":\"az\"},{\"@type\":\"Organization\",\"@id\":\"https:\\\/\\\/www.meydan.tv\\\/az\\\/#organization\",\"name\":\"Meydan TV\",\"url\":\"https:\\\/\\\/www.meydan.tv\\\/az\\\/\",\"logo\":{\"@type\":\"ImageObject\",\"inLanguage\":\"az\",\"@id\":\"https:\\\/\\\/www.meydan.tv\\\/az\\\/#\\\/schema\\\/logo\\\/image\\\/\",\"url\":\"https:\\\/\\\/www.meydan.tv\\\/wp-content\\\/uploads\\\/2021\\\/07\\\/meydan-logo.svg\",\"contentUrl\":\"https:\\\/\\\/www.meydan.tv\\\/wp-content\\\/uploads\\\/2021\\\/07\\\/meydan-logo.svg\",\"width\":195,\"height\":46,\"caption\":\"Meydan TV\"},\"image\":{\"@id\":\"https:\\\/\\\/www.meydan.tv\\\/az\\\/#\\\/schema\\\/logo\\\/image\\\/\"}},{\"@type\":\"Person\",\"@id\":\"https:\\\/\\\/www.meydan.tv\\\/az\\\/#\\\/schema\\\/person\\\/10d11eccf6da3662cf5fdab9806ea91a\",\"name\":\"user-manager\"}]}<\/script>\n<!-- \/ Yoast SEO plugin. -->","yoast_head_json":{"title":"\u018fm\u0259khaqq\u0131 11 manat artd\u0131 - MEYDAN.TV","robots":{"index":"index","follow":"follow","max-snippet":"max-snippet:-1","max-image-preview":"max-image-preview:large","max-video-preview":"max-video-preview:-1"},"canonical":"https:\/\/www.meydan.tv\/az\/article\/emekhaqqi-11-manat-artdi\/","og_locale":"az_AZ","og_type":"article","og_title":"\u018fm\u0259khaqq\u0131 11 manat artd\u0131 - MEYDAN.TV","og_description":"''Qiym\u0259tl\u0259rin art\u0131m tempi minimum \u0259m\u0259khaqq\u0131n\u0131n art\u0131m tempini \u00fcst\u0259l\u0259yir''","og_url":"https:\/\/www.meydan.tv\/az\/article\/emekhaqqi-11-manat-artdi\/","og_site_name":"MEYDAN.TV","article_published_time":"2017-01-21T16:11:24+00:00","og_image":[{"width":1098,"height":640,"url":"https:\/\/www.meydan.tv\/wp-content\/uploads\/29743.png","type":"image\/png"}],"author":"user-manager","twitter_card":"summary_large_image","schema":{"@context":"https:\/\/schema.org","@graph":[{"@type":"Article","@id":"https:\/\/www.meydan.tv\/az\/article\/emekhaqqi-11-manat-artdi\/#article","isPartOf":{"@id":"https:\/\/www.meydan.tv\/az\/article\/emekhaqqi-11-manat-artdi\/"},"author":{"name":"user-manager","@id":"https:\/\/www.meydan.tv\/az\/#\/schema\/person\/10d11eccf6da3662cf5fdab9806ea91a"},"headline":"\u018fm\u0259khaqq\u0131 11 manat artd\u0131","datePublished":"2017-01-21T16:11:24+00:00","mainEntityOfPage":{"@id":"https:\/\/www.meydan.tv\/az\/article\/emekhaqqi-11-manat-artdi\/"},"wordCount":840,"publisher":{"@id":"https:\/\/www.meydan.tv\/az\/#organization"},"image":{"@id":"https:\/\/www.meydan.tv\/az\/article\/emekhaqqi-11-manat-artdi\/#primaryimage"},"thumbnailUrl":"https:\/\/www.meydan.tv\/wp-content\/uploads\/29743.png","articleSection":["Analitika"],"inLanguage":"az"},{"@type":"WebPage","@id":"https:\/\/www.meydan.tv\/az\/article\/emekhaqqi-11-manat-artdi\/","url":"https:\/\/www.meydan.tv\/az\/article\/emekhaqqi-11-manat-artdi\/","name":"\u018fm\u0259khaqq\u0131 11 manat artd\u0131 - MEYDAN.TV","isPartOf":{"@id":"https:\/\/www.meydan.tv\/az\/#website"},"primaryImageOfPage":{"@id":"https:\/\/www.meydan.tv\/az\/article\/emekhaqqi-11-manat-artdi\/#primaryimage"},"image":{"@id":"https:\/\/www.meydan.tv\/az\/article\/emekhaqqi-11-manat-artdi\/#primaryimage"},"thumbnailUrl":"https:\/\/www.meydan.tv\/wp-content\/uploads\/29743.png","datePublished":"2017-01-21T16:11:24+00:00","breadcrumb":{"@id":"https:\/\/www.meydan.tv\/az\/article\/emekhaqqi-11-manat-artdi\/#breadcrumb"},"inLanguage":"az","potentialAction":[{"@type":"ReadAction","target":["https:\/\/www.meydan.tv\/az\/article\/emekhaqqi-11-manat-artdi\/"]}]},{"@type":"ImageObject","inLanguage":"az","@id":"https:\/\/www.meydan.tv\/az\/article\/emekhaqqi-11-manat-artdi\/#primaryimage","url":"https:\/\/www.meydan.tv\/wp-content\/uploads\/29743.png","contentUrl":"https:\/\/www.meydan.tv\/wp-content\/uploads\/29743.png","width":1098,"height":640,"caption":"Source:"},{"@type":"BreadcrumbList","@id":"https:\/\/www.meydan.tv\/az\/article\/emekhaqqi-11-manat-artdi\/#breadcrumb","itemListElement":[{"@type":"ListItem","position":1,"name":"Ana s\u0259hif\u0259","item":"https:\/\/www.meydan.tv\/az\/"},{"@type":"ListItem","position":2,"name":"Analitika","item":"https:\/\/www.meydan.tv\/az\/section\/analitika\/"},{"@type":"ListItem","position":3,"name":"\u018fm\u0259khaqq\u0131 11 manat artd\u0131"}]},{"@type":"WebSite","@id":"https:\/\/www.meydan.tv\/az\/#website","url":"https:\/\/www.meydan.tv\/az\/","name":"MEYDAN.TV","description":"Meydan TV Az\u0259rbaycan\u0131n media m\u0259kan\u0131ndak\u0131 alternativ s\u0259sidir","publisher":{"@id":"https:\/\/www.meydan.tv\/az\/#organization"},"potentialAction":[{"@type":"SearchAction","target":{"@type":"EntryPoint","urlTemplate":"https:\/\/www.meydan.tv\/az\/?s={search_term_string}"},"query-input":{"@type":"PropertyValueSpecification","valueRequired":true,"valueName":"search_term_string"}}],"inLanguage":"az"},{"@type":"Organization","@id":"https:\/\/www.meydan.tv\/az\/#organization","name":"Meydan TV","url":"https:\/\/www.meydan.tv\/az\/","logo":{"@type":"ImageObject","inLanguage":"az","@id":"https:\/\/www.meydan.tv\/az\/#\/schema\/logo\/image\/","url":"https:\/\/www.meydan.tv\/wp-content\/uploads\/2021\/07\/meydan-logo.svg","contentUrl":"https:\/\/www.meydan.tv\/wp-content\/uploads\/2021\/07\/meydan-logo.svg","width":195,"height":46,"caption":"Meydan TV"},"image":{"@id":"https:\/\/www.meydan.tv\/az\/#\/schema\/logo\/image\/"}},{"@type":"Person","@id":"https:\/\/www.meydan.tv\/az\/#\/schema\/person\/10d11eccf6da3662cf5fdab9806ea91a","name":"user-manager"}]}},"_links":{"self":[{"href":"https:\/\/www.meydan.tv\/az\/wp-json\/wp\/v2\/posts\/182045","targetHints":{"allow":["GET"]}}],"collection":[{"href":"https:\/\/www.meydan.tv\/az\/wp-json\/wp\/v2\/posts"}],"about":[{"href":"https:\/\/www.meydan.tv\/az\/wp-json\/wp\/v2\/types\/post"}],"author":[{"embeddable":true,"href":"https:\/\/www.meydan.tv\/az\/wp-json\/wp\/v2\/users\/11"}],"replies":[{"embeddable":true,"href":"https:\/\/www.meydan.tv\/az\/wp-json\/wp\/v2\/comments?post=182045"}],"version-history":[{"count":0,"href":"https:\/\/www.meydan.tv\/az\/wp-json\/wp\/v2\/posts\/182045\/revisions"}],"wp:featuredmedia":[{"embeddable":true,"href":"https:\/\/www.meydan.tv\/az\/wp-json\/wp\/v2\/media\/76793"}],"wp:attachment":[{"href":"https:\/\/www.meydan.tv\/az\/wp-json\/wp\/v2\/media?parent=182045"}],"wp:term":[{"taxonomy":"category","embeddable":true,"href":"https:\/\/www.meydan.tv\/az\/wp-json\/wp\/v2\/categories?post=182045"},{"taxonomy":"post_tag","embeddable":true,"href":"https:\/\/www.meydan.tv\/az\/wp-json\/wp\/v2\/tags?post=182045"}],"curies":[{"name":"wp","href":"https:\/\/api.w.org\/{rel}","templated":true}]}}