{"id":182032,"date":"2017-01-20T16:35:57","date_gmt":"2017-01-20T16:35:57","guid":{"rendered":"https:\/\/www.meydan.tv\/article\/20-yanvar-olmasaydi\/"},"modified":"2017-01-20T16:35:57","modified_gmt":"2017-01-20T16:35:57","slug":"20-yanvar-olmasaydi","status":"publish","type":"post","link":"https:\/\/www.meydan.tv\/az\/article\/20-yanvar-olmasaydi\/","title":{"rendered":"20 yanvar olmasayd\u0131&#8230;"},"content":{"rendered":"<figure class=\"wp-block-image size-large\">\n  <img decoding=\"async\" src=\"https:\/\/www.meydan.tv\/az\/77807\/\" alt=\"\" class=\"wp-image-77807\"\/><figcaption><\/figcaption><\/figure>\n<p>\n  27 il \u0259vv\u0259l, yanvar\u0131n 23-\u00fc, ya 24-d\u0259, uzaq rus k\u0259ndind\u0259 ya\u015fad\u0131\u011f\u0131m\u0131z evin qap\u0131s\u0131 q\u0259fil a\u00e7\u0131ld\u0131. Atam uzunbo\u011faz \u00e7\u0259km\u0259l\u0259rini soyunmadan, he\u00e7 qar\u0131n\u0131 da \u00e7\u0131rpmadan, \u0259lind\u0259ki q\u0259zetl\u0259 d\u00fcz evin yuxar\u0131 ba\u015f\u0131na ke\u00e7ib oturdu. Balaca qarda\u015f\u0131m\u0131n \u0259li a\u00e7\u0131q ya\u015f\u0131l komoddak\u0131 konfet kis\u0259sind\u0259, anam\u0131n divarboyu rus sobas\u0131na k\u00f6m\u00fcr t\u00f6k\u0259n qal\u0131n \u0259lc\u0259kli \u0259ll\u0259ri k\u00f6m\u00fcr vedr\u0259sind\u0259 donub qald\u0131. He\u00e7 kim n\u0259 ba\u015f verdiyini soru\u015fma\u011fa macal tapmam\u0131\u015f, atam \u00fcz\u00fcn\u00fc iki \u0259linin aras\u0131na al\u0131b, h\u00f6nk\u00fcrm\u0259y\u0259 ba\u015flad\u0131.\n<\/p>\n<p>\n  Onsuz da h\u00f6vs\u0259l\u0259siz, h\u0259r \u015feyd\u0259n t\u0259la\u015flanan anam k\u00f6m\u00fcr\u0259 bula\u015fm\u0131\u015f \u0259lc\u0259kli \u0259ll\u0259rini dizl\u0259rin\u0259 \u00e7\u0131rpd\u0131:\n<\/p>\n<p>\n  Noolub! Qa\u011fam \u00f6l\u00fcb, h\u0259? (atas\u0131n\u0131 n\u0259z\u0259rd\u0259 tuturdu). Day\u0131m \u00f6l\u00fcb, h\u0259? (ata babam\u0131 n\u0259z\u0259rd\u0259 tuturdu), Raci&#8230; (oratnc\u0131l qarda\u015f\u0131m Az\u0259rbaycanda, babamgilin yan\u0131nda qalm\u0131\u015fd\u0131)&#8230;Raci&#8230;- deyib, soban\u0131n yan\u0131nda \u00e7\u00f6kd\u00fc.\n<\/p>\n<p>\n  Atam h\u00f6nk\u00fcrt\u00fcs\u00fcn\u00fc saxlamadan;\n<\/p>\n<p>\n  Bizimkil\u0259r\u0259 he\u00e7 n\u0259 olmay\u0131b. Bak\u0131da camaat\u0131 \u00f6ld\u00fcr\u00fcbl\u0259r, y\u00fczl\u0259rn\u0259n adam\u0131&#8230;ruslar&#8230;rus qo\u015funlar\u0131. Bizi d\u0259 burda \u00f6ld\u00fcr\u0259c\u0259kl\u0259r. Az\u0259rbaycan Rusiyadan ayr\u0131l\u0131r&#8230; Bird\u0259f\u0259lik.\n<\/p>\n<p>\n  \u00d6ld\u00fcrm\u0259s\u0259l\u0259r d\u0259, araya s\u0259rh\u0259d qoyulacaq. O taydak\u0131lar o tayda qalacaq, bu taydak\u0131lar bu tayda. Raci, atamgil qalacaq o tayda. Biz onlar\u0131 bir d\u0259 g\u00f6rm\u0259y\u0259ciyik&#8230;\n<\/p>\n<p>\n  Anam qa\u00e7\u0131b atam\u0131n \u0259lind\u0259ki q\u0259zeti ald\u0131. B\u0259lk\u0259 d\u0259 bu, onun \u00f6mr\u00fcnd\u0259 \u0259lin\u0259 ald\u0131\u011f\u0131 ilk q\u0259zet idi. Ora-buras\u0131na baxd\u0131, g\u00f6z\u00fc n\u0259s\u0259 axtard\u0131. Bird\u0259n g\u00f6z\u00fcn\u0259 sata\u015fan \u015f\u0259kill\u0259r\u0259 bax\u0131b, t\u0259z\u0259d\u0259n yer\u0259 \u00e7\u00f6kd\u00fc.\n<\/p>\n<p>\n  &#8230;O g\u00fcn he\u00e7 kim evd\u0259n \u00e7\u00f6l\u0259 \u00e7\u0131xmad\u0131. S\u0259h\u0259ri g\u00fcn atam i\u015f\u0259 getm\u0259di. Birisig\u00fcn kolxoz s\u0259dri evimiz\u0259 g\u0259ldi. Atam dedi ki, i\u015fd\u0259n \u00e7\u0131x\u0131r. Biz Az\u0259rbaycana qay\u0131d\u0131r\u0131q. Kolxoz s\u0259dri \u015foka d\u00fc\u015fd\u00fc. Atam milyon\u00e7u kolxozun fermas\u0131n\u0131n \u0259n yax\u015f\u0131 baytar h\u0259kimi idi, be\u015f illik m\u00fcqavil\u0259si, yax\u015f\u0131 maa\u015f\u0131 vard\u0131. M\u0259n m\u0259kt\u0259b\u0259, qarda\u015f\u0131m ba\u011f\u00e7aya gedirdik. Kolxoz s\u0259dri he\u00e7 n\u0259 ba\u015fa d\u00fc\u015fm\u0259di.\n<\/p>\n<p>\n  Kto-to tebya obidel, Valera (atam\u0131n ad\u0131n\u0131 t\u0259l\u0259ff\u00fcz ed\u0259 bilmirdil\u0259r), t\u0131 tolko skaji mne. T\u0131 \u00e7to, s uma so\u015fel. Tam voyna, ponimae\u015f, imenno v tvoem regione. T\u0131 kuda detey uvesti xo\u00e7e\u015f?\n<\/p>\n<p>\n  Kolxoz s\u0259drinin danla\u011f\u0131 uzun \u00e7\u0259kdi. Sonra bir h\u0259ft\u0259boyu evimiz\u0259 m\u00fcxt\u0259lif adamlar g\u0259lib-getdi. G\u0259l\u0259nl\u0259r\u0259 anam s\u00fcfr\u0259 a\u00e7\u0131r, atam onlarla rus ara\u011f\u0131 i\u00e7ir, qonaqlar is\u0259 atam\u0131 fikrind\u0259n da\u015f\u0131nd\u0131rma\u011fa \u00e7al\u0131\u015f\u0131rd\u0131lar. Gah m\u00fcharib\u0259 il\u0259 qorxudur, gah burda nec\u0259 g\u00f6z\u0259l ya\u015fayaca\u011f\u0131m\u0131zdan, bizim burdak\u0131 g\u0259l\u0259c\u0259yimizin nec\u0259 g\u00f6z\u0259l olaca\u011f\u0131ndan dan\u0131\u015f\u0131rd\u0131lar. B\u00fct\u00fcn bu monoloqlar z\u0259ngin qafqaz s\u00fcfr\u0259si arxas\u0131nda, bol rus ara\u011f\u0131n\u0131n m\u00fc\u015fayi\u0259ti il\u0259 ba\u015f tuturdu. Ad\u0259t\u0259n i\u00e7\u0259nd\u0259n sonra yum\u015falan, tez raz\u0131la\u015fan, mehribanla\u015fan, yola g\u0259l\u0259n atam bu d\u0259f\u0259 n\u0259 q\u0259d\u0259r i\u00e7s\u0259 d\u0259, yola g\u0259lm\u0259di.\n<\/p>\n<p>\n  Bizim ail\u0259mizin 60 illik bir ayr\u0131l\u0131q tarix\u00e7\u0259si vard\u0131. Bu ayr\u0131l\u0131q s\u0259rh\u0259dl\u0259r, iki \u00f6lk\u0259nin bir-birinin \u00fcz\u00fcn\u0259 qapanmas\u0131 il\u0259 ba\u011fl\u0131yd\u0131. Otuzuncu ill\u0259rd\u0259 ata babam &#8211; \u0130randa, Qum \u015f\u0259h\u0259rind\u0259 ruhani t\u0259hsili al\u0131b do\u011fma k\u0259ndin\u0259 din xadimi kimi qay\u0131dan Hac\u0131 Qas\u0131m hamil\u0259 arvad\u0131n\u0131, iki q\u0131z\u0131n\u0131 qoyub, \u0130rana qa\u00e7ma\u011fa m\u0259cbur olmu\u015fdu. \u00d6lk\u0259d\u0259 ba\u015flayan ateizm dal\u011fas\u0131n\u0131n, dindarlara qar\u015f\u0131 t\u0259qibin, s\u00fcrg\u00fcn\u00fcn onu da haqlamas\u0131n\u0131 g\u00f6zl\u0259m\u0259y\u0259r\u0259k.\n<\/p>\n<p>\n  O ged\u0259nd\u0259n bir ne\u00e7\u0259 ay sonra babam do\u011fulmu\u015fdu. 60 ya\u015f\u0131na q\u0259d\u0259r atas\u0131n\u0131n \u00f6ld\u00fc, ya qald\u0131s\u0131ndan x\u0259b\u0259ri olmayan, yatanda da \u00fcz\u00fcn\u00fc \u0130rana t\u0259r\u0259f \u00e7evirib yatan, atas\u0131n\u0131n din adam\u0131 olmas\u0131 xatirin\u0259 \u00f6mr\u00fcboyu dilin\u0259 i\u00e7ki d\u0259ym\u0259y\u0259n, u\u015faq vaxtlar\u0131ndan namaza ba\u015flayan, dind\u0259 atas\u0131n\u0131 axtaran niskilli babam&#8230;\n<\/p>\n<p>\n  Atam\u0131 qorxudan babam\u0131n bu 60 illik h\u0259sr\u0259ti idi. O, eyni \u015feyi indi bizim ya\u015fayaca\u011f\u0131m\u0131zdan, Rusiya il\u0259 Az\u0259rbaycan aras\u0131nda s\u0259rh\u0259dl\u0259rin qapanaca\u011f\u0131ndan, do\u011fmalar\u0131n\u0131n, x\u00fcsusil\u0259 d\u0259 7 ya\u015fl\u0131 qarda\u015f\u0131m\u0131n o tayda qalaca\u011f\u0131ndan qorxurdu. Bu qorxu onu iki \u00f6vlad\u0131n\u0131 sakit rus k\u0259ndind\u0259n g\u00f6t\u00fcr\u00fcb, m\u00fcharib\u0259nin alovland\u0131\u011f\u0131 Qaraba\u011fa aparma\u011fa m\u0259cbur edirdi.\n<\/p>\n<p>\n  Bir ne\u00e7\u0259 g\u00fcn \u0259vv\u0259l ba\u015f vermi\u015f 20 yanvar hadis\u0259l\u0259ri bu qorxunun \u0259sas m\u0259nb\u0259yi idi. 20 yanvar hadis\u0259l\u0259rini g\u00f6r\u0259n atam bu qopman\u0131n, s\u0259rh\u0259dl\u0259rin ba\u011flanaca\u011f\u0131n\u0131n real oldu\u011funa m\u00f6hk\u0259m inan\u0131r v\u0259 qorxurdu.\n<\/p>\n<p>\n  O, \u0259riz\u0259sini geri g\u00f6t\u00fcrm\u0259di. Bir ay\u0131n i\u00e7ind\u0259 ya\u015fad\u0131\u011f\u0131m\u0131z evi t\u0259hvil verib, \u0259\u015fyalar\u0131m\u0131z\u0131 konteyner\u0259 y\u00fckl\u0259yib, Dinqa adl\u0131 k\u00fcr\u0259n itimizi d\u0259 orda qoyub, geriy\u0259, Az\u0259rbaycana qay\u0131td\u0131q.\n<\/p>\n<p>\n  \u0130ndi d\u00fc\u015f\u00fcn\u00fcr\u0259m ki, nec\u0259 olubsa, son y\u00fcz ild\u0259 m\u0259nim sad\u0259, k\u0259ndli ail\u0259min h\u0259yat\u0131 h\u0259mi\u015f\u0259 b\u00f6y\u00fck \u00f6lk\u0259l\u0259rin siyas\u0259tl\u0259rind\u0259n, \u00f6lk\u0259rl\u0259r aras\u0131ndak\u0131 m\u00fcnasib\u0259tl\u0259rd\u0259n as\u0131l\u0131 v\u0259ziyy\u0259t\u0259 d\u00fc\u015f\u00fcb. Otuzuncu ill\u0259rd\u0259 \u0130rana qa\u00e7an babam\u0131 qurulan Sovetl\u0259r qovmu\u015fdu, doxsan\u0131nc\u0131 ild\u0259 Rusiyadan qa\u00e7ma\u011f\u0131m\u0131za s\u0259b\u0259b Sovetl\u0259rin da\u011f\u0131lmas\u0131 idi. Doxsan \u00fc\u00e7\u00fcnc\u00fc ild\u0259 Erm\u0259nistan-Az\u0259rbaycan m\u00fcnasib\u0259tl\u0259ri&#8230; N\u0259hay\u0259t, 4 ay \u0259vv\u0259l qa\u00e7ma\u011fa m\u0259cbur oldu\u011fum G\u00fcrc\u00fcstan ail\u0259mi Az\u0259rbaycanla yax\u015f\u0131 \u0259laq\u0259l\u0259rin\u0259 x\u0259l\u0259l g\u0259lm\u0259sin dey\u0259 qovdu&#8230;\n<\/p>\n<p>\n  N\u0259 \u00f6lk\u0259l\u0259r, n\u0259 insanlar \u00e7ox vaxt he\u00e7 tan\u0131mad\u0131qlar\u0131, bilm\u0259dikl\u0259ri uzaq insanlar\u0131n h\u0259yat\u0131nda nec\u0259 ciddi, faci\u0259vi rol oynad\u0131qlar\u0131n\u0131, h\u0259yatlar\u0131n\u0131 nec\u0259 d\u0259yi\u015fdikl\u0259rini bilmirl\u0259r.<br \/>\n  <br \/>\n  V\u0259 m\u0259n d\u00fc\u015f\u00fcn\u00fcr\u0259m, n\u0259 q\u0259d\u0259r ki, insanlar\u0131n taleyi \u00f6lk\u0259l\u0259rd\u0259ki siyas\u0259td\u0259n, prezidentl\u0259rin m\u00fcnasib\u0259tind\u0259n, rejiml\u0259rin d\u0259yi\u015fm\u0259sind\u0259n as\u0131l\u0131 olacaq, b\u0259\u015f\u0259riyy\u0259t xo\u015fb\u0259xt insanlar sar\u0131dan h\u0259mi\u015f\u0259 kasad olacaq.<\/p>\n","protected":false},"excerpt":{"rendered":"<p>27 il \u0259vv\u0259l, yanvar\u0131n 23-\u00fc, ya 24-d\u0259, uzaq rus k\u0259ndind\u0259 ya\u015fad\u0131\u011f\u0131m\u0131z evin qap\u0131s\u0131 q\u0259fil a\u00e7\u0131ld\u0131.<\/p>\n","protected":false},"author":11,"featured_media":77807,"comment_status":"closed","ping_status":"open","sticky":false,"template":"","format":"standard","meta":{"_acf_changed":false,"_sitemap_exclude":false,"_sitemap_priority":"","_sitemap_frequency":"","footnotes":""},"categories":[57],"tags":[],"class_list":["post-182032","post","type-post","status-publish","format-standard","has-post-thumbnail","hentry","category-menim-fikrimce","infinite-scroll-item","generate-columns","tablet-grid-50","mobile-grid-100","grid-parent","grid-33","no-featured-image-padding"],"acf":[],"yoast_head":"<!-- This site is optimized with the Yoast SEO plugin v27.5 - https:\/\/yoast.com\/product\/yoast-seo-wordpress\/ -->\n<title>20 yanvar olmasayd\u0131... - MEYDAN.TV<\/title>\n<meta name=\"robots\" content=\"index, follow, max-snippet:-1, max-image-preview:large, max-video-preview:-1\" \/>\n<link rel=\"canonical\" href=\"https:\/\/www.meydan.tv\/az\/article\/20-yanvar-olmasaydi\/\" \/>\n<meta property=\"og:locale\" content=\"az_AZ\" \/>\n<meta property=\"og:type\" content=\"article\" \/>\n<meta property=\"og:title\" content=\"20 yanvar olmasayd\u0131... - MEYDAN.TV\" \/>\n<meta property=\"og:description\" content=\"27 il \u0259vv\u0259l, yanvar\u0131n 23-\u00fc, ya 24-d\u0259, uzaq rus k\u0259ndind\u0259 ya\u015fad\u0131\u011f\u0131m\u0131z evin qap\u0131s\u0131 q\u0259fil a\u00e7\u0131ld\u0131.\" \/>\n<meta property=\"og:url\" content=\"https:\/\/www.meydan.tv\/az\/article\/20-yanvar-olmasaydi\/\" \/>\n<meta property=\"og:site_name\" content=\"MEYDAN.TV\" \/>\n<meta property=\"article:published_time\" content=\"2017-01-20T16:35:57+00:00\" \/>\n<meta property=\"og:image\" content=\"https:\/\/www.meydan.tv\/wp-content\/uploads\/30214.jpg\" \/>\n\t<meta property=\"og:image:width\" content=\"1024\" \/>\n\t<meta property=\"og:image:height\" content=\"683\" \/>\n\t<meta property=\"og:image:type\" content=\"image\/jpeg\" \/>\n<meta name=\"author\" content=\"user-manager\" \/>\n<meta name=\"twitter:card\" content=\"summary_large_image\" \/>\n<script type=\"application\/ld+json\" class=\"yoast-schema-graph\">{\"@context\":\"https:\\\/\\\/schema.org\",\"@graph\":[{\"@type\":\"Article\",\"@id\":\"https:\\\/\\\/www.meydan.tv\\\/az\\\/article\\\/20-yanvar-olmasaydi\\\/#article\",\"isPartOf\":{\"@id\":\"https:\\\/\\\/www.meydan.tv\\\/az\\\/article\\\/20-yanvar-olmasaydi\\\/\"},\"author\":{\"name\":\"user-manager\",\"@id\":\"https:\\\/\\\/www.meydan.tv\\\/az\\\/#\\\/schema\\\/person\\\/10d11eccf6da3662cf5fdab9806ea91a\"},\"headline\":\"20 yanvar olmasayd\u0131&#8230;\",\"datePublished\":\"2017-01-20T16:35:57+00:00\",\"mainEntityOfPage\":{\"@id\":\"https:\\\/\\\/www.meydan.tv\\\/az\\\/article\\\/20-yanvar-olmasaydi\\\/\"},\"wordCount\":1113,\"publisher\":{\"@id\":\"https:\\\/\\\/www.meydan.tv\\\/az\\\/#organization\"},\"image\":{\"@id\":\"https:\\\/\\\/www.meydan.tv\\\/az\\\/article\\\/20-yanvar-olmasaydi\\\/#primaryimage\"},\"thumbnailUrl\":\"https:\\\/\\\/www.meydan.tv\\\/wp-content\\\/uploads\\\/30214.jpg\",\"articleSection\":[\"M\u0259nim Fikrimc\u0259\"],\"inLanguage\":\"az\"},{\"@type\":\"WebPage\",\"@id\":\"https:\\\/\\\/www.meydan.tv\\\/az\\\/article\\\/20-yanvar-olmasaydi\\\/\",\"url\":\"https:\\\/\\\/www.meydan.tv\\\/az\\\/article\\\/20-yanvar-olmasaydi\\\/\",\"name\":\"20 yanvar olmasayd\u0131... - MEYDAN.TV\",\"isPartOf\":{\"@id\":\"https:\\\/\\\/www.meydan.tv\\\/az\\\/#website\"},\"primaryImageOfPage\":{\"@id\":\"https:\\\/\\\/www.meydan.tv\\\/az\\\/article\\\/20-yanvar-olmasaydi\\\/#primaryimage\"},\"image\":{\"@id\":\"https:\\\/\\\/www.meydan.tv\\\/az\\\/article\\\/20-yanvar-olmasaydi\\\/#primaryimage\"},\"thumbnailUrl\":\"https:\\\/\\\/www.meydan.tv\\\/wp-content\\\/uploads\\\/30214.jpg\",\"datePublished\":\"2017-01-20T16:35:57+00:00\",\"breadcrumb\":{\"@id\":\"https:\\\/\\\/www.meydan.tv\\\/az\\\/article\\\/20-yanvar-olmasaydi\\\/#breadcrumb\"},\"inLanguage\":\"az\",\"potentialAction\":[{\"@type\":\"ReadAction\",\"target\":[\"https:\\\/\\\/www.meydan.tv\\\/az\\\/article\\\/20-yanvar-olmasaydi\\\/\"]}]},{\"@type\":\"ImageObject\",\"inLanguage\":\"az\",\"@id\":\"https:\\\/\\\/www.meydan.tv\\\/az\\\/article\\\/20-yanvar-olmasaydi\\\/#primaryimage\",\"url\":\"https:\\\/\\\/www.meydan.tv\\\/wp-content\\\/uploads\\\/30214.jpg\",\"contentUrl\":\"https:\\\/\\\/www.meydan.tv\\\/wp-content\\\/uploads\\\/30214.jpg\",\"width\":1024,\"height\":683,\"caption\":\"Source:\"},{\"@type\":\"BreadcrumbList\",\"@id\":\"https:\\\/\\\/www.meydan.tv\\\/az\\\/article\\\/20-yanvar-olmasaydi\\\/#breadcrumb\",\"itemListElement\":[{\"@type\":\"ListItem\",\"position\":1,\"name\":\"Ana s\u0259hif\u0259\",\"item\":\"https:\\\/\\\/www.meydan.tv\\\/az\\\/\"},{\"@type\":\"ListItem\",\"position\":2,\"name\":\"M\u0259nim Fikrimc\u0259\",\"item\":\"https:\\\/\\\/www.meydan.tv\\\/az\\\/section\\\/menim-fikrimce\\\/\"},{\"@type\":\"ListItem\",\"position\":3,\"name\":\"20 yanvar olmasayd\u0131&#8230;\"}]},{\"@type\":\"WebSite\",\"@id\":\"https:\\\/\\\/www.meydan.tv\\\/az\\\/#website\",\"url\":\"https:\\\/\\\/www.meydan.tv\\\/az\\\/\",\"name\":\"MEYDAN.TV\",\"description\":\"Meydan TV Az\u0259rbaycan\u0131n media m\u0259kan\u0131ndak\u0131 alternativ s\u0259sidir\",\"publisher\":{\"@id\":\"https:\\\/\\\/www.meydan.tv\\\/az\\\/#organization\"},\"potentialAction\":[{\"@type\":\"SearchAction\",\"target\":{\"@type\":\"EntryPoint\",\"urlTemplate\":\"https:\\\/\\\/www.meydan.tv\\\/az\\\/?s={search_term_string}\"},\"query-input\":{\"@type\":\"PropertyValueSpecification\",\"valueRequired\":true,\"valueName\":\"search_term_string\"}}],\"inLanguage\":\"az\"},{\"@type\":\"Organization\",\"@id\":\"https:\\\/\\\/www.meydan.tv\\\/az\\\/#organization\",\"name\":\"Meydan TV\",\"url\":\"https:\\\/\\\/www.meydan.tv\\\/az\\\/\",\"logo\":{\"@type\":\"ImageObject\",\"inLanguage\":\"az\",\"@id\":\"https:\\\/\\\/www.meydan.tv\\\/az\\\/#\\\/schema\\\/logo\\\/image\\\/\",\"url\":\"https:\\\/\\\/www.meydan.tv\\\/wp-content\\\/uploads\\\/2021\\\/07\\\/meydan-logo.svg\",\"contentUrl\":\"https:\\\/\\\/www.meydan.tv\\\/wp-content\\\/uploads\\\/2021\\\/07\\\/meydan-logo.svg\",\"width\":195,\"height\":46,\"caption\":\"Meydan TV\"},\"image\":{\"@id\":\"https:\\\/\\\/www.meydan.tv\\\/az\\\/#\\\/schema\\\/logo\\\/image\\\/\"}},{\"@type\":\"Person\",\"@id\":\"https:\\\/\\\/www.meydan.tv\\\/az\\\/#\\\/schema\\\/person\\\/10d11eccf6da3662cf5fdab9806ea91a\",\"name\":\"user-manager\"}]}<\/script>\n<!-- \/ Yoast SEO plugin. -->","yoast_head_json":{"title":"20 yanvar olmasayd\u0131... - MEYDAN.TV","robots":{"index":"index","follow":"follow","max-snippet":"max-snippet:-1","max-image-preview":"max-image-preview:large","max-video-preview":"max-video-preview:-1"},"canonical":"https:\/\/www.meydan.tv\/az\/article\/20-yanvar-olmasaydi\/","og_locale":"az_AZ","og_type":"article","og_title":"20 yanvar olmasayd\u0131... - MEYDAN.TV","og_description":"27 il \u0259vv\u0259l, yanvar\u0131n 23-\u00fc, ya 24-d\u0259, uzaq rus k\u0259ndind\u0259 ya\u015fad\u0131\u011f\u0131m\u0131z evin qap\u0131s\u0131 q\u0259fil a\u00e7\u0131ld\u0131.","og_url":"https:\/\/www.meydan.tv\/az\/article\/20-yanvar-olmasaydi\/","og_site_name":"MEYDAN.TV","article_published_time":"2017-01-20T16:35:57+00:00","og_image":[{"width":1024,"height":683,"url":"https:\/\/www.meydan.tv\/wp-content\/uploads\/30214.jpg","type":"image\/jpeg"}],"author":"user-manager","twitter_card":"summary_large_image","schema":{"@context":"https:\/\/schema.org","@graph":[{"@type":"Article","@id":"https:\/\/www.meydan.tv\/az\/article\/20-yanvar-olmasaydi\/#article","isPartOf":{"@id":"https:\/\/www.meydan.tv\/az\/article\/20-yanvar-olmasaydi\/"},"author":{"name":"user-manager","@id":"https:\/\/www.meydan.tv\/az\/#\/schema\/person\/10d11eccf6da3662cf5fdab9806ea91a"},"headline":"20 yanvar olmasayd\u0131&#8230;","datePublished":"2017-01-20T16:35:57+00:00","mainEntityOfPage":{"@id":"https:\/\/www.meydan.tv\/az\/article\/20-yanvar-olmasaydi\/"},"wordCount":1113,"publisher":{"@id":"https:\/\/www.meydan.tv\/az\/#organization"},"image":{"@id":"https:\/\/www.meydan.tv\/az\/article\/20-yanvar-olmasaydi\/#primaryimage"},"thumbnailUrl":"https:\/\/www.meydan.tv\/wp-content\/uploads\/30214.jpg","articleSection":["M\u0259nim Fikrimc\u0259"],"inLanguage":"az"},{"@type":"WebPage","@id":"https:\/\/www.meydan.tv\/az\/article\/20-yanvar-olmasaydi\/","url":"https:\/\/www.meydan.tv\/az\/article\/20-yanvar-olmasaydi\/","name":"20 yanvar olmasayd\u0131... - MEYDAN.TV","isPartOf":{"@id":"https:\/\/www.meydan.tv\/az\/#website"},"primaryImageOfPage":{"@id":"https:\/\/www.meydan.tv\/az\/article\/20-yanvar-olmasaydi\/#primaryimage"},"image":{"@id":"https:\/\/www.meydan.tv\/az\/article\/20-yanvar-olmasaydi\/#primaryimage"},"thumbnailUrl":"https:\/\/www.meydan.tv\/wp-content\/uploads\/30214.jpg","datePublished":"2017-01-20T16:35:57+00:00","breadcrumb":{"@id":"https:\/\/www.meydan.tv\/az\/article\/20-yanvar-olmasaydi\/#breadcrumb"},"inLanguage":"az","potentialAction":[{"@type":"ReadAction","target":["https:\/\/www.meydan.tv\/az\/article\/20-yanvar-olmasaydi\/"]}]},{"@type":"ImageObject","inLanguage":"az","@id":"https:\/\/www.meydan.tv\/az\/article\/20-yanvar-olmasaydi\/#primaryimage","url":"https:\/\/www.meydan.tv\/wp-content\/uploads\/30214.jpg","contentUrl":"https:\/\/www.meydan.tv\/wp-content\/uploads\/30214.jpg","width":1024,"height":683,"caption":"Source:"},{"@type":"BreadcrumbList","@id":"https:\/\/www.meydan.tv\/az\/article\/20-yanvar-olmasaydi\/#breadcrumb","itemListElement":[{"@type":"ListItem","position":1,"name":"Ana s\u0259hif\u0259","item":"https:\/\/www.meydan.tv\/az\/"},{"@type":"ListItem","position":2,"name":"M\u0259nim Fikrimc\u0259","item":"https:\/\/www.meydan.tv\/az\/section\/menim-fikrimce\/"},{"@type":"ListItem","position":3,"name":"20 yanvar olmasayd\u0131&#8230;"}]},{"@type":"WebSite","@id":"https:\/\/www.meydan.tv\/az\/#website","url":"https:\/\/www.meydan.tv\/az\/","name":"MEYDAN.TV","description":"Meydan TV Az\u0259rbaycan\u0131n media m\u0259kan\u0131ndak\u0131 alternativ s\u0259sidir","publisher":{"@id":"https:\/\/www.meydan.tv\/az\/#organization"},"potentialAction":[{"@type":"SearchAction","target":{"@type":"EntryPoint","urlTemplate":"https:\/\/www.meydan.tv\/az\/?s={search_term_string}"},"query-input":{"@type":"PropertyValueSpecification","valueRequired":true,"valueName":"search_term_string"}}],"inLanguage":"az"},{"@type":"Organization","@id":"https:\/\/www.meydan.tv\/az\/#organization","name":"Meydan TV","url":"https:\/\/www.meydan.tv\/az\/","logo":{"@type":"ImageObject","inLanguage":"az","@id":"https:\/\/www.meydan.tv\/az\/#\/schema\/logo\/image\/","url":"https:\/\/www.meydan.tv\/wp-content\/uploads\/2021\/07\/meydan-logo.svg","contentUrl":"https:\/\/www.meydan.tv\/wp-content\/uploads\/2021\/07\/meydan-logo.svg","width":195,"height":46,"caption":"Meydan TV"},"image":{"@id":"https:\/\/www.meydan.tv\/az\/#\/schema\/logo\/image\/"}},{"@type":"Person","@id":"https:\/\/www.meydan.tv\/az\/#\/schema\/person\/10d11eccf6da3662cf5fdab9806ea91a","name":"user-manager"}]}},"_links":{"self":[{"href":"https:\/\/www.meydan.tv\/az\/wp-json\/wp\/v2\/posts\/182032","targetHints":{"allow":["GET"]}}],"collection":[{"href":"https:\/\/www.meydan.tv\/az\/wp-json\/wp\/v2\/posts"}],"about":[{"href":"https:\/\/www.meydan.tv\/az\/wp-json\/wp\/v2\/types\/post"}],"author":[{"embeddable":true,"href":"https:\/\/www.meydan.tv\/az\/wp-json\/wp\/v2\/users\/11"}],"replies":[{"embeddable":true,"href":"https:\/\/www.meydan.tv\/az\/wp-json\/wp\/v2\/comments?post=182032"}],"version-history":[{"count":0,"href":"https:\/\/www.meydan.tv\/az\/wp-json\/wp\/v2\/posts\/182032\/revisions"}],"wp:featuredmedia":[{"embeddable":true,"href":"https:\/\/www.meydan.tv\/az\/wp-json\/wp\/v2\/media\/77807"}],"wp:attachment":[{"href":"https:\/\/www.meydan.tv\/az\/wp-json\/wp\/v2\/media?parent=182032"}],"wp:term":[{"taxonomy":"category","embeddable":true,"href":"https:\/\/www.meydan.tv\/az\/wp-json\/wp\/v2\/categories?post=182032"},{"taxonomy":"post_tag","embeddable":true,"href":"https:\/\/www.meydan.tv\/az\/wp-json\/wp\/v2\/tags?post=182032"}],"curies":[{"name":"wp","href":"https:\/\/api.w.org\/{rel}","templated":true}]}}