{"id":182030,"date":"2017-01-20T15:29:55","date_gmt":"2017-01-20T15:29:55","guid":{"rendered":"https:\/\/www.meydan.tv\/article\/ilqar-memmedov-cenub-qaz-dehlizinin-demokratiyaya-tesirinden-yazdi\/"},"modified":"2017-01-20T15:29:55","modified_gmt":"2017-01-20T15:29:55","slug":"ilqar-memmedov-cenub-qaz-dehlizinin-demokratiyaya-tesirinden-yazdi","status":"publish","type":"post","link":"https:\/\/www.meydan.tv\/az\/article\/ilqar-memmedov-cenub-qaz-dehlizinin-demokratiyaya-tesirinden-yazdi\/","title":{"rendered":"\u0130lqar M\u0259mm\u0259dov C\u0259nub Qaz D\u0259hlizinin demokratiyaya t\u0259sirind\u0259n yazd\u0131"},"content":{"rendered":"<figure class=\"wp-block-image size-large\">\n  <img decoding=\"async\" src=\"https:\/\/www.meydan.tv\/az\/77867\/\" alt=\"\" class=\"wp-image-77867\"\/><figcaption><\/figcaption><\/figure>\n<p>\n  <i><br \/>\n    &#8221;\u0130lham \u018fliyev &#8221;kosmetik&#8221; islahatlar\u0131 n\u0259tic\u0259sind\u0259 ist\u0259diyin\u0259 nail olacaq&#8221;<br \/>\n  <\/i>\n<\/p>\n<p>\n  \u201cM\u0259hz beyn\u0259lxalq t\u0259r\u0259fdarlar\u0131 say\u0259sind\u0259 \u201ca\u011f\u0131ll\u0131 diktatorlar\u201d demokratlar\u0131 h\u0259bsd\u0259 saxlay\u0131r v\u0259 siyasi m\u0259hbuslar m\u0259yus olur\u201d.\n<\/p>\n<p>\n  Bu s\u00f6zl\u0259r ReAL H\u0259r\u0259kat\u0131n\u0131n lideri, yerli v\u0259 beyn\u0259lxalq h\u00fcquq-m\u00fcdafi\u0259 t\u0259\u015fkilatlar\u0131n\u0131n siyasi m\u0259hbus sayd\u0131\u011f\u0131 \u0130lqar M\u0259mm\u0259dovun<br \/>\n  <a href=\"https:\/\/www.opendemocracy.net\/od-russia\/ilgar-mammadov\/open-letter-from-inmate-of-southern-gas-corridor\"><br \/>\n    \u201cOpenDemocracy\u201d<br \/>\n  <\/a><br \/>\n  sayt\u0131na yazd\u0131\u011f\u0131 m\u0259ktubundand\u0131r.<br \/>\n  <a href=\"http:\/\/www.azadliq.org\/a\/ilqar-memmedov\/28245045.html\"><br \/>\n    Azadl\u0131q Radiosu<br \/>\n  <\/a><br \/>\n  h\u0259min m\u0259ktubu t\u0259rc\u00fcm\u0259 edib.\n<\/p>\n<p>\n  <i><br \/>\n    <b><br \/>\n      &#8220;M\u0259ni h\u0259bs\u0259 atanlar\u0131n c\u0259zas\u0131 h\u0259l\u0259 d\u0259 verilm\u0259yib&#8221;<br \/>\n    <\/b><br \/>\n  <\/i>\n<\/p>\n<p>\n  \u0130lqar M\u0259mm\u0259dov yaz\u0131r ki, Az\u0259rbaycan\u0131n enerji yataqlar\u0131na qoyulan xarici s\u0259rmay\u0259 onun kimi siyasi m\u0259hbuslar\u0131 \u018fliyev rejiminin girovuna \u00e7evirir:<br \/>\n  <br \/>\n  \u201cAvropa \u015euras\u0131 m\u0259nim azadl\u0131\u011f\u0131m\u0131n Avropa \u0130nsan Haqlar\u0131 M\u0259hk\u0259m\u0259si \u00e7\u0259r\u00e7iv\u0259sind\u0259 qoruman\u0131n b\u00fct\u00f6v arxitekturas\u0131ndan \u00f6tr\u00fc vacib oldu\u011funu bildirir, amma m\u0259ni h\u0259bs\u0259 atanlar\u0131n c\u0259zas\u0131 h\u0259l\u0259 d\u0259 verilm\u0259yib. Bu, Avropan\u0131n maraqlar\u0131ndan do\u011fur. B\u0259li, C\u0259nub Qaz D\u0259hlizinin (CQD) say\u0259sind\u0259 16 milyard kubmetr Az\u0259rbaycan qaz\u0131 T\u00fcrkiy\u0259 v\u0259 Avropa bazarlar\u0131na \u00e7\u0131xar\u0131lacaq. Bununla Avropan\u0131n Rusiyadan as\u0131l\u0131l\u0131\u011f\u0131 azalacaq.<br \/>\n  <br \/>\n  C\u0259nub Qaz D\u0259hlizi layih\u0259si ist\u0259nil\u0259n demokratik hakimiyy\u0259tin \u00fcr\u0259yind\u0259n olard\u0131. Hakimiyy\u0259td\u0259 kim olur, olsun, bu layih\u0259y\u0259 raz\u0131l\u0131q ver\u0259r, sonra ba\u015fqa \u0259h\u0259miyy\u0259tli iqtisadi planlara baxard\u0131. Amma inhisarla\u015fman\u0131n olmad\u0131\u011f\u0131, r\u0259qab\u0259t\u0259 \u0259saslanan iqtisadiyyat \u00fc\u00e7\u00fcn bu layih\u0259 h\u0259yati \u0259h\u0259miyy\u0259t da\u015f\u0131mazd\u0131. Ancaq \u0130.\u018fliyevin g\u00fccl\u0259 n\u0259f\u0259s alan atas\u0131n\u0131 T\u00fcrkiy\u0259nin h\u0259rbi hospital\u0131ndan AB\u015e-\u0131n \u0259n yax\u015f\u0131 klinikas\u0131na Rusiyan\u0131n d\u00f6vl\u0259t t\u0259yyar\u0259l\u0259ri aparandan sonra\u2026 b\u00fct\u00fcn hakimiyy\u0259t\u0259 yiy\u0259l\u0259n\u0259n bu \u015f\u0259xs b\u00f6y\u00fck q\u00fcvv\u0259l\u0259rl\u0259 hesabla\u015fma\u011fa, sonra da bel\u0259 s\u00f6vd\u0259l\u0259\u015fm\u0259l\u0259rl\u0259 daxild\u0259ki siyasi dissidentl\u0259ri basq\u0131 alt\u0131nda saxlama\u011fa \u00f6yr\u0259\u015fdi\u201d.\n<\/p>\n<p>\n  <b><br \/>\n    <i><br \/>\n      \u0130lqar M\u0259mm\u0259dov Va\u015finqtonu q\u0259rars\u0131zl\u0131qda ittiham edir<br \/>\n    <\/i><br \/>\n  <\/b>\n<\/p>\n<p>\n  ReAL s\u0259dri yaz\u0131r ki, \u0130lham \u018fliyev C\u0259nub Qaz D\u0259hlizini Q\u0259rb\u0259 h\u0259tta h\u0259diyy\u0259 kimi t\u0259qdim etm\u0259k niyy\u0259tind\u0259 imi\u015f, b\u00fct\u00fcn layih\u0259ni maliyy\u0259l\u0259\u015fdirm\u0259yi planlay\u0131rm\u0131\u015f v\u0259 bunun m\u00fcqabilind\u0259 Q\u0259rb Az\u0259rbaycanda insan haqlar\u0131 v\u0259 demokratiyadan dan\u0131\u015fmamal\u0131 imi\u015f:\n<\/p>\n<p>\n  \u201cY\u0259qin bu siyas\u0259t\u0259 g\u00fcv\u0259n\u0259r\u0259k, Az\u0259rbaycan hakimiyy\u0259ti 2013-c\u00fc ild\u0259n v\u0259t\u0259nda\u015f c\u0259miyy\u0259tin\u0259 g\u00f6r\u00fcnm\u0259mi\u015f h\u00fccumlara ba\u015flad\u0131.\n<\/p>\n<p>\n  Yaln\u0131z neft ucuzla\u015fd\u0131\u011f\u0131ndan layih\u0259nin Az\u0259rbaycana d\u00fc\u015f\u0259n pay\u0131n\u0131 4 beyn\u0259lxalq maliyy\u0259 institutunun \u2013 Avropa Yenid\u0259nqurma v\u0259 \u0130nki\u015faf Bank\u0131, Avropa \u0130nvestisiya Bank\u0131, D\u00fcnya Bank\u0131 v\u0259 Asiya \u0130nki\u015faf Bank\u0131n\u0131n k\u00f6m\u0259yiyl\u0259 \u00f6d\u0259m\u0259k q\u0259rar\u0131na g\u0259ldil\u0259r\u201d.\n<\/p>\n<figure class=\"wp-block-image size-large\">\n  <img decoding=\"async\" src=\"https:\/\/www.meydan.tv\/az\/77873\/\" alt=\"\" class=\"wp-image-77873\"\/><figcaption>\n    \u0130lham \u018fliyev foto sosial \u015f\u0259b\u0259k\u0259<br \/>\n  <\/figcaption><\/figure>\n<p>\n  ReAL s\u0259dri Va\u015finqtonu q\u0259rars\u0131zl\u0131qda ittiham edir v\u0259 xat\u0131rlad\u0131r:\n<\/p>\n<p>\n  &#8220;B\u00fct\u00fcn bunlardan sonra Q\u0259rb \u2013 AB\u015e, M\u0259d\u0259n S\u0259nayel\u0259rind\u0259 \u015e\u0259ffafl\u0131q T\u0259\u015f\u0259bb\u00fcs\u00fc (EITI) qrupu Az\u0259rbaycan qar\u015f\u0131s\u0131nda t\u0259l\u0259bl\u0259r qoydu. EITI Az\u0259rbaycan\u0131n v\u0259t\u0259nda\u015f c\u0259miyy\u0259tin\u0259 m\u00fcnasib\u0259tini d\u0259yi\u015fm\u0259sini, basq\u0131lara son qoymas\u0131n\u0131, QHT-l\u0259rin maliyy\u0259l\u0259\u015fdirilm\u0259sin\u0259 v\u0259 qeydiyyat\u0131na dair qanunlar\u0131n\u0131 l\u0259\u011fv etm\u0259sini ist\u0259yib, Az\u0259rbaycan\u0131 \u00fczvl\u00fck statusundan m\u0259hrum edib. 2016-c\u0131 ilin oktyabr\u0131nda is\u0259 EITI \u015euras\u0131 toplan\u0131b, Az\u0259rbaycandak\u0131 durumu m\u00fczakir\u0259 etm\u0259zd\u0259n \u00f6nc\u0259 \u015furaya m\u00fcraci\u0259t g\u00f6nd\u0259rib \u00f6lk\u0259d\u0259ki durumdan yazd\u0131m. M\u0259hz v\u0259t\u0259nda\u015f c\u0259miyy\u0259tin\u0259 basq\u0131lara g\u00f6r\u0259 Az\u0259rbaycan\u0131n bu quruma \u00fczvl\u00fck statusunun geri qaytar\u0131lmad\u0131. Amma AB\u015e-\u0131n \u015furadak\u0131 m\u00f6vqeyi \u00e7oxu kimi m\u0259ni d\u0259 m\u0259yus etdi. Bununla bel\u0259, AB\u015e r\u0259smil\u0259rinin m\u0259nim azadl\u0131\u011fa burax\u0131lma\u011f\u0131mla ba\u011fl\u0131 \u00e7a\u011f\u0131r\u0131\u015f v\u0259 t\u0259\u015f\u0259bb\u00fcsl\u0259rini y\u00fcks\u0259k qiym\u0259tl\u0259ndirir\u0259m. Amma AB\u015e-\u0131n EITI-d\u0259ki t\u0259msil\u00e7isi Mary Warlick-in m\u00fczakir\u0259l\u0259r zaman\u0131 Az\u0259rbaycan hakimiyy\u0259tini m\u00fcdafi\u0259 etdiyini d\u0259 vur\u011fulay\u0131r. Bu \u00e7\u0131x\u0131\u015f Va\u015finqtonun C\u0259nub Qaz D\u0259hlizinin tikintisin\u0259 n\u0259yin bahas\u0131na olur, olsun nail olma\u011fa \u00e7al\u0131\u015fd\u0131\u011f\u0131n\u0131 g\u00f6st\u0259rir\u201d.\n<\/p>\n<p>\n  <br \/>\n  <b><br \/>\n    <i><br \/>\n      &#8220;Az\u0259rbaycan\u0131n siyasi m\u0259hbuslar\u0131 CQD-n\u0259 x\u0259rcl\u0259n\u0259n pullara d\u0259ym\u0259y\u0259 bil\u0259r&#8221;<br \/>\n    <\/i><br \/>\n  <\/b>\n<\/p>\n<p>\n  ReAL lideri Avropadak\u0131 qurumlar\u0131n onun v\u0259 dig\u0259r siyasi m\u0259hbuslar\u0131n h\u0259bsin\u0259 diqq\u0259tind\u0259n raz\u0131l\u0131\u011f\u0131n\u0131 vur\u011fulay\u0131r. Onu da bildirir ki, bu diqq\u0259t h\u0259l\u0259 ki, n\u0259tic\u0259siz qal\u0131b v\u0259 beyn\u0259lxalq maliyy\u0259 institutlar\u0131n\u0131n C\u0259nub Qaz D\u0259hlizin\u0259 v\u0259sait ay\u0131rd\u0131\u011f\u0131n\u0131 h\u0259bsd\u0259n t\u0259\u0259ss\u00fcfl\u0259 izl\u0259yir.\n<\/p>\n<figure class=\"wp-block-image size-large\">\n  <img decoding=\"async\" src=\"https:\/\/www.meydan.tv\/az\/77876\/\" alt=\"\" class=\"wp-image-77876\"\/><figcaption>\n    foto sosial \u015f\u0259b\u0259k\u0259<br \/>\n  <\/figcaption><\/figure>\n<p>\n  \u0130lqar M\u0259mm\u0259dov ehtimal edir ki, \u0259n yax\u015f\u0131 halda EITI-nin martdak\u0131 g\u00f6r\u00fc\u015f\u00fcn\u0259 q\u0259d\u0259r \u0259fv dil\u0259y\u0259n b\u0259zi m\u0259hbuslar burax\u0131la bil\u0259r:\n<\/p>\n<p>\n  \u201cBel\u0259likl\u0259, \u0130.\u018fliyev \u201ckosmetik\u201d islahatlar\u0131 v\u0259 geosiyasi maraqlar\u0131 \u00fcst\u00fcn tutan m\u00fctt\u0259fiql\u0259rinin yard\u0131m\u0131 n\u0259tic\u0259sind\u0259 ist\u0259diyin\u0259 nail olacaq. Az\u0259rbaycan\u0131n siyasi m\u0259hbuslar\u0131 CQD-n\u0259 x\u0259rcl\u0259n\u0259n pullara d\u0259ym\u0259y\u0259 bil\u0259r, amma Avropa d\u0259y\u0259rl\u0259ri b\u0259lk\u0259 d\u0259 d\u0259yir. \u0130ndi biz t\u0259zyiql\u0259r\u0259 m\u00fcqavim\u0259t yollar\u0131n\u0131 v\u0259 beyn\u0259lxalq \u015f\u0259rtl\u0259rl\u0259 ayaqla\u015fmaq m\u0259s\u0259l\u0259sini g\u00f6zard\u0131 etm\u0259m\u0259liyik. \u00c7\u00fcnki bizim dinc c\u0259hdl\u0259rimizin b\u0259hr\u0259siz oldu\u011funu g\u00f6r\u0259nl\u0259r, \u0259dal\u0259tsizliy\u0259 son qoymaqdan \u00f6tr\u00fc daha radikal vasit\u0259l\u0259r\u0259 \u0259l at\u0131rlar\u201d.<\/p>\n","protected":false},"excerpt":{"rendered":"<p>&#8221;\u0130lham \u018fliyev &#8221;kosmetik&#8221; islahatlar\u0131 n\u0259tic\u0259sind\u0259 ist\u0259diyin\u0259 nail olacaq&#8221;<\/p>\n","protected":false},"author":11,"featured_media":77867,"comment_status":"closed","ping_status":"open","sticky":false,"template":"","format":"standard","meta":{"_acf_changed":false,"_sitemap_exclude":false,"_sitemap_priority":"","_sitemap_frequency":"","footnotes":""},"categories":[51],"tags":[],"class_list":["post-182030","post","type-post","status-publish","format-standard","has-post-thumbnail","hentry","category-analitika","infinite-scroll-item","generate-columns","tablet-grid-50","mobile-grid-100","grid-parent","grid-33","no-featured-image-padding"],"acf":[],"yoast_head":"<!-- This site is optimized with the Yoast SEO plugin v27.4 - https:\/\/yoast.com\/product\/yoast-seo-wordpress\/ -->\n<title>\u0130lqar M\u0259mm\u0259dov C\u0259nub Qaz D\u0259hlizinin demokratiyaya t\u0259sirind\u0259n yazd\u0131 - MEYDAN.TV<\/title>\n<meta name=\"robots\" content=\"index, follow, max-snippet:-1, max-image-preview:large, max-video-preview:-1\" \/>\n<link rel=\"canonical\" href=\"https:\/\/www.meydan.tv\/az\/article\/ilqar-memmedov-cenub-qaz-dehlizinin-demokratiyaya-tesirinden-yazdi\/\" \/>\n<meta property=\"og:locale\" content=\"az_AZ\" \/>\n<meta property=\"og:type\" content=\"article\" \/>\n<meta property=\"og:title\" content=\"\u0130lqar M\u0259mm\u0259dov C\u0259nub Qaz D\u0259hlizinin demokratiyaya t\u0259sirind\u0259n yazd\u0131 - MEYDAN.TV\" \/>\n<meta property=\"og:description\" content=\"&#039;&#039;\u0130lham \u018fliyev &#039;&#039;kosmetik&#039;&#039; islahatlar\u0131 n\u0259tic\u0259sind\u0259 ist\u0259diyin\u0259 nail olacaq&#039;&#039;\" \/>\n<meta property=\"og:url\" content=\"https:\/\/www.meydan.tv\/az\/article\/ilqar-memmedov-cenub-qaz-dehlizinin-demokratiyaya-tesirinden-yazdi\/\" \/>\n<meta property=\"og:site_name\" content=\"MEYDAN.TV\" \/>\n<meta property=\"article:published_time\" content=\"2017-01-20T15:29:55+00:00\" \/>\n<meta property=\"og:image\" content=\"https:\/\/www.meydan.tv\/wp-content\/uploads\/30239.jpg\" \/>\n\t<meta property=\"og:image:width\" content=\"768\" \/>\n\t<meta property=\"og:image:height\" content=\"432\" \/>\n\t<meta property=\"og:image:type\" content=\"image\/jpeg\" \/>\n<meta name=\"author\" content=\"user-manager\" \/>\n<meta name=\"twitter:card\" content=\"summary_large_image\" \/>\n<script type=\"application\/ld+json\" class=\"yoast-schema-graph\">{\"@context\":\"https:\\\/\\\/schema.org\",\"@graph\":[{\"@type\":\"Article\",\"@id\":\"https:\\\/\\\/www.meydan.tv\\\/az\\\/article\\\/ilqar-memmedov-cenub-qaz-dehlizinin-demokratiyaya-tesirinden-yazdi\\\/#article\",\"isPartOf\":{\"@id\":\"https:\\\/\\\/www.meydan.tv\\\/az\\\/article\\\/ilqar-memmedov-cenub-qaz-dehlizinin-demokratiyaya-tesirinden-yazdi\\\/\"},\"author\":{\"name\":\"user-manager\",\"@id\":\"https:\\\/\\\/www.meydan.tv\\\/az\\\/#\\\/schema\\\/person\\\/10d11eccf6da3662cf5fdab9806ea91a\"},\"headline\":\"\u0130lqar M\u0259mm\u0259dov C\u0259nub Qaz D\u0259hlizinin demokratiyaya t\u0259sirind\u0259n yazd\u0131\",\"datePublished\":\"2017-01-20T15:29:55+00:00\",\"mainEntityOfPage\":{\"@id\":\"https:\\\/\\\/www.meydan.tv\\\/az\\\/article\\\/ilqar-memmedov-cenub-qaz-dehlizinin-demokratiyaya-tesirinden-yazdi\\\/\"},\"wordCount\":970,\"publisher\":{\"@id\":\"https:\\\/\\\/www.meydan.tv\\\/az\\\/#organization\"},\"image\":{\"@id\":\"https:\\\/\\\/www.meydan.tv\\\/az\\\/article\\\/ilqar-memmedov-cenub-qaz-dehlizinin-demokratiyaya-tesirinden-yazdi\\\/#primaryimage\"},\"thumbnailUrl\":\"https:\\\/\\\/www.meydan.tv\\\/wp-content\\\/uploads\\\/30239.jpg\",\"articleSection\":[\"Analitika\"],\"inLanguage\":\"az\"},{\"@type\":\"WebPage\",\"@id\":\"https:\\\/\\\/www.meydan.tv\\\/az\\\/article\\\/ilqar-memmedov-cenub-qaz-dehlizinin-demokratiyaya-tesirinden-yazdi\\\/\",\"url\":\"https:\\\/\\\/www.meydan.tv\\\/az\\\/article\\\/ilqar-memmedov-cenub-qaz-dehlizinin-demokratiyaya-tesirinden-yazdi\\\/\",\"name\":\"\u0130lqar M\u0259mm\u0259dov C\u0259nub Qaz D\u0259hlizinin demokratiyaya t\u0259sirind\u0259n yazd\u0131 - MEYDAN.TV\",\"isPartOf\":{\"@id\":\"https:\\\/\\\/www.meydan.tv\\\/az\\\/#website\"},\"primaryImageOfPage\":{\"@id\":\"https:\\\/\\\/www.meydan.tv\\\/az\\\/article\\\/ilqar-memmedov-cenub-qaz-dehlizinin-demokratiyaya-tesirinden-yazdi\\\/#primaryimage\"},\"image\":{\"@id\":\"https:\\\/\\\/www.meydan.tv\\\/az\\\/article\\\/ilqar-memmedov-cenub-qaz-dehlizinin-demokratiyaya-tesirinden-yazdi\\\/#primaryimage\"},\"thumbnailUrl\":\"https:\\\/\\\/www.meydan.tv\\\/wp-content\\\/uploads\\\/30239.jpg\",\"datePublished\":\"2017-01-20T15:29:55+00:00\",\"breadcrumb\":{\"@id\":\"https:\\\/\\\/www.meydan.tv\\\/az\\\/article\\\/ilqar-memmedov-cenub-qaz-dehlizinin-demokratiyaya-tesirinden-yazdi\\\/#breadcrumb\"},\"inLanguage\":\"az\",\"potentialAction\":[{\"@type\":\"ReadAction\",\"target\":[\"https:\\\/\\\/www.meydan.tv\\\/az\\\/article\\\/ilqar-memmedov-cenub-qaz-dehlizinin-demokratiyaya-tesirinden-yazdi\\\/\"]}]},{\"@type\":\"ImageObject\",\"inLanguage\":\"az\",\"@id\":\"https:\\\/\\\/www.meydan.tv\\\/az\\\/article\\\/ilqar-memmedov-cenub-qaz-dehlizinin-demokratiyaya-tesirinden-yazdi\\\/#primaryimage\",\"url\":\"https:\\\/\\\/www.meydan.tv\\\/wp-content\\\/uploads\\\/30239.jpg\",\"contentUrl\":\"https:\\\/\\\/www.meydan.tv\\\/wp-content\\\/uploads\\\/30239.jpg\",\"width\":768,\"height\":432,\"caption\":\"Source:\"},{\"@type\":\"BreadcrumbList\",\"@id\":\"https:\\\/\\\/www.meydan.tv\\\/az\\\/article\\\/ilqar-memmedov-cenub-qaz-dehlizinin-demokratiyaya-tesirinden-yazdi\\\/#breadcrumb\",\"itemListElement\":[{\"@type\":\"ListItem\",\"position\":1,\"name\":\"Ana s\u0259hif\u0259\",\"item\":\"https:\\\/\\\/www.meydan.tv\\\/az\\\/\"},{\"@type\":\"ListItem\",\"position\":2,\"name\":\"Analitika\",\"item\":\"https:\\\/\\\/www.meydan.tv\\\/az\\\/section\\\/analitika\\\/\"},{\"@type\":\"ListItem\",\"position\":3,\"name\":\"\u0130lqar M\u0259mm\u0259dov C\u0259nub Qaz D\u0259hlizinin demokratiyaya t\u0259sirind\u0259n yazd\u0131\"}]},{\"@type\":\"WebSite\",\"@id\":\"https:\\\/\\\/www.meydan.tv\\\/az\\\/#website\",\"url\":\"https:\\\/\\\/www.meydan.tv\\\/az\\\/\",\"name\":\"MEYDAN.TV\",\"description\":\"Meydan TV Az\u0259rbaycan\u0131n media m\u0259kan\u0131ndak\u0131 alternativ s\u0259sidir\",\"publisher\":{\"@id\":\"https:\\\/\\\/www.meydan.tv\\\/az\\\/#organization\"},\"potentialAction\":[{\"@type\":\"SearchAction\",\"target\":{\"@type\":\"EntryPoint\",\"urlTemplate\":\"https:\\\/\\\/www.meydan.tv\\\/az\\\/?s={search_term_string}\"},\"query-input\":{\"@type\":\"PropertyValueSpecification\",\"valueRequired\":true,\"valueName\":\"search_term_string\"}}],\"inLanguage\":\"az\"},{\"@type\":\"Organization\",\"@id\":\"https:\\\/\\\/www.meydan.tv\\\/az\\\/#organization\",\"name\":\"Meydan TV\",\"url\":\"https:\\\/\\\/www.meydan.tv\\\/az\\\/\",\"logo\":{\"@type\":\"ImageObject\",\"inLanguage\":\"az\",\"@id\":\"https:\\\/\\\/www.meydan.tv\\\/az\\\/#\\\/schema\\\/logo\\\/image\\\/\",\"url\":\"https:\\\/\\\/www.meydan.tv\\\/wp-content\\\/uploads\\\/2021\\\/07\\\/meydan-logo.svg\",\"contentUrl\":\"https:\\\/\\\/www.meydan.tv\\\/wp-content\\\/uploads\\\/2021\\\/07\\\/meydan-logo.svg\",\"width\":195,\"height\":46,\"caption\":\"Meydan TV\"},\"image\":{\"@id\":\"https:\\\/\\\/www.meydan.tv\\\/az\\\/#\\\/schema\\\/logo\\\/image\\\/\"}},{\"@type\":\"Person\",\"@id\":\"https:\\\/\\\/www.meydan.tv\\\/az\\\/#\\\/schema\\\/person\\\/10d11eccf6da3662cf5fdab9806ea91a\",\"name\":\"user-manager\"}]}<\/script>\n<!-- \/ Yoast SEO plugin. -->","yoast_head_json":{"title":"\u0130lqar M\u0259mm\u0259dov C\u0259nub Qaz D\u0259hlizinin demokratiyaya t\u0259sirind\u0259n yazd\u0131 - MEYDAN.TV","robots":{"index":"index","follow":"follow","max-snippet":"max-snippet:-1","max-image-preview":"max-image-preview:large","max-video-preview":"max-video-preview:-1"},"canonical":"https:\/\/www.meydan.tv\/az\/article\/ilqar-memmedov-cenub-qaz-dehlizinin-demokratiyaya-tesirinden-yazdi\/","og_locale":"az_AZ","og_type":"article","og_title":"\u0130lqar M\u0259mm\u0259dov C\u0259nub Qaz D\u0259hlizinin demokratiyaya t\u0259sirind\u0259n yazd\u0131 - MEYDAN.TV","og_description":"''\u0130lham \u018fliyev ''kosmetik'' islahatlar\u0131 n\u0259tic\u0259sind\u0259 ist\u0259diyin\u0259 nail olacaq''","og_url":"https:\/\/www.meydan.tv\/az\/article\/ilqar-memmedov-cenub-qaz-dehlizinin-demokratiyaya-tesirinden-yazdi\/","og_site_name":"MEYDAN.TV","article_published_time":"2017-01-20T15:29:55+00:00","og_image":[{"width":768,"height":432,"url":"https:\/\/www.meydan.tv\/wp-content\/uploads\/30239.jpg","type":"image\/jpeg"}],"author":"user-manager","twitter_card":"summary_large_image","schema":{"@context":"https:\/\/schema.org","@graph":[{"@type":"Article","@id":"https:\/\/www.meydan.tv\/az\/article\/ilqar-memmedov-cenub-qaz-dehlizinin-demokratiyaya-tesirinden-yazdi\/#article","isPartOf":{"@id":"https:\/\/www.meydan.tv\/az\/article\/ilqar-memmedov-cenub-qaz-dehlizinin-demokratiyaya-tesirinden-yazdi\/"},"author":{"name":"user-manager","@id":"https:\/\/www.meydan.tv\/az\/#\/schema\/person\/10d11eccf6da3662cf5fdab9806ea91a"},"headline":"\u0130lqar M\u0259mm\u0259dov C\u0259nub Qaz D\u0259hlizinin demokratiyaya t\u0259sirind\u0259n yazd\u0131","datePublished":"2017-01-20T15:29:55+00:00","mainEntityOfPage":{"@id":"https:\/\/www.meydan.tv\/az\/article\/ilqar-memmedov-cenub-qaz-dehlizinin-demokratiyaya-tesirinden-yazdi\/"},"wordCount":970,"publisher":{"@id":"https:\/\/www.meydan.tv\/az\/#organization"},"image":{"@id":"https:\/\/www.meydan.tv\/az\/article\/ilqar-memmedov-cenub-qaz-dehlizinin-demokratiyaya-tesirinden-yazdi\/#primaryimage"},"thumbnailUrl":"https:\/\/www.meydan.tv\/wp-content\/uploads\/30239.jpg","articleSection":["Analitika"],"inLanguage":"az"},{"@type":"WebPage","@id":"https:\/\/www.meydan.tv\/az\/article\/ilqar-memmedov-cenub-qaz-dehlizinin-demokratiyaya-tesirinden-yazdi\/","url":"https:\/\/www.meydan.tv\/az\/article\/ilqar-memmedov-cenub-qaz-dehlizinin-demokratiyaya-tesirinden-yazdi\/","name":"\u0130lqar M\u0259mm\u0259dov C\u0259nub Qaz D\u0259hlizinin demokratiyaya t\u0259sirind\u0259n yazd\u0131 - MEYDAN.TV","isPartOf":{"@id":"https:\/\/www.meydan.tv\/az\/#website"},"primaryImageOfPage":{"@id":"https:\/\/www.meydan.tv\/az\/article\/ilqar-memmedov-cenub-qaz-dehlizinin-demokratiyaya-tesirinden-yazdi\/#primaryimage"},"image":{"@id":"https:\/\/www.meydan.tv\/az\/article\/ilqar-memmedov-cenub-qaz-dehlizinin-demokratiyaya-tesirinden-yazdi\/#primaryimage"},"thumbnailUrl":"https:\/\/www.meydan.tv\/wp-content\/uploads\/30239.jpg","datePublished":"2017-01-20T15:29:55+00:00","breadcrumb":{"@id":"https:\/\/www.meydan.tv\/az\/article\/ilqar-memmedov-cenub-qaz-dehlizinin-demokratiyaya-tesirinden-yazdi\/#breadcrumb"},"inLanguage":"az","potentialAction":[{"@type":"ReadAction","target":["https:\/\/www.meydan.tv\/az\/article\/ilqar-memmedov-cenub-qaz-dehlizinin-demokratiyaya-tesirinden-yazdi\/"]}]},{"@type":"ImageObject","inLanguage":"az","@id":"https:\/\/www.meydan.tv\/az\/article\/ilqar-memmedov-cenub-qaz-dehlizinin-demokratiyaya-tesirinden-yazdi\/#primaryimage","url":"https:\/\/www.meydan.tv\/wp-content\/uploads\/30239.jpg","contentUrl":"https:\/\/www.meydan.tv\/wp-content\/uploads\/30239.jpg","width":768,"height":432,"caption":"Source:"},{"@type":"BreadcrumbList","@id":"https:\/\/www.meydan.tv\/az\/article\/ilqar-memmedov-cenub-qaz-dehlizinin-demokratiyaya-tesirinden-yazdi\/#breadcrumb","itemListElement":[{"@type":"ListItem","position":1,"name":"Ana s\u0259hif\u0259","item":"https:\/\/www.meydan.tv\/az\/"},{"@type":"ListItem","position":2,"name":"Analitika","item":"https:\/\/www.meydan.tv\/az\/section\/analitika\/"},{"@type":"ListItem","position":3,"name":"\u0130lqar M\u0259mm\u0259dov C\u0259nub Qaz D\u0259hlizinin demokratiyaya t\u0259sirind\u0259n yazd\u0131"}]},{"@type":"WebSite","@id":"https:\/\/www.meydan.tv\/az\/#website","url":"https:\/\/www.meydan.tv\/az\/","name":"MEYDAN.TV","description":"Meydan TV Az\u0259rbaycan\u0131n media m\u0259kan\u0131ndak\u0131 alternativ s\u0259sidir","publisher":{"@id":"https:\/\/www.meydan.tv\/az\/#organization"},"potentialAction":[{"@type":"SearchAction","target":{"@type":"EntryPoint","urlTemplate":"https:\/\/www.meydan.tv\/az\/?s={search_term_string}"},"query-input":{"@type":"PropertyValueSpecification","valueRequired":true,"valueName":"search_term_string"}}],"inLanguage":"az"},{"@type":"Organization","@id":"https:\/\/www.meydan.tv\/az\/#organization","name":"Meydan TV","url":"https:\/\/www.meydan.tv\/az\/","logo":{"@type":"ImageObject","inLanguage":"az","@id":"https:\/\/www.meydan.tv\/az\/#\/schema\/logo\/image\/","url":"https:\/\/www.meydan.tv\/wp-content\/uploads\/2021\/07\/meydan-logo.svg","contentUrl":"https:\/\/www.meydan.tv\/wp-content\/uploads\/2021\/07\/meydan-logo.svg","width":195,"height":46,"caption":"Meydan TV"},"image":{"@id":"https:\/\/www.meydan.tv\/az\/#\/schema\/logo\/image\/"}},{"@type":"Person","@id":"https:\/\/www.meydan.tv\/az\/#\/schema\/person\/10d11eccf6da3662cf5fdab9806ea91a","name":"user-manager"}]}},"_links":{"self":[{"href":"https:\/\/www.meydan.tv\/az\/wp-json\/wp\/v2\/posts\/182030","targetHints":{"allow":["GET"]}}],"collection":[{"href":"https:\/\/www.meydan.tv\/az\/wp-json\/wp\/v2\/posts"}],"about":[{"href":"https:\/\/www.meydan.tv\/az\/wp-json\/wp\/v2\/types\/post"}],"author":[{"embeddable":true,"href":"https:\/\/www.meydan.tv\/az\/wp-json\/wp\/v2\/users\/11"}],"replies":[{"embeddable":true,"href":"https:\/\/www.meydan.tv\/az\/wp-json\/wp\/v2\/comments?post=182030"}],"version-history":[{"count":0,"href":"https:\/\/www.meydan.tv\/az\/wp-json\/wp\/v2\/posts\/182030\/revisions"}],"wp:featuredmedia":[{"embeddable":true,"href":"https:\/\/www.meydan.tv\/az\/wp-json\/wp\/v2\/media\/77867"}],"wp:attachment":[{"href":"https:\/\/www.meydan.tv\/az\/wp-json\/wp\/v2\/media?parent=182030"}],"wp:term":[{"taxonomy":"category","embeddable":true,"href":"https:\/\/www.meydan.tv\/az\/wp-json\/wp\/v2\/categories?post=182030"},{"taxonomy":"post_tag","embeddable":true,"href":"https:\/\/www.meydan.tv\/az\/wp-json\/wp\/v2\/tags?post=182030"}],"curies":[{"name":"wp","href":"https:\/\/api.w.org\/{rel}","templated":true}]}}