{"id":182017,"date":"2017-01-19T18:26:11","date_gmt":"2017-01-19T18:26:11","guid":{"rendered":"https:\/\/www.meydan.tv\/article\/afdandil-babayev-manatin-uzen-mezenneye-adaptasiyasi-sakit-ve-revan-gedir\/"},"modified":"2017-01-19T18:26:11","modified_gmt":"2017-01-19T18:26:11","slug":"afdandil-babayev-manatin-uzen-mezenneye-adaptasiyasi-sakit-ve-revan-gedir","status":"publish","type":"post","link":"https:\/\/www.meydan.tv\/az\/article\/afdandil-babayev-manatin-uzen-mezenneye-adaptasiyasi-sakit-ve-revan-gedir\/","title":{"rendered":"Afdandil Babayev: Manat\u0131n \u00fcz\u0259n m\u0259z\u0259nn\u0259y\u0259 adaptasiyas\u0131 sakit v\u0259 r\u0259van gedir"},"content":{"rendered":"<figure class=\"wp-block-image size-large\">\n  <img decoding=\"async\" src=\"https:\/\/www.meydan.tv\/az\/77755\/\" alt=\"\" class=\"wp-image-77755\"\/><figcaption><\/figcaption><\/figure>\n<p>\n  <i><br \/>\n    Samir \u018fliyev: &#8221;H\u00f6kum\u0259t \u0259ksdollarla\u015fma prosesin\u0259 ba\u015flamasa manat\u0131n durumu a\u011f\u0131r olacaq&#8221;<br \/>\n  <\/i>\n<\/p>\n<p>\n  &#8220;Tam \u00fcz\u0259n m\u0259z\u0259nn\u0259 rejiminin atributu bazar i\u015ftirak\u00e7\u0131lar\u0131 t\u0259r\u0259find\u0259n m\u00fc\u0259yy\u0259n olunur. Bu il yanvar\u0131n 12-d\u0259n valyuta h\u0259rrac\u0131 yeni formatda ke\u00e7irilir. Qiym\u0259tl\u0259ri banklar m\u00fc\u0259yy\u0259n edir&#8221;, &#8211; M\u0259rk\u0259zi Bank\u0131n \u0130dar\u0259 Hey\u0259ti s\u0259drinin m\u00fcavini Aftandil Babayev APA-ya bel\u0259 deyib.\n<\/p>\n<p>\n  <i><br \/>\n    <b><br \/>\n      \u201cM\u0259z\u0259nn\u0259 tam liberal \u0259sasda formala\u015f\u0131r\u201d<br \/>\n    <\/b><br \/>\n  <\/i>\n<\/p>\n<p>\n  O hesab edir ki, dollar\u0131n al\u0131nmas\u0131 \u0259n y\u00fcks\u0259k qiym\u0259td\u0259n a\u015fa\u011f\u0131 qiym\u0259t\u0259 do\u011fru t\u0259min olunur. Bu \u0259sasda formala\u015fan orta \u00e7\u0259kili m\u0259z\u0259nn\u0259 d\u0259 avtomatik c\u0259miyy\u0259t\u0259 r\u0259smi m\u0259z\u0259nn\u0259 kimi t\u0259qdim olunur. Bununla da m\u0259z\u0259nn\u0259 tam liberal \u0259sasda formala\u015f\u0131r.\n<\/p>\n<p>\n  S\u0259dr m\u00fcavini h\u0259rraclar\u0131n ke\u00e7irilm\u0259sinin bazar\u0131n tarazla\u015fmas\u0131na xidm\u0259t etdiyini d\u00fc\u015f\u00fcn\u00fcr. Manat\u0131n orta \u00e7\u0259kili m\u0259z\u0259nn\u0259si h\u0259m h\u0259rracda, h\u0259m d\u0259 banklararas\u0131 a\u00e7\u0131q bazarda apar\u0131lan \u0259m\u0259liyyatlar\u0131n n\u0259tic\u0259si il\u0259 m\u00fc\u0259yy\u0259nl\u0259\u015fir. H\u0259min m\u0259z\u0259nn\u0259 r\u0259smi m\u0259z\u0259nn\u0259 kimi elan olunur:\n<\/p>\n<p>\n  \u201c\u018fg\u0259r h\u0259rrac n\u0259tic\u0259sind\u0259 manat\u0131n orta \u00e7\u0259kili m\u0259z\u0259nn\u0259si 1,8285 s\u0259viyy\u0259sind\u0259 m\u00fc\u0259yy\u0259n olubsa, g\u00fcn\u00fcn ikinci yar\u0131s\u0131nda r\u0259smi m\u0259z\u0259nn\u0259 1,8311 s\u0259viyy\u0259sind\u0259 elan edilirs\u0259, bu o dem\u0259k deyil ki, m\u0259z\u0259nn\u0259 inzibati yolla t\u0259yin edilir. Manat\u0131n orta \u00e7\u0259kili m\u0259z\u0259nn\u0259sin\u0259 yaln\u0131z h\u0259rracdak\u0131 qiym\u0259t deyil, o c\u00fcml\u0259d\u0259n h\u0259rracdan k\u0259nar \u0259m\u0259liyyatlar\u0131n n\u0259tic\u0259l\u0259ri t\u0259sir edir\u201d.\n<\/p>\n<p>\n  <b><br \/>\n    <i><br \/>\n      \u201cFormala\u015fan m\u0259z\u0259nn\u0259y\u0259 korreksiya olunmur\u201d<br \/>\n    <\/i><br \/>\n  <\/b>\n<\/p>\n<p>\n  Aftandil Babayev bu g\u00fcn formala\u015fan m\u0259z\u0259nn\u0259y\u0259 h\u0259r hans\u0131 korreksiya olunmad\u0131\u011f\u0131n\u0131 da deyib:\n<\/p>\n<p>\n  \u201cTam \u00fcz\u0259n m\u0259z\u0259nn\u0259y\u0259 ke\u00e7id b\u00f6y\u00fck s\u0131\u00e7ray\u0131\u015f olmadan ba\u015flad\u0131. Tam liberal m\u0259z\u0259nn\u0259 rejimin\u0259 ke\u00e7\u0259n Rusiya v\u0259 Qazax\u0131standa d\u0259yi\u015fim m\u00fcvafiq olaraq 3 faiz v\u0259 27 faizd\u0259n yuxar\u0131 h\u0259dd\u0259 ba\u015f verdi. Az\u0259rbaycanda is\u0259 ilin \u0259vv\u0259lind\u0259n 3,4 faiz, yeni formatda h\u0259rraca ke\u00e7id g\u00fcn\u00fc is\u0259 0,7 faiz d\u0259yi\u015fim olub\u201d.\n<\/p>\n<p>\n  O bildirir ki, yeni \u015f\u0259rait\u0259 adaptasiya g\u00f6zl\u0259diyind\u0259n daha sakit v\u0259 r\u0259van gedir:\n<\/p>\n<p>\n  \u201cB\u00fct\u00f6vl\u00fckd\u0259 bazara v\u0259 m\u0259z\u0259nn\u0259nin dinamikas\u0131na nikbin bax\u0131ram\u201d.\n<\/p>\n<p>\n  <b><br \/>\n    <i><br \/>\n      \u201cBel\u0259 \u015f\u0259raitd\u0259 investorlar iqtisadiyyata yat\u0131r\u0131m etm\u0259z\u201d<br \/>\n    <\/i><br \/>\n  <\/b>\n<\/p>\n<p>\n  \u0130qtisad\u00e7\u0131 R\u00f6v\u015f\u0259n A\u011fayev Aftandil Babayevin fikirl\u0259rin\u0259 &#8220;Facebook&#8221; s\u0259hif\u0259sind\u0259 \u015f\u0259rh verib. O, bu siyas\u0259tin yanl\u0131\u015f oldu\u011funu bildirib:\n<\/p>\n<p>\n  \u201cHe\u00e7 bir investror, bank indiki qeyri-sabit, qeyri-m\u00fc\u0259yy\u0259n m\u0259z\u0259nn\u0259 rejimind\u0259 y\u0131\u011f\u0131mlar\u0131n\u0131 investisiya kimi iqtisadiyyata y\u00f6n\u0259ltm\u0259y\u0259c\u0259k. N\u0259tic\u0259d\u0259 iqtisadi f\u0259all\u0131q k\u0259skin azalacaq, b\u00f6hran daha da s\u0259rtl\u0259\u015f\u0259c\u0259k\u201d.\n<\/p>\n<p>\n  <b><br \/>\n    <i><br \/>\n      \u201cH\u00f6kum\u0259t ucuz manatla b\u00fcdc\u0259 \u00f6hd\u0259likl\u0259rini qar\u015f\u0131lama\u011fa \u00e7al\u0131\u015f\u0131r\u201d<br \/>\n    <\/i><br \/>\n  <\/b>\n<\/p>\n<p>\n  R\u00f6v\u015f\u0259n A\u011fayevin s\u00f6zl\u0259rin\u0259 g\u00f6r\u0259, s\u0259rb\u0259st \u00fcz\u0259n m\u0259z\u0259nn\u0259 rejimin\u0259 ke\u00e7id o \u015f\u0259raitd\u0259 iqtisadiyyatda katakilizml\u0259r yaratm\u0131r ki, t\u0259diyy\u0259 balans\u0131n\u0131n \u00fcmumi saldosu tarazl\u0131q n\u00f6qt\u0259sin\u0259 yax\u0131n olur. V\u0259 ya h\u00f6kum\u0259t q\u0131sa m\u00fcdd\u0259td\u0259 \u0259mt\u0259\u0259 v\u0259 xidm\u0259t ixrac\u0131n\u0131n, \u00f6lk\u0259y\u0259 kapital g\u0259li\u015finin art\u0131m\u0131 hesab\u0131na yeni m\u0259z\u0259nn\u0259 rejimin\u0259 uy\u011fun sosial siyas\u0259t mexanizml\u0259ri formala\u015fd\u0131rmay\u0131b:\n<\/p>\n<figure class=\"wp-block-image size-large\">\n  <img decoding=\"async\" src=\"https:\/\/www.meydan.tv\/az\/71803\/\" alt=\"\" class=\"wp-image-71803\"\/><figcaption>\n    R\u00f6v\u015f\u0259n A\u011fayev foto sosial \u015f\u0259b\u0259k\u0259<br \/>\n  <\/figcaption><\/figure>\n<p>\n  \u201cQiym\u0259tl\u0259rin q\u0131sa m\u00fcdd\u0259td\u0259 k\u0259skin d\u0259yi\u015film\u0259sin\u0259 reaksiya ver\u0259n g\u0259lir indeksiyas\u0131 mexanizmi d\u0259 yoxdur. A\u00e7\u0131\u011f\u0131, indi valyuta bazar\u0131nda ba\u015f ver\u0259nl\u0259r s\u0259rb\u0259st \u00fcz\u0259n m\u0259z\u0259nn\u0259 rejimin\u0259 ke\u00e7idd\u0259n daha \u00e7ox, h\u00f6kum\u0259tin ucuz manatla \u00f6z b\u00fcdc\u0259 \u00f6hd\u0259likl\u0259rini qar\u015f\u0131lamaq t\u0259\u015f\u0259bb\u00fcs\u00fcn\u0259 ox\u015fay\u0131r\u201d.\n<\/p>\n<p>\n  <b><br \/>\n    <i><br \/>\n      \u201cManat\u0131n tam \u00fcz\u0259n m\u0259z\u0259nn\u0259y\u0259 ke\u00e7idi m\u00fcmk\u00fcn deyil\u201d<br \/>\n    <\/i><br \/>\n  <\/b>\n<\/p>\n<p>\n  \u0130qtisad\u00e7\u0131 Samir \u018fliyev deyir ki, manat\u0131n tam \u00fcz\u0259n m\u0259z\u0259nn\u0259y\u0259 ke\u00e7m\u0259si v\u0259 bu ke\u00e7idin sakit ba\u015f verm\u0259si m\u00fcsb\u0259t hald\u0131r. T\u0259bii \u0259g\u0259r m\u0259z\u0259nn\u0259 do\u011frudan da t\u0259l\u0259b-t\u0259klif \u0259sas\u0131nda formala\u015fsayd\u0131 v\u0259 t\u0259klif d\u00f6vl\u0259tin valyuta ehtiyatlar\u0131 hesab\u0131na t\u0259min edilm\u0259s\u0259ydi:\n<\/p>\n<p>\n  \u201cAz\u0259rbaycanda manat\u0131n tam \u00fcz\u0259n m\u0259z\u0259nn\u0259y\u0259 ke\u00e7idi m\u00fcmk\u00fcn deyil. \u0130kincisi, arzuolunan deyil, \u00fc\u00e7\u00fcnc\u00fcs\u00fc, dayan\u0131ql\u0131 deyil. Tam \u00fcz\u0259n m\u0259z\u0259nn\u0259y\u0259 ke\u00e7id manat\u0131n real bazar d\u0259y\u0259ri almas\u0131 dem\u0259kdir. Bu da yaln\u0131z k\u0259skin devalvasiya vasit\u0259sil\u0259 m\u00fcmk\u00fcnd\u00fcr. H\u00f6kum\u0259t bu problemi Neft Fondundan M\u0259rk\u0259zi Banka ay\u0131rd\u0131\u011f\u0131 7,5 milyard manat hesab\u0131na h\u0259ll etm\u0259y\u0259 \u00e7al\u0131\u015f\u0131r. Neft k\u0259skin ucuzla\u015fmasa, \u00f6lk\u0259d\u0259 iqtisadi-siyasi g\u0259rginlik olmasa, manat 2017-ci ili ciddi f\u0259sadlar olmadan ba\u015fa vura bil\u0259c\u0259k. Ona g\u00f6r\u0259 arzuolunan deyil ki, iqtisadiyyat\u0131m\u0131z diversifikasiya olunmay\u0131b v\u0259 \u00f6lk\u0259y\u0259 valyuta bir kanalla daxil olur. H\u0259min kanal\u0131n dollar\u0131 burax\u0131l\u0131\u015f\u0131 g\u00fcc\u00fcn\u0259 \u0259sas\u0259n manat\u0131n m\u0259z\u0259nn\u0259si d\u0259yi\u015fir\u201d.\n<\/p>\n<p>\n  <b><br \/>\n    <i><br \/>\n      G\u0259l\u0259n il Neft Fondu makroiqtisadi sabitlik \u00fc\u00e7\u00fcn M\u0259rk\u0259zi Banka pul ay\u0131rmasa n\u0259 ba\u015f ver\u0259c\u0259k?<br \/>\n    <\/i><br \/>\n  <\/b>\n<\/p>\n<p>\n  \u0130qtisad\u00e7\u0131 bildirir ki, bu da m\u0259z\u0259nn\u0259d\u0259 k\u0259skin r\u0259qsl\u0259r\u0259 s\u0259b\u0259b ola bil\u0259r. Ona g\u00f6r\u0259 dayan\u0131ql\u0131 deyil ki, Neft Fondunun v\u0259saiti bit\u0259nd\u0259n sonra manat\u0131 hans\u0131 v\u0259sait hesab\u0131na saxlan\u0131lmas\u0131 sual do\u011furur:\n<\/p>\n<figure class=\"wp-block-image size-large\">\n  <img decoding=\"async\" src=\"https:\/\/www.meydan.tv\/az\/71332\/\" alt=\"\" class=\"wp-image-71332\"\/><figcaption>\n    Samir \u018fliyev foto sosial \u015f\u0259b\u0259k\u0259<br \/>\n  <\/figcaption><\/figure>\n<p>\n  \u201cManat\u0131n tam \u00fcz\u0259n m\u0259z\u0259nn\u0259y\u0259 ke\u00e7diyini iddia v\u0259 vacib hesab ed\u0259nl\u0259r\u0259 sual verm\u0259k ist\u0259yir\u0259m: 2018-ci ild\u0259 Neft Fondu M\u0259rk\u0259zi Banka makroiqtisadi sabitlik \u00fc\u00e7\u00fcn pul ay\u0131rmasa n\u0259 ba\u015f ver\u0259c\u0259k? Bu g\u00fcn tam \u00fczd\u00fcy\u00fc iddia edil\u0259n manat g\u0259l\u0259n il sabit qala bil\u0259c\u0259kmi? V\u0259 yaxud Neft Fondu daha ne\u00e7\u0259 il \u00f6z aktivl\u0259rini makroiqtisadi sabitliyin\u0259 qurban ver\u0259c\u0259k? Yen\u0259 neftin bahala\u015fmas\u0131na \u00fcmid etm\u0259liyikmi? M\u00f6c\u00fcz\u0259 ba\u015f vers\u0259 v\u0259 neft bahala\u015fsa, bu halda manat \u00fcz\u0259c\u0259kmi? Suallar \u00e7oxdur, cavablar is\u0259 tam yoxdur\u201d.\n<\/p>\n<p>\n  <b><br \/>\n    <i><br \/>\n      \u201cAfdandil Babayevin Qazax\u0131stan, Rusiya m\u00fcqayis\u0259si u\u011fursuzdur\u201d<br \/>\n    <\/i><br \/>\n  <\/b>\n<\/p>\n<p>\n  Samir \u018fliyev deyir ki, Afdandil Babayevin manat\u0131n \u00fcz\u0259n m\u0259z\u0259nn\u0259y\u0259 ke\u00e7idi il\u0259 ba\u011fl\u0131 Rusiya Qazax\u0131stan m\u00fcqayis\u0259si u\u011furlu deyil. Rusiya 2014-c\u00fc ilin noyabr\u0131nda, Qazax\u0131stan 2015-ci ilin avqustunda \u00fcz\u0259n m\u0259z\u0259nn\u0259y\u0259 ke\u00e7ib. H\u0259r iki \u00f6lk\u0259d\u0259 ke\u00e7id milli valyutan\u0131n k\u0259skin ucuzla\u015fmas\u0131 il\u0259 m\u00fc\u015fahid\u0259 edilib. Bu fikir do\u011frudur. Do\u011fru olmayan zaman v\u0259 m\u00fchitdir:\n<\/p>\n<p>\n  \u201c\u00c7\u00fcnki Az\u0259rbaycan Rusiya v\u0259 Qazax\u0131stan kimi 2014-2015-ci ild\u0259 tam \u00fcz\u0259n m\u0259z\u0259nn\u0259y\u0259 ke\u00e7s\u0259ydi, ucuzla\u015fma Avtandil m\u00fc\u0259llimin dediyi kimi, bir g\u00fcnd\u0259 0,7 faiz yox, bundan b\u0259lk\u0259 d\u0259 500 d\u0259f\u0259 \u00e7ox olard\u0131. Unutmayaq ki, 2015-ci ild\u0259 manat d\u0259y\u0259rini 2 d\u0259f\u0259, 2016-c\u0131 ild\u0259 is\u0259 13-14 faiz itirib. Rusiya \u00fcz\u0259n m\u0259z\u0259nn\u0259y\u0259 ke\u00e7dikd\u0259n sonra valyuta ehtiyatlar\u0131n\u0131 rublu qorumaq \u00fc\u00e7\u00fcn x\u0259rcl\u0259mir. Qazax\u0131stan is\u0259 \u0259h\u0259miyy\u0259tli d\u0259r\u0259c\u0259d\u0259 azald\u0131b. Az\u0259rbaycan is\u0259 2 ild\u0259 M\u0259rk\u0259zi Bank\u0131n 11 milyard dollar\u0131 x\u0259rcl\u0259dikd\u0259n sonra Neft Fondunun v\u0259saitl\u0259rini i\u015f\u0259 sal\u0131b. Ad\u0131 da olur manat\u0131n m\u0259z\u0259nn\u0259sini bazar t\u0259nziml\u0259yir. Neft Fondunun v\u0259saitl\u0259rin\u0259 \u00fcmid olub marjan\u0131 l\u0259\u011fv etm\u0259k d\u0259 s\u0259hv add\u0131md\u0131r\u201d.\n<\/p>\n<p>\n  <b><br \/>\n    <i><br \/>\n      \u201cH\u00f6kum\u0259t \u0259ksdollarla\u015fma prosesin\u0259 ba\u015flamasa\u2026\u201d<br \/>\n    <\/i><br \/>\n  <\/b>\n<\/p>\n<p>\n  Samir \u018fliyev bildirir ki, d\u00f6vl\u0259t b\u00fcdc\u0259sini Neft Fondunun v\u0259saitl\u0259rind\u0259n xilas etm\u0259k ist\u0259yirdi, sonda \u00f6lk\u0259ni bu v\u0259saitl\u0259rd\u0259n as\u0131l\u0131 v\u0259ziyy\u0259t\u0259 sald\u0131:\n<\/p>\n<p>\n  \u201cAc\u0131 da olsa dem\u0259liyik, h\u00f6kum\u0259t \u0259ksdollarla\u015fma prosesin\u0259 ba\u015flamasa manat\u0131 \u00e7\u0259tin g\u00fcnl\u0259r g\u00f6zl\u0259y\u0259c\u0259k\u201d.<\/p>\n","protected":false},"excerpt":{"rendered":"<p>Samir \u018fliyev: &#8221;H\u00f6kum\u0259t \u0259ksdollarla\u015fma prosesin\u0259 ba\u015flamasa manat\u0131n durumu a\u011f\u0131r olacaq&#8221;<\/p>\n","protected":false},"author":11,"featured_media":77755,"comment_status":"closed","ping_status":"open","sticky":false,"template":"","format":"standard","meta":{"_acf_changed":false,"_sitemap_exclude":false,"_sitemap_priority":"","_sitemap_frequency":"","footnotes":""},"categories":[51],"tags":[],"class_list":["post-182017","post","type-post","status-publish","format-standard","has-post-thumbnail","hentry","category-analitika","infinite-scroll-item","generate-columns","tablet-grid-50","mobile-grid-100","grid-parent","grid-33","no-featured-image-padding"],"acf":[],"yoast_head":"<!-- This site is optimized with the Yoast SEO plugin v27.4 - https:\/\/yoast.com\/product\/yoast-seo-wordpress\/ -->\n<title>Afdandil Babayev: Manat\u0131n \u00fcz\u0259n m\u0259z\u0259nn\u0259y\u0259 adaptasiyas\u0131 sakit v\u0259 r\u0259van gedir - MEYDAN.TV<\/title>\n<meta name=\"robots\" content=\"index, follow, max-snippet:-1, max-image-preview:large, max-video-preview:-1\" \/>\n<link rel=\"canonical\" href=\"https:\/\/www.meydan.tv\/az\/article\/afdandil-babayev-manatin-uzen-mezenneye-adaptasiyasi-sakit-ve-revan-gedir\/\" \/>\n<meta property=\"og:locale\" content=\"az_AZ\" \/>\n<meta property=\"og:type\" content=\"article\" \/>\n<meta property=\"og:title\" content=\"Afdandil Babayev: Manat\u0131n \u00fcz\u0259n m\u0259z\u0259nn\u0259y\u0259 adaptasiyas\u0131 sakit v\u0259 r\u0259van gedir - MEYDAN.TV\" \/>\n<meta property=\"og:description\" content=\"Samir \u018fliyev: &#039;&#039;H\u00f6kum\u0259t \u0259ksdollarla\u015fma prosesin\u0259 ba\u015flamasa manat\u0131n durumu a\u011f\u0131r olacaq&#039;&#039;\" \/>\n<meta property=\"og:url\" content=\"https:\/\/www.meydan.tv\/az\/article\/afdandil-babayev-manatin-uzen-mezenneye-adaptasiyasi-sakit-ve-revan-gedir\/\" \/>\n<meta property=\"og:site_name\" content=\"MEYDAN.TV\" \/>\n<meta property=\"article:published_time\" content=\"2017-01-19T18:26:11+00:00\" \/>\n<meta property=\"og:image\" content=\"https:\/\/www.meydan.tv\/wp-content\/uploads\/30200.jpg\" \/>\n\t<meta property=\"og:image:width\" content=\"750\" \/>\n\t<meta property=\"og:image:height\" content=\"500\" \/>\n\t<meta property=\"og:image:type\" content=\"image\/jpeg\" \/>\n<meta name=\"author\" content=\"user-manager\" \/>\n<meta name=\"twitter:card\" content=\"summary_large_image\" \/>\n<script type=\"application\/ld+json\" class=\"yoast-schema-graph\">{\"@context\":\"https:\\\/\\\/schema.org\",\"@graph\":[{\"@type\":\"Article\",\"@id\":\"https:\\\/\\\/www.meydan.tv\\\/az\\\/article\\\/afdandil-babayev-manatin-uzen-mezenneye-adaptasiyasi-sakit-ve-revan-gedir\\\/#article\",\"isPartOf\":{\"@id\":\"https:\\\/\\\/www.meydan.tv\\\/az\\\/article\\\/afdandil-babayev-manatin-uzen-mezenneye-adaptasiyasi-sakit-ve-revan-gedir\\\/\"},\"author\":{\"name\":\"user-manager\",\"@id\":\"https:\\\/\\\/www.meydan.tv\\\/az\\\/#\\\/schema\\\/person\\\/10d11eccf6da3662cf5fdab9806ea91a\"},\"headline\":\"Afdandil Babayev: Manat\u0131n \u00fcz\u0259n m\u0259z\u0259nn\u0259y\u0259 adaptasiyas\u0131 sakit v\u0259 r\u0259van gedir\",\"datePublished\":\"2017-01-19T18:26:11+00:00\",\"mainEntityOfPage\":{\"@id\":\"https:\\\/\\\/www.meydan.tv\\\/az\\\/article\\\/afdandil-babayev-manatin-uzen-mezenneye-adaptasiyasi-sakit-ve-revan-gedir\\\/\"},\"wordCount\":1384,\"publisher\":{\"@id\":\"https:\\\/\\\/www.meydan.tv\\\/az\\\/#organization\"},\"image\":{\"@id\":\"https:\\\/\\\/www.meydan.tv\\\/az\\\/article\\\/afdandil-babayev-manatin-uzen-mezenneye-adaptasiyasi-sakit-ve-revan-gedir\\\/#primaryimage\"},\"thumbnailUrl\":\"https:\\\/\\\/www.meydan.tv\\\/wp-content\\\/uploads\\\/30200.jpg\",\"articleSection\":[\"Analitika\"],\"inLanguage\":\"az\"},{\"@type\":\"WebPage\",\"@id\":\"https:\\\/\\\/www.meydan.tv\\\/az\\\/article\\\/afdandil-babayev-manatin-uzen-mezenneye-adaptasiyasi-sakit-ve-revan-gedir\\\/\",\"url\":\"https:\\\/\\\/www.meydan.tv\\\/az\\\/article\\\/afdandil-babayev-manatin-uzen-mezenneye-adaptasiyasi-sakit-ve-revan-gedir\\\/\",\"name\":\"Afdandil Babayev: Manat\u0131n \u00fcz\u0259n m\u0259z\u0259nn\u0259y\u0259 adaptasiyas\u0131 sakit v\u0259 r\u0259van gedir - MEYDAN.TV\",\"isPartOf\":{\"@id\":\"https:\\\/\\\/www.meydan.tv\\\/az\\\/#website\"},\"primaryImageOfPage\":{\"@id\":\"https:\\\/\\\/www.meydan.tv\\\/az\\\/article\\\/afdandil-babayev-manatin-uzen-mezenneye-adaptasiyasi-sakit-ve-revan-gedir\\\/#primaryimage\"},\"image\":{\"@id\":\"https:\\\/\\\/www.meydan.tv\\\/az\\\/article\\\/afdandil-babayev-manatin-uzen-mezenneye-adaptasiyasi-sakit-ve-revan-gedir\\\/#primaryimage\"},\"thumbnailUrl\":\"https:\\\/\\\/www.meydan.tv\\\/wp-content\\\/uploads\\\/30200.jpg\",\"datePublished\":\"2017-01-19T18:26:11+00:00\",\"breadcrumb\":{\"@id\":\"https:\\\/\\\/www.meydan.tv\\\/az\\\/article\\\/afdandil-babayev-manatin-uzen-mezenneye-adaptasiyasi-sakit-ve-revan-gedir\\\/#breadcrumb\"},\"inLanguage\":\"az\",\"potentialAction\":[{\"@type\":\"ReadAction\",\"target\":[\"https:\\\/\\\/www.meydan.tv\\\/az\\\/article\\\/afdandil-babayev-manatin-uzen-mezenneye-adaptasiyasi-sakit-ve-revan-gedir\\\/\"]}]},{\"@type\":\"ImageObject\",\"inLanguage\":\"az\",\"@id\":\"https:\\\/\\\/www.meydan.tv\\\/az\\\/article\\\/afdandil-babayev-manatin-uzen-mezenneye-adaptasiyasi-sakit-ve-revan-gedir\\\/#primaryimage\",\"url\":\"https:\\\/\\\/www.meydan.tv\\\/wp-content\\\/uploads\\\/30200.jpg\",\"contentUrl\":\"https:\\\/\\\/www.meydan.tv\\\/wp-content\\\/uploads\\\/30200.jpg\",\"width\":750,\"height\":500,\"caption\":\"Source:\"},{\"@type\":\"BreadcrumbList\",\"@id\":\"https:\\\/\\\/www.meydan.tv\\\/az\\\/article\\\/afdandil-babayev-manatin-uzen-mezenneye-adaptasiyasi-sakit-ve-revan-gedir\\\/#breadcrumb\",\"itemListElement\":[{\"@type\":\"ListItem\",\"position\":1,\"name\":\"Ana s\u0259hif\u0259\",\"item\":\"https:\\\/\\\/www.meydan.tv\\\/az\\\/\"},{\"@type\":\"ListItem\",\"position\":2,\"name\":\"Analitika\",\"item\":\"https:\\\/\\\/www.meydan.tv\\\/az\\\/section\\\/analitika\\\/\"},{\"@type\":\"ListItem\",\"position\":3,\"name\":\"Afdandil Babayev: Manat\u0131n \u00fcz\u0259n m\u0259z\u0259nn\u0259y\u0259 adaptasiyas\u0131 sakit v\u0259 r\u0259van gedir\"}]},{\"@type\":\"WebSite\",\"@id\":\"https:\\\/\\\/www.meydan.tv\\\/az\\\/#website\",\"url\":\"https:\\\/\\\/www.meydan.tv\\\/az\\\/\",\"name\":\"MEYDAN.TV\",\"description\":\"Meydan TV Az\u0259rbaycan\u0131n media m\u0259kan\u0131ndak\u0131 alternativ s\u0259sidir\",\"publisher\":{\"@id\":\"https:\\\/\\\/www.meydan.tv\\\/az\\\/#organization\"},\"potentialAction\":[{\"@type\":\"SearchAction\",\"target\":{\"@type\":\"EntryPoint\",\"urlTemplate\":\"https:\\\/\\\/www.meydan.tv\\\/az\\\/?s={search_term_string}\"},\"query-input\":{\"@type\":\"PropertyValueSpecification\",\"valueRequired\":true,\"valueName\":\"search_term_string\"}}],\"inLanguage\":\"az\"},{\"@type\":\"Organization\",\"@id\":\"https:\\\/\\\/www.meydan.tv\\\/az\\\/#organization\",\"name\":\"Meydan TV\",\"url\":\"https:\\\/\\\/www.meydan.tv\\\/az\\\/\",\"logo\":{\"@type\":\"ImageObject\",\"inLanguage\":\"az\",\"@id\":\"https:\\\/\\\/www.meydan.tv\\\/az\\\/#\\\/schema\\\/logo\\\/image\\\/\",\"url\":\"https:\\\/\\\/www.meydan.tv\\\/wp-content\\\/uploads\\\/2021\\\/07\\\/meydan-logo.svg\",\"contentUrl\":\"https:\\\/\\\/www.meydan.tv\\\/wp-content\\\/uploads\\\/2021\\\/07\\\/meydan-logo.svg\",\"width\":195,\"height\":46,\"caption\":\"Meydan TV\"},\"image\":{\"@id\":\"https:\\\/\\\/www.meydan.tv\\\/az\\\/#\\\/schema\\\/logo\\\/image\\\/\"}},{\"@type\":\"Person\",\"@id\":\"https:\\\/\\\/www.meydan.tv\\\/az\\\/#\\\/schema\\\/person\\\/10d11eccf6da3662cf5fdab9806ea91a\",\"name\":\"user-manager\"}]}<\/script>\n<!-- \/ Yoast SEO plugin. -->","yoast_head_json":{"title":"Afdandil Babayev: Manat\u0131n \u00fcz\u0259n m\u0259z\u0259nn\u0259y\u0259 adaptasiyas\u0131 sakit v\u0259 r\u0259van gedir - MEYDAN.TV","robots":{"index":"index","follow":"follow","max-snippet":"max-snippet:-1","max-image-preview":"max-image-preview:large","max-video-preview":"max-video-preview:-1"},"canonical":"https:\/\/www.meydan.tv\/az\/article\/afdandil-babayev-manatin-uzen-mezenneye-adaptasiyasi-sakit-ve-revan-gedir\/","og_locale":"az_AZ","og_type":"article","og_title":"Afdandil Babayev: Manat\u0131n \u00fcz\u0259n m\u0259z\u0259nn\u0259y\u0259 adaptasiyas\u0131 sakit v\u0259 r\u0259van gedir - MEYDAN.TV","og_description":"Samir \u018fliyev: ''H\u00f6kum\u0259t \u0259ksdollarla\u015fma prosesin\u0259 ba\u015flamasa manat\u0131n durumu a\u011f\u0131r olacaq''","og_url":"https:\/\/www.meydan.tv\/az\/article\/afdandil-babayev-manatin-uzen-mezenneye-adaptasiyasi-sakit-ve-revan-gedir\/","og_site_name":"MEYDAN.TV","article_published_time":"2017-01-19T18:26:11+00:00","og_image":[{"width":750,"height":500,"url":"https:\/\/www.meydan.tv\/wp-content\/uploads\/30200.jpg","type":"image\/jpeg"}],"author":"user-manager","twitter_card":"summary_large_image","schema":{"@context":"https:\/\/schema.org","@graph":[{"@type":"Article","@id":"https:\/\/www.meydan.tv\/az\/article\/afdandil-babayev-manatin-uzen-mezenneye-adaptasiyasi-sakit-ve-revan-gedir\/#article","isPartOf":{"@id":"https:\/\/www.meydan.tv\/az\/article\/afdandil-babayev-manatin-uzen-mezenneye-adaptasiyasi-sakit-ve-revan-gedir\/"},"author":{"name":"user-manager","@id":"https:\/\/www.meydan.tv\/az\/#\/schema\/person\/10d11eccf6da3662cf5fdab9806ea91a"},"headline":"Afdandil Babayev: Manat\u0131n \u00fcz\u0259n m\u0259z\u0259nn\u0259y\u0259 adaptasiyas\u0131 sakit v\u0259 r\u0259van gedir","datePublished":"2017-01-19T18:26:11+00:00","mainEntityOfPage":{"@id":"https:\/\/www.meydan.tv\/az\/article\/afdandil-babayev-manatin-uzen-mezenneye-adaptasiyasi-sakit-ve-revan-gedir\/"},"wordCount":1384,"publisher":{"@id":"https:\/\/www.meydan.tv\/az\/#organization"},"image":{"@id":"https:\/\/www.meydan.tv\/az\/article\/afdandil-babayev-manatin-uzen-mezenneye-adaptasiyasi-sakit-ve-revan-gedir\/#primaryimage"},"thumbnailUrl":"https:\/\/www.meydan.tv\/wp-content\/uploads\/30200.jpg","articleSection":["Analitika"],"inLanguage":"az"},{"@type":"WebPage","@id":"https:\/\/www.meydan.tv\/az\/article\/afdandil-babayev-manatin-uzen-mezenneye-adaptasiyasi-sakit-ve-revan-gedir\/","url":"https:\/\/www.meydan.tv\/az\/article\/afdandil-babayev-manatin-uzen-mezenneye-adaptasiyasi-sakit-ve-revan-gedir\/","name":"Afdandil Babayev: Manat\u0131n \u00fcz\u0259n m\u0259z\u0259nn\u0259y\u0259 adaptasiyas\u0131 sakit v\u0259 r\u0259van gedir - MEYDAN.TV","isPartOf":{"@id":"https:\/\/www.meydan.tv\/az\/#website"},"primaryImageOfPage":{"@id":"https:\/\/www.meydan.tv\/az\/article\/afdandil-babayev-manatin-uzen-mezenneye-adaptasiyasi-sakit-ve-revan-gedir\/#primaryimage"},"image":{"@id":"https:\/\/www.meydan.tv\/az\/article\/afdandil-babayev-manatin-uzen-mezenneye-adaptasiyasi-sakit-ve-revan-gedir\/#primaryimage"},"thumbnailUrl":"https:\/\/www.meydan.tv\/wp-content\/uploads\/30200.jpg","datePublished":"2017-01-19T18:26:11+00:00","breadcrumb":{"@id":"https:\/\/www.meydan.tv\/az\/article\/afdandil-babayev-manatin-uzen-mezenneye-adaptasiyasi-sakit-ve-revan-gedir\/#breadcrumb"},"inLanguage":"az","potentialAction":[{"@type":"ReadAction","target":["https:\/\/www.meydan.tv\/az\/article\/afdandil-babayev-manatin-uzen-mezenneye-adaptasiyasi-sakit-ve-revan-gedir\/"]}]},{"@type":"ImageObject","inLanguage":"az","@id":"https:\/\/www.meydan.tv\/az\/article\/afdandil-babayev-manatin-uzen-mezenneye-adaptasiyasi-sakit-ve-revan-gedir\/#primaryimage","url":"https:\/\/www.meydan.tv\/wp-content\/uploads\/30200.jpg","contentUrl":"https:\/\/www.meydan.tv\/wp-content\/uploads\/30200.jpg","width":750,"height":500,"caption":"Source:"},{"@type":"BreadcrumbList","@id":"https:\/\/www.meydan.tv\/az\/article\/afdandil-babayev-manatin-uzen-mezenneye-adaptasiyasi-sakit-ve-revan-gedir\/#breadcrumb","itemListElement":[{"@type":"ListItem","position":1,"name":"Ana s\u0259hif\u0259","item":"https:\/\/www.meydan.tv\/az\/"},{"@type":"ListItem","position":2,"name":"Analitika","item":"https:\/\/www.meydan.tv\/az\/section\/analitika\/"},{"@type":"ListItem","position":3,"name":"Afdandil Babayev: Manat\u0131n \u00fcz\u0259n m\u0259z\u0259nn\u0259y\u0259 adaptasiyas\u0131 sakit v\u0259 r\u0259van gedir"}]},{"@type":"WebSite","@id":"https:\/\/www.meydan.tv\/az\/#website","url":"https:\/\/www.meydan.tv\/az\/","name":"MEYDAN.TV","description":"Meydan TV Az\u0259rbaycan\u0131n media m\u0259kan\u0131ndak\u0131 alternativ s\u0259sidir","publisher":{"@id":"https:\/\/www.meydan.tv\/az\/#organization"},"potentialAction":[{"@type":"SearchAction","target":{"@type":"EntryPoint","urlTemplate":"https:\/\/www.meydan.tv\/az\/?s={search_term_string}"},"query-input":{"@type":"PropertyValueSpecification","valueRequired":true,"valueName":"search_term_string"}}],"inLanguage":"az"},{"@type":"Organization","@id":"https:\/\/www.meydan.tv\/az\/#organization","name":"Meydan TV","url":"https:\/\/www.meydan.tv\/az\/","logo":{"@type":"ImageObject","inLanguage":"az","@id":"https:\/\/www.meydan.tv\/az\/#\/schema\/logo\/image\/","url":"https:\/\/www.meydan.tv\/wp-content\/uploads\/2021\/07\/meydan-logo.svg","contentUrl":"https:\/\/www.meydan.tv\/wp-content\/uploads\/2021\/07\/meydan-logo.svg","width":195,"height":46,"caption":"Meydan TV"},"image":{"@id":"https:\/\/www.meydan.tv\/az\/#\/schema\/logo\/image\/"}},{"@type":"Person","@id":"https:\/\/www.meydan.tv\/az\/#\/schema\/person\/10d11eccf6da3662cf5fdab9806ea91a","name":"user-manager"}]}},"_links":{"self":[{"href":"https:\/\/www.meydan.tv\/az\/wp-json\/wp\/v2\/posts\/182017","targetHints":{"allow":["GET"]}}],"collection":[{"href":"https:\/\/www.meydan.tv\/az\/wp-json\/wp\/v2\/posts"}],"about":[{"href":"https:\/\/www.meydan.tv\/az\/wp-json\/wp\/v2\/types\/post"}],"author":[{"embeddable":true,"href":"https:\/\/www.meydan.tv\/az\/wp-json\/wp\/v2\/users\/11"}],"replies":[{"embeddable":true,"href":"https:\/\/www.meydan.tv\/az\/wp-json\/wp\/v2\/comments?post=182017"}],"version-history":[{"count":0,"href":"https:\/\/www.meydan.tv\/az\/wp-json\/wp\/v2\/posts\/182017\/revisions"}],"wp:featuredmedia":[{"embeddable":true,"href":"https:\/\/www.meydan.tv\/az\/wp-json\/wp\/v2\/media\/77755"}],"wp:attachment":[{"href":"https:\/\/www.meydan.tv\/az\/wp-json\/wp\/v2\/media?parent=182017"}],"wp:term":[{"taxonomy":"category","embeddable":true,"href":"https:\/\/www.meydan.tv\/az\/wp-json\/wp\/v2\/categories?post=182017"},{"taxonomy":"post_tag","embeddable":true,"href":"https:\/\/www.meydan.tv\/az\/wp-json\/wp\/v2\/tags?post=182017"}],"curies":[{"name":"wp","href":"https:\/\/api.w.org\/{rel}","templated":true}]}}