{"id":182004,"date":"2017-01-19T14:56:02","date_gmt":"2017-01-19T14:56:02","guid":{"rendered":"https:\/\/www.meydan.tv\/article\/ukraynanin-azerbaycana-desteyi-rusiyaya-ve-ermenistana-mesajdir\/"},"modified":"2017-01-19T14:56:02","modified_gmt":"2017-01-19T14:56:02","slug":"ukraynanin-azerbaycana-desteyi-rusiyaya-ve-ermenistana-mesajdir","status":"publish","type":"post","link":"https:\/\/www.meydan.tv\/az\/article\/ukraynanin-azerbaycana-desteyi-rusiyaya-ve-ermenistana-mesajdir\/","title":{"rendered":"Ukraynan\u0131n Az\u0259rbaycana d\u0259st\u0259yi Rusiyaya v\u0259 Erm\u0259nistana mesajd\u0131r"},"content":{"rendered":"<figure class=\"wp-block-image size-large\">\n  <img decoding=\"async\" src=\"https:\/\/www.meydan.tv\/az\/77740\/\" alt=\"\" class=\"wp-image-77740\"\/><figcaption><\/figcaption><\/figure>\n<p>\n  <img decoding=\"async\" alt=\"\u201cAtlas\u201d Ara\u015fd\u0131rmalar M\u0259rk\u0259zi logo - foto: sosial \u015f\u0259b\u0259k\u0259\" data-src=\"\/images\/cms-image-000030192.jpg\" src=\"data:image\/svg+xml;base64,PHN2ZyB3aWR0aD0iMSIgaGVpZ2h0PSIxIiB4bWxucz0iaHR0cDovL3d3dy53My5vcmcvMjAwMC9zdmciPjwvc3ZnPg==\" class=\"lazyload\" \/>\n<\/p>\n<p>\n  Poro\u015fenko &#8220;bird\u0259n Erm\u0259nistan Kiyevd\u0259n inciy\u0259r&#8221; kimi balansl\u0131 m\u00f6vqe tutmur\n<\/p>\n<p>\n  Az\u0259rbaycan prezidenti \u0130lham \u018fliyev Davos \u0130qtisadi Forumunda i\u015ftirak\u0131 \u00e7\u0259r\u00e7iv\u0259sind\u0259 xeyli \u00f6lk\u0259nin lideri v\u0259 \u015firk\u0259t r\u0259hb\u0259ri il\u0259 g\u00f6r\u00fc\u015f\u00fcb. Bu bax\u0131mdan Davos forumu \u0130lham \u018fliyev \u00fc\u00e7\u00fcn \u0259h\u0259miyy\u0259tlidir. \u00c7\u00fcnki bir ne\u00e7\u0259 g\u00fcn\u00fcn i\u00e7\u0259risind\u0259 onlarla vacib \u015f\u0259xsl\u0259 g\u00f6r\u00fc\u015f\u00fcb \u0259m\u0259kda\u015fl\u0131q m\u0259s\u0259l\u0259l\u0259rini v\u0259 m\u00f6vcud probleml\u0259ri m\u00fczakir\u0259 etm\u0259k m\u00fcmk\u00fcnd\u00fcr. \u0130lham \u018fliyevl\u0259 o lider v\u0259 \u015firk\u0259t r\u0259hb\u0259ri g\u00f6r\u00fc\u015f\u00fcr ki, Az\u0259rbaycanla konkret istiqam\u0259tl\u0259rd\u0259 inki\u015faf pespektivl\u0259rini m\u00fczakir\u0259 etm\u0259k ist\u0259yirl\u0259r.\n<\/p>\n<p>\n  M\u0259s\u0259l\u0259n, Davosda \u0130lham \u018fliyevl\u0259 g\u00f6r\u00fc\u015f\u0259nl\u0259r aras\u0131nda \u0130raq k\u00fcrdl\u0259rinin lideri M\u0259sud Barzani d\u0259 var. Az\u0259rbaycan \u0130raq\u0131n m\u0259rk\u0259zi hakimiyy\u0259ti il\u0259 \u0259m\u0259kda\u015fl\u0131q edir. Buna baxmayaraq, son zamanlar Az\u0259rbaycanla \u0130raq\u0131n \u015fimal\u0131 aras\u0131nda da \u0259m\u0259kda\u015fl\u0131q imkanlar\u0131 geni\u015fl\u0259nir. Ba\u011fdad bu c\u00fcr t\u0259maslar\u0131n \u0259leyhin\u0259 deyil. Az\u0259rbaycan kimi \u0130raq\u0131n \u015fimal\u0131nda da z\u0259ngin enerji resurslar\u0131 var, bir \u00e7ox b\u00f6y\u00fck \u015firk\u0259t burada enerji m\u0259nb\u0259l\u0259rinin i\u015fl\u0259nm\u0259sind\u0259 paya malikdir. Az\u0259rbaycan D\u00f6vl\u0259t Neft \u015eirk\u0259tinin d\u0259 bu \u00e7al\u0131\u015fmalarda mara\u011f\u0131 ola bil\u0259r. Eyni il\u0259 M\u0259sud Barzani d\u0259 D\u00f6vl\u0259t Neft \u015eirk\u0259tinin investisiyalar\u0131nda maraql\u0131d\u0131r. Ayr\u0131ca, son zamanlar Az\u0259rbaycana g\u0259l\u0259n turistl\u0259r aras\u0131nda \u0130raq\u0131n \u015fimal\u0131nda ya\u015fayanlar\u0131n da say\u0131 \u00e7oxal\u0131r, Bak\u0131 il\u0259 \u018frbil aras\u0131da birba\u015fa u\u00e7u\u015flar h\u0259yata ke\u00e7irilir. Bir s\u00f6zl\u0259, \u0130lham \u018fliyevl\u0259 M\u0259sud Barzani aras\u0131nda m\u00fczakir\u0259 edil\u0259si m\u00f6vzular kifay\u0259t q\u0259d\u0259rdir.\n<\/p>\n<p>\n  \u0130lham \u018fliyevin Davosda yadda qalan dig\u0259r g\u00f6r\u00fc\u015fl\u0259ri s\u0131ras\u0131nda ukraynal\u0131 h\u0259mkar\u0131 Pyotr Poro\u015fenko il\u0259 fikir m\u00fcbadil\u0259sini g\u00f6st\u0259rm\u0259k olar. Poro\u015fenko h\u0259min g\u00f6r\u00fc\u015fd\u0259 iki vacib fikir s\u0259sl\u0259ndirib. Poro\u015fenko\u00a0birinci fikrind\u0259\u00a0deyib ki, Ukrayna Az\u0259rbaycan\u0131n Erm\u0259nistan t\u0259r\u0259find\u0259n i\u015f\u011fal olunmu\u015f Da\u011fl\u0131q Qaraba\u011f regionunda yarad\u0131lan separat\u00e7\u0131 rejimi he\u00e7 vaxt tan\u0131mayacaq.<br \/>\n  <i><br \/>\n    \u201cM\u0259n d\u0259qiq vur\u011fulamaq ist\u0259yir\u0259m ki, Ukrayna Da\u011fl\u0131q Qaraba\u011f\u0131n s\u0259n\u0259dl\u0259rinin m\u00fcvafiq sertifikatla\u015fd\u0131r\u0131lmas\u0131n\u0131 q\u0259bul etmir v\u0259 etm\u0259y\u0259c\u0259k v\u0259 biz Az\u0259rbaycan\u0131n Kr\u0131m il\u0259 ba\u011fl\u0131 tutdu\u011fu analoji m\u00f6vqeyi alq\u0131\u015flay\u0131r\u0131q\u201d<br \/>\n  <\/i><br \/>\n  \u00a0\u2013 bu is\u0259 Ukrayna prezidentinin Qaraba\u011fla ba\u011fl\u0131\u00a0ikinci c\u00fcml\u0259sidir.\n<\/p>\n<p>\n  Ukrayna prezidentinin h\u0259r d\u0259f\u0259 bu s\u00f6zl\u0259ri dem\u0259si vacibdir. Ad\u0259t\u0259n d\u00f6vl\u0259t ba\u015f\u00e7\u0131lar\u0131 Az\u0259rbaycan\u0131n \u0259razi b\u00fct\u00f6vl\u00fcy\u00fc il\u0259 ba\u011fl\u0131 \u00fcmumi fikirl\u0259r s\u00f6yl\u0259yirl\u0259r, \u00e7ox az lider var ki, \u201cDa\u011fl\u0131q Qaraba\u011fdak\u0131 separatimiz q\u0259bul etmirik\u201d fikrini dil\u0259 g\u0259tirir. Poro\u015fenko m\u0259hz bunu a\u00e7\u0131q dey\u0259n liderl\u0259rd\u0259ndir. Bunun ba\u015fl\u0131ca s\u0259b\u0259bi odur ki, Poro\u015fenkonun da dediyi kimi, Az\u0259rbaycan da Kr\u0131mla ba\u011fl\u0131 analoji m\u00f6vqe tutur. M\u0259s\u0259l\u0259n, Az\u0259rbaycan\u0131n G\u00fcrc\u00fcstanla \u0259laq\u0259l\u0259ri Ukrayna il\u0259 \u0259laq\u0259l\u0259rd\u0259n daha s\u0131xd\u0131r, b\u00f6y\u00fck investisiya layih\u0259l\u0259ri var, gedi\u015f-g\u0259li\u015f intensivdir. Ancaq G\u00fcrc\u00fcstan r\u0259smil\u0259ri ad\u0259t\u0259n \u201cDa\u011fl\u0131q Qaraba\u011fdak\u0131 separatizmi pisl\u0259yirik, bu yolverilm\u0259zdir\u201d kimi fikirl\u0259r i\u015fl\u0259tmirl\u0259r. Poro\u015fenko is\u0259 \u201cbird\u0259n Erm\u0259nistan Kiyevd\u0259n inciy\u0259r\u201d kimi balansl\u0131 m\u00f6vqe tutmur, Qaraba\u011fla ba\u011fl\u0131 birm\u0259nal\u0131 m\u00f6vqe ortaya qoyur. Onu da n\u0259z\u0259r\u0259 almaq laz\u0131md\u0131r ki, Ukrayna prezident h\u0259l\u0259 ki, C\u0259nubi Qafqaz \u00f6lk\u0259l\u0259rind\u0259n yaln\u0131z Az\u0259rbaycana s\u0259f\u0259r edib. Poro\u015fenko BMT-d\u0259ki s\u0259sverm\u0259d\u0259 Erm\u0259nistan\u0131n Kr\u0131m\u0131 Ukrayna \u0259razisi kimi g\u00f6st\u0259r\u0259n q\u0259tnam\u0259y\u0259 s\u0259s verm\u0259m\u0259sini d\u0259 unutmay\u0131b.\n<\/p>\n<p>\n  Q\u0259rb \u00f6lk\u0259l\u0259ri, Amerika Birl\u0259\u015fmi\u015f \u015etatlar\u0131 v\u0259 Avropa \u0130ttifaq\u0131 Kr\u0131m\u0131n i\u015f\u011fal\u0131n\u0131 birm\u0259nal\u0131 pisl\u0259diyi halda eyni yana\u015fman\u0131 Qaraba\u011f m\u0259s\u0259l\u0259sind\u0259 ortaya qoymur, i\u015f\u011fal\u00e7\u0131ya qar\u015f\u0131 sanksiyalar h\u0259yata ke\u00e7irmir, tam \u0259ksin\u0259 onunla \u0259m\u0259kda\u015fl\u0131q edir. Bu, ikili standartlard\u0131r. Q\u0259rb \u00f6lk\u0259l\u0259ri Rusiyan\u0131 haql\u0131 olaraq c\u0259zaland\u0131rd\u0131qlar\u0131 halda Erm\u0259nistanla n\u0259vazi\u015fl\u0259 davran\u0131rlar. Halbuki, Da\u011fl\u0131q Qaraba\u011f v\u0259 \u0259traf rayonlar\u0131 i\u015f\u011fal ed\u0259n Erm\u0259nistanla Kr\u0131m\u0131 i\u015f\u011fal ed\u0259n Rusiya aras\u0131nda f\u0259rq yoxdur.\n<\/p>\n<p>\n  Buna baxmayaraq, Poro\u015fenkonun Davosda Az\u0259rbaycana birm\u0259nal\u0131 d\u0259st\u0259k ifad\u0259 etm\u0259si h\u0259m d\u0259 o bax\u0131mdan vacibdir ki, Ukrayna Q\u0259rbin b\u00f6lg\u0259d\u0259 t\u0259hl\u00fck\u0259sizliyin\u0259 \u00f6n\u0259m verdiyi \u00f6lk\u0259dir, Poro\u015fenkonun h\u0259r a\u00e7\u0131qlamas\u0131 diqq\u0259tl\u0259 izl\u0259nilir. Odur ki, Poro\u015fenkonun Davosda Qaraba\u011fla ba\u011fl\u0131 a\u00e7\u0131qlamas\u0131 Erm\u0259nistanla yana\u015f\u0131 Q\u0259rb\u0259 d\u0259 mesajd\u0131r ki, Az\u0259rbaycan\u0131n \u0259razi b\u00fct\u00f6vl\u00fcy\u00fcn\u0259 h\u0259ssas yana\u015f\u0131lmal\u0131d\u0131r.\n<\/p>\n<p>\n  Dig\u0259r t\u0259r\u0259fd\u0259n Rusiyan\u0131n xarici i\u015fl\u0259r naziri Sergey Lavrov son m\u0259tbuat konfrans\u0131nda birm\u0259nal\u0131 olaraq Erm\u0259nistan\u0131n m\u00f6vqeyini d\u0259st\u0259kl\u0259di v\u0259 bu hal Az\u0259rbaycan c\u0259miyy\u0259ti il\u0259 yana\u015f\u0131 r\u0259smi Bak\u0131n\u0131n da ciddi narahatl\u0131\u011f\u0131na s\u0259b\u0259b olub. \u00dcmumiyy\u0259tl\u0259 Lavrovun s\u00f6zl\u0259rind\u0259n bir daha ayd\u0131n oldu ki, Moskva Da\u011fl\u0131q Qaraba\u011f m\u00fcnaqi\u015f\u0259sinin \u0259dal\u0259tli h\u0259llind\u0259 maraql\u0131 deyil. Bel\u0259 olan halda r\u0259smi Bak\u0131 Kreml\u0259 mesaj yollamaq m\u0259cburiyy\u0259tind\u0259dir ki, Az\u0259rbaycan\u0131n kifay\u0259t q\u0259d\u0259r strateji t\u0259r\u0259fda\u015f\u0131 var ki, Moskvadan f\u0259rqli olaraq Da\u011fl\u0131q Qaraba\u011fda anti-terror \u0259m\u0259liyyat\u0131na d\u0259st\u0259k versin v\u0259 bel\u0259 d\u00f6vl\u0259tl\u0259rd\u0259n biri d\u0259 Ukraynad\u0131r.\n<\/p>\n<p>\n  \u201cAtlas\u201d Ara\u015fd\u0131rmalar M\u0259rk\u0259zi<\/p>\n","protected":false},"excerpt":{"rendered":"<p>Poro\u015fenko \u201cbird\u0259n Erm\u0259nistan Kiyevd\u0259n inciy\u0259r\u201d kimi balansl\u0131 m\u00f6vqe tutmur<\/p>\n","protected":false},"author":11,"featured_media":77740,"comment_status":"closed","ping_status":"open","sticky":false,"template":"","format":"standard","meta":{"_acf_changed":false,"_sitemap_exclude":false,"_sitemap_priority":"","_sitemap_frequency":"","footnotes":""},"categories":[51],"tags":[],"class_list":["post-182004","post","type-post","status-publish","format-standard","has-post-thumbnail","hentry","category-analitika","infinite-scroll-item","generate-columns","tablet-grid-50","mobile-grid-100","grid-parent","grid-33","no-featured-image-padding"],"acf":[],"yoast_head":"<!-- This site is optimized with the Yoast SEO plugin v27.4 - https:\/\/yoast.com\/product\/yoast-seo-wordpress\/ -->\n<title>Ukraynan\u0131n Az\u0259rbaycana d\u0259st\u0259yi Rusiyaya v\u0259 Erm\u0259nistana mesajd\u0131r - MEYDAN.TV<\/title>\n<meta name=\"robots\" content=\"index, follow, max-snippet:-1, max-image-preview:large, max-video-preview:-1\" \/>\n<link rel=\"canonical\" href=\"https:\/\/www.meydan.tv\/az\/article\/ukraynanin-azerbaycana-desteyi-rusiyaya-ve-ermenistana-mesajdir\/\" \/>\n<meta property=\"og:locale\" content=\"az_AZ\" \/>\n<meta property=\"og:type\" content=\"article\" \/>\n<meta property=\"og:title\" content=\"Ukraynan\u0131n Az\u0259rbaycana d\u0259st\u0259yi Rusiyaya v\u0259 Erm\u0259nistana mesajd\u0131r - MEYDAN.TV\" \/>\n<meta property=\"og:description\" content=\"Poro\u015fenko \u201cbird\u0259n Erm\u0259nistan Kiyevd\u0259n inciy\u0259r\u201d kimi balansl\u0131 m\u00f6vqe tutmur\" \/>\n<meta property=\"og:url\" content=\"https:\/\/www.meydan.tv\/az\/article\/ukraynanin-azerbaycana-desteyi-rusiyaya-ve-ermenistana-mesajdir\/\" \/>\n<meta property=\"og:site_name\" content=\"MEYDAN.TV\" \/>\n<meta property=\"article:published_time\" content=\"2017-01-19T14:56:02+00:00\" \/>\n<meta property=\"og:image\" content=\"https:\/\/www.meydan.tv\/wp-content\/uploads\/30192.jpg\" \/>\n\t<meta property=\"og:image:width\" content=\"420\" \/>\n\t<meta property=\"og:image:height\" content=\"360\" \/>\n\t<meta property=\"og:image:type\" content=\"image\/jpeg\" \/>\n<meta name=\"author\" content=\"user-manager\" \/>\n<meta name=\"twitter:card\" content=\"summary_large_image\" \/>\n<script type=\"application\/ld+json\" class=\"yoast-schema-graph\">{\"@context\":\"https:\\\/\\\/schema.org\",\"@graph\":[{\"@type\":\"Article\",\"@id\":\"https:\\\/\\\/www.meydan.tv\\\/az\\\/article\\\/ukraynanin-azerbaycana-desteyi-rusiyaya-ve-ermenistana-mesajdir\\\/#article\",\"isPartOf\":{\"@id\":\"https:\\\/\\\/www.meydan.tv\\\/az\\\/article\\\/ukraynanin-azerbaycana-desteyi-rusiyaya-ve-ermenistana-mesajdir\\\/\"},\"author\":{\"name\":\"user-manager\",\"@id\":\"https:\\\/\\\/www.meydan.tv\\\/az\\\/#\\\/schema\\\/person\\\/10d11eccf6da3662cf5fdab9806ea91a\"},\"headline\":\"Ukraynan\u0131n Az\u0259rbaycana d\u0259st\u0259yi Rusiyaya v\u0259 Erm\u0259nistana mesajd\u0131r\",\"datePublished\":\"2017-01-19T14:56:02+00:00\",\"mainEntityOfPage\":{\"@id\":\"https:\\\/\\\/www.meydan.tv\\\/az\\\/article\\\/ukraynanin-azerbaycana-desteyi-rusiyaya-ve-ermenistana-mesajdir\\\/\"},\"wordCount\":1037,\"publisher\":{\"@id\":\"https:\\\/\\\/www.meydan.tv\\\/az\\\/#organization\"},\"image\":{\"@id\":\"https:\\\/\\\/www.meydan.tv\\\/az\\\/article\\\/ukraynanin-azerbaycana-desteyi-rusiyaya-ve-ermenistana-mesajdir\\\/#primaryimage\"},\"thumbnailUrl\":\"https:\\\/\\\/www.meydan.tv\\\/wp-content\\\/uploads\\\/30192.jpg\",\"articleSection\":[\"Analitika\"],\"inLanguage\":\"az\"},{\"@type\":\"WebPage\",\"@id\":\"https:\\\/\\\/www.meydan.tv\\\/az\\\/article\\\/ukraynanin-azerbaycana-desteyi-rusiyaya-ve-ermenistana-mesajdir\\\/\",\"url\":\"https:\\\/\\\/www.meydan.tv\\\/az\\\/article\\\/ukraynanin-azerbaycana-desteyi-rusiyaya-ve-ermenistana-mesajdir\\\/\",\"name\":\"Ukraynan\u0131n Az\u0259rbaycana d\u0259st\u0259yi Rusiyaya v\u0259 Erm\u0259nistana mesajd\u0131r - MEYDAN.TV\",\"isPartOf\":{\"@id\":\"https:\\\/\\\/www.meydan.tv\\\/az\\\/#website\"},\"primaryImageOfPage\":{\"@id\":\"https:\\\/\\\/www.meydan.tv\\\/az\\\/article\\\/ukraynanin-azerbaycana-desteyi-rusiyaya-ve-ermenistana-mesajdir\\\/#primaryimage\"},\"image\":{\"@id\":\"https:\\\/\\\/www.meydan.tv\\\/az\\\/article\\\/ukraynanin-azerbaycana-desteyi-rusiyaya-ve-ermenistana-mesajdir\\\/#primaryimage\"},\"thumbnailUrl\":\"https:\\\/\\\/www.meydan.tv\\\/wp-content\\\/uploads\\\/30192.jpg\",\"datePublished\":\"2017-01-19T14:56:02+00:00\",\"breadcrumb\":{\"@id\":\"https:\\\/\\\/www.meydan.tv\\\/az\\\/article\\\/ukraynanin-azerbaycana-desteyi-rusiyaya-ve-ermenistana-mesajdir\\\/#breadcrumb\"},\"inLanguage\":\"az\",\"potentialAction\":[{\"@type\":\"ReadAction\",\"target\":[\"https:\\\/\\\/www.meydan.tv\\\/az\\\/article\\\/ukraynanin-azerbaycana-desteyi-rusiyaya-ve-ermenistana-mesajdir\\\/\"]}]},{\"@type\":\"ImageObject\",\"inLanguage\":\"az\",\"@id\":\"https:\\\/\\\/www.meydan.tv\\\/az\\\/article\\\/ukraynanin-azerbaycana-desteyi-rusiyaya-ve-ermenistana-mesajdir\\\/#primaryimage\",\"url\":\"https:\\\/\\\/www.meydan.tv\\\/wp-content\\\/uploads\\\/30192.jpg\",\"contentUrl\":\"https:\\\/\\\/www.meydan.tv\\\/wp-content\\\/uploads\\\/30192.jpg\",\"width\":420,\"height\":360,\"caption\":\"Source:\"},{\"@type\":\"BreadcrumbList\",\"@id\":\"https:\\\/\\\/www.meydan.tv\\\/az\\\/article\\\/ukraynanin-azerbaycana-desteyi-rusiyaya-ve-ermenistana-mesajdir\\\/#breadcrumb\",\"itemListElement\":[{\"@type\":\"ListItem\",\"position\":1,\"name\":\"Ana s\u0259hif\u0259\",\"item\":\"https:\\\/\\\/www.meydan.tv\\\/az\\\/\"},{\"@type\":\"ListItem\",\"position\":2,\"name\":\"Analitika\",\"item\":\"https:\\\/\\\/www.meydan.tv\\\/az\\\/section\\\/analitika\\\/\"},{\"@type\":\"ListItem\",\"position\":3,\"name\":\"Ukraynan\u0131n Az\u0259rbaycana d\u0259st\u0259yi Rusiyaya v\u0259 Erm\u0259nistana mesajd\u0131r\"}]},{\"@type\":\"WebSite\",\"@id\":\"https:\\\/\\\/www.meydan.tv\\\/az\\\/#website\",\"url\":\"https:\\\/\\\/www.meydan.tv\\\/az\\\/\",\"name\":\"MEYDAN.TV\",\"description\":\"Meydan TV Az\u0259rbaycan\u0131n media m\u0259kan\u0131ndak\u0131 alternativ s\u0259sidir\",\"publisher\":{\"@id\":\"https:\\\/\\\/www.meydan.tv\\\/az\\\/#organization\"},\"potentialAction\":[{\"@type\":\"SearchAction\",\"target\":{\"@type\":\"EntryPoint\",\"urlTemplate\":\"https:\\\/\\\/www.meydan.tv\\\/az\\\/?s={search_term_string}\"},\"query-input\":{\"@type\":\"PropertyValueSpecification\",\"valueRequired\":true,\"valueName\":\"search_term_string\"}}],\"inLanguage\":\"az\"},{\"@type\":\"Organization\",\"@id\":\"https:\\\/\\\/www.meydan.tv\\\/az\\\/#organization\",\"name\":\"Meydan TV\",\"url\":\"https:\\\/\\\/www.meydan.tv\\\/az\\\/\",\"logo\":{\"@type\":\"ImageObject\",\"inLanguage\":\"az\",\"@id\":\"https:\\\/\\\/www.meydan.tv\\\/az\\\/#\\\/schema\\\/logo\\\/image\\\/\",\"url\":\"https:\\\/\\\/www.meydan.tv\\\/wp-content\\\/uploads\\\/2021\\\/07\\\/meydan-logo.svg\",\"contentUrl\":\"https:\\\/\\\/www.meydan.tv\\\/wp-content\\\/uploads\\\/2021\\\/07\\\/meydan-logo.svg\",\"width\":195,\"height\":46,\"caption\":\"Meydan TV\"},\"image\":{\"@id\":\"https:\\\/\\\/www.meydan.tv\\\/az\\\/#\\\/schema\\\/logo\\\/image\\\/\"}},{\"@type\":\"Person\",\"@id\":\"https:\\\/\\\/www.meydan.tv\\\/az\\\/#\\\/schema\\\/person\\\/10d11eccf6da3662cf5fdab9806ea91a\",\"name\":\"user-manager\"}]}<\/script>\n<!-- \/ Yoast SEO plugin. -->","yoast_head_json":{"title":"Ukraynan\u0131n Az\u0259rbaycana d\u0259st\u0259yi Rusiyaya v\u0259 Erm\u0259nistana mesajd\u0131r - MEYDAN.TV","robots":{"index":"index","follow":"follow","max-snippet":"max-snippet:-1","max-image-preview":"max-image-preview:large","max-video-preview":"max-video-preview:-1"},"canonical":"https:\/\/www.meydan.tv\/az\/article\/ukraynanin-azerbaycana-desteyi-rusiyaya-ve-ermenistana-mesajdir\/","og_locale":"az_AZ","og_type":"article","og_title":"Ukraynan\u0131n Az\u0259rbaycana d\u0259st\u0259yi Rusiyaya v\u0259 Erm\u0259nistana mesajd\u0131r - MEYDAN.TV","og_description":"Poro\u015fenko \u201cbird\u0259n Erm\u0259nistan Kiyevd\u0259n inciy\u0259r\u201d kimi balansl\u0131 m\u00f6vqe tutmur","og_url":"https:\/\/www.meydan.tv\/az\/article\/ukraynanin-azerbaycana-desteyi-rusiyaya-ve-ermenistana-mesajdir\/","og_site_name":"MEYDAN.TV","article_published_time":"2017-01-19T14:56:02+00:00","og_image":[{"width":420,"height":360,"url":"https:\/\/www.meydan.tv\/wp-content\/uploads\/30192.jpg","type":"image\/jpeg"}],"author":"user-manager","twitter_card":"summary_large_image","schema":{"@context":"https:\/\/schema.org","@graph":[{"@type":"Article","@id":"https:\/\/www.meydan.tv\/az\/article\/ukraynanin-azerbaycana-desteyi-rusiyaya-ve-ermenistana-mesajdir\/#article","isPartOf":{"@id":"https:\/\/www.meydan.tv\/az\/article\/ukraynanin-azerbaycana-desteyi-rusiyaya-ve-ermenistana-mesajdir\/"},"author":{"name":"user-manager","@id":"https:\/\/www.meydan.tv\/az\/#\/schema\/person\/10d11eccf6da3662cf5fdab9806ea91a"},"headline":"Ukraynan\u0131n Az\u0259rbaycana d\u0259st\u0259yi Rusiyaya v\u0259 Erm\u0259nistana mesajd\u0131r","datePublished":"2017-01-19T14:56:02+00:00","mainEntityOfPage":{"@id":"https:\/\/www.meydan.tv\/az\/article\/ukraynanin-azerbaycana-desteyi-rusiyaya-ve-ermenistana-mesajdir\/"},"wordCount":1037,"publisher":{"@id":"https:\/\/www.meydan.tv\/az\/#organization"},"image":{"@id":"https:\/\/www.meydan.tv\/az\/article\/ukraynanin-azerbaycana-desteyi-rusiyaya-ve-ermenistana-mesajdir\/#primaryimage"},"thumbnailUrl":"https:\/\/www.meydan.tv\/wp-content\/uploads\/30192.jpg","articleSection":["Analitika"],"inLanguage":"az"},{"@type":"WebPage","@id":"https:\/\/www.meydan.tv\/az\/article\/ukraynanin-azerbaycana-desteyi-rusiyaya-ve-ermenistana-mesajdir\/","url":"https:\/\/www.meydan.tv\/az\/article\/ukraynanin-azerbaycana-desteyi-rusiyaya-ve-ermenistana-mesajdir\/","name":"Ukraynan\u0131n Az\u0259rbaycana d\u0259st\u0259yi Rusiyaya v\u0259 Erm\u0259nistana mesajd\u0131r - MEYDAN.TV","isPartOf":{"@id":"https:\/\/www.meydan.tv\/az\/#website"},"primaryImageOfPage":{"@id":"https:\/\/www.meydan.tv\/az\/article\/ukraynanin-azerbaycana-desteyi-rusiyaya-ve-ermenistana-mesajdir\/#primaryimage"},"image":{"@id":"https:\/\/www.meydan.tv\/az\/article\/ukraynanin-azerbaycana-desteyi-rusiyaya-ve-ermenistana-mesajdir\/#primaryimage"},"thumbnailUrl":"https:\/\/www.meydan.tv\/wp-content\/uploads\/30192.jpg","datePublished":"2017-01-19T14:56:02+00:00","breadcrumb":{"@id":"https:\/\/www.meydan.tv\/az\/article\/ukraynanin-azerbaycana-desteyi-rusiyaya-ve-ermenistana-mesajdir\/#breadcrumb"},"inLanguage":"az","potentialAction":[{"@type":"ReadAction","target":["https:\/\/www.meydan.tv\/az\/article\/ukraynanin-azerbaycana-desteyi-rusiyaya-ve-ermenistana-mesajdir\/"]}]},{"@type":"ImageObject","inLanguage":"az","@id":"https:\/\/www.meydan.tv\/az\/article\/ukraynanin-azerbaycana-desteyi-rusiyaya-ve-ermenistana-mesajdir\/#primaryimage","url":"https:\/\/www.meydan.tv\/wp-content\/uploads\/30192.jpg","contentUrl":"https:\/\/www.meydan.tv\/wp-content\/uploads\/30192.jpg","width":420,"height":360,"caption":"Source:"},{"@type":"BreadcrumbList","@id":"https:\/\/www.meydan.tv\/az\/article\/ukraynanin-azerbaycana-desteyi-rusiyaya-ve-ermenistana-mesajdir\/#breadcrumb","itemListElement":[{"@type":"ListItem","position":1,"name":"Ana s\u0259hif\u0259","item":"https:\/\/www.meydan.tv\/az\/"},{"@type":"ListItem","position":2,"name":"Analitika","item":"https:\/\/www.meydan.tv\/az\/section\/analitika\/"},{"@type":"ListItem","position":3,"name":"Ukraynan\u0131n Az\u0259rbaycana d\u0259st\u0259yi Rusiyaya v\u0259 Erm\u0259nistana mesajd\u0131r"}]},{"@type":"WebSite","@id":"https:\/\/www.meydan.tv\/az\/#website","url":"https:\/\/www.meydan.tv\/az\/","name":"MEYDAN.TV","description":"Meydan TV Az\u0259rbaycan\u0131n media m\u0259kan\u0131ndak\u0131 alternativ s\u0259sidir","publisher":{"@id":"https:\/\/www.meydan.tv\/az\/#organization"},"potentialAction":[{"@type":"SearchAction","target":{"@type":"EntryPoint","urlTemplate":"https:\/\/www.meydan.tv\/az\/?s={search_term_string}"},"query-input":{"@type":"PropertyValueSpecification","valueRequired":true,"valueName":"search_term_string"}}],"inLanguage":"az"},{"@type":"Organization","@id":"https:\/\/www.meydan.tv\/az\/#organization","name":"Meydan TV","url":"https:\/\/www.meydan.tv\/az\/","logo":{"@type":"ImageObject","inLanguage":"az","@id":"https:\/\/www.meydan.tv\/az\/#\/schema\/logo\/image\/","url":"https:\/\/www.meydan.tv\/wp-content\/uploads\/2021\/07\/meydan-logo.svg","contentUrl":"https:\/\/www.meydan.tv\/wp-content\/uploads\/2021\/07\/meydan-logo.svg","width":195,"height":46,"caption":"Meydan TV"},"image":{"@id":"https:\/\/www.meydan.tv\/az\/#\/schema\/logo\/image\/"}},{"@type":"Person","@id":"https:\/\/www.meydan.tv\/az\/#\/schema\/person\/10d11eccf6da3662cf5fdab9806ea91a","name":"user-manager"}]}},"_links":{"self":[{"href":"https:\/\/www.meydan.tv\/az\/wp-json\/wp\/v2\/posts\/182004","targetHints":{"allow":["GET"]}}],"collection":[{"href":"https:\/\/www.meydan.tv\/az\/wp-json\/wp\/v2\/posts"}],"about":[{"href":"https:\/\/www.meydan.tv\/az\/wp-json\/wp\/v2\/types\/post"}],"author":[{"embeddable":true,"href":"https:\/\/www.meydan.tv\/az\/wp-json\/wp\/v2\/users\/11"}],"replies":[{"embeddable":true,"href":"https:\/\/www.meydan.tv\/az\/wp-json\/wp\/v2\/comments?post=182004"}],"version-history":[{"count":0,"href":"https:\/\/www.meydan.tv\/az\/wp-json\/wp\/v2\/posts\/182004\/revisions"}],"wp:featuredmedia":[{"embeddable":true,"href":"https:\/\/www.meydan.tv\/az\/wp-json\/wp\/v2\/media\/77740"}],"wp:attachment":[{"href":"https:\/\/www.meydan.tv\/az\/wp-json\/wp\/v2\/media?parent=182004"}],"wp:term":[{"taxonomy":"category","embeddable":true,"href":"https:\/\/www.meydan.tv\/az\/wp-json\/wp\/v2\/categories?post=182004"},{"taxonomy":"post_tag","embeddable":true,"href":"https:\/\/www.meydan.tv\/az\/wp-json\/wp\/v2\/tags?post=182004"}],"curies":[{"name":"wp","href":"https:\/\/api.w.org\/{rel}","templated":true}]}}