{"id":181974,"date":"2017-01-18T15:38:49","date_gmt":"2017-01-18T15:38:49","guid":{"rendered":"https:\/\/www.meydan.tv\/article\/lavrov-ermenistani-niye-cosdura-bilmedi\/"},"modified":"2017-01-18T15:38:49","modified_gmt":"2017-01-18T15:38:49","slug":"lavrov-ermenistani-niye-cosdura-bilmedi","status":"publish","type":"post","link":"https:\/\/www.meydan.tv\/az\/article\/lavrov-ermenistani-niye-cosdura-bilmedi\/","title":{"rendered":"Lavrov Erm\u0259nistan\u0131 niy\u0259 co\u015fdura bilm\u0259di?"},"content":{"rendered":"<figure class=\"wp-block-image size-large\">\n  <img decoding=\"async\" src=\"https:\/\/www.meydan.tv\/az\/foto-sosial-sebeke-209\/\" alt=\"foto sosial \u015f\u0259b\u0259k\u0259\" class=\"wp-image-77692\"\/><figcaption>\n    foto sosial \u015f\u0259b\u0259k\u0259<br \/>\n  <\/figcaption><\/figure>\n<p>\n  <i><br \/>\n    &#8221;Aprel d\u00f6y\u00fc\u015fl\u0259ri erm\u0259ni c\u0259miyy\u0259tini silk\u0259l\u0259di&#8221;<br \/>\n  <\/i>\n<\/p>\n<p>\n  Rusiyan\u0131n xarici i\u015fl\u0259r naziri Sergey Lavrovun yanvar\u0131n 18-d\u0259 Moskvada ke\u00e7irdiyi m\u0259tbuat konfrans\u0131nda Qaraba\u011fla ba\u011fl\u0131 dedikl\u0259ri Erm\u0259nistan\u0131n xeyrin\u0259 idi. Buna g\u00f6r\u0259 d\u0259 erm\u0259ni saytlar\u0131 Lavrovun Qaraba\u011fla ba\u011fl\u0131 a\u00e7\u0131qlamalar\u0131na gen-bol yer verdi.\n<\/p>\n<p>\n  Buna baxmayaraq, bu tip a\u00e7\u0131qlamalar ke\u00e7mi\u015f ill\u0259rd\u0259 oldu\u011fu kimi Erm\u0259nistan c\u0259miyy\u0259tind\u0259 y\u00fcks\u0259k ajiotaja, ruh y\u00fcks\u0259kliyin\u0259 s\u0259b\u0259b olmad\u0131. \u00c7\u00fcnki Erm\u0259nistan c\u0259miyy\u0259ti Rusiyan\u0131n vassal\u0131 olmas\u0131ndan xeyir g\u00f6t\u00fcrm\u00fcr, iqtisadiyyat\u0131 v\u0259 sosial durumu inki\u015faf etmir, \u0259ksin\u0259, \u00f6lk\u0259 geriy\u0259 gedir. Erm\u0259ni c\u0259miyy\u0259tinin Lavrovun a\u00e7\u0131qlamalar\u0131ndan sevin\u0259c\u0259k hal\u0131 qalmay\u0131b.\n<\/p>\n<p>\n  Erm\u0259nistan hakimiyy\u0259ti v\u0259ziyy\u0259td\u0259n \u00e7\u0131x\u0131\u015f yollar\u0131 axtar\u0131r. Serj Sarkisyan \u0259vv\u0259lc\u0259 Konstitusiya d\u0259yi\u015fikliyin\u0259 ehtiyac duydu. 2015-ci ilin referendumunun n\u0259tic\u0259sin\u0259 g\u00f6r\u0259 Erm\u0259nistan parlament respublikas\u0131na \u00e7evrildi. Erm\u0259nistanda bu ilin aprelind\u0259 ke\u00e7iril\u0259c\u0259k parlament se\u00e7kil\u0259ri Konstitusiya d\u0259yi\u015fiklikl\u0259rinin realla\u015fmas\u0131na yol a\u00e7acaq, s\u0259lahiyy\u0259t prezidentd\u0259n parlament v\u0259 h\u00f6kum\u0259t\u0259 ke\u00e7\u0259c\u0259k. Bu d\u0259yi\u015fklikl\u0259rin real olaraq Erm\u0259nistanda n\u0259yi d\u0259yi\u015f\u0259c\u0259yi bilinmir.\n<\/p>\n<p>\n  2016-c\u0131 ilin 4 g\u00fcnl\u00fck aprel d\u00f6y\u00fc\u015fl\u0259ri erm\u0259ni c\u0259miyy\u0259tini silk\u0259l\u0259di. Buna q\u0259d\u0259r Erm\u0259nistan c\u0259miyy\u0259ti hakimiyy\u0259ti, siyasi partiyalar\u0131 v\u0259 ayr\u0131-ayr\u0131 \u015f\u0259xsl\u0259ri korrupsiyada ittiham edirdi. Ordu t\u0259nqidd\u0259n k\u0259narda idi. Aprel d\u00f6y\u00fc\u015fl\u0259rind\u0259n sonra orduda korrupsiya m\u00f6vzusu da geni\u015fl\u0259ndi, buna q\u0259d\u0259r toxunulmaz olan generallar\u0131n Yerevanda bahal\u0131 villalara malik oldu\u011fu \u00fcz\u0259 \u00e7\u0131xd\u0131. Halbuki, c\u0259bh\u0259 b\u00f6lg\u0259sind\u0259ki h\u0259rb\u00e7il\u0259rin \u0259rzaq v\u0259 geyim t\u0259hcizat\u0131nda ciddi probleml\u0259r var idi. Aprel d\u00f6y\u00fc\u015fl\u0259ri olmasayd\u0131, erm\u0259ni c\u0259miyy\u0259ti bu probleml\u0259rd\u0259n x\u0259b\u0259rdar olmayacaqd\u0131. C\u0259miyy\u0259t ordudak\u0131 itkil\u0259rl\u0259 ba\u011fl\u0131 ordu komandanl\u0131\u011f\u0131n\u0131 g\u00fcnahland\u0131rd\u0131.\n<\/p>\n<p>\n  Bel\u0259likl\u0259, ordu da dig\u0259r siyasi institutlar kimi n\u00fcfuzdan d\u00fc\u015fm\u0259y\u0259 ba\u015flad\u0131. \u0130yulun 17-d\u0259 birinci Qaraba\u011f sava\u015f\u0131n\u0131n \u201cveteranlar\u0131\u201d Yerevanda polis m\u0259nt\u0259q\u0259sin\u0259 silahl\u0131 h\u00fccum ed\u0259r\u0259k qiyama ba\u015flamaq ist\u0259dil\u0259r. Qiyam al\u0131nmad\u0131, d\u0259st\u0259k g\u0259lm\u0259di v\u0259 bir m\u00fcdd\u0259t sonra silahl\u0131 \u015f\u0259xsl\u0259r t\u0259slim oldu. Bu hadis\u0259nin \u00f6z\u00fc erm\u0259ni c\u0259miyy\u0259tind\u0259 g\u0259l\u0259c\u0259kd\u0259 silahl\u0131 qar\u015f\u0131durma perspektivinin real oldu\u011funu g\u00f6st\u0259rdi.\n<\/p>\n<p>\n  V\u0259ziyy\u0259tin getdikc\u0259 g\u0259rginl\u0259\u015fdiyini anlayan Serj Sarkisyan c\u0259miyy\u0259ti sakitl\u0259\u015fdirm\u0259k \u00fc\u00e7\u00fcn iki add\u0131m atd\u0131.\n<\/p>\n<p>\n  <b><br \/>\n    <i><br \/>\n      Birincisi,<br \/>\n    <\/i><br \/>\n  <\/b><br \/>\n  Sarkisyan ordudak\u0131 v\u0259ziyy\u0259t\u0259 g\u00f6r\u0259 m\u0259suliyy\u0259ti m\u00fcdafi\u0259 naziri Seyran Ohanyan\u0131n \u00fcz\u0259rin\u0259 y\u00fckl\u0259di v\u0259 onu v\u0259zif\u0259sind\u0259n azad etdi. Sarkisyan orduda korrupsiyaya son qoymaq \u00fc\u00e7\u00fcn Erm\u0259nistan tarixind\u0259 ilk d\u0259f\u0259 m\u00fcdafi\u0259 naziri postuna m\u00fclki \u015f\u0259xsi t\u0259yin etdi. Yeni m\u00fcdafi\u0259 naziri Viqen Sarkisyan 5 il Prezident Administrasiyas\u0131na r\u0259hb\u0259rlik etmi\u015fdi. Prezident M\u00fcdafi\u0259 Nazirliyini \u0259n yax\u0131n adam\u0131na etibar etm\u0259kl\u0259 orduda ishalatlar\u0131n g\u00fccl\u0259n\u0259c\u0259yini d\u00fc\u015f\u00fcn\u00fcrd\u00fc. Ancaq islahat \u00fc\u00e7\u00fcn maliyy\u0259 laz\u0131md\u0131r. Maliyy\u0259 is\u0259 Erm\u0259nistanda yoxdur. Bel\u0259 olan halda yeni nazir \u00e7a\u011f\u0131r\u0131\u015f ed\u0259r\u0259k h\u0259r bir v\u0259t\u0259nda\u015f\u0131n orduya min dram k\u00f6\u00e7\u00fcrm\u0259sini ist\u0259di. Bu faktiki dil\u0259nm\u0259k idi. Erm\u0259nistan v\u0259t\u0259nda\u015flar\u0131 a\u011f\u0131r iqtisadi v\u0259 sosial v\u0259ziyy\u0259td\u0259 ik\u0259n b\u00fcdc\u0259l\u0259rind\u0259n h\u0259l\u0259 bir orduya da pul ay\u0131rmal\u0131 idil\u0259r. Bu kampaniya erm\u0259ni c\u0259miyy\u0259tind\u0259 d\u0259st\u0259k qazanmad\u0131, \u0259ksin\u0259 yeni nazirin islahat imkanlar\u0131n\u0131n m\u0259hdud oldu\u011funu t\u0259lqin etdi.\n<\/p>\n<p>\n  <b><br \/>\n    <i><br \/>\n      \u0130kincisi,<br \/>\n    <\/i><br \/>\n  <\/b><br \/>\n  Sarkisyan m\u00fcdafi\u0259 nazirind\u0259n sonra ba\u015f naziri d\u0259 d\u0259yi\u015fdi. Ovik Abramyan\u0131n yerin\u0259 buna q\u0259d\u0259r Rusiyan\u0131n \u201cQazprom\u201d \u015firk\u0259tind\u0259 \u00e7al\u0131\u015fan Karen Karapetyan ba\u015f nazir t\u0259yin olundu. Ancaq Karen Karapetyan parlamentd\u0259 ilk \u00e7\u0131x\u0131\u015f\u0131ndaca qeyd etdi ki, \u201cm\u0259n sehrbaz deyil\u0259m v\u0259 q\u0131sa m\u00fcdd\u0259td\u0259 probleml\u0259ri h\u0259ll ed\u0259 bilm\u0259y\u0259c\u0259m\u201d. Karapetyan bununla mesaj verdi ki, haz\u0131rki resurslar Erm\u0259nistan iqtisadiyyat\u0131n\u0131n t\u0259n\u0259zz\u00fcld\u0259n \u00e7\u0131x\u0131\u015f\u0131na v\u0259 inki\u015faf\u0131na, o c\u00fcml\u0259d\u0259n sosial probleml\u0259rin h\u0259llin\u0259 \u015f\u0259rait yaratm\u0131r. Serj Sarkisyan Karen Karapetyan\u0131 lideri oldu\u011fu Respublika Partiyas\u0131na \u00fczv q\u0259bul etdirdi. G\u00f6r\u00fcn\u00fcr Sarkisyan bununla Karapetyan\u0131n g\u0259l\u0259c\u0259k siyasi ambisiyalar\u0131na son qoyma\u011f\u0131 d\u00fc\u015f\u00fcn\u00fcrd\u00fc. \u00c7\u00fcnki parlament se\u00e7kil\u0259rind\u0259n sonra \u0259sas s\u0259lahiyy\u0259t sahibi ba\u015f nazir olacaq. Serj Sarkisyan is\u0259 bu v\u0259zif\u0259d\u0259 \u00f6z\u00fcn\u00fc g\u00f6r\u00fcr. Partiyan\u0131n s\u0131ravi \u00fczv\u00fc Karapetyan ona tabe olmal\u0131d\u0131r. Ancaq Karen Karapetyan \u00f6z oyununa da ba\u015flaya bil\u0259r. M\u0259s\u0259l\u0259n, o aprel se\u00e7kil\u0259rin\u0259 yax\u0131n hakim partiyadan ayr\u0131l\u0131b ba\u015fqa partiya yaradaraq se\u00e7kiy\u0259 qat\u0131la bil\u0259r. Bu t\u0259cr\u00fcb\u0259d\u0259n art\u0131q istefaya g\u00f6nd\u0259ril\u0259n ke\u00e7mi\u015f m\u00fcdafi\u0259 naziri Seyran Ohanyan yararlan\u0131b. O, yeni partiya yarad\u0131b. Serj Sarkisyan el\u0259 indinin \u00f6z\u00fcnd\u0259 d\u0259 Karen Karapetyana probleml\u0259r yarad\u0131r. M\u0259s\u0259l\u0259n, Sarkisyan \u00f6z yax\u0131n \u0259traf\u0131na deyib ki, Karapetyandan g\u00f6zl\u0259diyi islahatlar\u0131 m\u00fc\u015fahid\u0259 etmir. B\u0259lk\u0259 d\u0259 Sarkisyan q\u0259sd\u0259n bu \u015fayi\u0259l\u0259rin yay\u0131lmas\u0131nda maraql\u0131d\u0131r ki, c\u0259miy\u0259td\u0259 Karapetyan\u0131n reytinqinin artmas\u0131na imkan verm\u0259sin. Erm\u0259nistan c\u0259miyy\u0259tinin d\u0259 yeni ba\u015f nazir\u0259 \u00fcmidl\u0259ri azal\u0131b.\n<\/p>\n<p>\n  Erm\u0259nistanda aprel se\u00e7kil\u0259ri g\u0259rgin ke\u00e7\u0259c\u0259k. M\u00fcxalif\u0259tin m\u00fcxt\u0259lif qollar\u0131 getdikc\u0259 f\u0259alla\u015f\u0131r. Sarkisyan \u00f6z\u00fcn\u0259 m\u00fctt\u0259fiq axtard\u0131\u011f\u0131 kimi m\u00fcxalif\u0259t partiyalar\u0131 v\u0259 liderl\u0259ri d\u0259 vahid blok formala\u015fd\u0131rma\u011fa \u00e7al\u0131\u015f\u0131rlar. \u00dcst\u0259g\u0259l, g\u00fccl\u00fc erm\u0259ni diasporu 1990-c\u0131 ill\u0259rd\u0259kind\u0259n f\u0259rqli olaraq monolit deyil. Erm\u0259ni diasporu iki yer\u0259 b\u00f6l\u00fcn\u00fcb. Bir hiss\u0259si Erm\u0259nistan hakimiyy\u0259ti il\u0259 \u0259m\u0259kda\u015fl\u0131q edir, dig\u0259r hiss\u0259si Serj Sarkisyana qar\u015f\u0131 qat\u0131 m\u00fcxalif\u0259t\u0259 ke\u00e7ib. Q\u0259rbd\u0259ki erm\u0259ni diasporunun bir hiss\u0259si Serj Sarkisyan\u0131n Erm\u0259nistan\u0131 Rusiyan\u0131n as\u0131l\u0131l\u0131\u011f\u0131na salmas\u0131ndan da naraz\u0131d\u0131r.<br \/>\n  <br \/>\n  Bel\u0259 \u015f\u0259raitd\u0259 Serj Sarkisyana parlament se\u00e7kisind\u0259 say \u00fcst\u00fcnl\u00fcy\u00fc il\u0259 q\u0259l\u0259b\u0259 \u00e7almaq \u00e7\u0259tin olacaq. Aprel se\u00e7kisin\u0259 q\u0259d\u0259r c\u0259bh\u0259 b\u00f6lg\u0259sind\u0259 ciddi toqqu\u015fma ba\u015f ver\u0259rs\u0259, bu Erm\u0259nistan ordusunda n\u00f6vb\u0259ti d\u0259f\u0259 itkil\u0259rin artmas\u0131na yol a\u00e7acaq ki, bu amil d\u0259 Serj Sarkisyan\u0131n n\u00fcfuzuna z\u0259rb\u0259 vuracaq. M\u0259s\u0259l\u0259n, erm\u0259ni saytlar\u0131ndan biri Erm\u0259nistan\u0131n c\u0259bh\u0259 b\u00f6lg\u0259sind\u0259ki itkil\u0259ri il\u0259 ba\u011fl\u0131 maraql\u0131 statistika a\u00e7\u0131qlay\u0131b. 2016-c\u0131 ild\u0259 Erm\u0259nistan\u0131n Da\u011fl\u0131q Qaraba\u011fda v\u0259 Az\u0259rbaycanla s\u0259rh\u0259dd\u0259 itkil\u0259rinin say\u0131 166 n\u0259f\u0259rdir. Bunlardan 147 n\u0259f\u0259ri h\u0259rbi xidm\u0259td\u0259 olanlar, 18 n\u0259f\u0259ri is\u0259 k\u00f6n\u00fcll\u00fcd\u00fcr. 109 n\u0259f\u0259r d\u00f6y\u00fc\u015fd\u0259, 57 h\u0259rb\u00e7i is\u0259 qeyri d\u00f6y\u00fc\u015f \u015f\u0259raitind\u0259 \u00f6ld\u00fcr\u00fcl\u00fcb. Bu statistikan\u0131 yayan erm\u0259ni sayt\u0131 iki maraql\u0131 m\u00fcqayis\u0259 d\u0259 apar\u0131b. Birincisi, 2015-ci ild\u0259 Erm\u0259nistan\u0131n itkil\u0259ri 76 n\u0259f\u0259r idi, y\u0259ni \u00f6zl\u0259rinin yazd\u0131\u011f\u0131na g\u00f6r\u0259 itkil\u0259ri iki d\u0259f\u0259 art\u0131b. \u0130kincisi, sayt\u0131n yazd\u0131\u011f\u0131na g\u00f6r\u0259 1994-c\u00fc ild\u0259n bu yana ilk d\u0259f\u0259dir Erm\u0259nistan c\u0259bh\u0259 b\u00f6lg\u0259sind\u0259 k\u00f6n\u00fcll\u00fcl\u0259rini itirir.\n<\/p>\n<p>\n  \u018fslind\u0259 Erm\u0259nistan\u0131n 2016-c\u0131 ild\u0259ki itkil\u0259ri bundan d\u0259f\u0259l\u0259rl\u0259 \u00e7oxdur, r\u0259smi Yerevan aprel d\u00f6y\u00fc\u015fl\u0259rind\u0259ki itkil\u0259rin say\u0131n\u0131 a\u00e7\u0131qlam\u0131r. H\u0259tta erm\u0259ni sayt\u0131n\u0131n yazd\u0131\u011f\u0131n\u0131n do\u011fru oldu\u011funu q\u0259bul ets\u0259k bel\u0259 iqtisadiyyat\u0131 v\u0259 \u0259halisi ilb\u0259il ki\u00e7il\u0259n Erm\u0259nistan \u00fc\u00e7\u00fcn 166 g\u0259ncini itirm\u0259k faci\u0259dir. \u00c7\u00fcnki \u0259hali artm\u0131r, olan-qalan g\u0259ncl\u0259r is\u0259 ya d\u00f6y\u00fc\u015fl\u0259rd\u0259 \u00f6l\u00fcr, ya da \u00f6lk\u0259ni t\u0259rk etm\u0259k bar\u0259d\u0259 d\u00fc\u015f\u00fcn\u00fcrl\u0259r. Bu prosesi aprel d\u00f6y\u00fc\u015fl\u0259ri daha da s\u00fcr\u0259tl\u0259ndirdi. D\u00f6y\u00fc\u015fl\u0259r is\u0259 h\u0259l\u0259 bitm\u0259yib.\n<\/p>\n<p>\n  <b><br \/>\n    <i><br \/>\n      &#8220;Atlas&#8221; Ara\u015fd\u0131rmalar M\u0259rk\u0259zi<br \/>\n    <\/i><br \/>\n  <\/b><\/p>\n","protected":false},"excerpt":{"rendered":"<p>&#8221;Aprel d\u00f6y\u00fc\u015fl\u0259ri erm\u0259ni c\u0259miyy\u0259tini silk\u0259l\u0259di&#8221;<\/p>\n","protected":false},"author":11,"featured_media":77692,"comment_status":"closed","ping_status":"open","sticky":false,"template":"","format":"standard","meta":{"_acf_changed":false,"_sitemap_exclude":false,"_sitemap_priority":"","_sitemap_frequency":"","footnotes":""},"categories":[51],"tags":[],"class_list":["post-181974","post","type-post","status-publish","format-standard","has-post-thumbnail","hentry","category-analitika","infinite-scroll-item","generate-columns","tablet-grid-50","mobile-grid-100","grid-parent","grid-33","no-featured-image-padding"],"acf":[],"yoast_head":"<!-- This site is optimized with the Yoast SEO plugin v27.4 - https:\/\/yoast.com\/product\/yoast-seo-wordpress\/ -->\n<title>Lavrov Erm\u0259nistan\u0131 niy\u0259 co\u015fdura bilm\u0259di? - MEYDAN.TV<\/title>\n<meta name=\"robots\" content=\"index, follow, max-snippet:-1, max-image-preview:large, max-video-preview:-1\" \/>\n<link rel=\"canonical\" href=\"https:\/\/www.meydan.tv\/az\/article\/lavrov-ermenistani-niye-cosdura-bilmedi\/\" \/>\n<meta property=\"og:locale\" content=\"az_AZ\" \/>\n<meta property=\"og:type\" content=\"article\" \/>\n<meta property=\"og:title\" content=\"Lavrov Erm\u0259nistan\u0131 niy\u0259 co\u015fdura bilm\u0259di? - MEYDAN.TV\" \/>\n<meta property=\"og:description\" content=\"&#039;&#039;Aprel d\u00f6y\u00fc\u015fl\u0259ri erm\u0259ni c\u0259miyy\u0259tini silk\u0259l\u0259di&#039;&#039;\" \/>\n<meta property=\"og:url\" content=\"https:\/\/www.meydan.tv\/az\/article\/lavrov-ermenistani-niye-cosdura-bilmedi\/\" \/>\n<meta property=\"og:site_name\" content=\"MEYDAN.TV\" \/>\n<meta property=\"article:published_time\" content=\"2017-01-18T15:38:49+00:00\" \/>\n<meta property=\"og:image\" content=\"https:\/\/www.meydan.tv\/wp-content\/uploads\/30171.jpg\" \/>\n\t<meta property=\"og:image:width\" content=\"768\" \/>\n\t<meta property=\"og:image:height\" content=\"432\" \/>\n\t<meta property=\"og:image:type\" content=\"image\/jpeg\" \/>\n<meta name=\"author\" content=\"user-manager\" \/>\n<meta name=\"twitter:card\" content=\"summary_large_image\" \/>\n<script type=\"application\/ld+json\" class=\"yoast-schema-graph\">{\"@context\":\"https:\\\/\\\/schema.org\",\"@graph\":[{\"@type\":\"Article\",\"@id\":\"https:\\\/\\\/www.meydan.tv\\\/az\\\/article\\\/lavrov-ermenistani-niye-cosdura-bilmedi\\\/#article\",\"isPartOf\":{\"@id\":\"https:\\\/\\\/www.meydan.tv\\\/az\\\/article\\\/lavrov-ermenistani-niye-cosdura-bilmedi\\\/\"},\"author\":{\"name\":\"user-manager\",\"@id\":\"https:\\\/\\\/www.meydan.tv\\\/az\\\/#\\\/schema\\\/person\\\/10d11eccf6da3662cf5fdab9806ea91a\"},\"headline\":\"Lavrov Erm\u0259nistan\u0131 niy\u0259 co\u015fdura bilm\u0259di?\",\"datePublished\":\"2017-01-18T15:38:49+00:00\",\"mainEntityOfPage\":{\"@id\":\"https:\\\/\\\/www.meydan.tv\\\/az\\\/article\\\/lavrov-ermenistani-niye-cosdura-bilmedi\\\/\"},\"wordCount\":1443,\"publisher\":{\"@id\":\"https:\\\/\\\/www.meydan.tv\\\/az\\\/#organization\"},\"image\":{\"@id\":\"https:\\\/\\\/www.meydan.tv\\\/az\\\/article\\\/lavrov-ermenistani-niye-cosdura-bilmedi\\\/#primaryimage\"},\"thumbnailUrl\":\"https:\\\/\\\/www.meydan.tv\\\/wp-content\\\/uploads\\\/30171.jpg\",\"articleSection\":[\"Analitika\"],\"inLanguage\":\"az\"},{\"@type\":\"WebPage\",\"@id\":\"https:\\\/\\\/www.meydan.tv\\\/az\\\/article\\\/lavrov-ermenistani-niye-cosdura-bilmedi\\\/\",\"url\":\"https:\\\/\\\/www.meydan.tv\\\/az\\\/article\\\/lavrov-ermenistani-niye-cosdura-bilmedi\\\/\",\"name\":\"Lavrov Erm\u0259nistan\u0131 niy\u0259 co\u015fdura bilm\u0259di? - MEYDAN.TV\",\"isPartOf\":{\"@id\":\"https:\\\/\\\/www.meydan.tv\\\/az\\\/#website\"},\"primaryImageOfPage\":{\"@id\":\"https:\\\/\\\/www.meydan.tv\\\/az\\\/article\\\/lavrov-ermenistani-niye-cosdura-bilmedi\\\/#primaryimage\"},\"image\":{\"@id\":\"https:\\\/\\\/www.meydan.tv\\\/az\\\/article\\\/lavrov-ermenistani-niye-cosdura-bilmedi\\\/#primaryimage\"},\"thumbnailUrl\":\"https:\\\/\\\/www.meydan.tv\\\/wp-content\\\/uploads\\\/30171.jpg\",\"datePublished\":\"2017-01-18T15:38:49+00:00\",\"breadcrumb\":{\"@id\":\"https:\\\/\\\/www.meydan.tv\\\/az\\\/article\\\/lavrov-ermenistani-niye-cosdura-bilmedi\\\/#breadcrumb\"},\"inLanguage\":\"az\",\"potentialAction\":[{\"@type\":\"ReadAction\",\"target\":[\"https:\\\/\\\/www.meydan.tv\\\/az\\\/article\\\/lavrov-ermenistani-niye-cosdura-bilmedi\\\/\"]}]},{\"@type\":\"ImageObject\",\"inLanguage\":\"az\",\"@id\":\"https:\\\/\\\/www.meydan.tv\\\/az\\\/article\\\/lavrov-ermenistani-niye-cosdura-bilmedi\\\/#primaryimage\",\"url\":\"https:\\\/\\\/www.meydan.tv\\\/wp-content\\\/uploads\\\/30171.jpg\",\"contentUrl\":\"https:\\\/\\\/www.meydan.tv\\\/wp-content\\\/uploads\\\/30171.jpg\",\"width\":768,\"height\":432,\"caption\":\"Source:\"},{\"@type\":\"BreadcrumbList\",\"@id\":\"https:\\\/\\\/www.meydan.tv\\\/az\\\/article\\\/lavrov-ermenistani-niye-cosdura-bilmedi\\\/#breadcrumb\",\"itemListElement\":[{\"@type\":\"ListItem\",\"position\":1,\"name\":\"Ana s\u0259hif\u0259\",\"item\":\"https:\\\/\\\/www.meydan.tv\\\/az\\\/\"},{\"@type\":\"ListItem\",\"position\":2,\"name\":\"Analitika\",\"item\":\"https:\\\/\\\/www.meydan.tv\\\/az\\\/section\\\/analitika\\\/\"},{\"@type\":\"ListItem\",\"position\":3,\"name\":\"Lavrov Erm\u0259nistan\u0131 niy\u0259 co\u015fdura bilm\u0259di?\"}]},{\"@type\":\"WebSite\",\"@id\":\"https:\\\/\\\/www.meydan.tv\\\/az\\\/#website\",\"url\":\"https:\\\/\\\/www.meydan.tv\\\/az\\\/\",\"name\":\"MEYDAN.TV\",\"description\":\"Meydan TV Az\u0259rbaycan\u0131n media m\u0259kan\u0131ndak\u0131 alternativ s\u0259sidir\",\"publisher\":{\"@id\":\"https:\\\/\\\/www.meydan.tv\\\/az\\\/#organization\"},\"potentialAction\":[{\"@type\":\"SearchAction\",\"target\":{\"@type\":\"EntryPoint\",\"urlTemplate\":\"https:\\\/\\\/www.meydan.tv\\\/az\\\/?s={search_term_string}\"},\"query-input\":{\"@type\":\"PropertyValueSpecification\",\"valueRequired\":true,\"valueName\":\"search_term_string\"}}],\"inLanguage\":\"az\"},{\"@type\":\"Organization\",\"@id\":\"https:\\\/\\\/www.meydan.tv\\\/az\\\/#organization\",\"name\":\"Meydan TV\",\"url\":\"https:\\\/\\\/www.meydan.tv\\\/az\\\/\",\"logo\":{\"@type\":\"ImageObject\",\"inLanguage\":\"az\",\"@id\":\"https:\\\/\\\/www.meydan.tv\\\/az\\\/#\\\/schema\\\/logo\\\/image\\\/\",\"url\":\"https:\\\/\\\/www.meydan.tv\\\/wp-content\\\/uploads\\\/2021\\\/07\\\/meydan-logo.svg\",\"contentUrl\":\"https:\\\/\\\/www.meydan.tv\\\/wp-content\\\/uploads\\\/2021\\\/07\\\/meydan-logo.svg\",\"width\":195,\"height\":46,\"caption\":\"Meydan TV\"},\"image\":{\"@id\":\"https:\\\/\\\/www.meydan.tv\\\/az\\\/#\\\/schema\\\/logo\\\/image\\\/\"}},{\"@type\":\"Person\",\"@id\":\"https:\\\/\\\/www.meydan.tv\\\/az\\\/#\\\/schema\\\/person\\\/10d11eccf6da3662cf5fdab9806ea91a\",\"name\":\"user-manager\"}]}<\/script>\n<!-- \/ Yoast SEO plugin. -->","yoast_head_json":{"title":"Lavrov Erm\u0259nistan\u0131 niy\u0259 co\u015fdura bilm\u0259di? - MEYDAN.TV","robots":{"index":"index","follow":"follow","max-snippet":"max-snippet:-1","max-image-preview":"max-image-preview:large","max-video-preview":"max-video-preview:-1"},"canonical":"https:\/\/www.meydan.tv\/az\/article\/lavrov-ermenistani-niye-cosdura-bilmedi\/","og_locale":"az_AZ","og_type":"article","og_title":"Lavrov Erm\u0259nistan\u0131 niy\u0259 co\u015fdura bilm\u0259di? - MEYDAN.TV","og_description":"''Aprel d\u00f6y\u00fc\u015fl\u0259ri erm\u0259ni c\u0259miyy\u0259tini silk\u0259l\u0259di''","og_url":"https:\/\/www.meydan.tv\/az\/article\/lavrov-ermenistani-niye-cosdura-bilmedi\/","og_site_name":"MEYDAN.TV","article_published_time":"2017-01-18T15:38:49+00:00","og_image":[{"width":768,"height":432,"url":"https:\/\/www.meydan.tv\/wp-content\/uploads\/30171.jpg","type":"image\/jpeg"}],"author":"user-manager","twitter_card":"summary_large_image","schema":{"@context":"https:\/\/schema.org","@graph":[{"@type":"Article","@id":"https:\/\/www.meydan.tv\/az\/article\/lavrov-ermenistani-niye-cosdura-bilmedi\/#article","isPartOf":{"@id":"https:\/\/www.meydan.tv\/az\/article\/lavrov-ermenistani-niye-cosdura-bilmedi\/"},"author":{"name":"user-manager","@id":"https:\/\/www.meydan.tv\/az\/#\/schema\/person\/10d11eccf6da3662cf5fdab9806ea91a"},"headline":"Lavrov Erm\u0259nistan\u0131 niy\u0259 co\u015fdura bilm\u0259di?","datePublished":"2017-01-18T15:38:49+00:00","mainEntityOfPage":{"@id":"https:\/\/www.meydan.tv\/az\/article\/lavrov-ermenistani-niye-cosdura-bilmedi\/"},"wordCount":1443,"publisher":{"@id":"https:\/\/www.meydan.tv\/az\/#organization"},"image":{"@id":"https:\/\/www.meydan.tv\/az\/article\/lavrov-ermenistani-niye-cosdura-bilmedi\/#primaryimage"},"thumbnailUrl":"https:\/\/www.meydan.tv\/wp-content\/uploads\/30171.jpg","articleSection":["Analitika"],"inLanguage":"az"},{"@type":"WebPage","@id":"https:\/\/www.meydan.tv\/az\/article\/lavrov-ermenistani-niye-cosdura-bilmedi\/","url":"https:\/\/www.meydan.tv\/az\/article\/lavrov-ermenistani-niye-cosdura-bilmedi\/","name":"Lavrov Erm\u0259nistan\u0131 niy\u0259 co\u015fdura bilm\u0259di? - MEYDAN.TV","isPartOf":{"@id":"https:\/\/www.meydan.tv\/az\/#website"},"primaryImageOfPage":{"@id":"https:\/\/www.meydan.tv\/az\/article\/lavrov-ermenistani-niye-cosdura-bilmedi\/#primaryimage"},"image":{"@id":"https:\/\/www.meydan.tv\/az\/article\/lavrov-ermenistani-niye-cosdura-bilmedi\/#primaryimage"},"thumbnailUrl":"https:\/\/www.meydan.tv\/wp-content\/uploads\/30171.jpg","datePublished":"2017-01-18T15:38:49+00:00","breadcrumb":{"@id":"https:\/\/www.meydan.tv\/az\/article\/lavrov-ermenistani-niye-cosdura-bilmedi\/#breadcrumb"},"inLanguage":"az","potentialAction":[{"@type":"ReadAction","target":["https:\/\/www.meydan.tv\/az\/article\/lavrov-ermenistani-niye-cosdura-bilmedi\/"]}]},{"@type":"ImageObject","inLanguage":"az","@id":"https:\/\/www.meydan.tv\/az\/article\/lavrov-ermenistani-niye-cosdura-bilmedi\/#primaryimage","url":"https:\/\/www.meydan.tv\/wp-content\/uploads\/30171.jpg","contentUrl":"https:\/\/www.meydan.tv\/wp-content\/uploads\/30171.jpg","width":768,"height":432,"caption":"Source:"},{"@type":"BreadcrumbList","@id":"https:\/\/www.meydan.tv\/az\/article\/lavrov-ermenistani-niye-cosdura-bilmedi\/#breadcrumb","itemListElement":[{"@type":"ListItem","position":1,"name":"Ana s\u0259hif\u0259","item":"https:\/\/www.meydan.tv\/az\/"},{"@type":"ListItem","position":2,"name":"Analitika","item":"https:\/\/www.meydan.tv\/az\/section\/analitika\/"},{"@type":"ListItem","position":3,"name":"Lavrov Erm\u0259nistan\u0131 niy\u0259 co\u015fdura bilm\u0259di?"}]},{"@type":"WebSite","@id":"https:\/\/www.meydan.tv\/az\/#website","url":"https:\/\/www.meydan.tv\/az\/","name":"MEYDAN.TV","description":"Meydan TV Az\u0259rbaycan\u0131n media m\u0259kan\u0131ndak\u0131 alternativ s\u0259sidir","publisher":{"@id":"https:\/\/www.meydan.tv\/az\/#organization"},"potentialAction":[{"@type":"SearchAction","target":{"@type":"EntryPoint","urlTemplate":"https:\/\/www.meydan.tv\/az\/?s={search_term_string}"},"query-input":{"@type":"PropertyValueSpecification","valueRequired":true,"valueName":"search_term_string"}}],"inLanguage":"az"},{"@type":"Organization","@id":"https:\/\/www.meydan.tv\/az\/#organization","name":"Meydan TV","url":"https:\/\/www.meydan.tv\/az\/","logo":{"@type":"ImageObject","inLanguage":"az","@id":"https:\/\/www.meydan.tv\/az\/#\/schema\/logo\/image\/","url":"https:\/\/www.meydan.tv\/wp-content\/uploads\/2021\/07\/meydan-logo.svg","contentUrl":"https:\/\/www.meydan.tv\/wp-content\/uploads\/2021\/07\/meydan-logo.svg","width":195,"height":46,"caption":"Meydan TV"},"image":{"@id":"https:\/\/www.meydan.tv\/az\/#\/schema\/logo\/image\/"}},{"@type":"Person","@id":"https:\/\/www.meydan.tv\/az\/#\/schema\/person\/10d11eccf6da3662cf5fdab9806ea91a","name":"user-manager"}]}},"_links":{"self":[{"href":"https:\/\/www.meydan.tv\/az\/wp-json\/wp\/v2\/posts\/181974","targetHints":{"allow":["GET"]}}],"collection":[{"href":"https:\/\/www.meydan.tv\/az\/wp-json\/wp\/v2\/posts"}],"about":[{"href":"https:\/\/www.meydan.tv\/az\/wp-json\/wp\/v2\/types\/post"}],"author":[{"embeddable":true,"href":"https:\/\/www.meydan.tv\/az\/wp-json\/wp\/v2\/users\/11"}],"replies":[{"embeddable":true,"href":"https:\/\/www.meydan.tv\/az\/wp-json\/wp\/v2\/comments?post=181974"}],"version-history":[{"count":0,"href":"https:\/\/www.meydan.tv\/az\/wp-json\/wp\/v2\/posts\/181974\/revisions"}],"wp:featuredmedia":[{"embeddable":true,"href":"https:\/\/www.meydan.tv\/az\/wp-json\/wp\/v2\/media\/77692"}],"wp:attachment":[{"href":"https:\/\/www.meydan.tv\/az\/wp-json\/wp\/v2\/media?parent=181974"}],"wp:term":[{"taxonomy":"category","embeddable":true,"href":"https:\/\/www.meydan.tv\/az\/wp-json\/wp\/v2\/categories?post=181974"},{"taxonomy":"post_tag","embeddable":true,"href":"https:\/\/www.meydan.tv\/az\/wp-json\/wp\/v2\/tags?post=181974"}],"curies":[{"name":"wp","href":"https:\/\/api.w.org\/{rel}","templated":true}]}}